{"id":31123,"date":"2013-11-04T10:46:30","date_gmt":"2013-11-04T08:46:30","guid":{"rendered":"http:\/\/www.lovendal.ro\/wp52\/?p=31123"},"modified":"2013-11-04T10:46:30","modified_gmt":"2013-11-04T08:46:30","slug":"intr-un-orasel-din-america-se-spune-ca-oamenii-dispar-instantaneu-intr-un-vortex-au-vreo-legatura-extraterestrii-cu-aceste-disparitii-bizare","status":"publish","type":"post","link":"https:\/\/www.lovendal.ro\/wp52\/intr-un-orasel-din-america-se-spune-ca-oamenii-dispar-instantaneu-intr-un-vortex-au-vreo-legatura-extraterestrii-cu-aceste-disparitii-bizare\/","title":{"rendered":"\u00centr-un or\u0103\u015fel din America, se spune c\u0103 oamenii dispar instantaneu \u00eentr-un &#8222;vortex&#8221;&#8230; Au vreo leg\u0103tur\u0103 extratere\u015ftrii cu aceste dispari\u0163ii bizare?"},"content":{"rendered":"<p><a href=\"https:\/\/www.lovendal.ro\/wp52\/wp-content\/uploads\/2013\/11\/vortex-extraterestri-Watertown.jpg\"><img loading=\"lazy\" decoding=\"async\" class=\"alignleft size-full wp-image-31124\" alt=\"vortex extraterestri Watertown\" src=\"https:\/\/www.lovendal.ro\/wp52\/wp-content\/uploads\/2013\/11\/vortex-extraterestri-Watertown.jpg\" width=\"322\" height=\"260\" \/><\/a>Vreme de decenii \u00eentregi, un mic ora\u0219 din New York a fost subiectul unor zvonuri bizare. Localnicii cred c\u0103, dac\u0103 v\u0103 afla\u0163i acolo exact la momentul potrivit, ve\u0163i putea pur \u015fi simplu disp\u0103rea \u00eentr-o anumit\u0103 zon\u0103 din parcul aflat \u00een vecin\u0103tatea ora\u015fului. Watertown e numele a\u015fez\u0103rii \u015fi poate v\u0103 a\u015ftepta\u0163i ca acesta s\u0103 fie ultimul loc unde a\u0163i putea g\u0103si vreun mister ciudat, vreo \u00eent\u00e2mplare supranatural\u0103.<\/p>\n<p>Ciudat e faptul c\u0103 chiar \u015fi oficialit\u0103\u0163ii ora\u0219ului au recunoscut aceast\u0103 anomalie. S\u0103pt\u0103m\u00e2na trecut\u0103 cei de la conducerea prim\u0103riei au instalat un semn de avertizare \u00een zona parcului \u00een care scrie &#8222;Vortex&#8221;. Mai mult de at\u00e2t nici nu puteau face&#8230; ce pl\u0103cu\u0163\u0103 de avertisment ar fi putut scrie? &#8222;\u00cen zona asta, se evapor\u0103 oameni&#8221;?<\/p>\n<p>&nbsp;<\/p>\n<p>Zona era oricum cunoscut\u0103 de mult timp ca o zon\u0103 plin\u0103 de dispari\u0163ii supranaturale. Interesant e faptul c\u0103 \u00een anii 50, celebra &#8222;Zon\u0103 51&#8221; (&#8222;Area 51&#8221; din Nevada &#8211; o baz\u0103 subteran\u0103 ultrasecret\u0103 apar\u0163in\u00e2nd guvernului american) purta numele de cod de &#8222;Watertown&#8221;, ca cel al ora\u015fului misterios, \u015fi asta pentru c\u0103 aici s-ar fi n\u0103scut directorul de atunci al CIA, Allen Dulles.<\/p>\n<p>Localnicii spun c\u0103 anomalia face pe oamenii s\u0103 dispar\u0103 instantaneu, numai c\u0103, de obicei, ei reapar mai t\u00e2rziu. Unii cred c\u0103 e doar o legend\u0103 urban\u0103 distractiv\u0103, \u00een timp ce al\u021bii avertizeaz\u0103 oamenii s\u0103 stea c\u00e2t mai departe de Thompson Park (locul unde ar avea loc misterioasele dispari\u0163ii). Oricum, ceremonia de inaugurare a noului semn a atras o mul\u021bime de oameni. La intrarea \u00een parcul cu pricina st\u0103 scris: &#8222;Zona 51 al lui Watertown&#8230; Thompson Park Vortex&#8221;, iar la mijlocul apare chipul unui extraterestru&#8230; Oare sunt implica\u0163i \u015fi extratere\u015ftrii \u00een aceste dispari\u0163ii bizare?<\/p>\n","protected":false},"excerpt":{"rendered":"<p>Vreme de decenii \u00eentregi, un mic ora\u0219 din New York a fost subiectul unor zvonuri bizare. Localnicii cred c\u0103, dac\u0103 v\u0103 afla\u0163i acolo exact la momentul potrivit, ve\u0163i putea pur \u015fi simplu disp\u0103rea \u00eentr-o anumit\u0103 zon\u0103 din parcul aflat \u00een &#8230; <\/p>\n<p class=\"read-more-container\"><a title=\"\u00centr-un or\u0103\u015fel din America, se spune c\u0103 oamenii dispar instantaneu \u00eentr-un &#8222;vortex&#8221;&#8230; Au vreo leg\u0103tur\u0103 extratere\u015ftrii cu aceste dispari\u0163ii bizare?\" class=\"read-more button\" href=\"https:\/\/www.lovendal.ro\/wp52\/intr-un-orasel-din-america-se-spune-ca-oamenii-dispar-instantaneu-intr-un-vortex-au-vreo-legatura-extraterestrii-cu-aceste-disparitii-bizare\/#more-31123\" aria-label=\"Cite\u0219te mai multe despre \u00centr-un or\u0103\u015fel din America, se spune c\u0103 oamenii dispar instantaneu \u00eentr-un &#8222;vortex&#8221;&#8230; Au vreo leg\u0103tur\u0103 extratere\u015ftrii cu aceste dispari\u0163ii bizare?\">Cititi mai multe<\/a><\/p>\n","protected":false},"author":1,"featured_media":31124,"comment_status":"open","ping_status":"open","sticky":false,"template":"","format":"standard","meta":{"footnotes":""},"categories":[5040,2833],"tags":[6024,9818,53,749,51,525,151,4247,23,6425],"class_list":["post-31123","post","type-post","status-publish","format-standard","has-post-thumbnail","hentry","category-bizar","category-noutati","tag-area-51","tag-bizar","tag-cia","tag-disparitie","tag-extraterestri","tag-new-york","tag-oras","tag-parc","tag-sua","tag-vortex","resize-featured-image"],"yoast_head":"<!-- This site is optimized with the Yoast SEO Premium plugin v23.3 (Yoast SEO v27.4) - https:\/\/yoast.com\/product\/yoast-seo-premium-wordpress\/ -->\n<title>\u00centr-un or\u0103\u015fel din America, se spune c\u0103 oamenii dispar instantaneu \u00eentr-un &quot;vortex&quot;... Au vreo leg\u0103tur\u0103 extratere\u015ftrii cu aceste dispari\u0163ii bizare? - Secretele lui Lovendal<\/title>\n<meta name=\"robots\" content=\"index, follow, max-snippet:-1, max-image-preview:large, max-video-preview:-1\" \/>\n<link rel=\"canonical\" href=\"https:\/\/www.lovendal.ro\/wp52\/intr-un-orasel-din-america-se-spune-ca-oamenii-dispar-instantaneu-intr-un-vortex-au-vreo-legatura-extraterestrii-cu-aceste-disparitii-bizare\/\" \/>\n<meta property=\"og:locale\" content=\"ro_RO\" \/>\n<meta property=\"og:type\" content=\"article\" \/>\n<meta property=\"og:title\" content=\"\u00centr-un or\u0103\u015fel din America, se spune c\u0103 oamenii dispar instantaneu \u00eentr-un &quot;vortex&quot;... Au vreo leg\u0103tur\u0103 extratere\u015ftrii cu aceste dispari\u0163ii bizare?\" \/>\n<meta property=\"og:description\" content=\"Vreme de decenii \u00eentregi, un mic ora\u0219 din New York a fost subiectul unor zvonuri bizare. Localnicii cred c\u0103, dac\u0103 v\u0103 afla\u0163i acolo exact la momentul potrivit, ve\u0163i putea pur \u015fi simplu disp\u0103rea \u00eentr-o anumit\u0103 zon\u0103 din parcul aflat \u00een ... Cititi mai multe\" \/>\n<meta property=\"og:url\" content=\"https:\/\/www.lovendal.ro\/wp52\/intr-un-orasel-din-america-se-spune-ca-oamenii-dispar-instantaneu-intr-un-vortex-au-vreo-legatura-extraterestrii-cu-aceste-disparitii-bizare\/\" \/>\n<meta property=\"og:site_name\" content=\"Secretele lui Lovendal\" \/>\n<meta property=\"article:publisher\" content=\"https:\/\/www.facebook.com\/secreteleluilovendal\" \/>\n<meta property=\"article:published_time\" content=\"2013-11-04T08:46:30+00:00\" \/>\n<meta property=\"og:image\" content=\"https:\/\/www.lovendal.ro\/wp52\/wp-content\/uploads\/2013\/11\/vortex-extraterestri-Watertown.jpg\" \/>\n\t<meta property=\"og:image:width\" content=\"322\" \/>\n\t<meta property=\"og:image:height\" content=\"260\" \/>\n\t<meta property=\"og:image:type\" content=\"image\/jpeg\" \/>\n<meta name=\"author\" content=\"admin\" \/>\n<meta name=\"twitter:card\" content=\"summary_large_image\" \/>\n<meta name=\"twitter:label1\" content=\"Scris de\" \/>\n\t<meta name=\"twitter:data1\" content=\"admin\" \/>\n\t<meta name=\"twitter:label2\" content=\"Timp estimat pentru citire\" \/>\n\t<meta name=\"twitter:data2\" content=\"2 minute\" \/>\n<script type=\"application\/ld+json\" class=\"yoast-schema-graph\">{\"@context\":\"https:\\\/\\\/schema.org\",\"@graph\":[{\"@type\":\"Article\",\"@id\":\"https:\\\/\\\/www.lovendal.ro\\\/wp52\\\/intr-un-orasel-din-america-se-spune-ca-oamenii-dispar-instantaneu-intr-un-vortex-au-vreo-legatura-extraterestrii-cu-aceste-disparitii-bizare\\\/#article\",\"isPartOf\":{\"@id\":\"https:\\\/\\\/www.lovendal.ro\\\/wp52\\\/intr-un-orasel-din-america-se-spune-ca-oamenii-dispar-instantaneu-intr-un-vortex-au-vreo-legatura-extraterestrii-cu-aceste-disparitii-bizare\\\/\"},\"author\":{\"name\":\"admin\",\"@id\":\"https:\\\/\\\/www.lovendal.ro\\\/wp52\\\/#\\\/schema\\\/person\\\/088691de5dfc346bb0c023e1e52ef5d9\"},\"headline\":\"\u00centr-un or\u0103\u015fel din America, se spune c\u0103 oamenii dispar instantaneu \u00eentr-un &#8222;vortex&#8221;&#8230; Au vreo leg\u0103tur\u0103 extratere\u015ftrii cu aceste dispari\u0163ii bizare?\",\"datePublished\":\"2013-11-04T08:46:30+00:00\",\"mainEntityOfPage\":{\"@id\":\"https:\\\/\\\/www.lovendal.ro\\\/wp52\\\/intr-un-orasel-din-america-se-spune-ca-oamenii-dispar-instantaneu-intr-un-vortex-au-vreo-legatura-extraterestrii-cu-aceste-disparitii-bizare\\\/\"},\"wordCount\":329,\"commentCount\":6,\"publisher\":{\"@id\":\"https:\\\/\\\/www.lovendal.ro\\\/wp52\\\/#organization\"},\"image\":{\"@id\":\"https:\\\/\\\/www.lovendal.ro\\\/wp52\\\/intr-un-orasel-din-america-se-spune-ca-oamenii-dispar-instantaneu-intr-un-vortex-au-vreo-legatura-extraterestrii-cu-aceste-disparitii-bizare\\\/#primaryimage\"},\"thumbnailUrl\":\"https:\\\/\\\/www.lovendal.ro\\\/wp52\\\/wp-content\\\/uploads\\\/2013\\\/11\\\/vortex-extraterestri-Watertown.jpg\",\"keywords\":[\"Area 51\",\"Bizar\",\"CIA\",\"dispari\u0163ie\",\"extratere\u015ftri\",\"New York\",\"ora\u015f\",\"parc\",\"SUA\",\"vortex\"],\"articleSection\":[\"Bizar\",\"Noutati\"],\"inLanguage\":\"ro-RO\",\"potentialAction\":[{\"@type\":\"CommentAction\",\"name\":\"Comment\",\"target\":[\"https:\\\/\\\/www.lovendal.ro\\\/wp52\\\/intr-un-orasel-din-america-se-spune-ca-oamenii-dispar-instantaneu-intr-un-vortex-au-vreo-legatura-extraterestrii-cu-aceste-disparitii-bizare\\\/#respond\"]}]},{\"@type\":\"WebPage\",\"@id\":\"https:\\\/\\\/www.lovendal.ro\\\/wp52\\\/intr-un-orasel-din-america-se-spune-ca-oamenii-dispar-instantaneu-intr-un-vortex-au-vreo-legatura-extraterestrii-cu-aceste-disparitii-bizare\\\/\",\"url\":\"https:\\\/\\\/www.lovendal.ro\\\/wp52\\\/intr-un-orasel-din-america-se-spune-ca-oamenii-dispar-instantaneu-intr-un-vortex-au-vreo-legatura-extraterestrii-cu-aceste-disparitii-bizare\\\/\",\"name\":\"\u00centr-un or\u0103\u015fel din America, se spune c\u0103 oamenii dispar instantaneu \u00eentr-un \\\"vortex\\\"... Au vreo leg\u0103tur\u0103 extratere\u015ftrii cu aceste dispari\u0163ii bizare? - Secretele lui Lovendal\",\"isPartOf\":{\"@id\":\"https:\\\/\\\/www.lovendal.ro\\\/wp52\\\/#website\"},\"primaryImageOfPage\":{\"@id\":\"https:\\\/\\\/www.lovendal.ro\\\/wp52\\\/intr-un-orasel-din-america-se-spune-ca-oamenii-dispar-instantaneu-intr-un-vortex-au-vreo-legatura-extraterestrii-cu-aceste-disparitii-bizare\\\/#primaryimage\"},\"image\":{\"@id\":\"https:\\\/\\\/www.lovendal.ro\\\/wp52\\\/intr-un-orasel-din-america-se-spune-ca-oamenii-dispar-instantaneu-intr-un-vortex-au-vreo-legatura-extraterestrii-cu-aceste-disparitii-bizare\\\/#primaryimage\"},\"thumbnailUrl\":\"https:\\\/\\\/www.lovendal.ro\\\/wp52\\\/wp-content\\\/uploads\\\/2013\\\/11\\\/vortex-extraterestri-Watertown.jpg\",\"datePublished\":\"2013-11-04T08:46:30+00:00\",\"breadcrumb\":{\"@id\":\"https:\\\/\\\/www.lovendal.ro\\\/wp52\\\/intr-un-orasel-din-america-se-spune-ca-oamenii-dispar-instantaneu-intr-un-vortex-au-vreo-legatura-extraterestrii-cu-aceste-disparitii-bizare\\\/#breadcrumb\"},\"inLanguage\":\"ro-RO\",\"potentialAction\":[{\"@type\":\"ReadAction\",\"target\":[\"https:\\\/\\\/www.lovendal.ro\\\/wp52\\\/intr-un-orasel-din-america-se-spune-ca-oamenii-dispar-instantaneu-intr-un-vortex-au-vreo-legatura-extraterestrii-cu-aceste-disparitii-bizare\\\/\"]}]},{\"@type\":\"ImageObject\",\"inLanguage\":\"ro-RO\",\"@id\":\"https:\\\/\\\/www.lovendal.ro\\\/wp52\\\/intr-un-orasel-din-america-se-spune-ca-oamenii-dispar-instantaneu-intr-un-vortex-au-vreo-legatura-extraterestrii-cu-aceste-disparitii-bizare\\\/#primaryimage\",\"url\":\"https:\\\/\\\/www.lovendal.ro\\\/wp52\\\/wp-content\\\/uploads\\\/2013\\\/11\\\/vortex-extraterestri-Watertown.jpg\",\"contentUrl\":\"https:\\\/\\\/www.lovendal.ro\\\/wp52\\\/wp-content\\\/uploads\\\/2013\\\/11\\\/vortex-extraterestri-Watertown.jpg\",\"width\":322,\"height\":260},{\"@type\":\"BreadcrumbList\",\"@id\":\"https:\\\/\\\/www.lovendal.ro\\\/wp52\\\/intr-un-orasel-din-america-se-spune-ca-oamenii-dispar-instantaneu-intr-un-vortex-au-vreo-legatura-extraterestrii-cu-aceste-disparitii-bizare\\\/#breadcrumb\",\"itemListElement\":[{\"@type\":\"ListItem\",\"position\":1,\"name\":\"Home\",\"item\":\"https:\\\/\\\/www.lovendal.ro\\\/wp52\\\/\"},{\"@type\":\"ListItem\",\"position\":2,\"name\":\"\u00centr-un or\u0103\u015fel din America, se spune c\u0103 oamenii dispar instantaneu \u00eentr-un &#8222;vortex&#8221;&#8230; Au vreo leg\u0103tur\u0103 extratere\u015ftrii cu aceste dispari\u0163ii bizare?\"}]},{\"@type\":\"WebSite\",\"@id\":\"https:\\\/\\\/www.lovendal.ro\\\/wp52\\\/#website\",\"url\":\"https:\\\/\\\/www.lovendal.ro\\\/wp52\\\/\",\"name\":\"Secretele lui Lovendal\",\"description\":\"Site de secrete, stiinta si metafizica - din 2008 -\",\"publisher\":{\"@id\":\"https:\\\/\\\/www.lovendal.ro\\\/wp52\\\/#organization\"},\"potentialAction\":[{\"@type\":\"SearchAction\",\"target\":{\"@type\":\"EntryPoint\",\"urlTemplate\":\"https:\\\/\\\/www.lovendal.ro\\\/wp52\\\/?s={search_term_string}\"},\"query-input\":{\"@type\":\"PropertyValueSpecification\",\"valueRequired\":true,\"valueName\":\"search_term_string\"}}],\"inLanguage\":\"ro-RO\"},{\"@type\":\"Organization\",\"@id\":\"https:\\\/\\\/www.lovendal.ro\\\/wp52\\\/#organization\",\"name\":\"Secretele lui Lovendal\",\"url\":\"https:\\\/\\\/www.lovendal.ro\\\/wp52\\\/\",\"logo\":{\"@type\":\"ImageObject\",\"inLanguage\":\"ro-RO\",\"@id\":\"https:\\\/\\\/www.lovendal.ro\\\/wp52\\\/#\\\/schema\\\/logo\\\/image\\\/\",\"url\":\"https:\\\/\\\/www.lovendal.ro\\\/wp52\\\/wp-content\\\/uploads\\\/2024\\\/06\\\/cropped-SLL-iun-2024-1.jpg\",\"contentUrl\":\"https:\\\/\\\/www.lovendal.ro\\\/wp52\\\/wp-content\\\/uploads\\\/2024\\\/06\\\/cropped-SLL-iun-2024-1.jpg\",\"width\":771,\"height\":240,\"caption\":\"Secretele lui Lovendal\"},\"image\":{\"@id\":\"https:\\\/\\\/www.lovendal.ro\\\/wp52\\\/#\\\/schema\\\/logo\\\/image\\\/\"},\"sameAs\":[\"https:\\\/\\\/www.facebook.com\\\/secreteleluilovendal\"]},{\"@type\":\"Person\",\"@id\":\"https:\\\/\\\/www.lovendal.ro\\\/wp52\\\/#\\\/schema\\\/person\\\/088691de5dfc346bb0c023e1e52ef5d9\",\"name\":\"admin\",\"image\":{\"@type\":\"ImageObject\",\"inLanguage\":\"ro-RO\",\"@id\":\"https:\\\/\\\/secure.gravatar.com\\\/avatar\\\/ecb9cd41f5f63c9c9b989999a59f6e2639a865ec361e9db054db0679a8f341c2?s=96&d=mm&r=g\",\"url\":\"https:\\\/\\\/secure.gravatar.com\\\/avatar\\\/ecb9cd41f5f63c9c9b989999a59f6e2639a865ec361e9db054db0679a8f341c2?s=96&d=mm&r=g\",\"contentUrl\":\"https:\\\/\\\/secure.gravatar.com\\\/avatar\\\/ecb9cd41f5f63c9c9b989999a59f6e2639a865ec361e9db054db0679a8f341c2?s=96&d=mm&r=g\",\"caption\":\"admin\"},\"sameAs\":[\"https:\\\/\\\/www.lovendal.ro\\\/wp52\"]}]}<\/script>\n<!-- \/ Yoast SEO Premium plugin. -->","yoast_head_json":{"title":"\u00centr-un or\u0103\u015fel din America, se spune c\u0103 oamenii dispar instantaneu \u00eentr-un \"vortex\"... Au vreo leg\u0103tur\u0103 extratere\u015ftrii cu aceste dispari\u0163ii bizare? - Secretele lui Lovendal","robots":{"index":"index","follow":"follow","max-snippet":"max-snippet:-1","max-image-preview":"max-image-preview:large","max-video-preview":"max-video-preview:-1"},"canonical":"https:\/\/www.lovendal.ro\/wp52\/intr-un-orasel-din-america-se-spune-ca-oamenii-dispar-instantaneu-intr-un-vortex-au-vreo-legatura-extraterestrii-cu-aceste-disparitii-bizare\/","og_locale":"ro_RO","og_type":"article","og_title":"\u00centr-un or\u0103\u015fel din America, se spune c\u0103 oamenii dispar instantaneu \u00eentr-un \"vortex\"... Au vreo leg\u0103tur\u0103 extratere\u015ftrii cu aceste dispari\u0163ii bizare?","og_description":"Vreme de decenii \u00eentregi, un mic ora\u0219 din New York a fost subiectul unor zvonuri bizare. Localnicii cred c\u0103, dac\u0103 v\u0103 afla\u0163i acolo exact la momentul potrivit, ve\u0163i putea pur \u015fi simplu disp\u0103rea \u00eentr-o anumit\u0103 zon\u0103 din parcul aflat \u00een ... Cititi mai multe","og_url":"https:\/\/www.lovendal.ro\/wp52\/intr-un-orasel-din-america-se-spune-ca-oamenii-dispar-instantaneu-intr-un-vortex-au-vreo-legatura-extraterestrii-cu-aceste-disparitii-bizare\/","og_site_name":"Secretele lui Lovendal","article_publisher":"https:\/\/www.facebook.com\/secreteleluilovendal","article_published_time":"2013-11-04T08:46:30+00:00","og_image":[{"width":322,"height":260,"url":"https:\/\/www.lovendal.ro\/wp52\/wp-content\/uploads\/2013\/11\/vortex-extraterestri-Watertown.jpg","type":"image\/jpeg"}],"author":"admin","twitter_card":"summary_large_image","twitter_misc":{"Scris de":"admin","Timp estimat pentru citire":"2 minute"},"schema":{"@context":"https:\/\/schema.org","@graph":[{"@type":"Article","@id":"https:\/\/www.lovendal.ro\/wp52\/intr-un-orasel-din-america-se-spune-ca-oamenii-dispar-instantaneu-intr-un-vortex-au-vreo-legatura-extraterestrii-cu-aceste-disparitii-bizare\/#article","isPartOf":{"@id":"https:\/\/www.lovendal.ro\/wp52\/intr-un-orasel-din-america-se-spune-ca-oamenii-dispar-instantaneu-intr-un-vortex-au-vreo-legatura-extraterestrii-cu-aceste-disparitii-bizare\/"},"author":{"name":"admin","@id":"https:\/\/www.lovendal.ro\/wp52\/#\/schema\/person\/088691de5dfc346bb0c023e1e52ef5d9"},"headline":"\u00centr-un or\u0103\u015fel din America, se spune c\u0103 oamenii dispar instantaneu \u00eentr-un &#8222;vortex&#8221;&#8230; Au vreo leg\u0103tur\u0103 extratere\u015ftrii cu aceste dispari\u0163ii bizare?","datePublished":"2013-11-04T08:46:30+00:00","mainEntityOfPage":{"@id":"https:\/\/www.lovendal.ro\/wp52\/intr-un-orasel-din-america-se-spune-ca-oamenii-dispar-instantaneu-intr-un-vortex-au-vreo-legatura-extraterestrii-cu-aceste-disparitii-bizare\/"},"wordCount":329,"commentCount":6,"publisher":{"@id":"https:\/\/www.lovendal.ro\/wp52\/#organization"},"image":{"@id":"https:\/\/www.lovendal.ro\/wp52\/intr-un-orasel-din-america-se-spune-ca-oamenii-dispar-instantaneu-intr-un-vortex-au-vreo-legatura-extraterestrii-cu-aceste-disparitii-bizare\/#primaryimage"},"thumbnailUrl":"https:\/\/www.lovendal.ro\/wp52\/wp-content\/uploads\/2013\/11\/vortex-extraterestri-Watertown.jpg","keywords":["Area 51","Bizar","CIA","dispari\u0163ie","extratere\u015ftri","New York","ora\u015f","parc","SUA","vortex"],"articleSection":["Bizar","Noutati"],"inLanguage":"ro-RO","potentialAction":[{"@type":"CommentAction","name":"Comment","target":["https:\/\/www.lovendal.ro\/wp52\/intr-un-orasel-din-america-se-spune-ca-oamenii-dispar-instantaneu-intr-un-vortex-au-vreo-legatura-extraterestrii-cu-aceste-disparitii-bizare\/#respond"]}]},{"@type":"WebPage","@id":"https:\/\/www.lovendal.ro\/wp52\/intr-un-orasel-din-america-se-spune-ca-oamenii-dispar-instantaneu-intr-un-vortex-au-vreo-legatura-extraterestrii-cu-aceste-disparitii-bizare\/","url":"https:\/\/www.lovendal.ro\/wp52\/intr-un-orasel-din-america-se-spune-ca-oamenii-dispar-instantaneu-intr-un-vortex-au-vreo-legatura-extraterestrii-cu-aceste-disparitii-bizare\/","name":"\u00centr-un or\u0103\u015fel din America, se spune c\u0103 oamenii dispar instantaneu \u00eentr-un \"vortex\"... Au vreo leg\u0103tur\u0103 extratere\u015ftrii cu aceste dispari\u0163ii bizare? - Secretele lui Lovendal","isPartOf":{"@id":"https:\/\/www.lovendal.ro\/wp52\/#website"},"primaryImageOfPage":{"@id":"https:\/\/www.lovendal.ro\/wp52\/intr-un-orasel-din-america-se-spune-ca-oamenii-dispar-instantaneu-intr-un-vortex-au-vreo-legatura-extraterestrii-cu-aceste-disparitii-bizare\/#primaryimage"},"image":{"@id":"https:\/\/www.lovendal.ro\/wp52\/intr-un-orasel-din-america-se-spune-ca-oamenii-dispar-instantaneu-intr-un-vortex-au-vreo-legatura-extraterestrii-cu-aceste-disparitii-bizare\/#primaryimage"},"thumbnailUrl":"https:\/\/www.lovendal.ro\/wp52\/wp-content\/uploads\/2013\/11\/vortex-extraterestri-Watertown.jpg","datePublished":"2013-11-04T08:46:30+00:00","breadcrumb":{"@id":"https:\/\/www.lovendal.ro\/wp52\/intr-un-orasel-din-america-se-spune-ca-oamenii-dispar-instantaneu-intr-un-vortex-au-vreo-legatura-extraterestrii-cu-aceste-disparitii-bizare\/#breadcrumb"},"inLanguage":"ro-RO","potentialAction":[{"@type":"ReadAction","target":["https:\/\/www.lovendal.ro\/wp52\/intr-un-orasel-din-america-se-spune-ca-oamenii-dispar-instantaneu-intr-un-vortex-au-vreo-legatura-extraterestrii-cu-aceste-disparitii-bizare\/"]}]},{"@type":"ImageObject","inLanguage":"ro-RO","@id":"https:\/\/www.lovendal.ro\/wp52\/intr-un-orasel-din-america-se-spune-ca-oamenii-dispar-instantaneu-intr-un-vortex-au-vreo-legatura-extraterestrii-cu-aceste-disparitii-bizare\/#primaryimage","url":"https:\/\/www.lovendal.ro\/wp52\/wp-content\/uploads\/2013\/11\/vortex-extraterestri-Watertown.jpg","contentUrl":"https:\/\/www.lovendal.ro\/wp52\/wp-content\/uploads\/2013\/11\/vortex-extraterestri-Watertown.jpg","width":322,"height":260},{"@type":"BreadcrumbList","@id":"https:\/\/www.lovendal.ro\/wp52\/intr-un-orasel-din-america-se-spune-ca-oamenii-dispar-instantaneu-intr-un-vortex-au-vreo-legatura-extraterestrii-cu-aceste-disparitii-bizare\/#breadcrumb","itemListElement":[{"@type":"ListItem","position":1,"name":"Home","item":"https:\/\/www.lovendal.ro\/wp52\/"},{"@type":"ListItem","position":2,"name":"\u00centr-un or\u0103\u015fel din America, se spune c\u0103 oamenii dispar instantaneu \u00eentr-un &#8222;vortex&#8221;&#8230; Au vreo leg\u0103tur\u0103 extratere\u015ftrii cu aceste dispari\u0163ii bizare?"}]},{"@type":"WebSite","@id":"https:\/\/www.lovendal.ro\/wp52\/#website","url":"https:\/\/www.lovendal.ro\/wp52\/","name":"Secretele lui Lovendal","description":"Site de secrete, stiinta si metafizica - din 2008 -","publisher":{"@id":"https:\/\/www.lovendal.ro\/wp52\/#organization"},"potentialAction":[{"@type":"SearchAction","target":{"@type":"EntryPoint","urlTemplate":"https:\/\/www.lovendal.ro\/wp52\/?s={search_term_string}"},"query-input":{"@type":"PropertyValueSpecification","valueRequired":true,"valueName":"search_term_string"}}],"inLanguage":"ro-RO"},{"@type":"Organization","@id":"https:\/\/www.lovendal.ro\/wp52\/#organization","name":"Secretele lui Lovendal","url":"https:\/\/www.lovendal.ro\/wp52\/","logo":{"@type":"ImageObject","inLanguage":"ro-RO","@id":"https:\/\/www.lovendal.ro\/wp52\/#\/schema\/logo\/image\/","url":"https:\/\/www.lovendal.ro\/wp52\/wp-content\/uploads\/2024\/06\/cropped-SLL-iun-2024-1.jpg","contentUrl":"https:\/\/www.lovendal.ro\/wp52\/wp-content\/uploads\/2024\/06\/cropped-SLL-iun-2024-1.jpg","width":771,"height":240,"caption":"Secretele lui Lovendal"},"image":{"@id":"https:\/\/www.lovendal.ro\/wp52\/#\/schema\/logo\/image\/"},"sameAs":["https:\/\/www.facebook.com\/secreteleluilovendal"]},{"@type":"Person","@id":"https:\/\/www.lovendal.ro\/wp52\/#\/schema\/person\/088691de5dfc346bb0c023e1e52ef5d9","name":"admin","image":{"@type":"ImageObject","inLanguage":"ro-RO","@id":"https:\/\/secure.gravatar.com\/avatar\/ecb9cd41f5f63c9c9b989999a59f6e2639a865ec361e9db054db0679a8f341c2?s=96&d=mm&r=g","url":"https:\/\/secure.gravatar.com\/avatar\/ecb9cd41f5f63c9c9b989999a59f6e2639a865ec361e9db054db0679a8f341c2?s=96&d=mm&r=g","contentUrl":"https:\/\/secure.gravatar.com\/avatar\/ecb9cd41f5f63c9c9b989999a59f6e2639a865ec361e9db054db0679a8f341c2?s=96&d=mm&r=g","caption":"admin"},"sameAs":["https:\/\/www.lovendal.ro\/wp52"]}]}},"_links":{"self":[{"href":"https:\/\/www.lovendal.ro\/wp52\/wp-json\/wp\/v2\/posts\/31123","targetHints":{"allow":["GET"]}}],"collection":[{"href":"https:\/\/www.lovendal.ro\/wp52\/wp-json\/wp\/v2\/posts"}],"about":[{"href":"https:\/\/www.lovendal.ro\/wp52\/wp-json\/wp\/v2\/types\/post"}],"author":[{"embeddable":true,"href":"https:\/\/www.lovendal.ro\/wp52\/wp-json\/wp\/v2\/users\/1"}],"replies":[{"embeddable":true,"href":"https:\/\/www.lovendal.ro\/wp52\/wp-json\/wp\/v2\/comments?post=31123"}],"version-history":[{"count":0,"href":"https:\/\/www.lovendal.ro\/wp52\/wp-json\/wp\/v2\/posts\/31123\/revisions"}],"wp:featuredmedia":[{"embeddable":true,"href":"https:\/\/www.lovendal.ro\/wp52\/wp-json\/wp\/v2\/media\/31124"}],"wp:attachment":[{"href":"https:\/\/www.lovendal.ro\/wp52\/wp-json\/wp\/v2\/media?parent=31123"}],"wp:term":[{"taxonomy":"category","embeddable":true,"href":"https:\/\/www.lovendal.ro\/wp52\/wp-json\/wp\/v2\/categories?post=31123"},{"taxonomy":"post_tag","embeddable":true,"href":"https:\/\/www.lovendal.ro\/wp52\/wp-json\/wp\/v2\/tags?post=31123"}],"curies":[{"name":"wp","href":"https:\/\/api.w.org\/{rel}","templated":true}]}}