{"id":31084,"date":"2013-11-01T00:19:47","date_gmt":"2013-10-31T22:19:47","guid":{"rendered":"http:\/\/www.lovendal.ro\/wp52\/?p=31084"},"modified":"2013-11-01T00:19:47","modified_gmt":"2013-10-31T22:19:47","slug":"un-fost-membru-iezuit-al-serviciului-de-informatii-al-vaticanului-spune-ca-de-60-de-ani-biserica-catolica-si-papa-lucreaza-cu-o-rasa-de-extraterestri-nordici-care-au-devenit-crestini-incredibil","status":"publish","type":"post","link":"https:\/\/www.lovendal.ro\/wp52\/un-fost-membru-iezuit-al-serviciului-de-informatii-al-vaticanului-spune-ca-de-60-de-ani-biserica-catolica-si-papa-lucreaza-cu-o-rasa-de-extraterestri-nordici-care-au-devenit-crestini-incredibil\/","title":{"rendered":"Un fost membru iezuit al Serviciului de Informa\u0163ii al Vaticanului spune c\u0103 de 60 de ani Biserica Catolic\u0103 \u015fi papa lucreaz\u0103 cu o ras\u0103 de &#8222;extratere\u015ftri nordici&#8221;, care au devenit cre\u015ftini! Incredibil!"},"content":{"rendered":"<p><a href=\"https:\/\/www.lovendal.ro\/wp52\/wp-content\/uploads\/2013\/11\/papa-si-extraterestru.jpg\"><img loading=\"lazy\" decoding=\"async\" class=\"alignleft size-full wp-image-31085\" alt=\"papa si extraterestru\" src=\"https:\/\/www.lovendal.ro\/wp52\/wp-content\/uploads\/2013\/11\/papa-si-extraterestru.jpg\" width=\"332\" height=\"215\" \/><\/a>\u00cen iulie 2013, scriam acest articol &#8222;<a href=\"https:\/\/www.lovendal.ro\/wp52\/un-iezuit-se-destainuie-vaticanul-are-in-locatia-haarp-din-alaska-un-radiotelescop-secret-cu-ajutorul-sau-s-a-descoperit-o-planeta-gigantica-pe-care-se-afla-o-rasa-extraterestra-razboinica\/\" target=\"_blank\"><strong>Un iezuit se dest\u0103inuie: Vaticanul are \u00een loca\u0163ia HAARP din Alaska un radiotelescop secret! Cu ajutorul s\u0103u, s-a descoperit o planet\u0103 gigantic\u0103, pe care se afl\u0103 o ras\u0103 extraterestr\u0103 r\u0103zboinic\u0103!<\/strong><\/a>&#8222;, \u00een care era vorba despre interviul dat de un iezuit, fost membru al Serviciului de Informa\u0163ii al Vaticanului; acesta dezv\u0103luia faptul c\u0103 Vaticanul ar fi descoperit cu ajutorul unui telescop din Alaska prezen\u0163a unei planete gigantice pe care s-ar afla o ras\u0103 r\u0103zboinic\u0103 de extratere\u015ftri.<\/p>\n<p>Ast\u0103zi, v\u0103 voi prezenta alte fragmente din acel interviu exploziv acordat de iezuit:<\/p>\n<p><strong>Reporter:<\/strong> Cum a\u0163i devenit membru al Serviciului de Informa\u0163ii al Vaticanului (Servizio Informazioni del Vaticano &#8211; S.I.V.)?<\/p>\n<p><strong>Iezuit:<\/strong> S.I.V. este compus din diferite elemente, toate fiind conectate Bisericii. El este alc\u0103tuit din Directorat, din preo\u0163i (marea majoritate fiind iezui\u0163i). \u00cen total sunt circa 100 de membri. S.I.V. \u00ee\u015fi ia informa\u0163iile de la diferite zone \u015fi institu\u0163ii, toate fiind legate de Biseric\u0103 (asocia\u0163ii umanitare, grupuri politice apropiate de Sf.Scaun, etc.).<\/p>\n<p><strong>Reporter:<\/strong> Cum a fost creat S.I.V. \u015fi de c\u00e2t timp este activ?<\/p>\n<p><strong>Iezuit:<\/strong> Structura este top-secret, dar v\u0103 pot spune c\u0103 ea este organizat\u0103 \u00een maniera altor servicii secrete, ca KGB, CIA sau MI-6. Nu are un sediu oficial, iar loca\u0163ia pentru reuniuni este schimbat\u0103 tot timpul. Din punct de vedere cronologic, sc\u00e2nteia care a creat aceast\u0103 organiza\u0163ie a fost un eveniment ce a avut loc \u00een SUA \u00een februarie 1954. Acesta s-a \u00eent\u00e2mplat la Baza Aerian\u0103 Edwards din California, acolo unde o delega\u0163ie de extratere\u015ftri s-a \u00eent\u00e2lnit cu pre\u015fedintele american de atunci, Dwight D. Eisenhower; atunci a participat \u015fi episcopul catolic de Los Angeles, James Francis McIntyre.<\/p>\n<p>\u00cent\u00e2lnirea a fost filmat\u0103 de militari, cu 3 camere de filmat de 16 mm, plasate \u00een trei pozi\u0163ii diferite; \u015fi asta pentru c\u0103 fiecare operator de filmat trebuia s\u0103 schimbe filmul la fiecare 3 minute (\u00eentruc\u00e2t motorul electric al camerelor nu func\u0163iona \u00een prezen\u0163a extratere\u015ftrilor). \u00cen total, s-au realizat 20 de minute de film, \u00een 7 role de film, fiecare din ele av\u00e2nd 30 de metri lungime. La sf\u00e2r\u015fitul \u00eent\u00e2lnirii, fiecare membru al delega\u0163iei p\u0103m\u00e2ntene a ajurat c\u0103 ceea ce a v\u0103zut acolo nu va fi dezv\u0103luit nim\u0103nui. Nu m\u0103 \u00eentreba\u0163i despre film, pentru c\u0103 cred c\u0103 \u015fti\u0163i deja r\u0103spunsul.<\/p>\n<p>Oricum, c\u00e2teva zile mai t\u00e2rziu, episcopul McIntyre, probabil dezam\u0103git c\u0103 a trebuit s\u0103 jure pentru a p\u0103stra secretul, a plecat s\u0103 se \u00eent\u00e2lneasc\u0103 cu papa Pius al XII-lea, pentru a-i dezv\u0103lui evenimentul incredibil. Papa, dup\u0103 ce a primit aceste informa\u0163ii incredibile, a hot\u0103r\u00e2t s\u0103 creeze un departament de informa\u0163ii secrete, cu o structur\u0103 similar\u0103 serviciilor secrete militare, ce avea ca scop adunarea tuturor informa\u0163iilor despre extratere\u015ftrii care s-au \u00eent\u00e2lnit cu pre\u015fedintele american.<\/p>\n<p><strong>Reporter:<\/strong> Un preot catolic, Padre Pio, vorbea despre existen\u0163a altor creaturi ce se afl\u0103 \u00een alte lumi \u015fi care au ob\u0163inut un statut evolutiv mai \u00eenalt, pentru c\u0103 erau f\u0103r\u0103 p\u0103cat. E adev\u0103rat?<\/p>\n<p><strong>Iezuit<\/strong>: F\u0103r\u0103 \u00eendoial\u0103, dar aceste fiin\u0163e la care v\u0103 referi\u0163i tr\u0103iesc \u00eentr-un alt plan dimensional, nefiind \u00eengeri \u00een adev\u0103ratul sens al cuv\u00e2ntului. S.I.V.-ul a fost la un moment dat contactat de alt\u0103 specie de extratere\u015ftri, de origine nordic\u0103, cu inten\u0163ii benefice, care ne-au avertizat s\u0103 nu avem \u00eencredere \u00een rasa extraterestr\u0103 cu care s-a \u00eent\u00e2lnit pre\u015fedintele american. Ace\u015fti &#8222;extratere\u015ftri nordici&#8221; sunt mai evolua\u0163i din punct de vedere tehnologic \u015fi spiritual. Ei ne-au dest\u0103inuit c\u0103 au g\u0103sit \u00een Biserica Catolic\u0103, mai precis \u00een mesajul lui Hristos, prezen\u0163a pur\u0103 a lui Dumnezeu \u015fi s-au oferit s\u0103 coopereze cu noi pentru binele umanit\u0103\u0163ii. Acest lucru l-a convins pe papa Pius al XII-lea s\u0103 colaboreze cu &#8222;extratere\u015ftrii nordici&#8221;, pe care \u00eei considera ca fiind converti\u0163i \u00een mod autentic la religia cre\u015ftin\u0103. Papa \u015fi-a dat seama c\u0103 Biserica trebuie s\u0103 comunice mesajul ei \u015fi c\u0103tre alte fiin\u0163e din alte lumi. \u00cen plus, ace\u015fti extratere\u015ftri erau hot\u0103r\u00ee\u0163i s\u0103 asiste Biserica din Roma \u00een toate misiunile sale sociale \u015fi politice interna\u0163ionale.<\/p>\n<p>P.S. Uau! Incredibil! De aici eu deduc c\u0103 toate mesajele transmise de Biserica Catolic\u0103 \u00eentregii lumi pe diverse teme sunt influen\u0163ate \u015fi de aceast\u0103 ras\u0103 de extratere\u015ftri, mai evoluat\u0103 spiritual \u015fi tehnologic dec\u00e2t noi&#8230;<\/p>\n","protected":false},"excerpt":{"rendered":"<p>\u00cen iulie 2013, scriam acest articol &#8222;Un iezuit se dest\u0103inuie: Vaticanul are \u00een loca\u0163ia HAARP din Alaska un radiotelescop secret! Cu ajutorul s\u0103u, s-a descoperit o planet\u0103 gigantic\u0103, pe care se afl\u0103 o ras\u0103 extraterestr\u0103 r\u0103zboinic\u0103!&#8222;, \u00een care era vorba &#8230; <\/p>\n<p class=\"read-more-container\"><a title=\"Un fost membru iezuit al Serviciului de Informa\u0163ii al Vaticanului spune c\u0103 de 60 de ani Biserica Catolic\u0103 \u015fi papa lucreaz\u0103 cu o ras\u0103 de &#8222;extratere\u015ftri nordici&#8221;, care au devenit cre\u015ftini! Incredibil!\" class=\"read-more button\" href=\"https:\/\/www.lovendal.ro\/wp52\/un-fost-membru-iezuit-al-serviciului-de-informatii-al-vaticanului-spune-ca-de-60-de-ani-biserica-catolica-si-papa-lucreaza-cu-o-rasa-de-extraterestri-nordici-care-au-devenit-crestini-incredibil\/#more-31084\" aria-label=\"Cite\u0219te mai multe despre Un fost membru iezuit al Serviciului de Informa\u0163ii al Vaticanului spune c\u0103 de 60 de ani Biserica Catolic\u0103 \u015fi papa lucreaz\u0103 cu o ras\u0103 de &#8222;extratere\u015ftri nordici&#8221;, care au devenit cre\u015ftini! Incredibil!\">Cititi mai multe<\/a><\/p>\n","protected":false},"author":1,"featured_media":31085,"comment_status":"open","ping_status":"open","sticky":false,"template":"","format":"standard","meta":{"footnotes":""},"categories":[2833,14],"tags":[2491,1415,1393,53,211,323,6976,2112,51,7128,751,251,4590,97,9796,4619,732,275,190,943,23,434,339],"class_list":["post-31084","post","type-post","status-publish","format-standard","has-post-thumbnail","hentry","category-noutati","category-paranormal-spiritualitate","tag-alaska","tag-biserica-catolica","tag-california","tag-cia","tag-crestinism","tag-dumnezeu","tag-einsehower","tag-episcop","tag-extraterestri","tag-iezuit","tag-ingeri","tag-kgb","tag-mi-6","tag-papa","tag-paranormal-spiritualitate","tag-pius-al-xii-lea","tag-planeta","tag-preoti","tag-presedinte","tag-servicii-secrete","tag-sua","tag-telescop","tag-vatican","resize-featured-image"],"yoast_head":"<!-- This site is optimized with the Yoast SEO Premium plugin v23.3 (Yoast SEO v27.4) - https:\/\/yoast.com\/product\/yoast-seo-premium-wordpress\/ -->\n<title>Un fost membru iezuit al Serviciului de Informa\u0163ii al Vaticanului spune c\u0103 de 60 de ani Biserica Catolic\u0103 \u015fi papa lucreaz\u0103 cu o ras\u0103 de &quot;extratere\u015ftri nordici&quot;, care au devenit cre\u015ftini! Incredibil! - Secretele lui Lovendal<\/title>\n<meta name=\"robots\" content=\"index, follow, max-snippet:-1, max-image-preview:large, max-video-preview:-1\" \/>\n<link rel=\"canonical\" href=\"https:\/\/www.lovendal.ro\/wp52\/un-fost-membru-iezuit-al-serviciului-de-informatii-al-vaticanului-spune-ca-de-60-de-ani-biserica-catolica-si-papa-lucreaza-cu-o-rasa-de-extraterestri-nordici-care-au-devenit-crestini-incredibil\/\" \/>\n<meta property=\"og:locale\" content=\"ro_RO\" \/>\n<meta property=\"og:type\" content=\"article\" \/>\n<meta property=\"og:title\" content=\"Un fost membru iezuit al Serviciului de Informa\u0163ii al Vaticanului spune c\u0103 de 60 de ani Biserica Catolic\u0103 \u015fi papa lucreaz\u0103 cu o ras\u0103 de &quot;extratere\u015ftri nordici&quot;, care au devenit cre\u015ftini! Incredibil!\" \/>\n<meta property=\"og:description\" content=\"\u00cen iulie 2013, scriam acest articol &#8222;Un iezuit se dest\u0103inuie: Vaticanul are \u00een loca\u0163ia HAARP din Alaska un radiotelescop secret! Cu ajutorul s\u0103u, s-a descoperit o planet\u0103 gigantic\u0103, pe care se afl\u0103 o ras\u0103 extraterestr\u0103 r\u0103zboinic\u0103!&#8222;, \u00een care era vorba ... Cititi mai multe\" \/>\n<meta property=\"og:url\" content=\"https:\/\/www.lovendal.ro\/wp52\/un-fost-membru-iezuit-al-serviciului-de-informatii-al-vaticanului-spune-ca-de-60-de-ani-biserica-catolica-si-papa-lucreaza-cu-o-rasa-de-extraterestri-nordici-care-au-devenit-crestini-incredibil\/\" \/>\n<meta property=\"og:site_name\" content=\"Secretele lui Lovendal\" \/>\n<meta property=\"article:publisher\" content=\"https:\/\/www.facebook.com\/secreteleluilovendal\" \/>\n<meta property=\"article:published_time\" content=\"2013-10-31T22:19:47+00:00\" \/>\n<meta property=\"og:image\" content=\"https:\/\/www.lovendal.ro\/wp52\/wp-content\/uploads\/2013\/11\/papa-si-extraterestru.jpg\" \/>\n\t<meta property=\"og:image:width\" content=\"332\" \/>\n\t<meta property=\"og:image:height\" content=\"215\" \/>\n\t<meta property=\"og:image:type\" content=\"image\/jpeg\" \/>\n<meta name=\"author\" content=\"admin\" \/>\n<meta name=\"twitter:card\" content=\"summary_large_image\" \/>\n<meta name=\"twitter:label1\" content=\"Scris de\" \/>\n\t<meta name=\"twitter:data1\" content=\"admin\" \/>\n\t<meta name=\"twitter:label2\" content=\"Timp estimat pentru citire\" \/>\n\t<meta name=\"twitter:data2\" content=\"4 minute\" \/>\n<script type=\"application\/ld+json\" class=\"yoast-schema-graph\">{\"@context\":\"https:\\\/\\\/schema.org\",\"@graph\":[{\"@type\":\"Article\",\"@id\":\"https:\\\/\\\/www.lovendal.ro\\\/wp52\\\/un-fost-membru-iezuit-al-serviciului-de-informatii-al-vaticanului-spune-ca-de-60-de-ani-biserica-catolica-si-papa-lucreaza-cu-o-rasa-de-extraterestri-nordici-care-au-devenit-crestini-incredibil\\\/#article\",\"isPartOf\":{\"@id\":\"https:\\\/\\\/www.lovendal.ro\\\/wp52\\\/un-fost-membru-iezuit-al-serviciului-de-informatii-al-vaticanului-spune-ca-de-60-de-ani-biserica-catolica-si-papa-lucreaza-cu-o-rasa-de-extraterestri-nordici-care-au-devenit-crestini-incredibil\\\/\"},\"author\":{\"name\":\"admin\",\"@id\":\"https:\\\/\\\/www.lovendal.ro\\\/wp52\\\/#\\\/schema\\\/person\\\/088691de5dfc346bb0c023e1e52ef5d9\"},\"headline\":\"Un fost membru iezuit al Serviciului de Informa\u0163ii al Vaticanului spune c\u0103 de 60 de ani Biserica Catolic\u0103 \u015fi papa lucreaz\u0103 cu o ras\u0103 de &#8222;extratere\u015ftri nordici&#8221;, care au devenit cre\u015ftini! Incredibil!\",\"datePublished\":\"2013-10-31T22:19:47+00:00\",\"mainEntityOfPage\":{\"@id\":\"https:\\\/\\\/www.lovendal.ro\\\/wp52\\\/un-fost-membru-iezuit-al-serviciului-de-informatii-al-vaticanului-spune-ca-de-60-de-ani-biserica-catolica-si-papa-lucreaza-cu-o-rasa-de-extraterestri-nordici-care-au-devenit-crestini-incredibil\\\/\"},\"wordCount\":807,\"commentCount\":22,\"publisher\":{\"@id\":\"https:\\\/\\\/www.lovendal.ro\\\/wp52\\\/#organization\"},\"image\":{\"@id\":\"https:\\\/\\\/www.lovendal.ro\\\/wp52\\\/un-fost-membru-iezuit-al-serviciului-de-informatii-al-vaticanului-spune-ca-de-60-de-ani-biserica-catolica-si-papa-lucreaza-cu-o-rasa-de-extraterestri-nordici-care-au-devenit-crestini-incredibil\\\/#primaryimage\"},\"thumbnailUrl\":\"https:\\\/\\\/www.lovendal.ro\\\/wp52\\\/wp-content\\\/uploads\\\/2013\\\/11\\\/papa-si-extraterestru.jpg\",\"keywords\":[\"Alaska\",\"Biserica Catolic\u0103\",\"California\",\"CIA\",\"cre\u015ftinism\",\"Dumnezeu\",\"Einsehower\",\"episcop\",\"extratere\u015ftri\",\"iezuit\",\"\u00eengeri\",\"KGB\",\"MI-6\",\"papa\",\"Paranormal-Spiritualitate\",\"Pius al XII-lea\",\"planet\u0103\",\"preo\u0163i\",\"pre\u015fedinte\",\"servicii secrete\",\"SUA\",\"telescop\",\"Vatican\"],\"articleSection\":[\"Noutati\",\"Paranormal-Spiritualitate\"],\"inLanguage\":\"ro-RO\",\"potentialAction\":[{\"@type\":\"CommentAction\",\"name\":\"Comment\",\"target\":[\"https:\\\/\\\/www.lovendal.ro\\\/wp52\\\/un-fost-membru-iezuit-al-serviciului-de-informatii-al-vaticanului-spune-ca-de-60-de-ani-biserica-catolica-si-papa-lucreaza-cu-o-rasa-de-extraterestri-nordici-care-au-devenit-crestini-incredibil\\\/#respond\"]}]},{\"@type\":\"WebPage\",\"@id\":\"https:\\\/\\\/www.lovendal.ro\\\/wp52\\\/un-fost-membru-iezuit-al-serviciului-de-informatii-al-vaticanului-spune-ca-de-60-de-ani-biserica-catolica-si-papa-lucreaza-cu-o-rasa-de-extraterestri-nordici-care-au-devenit-crestini-incredibil\\\/\",\"url\":\"https:\\\/\\\/www.lovendal.ro\\\/wp52\\\/un-fost-membru-iezuit-al-serviciului-de-informatii-al-vaticanului-spune-ca-de-60-de-ani-biserica-catolica-si-papa-lucreaza-cu-o-rasa-de-extraterestri-nordici-care-au-devenit-crestini-incredibil\\\/\",\"name\":\"Un fost membru iezuit al Serviciului de Informa\u0163ii al Vaticanului spune c\u0103 de 60 de ani Biserica Catolic\u0103 \u015fi papa lucreaz\u0103 cu o ras\u0103 de \\\"extratere\u015ftri nordici\\\", care au devenit cre\u015ftini! Incredibil! - Secretele lui Lovendal\",\"isPartOf\":{\"@id\":\"https:\\\/\\\/www.lovendal.ro\\\/wp52\\\/#website\"},\"primaryImageOfPage\":{\"@id\":\"https:\\\/\\\/www.lovendal.ro\\\/wp52\\\/un-fost-membru-iezuit-al-serviciului-de-informatii-al-vaticanului-spune-ca-de-60-de-ani-biserica-catolica-si-papa-lucreaza-cu-o-rasa-de-extraterestri-nordici-care-au-devenit-crestini-incredibil\\\/#primaryimage\"},\"image\":{\"@id\":\"https:\\\/\\\/www.lovendal.ro\\\/wp52\\\/un-fost-membru-iezuit-al-serviciului-de-informatii-al-vaticanului-spune-ca-de-60-de-ani-biserica-catolica-si-papa-lucreaza-cu-o-rasa-de-extraterestri-nordici-care-au-devenit-crestini-incredibil\\\/#primaryimage\"},\"thumbnailUrl\":\"https:\\\/\\\/www.lovendal.ro\\\/wp52\\\/wp-content\\\/uploads\\\/2013\\\/11\\\/papa-si-extraterestru.jpg\",\"datePublished\":\"2013-10-31T22:19:47+00:00\",\"breadcrumb\":{\"@id\":\"https:\\\/\\\/www.lovendal.ro\\\/wp52\\\/un-fost-membru-iezuit-al-serviciului-de-informatii-al-vaticanului-spune-ca-de-60-de-ani-biserica-catolica-si-papa-lucreaza-cu-o-rasa-de-extraterestri-nordici-care-au-devenit-crestini-incredibil\\\/#breadcrumb\"},\"inLanguage\":\"ro-RO\",\"potentialAction\":[{\"@type\":\"ReadAction\",\"target\":[\"https:\\\/\\\/www.lovendal.ro\\\/wp52\\\/un-fost-membru-iezuit-al-serviciului-de-informatii-al-vaticanului-spune-ca-de-60-de-ani-biserica-catolica-si-papa-lucreaza-cu-o-rasa-de-extraterestri-nordici-care-au-devenit-crestini-incredibil\\\/\"]}]},{\"@type\":\"ImageObject\",\"inLanguage\":\"ro-RO\",\"@id\":\"https:\\\/\\\/www.lovendal.ro\\\/wp52\\\/un-fost-membru-iezuit-al-serviciului-de-informatii-al-vaticanului-spune-ca-de-60-de-ani-biserica-catolica-si-papa-lucreaza-cu-o-rasa-de-extraterestri-nordici-care-au-devenit-crestini-incredibil\\\/#primaryimage\",\"url\":\"https:\\\/\\\/www.lovendal.ro\\\/wp52\\\/wp-content\\\/uploads\\\/2013\\\/11\\\/papa-si-extraterestru.jpg\",\"contentUrl\":\"https:\\\/\\\/www.lovendal.ro\\\/wp52\\\/wp-content\\\/uploads\\\/2013\\\/11\\\/papa-si-extraterestru.jpg\",\"width\":332,\"height\":215},{\"@type\":\"BreadcrumbList\",\"@id\":\"https:\\\/\\\/www.lovendal.ro\\\/wp52\\\/un-fost-membru-iezuit-al-serviciului-de-informatii-al-vaticanului-spune-ca-de-60-de-ani-biserica-catolica-si-papa-lucreaza-cu-o-rasa-de-extraterestri-nordici-care-au-devenit-crestini-incredibil\\\/#breadcrumb\",\"itemListElement\":[{\"@type\":\"ListItem\",\"position\":1,\"name\":\"Home\",\"item\":\"https:\\\/\\\/www.lovendal.ro\\\/wp52\\\/\"},{\"@type\":\"ListItem\",\"position\":2,\"name\":\"Un fost membru iezuit al Serviciului de Informa\u0163ii al Vaticanului spune c\u0103 de 60 de ani Biserica Catolic\u0103 \u015fi papa lucreaz\u0103 cu o ras\u0103 de &#8222;extratere\u015ftri nordici&#8221;, care au devenit cre\u015ftini! Incredibil!\"}]},{\"@type\":\"WebSite\",\"@id\":\"https:\\\/\\\/www.lovendal.ro\\\/wp52\\\/#website\",\"url\":\"https:\\\/\\\/www.lovendal.ro\\\/wp52\\\/\",\"name\":\"Secretele lui Lovendal\",\"description\":\"Site de secrete, stiinta si metafizica - din 2008 -\",\"publisher\":{\"@id\":\"https:\\\/\\\/www.lovendal.ro\\\/wp52\\\/#organization\"},\"potentialAction\":[{\"@type\":\"SearchAction\",\"target\":{\"@type\":\"EntryPoint\",\"urlTemplate\":\"https:\\\/\\\/www.lovendal.ro\\\/wp52\\\/?s={search_term_string}\"},\"query-input\":{\"@type\":\"PropertyValueSpecification\",\"valueRequired\":true,\"valueName\":\"search_term_string\"}}],\"inLanguage\":\"ro-RO\"},{\"@type\":\"Organization\",\"@id\":\"https:\\\/\\\/www.lovendal.ro\\\/wp52\\\/#organization\",\"name\":\"Secretele lui Lovendal\",\"url\":\"https:\\\/\\\/www.lovendal.ro\\\/wp52\\\/\",\"logo\":{\"@type\":\"ImageObject\",\"inLanguage\":\"ro-RO\",\"@id\":\"https:\\\/\\\/www.lovendal.ro\\\/wp52\\\/#\\\/schema\\\/logo\\\/image\\\/\",\"url\":\"https:\\\/\\\/www.lovendal.ro\\\/wp52\\\/wp-content\\\/uploads\\\/2024\\\/06\\\/cropped-SLL-iun-2024-1.jpg\",\"contentUrl\":\"https:\\\/\\\/www.lovendal.ro\\\/wp52\\\/wp-content\\\/uploads\\\/2024\\\/06\\\/cropped-SLL-iun-2024-1.jpg\",\"width\":771,\"height\":240,\"caption\":\"Secretele lui Lovendal\"},\"image\":{\"@id\":\"https:\\\/\\\/www.lovendal.ro\\\/wp52\\\/#\\\/schema\\\/logo\\\/image\\\/\"},\"sameAs\":[\"https:\\\/\\\/www.facebook.com\\\/secreteleluilovendal\"]},{\"@type\":\"Person\",\"@id\":\"https:\\\/\\\/www.lovendal.ro\\\/wp52\\\/#\\\/schema\\\/person\\\/088691de5dfc346bb0c023e1e52ef5d9\",\"name\":\"admin\",\"image\":{\"@type\":\"ImageObject\",\"inLanguage\":\"ro-RO\",\"@id\":\"https:\\\/\\\/secure.gravatar.com\\\/avatar\\\/ecb9cd41f5f63c9c9b989999a59f6e2639a865ec361e9db054db0679a8f341c2?s=96&d=mm&r=g\",\"url\":\"https:\\\/\\\/secure.gravatar.com\\\/avatar\\\/ecb9cd41f5f63c9c9b989999a59f6e2639a865ec361e9db054db0679a8f341c2?s=96&d=mm&r=g\",\"contentUrl\":\"https:\\\/\\\/secure.gravatar.com\\\/avatar\\\/ecb9cd41f5f63c9c9b989999a59f6e2639a865ec361e9db054db0679a8f341c2?s=96&d=mm&r=g\",\"caption\":\"admin\"},\"sameAs\":[\"https:\\\/\\\/www.lovendal.ro\\\/wp52\"]}]}<\/script>\n<!-- \/ Yoast SEO Premium plugin. -->","yoast_head_json":{"title":"Un fost membru iezuit al Serviciului de Informa\u0163ii al Vaticanului spune c\u0103 de 60 de ani Biserica Catolic\u0103 \u015fi papa lucreaz\u0103 cu o ras\u0103 de \"extratere\u015ftri nordici\", care au devenit cre\u015ftini! Incredibil! - Secretele lui Lovendal","robots":{"index":"index","follow":"follow","max-snippet":"max-snippet:-1","max-image-preview":"max-image-preview:large","max-video-preview":"max-video-preview:-1"},"canonical":"https:\/\/www.lovendal.ro\/wp52\/un-fost-membru-iezuit-al-serviciului-de-informatii-al-vaticanului-spune-ca-de-60-de-ani-biserica-catolica-si-papa-lucreaza-cu-o-rasa-de-extraterestri-nordici-care-au-devenit-crestini-incredibil\/","og_locale":"ro_RO","og_type":"article","og_title":"Un fost membru iezuit al Serviciului de Informa\u0163ii al Vaticanului spune c\u0103 de 60 de ani Biserica Catolic\u0103 \u015fi papa lucreaz\u0103 cu o ras\u0103 de \"extratere\u015ftri nordici\", care au devenit cre\u015ftini! Incredibil!","og_description":"\u00cen iulie 2013, scriam acest articol &#8222;Un iezuit se dest\u0103inuie: Vaticanul are \u00een loca\u0163ia HAARP din Alaska un radiotelescop secret! Cu ajutorul s\u0103u, s-a descoperit o planet\u0103 gigantic\u0103, pe care se afl\u0103 o ras\u0103 extraterestr\u0103 r\u0103zboinic\u0103!&#8222;, \u00een care era vorba ... Cititi mai multe","og_url":"https:\/\/www.lovendal.ro\/wp52\/un-fost-membru-iezuit-al-serviciului-de-informatii-al-vaticanului-spune-ca-de-60-de-ani-biserica-catolica-si-papa-lucreaza-cu-o-rasa-de-extraterestri-nordici-care-au-devenit-crestini-incredibil\/","og_site_name":"Secretele lui Lovendal","article_publisher":"https:\/\/www.facebook.com\/secreteleluilovendal","article_published_time":"2013-10-31T22:19:47+00:00","og_image":[{"width":332,"height":215,"url":"https:\/\/www.lovendal.ro\/wp52\/wp-content\/uploads\/2013\/11\/papa-si-extraterestru.jpg","type":"image\/jpeg"}],"author":"admin","twitter_card":"summary_large_image","twitter_misc":{"Scris de":"admin","Timp estimat pentru citire":"4 minute"},"schema":{"@context":"https:\/\/schema.org","@graph":[{"@type":"Article","@id":"https:\/\/www.lovendal.ro\/wp52\/un-fost-membru-iezuit-al-serviciului-de-informatii-al-vaticanului-spune-ca-de-60-de-ani-biserica-catolica-si-papa-lucreaza-cu-o-rasa-de-extraterestri-nordici-care-au-devenit-crestini-incredibil\/#article","isPartOf":{"@id":"https:\/\/www.lovendal.ro\/wp52\/un-fost-membru-iezuit-al-serviciului-de-informatii-al-vaticanului-spune-ca-de-60-de-ani-biserica-catolica-si-papa-lucreaza-cu-o-rasa-de-extraterestri-nordici-care-au-devenit-crestini-incredibil\/"},"author":{"name":"admin","@id":"https:\/\/www.lovendal.ro\/wp52\/#\/schema\/person\/088691de5dfc346bb0c023e1e52ef5d9"},"headline":"Un fost membru iezuit al Serviciului de Informa\u0163ii al Vaticanului spune c\u0103 de 60 de ani Biserica Catolic\u0103 \u015fi papa lucreaz\u0103 cu o ras\u0103 de &#8222;extratere\u015ftri nordici&#8221;, care au devenit cre\u015ftini! Incredibil!","datePublished":"2013-10-31T22:19:47+00:00","mainEntityOfPage":{"@id":"https:\/\/www.lovendal.ro\/wp52\/un-fost-membru-iezuit-al-serviciului-de-informatii-al-vaticanului-spune-ca-de-60-de-ani-biserica-catolica-si-papa-lucreaza-cu-o-rasa-de-extraterestri-nordici-care-au-devenit-crestini-incredibil\/"},"wordCount":807,"commentCount":22,"publisher":{"@id":"https:\/\/www.lovendal.ro\/wp52\/#organization"},"image":{"@id":"https:\/\/www.lovendal.ro\/wp52\/un-fost-membru-iezuit-al-serviciului-de-informatii-al-vaticanului-spune-ca-de-60-de-ani-biserica-catolica-si-papa-lucreaza-cu-o-rasa-de-extraterestri-nordici-care-au-devenit-crestini-incredibil\/#primaryimage"},"thumbnailUrl":"https:\/\/www.lovendal.ro\/wp52\/wp-content\/uploads\/2013\/11\/papa-si-extraterestru.jpg","keywords":["Alaska","Biserica Catolic\u0103","California","CIA","cre\u015ftinism","Dumnezeu","Einsehower","episcop","extratere\u015ftri","iezuit","\u00eengeri","KGB","MI-6","papa","Paranormal-Spiritualitate","Pius al XII-lea","planet\u0103","preo\u0163i","pre\u015fedinte","servicii secrete","SUA","telescop","Vatican"],"articleSection":["Noutati","Paranormal-Spiritualitate"],"inLanguage":"ro-RO","potentialAction":[{"@type":"CommentAction","name":"Comment","target":["https:\/\/www.lovendal.ro\/wp52\/un-fost-membru-iezuit-al-serviciului-de-informatii-al-vaticanului-spune-ca-de-60-de-ani-biserica-catolica-si-papa-lucreaza-cu-o-rasa-de-extraterestri-nordici-care-au-devenit-crestini-incredibil\/#respond"]}]},{"@type":"WebPage","@id":"https:\/\/www.lovendal.ro\/wp52\/un-fost-membru-iezuit-al-serviciului-de-informatii-al-vaticanului-spune-ca-de-60-de-ani-biserica-catolica-si-papa-lucreaza-cu-o-rasa-de-extraterestri-nordici-care-au-devenit-crestini-incredibil\/","url":"https:\/\/www.lovendal.ro\/wp52\/un-fost-membru-iezuit-al-serviciului-de-informatii-al-vaticanului-spune-ca-de-60-de-ani-biserica-catolica-si-papa-lucreaza-cu-o-rasa-de-extraterestri-nordici-care-au-devenit-crestini-incredibil\/","name":"Un fost membru iezuit al Serviciului de Informa\u0163ii al Vaticanului spune c\u0103 de 60 de ani Biserica Catolic\u0103 \u015fi papa lucreaz\u0103 cu o ras\u0103 de \"extratere\u015ftri nordici\", care au devenit cre\u015ftini! Incredibil! - Secretele lui Lovendal","isPartOf":{"@id":"https:\/\/www.lovendal.ro\/wp52\/#website"},"primaryImageOfPage":{"@id":"https:\/\/www.lovendal.ro\/wp52\/un-fost-membru-iezuit-al-serviciului-de-informatii-al-vaticanului-spune-ca-de-60-de-ani-biserica-catolica-si-papa-lucreaza-cu-o-rasa-de-extraterestri-nordici-care-au-devenit-crestini-incredibil\/#primaryimage"},"image":{"@id":"https:\/\/www.lovendal.ro\/wp52\/un-fost-membru-iezuit-al-serviciului-de-informatii-al-vaticanului-spune-ca-de-60-de-ani-biserica-catolica-si-papa-lucreaza-cu-o-rasa-de-extraterestri-nordici-care-au-devenit-crestini-incredibil\/#primaryimage"},"thumbnailUrl":"https:\/\/www.lovendal.ro\/wp52\/wp-content\/uploads\/2013\/11\/papa-si-extraterestru.jpg","datePublished":"2013-10-31T22:19:47+00:00","breadcrumb":{"@id":"https:\/\/www.lovendal.ro\/wp52\/un-fost-membru-iezuit-al-serviciului-de-informatii-al-vaticanului-spune-ca-de-60-de-ani-biserica-catolica-si-papa-lucreaza-cu-o-rasa-de-extraterestri-nordici-care-au-devenit-crestini-incredibil\/#breadcrumb"},"inLanguage":"ro-RO","potentialAction":[{"@type":"ReadAction","target":["https:\/\/www.lovendal.ro\/wp52\/un-fost-membru-iezuit-al-serviciului-de-informatii-al-vaticanului-spune-ca-de-60-de-ani-biserica-catolica-si-papa-lucreaza-cu-o-rasa-de-extraterestri-nordici-care-au-devenit-crestini-incredibil\/"]}]},{"@type":"ImageObject","inLanguage":"ro-RO","@id":"https:\/\/www.lovendal.ro\/wp52\/un-fost-membru-iezuit-al-serviciului-de-informatii-al-vaticanului-spune-ca-de-60-de-ani-biserica-catolica-si-papa-lucreaza-cu-o-rasa-de-extraterestri-nordici-care-au-devenit-crestini-incredibil\/#primaryimage","url":"https:\/\/www.lovendal.ro\/wp52\/wp-content\/uploads\/2013\/11\/papa-si-extraterestru.jpg","contentUrl":"https:\/\/www.lovendal.ro\/wp52\/wp-content\/uploads\/2013\/11\/papa-si-extraterestru.jpg","width":332,"height":215},{"@type":"BreadcrumbList","@id":"https:\/\/www.lovendal.ro\/wp52\/un-fost-membru-iezuit-al-serviciului-de-informatii-al-vaticanului-spune-ca-de-60-de-ani-biserica-catolica-si-papa-lucreaza-cu-o-rasa-de-extraterestri-nordici-care-au-devenit-crestini-incredibil\/#breadcrumb","itemListElement":[{"@type":"ListItem","position":1,"name":"Home","item":"https:\/\/www.lovendal.ro\/wp52\/"},{"@type":"ListItem","position":2,"name":"Un fost membru iezuit al Serviciului de Informa\u0163ii al Vaticanului spune c\u0103 de 60 de ani Biserica Catolic\u0103 \u015fi papa lucreaz\u0103 cu o ras\u0103 de &#8222;extratere\u015ftri nordici&#8221;, care au devenit cre\u015ftini! Incredibil!"}]},{"@type":"WebSite","@id":"https:\/\/www.lovendal.ro\/wp52\/#website","url":"https:\/\/www.lovendal.ro\/wp52\/","name":"Secretele lui Lovendal","description":"Site de secrete, stiinta si metafizica - din 2008 -","publisher":{"@id":"https:\/\/www.lovendal.ro\/wp52\/#organization"},"potentialAction":[{"@type":"SearchAction","target":{"@type":"EntryPoint","urlTemplate":"https:\/\/www.lovendal.ro\/wp52\/?s={search_term_string}"},"query-input":{"@type":"PropertyValueSpecification","valueRequired":true,"valueName":"search_term_string"}}],"inLanguage":"ro-RO"},{"@type":"Organization","@id":"https:\/\/www.lovendal.ro\/wp52\/#organization","name":"Secretele lui Lovendal","url":"https:\/\/www.lovendal.ro\/wp52\/","logo":{"@type":"ImageObject","inLanguage":"ro-RO","@id":"https:\/\/www.lovendal.ro\/wp52\/#\/schema\/logo\/image\/","url":"https:\/\/www.lovendal.ro\/wp52\/wp-content\/uploads\/2024\/06\/cropped-SLL-iun-2024-1.jpg","contentUrl":"https:\/\/www.lovendal.ro\/wp52\/wp-content\/uploads\/2024\/06\/cropped-SLL-iun-2024-1.jpg","width":771,"height":240,"caption":"Secretele lui Lovendal"},"image":{"@id":"https:\/\/www.lovendal.ro\/wp52\/#\/schema\/logo\/image\/"},"sameAs":["https:\/\/www.facebook.com\/secreteleluilovendal"]},{"@type":"Person","@id":"https:\/\/www.lovendal.ro\/wp52\/#\/schema\/person\/088691de5dfc346bb0c023e1e52ef5d9","name":"admin","image":{"@type":"ImageObject","inLanguage":"ro-RO","@id":"https:\/\/secure.gravatar.com\/avatar\/ecb9cd41f5f63c9c9b989999a59f6e2639a865ec361e9db054db0679a8f341c2?s=96&d=mm&r=g","url":"https:\/\/secure.gravatar.com\/avatar\/ecb9cd41f5f63c9c9b989999a59f6e2639a865ec361e9db054db0679a8f341c2?s=96&d=mm&r=g","contentUrl":"https:\/\/secure.gravatar.com\/avatar\/ecb9cd41f5f63c9c9b989999a59f6e2639a865ec361e9db054db0679a8f341c2?s=96&d=mm&r=g","caption":"admin"},"sameAs":["https:\/\/www.lovendal.ro\/wp52"]}]}},"_links":{"self":[{"href":"https:\/\/www.lovendal.ro\/wp52\/wp-json\/wp\/v2\/posts\/31084","targetHints":{"allow":["GET"]}}],"collection":[{"href":"https:\/\/www.lovendal.ro\/wp52\/wp-json\/wp\/v2\/posts"}],"about":[{"href":"https:\/\/www.lovendal.ro\/wp52\/wp-json\/wp\/v2\/types\/post"}],"author":[{"embeddable":true,"href":"https:\/\/www.lovendal.ro\/wp52\/wp-json\/wp\/v2\/users\/1"}],"replies":[{"embeddable":true,"href":"https:\/\/www.lovendal.ro\/wp52\/wp-json\/wp\/v2\/comments?post=31084"}],"version-history":[{"count":0,"href":"https:\/\/www.lovendal.ro\/wp52\/wp-json\/wp\/v2\/posts\/31084\/revisions"}],"wp:featuredmedia":[{"embeddable":true,"href":"https:\/\/www.lovendal.ro\/wp52\/wp-json\/wp\/v2\/media\/31085"}],"wp:attachment":[{"href":"https:\/\/www.lovendal.ro\/wp52\/wp-json\/wp\/v2\/media?parent=31084"}],"wp:term":[{"taxonomy":"category","embeddable":true,"href":"https:\/\/www.lovendal.ro\/wp52\/wp-json\/wp\/v2\/categories?post=31084"},{"taxonomy":"post_tag","embeddable":true,"href":"https:\/\/www.lovendal.ro\/wp52\/wp-json\/wp\/v2\/tags?post=31084"}],"curies":[{"name":"wp","href":"https:\/\/api.w.org\/{rel}","templated":true}]}}