{"id":30991,"date":"2013-10-24T14:44:13","date_gmt":"2013-10-24T11:44:13","guid":{"rendered":"http:\/\/www.lovendal.ro\/wp52\/?p=30991"},"modified":"2013-10-24T14:44:13","modified_gmt":"2013-10-24T11:44:13","slug":"ce-creaturi-luminoase-l-au-impresionat-atat-de-tare-pe-marele-poet-goethe-incat-a-simtit-nevoia-sa-le-aminteasca-in-autobiografia-sa","status":"publish","type":"post","link":"https:\/\/www.lovendal.ro\/wp52\/ce-creaturi-luminoase-l-au-impresionat-atat-de-tare-pe-marele-poet-goethe-incat-a-simtit-nevoia-sa-le-aminteasca-in-autobiografia-sa\/","title":{"rendered":"Ce &#8222;creaturi luminoase&#8221; l-au impresionat at\u00e2t de tare pe marele poet Goethe, \u00eenc\u00e2t a sim\u0163it nevoia s\u0103 le aminteasc\u0103 \u00een autobiografia sa?"},"content":{"rendered":"<p><a href=\"https:\/\/www.lovendal.ro\/wp52\/wp-content\/uploads\/2013\/10\/creaturi-luminoase-Goethe.jpg\"><img loading=\"lazy\" decoding=\"async\" class=\"alignleft size-full wp-image-30992\" alt=\"creaturi luminoase Goethe\" src=\"https:\/\/www.lovendal.ro\/wp52\/wp-content\/uploads\/2013\/10\/creaturi-luminoase-Goethe.jpg\" width=\"327\" height=\"217\" srcset=\"https:\/\/www.lovendal.ro\/wp52\/wp-content\/uploads\/2013\/10\/creaturi-luminoase-Goethe.jpg 327w, https:\/\/www.lovendal.ro\/wp52\/wp-content\/uploads\/2013\/10\/creaturi-luminoase-Goethe-300x199.jpg 300w\" sizes=\"auto, (max-width: 327px) 100vw, 327px\" \/><\/a>\u00cent\u00e2mplarea de mai jos a avut loc \u00een septembrie 1768, deci acum aproape dou\u0103 secole \u0219i jum\u0103tate. Un adolescent care nu avea nici 20 de ani c\u0103l\u0103torea de la Frankfurt c\u0103tre Universitatea din Leipzig, \u00eempreun\u0103 cu al\u0163i doi pasageri. Plouase aproape toat\u0103 ziua, iar tr\u0103sura care \u00eei transporta urcau cu greutate un deal. Pasagerii cobor\u00e2ser\u0103 \u015fi mergeau pe jos, pe l\u00e2ng\u0103 cai, atunci c\u00e2nd adolescentul observ\u0103 un obiect luminos straniu, la nivelul solului:<\/p>\n<p><em>&#8222;Deodat\u0103, \u00eentr-o r\u00e2p\u0103 pe partea dreapta a drumului, v\u0103zui un fel de amfiteatru, luminat minunat. \u00centr-un spa\u0163iu \u00een form\u0103 de p\u00e2lnie, se aflau numeroase lumini\u0163e str\u0103lucitoare, plasate una peste alta; str\u0103luceau at\u00e2t de tare, c\u0103 te orbeau. Dar, \u015fi mai uimitor era faptul c\u0103 ele nu st\u0103teau nemi\u015fcate, ci s\u0103reau \u00eencoace \u015fi \u00eencolo, de sus \u00een jos \u015fi viceversa, \u00een toate direc\u0163iile. Totu\u015fi, cea mai mare parte a lor r\u0103m\u00e2neau nemi\u015fcate \u015fi str\u0103luceau. M-am desp\u0103r\u0163it cu mare greutate de acest spectacol, pe care a\u015f fi vrut s\u0103-l examinez mai \u00eendeaproape&#8230; Nu \u015ftiu dac\u0103 erau licurici sau o mul\u0163ime de creaturi luminoase.&#8221;<\/em><\/p>\n<p>Adolescentul ce a povestit toate acestea nu era altcineva dec\u00e2t marele poet, g\u00e2nditor \u015fi om de \u015ftiin\u0163\u0103 Goethe. Vom g\u0103si cele spuse mai sus \u00een cartea a \u015fasea a autobiografiei sale. Ce erau aceste &#8222;creaturi luminoase&#8221;, dac\u0103 nu licurici?<\/p>\n<p>&nbsp;<\/p>\n","protected":false},"excerpt":{"rendered":"<p>\u00cent\u00e2mplarea de mai jos a avut loc \u00een septembrie 1768, deci acum aproape dou\u0103 secole \u0219i jum\u0103tate. Un adolescent care nu avea nici 20 de ani c\u0103l\u0103torea de la Frankfurt c\u0103tre Universitatea din Leipzig, \u00eempreun\u0103 cu al\u0163i doi pasageri. Plouase &#8230; <\/p>\n<p class=\"read-more-container\"><a title=\"Ce &#8222;creaturi luminoase&#8221; l-au impresionat at\u00e2t de tare pe marele poet Goethe, \u00eenc\u00e2t a sim\u0163it nevoia s\u0103 le aminteasc\u0103 \u00een autobiografia sa?\" class=\"read-more button\" href=\"https:\/\/www.lovendal.ro\/wp52\/ce-creaturi-luminoase-l-au-impresionat-atat-de-tare-pe-marele-poet-goethe-incat-a-simtit-nevoia-sa-le-aminteasca-in-autobiografia-sa\/#more-30991\" aria-label=\"Cite\u0219te mai multe despre Ce &#8222;creaturi luminoase&#8221; l-au impresionat at\u00e2t de tare pe marele poet Goethe, \u00eenc\u00e2t a sim\u0163it nevoia s\u0103 le aminteasc\u0103 \u00een autobiografia sa?\">Cititi mai multe<\/a><\/p>\n","protected":false},"author":1,"featured_media":30992,"comment_status":"open","ping_status":"open","sticky":false,"template":"","format":"standard","meta":{"footnotes":""},"categories":[28,2833],"tags":[240,5557,9798,4443,39,5682,952,215,1841,2250],"class_list":["post-30991","post","type-post","status-publish","format-standard","has-post-thumbnail","hentry","category-cultura","category-noutati","tag-cal","tag-creatura","tag-cultura","tag-frankfurt","tag-goethe","tag-leipzig","tag-lumina","tag-poet","tag-trasura","tag-universitate","resize-featured-image"],"yoast_head":"<!-- This site is optimized with the Yoast SEO Premium plugin v23.3 (Yoast SEO v27.4) - https:\/\/yoast.com\/product\/yoast-seo-premium-wordpress\/ -->\n<title>Ce &quot;creaturi luminoase&quot; l-au impresionat at\u00e2t de tare pe marele poet Goethe, \u00eenc\u00e2t a sim\u0163it nevoia s\u0103 le aminteasc\u0103 \u00een autobiografia sa? - Secretele lui Lovendal<\/title>\n<meta name=\"robots\" content=\"index, follow, max-snippet:-1, max-image-preview:large, max-video-preview:-1\" \/>\n<link rel=\"canonical\" href=\"https:\/\/www.lovendal.ro\/wp52\/ce-creaturi-luminoase-l-au-impresionat-atat-de-tare-pe-marele-poet-goethe-incat-a-simtit-nevoia-sa-le-aminteasca-in-autobiografia-sa\/\" \/>\n<meta property=\"og:locale\" content=\"ro_RO\" \/>\n<meta property=\"og:type\" content=\"article\" \/>\n<meta property=\"og:title\" content=\"Ce &quot;creaturi luminoase&quot; l-au impresionat at\u00e2t de tare pe marele poet Goethe, \u00eenc\u00e2t a sim\u0163it nevoia s\u0103 le aminteasc\u0103 \u00een autobiografia sa?\" \/>\n<meta property=\"og:description\" content=\"\u00cent\u00e2mplarea de mai jos a avut loc \u00een septembrie 1768, deci acum aproape dou\u0103 secole \u0219i jum\u0103tate. Un adolescent care nu avea nici 20 de ani c\u0103l\u0103torea de la Frankfurt c\u0103tre Universitatea din Leipzig, \u00eempreun\u0103 cu al\u0163i doi pasageri. Plouase ... Cititi mai multe\" \/>\n<meta property=\"og:url\" content=\"https:\/\/www.lovendal.ro\/wp52\/ce-creaturi-luminoase-l-au-impresionat-atat-de-tare-pe-marele-poet-goethe-incat-a-simtit-nevoia-sa-le-aminteasca-in-autobiografia-sa\/\" \/>\n<meta property=\"og:site_name\" content=\"Secretele lui Lovendal\" \/>\n<meta property=\"article:publisher\" content=\"https:\/\/www.facebook.com\/secreteleluilovendal\" \/>\n<meta property=\"article:published_time\" content=\"2013-10-24T11:44:13+00:00\" \/>\n<meta property=\"og:image\" content=\"https:\/\/www.lovendal.ro\/wp52\/wp-content\/uploads\/2013\/10\/creaturi-luminoase-Goethe.jpg\" \/>\n\t<meta property=\"og:image:width\" content=\"327\" \/>\n\t<meta property=\"og:image:height\" content=\"217\" \/>\n\t<meta property=\"og:image:type\" content=\"image\/jpeg\" \/>\n<meta name=\"author\" content=\"admin\" \/>\n<meta name=\"twitter:card\" content=\"summary_large_image\" \/>\n<meta name=\"twitter:label1\" content=\"Scris de\" \/>\n\t<meta name=\"twitter:data1\" content=\"admin\" \/>\n\t<meta name=\"twitter:label2\" content=\"Timp estimat pentru citire\" \/>\n\t<meta name=\"twitter:data2\" content=\"1 minut\" \/>\n<script type=\"application\/ld+json\" class=\"yoast-schema-graph\">{\"@context\":\"https:\\\/\\\/schema.org\",\"@graph\":[{\"@type\":\"Article\",\"@id\":\"https:\\\/\\\/www.lovendal.ro\\\/wp52\\\/ce-creaturi-luminoase-l-au-impresionat-atat-de-tare-pe-marele-poet-goethe-incat-a-simtit-nevoia-sa-le-aminteasca-in-autobiografia-sa\\\/#article\",\"isPartOf\":{\"@id\":\"https:\\\/\\\/www.lovendal.ro\\\/wp52\\\/ce-creaturi-luminoase-l-au-impresionat-atat-de-tare-pe-marele-poet-goethe-incat-a-simtit-nevoia-sa-le-aminteasca-in-autobiografia-sa\\\/\"},\"author\":{\"name\":\"admin\",\"@id\":\"https:\\\/\\\/www.lovendal.ro\\\/wp52\\\/#\\\/schema\\\/person\\\/088691de5dfc346bb0c023e1e52ef5d9\"},\"headline\":\"Ce &#8222;creaturi luminoase&#8221; l-au impresionat at\u00e2t de tare pe marele poet Goethe, \u00eenc\u00e2t a sim\u0163it nevoia s\u0103 le aminteasc\u0103 \u00een autobiografia sa?\",\"datePublished\":\"2013-10-24T11:44:13+00:00\",\"mainEntityOfPage\":{\"@id\":\"https:\\\/\\\/www.lovendal.ro\\\/wp52\\\/ce-creaturi-luminoase-l-au-impresionat-atat-de-tare-pe-marele-poet-goethe-incat-a-simtit-nevoia-sa-le-aminteasca-in-autobiografia-sa\\\/\"},\"wordCount\":271,\"commentCount\":4,\"publisher\":{\"@id\":\"https:\\\/\\\/www.lovendal.ro\\\/wp52\\\/#organization\"},\"image\":{\"@id\":\"https:\\\/\\\/www.lovendal.ro\\\/wp52\\\/ce-creaturi-luminoase-l-au-impresionat-atat-de-tare-pe-marele-poet-goethe-incat-a-simtit-nevoia-sa-le-aminteasca-in-autobiografia-sa\\\/#primaryimage\"},\"thumbnailUrl\":\"https:\\\/\\\/www.lovendal.ro\\\/wp52\\\/wp-content\\\/uploads\\\/2013\\\/10\\\/creaturi-luminoase-Goethe.jpg\",\"keywords\":[\"cal\",\"creatur\u0103\",\"Cultura\",\"Frankfurt\",\"Goethe\",\"Leipzig\",\"lumin\u0103\",\"poet\",\"tr\u0103sur\u0103\",\"universitate\"],\"articleSection\":[\"Cultura\",\"Noutati\"],\"inLanguage\":\"ro-RO\",\"potentialAction\":[{\"@type\":\"CommentAction\",\"name\":\"Comment\",\"target\":[\"https:\\\/\\\/www.lovendal.ro\\\/wp52\\\/ce-creaturi-luminoase-l-au-impresionat-atat-de-tare-pe-marele-poet-goethe-incat-a-simtit-nevoia-sa-le-aminteasca-in-autobiografia-sa\\\/#respond\"]}]},{\"@type\":\"WebPage\",\"@id\":\"https:\\\/\\\/www.lovendal.ro\\\/wp52\\\/ce-creaturi-luminoase-l-au-impresionat-atat-de-tare-pe-marele-poet-goethe-incat-a-simtit-nevoia-sa-le-aminteasca-in-autobiografia-sa\\\/\",\"url\":\"https:\\\/\\\/www.lovendal.ro\\\/wp52\\\/ce-creaturi-luminoase-l-au-impresionat-atat-de-tare-pe-marele-poet-goethe-incat-a-simtit-nevoia-sa-le-aminteasca-in-autobiografia-sa\\\/\",\"name\":\"Ce \\\"creaturi luminoase\\\" l-au impresionat at\u00e2t de tare pe marele poet Goethe, \u00eenc\u00e2t a sim\u0163it nevoia s\u0103 le aminteasc\u0103 \u00een autobiografia sa? - Secretele lui Lovendal\",\"isPartOf\":{\"@id\":\"https:\\\/\\\/www.lovendal.ro\\\/wp52\\\/#website\"},\"primaryImageOfPage\":{\"@id\":\"https:\\\/\\\/www.lovendal.ro\\\/wp52\\\/ce-creaturi-luminoase-l-au-impresionat-atat-de-tare-pe-marele-poet-goethe-incat-a-simtit-nevoia-sa-le-aminteasca-in-autobiografia-sa\\\/#primaryimage\"},\"image\":{\"@id\":\"https:\\\/\\\/www.lovendal.ro\\\/wp52\\\/ce-creaturi-luminoase-l-au-impresionat-atat-de-tare-pe-marele-poet-goethe-incat-a-simtit-nevoia-sa-le-aminteasca-in-autobiografia-sa\\\/#primaryimage\"},\"thumbnailUrl\":\"https:\\\/\\\/www.lovendal.ro\\\/wp52\\\/wp-content\\\/uploads\\\/2013\\\/10\\\/creaturi-luminoase-Goethe.jpg\",\"datePublished\":\"2013-10-24T11:44:13+00:00\",\"breadcrumb\":{\"@id\":\"https:\\\/\\\/www.lovendal.ro\\\/wp52\\\/ce-creaturi-luminoase-l-au-impresionat-atat-de-tare-pe-marele-poet-goethe-incat-a-simtit-nevoia-sa-le-aminteasca-in-autobiografia-sa\\\/#breadcrumb\"},\"inLanguage\":\"ro-RO\",\"potentialAction\":[{\"@type\":\"ReadAction\",\"target\":[\"https:\\\/\\\/www.lovendal.ro\\\/wp52\\\/ce-creaturi-luminoase-l-au-impresionat-atat-de-tare-pe-marele-poet-goethe-incat-a-simtit-nevoia-sa-le-aminteasca-in-autobiografia-sa\\\/\"]}]},{\"@type\":\"ImageObject\",\"inLanguage\":\"ro-RO\",\"@id\":\"https:\\\/\\\/www.lovendal.ro\\\/wp52\\\/ce-creaturi-luminoase-l-au-impresionat-atat-de-tare-pe-marele-poet-goethe-incat-a-simtit-nevoia-sa-le-aminteasca-in-autobiografia-sa\\\/#primaryimage\",\"url\":\"https:\\\/\\\/www.lovendal.ro\\\/wp52\\\/wp-content\\\/uploads\\\/2013\\\/10\\\/creaturi-luminoase-Goethe.jpg\",\"contentUrl\":\"https:\\\/\\\/www.lovendal.ro\\\/wp52\\\/wp-content\\\/uploads\\\/2013\\\/10\\\/creaturi-luminoase-Goethe.jpg\",\"width\":327,\"height\":217},{\"@type\":\"BreadcrumbList\",\"@id\":\"https:\\\/\\\/www.lovendal.ro\\\/wp52\\\/ce-creaturi-luminoase-l-au-impresionat-atat-de-tare-pe-marele-poet-goethe-incat-a-simtit-nevoia-sa-le-aminteasca-in-autobiografia-sa\\\/#breadcrumb\",\"itemListElement\":[{\"@type\":\"ListItem\",\"position\":1,\"name\":\"Home\",\"item\":\"https:\\\/\\\/www.lovendal.ro\\\/wp52\\\/\"},{\"@type\":\"ListItem\",\"position\":2,\"name\":\"Ce &#8222;creaturi luminoase&#8221; l-au impresionat at\u00e2t de tare pe marele poet Goethe, \u00eenc\u00e2t a sim\u0163it nevoia s\u0103 le aminteasc\u0103 \u00een autobiografia sa?\"}]},{\"@type\":\"WebSite\",\"@id\":\"https:\\\/\\\/www.lovendal.ro\\\/wp52\\\/#website\",\"url\":\"https:\\\/\\\/www.lovendal.ro\\\/wp52\\\/\",\"name\":\"Secretele lui Lovendal\",\"description\":\"Site de secrete, stiinta si metafizica - din 2008 -\",\"publisher\":{\"@id\":\"https:\\\/\\\/www.lovendal.ro\\\/wp52\\\/#organization\"},\"potentialAction\":[{\"@type\":\"SearchAction\",\"target\":{\"@type\":\"EntryPoint\",\"urlTemplate\":\"https:\\\/\\\/www.lovendal.ro\\\/wp52\\\/?s={search_term_string}\"},\"query-input\":{\"@type\":\"PropertyValueSpecification\",\"valueRequired\":true,\"valueName\":\"search_term_string\"}}],\"inLanguage\":\"ro-RO\"},{\"@type\":\"Organization\",\"@id\":\"https:\\\/\\\/www.lovendal.ro\\\/wp52\\\/#organization\",\"name\":\"Secretele lui Lovendal\",\"url\":\"https:\\\/\\\/www.lovendal.ro\\\/wp52\\\/\",\"logo\":{\"@type\":\"ImageObject\",\"inLanguage\":\"ro-RO\",\"@id\":\"https:\\\/\\\/www.lovendal.ro\\\/wp52\\\/#\\\/schema\\\/logo\\\/image\\\/\",\"url\":\"https:\\\/\\\/www.lovendal.ro\\\/wp52\\\/wp-content\\\/uploads\\\/2024\\\/06\\\/cropped-SLL-iun-2024-1.jpg\",\"contentUrl\":\"https:\\\/\\\/www.lovendal.ro\\\/wp52\\\/wp-content\\\/uploads\\\/2024\\\/06\\\/cropped-SLL-iun-2024-1.jpg\",\"width\":771,\"height\":240,\"caption\":\"Secretele lui Lovendal\"},\"image\":{\"@id\":\"https:\\\/\\\/www.lovendal.ro\\\/wp52\\\/#\\\/schema\\\/logo\\\/image\\\/\"},\"sameAs\":[\"https:\\\/\\\/www.facebook.com\\\/secreteleluilovendal\"]},{\"@type\":\"Person\",\"@id\":\"https:\\\/\\\/www.lovendal.ro\\\/wp52\\\/#\\\/schema\\\/person\\\/088691de5dfc346bb0c023e1e52ef5d9\",\"name\":\"admin\",\"image\":{\"@type\":\"ImageObject\",\"inLanguage\":\"ro-RO\",\"@id\":\"https:\\\/\\\/secure.gravatar.com\\\/avatar\\\/ecb9cd41f5f63c9c9b989999a59f6e2639a865ec361e9db054db0679a8f341c2?s=96&d=mm&r=g\",\"url\":\"https:\\\/\\\/secure.gravatar.com\\\/avatar\\\/ecb9cd41f5f63c9c9b989999a59f6e2639a865ec361e9db054db0679a8f341c2?s=96&d=mm&r=g\",\"contentUrl\":\"https:\\\/\\\/secure.gravatar.com\\\/avatar\\\/ecb9cd41f5f63c9c9b989999a59f6e2639a865ec361e9db054db0679a8f341c2?s=96&d=mm&r=g\",\"caption\":\"admin\"},\"sameAs\":[\"https:\\\/\\\/www.lovendal.ro\\\/wp52\"]}]}<\/script>\n<!-- \/ Yoast SEO Premium plugin. -->","yoast_head_json":{"title":"Ce \"creaturi luminoase\" l-au impresionat at\u00e2t de tare pe marele poet Goethe, \u00eenc\u00e2t a sim\u0163it nevoia s\u0103 le aminteasc\u0103 \u00een autobiografia sa? - Secretele lui Lovendal","robots":{"index":"index","follow":"follow","max-snippet":"max-snippet:-1","max-image-preview":"max-image-preview:large","max-video-preview":"max-video-preview:-1"},"canonical":"https:\/\/www.lovendal.ro\/wp52\/ce-creaturi-luminoase-l-au-impresionat-atat-de-tare-pe-marele-poet-goethe-incat-a-simtit-nevoia-sa-le-aminteasca-in-autobiografia-sa\/","og_locale":"ro_RO","og_type":"article","og_title":"Ce \"creaturi luminoase\" l-au impresionat at\u00e2t de tare pe marele poet Goethe, \u00eenc\u00e2t a sim\u0163it nevoia s\u0103 le aminteasc\u0103 \u00een autobiografia sa?","og_description":"\u00cent\u00e2mplarea de mai jos a avut loc \u00een septembrie 1768, deci acum aproape dou\u0103 secole \u0219i jum\u0103tate. Un adolescent care nu avea nici 20 de ani c\u0103l\u0103torea de la Frankfurt c\u0103tre Universitatea din Leipzig, \u00eempreun\u0103 cu al\u0163i doi pasageri. Plouase ... Cititi mai multe","og_url":"https:\/\/www.lovendal.ro\/wp52\/ce-creaturi-luminoase-l-au-impresionat-atat-de-tare-pe-marele-poet-goethe-incat-a-simtit-nevoia-sa-le-aminteasca-in-autobiografia-sa\/","og_site_name":"Secretele lui Lovendal","article_publisher":"https:\/\/www.facebook.com\/secreteleluilovendal","article_published_time":"2013-10-24T11:44:13+00:00","og_image":[{"width":327,"height":217,"url":"https:\/\/www.lovendal.ro\/wp52\/wp-content\/uploads\/2013\/10\/creaturi-luminoase-Goethe.jpg","type":"image\/jpeg"}],"author":"admin","twitter_card":"summary_large_image","twitter_misc":{"Scris de":"admin","Timp estimat pentru citire":"1 minut"},"schema":{"@context":"https:\/\/schema.org","@graph":[{"@type":"Article","@id":"https:\/\/www.lovendal.ro\/wp52\/ce-creaturi-luminoase-l-au-impresionat-atat-de-tare-pe-marele-poet-goethe-incat-a-simtit-nevoia-sa-le-aminteasca-in-autobiografia-sa\/#article","isPartOf":{"@id":"https:\/\/www.lovendal.ro\/wp52\/ce-creaturi-luminoase-l-au-impresionat-atat-de-tare-pe-marele-poet-goethe-incat-a-simtit-nevoia-sa-le-aminteasca-in-autobiografia-sa\/"},"author":{"name":"admin","@id":"https:\/\/www.lovendal.ro\/wp52\/#\/schema\/person\/088691de5dfc346bb0c023e1e52ef5d9"},"headline":"Ce &#8222;creaturi luminoase&#8221; l-au impresionat at\u00e2t de tare pe marele poet Goethe, \u00eenc\u00e2t a sim\u0163it nevoia s\u0103 le aminteasc\u0103 \u00een autobiografia sa?","datePublished":"2013-10-24T11:44:13+00:00","mainEntityOfPage":{"@id":"https:\/\/www.lovendal.ro\/wp52\/ce-creaturi-luminoase-l-au-impresionat-atat-de-tare-pe-marele-poet-goethe-incat-a-simtit-nevoia-sa-le-aminteasca-in-autobiografia-sa\/"},"wordCount":271,"commentCount":4,"publisher":{"@id":"https:\/\/www.lovendal.ro\/wp52\/#organization"},"image":{"@id":"https:\/\/www.lovendal.ro\/wp52\/ce-creaturi-luminoase-l-au-impresionat-atat-de-tare-pe-marele-poet-goethe-incat-a-simtit-nevoia-sa-le-aminteasca-in-autobiografia-sa\/#primaryimage"},"thumbnailUrl":"https:\/\/www.lovendal.ro\/wp52\/wp-content\/uploads\/2013\/10\/creaturi-luminoase-Goethe.jpg","keywords":["cal","creatur\u0103","Cultura","Frankfurt","Goethe","Leipzig","lumin\u0103","poet","tr\u0103sur\u0103","universitate"],"articleSection":["Cultura","Noutati"],"inLanguage":"ro-RO","potentialAction":[{"@type":"CommentAction","name":"Comment","target":["https:\/\/www.lovendal.ro\/wp52\/ce-creaturi-luminoase-l-au-impresionat-atat-de-tare-pe-marele-poet-goethe-incat-a-simtit-nevoia-sa-le-aminteasca-in-autobiografia-sa\/#respond"]}]},{"@type":"WebPage","@id":"https:\/\/www.lovendal.ro\/wp52\/ce-creaturi-luminoase-l-au-impresionat-atat-de-tare-pe-marele-poet-goethe-incat-a-simtit-nevoia-sa-le-aminteasca-in-autobiografia-sa\/","url":"https:\/\/www.lovendal.ro\/wp52\/ce-creaturi-luminoase-l-au-impresionat-atat-de-tare-pe-marele-poet-goethe-incat-a-simtit-nevoia-sa-le-aminteasca-in-autobiografia-sa\/","name":"Ce \"creaturi luminoase\" l-au impresionat at\u00e2t de tare pe marele poet Goethe, \u00eenc\u00e2t a sim\u0163it nevoia s\u0103 le aminteasc\u0103 \u00een autobiografia sa? - Secretele lui Lovendal","isPartOf":{"@id":"https:\/\/www.lovendal.ro\/wp52\/#website"},"primaryImageOfPage":{"@id":"https:\/\/www.lovendal.ro\/wp52\/ce-creaturi-luminoase-l-au-impresionat-atat-de-tare-pe-marele-poet-goethe-incat-a-simtit-nevoia-sa-le-aminteasca-in-autobiografia-sa\/#primaryimage"},"image":{"@id":"https:\/\/www.lovendal.ro\/wp52\/ce-creaturi-luminoase-l-au-impresionat-atat-de-tare-pe-marele-poet-goethe-incat-a-simtit-nevoia-sa-le-aminteasca-in-autobiografia-sa\/#primaryimage"},"thumbnailUrl":"https:\/\/www.lovendal.ro\/wp52\/wp-content\/uploads\/2013\/10\/creaturi-luminoase-Goethe.jpg","datePublished":"2013-10-24T11:44:13+00:00","breadcrumb":{"@id":"https:\/\/www.lovendal.ro\/wp52\/ce-creaturi-luminoase-l-au-impresionat-atat-de-tare-pe-marele-poet-goethe-incat-a-simtit-nevoia-sa-le-aminteasca-in-autobiografia-sa\/#breadcrumb"},"inLanguage":"ro-RO","potentialAction":[{"@type":"ReadAction","target":["https:\/\/www.lovendal.ro\/wp52\/ce-creaturi-luminoase-l-au-impresionat-atat-de-tare-pe-marele-poet-goethe-incat-a-simtit-nevoia-sa-le-aminteasca-in-autobiografia-sa\/"]}]},{"@type":"ImageObject","inLanguage":"ro-RO","@id":"https:\/\/www.lovendal.ro\/wp52\/ce-creaturi-luminoase-l-au-impresionat-atat-de-tare-pe-marele-poet-goethe-incat-a-simtit-nevoia-sa-le-aminteasca-in-autobiografia-sa\/#primaryimage","url":"https:\/\/www.lovendal.ro\/wp52\/wp-content\/uploads\/2013\/10\/creaturi-luminoase-Goethe.jpg","contentUrl":"https:\/\/www.lovendal.ro\/wp52\/wp-content\/uploads\/2013\/10\/creaturi-luminoase-Goethe.jpg","width":327,"height":217},{"@type":"BreadcrumbList","@id":"https:\/\/www.lovendal.ro\/wp52\/ce-creaturi-luminoase-l-au-impresionat-atat-de-tare-pe-marele-poet-goethe-incat-a-simtit-nevoia-sa-le-aminteasca-in-autobiografia-sa\/#breadcrumb","itemListElement":[{"@type":"ListItem","position":1,"name":"Home","item":"https:\/\/www.lovendal.ro\/wp52\/"},{"@type":"ListItem","position":2,"name":"Ce &#8222;creaturi luminoase&#8221; l-au impresionat at\u00e2t de tare pe marele poet Goethe, \u00eenc\u00e2t a sim\u0163it nevoia s\u0103 le aminteasc\u0103 \u00een autobiografia sa?"}]},{"@type":"WebSite","@id":"https:\/\/www.lovendal.ro\/wp52\/#website","url":"https:\/\/www.lovendal.ro\/wp52\/","name":"Secretele lui Lovendal","description":"Site de secrete, stiinta si metafizica - din 2008 -","publisher":{"@id":"https:\/\/www.lovendal.ro\/wp52\/#organization"},"potentialAction":[{"@type":"SearchAction","target":{"@type":"EntryPoint","urlTemplate":"https:\/\/www.lovendal.ro\/wp52\/?s={search_term_string}"},"query-input":{"@type":"PropertyValueSpecification","valueRequired":true,"valueName":"search_term_string"}}],"inLanguage":"ro-RO"},{"@type":"Organization","@id":"https:\/\/www.lovendal.ro\/wp52\/#organization","name":"Secretele lui Lovendal","url":"https:\/\/www.lovendal.ro\/wp52\/","logo":{"@type":"ImageObject","inLanguage":"ro-RO","@id":"https:\/\/www.lovendal.ro\/wp52\/#\/schema\/logo\/image\/","url":"https:\/\/www.lovendal.ro\/wp52\/wp-content\/uploads\/2024\/06\/cropped-SLL-iun-2024-1.jpg","contentUrl":"https:\/\/www.lovendal.ro\/wp52\/wp-content\/uploads\/2024\/06\/cropped-SLL-iun-2024-1.jpg","width":771,"height":240,"caption":"Secretele lui Lovendal"},"image":{"@id":"https:\/\/www.lovendal.ro\/wp52\/#\/schema\/logo\/image\/"},"sameAs":["https:\/\/www.facebook.com\/secreteleluilovendal"]},{"@type":"Person","@id":"https:\/\/www.lovendal.ro\/wp52\/#\/schema\/person\/088691de5dfc346bb0c023e1e52ef5d9","name":"admin","image":{"@type":"ImageObject","inLanguage":"ro-RO","@id":"https:\/\/secure.gravatar.com\/avatar\/ecb9cd41f5f63c9c9b989999a59f6e2639a865ec361e9db054db0679a8f341c2?s=96&d=mm&r=g","url":"https:\/\/secure.gravatar.com\/avatar\/ecb9cd41f5f63c9c9b989999a59f6e2639a865ec361e9db054db0679a8f341c2?s=96&d=mm&r=g","contentUrl":"https:\/\/secure.gravatar.com\/avatar\/ecb9cd41f5f63c9c9b989999a59f6e2639a865ec361e9db054db0679a8f341c2?s=96&d=mm&r=g","caption":"admin"},"sameAs":["https:\/\/www.lovendal.ro\/wp52"]}]}},"_links":{"self":[{"href":"https:\/\/www.lovendal.ro\/wp52\/wp-json\/wp\/v2\/posts\/30991","targetHints":{"allow":["GET"]}}],"collection":[{"href":"https:\/\/www.lovendal.ro\/wp52\/wp-json\/wp\/v2\/posts"}],"about":[{"href":"https:\/\/www.lovendal.ro\/wp52\/wp-json\/wp\/v2\/types\/post"}],"author":[{"embeddable":true,"href":"https:\/\/www.lovendal.ro\/wp52\/wp-json\/wp\/v2\/users\/1"}],"replies":[{"embeddable":true,"href":"https:\/\/www.lovendal.ro\/wp52\/wp-json\/wp\/v2\/comments?post=30991"}],"version-history":[{"count":0,"href":"https:\/\/www.lovendal.ro\/wp52\/wp-json\/wp\/v2\/posts\/30991\/revisions"}],"wp:featuredmedia":[{"embeddable":true,"href":"https:\/\/www.lovendal.ro\/wp52\/wp-json\/wp\/v2\/media\/30992"}],"wp:attachment":[{"href":"https:\/\/www.lovendal.ro\/wp52\/wp-json\/wp\/v2\/media?parent=30991"}],"wp:term":[{"taxonomy":"category","embeddable":true,"href":"https:\/\/www.lovendal.ro\/wp52\/wp-json\/wp\/v2\/categories?post=30991"},{"taxonomy":"post_tag","embeddable":true,"href":"https:\/\/www.lovendal.ro\/wp52\/wp-json\/wp\/v2\/tags?post=30991"}],"curies":[{"name":"wp","href":"https:\/\/api.w.org\/{rel}","templated":true}]}}