{"id":30976,"date":"2013-10-24T00:16:10","date_gmt":"2013-10-23T21:16:10","guid":{"rendered":"http:\/\/www.lovendal.ro\/wp52\/?p=30976"},"modified":"2013-10-24T01:55:42","modified_gmt":"2013-10-23T22:55:42","slug":"geto-dacii-erau-stramosii-ramanilor-un-popor-al-luminii-ce-cunosteau-multe-despre-univers-si-nemurire","status":"publish","type":"post","link":"https:\/\/www.lovendal.ro\/wp52\/geto-dacii-erau-stramosii-ramanilor-un-popor-al-luminii-ce-cunosteau-multe-despre-univers-si-nemurire\/","title":{"rendered":"Geto-dacii erau urma\u015fii Ramanilor &#8211; &#8222;un popor al luminii&#8221; &#8211; ce cuno\u015fteau multe despre Univers \u015fi nemurire"},"content":{"rendered":"<p><a href=\"https:\/\/www.lovendal.ro\/wp52\/wp-content\/uploads\/2013\/10\/daci-sacrificiu.jpg\"><img loading=\"lazy\" decoding=\"async\" class=\"alignleft size-full wp-image-30977\" alt=\"daci sacrificiu\" src=\"https:\/\/www.lovendal.ro\/wp52\/wp-content\/uploads\/2013\/10\/daci-sacrificiu.jpg\" width=\"335\" height=\"263\" srcset=\"https:\/\/www.lovendal.ro\/wp52\/wp-content\/uploads\/2013\/10\/daci-sacrificiu.jpg 335w, https:\/\/www.lovendal.ro\/wp52\/wp-content\/uploads\/2013\/10\/daci-sacrificiu-300x235.jpg 300w\" sizes=\"auto, (max-width: 335px) 100vw, 335px\" \/><\/a>Dintr-o carte a regretatului Ion \u0162ugui am citit urm\u0103toarele:<\/p>\n<p>Str\u0103mo\u015fii geto-dacilor se numeau Ramani &#8211; Poporul Luminii. Erau un popor de elit\u0103. Dintre toate semin\u0163iile acelor vremuri, Ramanii aveau o religie monoteist\u0103, cuno\u015fteau foarte multe despre Univers \u015fi despre nemurire. Ei au tr\u0103it p\u00e2n\u0103 \u00een urm\u0103 cu opt-zece mii de ani. \u00cen urma apari\u0163iei tot mai frecvente a spiritelor malefice care tulburau \u015fi dezechilibrau via\u0163a popula\u0163iilor din jur, Ramanii au disp\u0103rut \u00eentr-o zon\u0103 secret\u0103 din p\u0103m\u00e2nt. \u00cen locul lor au r\u0103mas descenden\u0163ii lor geto-dacii, \u00abcei mai viteji dintre to\u0163i tracii\u00bb. Nu \u00eent\u00e2mpl\u0103tor \u0163ara lor se va numi Dacia Felix. Spre deosebire de Ramani, care credeau \u00een Dumnezeu, geto-dacii aveau un idol spiritual, pe nume Zamolxis. Cultul acestuia conduce la o dec\u0103dere, la o denaturare de tip religios. \u015ei asta datorit\u0103 ritualului crud practicat de daci, care \u00ee\u015fi trimiteau un sol \u00een Ceruri arunc\u00e2ndu-i \u00een suli\u0163e de viu, \u015fi motiv\u00e2nd c\u0103 astfel el va cunoa\u015fte r\u0103spunsul lui Zamolxis la \u00eentreb\u0103ri cruciale&#8230;<\/p>\n<p>Un ritual asem\u0103n\u0103tor practicau \u015fi druzii, tot prin sacrificiul uman. Cum dacii erau neclinti\u0163i \u00een credin\u0163a lor, cel sacrificat umbla o vreme prin ceruri, altfel spus, \u00een straturile superioare de energie unde, \u00eent\u00e2lnindu-se cu spirite superioare, avea \u015fansa s\u0103 cunoasc\u0103 viitorul. El comunica cele aflate p\u0103m\u00eentenilor s\u0103i, prin spiritul s\u0103u, care ap\u0103rea noaptea, \u00een vis, b\u0103tr\u00e2nilor \u00een\u0163elep\u0163i \u015fi le transmitea mesajele a\u015fteptate.<\/p>\n<p>Zamolxis se pare c\u0103 chiar a existat; a fost un spirit superior. Dar la un moment dat, el a disp\u0103rut pentru totdeauna din Universul tridimensional. Spiritele malefice au \u00eenceput lucrarea \u00eempotriva dacilor, \u00een momentul c\u00e2nd au \u00eenceput s\u0103 le r\u00e2vneasc\u0103 bog\u0103\u0163iile sarma\u0163ii, cel\u0163ii \u015fi mul\u0163i al\u0163ii, care au pornit b\u0103t\u0103liile s\u00e2ngeroase \u00eempotriva geto-dacilor. Dar odat\u0103 cu asasinarea lui Burebista, Dacia intr\u0103 \u00een ura maleficului. Imperiul Roman era \u00een expansiune, nici Dacia n-a fost ocolit\u0103 de invazie, iar apoi, demnitatea spetific\u0103 dacilor l-a dus pe viteazul Decebal la sinucidere. Asta chiar dac\u0103 \u00eensu\u015fi marele rege \u015ftia c\u0103 sinuciderea era o crim\u0103 la adresa Divinit\u0103\u0163ii. Istoria \u00een continuare este cunoscut\u0103, apari\u0163ia poporului rom\u00e2n, supravie\u0163uirea civiliza\u0163iei dacilor, apoi stingerea ei lent\u0103 \u015fi, \u00een cele din urm\u0103, marele moment malefic al invaziei barbarilor&#8230;<\/p>\n","protected":false},"excerpt":{"rendered":"<p>Dintr-o carte a regretatului Ion \u0162ugui am citit urm\u0103toarele: Str\u0103mo\u015fii geto-dacilor se numeau Ramani &#8211; Poporul Luminii. Erau un popor de elit\u0103. Dintre toate semin\u0163iile acelor vremuri, Ramanii aveau o religie monoteist\u0103, cuno\u015fteau foarte multe despre Univers \u015fi despre nemurire. &#8230; <\/p>\n<p class=\"read-more-container\"><a title=\"Geto-dacii erau urma\u015fii Ramanilor &#8211; &#8222;un popor al luminii&#8221; &#8211; ce cuno\u015fteau multe despre Univers \u015fi nemurire\" class=\"read-more button\" href=\"https:\/\/www.lovendal.ro\/wp52\/geto-dacii-erau-stramosii-ramanilor-un-popor-al-luminii-ce-cunosteau-multe-despre-univers-si-nemurire\/#more-30976\" aria-label=\"Cite\u0219te mai multe despre Geto-dacii erau urma\u015fii Ramanilor &#8211; &#8222;un popor al luminii&#8221; &#8211; ce cuno\u015fteau multe despre Univers \u015fi nemurire\">Cititi mai multe<\/a><\/p>\n","protected":false},"author":1,"featured_media":30977,"comment_status":"open","ping_status":"open","sticky":false,"template":"","format":"standard","meta":{"footnotes":""},"categories":[9,2833],"tags":[5570,1110,1157,7105,1532,2213,7104,858,74,2907,3985,1087,2507],"class_list":["post-30976","post","type-post","status-publish","format-standard","has-post-thumbnail","hentry","category-istorie","category-noutati","tag-barbari","tag-daci","tag-dacia","tag-ioan-tugui","tag-istorie-si-civilizatii","tag-nemurire","tag-ramani","tag-romani","tag-romania","tag-sacrificiu","tag-sulita","tag-univers","tag-zamolxis","resize-featured-image"],"yoast_head":"<!-- This site is optimized with the Yoast SEO Premium plugin v23.3 (Yoast SEO v27.4) - https:\/\/yoast.com\/product\/yoast-seo-premium-wordpress\/ -->\n<title>Geto-dacii erau urma\u015fii Ramanilor - &quot;un popor al luminii&quot; - ce cuno\u015fteau multe despre Univers \u015fi nemurire - Secretele lui Lovendal<\/title>\n<meta name=\"robots\" content=\"index, follow, max-snippet:-1, max-image-preview:large, max-video-preview:-1\" \/>\n<link rel=\"canonical\" href=\"https:\/\/www.lovendal.ro\/wp52\/geto-dacii-erau-stramosii-ramanilor-un-popor-al-luminii-ce-cunosteau-multe-despre-univers-si-nemurire\/\" \/>\n<meta property=\"og:locale\" content=\"ro_RO\" \/>\n<meta property=\"og:type\" content=\"article\" \/>\n<meta property=\"og:title\" content=\"Geto-dacii erau urma\u015fii Ramanilor - &quot;un popor al luminii&quot; - ce cuno\u015fteau multe despre Univers \u015fi nemurire\" \/>\n<meta property=\"og:description\" content=\"Dintr-o carte a regretatului Ion \u0162ugui am citit urm\u0103toarele: Str\u0103mo\u015fii geto-dacilor se numeau Ramani &#8211; Poporul Luminii. Erau un popor de elit\u0103. Dintre toate semin\u0163iile acelor vremuri, Ramanii aveau o religie monoteist\u0103, cuno\u015fteau foarte multe despre Univers \u015fi despre nemurire. ... Cititi mai multe\" \/>\n<meta property=\"og:url\" content=\"https:\/\/www.lovendal.ro\/wp52\/geto-dacii-erau-stramosii-ramanilor-un-popor-al-luminii-ce-cunosteau-multe-despre-univers-si-nemurire\/\" \/>\n<meta property=\"og:site_name\" content=\"Secretele lui Lovendal\" \/>\n<meta property=\"article:publisher\" content=\"https:\/\/www.facebook.com\/secreteleluilovendal\" \/>\n<meta property=\"article:published_time\" content=\"2013-10-23T21:16:10+00:00\" \/>\n<meta property=\"article:modified_time\" content=\"2013-10-23T22:55:42+00:00\" \/>\n<meta property=\"og:image\" content=\"https:\/\/www.lovendal.ro\/wp52\/wp-content\/uploads\/2013\/10\/daci-sacrificiu.jpg\" \/>\n\t<meta property=\"og:image:width\" content=\"335\" \/>\n\t<meta property=\"og:image:height\" content=\"263\" \/>\n\t<meta property=\"og:image:type\" content=\"image\/jpeg\" \/>\n<meta name=\"author\" content=\"admin\" \/>\n<meta name=\"twitter:card\" content=\"summary_large_image\" \/>\n<meta name=\"twitter:label1\" content=\"Scris de\" \/>\n\t<meta name=\"twitter:data1\" content=\"admin\" \/>\n\t<meta name=\"twitter:label2\" content=\"Timp estimat pentru citire\" \/>\n\t<meta name=\"twitter:data2\" content=\"2 minute\" \/>\n<script type=\"application\/ld+json\" class=\"yoast-schema-graph\">{\"@context\":\"https:\\\/\\\/schema.org\",\"@graph\":[{\"@type\":\"Article\",\"@id\":\"https:\\\/\\\/www.lovendal.ro\\\/wp52\\\/geto-dacii-erau-stramosii-ramanilor-un-popor-al-luminii-ce-cunosteau-multe-despre-univers-si-nemurire\\\/#article\",\"isPartOf\":{\"@id\":\"https:\\\/\\\/www.lovendal.ro\\\/wp52\\\/geto-dacii-erau-stramosii-ramanilor-un-popor-al-luminii-ce-cunosteau-multe-despre-univers-si-nemurire\\\/\"},\"author\":{\"name\":\"admin\",\"@id\":\"https:\\\/\\\/www.lovendal.ro\\\/wp52\\\/#\\\/schema\\\/person\\\/088691de5dfc346bb0c023e1e52ef5d9\"},\"headline\":\"Geto-dacii erau urma\u015fii Ramanilor &#8211; &#8222;un popor al luminii&#8221; &#8211; ce cuno\u015fteau multe despre Univers \u015fi nemurire\",\"datePublished\":\"2013-10-23T21:16:10+00:00\",\"dateModified\":\"2013-10-23T22:55:42+00:00\",\"mainEntityOfPage\":{\"@id\":\"https:\\\/\\\/www.lovendal.ro\\\/wp52\\\/geto-dacii-erau-stramosii-ramanilor-un-popor-al-luminii-ce-cunosteau-multe-despre-univers-si-nemurire\\\/\"},\"wordCount\":427,\"commentCount\":15,\"publisher\":{\"@id\":\"https:\\\/\\\/www.lovendal.ro\\\/wp52\\\/#organization\"},\"image\":{\"@id\":\"https:\\\/\\\/www.lovendal.ro\\\/wp52\\\/geto-dacii-erau-stramosii-ramanilor-un-popor-al-luminii-ce-cunosteau-multe-despre-univers-si-nemurire\\\/#primaryimage\"},\"thumbnailUrl\":\"https:\\\/\\\/www.lovendal.ro\\\/wp52\\\/wp-content\\\/uploads\\\/2013\\\/10\\\/daci-sacrificiu.jpg\",\"keywords\":[\"barbari\",\"daci\",\"Dacia\",\"Ioan \u0162ugui\",\"Istorie si Civilizatii\",\"nemurire\",\"ramani\",\"romani\",\"Rom\u00e2nia\",\"sacrificiu\",\"suli\u0163\u0103\",\"Univers\",\"Zamolxis\"],\"articleSection\":[\"Istorie si Civilizatii\",\"Noutati\"],\"inLanguage\":\"ro-RO\",\"potentialAction\":[{\"@type\":\"CommentAction\",\"name\":\"Comment\",\"target\":[\"https:\\\/\\\/www.lovendal.ro\\\/wp52\\\/geto-dacii-erau-stramosii-ramanilor-un-popor-al-luminii-ce-cunosteau-multe-despre-univers-si-nemurire\\\/#respond\"]}]},{\"@type\":\"WebPage\",\"@id\":\"https:\\\/\\\/www.lovendal.ro\\\/wp52\\\/geto-dacii-erau-stramosii-ramanilor-un-popor-al-luminii-ce-cunosteau-multe-despre-univers-si-nemurire\\\/\",\"url\":\"https:\\\/\\\/www.lovendal.ro\\\/wp52\\\/geto-dacii-erau-stramosii-ramanilor-un-popor-al-luminii-ce-cunosteau-multe-despre-univers-si-nemurire\\\/\",\"name\":\"Geto-dacii erau urma\u015fii Ramanilor - \\\"un popor al luminii\\\" - ce cuno\u015fteau multe despre Univers \u015fi nemurire - Secretele lui Lovendal\",\"isPartOf\":{\"@id\":\"https:\\\/\\\/www.lovendal.ro\\\/wp52\\\/#website\"},\"primaryImageOfPage\":{\"@id\":\"https:\\\/\\\/www.lovendal.ro\\\/wp52\\\/geto-dacii-erau-stramosii-ramanilor-un-popor-al-luminii-ce-cunosteau-multe-despre-univers-si-nemurire\\\/#primaryimage\"},\"image\":{\"@id\":\"https:\\\/\\\/www.lovendal.ro\\\/wp52\\\/geto-dacii-erau-stramosii-ramanilor-un-popor-al-luminii-ce-cunosteau-multe-despre-univers-si-nemurire\\\/#primaryimage\"},\"thumbnailUrl\":\"https:\\\/\\\/www.lovendal.ro\\\/wp52\\\/wp-content\\\/uploads\\\/2013\\\/10\\\/daci-sacrificiu.jpg\",\"datePublished\":\"2013-10-23T21:16:10+00:00\",\"dateModified\":\"2013-10-23T22:55:42+00:00\",\"breadcrumb\":{\"@id\":\"https:\\\/\\\/www.lovendal.ro\\\/wp52\\\/geto-dacii-erau-stramosii-ramanilor-un-popor-al-luminii-ce-cunosteau-multe-despre-univers-si-nemurire\\\/#breadcrumb\"},\"inLanguage\":\"ro-RO\",\"potentialAction\":[{\"@type\":\"ReadAction\",\"target\":[\"https:\\\/\\\/www.lovendal.ro\\\/wp52\\\/geto-dacii-erau-stramosii-ramanilor-un-popor-al-luminii-ce-cunosteau-multe-despre-univers-si-nemurire\\\/\"]}]},{\"@type\":\"ImageObject\",\"inLanguage\":\"ro-RO\",\"@id\":\"https:\\\/\\\/www.lovendal.ro\\\/wp52\\\/geto-dacii-erau-stramosii-ramanilor-un-popor-al-luminii-ce-cunosteau-multe-despre-univers-si-nemurire\\\/#primaryimage\",\"url\":\"https:\\\/\\\/www.lovendal.ro\\\/wp52\\\/wp-content\\\/uploads\\\/2013\\\/10\\\/daci-sacrificiu.jpg\",\"contentUrl\":\"https:\\\/\\\/www.lovendal.ro\\\/wp52\\\/wp-content\\\/uploads\\\/2013\\\/10\\\/daci-sacrificiu.jpg\",\"width\":335,\"height\":263},{\"@type\":\"BreadcrumbList\",\"@id\":\"https:\\\/\\\/www.lovendal.ro\\\/wp52\\\/geto-dacii-erau-stramosii-ramanilor-un-popor-al-luminii-ce-cunosteau-multe-despre-univers-si-nemurire\\\/#breadcrumb\",\"itemListElement\":[{\"@type\":\"ListItem\",\"position\":1,\"name\":\"Home\",\"item\":\"https:\\\/\\\/www.lovendal.ro\\\/wp52\\\/\"},{\"@type\":\"ListItem\",\"position\":2,\"name\":\"Geto-dacii erau urma\u015fii Ramanilor &#8211; &#8222;un popor al luminii&#8221; &#8211; ce cuno\u015fteau multe despre Univers \u015fi nemurire\"}]},{\"@type\":\"WebSite\",\"@id\":\"https:\\\/\\\/www.lovendal.ro\\\/wp52\\\/#website\",\"url\":\"https:\\\/\\\/www.lovendal.ro\\\/wp52\\\/\",\"name\":\"Secretele lui Lovendal\",\"description\":\"Site de secrete, stiinta si metafizica - din 2008 -\",\"publisher\":{\"@id\":\"https:\\\/\\\/www.lovendal.ro\\\/wp52\\\/#organization\"},\"potentialAction\":[{\"@type\":\"SearchAction\",\"target\":{\"@type\":\"EntryPoint\",\"urlTemplate\":\"https:\\\/\\\/www.lovendal.ro\\\/wp52\\\/?s={search_term_string}\"},\"query-input\":{\"@type\":\"PropertyValueSpecification\",\"valueRequired\":true,\"valueName\":\"search_term_string\"}}],\"inLanguage\":\"ro-RO\"},{\"@type\":\"Organization\",\"@id\":\"https:\\\/\\\/www.lovendal.ro\\\/wp52\\\/#organization\",\"name\":\"Secretele lui Lovendal\",\"url\":\"https:\\\/\\\/www.lovendal.ro\\\/wp52\\\/\",\"logo\":{\"@type\":\"ImageObject\",\"inLanguage\":\"ro-RO\",\"@id\":\"https:\\\/\\\/www.lovendal.ro\\\/wp52\\\/#\\\/schema\\\/logo\\\/image\\\/\",\"url\":\"https:\\\/\\\/www.lovendal.ro\\\/wp52\\\/wp-content\\\/uploads\\\/2024\\\/06\\\/cropped-SLL-iun-2024-1.jpg\",\"contentUrl\":\"https:\\\/\\\/www.lovendal.ro\\\/wp52\\\/wp-content\\\/uploads\\\/2024\\\/06\\\/cropped-SLL-iun-2024-1.jpg\",\"width\":771,\"height\":240,\"caption\":\"Secretele lui Lovendal\"},\"image\":{\"@id\":\"https:\\\/\\\/www.lovendal.ro\\\/wp52\\\/#\\\/schema\\\/logo\\\/image\\\/\"},\"sameAs\":[\"https:\\\/\\\/www.facebook.com\\\/secreteleluilovendal\"]},{\"@type\":\"Person\",\"@id\":\"https:\\\/\\\/www.lovendal.ro\\\/wp52\\\/#\\\/schema\\\/person\\\/088691de5dfc346bb0c023e1e52ef5d9\",\"name\":\"admin\",\"image\":{\"@type\":\"ImageObject\",\"inLanguage\":\"ro-RO\",\"@id\":\"https:\\\/\\\/secure.gravatar.com\\\/avatar\\\/ecb9cd41f5f63c9c9b989999a59f6e2639a865ec361e9db054db0679a8f341c2?s=96&d=mm&r=g\",\"url\":\"https:\\\/\\\/secure.gravatar.com\\\/avatar\\\/ecb9cd41f5f63c9c9b989999a59f6e2639a865ec361e9db054db0679a8f341c2?s=96&d=mm&r=g\",\"contentUrl\":\"https:\\\/\\\/secure.gravatar.com\\\/avatar\\\/ecb9cd41f5f63c9c9b989999a59f6e2639a865ec361e9db054db0679a8f341c2?s=96&d=mm&r=g\",\"caption\":\"admin\"},\"sameAs\":[\"https:\\\/\\\/www.lovendal.ro\\\/wp52\"]}]}<\/script>\n<!-- \/ Yoast SEO Premium plugin. -->","yoast_head_json":{"title":"Geto-dacii erau urma\u015fii Ramanilor - \"un popor al luminii\" - ce cuno\u015fteau multe despre Univers \u015fi nemurire - Secretele lui Lovendal","robots":{"index":"index","follow":"follow","max-snippet":"max-snippet:-1","max-image-preview":"max-image-preview:large","max-video-preview":"max-video-preview:-1"},"canonical":"https:\/\/www.lovendal.ro\/wp52\/geto-dacii-erau-stramosii-ramanilor-un-popor-al-luminii-ce-cunosteau-multe-despre-univers-si-nemurire\/","og_locale":"ro_RO","og_type":"article","og_title":"Geto-dacii erau urma\u015fii Ramanilor - \"un popor al luminii\" - ce cuno\u015fteau multe despre Univers \u015fi nemurire","og_description":"Dintr-o carte a regretatului Ion \u0162ugui am citit urm\u0103toarele: Str\u0103mo\u015fii geto-dacilor se numeau Ramani &#8211; Poporul Luminii. Erau un popor de elit\u0103. Dintre toate semin\u0163iile acelor vremuri, Ramanii aveau o religie monoteist\u0103, cuno\u015fteau foarte multe despre Univers \u015fi despre nemurire. ... Cititi mai multe","og_url":"https:\/\/www.lovendal.ro\/wp52\/geto-dacii-erau-stramosii-ramanilor-un-popor-al-luminii-ce-cunosteau-multe-despre-univers-si-nemurire\/","og_site_name":"Secretele lui Lovendal","article_publisher":"https:\/\/www.facebook.com\/secreteleluilovendal","article_published_time":"2013-10-23T21:16:10+00:00","article_modified_time":"2013-10-23T22:55:42+00:00","og_image":[{"width":335,"height":263,"url":"https:\/\/www.lovendal.ro\/wp52\/wp-content\/uploads\/2013\/10\/daci-sacrificiu.jpg","type":"image\/jpeg"}],"author":"admin","twitter_card":"summary_large_image","twitter_misc":{"Scris de":"admin","Timp estimat pentru citire":"2 minute"},"schema":{"@context":"https:\/\/schema.org","@graph":[{"@type":"Article","@id":"https:\/\/www.lovendal.ro\/wp52\/geto-dacii-erau-stramosii-ramanilor-un-popor-al-luminii-ce-cunosteau-multe-despre-univers-si-nemurire\/#article","isPartOf":{"@id":"https:\/\/www.lovendal.ro\/wp52\/geto-dacii-erau-stramosii-ramanilor-un-popor-al-luminii-ce-cunosteau-multe-despre-univers-si-nemurire\/"},"author":{"name":"admin","@id":"https:\/\/www.lovendal.ro\/wp52\/#\/schema\/person\/088691de5dfc346bb0c023e1e52ef5d9"},"headline":"Geto-dacii erau urma\u015fii Ramanilor &#8211; &#8222;un popor al luminii&#8221; &#8211; ce cuno\u015fteau multe despre Univers \u015fi nemurire","datePublished":"2013-10-23T21:16:10+00:00","dateModified":"2013-10-23T22:55:42+00:00","mainEntityOfPage":{"@id":"https:\/\/www.lovendal.ro\/wp52\/geto-dacii-erau-stramosii-ramanilor-un-popor-al-luminii-ce-cunosteau-multe-despre-univers-si-nemurire\/"},"wordCount":427,"commentCount":15,"publisher":{"@id":"https:\/\/www.lovendal.ro\/wp52\/#organization"},"image":{"@id":"https:\/\/www.lovendal.ro\/wp52\/geto-dacii-erau-stramosii-ramanilor-un-popor-al-luminii-ce-cunosteau-multe-despre-univers-si-nemurire\/#primaryimage"},"thumbnailUrl":"https:\/\/www.lovendal.ro\/wp52\/wp-content\/uploads\/2013\/10\/daci-sacrificiu.jpg","keywords":["barbari","daci","Dacia","Ioan \u0162ugui","Istorie si Civilizatii","nemurire","ramani","romani","Rom\u00e2nia","sacrificiu","suli\u0163\u0103","Univers","Zamolxis"],"articleSection":["Istorie si Civilizatii","Noutati"],"inLanguage":"ro-RO","potentialAction":[{"@type":"CommentAction","name":"Comment","target":["https:\/\/www.lovendal.ro\/wp52\/geto-dacii-erau-stramosii-ramanilor-un-popor-al-luminii-ce-cunosteau-multe-despre-univers-si-nemurire\/#respond"]}]},{"@type":"WebPage","@id":"https:\/\/www.lovendal.ro\/wp52\/geto-dacii-erau-stramosii-ramanilor-un-popor-al-luminii-ce-cunosteau-multe-despre-univers-si-nemurire\/","url":"https:\/\/www.lovendal.ro\/wp52\/geto-dacii-erau-stramosii-ramanilor-un-popor-al-luminii-ce-cunosteau-multe-despre-univers-si-nemurire\/","name":"Geto-dacii erau urma\u015fii Ramanilor - \"un popor al luminii\" - ce cuno\u015fteau multe despre Univers \u015fi nemurire - Secretele lui Lovendal","isPartOf":{"@id":"https:\/\/www.lovendal.ro\/wp52\/#website"},"primaryImageOfPage":{"@id":"https:\/\/www.lovendal.ro\/wp52\/geto-dacii-erau-stramosii-ramanilor-un-popor-al-luminii-ce-cunosteau-multe-despre-univers-si-nemurire\/#primaryimage"},"image":{"@id":"https:\/\/www.lovendal.ro\/wp52\/geto-dacii-erau-stramosii-ramanilor-un-popor-al-luminii-ce-cunosteau-multe-despre-univers-si-nemurire\/#primaryimage"},"thumbnailUrl":"https:\/\/www.lovendal.ro\/wp52\/wp-content\/uploads\/2013\/10\/daci-sacrificiu.jpg","datePublished":"2013-10-23T21:16:10+00:00","dateModified":"2013-10-23T22:55:42+00:00","breadcrumb":{"@id":"https:\/\/www.lovendal.ro\/wp52\/geto-dacii-erau-stramosii-ramanilor-un-popor-al-luminii-ce-cunosteau-multe-despre-univers-si-nemurire\/#breadcrumb"},"inLanguage":"ro-RO","potentialAction":[{"@type":"ReadAction","target":["https:\/\/www.lovendal.ro\/wp52\/geto-dacii-erau-stramosii-ramanilor-un-popor-al-luminii-ce-cunosteau-multe-despre-univers-si-nemurire\/"]}]},{"@type":"ImageObject","inLanguage":"ro-RO","@id":"https:\/\/www.lovendal.ro\/wp52\/geto-dacii-erau-stramosii-ramanilor-un-popor-al-luminii-ce-cunosteau-multe-despre-univers-si-nemurire\/#primaryimage","url":"https:\/\/www.lovendal.ro\/wp52\/wp-content\/uploads\/2013\/10\/daci-sacrificiu.jpg","contentUrl":"https:\/\/www.lovendal.ro\/wp52\/wp-content\/uploads\/2013\/10\/daci-sacrificiu.jpg","width":335,"height":263},{"@type":"BreadcrumbList","@id":"https:\/\/www.lovendal.ro\/wp52\/geto-dacii-erau-stramosii-ramanilor-un-popor-al-luminii-ce-cunosteau-multe-despre-univers-si-nemurire\/#breadcrumb","itemListElement":[{"@type":"ListItem","position":1,"name":"Home","item":"https:\/\/www.lovendal.ro\/wp52\/"},{"@type":"ListItem","position":2,"name":"Geto-dacii erau urma\u015fii Ramanilor &#8211; &#8222;un popor al luminii&#8221; &#8211; ce cuno\u015fteau multe despre Univers \u015fi nemurire"}]},{"@type":"WebSite","@id":"https:\/\/www.lovendal.ro\/wp52\/#website","url":"https:\/\/www.lovendal.ro\/wp52\/","name":"Secretele lui Lovendal","description":"Site de secrete, stiinta si metafizica - din 2008 -","publisher":{"@id":"https:\/\/www.lovendal.ro\/wp52\/#organization"},"potentialAction":[{"@type":"SearchAction","target":{"@type":"EntryPoint","urlTemplate":"https:\/\/www.lovendal.ro\/wp52\/?s={search_term_string}"},"query-input":{"@type":"PropertyValueSpecification","valueRequired":true,"valueName":"search_term_string"}}],"inLanguage":"ro-RO"},{"@type":"Organization","@id":"https:\/\/www.lovendal.ro\/wp52\/#organization","name":"Secretele lui Lovendal","url":"https:\/\/www.lovendal.ro\/wp52\/","logo":{"@type":"ImageObject","inLanguage":"ro-RO","@id":"https:\/\/www.lovendal.ro\/wp52\/#\/schema\/logo\/image\/","url":"https:\/\/www.lovendal.ro\/wp52\/wp-content\/uploads\/2024\/06\/cropped-SLL-iun-2024-1.jpg","contentUrl":"https:\/\/www.lovendal.ro\/wp52\/wp-content\/uploads\/2024\/06\/cropped-SLL-iun-2024-1.jpg","width":771,"height":240,"caption":"Secretele lui Lovendal"},"image":{"@id":"https:\/\/www.lovendal.ro\/wp52\/#\/schema\/logo\/image\/"},"sameAs":["https:\/\/www.facebook.com\/secreteleluilovendal"]},{"@type":"Person","@id":"https:\/\/www.lovendal.ro\/wp52\/#\/schema\/person\/088691de5dfc346bb0c023e1e52ef5d9","name":"admin","image":{"@type":"ImageObject","inLanguage":"ro-RO","@id":"https:\/\/secure.gravatar.com\/avatar\/ecb9cd41f5f63c9c9b989999a59f6e2639a865ec361e9db054db0679a8f341c2?s=96&d=mm&r=g","url":"https:\/\/secure.gravatar.com\/avatar\/ecb9cd41f5f63c9c9b989999a59f6e2639a865ec361e9db054db0679a8f341c2?s=96&d=mm&r=g","contentUrl":"https:\/\/secure.gravatar.com\/avatar\/ecb9cd41f5f63c9c9b989999a59f6e2639a865ec361e9db054db0679a8f341c2?s=96&d=mm&r=g","caption":"admin"},"sameAs":["https:\/\/www.lovendal.ro\/wp52"]}]}},"_links":{"self":[{"href":"https:\/\/www.lovendal.ro\/wp52\/wp-json\/wp\/v2\/posts\/30976","targetHints":{"allow":["GET"]}}],"collection":[{"href":"https:\/\/www.lovendal.ro\/wp52\/wp-json\/wp\/v2\/posts"}],"about":[{"href":"https:\/\/www.lovendal.ro\/wp52\/wp-json\/wp\/v2\/types\/post"}],"author":[{"embeddable":true,"href":"https:\/\/www.lovendal.ro\/wp52\/wp-json\/wp\/v2\/users\/1"}],"replies":[{"embeddable":true,"href":"https:\/\/www.lovendal.ro\/wp52\/wp-json\/wp\/v2\/comments?post=30976"}],"version-history":[{"count":0,"href":"https:\/\/www.lovendal.ro\/wp52\/wp-json\/wp\/v2\/posts\/30976\/revisions"}],"wp:featuredmedia":[{"embeddable":true,"href":"https:\/\/www.lovendal.ro\/wp52\/wp-json\/wp\/v2\/media\/30977"}],"wp:attachment":[{"href":"https:\/\/www.lovendal.ro\/wp52\/wp-json\/wp\/v2\/media?parent=30976"}],"wp:term":[{"taxonomy":"category","embeddable":true,"href":"https:\/\/www.lovendal.ro\/wp52\/wp-json\/wp\/v2\/categories?post=30976"},{"taxonomy":"post_tag","embeddable":true,"href":"https:\/\/www.lovendal.ro\/wp52\/wp-json\/wp\/v2\/tags?post=30976"}],"curies":[{"name":"wp","href":"https:\/\/api.w.org\/{rel}","templated":true}]}}