{"id":30728,"date":"2013-10-08T07:00:58","date_gmt":"2013-10-08T04:00:58","guid":{"rendered":"http:\/\/www.lovendal.ro\/wp52\/?p=30728"},"modified":"2013-10-15T23:35:43","modified_gmt":"2013-10-15T20:35:43","slug":"dacii-erau-deja-crestini-inainte-de-cucerirea-romana-imparatul-roman-si-pagan-traian-a-vrut-sa-cucereasca-dacia-pentru-ca-era-un-bastion-al-crestinismului","status":"publish","type":"post","link":"https:\/\/www.lovendal.ro\/wp52\/dacii-erau-deja-crestini-inainte-de-cucerirea-romana-imparatul-roman-si-pagan-traian-a-vrut-sa-cucereasca-dacia-pentru-ca-era-un-bastion-al-crestinismului\/","title":{"rendered":"Dacii erau deja cre\u015ftini \u00eenainte de cucerirea roman\u0103? \u00cemp\u0103ratul roman \u015fi p\u0103g\u00e2n Traian a vrut s\u0103 cucereasc\u0103 Dacia pentru c\u0103 era un &#8222;bastion al cre\u015ftinismului&#8221;?"},"content":{"rendered":"<p><a href=\"https:\/\/www.lovendal.ro\/wp52\/wp-content\/uploads\/2013\/10\/daci-romani.jpg\"><img loading=\"lazy\" decoding=\"async\" class=\"alignleft size-full wp-image-30729\" alt=\"daci romani\" src=\"https:\/\/www.lovendal.ro\/wp52\/wp-content\/uploads\/2013\/10\/daci-romani.jpg\" width=\"336\" height=\"243\" srcset=\"https:\/\/www.lovendal.ro\/wp52\/wp-content\/uploads\/2013\/10\/daci-romani.jpg 336w, https:\/\/www.lovendal.ro\/wp52\/wp-content\/uploads\/2013\/10\/daci-romani-300x216.jpg 300w\" sizes=\"auto, (max-width: 336px) 100vw, 336px\" \/><\/a>Alexandru Dobo\u015f este un autor care are o teorie extrem de interesant\u0103: faptul c\u0103 dacii, \u00eenainte de c\u0103derea Sarmizegetusei din anul 106 d.Hr., erau deja cre\u015ftini, aceast\u0103 cre\u015ftinizare fiind efectuat\u0103 de c\u0103tre Marele Preot al dacilor care, la r\u00e2ndul s\u0103u, beneficiase de o prim\u0103 ini\u0163iere de la unul dintre apostolii Domnului Iisus Christos sau (ceea ce este cazul cel mai fericit) de la \u00eensu\u015fi \u00eenv\u0103\u0163\u0103torul Iisus Christos.<\/p>\n<p>A\u015fadar, lupt\u0103torii daci erau cre\u015ftini transcendentali care ap\u0103rau, nu numai glia \u015fi neamul, ci ceva cel pu\u0163in la fel de sf\u00e2nt: Adev\u0103rul Evangheliei. Nu trebuie uitat c\u0103 redutele dacice erau, \u00een acest caz, avanposturile cre\u015ftinismului mondial, c\u0103 iudeo-masono-romanii reprezentau falanga cea mai primejdioas\u0103 a diavolului pe P\u0103m\u00e2nt. O\u015ftirea \u00eens\u0103\u015fi a Imperiului Roman era compus\u0103, \u00een marea ei parte, din o\u015fteni av\u00e2nd s\u00e2ngele celor care L-au crucificat pe Domnul nostru lisus Christos, adic\u0103 din iudei \u015fi romani. Asaltul Romei avea o preponderent\u0103 conota\u0163ie de \u00een\u0103bu\u015fire a primului mugur cre\u015ftinesc mondial ivit \u00eentre Carpa\u0163ii dacici, locul de spiritual\u0103 na\u015ftere al M\u00e2ntuitorului.<\/p>\n<p>Asta mai poate \u00eensemna c\u0103 nu Roma a fost primul centru de persecu\u0163ie \u00een mas\u0103 a cre\u015ftinilor, ci Sarmizegetusa, \u015fi c\u0103 cei care constituiau marea mas\u0103 a cre\u015ftinilor din Roma erau daci cre\u015ftina\u0163i \u00eenaintea, \u00een timpul sau dup\u0103 consumarea \u201eevenimentului Sarmizegetusa 106 d.Chr.&#8221;<\/p>\n<p>Voi ce crede\u0163i de aceast\u0103 teorie? A vrut oare p\u0103g\u00e2nul \u00eemp\u0103rat roman Traian s\u0103 cucereasc\u0103 Dacia pentru a st\u0103vili r\u0103sp\u00e2ndirea cre\u015ftinismului \u00een \u00eentreaga Europ\u0103 \u015fi lume?<\/p>\n","protected":false},"excerpt":{"rendered":"<p>Alexandru Dobo\u015f este un autor care are o teorie extrem de interesant\u0103: faptul c\u0103 dacii, \u00eenainte de c\u0103derea Sarmizegetusei din anul 106 d.Hr., erau deja cre\u015ftini, aceast\u0103 cre\u015ftinizare fiind efectuat\u0103 de c\u0103tre Marele Preot al dacilor care, la r\u00e2ndul s\u0103u, &#8230; <\/p>\n<p class=\"read-more-container\"><a title=\"Dacii erau deja cre\u015ftini \u00eenainte de cucerirea roman\u0103? \u00cemp\u0103ratul roman \u015fi p\u0103g\u00e2n Traian a vrut s\u0103 cucereasc\u0103 Dacia pentru c\u0103 era un &#8222;bastion al cre\u015ftinismului&#8221;?\" class=\"read-more button\" href=\"https:\/\/www.lovendal.ro\/wp52\/dacii-erau-deja-crestini-inainte-de-cucerirea-romana-imparatul-roman-si-pagan-traian-a-vrut-sa-cucereasca-dacia-pentru-ca-era-un-bastion-al-crestinismului\/#more-30728\" aria-label=\"Cite\u0219te mai multe despre Dacii erau deja cre\u015ftini \u00eenainte de cucerirea roman\u0103? \u00cemp\u0103ratul roman \u015fi p\u0103g\u00e2n Traian a vrut s\u0103 cucereasc\u0103 Dacia pentru c\u0103 era un &#8222;bastion al cre\u015ftinismului&#8221;?\">Cititi mai multe<\/a><\/p>\n","protected":false},"author":1,"featured_media":30729,"comment_status":"open","ping_status":"open","sticky":false,"template":"","format":"standard","meta":{"footnotes":""},"categories":[9],"tags":[211,1110,1157,341,210,116,1532,858,2282,1159],"class_list":["post-30728","post","type-post","status-publish","format-standard","has-post-thumbnail","hentry","category-istorie","tag-crestinism","tag-daci","tag-dacia","tag-europa","tag-iisus-hristos","tag-imperiul-roman","tag-istorie-si-civilizatii","tag-romani","tag-sarmizegetusa","tag-traian","resize-featured-image"],"yoast_head":"<!-- This site is optimized with the Yoast SEO Premium plugin v23.3 (Yoast SEO v27.4) - https:\/\/yoast.com\/product\/yoast-seo-premium-wordpress\/ -->\n<title>Dacii erau deja cre\u015ftini \u00eenainte de cucerirea roman\u0103? \u00cemp\u0103ratul roman \u015fi p\u0103g\u00e2n Traian a vrut s\u0103 cucereasc\u0103 Dacia pentru c\u0103 era un &quot;bastion al cre\u015ftinismului&quot;? - Secretele lui Lovendal<\/title>\n<meta name=\"robots\" content=\"index, follow, max-snippet:-1, max-image-preview:large, max-video-preview:-1\" \/>\n<link rel=\"canonical\" href=\"https:\/\/www.lovendal.ro\/wp52\/dacii-erau-deja-crestini-inainte-de-cucerirea-romana-imparatul-roman-si-pagan-traian-a-vrut-sa-cucereasca-dacia-pentru-ca-era-un-bastion-al-crestinismului\/\" \/>\n<meta property=\"og:locale\" content=\"ro_RO\" \/>\n<meta property=\"og:type\" content=\"article\" \/>\n<meta property=\"og:title\" content=\"Dacii erau deja cre\u015ftini \u00eenainte de cucerirea roman\u0103? \u00cemp\u0103ratul roman \u015fi p\u0103g\u00e2n Traian a vrut s\u0103 cucereasc\u0103 Dacia pentru c\u0103 era un &quot;bastion al cre\u015ftinismului&quot;?\" \/>\n<meta property=\"og:description\" content=\"Alexandru Dobo\u015f este un autor care are o teorie extrem de interesant\u0103: faptul c\u0103 dacii, \u00eenainte de c\u0103derea Sarmizegetusei din anul 106 d.Hr., erau deja cre\u015ftini, aceast\u0103 cre\u015ftinizare fiind efectuat\u0103 de c\u0103tre Marele Preot al dacilor care, la r\u00e2ndul s\u0103u, ... Cititi mai multe\" \/>\n<meta property=\"og:url\" content=\"https:\/\/www.lovendal.ro\/wp52\/dacii-erau-deja-crestini-inainte-de-cucerirea-romana-imparatul-roman-si-pagan-traian-a-vrut-sa-cucereasca-dacia-pentru-ca-era-un-bastion-al-crestinismului\/\" \/>\n<meta property=\"og:site_name\" content=\"Secretele lui Lovendal\" \/>\n<meta property=\"article:publisher\" content=\"https:\/\/www.facebook.com\/secreteleluilovendal\" \/>\n<meta property=\"article:published_time\" content=\"2013-10-08T04:00:58+00:00\" \/>\n<meta property=\"article:modified_time\" content=\"2013-10-15T20:35:43+00:00\" \/>\n<meta property=\"og:image\" content=\"https:\/\/www.lovendal.ro\/wp52\/wp-content\/uploads\/2013\/10\/daci-romani.jpg\" \/>\n\t<meta property=\"og:image:width\" content=\"336\" \/>\n\t<meta property=\"og:image:height\" content=\"243\" \/>\n\t<meta property=\"og:image:type\" content=\"image\/jpeg\" \/>\n<meta name=\"author\" content=\"admin\" \/>\n<meta name=\"twitter:card\" content=\"summary_large_image\" \/>\n<meta name=\"twitter:label1\" content=\"Scris de\" \/>\n\t<meta name=\"twitter:data1\" content=\"admin\" \/>\n\t<meta name=\"twitter:label2\" content=\"Timp estimat pentru citire\" \/>\n\t<meta name=\"twitter:data2\" content=\"1 minut\" \/>\n<script type=\"application\/ld+json\" class=\"yoast-schema-graph\">{\"@context\":\"https:\\\/\\\/schema.org\",\"@graph\":[{\"@type\":\"Article\",\"@id\":\"https:\\\/\\\/www.lovendal.ro\\\/wp52\\\/dacii-erau-deja-crestini-inainte-de-cucerirea-romana-imparatul-roman-si-pagan-traian-a-vrut-sa-cucereasca-dacia-pentru-ca-era-un-bastion-al-crestinismului\\\/#article\",\"isPartOf\":{\"@id\":\"https:\\\/\\\/www.lovendal.ro\\\/wp52\\\/dacii-erau-deja-crestini-inainte-de-cucerirea-romana-imparatul-roman-si-pagan-traian-a-vrut-sa-cucereasca-dacia-pentru-ca-era-un-bastion-al-crestinismului\\\/\"},\"author\":{\"name\":\"admin\",\"@id\":\"https:\\\/\\\/www.lovendal.ro\\\/wp52\\\/#\\\/schema\\\/person\\\/088691de5dfc346bb0c023e1e52ef5d9\"},\"headline\":\"Dacii erau deja cre\u015ftini \u00eenainte de cucerirea roman\u0103? \u00cemp\u0103ratul roman \u015fi p\u0103g\u00e2n Traian a vrut s\u0103 cucereasc\u0103 Dacia pentru c\u0103 era un &#8222;bastion al cre\u015ftinismului&#8221;?\",\"datePublished\":\"2013-10-08T04:00:58+00:00\",\"dateModified\":\"2013-10-15T20:35:43+00:00\",\"mainEntityOfPage\":{\"@id\":\"https:\\\/\\\/www.lovendal.ro\\\/wp52\\\/dacii-erau-deja-crestini-inainte-de-cucerirea-romana-imparatul-roman-si-pagan-traian-a-vrut-sa-cucereasca-dacia-pentru-ca-era-un-bastion-al-crestinismului\\\/\"},\"wordCount\":309,\"commentCount\":19,\"publisher\":{\"@id\":\"https:\\\/\\\/www.lovendal.ro\\\/wp52\\\/#organization\"},\"image\":{\"@id\":\"https:\\\/\\\/www.lovendal.ro\\\/wp52\\\/dacii-erau-deja-crestini-inainte-de-cucerirea-romana-imparatul-roman-si-pagan-traian-a-vrut-sa-cucereasca-dacia-pentru-ca-era-un-bastion-al-crestinismului\\\/#primaryimage\"},\"thumbnailUrl\":\"https:\\\/\\\/www.lovendal.ro\\\/wp52\\\/wp-content\\\/uploads\\\/2013\\\/10\\\/daci-romani.jpg\",\"keywords\":[\"cre\u015ftinism\",\"daci\",\"Dacia\",\"Europa\",\"Iisus Hristos\",\"Imperiul Roman\",\"Istorie si Civilizatii\",\"romani\",\"Sarmizegetusa\",\"Traian\"],\"articleSection\":[\"Istorie si Civilizatii\"],\"inLanguage\":\"ro-RO\",\"potentialAction\":[{\"@type\":\"CommentAction\",\"name\":\"Comment\",\"target\":[\"https:\\\/\\\/www.lovendal.ro\\\/wp52\\\/dacii-erau-deja-crestini-inainte-de-cucerirea-romana-imparatul-roman-si-pagan-traian-a-vrut-sa-cucereasca-dacia-pentru-ca-era-un-bastion-al-crestinismului\\\/#respond\"]}]},{\"@type\":\"WebPage\",\"@id\":\"https:\\\/\\\/www.lovendal.ro\\\/wp52\\\/dacii-erau-deja-crestini-inainte-de-cucerirea-romana-imparatul-roman-si-pagan-traian-a-vrut-sa-cucereasca-dacia-pentru-ca-era-un-bastion-al-crestinismului\\\/\",\"url\":\"https:\\\/\\\/www.lovendal.ro\\\/wp52\\\/dacii-erau-deja-crestini-inainte-de-cucerirea-romana-imparatul-roman-si-pagan-traian-a-vrut-sa-cucereasca-dacia-pentru-ca-era-un-bastion-al-crestinismului\\\/\",\"name\":\"Dacii erau deja cre\u015ftini \u00eenainte de cucerirea roman\u0103? \u00cemp\u0103ratul roman \u015fi p\u0103g\u00e2n Traian a vrut s\u0103 cucereasc\u0103 Dacia pentru c\u0103 era un \\\"bastion al cre\u015ftinismului\\\"? - Secretele lui Lovendal\",\"isPartOf\":{\"@id\":\"https:\\\/\\\/www.lovendal.ro\\\/wp52\\\/#website\"},\"primaryImageOfPage\":{\"@id\":\"https:\\\/\\\/www.lovendal.ro\\\/wp52\\\/dacii-erau-deja-crestini-inainte-de-cucerirea-romana-imparatul-roman-si-pagan-traian-a-vrut-sa-cucereasca-dacia-pentru-ca-era-un-bastion-al-crestinismului\\\/#primaryimage\"},\"image\":{\"@id\":\"https:\\\/\\\/www.lovendal.ro\\\/wp52\\\/dacii-erau-deja-crestini-inainte-de-cucerirea-romana-imparatul-roman-si-pagan-traian-a-vrut-sa-cucereasca-dacia-pentru-ca-era-un-bastion-al-crestinismului\\\/#primaryimage\"},\"thumbnailUrl\":\"https:\\\/\\\/www.lovendal.ro\\\/wp52\\\/wp-content\\\/uploads\\\/2013\\\/10\\\/daci-romani.jpg\",\"datePublished\":\"2013-10-08T04:00:58+00:00\",\"dateModified\":\"2013-10-15T20:35:43+00:00\",\"breadcrumb\":{\"@id\":\"https:\\\/\\\/www.lovendal.ro\\\/wp52\\\/dacii-erau-deja-crestini-inainte-de-cucerirea-romana-imparatul-roman-si-pagan-traian-a-vrut-sa-cucereasca-dacia-pentru-ca-era-un-bastion-al-crestinismului\\\/#breadcrumb\"},\"inLanguage\":\"ro-RO\",\"potentialAction\":[{\"@type\":\"ReadAction\",\"target\":[\"https:\\\/\\\/www.lovendal.ro\\\/wp52\\\/dacii-erau-deja-crestini-inainte-de-cucerirea-romana-imparatul-roman-si-pagan-traian-a-vrut-sa-cucereasca-dacia-pentru-ca-era-un-bastion-al-crestinismului\\\/\"]}]},{\"@type\":\"ImageObject\",\"inLanguage\":\"ro-RO\",\"@id\":\"https:\\\/\\\/www.lovendal.ro\\\/wp52\\\/dacii-erau-deja-crestini-inainte-de-cucerirea-romana-imparatul-roman-si-pagan-traian-a-vrut-sa-cucereasca-dacia-pentru-ca-era-un-bastion-al-crestinismului\\\/#primaryimage\",\"url\":\"https:\\\/\\\/www.lovendal.ro\\\/wp52\\\/wp-content\\\/uploads\\\/2013\\\/10\\\/daci-romani.jpg\",\"contentUrl\":\"https:\\\/\\\/www.lovendal.ro\\\/wp52\\\/wp-content\\\/uploads\\\/2013\\\/10\\\/daci-romani.jpg\",\"width\":336,\"height\":243},{\"@type\":\"BreadcrumbList\",\"@id\":\"https:\\\/\\\/www.lovendal.ro\\\/wp52\\\/dacii-erau-deja-crestini-inainte-de-cucerirea-romana-imparatul-roman-si-pagan-traian-a-vrut-sa-cucereasca-dacia-pentru-ca-era-un-bastion-al-crestinismului\\\/#breadcrumb\",\"itemListElement\":[{\"@type\":\"ListItem\",\"position\":1,\"name\":\"Home\",\"item\":\"https:\\\/\\\/www.lovendal.ro\\\/wp52\\\/\"},{\"@type\":\"ListItem\",\"position\":2,\"name\":\"Dacii erau deja cre\u015ftini \u00eenainte de cucerirea roman\u0103? \u00cemp\u0103ratul roman \u015fi p\u0103g\u00e2n Traian a vrut s\u0103 cucereasc\u0103 Dacia pentru c\u0103 era un &#8222;bastion al cre\u015ftinismului&#8221;?\"}]},{\"@type\":\"WebSite\",\"@id\":\"https:\\\/\\\/www.lovendal.ro\\\/wp52\\\/#website\",\"url\":\"https:\\\/\\\/www.lovendal.ro\\\/wp52\\\/\",\"name\":\"Secretele lui Lovendal\",\"description\":\"Site de secrete, stiinta si metafizica - din 2008 -\",\"publisher\":{\"@id\":\"https:\\\/\\\/www.lovendal.ro\\\/wp52\\\/#organization\"},\"potentialAction\":[{\"@type\":\"SearchAction\",\"target\":{\"@type\":\"EntryPoint\",\"urlTemplate\":\"https:\\\/\\\/www.lovendal.ro\\\/wp52\\\/?s={search_term_string}\"},\"query-input\":{\"@type\":\"PropertyValueSpecification\",\"valueRequired\":true,\"valueName\":\"search_term_string\"}}],\"inLanguage\":\"ro-RO\"},{\"@type\":\"Organization\",\"@id\":\"https:\\\/\\\/www.lovendal.ro\\\/wp52\\\/#organization\",\"name\":\"Secretele lui Lovendal\",\"url\":\"https:\\\/\\\/www.lovendal.ro\\\/wp52\\\/\",\"logo\":{\"@type\":\"ImageObject\",\"inLanguage\":\"ro-RO\",\"@id\":\"https:\\\/\\\/www.lovendal.ro\\\/wp52\\\/#\\\/schema\\\/logo\\\/image\\\/\",\"url\":\"https:\\\/\\\/www.lovendal.ro\\\/wp52\\\/wp-content\\\/uploads\\\/2024\\\/06\\\/cropped-SLL-iun-2024-1.jpg\",\"contentUrl\":\"https:\\\/\\\/www.lovendal.ro\\\/wp52\\\/wp-content\\\/uploads\\\/2024\\\/06\\\/cropped-SLL-iun-2024-1.jpg\",\"width\":771,\"height\":240,\"caption\":\"Secretele lui Lovendal\"},\"image\":{\"@id\":\"https:\\\/\\\/www.lovendal.ro\\\/wp52\\\/#\\\/schema\\\/logo\\\/image\\\/\"},\"sameAs\":[\"https:\\\/\\\/www.facebook.com\\\/secreteleluilovendal\"]},{\"@type\":\"Person\",\"@id\":\"https:\\\/\\\/www.lovendal.ro\\\/wp52\\\/#\\\/schema\\\/person\\\/088691de5dfc346bb0c023e1e52ef5d9\",\"name\":\"admin\",\"image\":{\"@type\":\"ImageObject\",\"inLanguage\":\"ro-RO\",\"@id\":\"https:\\\/\\\/secure.gravatar.com\\\/avatar\\\/ecb9cd41f5f63c9c9b989999a59f6e2639a865ec361e9db054db0679a8f341c2?s=96&d=mm&r=g\",\"url\":\"https:\\\/\\\/secure.gravatar.com\\\/avatar\\\/ecb9cd41f5f63c9c9b989999a59f6e2639a865ec361e9db054db0679a8f341c2?s=96&d=mm&r=g\",\"contentUrl\":\"https:\\\/\\\/secure.gravatar.com\\\/avatar\\\/ecb9cd41f5f63c9c9b989999a59f6e2639a865ec361e9db054db0679a8f341c2?s=96&d=mm&r=g\",\"caption\":\"admin\"},\"sameAs\":[\"https:\\\/\\\/www.lovendal.ro\\\/wp52\"]}]}<\/script>\n<!-- \/ Yoast SEO Premium plugin. -->","yoast_head_json":{"title":"Dacii erau deja cre\u015ftini \u00eenainte de cucerirea roman\u0103? \u00cemp\u0103ratul roman \u015fi p\u0103g\u00e2n Traian a vrut s\u0103 cucereasc\u0103 Dacia pentru c\u0103 era un \"bastion al cre\u015ftinismului\"? - Secretele lui Lovendal","robots":{"index":"index","follow":"follow","max-snippet":"max-snippet:-1","max-image-preview":"max-image-preview:large","max-video-preview":"max-video-preview:-1"},"canonical":"https:\/\/www.lovendal.ro\/wp52\/dacii-erau-deja-crestini-inainte-de-cucerirea-romana-imparatul-roman-si-pagan-traian-a-vrut-sa-cucereasca-dacia-pentru-ca-era-un-bastion-al-crestinismului\/","og_locale":"ro_RO","og_type":"article","og_title":"Dacii erau deja cre\u015ftini \u00eenainte de cucerirea roman\u0103? \u00cemp\u0103ratul roman \u015fi p\u0103g\u00e2n Traian a vrut s\u0103 cucereasc\u0103 Dacia pentru c\u0103 era un \"bastion al cre\u015ftinismului\"?","og_description":"Alexandru Dobo\u015f este un autor care are o teorie extrem de interesant\u0103: faptul c\u0103 dacii, \u00eenainte de c\u0103derea Sarmizegetusei din anul 106 d.Hr., erau deja cre\u015ftini, aceast\u0103 cre\u015ftinizare fiind efectuat\u0103 de c\u0103tre Marele Preot al dacilor care, la r\u00e2ndul s\u0103u, ... Cititi mai multe","og_url":"https:\/\/www.lovendal.ro\/wp52\/dacii-erau-deja-crestini-inainte-de-cucerirea-romana-imparatul-roman-si-pagan-traian-a-vrut-sa-cucereasca-dacia-pentru-ca-era-un-bastion-al-crestinismului\/","og_site_name":"Secretele lui Lovendal","article_publisher":"https:\/\/www.facebook.com\/secreteleluilovendal","article_published_time":"2013-10-08T04:00:58+00:00","article_modified_time":"2013-10-15T20:35:43+00:00","og_image":[{"width":336,"height":243,"url":"https:\/\/www.lovendal.ro\/wp52\/wp-content\/uploads\/2013\/10\/daci-romani.jpg","type":"image\/jpeg"}],"author":"admin","twitter_card":"summary_large_image","twitter_misc":{"Scris de":"admin","Timp estimat pentru citire":"1 minut"},"schema":{"@context":"https:\/\/schema.org","@graph":[{"@type":"Article","@id":"https:\/\/www.lovendal.ro\/wp52\/dacii-erau-deja-crestini-inainte-de-cucerirea-romana-imparatul-roman-si-pagan-traian-a-vrut-sa-cucereasca-dacia-pentru-ca-era-un-bastion-al-crestinismului\/#article","isPartOf":{"@id":"https:\/\/www.lovendal.ro\/wp52\/dacii-erau-deja-crestini-inainte-de-cucerirea-romana-imparatul-roman-si-pagan-traian-a-vrut-sa-cucereasca-dacia-pentru-ca-era-un-bastion-al-crestinismului\/"},"author":{"name":"admin","@id":"https:\/\/www.lovendal.ro\/wp52\/#\/schema\/person\/088691de5dfc346bb0c023e1e52ef5d9"},"headline":"Dacii erau deja cre\u015ftini \u00eenainte de cucerirea roman\u0103? \u00cemp\u0103ratul roman \u015fi p\u0103g\u00e2n Traian a vrut s\u0103 cucereasc\u0103 Dacia pentru c\u0103 era un &#8222;bastion al cre\u015ftinismului&#8221;?","datePublished":"2013-10-08T04:00:58+00:00","dateModified":"2013-10-15T20:35:43+00:00","mainEntityOfPage":{"@id":"https:\/\/www.lovendal.ro\/wp52\/dacii-erau-deja-crestini-inainte-de-cucerirea-romana-imparatul-roman-si-pagan-traian-a-vrut-sa-cucereasca-dacia-pentru-ca-era-un-bastion-al-crestinismului\/"},"wordCount":309,"commentCount":19,"publisher":{"@id":"https:\/\/www.lovendal.ro\/wp52\/#organization"},"image":{"@id":"https:\/\/www.lovendal.ro\/wp52\/dacii-erau-deja-crestini-inainte-de-cucerirea-romana-imparatul-roman-si-pagan-traian-a-vrut-sa-cucereasca-dacia-pentru-ca-era-un-bastion-al-crestinismului\/#primaryimage"},"thumbnailUrl":"https:\/\/www.lovendal.ro\/wp52\/wp-content\/uploads\/2013\/10\/daci-romani.jpg","keywords":["cre\u015ftinism","daci","Dacia","Europa","Iisus Hristos","Imperiul Roman","Istorie si Civilizatii","romani","Sarmizegetusa","Traian"],"articleSection":["Istorie si Civilizatii"],"inLanguage":"ro-RO","potentialAction":[{"@type":"CommentAction","name":"Comment","target":["https:\/\/www.lovendal.ro\/wp52\/dacii-erau-deja-crestini-inainte-de-cucerirea-romana-imparatul-roman-si-pagan-traian-a-vrut-sa-cucereasca-dacia-pentru-ca-era-un-bastion-al-crestinismului\/#respond"]}]},{"@type":"WebPage","@id":"https:\/\/www.lovendal.ro\/wp52\/dacii-erau-deja-crestini-inainte-de-cucerirea-romana-imparatul-roman-si-pagan-traian-a-vrut-sa-cucereasca-dacia-pentru-ca-era-un-bastion-al-crestinismului\/","url":"https:\/\/www.lovendal.ro\/wp52\/dacii-erau-deja-crestini-inainte-de-cucerirea-romana-imparatul-roman-si-pagan-traian-a-vrut-sa-cucereasca-dacia-pentru-ca-era-un-bastion-al-crestinismului\/","name":"Dacii erau deja cre\u015ftini \u00eenainte de cucerirea roman\u0103? \u00cemp\u0103ratul roman \u015fi p\u0103g\u00e2n Traian a vrut s\u0103 cucereasc\u0103 Dacia pentru c\u0103 era un \"bastion al cre\u015ftinismului\"? - Secretele lui Lovendal","isPartOf":{"@id":"https:\/\/www.lovendal.ro\/wp52\/#website"},"primaryImageOfPage":{"@id":"https:\/\/www.lovendal.ro\/wp52\/dacii-erau-deja-crestini-inainte-de-cucerirea-romana-imparatul-roman-si-pagan-traian-a-vrut-sa-cucereasca-dacia-pentru-ca-era-un-bastion-al-crestinismului\/#primaryimage"},"image":{"@id":"https:\/\/www.lovendal.ro\/wp52\/dacii-erau-deja-crestini-inainte-de-cucerirea-romana-imparatul-roman-si-pagan-traian-a-vrut-sa-cucereasca-dacia-pentru-ca-era-un-bastion-al-crestinismului\/#primaryimage"},"thumbnailUrl":"https:\/\/www.lovendal.ro\/wp52\/wp-content\/uploads\/2013\/10\/daci-romani.jpg","datePublished":"2013-10-08T04:00:58+00:00","dateModified":"2013-10-15T20:35:43+00:00","breadcrumb":{"@id":"https:\/\/www.lovendal.ro\/wp52\/dacii-erau-deja-crestini-inainte-de-cucerirea-romana-imparatul-roman-si-pagan-traian-a-vrut-sa-cucereasca-dacia-pentru-ca-era-un-bastion-al-crestinismului\/#breadcrumb"},"inLanguage":"ro-RO","potentialAction":[{"@type":"ReadAction","target":["https:\/\/www.lovendal.ro\/wp52\/dacii-erau-deja-crestini-inainte-de-cucerirea-romana-imparatul-roman-si-pagan-traian-a-vrut-sa-cucereasca-dacia-pentru-ca-era-un-bastion-al-crestinismului\/"]}]},{"@type":"ImageObject","inLanguage":"ro-RO","@id":"https:\/\/www.lovendal.ro\/wp52\/dacii-erau-deja-crestini-inainte-de-cucerirea-romana-imparatul-roman-si-pagan-traian-a-vrut-sa-cucereasca-dacia-pentru-ca-era-un-bastion-al-crestinismului\/#primaryimage","url":"https:\/\/www.lovendal.ro\/wp52\/wp-content\/uploads\/2013\/10\/daci-romani.jpg","contentUrl":"https:\/\/www.lovendal.ro\/wp52\/wp-content\/uploads\/2013\/10\/daci-romani.jpg","width":336,"height":243},{"@type":"BreadcrumbList","@id":"https:\/\/www.lovendal.ro\/wp52\/dacii-erau-deja-crestini-inainte-de-cucerirea-romana-imparatul-roman-si-pagan-traian-a-vrut-sa-cucereasca-dacia-pentru-ca-era-un-bastion-al-crestinismului\/#breadcrumb","itemListElement":[{"@type":"ListItem","position":1,"name":"Home","item":"https:\/\/www.lovendal.ro\/wp52\/"},{"@type":"ListItem","position":2,"name":"Dacii erau deja cre\u015ftini \u00eenainte de cucerirea roman\u0103? \u00cemp\u0103ratul roman \u015fi p\u0103g\u00e2n Traian a vrut s\u0103 cucereasc\u0103 Dacia pentru c\u0103 era un &#8222;bastion al cre\u015ftinismului&#8221;?"}]},{"@type":"WebSite","@id":"https:\/\/www.lovendal.ro\/wp52\/#website","url":"https:\/\/www.lovendal.ro\/wp52\/","name":"Secretele lui Lovendal","description":"Site de secrete, stiinta si metafizica - din 2008 -","publisher":{"@id":"https:\/\/www.lovendal.ro\/wp52\/#organization"},"potentialAction":[{"@type":"SearchAction","target":{"@type":"EntryPoint","urlTemplate":"https:\/\/www.lovendal.ro\/wp52\/?s={search_term_string}"},"query-input":{"@type":"PropertyValueSpecification","valueRequired":true,"valueName":"search_term_string"}}],"inLanguage":"ro-RO"},{"@type":"Organization","@id":"https:\/\/www.lovendal.ro\/wp52\/#organization","name":"Secretele lui Lovendal","url":"https:\/\/www.lovendal.ro\/wp52\/","logo":{"@type":"ImageObject","inLanguage":"ro-RO","@id":"https:\/\/www.lovendal.ro\/wp52\/#\/schema\/logo\/image\/","url":"https:\/\/www.lovendal.ro\/wp52\/wp-content\/uploads\/2024\/06\/cropped-SLL-iun-2024-1.jpg","contentUrl":"https:\/\/www.lovendal.ro\/wp52\/wp-content\/uploads\/2024\/06\/cropped-SLL-iun-2024-1.jpg","width":771,"height":240,"caption":"Secretele lui Lovendal"},"image":{"@id":"https:\/\/www.lovendal.ro\/wp52\/#\/schema\/logo\/image\/"},"sameAs":["https:\/\/www.facebook.com\/secreteleluilovendal"]},{"@type":"Person","@id":"https:\/\/www.lovendal.ro\/wp52\/#\/schema\/person\/088691de5dfc346bb0c023e1e52ef5d9","name":"admin","image":{"@type":"ImageObject","inLanguage":"ro-RO","@id":"https:\/\/secure.gravatar.com\/avatar\/ecb9cd41f5f63c9c9b989999a59f6e2639a865ec361e9db054db0679a8f341c2?s=96&d=mm&r=g","url":"https:\/\/secure.gravatar.com\/avatar\/ecb9cd41f5f63c9c9b989999a59f6e2639a865ec361e9db054db0679a8f341c2?s=96&d=mm&r=g","contentUrl":"https:\/\/secure.gravatar.com\/avatar\/ecb9cd41f5f63c9c9b989999a59f6e2639a865ec361e9db054db0679a8f341c2?s=96&d=mm&r=g","caption":"admin"},"sameAs":["https:\/\/www.lovendal.ro\/wp52"]}]}},"_links":{"self":[{"href":"https:\/\/www.lovendal.ro\/wp52\/wp-json\/wp\/v2\/posts\/30728","targetHints":{"allow":["GET"]}}],"collection":[{"href":"https:\/\/www.lovendal.ro\/wp52\/wp-json\/wp\/v2\/posts"}],"about":[{"href":"https:\/\/www.lovendal.ro\/wp52\/wp-json\/wp\/v2\/types\/post"}],"author":[{"embeddable":true,"href":"https:\/\/www.lovendal.ro\/wp52\/wp-json\/wp\/v2\/users\/1"}],"replies":[{"embeddable":true,"href":"https:\/\/www.lovendal.ro\/wp52\/wp-json\/wp\/v2\/comments?post=30728"}],"version-history":[{"count":0,"href":"https:\/\/www.lovendal.ro\/wp52\/wp-json\/wp\/v2\/posts\/30728\/revisions"}],"wp:featuredmedia":[{"embeddable":true,"href":"https:\/\/www.lovendal.ro\/wp52\/wp-json\/wp\/v2\/media\/30729"}],"wp:attachment":[{"href":"https:\/\/www.lovendal.ro\/wp52\/wp-json\/wp\/v2\/media?parent=30728"}],"wp:term":[{"taxonomy":"category","embeddable":true,"href":"https:\/\/www.lovendal.ro\/wp52\/wp-json\/wp\/v2\/categories?post=30728"},{"taxonomy":"post_tag","embeddable":true,"href":"https:\/\/www.lovendal.ro\/wp52\/wp-json\/wp\/v2\/tags?post=30728"}],"curies":[{"name":"wp","href":"https:\/\/api.w.org\/{rel}","templated":true}]}}