{"id":30490,"date":"2013-09-23T00:06:31","date_gmt":"2013-09-22T21:06:31","guid":{"rendered":"http:\/\/www.lovendal.ro\/wp52\/?p=30490"},"modified":"2013-10-15T23:45:31","modified_gmt":"2013-10-15T20:45:31","slug":"un-barbat-misterios-cu-o-masca-de-gaz-si-o-pelerina-militara-umbla-prin-padurile-din-elvetia-mai-bine-de-zece-ani-ce-e-cu-el","status":"publish","type":"post","link":"https:\/\/www.lovendal.ro\/wp52\/un-barbat-misterios-cu-o-masca-de-gaz-si-o-pelerina-militara-umbla-prin-padurile-din-elvetia-mai-bine-de-zece-ani-ce-e-cu-el\/","title":{"rendered":"Un b\u0103rbat misterios, cu o masc\u0103 de gaz \u015fi o pelerin\u0103 militar\u0103, umbl\u0103 prin p\u0103durile din Elve\u0163ia mai bine de zece ani. Ce e cu el!?"},"content":{"rendered":"<p><a href=\"https:\/\/www.lovendal.ro\/wp52\/wp-content\/uploads\/2013\/09\/figura-misterioasa-paduri-Elvetia.jpg\"><img loading=\"lazy\" decoding=\"async\" class=\"alignleft size-full wp-image-30491\" alt=\"figura misterioasa paduri Elvetia\" src=\"https:\/\/www.lovendal.ro\/wp52\/wp-content\/uploads\/2013\/09\/figura-misterioasa-paduri-Elvetia.jpg\" width=\"320\" height=\"218\" \/><\/a>De pe <a href=\"http:\/\/www.news.com.au\/travel\/news\/mystery-figure-haunting-the-swiss-woods-for-over-a-decade8217\/story-e6frfq80-1226717453647\" target=\"_blank\"><strong>news.com.au<\/strong><\/a> afl\u0103m o poveste tare bizar\u0103, despre o figur\u0103 misterioas\u0103 ce b\u00e2ntuie p\u0103durile elve\u0163iene mai bine de un deceniu.<\/p>\n<p>\u00cembr\u0103cat \u00een haine militare \u015fi av\u00e2nd o masc\u0103 de gaz pe chip, b\u0103rbatul, cunoscut sub numele de &#8222;Le Loyon&#8221; se spune c\u0103 b\u00e2ntuie p\u0103durile din Elve\u0163ia de mai bine de un deceniu, \u015fi, aparent, ar avea aceea\u015fi rut\u0103 \u00een fiecare zi. Totu\u015fi, p\u00e2n\u0103 \u00een prezent, nu exista nicio dovad\u0103 privind existen\u0163a sa, p\u00e2n\u0103 c\u00e2nd, un site local de \u015ftiri, Le Matin, a publicat prima fotografie a omului misterios (o vede\u0163i \u00een st\u00e2nga sus a articolului), iar acum poli\u0163ia \u00eencearc\u0103 s\u0103-i dea de urm\u0103.<\/p>\n<p>Iat\u0103 ce declar\u0103 fotograful amator care i-ar fi f\u0103cut poza:<em> &#8222;M-am apropiat de el la c\u00e2\u0163iva zeci de metri. Avea o pelerin\u0103 militar\u0103, cizme \u015fi o masc\u0103 de gaz militar\u0103 veche. M\u0103sura mai mult de 1,90 de metri. El s-a uitat la mine, apoi s-a \u00eentors cu spatele \u015fi a plecat \u00een t\u0103cere&#8221;.<\/em> Precum se observ\u0103 \u015fi din fotografie, aceasta a fost f\u0103cut\u0103 din spate.<\/p>\n<p>O alt\u0103 localnic\u0103 a spus: <em>&#8222;Mi-a speriat copiii. A ie\u015fit din p\u0103dure cu hainele sale militare. Nu i se putea vedea chipul sau ochii dincolo de masca de gaz cea neagr\u0103. Era \u00eensp\u0103im\u00e2nt\u0103tor \u015fi cunosc destule femei care se aventureaz\u0103 singure prin p\u0103dure&#8221;.<\/em><\/p>\n<p>Un alt martor a declarat: <em>&#8222;Era o zi ploioas\u0103 de duminic\u0103. Avea o pelerin\u0103, o hain\u0103 neagr\u0103 \u015fi o masc\u0103 de gaz. Ce-i \u00een capul s\u0103u? Nu \u015ftiu, dar a fost nepl\u0103cut. Sper s\u0103 nu-l mai \u00eent\u00e2lnesc vreodat\u0103.&#8221;<\/em><\/p>\n<p>Poli\u0163ia va vorbi cu omul misterios, de\u015fi el nu a dat p\u00e2n\u0103 acum vreun semn c\u0103 ar avea vreun comportament agresiv. Chiar, ce e \u00een capul s\u0103u?<\/p>\n<p>&nbsp;<\/p>\n","protected":false},"excerpt":{"rendered":"<p>De pe news.com.au afl\u0103m o poveste tare bizar\u0103, despre o figur\u0103 misterioas\u0103 ce b\u00e2ntuie p\u0103durile elve\u0163iene mai bine de un deceniu. \u00cembr\u0103cat \u00een haine militare \u015fi av\u00e2nd o masc\u0103 de gaz pe chip, b\u0103rbatul, cunoscut sub numele de &#8222;Le Loyon&#8221; &#8230; <\/p>\n<p class=\"read-more-container\"><a title=\"Un b\u0103rbat misterios, cu o masc\u0103 de gaz \u015fi o pelerin\u0103 militar\u0103, umbl\u0103 prin p\u0103durile din Elve\u0163ia mai bine de zece ani. Ce e cu el!?\" class=\"read-more button\" href=\"https:\/\/www.lovendal.ro\/wp52\/un-barbat-misterios-cu-o-masca-de-gaz-si-o-pelerina-militara-umbla-prin-padurile-din-elvetia-mai-bine-de-zece-ani-ce-e-cu-el\/#more-30490\" aria-label=\"Cite\u0219te mai multe despre Un b\u0103rbat misterios, cu o masc\u0103 de gaz \u015fi o pelerin\u0103 militar\u0103, umbl\u0103 prin p\u0103durile din Elve\u0163ia mai bine de zece ani. Ce e cu el!?\">Cititi mai multe<\/a><\/p>\n","protected":false},"author":1,"featured_media":30491,"comment_status":"open","ping_status":"open","sticky":false,"template":"","format":"standard","meta":{"footnotes":""},"categories":[5040],"tags":[1614,9818,113,15,6348,864,2398,6967,1307,1189],"class_list":["post-30490","post","type-post","status-publish","format-standard","has-post-thumbnail","hentry","category-bizar","tag-barbat","tag-bizar","tag-elvetia","tag-fotografie","tag-masca-de-gaz","tag-militari","tag-padure","tag-pelerina","tag-ploaie","tag-politie","resize-featured-image"],"yoast_head":"<!-- This site is optimized with the Yoast SEO Premium plugin v23.3 (Yoast SEO v27.4) - https:\/\/yoast.com\/product\/yoast-seo-premium-wordpress\/ -->\n<title>Un b\u0103rbat misterios, cu o masc\u0103 de gaz \u015fi o pelerin\u0103 militar\u0103, umbl\u0103 prin p\u0103durile din Elve\u0163ia mai bine de zece ani. Ce e cu el!? - Secretele lui Lovendal<\/title>\n<meta name=\"robots\" content=\"index, follow, max-snippet:-1, max-image-preview:large, max-video-preview:-1\" \/>\n<link rel=\"canonical\" href=\"https:\/\/www.lovendal.ro\/wp52\/un-barbat-misterios-cu-o-masca-de-gaz-si-o-pelerina-militara-umbla-prin-padurile-din-elvetia-mai-bine-de-zece-ani-ce-e-cu-el\/\" \/>\n<meta property=\"og:locale\" content=\"ro_RO\" \/>\n<meta property=\"og:type\" content=\"article\" \/>\n<meta property=\"og:title\" content=\"Un b\u0103rbat misterios, cu o masc\u0103 de gaz \u015fi o pelerin\u0103 militar\u0103, umbl\u0103 prin p\u0103durile din Elve\u0163ia mai bine de zece ani. Ce e cu el!?\" \/>\n<meta property=\"og:description\" content=\"De pe news.com.au afl\u0103m o poveste tare bizar\u0103, despre o figur\u0103 misterioas\u0103 ce b\u00e2ntuie p\u0103durile elve\u0163iene mai bine de un deceniu. \u00cembr\u0103cat \u00een haine militare \u015fi av\u00e2nd o masc\u0103 de gaz pe chip, b\u0103rbatul, cunoscut sub numele de &#8222;Le Loyon&#8221; ... Cititi mai multe\" \/>\n<meta property=\"og:url\" content=\"https:\/\/www.lovendal.ro\/wp52\/un-barbat-misterios-cu-o-masca-de-gaz-si-o-pelerina-militara-umbla-prin-padurile-din-elvetia-mai-bine-de-zece-ani-ce-e-cu-el\/\" \/>\n<meta property=\"og:site_name\" content=\"Secretele lui Lovendal\" \/>\n<meta property=\"article:publisher\" content=\"https:\/\/www.facebook.com\/secreteleluilovendal\" \/>\n<meta property=\"article:published_time\" content=\"2013-09-22T21:06:31+00:00\" \/>\n<meta property=\"article:modified_time\" content=\"2013-10-15T20:45:31+00:00\" \/>\n<meta property=\"og:image\" content=\"https:\/\/www.lovendal.ro\/wp52\/wp-content\/uploads\/2013\/09\/figura-misterioasa-paduri-Elvetia.jpg\" \/>\n\t<meta property=\"og:image:width\" content=\"320\" \/>\n\t<meta property=\"og:image:height\" content=\"218\" \/>\n\t<meta property=\"og:image:type\" content=\"image\/jpeg\" \/>\n<meta name=\"author\" content=\"admin\" \/>\n<meta name=\"twitter:card\" content=\"summary_large_image\" \/>\n<meta name=\"twitter:label1\" content=\"Scris de\" \/>\n\t<meta name=\"twitter:data1\" content=\"admin\" \/>\n\t<meta name=\"twitter:label2\" content=\"Timp estimat pentru citire\" \/>\n\t<meta name=\"twitter:data2\" content=\"2 minute\" \/>\n<script type=\"application\/ld+json\" class=\"yoast-schema-graph\">{\"@context\":\"https:\\\/\\\/schema.org\",\"@graph\":[{\"@type\":\"Article\",\"@id\":\"https:\\\/\\\/www.lovendal.ro\\\/wp52\\\/un-barbat-misterios-cu-o-masca-de-gaz-si-o-pelerina-militara-umbla-prin-padurile-din-elvetia-mai-bine-de-zece-ani-ce-e-cu-el\\\/#article\",\"isPartOf\":{\"@id\":\"https:\\\/\\\/www.lovendal.ro\\\/wp52\\\/un-barbat-misterios-cu-o-masca-de-gaz-si-o-pelerina-militara-umbla-prin-padurile-din-elvetia-mai-bine-de-zece-ani-ce-e-cu-el\\\/\"},\"author\":{\"name\":\"admin\",\"@id\":\"https:\\\/\\\/www.lovendal.ro\\\/wp52\\\/#\\\/schema\\\/person\\\/088691de5dfc346bb0c023e1e52ef5d9\"},\"headline\":\"Un b\u0103rbat misterios, cu o masc\u0103 de gaz \u015fi o pelerin\u0103 militar\u0103, umbl\u0103 prin p\u0103durile din Elve\u0163ia mai bine de zece ani. Ce e cu el!?\",\"datePublished\":\"2013-09-22T21:06:31+00:00\",\"dateModified\":\"2013-10-15T20:45:31+00:00\",\"mainEntityOfPage\":{\"@id\":\"https:\\\/\\\/www.lovendal.ro\\\/wp52\\\/un-barbat-misterios-cu-o-masca-de-gaz-si-o-pelerina-militara-umbla-prin-padurile-din-elvetia-mai-bine-de-zece-ani-ce-e-cu-el\\\/\"},\"wordCount\":346,\"commentCount\":9,\"publisher\":{\"@id\":\"https:\\\/\\\/www.lovendal.ro\\\/wp52\\\/#organization\"},\"image\":{\"@id\":\"https:\\\/\\\/www.lovendal.ro\\\/wp52\\\/un-barbat-misterios-cu-o-masca-de-gaz-si-o-pelerina-militara-umbla-prin-padurile-din-elvetia-mai-bine-de-zece-ani-ce-e-cu-el\\\/#primaryimage\"},\"thumbnailUrl\":\"https:\\\/\\\/www.lovendal.ro\\\/wp52\\\/wp-content\\\/uploads\\\/2013\\\/09\\\/figura-misterioasa-paduri-Elvetia.jpg\",\"keywords\":[\"b\u0103rbat\",\"Bizar\",\"Elve\u0163ia\",\"fotografie\",\"masc\u0103 de gaz\",\"militari\",\"p\u0103dure\",\"pelerin\u0103\",\"ploaie\",\"poli\u0163ie\"],\"articleSection\":[\"Bizar\"],\"inLanguage\":\"ro-RO\",\"potentialAction\":[{\"@type\":\"CommentAction\",\"name\":\"Comment\",\"target\":[\"https:\\\/\\\/www.lovendal.ro\\\/wp52\\\/un-barbat-misterios-cu-o-masca-de-gaz-si-o-pelerina-militara-umbla-prin-padurile-din-elvetia-mai-bine-de-zece-ani-ce-e-cu-el\\\/#respond\"]}]},{\"@type\":\"WebPage\",\"@id\":\"https:\\\/\\\/www.lovendal.ro\\\/wp52\\\/un-barbat-misterios-cu-o-masca-de-gaz-si-o-pelerina-militara-umbla-prin-padurile-din-elvetia-mai-bine-de-zece-ani-ce-e-cu-el\\\/\",\"url\":\"https:\\\/\\\/www.lovendal.ro\\\/wp52\\\/un-barbat-misterios-cu-o-masca-de-gaz-si-o-pelerina-militara-umbla-prin-padurile-din-elvetia-mai-bine-de-zece-ani-ce-e-cu-el\\\/\",\"name\":\"Un b\u0103rbat misterios, cu o masc\u0103 de gaz \u015fi o pelerin\u0103 militar\u0103, umbl\u0103 prin p\u0103durile din Elve\u0163ia mai bine de zece ani. Ce e cu el!? - Secretele lui Lovendal\",\"isPartOf\":{\"@id\":\"https:\\\/\\\/www.lovendal.ro\\\/wp52\\\/#website\"},\"primaryImageOfPage\":{\"@id\":\"https:\\\/\\\/www.lovendal.ro\\\/wp52\\\/un-barbat-misterios-cu-o-masca-de-gaz-si-o-pelerina-militara-umbla-prin-padurile-din-elvetia-mai-bine-de-zece-ani-ce-e-cu-el\\\/#primaryimage\"},\"image\":{\"@id\":\"https:\\\/\\\/www.lovendal.ro\\\/wp52\\\/un-barbat-misterios-cu-o-masca-de-gaz-si-o-pelerina-militara-umbla-prin-padurile-din-elvetia-mai-bine-de-zece-ani-ce-e-cu-el\\\/#primaryimage\"},\"thumbnailUrl\":\"https:\\\/\\\/www.lovendal.ro\\\/wp52\\\/wp-content\\\/uploads\\\/2013\\\/09\\\/figura-misterioasa-paduri-Elvetia.jpg\",\"datePublished\":\"2013-09-22T21:06:31+00:00\",\"dateModified\":\"2013-10-15T20:45:31+00:00\",\"breadcrumb\":{\"@id\":\"https:\\\/\\\/www.lovendal.ro\\\/wp52\\\/un-barbat-misterios-cu-o-masca-de-gaz-si-o-pelerina-militara-umbla-prin-padurile-din-elvetia-mai-bine-de-zece-ani-ce-e-cu-el\\\/#breadcrumb\"},\"inLanguage\":\"ro-RO\",\"potentialAction\":[{\"@type\":\"ReadAction\",\"target\":[\"https:\\\/\\\/www.lovendal.ro\\\/wp52\\\/un-barbat-misterios-cu-o-masca-de-gaz-si-o-pelerina-militara-umbla-prin-padurile-din-elvetia-mai-bine-de-zece-ani-ce-e-cu-el\\\/\"]}]},{\"@type\":\"ImageObject\",\"inLanguage\":\"ro-RO\",\"@id\":\"https:\\\/\\\/www.lovendal.ro\\\/wp52\\\/un-barbat-misterios-cu-o-masca-de-gaz-si-o-pelerina-militara-umbla-prin-padurile-din-elvetia-mai-bine-de-zece-ani-ce-e-cu-el\\\/#primaryimage\",\"url\":\"https:\\\/\\\/www.lovendal.ro\\\/wp52\\\/wp-content\\\/uploads\\\/2013\\\/09\\\/figura-misterioasa-paduri-Elvetia.jpg\",\"contentUrl\":\"https:\\\/\\\/www.lovendal.ro\\\/wp52\\\/wp-content\\\/uploads\\\/2013\\\/09\\\/figura-misterioasa-paduri-Elvetia.jpg\",\"width\":320,\"height\":218},{\"@type\":\"BreadcrumbList\",\"@id\":\"https:\\\/\\\/www.lovendal.ro\\\/wp52\\\/un-barbat-misterios-cu-o-masca-de-gaz-si-o-pelerina-militara-umbla-prin-padurile-din-elvetia-mai-bine-de-zece-ani-ce-e-cu-el\\\/#breadcrumb\",\"itemListElement\":[{\"@type\":\"ListItem\",\"position\":1,\"name\":\"Home\",\"item\":\"https:\\\/\\\/www.lovendal.ro\\\/wp52\\\/\"},{\"@type\":\"ListItem\",\"position\":2,\"name\":\"Un b\u0103rbat misterios, cu o masc\u0103 de gaz \u015fi o pelerin\u0103 militar\u0103, umbl\u0103 prin p\u0103durile din Elve\u0163ia mai bine de zece ani. Ce e cu el!?\"}]},{\"@type\":\"WebSite\",\"@id\":\"https:\\\/\\\/www.lovendal.ro\\\/wp52\\\/#website\",\"url\":\"https:\\\/\\\/www.lovendal.ro\\\/wp52\\\/\",\"name\":\"Secretele lui Lovendal\",\"description\":\"Site de secrete, stiinta si metafizica - din 2008 -\",\"publisher\":{\"@id\":\"https:\\\/\\\/www.lovendal.ro\\\/wp52\\\/#organization\"},\"potentialAction\":[{\"@type\":\"SearchAction\",\"target\":{\"@type\":\"EntryPoint\",\"urlTemplate\":\"https:\\\/\\\/www.lovendal.ro\\\/wp52\\\/?s={search_term_string}\"},\"query-input\":{\"@type\":\"PropertyValueSpecification\",\"valueRequired\":true,\"valueName\":\"search_term_string\"}}],\"inLanguage\":\"ro-RO\"},{\"@type\":\"Organization\",\"@id\":\"https:\\\/\\\/www.lovendal.ro\\\/wp52\\\/#organization\",\"name\":\"Secretele lui Lovendal\",\"url\":\"https:\\\/\\\/www.lovendal.ro\\\/wp52\\\/\",\"logo\":{\"@type\":\"ImageObject\",\"inLanguage\":\"ro-RO\",\"@id\":\"https:\\\/\\\/www.lovendal.ro\\\/wp52\\\/#\\\/schema\\\/logo\\\/image\\\/\",\"url\":\"https:\\\/\\\/www.lovendal.ro\\\/wp52\\\/wp-content\\\/uploads\\\/2024\\\/06\\\/cropped-SLL-iun-2024-1.jpg\",\"contentUrl\":\"https:\\\/\\\/www.lovendal.ro\\\/wp52\\\/wp-content\\\/uploads\\\/2024\\\/06\\\/cropped-SLL-iun-2024-1.jpg\",\"width\":771,\"height\":240,\"caption\":\"Secretele lui Lovendal\"},\"image\":{\"@id\":\"https:\\\/\\\/www.lovendal.ro\\\/wp52\\\/#\\\/schema\\\/logo\\\/image\\\/\"},\"sameAs\":[\"https:\\\/\\\/www.facebook.com\\\/secreteleluilovendal\"]},{\"@type\":\"Person\",\"@id\":\"https:\\\/\\\/www.lovendal.ro\\\/wp52\\\/#\\\/schema\\\/person\\\/088691de5dfc346bb0c023e1e52ef5d9\",\"name\":\"admin\",\"image\":{\"@type\":\"ImageObject\",\"inLanguage\":\"ro-RO\",\"@id\":\"https:\\\/\\\/secure.gravatar.com\\\/avatar\\\/ecb9cd41f5f63c9c9b989999a59f6e2639a865ec361e9db054db0679a8f341c2?s=96&d=mm&r=g\",\"url\":\"https:\\\/\\\/secure.gravatar.com\\\/avatar\\\/ecb9cd41f5f63c9c9b989999a59f6e2639a865ec361e9db054db0679a8f341c2?s=96&d=mm&r=g\",\"contentUrl\":\"https:\\\/\\\/secure.gravatar.com\\\/avatar\\\/ecb9cd41f5f63c9c9b989999a59f6e2639a865ec361e9db054db0679a8f341c2?s=96&d=mm&r=g\",\"caption\":\"admin\"},\"sameAs\":[\"https:\\\/\\\/www.lovendal.ro\\\/wp52\"]}]}<\/script>\n<!-- \/ Yoast SEO Premium plugin. -->","yoast_head_json":{"title":"Un b\u0103rbat misterios, cu o masc\u0103 de gaz \u015fi o pelerin\u0103 militar\u0103, umbl\u0103 prin p\u0103durile din Elve\u0163ia mai bine de zece ani. Ce e cu el!? - Secretele lui Lovendal","robots":{"index":"index","follow":"follow","max-snippet":"max-snippet:-1","max-image-preview":"max-image-preview:large","max-video-preview":"max-video-preview:-1"},"canonical":"https:\/\/www.lovendal.ro\/wp52\/un-barbat-misterios-cu-o-masca-de-gaz-si-o-pelerina-militara-umbla-prin-padurile-din-elvetia-mai-bine-de-zece-ani-ce-e-cu-el\/","og_locale":"ro_RO","og_type":"article","og_title":"Un b\u0103rbat misterios, cu o masc\u0103 de gaz \u015fi o pelerin\u0103 militar\u0103, umbl\u0103 prin p\u0103durile din Elve\u0163ia mai bine de zece ani. Ce e cu el!?","og_description":"De pe news.com.au afl\u0103m o poveste tare bizar\u0103, despre o figur\u0103 misterioas\u0103 ce b\u00e2ntuie p\u0103durile elve\u0163iene mai bine de un deceniu. \u00cembr\u0103cat \u00een haine militare \u015fi av\u00e2nd o masc\u0103 de gaz pe chip, b\u0103rbatul, cunoscut sub numele de &#8222;Le Loyon&#8221; ... Cititi mai multe","og_url":"https:\/\/www.lovendal.ro\/wp52\/un-barbat-misterios-cu-o-masca-de-gaz-si-o-pelerina-militara-umbla-prin-padurile-din-elvetia-mai-bine-de-zece-ani-ce-e-cu-el\/","og_site_name":"Secretele lui Lovendal","article_publisher":"https:\/\/www.facebook.com\/secreteleluilovendal","article_published_time":"2013-09-22T21:06:31+00:00","article_modified_time":"2013-10-15T20:45:31+00:00","og_image":[{"width":320,"height":218,"url":"https:\/\/www.lovendal.ro\/wp52\/wp-content\/uploads\/2013\/09\/figura-misterioasa-paduri-Elvetia.jpg","type":"image\/jpeg"}],"author":"admin","twitter_card":"summary_large_image","twitter_misc":{"Scris de":"admin","Timp estimat pentru citire":"2 minute"},"schema":{"@context":"https:\/\/schema.org","@graph":[{"@type":"Article","@id":"https:\/\/www.lovendal.ro\/wp52\/un-barbat-misterios-cu-o-masca-de-gaz-si-o-pelerina-militara-umbla-prin-padurile-din-elvetia-mai-bine-de-zece-ani-ce-e-cu-el\/#article","isPartOf":{"@id":"https:\/\/www.lovendal.ro\/wp52\/un-barbat-misterios-cu-o-masca-de-gaz-si-o-pelerina-militara-umbla-prin-padurile-din-elvetia-mai-bine-de-zece-ani-ce-e-cu-el\/"},"author":{"name":"admin","@id":"https:\/\/www.lovendal.ro\/wp52\/#\/schema\/person\/088691de5dfc346bb0c023e1e52ef5d9"},"headline":"Un b\u0103rbat misterios, cu o masc\u0103 de gaz \u015fi o pelerin\u0103 militar\u0103, umbl\u0103 prin p\u0103durile din Elve\u0163ia mai bine de zece ani. Ce e cu el!?","datePublished":"2013-09-22T21:06:31+00:00","dateModified":"2013-10-15T20:45:31+00:00","mainEntityOfPage":{"@id":"https:\/\/www.lovendal.ro\/wp52\/un-barbat-misterios-cu-o-masca-de-gaz-si-o-pelerina-militara-umbla-prin-padurile-din-elvetia-mai-bine-de-zece-ani-ce-e-cu-el\/"},"wordCount":346,"commentCount":9,"publisher":{"@id":"https:\/\/www.lovendal.ro\/wp52\/#organization"},"image":{"@id":"https:\/\/www.lovendal.ro\/wp52\/un-barbat-misterios-cu-o-masca-de-gaz-si-o-pelerina-militara-umbla-prin-padurile-din-elvetia-mai-bine-de-zece-ani-ce-e-cu-el\/#primaryimage"},"thumbnailUrl":"https:\/\/www.lovendal.ro\/wp52\/wp-content\/uploads\/2013\/09\/figura-misterioasa-paduri-Elvetia.jpg","keywords":["b\u0103rbat","Bizar","Elve\u0163ia","fotografie","masc\u0103 de gaz","militari","p\u0103dure","pelerin\u0103","ploaie","poli\u0163ie"],"articleSection":["Bizar"],"inLanguage":"ro-RO","potentialAction":[{"@type":"CommentAction","name":"Comment","target":["https:\/\/www.lovendal.ro\/wp52\/un-barbat-misterios-cu-o-masca-de-gaz-si-o-pelerina-militara-umbla-prin-padurile-din-elvetia-mai-bine-de-zece-ani-ce-e-cu-el\/#respond"]}]},{"@type":"WebPage","@id":"https:\/\/www.lovendal.ro\/wp52\/un-barbat-misterios-cu-o-masca-de-gaz-si-o-pelerina-militara-umbla-prin-padurile-din-elvetia-mai-bine-de-zece-ani-ce-e-cu-el\/","url":"https:\/\/www.lovendal.ro\/wp52\/un-barbat-misterios-cu-o-masca-de-gaz-si-o-pelerina-militara-umbla-prin-padurile-din-elvetia-mai-bine-de-zece-ani-ce-e-cu-el\/","name":"Un b\u0103rbat misterios, cu o masc\u0103 de gaz \u015fi o pelerin\u0103 militar\u0103, umbl\u0103 prin p\u0103durile din Elve\u0163ia mai bine de zece ani. Ce e cu el!? - Secretele lui Lovendal","isPartOf":{"@id":"https:\/\/www.lovendal.ro\/wp52\/#website"},"primaryImageOfPage":{"@id":"https:\/\/www.lovendal.ro\/wp52\/un-barbat-misterios-cu-o-masca-de-gaz-si-o-pelerina-militara-umbla-prin-padurile-din-elvetia-mai-bine-de-zece-ani-ce-e-cu-el\/#primaryimage"},"image":{"@id":"https:\/\/www.lovendal.ro\/wp52\/un-barbat-misterios-cu-o-masca-de-gaz-si-o-pelerina-militara-umbla-prin-padurile-din-elvetia-mai-bine-de-zece-ani-ce-e-cu-el\/#primaryimage"},"thumbnailUrl":"https:\/\/www.lovendal.ro\/wp52\/wp-content\/uploads\/2013\/09\/figura-misterioasa-paduri-Elvetia.jpg","datePublished":"2013-09-22T21:06:31+00:00","dateModified":"2013-10-15T20:45:31+00:00","breadcrumb":{"@id":"https:\/\/www.lovendal.ro\/wp52\/un-barbat-misterios-cu-o-masca-de-gaz-si-o-pelerina-militara-umbla-prin-padurile-din-elvetia-mai-bine-de-zece-ani-ce-e-cu-el\/#breadcrumb"},"inLanguage":"ro-RO","potentialAction":[{"@type":"ReadAction","target":["https:\/\/www.lovendal.ro\/wp52\/un-barbat-misterios-cu-o-masca-de-gaz-si-o-pelerina-militara-umbla-prin-padurile-din-elvetia-mai-bine-de-zece-ani-ce-e-cu-el\/"]}]},{"@type":"ImageObject","inLanguage":"ro-RO","@id":"https:\/\/www.lovendal.ro\/wp52\/un-barbat-misterios-cu-o-masca-de-gaz-si-o-pelerina-militara-umbla-prin-padurile-din-elvetia-mai-bine-de-zece-ani-ce-e-cu-el\/#primaryimage","url":"https:\/\/www.lovendal.ro\/wp52\/wp-content\/uploads\/2013\/09\/figura-misterioasa-paduri-Elvetia.jpg","contentUrl":"https:\/\/www.lovendal.ro\/wp52\/wp-content\/uploads\/2013\/09\/figura-misterioasa-paduri-Elvetia.jpg","width":320,"height":218},{"@type":"BreadcrumbList","@id":"https:\/\/www.lovendal.ro\/wp52\/un-barbat-misterios-cu-o-masca-de-gaz-si-o-pelerina-militara-umbla-prin-padurile-din-elvetia-mai-bine-de-zece-ani-ce-e-cu-el\/#breadcrumb","itemListElement":[{"@type":"ListItem","position":1,"name":"Home","item":"https:\/\/www.lovendal.ro\/wp52\/"},{"@type":"ListItem","position":2,"name":"Un b\u0103rbat misterios, cu o masc\u0103 de gaz \u015fi o pelerin\u0103 militar\u0103, umbl\u0103 prin p\u0103durile din Elve\u0163ia mai bine de zece ani. Ce e cu el!?"}]},{"@type":"WebSite","@id":"https:\/\/www.lovendal.ro\/wp52\/#website","url":"https:\/\/www.lovendal.ro\/wp52\/","name":"Secretele lui Lovendal","description":"Site de secrete, stiinta si metafizica - din 2008 -","publisher":{"@id":"https:\/\/www.lovendal.ro\/wp52\/#organization"},"potentialAction":[{"@type":"SearchAction","target":{"@type":"EntryPoint","urlTemplate":"https:\/\/www.lovendal.ro\/wp52\/?s={search_term_string}"},"query-input":{"@type":"PropertyValueSpecification","valueRequired":true,"valueName":"search_term_string"}}],"inLanguage":"ro-RO"},{"@type":"Organization","@id":"https:\/\/www.lovendal.ro\/wp52\/#organization","name":"Secretele lui Lovendal","url":"https:\/\/www.lovendal.ro\/wp52\/","logo":{"@type":"ImageObject","inLanguage":"ro-RO","@id":"https:\/\/www.lovendal.ro\/wp52\/#\/schema\/logo\/image\/","url":"https:\/\/www.lovendal.ro\/wp52\/wp-content\/uploads\/2024\/06\/cropped-SLL-iun-2024-1.jpg","contentUrl":"https:\/\/www.lovendal.ro\/wp52\/wp-content\/uploads\/2024\/06\/cropped-SLL-iun-2024-1.jpg","width":771,"height":240,"caption":"Secretele lui Lovendal"},"image":{"@id":"https:\/\/www.lovendal.ro\/wp52\/#\/schema\/logo\/image\/"},"sameAs":["https:\/\/www.facebook.com\/secreteleluilovendal"]},{"@type":"Person","@id":"https:\/\/www.lovendal.ro\/wp52\/#\/schema\/person\/088691de5dfc346bb0c023e1e52ef5d9","name":"admin","image":{"@type":"ImageObject","inLanguage":"ro-RO","@id":"https:\/\/secure.gravatar.com\/avatar\/ecb9cd41f5f63c9c9b989999a59f6e2639a865ec361e9db054db0679a8f341c2?s=96&d=mm&r=g","url":"https:\/\/secure.gravatar.com\/avatar\/ecb9cd41f5f63c9c9b989999a59f6e2639a865ec361e9db054db0679a8f341c2?s=96&d=mm&r=g","contentUrl":"https:\/\/secure.gravatar.com\/avatar\/ecb9cd41f5f63c9c9b989999a59f6e2639a865ec361e9db054db0679a8f341c2?s=96&d=mm&r=g","caption":"admin"},"sameAs":["https:\/\/www.lovendal.ro\/wp52"]}]}},"_links":{"self":[{"href":"https:\/\/www.lovendal.ro\/wp52\/wp-json\/wp\/v2\/posts\/30490","targetHints":{"allow":["GET"]}}],"collection":[{"href":"https:\/\/www.lovendal.ro\/wp52\/wp-json\/wp\/v2\/posts"}],"about":[{"href":"https:\/\/www.lovendal.ro\/wp52\/wp-json\/wp\/v2\/types\/post"}],"author":[{"embeddable":true,"href":"https:\/\/www.lovendal.ro\/wp52\/wp-json\/wp\/v2\/users\/1"}],"replies":[{"embeddable":true,"href":"https:\/\/www.lovendal.ro\/wp52\/wp-json\/wp\/v2\/comments?post=30490"}],"version-history":[{"count":0,"href":"https:\/\/www.lovendal.ro\/wp52\/wp-json\/wp\/v2\/posts\/30490\/revisions"}],"wp:featuredmedia":[{"embeddable":true,"href":"https:\/\/www.lovendal.ro\/wp52\/wp-json\/wp\/v2\/media\/30491"}],"wp:attachment":[{"href":"https:\/\/www.lovendal.ro\/wp52\/wp-json\/wp\/v2\/media?parent=30490"}],"wp:term":[{"taxonomy":"category","embeddable":true,"href":"https:\/\/www.lovendal.ro\/wp52\/wp-json\/wp\/v2\/categories?post=30490"},{"taxonomy":"post_tag","embeddable":true,"href":"https:\/\/www.lovendal.ro\/wp52\/wp-json\/wp\/v2\/tags?post=30490"}],"curies":[{"name":"wp","href":"https:\/\/api.w.org\/{rel}","templated":true}]}}