{"id":30332,"date":"2020-02-20T16:30:14","date_gmt":"2020-02-20T14:30:14","guid":{"rendered":"http:\/\/www.lovendal.ro\/wp52\/?p=30332"},"modified":"2020-02-20T16:50:06","modified_gmt":"2020-02-20T14:50:06","slug":"nava-spatiala-secreta-guvernamentala-tr-3b-a-fost-fotografiata-din-greseala-in-timpul-misiunii-spatiale-apollo-8-din-1968","status":"publish","type":"post","link":"https:\/\/www.lovendal.ro\/wp52\/nava-spatiala-secreta-guvernamentala-tr-3b-a-fost-fotografiata-din-greseala-in-timpul-misiunii-spatiale-apollo-8-din-1968\/","title":{"rendered":"Nava spa\u0163ial\u0103 secret\u0103 guvernamental\u0103 TR-3B a fost fotografiat\u0103 din gre\u015feal\u0103 \u00een timpul misiunii spa\u0163iale Apollo 8 din 1968?"},"content":{"rendered":"<figure id=\"attachment_66880\" aria-describedby=\"caption-attachment-66880\" style=\"width: 336px\" class=\"wp-caption alignleft\"><a href=\"https:\/\/www.lovendal.ro\/wp52\/wp-content\/uploads\/2013\/09\/TR-3B-1968-coperta.jpg\"><img loading=\"lazy\" decoding=\"async\" class=\"size-full wp-image-66880\" src=\"https:\/\/www.lovendal.ro\/wp52\/wp-content\/uploads\/2013\/09\/TR-3B-1968-coperta.jpg\" alt=\"\" width=\"346\" height=\"272\" srcset=\"https:\/\/www.lovendal.ro\/wp52\/wp-content\/uploads\/2013\/09\/TR-3B-1968-coperta.jpg 346w, https:\/\/www.lovendal.ro\/wp52\/wp-content\/uploads\/2013\/09\/TR-3B-1968-coperta-300x236.jpg 300w\" sizes=\"auto, (max-width: 346px) 100vw, 346px\" \/><\/a><figcaption id=\"caption-attachment-66880\" class=\"wp-caption-text\"><strong>Imagine:<\/strong> NASA<\/figcaption><\/figure>\n<p>A\u0163i auzit vreodat\u0103 de TR-3B? Dac\u0103 nu \u015fti\u0163i, v\u0103 reamintesc cel mai cuprinz\u0103tor articol din limba rom\u00e2n\u0103 despre acest dispozitiv care se g\u0103se\u015fte pe site-ul meu (<a href=\"https:\/\/www.lovendal.ro\/wp52\/tr-3b-nava-spatiala-ultrasecreta-care-isi-schimba-forma-si-care-e-capabila-de-calatorii-interstelare\/\" target=\"_blank\" rel=\"noopener noreferrer\"><strong>TR-3B, nava spa\u0163ial\u0103 ultrasecret\u0103 care \u00ee\u015fi schimb\u0103 forma \u015fi care e capabil\u0103 de c\u0103l\u0103torii interstelare<\/strong><\/a>). Citez din acel articol:<\/p>\n<p><em>&#8222;TR-3B (sau Astra) este o nav\u0103 spa\u0163ial\u0103 secret\u0103 guvernamental\u0103 care se afl\u0103 \u00een func\u0163iune \u00eenc\u0103 din 1994. Ea este alimentat\u0103 de un reactor nuclear aflat la bord. E complet silen\u0163ioas\u0103 \u015fi are o form\u0103 triunghiular\u0103 cu 4 lumini; \u00een fiecare col\u0163 al triunghiului se afl\u0103 c\u00e2te o lumin\u0103, iar una se afl\u0103 \u015fi \u00een centru. TR-3B are o tehnologie avansat\u0103 de invizibilitate, mult mai eficient\u0103 dec\u00e2t faimosul avion F-117 Stealth. Nava spa\u0163ial\u0103 are un \u00eenveli\u015f polimeric care permite s\u0103-\u015fi schimbe reflectivitatea \u015fi chiar forma fa\u0163\u0103 de ochiul uman. Exist\u0103 mai multe videoclipuri pe YouTube care arat\u0103 aceast\u0103 nav\u0103 spa\u0163ial\u0103. Desigur, guvernul american \u00eei neag\u0103 total existen\u0163a (&#8230;) Se spune c\u0103 TR-3B poate atinge fantastica vitez\u0103 de 9.000 de kilometri pe or\u0103, at\u00e2t vertical c\u00e2t \u015fi orizontal&#8221;<\/em><\/p>\n<p>De ce-am adus aminte de aceast\u0103 legendar\u0103 nav\u0103 spa\u0163ial\u0103 american\u0103? Pentru c\u0103 am \u00eent\u00e2lnit un videoclip pe YouTube, intitulat:<em> &#8222;Was there a TR-3B in 1968?&#8221;<\/em>, adic\u0103<em> &#8222;A fost un TR-3B \u00een anul 1968?&#8221;<\/em> \u00cen acest videoclip se vorbe\u015fte despre misiunea spa\u0163ial\u0103 Apollo 8, care a fost lansat\u0103 pe 21 decembrie 1968. Aceast\u0103 misiune cu echipaj uman a f\u0103cut mai multe fotografii asupra P\u0103m\u00e2ntului; \u00eentr-una din fotografii (publicat\u0103 pe site-ul NASA), exact l\u00e2ng\u0103 Terra se poate observa un obiect ciudat luminos neidentificat. Pare a fi o nav\u0103 gigant&#8230; iar autorul videoclipului se \u00eentreab\u0103, pe bun\u0103 dreptate, dac\u0103 n-ar putea fi vorba chiar de celebra nav\u0103 spa\u0163ial\u0103 secret\u0103 TR-3B. De\u015fi cele mai multe site-uri de conspira\u0163ii dau drept dat\u0103 de punere \u00een func\u0163iune anul 1994, e posibil ca nav\u0103 s\u0103 fi fost executat\u0103 \u015fi lansat\u0103 \u00eenc\u0103 din anii 60. P\u0103cat c\u0103 rezolu\u0163ia pozei NASA nu este mai mare, pentru a observa mai detaliat acel obiect&#8230;<\/p>\n<p>Puteti viziona videclipul YouTube <a href=\"https:\/\/www.youtube.com\/watch?v=baFONNd5rsc\" target=\"_blank\" rel=\"noopener noreferrer\"><strong>AICI<\/strong><\/a>.<\/p>\n<p><a href=\"https:\/\/www.lovendal.ro\/wp52\/wp-content\/uploads\/2013\/09\/TR-3B-1968.jpg\"><img loading=\"lazy\" decoding=\"async\" class=\"aligncenter size-full wp-image-66881\" src=\"https:\/\/www.lovendal.ro\/wp52\/wp-content\/uploads\/2013\/09\/TR-3B-1968.jpg\" alt=\"\" width=\"541\" height=\"425\" srcset=\"https:\/\/www.lovendal.ro\/wp52\/wp-content\/uploads\/2013\/09\/TR-3B-1968.jpg 541w, https:\/\/www.lovendal.ro\/wp52\/wp-content\/uploads\/2013\/09\/TR-3B-1968-300x236.jpg 300w, https:\/\/www.lovendal.ro\/wp52\/wp-content\/uploads\/2013\/09\/TR-3B-1968-535x420.jpg 535w\" sizes=\"auto, (max-width: 541px) 100vw, 541px\" \/><\/a><\/p>\n","protected":false},"excerpt":{"rendered":"<p>A\u0163i auzit vreodat\u0103 de TR-3B? Dac\u0103 nu \u015fti\u0163i, v\u0103 reamintesc cel mai cuprinz\u0103tor articol din limba rom\u00e2n\u0103 despre acest dispozitiv care se g\u0103se\u015fte pe site-ul meu (TR-3B, nava spa\u0163ial\u0103 ultrasecret\u0103 care \u00ee\u015fi schimb\u0103 forma \u015fi care e capabil\u0103 de c\u0103l\u0103torii &#8230; <\/p>\n<p class=\"read-more-container\"><a title=\"Nava spa\u0163ial\u0103 secret\u0103 guvernamental\u0103 TR-3B a fost fotografiat\u0103 din gre\u015feal\u0103 \u00een timpul misiunii spa\u0163iale Apollo 8 din 1968?\" class=\"read-more button\" href=\"https:\/\/www.lovendal.ro\/wp52\/nava-spatiala-secreta-guvernamentala-tr-3b-a-fost-fotografiata-din-greseala-in-timpul-misiunii-spatiale-apollo-8-din-1968\/#more-30332\" aria-label=\"Cite\u0219te mai multe despre Nava spa\u0163ial\u0103 secret\u0103 guvernamental\u0103 TR-3B a fost fotografiat\u0103 din gre\u015feal\u0103 \u00een timpul misiunii spa\u0163iale Apollo 8 din 1968?\">Cititi mai multe<\/a><\/p>\n","protected":false},"author":1,"featured_media":66880,"comment_status":"open","ping_status":"open","sticky":false,"template":"","format":"standard","meta":{"footnotes":""},"categories":[475],"tags":[2990,358,150,1324,23,300,6930,2042,4223],"class_list":["post-30332","post","type-post","status-publish","format-standard","has-post-thumbnail","hentry","category-conspiratii-mistere","tag-apollo","tag-conspiratii-si-mistere","tag-nasa","tag-nava-spatiala","tag-sua","tag-terra","tag-tr-3b","tag-videoclip","tag-youtube"],"yoast_head":"<!-- This site is optimized with the Yoast SEO Premium plugin v23.3 (Yoast SEO v27.4) - https:\/\/yoast.com\/product\/yoast-seo-premium-wordpress\/ -->\n<title>Nava spa\u0163ial\u0103 secret\u0103 guvernamental\u0103 TR-3B a fost fotografiat\u0103 din gre\u015feal\u0103 \u00een timpul misiunii spa\u0163iale Apollo 8 din 1968? - Secretele lui Lovendal<\/title>\n<meta name=\"robots\" content=\"index, follow, max-snippet:-1, max-image-preview:large, max-video-preview:-1\" \/>\n<link rel=\"canonical\" href=\"https:\/\/www.lovendal.ro\/wp52\/nava-spatiala-secreta-guvernamentala-tr-3b-a-fost-fotografiata-din-greseala-in-timpul-misiunii-spatiale-apollo-8-din-1968\/\" \/>\n<meta property=\"og:locale\" content=\"ro_RO\" \/>\n<meta property=\"og:type\" content=\"article\" \/>\n<meta property=\"og:title\" content=\"Nava spa\u0163ial\u0103 secret\u0103 guvernamental\u0103 TR-3B a fost fotografiat\u0103 din gre\u015feal\u0103 \u00een timpul misiunii spa\u0163iale Apollo 8 din 1968?\" \/>\n<meta property=\"og:description\" content=\"A\u0163i auzit vreodat\u0103 de TR-3B? Dac\u0103 nu \u015fti\u0163i, v\u0103 reamintesc cel mai cuprinz\u0103tor articol din limba rom\u00e2n\u0103 despre acest dispozitiv care se g\u0103se\u015fte pe site-ul meu (TR-3B, nava spa\u0163ial\u0103 ultrasecret\u0103 care \u00ee\u015fi schimb\u0103 forma \u015fi care e capabil\u0103 de c\u0103l\u0103torii ... Cititi mai multe\" \/>\n<meta property=\"og:url\" content=\"https:\/\/www.lovendal.ro\/wp52\/nava-spatiala-secreta-guvernamentala-tr-3b-a-fost-fotografiata-din-greseala-in-timpul-misiunii-spatiale-apollo-8-din-1968\/\" \/>\n<meta property=\"og:site_name\" content=\"Secretele lui Lovendal\" \/>\n<meta property=\"article:publisher\" content=\"https:\/\/www.facebook.com\/secreteleluilovendal\" \/>\n<meta property=\"article:published_time\" content=\"2020-02-20T14:30:14+00:00\" \/>\n<meta property=\"article:modified_time\" content=\"2020-02-20T14:50:06+00:00\" \/>\n<meta property=\"og:image\" content=\"https:\/\/www.lovendal.ro\/wp52\/wp-content\/uploads\/2013\/09\/TR-3B-1968-coperta.jpg\" \/>\n\t<meta property=\"og:image:width\" content=\"346\" \/>\n\t<meta property=\"og:image:height\" content=\"272\" \/>\n\t<meta property=\"og:image:type\" content=\"image\/jpeg\" \/>\n<meta name=\"author\" content=\"admin\" \/>\n<meta name=\"twitter:card\" content=\"summary_large_image\" \/>\n<meta name=\"twitter:label1\" content=\"Scris de\" \/>\n\t<meta name=\"twitter:data1\" content=\"admin\" \/>\n\t<meta name=\"twitter:label2\" content=\"Timp estimat pentru citire\" \/>\n\t<meta name=\"twitter:data2\" content=\"2 minute\" \/>\n<script type=\"application\/ld+json\" class=\"yoast-schema-graph\">{\"@context\":\"https:\\\/\\\/schema.org\",\"@graph\":[{\"@type\":\"Article\",\"@id\":\"https:\\\/\\\/www.lovendal.ro\\\/wp52\\\/nava-spatiala-secreta-guvernamentala-tr-3b-a-fost-fotografiata-din-greseala-in-timpul-misiunii-spatiale-apollo-8-din-1968\\\/#article\",\"isPartOf\":{\"@id\":\"https:\\\/\\\/www.lovendal.ro\\\/wp52\\\/nava-spatiala-secreta-guvernamentala-tr-3b-a-fost-fotografiata-din-greseala-in-timpul-misiunii-spatiale-apollo-8-din-1968\\\/\"},\"author\":{\"name\":\"admin\",\"@id\":\"https:\\\/\\\/www.lovendal.ro\\\/wp52\\\/#\\\/schema\\\/person\\\/088691de5dfc346bb0c023e1e52ef5d9\"},\"headline\":\"Nava spa\u0163ial\u0103 secret\u0103 guvernamental\u0103 TR-3B a fost fotografiat\u0103 din gre\u015feal\u0103 \u00een timpul misiunii spa\u0163iale Apollo 8 din 1968?\",\"datePublished\":\"2020-02-20T14:30:14+00:00\",\"dateModified\":\"2020-02-20T14:50:06+00:00\",\"mainEntityOfPage\":{\"@id\":\"https:\\\/\\\/www.lovendal.ro\\\/wp52\\\/nava-spatiala-secreta-guvernamentala-tr-3b-a-fost-fotografiata-din-greseala-in-timpul-misiunii-spatiale-apollo-8-din-1968\\\/\"},\"wordCount\":390,\"commentCount\":7,\"publisher\":{\"@id\":\"https:\\\/\\\/www.lovendal.ro\\\/wp52\\\/#organization\"},\"image\":{\"@id\":\"https:\\\/\\\/www.lovendal.ro\\\/wp52\\\/nava-spatiala-secreta-guvernamentala-tr-3b-a-fost-fotografiata-din-greseala-in-timpul-misiunii-spatiale-apollo-8-din-1968\\\/#primaryimage\"},\"thumbnailUrl\":\"https:\\\/\\\/www.lovendal.ro\\\/wp52\\\/wp-content\\\/uploads\\\/2013\\\/09\\\/TR-3B-1968-coperta.jpg\",\"keywords\":[\"Apollo\",\"Conspiratii si Mistere\",\"NASA\",\"nav\u0103 spa\u0163ial\u0103\",\"SUA\",\"Terra\",\"TR-3B\",\"videoclip\",\"YouTube\"],\"articleSection\":[\"Conspiratii si Mistere\"],\"inLanguage\":\"ro-RO\",\"potentialAction\":[{\"@type\":\"CommentAction\",\"name\":\"Comment\",\"target\":[\"https:\\\/\\\/www.lovendal.ro\\\/wp52\\\/nava-spatiala-secreta-guvernamentala-tr-3b-a-fost-fotografiata-din-greseala-in-timpul-misiunii-spatiale-apollo-8-din-1968\\\/#respond\"]}]},{\"@type\":\"WebPage\",\"@id\":\"https:\\\/\\\/www.lovendal.ro\\\/wp52\\\/nava-spatiala-secreta-guvernamentala-tr-3b-a-fost-fotografiata-din-greseala-in-timpul-misiunii-spatiale-apollo-8-din-1968\\\/\",\"url\":\"https:\\\/\\\/www.lovendal.ro\\\/wp52\\\/nava-spatiala-secreta-guvernamentala-tr-3b-a-fost-fotografiata-din-greseala-in-timpul-misiunii-spatiale-apollo-8-din-1968\\\/\",\"name\":\"Nava spa\u0163ial\u0103 secret\u0103 guvernamental\u0103 TR-3B a fost fotografiat\u0103 din gre\u015feal\u0103 \u00een timpul misiunii spa\u0163iale Apollo 8 din 1968? - Secretele lui Lovendal\",\"isPartOf\":{\"@id\":\"https:\\\/\\\/www.lovendal.ro\\\/wp52\\\/#website\"},\"primaryImageOfPage\":{\"@id\":\"https:\\\/\\\/www.lovendal.ro\\\/wp52\\\/nava-spatiala-secreta-guvernamentala-tr-3b-a-fost-fotografiata-din-greseala-in-timpul-misiunii-spatiale-apollo-8-din-1968\\\/#primaryimage\"},\"image\":{\"@id\":\"https:\\\/\\\/www.lovendal.ro\\\/wp52\\\/nava-spatiala-secreta-guvernamentala-tr-3b-a-fost-fotografiata-din-greseala-in-timpul-misiunii-spatiale-apollo-8-din-1968\\\/#primaryimage\"},\"thumbnailUrl\":\"https:\\\/\\\/www.lovendal.ro\\\/wp52\\\/wp-content\\\/uploads\\\/2013\\\/09\\\/TR-3B-1968-coperta.jpg\",\"datePublished\":\"2020-02-20T14:30:14+00:00\",\"dateModified\":\"2020-02-20T14:50:06+00:00\",\"breadcrumb\":{\"@id\":\"https:\\\/\\\/www.lovendal.ro\\\/wp52\\\/nava-spatiala-secreta-guvernamentala-tr-3b-a-fost-fotografiata-din-greseala-in-timpul-misiunii-spatiale-apollo-8-din-1968\\\/#breadcrumb\"},\"inLanguage\":\"ro-RO\",\"potentialAction\":[{\"@type\":\"ReadAction\",\"target\":[\"https:\\\/\\\/www.lovendal.ro\\\/wp52\\\/nava-spatiala-secreta-guvernamentala-tr-3b-a-fost-fotografiata-din-greseala-in-timpul-misiunii-spatiale-apollo-8-din-1968\\\/\"]}]},{\"@type\":\"ImageObject\",\"inLanguage\":\"ro-RO\",\"@id\":\"https:\\\/\\\/www.lovendal.ro\\\/wp52\\\/nava-spatiala-secreta-guvernamentala-tr-3b-a-fost-fotografiata-din-greseala-in-timpul-misiunii-spatiale-apollo-8-din-1968\\\/#primaryimage\",\"url\":\"https:\\\/\\\/www.lovendal.ro\\\/wp52\\\/wp-content\\\/uploads\\\/2013\\\/09\\\/TR-3B-1968-coperta.jpg\",\"contentUrl\":\"https:\\\/\\\/www.lovendal.ro\\\/wp52\\\/wp-content\\\/uploads\\\/2013\\\/09\\\/TR-3B-1968-coperta.jpg\",\"width\":346,\"height\":272,\"caption\":\"Imagine: NASA\"},{\"@type\":\"BreadcrumbList\",\"@id\":\"https:\\\/\\\/www.lovendal.ro\\\/wp52\\\/nava-spatiala-secreta-guvernamentala-tr-3b-a-fost-fotografiata-din-greseala-in-timpul-misiunii-spatiale-apollo-8-din-1968\\\/#breadcrumb\",\"itemListElement\":[{\"@type\":\"ListItem\",\"position\":1,\"name\":\"Home\",\"item\":\"https:\\\/\\\/www.lovendal.ro\\\/wp52\\\/\"},{\"@type\":\"ListItem\",\"position\":2,\"name\":\"Nava spa\u0163ial\u0103 secret\u0103 guvernamental\u0103 TR-3B a fost fotografiat\u0103 din gre\u015feal\u0103 \u00een timpul misiunii spa\u0163iale Apollo 8 din 1968?\"}]},{\"@type\":\"WebSite\",\"@id\":\"https:\\\/\\\/www.lovendal.ro\\\/wp52\\\/#website\",\"url\":\"https:\\\/\\\/www.lovendal.ro\\\/wp52\\\/\",\"name\":\"Secretele lui Lovendal\",\"description\":\"Site de secrete, stiinta si metafizica - din 2008 -\",\"publisher\":{\"@id\":\"https:\\\/\\\/www.lovendal.ro\\\/wp52\\\/#organization\"},\"potentialAction\":[{\"@type\":\"SearchAction\",\"target\":{\"@type\":\"EntryPoint\",\"urlTemplate\":\"https:\\\/\\\/www.lovendal.ro\\\/wp52\\\/?s={search_term_string}\"},\"query-input\":{\"@type\":\"PropertyValueSpecification\",\"valueRequired\":true,\"valueName\":\"search_term_string\"}}],\"inLanguage\":\"ro-RO\"},{\"@type\":\"Organization\",\"@id\":\"https:\\\/\\\/www.lovendal.ro\\\/wp52\\\/#organization\",\"name\":\"Secretele lui Lovendal\",\"url\":\"https:\\\/\\\/www.lovendal.ro\\\/wp52\\\/\",\"logo\":{\"@type\":\"ImageObject\",\"inLanguage\":\"ro-RO\",\"@id\":\"https:\\\/\\\/www.lovendal.ro\\\/wp52\\\/#\\\/schema\\\/logo\\\/image\\\/\",\"url\":\"https:\\\/\\\/www.lovendal.ro\\\/wp52\\\/wp-content\\\/uploads\\\/2024\\\/06\\\/cropped-SLL-iun-2024-1.jpg\",\"contentUrl\":\"https:\\\/\\\/www.lovendal.ro\\\/wp52\\\/wp-content\\\/uploads\\\/2024\\\/06\\\/cropped-SLL-iun-2024-1.jpg\",\"width\":771,\"height\":240,\"caption\":\"Secretele lui Lovendal\"},\"image\":{\"@id\":\"https:\\\/\\\/www.lovendal.ro\\\/wp52\\\/#\\\/schema\\\/logo\\\/image\\\/\"},\"sameAs\":[\"https:\\\/\\\/www.facebook.com\\\/secreteleluilovendal\"]},{\"@type\":\"Person\",\"@id\":\"https:\\\/\\\/www.lovendal.ro\\\/wp52\\\/#\\\/schema\\\/person\\\/088691de5dfc346bb0c023e1e52ef5d9\",\"name\":\"admin\",\"image\":{\"@type\":\"ImageObject\",\"inLanguage\":\"ro-RO\",\"@id\":\"https:\\\/\\\/secure.gravatar.com\\\/avatar\\\/ecb9cd41f5f63c9c9b989999a59f6e2639a865ec361e9db054db0679a8f341c2?s=96&d=mm&r=g\",\"url\":\"https:\\\/\\\/secure.gravatar.com\\\/avatar\\\/ecb9cd41f5f63c9c9b989999a59f6e2639a865ec361e9db054db0679a8f341c2?s=96&d=mm&r=g\",\"contentUrl\":\"https:\\\/\\\/secure.gravatar.com\\\/avatar\\\/ecb9cd41f5f63c9c9b989999a59f6e2639a865ec361e9db054db0679a8f341c2?s=96&d=mm&r=g\",\"caption\":\"admin\"},\"sameAs\":[\"https:\\\/\\\/www.lovendal.ro\\\/wp52\"]}]}<\/script>\n<!-- \/ Yoast SEO Premium plugin. -->","yoast_head_json":{"title":"Nava spa\u0163ial\u0103 secret\u0103 guvernamental\u0103 TR-3B a fost fotografiat\u0103 din gre\u015feal\u0103 \u00een timpul misiunii spa\u0163iale Apollo 8 din 1968? - Secretele lui Lovendal","robots":{"index":"index","follow":"follow","max-snippet":"max-snippet:-1","max-image-preview":"max-image-preview:large","max-video-preview":"max-video-preview:-1"},"canonical":"https:\/\/www.lovendal.ro\/wp52\/nava-spatiala-secreta-guvernamentala-tr-3b-a-fost-fotografiata-din-greseala-in-timpul-misiunii-spatiale-apollo-8-din-1968\/","og_locale":"ro_RO","og_type":"article","og_title":"Nava spa\u0163ial\u0103 secret\u0103 guvernamental\u0103 TR-3B a fost fotografiat\u0103 din gre\u015feal\u0103 \u00een timpul misiunii spa\u0163iale Apollo 8 din 1968?","og_description":"A\u0163i auzit vreodat\u0103 de TR-3B? Dac\u0103 nu \u015fti\u0163i, v\u0103 reamintesc cel mai cuprinz\u0103tor articol din limba rom\u00e2n\u0103 despre acest dispozitiv care se g\u0103se\u015fte pe site-ul meu (TR-3B, nava spa\u0163ial\u0103 ultrasecret\u0103 care \u00ee\u015fi schimb\u0103 forma \u015fi care e capabil\u0103 de c\u0103l\u0103torii ... Cititi mai multe","og_url":"https:\/\/www.lovendal.ro\/wp52\/nava-spatiala-secreta-guvernamentala-tr-3b-a-fost-fotografiata-din-greseala-in-timpul-misiunii-spatiale-apollo-8-din-1968\/","og_site_name":"Secretele lui Lovendal","article_publisher":"https:\/\/www.facebook.com\/secreteleluilovendal","article_published_time":"2020-02-20T14:30:14+00:00","article_modified_time":"2020-02-20T14:50:06+00:00","og_image":[{"width":346,"height":272,"url":"https:\/\/www.lovendal.ro\/wp52\/wp-content\/uploads\/2013\/09\/TR-3B-1968-coperta.jpg","type":"image\/jpeg"}],"author":"admin","twitter_card":"summary_large_image","twitter_misc":{"Scris de":"admin","Timp estimat pentru citire":"2 minute"},"schema":{"@context":"https:\/\/schema.org","@graph":[{"@type":"Article","@id":"https:\/\/www.lovendal.ro\/wp52\/nava-spatiala-secreta-guvernamentala-tr-3b-a-fost-fotografiata-din-greseala-in-timpul-misiunii-spatiale-apollo-8-din-1968\/#article","isPartOf":{"@id":"https:\/\/www.lovendal.ro\/wp52\/nava-spatiala-secreta-guvernamentala-tr-3b-a-fost-fotografiata-din-greseala-in-timpul-misiunii-spatiale-apollo-8-din-1968\/"},"author":{"name":"admin","@id":"https:\/\/www.lovendal.ro\/wp52\/#\/schema\/person\/088691de5dfc346bb0c023e1e52ef5d9"},"headline":"Nava spa\u0163ial\u0103 secret\u0103 guvernamental\u0103 TR-3B a fost fotografiat\u0103 din gre\u015feal\u0103 \u00een timpul misiunii spa\u0163iale Apollo 8 din 1968?","datePublished":"2020-02-20T14:30:14+00:00","dateModified":"2020-02-20T14:50:06+00:00","mainEntityOfPage":{"@id":"https:\/\/www.lovendal.ro\/wp52\/nava-spatiala-secreta-guvernamentala-tr-3b-a-fost-fotografiata-din-greseala-in-timpul-misiunii-spatiale-apollo-8-din-1968\/"},"wordCount":390,"commentCount":7,"publisher":{"@id":"https:\/\/www.lovendal.ro\/wp52\/#organization"},"image":{"@id":"https:\/\/www.lovendal.ro\/wp52\/nava-spatiala-secreta-guvernamentala-tr-3b-a-fost-fotografiata-din-greseala-in-timpul-misiunii-spatiale-apollo-8-din-1968\/#primaryimage"},"thumbnailUrl":"https:\/\/www.lovendal.ro\/wp52\/wp-content\/uploads\/2013\/09\/TR-3B-1968-coperta.jpg","keywords":["Apollo","Conspiratii si Mistere","NASA","nav\u0103 spa\u0163ial\u0103","SUA","Terra","TR-3B","videoclip","YouTube"],"articleSection":["Conspiratii si Mistere"],"inLanguage":"ro-RO","potentialAction":[{"@type":"CommentAction","name":"Comment","target":["https:\/\/www.lovendal.ro\/wp52\/nava-spatiala-secreta-guvernamentala-tr-3b-a-fost-fotografiata-din-greseala-in-timpul-misiunii-spatiale-apollo-8-din-1968\/#respond"]}]},{"@type":"WebPage","@id":"https:\/\/www.lovendal.ro\/wp52\/nava-spatiala-secreta-guvernamentala-tr-3b-a-fost-fotografiata-din-greseala-in-timpul-misiunii-spatiale-apollo-8-din-1968\/","url":"https:\/\/www.lovendal.ro\/wp52\/nava-spatiala-secreta-guvernamentala-tr-3b-a-fost-fotografiata-din-greseala-in-timpul-misiunii-spatiale-apollo-8-din-1968\/","name":"Nava spa\u0163ial\u0103 secret\u0103 guvernamental\u0103 TR-3B a fost fotografiat\u0103 din gre\u015feal\u0103 \u00een timpul misiunii spa\u0163iale Apollo 8 din 1968? - Secretele lui Lovendal","isPartOf":{"@id":"https:\/\/www.lovendal.ro\/wp52\/#website"},"primaryImageOfPage":{"@id":"https:\/\/www.lovendal.ro\/wp52\/nava-spatiala-secreta-guvernamentala-tr-3b-a-fost-fotografiata-din-greseala-in-timpul-misiunii-spatiale-apollo-8-din-1968\/#primaryimage"},"image":{"@id":"https:\/\/www.lovendal.ro\/wp52\/nava-spatiala-secreta-guvernamentala-tr-3b-a-fost-fotografiata-din-greseala-in-timpul-misiunii-spatiale-apollo-8-din-1968\/#primaryimage"},"thumbnailUrl":"https:\/\/www.lovendal.ro\/wp52\/wp-content\/uploads\/2013\/09\/TR-3B-1968-coperta.jpg","datePublished":"2020-02-20T14:30:14+00:00","dateModified":"2020-02-20T14:50:06+00:00","breadcrumb":{"@id":"https:\/\/www.lovendal.ro\/wp52\/nava-spatiala-secreta-guvernamentala-tr-3b-a-fost-fotografiata-din-greseala-in-timpul-misiunii-spatiale-apollo-8-din-1968\/#breadcrumb"},"inLanguage":"ro-RO","potentialAction":[{"@type":"ReadAction","target":["https:\/\/www.lovendal.ro\/wp52\/nava-spatiala-secreta-guvernamentala-tr-3b-a-fost-fotografiata-din-greseala-in-timpul-misiunii-spatiale-apollo-8-din-1968\/"]}]},{"@type":"ImageObject","inLanguage":"ro-RO","@id":"https:\/\/www.lovendal.ro\/wp52\/nava-spatiala-secreta-guvernamentala-tr-3b-a-fost-fotografiata-din-greseala-in-timpul-misiunii-spatiale-apollo-8-din-1968\/#primaryimage","url":"https:\/\/www.lovendal.ro\/wp52\/wp-content\/uploads\/2013\/09\/TR-3B-1968-coperta.jpg","contentUrl":"https:\/\/www.lovendal.ro\/wp52\/wp-content\/uploads\/2013\/09\/TR-3B-1968-coperta.jpg","width":346,"height":272,"caption":"Imagine: NASA"},{"@type":"BreadcrumbList","@id":"https:\/\/www.lovendal.ro\/wp52\/nava-spatiala-secreta-guvernamentala-tr-3b-a-fost-fotografiata-din-greseala-in-timpul-misiunii-spatiale-apollo-8-din-1968\/#breadcrumb","itemListElement":[{"@type":"ListItem","position":1,"name":"Home","item":"https:\/\/www.lovendal.ro\/wp52\/"},{"@type":"ListItem","position":2,"name":"Nava spa\u0163ial\u0103 secret\u0103 guvernamental\u0103 TR-3B a fost fotografiat\u0103 din gre\u015feal\u0103 \u00een timpul misiunii spa\u0163iale Apollo 8 din 1968?"}]},{"@type":"WebSite","@id":"https:\/\/www.lovendal.ro\/wp52\/#website","url":"https:\/\/www.lovendal.ro\/wp52\/","name":"Secretele lui Lovendal","description":"Site de secrete, stiinta si metafizica - din 2008 -","publisher":{"@id":"https:\/\/www.lovendal.ro\/wp52\/#organization"},"potentialAction":[{"@type":"SearchAction","target":{"@type":"EntryPoint","urlTemplate":"https:\/\/www.lovendal.ro\/wp52\/?s={search_term_string}"},"query-input":{"@type":"PropertyValueSpecification","valueRequired":true,"valueName":"search_term_string"}}],"inLanguage":"ro-RO"},{"@type":"Organization","@id":"https:\/\/www.lovendal.ro\/wp52\/#organization","name":"Secretele lui Lovendal","url":"https:\/\/www.lovendal.ro\/wp52\/","logo":{"@type":"ImageObject","inLanguage":"ro-RO","@id":"https:\/\/www.lovendal.ro\/wp52\/#\/schema\/logo\/image\/","url":"https:\/\/www.lovendal.ro\/wp52\/wp-content\/uploads\/2024\/06\/cropped-SLL-iun-2024-1.jpg","contentUrl":"https:\/\/www.lovendal.ro\/wp52\/wp-content\/uploads\/2024\/06\/cropped-SLL-iun-2024-1.jpg","width":771,"height":240,"caption":"Secretele lui Lovendal"},"image":{"@id":"https:\/\/www.lovendal.ro\/wp52\/#\/schema\/logo\/image\/"},"sameAs":["https:\/\/www.facebook.com\/secreteleluilovendal"]},{"@type":"Person","@id":"https:\/\/www.lovendal.ro\/wp52\/#\/schema\/person\/088691de5dfc346bb0c023e1e52ef5d9","name":"admin","image":{"@type":"ImageObject","inLanguage":"ro-RO","@id":"https:\/\/secure.gravatar.com\/avatar\/ecb9cd41f5f63c9c9b989999a59f6e2639a865ec361e9db054db0679a8f341c2?s=96&d=mm&r=g","url":"https:\/\/secure.gravatar.com\/avatar\/ecb9cd41f5f63c9c9b989999a59f6e2639a865ec361e9db054db0679a8f341c2?s=96&d=mm&r=g","contentUrl":"https:\/\/secure.gravatar.com\/avatar\/ecb9cd41f5f63c9c9b989999a59f6e2639a865ec361e9db054db0679a8f341c2?s=96&d=mm&r=g","caption":"admin"},"sameAs":["https:\/\/www.lovendal.ro\/wp52"]}]}},"_links":{"self":[{"href":"https:\/\/www.lovendal.ro\/wp52\/wp-json\/wp\/v2\/posts\/30332","targetHints":{"allow":["GET"]}}],"collection":[{"href":"https:\/\/www.lovendal.ro\/wp52\/wp-json\/wp\/v2\/posts"}],"about":[{"href":"https:\/\/www.lovendal.ro\/wp52\/wp-json\/wp\/v2\/types\/post"}],"author":[{"embeddable":true,"href":"https:\/\/www.lovendal.ro\/wp52\/wp-json\/wp\/v2\/users\/1"}],"replies":[{"embeddable":true,"href":"https:\/\/www.lovendal.ro\/wp52\/wp-json\/wp\/v2\/comments?post=30332"}],"version-history":[{"count":0,"href":"https:\/\/www.lovendal.ro\/wp52\/wp-json\/wp\/v2\/posts\/30332\/revisions"}],"wp:featuredmedia":[{"embeddable":true,"href":"https:\/\/www.lovendal.ro\/wp52\/wp-json\/wp\/v2\/media\/66880"}],"wp:attachment":[{"href":"https:\/\/www.lovendal.ro\/wp52\/wp-json\/wp\/v2\/media?parent=30332"}],"wp:term":[{"taxonomy":"category","embeddable":true,"href":"https:\/\/www.lovendal.ro\/wp52\/wp-json\/wp\/v2\/categories?post=30332"},{"taxonomy":"post_tag","embeddable":true,"href":"https:\/\/www.lovendal.ro\/wp52\/wp-json\/wp\/v2\/tags?post=30332"}],"curies":[{"name":"wp","href":"https:\/\/api.w.org\/{rel}","templated":true}]}}