{"id":29914,"date":"2013-08-13T11:21:34","date_gmt":"2013-08-13T08:21:34","guid":{"rendered":"http:\/\/www.lovendal.net\/wp52\/?p=29914"},"modified":"2013-09-03T11:36:45","modified_gmt":"2013-09-03T08:36:45","slug":"un-om-si-a-vazut-propriul-caine-la-tv-numai-ca-acesta-era-mort-demult-si-omul-nu-avea-nicio-filmare-cu-el-incredibil","status":"publish","type":"post","link":"https:\/\/www.lovendal.ro\/wp52\/un-om-si-a-vazut-propriul-caine-la-tv-numai-ca-acesta-era-mort-demult-si-omul-nu-avea-nicio-filmare-cu-el-incredibil\/","title":{"rendered":"Un om \u015fi-a v\u0103zut propriul c\u00e2ine la TV&#8230;Numai c\u0103 acesta era mort demult \u015fi&#8230; omul nu avea nicio filmare cu el! Incredibil!"},"content":{"rendered":"<p><a href=\"https:\/\/www.lovendal.ro\/wp52\/wp-content\/uploads\/2013\/08\/caine-la-tv.jpg\"><img loading=\"lazy\" decoding=\"async\" class=\"alignleft size-full wp-image-29915\" alt=\"caine la tv\" src=\"https:\/\/www.lovendal.ro\/wp52\/wp-content\/uploads\/2013\/08\/caine-la-tv.jpg\" width=\"300\" height=\"225\" \/><\/a>Alan este un b\u0103rbat din Marea Britanie care a povestit urm\u0103toarea p\u0103\u0163anie: \u00eentr-o sear\u0103 a adormit \u00een fotoliu \u015fi c\u00e2nd s-a trezit televizorul f\u00e2\u015f\u00e2ia. \u015ei-a \u00eenchipuit c\u0103 a dormit \u015fi c\u0103 postul nu emitea noaptea. Dar ecranul nu era lipsit de imagine. Era acolo, neclar, un fel de animal. \u015ei-a recunoscut propriul c\u00e2ine. Parc\u0103 ar fi fost prost \u00eenregistrat pe o band\u0103 video. Singura problem\u0103 era c\u0103 el nu avea video, iar c\u00e2inele era mort de ni\u015fte ani buni. S-a ridicat s\u0103 ating\u0103 ecranul, iar imaginea a disp\u0103rut.<\/p>\n<p>\u015ei-a interpretat curioasa experien\u0163\u0103 ca fiind o posibil\u0103 proiec\u0163ie de dup\u0103 moarte. Cei mai sceptici ar propune \u00een acest caz un vis intens, posibil starea cunoscut\u0103 psihologilor ca fals\u0103 trezire. Alan doar s-ar fi g\u00e2ndit c\u0103 s-a trezit \u015fi s-a uitat la televizor. Alan nu avea cum s\u0103 efectueze un test diferen\u0163ial \u00eentre realitate \u015fi vis. Desigur, mai exist\u0103 \u015fi posibilitatea unei emisiuni parazite sau de testare, dup\u0103 \u00eencetarea emisiei oficiale a canalului. Dar nu s-a g\u0103sit nicio dovad\u0103 \u00een acest sens.<\/p>\n<p>Putem s\u0103 ne g\u00e2ndim \u015fi la faptul c\u0103 Alan a tr\u0103it cumva o viziune. Dac\u0103 stafia c\u00e2inelui s\u0103u poate fi perceput\u0103 pe calea min\u0163ii, lucru cel pu\u0163in posibil, \u00een lumina celor de mai sus, are prea pu\u0163in\u0103 importan\u0163\u0103 dac\u0103-i spunem halucina\u0163ie sau altfel. Termenul nu este deloc trivial. Se poate spune c\u0103 toate percep\u0163iile noastre sunt o iluzie creat\u0103 de anumite procese mentale.<\/p>\n<p>Dac\u0103 mintea este o form\u0103 a unui c\u00e2mp atemporal, aspa\u0163ial, cum multe cazuri sugereaz\u0103, atunci s-ar putea s\u0103 existe anumite \u00eemprejur\u0103ri \u00een care percep\u0163iile s\u0103 fie receptate prin intermediul unui c\u00e2mp electromagnetic. Aceast\u0103 perspectiv\u0103 este sugerat\u0103 de experien\u0163ele cu fantome, de tipul \u00eenregistr\u0103rilor video, c\u00e2nd imaginile apar \u00eentr-o cl\u0103dire. Exist\u0103 anumite roci \u015fi structuri cristaline care pot declan\u015fa manifestarea c\u00e2mpului, \u00een timp ce mintea decodific\u0103 \u015fi revede imaginile. De aici \u015fi p\u00e2n\u0103 la a ne \u00eenchipui primirea informa\u0163iei pe un ecran TV este un pas foarte mic.<\/p>\n","protected":false},"excerpt":{"rendered":"<p>Alan este un b\u0103rbat din Marea Britanie care a povestit urm\u0103toarea p\u0103\u0163anie: \u00eentr-o sear\u0103 a adormit \u00een fotoliu \u015fi c\u00e2nd s-a trezit televizorul f\u00e2\u015f\u00e2ia. \u015ei-a \u00eenchipuit c\u0103 a dormit \u015fi c\u0103 postul nu emitea noaptea. Dar ecranul nu era lipsit &#8230; <\/p>\n<p class=\"read-more-container\"><a title=\"Un om \u015fi-a v\u0103zut propriul c\u00e2ine la TV&#8230;Numai c\u0103 acesta era mort demult \u015fi&#8230; omul nu avea nicio filmare cu el! Incredibil!\" class=\"read-more button\" href=\"https:\/\/www.lovendal.ro\/wp52\/un-om-si-a-vazut-propriul-caine-la-tv-numai-ca-acesta-era-mort-demult-si-omul-nu-avea-nicio-filmare-cu-el-incredibil\/#more-29914\" aria-label=\"Cite\u0219te mai multe despre Un om \u015fi-a v\u0103zut propriul c\u00e2ine la TV&#8230;Numai c\u0103 acesta era mort demult \u015fi&#8230; omul nu avea nicio filmare cu el! Incredibil!\">Cititi mai multe<\/a><\/p>\n","protected":false},"author":1,"featured_media":29915,"comment_status":"open","ping_status":"closed","sticky":false,"template":"","format":"standard","meta":{"footnotes":""},"categories":[14],"tags":[652,761,392,9796,6828,233,6827,575],"class_list":["post-29914","post","type-post","status-publish","format-standard","has-post-thumbnail","hentry","category-paranormal-spiritualitate","tag-caine","tag-fantoma","tag-marea-britanie","tag-paranormal-spiritualitate","tag-psihologi","tag-tv","tag-video","tag-vis","resize-featured-image"],"yoast_head":"<!-- This site is optimized with the Yoast SEO Premium plugin v23.3 (Yoast SEO v27.4) - https:\/\/yoast.com\/product\/yoast-seo-premium-wordpress\/ -->\n<title>Un om \u015fi-a v\u0103zut propriul c\u00e2ine la TV...Numai c\u0103 acesta era mort demult \u015fi... omul nu avea nicio filmare cu el! Incredibil! - Secretele lui Lovendal<\/title>\n<meta name=\"robots\" content=\"index, follow, max-snippet:-1, max-image-preview:large, max-video-preview:-1\" \/>\n<link rel=\"canonical\" href=\"https:\/\/www.lovendal.ro\/wp52\/un-om-si-a-vazut-propriul-caine-la-tv-numai-ca-acesta-era-mort-demult-si-omul-nu-avea-nicio-filmare-cu-el-incredibil\/\" \/>\n<meta property=\"og:locale\" content=\"ro_RO\" \/>\n<meta property=\"og:type\" content=\"article\" \/>\n<meta property=\"og:title\" content=\"Un om \u015fi-a v\u0103zut propriul c\u00e2ine la TV...Numai c\u0103 acesta era mort demult \u015fi... omul nu avea nicio filmare cu el! Incredibil!\" \/>\n<meta property=\"og:description\" content=\"Alan este un b\u0103rbat din Marea Britanie care a povestit urm\u0103toarea p\u0103\u0163anie: \u00eentr-o sear\u0103 a adormit \u00een fotoliu \u015fi c\u00e2nd s-a trezit televizorul f\u00e2\u015f\u00e2ia. \u015ei-a \u00eenchipuit c\u0103 a dormit \u015fi c\u0103 postul nu emitea noaptea. Dar ecranul nu era lipsit ... Cititi mai multe\" \/>\n<meta property=\"og:url\" content=\"https:\/\/www.lovendal.ro\/wp52\/un-om-si-a-vazut-propriul-caine-la-tv-numai-ca-acesta-era-mort-demult-si-omul-nu-avea-nicio-filmare-cu-el-incredibil\/\" \/>\n<meta property=\"og:site_name\" content=\"Secretele lui Lovendal\" \/>\n<meta property=\"article:publisher\" content=\"https:\/\/www.facebook.com\/secreteleluilovendal\" \/>\n<meta property=\"article:published_time\" content=\"2013-08-13T08:21:34+00:00\" \/>\n<meta property=\"article:modified_time\" content=\"2013-09-03T08:36:45+00:00\" \/>\n<meta property=\"og:image\" content=\"https:\/\/www.lovendal.ro\/wp52\/wp-content\/uploads\/2013\/08\/caine-la-tv.jpg\" \/>\n\t<meta property=\"og:image:width\" content=\"300\" \/>\n\t<meta property=\"og:image:height\" content=\"225\" \/>\n\t<meta property=\"og:image:type\" content=\"image\/jpeg\" \/>\n<meta name=\"author\" content=\"admin\" \/>\n<meta name=\"twitter:card\" content=\"summary_large_image\" \/>\n<meta name=\"twitter:label1\" content=\"Scris de\" \/>\n\t<meta name=\"twitter:data1\" content=\"admin\" \/>\n\t<meta name=\"twitter:label2\" content=\"Timp estimat pentru citire\" \/>\n\t<meta name=\"twitter:data2\" content=\"2 minute\" \/>\n<script type=\"application\/ld+json\" class=\"yoast-schema-graph\">{\"@context\":\"https:\\\/\\\/schema.org\",\"@graph\":[{\"@type\":\"Article\",\"@id\":\"https:\\\/\\\/www.lovendal.ro\\\/wp52\\\/un-om-si-a-vazut-propriul-caine-la-tv-numai-ca-acesta-era-mort-demult-si-omul-nu-avea-nicio-filmare-cu-el-incredibil\\\/#article\",\"isPartOf\":{\"@id\":\"https:\\\/\\\/www.lovendal.ro\\\/wp52\\\/un-om-si-a-vazut-propriul-caine-la-tv-numai-ca-acesta-era-mort-demult-si-omul-nu-avea-nicio-filmare-cu-el-incredibil\\\/\"},\"author\":{\"name\":\"admin\",\"@id\":\"https:\\\/\\\/www.lovendal.ro\\\/wp52\\\/#\\\/schema\\\/person\\\/088691de5dfc346bb0c023e1e52ef5d9\"},\"headline\":\"Un om \u015fi-a v\u0103zut propriul c\u00e2ine la TV&#8230;Numai c\u0103 acesta era mort demult \u015fi&#8230; omul nu avea nicio filmare cu el! Incredibil!\",\"datePublished\":\"2013-08-13T08:21:34+00:00\",\"dateModified\":\"2013-09-03T08:36:45+00:00\",\"mainEntityOfPage\":{\"@id\":\"https:\\\/\\\/www.lovendal.ro\\\/wp52\\\/un-om-si-a-vazut-propriul-caine-la-tv-numai-ca-acesta-era-mort-demult-si-omul-nu-avea-nicio-filmare-cu-el-incredibil\\\/\"},\"wordCount\":381,\"commentCount\":2,\"publisher\":{\"@id\":\"https:\\\/\\\/www.lovendal.ro\\\/wp52\\\/#organization\"},\"image\":{\"@id\":\"https:\\\/\\\/www.lovendal.ro\\\/wp52\\\/un-om-si-a-vazut-propriul-caine-la-tv-numai-ca-acesta-era-mort-demult-si-omul-nu-avea-nicio-filmare-cu-el-incredibil\\\/#primaryimage\"},\"thumbnailUrl\":\"https:\\\/\\\/www.lovendal.ro\\\/wp52\\\/wp-content\\\/uploads\\\/2013\\\/08\\\/caine-la-tv.jpg\",\"keywords\":[\"c\u00e2ine\",\"fantom\u0103\",\"Marea Britanie\",\"Paranormal-Spiritualitate\",\"psihologi\",\"TV\",\"video\",\"vis\"],\"articleSection\":[\"Paranormal-Spiritualitate\"],\"inLanguage\":\"ro-RO\",\"potentialAction\":[{\"@type\":\"CommentAction\",\"name\":\"Comment\",\"target\":[\"https:\\\/\\\/www.lovendal.ro\\\/wp52\\\/un-om-si-a-vazut-propriul-caine-la-tv-numai-ca-acesta-era-mort-demult-si-omul-nu-avea-nicio-filmare-cu-el-incredibil\\\/#respond\"]}]},{\"@type\":\"WebPage\",\"@id\":\"https:\\\/\\\/www.lovendal.ro\\\/wp52\\\/un-om-si-a-vazut-propriul-caine-la-tv-numai-ca-acesta-era-mort-demult-si-omul-nu-avea-nicio-filmare-cu-el-incredibil\\\/\",\"url\":\"https:\\\/\\\/www.lovendal.ro\\\/wp52\\\/un-om-si-a-vazut-propriul-caine-la-tv-numai-ca-acesta-era-mort-demult-si-omul-nu-avea-nicio-filmare-cu-el-incredibil\\\/\",\"name\":\"Un om \u015fi-a v\u0103zut propriul c\u00e2ine la TV...Numai c\u0103 acesta era mort demult \u015fi... omul nu avea nicio filmare cu el! Incredibil! - Secretele lui Lovendal\",\"isPartOf\":{\"@id\":\"https:\\\/\\\/www.lovendal.ro\\\/wp52\\\/#website\"},\"primaryImageOfPage\":{\"@id\":\"https:\\\/\\\/www.lovendal.ro\\\/wp52\\\/un-om-si-a-vazut-propriul-caine-la-tv-numai-ca-acesta-era-mort-demult-si-omul-nu-avea-nicio-filmare-cu-el-incredibil\\\/#primaryimage\"},\"image\":{\"@id\":\"https:\\\/\\\/www.lovendal.ro\\\/wp52\\\/un-om-si-a-vazut-propriul-caine-la-tv-numai-ca-acesta-era-mort-demult-si-omul-nu-avea-nicio-filmare-cu-el-incredibil\\\/#primaryimage\"},\"thumbnailUrl\":\"https:\\\/\\\/www.lovendal.ro\\\/wp52\\\/wp-content\\\/uploads\\\/2013\\\/08\\\/caine-la-tv.jpg\",\"datePublished\":\"2013-08-13T08:21:34+00:00\",\"dateModified\":\"2013-09-03T08:36:45+00:00\",\"breadcrumb\":{\"@id\":\"https:\\\/\\\/www.lovendal.ro\\\/wp52\\\/un-om-si-a-vazut-propriul-caine-la-tv-numai-ca-acesta-era-mort-demult-si-omul-nu-avea-nicio-filmare-cu-el-incredibil\\\/#breadcrumb\"},\"inLanguage\":\"ro-RO\",\"potentialAction\":[{\"@type\":\"ReadAction\",\"target\":[\"https:\\\/\\\/www.lovendal.ro\\\/wp52\\\/un-om-si-a-vazut-propriul-caine-la-tv-numai-ca-acesta-era-mort-demult-si-omul-nu-avea-nicio-filmare-cu-el-incredibil\\\/\"]}]},{\"@type\":\"ImageObject\",\"inLanguage\":\"ro-RO\",\"@id\":\"https:\\\/\\\/www.lovendal.ro\\\/wp52\\\/un-om-si-a-vazut-propriul-caine-la-tv-numai-ca-acesta-era-mort-demult-si-omul-nu-avea-nicio-filmare-cu-el-incredibil\\\/#primaryimage\",\"url\":\"https:\\\/\\\/www.lovendal.ro\\\/wp52\\\/wp-content\\\/uploads\\\/2013\\\/08\\\/caine-la-tv.jpg\",\"contentUrl\":\"https:\\\/\\\/www.lovendal.ro\\\/wp52\\\/wp-content\\\/uploads\\\/2013\\\/08\\\/caine-la-tv.jpg\",\"width\":300,\"height\":225},{\"@type\":\"BreadcrumbList\",\"@id\":\"https:\\\/\\\/www.lovendal.ro\\\/wp52\\\/un-om-si-a-vazut-propriul-caine-la-tv-numai-ca-acesta-era-mort-demult-si-omul-nu-avea-nicio-filmare-cu-el-incredibil\\\/#breadcrumb\",\"itemListElement\":[{\"@type\":\"ListItem\",\"position\":1,\"name\":\"Home\",\"item\":\"https:\\\/\\\/www.lovendal.ro\\\/wp52\\\/\"},{\"@type\":\"ListItem\",\"position\":2,\"name\":\"Un om \u015fi-a v\u0103zut propriul c\u00e2ine la TV&#8230;Numai c\u0103 acesta era mort demult \u015fi&#8230; omul nu avea nicio filmare cu el! Incredibil!\"}]},{\"@type\":\"WebSite\",\"@id\":\"https:\\\/\\\/www.lovendal.ro\\\/wp52\\\/#website\",\"url\":\"https:\\\/\\\/www.lovendal.ro\\\/wp52\\\/\",\"name\":\"Secretele lui Lovendal\",\"description\":\"Site de secrete, stiinta si metafizica - din 2008 -\",\"publisher\":{\"@id\":\"https:\\\/\\\/www.lovendal.ro\\\/wp52\\\/#organization\"},\"potentialAction\":[{\"@type\":\"SearchAction\",\"target\":{\"@type\":\"EntryPoint\",\"urlTemplate\":\"https:\\\/\\\/www.lovendal.ro\\\/wp52\\\/?s={search_term_string}\"},\"query-input\":{\"@type\":\"PropertyValueSpecification\",\"valueRequired\":true,\"valueName\":\"search_term_string\"}}],\"inLanguage\":\"ro-RO\"},{\"@type\":\"Organization\",\"@id\":\"https:\\\/\\\/www.lovendal.ro\\\/wp52\\\/#organization\",\"name\":\"Secretele lui Lovendal\",\"url\":\"https:\\\/\\\/www.lovendal.ro\\\/wp52\\\/\",\"logo\":{\"@type\":\"ImageObject\",\"inLanguage\":\"ro-RO\",\"@id\":\"https:\\\/\\\/www.lovendal.ro\\\/wp52\\\/#\\\/schema\\\/logo\\\/image\\\/\",\"url\":\"https:\\\/\\\/www.lovendal.ro\\\/wp52\\\/wp-content\\\/uploads\\\/2024\\\/06\\\/cropped-SLL-iun-2024-1.jpg\",\"contentUrl\":\"https:\\\/\\\/www.lovendal.ro\\\/wp52\\\/wp-content\\\/uploads\\\/2024\\\/06\\\/cropped-SLL-iun-2024-1.jpg\",\"width\":771,\"height\":240,\"caption\":\"Secretele lui Lovendal\"},\"image\":{\"@id\":\"https:\\\/\\\/www.lovendal.ro\\\/wp52\\\/#\\\/schema\\\/logo\\\/image\\\/\"},\"sameAs\":[\"https:\\\/\\\/www.facebook.com\\\/secreteleluilovendal\"]},{\"@type\":\"Person\",\"@id\":\"https:\\\/\\\/www.lovendal.ro\\\/wp52\\\/#\\\/schema\\\/person\\\/088691de5dfc346bb0c023e1e52ef5d9\",\"name\":\"admin\",\"image\":{\"@type\":\"ImageObject\",\"inLanguage\":\"ro-RO\",\"@id\":\"https:\\\/\\\/secure.gravatar.com\\\/avatar\\\/ecb9cd41f5f63c9c9b989999a59f6e2639a865ec361e9db054db0679a8f341c2?s=96&d=mm&r=g\",\"url\":\"https:\\\/\\\/secure.gravatar.com\\\/avatar\\\/ecb9cd41f5f63c9c9b989999a59f6e2639a865ec361e9db054db0679a8f341c2?s=96&d=mm&r=g\",\"contentUrl\":\"https:\\\/\\\/secure.gravatar.com\\\/avatar\\\/ecb9cd41f5f63c9c9b989999a59f6e2639a865ec361e9db054db0679a8f341c2?s=96&d=mm&r=g\",\"caption\":\"admin\"},\"sameAs\":[\"https:\\\/\\\/www.lovendal.ro\\\/wp52\"]}]}<\/script>\n<!-- \/ Yoast SEO Premium plugin. -->","yoast_head_json":{"title":"Un om \u015fi-a v\u0103zut propriul c\u00e2ine la TV...Numai c\u0103 acesta era mort demult \u015fi... omul nu avea nicio filmare cu el! Incredibil! - Secretele lui Lovendal","robots":{"index":"index","follow":"follow","max-snippet":"max-snippet:-1","max-image-preview":"max-image-preview:large","max-video-preview":"max-video-preview:-1"},"canonical":"https:\/\/www.lovendal.ro\/wp52\/un-om-si-a-vazut-propriul-caine-la-tv-numai-ca-acesta-era-mort-demult-si-omul-nu-avea-nicio-filmare-cu-el-incredibil\/","og_locale":"ro_RO","og_type":"article","og_title":"Un om \u015fi-a v\u0103zut propriul c\u00e2ine la TV...Numai c\u0103 acesta era mort demult \u015fi... omul nu avea nicio filmare cu el! Incredibil!","og_description":"Alan este un b\u0103rbat din Marea Britanie care a povestit urm\u0103toarea p\u0103\u0163anie: \u00eentr-o sear\u0103 a adormit \u00een fotoliu \u015fi c\u00e2nd s-a trezit televizorul f\u00e2\u015f\u00e2ia. \u015ei-a \u00eenchipuit c\u0103 a dormit \u015fi c\u0103 postul nu emitea noaptea. Dar ecranul nu era lipsit ... Cititi mai multe","og_url":"https:\/\/www.lovendal.ro\/wp52\/un-om-si-a-vazut-propriul-caine-la-tv-numai-ca-acesta-era-mort-demult-si-omul-nu-avea-nicio-filmare-cu-el-incredibil\/","og_site_name":"Secretele lui Lovendal","article_publisher":"https:\/\/www.facebook.com\/secreteleluilovendal","article_published_time":"2013-08-13T08:21:34+00:00","article_modified_time":"2013-09-03T08:36:45+00:00","og_image":[{"width":300,"height":225,"url":"https:\/\/www.lovendal.ro\/wp52\/wp-content\/uploads\/2013\/08\/caine-la-tv.jpg","type":"image\/jpeg"}],"author":"admin","twitter_card":"summary_large_image","twitter_misc":{"Scris de":"admin","Timp estimat pentru citire":"2 minute"},"schema":{"@context":"https:\/\/schema.org","@graph":[{"@type":"Article","@id":"https:\/\/www.lovendal.ro\/wp52\/un-om-si-a-vazut-propriul-caine-la-tv-numai-ca-acesta-era-mort-demult-si-omul-nu-avea-nicio-filmare-cu-el-incredibil\/#article","isPartOf":{"@id":"https:\/\/www.lovendal.ro\/wp52\/un-om-si-a-vazut-propriul-caine-la-tv-numai-ca-acesta-era-mort-demult-si-omul-nu-avea-nicio-filmare-cu-el-incredibil\/"},"author":{"name":"admin","@id":"https:\/\/www.lovendal.ro\/wp52\/#\/schema\/person\/088691de5dfc346bb0c023e1e52ef5d9"},"headline":"Un om \u015fi-a v\u0103zut propriul c\u00e2ine la TV&#8230;Numai c\u0103 acesta era mort demult \u015fi&#8230; omul nu avea nicio filmare cu el! Incredibil!","datePublished":"2013-08-13T08:21:34+00:00","dateModified":"2013-09-03T08:36:45+00:00","mainEntityOfPage":{"@id":"https:\/\/www.lovendal.ro\/wp52\/un-om-si-a-vazut-propriul-caine-la-tv-numai-ca-acesta-era-mort-demult-si-omul-nu-avea-nicio-filmare-cu-el-incredibil\/"},"wordCount":381,"commentCount":2,"publisher":{"@id":"https:\/\/www.lovendal.ro\/wp52\/#organization"},"image":{"@id":"https:\/\/www.lovendal.ro\/wp52\/un-om-si-a-vazut-propriul-caine-la-tv-numai-ca-acesta-era-mort-demult-si-omul-nu-avea-nicio-filmare-cu-el-incredibil\/#primaryimage"},"thumbnailUrl":"https:\/\/www.lovendal.ro\/wp52\/wp-content\/uploads\/2013\/08\/caine-la-tv.jpg","keywords":["c\u00e2ine","fantom\u0103","Marea Britanie","Paranormal-Spiritualitate","psihologi","TV","video","vis"],"articleSection":["Paranormal-Spiritualitate"],"inLanguage":"ro-RO","potentialAction":[{"@type":"CommentAction","name":"Comment","target":["https:\/\/www.lovendal.ro\/wp52\/un-om-si-a-vazut-propriul-caine-la-tv-numai-ca-acesta-era-mort-demult-si-omul-nu-avea-nicio-filmare-cu-el-incredibil\/#respond"]}]},{"@type":"WebPage","@id":"https:\/\/www.lovendal.ro\/wp52\/un-om-si-a-vazut-propriul-caine-la-tv-numai-ca-acesta-era-mort-demult-si-omul-nu-avea-nicio-filmare-cu-el-incredibil\/","url":"https:\/\/www.lovendal.ro\/wp52\/un-om-si-a-vazut-propriul-caine-la-tv-numai-ca-acesta-era-mort-demult-si-omul-nu-avea-nicio-filmare-cu-el-incredibil\/","name":"Un om \u015fi-a v\u0103zut propriul c\u00e2ine la TV...Numai c\u0103 acesta era mort demult \u015fi... omul nu avea nicio filmare cu el! Incredibil! - Secretele lui Lovendal","isPartOf":{"@id":"https:\/\/www.lovendal.ro\/wp52\/#website"},"primaryImageOfPage":{"@id":"https:\/\/www.lovendal.ro\/wp52\/un-om-si-a-vazut-propriul-caine-la-tv-numai-ca-acesta-era-mort-demult-si-omul-nu-avea-nicio-filmare-cu-el-incredibil\/#primaryimage"},"image":{"@id":"https:\/\/www.lovendal.ro\/wp52\/un-om-si-a-vazut-propriul-caine-la-tv-numai-ca-acesta-era-mort-demult-si-omul-nu-avea-nicio-filmare-cu-el-incredibil\/#primaryimage"},"thumbnailUrl":"https:\/\/www.lovendal.ro\/wp52\/wp-content\/uploads\/2013\/08\/caine-la-tv.jpg","datePublished":"2013-08-13T08:21:34+00:00","dateModified":"2013-09-03T08:36:45+00:00","breadcrumb":{"@id":"https:\/\/www.lovendal.ro\/wp52\/un-om-si-a-vazut-propriul-caine-la-tv-numai-ca-acesta-era-mort-demult-si-omul-nu-avea-nicio-filmare-cu-el-incredibil\/#breadcrumb"},"inLanguage":"ro-RO","potentialAction":[{"@type":"ReadAction","target":["https:\/\/www.lovendal.ro\/wp52\/un-om-si-a-vazut-propriul-caine-la-tv-numai-ca-acesta-era-mort-demult-si-omul-nu-avea-nicio-filmare-cu-el-incredibil\/"]}]},{"@type":"ImageObject","inLanguage":"ro-RO","@id":"https:\/\/www.lovendal.ro\/wp52\/un-om-si-a-vazut-propriul-caine-la-tv-numai-ca-acesta-era-mort-demult-si-omul-nu-avea-nicio-filmare-cu-el-incredibil\/#primaryimage","url":"https:\/\/www.lovendal.ro\/wp52\/wp-content\/uploads\/2013\/08\/caine-la-tv.jpg","contentUrl":"https:\/\/www.lovendal.ro\/wp52\/wp-content\/uploads\/2013\/08\/caine-la-tv.jpg","width":300,"height":225},{"@type":"BreadcrumbList","@id":"https:\/\/www.lovendal.ro\/wp52\/un-om-si-a-vazut-propriul-caine-la-tv-numai-ca-acesta-era-mort-demult-si-omul-nu-avea-nicio-filmare-cu-el-incredibil\/#breadcrumb","itemListElement":[{"@type":"ListItem","position":1,"name":"Home","item":"https:\/\/www.lovendal.ro\/wp52\/"},{"@type":"ListItem","position":2,"name":"Un om \u015fi-a v\u0103zut propriul c\u00e2ine la TV&#8230;Numai c\u0103 acesta era mort demult \u015fi&#8230; omul nu avea nicio filmare cu el! Incredibil!"}]},{"@type":"WebSite","@id":"https:\/\/www.lovendal.ro\/wp52\/#website","url":"https:\/\/www.lovendal.ro\/wp52\/","name":"Secretele lui Lovendal","description":"Site de secrete, stiinta si metafizica - din 2008 -","publisher":{"@id":"https:\/\/www.lovendal.ro\/wp52\/#organization"},"potentialAction":[{"@type":"SearchAction","target":{"@type":"EntryPoint","urlTemplate":"https:\/\/www.lovendal.ro\/wp52\/?s={search_term_string}"},"query-input":{"@type":"PropertyValueSpecification","valueRequired":true,"valueName":"search_term_string"}}],"inLanguage":"ro-RO"},{"@type":"Organization","@id":"https:\/\/www.lovendal.ro\/wp52\/#organization","name":"Secretele lui Lovendal","url":"https:\/\/www.lovendal.ro\/wp52\/","logo":{"@type":"ImageObject","inLanguage":"ro-RO","@id":"https:\/\/www.lovendal.ro\/wp52\/#\/schema\/logo\/image\/","url":"https:\/\/www.lovendal.ro\/wp52\/wp-content\/uploads\/2024\/06\/cropped-SLL-iun-2024-1.jpg","contentUrl":"https:\/\/www.lovendal.ro\/wp52\/wp-content\/uploads\/2024\/06\/cropped-SLL-iun-2024-1.jpg","width":771,"height":240,"caption":"Secretele lui Lovendal"},"image":{"@id":"https:\/\/www.lovendal.ro\/wp52\/#\/schema\/logo\/image\/"},"sameAs":["https:\/\/www.facebook.com\/secreteleluilovendal"]},{"@type":"Person","@id":"https:\/\/www.lovendal.ro\/wp52\/#\/schema\/person\/088691de5dfc346bb0c023e1e52ef5d9","name":"admin","image":{"@type":"ImageObject","inLanguage":"ro-RO","@id":"https:\/\/secure.gravatar.com\/avatar\/ecb9cd41f5f63c9c9b989999a59f6e2639a865ec361e9db054db0679a8f341c2?s=96&d=mm&r=g","url":"https:\/\/secure.gravatar.com\/avatar\/ecb9cd41f5f63c9c9b989999a59f6e2639a865ec361e9db054db0679a8f341c2?s=96&d=mm&r=g","contentUrl":"https:\/\/secure.gravatar.com\/avatar\/ecb9cd41f5f63c9c9b989999a59f6e2639a865ec361e9db054db0679a8f341c2?s=96&d=mm&r=g","caption":"admin"},"sameAs":["https:\/\/www.lovendal.ro\/wp52"]}]}},"_links":{"self":[{"href":"https:\/\/www.lovendal.ro\/wp52\/wp-json\/wp\/v2\/posts\/29914","targetHints":{"allow":["GET"]}}],"collection":[{"href":"https:\/\/www.lovendal.ro\/wp52\/wp-json\/wp\/v2\/posts"}],"about":[{"href":"https:\/\/www.lovendal.ro\/wp52\/wp-json\/wp\/v2\/types\/post"}],"author":[{"embeddable":true,"href":"https:\/\/www.lovendal.ro\/wp52\/wp-json\/wp\/v2\/users\/1"}],"replies":[{"embeddable":true,"href":"https:\/\/www.lovendal.ro\/wp52\/wp-json\/wp\/v2\/comments?post=29914"}],"version-history":[{"count":0,"href":"https:\/\/www.lovendal.ro\/wp52\/wp-json\/wp\/v2\/posts\/29914\/revisions"}],"wp:featuredmedia":[{"embeddable":true,"href":"https:\/\/www.lovendal.ro\/wp52\/wp-json\/wp\/v2\/media\/29915"}],"wp:attachment":[{"href":"https:\/\/www.lovendal.ro\/wp52\/wp-json\/wp\/v2\/media?parent=29914"}],"wp:term":[{"taxonomy":"category","embeddable":true,"href":"https:\/\/www.lovendal.ro\/wp52\/wp-json\/wp\/v2\/categories?post=29914"},{"taxonomy":"post_tag","embeddable":true,"href":"https:\/\/www.lovendal.ro\/wp52\/wp-json\/wp\/v2\/tags?post=29914"}],"curies":[{"name":"wp","href":"https:\/\/api.w.org\/{rel}","templated":true}]}}