{"id":29843,"date":"2013-08-18T13:43:43","date_gmt":"2013-08-18T10:43:43","guid":{"rendered":"http:\/\/www.lovendal.net\/wp52\/?p=29843"},"modified":"2013-09-03T11:33:35","modified_gmt":"2013-09-03T08:33:35","slug":"e-posibil-ca-unui-atlet-sa-i-dispara-mustata-in-timpul-unui-concurs-de-maraton-incredibilul-caz-al-maratonului-de-la-bruxelles","status":"publish","type":"post","link":"https:\/\/www.lovendal.ro\/wp52\/e-posibil-ca-unui-atlet-sa-i-dispara-mustata-in-timpul-unui-concurs-de-maraton-incredibilul-caz-al-maratonului-de-la-bruxelles\/","title":{"rendered":"E posibil ca unui atlet s\u0103-i dispar\u0103 musta\u0163a \u00een timpul unui concurs de maraton? Incredibilul caz al maratonului de la Bruxelles"},"content":{"rendered":"<p><a href=\"https:\/\/www.lovendal.ro\/wp52\/wp-content\/uploads\/2013\/08\/maratonist.jpg\"><img loading=\"lazy\" decoding=\"async\" class=\"alignleft size-full wp-image-29844\" alt=\"maratonist\" src=\"https:\/\/www.lovendal.ro\/wp52\/wp-content\/uploads\/2013\/08\/maratonist.jpg\" width=\"309\" height=\"262\" srcset=\"https:\/\/www.lovendal.ro\/wp52\/wp-content\/uploads\/2013\/08\/maratonist.jpg 309w, https:\/\/www.lovendal.ro\/wp52\/wp-content\/uploads\/2013\/08\/maratonist-300x254.jpg 300w\" sizes=\"auto, (max-width: 309px) 100vw, 309px\" \/><\/a>\u00cen septembrie 1991, alerg\u0103torul algerian Abbes Tehami a terminat primul, cu mult \u00eenaintea celorlal\u0163i participan\u0163i ai maratonului din Bruxelles. Spectatorii au observat \u00eens\u0103 ceva ciudat: el p\u0103rea s\u0103 se fi \u00eengr\u0103\u015fat \u00een timpul cursei \u015fi musta\u0163a \u00eei disp\u0103ruse. S-a descoperit ulterior c\u0103, de fapt, antrenorul s\u0103u alergase primele zece mile, dup\u0103 care a schimbat tricoul cu num\u0103rul de concurs cu Tehami, care a\u015ftepta ascuns, dup\u0103 un copac. Abbes a fost descalificat.<\/p>\n<p><em>\u201e\u00cen via\u0163a mea nu am fost martorul unui astfel de incident la un concurs interna\u0163ional&#8221;<\/em>, a declarat un reprezentant oficial al Federa\u0163iei Interna\u0163ionale de Atletism; evident, acesta uitase sau nu auzise nicic\u00e2nd de Ro\u015fie Ruiz, o alerg\u0103toare care, asemenea lui Tehami, \u00eencercase s\u0103-\u015fi \u00eensceneze victoria \u00een cadrul maratonului din Boston, din 1980. \u00cen\u015fel\u0103toria a ie\u015fit la iveal\u0103 c\u00e2nd au fost vizionate casetele video ale concursului, dovedind c\u0103 Rosie nu trecuse prin punctele de verificare.<\/p>\n<p>\u00cen timpul publicit\u0103\u0163ii create \u00een jurul evenimentului, revista <em>Boston Globe<\/em> a readus \u00een aten\u0163ia publicului povestea farsei, \u00een anii &#8217;20, din cadrul unui concurs de trecere prin \u00eenot a Canalului M\u00e2necii. Ca \u015fi Ruiz, femeia care traversase o mare parte din distan\u0163\u0103 cu o barc\u0103 a pretins la sf\u00e2r\u015fit ob\u0163inerea unui nou record, anulat \u00eens\u0103 \u00een urma investiga\u0163iilor detaliate.<\/p>\n","protected":false},"excerpt":{"rendered":"<p>\u00cen septembrie 1991, alerg\u0103torul algerian Abbes Tehami a terminat primul, cu mult \u00eenaintea celorlal\u0163i participan\u0163i ai maratonului din Bruxelles. Spectatorii au observat \u00eens\u0103 ceva ciudat: el p\u0103rea s\u0103 se fi \u00eengr\u0103\u015fat \u00een timpul cursei \u015fi musta\u0163a \u00eei disp\u0103ruse. S-a descoperit &#8230; <\/p>\n<p class=\"read-more-container\"><a title=\"E posibil ca unui atlet s\u0103-i dispar\u0103 musta\u0163a \u00een timpul unui concurs de maraton? Incredibilul caz al maratonului de la Bruxelles\" class=\"read-more button\" href=\"https:\/\/www.lovendal.ro\/wp52\/e-posibil-ca-unui-atlet-sa-i-dispara-mustata-in-timpul-unui-concurs-de-maraton-incredibilul-caz-al-maratonului-de-la-bruxelles\/#more-29843\" aria-label=\"Cite\u0219te mai multe despre E posibil ca unui atlet s\u0103-i dispar\u0103 musta\u0163a \u00een timpul unui concurs de maraton? Incredibilul caz al maratonului de la Bruxelles\">Cititi mai multe<\/a><\/p>\n","protected":false},"author":1,"featured_media":29844,"comment_status":"open","ping_status":"closed","sticky":false,"template":"","format":"standard","meta":{"footnotes":""},"categories":[1],"tags":[1175,5070,4594,4639,5777,9802],"class_list":["post-29843","post","type-post","status-publish","format-standard","has-post-thumbnail","hentry","category-uncategorized","tag-atletism","tag-boston","tag-bruxelles","tag-canalul-manecii","tag-maraton","tag-sport","resize-featured-image"],"yoast_head":"<!-- This site is optimized with the Yoast SEO Premium plugin v23.3 (Yoast SEO v27.4) - https:\/\/yoast.com\/product\/yoast-seo-premium-wordpress\/ -->\n<title>E posibil ca unui atlet s\u0103-i dispar\u0103 musta\u0163a \u00een timpul unui concurs de maraton? Incredibilul caz al maratonului de la Bruxelles - Secretele lui Lovendal<\/title>\n<meta name=\"robots\" content=\"index, follow, max-snippet:-1, max-image-preview:large, max-video-preview:-1\" \/>\n<link rel=\"canonical\" href=\"https:\/\/www.lovendal.ro\/wp52\/e-posibil-ca-unui-atlet-sa-i-dispara-mustata-in-timpul-unui-concurs-de-maraton-incredibilul-caz-al-maratonului-de-la-bruxelles\/\" \/>\n<meta property=\"og:locale\" content=\"ro_RO\" \/>\n<meta property=\"og:type\" content=\"article\" \/>\n<meta property=\"og:title\" content=\"E posibil ca unui atlet s\u0103-i dispar\u0103 musta\u0163a \u00een timpul unui concurs de maraton? Incredibilul caz al maratonului de la Bruxelles\" \/>\n<meta property=\"og:description\" content=\"\u00cen septembrie 1991, alerg\u0103torul algerian Abbes Tehami a terminat primul, cu mult \u00eenaintea celorlal\u0163i participan\u0163i ai maratonului din Bruxelles. Spectatorii au observat \u00eens\u0103 ceva ciudat: el p\u0103rea s\u0103 se fi \u00eengr\u0103\u015fat \u00een timpul cursei \u015fi musta\u0163a \u00eei disp\u0103ruse. S-a descoperit ... Cititi mai multe\" \/>\n<meta property=\"og:url\" content=\"https:\/\/www.lovendal.ro\/wp52\/e-posibil-ca-unui-atlet-sa-i-dispara-mustata-in-timpul-unui-concurs-de-maraton-incredibilul-caz-al-maratonului-de-la-bruxelles\/\" \/>\n<meta property=\"og:site_name\" content=\"Secretele lui Lovendal\" \/>\n<meta property=\"article:publisher\" content=\"https:\/\/www.facebook.com\/secreteleluilovendal\" \/>\n<meta property=\"article:published_time\" content=\"2013-08-18T10:43:43+00:00\" \/>\n<meta property=\"article:modified_time\" content=\"2013-09-03T08:33:35+00:00\" \/>\n<meta property=\"og:image\" content=\"https:\/\/www.lovendal.ro\/wp52\/wp-content\/uploads\/2013\/08\/maratonist.jpg\" \/>\n\t<meta property=\"og:image:width\" content=\"309\" \/>\n\t<meta property=\"og:image:height\" content=\"262\" \/>\n\t<meta property=\"og:image:type\" content=\"image\/jpeg\" \/>\n<meta name=\"author\" content=\"admin\" \/>\n<meta name=\"twitter:card\" content=\"summary_large_image\" \/>\n<meta name=\"twitter:label1\" content=\"Scris de\" \/>\n\t<meta name=\"twitter:data1\" content=\"admin\" \/>\n\t<meta name=\"twitter:label2\" content=\"Timp estimat pentru citire\" \/>\n\t<meta name=\"twitter:data2\" content=\"1 minut\" \/>\n<script type=\"application\/ld+json\" class=\"yoast-schema-graph\">{\"@context\":\"https:\\\/\\\/schema.org\",\"@graph\":[{\"@type\":\"Article\",\"@id\":\"https:\\\/\\\/www.lovendal.ro\\\/wp52\\\/e-posibil-ca-unui-atlet-sa-i-dispara-mustata-in-timpul-unui-concurs-de-maraton-incredibilul-caz-al-maratonului-de-la-bruxelles\\\/#article\",\"isPartOf\":{\"@id\":\"https:\\\/\\\/www.lovendal.ro\\\/wp52\\\/e-posibil-ca-unui-atlet-sa-i-dispara-mustata-in-timpul-unui-concurs-de-maraton-incredibilul-caz-al-maratonului-de-la-bruxelles\\\/\"},\"author\":{\"name\":\"admin\",\"@id\":\"https:\\\/\\\/www.lovendal.ro\\\/wp52\\\/#\\\/schema\\\/person\\\/088691de5dfc346bb0c023e1e52ef5d9\"},\"headline\":\"E posibil ca unui atlet s\u0103-i dispar\u0103 musta\u0163a \u00een timpul unui concurs de maraton? Incredibilul caz al maratonului de la Bruxelles\",\"datePublished\":\"2013-08-18T10:43:43+00:00\",\"dateModified\":\"2013-09-03T08:33:35+00:00\",\"mainEntityOfPage\":{\"@id\":\"https:\\\/\\\/www.lovendal.ro\\\/wp52\\\/e-posibil-ca-unui-atlet-sa-i-dispara-mustata-in-timpul-unui-concurs-de-maraton-incredibilul-caz-al-maratonului-de-la-bruxelles\\\/\"},\"wordCount\":254,\"commentCount\":1,\"publisher\":{\"@id\":\"https:\\\/\\\/www.lovendal.ro\\\/wp52\\\/#organization\"},\"image\":{\"@id\":\"https:\\\/\\\/www.lovendal.ro\\\/wp52\\\/e-posibil-ca-unui-atlet-sa-i-dispara-mustata-in-timpul-unui-concurs-de-maraton-incredibilul-caz-al-maratonului-de-la-bruxelles\\\/#primaryimage\"},\"thumbnailUrl\":\"https:\\\/\\\/www.lovendal.ro\\\/wp52\\\/wp-content\\\/uploads\\\/2013\\\/08\\\/maratonist.jpg\",\"keywords\":[\"atletism\",\"Boston\",\"Bruxelles\",\"Canalul M\u00e2necii\",\"maraton\",\"Sport\"],\"articleSection\":[\"Uncategorized\"],\"inLanguage\":\"ro-RO\",\"potentialAction\":[{\"@type\":\"CommentAction\",\"name\":\"Comment\",\"target\":[\"https:\\\/\\\/www.lovendal.ro\\\/wp52\\\/e-posibil-ca-unui-atlet-sa-i-dispara-mustata-in-timpul-unui-concurs-de-maraton-incredibilul-caz-al-maratonului-de-la-bruxelles\\\/#respond\"]}]},{\"@type\":\"WebPage\",\"@id\":\"https:\\\/\\\/www.lovendal.ro\\\/wp52\\\/e-posibil-ca-unui-atlet-sa-i-dispara-mustata-in-timpul-unui-concurs-de-maraton-incredibilul-caz-al-maratonului-de-la-bruxelles\\\/\",\"url\":\"https:\\\/\\\/www.lovendal.ro\\\/wp52\\\/e-posibil-ca-unui-atlet-sa-i-dispara-mustata-in-timpul-unui-concurs-de-maraton-incredibilul-caz-al-maratonului-de-la-bruxelles\\\/\",\"name\":\"E posibil ca unui atlet s\u0103-i dispar\u0103 musta\u0163a \u00een timpul unui concurs de maraton? Incredibilul caz al maratonului de la Bruxelles - Secretele lui Lovendal\",\"isPartOf\":{\"@id\":\"https:\\\/\\\/www.lovendal.ro\\\/wp52\\\/#website\"},\"primaryImageOfPage\":{\"@id\":\"https:\\\/\\\/www.lovendal.ro\\\/wp52\\\/e-posibil-ca-unui-atlet-sa-i-dispara-mustata-in-timpul-unui-concurs-de-maraton-incredibilul-caz-al-maratonului-de-la-bruxelles\\\/#primaryimage\"},\"image\":{\"@id\":\"https:\\\/\\\/www.lovendal.ro\\\/wp52\\\/e-posibil-ca-unui-atlet-sa-i-dispara-mustata-in-timpul-unui-concurs-de-maraton-incredibilul-caz-al-maratonului-de-la-bruxelles\\\/#primaryimage\"},\"thumbnailUrl\":\"https:\\\/\\\/www.lovendal.ro\\\/wp52\\\/wp-content\\\/uploads\\\/2013\\\/08\\\/maratonist.jpg\",\"datePublished\":\"2013-08-18T10:43:43+00:00\",\"dateModified\":\"2013-09-03T08:33:35+00:00\",\"breadcrumb\":{\"@id\":\"https:\\\/\\\/www.lovendal.ro\\\/wp52\\\/e-posibil-ca-unui-atlet-sa-i-dispara-mustata-in-timpul-unui-concurs-de-maraton-incredibilul-caz-al-maratonului-de-la-bruxelles\\\/#breadcrumb\"},\"inLanguage\":\"ro-RO\",\"potentialAction\":[{\"@type\":\"ReadAction\",\"target\":[\"https:\\\/\\\/www.lovendal.ro\\\/wp52\\\/e-posibil-ca-unui-atlet-sa-i-dispara-mustata-in-timpul-unui-concurs-de-maraton-incredibilul-caz-al-maratonului-de-la-bruxelles\\\/\"]}]},{\"@type\":\"ImageObject\",\"inLanguage\":\"ro-RO\",\"@id\":\"https:\\\/\\\/www.lovendal.ro\\\/wp52\\\/e-posibil-ca-unui-atlet-sa-i-dispara-mustata-in-timpul-unui-concurs-de-maraton-incredibilul-caz-al-maratonului-de-la-bruxelles\\\/#primaryimage\",\"url\":\"https:\\\/\\\/www.lovendal.ro\\\/wp52\\\/wp-content\\\/uploads\\\/2013\\\/08\\\/maratonist.jpg\",\"contentUrl\":\"https:\\\/\\\/www.lovendal.ro\\\/wp52\\\/wp-content\\\/uploads\\\/2013\\\/08\\\/maratonist.jpg\",\"width\":309,\"height\":262},{\"@type\":\"BreadcrumbList\",\"@id\":\"https:\\\/\\\/www.lovendal.ro\\\/wp52\\\/e-posibil-ca-unui-atlet-sa-i-dispara-mustata-in-timpul-unui-concurs-de-maraton-incredibilul-caz-al-maratonului-de-la-bruxelles\\\/#breadcrumb\",\"itemListElement\":[{\"@type\":\"ListItem\",\"position\":1,\"name\":\"Home\",\"item\":\"https:\\\/\\\/www.lovendal.ro\\\/wp52\\\/\"},{\"@type\":\"ListItem\",\"position\":2,\"name\":\"E posibil ca unui atlet s\u0103-i dispar\u0103 musta\u0163a \u00een timpul unui concurs de maraton? Incredibilul caz al maratonului de la Bruxelles\"}]},{\"@type\":\"WebSite\",\"@id\":\"https:\\\/\\\/www.lovendal.ro\\\/wp52\\\/#website\",\"url\":\"https:\\\/\\\/www.lovendal.ro\\\/wp52\\\/\",\"name\":\"Secretele lui Lovendal\",\"description\":\"Site de secrete, stiinta si metafizica - din 2008 -\",\"publisher\":{\"@id\":\"https:\\\/\\\/www.lovendal.ro\\\/wp52\\\/#organization\"},\"potentialAction\":[{\"@type\":\"SearchAction\",\"target\":{\"@type\":\"EntryPoint\",\"urlTemplate\":\"https:\\\/\\\/www.lovendal.ro\\\/wp52\\\/?s={search_term_string}\"},\"query-input\":{\"@type\":\"PropertyValueSpecification\",\"valueRequired\":true,\"valueName\":\"search_term_string\"}}],\"inLanguage\":\"ro-RO\"},{\"@type\":\"Organization\",\"@id\":\"https:\\\/\\\/www.lovendal.ro\\\/wp52\\\/#organization\",\"name\":\"Secretele lui Lovendal\",\"url\":\"https:\\\/\\\/www.lovendal.ro\\\/wp52\\\/\",\"logo\":{\"@type\":\"ImageObject\",\"inLanguage\":\"ro-RO\",\"@id\":\"https:\\\/\\\/www.lovendal.ro\\\/wp52\\\/#\\\/schema\\\/logo\\\/image\\\/\",\"url\":\"https:\\\/\\\/www.lovendal.ro\\\/wp52\\\/wp-content\\\/uploads\\\/2024\\\/06\\\/cropped-SLL-iun-2024-1.jpg\",\"contentUrl\":\"https:\\\/\\\/www.lovendal.ro\\\/wp52\\\/wp-content\\\/uploads\\\/2024\\\/06\\\/cropped-SLL-iun-2024-1.jpg\",\"width\":771,\"height\":240,\"caption\":\"Secretele lui Lovendal\"},\"image\":{\"@id\":\"https:\\\/\\\/www.lovendal.ro\\\/wp52\\\/#\\\/schema\\\/logo\\\/image\\\/\"},\"sameAs\":[\"https:\\\/\\\/www.facebook.com\\\/secreteleluilovendal\"]},{\"@type\":\"Person\",\"@id\":\"https:\\\/\\\/www.lovendal.ro\\\/wp52\\\/#\\\/schema\\\/person\\\/088691de5dfc346bb0c023e1e52ef5d9\",\"name\":\"admin\",\"image\":{\"@type\":\"ImageObject\",\"inLanguage\":\"ro-RO\",\"@id\":\"https:\\\/\\\/secure.gravatar.com\\\/avatar\\\/ecb9cd41f5f63c9c9b989999a59f6e2639a865ec361e9db054db0679a8f341c2?s=96&d=mm&r=g\",\"url\":\"https:\\\/\\\/secure.gravatar.com\\\/avatar\\\/ecb9cd41f5f63c9c9b989999a59f6e2639a865ec361e9db054db0679a8f341c2?s=96&d=mm&r=g\",\"contentUrl\":\"https:\\\/\\\/secure.gravatar.com\\\/avatar\\\/ecb9cd41f5f63c9c9b989999a59f6e2639a865ec361e9db054db0679a8f341c2?s=96&d=mm&r=g\",\"caption\":\"admin\"},\"sameAs\":[\"https:\\\/\\\/www.lovendal.ro\\\/wp52\"]}]}<\/script>\n<!-- \/ Yoast SEO Premium plugin. -->","yoast_head_json":{"title":"E posibil ca unui atlet s\u0103-i dispar\u0103 musta\u0163a \u00een timpul unui concurs de maraton? Incredibilul caz al maratonului de la Bruxelles - Secretele lui Lovendal","robots":{"index":"index","follow":"follow","max-snippet":"max-snippet:-1","max-image-preview":"max-image-preview:large","max-video-preview":"max-video-preview:-1"},"canonical":"https:\/\/www.lovendal.ro\/wp52\/e-posibil-ca-unui-atlet-sa-i-dispara-mustata-in-timpul-unui-concurs-de-maraton-incredibilul-caz-al-maratonului-de-la-bruxelles\/","og_locale":"ro_RO","og_type":"article","og_title":"E posibil ca unui atlet s\u0103-i dispar\u0103 musta\u0163a \u00een timpul unui concurs de maraton? Incredibilul caz al maratonului de la Bruxelles","og_description":"\u00cen septembrie 1991, alerg\u0103torul algerian Abbes Tehami a terminat primul, cu mult \u00eenaintea celorlal\u0163i participan\u0163i ai maratonului din Bruxelles. Spectatorii au observat \u00eens\u0103 ceva ciudat: el p\u0103rea s\u0103 se fi \u00eengr\u0103\u015fat \u00een timpul cursei \u015fi musta\u0163a \u00eei disp\u0103ruse. S-a descoperit ... Cititi mai multe","og_url":"https:\/\/www.lovendal.ro\/wp52\/e-posibil-ca-unui-atlet-sa-i-dispara-mustata-in-timpul-unui-concurs-de-maraton-incredibilul-caz-al-maratonului-de-la-bruxelles\/","og_site_name":"Secretele lui Lovendal","article_publisher":"https:\/\/www.facebook.com\/secreteleluilovendal","article_published_time":"2013-08-18T10:43:43+00:00","article_modified_time":"2013-09-03T08:33:35+00:00","og_image":[{"width":309,"height":262,"url":"https:\/\/www.lovendal.ro\/wp52\/wp-content\/uploads\/2013\/08\/maratonist.jpg","type":"image\/jpeg"}],"author":"admin","twitter_card":"summary_large_image","twitter_misc":{"Scris de":"admin","Timp estimat pentru citire":"1 minut"},"schema":{"@context":"https:\/\/schema.org","@graph":[{"@type":"Article","@id":"https:\/\/www.lovendal.ro\/wp52\/e-posibil-ca-unui-atlet-sa-i-dispara-mustata-in-timpul-unui-concurs-de-maraton-incredibilul-caz-al-maratonului-de-la-bruxelles\/#article","isPartOf":{"@id":"https:\/\/www.lovendal.ro\/wp52\/e-posibil-ca-unui-atlet-sa-i-dispara-mustata-in-timpul-unui-concurs-de-maraton-incredibilul-caz-al-maratonului-de-la-bruxelles\/"},"author":{"name":"admin","@id":"https:\/\/www.lovendal.ro\/wp52\/#\/schema\/person\/088691de5dfc346bb0c023e1e52ef5d9"},"headline":"E posibil ca unui atlet s\u0103-i dispar\u0103 musta\u0163a \u00een timpul unui concurs de maraton? Incredibilul caz al maratonului de la Bruxelles","datePublished":"2013-08-18T10:43:43+00:00","dateModified":"2013-09-03T08:33:35+00:00","mainEntityOfPage":{"@id":"https:\/\/www.lovendal.ro\/wp52\/e-posibil-ca-unui-atlet-sa-i-dispara-mustata-in-timpul-unui-concurs-de-maraton-incredibilul-caz-al-maratonului-de-la-bruxelles\/"},"wordCount":254,"commentCount":1,"publisher":{"@id":"https:\/\/www.lovendal.ro\/wp52\/#organization"},"image":{"@id":"https:\/\/www.lovendal.ro\/wp52\/e-posibil-ca-unui-atlet-sa-i-dispara-mustata-in-timpul-unui-concurs-de-maraton-incredibilul-caz-al-maratonului-de-la-bruxelles\/#primaryimage"},"thumbnailUrl":"https:\/\/www.lovendal.ro\/wp52\/wp-content\/uploads\/2013\/08\/maratonist.jpg","keywords":["atletism","Boston","Bruxelles","Canalul M\u00e2necii","maraton","Sport"],"articleSection":["Uncategorized"],"inLanguage":"ro-RO","potentialAction":[{"@type":"CommentAction","name":"Comment","target":["https:\/\/www.lovendal.ro\/wp52\/e-posibil-ca-unui-atlet-sa-i-dispara-mustata-in-timpul-unui-concurs-de-maraton-incredibilul-caz-al-maratonului-de-la-bruxelles\/#respond"]}]},{"@type":"WebPage","@id":"https:\/\/www.lovendal.ro\/wp52\/e-posibil-ca-unui-atlet-sa-i-dispara-mustata-in-timpul-unui-concurs-de-maraton-incredibilul-caz-al-maratonului-de-la-bruxelles\/","url":"https:\/\/www.lovendal.ro\/wp52\/e-posibil-ca-unui-atlet-sa-i-dispara-mustata-in-timpul-unui-concurs-de-maraton-incredibilul-caz-al-maratonului-de-la-bruxelles\/","name":"E posibil ca unui atlet s\u0103-i dispar\u0103 musta\u0163a \u00een timpul unui concurs de maraton? Incredibilul caz al maratonului de la Bruxelles - Secretele lui Lovendal","isPartOf":{"@id":"https:\/\/www.lovendal.ro\/wp52\/#website"},"primaryImageOfPage":{"@id":"https:\/\/www.lovendal.ro\/wp52\/e-posibil-ca-unui-atlet-sa-i-dispara-mustata-in-timpul-unui-concurs-de-maraton-incredibilul-caz-al-maratonului-de-la-bruxelles\/#primaryimage"},"image":{"@id":"https:\/\/www.lovendal.ro\/wp52\/e-posibil-ca-unui-atlet-sa-i-dispara-mustata-in-timpul-unui-concurs-de-maraton-incredibilul-caz-al-maratonului-de-la-bruxelles\/#primaryimage"},"thumbnailUrl":"https:\/\/www.lovendal.ro\/wp52\/wp-content\/uploads\/2013\/08\/maratonist.jpg","datePublished":"2013-08-18T10:43:43+00:00","dateModified":"2013-09-03T08:33:35+00:00","breadcrumb":{"@id":"https:\/\/www.lovendal.ro\/wp52\/e-posibil-ca-unui-atlet-sa-i-dispara-mustata-in-timpul-unui-concurs-de-maraton-incredibilul-caz-al-maratonului-de-la-bruxelles\/#breadcrumb"},"inLanguage":"ro-RO","potentialAction":[{"@type":"ReadAction","target":["https:\/\/www.lovendal.ro\/wp52\/e-posibil-ca-unui-atlet-sa-i-dispara-mustata-in-timpul-unui-concurs-de-maraton-incredibilul-caz-al-maratonului-de-la-bruxelles\/"]}]},{"@type":"ImageObject","inLanguage":"ro-RO","@id":"https:\/\/www.lovendal.ro\/wp52\/e-posibil-ca-unui-atlet-sa-i-dispara-mustata-in-timpul-unui-concurs-de-maraton-incredibilul-caz-al-maratonului-de-la-bruxelles\/#primaryimage","url":"https:\/\/www.lovendal.ro\/wp52\/wp-content\/uploads\/2013\/08\/maratonist.jpg","contentUrl":"https:\/\/www.lovendal.ro\/wp52\/wp-content\/uploads\/2013\/08\/maratonist.jpg","width":309,"height":262},{"@type":"BreadcrumbList","@id":"https:\/\/www.lovendal.ro\/wp52\/e-posibil-ca-unui-atlet-sa-i-dispara-mustata-in-timpul-unui-concurs-de-maraton-incredibilul-caz-al-maratonului-de-la-bruxelles\/#breadcrumb","itemListElement":[{"@type":"ListItem","position":1,"name":"Home","item":"https:\/\/www.lovendal.ro\/wp52\/"},{"@type":"ListItem","position":2,"name":"E posibil ca unui atlet s\u0103-i dispar\u0103 musta\u0163a \u00een timpul unui concurs de maraton? Incredibilul caz al maratonului de la Bruxelles"}]},{"@type":"WebSite","@id":"https:\/\/www.lovendal.ro\/wp52\/#website","url":"https:\/\/www.lovendal.ro\/wp52\/","name":"Secretele lui Lovendal","description":"Site de secrete, stiinta si metafizica - din 2008 -","publisher":{"@id":"https:\/\/www.lovendal.ro\/wp52\/#organization"},"potentialAction":[{"@type":"SearchAction","target":{"@type":"EntryPoint","urlTemplate":"https:\/\/www.lovendal.ro\/wp52\/?s={search_term_string}"},"query-input":{"@type":"PropertyValueSpecification","valueRequired":true,"valueName":"search_term_string"}}],"inLanguage":"ro-RO"},{"@type":"Organization","@id":"https:\/\/www.lovendal.ro\/wp52\/#organization","name":"Secretele lui Lovendal","url":"https:\/\/www.lovendal.ro\/wp52\/","logo":{"@type":"ImageObject","inLanguage":"ro-RO","@id":"https:\/\/www.lovendal.ro\/wp52\/#\/schema\/logo\/image\/","url":"https:\/\/www.lovendal.ro\/wp52\/wp-content\/uploads\/2024\/06\/cropped-SLL-iun-2024-1.jpg","contentUrl":"https:\/\/www.lovendal.ro\/wp52\/wp-content\/uploads\/2024\/06\/cropped-SLL-iun-2024-1.jpg","width":771,"height":240,"caption":"Secretele lui Lovendal"},"image":{"@id":"https:\/\/www.lovendal.ro\/wp52\/#\/schema\/logo\/image\/"},"sameAs":["https:\/\/www.facebook.com\/secreteleluilovendal"]},{"@type":"Person","@id":"https:\/\/www.lovendal.ro\/wp52\/#\/schema\/person\/088691de5dfc346bb0c023e1e52ef5d9","name":"admin","image":{"@type":"ImageObject","inLanguage":"ro-RO","@id":"https:\/\/secure.gravatar.com\/avatar\/ecb9cd41f5f63c9c9b989999a59f6e2639a865ec361e9db054db0679a8f341c2?s=96&d=mm&r=g","url":"https:\/\/secure.gravatar.com\/avatar\/ecb9cd41f5f63c9c9b989999a59f6e2639a865ec361e9db054db0679a8f341c2?s=96&d=mm&r=g","contentUrl":"https:\/\/secure.gravatar.com\/avatar\/ecb9cd41f5f63c9c9b989999a59f6e2639a865ec361e9db054db0679a8f341c2?s=96&d=mm&r=g","caption":"admin"},"sameAs":["https:\/\/www.lovendal.ro\/wp52"]}]}},"_links":{"self":[{"href":"https:\/\/www.lovendal.ro\/wp52\/wp-json\/wp\/v2\/posts\/29843","targetHints":{"allow":["GET"]}}],"collection":[{"href":"https:\/\/www.lovendal.ro\/wp52\/wp-json\/wp\/v2\/posts"}],"about":[{"href":"https:\/\/www.lovendal.ro\/wp52\/wp-json\/wp\/v2\/types\/post"}],"author":[{"embeddable":true,"href":"https:\/\/www.lovendal.ro\/wp52\/wp-json\/wp\/v2\/users\/1"}],"replies":[{"embeddable":true,"href":"https:\/\/www.lovendal.ro\/wp52\/wp-json\/wp\/v2\/comments?post=29843"}],"version-history":[{"count":0,"href":"https:\/\/www.lovendal.ro\/wp52\/wp-json\/wp\/v2\/posts\/29843\/revisions"}],"wp:featuredmedia":[{"embeddable":true,"href":"https:\/\/www.lovendal.ro\/wp52\/wp-json\/wp\/v2\/media\/29844"}],"wp:attachment":[{"href":"https:\/\/www.lovendal.ro\/wp52\/wp-json\/wp\/v2\/media?parent=29843"}],"wp:term":[{"taxonomy":"category","embeddable":true,"href":"https:\/\/www.lovendal.ro\/wp52\/wp-json\/wp\/v2\/categories?post=29843"},{"taxonomy":"post_tag","embeddable":true,"href":"https:\/\/www.lovendal.ro\/wp52\/wp-json\/wp\/v2\/tags?post=29843"}],"curies":[{"name":"wp","href":"https:\/\/api.w.org\/{rel}","templated":true}]}}