{"id":29549,"date":"2013-07-27T14:16:27","date_gmt":"2013-07-27T11:16:27","guid":{"rendered":"http:\/\/www.lovendal.net\/wp52\/?p=29549"},"modified":"2013-07-27T14:16:27","modified_gmt":"2013-07-27T11:16:27","slug":"incredibil-in-spania-s-a-privatizat-soarele-iar-daca-iti-instalezi-panouri-solare-pentru-consumul-propriu-iei-amenda-de-30-de-milioane-de-euro","status":"publish","type":"post","link":"https:\/\/www.lovendal.ro\/wp52\/incredibil-in-spania-s-a-privatizat-soarele-iar-daca-iti-instalezi-panouri-solare-pentru-consumul-propriu-iei-amenda-de-30-de-milioane-de-euro\/","title":{"rendered":"Incredibil! \u00cen Spania s-a &#8222;privatizat&#8221; Soarele! Iar dac\u0103 \u00ee\u0163i instalezi panouri solare pentru consumul propriu iei amend\u0103 de 30 de milioane de euro!"},"content":{"rendered":"<p><a href=\"https:\/\/www.lovendal.ro\/wp52\/wp-content\/uploads\/2013\/07\/energie-solara-Spania.jpg\"><img loading=\"lazy\" decoding=\"async\" class=\"alignleft size-full wp-image-29550\" alt=\"energie solara Spania\" src=\"https:\/\/www.lovendal.ro\/wp52\/wp-content\/uploads\/2013\/07\/energie-solara-Spania.jpg\" width=\"310\" height=\"206\" srcset=\"https:\/\/www.lovendal.ro\/wp52\/wp-content\/uploads\/2013\/07\/energie-solara-Spania.jpg 310w, https:\/\/www.lovendal.ro\/wp52\/wp-content\/uploads\/2013\/07\/energie-solara-Spania-300x199.jpg 300w\" sizes=\"auto, (max-width: 310px) 100vw, 310px\" \/><\/a>Am g\u0103sit un articol \u00een limba spaniol\u0103, pe cotidianul on-line <a href=\"http:\/\/elpais.cr\/frontend\/noticia_detalle\/6\/83700?fb_action_ids=604341192919588\" target=\"_blank\"><strong>El Pais<\/strong><\/a>, care apare \u00een Costa Rica. Titlul mi s-a p\u0103rut tare interesant: <em>&#8222;Spania privatizeaz\u0103 Soarele. E interzis\u0103 generarea de energie pentru autoconsum&#8221;<\/em>, a\u015fa c\u0103 am s\u0103 scot \u00een eviden\u0163\u0103 c\u00e2teva idei principale:<\/p>\n<p>* \u00cen Spania, dac\u0103 sunte\u0163i prin\u015fi c\u0103 fotonii de la lumina Soarelui \u00eei folosi\u0163i pentru uzul propriu, sunte\u0163i pasibili de o amend\u0103 de 30 de milioane de euro! Adic\u0103, sunte\u0163i nenoroci\u0163i pe via\u0163\u0103, c\u0103ci nu v\u0103 ve\u0163i putea niciodat\u0103 pl\u0103ti aceast\u0103 amend\u0103 imens\u0103. A\u015fa c\u0103, dac\u0103 crede\u0163i c\u0103 cea mai bun\u0103 solu\u0163ie e s\u0103 v\u0103 face\u0163i individual ni\u015fte panouri solare pentru a c\u0103p\u0103ta independen\u0163a energetic\u0103, atunci pute\u0163i uita de aceast\u0103 idee. Energia trebuie s\u0103 o lua\u0163i doar de la marile companii energetice.<\/p>\n<p>* \u00cen Spania, a fi independent energetic e un lucru extrem de costisitor, Soarele fiind &#8222;amanetat&#8221; doar c\u00e2torva privilegia\u0163i \u015fi marilor companii energetice. Uniunea Fotovoltaic\u0103 Spaniol\u0103 (UNEF) care str\u00e2nge peste 300 de companii din domeniul energetic, reprezent\u00e2nd 85% din industrie, crede c\u0103 legisla\u0163ia spaniol\u0103 va face mult mai scump\u0103 energia solar\u0103 dec\u00e2t cea conven\u0163ional\u0103 \u015fi va paraliza intrarea de noi competitori pe pia\u0163a energetic\u0103.<\/p>\n<p>* Spania a &#8222;privatizat&#8221; astfel Soarele, f\u0103r\u0103 s\u0103-\u015fi consulte cet\u0103\u0163enii, sistemul nostru solar sau Universul.<\/p>\n<p>* Posibilitatea de producere de electricitate pentru consumul propriu, folosind panourile solare instalate pe proprietatea privat\u0103, este foarte atractiv\u0103 pentru gospod\u0103riile spaniole \u015fi asta pentru c\u0103 factura la electricitatea conven\u0163ional\u0103 este din ce \u00een ce mai mare. Dar, pentru a nu pune \u00een pericol sistemul energetic actual al \u0163\u0103rii care ar avea de suferit dac\u0103 prea multe gospod\u0103rii \u015fi-ar instala panouri solare, guvernul spaniol a impus ni\u015fte taxe pentru energia solar\u0103, f\u0103c\u00e2nd-o astfel mai scump\u0103 dec\u00e2t cea conven\u0163ional\u0103. Iar dac\u0103 nu vrei s\u0103 pl\u0103te\u015fti aceste taxe \u015fi \u00ee\u0163i instalezi singur, pe proprietatea individual\u0103 ni\u015fte panouri solare, atunci vei fi declarat &#8222;infractor&#8221; \u015fi vei pl\u0103ti o amend\u0103 de 30 de milioane de euro!! INCREDIBIL p\u00e2n\u0103 unde s-a ajuns!!<\/p>\n<p>&nbsp;<\/p>\n<p>&nbsp;<\/p>\n","protected":false},"excerpt":{"rendered":"<p>Am g\u0103sit un articol \u00een limba spaniol\u0103, pe cotidianul on-line El Pais, care apare \u00een Costa Rica. Titlul mi s-a p\u0103rut tare interesant: &#8222;Spania privatizeaz\u0103 Soarele. E interzis\u0103 generarea de energie pentru autoconsum&#8221;, a\u015fa c\u0103 am s\u0103 scot \u00een eviden\u0163\u0103 &#8230; <\/p>\n<p class=\"read-more-container\"><a title=\"Incredibil! \u00cen Spania s-a &#8222;privatizat&#8221; Soarele! Iar dac\u0103 \u00ee\u0163i instalezi panouri solare pentru consumul propriu iei amend\u0103 de 30 de milioane de euro!\" class=\"read-more button\" href=\"https:\/\/www.lovendal.ro\/wp52\/incredibil-in-spania-s-a-privatizat-soarele-iar-daca-iti-instalezi-panouri-solare-pentru-consumul-propriu-iei-amenda-de-30-de-milioane-de-euro\/#more-29549\" aria-label=\"Cite\u0219te mai multe despre Incredibil! \u00cen Spania s-a &#8222;privatizat&#8221; Soarele! Iar dac\u0103 \u00ee\u0163i instalezi panouri solare pentru consumul propriu iei amend\u0103 de 30 de milioane de euro!\">Cititi mai multe<\/a><\/p>\n","protected":false},"author":1,"featured_media":29550,"comment_status":"open","ping_status":"closed","sticky":false,"template":"","format":"standard","meta":{"footnotes":""},"categories":[1852,2833],"tags":[3220,2155,185,4068,4464,9809,6300,865,318],"class_list":["post-29549","post","type-post","status-publish","format-standard","has-post-thumbnail","hentry","category-incredibil","category-noutati","tag-amenda","tag-costa-rica","tag-energie-electrica","tag-energie-solara","tag-guvern","tag-incredibil","tag-privatizare","tag-soare","tag-spania","resize-featured-image"],"yoast_head":"<!-- This site is optimized with the Yoast SEO Premium plugin v23.3 (Yoast SEO v27.4) - https:\/\/yoast.com\/product\/yoast-seo-premium-wordpress\/ -->\n<title>Incredibil! \u00cen Spania s-a &quot;privatizat&quot; Soarele! Iar dac\u0103 \u00ee\u0163i instalezi panouri solare pentru consumul propriu iei amend\u0103 de 30 de milioane de euro! - Secretele lui Lovendal<\/title>\n<meta name=\"robots\" content=\"index, follow, max-snippet:-1, max-image-preview:large, max-video-preview:-1\" \/>\n<link rel=\"canonical\" href=\"https:\/\/www.lovendal.ro\/wp52\/incredibil-in-spania-s-a-privatizat-soarele-iar-daca-iti-instalezi-panouri-solare-pentru-consumul-propriu-iei-amenda-de-30-de-milioane-de-euro\/\" \/>\n<meta property=\"og:locale\" content=\"ro_RO\" \/>\n<meta property=\"og:type\" content=\"article\" \/>\n<meta property=\"og:title\" content=\"Incredibil! \u00cen Spania s-a &quot;privatizat&quot; Soarele! Iar dac\u0103 \u00ee\u0163i instalezi panouri solare pentru consumul propriu iei amend\u0103 de 30 de milioane de euro!\" \/>\n<meta property=\"og:description\" content=\"Am g\u0103sit un articol \u00een limba spaniol\u0103, pe cotidianul on-line El Pais, care apare \u00een Costa Rica. Titlul mi s-a p\u0103rut tare interesant: &#8222;Spania privatizeaz\u0103 Soarele. E interzis\u0103 generarea de energie pentru autoconsum&#8221;, a\u015fa c\u0103 am s\u0103 scot \u00een eviden\u0163\u0103 ... Cititi mai multe\" \/>\n<meta property=\"og:url\" content=\"https:\/\/www.lovendal.ro\/wp52\/incredibil-in-spania-s-a-privatizat-soarele-iar-daca-iti-instalezi-panouri-solare-pentru-consumul-propriu-iei-amenda-de-30-de-milioane-de-euro\/\" \/>\n<meta property=\"og:site_name\" content=\"Secretele lui Lovendal\" \/>\n<meta property=\"article:publisher\" content=\"https:\/\/www.facebook.com\/secreteleluilovendal\" \/>\n<meta property=\"article:published_time\" content=\"2013-07-27T11:16:27+00:00\" \/>\n<meta property=\"og:image\" content=\"https:\/\/www.lovendal.ro\/wp52\/wp-content\/uploads\/2013\/07\/energie-solara-Spania.jpg\" \/>\n\t<meta property=\"og:image:width\" content=\"310\" \/>\n\t<meta property=\"og:image:height\" content=\"206\" \/>\n\t<meta property=\"og:image:type\" content=\"image\/jpeg\" \/>\n<meta name=\"author\" content=\"admin\" \/>\n<meta name=\"twitter:card\" content=\"summary_large_image\" \/>\n<meta name=\"twitter:label1\" content=\"Scris de\" \/>\n\t<meta name=\"twitter:data1\" content=\"admin\" \/>\n\t<meta name=\"twitter:label2\" content=\"Timp estimat pentru citire\" \/>\n\t<meta name=\"twitter:data2\" content=\"2 minute\" \/>\n<script type=\"application\/ld+json\" class=\"yoast-schema-graph\">{\"@context\":\"https:\\\/\\\/schema.org\",\"@graph\":[{\"@type\":\"Article\",\"@id\":\"https:\\\/\\\/www.lovendal.ro\\\/wp52\\\/incredibil-in-spania-s-a-privatizat-soarele-iar-daca-iti-instalezi-panouri-solare-pentru-consumul-propriu-iei-amenda-de-30-de-milioane-de-euro\\\/#article\",\"isPartOf\":{\"@id\":\"https:\\\/\\\/www.lovendal.ro\\\/wp52\\\/incredibil-in-spania-s-a-privatizat-soarele-iar-daca-iti-instalezi-panouri-solare-pentru-consumul-propriu-iei-amenda-de-30-de-milioane-de-euro\\\/\"},\"author\":{\"name\":\"admin\",\"@id\":\"https:\\\/\\\/www.lovendal.ro\\\/wp52\\\/#\\\/schema\\\/person\\\/088691de5dfc346bb0c023e1e52ef5d9\"},\"headline\":\"Incredibil! \u00cen Spania s-a &#8222;privatizat&#8221; Soarele! Iar dac\u0103 \u00ee\u0163i instalezi panouri solare pentru consumul propriu iei amend\u0103 de 30 de milioane de euro!\",\"datePublished\":\"2013-07-27T11:16:27+00:00\",\"mainEntityOfPage\":{\"@id\":\"https:\\\/\\\/www.lovendal.ro\\\/wp52\\\/incredibil-in-spania-s-a-privatizat-soarele-iar-daca-iti-instalezi-panouri-solare-pentru-consumul-propriu-iei-amenda-de-30-de-milioane-de-euro\\\/\"},\"wordCount\":385,\"commentCount\":31,\"publisher\":{\"@id\":\"https:\\\/\\\/www.lovendal.ro\\\/wp52\\\/#organization\"},\"image\":{\"@id\":\"https:\\\/\\\/www.lovendal.ro\\\/wp52\\\/incredibil-in-spania-s-a-privatizat-soarele-iar-daca-iti-instalezi-panouri-solare-pentru-consumul-propriu-iei-amenda-de-30-de-milioane-de-euro\\\/#primaryimage\"},\"thumbnailUrl\":\"https:\\\/\\\/www.lovendal.ro\\\/wp52\\\/wp-content\\\/uploads\\\/2013\\\/07\\\/energie-solara-Spania.jpg\",\"keywords\":[\"amend\u0103\",\"Costa Rica\",\"energie electric\u0103\",\"energie solar\u0103\",\"guvern\",\"Incredibil!\",\"privatizare\",\"Soare\",\"Spania\"],\"articleSection\":[\"Incredibil!\",\"Noutati\"],\"inLanguage\":\"ro-RO\",\"potentialAction\":[{\"@type\":\"CommentAction\",\"name\":\"Comment\",\"target\":[\"https:\\\/\\\/www.lovendal.ro\\\/wp52\\\/incredibil-in-spania-s-a-privatizat-soarele-iar-daca-iti-instalezi-panouri-solare-pentru-consumul-propriu-iei-amenda-de-30-de-milioane-de-euro\\\/#respond\"]}]},{\"@type\":\"WebPage\",\"@id\":\"https:\\\/\\\/www.lovendal.ro\\\/wp52\\\/incredibil-in-spania-s-a-privatizat-soarele-iar-daca-iti-instalezi-panouri-solare-pentru-consumul-propriu-iei-amenda-de-30-de-milioane-de-euro\\\/\",\"url\":\"https:\\\/\\\/www.lovendal.ro\\\/wp52\\\/incredibil-in-spania-s-a-privatizat-soarele-iar-daca-iti-instalezi-panouri-solare-pentru-consumul-propriu-iei-amenda-de-30-de-milioane-de-euro\\\/\",\"name\":\"Incredibil! \u00cen Spania s-a \\\"privatizat\\\" Soarele! Iar dac\u0103 \u00ee\u0163i instalezi panouri solare pentru consumul propriu iei amend\u0103 de 30 de milioane de euro! - Secretele lui Lovendal\",\"isPartOf\":{\"@id\":\"https:\\\/\\\/www.lovendal.ro\\\/wp52\\\/#website\"},\"primaryImageOfPage\":{\"@id\":\"https:\\\/\\\/www.lovendal.ro\\\/wp52\\\/incredibil-in-spania-s-a-privatizat-soarele-iar-daca-iti-instalezi-panouri-solare-pentru-consumul-propriu-iei-amenda-de-30-de-milioane-de-euro\\\/#primaryimage\"},\"image\":{\"@id\":\"https:\\\/\\\/www.lovendal.ro\\\/wp52\\\/incredibil-in-spania-s-a-privatizat-soarele-iar-daca-iti-instalezi-panouri-solare-pentru-consumul-propriu-iei-amenda-de-30-de-milioane-de-euro\\\/#primaryimage\"},\"thumbnailUrl\":\"https:\\\/\\\/www.lovendal.ro\\\/wp52\\\/wp-content\\\/uploads\\\/2013\\\/07\\\/energie-solara-Spania.jpg\",\"datePublished\":\"2013-07-27T11:16:27+00:00\",\"breadcrumb\":{\"@id\":\"https:\\\/\\\/www.lovendal.ro\\\/wp52\\\/incredibil-in-spania-s-a-privatizat-soarele-iar-daca-iti-instalezi-panouri-solare-pentru-consumul-propriu-iei-amenda-de-30-de-milioane-de-euro\\\/#breadcrumb\"},\"inLanguage\":\"ro-RO\",\"potentialAction\":[{\"@type\":\"ReadAction\",\"target\":[\"https:\\\/\\\/www.lovendal.ro\\\/wp52\\\/incredibil-in-spania-s-a-privatizat-soarele-iar-daca-iti-instalezi-panouri-solare-pentru-consumul-propriu-iei-amenda-de-30-de-milioane-de-euro\\\/\"]}]},{\"@type\":\"ImageObject\",\"inLanguage\":\"ro-RO\",\"@id\":\"https:\\\/\\\/www.lovendal.ro\\\/wp52\\\/incredibil-in-spania-s-a-privatizat-soarele-iar-daca-iti-instalezi-panouri-solare-pentru-consumul-propriu-iei-amenda-de-30-de-milioane-de-euro\\\/#primaryimage\",\"url\":\"https:\\\/\\\/www.lovendal.ro\\\/wp52\\\/wp-content\\\/uploads\\\/2013\\\/07\\\/energie-solara-Spania.jpg\",\"contentUrl\":\"https:\\\/\\\/www.lovendal.ro\\\/wp52\\\/wp-content\\\/uploads\\\/2013\\\/07\\\/energie-solara-Spania.jpg\",\"width\":310,\"height\":206},{\"@type\":\"BreadcrumbList\",\"@id\":\"https:\\\/\\\/www.lovendal.ro\\\/wp52\\\/incredibil-in-spania-s-a-privatizat-soarele-iar-daca-iti-instalezi-panouri-solare-pentru-consumul-propriu-iei-amenda-de-30-de-milioane-de-euro\\\/#breadcrumb\",\"itemListElement\":[{\"@type\":\"ListItem\",\"position\":1,\"name\":\"Home\",\"item\":\"https:\\\/\\\/www.lovendal.ro\\\/wp52\\\/\"},{\"@type\":\"ListItem\",\"position\":2,\"name\":\"Incredibil! \u00cen Spania s-a &#8222;privatizat&#8221; Soarele! Iar dac\u0103 \u00ee\u0163i instalezi panouri solare pentru consumul propriu iei amend\u0103 de 30 de milioane de euro!\"}]},{\"@type\":\"WebSite\",\"@id\":\"https:\\\/\\\/www.lovendal.ro\\\/wp52\\\/#website\",\"url\":\"https:\\\/\\\/www.lovendal.ro\\\/wp52\\\/\",\"name\":\"Secretele lui Lovendal\",\"description\":\"Site de secrete, stiinta si metafizica - din 2008 -\",\"publisher\":{\"@id\":\"https:\\\/\\\/www.lovendal.ro\\\/wp52\\\/#organization\"},\"potentialAction\":[{\"@type\":\"SearchAction\",\"target\":{\"@type\":\"EntryPoint\",\"urlTemplate\":\"https:\\\/\\\/www.lovendal.ro\\\/wp52\\\/?s={search_term_string}\"},\"query-input\":{\"@type\":\"PropertyValueSpecification\",\"valueRequired\":true,\"valueName\":\"search_term_string\"}}],\"inLanguage\":\"ro-RO\"},{\"@type\":\"Organization\",\"@id\":\"https:\\\/\\\/www.lovendal.ro\\\/wp52\\\/#organization\",\"name\":\"Secretele lui Lovendal\",\"url\":\"https:\\\/\\\/www.lovendal.ro\\\/wp52\\\/\",\"logo\":{\"@type\":\"ImageObject\",\"inLanguage\":\"ro-RO\",\"@id\":\"https:\\\/\\\/www.lovendal.ro\\\/wp52\\\/#\\\/schema\\\/logo\\\/image\\\/\",\"url\":\"https:\\\/\\\/www.lovendal.ro\\\/wp52\\\/wp-content\\\/uploads\\\/2024\\\/06\\\/cropped-SLL-iun-2024-1.jpg\",\"contentUrl\":\"https:\\\/\\\/www.lovendal.ro\\\/wp52\\\/wp-content\\\/uploads\\\/2024\\\/06\\\/cropped-SLL-iun-2024-1.jpg\",\"width\":771,\"height\":240,\"caption\":\"Secretele lui Lovendal\"},\"image\":{\"@id\":\"https:\\\/\\\/www.lovendal.ro\\\/wp52\\\/#\\\/schema\\\/logo\\\/image\\\/\"},\"sameAs\":[\"https:\\\/\\\/www.facebook.com\\\/secreteleluilovendal\"]},{\"@type\":\"Person\",\"@id\":\"https:\\\/\\\/www.lovendal.ro\\\/wp52\\\/#\\\/schema\\\/person\\\/088691de5dfc346bb0c023e1e52ef5d9\",\"name\":\"admin\",\"image\":{\"@type\":\"ImageObject\",\"inLanguage\":\"ro-RO\",\"@id\":\"https:\\\/\\\/secure.gravatar.com\\\/avatar\\\/ecb9cd41f5f63c9c9b989999a59f6e2639a865ec361e9db054db0679a8f341c2?s=96&d=mm&r=g\",\"url\":\"https:\\\/\\\/secure.gravatar.com\\\/avatar\\\/ecb9cd41f5f63c9c9b989999a59f6e2639a865ec361e9db054db0679a8f341c2?s=96&d=mm&r=g\",\"contentUrl\":\"https:\\\/\\\/secure.gravatar.com\\\/avatar\\\/ecb9cd41f5f63c9c9b989999a59f6e2639a865ec361e9db054db0679a8f341c2?s=96&d=mm&r=g\",\"caption\":\"admin\"},\"sameAs\":[\"https:\\\/\\\/www.lovendal.ro\\\/wp52\"]}]}<\/script>\n<!-- \/ Yoast SEO Premium plugin. -->","yoast_head_json":{"title":"Incredibil! \u00cen Spania s-a \"privatizat\" Soarele! Iar dac\u0103 \u00ee\u0163i instalezi panouri solare pentru consumul propriu iei amend\u0103 de 30 de milioane de euro! - Secretele lui Lovendal","robots":{"index":"index","follow":"follow","max-snippet":"max-snippet:-1","max-image-preview":"max-image-preview:large","max-video-preview":"max-video-preview:-1"},"canonical":"https:\/\/www.lovendal.ro\/wp52\/incredibil-in-spania-s-a-privatizat-soarele-iar-daca-iti-instalezi-panouri-solare-pentru-consumul-propriu-iei-amenda-de-30-de-milioane-de-euro\/","og_locale":"ro_RO","og_type":"article","og_title":"Incredibil! \u00cen Spania s-a \"privatizat\" Soarele! Iar dac\u0103 \u00ee\u0163i instalezi panouri solare pentru consumul propriu iei amend\u0103 de 30 de milioane de euro!","og_description":"Am g\u0103sit un articol \u00een limba spaniol\u0103, pe cotidianul on-line El Pais, care apare \u00een Costa Rica. Titlul mi s-a p\u0103rut tare interesant: &#8222;Spania privatizeaz\u0103 Soarele. E interzis\u0103 generarea de energie pentru autoconsum&#8221;, a\u015fa c\u0103 am s\u0103 scot \u00een eviden\u0163\u0103 ... Cititi mai multe","og_url":"https:\/\/www.lovendal.ro\/wp52\/incredibil-in-spania-s-a-privatizat-soarele-iar-daca-iti-instalezi-panouri-solare-pentru-consumul-propriu-iei-amenda-de-30-de-milioane-de-euro\/","og_site_name":"Secretele lui Lovendal","article_publisher":"https:\/\/www.facebook.com\/secreteleluilovendal","article_published_time":"2013-07-27T11:16:27+00:00","og_image":[{"width":310,"height":206,"url":"https:\/\/www.lovendal.ro\/wp52\/wp-content\/uploads\/2013\/07\/energie-solara-Spania.jpg","type":"image\/jpeg"}],"author":"admin","twitter_card":"summary_large_image","twitter_misc":{"Scris de":"admin","Timp estimat pentru citire":"2 minute"},"schema":{"@context":"https:\/\/schema.org","@graph":[{"@type":"Article","@id":"https:\/\/www.lovendal.ro\/wp52\/incredibil-in-spania-s-a-privatizat-soarele-iar-daca-iti-instalezi-panouri-solare-pentru-consumul-propriu-iei-amenda-de-30-de-milioane-de-euro\/#article","isPartOf":{"@id":"https:\/\/www.lovendal.ro\/wp52\/incredibil-in-spania-s-a-privatizat-soarele-iar-daca-iti-instalezi-panouri-solare-pentru-consumul-propriu-iei-amenda-de-30-de-milioane-de-euro\/"},"author":{"name":"admin","@id":"https:\/\/www.lovendal.ro\/wp52\/#\/schema\/person\/088691de5dfc346bb0c023e1e52ef5d9"},"headline":"Incredibil! \u00cen Spania s-a &#8222;privatizat&#8221; Soarele! Iar dac\u0103 \u00ee\u0163i instalezi panouri solare pentru consumul propriu iei amend\u0103 de 30 de milioane de euro!","datePublished":"2013-07-27T11:16:27+00:00","mainEntityOfPage":{"@id":"https:\/\/www.lovendal.ro\/wp52\/incredibil-in-spania-s-a-privatizat-soarele-iar-daca-iti-instalezi-panouri-solare-pentru-consumul-propriu-iei-amenda-de-30-de-milioane-de-euro\/"},"wordCount":385,"commentCount":31,"publisher":{"@id":"https:\/\/www.lovendal.ro\/wp52\/#organization"},"image":{"@id":"https:\/\/www.lovendal.ro\/wp52\/incredibil-in-spania-s-a-privatizat-soarele-iar-daca-iti-instalezi-panouri-solare-pentru-consumul-propriu-iei-amenda-de-30-de-milioane-de-euro\/#primaryimage"},"thumbnailUrl":"https:\/\/www.lovendal.ro\/wp52\/wp-content\/uploads\/2013\/07\/energie-solara-Spania.jpg","keywords":["amend\u0103","Costa Rica","energie electric\u0103","energie solar\u0103","guvern","Incredibil!","privatizare","Soare","Spania"],"articleSection":["Incredibil!","Noutati"],"inLanguage":"ro-RO","potentialAction":[{"@type":"CommentAction","name":"Comment","target":["https:\/\/www.lovendal.ro\/wp52\/incredibil-in-spania-s-a-privatizat-soarele-iar-daca-iti-instalezi-panouri-solare-pentru-consumul-propriu-iei-amenda-de-30-de-milioane-de-euro\/#respond"]}]},{"@type":"WebPage","@id":"https:\/\/www.lovendal.ro\/wp52\/incredibil-in-spania-s-a-privatizat-soarele-iar-daca-iti-instalezi-panouri-solare-pentru-consumul-propriu-iei-amenda-de-30-de-milioane-de-euro\/","url":"https:\/\/www.lovendal.ro\/wp52\/incredibil-in-spania-s-a-privatizat-soarele-iar-daca-iti-instalezi-panouri-solare-pentru-consumul-propriu-iei-amenda-de-30-de-milioane-de-euro\/","name":"Incredibil! \u00cen Spania s-a \"privatizat\" Soarele! Iar dac\u0103 \u00ee\u0163i instalezi panouri solare pentru consumul propriu iei amend\u0103 de 30 de milioane de euro! - Secretele lui Lovendal","isPartOf":{"@id":"https:\/\/www.lovendal.ro\/wp52\/#website"},"primaryImageOfPage":{"@id":"https:\/\/www.lovendal.ro\/wp52\/incredibil-in-spania-s-a-privatizat-soarele-iar-daca-iti-instalezi-panouri-solare-pentru-consumul-propriu-iei-amenda-de-30-de-milioane-de-euro\/#primaryimage"},"image":{"@id":"https:\/\/www.lovendal.ro\/wp52\/incredibil-in-spania-s-a-privatizat-soarele-iar-daca-iti-instalezi-panouri-solare-pentru-consumul-propriu-iei-amenda-de-30-de-milioane-de-euro\/#primaryimage"},"thumbnailUrl":"https:\/\/www.lovendal.ro\/wp52\/wp-content\/uploads\/2013\/07\/energie-solara-Spania.jpg","datePublished":"2013-07-27T11:16:27+00:00","breadcrumb":{"@id":"https:\/\/www.lovendal.ro\/wp52\/incredibil-in-spania-s-a-privatizat-soarele-iar-daca-iti-instalezi-panouri-solare-pentru-consumul-propriu-iei-amenda-de-30-de-milioane-de-euro\/#breadcrumb"},"inLanguage":"ro-RO","potentialAction":[{"@type":"ReadAction","target":["https:\/\/www.lovendal.ro\/wp52\/incredibil-in-spania-s-a-privatizat-soarele-iar-daca-iti-instalezi-panouri-solare-pentru-consumul-propriu-iei-amenda-de-30-de-milioane-de-euro\/"]}]},{"@type":"ImageObject","inLanguage":"ro-RO","@id":"https:\/\/www.lovendal.ro\/wp52\/incredibil-in-spania-s-a-privatizat-soarele-iar-daca-iti-instalezi-panouri-solare-pentru-consumul-propriu-iei-amenda-de-30-de-milioane-de-euro\/#primaryimage","url":"https:\/\/www.lovendal.ro\/wp52\/wp-content\/uploads\/2013\/07\/energie-solara-Spania.jpg","contentUrl":"https:\/\/www.lovendal.ro\/wp52\/wp-content\/uploads\/2013\/07\/energie-solara-Spania.jpg","width":310,"height":206},{"@type":"BreadcrumbList","@id":"https:\/\/www.lovendal.ro\/wp52\/incredibil-in-spania-s-a-privatizat-soarele-iar-daca-iti-instalezi-panouri-solare-pentru-consumul-propriu-iei-amenda-de-30-de-milioane-de-euro\/#breadcrumb","itemListElement":[{"@type":"ListItem","position":1,"name":"Home","item":"https:\/\/www.lovendal.ro\/wp52\/"},{"@type":"ListItem","position":2,"name":"Incredibil! \u00cen Spania s-a &#8222;privatizat&#8221; Soarele! Iar dac\u0103 \u00ee\u0163i instalezi panouri solare pentru consumul propriu iei amend\u0103 de 30 de milioane de euro!"}]},{"@type":"WebSite","@id":"https:\/\/www.lovendal.ro\/wp52\/#website","url":"https:\/\/www.lovendal.ro\/wp52\/","name":"Secretele lui Lovendal","description":"Site de secrete, stiinta si metafizica - din 2008 -","publisher":{"@id":"https:\/\/www.lovendal.ro\/wp52\/#organization"},"potentialAction":[{"@type":"SearchAction","target":{"@type":"EntryPoint","urlTemplate":"https:\/\/www.lovendal.ro\/wp52\/?s={search_term_string}"},"query-input":{"@type":"PropertyValueSpecification","valueRequired":true,"valueName":"search_term_string"}}],"inLanguage":"ro-RO"},{"@type":"Organization","@id":"https:\/\/www.lovendal.ro\/wp52\/#organization","name":"Secretele lui Lovendal","url":"https:\/\/www.lovendal.ro\/wp52\/","logo":{"@type":"ImageObject","inLanguage":"ro-RO","@id":"https:\/\/www.lovendal.ro\/wp52\/#\/schema\/logo\/image\/","url":"https:\/\/www.lovendal.ro\/wp52\/wp-content\/uploads\/2024\/06\/cropped-SLL-iun-2024-1.jpg","contentUrl":"https:\/\/www.lovendal.ro\/wp52\/wp-content\/uploads\/2024\/06\/cropped-SLL-iun-2024-1.jpg","width":771,"height":240,"caption":"Secretele lui Lovendal"},"image":{"@id":"https:\/\/www.lovendal.ro\/wp52\/#\/schema\/logo\/image\/"},"sameAs":["https:\/\/www.facebook.com\/secreteleluilovendal"]},{"@type":"Person","@id":"https:\/\/www.lovendal.ro\/wp52\/#\/schema\/person\/088691de5dfc346bb0c023e1e52ef5d9","name":"admin","image":{"@type":"ImageObject","inLanguage":"ro-RO","@id":"https:\/\/secure.gravatar.com\/avatar\/ecb9cd41f5f63c9c9b989999a59f6e2639a865ec361e9db054db0679a8f341c2?s=96&d=mm&r=g","url":"https:\/\/secure.gravatar.com\/avatar\/ecb9cd41f5f63c9c9b989999a59f6e2639a865ec361e9db054db0679a8f341c2?s=96&d=mm&r=g","contentUrl":"https:\/\/secure.gravatar.com\/avatar\/ecb9cd41f5f63c9c9b989999a59f6e2639a865ec361e9db054db0679a8f341c2?s=96&d=mm&r=g","caption":"admin"},"sameAs":["https:\/\/www.lovendal.ro\/wp52"]}]}},"_links":{"self":[{"href":"https:\/\/www.lovendal.ro\/wp52\/wp-json\/wp\/v2\/posts\/29549","targetHints":{"allow":["GET"]}}],"collection":[{"href":"https:\/\/www.lovendal.ro\/wp52\/wp-json\/wp\/v2\/posts"}],"about":[{"href":"https:\/\/www.lovendal.ro\/wp52\/wp-json\/wp\/v2\/types\/post"}],"author":[{"embeddable":true,"href":"https:\/\/www.lovendal.ro\/wp52\/wp-json\/wp\/v2\/users\/1"}],"replies":[{"embeddable":true,"href":"https:\/\/www.lovendal.ro\/wp52\/wp-json\/wp\/v2\/comments?post=29549"}],"version-history":[{"count":0,"href":"https:\/\/www.lovendal.ro\/wp52\/wp-json\/wp\/v2\/posts\/29549\/revisions"}],"wp:featuredmedia":[{"embeddable":true,"href":"https:\/\/www.lovendal.ro\/wp52\/wp-json\/wp\/v2\/media\/29550"}],"wp:attachment":[{"href":"https:\/\/www.lovendal.ro\/wp52\/wp-json\/wp\/v2\/media?parent=29549"}],"wp:term":[{"taxonomy":"category","embeddable":true,"href":"https:\/\/www.lovendal.ro\/wp52\/wp-json\/wp\/v2\/categories?post=29549"},{"taxonomy":"post_tag","embeddable":true,"href":"https:\/\/www.lovendal.ro\/wp52\/wp-json\/wp\/v2\/tags?post=29549"}],"curies":[{"name":"wp","href":"https:\/\/api.w.org\/{rel}","templated":true}]}}