{"id":29497,"date":"2013-07-24T11:58:42","date_gmt":"2013-07-24T08:58:42","guid":{"rendered":"http:\/\/www.lovendal.net\/wp52\/?p=29497"},"modified":"2013-08-04T00:22:13","modified_gmt":"2013-08-03T21:22:13","slug":"exista-zvonuri-conform-carora-guvernul-sua-vrea-sa-infiinteze-un-minister-al-extraterestrilor-recunoscand-astfel-existenta-alienilor-pe-pamant","status":"publish","type":"post","link":"https:\/\/www.lovendal.ro\/wp52\/exista-zvonuri-conform-carora-guvernul-sua-vrea-sa-infiinteze-un-minister-al-extraterestrilor-recunoscand-astfel-existenta-alienilor-pe-pamant\/","title":{"rendered":"Exist\u0103 zvonuri conform c\u0103rora guvernul SUA vrea s\u0103 \u00eenfiin\u0163eze un &#8222;minister al extratere\u015ftrilor&#8221;, recunosc\u00e2nd astfel existen\u0163a &#8222;alienilor&#8221; pe P\u0103m\u00e2nt."},"content":{"rendered":"<p><a href=\"https:\/\/www.lovendal.ro\/wp52\/wp-content\/uploads\/2013\/07\/extraterestri-2211.jpg\"><img loading=\"lazy\" decoding=\"async\" class=\"alignleft size-full wp-image-29498\" alt=\"extraterestri 2211\" src=\"https:\/\/www.lovendal.ro\/wp52\/wp-content\/uploads\/2013\/07\/extraterestri-2211.jpg\" width=\"314\" height=\"303\" srcset=\"https:\/\/www.lovendal.ro\/wp52\/wp-content\/uploads\/2013\/07\/extraterestri-2211.jpg 314w, https:\/\/www.lovendal.ro\/wp52\/wp-content\/uploads\/2013\/07\/extraterestri-2211-300x289.jpg 300w\" sizes=\"auto, (max-width: 314px) 100vw, 314px\" \/><\/a>Site-ul <a href=\"http:\/\/www.veteranstoday.com\/2013\/07\/21\/secret-space-war-v-exopolitics\/\" target=\"_blank\"><strong>Veteran&#8217;s Today<\/strong><\/a> ne anun\u0163\u0103 nu doar c\u0103 extratere\u0219trii tr\u0103iesc pe p\u0103m\u00e2nt, dar \u0219i c\u0103 ace\u0219tia sunt implica\u021bi \u00een afaceri cu oficialit\u0103\u021bile \u00eenalte din guvernul american. Conform autorului articolului de pe Veteran\u2019s Today, Preston James, noi vom afla acest anun\u0163 \u015focant \u00een perioada urm\u0103toare \u015fi asta, \u00eentruc\u00e2t, nu demult, demonologul \u015fef al Vaticanului, vorbea \u00een 2010 de o conferin\u0163\u0103 despre existen\u0163a extratere\u015ftrilor pe P\u0103m\u00e2nt.<\/p>\n<p>Exist\u0103 zvonuri conform c\u0103rora guvernul american se afl\u0103 \u00een lucru pentru stabilirea unui Minister al Exopoliticii, \u00een prezent c\u0103ut\u00e2ndu-se mai mul\u0163i candida\u0163i care s\u0103 conduc\u0103 acest minister. Exopolitica \u00eenseamn\u0103 recunoa\u015fterea de c\u0103tre guvern a faptului c\u0103 P\u0103m\u00e2ntul este vizitat de extratere\u015ftri \u015fi de c\u0103tre entit\u0103\u0163i interstelare. \u00cen ultimii 50 de ani au existat o mul\u0163ime de zvonuri conform c\u0103rora mai multe nave spa\u0163iale extraterestre s-au pr\u0103bu\u015fit pe planeta noastr\u0103, iar guvernele lumii (\u00een special guvernul american) au reu\u015fit s\u0103 captureze mai mul\u0163i extratere\u015ftri vii \u015fi mor\u0163i, precum \u015fi tehnologie extraterestr\u0103 avansat\u0103; de atunci, s-ar fi semnat mai multe acorduri \u015fi tratate \u00eentre oficialit\u0103\u0163ile guvernamentale \u015fi mai multe specii extraterestre.<\/p>\n<p>Se mai crede c\u0103 acest Minister al Exopoliticii exist\u0103 deja \u00een cadrul guvernului american din umbr\u0103 \u015fi c\u0103 acesta poart\u0103 numele de &#8222;Majestic 12&#8221;. Se pare c\u0103 \u00een interiorul lui Majestic 12 exist\u0103 mari disensiuni, \u00eentruc\u00e2t membrii s\u0103i mai tineri doresc ca existen\u0163a extratere\u015ftrilor s\u0103 fie recunoscut\u0103 oficial de guvern \u015fi s\u0103 existe, de asemenea, un Minister oficial al Exopoliticii. Odat\u0103 f\u0103cut acest anun\u0163, \u00een mod teoretic, fiecare \u0163ar\u0103 \u00ee\u015fi poate crea propriu &#8222;minister al extratere\u015ftrilor&#8221;.<\/p>\n<p>P.S. Voi pe cine l-a\u0163i propune drept &#8222;ministru al extratere\u015ftrilor&#8221; \u00een Rom\u00e2nia? Eu, pe B\u0103sescu, dup\u0103 ce nu va mai fi pre\u015fedinte.<\/p>\n<p>&nbsp;<\/p>\n<p>&nbsp;<\/p>\n","protected":false},"excerpt":{"rendered":"<p>Site-ul Veteran&#8217;s Today ne anun\u0163\u0103 nu doar c\u0103 extratere\u0219trii tr\u0103iesc pe p\u0103m\u00e2nt, dar \u0219i c\u0103 ace\u0219tia sunt implica\u021bi \u00een afaceri cu oficialit\u0103\u021bile \u00eenalte din guvernul american. Conform autorului articolului de pe Veteran\u2019s Today, Preston James, noi vom afla acest anun\u0163 &#8230; <\/p>\n<p class=\"read-more-container\"><a title=\"Exist\u0103 zvonuri conform c\u0103rora guvernul SUA vrea s\u0103 \u00eenfiin\u0163eze un &#8222;minister al extratere\u015ftrilor&#8221;, recunosc\u00e2nd astfel existen\u0163a &#8222;alienilor&#8221; pe P\u0103m\u00e2nt.\" class=\"read-more button\" href=\"https:\/\/www.lovendal.ro\/wp52\/exista-zvonuri-conform-carora-guvernul-sua-vrea-sa-infiinteze-un-minister-al-extraterestrilor-recunoscand-astfel-existenta-alienilor-pe-pamant\/#more-29497\" aria-label=\"Cite\u0219te mai multe despre Exist\u0103 zvonuri conform c\u0103rora guvernul SUA vrea s\u0103 \u00eenfiin\u0163eze un &#8222;minister al extratere\u015ftrilor&#8221;, recunosc\u00e2nd astfel existen\u0163a &#8222;alienilor&#8221; pe P\u0103m\u00e2nt.\">Cititi mai multe<\/a><\/p>\n","protected":false},"author":1,"featured_media":29498,"comment_status":"open","ping_status":"closed","sticky":false,"template":"","format":"standard","meta":{"footnotes":""},"categories":[14],"tags":[174,6725,51,4464,6723,607,6724,105,9796,74,23,339],"class_list":["post-29497","post","type-post","status-publish","format-standard","has-post-thumbnail","hentry","category-paranormal-spiritualitate","tag-basescu","tag-exopolitica","tag-extraterestri","tag-guvern","tag-minister","tag-ministru","tag-nave-spatiale","tag-pamant","tag-paranormal-spiritualitate","tag-romania","tag-sua","tag-vatican","resize-featured-image"],"yoast_head":"<!-- This site is optimized with the Yoast SEO Premium plugin v23.3 (Yoast SEO v27.4) - https:\/\/yoast.com\/product\/yoast-seo-premium-wordpress\/ -->\n<title>Exist\u0103 zvonuri conform c\u0103rora guvernul SUA vrea s\u0103 \u00eenfiin\u0163eze un &quot;minister al extratere\u015ftrilor&quot;, recunosc\u00e2nd astfel existen\u0163a &quot;alienilor&quot; pe P\u0103m\u00e2nt. - Secretele lui Lovendal<\/title>\n<meta name=\"robots\" content=\"index, follow, max-snippet:-1, max-image-preview:large, max-video-preview:-1\" \/>\n<link rel=\"canonical\" href=\"https:\/\/www.lovendal.ro\/wp52\/exista-zvonuri-conform-carora-guvernul-sua-vrea-sa-infiinteze-un-minister-al-extraterestrilor-recunoscand-astfel-existenta-alienilor-pe-pamant\/\" \/>\n<meta property=\"og:locale\" content=\"ro_RO\" \/>\n<meta property=\"og:type\" content=\"article\" \/>\n<meta property=\"og:title\" content=\"Exist\u0103 zvonuri conform c\u0103rora guvernul SUA vrea s\u0103 \u00eenfiin\u0163eze un &quot;minister al extratere\u015ftrilor&quot;, recunosc\u00e2nd astfel existen\u0163a &quot;alienilor&quot; pe P\u0103m\u00e2nt.\" \/>\n<meta property=\"og:description\" content=\"Site-ul Veteran&#8217;s Today ne anun\u0163\u0103 nu doar c\u0103 extratere\u0219trii tr\u0103iesc pe p\u0103m\u00e2nt, dar \u0219i c\u0103 ace\u0219tia sunt implica\u021bi \u00een afaceri cu oficialit\u0103\u021bile \u00eenalte din guvernul american. Conform autorului articolului de pe Veteran\u2019s Today, Preston James, noi vom afla acest anun\u0163 ... Cititi mai multe\" \/>\n<meta property=\"og:url\" content=\"https:\/\/www.lovendal.ro\/wp52\/exista-zvonuri-conform-carora-guvernul-sua-vrea-sa-infiinteze-un-minister-al-extraterestrilor-recunoscand-astfel-existenta-alienilor-pe-pamant\/\" \/>\n<meta property=\"og:site_name\" content=\"Secretele lui Lovendal\" \/>\n<meta property=\"article:publisher\" content=\"https:\/\/www.facebook.com\/secreteleluilovendal\" \/>\n<meta property=\"article:published_time\" content=\"2013-07-24T08:58:42+00:00\" \/>\n<meta property=\"article:modified_time\" content=\"2013-08-03T21:22:13+00:00\" \/>\n<meta property=\"og:image\" content=\"https:\/\/www.lovendal.ro\/wp52\/wp-content\/uploads\/2013\/07\/extraterestri-2211.jpg\" \/>\n\t<meta property=\"og:image:width\" content=\"314\" \/>\n\t<meta property=\"og:image:height\" content=\"303\" \/>\n\t<meta property=\"og:image:type\" content=\"image\/jpeg\" \/>\n<meta name=\"author\" content=\"admin\" \/>\n<meta name=\"twitter:card\" content=\"summary_large_image\" \/>\n<meta name=\"twitter:label1\" content=\"Scris de\" \/>\n\t<meta name=\"twitter:data1\" content=\"admin\" \/>\n\t<meta name=\"twitter:label2\" content=\"Timp estimat pentru citire\" \/>\n\t<meta name=\"twitter:data2\" content=\"2 minute\" \/>\n<script type=\"application\/ld+json\" class=\"yoast-schema-graph\">{\"@context\":\"https:\\\/\\\/schema.org\",\"@graph\":[{\"@type\":\"Article\",\"@id\":\"https:\\\/\\\/www.lovendal.ro\\\/wp52\\\/exista-zvonuri-conform-carora-guvernul-sua-vrea-sa-infiinteze-un-minister-al-extraterestrilor-recunoscand-astfel-existenta-alienilor-pe-pamant\\\/#article\",\"isPartOf\":{\"@id\":\"https:\\\/\\\/www.lovendal.ro\\\/wp52\\\/exista-zvonuri-conform-carora-guvernul-sua-vrea-sa-infiinteze-un-minister-al-extraterestrilor-recunoscand-astfel-existenta-alienilor-pe-pamant\\\/\"},\"author\":{\"name\":\"admin\",\"@id\":\"https:\\\/\\\/www.lovendal.ro\\\/wp52\\\/#\\\/schema\\\/person\\\/088691de5dfc346bb0c023e1e52ef5d9\"},\"headline\":\"Exist\u0103 zvonuri conform c\u0103rora guvernul SUA vrea s\u0103 \u00eenfiin\u0163eze un &#8222;minister al extratere\u015ftrilor&#8221;, recunosc\u00e2nd astfel existen\u0163a &#8222;alienilor&#8221; pe P\u0103m\u00e2nt.\",\"datePublished\":\"2013-07-24T08:58:42+00:00\",\"dateModified\":\"2013-08-03T21:22:13+00:00\",\"mainEntityOfPage\":{\"@id\":\"https:\\\/\\\/www.lovendal.ro\\\/wp52\\\/exista-zvonuri-conform-carora-guvernul-sua-vrea-sa-infiinteze-un-minister-al-extraterestrilor-recunoscand-astfel-existenta-alienilor-pe-pamant\\\/\"},\"wordCount\":344,\"commentCount\":26,\"publisher\":{\"@id\":\"https:\\\/\\\/www.lovendal.ro\\\/wp52\\\/#organization\"},\"image\":{\"@id\":\"https:\\\/\\\/www.lovendal.ro\\\/wp52\\\/exista-zvonuri-conform-carora-guvernul-sua-vrea-sa-infiinteze-un-minister-al-extraterestrilor-recunoscand-astfel-existenta-alienilor-pe-pamant\\\/#primaryimage\"},\"thumbnailUrl\":\"https:\\\/\\\/www.lovendal.ro\\\/wp52\\\/wp-content\\\/uploads\\\/2013\\\/07\\\/extraterestri-2211.jpg\",\"keywords\":[\"B\u0103sescu\",\"exopolitic\u0103\",\"extratere\u015ftri\",\"guvern\",\"minister\",\"ministru\",\"nave spa\u0163iale\",\"P\u0103m\u00e2nt\",\"Paranormal-Spiritualitate\",\"Rom\u00e2nia\",\"SUA\",\"Vatican\"],\"articleSection\":[\"Paranormal-Spiritualitate\"],\"inLanguage\":\"ro-RO\",\"potentialAction\":[{\"@type\":\"CommentAction\",\"name\":\"Comment\",\"target\":[\"https:\\\/\\\/www.lovendal.ro\\\/wp52\\\/exista-zvonuri-conform-carora-guvernul-sua-vrea-sa-infiinteze-un-minister-al-extraterestrilor-recunoscand-astfel-existenta-alienilor-pe-pamant\\\/#respond\"]}]},{\"@type\":\"WebPage\",\"@id\":\"https:\\\/\\\/www.lovendal.ro\\\/wp52\\\/exista-zvonuri-conform-carora-guvernul-sua-vrea-sa-infiinteze-un-minister-al-extraterestrilor-recunoscand-astfel-existenta-alienilor-pe-pamant\\\/\",\"url\":\"https:\\\/\\\/www.lovendal.ro\\\/wp52\\\/exista-zvonuri-conform-carora-guvernul-sua-vrea-sa-infiinteze-un-minister-al-extraterestrilor-recunoscand-astfel-existenta-alienilor-pe-pamant\\\/\",\"name\":\"Exist\u0103 zvonuri conform c\u0103rora guvernul SUA vrea s\u0103 \u00eenfiin\u0163eze un \\\"minister al extratere\u015ftrilor\\\", recunosc\u00e2nd astfel existen\u0163a \\\"alienilor\\\" pe P\u0103m\u00e2nt. - Secretele lui Lovendal\",\"isPartOf\":{\"@id\":\"https:\\\/\\\/www.lovendal.ro\\\/wp52\\\/#website\"},\"primaryImageOfPage\":{\"@id\":\"https:\\\/\\\/www.lovendal.ro\\\/wp52\\\/exista-zvonuri-conform-carora-guvernul-sua-vrea-sa-infiinteze-un-minister-al-extraterestrilor-recunoscand-astfel-existenta-alienilor-pe-pamant\\\/#primaryimage\"},\"image\":{\"@id\":\"https:\\\/\\\/www.lovendal.ro\\\/wp52\\\/exista-zvonuri-conform-carora-guvernul-sua-vrea-sa-infiinteze-un-minister-al-extraterestrilor-recunoscand-astfel-existenta-alienilor-pe-pamant\\\/#primaryimage\"},\"thumbnailUrl\":\"https:\\\/\\\/www.lovendal.ro\\\/wp52\\\/wp-content\\\/uploads\\\/2013\\\/07\\\/extraterestri-2211.jpg\",\"datePublished\":\"2013-07-24T08:58:42+00:00\",\"dateModified\":\"2013-08-03T21:22:13+00:00\",\"breadcrumb\":{\"@id\":\"https:\\\/\\\/www.lovendal.ro\\\/wp52\\\/exista-zvonuri-conform-carora-guvernul-sua-vrea-sa-infiinteze-un-minister-al-extraterestrilor-recunoscand-astfel-existenta-alienilor-pe-pamant\\\/#breadcrumb\"},\"inLanguage\":\"ro-RO\",\"potentialAction\":[{\"@type\":\"ReadAction\",\"target\":[\"https:\\\/\\\/www.lovendal.ro\\\/wp52\\\/exista-zvonuri-conform-carora-guvernul-sua-vrea-sa-infiinteze-un-minister-al-extraterestrilor-recunoscand-astfel-existenta-alienilor-pe-pamant\\\/\"]}]},{\"@type\":\"ImageObject\",\"inLanguage\":\"ro-RO\",\"@id\":\"https:\\\/\\\/www.lovendal.ro\\\/wp52\\\/exista-zvonuri-conform-carora-guvernul-sua-vrea-sa-infiinteze-un-minister-al-extraterestrilor-recunoscand-astfel-existenta-alienilor-pe-pamant\\\/#primaryimage\",\"url\":\"https:\\\/\\\/www.lovendal.ro\\\/wp52\\\/wp-content\\\/uploads\\\/2013\\\/07\\\/extraterestri-2211.jpg\",\"contentUrl\":\"https:\\\/\\\/www.lovendal.ro\\\/wp52\\\/wp-content\\\/uploads\\\/2013\\\/07\\\/extraterestri-2211.jpg\",\"width\":314,\"height\":303},{\"@type\":\"BreadcrumbList\",\"@id\":\"https:\\\/\\\/www.lovendal.ro\\\/wp52\\\/exista-zvonuri-conform-carora-guvernul-sua-vrea-sa-infiinteze-un-minister-al-extraterestrilor-recunoscand-astfel-existenta-alienilor-pe-pamant\\\/#breadcrumb\",\"itemListElement\":[{\"@type\":\"ListItem\",\"position\":1,\"name\":\"Home\",\"item\":\"https:\\\/\\\/www.lovendal.ro\\\/wp52\\\/\"},{\"@type\":\"ListItem\",\"position\":2,\"name\":\"Exist\u0103 zvonuri conform c\u0103rora guvernul SUA vrea s\u0103 \u00eenfiin\u0163eze un &#8222;minister al extratere\u015ftrilor&#8221;, recunosc\u00e2nd astfel existen\u0163a &#8222;alienilor&#8221; pe P\u0103m\u00e2nt.\"}]},{\"@type\":\"WebSite\",\"@id\":\"https:\\\/\\\/www.lovendal.ro\\\/wp52\\\/#website\",\"url\":\"https:\\\/\\\/www.lovendal.ro\\\/wp52\\\/\",\"name\":\"Secretele lui Lovendal\",\"description\":\"Site de secrete, stiinta si metafizica - din 2008 -\",\"publisher\":{\"@id\":\"https:\\\/\\\/www.lovendal.ro\\\/wp52\\\/#organization\"},\"potentialAction\":[{\"@type\":\"SearchAction\",\"target\":{\"@type\":\"EntryPoint\",\"urlTemplate\":\"https:\\\/\\\/www.lovendal.ro\\\/wp52\\\/?s={search_term_string}\"},\"query-input\":{\"@type\":\"PropertyValueSpecification\",\"valueRequired\":true,\"valueName\":\"search_term_string\"}}],\"inLanguage\":\"ro-RO\"},{\"@type\":\"Organization\",\"@id\":\"https:\\\/\\\/www.lovendal.ro\\\/wp52\\\/#organization\",\"name\":\"Secretele lui Lovendal\",\"url\":\"https:\\\/\\\/www.lovendal.ro\\\/wp52\\\/\",\"logo\":{\"@type\":\"ImageObject\",\"inLanguage\":\"ro-RO\",\"@id\":\"https:\\\/\\\/www.lovendal.ro\\\/wp52\\\/#\\\/schema\\\/logo\\\/image\\\/\",\"url\":\"https:\\\/\\\/www.lovendal.ro\\\/wp52\\\/wp-content\\\/uploads\\\/2024\\\/06\\\/cropped-SLL-iun-2024-1.jpg\",\"contentUrl\":\"https:\\\/\\\/www.lovendal.ro\\\/wp52\\\/wp-content\\\/uploads\\\/2024\\\/06\\\/cropped-SLL-iun-2024-1.jpg\",\"width\":771,\"height\":240,\"caption\":\"Secretele lui Lovendal\"},\"image\":{\"@id\":\"https:\\\/\\\/www.lovendal.ro\\\/wp52\\\/#\\\/schema\\\/logo\\\/image\\\/\"},\"sameAs\":[\"https:\\\/\\\/www.facebook.com\\\/secreteleluilovendal\"]},{\"@type\":\"Person\",\"@id\":\"https:\\\/\\\/www.lovendal.ro\\\/wp52\\\/#\\\/schema\\\/person\\\/088691de5dfc346bb0c023e1e52ef5d9\",\"name\":\"admin\",\"image\":{\"@type\":\"ImageObject\",\"inLanguage\":\"ro-RO\",\"@id\":\"https:\\\/\\\/secure.gravatar.com\\\/avatar\\\/ecb9cd41f5f63c9c9b989999a59f6e2639a865ec361e9db054db0679a8f341c2?s=96&d=mm&r=g\",\"url\":\"https:\\\/\\\/secure.gravatar.com\\\/avatar\\\/ecb9cd41f5f63c9c9b989999a59f6e2639a865ec361e9db054db0679a8f341c2?s=96&d=mm&r=g\",\"contentUrl\":\"https:\\\/\\\/secure.gravatar.com\\\/avatar\\\/ecb9cd41f5f63c9c9b989999a59f6e2639a865ec361e9db054db0679a8f341c2?s=96&d=mm&r=g\",\"caption\":\"admin\"},\"sameAs\":[\"https:\\\/\\\/www.lovendal.ro\\\/wp52\"]}]}<\/script>\n<!-- \/ Yoast SEO Premium plugin. -->","yoast_head_json":{"title":"Exist\u0103 zvonuri conform c\u0103rora guvernul SUA vrea s\u0103 \u00eenfiin\u0163eze un \"minister al extratere\u015ftrilor\", recunosc\u00e2nd astfel existen\u0163a \"alienilor\" pe P\u0103m\u00e2nt. - Secretele lui Lovendal","robots":{"index":"index","follow":"follow","max-snippet":"max-snippet:-1","max-image-preview":"max-image-preview:large","max-video-preview":"max-video-preview:-1"},"canonical":"https:\/\/www.lovendal.ro\/wp52\/exista-zvonuri-conform-carora-guvernul-sua-vrea-sa-infiinteze-un-minister-al-extraterestrilor-recunoscand-astfel-existenta-alienilor-pe-pamant\/","og_locale":"ro_RO","og_type":"article","og_title":"Exist\u0103 zvonuri conform c\u0103rora guvernul SUA vrea s\u0103 \u00eenfiin\u0163eze un \"minister al extratere\u015ftrilor\", recunosc\u00e2nd astfel existen\u0163a \"alienilor\" pe P\u0103m\u00e2nt.","og_description":"Site-ul Veteran&#8217;s Today ne anun\u0163\u0103 nu doar c\u0103 extratere\u0219trii tr\u0103iesc pe p\u0103m\u00e2nt, dar \u0219i c\u0103 ace\u0219tia sunt implica\u021bi \u00een afaceri cu oficialit\u0103\u021bile \u00eenalte din guvernul american. Conform autorului articolului de pe Veteran\u2019s Today, Preston James, noi vom afla acest anun\u0163 ... Cititi mai multe","og_url":"https:\/\/www.lovendal.ro\/wp52\/exista-zvonuri-conform-carora-guvernul-sua-vrea-sa-infiinteze-un-minister-al-extraterestrilor-recunoscand-astfel-existenta-alienilor-pe-pamant\/","og_site_name":"Secretele lui Lovendal","article_publisher":"https:\/\/www.facebook.com\/secreteleluilovendal","article_published_time":"2013-07-24T08:58:42+00:00","article_modified_time":"2013-08-03T21:22:13+00:00","og_image":[{"width":314,"height":303,"url":"https:\/\/www.lovendal.ro\/wp52\/wp-content\/uploads\/2013\/07\/extraterestri-2211.jpg","type":"image\/jpeg"}],"author":"admin","twitter_card":"summary_large_image","twitter_misc":{"Scris de":"admin","Timp estimat pentru citire":"2 minute"},"schema":{"@context":"https:\/\/schema.org","@graph":[{"@type":"Article","@id":"https:\/\/www.lovendal.ro\/wp52\/exista-zvonuri-conform-carora-guvernul-sua-vrea-sa-infiinteze-un-minister-al-extraterestrilor-recunoscand-astfel-existenta-alienilor-pe-pamant\/#article","isPartOf":{"@id":"https:\/\/www.lovendal.ro\/wp52\/exista-zvonuri-conform-carora-guvernul-sua-vrea-sa-infiinteze-un-minister-al-extraterestrilor-recunoscand-astfel-existenta-alienilor-pe-pamant\/"},"author":{"name":"admin","@id":"https:\/\/www.lovendal.ro\/wp52\/#\/schema\/person\/088691de5dfc346bb0c023e1e52ef5d9"},"headline":"Exist\u0103 zvonuri conform c\u0103rora guvernul SUA vrea s\u0103 \u00eenfiin\u0163eze un &#8222;minister al extratere\u015ftrilor&#8221;, recunosc\u00e2nd astfel existen\u0163a &#8222;alienilor&#8221; pe P\u0103m\u00e2nt.","datePublished":"2013-07-24T08:58:42+00:00","dateModified":"2013-08-03T21:22:13+00:00","mainEntityOfPage":{"@id":"https:\/\/www.lovendal.ro\/wp52\/exista-zvonuri-conform-carora-guvernul-sua-vrea-sa-infiinteze-un-minister-al-extraterestrilor-recunoscand-astfel-existenta-alienilor-pe-pamant\/"},"wordCount":344,"commentCount":26,"publisher":{"@id":"https:\/\/www.lovendal.ro\/wp52\/#organization"},"image":{"@id":"https:\/\/www.lovendal.ro\/wp52\/exista-zvonuri-conform-carora-guvernul-sua-vrea-sa-infiinteze-un-minister-al-extraterestrilor-recunoscand-astfel-existenta-alienilor-pe-pamant\/#primaryimage"},"thumbnailUrl":"https:\/\/www.lovendal.ro\/wp52\/wp-content\/uploads\/2013\/07\/extraterestri-2211.jpg","keywords":["B\u0103sescu","exopolitic\u0103","extratere\u015ftri","guvern","minister","ministru","nave spa\u0163iale","P\u0103m\u00e2nt","Paranormal-Spiritualitate","Rom\u00e2nia","SUA","Vatican"],"articleSection":["Paranormal-Spiritualitate"],"inLanguage":"ro-RO","potentialAction":[{"@type":"CommentAction","name":"Comment","target":["https:\/\/www.lovendal.ro\/wp52\/exista-zvonuri-conform-carora-guvernul-sua-vrea-sa-infiinteze-un-minister-al-extraterestrilor-recunoscand-astfel-existenta-alienilor-pe-pamant\/#respond"]}]},{"@type":"WebPage","@id":"https:\/\/www.lovendal.ro\/wp52\/exista-zvonuri-conform-carora-guvernul-sua-vrea-sa-infiinteze-un-minister-al-extraterestrilor-recunoscand-astfel-existenta-alienilor-pe-pamant\/","url":"https:\/\/www.lovendal.ro\/wp52\/exista-zvonuri-conform-carora-guvernul-sua-vrea-sa-infiinteze-un-minister-al-extraterestrilor-recunoscand-astfel-existenta-alienilor-pe-pamant\/","name":"Exist\u0103 zvonuri conform c\u0103rora guvernul SUA vrea s\u0103 \u00eenfiin\u0163eze un \"minister al extratere\u015ftrilor\", recunosc\u00e2nd astfel existen\u0163a \"alienilor\" pe P\u0103m\u00e2nt. - Secretele lui Lovendal","isPartOf":{"@id":"https:\/\/www.lovendal.ro\/wp52\/#website"},"primaryImageOfPage":{"@id":"https:\/\/www.lovendal.ro\/wp52\/exista-zvonuri-conform-carora-guvernul-sua-vrea-sa-infiinteze-un-minister-al-extraterestrilor-recunoscand-astfel-existenta-alienilor-pe-pamant\/#primaryimage"},"image":{"@id":"https:\/\/www.lovendal.ro\/wp52\/exista-zvonuri-conform-carora-guvernul-sua-vrea-sa-infiinteze-un-minister-al-extraterestrilor-recunoscand-astfel-existenta-alienilor-pe-pamant\/#primaryimage"},"thumbnailUrl":"https:\/\/www.lovendal.ro\/wp52\/wp-content\/uploads\/2013\/07\/extraterestri-2211.jpg","datePublished":"2013-07-24T08:58:42+00:00","dateModified":"2013-08-03T21:22:13+00:00","breadcrumb":{"@id":"https:\/\/www.lovendal.ro\/wp52\/exista-zvonuri-conform-carora-guvernul-sua-vrea-sa-infiinteze-un-minister-al-extraterestrilor-recunoscand-astfel-existenta-alienilor-pe-pamant\/#breadcrumb"},"inLanguage":"ro-RO","potentialAction":[{"@type":"ReadAction","target":["https:\/\/www.lovendal.ro\/wp52\/exista-zvonuri-conform-carora-guvernul-sua-vrea-sa-infiinteze-un-minister-al-extraterestrilor-recunoscand-astfel-existenta-alienilor-pe-pamant\/"]}]},{"@type":"ImageObject","inLanguage":"ro-RO","@id":"https:\/\/www.lovendal.ro\/wp52\/exista-zvonuri-conform-carora-guvernul-sua-vrea-sa-infiinteze-un-minister-al-extraterestrilor-recunoscand-astfel-existenta-alienilor-pe-pamant\/#primaryimage","url":"https:\/\/www.lovendal.ro\/wp52\/wp-content\/uploads\/2013\/07\/extraterestri-2211.jpg","contentUrl":"https:\/\/www.lovendal.ro\/wp52\/wp-content\/uploads\/2013\/07\/extraterestri-2211.jpg","width":314,"height":303},{"@type":"BreadcrumbList","@id":"https:\/\/www.lovendal.ro\/wp52\/exista-zvonuri-conform-carora-guvernul-sua-vrea-sa-infiinteze-un-minister-al-extraterestrilor-recunoscand-astfel-existenta-alienilor-pe-pamant\/#breadcrumb","itemListElement":[{"@type":"ListItem","position":1,"name":"Home","item":"https:\/\/www.lovendal.ro\/wp52\/"},{"@type":"ListItem","position":2,"name":"Exist\u0103 zvonuri conform c\u0103rora guvernul SUA vrea s\u0103 \u00eenfiin\u0163eze un &#8222;minister al extratere\u015ftrilor&#8221;, recunosc\u00e2nd astfel existen\u0163a &#8222;alienilor&#8221; pe P\u0103m\u00e2nt."}]},{"@type":"WebSite","@id":"https:\/\/www.lovendal.ro\/wp52\/#website","url":"https:\/\/www.lovendal.ro\/wp52\/","name":"Secretele lui Lovendal","description":"Site de secrete, stiinta si metafizica - din 2008 -","publisher":{"@id":"https:\/\/www.lovendal.ro\/wp52\/#organization"},"potentialAction":[{"@type":"SearchAction","target":{"@type":"EntryPoint","urlTemplate":"https:\/\/www.lovendal.ro\/wp52\/?s={search_term_string}"},"query-input":{"@type":"PropertyValueSpecification","valueRequired":true,"valueName":"search_term_string"}}],"inLanguage":"ro-RO"},{"@type":"Organization","@id":"https:\/\/www.lovendal.ro\/wp52\/#organization","name":"Secretele lui Lovendal","url":"https:\/\/www.lovendal.ro\/wp52\/","logo":{"@type":"ImageObject","inLanguage":"ro-RO","@id":"https:\/\/www.lovendal.ro\/wp52\/#\/schema\/logo\/image\/","url":"https:\/\/www.lovendal.ro\/wp52\/wp-content\/uploads\/2024\/06\/cropped-SLL-iun-2024-1.jpg","contentUrl":"https:\/\/www.lovendal.ro\/wp52\/wp-content\/uploads\/2024\/06\/cropped-SLL-iun-2024-1.jpg","width":771,"height":240,"caption":"Secretele lui Lovendal"},"image":{"@id":"https:\/\/www.lovendal.ro\/wp52\/#\/schema\/logo\/image\/"},"sameAs":["https:\/\/www.facebook.com\/secreteleluilovendal"]},{"@type":"Person","@id":"https:\/\/www.lovendal.ro\/wp52\/#\/schema\/person\/088691de5dfc346bb0c023e1e52ef5d9","name":"admin","image":{"@type":"ImageObject","inLanguage":"ro-RO","@id":"https:\/\/secure.gravatar.com\/avatar\/ecb9cd41f5f63c9c9b989999a59f6e2639a865ec361e9db054db0679a8f341c2?s=96&d=mm&r=g","url":"https:\/\/secure.gravatar.com\/avatar\/ecb9cd41f5f63c9c9b989999a59f6e2639a865ec361e9db054db0679a8f341c2?s=96&d=mm&r=g","contentUrl":"https:\/\/secure.gravatar.com\/avatar\/ecb9cd41f5f63c9c9b989999a59f6e2639a865ec361e9db054db0679a8f341c2?s=96&d=mm&r=g","caption":"admin"},"sameAs":["https:\/\/www.lovendal.ro\/wp52"]}]}},"_links":{"self":[{"href":"https:\/\/www.lovendal.ro\/wp52\/wp-json\/wp\/v2\/posts\/29497","targetHints":{"allow":["GET"]}}],"collection":[{"href":"https:\/\/www.lovendal.ro\/wp52\/wp-json\/wp\/v2\/posts"}],"about":[{"href":"https:\/\/www.lovendal.ro\/wp52\/wp-json\/wp\/v2\/types\/post"}],"author":[{"embeddable":true,"href":"https:\/\/www.lovendal.ro\/wp52\/wp-json\/wp\/v2\/users\/1"}],"replies":[{"embeddable":true,"href":"https:\/\/www.lovendal.ro\/wp52\/wp-json\/wp\/v2\/comments?post=29497"}],"version-history":[{"count":0,"href":"https:\/\/www.lovendal.ro\/wp52\/wp-json\/wp\/v2\/posts\/29497\/revisions"}],"wp:featuredmedia":[{"embeddable":true,"href":"https:\/\/www.lovendal.ro\/wp52\/wp-json\/wp\/v2\/media\/29498"}],"wp:attachment":[{"href":"https:\/\/www.lovendal.ro\/wp52\/wp-json\/wp\/v2\/media?parent=29497"}],"wp:term":[{"taxonomy":"category","embeddable":true,"href":"https:\/\/www.lovendal.ro\/wp52\/wp-json\/wp\/v2\/categories?post=29497"},{"taxonomy":"post_tag","embeddable":true,"href":"https:\/\/www.lovendal.ro\/wp52\/wp-json\/wp\/v2\/tags?post=29497"}],"curies":[{"name":"wp","href":"https:\/\/api.w.org\/{rel}","templated":true}]}}