{"id":29404,"date":"2013-07-19T12:56:22","date_gmt":"2013-07-19T09:56:22","guid":{"rendered":"http:\/\/www.lovendal.net\/wp52\/?p=29404"},"modified":"2013-08-04T00:26:47","modified_gmt":"2013-08-03T21:26:47","slug":"incredibil-unde-am-ajuns-o-intreaga-natiune-jeleste-moartea-unui-speculant-in-timp-ce-disparitia-patriotului-gheorghe-buzatu-a-trecut-neobservata","status":"publish","type":"post","link":"https:\/\/www.lovendal.ro\/wp52\/incredibil-unde-am-ajuns-o-intreaga-natiune-jeleste-moartea-unui-speculant-in-timp-ce-disparitia-patriotului-gheorghe-buzatu-a-trecut-neobservata\/","title":{"rendered":"Incredibil unde am ajuns! O \u00eentreag\u0103 na\u0163iune jele\u015fte moartea unui speculant, \u00een timp ce dispari\u0163ia patriotului Gheorghe Buzatu a trecut neobservat\u0103!"},"content":{"rendered":"<p><a href=\"https:\/\/www.lovendal.ro\/wp52\/wp-content\/uploads\/2013\/07\/moartea-lui-Nae.jpg\"><img loading=\"lazy\" decoding=\"async\" class=\"alignleft size-full wp-image-29405\" alt=\"moartea lui Nae\" src=\"https:\/\/www.lovendal.ro\/wp52\/wp-content\/uploads\/2013\/07\/moartea-lui-Nae.jpg\" width=\"307\" height=\"180\" srcset=\"https:\/\/www.lovendal.ro\/wp52\/wp-content\/uploads\/2013\/07\/moartea-lui-Nae.jpg 307w, https:\/\/www.lovendal.ro\/wp52\/wp-content\/uploads\/2013\/07\/moartea-lui-Nae-300x175.jpg 300w\" sizes=\"auto, (max-width: 307px) 100vw, 307px\" \/><\/a>A murit Nae Nicolae! Dar, ia sta\u0163i pu\u0163in&#8230;cine naiba mai e \u015fi \u0103sta? Eu p\u00e2n\u0103 acum 2 zile nici nu \u015ftiam de el&#8230;p\u00e2n\u0103 c\u00e2nd \u00eentreaga mass-medie din Rom\u00e2nia i-a f\u0103cut cunoscut\u0103 moartea acestui personaj, strivit de ro\u0163ile trenului. Din cancan.ro afl\u0103m c\u0103 acest Nae Nicolae era &#8222;cel mai bun prieten al lui Gigi Becali, fiind \u015fi regele imobiliarelor din Ilfov, dar \u015fi patronul echipei de fotbal FC \u015etef\u0103ne\u015fti&#8221;. Da, \u015etef\u0103ne\u015fti, comuna unde manelistul Adi Minune a fost consilier local.<\/p>\n<p>Despre mor\u0163i numai de bine, dar totu\u015fi nu pot s\u0103 m\u0103 \u00eentreb: ce &#8222;personalitate&#8221; era acest Nae, de merita s\u0103 fie prezentat pe aproape toate televiziunile din Rom\u00e2nia, \u00een mod insistent? Era &#8222;om de afaceri&#8221;. Sigur c\u0103 da&#8230; a vinde \u015fi cump\u0103ra terenuri nu \u00eenseamn\u0103 a fi \u00eentreprinz\u0103tor, om de afaceri respectabil, ci speculant, bi\u015fni\u0163ar. Eu prin om de afaceri sau \u00eentreprinz\u0103tor \u00een sensul clasic al defini\u0163iei \u00eel v\u0103d, de exemplu, pe Larry Page, creatorul lui Google, al\u0103turi de Sergey Brin; Page \u015fi-a cl\u0103dit o mega afacere din inteligen\u0163\u0103, nu din specula\u0163ii cu terenuri, a creat \u015fi a inovat ceva. Dac\u0103 Page ar muri, ar merita aten\u0163ia \u00eentregii mass-medii din lume, nu doar pentru c\u0103 e foarte bogat, ci pentru c\u0103 a realizat ceva valoros pentru omenire. Dar acest Nae ce-a realizat?<\/p>\n<p>M\u0103 uitam azi diminea\u0163\u0103 la televizor&#8230; erau c\u00e2\u0163iva oameni \u00een jurul locuin\u0163ei lui Nae, care \u00eei depl\u00e2ngeau moartea. E dreptul lor&#8230; dar m-a jignit \u015fi revoltat afirma\u0163ia unuia dintre ei: &#8222;Toat\u0103 \u0163ara e \u00eendurerat\u0103&#8221;!! Chiar toat\u0103 \u0163ara!? De ce vorbe\u015fte \u00een numele meu? Se mai \u00eent\u00e2mpl\u0103 accidente \u00een \u0163ara aceasta&#8230;c\u00e2nd moare un om obi\u015fnuit, de ce nu e &#8222;toat\u0103 \u0163ara \u00eendurerat\u0103&#8221;? Repet: ce-a f\u0103cut acest Nae pentru \u0163ara, ca s\u0103 merite jelirea \u00eentregii \u0163\u0103ri? De ce mass-media din Rom\u00e2nia \u00eei acord\u0103 toat\u0103 aten\u0163ia? A murit un om, un bi\u015fni\u0163ar, un speculant: Dumnezeu s\u0103-l ierte. Nu a murit niciun fizician de renume, niciun istoric eminent sau niciun academician de perstigiu. A murit bi\u015fni\u0163arul Nae. E adev\u0103rat, cu foarte mul\u0163i bani, desigur, munci\u0163i cinsti\u0163i&#8230; pentru c\u0103 nu m\u0103 \u00eendoiesc nicio clip\u0103 c\u0103 Nae n-a muncit cu sudoarea frun\u0163ii sale pentru a face o avere de zeci de milioane de euro!!<\/p>\n<p>\u00cen mai 2013, a murit la Ia\u015fi profesorul Gheorghe Buzatu, unul dintre cei mai mari istorici contemporani. Am fost \u015fi eu la Biserica Sf.Laz\u0103r, unde i-a fost depus trupul ne\u00eensufle\u0163it \u00een acea perioad\u0103. Mass media din Rom\u00e2nia aproape c\u0103 nici n-a relatat acest eveniment. Oare de ce? C\u0103 moartea unui profesor \u015fi istoric eminent nu mai intereseaz\u0103 pe nimeni din aceast\u0103 \u0163ar\u0103 manelizat\u0103&#8230; \u00een schimb moartea unui bi\u015fni\u0163ar cu bani, prieten cu Gigi Becali \u015fi na\u015f cu manelistul Adi Minune, intereseaz\u0103 pe to\u0163i. Uite a\u015fa &#8222;educ\u0103m&#8221; o \u00eentreag\u0103 \u0163ar\u0103: \u00een via\u0163\u0103 conteaz\u0103 s\u0103 fii &#8222;\u015fmecher&#8221; \u015fi s\u0103 ai bani, c\u0103ci vei fi celebru chiar \u015fi dup\u0103 moarte; dac\u0103, \u00een schimb, e\u015fti specialist \u00een alte domenii (medicin\u0103, istorie, filologie etc.) \u015fi nu e\u015fti foarte bogat, atunci ai toate \u015fansele s\u0103 nu fii remarcat de nimeni.<\/p>\n<p>Gheorghe Buzatu, dup\u0103 1989, a scris o mul\u0163ime de c\u0103r\u0163i prin care a reabilitat memoria patriotului rom\u00e2n, mare\u015falul Ion Antonescu (de\u0163in \u015fi eu \u00een bibliotec\u0103 dou\u0103 c\u0103r\u0163i scrise de el); tot acela\u015fi profesor, \u00een diferite publica\u0163ii, a negat realitatea Holocaustului din Rom\u00e2nia din timpul celui de-al doilea r\u0103zboi mondial, pozi\u0163ie care i-a adus critici mari din partea politicienilor rom\u00e2ni, condu\u015fi de cercurile masonice-evreie\u015fti de la Washington \u015fi Tel Aviv. De asemenea, Gheorghe Buzatu a sus\u0163inut \u00een multe lucr\u0103ri unirea Basarabiei cu Rom\u00e2niei. Acest om merita cu adev\u0103rat \u00een mai 2013 aten\u0163ia \u00eentregii mass-medii din Rom\u00e2nia&#8230; normal c\u0103 nu s-a \u00eent\u00e2mplat asta; \u00een schimb, noi vom vedea la marile televiziuni din Rom\u00e2nia \u00eenmorm\u00e2ntarea \u015fmecherului Nae. Trist, dar adev\u0103rat&#8230;<\/p>\n<p>&nbsp;<\/p>\n","protected":false},"excerpt":{"rendered":"<p>A murit Nae Nicolae! Dar, ia sta\u0163i pu\u0163in&#8230;cine naiba mai e \u015fi \u0103sta? Eu p\u00e2n\u0103 acum 2 zile nici nu \u015ftiam de el&#8230;p\u00e2n\u0103 c\u00e2nd \u00eentreaga mass-medie din Rom\u00e2nia i-a f\u0103cut cunoscut\u0103 moartea acestui personaj, strivit de ro\u0163ile trenului. Din cancan.ro &#8230; <\/p>\n<p class=\"read-more-container\"><a title=\"Incredibil unde am ajuns! O \u00eentreag\u0103 na\u0163iune jele\u015fte moartea unui speculant, \u00een timp ce dispari\u0163ia patriotului Gheorghe Buzatu a trecut neobservat\u0103!\" class=\"read-more button\" href=\"https:\/\/www.lovendal.ro\/wp52\/incredibil-unde-am-ajuns-o-intreaga-natiune-jeleste-moartea-unui-speculant-in-timp-ce-disparitia-patriotului-gheorghe-buzatu-a-trecut-neobservata\/#more-29404\" aria-label=\"Cite\u0219te mai multe despre Incredibil unde am ajuns! O \u00eentreag\u0103 na\u0163iune jele\u015fte moartea unui speculant, \u00een timp ce dispari\u0163ia patriotului Gheorghe Buzatu a trecut neobservat\u0103!\">Cititi mai multe<\/a><\/p>\n","protected":false},"author":1,"featured_media":29405,"comment_status":"open","ping_status":"closed","sticky":false,"template":"","format":"standard","meta":{"footnotes":""},"categories":[2883],"tags":[6711,5001,2998,9813,218,6710,3326,960,2610,668,4430,6712,4496,108,6444,74],"class_list":["post-29404","post","type-post","status-publish","format-standard","has-post-thumbnail","hentry","category-editorial","tag-antonescu","tag-basarabia","tag-bogatie","tag-editorial","tag-evrei","tag-gheorghe-buzatu","tag-gigi-becali","tag-google","tag-holocaust","tag-inmormantare","tag-istoric","tag-larry-page","tag-mass-media","tag-moarte","tag-politicieni","tag-romania","resize-featured-image"],"yoast_head":"<!-- This site is optimized with the Yoast SEO Premium plugin v23.3 (Yoast SEO v27.4) - https:\/\/yoast.com\/product\/yoast-seo-premium-wordpress\/ -->\n<title>Incredibil unde am ajuns! O \u00eentreag\u0103 na\u0163iune jele\u015fte moartea unui speculant, \u00een timp ce dispari\u0163ia patriotului Gheorghe Buzatu a trecut neobservat\u0103! - Secretele lui Lovendal<\/title>\n<meta name=\"robots\" content=\"index, follow, max-snippet:-1, max-image-preview:large, max-video-preview:-1\" \/>\n<link rel=\"canonical\" href=\"https:\/\/www.lovendal.ro\/wp52\/incredibil-unde-am-ajuns-o-intreaga-natiune-jeleste-moartea-unui-speculant-in-timp-ce-disparitia-patriotului-gheorghe-buzatu-a-trecut-neobservata\/\" \/>\n<meta property=\"og:locale\" content=\"ro_RO\" \/>\n<meta property=\"og:type\" content=\"article\" \/>\n<meta property=\"og:title\" content=\"Incredibil unde am ajuns! O \u00eentreag\u0103 na\u0163iune jele\u015fte moartea unui speculant, \u00een timp ce dispari\u0163ia patriotului Gheorghe Buzatu a trecut neobservat\u0103!\" \/>\n<meta property=\"og:description\" content=\"A murit Nae Nicolae! Dar, ia sta\u0163i pu\u0163in&#8230;cine naiba mai e \u015fi \u0103sta? Eu p\u00e2n\u0103 acum 2 zile nici nu \u015ftiam de el&#8230;p\u00e2n\u0103 c\u00e2nd \u00eentreaga mass-medie din Rom\u00e2nia i-a f\u0103cut cunoscut\u0103 moartea acestui personaj, strivit de ro\u0163ile trenului. Din cancan.ro ... Cititi mai multe\" \/>\n<meta property=\"og:url\" content=\"https:\/\/www.lovendal.ro\/wp52\/incredibil-unde-am-ajuns-o-intreaga-natiune-jeleste-moartea-unui-speculant-in-timp-ce-disparitia-patriotului-gheorghe-buzatu-a-trecut-neobservata\/\" \/>\n<meta property=\"og:site_name\" content=\"Secretele lui Lovendal\" \/>\n<meta property=\"article:publisher\" content=\"https:\/\/www.facebook.com\/secreteleluilovendal\" \/>\n<meta property=\"article:published_time\" content=\"2013-07-19T09:56:22+00:00\" \/>\n<meta property=\"article:modified_time\" content=\"2013-08-03T21:26:47+00:00\" \/>\n<meta property=\"og:image\" content=\"https:\/\/www.lovendal.ro\/wp52\/wp-content\/uploads\/2013\/07\/moartea-lui-Nae.jpg\" \/>\n\t<meta property=\"og:image:width\" content=\"307\" \/>\n\t<meta property=\"og:image:height\" content=\"180\" \/>\n\t<meta property=\"og:image:type\" content=\"image\/jpeg\" \/>\n<meta name=\"author\" content=\"admin\" \/>\n<meta name=\"twitter:card\" content=\"summary_large_image\" \/>\n<meta name=\"twitter:label1\" content=\"Scris de\" \/>\n\t<meta name=\"twitter:data1\" content=\"admin\" \/>\n\t<meta name=\"twitter:label2\" content=\"Timp estimat pentru citire\" \/>\n\t<meta name=\"twitter:data2\" content=\"3 minute\" \/>\n<script type=\"application\/ld+json\" class=\"yoast-schema-graph\">{\"@context\":\"https:\\\/\\\/schema.org\",\"@graph\":[{\"@type\":\"Article\",\"@id\":\"https:\\\/\\\/www.lovendal.ro\\\/wp52\\\/incredibil-unde-am-ajuns-o-intreaga-natiune-jeleste-moartea-unui-speculant-in-timp-ce-disparitia-patriotului-gheorghe-buzatu-a-trecut-neobservata\\\/#article\",\"isPartOf\":{\"@id\":\"https:\\\/\\\/www.lovendal.ro\\\/wp52\\\/incredibil-unde-am-ajuns-o-intreaga-natiune-jeleste-moartea-unui-speculant-in-timp-ce-disparitia-patriotului-gheorghe-buzatu-a-trecut-neobservata\\\/\"},\"author\":{\"name\":\"admin\",\"@id\":\"https:\\\/\\\/www.lovendal.ro\\\/wp52\\\/#\\\/schema\\\/person\\\/088691de5dfc346bb0c023e1e52ef5d9\"},\"headline\":\"Incredibil unde am ajuns! O \u00eentreag\u0103 na\u0163iune jele\u015fte moartea unui speculant, \u00een timp ce dispari\u0163ia patriotului Gheorghe Buzatu a trecut neobservat\u0103!\",\"datePublished\":\"2013-07-19T09:56:22+00:00\",\"dateModified\":\"2013-08-03T21:26:47+00:00\",\"mainEntityOfPage\":{\"@id\":\"https:\\\/\\\/www.lovendal.ro\\\/wp52\\\/incredibil-unde-am-ajuns-o-intreaga-natiune-jeleste-moartea-unui-speculant-in-timp-ce-disparitia-patriotului-gheorghe-buzatu-a-trecut-neobservata\\\/\"},\"wordCount\":723,\"commentCount\":39,\"publisher\":{\"@id\":\"https:\\\/\\\/www.lovendal.ro\\\/wp52\\\/#organization\"},\"image\":{\"@id\":\"https:\\\/\\\/www.lovendal.ro\\\/wp52\\\/incredibil-unde-am-ajuns-o-intreaga-natiune-jeleste-moartea-unui-speculant-in-timp-ce-disparitia-patriotului-gheorghe-buzatu-a-trecut-neobservata\\\/#primaryimage\"},\"thumbnailUrl\":\"https:\\\/\\\/www.lovendal.ro\\\/wp52\\\/wp-content\\\/uploads\\\/2013\\\/07\\\/moartea-lui-Nae.jpg\",\"keywords\":[\"Antonescu\",\"Basarabia\",\"bog\u0103\u0163ie\",\"Editorial\",\"evrei\",\"Gheorghe Buzatu\",\"Gigi Becali\",\"Google\",\"Holocaust\",\"\u00eenmorm\u00e2ntare\",\"istoric\",\"Larry Page\",\"mass-media\",\"moarte\",\"politicieni\",\"Rom\u00e2nia\"],\"articleSection\":[\"Editorial\"],\"inLanguage\":\"ro-RO\",\"potentialAction\":[{\"@type\":\"CommentAction\",\"name\":\"Comment\",\"target\":[\"https:\\\/\\\/www.lovendal.ro\\\/wp52\\\/incredibil-unde-am-ajuns-o-intreaga-natiune-jeleste-moartea-unui-speculant-in-timp-ce-disparitia-patriotului-gheorghe-buzatu-a-trecut-neobservata\\\/#respond\"]}]},{\"@type\":\"WebPage\",\"@id\":\"https:\\\/\\\/www.lovendal.ro\\\/wp52\\\/incredibil-unde-am-ajuns-o-intreaga-natiune-jeleste-moartea-unui-speculant-in-timp-ce-disparitia-patriotului-gheorghe-buzatu-a-trecut-neobservata\\\/\",\"url\":\"https:\\\/\\\/www.lovendal.ro\\\/wp52\\\/incredibil-unde-am-ajuns-o-intreaga-natiune-jeleste-moartea-unui-speculant-in-timp-ce-disparitia-patriotului-gheorghe-buzatu-a-trecut-neobservata\\\/\",\"name\":\"Incredibil unde am ajuns! O \u00eentreag\u0103 na\u0163iune jele\u015fte moartea unui speculant, \u00een timp ce dispari\u0163ia patriotului Gheorghe Buzatu a trecut neobservat\u0103! - Secretele lui Lovendal\",\"isPartOf\":{\"@id\":\"https:\\\/\\\/www.lovendal.ro\\\/wp52\\\/#website\"},\"primaryImageOfPage\":{\"@id\":\"https:\\\/\\\/www.lovendal.ro\\\/wp52\\\/incredibil-unde-am-ajuns-o-intreaga-natiune-jeleste-moartea-unui-speculant-in-timp-ce-disparitia-patriotului-gheorghe-buzatu-a-trecut-neobservata\\\/#primaryimage\"},\"image\":{\"@id\":\"https:\\\/\\\/www.lovendal.ro\\\/wp52\\\/incredibil-unde-am-ajuns-o-intreaga-natiune-jeleste-moartea-unui-speculant-in-timp-ce-disparitia-patriotului-gheorghe-buzatu-a-trecut-neobservata\\\/#primaryimage\"},\"thumbnailUrl\":\"https:\\\/\\\/www.lovendal.ro\\\/wp52\\\/wp-content\\\/uploads\\\/2013\\\/07\\\/moartea-lui-Nae.jpg\",\"datePublished\":\"2013-07-19T09:56:22+00:00\",\"dateModified\":\"2013-08-03T21:26:47+00:00\",\"breadcrumb\":{\"@id\":\"https:\\\/\\\/www.lovendal.ro\\\/wp52\\\/incredibil-unde-am-ajuns-o-intreaga-natiune-jeleste-moartea-unui-speculant-in-timp-ce-disparitia-patriotului-gheorghe-buzatu-a-trecut-neobservata\\\/#breadcrumb\"},\"inLanguage\":\"ro-RO\",\"potentialAction\":[{\"@type\":\"ReadAction\",\"target\":[\"https:\\\/\\\/www.lovendal.ro\\\/wp52\\\/incredibil-unde-am-ajuns-o-intreaga-natiune-jeleste-moartea-unui-speculant-in-timp-ce-disparitia-patriotului-gheorghe-buzatu-a-trecut-neobservata\\\/\"]}]},{\"@type\":\"ImageObject\",\"inLanguage\":\"ro-RO\",\"@id\":\"https:\\\/\\\/www.lovendal.ro\\\/wp52\\\/incredibil-unde-am-ajuns-o-intreaga-natiune-jeleste-moartea-unui-speculant-in-timp-ce-disparitia-patriotului-gheorghe-buzatu-a-trecut-neobservata\\\/#primaryimage\",\"url\":\"https:\\\/\\\/www.lovendal.ro\\\/wp52\\\/wp-content\\\/uploads\\\/2013\\\/07\\\/moartea-lui-Nae.jpg\",\"contentUrl\":\"https:\\\/\\\/www.lovendal.ro\\\/wp52\\\/wp-content\\\/uploads\\\/2013\\\/07\\\/moartea-lui-Nae.jpg\",\"width\":307,\"height\":180},{\"@type\":\"BreadcrumbList\",\"@id\":\"https:\\\/\\\/www.lovendal.ro\\\/wp52\\\/incredibil-unde-am-ajuns-o-intreaga-natiune-jeleste-moartea-unui-speculant-in-timp-ce-disparitia-patriotului-gheorghe-buzatu-a-trecut-neobservata\\\/#breadcrumb\",\"itemListElement\":[{\"@type\":\"ListItem\",\"position\":1,\"name\":\"Home\",\"item\":\"https:\\\/\\\/www.lovendal.ro\\\/wp52\\\/\"},{\"@type\":\"ListItem\",\"position\":2,\"name\":\"Incredibil unde am ajuns! O \u00eentreag\u0103 na\u0163iune jele\u015fte moartea unui speculant, \u00een timp ce dispari\u0163ia patriotului Gheorghe Buzatu a trecut neobservat\u0103!\"}]},{\"@type\":\"WebSite\",\"@id\":\"https:\\\/\\\/www.lovendal.ro\\\/wp52\\\/#website\",\"url\":\"https:\\\/\\\/www.lovendal.ro\\\/wp52\\\/\",\"name\":\"Secretele lui Lovendal\",\"description\":\"Site de secrete, stiinta si metafizica - din 2008 -\",\"publisher\":{\"@id\":\"https:\\\/\\\/www.lovendal.ro\\\/wp52\\\/#organization\"},\"potentialAction\":[{\"@type\":\"SearchAction\",\"target\":{\"@type\":\"EntryPoint\",\"urlTemplate\":\"https:\\\/\\\/www.lovendal.ro\\\/wp52\\\/?s={search_term_string}\"},\"query-input\":{\"@type\":\"PropertyValueSpecification\",\"valueRequired\":true,\"valueName\":\"search_term_string\"}}],\"inLanguage\":\"ro-RO\"},{\"@type\":\"Organization\",\"@id\":\"https:\\\/\\\/www.lovendal.ro\\\/wp52\\\/#organization\",\"name\":\"Secretele lui Lovendal\",\"url\":\"https:\\\/\\\/www.lovendal.ro\\\/wp52\\\/\",\"logo\":{\"@type\":\"ImageObject\",\"inLanguage\":\"ro-RO\",\"@id\":\"https:\\\/\\\/www.lovendal.ro\\\/wp52\\\/#\\\/schema\\\/logo\\\/image\\\/\",\"url\":\"https:\\\/\\\/www.lovendal.ro\\\/wp52\\\/wp-content\\\/uploads\\\/2024\\\/06\\\/cropped-SLL-iun-2024-1.jpg\",\"contentUrl\":\"https:\\\/\\\/www.lovendal.ro\\\/wp52\\\/wp-content\\\/uploads\\\/2024\\\/06\\\/cropped-SLL-iun-2024-1.jpg\",\"width\":771,\"height\":240,\"caption\":\"Secretele lui Lovendal\"},\"image\":{\"@id\":\"https:\\\/\\\/www.lovendal.ro\\\/wp52\\\/#\\\/schema\\\/logo\\\/image\\\/\"},\"sameAs\":[\"https:\\\/\\\/www.facebook.com\\\/secreteleluilovendal\"]},{\"@type\":\"Person\",\"@id\":\"https:\\\/\\\/www.lovendal.ro\\\/wp52\\\/#\\\/schema\\\/person\\\/088691de5dfc346bb0c023e1e52ef5d9\",\"name\":\"admin\",\"image\":{\"@type\":\"ImageObject\",\"inLanguage\":\"ro-RO\",\"@id\":\"https:\\\/\\\/secure.gravatar.com\\\/avatar\\\/ecb9cd41f5f63c9c9b989999a59f6e2639a865ec361e9db054db0679a8f341c2?s=96&d=mm&r=g\",\"url\":\"https:\\\/\\\/secure.gravatar.com\\\/avatar\\\/ecb9cd41f5f63c9c9b989999a59f6e2639a865ec361e9db054db0679a8f341c2?s=96&d=mm&r=g\",\"contentUrl\":\"https:\\\/\\\/secure.gravatar.com\\\/avatar\\\/ecb9cd41f5f63c9c9b989999a59f6e2639a865ec361e9db054db0679a8f341c2?s=96&d=mm&r=g\",\"caption\":\"admin\"},\"sameAs\":[\"https:\\\/\\\/www.lovendal.ro\\\/wp52\"]}]}<\/script>\n<!-- \/ Yoast SEO Premium plugin. -->","yoast_head_json":{"title":"Incredibil unde am ajuns! O \u00eentreag\u0103 na\u0163iune jele\u015fte moartea unui speculant, \u00een timp ce dispari\u0163ia patriotului Gheorghe Buzatu a trecut neobservat\u0103! - Secretele lui Lovendal","robots":{"index":"index","follow":"follow","max-snippet":"max-snippet:-1","max-image-preview":"max-image-preview:large","max-video-preview":"max-video-preview:-1"},"canonical":"https:\/\/www.lovendal.ro\/wp52\/incredibil-unde-am-ajuns-o-intreaga-natiune-jeleste-moartea-unui-speculant-in-timp-ce-disparitia-patriotului-gheorghe-buzatu-a-trecut-neobservata\/","og_locale":"ro_RO","og_type":"article","og_title":"Incredibil unde am ajuns! O \u00eentreag\u0103 na\u0163iune jele\u015fte moartea unui speculant, \u00een timp ce dispari\u0163ia patriotului Gheorghe Buzatu a trecut neobservat\u0103!","og_description":"A murit Nae Nicolae! Dar, ia sta\u0163i pu\u0163in&#8230;cine naiba mai e \u015fi \u0103sta? Eu p\u00e2n\u0103 acum 2 zile nici nu \u015ftiam de el&#8230;p\u00e2n\u0103 c\u00e2nd \u00eentreaga mass-medie din Rom\u00e2nia i-a f\u0103cut cunoscut\u0103 moartea acestui personaj, strivit de ro\u0163ile trenului. Din cancan.ro ... Cititi mai multe","og_url":"https:\/\/www.lovendal.ro\/wp52\/incredibil-unde-am-ajuns-o-intreaga-natiune-jeleste-moartea-unui-speculant-in-timp-ce-disparitia-patriotului-gheorghe-buzatu-a-trecut-neobservata\/","og_site_name":"Secretele lui Lovendal","article_publisher":"https:\/\/www.facebook.com\/secreteleluilovendal","article_published_time":"2013-07-19T09:56:22+00:00","article_modified_time":"2013-08-03T21:26:47+00:00","og_image":[{"width":307,"height":180,"url":"https:\/\/www.lovendal.ro\/wp52\/wp-content\/uploads\/2013\/07\/moartea-lui-Nae.jpg","type":"image\/jpeg"}],"author":"admin","twitter_card":"summary_large_image","twitter_misc":{"Scris de":"admin","Timp estimat pentru citire":"3 minute"},"schema":{"@context":"https:\/\/schema.org","@graph":[{"@type":"Article","@id":"https:\/\/www.lovendal.ro\/wp52\/incredibil-unde-am-ajuns-o-intreaga-natiune-jeleste-moartea-unui-speculant-in-timp-ce-disparitia-patriotului-gheorghe-buzatu-a-trecut-neobservata\/#article","isPartOf":{"@id":"https:\/\/www.lovendal.ro\/wp52\/incredibil-unde-am-ajuns-o-intreaga-natiune-jeleste-moartea-unui-speculant-in-timp-ce-disparitia-patriotului-gheorghe-buzatu-a-trecut-neobservata\/"},"author":{"name":"admin","@id":"https:\/\/www.lovendal.ro\/wp52\/#\/schema\/person\/088691de5dfc346bb0c023e1e52ef5d9"},"headline":"Incredibil unde am ajuns! O \u00eentreag\u0103 na\u0163iune jele\u015fte moartea unui speculant, \u00een timp ce dispari\u0163ia patriotului Gheorghe Buzatu a trecut neobservat\u0103!","datePublished":"2013-07-19T09:56:22+00:00","dateModified":"2013-08-03T21:26:47+00:00","mainEntityOfPage":{"@id":"https:\/\/www.lovendal.ro\/wp52\/incredibil-unde-am-ajuns-o-intreaga-natiune-jeleste-moartea-unui-speculant-in-timp-ce-disparitia-patriotului-gheorghe-buzatu-a-trecut-neobservata\/"},"wordCount":723,"commentCount":39,"publisher":{"@id":"https:\/\/www.lovendal.ro\/wp52\/#organization"},"image":{"@id":"https:\/\/www.lovendal.ro\/wp52\/incredibil-unde-am-ajuns-o-intreaga-natiune-jeleste-moartea-unui-speculant-in-timp-ce-disparitia-patriotului-gheorghe-buzatu-a-trecut-neobservata\/#primaryimage"},"thumbnailUrl":"https:\/\/www.lovendal.ro\/wp52\/wp-content\/uploads\/2013\/07\/moartea-lui-Nae.jpg","keywords":["Antonescu","Basarabia","bog\u0103\u0163ie","Editorial","evrei","Gheorghe Buzatu","Gigi Becali","Google","Holocaust","\u00eenmorm\u00e2ntare","istoric","Larry Page","mass-media","moarte","politicieni","Rom\u00e2nia"],"articleSection":["Editorial"],"inLanguage":"ro-RO","potentialAction":[{"@type":"CommentAction","name":"Comment","target":["https:\/\/www.lovendal.ro\/wp52\/incredibil-unde-am-ajuns-o-intreaga-natiune-jeleste-moartea-unui-speculant-in-timp-ce-disparitia-patriotului-gheorghe-buzatu-a-trecut-neobservata\/#respond"]}]},{"@type":"WebPage","@id":"https:\/\/www.lovendal.ro\/wp52\/incredibil-unde-am-ajuns-o-intreaga-natiune-jeleste-moartea-unui-speculant-in-timp-ce-disparitia-patriotului-gheorghe-buzatu-a-trecut-neobservata\/","url":"https:\/\/www.lovendal.ro\/wp52\/incredibil-unde-am-ajuns-o-intreaga-natiune-jeleste-moartea-unui-speculant-in-timp-ce-disparitia-patriotului-gheorghe-buzatu-a-trecut-neobservata\/","name":"Incredibil unde am ajuns! O \u00eentreag\u0103 na\u0163iune jele\u015fte moartea unui speculant, \u00een timp ce dispari\u0163ia patriotului Gheorghe Buzatu a trecut neobservat\u0103! - Secretele lui Lovendal","isPartOf":{"@id":"https:\/\/www.lovendal.ro\/wp52\/#website"},"primaryImageOfPage":{"@id":"https:\/\/www.lovendal.ro\/wp52\/incredibil-unde-am-ajuns-o-intreaga-natiune-jeleste-moartea-unui-speculant-in-timp-ce-disparitia-patriotului-gheorghe-buzatu-a-trecut-neobservata\/#primaryimage"},"image":{"@id":"https:\/\/www.lovendal.ro\/wp52\/incredibil-unde-am-ajuns-o-intreaga-natiune-jeleste-moartea-unui-speculant-in-timp-ce-disparitia-patriotului-gheorghe-buzatu-a-trecut-neobservata\/#primaryimage"},"thumbnailUrl":"https:\/\/www.lovendal.ro\/wp52\/wp-content\/uploads\/2013\/07\/moartea-lui-Nae.jpg","datePublished":"2013-07-19T09:56:22+00:00","dateModified":"2013-08-03T21:26:47+00:00","breadcrumb":{"@id":"https:\/\/www.lovendal.ro\/wp52\/incredibil-unde-am-ajuns-o-intreaga-natiune-jeleste-moartea-unui-speculant-in-timp-ce-disparitia-patriotului-gheorghe-buzatu-a-trecut-neobservata\/#breadcrumb"},"inLanguage":"ro-RO","potentialAction":[{"@type":"ReadAction","target":["https:\/\/www.lovendal.ro\/wp52\/incredibil-unde-am-ajuns-o-intreaga-natiune-jeleste-moartea-unui-speculant-in-timp-ce-disparitia-patriotului-gheorghe-buzatu-a-trecut-neobservata\/"]}]},{"@type":"ImageObject","inLanguage":"ro-RO","@id":"https:\/\/www.lovendal.ro\/wp52\/incredibil-unde-am-ajuns-o-intreaga-natiune-jeleste-moartea-unui-speculant-in-timp-ce-disparitia-patriotului-gheorghe-buzatu-a-trecut-neobservata\/#primaryimage","url":"https:\/\/www.lovendal.ro\/wp52\/wp-content\/uploads\/2013\/07\/moartea-lui-Nae.jpg","contentUrl":"https:\/\/www.lovendal.ro\/wp52\/wp-content\/uploads\/2013\/07\/moartea-lui-Nae.jpg","width":307,"height":180},{"@type":"BreadcrumbList","@id":"https:\/\/www.lovendal.ro\/wp52\/incredibil-unde-am-ajuns-o-intreaga-natiune-jeleste-moartea-unui-speculant-in-timp-ce-disparitia-patriotului-gheorghe-buzatu-a-trecut-neobservata\/#breadcrumb","itemListElement":[{"@type":"ListItem","position":1,"name":"Home","item":"https:\/\/www.lovendal.ro\/wp52\/"},{"@type":"ListItem","position":2,"name":"Incredibil unde am ajuns! O \u00eentreag\u0103 na\u0163iune jele\u015fte moartea unui speculant, \u00een timp ce dispari\u0163ia patriotului Gheorghe Buzatu a trecut neobservat\u0103!"}]},{"@type":"WebSite","@id":"https:\/\/www.lovendal.ro\/wp52\/#website","url":"https:\/\/www.lovendal.ro\/wp52\/","name":"Secretele lui Lovendal","description":"Site de secrete, stiinta si metafizica - din 2008 -","publisher":{"@id":"https:\/\/www.lovendal.ro\/wp52\/#organization"},"potentialAction":[{"@type":"SearchAction","target":{"@type":"EntryPoint","urlTemplate":"https:\/\/www.lovendal.ro\/wp52\/?s={search_term_string}"},"query-input":{"@type":"PropertyValueSpecification","valueRequired":true,"valueName":"search_term_string"}}],"inLanguage":"ro-RO"},{"@type":"Organization","@id":"https:\/\/www.lovendal.ro\/wp52\/#organization","name":"Secretele lui Lovendal","url":"https:\/\/www.lovendal.ro\/wp52\/","logo":{"@type":"ImageObject","inLanguage":"ro-RO","@id":"https:\/\/www.lovendal.ro\/wp52\/#\/schema\/logo\/image\/","url":"https:\/\/www.lovendal.ro\/wp52\/wp-content\/uploads\/2024\/06\/cropped-SLL-iun-2024-1.jpg","contentUrl":"https:\/\/www.lovendal.ro\/wp52\/wp-content\/uploads\/2024\/06\/cropped-SLL-iun-2024-1.jpg","width":771,"height":240,"caption":"Secretele lui Lovendal"},"image":{"@id":"https:\/\/www.lovendal.ro\/wp52\/#\/schema\/logo\/image\/"},"sameAs":["https:\/\/www.facebook.com\/secreteleluilovendal"]},{"@type":"Person","@id":"https:\/\/www.lovendal.ro\/wp52\/#\/schema\/person\/088691de5dfc346bb0c023e1e52ef5d9","name":"admin","image":{"@type":"ImageObject","inLanguage":"ro-RO","@id":"https:\/\/secure.gravatar.com\/avatar\/ecb9cd41f5f63c9c9b989999a59f6e2639a865ec361e9db054db0679a8f341c2?s=96&d=mm&r=g","url":"https:\/\/secure.gravatar.com\/avatar\/ecb9cd41f5f63c9c9b989999a59f6e2639a865ec361e9db054db0679a8f341c2?s=96&d=mm&r=g","contentUrl":"https:\/\/secure.gravatar.com\/avatar\/ecb9cd41f5f63c9c9b989999a59f6e2639a865ec361e9db054db0679a8f341c2?s=96&d=mm&r=g","caption":"admin"},"sameAs":["https:\/\/www.lovendal.ro\/wp52"]}]}},"_links":{"self":[{"href":"https:\/\/www.lovendal.ro\/wp52\/wp-json\/wp\/v2\/posts\/29404","targetHints":{"allow":["GET"]}}],"collection":[{"href":"https:\/\/www.lovendal.ro\/wp52\/wp-json\/wp\/v2\/posts"}],"about":[{"href":"https:\/\/www.lovendal.ro\/wp52\/wp-json\/wp\/v2\/types\/post"}],"author":[{"embeddable":true,"href":"https:\/\/www.lovendal.ro\/wp52\/wp-json\/wp\/v2\/users\/1"}],"replies":[{"embeddable":true,"href":"https:\/\/www.lovendal.ro\/wp52\/wp-json\/wp\/v2\/comments?post=29404"}],"version-history":[{"count":0,"href":"https:\/\/www.lovendal.ro\/wp52\/wp-json\/wp\/v2\/posts\/29404\/revisions"}],"wp:featuredmedia":[{"embeddable":true,"href":"https:\/\/www.lovendal.ro\/wp52\/wp-json\/wp\/v2\/media\/29405"}],"wp:attachment":[{"href":"https:\/\/www.lovendal.ro\/wp52\/wp-json\/wp\/v2\/media?parent=29404"}],"wp:term":[{"taxonomy":"category","embeddable":true,"href":"https:\/\/www.lovendal.ro\/wp52\/wp-json\/wp\/v2\/categories?post=29404"},{"taxonomy":"post_tag","embeddable":true,"href":"https:\/\/www.lovendal.ro\/wp52\/wp-json\/wp\/v2\/tags?post=29404"}],"curies":[{"name":"wp","href":"https:\/\/api.w.org\/{rel}","templated":true}]}}