{"id":29370,"date":"2013-07-19T00:06:51","date_gmt":"2013-07-18T21:06:51","guid":{"rendered":"http:\/\/www.lovendal.net\/wp52\/?p=29370"},"modified":"2013-08-04T00:28:10","modified_gmt":"2013-08-03T21:28:10","slug":"mi-am-deschis-si-eu-cel-de-al-treilea-ochi-dar-regret-c-am-facut-o-de-atunci-noaptea-vad-doar-creaturi-ciudate-in-camera-mea-care-ma-electrocuteaza","status":"publish","type":"post","link":"https:\/\/www.lovendal.ro\/wp52\/mi-am-deschis-si-eu-cel-de-al-treilea-ochi-dar-regret-c-am-facut-o-de-atunci-noaptea-vad-doar-creaturi-ciudate-in-camera-mea-care-ma-electrocuteaza\/","title":{"rendered":"Mi-am deschis \u015fi eu cel de-al treilea ochi, dar regret c-am f\u0103cut-o! De atunci, noaptea v\u0103d doar creaturi ciudate \u00een camera mea, care m\u0103 electrocuteaz\u0103!"},"content":{"rendered":"<p><a href=\"https:\/\/www.lovendal.ro\/wp52\/wp-content\/uploads\/2013\/07\/creaturi-spirituale.jpg\"><img loading=\"lazy\" decoding=\"async\" class=\"alignleft size-full wp-image-29371\" alt=\"creaturi spirituale\" src=\"https:\/\/www.lovendal.ro\/wp52\/wp-content\/uploads\/2013\/07\/creaturi-spirituale.jpg\" width=\"310\" height=\"247\" srcset=\"https:\/\/www.lovendal.ro\/wp52\/wp-content\/uploads\/2013\/07\/creaturi-spirituale.jpg 310w, https:\/\/www.lovendal.ro\/wp52\/wp-content\/uploads\/2013\/07\/creaturi-spirituale-300x239.jpg 300w\" sizes=\"auto, (max-width: 310px) 100vw, 310px\" \/><\/a>Am g\u0103sit o tehnic\u0103 extrem de real\u0103, prin care mi-am deschis cel de-al treilea ochi, o tehnic\u0103 complex\u0103 care v\u0103 va cre\u0219te percep\u021bia spiritual\u0103 de o mie de ori. \u00cens\u0103, nu o voi spune nim\u0103nui \u00een ce const\u0103, \u00eentruc\u00e2t ea poate atrage entit\u0103\u021bi foarte malefice \u0219i, eventual, acea persoan\u0103 care o va face, poate fi distrus\u0103 de aceste entit\u0103\u0163i.<\/p>\n<p>\u00cen prima sear\u0103 de c\u00e2nd mi-am deschis cel de-al treilea ochi am avut un vis foarte diferit fa\u021b\u0103 de cele avute \u00eenainte. A doua zi observ c\u0103 mi s-a schimbat con\u0219tiin\u021ba \u0219i parc\u0103 aveam o alt\u0103 viziune. Acest lucru mi s-a p\u0103rut foarte &#8222;cool&#8221;. Seara, fac, la fel, acelea\u015fi exerci\u0163ii spirituale. \u00cencep s\u0103 v\u0103d culori si forme absolut incredibile. Noaptea, dup\u0103 ce m-am culcat, \u00een camer\u0103 observ o lumin\u0103 slab\u0103, de\u015fi la mine \u00een camer\u0103 e un \u00eentuneric deplin. Cred c\u0103 aceste exerci\u0163ii au menirea de a atrage formele astrale.<\/p>\n<p>\u00centr-una din nop\u0163ile urm\u0103toare, m-am trezit am observat o fr\u00e2nghie groas\u0103, \u00een\u0219irat\u0103 de la pervazul ferestrei mele \u015fi care se \u00eentindea p\u00e2n\u0103 la u\u0219\u0103. Am f\u0103cut gre\u0219eala de a o atinge&#8230; \u0219i am sim\u021bit un \u0219oc electric puternic \u00een tot corpul. Imediat dup\u0103 aceea,\u00a0 m-am sim\u0163it foarte bolnav \u0219i am avut frisoane pe tot corpul.<\/p>\n<p>Am continuat exerci\u021biile spirituale&#8230; iar dou\u0103 s\u0103pt\u0103m\u00e2ni mai t\u00e2rziu, c\u00e2nd eram foarte aproape s\u0103 adorm, am observat un inel albastru de lumin\u0103, care zbura ca un fluture \u00een camera mea. Am aprins lumina, dar inelul \u00eenc\u0103 a mai existat aproximativ o secund\u0103; imediat dup\u0103 aceea, am sim\u021bit din nou acela\u015fi \u015foc electric \u00een tot corpul \u015fi acelea\u0219i frisoane. V\u0103 asigur c\u0103 nu visam \u0219i c\u0103 eram pe deplin treaz.<\/p>\n<p>De atunci, am mai v\u0103zut \u015fi alte lucruri \u00een camera mea, ca de exemplu ni\u015fte entit\u0103\u0163i ciudate sau ni\u015fte pene ciudate care c\u0103deau parc\u0103 din neant pe podeaua camerei mele. V\u0103 spun, c\u0103 nu m\u0103 droghez \u015fi nici nu suf\u0103r de halucina\u0163ii. Nivelul meu de percep\u021bie spiritual\u0103 a fost incredibil. Dar, nu merit\u0103 a fi deranjat de aceste entit\u0103\u021bi&#8230; mai mult v\u0103 vor \u00eenfiora dec\u00e2t s\u0103 v\u0103 \u00eenc\u00e2nte.<\/p>\n<p>P.S. De\u015fi l-am scris la persoana 1 singular, textul de mai sus nu se refer\u0103 la persoana mea. Pur \u015fi simplu l-am tradus \u015fi l-am adaptat dup\u0103 un forum de paranormal&#8230;<\/p>\n","protected":false},"excerpt":{"rendered":"<p>Am g\u0103sit o tehnic\u0103 extrem de real\u0103, prin care mi-am deschis cel de-al treilea ochi, o tehnic\u0103 complex\u0103 care v\u0103 va cre\u0219te percep\u021bia spiritual\u0103 de o mie de ori. \u00cens\u0103, nu o voi spune nim\u0103nui \u00een ce const\u0103, \u00eentruc\u00e2t ea &#8230; <\/p>\n<p class=\"read-more-container\"><a title=\"Mi-am deschis \u015fi eu cel de-al treilea ochi, dar regret c-am f\u0103cut-o! De atunci, noaptea v\u0103d doar creaturi ciudate \u00een camera mea, care m\u0103 electrocuteaz\u0103!\" class=\"read-more button\" href=\"https:\/\/www.lovendal.ro\/wp52\/mi-am-deschis-si-eu-cel-de-al-treilea-ochi-dar-regret-c-am-facut-o-de-atunci-noaptea-vad-doar-creaturi-ciudate-in-camera-mea-care-ma-electrocuteaza\/#more-29370\" aria-label=\"Cite\u0219te mai multe despre Mi-am deschis \u015fi eu cel de-al treilea ochi, dar regret c-am f\u0103cut-o! De atunci, noaptea v\u0103d doar creaturi ciudate \u00een camera mea, care m\u0103 electrocuteaz\u0103!\">Cititi mai multe<\/a><\/p>\n","protected":false},"author":1,"featured_media":29371,"comment_status":"open","ping_status":"closed","sticky":false,"template":"","format":"standard","meta":{"footnotes":""},"categories":[14],"tags":[950,4205,405,6546,6708,2047,941,952,2397,9796,575],"class_list":["post-29370","post","type-post","status-publish","format-standard","has-post-thumbnail","hentry","category-paranormal-spiritualitate","tag-albastru","tag-cel-de-al-treilea-ochi","tag-droguri","tag-electrocutare","tag-entitate","tag-fluture","tag-halucinatie","tag-lumina","tag-noapte","tag-paranormal-spiritualitate","tag-vis"],"yoast_head":"<!-- This site is optimized with the Yoast SEO Premium plugin v23.3 (Yoast SEO v27.4) - https:\/\/yoast.com\/product\/yoast-seo-premium-wordpress\/ -->\n<title>Mi-am deschis \u015fi eu cel de-al treilea ochi, dar regret c-am f\u0103cut-o! De atunci, noaptea v\u0103d doar creaturi ciudate \u00een camera mea, care m\u0103 electrocuteaz\u0103! - Secretele lui Lovendal<\/title>\n<meta name=\"robots\" content=\"index, follow, max-snippet:-1, max-image-preview:large, max-video-preview:-1\" \/>\n<link rel=\"canonical\" href=\"https:\/\/www.lovendal.ro\/wp52\/mi-am-deschis-si-eu-cel-de-al-treilea-ochi-dar-regret-c-am-facut-o-de-atunci-noaptea-vad-doar-creaturi-ciudate-in-camera-mea-care-ma-electrocuteaza\/\" \/>\n<meta property=\"og:locale\" content=\"ro_RO\" \/>\n<meta property=\"og:type\" content=\"article\" \/>\n<meta property=\"og:title\" content=\"Mi-am deschis \u015fi eu cel de-al treilea ochi, dar regret c-am f\u0103cut-o! De atunci, noaptea v\u0103d doar creaturi ciudate \u00een camera mea, care m\u0103 electrocuteaz\u0103!\" \/>\n<meta property=\"og:description\" content=\"Am g\u0103sit o tehnic\u0103 extrem de real\u0103, prin care mi-am deschis cel de-al treilea ochi, o tehnic\u0103 complex\u0103 care v\u0103 va cre\u0219te percep\u021bia spiritual\u0103 de o mie de ori. \u00cens\u0103, nu o voi spune nim\u0103nui \u00een ce const\u0103, \u00eentruc\u00e2t ea ... Cititi mai multe\" \/>\n<meta property=\"og:url\" content=\"https:\/\/www.lovendal.ro\/wp52\/mi-am-deschis-si-eu-cel-de-al-treilea-ochi-dar-regret-c-am-facut-o-de-atunci-noaptea-vad-doar-creaturi-ciudate-in-camera-mea-care-ma-electrocuteaza\/\" \/>\n<meta property=\"og:site_name\" content=\"Secretele lui Lovendal\" \/>\n<meta property=\"article:publisher\" content=\"https:\/\/www.facebook.com\/secreteleluilovendal\" \/>\n<meta property=\"article:published_time\" content=\"2013-07-18T21:06:51+00:00\" \/>\n<meta property=\"article:modified_time\" content=\"2013-08-03T21:28:10+00:00\" \/>\n<meta property=\"og:image\" content=\"https:\/\/www.lovendal.ro\/wp52\/wp-content\/uploads\/2013\/07\/creaturi-spirituale.jpg\" \/>\n\t<meta property=\"og:image:width\" content=\"310\" \/>\n\t<meta property=\"og:image:height\" content=\"247\" \/>\n\t<meta property=\"og:image:type\" content=\"image\/jpeg\" \/>\n<meta name=\"author\" content=\"admin\" \/>\n<meta name=\"twitter:card\" content=\"summary_large_image\" \/>\n<meta name=\"twitter:label1\" content=\"Scris de\" \/>\n\t<meta name=\"twitter:data1\" content=\"admin\" \/>\n\t<meta name=\"twitter:label2\" content=\"Timp estimat pentru citire\" \/>\n\t<meta name=\"twitter:data2\" content=\"2 minute\" \/>\n<script type=\"application\/ld+json\" class=\"yoast-schema-graph\">{\"@context\":\"https:\\\/\\\/schema.org\",\"@graph\":[{\"@type\":\"Article\",\"@id\":\"https:\\\/\\\/www.lovendal.ro\\\/wp52\\\/mi-am-deschis-si-eu-cel-de-al-treilea-ochi-dar-regret-c-am-facut-o-de-atunci-noaptea-vad-doar-creaturi-ciudate-in-camera-mea-care-ma-electrocuteaza\\\/#article\",\"isPartOf\":{\"@id\":\"https:\\\/\\\/www.lovendal.ro\\\/wp52\\\/mi-am-deschis-si-eu-cel-de-al-treilea-ochi-dar-regret-c-am-facut-o-de-atunci-noaptea-vad-doar-creaturi-ciudate-in-camera-mea-care-ma-electrocuteaza\\\/\"},\"author\":{\"name\":\"admin\",\"@id\":\"https:\\\/\\\/www.lovendal.ro\\\/wp52\\\/#\\\/schema\\\/person\\\/088691de5dfc346bb0c023e1e52ef5d9\"},\"headline\":\"Mi-am deschis \u015fi eu cel de-al treilea ochi, dar regret c-am f\u0103cut-o! De atunci, noaptea v\u0103d doar creaturi ciudate \u00een camera mea, care m\u0103 electrocuteaz\u0103!\",\"datePublished\":\"2013-07-18T21:06:51+00:00\",\"dateModified\":\"2013-08-03T21:28:10+00:00\",\"mainEntityOfPage\":{\"@id\":\"https:\\\/\\\/www.lovendal.ro\\\/wp52\\\/mi-am-deschis-si-eu-cel-de-al-treilea-ochi-dar-regret-c-am-facut-o-de-atunci-noaptea-vad-doar-creaturi-ciudate-in-camera-mea-care-ma-electrocuteaza\\\/\"},\"wordCount\":445,\"commentCount\":44,\"publisher\":{\"@id\":\"https:\\\/\\\/www.lovendal.ro\\\/wp52\\\/#organization\"},\"image\":{\"@id\":\"https:\\\/\\\/www.lovendal.ro\\\/wp52\\\/mi-am-deschis-si-eu-cel-de-al-treilea-ochi-dar-regret-c-am-facut-o-de-atunci-noaptea-vad-doar-creaturi-ciudate-in-camera-mea-care-ma-electrocuteaza\\\/#primaryimage\"},\"thumbnailUrl\":\"https:\\\/\\\/www.lovendal.ro\\\/wp52\\\/wp-content\\\/uploads\\\/2013\\\/07\\\/creaturi-spirituale.jpg\",\"keywords\":[\"albastru\",\"cel de-al treilea ochi\",\"droguri\",\"electrocutare\",\"entitate\",\"fluture\",\"halucina\u0163ie\",\"lumin\u0103\",\"noapte\",\"Paranormal-Spiritualitate\",\"vis\"],\"articleSection\":[\"Paranormal-Spiritualitate\"],\"inLanguage\":\"ro-RO\",\"potentialAction\":[{\"@type\":\"CommentAction\",\"name\":\"Comment\",\"target\":[\"https:\\\/\\\/www.lovendal.ro\\\/wp52\\\/mi-am-deschis-si-eu-cel-de-al-treilea-ochi-dar-regret-c-am-facut-o-de-atunci-noaptea-vad-doar-creaturi-ciudate-in-camera-mea-care-ma-electrocuteaza\\\/#respond\"]}]},{\"@type\":\"WebPage\",\"@id\":\"https:\\\/\\\/www.lovendal.ro\\\/wp52\\\/mi-am-deschis-si-eu-cel-de-al-treilea-ochi-dar-regret-c-am-facut-o-de-atunci-noaptea-vad-doar-creaturi-ciudate-in-camera-mea-care-ma-electrocuteaza\\\/\",\"url\":\"https:\\\/\\\/www.lovendal.ro\\\/wp52\\\/mi-am-deschis-si-eu-cel-de-al-treilea-ochi-dar-regret-c-am-facut-o-de-atunci-noaptea-vad-doar-creaturi-ciudate-in-camera-mea-care-ma-electrocuteaza\\\/\",\"name\":\"Mi-am deschis \u015fi eu cel de-al treilea ochi, dar regret c-am f\u0103cut-o! De atunci, noaptea v\u0103d doar creaturi ciudate \u00een camera mea, care m\u0103 electrocuteaz\u0103! - Secretele lui Lovendal\",\"isPartOf\":{\"@id\":\"https:\\\/\\\/www.lovendal.ro\\\/wp52\\\/#website\"},\"primaryImageOfPage\":{\"@id\":\"https:\\\/\\\/www.lovendal.ro\\\/wp52\\\/mi-am-deschis-si-eu-cel-de-al-treilea-ochi-dar-regret-c-am-facut-o-de-atunci-noaptea-vad-doar-creaturi-ciudate-in-camera-mea-care-ma-electrocuteaza\\\/#primaryimage\"},\"image\":{\"@id\":\"https:\\\/\\\/www.lovendal.ro\\\/wp52\\\/mi-am-deschis-si-eu-cel-de-al-treilea-ochi-dar-regret-c-am-facut-o-de-atunci-noaptea-vad-doar-creaturi-ciudate-in-camera-mea-care-ma-electrocuteaza\\\/#primaryimage\"},\"thumbnailUrl\":\"https:\\\/\\\/www.lovendal.ro\\\/wp52\\\/wp-content\\\/uploads\\\/2013\\\/07\\\/creaturi-spirituale.jpg\",\"datePublished\":\"2013-07-18T21:06:51+00:00\",\"dateModified\":\"2013-08-03T21:28:10+00:00\",\"breadcrumb\":{\"@id\":\"https:\\\/\\\/www.lovendal.ro\\\/wp52\\\/mi-am-deschis-si-eu-cel-de-al-treilea-ochi-dar-regret-c-am-facut-o-de-atunci-noaptea-vad-doar-creaturi-ciudate-in-camera-mea-care-ma-electrocuteaza\\\/#breadcrumb\"},\"inLanguage\":\"ro-RO\",\"potentialAction\":[{\"@type\":\"ReadAction\",\"target\":[\"https:\\\/\\\/www.lovendal.ro\\\/wp52\\\/mi-am-deschis-si-eu-cel-de-al-treilea-ochi-dar-regret-c-am-facut-o-de-atunci-noaptea-vad-doar-creaturi-ciudate-in-camera-mea-care-ma-electrocuteaza\\\/\"]}]},{\"@type\":\"ImageObject\",\"inLanguage\":\"ro-RO\",\"@id\":\"https:\\\/\\\/www.lovendal.ro\\\/wp52\\\/mi-am-deschis-si-eu-cel-de-al-treilea-ochi-dar-regret-c-am-facut-o-de-atunci-noaptea-vad-doar-creaturi-ciudate-in-camera-mea-care-ma-electrocuteaza\\\/#primaryimage\",\"url\":\"https:\\\/\\\/www.lovendal.ro\\\/wp52\\\/wp-content\\\/uploads\\\/2013\\\/07\\\/creaturi-spirituale.jpg\",\"contentUrl\":\"https:\\\/\\\/www.lovendal.ro\\\/wp52\\\/wp-content\\\/uploads\\\/2013\\\/07\\\/creaturi-spirituale.jpg\",\"width\":310,\"height\":247},{\"@type\":\"BreadcrumbList\",\"@id\":\"https:\\\/\\\/www.lovendal.ro\\\/wp52\\\/mi-am-deschis-si-eu-cel-de-al-treilea-ochi-dar-regret-c-am-facut-o-de-atunci-noaptea-vad-doar-creaturi-ciudate-in-camera-mea-care-ma-electrocuteaza\\\/#breadcrumb\",\"itemListElement\":[{\"@type\":\"ListItem\",\"position\":1,\"name\":\"Home\",\"item\":\"https:\\\/\\\/www.lovendal.ro\\\/wp52\\\/\"},{\"@type\":\"ListItem\",\"position\":2,\"name\":\"Mi-am deschis \u015fi eu cel de-al treilea ochi, dar regret c-am f\u0103cut-o! De atunci, noaptea v\u0103d doar creaturi ciudate \u00een camera mea, care m\u0103 electrocuteaz\u0103!\"}]},{\"@type\":\"WebSite\",\"@id\":\"https:\\\/\\\/www.lovendal.ro\\\/wp52\\\/#website\",\"url\":\"https:\\\/\\\/www.lovendal.ro\\\/wp52\\\/\",\"name\":\"Secretele lui Lovendal\",\"description\":\"Site de secrete, stiinta si metafizica - din 2008 -\",\"publisher\":{\"@id\":\"https:\\\/\\\/www.lovendal.ro\\\/wp52\\\/#organization\"},\"potentialAction\":[{\"@type\":\"SearchAction\",\"target\":{\"@type\":\"EntryPoint\",\"urlTemplate\":\"https:\\\/\\\/www.lovendal.ro\\\/wp52\\\/?s={search_term_string}\"},\"query-input\":{\"@type\":\"PropertyValueSpecification\",\"valueRequired\":true,\"valueName\":\"search_term_string\"}}],\"inLanguage\":\"ro-RO\"},{\"@type\":\"Organization\",\"@id\":\"https:\\\/\\\/www.lovendal.ro\\\/wp52\\\/#organization\",\"name\":\"Secretele lui Lovendal\",\"url\":\"https:\\\/\\\/www.lovendal.ro\\\/wp52\\\/\",\"logo\":{\"@type\":\"ImageObject\",\"inLanguage\":\"ro-RO\",\"@id\":\"https:\\\/\\\/www.lovendal.ro\\\/wp52\\\/#\\\/schema\\\/logo\\\/image\\\/\",\"url\":\"https:\\\/\\\/www.lovendal.ro\\\/wp52\\\/wp-content\\\/uploads\\\/2024\\\/06\\\/cropped-SLL-iun-2024-1.jpg\",\"contentUrl\":\"https:\\\/\\\/www.lovendal.ro\\\/wp52\\\/wp-content\\\/uploads\\\/2024\\\/06\\\/cropped-SLL-iun-2024-1.jpg\",\"width\":771,\"height\":240,\"caption\":\"Secretele lui Lovendal\"},\"image\":{\"@id\":\"https:\\\/\\\/www.lovendal.ro\\\/wp52\\\/#\\\/schema\\\/logo\\\/image\\\/\"},\"sameAs\":[\"https:\\\/\\\/www.facebook.com\\\/secreteleluilovendal\"]},{\"@type\":\"Person\",\"@id\":\"https:\\\/\\\/www.lovendal.ro\\\/wp52\\\/#\\\/schema\\\/person\\\/088691de5dfc346bb0c023e1e52ef5d9\",\"name\":\"admin\",\"image\":{\"@type\":\"ImageObject\",\"inLanguage\":\"ro-RO\",\"@id\":\"https:\\\/\\\/secure.gravatar.com\\\/avatar\\\/ecb9cd41f5f63c9c9b989999a59f6e2639a865ec361e9db054db0679a8f341c2?s=96&d=mm&r=g\",\"url\":\"https:\\\/\\\/secure.gravatar.com\\\/avatar\\\/ecb9cd41f5f63c9c9b989999a59f6e2639a865ec361e9db054db0679a8f341c2?s=96&d=mm&r=g\",\"contentUrl\":\"https:\\\/\\\/secure.gravatar.com\\\/avatar\\\/ecb9cd41f5f63c9c9b989999a59f6e2639a865ec361e9db054db0679a8f341c2?s=96&d=mm&r=g\",\"caption\":\"admin\"},\"sameAs\":[\"https:\\\/\\\/www.lovendal.ro\\\/wp52\"]}]}<\/script>\n<!-- \/ Yoast SEO Premium plugin. -->","yoast_head_json":{"title":"Mi-am deschis \u015fi eu cel de-al treilea ochi, dar regret c-am f\u0103cut-o! De atunci, noaptea v\u0103d doar creaturi ciudate \u00een camera mea, care m\u0103 electrocuteaz\u0103! - Secretele lui Lovendal","robots":{"index":"index","follow":"follow","max-snippet":"max-snippet:-1","max-image-preview":"max-image-preview:large","max-video-preview":"max-video-preview:-1"},"canonical":"https:\/\/www.lovendal.ro\/wp52\/mi-am-deschis-si-eu-cel-de-al-treilea-ochi-dar-regret-c-am-facut-o-de-atunci-noaptea-vad-doar-creaturi-ciudate-in-camera-mea-care-ma-electrocuteaza\/","og_locale":"ro_RO","og_type":"article","og_title":"Mi-am deschis \u015fi eu cel de-al treilea ochi, dar regret c-am f\u0103cut-o! De atunci, noaptea v\u0103d doar creaturi ciudate \u00een camera mea, care m\u0103 electrocuteaz\u0103!","og_description":"Am g\u0103sit o tehnic\u0103 extrem de real\u0103, prin care mi-am deschis cel de-al treilea ochi, o tehnic\u0103 complex\u0103 care v\u0103 va cre\u0219te percep\u021bia spiritual\u0103 de o mie de ori. \u00cens\u0103, nu o voi spune nim\u0103nui \u00een ce const\u0103, \u00eentruc\u00e2t ea ... Cititi mai multe","og_url":"https:\/\/www.lovendal.ro\/wp52\/mi-am-deschis-si-eu-cel-de-al-treilea-ochi-dar-regret-c-am-facut-o-de-atunci-noaptea-vad-doar-creaturi-ciudate-in-camera-mea-care-ma-electrocuteaza\/","og_site_name":"Secretele lui Lovendal","article_publisher":"https:\/\/www.facebook.com\/secreteleluilovendal","article_published_time":"2013-07-18T21:06:51+00:00","article_modified_time":"2013-08-03T21:28:10+00:00","og_image":[{"width":310,"height":247,"url":"https:\/\/www.lovendal.ro\/wp52\/wp-content\/uploads\/2013\/07\/creaturi-spirituale.jpg","type":"image\/jpeg"}],"author":"admin","twitter_card":"summary_large_image","twitter_misc":{"Scris de":"admin","Timp estimat pentru citire":"2 minute"},"schema":{"@context":"https:\/\/schema.org","@graph":[{"@type":"Article","@id":"https:\/\/www.lovendal.ro\/wp52\/mi-am-deschis-si-eu-cel-de-al-treilea-ochi-dar-regret-c-am-facut-o-de-atunci-noaptea-vad-doar-creaturi-ciudate-in-camera-mea-care-ma-electrocuteaza\/#article","isPartOf":{"@id":"https:\/\/www.lovendal.ro\/wp52\/mi-am-deschis-si-eu-cel-de-al-treilea-ochi-dar-regret-c-am-facut-o-de-atunci-noaptea-vad-doar-creaturi-ciudate-in-camera-mea-care-ma-electrocuteaza\/"},"author":{"name":"admin","@id":"https:\/\/www.lovendal.ro\/wp52\/#\/schema\/person\/088691de5dfc346bb0c023e1e52ef5d9"},"headline":"Mi-am deschis \u015fi eu cel de-al treilea ochi, dar regret c-am f\u0103cut-o! De atunci, noaptea v\u0103d doar creaturi ciudate \u00een camera mea, care m\u0103 electrocuteaz\u0103!","datePublished":"2013-07-18T21:06:51+00:00","dateModified":"2013-08-03T21:28:10+00:00","mainEntityOfPage":{"@id":"https:\/\/www.lovendal.ro\/wp52\/mi-am-deschis-si-eu-cel-de-al-treilea-ochi-dar-regret-c-am-facut-o-de-atunci-noaptea-vad-doar-creaturi-ciudate-in-camera-mea-care-ma-electrocuteaza\/"},"wordCount":445,"commentCount":44,"publisher":{"@id":"https:\/\/www.lovendal.ro\/wp52\/#organization"},"image":{"@id":"https:\/\/www.lovendal.ro\/wp52\/mi-am-deschis-si-eu-cel-de-al-treilea-ochi-dar-regret-c-am-facut-o-de-atunci-noaptea-vad-doar-creaturi-ciudate-in-camera-mea-care-ma-electrocuteaza\/#primaryimage"},"thumbnailUrl":"https:\/\/www.lovendal.ro\/wp52\/wp-content\/uploads\/2013\/07\/creaturi-spirituale.jpg","keywords":["albastru","cel de-al treilea ochi","droguri","electrocutare","entitate","fluture","halucina\u0163ie","lumin\u0103","noapte","Paranormal-Spiritualitate","vis"],"articleSection":["Paranormal-Spiritualitate"],"inLanguage":"ro-RO","potentialAction":[{"@type":"CommentAction","name":"Comment","target":["https:\/\/www.lovendal.ro\/wp52\/mi-am-deschis-si-eu-cel-de-al-treilea-ochi-dar-regret-c-am-facut-o-de-atunci-noaptea-vad-doar-creaturi-ciudate-in-camera-mea-care-ma-electrocuteaza\/#respond"]}]},{"@type":"WebPage","@id":"https:\/\/www.lovendal.ro\/wp52\/mi-am-deschis-si-eu-cel-de-al-treilea-ochi-dar-regret-c-am-facut-o-de-atunci-noaptea-vad-doar-creaturi-ciudate-in-camera-mea-care-ma-electrocuteaza\/","url":"https:\/\/www.lovendal.ro\/wp52\/mi-am-deschis-si-eu-cel-de-al-treilea-ochi-dar-regret-c-am-facut-o-de-atunci-noaptea-vad-doar-creaturi-ciudate-in-camera-mea-care-ma-electrocuteaza\/","name":"Mi-am deschis \u015fi eu cel de-al treilea ochi, dar regret c-am f\u0103cut-o! De atunci, noaptea v\u0103d doar creaturi ciudate \u00een camera mea, care m\u0103 electrocuteaz\u0103! - Secretele lui Lovendal","isPartOf":{"@id":"https:\/\/www.lovendal.ro\/wp52\/#website"},"primaryImageOfPage":{"@id":"https:\/\/www.lovendal.ro\/wp52\/mi-am-deschis-si-eu-cel-de-al-treilea-ochi-dar-regret-c-am-facut-o-de-atunci-noaptea-vad-doar-creaturi-ciudate-in-camera-mea-care-ma-electrocuteaza\/#primaryimage"},"image":{"@id":"https:\/\/www.lovendal.ro\/wp52\/mi-am-deschis-si-eu-cel-de-al-treilea-ochi-dar-regret-c-am-facut-o-de-atunci-noaptea-vad-doar-creaturi-ciudate-in-camera-mea-care-ma-electrocuteaza\/#primaryimage"},"thumbnailUrl":"https:\/\/www.lovendal.ro\/wp52\/wp-content\/uploads\/2013\/07\/creaturi-spirituale.jpg","datePublished":"2013-07-18T21:06:51+00:00","dateModified":"2013-08-03T21:28:10+00:00","breadcrumb":{"@id":"https:\/\/www.lovendal.ro\/wp52\/mi-am-deschis-si-eu-cel-de-al-treilea-ochi-dar-regret-c-am-facut-o-de-atunci-noaptea-vad-doar-creaturi-ciudate-in-camera-mea-care-ma-electrocuteaza\/#breadcrumb"},"inLanguage":"ro-RO","potentialAction":[{"@type":"ReadAction","target":["https:\/\/www.lovendal.ro\/wp52\/mi-am-deschis-si-eu-cel-de-al-treilea-ochi-dar-regret-c-am-facut-o-de-atunci-noaptea-vad-doar-creaturi-ciudate-in-camera-mea-care-ma-electrocuteaza\/"]}]},{"@type":"ImageObject","inLanguage":"ro-RO","@id":"https:\/\/www.lovendal.ro\/wp52\/mi-am-deschis-si-eu-cel-de-al-treilea-ochi-dar-regret-c-am-facut-o-de-atunci-noaptea-vad-doar-creaturi-ciudate-in-camera-mea-care-ma-electrocuteaza\/#primaryimage","url":"https:\/\/www.lovendal.ro\/wp52\/wp-content\/uploads\/2013\/07\/creaturi-spirituale.jpg","contentUrl":"https:\/\/www.lovendal.ro\/wp52\/wp-content\/uploads\/2013\/07\/creaturi-spirituale.jpg","width":310,"height":247},{"@type":"BreadcrumbList","@id":"https:\/\/www.lovendal.ro\/wp52\/mi-am-deschis-si-eu-cel-de-al-treilea-ochi-dar-regret-c-am-facut-o-de-atunci-noaptea-vad-doar-creaturi-ciudate-in-camera-mea-care-ma-electrocuteaza\/#breadcrumb","itemListElement":[{"@type":"ListItem","position":1,"name":"Home","item":"https:\/\/www.lovendal.ro\/wp52\/"},{"@type":"ListItem","position":2,"name":"Mi-am deschis \u015fi eu cel de-al treilea ochi, dar regret c-am f\u0103cut-o! De atunci, noaptea v\u0103d doar creaturi ciudate \u00een camera mea, care m\u0103 electrocuteaz\u0103!"}]},{"@type":"WebSite","@id":"https:\/\/www.lovendal.ro\/wp52\/#website","url":"https:\/\/www.lovendal.ro\/wp52\/","name":"Secretele lui Lovendal","description":"Site de secrete, stiinta si metafizica - din 2008 -","publisher":{"@id":"https:\/\/www.lovendal.ro\/wp52\/#organization"},"potentialAction":[{"@type":"SearchAction","target":{"@type":"EntryPoint","urlTemplate":"https:\/\/www.lovendal.ro\/wp52\/?s={search_term_string}"},"query-input":{"@type":"PropertyValueSpecification","valueRequired":true,"valueName":"search_term_string"}}],"inLanguage":"ro-RO"},{"@type":"Organization","@id":"https:\/\/www.lovendal.ro\/wp52\/#organization","name":"Secretele lui Lovendal","url":"https:\/\/www.lovendal.ro\/wp52\/","logo":{"@type":"ImageObject","inLanguage":"ro-RO","@id":"https:\/\/www.lovendal.ro\/wp52\/#\/schema\/logo\/image\/","url":"https:\/\/www.lovendal.ro\/wp52\/wp-content\/uploads\/2024\/06\/cropped-SLL-iun-2024-1.jpg","contentUrl":"https:\/\/www.lovendal.ro\/wp52\/wp-content\/uploads\/2024\/06\/cropped-SLL-iun-2024-1.jpg","width":771,"height":240,"caption":"Secretele lui Lovendal"},"image":{"@id":"https:\/\/www.lovendal.ro\/wp52\/#\/schema\/logo\/image\/"},"sameAs":["https:\/\/www.facebook.com\/secreteleluilovendal"]},{"@type":"Person","@id":"https:\/\/www.lovendal.ro\/wp52\/#\/schema\/person\/088691de5dfc346bb0c023e1e52ef5d9","name":"admin","image":{"@type":"ImageObject","inLanguage":"ro-RO","@id":"https:\/\/secure.gravatar.com\/avatar\/ecb9cd41f5f63c9c9b989999a59f6e2639a865ec361e9db054db0679a8f341c2?s=96&d=mm&r=g","url":"https:\/\/secure.gravatar.com\/avatar\/ecb9cd41f5f63c9c9b989999a59f6e2639a865ec361e9db054db0679a8f341c2?s=96&d=mm&r=g","contentUrl":"https:\/\/secure.gravatar.com\/avatar\/ecb9cd41f5f63c9c9b989999a59f6e2639a865ec361e9db054db0679a8f341c2?s=96&d=mm&r=g","caption":"admin"},"sameAs":["https:\/\/www.lovendal.ro\/wp52"]}]}},"_links":{"self":[{"href":"https:\/\/www.lovendal.ro\/wp52\/wp-json\/wp\/v2\/posts\/29370","targetHints":{"allow":["GET"]}}],"collection":[{"href":"https:\/\/www.lovendal.ro\/wp52\/wp-json\/wp\/v2\/posts"}],"about":[{"href":"https:\/\/www.lovendal.ro\/wp52\/wp-json\/wp\/v2\/types\/post"}],"author":[{"embeddable":true,"href":"https:\/\/www.lovendal.ro\/wp52\/wp-json\/wp\/v2\/users\/1"}],"replies":[{"embeddable":true,"href":"https:\/\/www.lovendal.ro\/wp52\/wp-json\/wp\/v2\/comments?post=29370"}],"version-history":[{"count":0,"href":"https:\/\/www.lovendal.ro\/wp52\/wp-json\/wp\/v2\/posts\/29370\/revisions"}],"wp:featuredmedia":[{"embeddable":true,"href":"https:\/\/www.lovendal.ro\/wp52\/wp-json\/wp\/v2\/media\/29371"}],"wp:attachment":[{"href":"https:\/\/www.lovendal.ro\/wp52\/wp-json\/wp\/v2\/media?parent=29370"}],"wp:term":[{"taxonomy":"category","embeddable":true,"href":"https:\/\/www.lovendal.ro\/wp52\/wp-json\/wp\/v2\/categories?post=29370"},{"taxonomy":"post_tag","embeddable":true,"href":"https:\/\/www.lovendal.ro\/wp52\/wp-json\/wp\/v2\/tags?post=29370"}],"curies":[{"name":"wp","href":"https:\/\/api.w.org\/{rel}","templated":true}]}}