{"id":2913,"date":"2009-07-03T19:27:13","date_gmt":"2009-07-03T16:27:13","guid":{"rendered":"http:\/\/www.lovendal.net\/wp52\/?p=2913"},"modified":"2009-07-03T19:27:07","modified_gmt":"2009-07-03T16:27:07","slug":"a-fost-iradiat-gheorghe-gheorghiu-dej","status":"publish","type":"post","link":"https:\/\/www.lovendal.ro\/wp52\/a-fost-iradiat-gheorghe-gheorghiu-dej\/","title":{"rendered":"A fost iradiat Gheorghe Gheorghiu-Dej?"},"content":{"rendered":"<p><img loading=\"lazy\" decoding=\"async\" class=\"alignleft size-full wp-image-2914\" title=\"gh-gheorghiu-dej\" src=\"https:\/\/www.lovendal.ro\/wp52\/wp-content\/uploads\/2009\/01\/gh-gheorghiu-dej.jpg\" alt=\"gh-gheorghiu-dej\" width=\"250\" height=\"290\" \/>\u00cen jurul bolii care i-a provocat moartea lui Gheorghe Gheorghiu-Dej s-a \u0163esut, chiar de la dispari\u0163ia sa, un mister. S-a spus c\u0103 ar fi fost iradiat \u00een timpul ultimei vizite \u00een str\u0103in\u0103tate, la Var\u015fovia. Nu exist\u0103 p\u00e2n\u0103 acum vreun document care s\u0103 ateste o asemenea variant\u0103. Analiz\u00e2nd m\u0103rturiile pe care c\u00e2\u0163iva dintre apropia\u0163ii liderului P.M.R. precum \u015fi al\u0163i membri din nomenclatur\u0103 le-au l\u0103sat, se contureaz\u0103 dou\u0103 versiuni: \u00een prima se consider\u0103 c\u0103 moartea i-a fost provocat\u0103 prin iradiere sau tratamentul eronat al unei tumori. A doua versiune sus\u0163ine c\u0103 a fost o moarte natural\u0103, consecin\u0163\u0103 a unui cancer \u015fi a celor \u00eendurate \u00een \u00eenchisoare, \u00een anii \u201930.<\/p>\n<p>Varianta potrivit c\u0103reia Dej a fost asasinat cu premeditare, din ordinul Moscovei, are doi sus\u0163in\u0103tori: Ion Mihai Pacepa \u015fi Dumitru Popescu. Primul, fost general \u00een Direc\u0163ia de Informa\u0163ii Externe a Securit\u0103\u0163ii \u00een timpul regimului comunist, sus\u0163ine c\u0103 asasinatul a fost provocat prin iradiere, cu un aparat confec\u0163ionat de K.G.B. Aparatul a fost instalat \u00een biroul lui Gheorghe Gheorghiu-Dej.<\/p>\n<p>Dumitru Popescu, fost redactor \u015fef al ziarului<em><strong> Sc\u00e2nteia<\/strong><\/em> \u015fi secretar cu propaganda al C.C. al P.M.R., sus\u0163ine c\u0103 a fost vorba de o tumoare malign\u0103 \u015fi metastaz\u0103 la ficat, netratate cum trebuie, \u00een mod inten\u0163ionat, de medicii care l-au operat \u015fi supravegheat pe liderul P.M.R. Sursa principal\u0103 a acestuia este relatarea unui anume profesor G\u00e2rbea care, \u00een ianuarie 1965, i-ar fi cerut permisiunea lui Gheorghe Gheorghiu-Dej s\u0103-i fac\u0103 un consult. Verdictul dat de acesta s-a verificat ulterior \u2014 metastaz\u0103 la ficat \u2014, \u00eens\u0103 constatarea a venit prea t\u00e2rziu.<\/p>\n<p>Punctul vulnerabil al acestor versiuni este c\u0103 se bazeaz\u0103 pe informa\u0163ii de m\u00e2na a doua, zvonuri sau amintiri. O alt\u0103 versiune \u2014 \u015fi probabil cea mai verosimil\u0103 \u2014 este cea sus\u0163inut\u0103 de alte trei personaje, aflate de data aceasta \u00een cercul puterii: Ion Gheorghe Maurer, Paul Niculescu-Mizil \u015fi Paul Sfetcu. Ion Gh. Maurer, fost premier \u00een perioada 1961-1974, \u015fi Paul Niculescu Mizil, care a \u00eendeplinit atribu\u0163ii multiple \u00een aparatul de propagand\u0103, refuz\u0103 ipoteza unui asasinat pus la cale de Moscova.<\/p>\n<p>Dup\u0103 1990, Ion Gh. Maurer povestea c\u0103 Dej<em> &#8222;\u015ftia c\u0103 va muri. \u00cent\u00e2i el mi-a spus c\u0103 are cancer. Iar doctorii au confirmat-o, el regret\u0103 c\u0103 nu poate duce la cap\u0103t derusificarea Rom\u00e2niei pe care consider\u0103 c\u0103 abia o \u00eencepuse&#8221;. <\/em>A\u015fadar, niciun semn de revolt\u0103 din partea lui Gheorghe Gheorghiu-Dej, care s\u0103 dovedeasc\u0103 faptul c\u0103 ar fi fost con\u015ftient de existen\u0163a unui atentat la via\u0163a lui. Rezerve similare sunt exprimate \u015fi de Paul Niculescu-Mizil, care consider\u0103 c\u0103 ipoteza unei iradieri <em>&#8222;nu are sor\u0163i de izb\u00e2nd\u0103&#8221;.<\/em><\/p>\n<p>Paul Sfetcu, \u015feful de cabinet al liderului P.M.R., afirm\u0103 c\u0103 Dej <em>&#8222;a avut cancer la pl\u0103m\u00e2ni. A\u015fa au spus doctorii. Faptul c\u0103 simptomele bolii au ap\u0103rut sub forma unei gripe virotice \u00een timpul c\u00e2nd se afla \u00een capitala Poloniei, la sesiunea din ianuarie 1965 a Tratatului de la Var\u015fovia, a dat na\u015ftere la specula\u0163ii c\u0103 \u00eemboln\u0103virea a fost provocat\u0103 de cercuri politice str\u0103ine, interesate de dispari\u0163ia sa. Personal \u00eemi vine greu s\u0103 cred a\u015fa ceva, deoarece cuno\u015fteam din ce mi-a povestit referitor la via\u0163a sa c\u0103 \u00eenc\u0103 din copil\u0103rie, de la v\u00e2rsta de 13 ani, a fost bolnav de pl\u0103m\u00e2ni. \u00cen \u00eenchisoare a avut T.B.C. pulmonar. Dup\u0103 1944 a fost \u015fi \u00een U.R.S.S. pentru a fi tratat de aceea\u015fi afec\u0163iune&#8221;.<\/em><\/p>\n<p>Nici \u00een pu\u0163inele surse documentare care sunt accesibile \u00een momentul de fa\u0163\u0103 (buletinul medical \u015fi stenogramele Biroului Politic) nu apare vreun indiciu despre o tentativ\u0103 de asasinat.<\/p>\n<p>A doua zi dup\u0103 moartea lui Gheorghe Gheorghiu-Dej (19 martie 1965), \u00eentr-o alt\u0103 \u00eentrevedere oficial\u0103 \u00eentre ambasadorul chinez Liu Fan \u015fi Emil Bodn\u0103ra\u015f, acesta din urm\u0103 remarca, \u00een leg\u0103tur\u0103 cu boala de care suferise liderul P.M.R., c\u0103 <em>&#8222;a fost o evolu\u0163ie exploziv\u0103, de o agresivitate rar cunoscut\u0103 \u00een cazuri similare. Noi am fost de fiecare dat\u0103 \u00eentrecu\u0163i, dep\u0103\u015fi\u0163i \u00een previziunile noastre, de boal\u0103. El <\/em>[Gheorghe Gheorghiu-Dej]<em> a fost con\u015ftient tot timpul. Ieri, la orele 14,30 c\u00e2nd am fost la el dup\u0103 sesiunea M.A.N. \u015fi am avut o \u015fedin\u0163\u0103 a Biroului Politic, de\u015fi situa\u0163ia a fost foarte grav\u0103, a \u00een\u0163eles ce i-am spus. Ne-a r\u0103spuns: foarte bine, foarte bine. Ne-am luat r\u0103mas bun, ne-a spus la revedere, pentru ca dup\u0103 o or\u0103 \u015fi jum\u0103tate tensiunea s\u0103 scad\u0103 brusc la 9, apoi la 8. A intrat \u00een com\u0103&#8221;.<\/em><\/p>\n<p>La \u00eentrebarea ambasadorului Liu Fan dac\u0103 boala a fost descoperit\u0103 mai demult, el av\u00e2nd informa\u0163ii din care reie\u015fea c\u0103 Gheorghe Gheorghiu-Dej suferea de mai bine de un an, Emil Bodn\u0103ra\u015f a f\u0103cut un adev\u0103rat expozeu asupra cauzelor mor\u0163ii prim-secretarului P.M.R.:<em> &#8222;Noi am descoperit-o<\/em> [boala] <em>\u00een februarie, prin tomografie. Pe radiografia obi\u015fnuit\u0103 n-a ap\u0103rut nimic. El, de pl\u0103m\u00e2nul drept, a suferit \u015fi \u00een \u00eenchisoare, \u015fi \u00een 1957. Niciodat\u0103 nu s-a semnalat ceva dubios. Abia acum s-a descoperit focarul, la ad\u00e2ncime de 11 cm, ca un ban rotund, cu un diametru de 2 cm, \u00een apropierea canalului bronhiei. Tot nu era sigur c\u0103 este cancer \u015fi atunci am adus de la Paris un pneumolog ca s\u0103-i fac\u0103 bronhoscopie. C\u00e2t noi eram \u00een discu\u0163ie cu Parisul, a pornit ficatul. Analizele de s\u00e2nge au ar\u0103tat o modificare a formulei sanguine. Am constatat c\u0103 sunt c\u00e2teva elemente schimbate. Ficatul a crescut de la 15 cm la 23 cm \u015fi a \u00eenceput s\u0103 fie tare \u015fi neregulat la pip\u0103it. Atunci am l\u0103sat pl\u0103m\u00e2nul \u015fi am \u00eenceput s\u0103 ne ocup\u0103m de ficat, f\u0103c\u00e2nd proba cu izotopi de aur \u00een s\u00e2nge, pentru a vedea starea ficatului. Noaptea, la 26 februarie a.c., doctorii au venit speria\u0163i cu rezultatul. A ap\u0103rut conturul necomplet. Era deja \u0163esut str\u0103in \u015fi au ap\u0103rut noduri, tot cu \u0163esut str\u0103in. Atunci ne-a fost clar c\u0103 avem de-a face cu cancer. Dar nu \u015ftiam unde este focarul. \u00centre timp \u00een scuipat a ap\u0103rut s\u00e2nge \u015fi s-au g\u0103sit celule canceroase de la pl\u0103m\u00e2ni. Atunci am adus pneumologi, hepatologi \u015fi oncologi care au verificat datele \u015fi consultat bolnavul, care \u00eentre timp c\u0103p\u0103tase g\u0103lbenare. To\u0163i au spus c\u0103 este cancer. Proba la ficat nu s-a mai putut face de frica hemoragiei, pentru c\u0103 formula s\u00e2ngelui era proast\u0103. S-a \u00eenceput tratament cu endoxan, dar dup\u0103 trei zile n-a mai rezistat s\u00e2ngele: au sc\u0103zut trombocitele. Atunci a trebuit s\u0103 oprim tratamentul cu endoxan. El continua \u00eens\u0103 s\u0103 se degradeze \u015fi am \u00eenceput transfuzii, dar a intervenit cre\u015fterea ureei \u00een s\u00e2nge: de la 0,4 la 1,25 \u015fi 2,0 \u015fi a trebuit s\u0103 \u00eentrerupem \u015fi transfuzia, pentru c\u0103 putea bloca rinichii. Am readus specialistul oncolog. Ne-a spus c\u0103 transfuzie se mai poate face numai dac\u0103 intervine o hemoragie. Apoi a \u00eencetat func\u0163ionarea intestinului \u015fi a \u00eenceput alimentarea pe cale venoas\u0103, artificial\u0103, cu glucoz\u0103 \u015fi alte substan\u0163e. Am f\u0103cut bine c\u0103 ne-am gr\u0103bit s\u0103 termin\u0103m lucr\u0103rile Marii Adun\u0103ri Na\u0163ionale, s\u0103 avem organele constituite [\u2026]&#8221;.<\/em><\/p>\n<p>Cercet\u0103rile viitoare ar putea aduce noi dovezi, mai clare \u015fi mai precise, consolid\u00e2nd una sau alta dintre versiunile existente asupra sf\u00e2r\u015fitului lui Gh. Gheorghiu-Dej.<\/p>\n","protected":false},"excerpt":{"rendered":"<p>\u00cen jurul bolii care i-a provocat moartea lui Gheorghe Gheorghiu-Dej s-a \u0163esut, chiar de la dispari\u0163ia sa, un mister. S-a spus c\u0103 ar fi fost iradiat \u00een timpul ultimei vizite \u00een str\u0103in\u0103tate, la Var\u015fovia. Nu exist\u0103 p\u00e2n\u0103 acum vreun document &#8230; <\/p>\n<p class=\"read-more-container\"><a title=\"A fost iradiat Gheorghe Gheorghiu-Dej?\" class=\"read-more button\" href=\"https:\/\/www.lovendal.ro\/wp52\/a-fost-iradiat-gheorghe-gheorghiu-dej\/#more-2913\" aria-label=\"Cite\u0219te mai multe despre A fost iradiat Gheorghe Gheorghiu-Dej?\">Cititi mai multe<\/a><\/p>\n","protected":false},"author":1,"featured_media":2914,"comment_status":"open","ping_status":"closed","sticky":false,"template":"","format":"standard","meta":{"footnotes":""},"categories":[9],"tags":[81,974,1532,108],"class_list":["post-2913","post","type-post","status-publish","format-standard","has-post-thumbnail","hentry","category-istorie","tag-comunism","tag-gheorghe-gheorghiu-dej","tag-istorie-si-civilizatii","tag-moarte","resize-featured-image"],"yoast_head":"<!-- This site is optimized with the Yoast SEO Premium plugin v23.3 (Yoast SEO v27.4) - https:\/\/yoast.com\/product\/yoast-seo-premium-wordpress\/ -->\n<title>A fost iradiat Gheorghe Gheorghiu-Dej? - Secretele lui Lovendal<\/title>\n<meta name=\"robots\" content=\"index, follow, max-snippet:-1, max-image-preview:large, max-video-preview:-1\" \/>\n<link rel=\"canonical\" href=\"https:\/\/www.lovendal.ro\/wp52\/a-fost-iradiat-gheorghe-gheorghiu-dej\/\" \/>\n<meta property=\"og:locale\" content=\"ro_RO\" \/>\n<meta property=\"og:type\" content=\"article\" \/>\n<meta property=\"og:title\" content=\"A fost iradiat Gheorghe Gheorghiu-Dej?\" \/>\n<meta property=\"og:description\" content=\"\u00cen jurul bolii care i-a provocat moartea lui Gheorghe Gheorghiu-Dej s-a \u0163esut, chiar de la dispari\u0163ia sa, un mister. S-a spus c\u0103 ar fi fost iradiat \u00een timpul ultimei vizite \u00een str\u0103in\u0103tate, la Var\u015fovia. Nu exist\u0103 p\u00e2n\u0103 acum vreun document ... Cititi mai multe\" \/>\n<meta property=\"og:url\" content=\"https:\/\/www.lovendal.ro\/wp52\/a-fost-iradiat-gheorghe-gheorghiu-dej\/\" \/>\n<meta property=\"og:site_name\" content=\"Secretele lui Lovendal\" \/>\n<meta property=\"article:publisher\" content=\"https:\/\/www.facebook.com\/secreteleluilovendal\" \/>\n<meta property=\"article:published_time\" content=\"2009-07-03T16:27:13+00:00\" \/>\n<meta property=\"og:image\" content=\"https:\/\/www.lovendal.ro\/wp52\/wp-content\/uploads\/2009\/01\/gh-gheorghiu-dej.jpg\" \/>\n\t<meta property=\"og:image:width\" content=\"250\" \/>\n\t<meta property=\"og:image:height\" content=\"290\" \/>\n\t<meta property=\"og:image:type\" content=\"image\/jpeg\" \/>\n<meta name=\"author\" content=\"admin\" \/>\n<meta name=\"twitter:card\" content=\"summary_large_image\" \/>\n<meta name=\"twitter:label1\" content=\"Scris de\" \/>\n\t<meta name=\"twitter:data1\" content=\"admin\" \/>\n\t<meta name=\"twitter:label2\" content=\"Timp estimat pentru citire\" \/>\n\t<meta name=\"twitter:data2\" content=\"6 minute\" \/>\n<script type=\"application\/ld+json\" class=\"yoast-schema-graph\">{\"@context\":\"https:\\\/\\\/schema.org\",\"@graph\":[{\"@type\":\"Article\",\"@id\":\"https:\\\/\\\/www.lovendal.ro\\\/wp52\\\/a-fost-iradiat-gheorghe-gheorghiu-dej\\\/#article\",\"isPartOf\":{\"@id\":\"https:\\\/\\\/www.lovendal.ro\\\/wp52\\\/a-fost-iradiat-gheorghe-gheorghiu-dej\\\/\"},\"author\":{\"name\":\"admin\",\"@id\":\"https:\\\/\\\/www.lovendal.ro\\\/wp52\\\/#\\\/schema\\\/person\\\/088691de5dfc346bb0c023e1e52ef5d9\"},\"headline\":\"A fost iradiat Gheorghe Gheorghiu-Dej?\",\"datePublished\":\"2009-07-03T16:27:13+00:00\",\"mainEntityOfPage\":{\"@id\":\"https:\\\/\\\/www.lovendal.ro\\\/wp52\\\/a-fost-iradiat-gheorghe-gheorghiu-dej\\\/\"},\"wordCount\":1259,\"commentCount\":4,\"publisher\":{\"@id\":\"https:\\\/\\\/www.lovendal.ro\\\/wp52\\\/#organization\"},\"image\":{\"@id\":\"https:\\\/\\\/www.lovendal.ro\\\/wp52\\\/a-fost-iradiat-gheorghe-gheorghiu-dej\\\/#primaryimage\"},\"thumbnailUrl\":\"https:\\\/\\\/www.lovendal.ro\\\/wp52\\\/wp-content\\\/uploads\\\/2009\\\/01\\\/gh-gheorghiu-dej.jpg\",\"keywords\":[\"comunism\",\"Gheorghe Gheorghiu Dej\",\"Istorie si Civilizatii\",\"moarte\"],\"articleSection\":[\"Istorie si Civilizatii\"],\"inLanguage\":\"ro-RO\",\"potentialAction\":[{\"@type\":\"CommentAction\",\"name\":\"Comment\",\"target\":[\"https:\\\/\\\/www.lovendal.ro\\\/wp52\\\/a-fost-iradiat-gheorghe-gheorghiu-dej\\\/#respond\"]}]},{\"@type\":\"WebPage\",\"@id\":\"https:\\\/\\\/www.lovendal.ro\\\/wp52\\\/a-fost-iradiat-gheorghe-gheorghiu-dej\\\/\",\"url\":\"https:\\\/\\\/www.lovendal.ro\\\/wp52\\\/a-fost-iradiat-gheorghe-gheorghiu-dej\\\/\",\"name\":\"A fost iradiat Gheorghe Gheorghiu-Dej? - Secretele lui Lovendal\",\"isPartOf\":{\"@id\":\"https:\\\/\\\/www.lovendal.ro\\\/wp52\\\/#website\"},\"primaryImageOfPage\":{\"@id\":\"https:\\\/\\\/www.lovendal.ro\\\/wp52\\\/a-fost-iradiat-gheorghe-gheorghiu-dej\\\/#primaryimage\"},\"image\":{\"@id\":\"https:\\\/\\\/www.lovendal.ro\\\/wp52\\\/a-fost-iradiat-gheorghe-gheorghiu-dej\\\/#primaryimage\"},\"thumbnailUrl\":\"https:\\\/\\\/www.lovendal.ro\\\/wp52\\\/wp-content\\\/uploads\\\/2009\\\/01\\\/gh-gheorghiu-dej.jpg\",\"datePublished\":\"2009-07-03T16:27:13+00:00\",\"breadcrumb\":{\"@id\":\"https:\\\/\\\/www.lovendal.ro\\\/wp52\\\/a-fost-iradiat-gheorghe-gheorghiu-dej\\\/#breadcrumb\"},\"inLanguage\":\"ro-RO\",\"potentialAction\":[{\"@type\":\"ReadAction\",\"target\":[\"https:\\\/\\\/www.lovendal.ro\\\/wp52\\\/a-fost-iradiat-gheorghe-gheorghiu-dej\\\/\"]}]},{\"@type\":\"ImageObject\",\"inLanguage\":\"ro-RO\",\"@id\":\"https:\\\/\\\/www.lovendal.ro\\\/wp52\\\/a-fost-iradiat-gheorghe-gheorghiu-dej\\\/#primaryimage\",\"url\":\"https:\\\/\\\/www.lovendal.ro\\\/wp52\\\/wp-content\\\/uploads\\\/2009\\\/01\\\/gh-gheorghiu-dej.jpg\",\"contentUrl\":\"https:\\\/\\\/www.lovendal.ro\\\/wp52\\\/wp-content\\\/uploads\\\/2009\\\/01\\\/gh-gheorghiu-dej.jpg\",\"width\":\"250\",\"height\":\"290\"},{\"@type\":\"BreadcrumbList\",\"@id\":\"https:\\\/\\\/www.lovendal.ro\\\/wp52\\\/a-fost-iradiat-gheorghe-gheorghiu-dej\\\/#breadcrumb\",\"itemListElement\":[{\"@type\":\"ListItem\",\"position\":1,\"name\":\"Home\",\"item\":\"https:\\\/\\\/www.lovendal.ro\\\/wp52\\\/\"},{\"@type\":\"ListItem\",\"position\":2,\"name\":\"A fost iradiat Gheorghe Gheorghiu-Dej?\"}]},{\"@type\":\"WebSite\",\"@id\":\"https:\\\/\\\/www.lovendal.ro\\\/wp52\\\/#website\",\"url\":\"https:\\\/\\\/www.lovendal.ro\\\/wp52\\\/\",\"name\":\"Secretele lui Lovendal\",\"description\":\"Site de secrete, stiinta si metafizica - din 2008 -\",\"publisher\":{\"@id\":\"https:\\\/\\\/www.lovendal.ro\\\/wp52\\\/#organization\"},\"potentialAction\":[{\"@type\":\"SearchAction\",\"target\":{\"@type\":\"EntryPoint\",\"urlTemplate\":\"https:\\\/\\\/www.lovendal.ro\\\/wp52\\\/?s={search_term_string}\"},\"query-input\":{\"@type\":\"PropertyValueSpecification\",\"valueRequired\":true,\"valueName\":\"search_term_string\"}}],\"inLanguage\":\"ro-RO\"},{\"@type\":\"Organization\",\"@id\":\"https:\\\/\\\/www.lovendal.ro\\\/wp52\\\/#organization\",\"name\":\"Secretele lui Lovendal\",\"url\":\"https:\\\/\\\/www.lovendal.ro\\\/wp52\\\/\",\"logo\":{\"@type\":\"ImageObject\",\"inLanguage\":\"ro-RO\",\"@id\":\"https:\\\/\\\/www.lovendal.ro\\\/wp52\\\/#\\\/schema\\\/logo\\\/image\\\/\",\"url\":\"https:\\\/\\\/www.lovendal.ro\\\/wp52\\\/wp-content\\\/uploads\\\/2024\\\/06\\\/cropped-SLL-iun-2024-1.jpg\",\"contentUrl\":\"https:\\\/\\\/www.lovendal.ro\\\/wp52\\\/wp-content\\\/uploads\\\/2024\\\/06\\\/cropped-SLL-iun-2024-1.jpg\",\"width\":771,\"height\":240,\"caption\":\"Secretele lui Lovendal\"},\"image\":{\"@id\":\"https:\\\/\\\/www.lovendal.ro\\\/wp52\\\/#\\\/schema\\\/logo\\\/image\\\/\"},\"sameAs\":[\"https:\\\/\\\/www.facebook.com\\\/secreteleluilovendal\"]},{\"@type\":\"Person\",\"@id\":\"https:\\\/\\\/www.lovendal.ro\\\/wp52\\\/#\\\/schema\\\/person\\\/088691de5dfc346bb0c023e1e52ef5d9\",\"name\":\"admin\",\"image\":{\"@type\":\"ImageObject\",\"inLanguage\":\"ro-RO\",\"@id\":\"https:\\\/\\\/secure.gravatar.com\\\/avatar\\\/ecb9cd41f5f63c9c9b989999a59f6e2639a865ec361e9db054db0679a8f341c2?s=96&d=mm&r=g\",\"url\":\"https:\\\/\\\/secure.gravatar.com\\\/avatar\\\/ecb9cd41f5f63c9c9b989999a59f6e2639a865ec361e9db054db0679a8f341c2?s=96&d=mm&r=g\",\"contentUrl\":\"https:\\\/\\\/secure.gravatar.com\\\/avatar\\\/ecb9cd41f5f63c9c9b989999a59f6e2639a865ec361e9db054db0679a8f341c2?s=96&d=mm&r=g\",\"caption\":\"admin\"},\"sameAs\":[\"https:\\\/\\\/www.lovendal.ro\\\/wp52\"]}]}<\/script>\n<!-- \/ Yoast SEO Premium plugin. -->","yoast_head_json":{"title":"A fost iradiat Gheorghe Gheorghiu-Dej? - Secretele lui Lovendal","robots":{"index":"index","follow":"follow","max-snippet":"max-snippet:-1","max-image-preview":"max-image-preview:large","max-video-preview":"max-video-preview:-1"},"canonical":"https:\/\/www.lovendal.ro\/wp52\/a-fost-iradiat-gheorghe-gheorghiu-dej\/","og_locale":"ro_RO","og_type":"article","og_title":"A fost iradiat Gheorghe Gheorghiu-Dej?","og_description":"\u00cen jurul bolii care i-a provocat moartea lui Gheorghe Gheorghiu-Dej s-a \u0163esut, chiar de la dispari\u0163ia sa, un mister. S-a spus c\u0103 ar fi fost iradiat \u00een timpul ultimei vizite \u00een str\u0103in\u0103tate, la Var\u015fovia. Nu exist\u0103 p\u00e2n\u0103 acum vreun document ... Cititi mai multe","og_url":"https:\/\/www.lovendal.ro\/wp52\/a-fost-iradiat-gheorghe-gheorghiu-dej\/","og_site_name":"Secretele lui Lovendal","article_publisher":"https:\/\/www.facebook.com\/secreteleluilovendal","article_published_time":"2009-07-03T16:27:13+00:00","og_image":[{"width":250,"height":290,"url":"https:\/\/www.lovendal.ro\/wp52\/wp-content\/uploads\/2009\/01\/gh-gheorghiu-dej.jpg","type":"image\/jpeg"}],"author":"admin","twitter_card":"summary_large_image","twitter_misc":{"Scris de":"admin","Timp estimat pentru citire":"6 minute"},"schema":{"@context":"https:\/\/schema.org","@graph":[{"@type":"Article","@id":"https:\/\/www.lovendal.ro\/wp52\/a-fost-iradiat-gheorghe-gheorghiu-dej\/#article","isPartOf":{"@id":"https:\/\/www.lovendal.ro\/wp52\/a-fost-iradiat-gheorghe-gheorghiu-dej\/"},"author":{"name":"admin","@id":"https:\/\/www.lovendal.ro\/wp52\/#\/schema\/person\/088691de5dfc346bb0c023e1e52ef5d9"},"headline":"A fost iradiat Gheorghe Gheorghiu-Dej?","datePublished":"2009-07-03T16:27:13+00:00","mainEntityOfPage":{"@id":"https:\/\/www.lovendal.ro\/wp52\/a-fost-iradiat-gheorghe-gheorghiu-dej\/"},"wordCount":1259,"commentCount":4,"publisher":{"@id":"https:\/\/www.lovendal.ro\/wp52\/#organization"},"image":{"@id":"https:\/\/www.lovendal.ro\/wp52\/a-fost-iradiat-gheorghe-gheorghiu-dej\/#primaryimage"},"thumbnailUrl":"https:\/\/www.lovendal.ro\/wp52\/wp-content\/uploads\/2009\/01\/gh-gheorghiu-dej.jpg","keywords":["comunism","Gheorghe Gheorghiu Dej","Istorie si Civilizatii","moarte"],"articleSection":["Istorie si Civilizatii"],"inLanguage":"ro-RO","potentialAction":[{"@type":"CommentAction","name":"Comment","target":["https:\/\/www.lovendal.ro\/wp52\/a-fost-iradiat-gheorghe-gheorghiu-dej\/#respond"]}]},{"@type":"WebPage","@id":"https:\/\/www.lovendal.ro\/wp52\/a-fost-iradiat-gheorghe-gheorghiu-dej\/","url":"https:\/\/www.lovendal.ro\/wp52\/a-fost-iradiat-gheorghe-gheorghiu-dej\/","name":"A fost iradiat Gheorghe Gheorghiu-Dej? - Secretele lui Lovendal","isPartOf":{"@id":"https:\/\/www.lovendal.ro\/wp52\/#website"},"primaryImageOfPage":{"@id":"https:\/\/www.lovendal.ro\/wp52\/a-fost-iradiat-gheorghe-gheorghiu-dej\/#primaryimage"},"image":{"@id":"https:\/\/www.lovendal.ro\/wp52\/a-fost-iradiat-gheorghe-gheorghiu-dej\/#primaryimage"},"thumbnailUrl":"https:\/\/www.lovendal.ro\/wp52\/wp-content\/uploads\/2009\/01\/gh-gheorghiu-dej.jpg","datePublished":"2009-07-03T16:27:13+00:00","breadcrumb":{"@id":"https:\/\/www.lovendal.ro\/wp52\/a-fost-iradiat-gheorghe-gheorghiu-dej\/#breadcrumb"},"inLanguage":"ro-RO","potentialAction":[{"@type":"ReadAction","target":["https:\/\/www.lovendal.ro\/wp52\/a-fost-iradiat-gheorghe-gheorghiu-dej\/"]}]},{"@type":"ImageObject","inLanguage":"ro-RO","@id":"https:\/\/www.lovendal.ro\/wp52\/a-fost-iradiat-gheorghe-gheorghiu-dej\/#primaryimage","url":"https:\/\/www.lovendal.ro\/wp52\/wp-content\/uploads\/2009\/01\/gh-gheorghiu-dej.jpg","contentUrl":"https:\/\/www.lovendal.ro\/wp52\/wp-content\/uploads\/2009\/01\/gh-gheorghiu-dej.jpg","width":"250","height":"290"},{"@type":"BreadcrumbList","@id":"https:\/\/www.lovendal.ro\/wp52\/a-fost-iradiat-gheorghe-gheorghiu-dej\/#breadcrumb","itemListElement":[{"@type":"ListItem","position":1,"name":"Home","item":"https:\/\/www.lovendal.ro\/wp52\/"},{"@type":"ListItem","position":2,"name":"A fost iradiat Gheorghe Gheorghiu-Dej?"}]},{"@type":"WebSite","@id":"https:\/\/www.lovendal.ro\/wp52\/#website","url":"https:\/\/www.lovendal.ro\/wp52\/","name":"Secretele lui Lovendal","description":"Site de secrete, stiinta si metafizica - din 2008 -","publisher":{"@id":"https:\/\/www.lovendal.ro\/wp52\/#organization"},"potentialAction":[{"@type":"SearchAction","target":{"@type":"EntryPoint","urlTemplate":"https:\/\/www.lovendal.ro\/wp52\/?s={search_term_string}"},"query-input":{"@type":"PropertyValueSpecification","valueRequired":true,"valueName":"search_term_string"}}],"inLanguage":"ro-RO"},{"@type":"Organization","@id":"https:\/\/www.lovendal.ro\/wp52\/#organization","name":"Secretele lui Lovendal","url":"https:\/\/www.lovendal.ro\/wp52\/","logo":{"@type":"ImageObject","inLanguage":"ro-RO","@id":"https:\/\/www.lovendal.ro\/wp52\/#\/schema\/logo\/image\/","url":"https:\/\/www.lovendal.ro\/wp52\/wp-content\/uploads\/2024\/06\/cropped-SLL-iun-2024-1.jpg","contentUrl":"https:\/\/www.lovendal.ro\/wp52\/wp-content\/uploads\/2024\/06\/cropped-SLL-iun-2024-1.jpg","width":771,"height":240,"caption":"Secretele lui Lovendal"},"image":{"@id":"https:\/\/www.lovendal.ro\/wp52\/#\/schema\/logo\/image\/"},"sameAs":["https:\/\/www.facebook.com\/secreteleluilovendal"]},{"@type":"Person","@id":"https:\/\/www.lovendal.ro\/wp52\/#\/schema\/person\/088691de5dfc346bb0c023e1e52ef5d9","name":"admin","image":{"@type":"ImageObject","inLanguage":"ro-RO","@id":"https:\/\/secure.gravatar.com\/avatar\/ecb9cd41f5f63c9c9b989999a59f6e2639a865ec361e9db054db0679a8f341c2?s=96&d=mm&r=g","url":"https:\/\/secure.gravatar.com\/avatar\/ecb9cd41f5f63c9c9b989999a59f6e2639a865ec361e9db054db0679a8f341c2?s=96&d=mm&r=g","contentUrl":"https:\/\/secure.gravatar.com\/avatar\/ecb9cd41f5f63c9c9b989999a59f6e2639a865ec361e9db054db0679a8f341c2?s=96&d=mm&r=g","caption":"admin"},"sameAs":["https:\/\/www.lovendal.ro\/wp52"]}]}},"_links":{"self":[{"href":"https:\/\/www.lovendal.ro\/wp52\/wp-json\/wp\/v2\/posts\/2913","targetHints":{"allow":["GET"]}}],"collection":[{"href":"https:\/\/www.lovendal.ro\/wp52\/wp-json\/wp\/v2\/posts"}],"about":[{"href":"https:\/\/www.lovendal.ro\/wp52\/wp-json\/wp\/v2\/types\/post"}],"author":[{"embeddable":true,"href":"https:\/\/www.lovendal.ro\/wp52\/wp-json\/wp\/v2\/users\/1"}],"replies":[{"embeddable":true,"href":"https:\/\/www.lovendal.ro\/wp52\/wp-json\/wp\/v2\/comments?post=2913"}],"version-history":[{"count":0,"href":"https:\/\/www.lovendal.ro\/wp52\/wp-json\/wp\/v2\/posts\/2913\/revisions"}],"wp:featuredmedia":[{"embeddable":true,"href":"https:\/\/www.lovendal.ro\/wp52\/wp-json\/wp\/v2\/media\/2914"}],"wp:attachment":[{"href":"https:\/\/www.lovendal.ro\/wp52\/wp-json\/wp\/v2\/media?parent=2913"}],"wp:term":[{"taxonomy":"category","embeddable":true,"href":"https:\/\/www.lovendal.ro\/wp52\/wp-json\/wp\/v2\/categories?post=2913"},{"taxonomy":"post_tag","embeddable":true,"href":"https:\/\/www.lovendal.ro\/wp52\/wp-json\/wp\/v2\/tags?post=2913"}],"curies":[{"name":"wp","href":"https:\/\/api.w.org\/{rel}","templated":true}]}}