{"id":27171,"date":"2013-03-16T18:00:35","date_gmt":"2013-03-16T16:00:35","guid":{"rendered":"http:\/\/www.lovendal.net\/wp52\/?p=27171"},"modified":"2013-03-16T10:11:49","modified_gmt":"2013-03-16T08:11:49","slug":"a-fost-o-perioada-cand-moldova-a-stapanit-ucraina-si-asta-s-a-intamplat-in-timpul-tiranicului-domn-gheorghe-duca-voda","status":"publish","type":"post","link":"https:\/\/www.lovendal.ro\/wp52\/a-fost-o-perioada-cand-moldova-a-stapanit-ucraina-si-asta-s-a-intamplat-in-timpul-tiranicului-domn-gheorghe-duca-voda\/","title":{"rendered":"A fost o perioad\u0103 c\u00e2nd Moldova a st\u0103p\u00e2nit Ucraina! \u015ei asta s-a \u00eent\u00e2mplat \u00een timpul tiranicului domn Gheorghe Duca Vod\u0103&#8230;"},"content":{"rendered":"<p><a href=\"https:\/\/www.lovendal.ro\/wp52\/wp-content\/uploads\/2013\/03\/gheorghe_duca-Voda.jpg\"><img loading=\"lazy\" decoding=\"async\" class=\"alignleft size-full wp-image-27172\" title=\"gheorghe_duca Voda\" src=\"https:\/\/www.lovendal.ro\/wp52\/wp-content\/uploads\/2013\/03\/gheorghe_duca-Voda.jpg\" alt=\"\" width=\"283\" height=\"285\" \/><\/a>\u015etia\u0163i c\u0103 pe vremuri, \u0163inutul Moldovei (care cuprindea regiunea Moldovei a Rom\u00e2niei \u015fi Republica Moldova de azi) a \u00eencorporat \u015fi \u0163inutul imens al Ucrainei, dintre Nistru \u015fi Nipru? Citez din excep\u0163ionala monografie a lui N.A. Bogdan, <em>&#8222;Ora\u015ful Ia\u015fi&#8221;<\/em>. Autorul se refer\u0103 la cea de a treia domnie \u00een Moldova a lui Duca Vod\u0103, cea dintre anii 1678 \u015fi 1683.<\/p>\n<p>Sosind \u00een Ia\u015fi, \u00een ziua de Sf. Neculai, Gheorghe Duca-Vod\u0103 se odihni p\u00e2n\u0103 la vremea secerei, c\u00e2nd abia a putut pl\u0103ti mucaramcaua (bir pentru re\u00eennoirea Domniei). \u00cen prim\u0103vara urm\u0103toare, el puse s\u0103 se sf\u00e2r\u015feasc\u0103 de reparat \u015fi zugr\u0103vit biserica Domneasc\u0103 Sf. Neculai, pe care n-o putuse ispr\u0103vi Antonie-Vod\u0103. \u00cen aceast\u0103 vreme mult\u0103 stric\u0103ciune f\u0103cur\u0103 turcii Moldovei, care ajunsese un adev\u0103rat pa\u015fal\u00e2c turcesc, \u00eentruc\u00e2t nu era an \u00een care s\u0103 nu ridice ace\u015ftia oaste \u015fi biruri noi din \u0163ar\u0103, f\u0103r\u0103 ca Vod\u0103 s\u0103 cr\u00e2\u015fneasc\u0103 macar \u00eempotriva lor. C\u0103ci se vede c\u0103 el avea g\u00e2nduri mai departate ca s\u0103-\u015fi poat\u0103 atrage deosebita dragoste a Sultanului: anume, afl\u00e2nd c\u0103 Ucraina, \u0163ar\u0103 c\u0103z\u0103ceasc\u0103 dintre Nistru \u015fi Nipru, devenise pa\u015fal\u00e2c turcesc, st\u0103ruia din r\u0103sputeri s\u0103 i se dea sub st\u0103p\u00e2nirea lui, spre a o uni cu Moldova. \u015ei reu\u015fi, dup\u0103 oarecare sfor\u0163are, a \u00eendupleca pe Sultanul Mahomet (<em>not\u0103: e vorba de Mehmet al IV-lea, sultanul \u00eentre 1648 \u015fi 1687<\/em>) \u00eenc\u00e2t acesta \u00eei trimise un firman prin care-l numi Domn \u015fi peste Ucraina, d\u00e2ndu-i caftan \u015fi buzduganul acelei \u0163\u0103ri. Atunci Duca r\u00e2ndui \u00eendat\u0103 pe un nemesnic (<em>not\u0103: loc\u021biitor sau reprezentant al unui func\u021bionar \u00eentr-o func\u021bie important\u0103<\/em>) al s\u0103u, Iane Dr\u0103ghinici, ce era \u00een Ia\u015fi postelnic al doilea, de-l puse Hatman la Nemirova, ora\u015ful de c\u0103petenie al Ucrainei. Drept aceast\u0103 nou\u0103 demnitate, Duca \u00eencepu a-\u015fi scrie pe pece\u0163i \u015fi hrisoave titulu\u015ful:<em> &#8222;Gospodari zemli Moldavskoi i zemli Ucrainskoi&#8221;<\/em>, adic\u0103 <em>&#8222;domn al Moldovei \u015fi Ucrainei&#8221;.<\/em><\/p>\n<p>Atunci Domnia Moldovei avu st\u0103p\u00e2nire peste cea mai mare \u00eentindere de p\u00e2m\u00e2nt! R\u0103u \u015fi pizmatare\u0163 (<em>not\u0103: du\u015fm\u0103nos<\/em>) cum era Duca, zice Cronicarul, dac\u0103 se v\u0103zu Domn at\u00e2t de \u00eensemnat peste Moldova m\u0103rit\u0103 cu Ucraina, a pus biruri noi \u015fi mari pe boierime \u015fi pe \u0163\u0103r\u0103nime, zic\u00e2nd c\u0103 \u00eemp\u0103r\u0103\u0163ia are multe treburi \u015fi nevoi, \u015fi el, ca slug\u0103 credincioas\u0103 a \u00eemp\u0103r\u0103\u0163iei, trebuie s\u0103-i dea tot ajutorul; c\u0103 era doar mehenghi (<em>not\u0103: \u015fmecher<\/em>) \u015fi iste\u0163 la fire, \u015fi lacom la avu\u0163ie, el \u015fi Doamna sa. Atunci a iscodit Duca-Vod\u0103 mortasipia (<em>not\u0103: tax\u0103 la v\u00e2nzarea vitelor \u0219i a m\u0103rfurilor<\/em>) \u00een \u0163ar\u0103, f\u0103c\u00e2nd s\u0103 dea boierii cei mari \u015fi m\u0103n\u0103stirile chiar go\u015ftin\u0103 de oi (dare \u00een natur\u0103). De l\u0103comie mare ce avea s\u0103 tot str\u00e2ng\u0103 bani mai mul\u0163i, Duca era nu numai Domn, dar \u015fi Visternic Mare, \u015fi negustor \u015fi vame\u015f, a\u015fa c\u0103 lu\u0103 el \u015fi Doamna lui toat\u0103 hrana oamenilor \u015fi precupiau (<em>not\u0103: speculau<\/em>) tot ce se \u00eent\u00e2mpla, rev\u00e2nz\u00e2nd cui \u00eei trebuia cu pre\u0163uri \u00eendoite. Doamna cr\u00e2\u015fm\u0103ria bucatele din cas\u0103, p\u00e2inea, b\u0103utura \u015fi pocloanele ce le veneau la Camara Domneasc\u0103 ; mai f\u0103cea \u015fi nego\u0163 de boi, apuc\u00e2nd iarna fine\u0163ele norodului, de-i ducea la sap\u0103 de lemn.<\/p>\n<p>Duca-Vod\u0103 era o urgie al lui Dumnezeu pe norod; nimicia \u015fi pr\u0103da pe to\u0163i \u00een toate chipurile. Pe unii \u00eei arunca \u00een temni\u0163\u0103, pe al\u0163ii \u00eei b\u0103tea singur cu buzduganul \u00een piept p\u00e2n\u0103 ce r\u0103m\u00e2neau mor\u0163i, c\u0103 nu cru\u0163a nici boier, nici \u0163\u0103ran, nici femei. Mai puse \u00een fiare pe boierii Toader Paladi, vel-Vornic de \u0162ara-de-Sus, Tudosie Dub\u0103u, vel-Spatar, Chiriac Sturza, Biv-vel Spatar \u015fi pe al\u0163i mul\u0163i. Pe Ursache, fost Visternic mare, foarte bogat, l-a dezbr\u0103cat cu pielea \u015fi l-a legat, iarna pe ger, la un st\u00e2lp, dup\u0103 care \u00eel \u0163inu un an \u00een temni\u0163\u0103, b\u0103t\u00e2ndu-l la falang\u0103, p\u00e2n\u0103 ce i-a luat 250 de pungi de aur.<\/p>\n<p>P.S. Ce despot crud am mai avut parte \u015fi noi rom\u00e2nii&#8230;<\/p>\n","protected":false},"excerpt":{"rendered":"<p>\u015etia\u0163i c\u0103 pe vremuri, \u0163inutul Moldovei (care cuprindea regiunea Moldovei a Rom\u00e2niei \u015fi Republica Moldova de azi) a \u00eencorporat \u015fi \u0163inutul imens al Ucrainei, dintre Nistru \u015fi Nipru? Citez din excep\u0163ionala monografie a lui N.A. Bogdan, &#8222;Ora\u015ful Ia\u015fi&#8221;. Autorul se &#8230; <\/p>\n<p class=\"read-more-container\"><a title=\"A fost o perioad\u0103 c\u00e2nd Moldova a st\u0103p\u00e2nit Ucraina! \u015ei asta s-a \u00eent\u00e2mplat \u00een timpul tiranicului domn Gheorghe Duca Vod\u0103&#8230;\" class=\"read-more button\" href=\"https:\/\/www.lovendal.ro\/wp52\/a-fost-o-perioada-cand-moldova-a-stapanit-ucraina-si-asta-s-a-intamplat-in-timpul-tiranicului-domn-gheorghe-duca-voda\/#more-27171\" aria-label=\"Cite\u0219te mai multe despre A fost o perioad\u0103 c\u00e2nd Moldova a st\u0103p\u00e2nit Ucraina! \u015ei asta s-a \u00eent\u00e2mplat \u00een timpul tiranicului domn Gheorghe Duca Vod\u0103&#8230;\">Cititi mai multe<\/a><\/p>\n","protected":false},"author":1,"featured_media":27172,"comment_status":"open","ping_status":"closed","sticky":false,"template":"","format":"standard","meta":{"footnotes":""},"categories":[9],"tags":[2500,6172,1428,1641,549,1532,6170,377,6166,6169,6168,6171,134,721,1343,6167],"class_list":["post-27171","post","type-post","status-publish","format-standard","has-post-thumbnail","hentry","category-istorie","tag-boier","tag-buzdugan","tag-domnitor","tag-gheorghe-duca-voda","tag-imperiul-otoman","tag-istorie-si-civilizatii","tag-mehmet-al-iv-lea","tag-moldova","tag-n-a-bogdan","tag-nipru","tag-nistru","tag-postelnic","tag-sturdza","tag-sultan","tag-ucraina","tag-vistiernic","resize-featured-image"],"yoast_head":"<!-- This site is optimized with the Yoast SEO Premium plugin v23.3 (Yoast SEO v27.4) - https:\/\/yoast.com\/product\/yoast-seo-premium-wordpress\/ -->\n<title>A fost o perioad\u0103 c\u00e2nd Moldova a st\u0103p\u00e2nit Ucraina! \u015ei asta s-a \u00eent\u00e2mplat \u00een timpul tiranicului domn Gheorghe Duca Vod\u0103... - Secretele lui Lovendal<\/title>\n<meta name=\"robots\" content=\"index, follow, max-snippet:-1, max-image-preview:large, max-video-preview:-1\" \/>\n<link rel=\"canonical\" href=\"https:\/\/www.lovendal.ro\/wp52\/a-fost-o-perioada-cand-moldova-a-stapanit-ucraina-si-asta-s-a-intamplat-in-timpul-tiranicului-domn-gheorghe-duca-voda\/\" \/>\n<meta property=\"og:locale\" content=\"ro_RO\" \/>\n<meta property=\"og:type\" content=\"article\" \/>\n<meta property=\"og:title\" content=\"A fost o perioad\u0103 c\u00e2nd Moldova a st\u0103p\u00e2nit Ucraina! \u015ei asta s-a \u00eent\u00e2mplat \u00een timpul tiranicului domn Gheorghe Duca Vod\u0103...\" \/>\n<meta property=\"og:description\" content=\"\u015etia\u0163i c\u0103 pe vremuri, \u0163inutul Moldovei (care cuprindea regiunea Moldovei a Rom\u00e2niei \u015fi Republica Moldova de azi) a \u00eencorporat \u015fi \u0163inutul imens al Ucrainei, dintre Nistru \u015fi Nipru? Citez din excep\u0163ionala monografie a lui N.A. Bogdan, &#8222;Ora\u015ful Ia\u015fi&#8221;. Autorul se ... Cititi mai multe\" \/>\n<meta property=\"og:url\" content=\"https:\/\/www.lovendal.ro\/wp52\/a-fost-o-perioada-cand-moldova-a-stapanit-ucraina-si-asta-s-a-intamplat-in-timpul-tiranicului-domn-gheorghe-duca-voda\/\" \/>\n<meta property=\"og:site_name\" content=\"Secretele lui Lovendal\" \/>\n<meta property=\"article:publisher\" content=\"https:\/\/www.facebook.com\/secreteleluilovendal\" \/>\n<meta property=\"article:published_time\" content=\"2013-03-16T16:00:35+00:00\" \/>\n<meta property=\"og:image\" content=\"https:\/\/www.lovendal.ro\/wp52\/wp-content\/uploads\/2013\/03\/gheorghe_duca-Voda.jpg\" \/>\n\t<meta property=\"og:image:width\" content=\"283\" \/>\n\t<meta property=\"og:image:height\" content=\"316\" \/>\n\t<meta property=\"og:image:type\" content=\"image\/jpeg\" \/>\n<meta name=\"author\" content=\"admin\" \/>\n<meta name=\"twitter:card\" content=\"summary_large_image\" \/>\n<meta name=\"twitter:label1\" content=\"Scris de\" \/>\n\t<meta name=\"twitter:data1\" content=\"admin\" \/>\n\t<meta name=\"twitter:label2\" content=\"Timp estimat pentru citire\" \/>\n\t<meta name=\"twitter:data2\" content=\"4 minute\" \/>\n<script type=\"application\/ld+json\" class=\"yoast-schema-graph\">{\"@context\":\"https:\\\/\\\/schema.org\",\"@graph\":[{\"@type\":\"Article\",\"@id\":\"https:\\\/\\\/www.lovendal.ro\\\/wp52\\\/a-fost-o-perioada-cand-moldova-a-stapanit-ucraina-si-asta-s-a-intamplat-in-timpul-tiranicului-domn-gheorghe-duca-voda\\\/#article\",\"isPartOf\":{\"@id\":\"https:\\\/\\\/www.lovendal.ro\\\/wp52\\\/a-fost-o-perioada-cand-moldova-a-stapanit-ucraina-si-asta-s-a-intamplat-in-timpul-tiranicului-domn-gheorghe-duca-voda\\\/\"},\"author\":{\"name\":\"admin\",\"@id\":\"https:\\\/\\\/www.lovendal.ro\\\/wp52\\\/#\\\/schema\\\/person\\\/088691de5dfc346bb0c023e1e52ef5d9\"},\"headline\":\"A fost o perioad\u0103 c\u00e2nd Moldova a st\u0103p\u00e2nit Ucraina! \u015ei asta s-a \u00eent\u00e2mplat \u00een timpul tiranicului domn Gheorghe Duca Vod\u0103&#8230;\",\"datePublished\":\"2013-03-16T16:00:35+00:00\",\"mainEntityOfPage\":{\"@id\":\"https:\\\/\\\/www.lovendal.ro\\\/wp52\\\/a-fost-o-perioada-cand-moldova-a-stapanit-ucraina-si-asta-s-a-intamplat-in-timpul-tiranicului-domn-gheorghe-duca-voda\\\/\"},\"wordCount\":739,\"commentCount\":10,\"publisher\":{\"@id\":\"https:\\\/\\\/www.lovendal.ro\\\/wp52\\\/#organization\"},\"image\":{\"@id\":\"https:\\\/\\\/www.lovendal.ro\\\/wp52\\\/a-fost-o-perioada-cand-moldova-a-stapanit-ucraina-si-asta-s-a-intamplat-in-timpul-tiranicului-domn-gheorghe-duca-voda\\\/#primaryimage\"},\"thumbnailUrl\":\"https:\\\/\\\/www.lovendal.ro\\\/wp52\\\/wp-content\\\/uploads\\\/2013\\\/03\\\/gheorghe_duca-Voda.jpg\",\"keywords\":[\"boier\",\"buzdugan\",\"domnitor\",\"Gheorghe Duca Vod\u0103\",\"Imperiul Otoman\",\"Istorie si Civilizatii\",\"Mehmet al IV-lea\",\"Moldova\",\"N.A. Bogdan\",\"Nipru\",\"Nistru\",\"postelnic\",\"Sturdza\",\"sultan\",\"Ucraina\",\"vistiernic\"],\"articleSection\":[\"Istorie si Civilizatii\"],\"inLanguage\":\"ro-RO\",\"potentialAction\":[{\"@type\":\"CommentAction\",\"name\":\"Comment\",\"target\":[\"https:\\\/\\\/www.lovendal.ro\\\/wp52\\\/a-fost-o-perioada-cand-moldova-a-stapanit-ucraina-si-asta-s-a-intamplat-in-timpul-tiranicului-domn-gheorghe-duca-voda\\\/#respond\"]}]},{\"@type\":\"WebPage\",\"@id\":\"https:\\\/\\\/www.lovendal.ro\\\/wp52\\\/a-fost-o-perioada-cand-moldova-a-stapanit-ucraina-si-asta-s-a-intamplat-in-timpul-tiranicului-domn-gheorghe-duca-voda\\\/\",\"url\":\"https:\\\/\\\/www.lovendal.ro\\\/wp52\\\/a-fost-o-perioada-cand-moldova-a-stapanit-ucraina-si-asta-s-a-intamplat-in-timpul-tiranicului-domn-gheorghe-duca-voda\\\/\",\"name\":\"A fost o perioad\u0103 c\u00e2nd Moldova a st\u0103p\u00e2nit Ucraina! \u015ei asta s-a \u00eent\u00e2mplat \u00een timpul tiranicului domn Gheorghe Duca Vod\u0103... - Secretele lui Lovendal\",\"isPartOf\":{\"@id\":\"https:\\\/\\\/www.lovendal.ro\\\/wp52\\\/#website\"},\"primaryImageOfPage\":{\"@id\":\"https:\\\/\\\/www.lovendal.ro\\\/wp52\\\/a-fost-o-perioada-cand-moldova-a-stapanit-ucraina-si-asta-s-a-intamplat-in-timpul-tiranicului-domn-gheorghe-duca-voda\\\/#primaryimage\"},\"image\":{\"@id\":\"https:\\\/\\\/www.lovendal.ro\\\/wp52\\\/a-fost-o-perioada-cand-moldova-a-stapanit-ucraina-si-asta-s-a-intamplat-in-timpul-tiranicului-domn-gheorghe-duca-voda\\\/#primaryimage\"},\"thumbnailUrl\":\"https:\\\/\\\/www.lovendal.ro\\\/wp52\\\/wp-content\\\/uploads\\\/2013\\\/03\\\/gheorghe_duca-Voda.jpg\",\"datePublished\":\"2013-03-16T16:00:35+00:00\",\"breadcrumb\":{\"@id\":\"https:\\\/\\\/www.lovendal.ro\\\/wp52\\\/a-fost-o-perioada-cand-moldova-a-stapanit-ucraina-si-asta-s-a-intamplat-in-timpul-tiranicului-domn-gheorghe-duca-voda\\\/#breadcrumb\"},\"inLanguage\":\"ro-RO\",\"potentialAction\":[{\"@type\":\"ReadAction\",\"target\":[\"https:\\\/\\\/www.lovendal.ro\\\/wp52\\\/a-fost-o-perioada-cand-moldova-a-stapanit-ucraina-si-asta-s-a-intamplat-in-timpul-tiranicului-domn-gheorghe-duca-voda\\\/\"]}]},{\"@type\":\"ImageObject\",\"inLanguage\":\"ro-RO\",\"@id\":\"https:\\\/\\\/www.lovendal.ro\\\/wp52\\\/a-fost-o-perioada-cand-moldova-a-stapanit-ucraina-si-asta-s-a-intamplat-in-timpul-tiranicului-domn-gheorghe-duca-voda\\\/#primaryimage\",\"url\":\"https:\\\/\\\/www.lovendal.ro\\\/wp52\\\/wp-content\\\/uploads\\\/2013\\\/03\\\/gheorghe_duca-Voda.jpg\",\"contentUrl\":\"https:\\\/\\\/www.lovendal.ro\\\/wp52\\\/wp-content\\\/uploads\\\/2013\\\/03\\\/gheorghe_duca-Voda.jpg\",\"width\":\"283\",\"height\":\"316\"},{\"@type\":\"BreadcrumbList\",\"@id\":\"https:\\\/\\\/www.lovendal.ro\\\/wp52\\\/a-fost-o-perioada-cand-moldova-a-stapanit-ucraina-si-asta-s-a-intamplat-in-timpul-tiranicului-domn-gheorghe-duca-voda\\\/#breadcrumb\",\"itemListElement\":[{\"@type\":\"ListItem\",\"position\":1,\"name\":\"Home\",\"item\":\"https:\\\/\\\/www.lovendal.ro\\\/wp52\\\/\"},{\"@type\":\"ListItem\",\"position\":2,\"name\":\"A fost o perioad\u0103 c\u00e2nd Moldova a st\u0103p\u00e2nit Ucraina! \u015ei asta s-a \u00eent\u00e2mplat \u00een timpul tiranicului domn Gheorghe Duca Vod\u0103&#8230;\"}]},{\"@type\":\"WebSite\",\"@id\":\"https:\\\/\\\/www.lovendal.ro\\\/wp52\\\/#website\",\"url\":\"https:\\\/\\\/www.lovendal.ro\\\/wp52\\\/\",\"name\":\"Secretele lui Lovendal\",\"description\":\"Site de secrete, stiinta si metafizica - din 2008 -\",\"publisher\":{\"@id\":\"https:\\\/\\\/www.lovendal.ro\\\/wp52\\\/#organization\"},\"potentialAction\":[{\"@type\":\"SearchAction\",\"target\":{\"@type\":\"EntryPoint\",\"urlTemplate\":\"https:\\\/\\\/www.lovendal.ro\\\/wp52\\\/?s={search_term_string}\"},\"query-input\":{\"@type\":\"PropertyValueSpecification\",\"valueRequired\":true,\"valueName\":\"search_term_string\"}}],\"inLanguage\":\"ro-RO\"},{\"@type\":\"Organization\",\"@id\":\"https:\\\/\\\/www.lovendal.ro\\\/wp52\\\/#organization\",\"name\":\"Secretele lui Lovendal\",\"url\":\"https:\\\/\\\/www.lovendal.ro\\\/wp52\\\/\",\"logo\":{\"@type\":\"ImageObject\",\"inLanguage\":\"ro-RO\",\"@id\":\"https:\\\/\\\/www.lovendal.ro\\\/wp52\\\/#\\\/schema\\\/logo\\\/image\\\/\",\"url\":\"https:\\\/\\\/www.lovendal.ro\\\/wp52\\\/wp-content\\\/uploads\\\/2024\\\/06\\\/cropped-SLL-iun-2024-1.jpg\",\"contentUrl\":\"https:\\\/\\\/www.lovendal.ro\\\/wp52\\\/wp-content\\\/uploads\\\/2024\\\/06\\\/cropped-SLL-iun-2024-1.jpg\",\"width\":771,\"height\":240,\"caption\":\"Secretele lui Lovendal\"},\"image\":{\"@id\":\"https:\\\/\\\/www.lovendal.ro\\\/wp52\\\/#\\\/schema\\\/logo\\\/image\\\/\"},\"sameAs\":[\"https:\\\/\\\/www.facebook.com\\\/secreteleluilovendal\"]},{\"@type\":\"Person\",\"@id\":\"https:\\\/\\\/www.lovendal.ro\\\/wp52\\\/#\\\/schema\\\/person\\\/088691de5dfc346bb0c023e1e52ef5d9\",\"name\":\"admin\",\"image\":{\"@type\":\"ImageObject\",\"inLanguage\":\"ro-RO\",\"@id\":\"https:\\\/\\\/secure.gravatar.com\\\/avatar\\\/ecb9cd41f5f63c9c9b989999a59f6e2639a865ec361e9db054db0679a8f341c2?s=96&d=mm&r=g\",\"url\":\"https:\\\/\\\/secure.gravatar.com\\\/avatar\\\/ecb9cd41f5f63c9c9b989999a59f6e2639a865ec361e9db054db0679a8f341c2?s=96&d=mm&r=g\",\"contentUrl\":\"https:\\\/\\\/secure.gravatar.com\\\/avatar\\\/ecb9cd41f5f63c9c9b989999a59f6e2639a865ec361e9db054db0679a8f341c2?s=96&d=mm&r=g\",\"caption\":\"admin\"},\"sameAs\":[\"https:\\\/\\\/www.lovendal.ro\\\/wp52\"]}]}<\/script>\n<!-- \/ Yoast SEO Premium plugin. -->","yoast_head_json":{"title":"A fost o perioad\u0103 c\u00e2nd Moldova a st\u0103p\u00e2nit Ucraina! \u015ei asta s-a \u00eent\u00e2mplat \u00een timpul tiranicului domn Gheorghe Duca Vod\u0103... - Secretele lui Lovendal","robots":{"index":"index","follow":"follow","max-snippet":"max-snippet:-1","max-image-preview":"max-image-preview:large","max-video-preview":"max-video-preview:-1"},"canonical":"https:\/\/www.lovendal.ro\/wp52\/a-fost-o-perioada-cand-moldova-a-stapanit-ucraina-si-asta-s-a-intamplat-in-timpul-tiranicului-domn-gheorghe-duca-voda\/","og_locale":"ro_RO","og_type":"article","og_title":"A fost o perioad\u0103 c\u00e2nd Moldova a st\u0103p\u00e2nit Ucraina! \u015ei asta s-a \u00eent\u00e2mplat \u00een timpul tiranicului domn Gheorghe Duca Vod\u0103...","og_description":"\u015etia\u0163i c\u0103 pe vremuri, \u0163inutul Moldovei (care cuprindea regiunea Moldovei a Rom\u00e2niei \u015fi Republica Moldova de azi) a \u00eencorporat \u015fi \u0163inutul imens al Ucrainei, dintre Nistru \u015fi Nipru? Citez din excep\u0163ionala monografie a lui N.A. Bogdan, &#8222;Ora\u015ful Ia\u015fi&#8221;. Autorul se ... Cititi mai multe","og_url":"https:\/\/www.lovendal.ro\/wp52\/a-fost-o-perioada-cand-moldova-a-stapanit-ucraina-si-asta-s-a-intamplat-in-timpul-tiranicului-domn-gheorghe-duca-voda\/","og_site_name":"Secretele lui Lovendal","article_publisher":"https:\/\/www.facebook.com\/secreteleluilovendal","article_published_time":"2013-03-16T16:00:35+00:00","og_image":[{"width":283,"height":316,"url":"https:\/\/www.lovendal.ro\/wp52\/wp-content\/uploads\/2013\/03\/gheorghe_duca-Voda.jpg","type":"image\/jpeg"}],"author":"admin","twitter_card":"summary_large_image","twitter_misc":{"Scris de":"admin","Timp estimat pentru citire":"4 minute"},"schema":{"@context":"https:\/\/schema.org","@graph":[{"@type":"Article","@id":"https:\/\/www.lovendal.ro\/wp52\/a-fost-o-perioada-cand-moldova-a-stapanit-ucraina-si-asta-s-a-intamplat-in-timpul-tiranicului-domn-gheorghe-duca-voda\/#article","isPartOf":{"@id":"https:\/\/www.lovendal.ro\/wp52\/a-fost-o-perioada-cand-moldova-a-stapanit-ucraina-si-asta-s-a-intamplat-in-timpul-tiranicului-domn-gheorghe-duca-voda\/"},"author":{"name":"admin","@id":"https:\/\/www.lovendal.ro\/wp52\/#\/schema\/person\/088691de5dfc346bb0c023e1e52ef5d9"},"headline":"A fost o perioad\u0103 c\u00e2nd Moldova a st\u0103p\u00e2nit Ucraina! \u015ei asta s-a \u00eent\u00e2mplat \u00een timpul tiranicului domn Gheorghe Duca Vod\u0103&#8230;","datePublished":"2013-03-16T16:00:35+00:00","mainEntityOfPage":{"@id":"https:\/\/www.lovendal.ro\/wp52\/a-fost-o-perioada-cand-moldova-a-stapanit-ucraina-si-asta-s-a-intamplat-in-timpul-tiranicului-domn-gheorghe-duca-voda\/"},"wordCount":739,"commentCount":10,"publisher":{"@id":"https:\/\/www.lovendal.ro\/wp52\/#organization"},"image":{"@id":"https:\/\/www.lovendal.ro\/wp52\/a-fost-o-perioada-cand-moldova-a-stapanit-ucraina-si-asta-s-a-intamplat-in-timpul-tiranicului-domn-gheorghe-duca-voda\/#primaryimage"},"thumbnailUrl":"https:\/\/www.lovendal.ro\/wp52\/wp-content\/uploads\/2013\/03\/gheorghe_duca-Voda.jpg","keywords":["boier","buzdugan","domnitor","Gheorghe Duca Vod\u0103","Imperiul Otoman","Istorie si Civilizatii","Mehmet al IV-lea","Moldova","N.A. Bogdan","Nipru","Nistru","postelnic","Sturdza","sultan","Ucraina","vistiernic"],"articleSection":["Istorie si Civilizatii"],"inLanguage":"ro-RO","potentialAction":[{"@type":"CommentAction","name":"Comment","target":["https:\/\/www.lovendal.ro\/wp52\/a-fost-o-perioada-cand-moldova-a-stapanit-ucraina-si-asta-s-a-intamplat-in-timpul-tiranicului-domn-gheorghe-duca-voda\/#respond"]}]},{"@type":"WebPage","@id":"https:\/\/www.lovendal.ro\/wp52\/a-fost-o-perioada-cand-moldova-a-stapanit-ucraina-si-asta-s-a-intamplat-in-timpul-tiranicului-domn-gheorghe-duca-voda\/","url":"https:\/\/www.lovendal.ro\/wp52\/a-fost-o-perioada-cand-moldova-a-stapanit-ucraina-si-asta-s-a-intamplat-in-timpul-tiranicului-domn-gheorghe-duca-voda\/","name":"A fost o perioad\u0103 c\u00e2nd Moldova a st\u0103p\u00e2nit Ucraina! \u015ei asta s-a \u00eent\u00e2mplat \u00een timpul tiranicului domn Gheorghe Duca Vod\u0103... - Secretele lui Lovendal","isPartOf":{"@id":"https:\/\/www.lovendal.ro\/wp52\/#website"},"primaryImageOfPage":{"@id":"https:\/\/www.lovendal.ro\/wp52\/a-fost-o-perioada-cand-moldova-a-stapanit-ucraina-si-asta-s-a-intamplat-in-timpul-tiranicului-domn-gheorghe-duca-voda\/#primaryimage"},"image":{"@id":"https:\/\/www.lovendal.ro\/wp52\/a-fost-o-perioada-cand-moldova-a-stapanit-ucraina-si-asta-s-a-intamplat-in-timpul-tiranicului-domn-gheorghe-duca-voda\/#primaryimage"},"thumbnailUrl":"https:\/\/www.lovendal.ro\/wp52\/wp-content\/uploads\/2013\/03\/gheorghe_duca-Voda.jpg","datePublished":"2013-03-16T16:00:35+00:00","breadcrumb":{"@id":"https:\/\/www.lovendal.ro\/wp52\/a-fost-o-perioada-cand-moldova-a-stapanit-ucraina-si-asta-s-a-intamplat-in-timpul-tiranicului-domn-gheorghe-duca-voda\/#breadcrumb"},"inLanguage":"ro-RO","potentialAction":[{"@type":"ReadAction","target":["https:\/\/www.lovendal.ro\/wp52\/a-fost-o-perioada-cand-moldova-a-stapanit-ucraina-si-asta-s-a-intamplat-in-timpul-tiranicului-domn-gheorghe-duca-voda\/"]}]},{"@type":"ImageObject","inLanguage":"ro-RO","@id":"https:\/\/www.lovendal.ro\/wp52\/a-fost-o-perioada-cand-moldova-a-stapanit-ucraina-si-asta-s-a-intamplat-in-timpul-tiranicului-domn-gheorghe-duca-voda\/#primaryimage","url":"https:\/\/www.lovendal.ro\/wp52\/wp-content\/uploads\/2013\/03\/gheorghe_duca-Voda.jpg","contentUrl":"https:\/\/www.lovendal.ro\/wp52\/wp-content\/uploads\/2013\/03\/gheorghe_duca-Voda.jpg","width":"283","height":"316"},{"@type":"BreadcrumbList","@id":"https:\/\/www.lovendal.ro\/wp52\/a-fost-o-perioada-cand-moldova-a-stapanit-ucraina-si-asta-s-a-intamplat-in-timpul-tiranicului-domn-gheorghe-duca-voda\/#breadcrumb","itemListElement":[{"@type":"ListItem","position":1,"name":"Home","item":"https:\/\/www.lovendal.ro\/wp52\/"},{"@type":"ListItem","position":2,"name":"A fost o perioad\u0103 c\u00e2nd Moldova a st\u0103p\u00e2nit Ucraina! \u015ei asta s-a \u00eent\u00e2mplat \u00een timpul tiranicului domn Gheorghe Duca Vod\u0103&#8230;"}]},{"@type":"WebSite","@id":"https:\/\/www.lovendal.ro\/wp52\/#website","url":"https:\/\/www.lovendal.ro\/wp52\/","name":"Secretele lui Lovendal","description":"Site de secrete, stiinta si metafizica - din 2008 -","publisher":{"@id":"https:\/\/www.lovendal.ro\/wp52\/#organization"},"potentialAction":[{"@type":"SearchAction","target":{"@type":"EntryPoint","urlTemplate":"https:\/\/www.lovendal.ro\/wp52\/?s={search_term_string}"},"query-input":{"@type":"PropertyValueSpecification","valueRequired":true,"valueName":"search_term_string"}}],"inLanguage":"ro-RO"},{"@type":"Organization","@id":"https:\/\/www.lovendal.ro\/wp52\/#organization","name":"Secretele lui Lovendal","url":"https:\/\/www.lovendal.ro\/wp52\/","logo":{"@type":"ImageObject","inLanguage":"ro-RO","@id":"https:\/\/www.lovendal.ro\/wp52\/#\/schema\/logo\/image\/","url":"https:\/\/www.lovendal.ro\/wp52\/wp-content\/uploads\/2024\/06\/cropped-SLL-iun-2024-1.jpg","contentUrl":"https:\/\/www.lovendal.ro\/wp52\/wp-content\/uploads\/2024\/06\/cropped-SLL-iun-2024-1.jpg","width":771,"height":240,"caption":"Secretele lui Lovendal"},"image":{"@id":"https:\/\/www.lovendal.ro\/wp52\/#\/schema\/logo\/image\/"},"sameAs":["https:\/\/www.facebook.com\/secreteleluilovendal"]},{"@type":"Person","@id":"https:\/\/www.lovendal.ro\/wp52\/#\/schema\/person\/088691de5dfc346bb0c023e1e52ef5d9","name":"admin","image":{"@type":"ImageObject","inLanguage":"ro-RO","@id":"https:\/\/secure.gravatar.com\/avatar\/ecb9cd41f5f63c9c9b989999a59f6e2639a865ec361e9db054db0679a8f341c2?s=96&d=mm&r=g","url":"https:\/\/secure.gravatar.com\/avatar\/ecb9cd41f5f63c9c9b989999a59f6e2639a865ec361e9db054db0679a8f341c2?s=96&d=mm&r=g","contentUrl":"https:\/\/secure.gravatar.com\/avatar\/ecb9cd41f5f63c9c9b989999a59f6e2639a865ec361e9db054db0679a8f341c2?s=96&d=mm&r=g","caption":"admin"},"sameAs":["https:\/\/www.lovendal.ro\/wp52"]}]}},"_links":{"self":[{"href":"https:\/\/www.lovendal.ro\/wp52\/wp-json\/wp\/v2\/posts\/27171","targetHints":{"allow":["GET"]}}],"collection":[{"href":"https:\/\/www.lovendal.ro\/wp52\/wp-json\/wp\/v2\/posts"}],"about":[{"href":"https:\/\/www.lovendal.ro\/wp52\/wp-json\/wp\/v2\/types\/post"}],"author":[{"embeddable":true,"href":"https:\/\/www.lovendal.ro\/wp52\/wp-json\/wp\/v2\/users\/1"}],"replies":[{"embeddable":true,"href":"https:\/\/www.lovendal.ro\/wp52\/wp-json\/wp\/v2\/comments?post=27171"}],"version-history":[{"count":0,"href":"https:\/\/www.lovendal.ro\/wp52\/wp-json\/wp\/v2\/posts\/27171\/revisions"}],"wp:featuredmedia":[{"embeddable":true,"href":"https:\/\/www.lovendal.ro\/wp52\/wp-json\/wp\/v2\/media\/27172"}],"wp:attachment":[{"href":"https:\/\/www.lovendal.ro\/wp52\/wp-json\/wp\/v2\/media?parent=27171"}],"wp:term":[{"taxonomy":"category","embeddable":true,"href":"https:\/\/www.lovendal.ro\/wp52\/wp-json\/wp\/v2\/categories?post=27171"},{"taxonomy":"post_tag","embeddable":true,"href":"https:\/\/www.lovendal.ro\/wp52\/wp-json\/wp\/v2\/tags?post=27171"}],"curies":[{"name":"wp","href":"https:\/\/api.w.org\/{rel}","templated":true}]}}