{"id":27047,"date":"2013-03-07T19:42:28","date_gmt":"2013-03-07T17:42:28","guid":{"rendered":"http:\/\/www.lovendal.net\/wp52\/?p=27047"},"modified":"2013-03-07T19:42:28","modified_gmt":"2013-03-07T17:42:28","slug":"astronautul-de-pe-o-catedrala-spaniola-veche-de-900-de-ani-calator-in-timp-sau-extraterestru","status":"publish","type":"post","link":"https:\/\/www.lovendal.ro\/wp52\/astronautul-de-pe-o-catedrala-spaniola-veche-de-900-de-ani-calator-in-timp-sau-extraterestru\/","title":{"rendered":"Astronautul de pe o catedral\u0103 spaniol\u0103 veche de 900 de ani! C\u0103l\u0103tor \u00een timp sau extraterestru?"},"content":{"rendered":"<p><a href=\"https:\/\/www.lovendal.ro\/wp52\/wp-content\/uploads\/2013\/03\/astronaut-Catedrala-5.jpg\"><img loading=\"lazy\" decoding=\"async\" class=\"alignleft size-full wp-image-27050\" title=\"astronaut Catedrala 5\" src=\"https:\/\/www.lovendal.ro\/wp52\/wp-content\/uploads\/2013\/03\/astronaut-Catedrala-5.jpg\" alt=\"\" width=\"304\" height=\"206\" srcset=\"https:\/\/www.lovendal.ro\/wp52\/wp-content\/uploads\/2013\/03\/astronaut-Catedrala-5.jpg 304w, https:\/\/www.lovendal.ro\/wp52\/wp-content\/uploads\/2013\/03\/astronaut-Catedrala-5-300x203.jpg 300w\" sizes=\"auto, (max-width: 304px) 100vw, 304px\" \/><\/a>\u00cen anul 1102, episcopul de Salamanca a construit o catedral\u0103 minunat\u0103 pe meleagurile Spaniei, catedral\u0103 ce poart\u0103 numele de catedrala Ieronimus. Ea a devenit celebr\u0103, mai ales pe Internet, \u00eentruc\u00e2t se pare c\u0103 pe unul din pere\u0163ii s\u0103i exteriori ar fi desenat&#8230;un astronaut! Ia \u015fi privi\u0163i imaginea din st\u00e2nga acestui articol. Un astronaut \u00een secolul al XII-lea!? Ce naiba&#8230;<\/p>\n<p>Unele site-uri (ca acesta: <a href=\"http:\/\/www.royal-courage.com\/astronaut-carving-ieronimus-cathedral-spain\" target=\"_blank\"><strong>www.royal-courage.com<\/strong><\/a>) s-au gr\u0103bit s\u0103 anun\u0163e rezolvarea enigmei. \u00cen anul 1992, catedrala Ieronimus a fost renovat\u0103 complet, ei ad\u0103ug\u00e2ndu-se c\u00e2teva motive moderne \u015fi contemporane. Adic\u0103, ori de c\u00e2te ori catedrala a fost restaurat\u0103, fiecare constructor a mai ad\u0103ugat c\u00e2te un motiv nou printre cele existente, ca semn al muncii lor. Restauratorul din 1992, Jeronimo Garcia, ar fi ad\u0103ugat imaginea unui astronaut, ca simbol al secolului XX. A\u015fadar, misterul a fost rezolvat!<\/p>\n<p>Ba nu&#8230; Unii localnici au respins aceast\u0103 teorie, sus\u0163in\u00e2nd c\u0103 \u015ftiu de la bunicii \u015fi str\u0103bunicii lor c\u0103 <em>&#8222;hombre de las estrellas&#8221;<\/em> (<em>&#8222;omul stelelor&#8221; <\/em>cum numesc ei acest astronaut) ar fi existat de zeci de genera\u0163ii acolo pe catedral\u0103, nefiind ad\u0103ugat \u00een anul 1992. \u00cen plus, mai apare o fotografie f\u0103cut\u0103 catedralei \u00eenainte de 1992 (anul restaur\u0103rii), \u00een care se poate vedea tot un astronaut, diferit de cel actual. Dar, dac\u0103 privim cu aten\u0163ie detaliile din jur, ele se aseam\u0103n\u0103 mult cu cele actuale. A\u015fadar, prin restaurarea din 1992 s-a \u00eencercat inventarea unei pove\u015fti care s\u0103 mascheze existen\u0163a acestui astronaut din vechime? Dac\u0103 astronautul e sculptat de acum c\u00e2teva secole, ce era el? Un extraterestru? Un om din viitor care a f\u0103cut o c\u0103l\u0103torie \u00een trecut? Iat\u0103 \u00eentreb\u0103ri la care greu se poate g\u0103si un r\u0103spuns concret&#8230;<\/p>\n<p><a href=\"https:\/\/www.lovendal.ro\/wp52\/wp-content\/uploads\/2013\/03\/astronaut-pe-catedrala-2.jpg\"><img loading=\"lazy\" decoding=\"async\" class=\"aligncenter size-full wp-image-27048\" title=\"astronaut pe catedrala 2\" src=\"https:\/\/www.lovendal.ro\/wp52\/wp-content\/uploads\/2013\/03\/astronaut-pe-catedrala-2.jpg\" alt=\"\" width=\"542\" height=\"336\" srcset=\"https:\/\/www.lovendal.ro\/wp52\/wp-content\/uploads\/2013\/03\/astronaut-pe-catedrala-2.jpg 542w, https:\/\/www.lovendal.ro\/wp52\/wp-content\/uploads\/2013\/03\/astronaut-pe-catedrala-2-300x185.jpg 300w\" sizes=\"auto, (max-width: 542px) 100vw, 542px\" \/><\/a><\/p>\n<p><object classid=\"clsid:d27cdb6e-ae6d-11cf-96b8-444553540000\" width=\"540\" height=\"305\" codebase=\"http:\/\/download.macromedia.com\/pub\/shockwave\/cabs\/flash\/swflash.cab#version=6,0,40,0\"><param name=\"allowFullScreen\" value=\"true\" \/><param name=\"allowscriptaccess\" value=\"always\" \/><param name=\"src\" value=\"http:\/\/www.youtube.com\/v\/O4N8URW0eZA?version=3&amp;hl=ro_RO\" \/><param name=\"allowfullscreen\" value=\"true\" \/><embed type=\"application\/x-shockwave-flash\" width=\"540\" height=\"305\" src=\"http:\/\/www.youtube.com\/v\/O4N8URW0eZA?version=3&amp;hl=ro_RO\" allowscriptaccess=\"always\" allowfullscreen=\"true\"><\/embed><\/object><\/p>\n","protected":false},"excerpt":{"rendered":"<p>\u00cen anul 1102, episcopul de Salamanca a construit o catedral\u0103 minunat\u0103 pe meleagurile Spaniei, catedral\u0103 ce poart\u0103 numele de catedrala Ieronimus. Ea a devenit celebr\u0103, mai ales pe Internet, \u00eentruc\u00e2t se pare c\u0103 pe unul din pere\u0163ii s\u0103i exteriori ar &#8230; <\/p>\n<p class=\"read-more-container\"><a title=\"Astronautul de pe o catedral\u0103 spaniol\u0103 veche de 900 de ani! C\u0103l\u0103tor \u00een timp sau extraterestru?\" class=\"read-more button\" href=\"https:\/\/www.lovendal.ro\/wp52\/astronautul-de-pe-o-catedrala-spaniola-veche-de-900-de-ani-calator-in-timp-sau-extraterestru\/#more-27047\" aria-label=\"Cite\u0219te mai multe despre Astronautul de pe o catedral\u0103 spaniol\u0103 veche de 900 de ani! C\u0103l\u0103tor \u00een timp sau extraterestru?\">Cititi mai multe<\/a><\/p>\n","protected":false},"author":1,"featured_media":27048,"comment_status":"open","ping_status":"closed","sticky":false,"template":"","format":"standard","meta":{"footnotes":""},"categories":[14],"tags":[3058,928,5065,2112,1495,9796,6143,318],"class_list":["post-27047","post","type-post","status-publish","format-standard","has-post-thumbnail","hentry","category-paranormal-spiritualitate","tag-astronaut","tag-calatoria-in-timp","tag-catedrala","tag-episcop","tag-extraterestru","tag-paranormal-spiritualitate","tag-salamanca","tag-spania","resize-featured-image"],"yoast_head":"<!-- This site is optimized with the Yoast SEO Premium plugin v23.3 (Yoast SEO v27.4) - https:\/\/yoast.com\/product\/yoast-seo-premium-wordpress\/ -->\n<title>Astronautul de pe o catedral\u0103 spaniol\u0103 veche de 900 de ani! C\u0103l\u0103tor \u00een timp sau extraterestru? - Secretele lui Lovendal<\/title>\n<meta name=\"robots\" content=\"index, follow, max-snippet:-1, max-image-preview:large, max-video-preview:-1\" \/>\n<link rel=\"canonical\" href=\"https:\/\/www.lovendal.ro\/wp52\/astronautul-de-pe-o-catedrala-spaniola-veche-de-900-de-ani-calator-in-timp-sau-extraterestru\/\" \/>\n<meta property=\"og:locale\" content=\"ro_RO\" \/>\n<meta property=\"og:type\" content=\"article\" \/>\n<meta property=\"og:title\" content=\"Astronautul de pe o catedral\u0103 spaniol\u0103 veche de 900 de ani! C\u0103l\u0103tor \u00een timp sau extraterestru?\" \/>\n<meta property=\"og:description\" content=\"\u00cen anul 1102, episcopul de Salamanca a construit o catedral\u0103 minunat\u0103 pe meleagurile Spaniei, catedral\u0103 ce poart\u0103 numele de catedrala Ieronimus. Ea a devenit celebr\u0103, mai ales pe Internet, \u00eentruc\u00e2t se pare c\u0103 pe unul din pere\u0163ii s\u0103i exteriori ar ... Cititi mai multe\" \/>\n<meta property=\"og:url\" content=\"https:\/\/www.lovendal.ro\/wp52\/astronautul-de-pe-o-catedrala-spaniola-veche-de-900-de-ani-calator-in-timp-sau-extraterestru\/\" \/>\n<meta property=\"og:site_name\" content=\"Secretele lui Lovendal\" \/>\n<meta property=\"article:publisher\" content=\"https:\/\/www.facebook.com\/secreteleluilovendal\" \/>\n<meta property=\"article:published_time\" content=\"2013-03-07T17:42:28+00:00\" \/>\n<meta property=\"og:image\" content=\"https:\/\/www.lovendal.ro\/wp52\/wp-content\/uploads\/2013\/03\/astronaut-pe-catedrala-2.jpg\" \/>\n\t<meta property=\"og:image:width\" content=\"542\" \/>\n\t<meta property=\"og:image:height\" content=\"336\" \/>\n\t<meta property=\"og:image:type\" content=\"image\/jpeg\" \/>\n<meta name=\"author\" content=\"admin\" \/>\n<meta name=\"twitter:card\" content=\"summary_large_image\" \/>\n<meta name=\"twitter:label1\" content=\"Scris de\" \/>\n\t<meta name=\"twitter:data1\" content=\"admin\" \/>\n\t<meta name=\"twitter:label2\" content=\"Timp estimat pentru citire\" \/>\n\t<meta name=\"twitter:data2\" content=\"2 minute\" \/>\n<script type=\"application\/ld+json\" class=\"yoast-schema-graph\">{\"@context\":\"https:\\\/\\\/schema.org\",\"@graph\":[{\"@type\":\"Article\",\"@id\":\"https:\\\/\\\/www.lovendal.ro\\\/wp52\\\/astronautul-de-pe-o-catedrala-spaniola-veche-de-900-de-ani-calator-in-timp-sau-extraterestru\\\/#article\",\"isPartOf\":{\"@id\":\"https:\\\/\\\/www.lovendal.ro\\\/wp52\\\/astronautul-de-pe-o-catedrala-spaniola-veche-de-900-de-ani-calator-in-timp-sau-extraterestru\\\/\"},\"author\":{\"name\":\"admin\",\"@id\":\"https:\\\/\\\/www.lovendal.ro\\\/wp52\\\/#\\\/schema\\\/person\\\/088691de5dfc346bb0c023e1e52ef5d9\"},\"headline\":\"Astronautul de pe o catedral\u0103 spaniol\u0103 veche de 900 de ani! C\u0103l\u0103tor \u00een timp sau extraterestru?\",\"datePublished\":\"2013-03-07T17:42:28+00:00\",\"mainEntityOfPage\":{\"@id\":\"https:\\\/\\\/www.lovendal.ro\\\/wp52\\\/astronautul-de-pe-o-catedrala-spaniola-veche-de-900-de-ani-calator-in-timp-sau-extraterestru\\\/\"},\"wordCount\":318,\"commentCount\":18,\"publisher\":{\"@id\":\"https:\\\/\\\/www.lovendal.ro\\\/wp52\\\/#organization\"},\"image\":{\"@id\":\"https:\\\/\\\/www.lovendal.ro\\\/wp52\\\/astronautul-de-pe-o-catedrala-spaniola-veche-de-900-de-ani-calator-in-timp-sau-extraterestru\\\/#primaryimage\"},\"thumbnailUrl\":\"https:\\\/\\\/www.lovendal.ro\\\/wp52\\\/wp-content\\\/uploads\\\/2013\\\/03\\\/astronaut-pe-catedrala-2.jpg\",\"keywords\":[\"astronaut\",\"c\u0103l\u0103toria \u00een timp\",\"catedral\u0103\",\"episcop\",\"extraterestru\",\"Paranormal-Spiritualitate\",\"Salamanca\",\"Spania\"],\"articleSection\":[\"Paranormal-Spiritualitate\"],\"inLanguage\":\"ro-RO\",\"potentialAction\":[{\"@type\":\"CommentAction\",\"name\":\"Comment\",\"target\":[\"https:\\\/\\\/www.lovendal.ro\\\/wp52\\\/astronautul-de-pe-o-catedrala-spaniola-veche-de-900-de-ani-calator-in-timp-sau-extraterestru\\\/#respond\"]}]},{\"@type\":\"WebPage\",\"@id\":\"https:\\\/\\\/www.lovendal.ro\\\/wp52\\\/astronautul-de-pe-o-catedrala-spaniola-veche-de-900-de-ani-calator-in-timp-sau-extraterestru\\\/\",\"url\":\"https:\\\/\\\/www.lovendal.ro\\\/wp52\\\/astronautul-de-pe-o-catedrala-spaniola-veche-de-900-de-ani-calator-in-timp-sau-extraterestru\\\/\",\"name\":\"Astronautul de pe o catedral\u0103 spaniol\u0103 veche de 900 de ani! C\u0103l\u0103tor \u00een timp sau extraterestru? - Secretele lui Lovendal\",\"isPartOf\":{\"@id\":\"https:\\\/\\\/www.lovendal.ro\\\/wp52\\\/#website\"},\"primaryImageOfPage\":{\"@id\":\"https:\\\/\\\/www.lovendal.ro\\\/wp52\\\/astronautul-de-pe-o-catedrala-spaniola-veche-de-900-de-ani-calator-in-timp-sau-extraterestru\\\/#primaryimage\"},\"image\":{\"@id\":\"https:\\\/\\\/www.lovendal.ro\\\/wp52\\\/astronautul-de-pe-o-catedrala-spaniola-veche-de-900-de-ani-calator-in-timp-sau-extraterestru\\\/#primaryimage\"},\"thumbnailUrl\":\"https:\\\/\\\/www.lovendal.ro\\\/wp52\\\/wp-content\\\/uploads\\\/2013\\\/03\\\/astronaut-pe-catedrala-2.jpg\",\"datePublished\":\"2013-03-07T17:42:28+00:00\",\"breadcrumb\":{\"@id\":\"https:\\\/\\\/www.lovendal.ro\\\/wp52\\\/astronautul-de-pe-o-catedrala-spaniola-veche-de-900-de-ani-calator-in-timp-sau-extraterestru\\\/#breadcrumb\"},\"inLanguage\":\"ro-RO\",\"potentialAction\":[{\"@type\":\"ReadAction\",\"target\":[\"https:\\\/\\\/www.lovendal.ro\\\/wp52\\\/astronautul-de-pe-o-catedrala-spaniola-veche-de-900-de-ani-calator-in-timp-sau-extraterestru\\\/\"]}]},{\"@type\":\"ImageObject\",\"inLanguage\":\"ro-RO\",\"@id\":\"https:\\\/\\\/www.lovendal.ro\\\/wp52\\\/astronautul-de-pe-o-catedrala-spaniola-veche-de-900-de-ani-calator-in-timp-sau-extraterestru\\\/#primaryimage\",\"url\":\"https:\\\/\\\/www.lovendal.ro\\\/wp52\\\/wp-content\\\/uploads\\\/2013\\\/03\\\/astronaut-pe-catedrala-2.jpg\",\"contentUrl\":\"https:\\\/\\\/www.lovendal.ro\\\/wp52\\\/wp-content\\\/uploads\\\/2013\\\/03\\\/astronaut-pe-catedrala-2.jpg\",\"width\":\"542\",\"height\":\"336\"},{\"@type\":\"BreadcrumbList\",\"@id\":\"https:\\\/\\\/www.lovendal.ro\\\/wp52\\\/astronautul-de-pe-o-catedrala-spaniola-veche-de-900-de-ani-calator-in-timp-sau-extraterestru\\\/#breadcrumb\",\"itemListElement\":[{\"@type\":\"ListItem\",\"position\":1,\"name\":\"Home\",\"item\":\"https:\\\/\\\/www.lovendal.ro\\\/wp52\\\/\"},{\"@type\":\"ListItem\",\"position\":2,\"name\":\"Astronautul de pe o catedral\u0103 spaniol\u0103 veche de 900 de ani! C\u0103l\u0103tor \u00een timp sau extraterestru?\"}]},{\"@type\":\"WebSite\",\"@id\":\"https:\\\/\\\/www.lovendal.ro\\\/wp52\\\/#website\",\"url\":\"https:\\\/\\\/www.lovendal.ro\\\/wp52\\\/\",\"name\":\"Secretele lui Lovendal\",\"description\":\"Site de secrete, stiinta si metafizica - din 2008 -\",\"publisher\":{\"@id\":\"https:\\\/\\\/www.lovendal.ro\\\/wp52\\\/#organization\"},\"potentialAction\":[{\"@type\":\"SearchAction\",\"target\":{\"@type\":\"EntryPoint\",\"urlTemplate\":\"https:\\\/\\\/www.lovendal.ro\\\/wp52\\\/?s={search_term_string}\"},\"query-input\":{\"@type\":\"PropertyValueSpecification\",\"valueRequired\":true,\"valueName\":\"search_term_string\"}}],\"inLanguage\":\"ro-RO\"},{\"@type\":\"Organization\",\"@id\":\"https:\\\/\\\/www.lovendal.ro\\\/wp52\\\/#organization\",\"name\":\"Secretele lui Lovendal\",\"url\":\"https:\\\/\\\/www.lovendal.ro\\\/wp52\\\/\",\"logo\":{\"@type\":\"ImageObject\",\"inLanguage\":\"ro-RO\",\"@id\":\"https:\\\/\\\/www.lovendal.ro\\\/wp52\\\/#\\\/schema\\\/logo\\\/image\\\/\",\"url\":\"https:\\\/\\\/www.lovendal.ro\\\/wp52\\\/wp-content\\\/uploads\\\/2024\\\/06\\\/cropped-SLL-iun-2024-1.jpg\",\"contentUrl\":\"https:\\\/\\\/www.lovendal.ro\\\/wp52\\\/wp-content\\\/uploads\\\/2024\\\/06\\\/cropped-SLL-iun-2024-1.jpg\",\"width\":771,\"height\":240,\"caption\":\"Secretele lui Lovendal\"},\"image\":{\"@id\":\"https:\\\/\\\/www.lovendal.ro\\\/wp52\\\/#\\\/schema\\\/logo\\\/image\\\/\"},\"sameAs\":[\"https:\\\/\\\/www.facebook.com\\\/secreteleluilovendal\"]},{\"@type\":\"Person\",\"@id\":\"https:\\\/\\\/www.lovendal.ro\\\/wp52\\\/#\\\/schema\\\/person\\\/088691de5dfc346bb0c023e1e52ef5d9\",\"name\":\"admin\",\"image\":{\"@type\":\"ImageObject\",\"inLanguage\":\"ro-RO\",\"@id\":\"https:\\\/\\\/secure.gravatar.com\\\/avatar\\\/ecb9cd41f5f63c9c9b989999a59f6e2639a865ec361e9db054db0679a8f341c2?s=96&d=mm&r=g\",\"url\":\"https:\\\/\\\/secure.gravatar.com\\\/avatar\\\/ecb9cd41f5f63c9c9b989999a59f6e2639a865ec361e9db054db0679a8f341c2?s=96&d=mm&r=g\",\"contentUrl\":\"https:\\\/\\\/secure.gravatar.com\\\/avatar\\\/ecb9cd41f5f63c9c9b989999a59f6e2639a865ec361e9db054db0679a8f341c2?s=96&d=mm&r=g\",\"caption\":\"admin\"},\"sameAs\":[\"https:\\\/\\\/www.lovendal.ro\\\/wp52\"]}]}<\/script>\n<!-- \/ Yoast SEO Premium plugin. -->","yoast_head_json":{"title":"Astronautul de pe o catedral\u0103 spaniol\u0103 veche de 900 de ani! C\u0103l\u0103tor \u00een timp sau extraterestru? - Secretele lui Lovendal","robots":{"index":"index","follow":"follow","max-snippet":"max-snippet:-1","max-image-preview":"max-image-preview:large","max-video-preview":"max-video-preview:-1"},"canonical":"https:\/\/www.lovendal.ro\/wp52\/astronautul-de-pe-o-catedrala-spaniola-veche-de-900-de-ani-calator-in-timp-sau-extraterestru\/","og_locale":"ro_RO","og_type":"article","og_title":"Astronautul de pe o catedral\u0103 spaniol\u0103 veche de 900 de ani! C\u0103l\u0103tor \u00een timp sau extraterestru?","og_description":"\u00cen anul 1102, episcopul de Salamanca a construit o catedral\u0103 minunat\u0103 pe meleagurile Spaniei, catedral\u0103 ce poart\u0103 numele de catedrala Ieronimus. Ea a devenit celebr\u0103, mai ales pe Internet, \u00eentruc\u00e2t se pare c\u0103 pe unul din pere\u0163ii s\u0103i exteriori ar ... Cititi mai multe","og_url":"https:\/\/www.lovendal.ro\/wp52\/astronautul-de-pe-o-catedrala-spaniola-veche-de-900-de-ani-calator-in-timp-sau-extraterestru\/","og_site_name":"Secretele lui Lovendal","article_publisher":"https:\/\/www.facebook.com\/secreteleluilovendal","article_published_time":"2013-03-07T17:42:28+00:00","og_image":[{"width":542,"height":336,"url":"https:\/\/www.lovendal.ro\/wp52\/wp-content\/uploads\/2013\/03\/astronaut-pe-catedrala-2.jpg","type":"image\/jpeg"}],"author":"admin","twitter_card":"summary_large_image","twitter_misc":{"Scris de":"admin","Timp estimat pentru citire":"2 minute"},"schema":{"@context":"https:\/\/schema.org","@graph":[{"@type":"Article","@id":"https:\/\/www.lovendal.ro\/wp52\/astronautul-de-pe-o-catedrala-spaniola-veche-de-900-de-ani-calator-in-timp-sau-extraterestru\/#article","isPartOf":{"@id":"https:\/\/www.lovendal.ro\/wp52\/astronautul-de-pe-o-catedrala-spaniola-veche-de-900-de-ani-calator-in-timp-sau-extraterestru\/"},"author":{"name":"admin","@id":"https:\/\/www.lovendal.ro\/wp52\/#\/schema\/person\/088691de5dfc346bb0c023e1e52ef5d9"},"headline":"Astronautul de pe o catedral\u0103 spaniol\u0103 veche de 900 de ani! C\u0103l\u0103tor \u00een timp sau extraterestru?","datePublished":"2013-03-07T17:42:28+00:00","mainEntityOfPage":{"@id":"https:\/\/www.lovendal.ro\/wp52\/astronautul-de-pe-o-catedrala-spaniola-veche-de-900-de-ani-calator-in-timp-sau-extraterestru\/"},"wordCount":318,"commentCount":18,"publisher":{"@id":"https:\/\/www.lovendal.ro\/wp52\/#organization"},"image":{"@id":"https:\/\/www.lovendal.ro\/wp52\/astronautul-de-pe-o-catedrala-spaniola-veche-de-900-de-ani-calator-in-timp-sau-extraterestru\/#primaryimage"},"thumbnailUrl":"https:\/\/www.lovendal.ro\/wp52\/wp-content\/uploads\/2013\/03\/astronaut-pe-catedrala-2.jpg","keywords":["astronaut","c\u0103l\u0103toria \u00een timp","catedral\u0103","episcop","extraterestru","Paranormal-Spiritualitate","Salamanca","Spania"],"articleSection":["Paranormal-Spiritualitate"],"inLanguage":"ro-RO","potentialAction":[{"@type":"CommentAction","name":"Comment","target":["https:\/\/www.lovendal.ro\/wp52\/astronautul-de-pe-o-catedrala-spaniola-veche-de-900-de-ani-calator-in-timp-sau-extraterestru\/#respond"]}]},{"@type":"WebPage","@id":"https:\/\/www.lovendal.ro\/wp52\/astronautul-de-pe-o-catedrala-spaniola-veche-de-900-de-ani-calator-in-timp-sau-extraterestru\/","url":"https:\/\/www.lovendal.ro\/wp52\/astronautul-de-pe-o-catedrala-spaniola-veche-de-900-de-ani-calator-in-timp-sau-extraterestru\/","name":"Astronautul de pe o catedral\u0103 spaniol\u0103 veche de 900 de ani! C\u0103l\u0103tor \u00een timp sau extraterestru? - Secretele lui Lovendal","isPartOf":{"@id":"https:\/\/www.lovendal.ro\/wp52\/#website"},"primaryImageOfPage":{"@id":"https:\/\/www.lovendal.ro\/wp52\/astronautul-de-pe-o-catedrala-spaniola-veche-de-900-de-ani-calator-in-timp-sau-extraterestru\/#primaryimage"},"image":{"@id":"https:\/\/www.lovendal.ro\/wp52\/astronautul-de-pe-o-catedrala-spaniola-veche-de-900-de-ani-calator-in-timp-sau-extraterestru\/#primaryimage"},"thumbnailUrl":"https:\/\/www.lovendal.ro\/wp52\/wp-content\/uploads\/2013\/03\/astronaut-pe-catedrala-2.jpg","datePublished":"2013-03-07T17:42:28+00:00","breadcrumb":{"@id":"https:\/\/www.lovendal.ro\/wp52\/astronautul-de-pe-o-catedrala-spaniola-veche-de-900-de-ani-calator-in-timp-sau-extraterestru\/#breadcrumb"},"inLanguage":"ro-RO","potentialAction":[{"@type":"ReadAction","target":["https:\/\/www.lovendal.ro\/wp52\/astronautul-de-pe-o-catedrala-spaniola-veche-de-900-de-ani-calator-in-timp-sau-extraterestru\/"]}]},{"@type":"ImageObject","inLanguage":"ro-RO","@id":"https:\/\/www.lovendal.ro\/wp52\/astronautul-de-pe-o-catedrala-spaniola-veche-de-900-de-ani-calator-in-timp-sau-extraterestru\/#primaryimage","url":"https:\/\/www.lovendal.ro\/wp52\/wp-content\/uploads\/2013\/03\/astronaut-pe-catedrala-2.jpg","contentUrl":"https:\/\/www.lovendal.ro\/wp52\/wp-content\/uploads\/2013\/03\/astronaut-pe-catedrala-2.jpg","width":"542","height":"336"},{"@type":"BreadcrumbList","@id":"https:\/\/www.lovendal.ro\/wp52\/astronautul-de-pe-o-catedrala-spaniola-veche-de-900-de-ani-calator-in-timp-sau-extraterestru\/#breadcrumb","itemListElement":[{"@type":"ListItem","position":1,"name":"Home","item":"https:\/\/www.lovendal.ro\/wp52\/"},{"@type":"ListItem","position":2,"name":"Astronautul de pe o catedral\u0103 spaniol\u0103 veche de 900 de ani! C\u0103l\u0103tor \u00een timp sau extraterestru?"}]},{"@type":"WebSite","@id":"https:\/\/www.lovendal.ro\/wp52\/#website","url":"https:\/\/www.lovendal.ro\/wp52\/","name":"Secretele lui Lovendal","description":"Site de secrete, stiinta si metafizica - din 2008 -","publisher":{"@id":"https:\/\/www.lovendal.ro\/wp52\/#organization"},"potentialAction":[{"@type":"SearchAction","target":{"@type":"EntryPoint","urlTemplate":"https:\/\/www.lovendal.ro\/wp52\/?s={search_term_string}"},"query-input":{"@type":"PropertyValueSpecification","valueRequired":true,"valueName":"search_term_string"}}],"inLanguage":"ro-RO"},{"@type":"Organization","@id":"https:\/\/www.lovendal.ro\/wp52\/#organization","name":"Secretele lui Lovendal","url":"https:\/\/www.lovendal.ro\/wp52\/","logo":{"@type":"ImageObject","inLanguage":"ro-RO","@id":"https:\/\/www.lovendal.ro\/wp52\/#\/schema\/logo\/image\/","url":"https:\/\/www.lovendal.ro\/wp52\/wp-content\/uploads\/2024\/06\/cropped-SLL-iun-2024-1.jpg","contentUrl":"https:\/\/www.lovendal.ro\/wp52\/wp-content\/uploads\/2024\/06\/cropped-SLL-iun-2024-1.jpg","width":771,"height":240,"caption":"Secretele lui Lovendal"},"image":{"@id":"https:\/\/www.lovendal.ro\/wp52\/#\/schema\/logo\/image\/"},"sameAs":["https:\/\/www.facebook.com\/secreteleluilovendal"]},{"@type":"Person","@id":"https:\/\/www.lovendal.ro\/wp52\/#\/schema\/person\/088691de5dfc346bb0c023e1e52ef5d9","name":"admin","image":{"@type":"ImageObject","inLanguage":"ro-RO","@id":"https:\/\/secure.gravatar.com\/avatar\/ecb9cd41f5f63c9c9b989999a59f6e2639a865ec361e9db054db0679a8f341c2?s=96&d=mm&r=g","url":"https:\/\/secure.gravatar.com\/avatar\/ecb9cd41f5f63c9c9b989999a59f6e2639a865ec361e9db054db0679a8f341c2?s=96&d=mm&r=g","contentUrl":"https:\/\/secure.gravatar.com\/avatar\/ecb9cd41f5f63c9c9b989999a59f6e2639a865ec361e9db054db0679a8f341c2?s=96&d=mm&r=g","caption":"admin"},"sameAs":["https:\/\/www.lovendal.ro\/wp52"]}]}},"_links":{"self":[{"href":"https:\/\/www.lovendal.ro\/wp52\/wp-json\/wp\/v2\/posts\/27047","targetHints":{"allow":["GET"]}}],"collection":[{"href":"https:\/\/www.lovendal.ro\/wp52\/wp-json\/wp\/v2\/posts"}],"about":[{"href":"https:\/\/www.lovendal.ro\/wp52\/wp-json\/wp\/v2\/types\/post"}],"author":[{"embeddable":true,"href":"https:\/\/www.lovendal.ro\/wp52\/wp-json\/wp\/v2\/users\/1"}],"replies":[{"embeddable":true,"href":"https:\/\/www.lovendal.ro\/wp52\/wp-json\/wp\/v2\/comments?post=27047"}],"version-history":[{"count":0,"href":"https:\/\/www.lovendal.ro\/wp52\/wp-json\/wp\/v2\/posts\/27047\/revisions"}],"wp:featuredmedia":[{"embeddable":true,"href":"https:\/\/www.lovendal.ro\/wp52\/wp-json\/wp\/v2\/media\/27048"}],"wp:attachment":[{"href":"https:\/\/www.lovendal.ro\/wp52\/wp-json\/wp\/v2\/media?parent=27047"}],"wp:term":[{"taxonomy":"category","embeddable":true,"href":"https:\/\/www.lovendal.ro\/wp52\/wp-json\/wp\/v2\/categories?post=27047"},{"taxonomy":"post_tag","embeddable":true,"href":"https:\/\/www.lovendal.ro\/wp52\/wp-json\/wp\/v2\/tags?post=27047"}],"curies":[{"name":"wp","href":"https:\/\/api.w.org\/{rel}","templated":true}]}}