{"id":26549,"date":"2013-01-22T19:14:43","date_gmt":"2013-01-22T17:14:43","guid":{"rendered":"http:\/\/www.lovendal.net\/wp52\/?p=26549"},"modified":"2020-01-15T16:05:12","modified_gmt":"2020-01-15T14:05:12","slug":"de-ce-invatam-la-scoala-luceafarul-de-mihai-eminescu-o-oda-adresata-satanei-si-ocultismului","status":"publish","type":"post","link":"https:\/\/www.lovendal.ro\/wp52\/de-ce-invatam-la-scoala-luceafarul-de-mihai-eminescu-o-oda-adresata-satanei-si-ocultismului\/","title":{"rendered":"De ce \u00eenv\u0103\u0163\u0103m la \u015fcoal\u0103 &#8222;Luceaf\u0103rul&#8221; de Mihai Eminescu, o od\u0103 adresat\u0103 Satanei \u015fi ocultismului?"},"content":{"rendered":"<p><a href=\"https:\/\/www.lovendal.ro\/wp52\/wp-content\/uploads\/2013\/01\/Luceafarul-Eminescu.jpg\"><img loading=\"lazy\" decoding=\"async\" class=\"alignleft size-full wp-image-66033\" src=\"https:\/\/www.lovendal.ro\/wp52\/wp-content\/uploads\/2013\/01\/Luceafarul-Eminescu.jpg\" alt=\"\" width=\"342\" height=\"316\" srcset=\"https:\/\/www.lovendal.ro\/wp52\/wp-content\/uploads\/2013\/01\/Luceafarul-Eminescu.jpg 342w, https:\/\/www.lovendal.ro\/wp52\/wp-content\/uploads\/2013\/01\/Luceafarul-Eminescu-300x277.jpg 300w\" sizes=\"auto, (max-width: 342px) 100vw, 342px\" \/><\/a>&#8222;Luceaf\u0103rul&#8221;, poate cea mai celebr\u0103 poezie a lui Mihai Eminescu. Cine nu cunoa\u015fte versurile <em>&#8222;Cobori \u00een jos, luceaf\u0103r bl\u00e2nd \/ Alunec\u00e2nd pe-o raz\u0103, Patrunde-n codru si \u00een g\u00e2nd \/ \u015ei via\u0163a-mi lumineaz\u0103!&#8221;<\/em> Bun&#8230;acum to\u0163i \u015ftiu c\u0103 acest Luceaf\u0103r n-ar fi altcineva dec\u00e2t planeta Venus personificat\u0103. Dar totu\u015fi, \u00eenc\u0103 din vechime Venus a fost asociat cu Lucifer sau Satana.<\/p>\n<p>\u00centruc\u00e2t planeta Venus este o planet\u0103 inferioar\u0103, adic\u0103 orbita ei se afl\u0103 \u00eentre P\u0103m\u00e2nt \u015fi Soare, niciodat\u0103, c\u00e2nd este v\u0103zut de pe P\u0103m\u00e2nt, nu se poate ridica p\u00e2n\u0103 la mijlocul cerului noaptea. De\u015fi Venus este cel mai str\u0103lucitor obiect de pe cer (dup\u0103 Soare \u015fi Luna), el poate fi v\u0103zut doar la est diminea\u0163a, \u00eenainte de a r\u0103s\u0103ri Soarele \u015fi \u00een vest, dup\u0103 apusul Soarelui. Oamenii din vechime poate c\u0103 nu \u015ftiau at\u00e2t de mult\u0103 astronomie \u015fi nu \u00een\u0163elegeau de ce Venus-ul nu poate fi observat \u015fi \u00een miezul nop\u0163ii la fel ca \u015fi celelalte planete cunoscute, ca Marte, Jupiter sau Saturn; se spune c\u0103 unii au inventat mitul despre Lucifer care este alungat din paradis.<\/p>\n<p>Acum&#8230;revenind la marele Eminescu, putem s\u0103 ne \u00eentreb\u0103m: a scris genialul poet o capodoper\u0103 dedicat\u0103 Satanei, mascat\u0103 sub forma unui poem de dragoste? Atunci c\u00e2nd Eminescu a scompus aceast\u0103 poezie (1883), era la mod\u0103 noile idei occidentale New Age: c\u0103 Lucifer este \u015fi el fiul lui Dumnezeu, ca \u015fi Iisus \u015fi c\u0103 nu e nimic anormal \u00een a te \u00eenchina luminii lui Lucifer. Dar oare se referea Eminescu la Lucifer-Satana, atunci c\u00e2nd vorbea de Luceaf\u0103rul? C\u00e2teva versuri din poem ne \u00eendreapt\u0103 spre aceast\u0103 concluzie. De exemplu, atunci c\u00e2nd Luceaf\u0103rul se roag\u0103 pentru a deveni muritor \u015fi el ca oamenii: <em>&#8222;Reia-mi al nemuririi nimb, Si focul din privire&#8221;.<\/em>&#8222;Privire de foc&#8221;!? Lumin\u0103? Asemenea unui fulger? E una din caracteristicile diavolului, a\u015fa cum putem citi \u015fi Biblie, Luca 10:18: &#8222;<em>\u015ei le-a, zis: am v\u0103zut pe satana, ca un fulger c\u0103z\u00e2nd din cer&#8221;.<\/em><\/p>\n<p>\u00centr-un alt vers, Eminescu face referire clar\u0103 la re\u00eencarnare, una din noile concepte la mod\u0103 la sf\u00e2r\u015fitul secolului al XIX-lea, atunci c\u00e2nd are loc o rena\u015ftere puternic\u0103 a ocultismului: <em>&#8222;C\u0103ci to\u0163i se nasc spre a muri \/ \u015ei mor spre a se na\u015fte.&#8221;<\/em><\/p>\n<p>\u00cen general, ce s\u0103 \u00een\u0163elegem din &#8222;Luceaf\u0103rul&#8221;? C\u0103 o fat\u0103 se roag\u0103 Satanei s\u0103-i p\u0103trund\u0103 \u00een via\u0163\u0103 \u015fi \u00een g\u00e2nd!? Desigur, dragostea dintre o fat\u0103 \u015fi Satana nu e posibil pe t\u0103r\u00e2m fizic, dar pe t\u0103r\u00e2m sufletesc Satana, &#8222;travestit&#8221; \u00eentr-o stea str\u0103lucitoare \u015fi rece face orice s\u0103-i acapereze sufletul fetei. \u015ei nu, nu e o dragoste autentic\u0103 din partea Luceaf\u0103rului&#8230;el vrea doar s\u0103 acapareze. Oricum, Eminescu a reu\u015fit magistral s\u0103 transfigureze o adora\u0163ie pentru Satana \u00eentr-o nemuritoare \u015fi imposibil\u0103 poezie de dragoste. C\u0103 e doar Eminescu! Poate c\u0103 marele poet nu credea sincer \u00een ocultism, \u00eens\u0103 e posibil s\u0103 fi fost influen\u0163at de anumite idei din acele vremuri. Asta e p\u0103rerea mea&#8230; a\u015ftept, desigur, \u015fi pozi\u0163ia voastr\u0103.<em><br \/>\n<\/em><\/p>\n","protected":false},"excerpt":{"rendered":"<p>&#8222;Luceaf\u0103rul&#8221;, poate cea mai celebr\u0103 poezie a lui Mihai Eminescu. Cine nu cunoa\u015fte versurile &#8222;Cobori \u00een jos, luceaf\u0103r bl\u00e2nd \/ Alunec\u00e2nd pe-o raz\u0103, Patrunde-n codru si \u00een g\u00e2nd \/ \u015ei via\u0163a-mi lumineaz\u0103!&#8221; Bun&#8230;acum to\u0163i \u015ftiu c\u0103 acest Luceaf\u0103r n-ar fi &#8230; <\/p>\n<p class=\"read-more-container\"><a title=\"De ce \u00eenv\u0103\u0163\u0103m la \u015fcoal\u0103 &#8222;Luceaf\u0103rul&#8221; de Mihai Eminescu, o od\u0103 adresat\u0103 Satanei \u015fi ocultismului?\" class=\"read-more button\" href=\"https:\/\/www.lovendal.ro\/wp52\/de-ce-invatam-la-scoala-luceafarul-de-mihai-eminescu-o-oda-adresata-satanei-si-ocultismului\/#more-26549\" aria-label=\"Cite\u0219te mai multe despre De ce \u00eenv\u0103\u0163\u0103m la \u015fcoal\u0103 &#8222;Luceaf\u0103rul&#8221; de Mihai Eminescu, o od\u0103 adresat\u0103 Satanei \u015fi ocultismului?\">Cititi mai multe<\/a><\/p>\n","protected":false},"author":1,"featured_media":66033,"comment_status":"open","ping_status":"closed","sticky":false,"template":"","format":"standard","meta":{"footnotes":""},"categories":[28],"tags":[2978,60,9798,387,323,213,210,731,5977,2056,149,156,3282,2397,1141,1926,732,788,868,750,155,865,733,1029],"class_list":["post-26549","post","type-post","status-publish","format-standard","has-post-thumbnail","hentry","category-cultura","tag-apus-de-soare","tag-biblie","tag-cultura","tag-dragoste","tag-dumnezeu","tag-eminescu","tag-iisus-hristos","tag-jupiter","tag-luceafarul","tag-lucifer","tag-luna","tag-marte","tag-new-age","tag-noapte","tag-ocultism","tag-paradis","tag-planeta","tag-poezie","tag-reincarnare","tag-satana","tag-saturn","tag-soare","tag-stea","tag-venus","resize-featured-image"],"yoast_head":"<!-- This site is optimized with the Yoast SEO Premium plugin v23.3 (Yoast SEO v27.4) - https:\/\/yoast.com\/product\/yoast-seo-premium-wordpress\/ -->\n<title>De ce \u00eenv\u0103\u0163\u0103m la \u015fcoal\u0103 &quot;Luceaf\u0103rul&quot; de Mihai Eminescu, o od\u0103 adresat\u0103 Satanei \u015fi ocultismului? - Secretele lui Lovendal<\/title>\n<meta name=\"robots\" content=\"index, follow, max-snippet:-1, max-image-preview:large, max-video-preview:-1\" \/>\n<link rel=\"canonical\" href=\"https:\/\/www.lovendal.ro\/wp52\/de-ce-invatam-la-scoala-luceafarul-de-mihai-eminescu-o-oda-adresata-satanei-si-ocultismului\/\" \/>\n<meta property=\"og:locale\" content=\"ro_RO\" \/>\n<meta property=\"og:type\" content=\"article\" \/>\n<meta property=\"og:title\" content=\"De ce \u00eenv\u0103\u0163\u0103m la \u015fcoal\u0103 &quot;Luceaf\u0103rul&quot; de Mihai Eminescu, o od\u0103 adresat\u0103 Satanei \u015fi ocultismului?\" \/>\n<meta property=\"og:description\" content=\"&#8222;Luceaf\u0103rul&#8221;, poate cea mai celebr\u0103 poezie a lui Mihai Eminescu. Cine nu cunoa\u015fte versurile &#8222;Cobori \u00een jos, luceaf\u0103r bl\u00e2nd \/ Alunec\u00e2nd pe-o raz\u0103, Patrunde-n codru si \u00een g\u00e2nd \/ \u015ei via\u0163a-mi lumineaz\u0103!&#8221; Bun&#8230;acum to\u0163i \u015ftiu c\u0103 acest Luceaf\u0103r n-ar fi ... Cititi mai multe\" \/>\n<meta property=\"og:url\" content=\"https:\/\/www.lovendal.ro\/wp52\/de-ce-invatam-la-scoala-luceafarul-de-mihai-eminescu-o-oda-adresata-satanei-si-ocultismului\/\" \/>\n<meta property=\"og:site_name\" content=\"Secretele lui Lovendal\" \/>\n<meta property=\"article:publisher\" content=\"https:\/\/www.facebook.com\/secreteleluilovendal\" \/>\n<meta property=\"article:published_time\" content=\"2013-01-22T17:14:43+00:00\" \/>\n<meta property=\"article:modified_time\" content=\"2020-01-15T14:05:12+00:00\" \/>\n<meta property=\"og:image\" content=\"https:\/\/www.lovendal.ro\/wp52\/wp-content\/uploads\/2013\/01\/Luceafarul-Eminescu.jpg\" \/>\n\t<meta property=\"og:image:width\" content=\"342\" \/>\n\t<meta property=\"og:image:height\" content=\"316\" \/>\n\t<meta property=\"og:image:type\" content=\"image\/jpeg\" \/>\n<meta name=\"author\" content=\"admin\" \/>\n<meta name=\"twitter:card\" content=\"summary_large_image\" \/>\n<meta name=\"twitter:label1\" content=\"Scris de\" \/>\n\t<meta name=\"twitter:data1\" content=\"admin\" \/>\n\t<meta name=\"twitter:label2\" content=\"Timp estimat pentru citire\" \/>\n\t<meta name=\"twitter:data2\" content=\"3 minute\" \/>\n<script type=\"application\/ld+json\" class=\"yoast-schema-graph\">{\"@context\":\"https:\\\/\\\/schema.org\",\"@graph\":[{\"@type\":\"Article\",\"@id\":\"https:\\\/\\\/www.lovendal.ro\\\/wp52\\\/de-ce-invatam-la-scoala-luceafarul-de-mihai-eminescu-o-oda-adresata-satanei-si-ocultismului\\\/#article\",\"isPartOf\":{\"@id\":\"https:\\\/\\\/www.lovendal.ro\\\/wp52\\\/de-ce-invatam-la-scoala-luceafarul-de-mihai-eminescu-o-oda-adresata-satanei-si-ocultismului\\\/\"},\"author\":{\"name\":\"admin\",\"@id\":\"https:\\\/\\\/www.lovendal.ro\\\/wp52\\\/#\\\/schema\\\/person\\\/088691de5dfc346bb0c023e1e52ef5d9\"},\"headline\":\"De ce \u00eenv\u0103\u0163\u0103m la \u015fcoal\u0103 &#8222;Luceaf\u0103rul&#8221; de Mihai Eminescu, o od\u0103 adresat\u0103 Satanei \u015fi ocultismului?\",\"datePublished\":\"2013-01-22T17:14:43+00:00\",\"dateModified\":\"2020-01-15T14:05:12+00:00\",\"mainEntityOfPage\":{\"@id\":\"https:\\\/\\\/www.lovendal.ro\\\/wp52\\\/de-ce-invatam-la-scoala-luceafarul-de-mihai-eminescu-o-oda-adresata-satanei-si-ocultismului\\\/\"},\"wordCount\":554,\"commentCount\":90,\"publisher\":{\"@id\":\"https:\\\/\\\/www.lovendal.ro\\\/wp52\\\/#organization\"},\"image\":{\"@id\":\"https:\\\/\\\/www.lovendal.ro\\\/wp52\\\/de-ce-invatam-la-scoala-luceafarul-de-mihai-eminescu-o-oda-adresata-satanei-si-ocultismului\\\/#primaryimage\"},\"thumbnailUrl\":\"https:\\\/\\\/www.lovendal.ro\\\/wp52\\\/wp-content\\\/uploads\\\/2013\\\/01\\\/Luceafarul-Eminescu.jpg\",\"keywords\":[\"apus de Soare\",\"Biblie\",\"Cultura\",\"dragoste\",\"Dumnezeu\",\"Eminescu\",\"Iisus Hristos\",\"Jupiter\",\"Luceaf\u0103rul\",\"Lucifer\",\"Lun\u0103\",\"Marte\",\"New Age\",\"noapte\",\"ocultism\",\"paradis\",\"planet\u0103\",\"poezie\",\"re\u00eencarnare\",\"Satana\",\"Saturn\",\"Soare\",\"stea\",\"Venus\"],\"articleSection\":[\"Cultura\"],\"inLanguage\":\"ro-RO\",\"potentialAction\":[{\"@type\":\"CommentAction\",\"name\":\"Comment\",\"target\":[\"https:\\\/\\\/www.lovendal.ro\\\/wp52\\\/de-ce-invatam-la-scoala-luceafarul-de-mihai-eminescu-o-oda-adresata-satanei-si-ocultismului\\\/#respond\"]}]},{\"@type\":\"WebPage\",\"@id\":\"https:\\\/\\\/www.lovendal.ro\\\/wp52\\\/de-ce-invatam-la-scoala-luceafarul-de-mihai-eminescu-o-oda-adresata-satanei-si-ocultismului\\\/\",\"url\":\"https:\\\/\\\/www.lovendal.ro\\\/wp52\\\/de-ce-invatam-la-scoala-luceafarul-de-mihai-eminescu-o-oda-adresata-satanei-si-ocultismului\\\/\",\"name\":\"De ce \u00eenv\u0103\u0163\u0103m la \u015fcoal\u0103 \\\"Luceaf\u0103rul\\\" de Mihai Eminescu, o od\u0103 adresat\u0103 Satanei \u015fi ocultismului? - Secretele lui Lovendal\",\"isPartOf\":{\"@id\":\"https:\\\/\\\/www.lovendal.ro\\\/wp52\\\/#website\"},\"primaryImageOfPage\":{\"@id\":\"https:\\\/\\\/www.lovendal.ro\\\/wp52\\\/de-ce-invatam-la-scoala-luceafarul-de-mihai-eminescu-o-oda-adresata-satanei-si-ocultismului\\\/#primaryimage\"},\"image\":{\"@id\":\"https:\\\/\\\/www.lovendal.ro\\\/wp52\\\/de-ce-invatam-la-scoala-luceafarul-de-mihai-eminescu-o-oda-adresata-satanei-si-ocultismului\\\/#primaryimage\"},\"thumbnailUrl\":\"https:\\\/\\\/www.lovendal.ro\\\/wp52\\\/wp-content\\\/uploads\\\/2013\\\/01\\\/Luceafarul-Eminescu.jpg\",\"datePublished\":\"2013-01-22T17:14:43+00:00\",\"dateModified\":\"2020-01-15T14:05:12+00:00\",\"breadcrumb\":{\"@id\":\"https:\\\/\\\/www.lovendal.ro\\\/wp52\\\/de-ce-invatam-la-scoala-luceafarul-de-mihai-eminescu-o-oda-adresata-satanei-si-ocultismului\\\/#breadcrumb\"},\"inLanguage\":\"ro-RO\",\"potentialAction\":[{\"@type\":\"ReadAction\",\"target\":[\"https:\\\/\\\/www.lovendal.ro\\\/wp52\\\/de-ce-invatam-la-scoala-luceafarul-de-mihai-eminescu-o-oda-adresata-satanei-si-ocultismului\\\/\"]}]},{\"@type\":\"ImageObject\",\"inLanguage\":\"ro-RO\",\"@id\":\"https:\\\/\\\/www.lovendal.ro\\\/wp52\\\/de-ce-invatam-la-scoala-luceafarul-de-mihai-eminescu-o-oda-adresata-satanei-si-ocultismului\\\/#primaryimage\",\"url\":\"https:\\\/\\\/www.lovendal.ro\\\/wp52\\\/wp-content\\\/uploads\\\/2013\\\/01\\\/Luceafarul-Eminescu.jpg\",\"contentUrl\":\"https:\\\/\\\/www.lovendal.ro\\\/wp52\\\/wp-content\\\/uploads\\\/2013\\\/01\\\/Luceafarul-Eminescu.jpg\",\"width\":342,\"height\":316},{\"@type\":\"BreadcrumbList\",\"@id\":\"https:\\\/\\\/www.lovendal.ro\\\/wp52\\\/de-ce-invatam-la-scoala-luceafarul-de-mihai-eminescu-o-oda-adresata-satanei-si-ocultismului\\\/#breadcrumb\",\"itemListElement\":[{\"@type\":\"ListItem\",\"position\":1,\"name\":\"Home\",\"item\":\"https:\\\/\\\/www.lovendal.ro\\\/wp52\\\/\"},{\"@type\":\"ListItem\",\"position\":2,\"name\":\"De ce \u00eenv\u0103\u0163\u0103m la \u015fcoal\u0103 &#8222;Luceaf\u0103rul&#8221; de Mihai Eminescu, o od\u0103 adresat\u0103 Satanei \u015fi ocultismului?\"}]},{\"@type\":\"WebSite\",\"@id\":\"https:\\\/\\\/www.lovendal.ro\\\/wp52\\\/#website\",\"url\":\"https:\\\/\\\/www.lovendal.ro\\\/wp52\\\/\",\"name\":\"Secretele lui Lovendal\",\"description\":\"Site de secrete, stiinta si metafizica - din 2008 -\",\"publisher\":{\"@id\":\"https:\\\/\\\/www.lovendal.ro\\\/wp52\\\/#organization\"},\"potentialAction\":[{\"@type\":\"SearchAction\",\"target\":{\"@type\":\"EntryPoint\",\"urlTemplate\":\"https:\\\/\\\/www.lovendal.ro\\\/wp52\\\/?s={search_term_string}\"},\"query-input\":{\"@type\":\"PropertyValueSpecification\",\"valueRequired\":true,\"valueName\":\"search_term_string\"}}],\"inLanguage\":\"ro-RO\"},{\"@type\":\"Organization\",\"@id\":\"https:\\\/\\\/www.lovendal.ro\\\/wp52\\\/#organization\",\"name\":\"Secretele lui Lovendal\",\"url\":\"https:\\\/\\\/www.lovendal.ro\\\/wp52\\\/\",\"logo\":{\"@type\":\"ImageObject\",\"inLanguage\":\"ro-RO\",\"@id\":\"https:\\\/\\\/www.lovendal.ro\\\/wp52\\\/#\\\/schema\\\/logo\\\/image\\\/\",\"url\":\"https:\\\/\\\/www.lovendal.ro\\\/wp52\\\/wp-content\\\/uploads\\\/2024\\\/06\\\/cropped-SLL-iun-2024-1.jpg\",\"contentUrl\":\"https:\\\/\\\/www.lovendal.ro\\\/wp52\\\/wp-content\\\/uploads\\\/2024\\\/06\\\/cropped-SLL-iun-2024-1.jpg\",\"width\":771,\"height\":240,\"caption\":\"Secretele lui Lovendal\"},\"image\":{\"@id\":\"https:\\\/\\\/www.lovendal.ro\\\/wp52\\\/#\\\/schema\\\/logo\\\/image\\\/\"},\"sameAs\":[\"https:\\\/\\\/www.facebook.com\\\/secreteleluilovendal\"]},{\"@type\":\"Person\",\"@id\":\"https:\\\/\\\/www.lovendal.ro\\\/wp52\\\/#\\\/schema\\\/person\\\/088691de5dfc346bb0c023e1e52ef5d9\",\"name\":\"admin\",\"image\":{\"@type\":\"ImageObject\",\"inLanguage\":\"ro-RO\",\"@id\":\"https:\\\/\\\/secure.gravatar.com\\\/avatar\\\/ecb9cd41f5f63c9c9b989999a59f6e2639a865ec361e9db054db0679a8f341c2?s=96&d=mm&r=g\",\"url\":\"https:\\\/\\\/secure.gravatar.com\\\/avatar\\\/ecb9cd41f5f63c9c9b989999a59f6e2639a865ec361e9db054db0679a8f341c2?s=96&d=mm&r=g\",\"contentUrl\":\"https:\\\/\\\/secure.gravatar.com\\\/avatar\\\/ecb9cd41f5f63c9c9b989999a59f6e2639a865ec361e9db054db0679a8f341c2?s=96&d=mm&r=g\",\"caption\":\"admin\"},\"sameAs\":[\"https:\\\/\\\/www.lovendal.ro\\\/wp52\"]}]}<\/script>\n<!-- \/ Yoast SEO Premium plugin. -->","yoast_head_json":{"title":"De ce \u00eenv\u0103\u0163\u0103m la \u015fcoal\u0103 \"Luceaf\u0103rul\" de Mihai Eminescu, o od\u0103 adresat\u0103 Satanei \u015fi ocultismului? - Secretele lui Lovendal","robots":{"index":"index","follow":"follow","max-snippet":"max-snippet:-1","max-image-preview":"max-image-preview:large","max-video-preview":"max-video-preview:-1"},"canonical":"https:\/\/www.lovendal.ro\/wp52\/de-ce-invatam-la-scoala-luceafarul-de-mihai-eminescu-o-oda-adresata-satanei-si-ocultismului\/","og_locale":"ro_RO","og_type":"article","og_title":"De ce \u00eenv\u0103\u0163\u0103m la \u015fcoal\u0103 \"Luceaf\u0103rul\" de Mihai Eminescu, o od\u0103 adresat\u0103 Satanei \u015fi ocultismului?","og_description":"&#8222;Luceaf\u0103rul&#8221;, poate cea mai celebr\u0103 poezie a lui Mihai Eminescu. Cine nu cunoa\u015fte versurile &#8222;Cobori \u00een jos, luceaf\u0103r bl\u00e2nd \/ Alunec\u00e2nd pe-o raz\u0103, Patrunde-n codru si \u00een g\u00e2nd \/ \u015ei via\u0163a-mi lumineaz\u0103!&#8221; Bun&#8230;acum to\u0163i \u015ftiu c\u0103 acest Luceaf\u0103r n-ar fi ... Cititi mai multe","og_url":"https:\/\/www.lovendal.ro\/wp52\/de-ce-invatam-la-scoala-luceafarul-de-mihai-eminescu-o-oda-adresata-satanei-si-ocultismului\/","og_site_name":"Secretele lui Lovendal","article_publisher":"https:\/\/www.facebook.com\/secreteleluilovendal","article_published_time":"2013-01-22T17:14:43+00:00","article_modified_time":"2020-01-15T14:05:12+00:00","og_image":[{"width":342,"height":316,"url":"https:\/\/www.lovendal.ro\/wp52\/wp-content\/uploads\/2013\/01\/Luceafarul-Eminescu.jpg","type":"image\/jpeg"}],"author":"admin","twitter_card":"summary_large_image","twitter_misc":{"Scris de":"admin","Timp estimat pentru citire":"3 minute"},"schema":{"@context":"https:\/\/schema.org","@graph":[{"@type":"Article","@id":"https:\/\/www.lovendal.ro\/wp52\/de-ce-invatam-la-scoala-luceafarul-de-mihai-eminescu-o-oda-adresata-satanei-si-ocultismului\/#article","isPartOf":{"@id":"https:\/\/www.lovendal.ro\/wp52\/de-ce-invatam-la-scoala-luceafarul-de-mihai-eminescu-o-oda-adresata-satanei-si-ocultismului\/"},"author":{"name":"admin","@id":"https:\/\/www.lovendal.ro\/wp52\/#\/schema\/person\/088691de5dfc346bb0c023e1e52ef5d9"},"headline":"De ce \u00eenv\u0103\u0163\u0103m la \u015fcoal\u0103 &#8222;Luceaf\u0103rul&#8221; de Mihai Eminescu, o od\u0103 adresat\u0103 Satanei \u015fi ocultismului?","datePublished":"2013-01-22T17:14:43+00:00","dateModified":"2020-01-15T14:05:12+00:00","mainEntityOfPage":{"@id":"https:\/\/www.lovendal.ro\/wp52\/de-ce-invatam-la-scoala-luceafarul-de-mihai-eminescu-o-oda-adresata-satanei-si-ocultismului\/"},"wordCount":554,"commentCount":90,"publisher":{"@id":"https:\/\/www.lovendal.ro\/wp52\/#organization"},"image":{"@id":"https:\/\/www.lovendal.ro\/wp52\/de-ce-invatam-la-scoala-luceafarul-de-mihai-eminescu-o-oda-adresata-satanei-si-ocultismului\/#primaryimage"},"thumbnailUrl":"https:\/\/www.lovendal.ro\/wp52\/wp-content\/uploads\/2013\/01\/Luceafarul-Eminescu.jpg","keywords":["apus de Soare","Biblie","Cultura","dragoste","Dumnezeu","Eminescu","Iisus Hristos","Jupiter","Luceaf\u0103rul","Lucifer","Lun\u0103","Marte","New Age","noapte","ocultism","paradis","planet\u0103","poezie","re\u00eencarnare","Satana","Saturn","Soare","stea","Venus"],"articleSection":["Cultura"],"inLanguage":"ro-RO","potentialAction":[{"@type":"CommentAction","name":"Comment","target":["https:\/\/www.lovendal.ro\/wp52\/de-ce-invatam-la-scoala-luceafarul-de-mihai-eminescu-o-oda-adresata-satanei-si-ocultismului\/#respond"]}]},{"@type":"WebPage","@id":"https:\/\/www.lovendal.ro\/wp52\/de-ce-invatam-la-scoala-luceafarul-de-mihai-eminescu-o-oda-adresata-satanei-si-ocultismului\/","url":"https:\/\/www.lovendal.ro\/wp52\/de-ce-invatam-la-scoala-luceafarul-de-mihai-eminescu-o-oda-adresata-satanei-si-ocultismului\/","name":"De ce \u00eenv\u0103\u0163\u0103m la \u015fcoal\u0103 \"Luceaf\u0103rul\" de Mihai Eminescu, o od\u0103 adresat\u0103 Satanei \u015fi ocultismului? - Secretele lui Lovendal","isPartOf":{"@id":"https:\/\/www.lovendal.ro\/wp52\/#website"},"primaryImageOfPage":{"@id":"https:\/\/www.lovendal.ro\/wp52\/de-ce-invatam-la-scoala-luceafarul-de-mihai-eminescu-o-oda-adresata-satanei-si-ocultismului\/#primaryimage"},"image":{"@id":"https:\/\/www.lovendal.ro\/wp52\/de-ce-invatam-la-scoala-luceafarul-de-mihai-eminescu-o-oda-adresata-satanei-si-ocultismului\/#primaryimage"},"thumbnailUrl":"https:\/\/www.lovendal.ro\/wp52\/wp-content\/uploads\/2013\/01\/Luceafarul-Eminescu.jpg","datePublished":"2013-01-22T17:14:43+00:00","dateModified":"2020-01-15T14:05:12+00:00","breadcrumb":{"@id":"https:\/\/www.lovendal.ro\/wp52\/de-ce-invatam-la-scoala-luceafarul-de-mihai-eminescu-o-oda-adresata-satanei-si-ocultismului\/#breadcrumb"},"inLanguage":"ro-RO","potentialAction":[{"@type":"ReadAction","target":["https:\/\/www.lovendal.ro\/wp52\/de-ce-invatam-la-scoala-luceafarul-de-mihai-eminescu-o-oda-adresata-satanei-si-ocultismului\/"]}]},{"@type":"ImageObject","inLanguage":"ro-RO","@id":"https:\/\/www.lovendal.ro\/wp52\/de-ce-invatam-la-scoala-luceafarul-de-mihai-eminescu-o-oda-adresata-satanei-si-ocultismului\/#primaryimage","url":"https:\/\/www.lovendal.ro\/wp52\/wp-content\/uploads\/2013\/01\/Luceafarul-Eminescu.jpg","contentUrl":"https:\/\/www.lovendal.ro\/wp52\/wp-content\/uploads\/2013\/01\/Luceafarul-Eminescu.jpg","width":342,"height":316},{"@type":"BreadcrumbList","@id":"https:\/\/www.lovendal.ro\/wp52\/de-ce-invatam-la-scoala-luceafarul-de-mihai-eminescu-o-oda-adresata-satanei-si-ocultismului\/#breadcrumb","itemListElement":[{"@type":"ListItem","position":1,"name":"Home","item":"https:\/\/www.lovendal.ro\/wp52\/"},{"@type":"ListItem","position":2,"name":"De ce \u00eenv\u0103\u0163\u0103m la \u015fcoal\u0103 &#8222;Luceaf\u0103rul&#8221; de Mihai Eminescu, o od\u0103 adresat\u0103 Satanei \u015fi ocultismului?"}]},{"@type":"WebSite","@id":"https:\/\/www.lovendal.ro\/wp52\/#website","url":"https:\/\/www.lovendal.ro\/wp52\/","name":"Secretele lui Lovendal","description":"Site de secrete, stiinta si metafizica - din 2008 -","publisher":{"@id":"https:\/\/www.lovendal.ro\/wp52\/#organization"},"potentialAction":[{"@type":"SearchAction","target":{"@type":"EntryPoint","urlTemplate":"https:\/\/www.lovendal.ro\/wp52\/?s={search_term_string}"},"query-input":{"@type":"PropertyValueSpecification","valueRequired":true,"valueName":"search_term_string"}}],"inLanguage":"ro-RO"},{"@type":"Organization","@id":"https:\/\/www.lovendal.ro\/wp52\/#organization","name":"Secretele lui Lovendal","url":"https:\/\/www.lovendal.ro\/wp52\/","logo":{"@type":"ImageObject","inLanguage":"ro-RO","@id":"https:\/\/www.lovendal.ro\/wp52\/#\/schema\/logo\/image\/","url":"https:\/\/www.lovendal.ro\/wp52\/wp-content\/uploads\/2024\/06\/cropped-SLL-iun-2024-1.jpg","contentUrl":"https:\/\/www.lovendal.ro\/wp52\/wp-content\/uploads\/2024\/06\/cropped-SLL-iun-2024-1.jpg","width":771,"height":240,"caption":"Secretele lui Lovendal"},"image":{"@id":"https:\/\/www.lovendal.ro\/wp52\/#\/schema\/logo\/image\/"},"sameAs":["https:\/\/www.facebook.com\/secreteleluilovendal"]},{"@type":"Person","@id":"https:\/\/www.lovendal.ro\/wp52\/#\/schema\/person\/088691de5dfc346bb0c023e1e52ef5d9","name":"admin","image":{"@type":"ImageObject","inLanguage":"ro-RO","@id":"https:\/\/secure.gravatar.com\/avatar\/ecb9cd41f5f63c9c9b989999a59f6e2639a865ec361e9db054db0679a8f341c2?s=96&d=mm&r=g","url":"https:\/\/secure.gravatar.com\/avatar\/ecb9cd41f5f63c9c9b989999a59f6e2639a865ec361e9db054db0679a8f341c2?s=96&d=mm&r=g","contentUrl":"https:\/\/secure.gravatar.com\/avatar\/ecb9cd41f5f63c9c9b989999a59f6e2639a865ec361e9db054db0679a8f341c2?s=96&d=mm&r=g","caption":"admin"},"sameAs":["https:\/\/www.lovendal.ro\/wp52"]}]}},"_links":{"self":[{"href":"https:\/\/www.lovendal.ro\/wp52\/wp-json\/wp\/v2\/posts\/26549","targetHints":{"allow":["GET"]}}],"collection":[{"href":"https:\/\/www.lovendal.ro\/wp52\/wp-json\/wp\/v2\/posts"}],"about":[{"href":"https:\/\/www.lovendal.ro\/wp52\/wp-json\/wp\/v2\/types\/post"}],"author":[{"embeddable":true,"href":"https:\/\/www.lovendal.ro\/wp52\/wp-json\/wp\/v2\/users\/1"}],"replies":[{"embeddable":true,"href":"https:\/\/www.lovendal.ro\/wp52\/wp-json\/wp\/v2\/comments?post=26549"}],"version-history":[{"count":0,"href":"https:\/\/www.lovendal.ro\/wp52\/wp-json\/wp\/v2\/posts\/26549\/revisions"}],"wp:featuredmedia":[{"embeddable":true,"href":"https:\/\/www.lovendal.ro\/wp52\/wp-json\/wp\/v2\/media\/66033"}],"wp:attachment":[{"href":"https:\/\/www.lovendal.ro\/wp52\/wp-json\/wp\/v2\/media?parent=26549"}],"wp:term":[{"taxonomy":"category","embeddable":true,"href":"https:\/\/www.lovendal.ro\/wp52\/wp-json\/wp\/v2\/categories?post=26549"},{"taxonomy":"post_tag","embeddable":true,"href":"https:\/\/www.lovendal.ro\/wp52\/wp-json\/wp\/v2\/tags?post=26549"}],"curies":[{"name":"wp","href":"https:\/\/api.w.org\/{rel}","templated":true}]}}