{"id":26448,"date":"2013-01-14T23:57:12","date_gmt":"2013-01-14T21:57:12","guid":{"rendered":"http:\/\/www.lovendal.net\/wp52\/?p=26448"},"modified":"2013-01-14T23:57:12","modified_gmt":"2013-01-14T21:57:12","slug":"valkyriile-fecioarele-inaripate-si-elfii-coexistam-noi-pe-pamant-cu-o-rasa-secreta-de-care-nu-stim-nimic","status":"publish","type":"post","link":"https:\/\/www.lovendal.ro\/wp52\/valkyriile-fecioarele-inaripate-si-elfii-coexistam-noi-pe-pamant-cu-o-rasa-secreta-de-care-nu-stim-nimic\/","title":{"rendered":"Valkyriile (fecioarele \u00eenaripate \u015fi elfii)&#8230; Coexist\u0103m noi pe P\u0103m\u00e2nt cu o ras\u0103 secret\u0103 de care nu \u015ftim nimic?"},"content":{"rendered":"<p><a href=\"https:\/\/www.lovendal.ro\/wp52\/wp-content\/uploads\/2013\/01\/valkyrie.jpg\"><img loading=\"lazy\" decoding=\"async\" class=\"alignleft size-full wp-image-26449\" title=\"valkyrie\" src=\"https:\/\/www.lovendal.ro\/wp52\/wp-content\/uploads\/2013\/01\/valkyrie.jpg\" alt=\"\" width=\"311\" height=\"243\" srcset=\"https:\/\/www.lovendal.ro\/wp52\/wp-content\/uploads\/2013\/01\/valkyrie.jpg 311w, https:\/\/www.lovendal.ro\/wp52\/wp-content\/uploads\/2013\/01\/valkyrie-300x234.jpg 300w\" sizes=\"auto, (max-width: 311px) 100vw, 311px\" \/><\/a>Valkyriile, fecioare \u00eenaripate care aduceau sufletele eroilor \u00een Valhalla, se asem\u0103nau cu \u201e\u00eengerii&#8221; celor mor\u0163i din teologia semit\u0103, put\u00e2nd fi \u015fi ele amintiri colective ale unor fiin\u0163e din Spa\u0163iu. C\u00e2nd acestea c\u0103l\u0103reau prin cer, din coama cailor c\u0103deau \u201epic\u0103turi roditoare de rou\u0103&#8221; p\u00e2n\u0103 \u00een v\u0103i, probabil acea \u201eman\u0103&#8221; sau \u201eambrozie&#8221; despre care se spune c\u0103 ar fi fost produs\u0103 de radia\u0163ia navelor spa\u0163iale.<\/p>\n<p>La fel ca Mercur \u015fi Iris, Gna era mesagerul zeilor, cel care f\u0103cea leg\u0103tura \u00eentre cer \u015fi p\u0103m\u00e2nt, cobor\u00e2nd pentru a comunica direct cu muritorii, ceea ce ne trimite cu g\u00e2ndul tot la un extraterestru.<\/p>\n<p>Inferiori zeilor, elfii aveau, totu\u015fi, puteri miraculoase. Ca \u015fi Cele\u015ftii din literatura sanscrit\u0103, \u201eelfii luminii&#8221; erau deosebit de frumo\u015fi, fiind asocia\u0163i Soarelui. Ei purtau ve\u015fminte delicate \u015fi transparente \u015fi locuiau \u00een Alfheim, dincolo de nori. Aceste fiin\u0163e \u00eenc\u00e2nt\u0103toare se aseam\u0103n\u0103 cu silfii din Evul Mediu descri\u015fi \u00een <em>Le Comte de Gabalis<\/em>.<\/p>\n<p>Cu totul opu\u015fi erau \u201eelfii nop\u0163ii&#8221; &#8211; trolii \u015fi piticii &#8211; care tr\u0103iau ca \u015fi Ciclopii \u00eentr-o singur\u0103tate absolut\u0103 sub p\u0103m\u00e2nt. Ei erau ur\u00e2\u0163i \u015fi defavoriza\u0163i de soart\u0103 dar, \u00een schimb, st\u0103p\u00e2neau \u015ftiin\u0163a subtil\u0103 a puterilor misterioase ascunse \u00een metale \u015fi tot ei f\u0103ureau armele fermecate ale zeilor \u015fi eroilor. Despre femeile elfe, cunoscute la toate popoarele sub numele de nimfe, fecioare-leb\u0103d\u0103 sau dakini, se spune c\u0103 ai adesea pove\u015fti tragice de iubire cu muritorii.<\/p>\n<p>Asemenea povestiri, \u00eent\u00e2lnite \u00een folclorul tuturor \u0163\u0103rilor, surprind prin similitudinea cu basmele teutone, sprijinind ideea c\u0103, de fapt, noi am coexista pe planeta noastr\u0103 cu o alt\u0103 ras\u0103 secret\u0103, despre care oamenii nu \u015ftiu nimic.<\/p>\n","protected":false},"excerpt":{"rendered":"<p>Valkyriile, fecioare \u00eenaripate care aduceau sufletele eroilor \u00een Valhalla, se asem\u0103nau cu \u201e\u00eengerii&#8221; celor mor\u0163i din teologia semit\u0103, put\u00e2nd fi \u015fi ele amintiri colective ale unor fiin\u0163e din Spa\u0163iu. C\u00e2nd acestea c\u0103l\u0103reau prin cer, din coama cailor c\u0103deau \u201epic\u0103turi roditoare &#8230; <\/p>\n<p class=\"read-more-container\"><a title=\"Valkyriile (fecioarele \u00eenaripate \u015fi elfii)&#8230; Coexist\u0103m noi pe P\u0103m\u00e2nt cu o ras\u0103 secret\u0103 de care nu \u015ftim nimic?\" class=\"read-more button\" href=\"https:\/\/www.lovendal.ro\/wp52\/valkyriile-fecioarele-inaripate-si-elfii-coexistam-noi-pe-pamant-cu-o-rasa-secreta-de-care-nu-stim-nimic\/#more-26448\" aria-label=\"Cite\u0219te mai multe despre Valkyriile (fecioarele \u00eenaripate \u015fi elfii)&#8230; Coexist\u0103m noi pe P\u0103m\u00e2nt cu o ras\u0103 secret\u0103 de care nu \u015ftim nimic?\">Cititi mai multe<\/a><\/p>\n","protected":false},"author":1,"featured_media":26449,"comment_status":"open","ping_status":"closed","sticky":false,"template":"","format":"standard","meta":{"footnotes":""},"categories":[14],"tags":[5953,124,3539,1081,9796,3645,5954,5952,968],"class_list":["post-26448","post","type-post","status-publish","format-standard","has-post-thumbnail","hentry","category-paranormal-spiritualitate","tag-elf","tag-evul-mediu","tag-fecioara","tag-mitologie","tag-paranormal-spiritualitate","tag-pitic","tag-silf","tag-valkyrie","tag-zeu","resize-featured-image"],"yoast_head":"<!-- This site is optimized with the Yoast SEO Premium plugin v23.3 (Yoast SEO v27.4) - https:\/\/yoast.com\/product\/yoast-seo-premium-wordpress\/ -->\n<title>Valkyriile (fecioarele \u00eenaripate \u015fi elfii)... Coexist\u0103m noi pe P\u0103m\u00e2nt cu o ras\u0103 secret\u0103 de care nu \u015ftim nimic? - Secretele lui Lovendal<\/title>\n<meta name=\"robots\" content=\"index, follow, max-snippet:-1, max-image-preview:large, max-video-preview:-1\" \/>\n<link rel=\"canonical\" href=\"https:\/\/www.lovendal.ro\/wp52\/valkyriile-fecioarele-inaripate-si-elfii-coexistam-noi-pe-pamant-cu-o-rasa-secreta-de-care-nu-stim-nimic\/\" \/>\n<meta property=\"og:locale\" content=\"ro_RO\" \/>\n<meta property=\"og:type\" content=\"article\" \/>\n<meta property=\"og:title\" content=\"Valkyriile (fecioarele \u00eenaripate \u015fi elfii)... Coexist\u0103m noi pe P\u0103m\u00e2nt cu o ras\u0103 secret\u0103 de care nu \u015ftim nimic?\" \/>\n<meta property=\"og:description\" content=\"Valkyriile, fecioare \u00eenaripate care aduceau sufletele eroilor \u00een Valhalla, se asem\u0103nau cu \u201e\u00eengerii&#8221; celor mor\u0163i din teologia semit\u0103, put\u00e2nd fi \u015fi ele amintiri colective ale unor fiin\u0163e din Spa\u0163iu. C\u00e2nd acestea c\u0103l\u0103reau prin cer, din coama cailor c\u0103deau \u201epic\u0103turi roditoare ... Cititi mai multe\" \/>\n<meta property=\"og:url\" content=\"https:\/\/www.lovendal.ro\/wp52\/valkyriile-fecioarele-inaripate-si-elfii-coexistam-noi-pe-pamant-cu-o-rasa-secreta-de-care-nu-stim-nimic\/\" \/>\n<meta property=\"og:site_name\" content=\"Secretele lui Lovendal\" \/>\n<meta property=\"article:publisher\" content=\"https:\/\/www.facebook.com\/secreteleluilovendal\" \/>\n<meta property=\"article:published_time\" content=\"2013-01-14T21:57:12+00:00\" \/>\n<meta property=\"og:image\" content=\"https:\/\/www.lovendal.ro\/wp52\/wp-content\/uploads\/2013\/01\/valkyrie.jpg\" \/>\n\t<meta property=\"og:image:width\" content=\"311\" \/>\n\t<meta property=\"og:image:height\" content=\"243\" \/>\n\t<meta property=\"og:image:type\" content=\"image\/jpeg\" \/>\n<meta name=\"author\" content=\"admin\" \/>\n<meta name=\"twitter:card\" content=\"summary_large_image\" \/>\n<meta name=\"twitter:label1\" content=\"Scris de\" \/>\n\t<meta name=\"twitter:data1\" content=\"admin\" \/>\n\t<meta name=\"twitter:label2\" content=\"Timp estimat pentru citire\" \/>\n\t<meta name=\"twitter:data2\" content=\"2 minute\" \/>\n<script type=\"application\/ld+json\" class=\"yoast-schema-graph\">{\"@context\":\"https:\\\/\\\/schema.org\",\"@graph\":[{\"@type\":\"Article\",\"@id\":\"https:\\\/\\\/www.lovendal.ro\\\/wp52\\\/valkyriile-fecioarele-inaripate-si-elfii-coexistam-noi-pe-pamant-cu-o-rasa-secreta-de-care-nu-stim-nimic\\\/#article\",\"isPartOf\":{\"@id\":\"https:\\\/\\\/www.lovendal.ro\\\/wp52\\\/valkyriile-fecioarele-inaripate-si-elfii-coexistam-noi-pe-pamant-cu-o-rasa-secreta-de-care-nu-stim-nimic\\\/\"},\"author\":{\"name\":\"admin\",\"@id\":\"https:\\\/\\\/www.lovendal.ro\\\/wp52\\\/#\\\/schema\\\/person\\\/088691de5dfc346bb0c023e1e52ef5d9\"},\"headline\":\"Valkyriile (fecioarele \u00eenaripate \u015fi elfii)&#8230; Coexist\u0103m noi pe P\u0103m\u00e2nt cu o ras\u0103 secret\u0103 de care nu \u015ftim nimic?\",\"datePublished\":\"2013-01-14T21:57:12+00:00\",\"mainEntityOfPage\":{\"@id\":\"https:\\\/\\\/www.lovendal.ro\\\/wp52\\\/valkyriile-fecioarele-inaripate-si-elfii-coexistam-noi-pe-pamant-cu-o-rasa-secreta-de-care-nu-stim-nimic\\\/\"},\"wordCount\":325,\"commentCount\":9,\"publisher\":{\"@id\":\"https:\\\/\\\/www.lovendal.ro\\\/wp52\\\/#organization\"},\"image\":{\"@id\":\"https:\\\/\\\/www.lovendal.ro\\\/wp52\\\/valkyriile-fecioarele-inaripate-si-elfii-coexistam-noi-pe-pamant-cu-o-rasa-secreta-de-care-nu-stim-nimic\\\/#primaryimage\"},\"thumbnailUrl\":\"https:\\\/\\\/www.lovendal.ro\\\/wp52\\\/wp-content\\\/uploads\\\/2013\\\/01\\\/valkyrie.jpg\",\"keywords\":[\"elf\",\"Evul Mediu\",\"fecioar\u0103\",\"mitologie\",\"Paranormal-Spiritualitate\",\"pitic\",\"silf\",\"Valkyrie\",\"zeu\"],\"articleSection\":[\"Paranormal-Spiritualitate\"],\"inLanguage\":\"ro-RO\",\"potentialAction\":[{\"@type\":\"CommentAction\",\"name\":\"Comment\",\"target\":[\"https:\\\/\\\/www.lovendal.ro\\\/wp52\\\/valkyriile-fecioarele-inaripate-si-elfii-coexistam-noi-pe-pamant-cu-o-rasa-secreta-de-care-nu-stim-nimic\\\/#respond\"]}]},{\"@type\":\"WebPage\",\"@id\":\"https:\\\/\\\/www.lovendal.ro\\\/wp52\\\/valkyriile-fecioarele-inaripate-si-elfii-coexistam-noi-pe-pamant-cu-o-rasa-secreta-de-care-nu-stim-nimic\\\/\",\"url\":\"https:\\\/\\\/www.lovendal.ro\\\/wp52\\\/valkyriile-fecioarele-inaripate-si-elfii-coexistam-noi-pe-pamant-cu-o-rasa-secreta-de-care-nu-stim-nimic\\\/\",\"name\":\"Valkyriile (fecioarele \u00eenaripate \u015fi elfii)... Coexist\u0103m noi pe P\u0103m\u00e2nt cu o ras\u0103 secret\u0103 de care nu \u015ftim nimic? - Secretele lui Lovendal\",\"isPartOf\":{\"@id\":\"https:\\\/\\\/www.lovendal.ro\\\/wp52\\\/#website\"},\"primaryImageOfPage\":{\"@id\":\"https:\\\/\\\/www.lovendal.ro\\\/wp52\\\/valkyriile-fecioarele-inaripate-si-elfii-coexistam-noi-pe-pamant-cu-o-rasa-secreta-de-care-nu-stim-nimic\\\/#primaryimage\"},\"image\":{\"@id\":\"https:\\\/\\\/www.lovendal.ro\\\/wp52\\\/valkyriile-fecioarele-inaripate-si-elfii-coexistam-noi-pe-pamant-cu-o-rasa-secreta-de-care-nu-stim-nimic\\\/#primaryimage\"},\"thumbnailUrl\":\"https:\\\/\\\/www.lovendal.ro\\\/wp52\\\/wp-content\\\/uploads\\\/2013\\\/01\\\/valkyrie.jpg\",\"datePublished\":\"2013-01-14T21:57:12+00:00\",\"breadcrumb\":{\"@id\":\"https:\\\/\\\/www.lovendal.ro\\\/wp52\\\/valkyriile-fecioarele-inaripate-si-elfii-coexistam-noi-pe-pamant-cu-o-rasa-secreta-de-care-nu-stim-nimic\\\/#breadcrumb\"},\"inLanguage\":\"ro-RO\",\"potentialAction\":[{\"@type\":\"ReadAction\",\"target\":[\"https:\\\/\\\/www.lovendal.ro\\\/wp52\\\/valkyriile-fecioarele-inaripate-si-elfii-coexistam-noi-pe-pamant-cu-o-rasa-secreta-de-care-nu-stim-nimic\\\/\"]}]},{\"@type\":\"ImageObject\",\"inLanguage\":\"ro-RO\",\"@id\":\"https:\\\/\\\/www.lovendal.ro\\\/wp52\\\/valkyriile-fecioarele-inaripate-si-elfii-coexistam-noi-pe-pamant-cu-o-rasa-secreta-de-care-nu-stim-nimic\\\/#primaryimage\",\"url\":\"https:\\\/\\\/www.lovendal.ro\\\/wp52\\\/wp-content\\\/uploads\\\/2013\\\/01\\\/valkyrie.jpg\",\"contentUrl\":\"https:\\\/\\\/www.lovendal.ro\\\/wp52\\\/wp-content\\\/uploads\\\/2013\\\/01\\\/valkyrie.jpg\",\"width\":\"311\",\"height\":\"243\"},{\"@type\":\"BreadcrumbList\",\"@id\":\"https:\\\/\\\/www.lovendal.ro\\\/wp52\\\/valkyriile-fecioarele-inaripate-si-elfii-coexistam-noi-pe-pamant-cu-o-rasa-secreta-de-care-nu-stim-nimic\\\/#breadcrumb\",\"itemListElement\":[{\"@type\":\"ListItem\",\"position\":1,\"name\":\"Home\",\"item\":\"https:\\\/\\\/www.lovendal.ro\\\/wp52\\\/\"},{\"@type\":\"ListItem\",\"position\":2,\"name\":\"Valkyriile (fecioarele \u00eenaripate \u015fi elfii)&#8230; Coexist\u0103m noi pe P\u0103m\u00e2nt cu o ras\u0103 secret\u0103 de care nu \u015ftim nimic?\"}]},{\"@type\":\"WebSite\",\"@id\":\"https:\\\/\\\/www.lovendal.ro\\\/wp52\\\/#website\",\"url\":\"https:\\\/\\\/www.lovendal.ro\\\/wp52\\\/\",\"name\":\"Secretele lui Lovendal\",\"description\":\"Site de secrete, stiinta si metafizica - din 2008 -\",\"publisher\":{\"@id\":\"https:\\\/\\\/www.lovendal.ro\\\/wp52\\\/#organization\"},\"potentialAction\":[{\"@type\":\"SearchAction\",\"target\":{\"@type\":\"EntryPoint\",\"urlTemplate\":\"https:\\\/\\\/www.lovendal.ro\\\/wp52\\\/?s={search_term_string}\"},\"query-input\":{\"@type\":\"PropertyValueSpecification\",\"valueRequired\":true,\"valueName\":\"search_term_string\"}}],\"inLanguage\":\"ro-RO\"},{\"@type\":\"Organization\",\"@id\":\"https:\\\/\\\/www.lovendal.ro\\\/wp52\\\/#organization\",\"name\":\"Secretele lui Lovendal\",\"url\":\"https:\\\/\\\/www.lovendal.ro\\\/wp52\\\/\",\"logo\":{\"@type\":\"ImageObject\",\"inLanguage\":\"ro-RO\",\"@id\":\"https:\\\/\\\/www.lovendal.ro\\\/wp52\\\/#\\\/schema\\\/logo\\\/image\\\/\",\"url\":\"https:\\\/\\\/www.lovendal.ro\\\/wp52\\\/wp-content\\\/uploads\\\/2024\\\/06\\\/cropped-SLL-iun-2024-1.jpg\",\"contentUrl\":\"https:\\\/\\\/www.lovendal.ro\\\/wp52\\\/wp-content\\\/uploads\\\/2024\\\/06\\\/cropped-SLL-iun-2024-1.jpg\",\"width\":771,\"height\":240,\"caption\":\"Secretele lui Lovendal\"},\"image\":{\"@id\":\"https:\\\/\\\/www.lovendal.ro\\\/wp52\\\/#\\\/schema\\\/logo\\\/image\\\/\"},\"sameAs\":[\"https:\\\/\\\/www.facebook.com\\\/secreteleluilovendal\"]},{\"@type\":\"Person\",\"@id\":\"https:\\\/\\\/www.lovendal.ro\\\/wp52\\\/#\\\/schema\\\/person\\\/088691de5dfc346bb0c023e1e52ef5d9\",\"name\":\"admin\",\"image\":{\"@type\":\"ImageObject\",\"inLanguage\":\"ro-RO\",\"@id\":\"https:\\\/\\\/secure.gravatar.com\\\/avatar\\\/ecb9cd41f5f63c9c9b989999a59f6e2639a865ec361e9db054db0679a8f341c2?s=96&d=mm&r=g\",\"url\":\"https:\\\/\\\/secure.gravatar.com\\\/avatar\\\/ecb9cd41f5f63c9c9b989999a59f6e2639a865ec361e9db054db0679a8f341c2?s=96&d=mm&r=g\",\"contentUrl\":\"https:\\\/\\\/secure.gravatar.com\\\/avatar\\\/ecb9cd41f5f63c9c9b989999a59f6e2639a865ec361e9db054db0679a8f341c2?s=96&d=mm&r=g\",\"caption\":\"admin\"},\"sameAs\":[\"https:\\\/\\\/www.lovendal.ro\\\/wp52\"]}]}<\/script>\n<!-- \/ Yoast SEO Premium plugin. -->","yoast_head_json":{"title":"Valkyriile (fecioarele \u00eenaripate \u015fi elfii)... Coexist\u0103m noi pe P\u0103m\u00e2nt cu o ras\u0103 secret\u0103 de care nu \u015ftim nimic? - Secretele lui Lovendal","robots":{"index":"index","follow":"follow","max-snippet":"max-snippet:-1","max-image-preview":"max-image-preview:large","max-video-preview":"max-video-preview:-1"},"canonical":"https:\/\/www.lovendal.ro\/wp52\/valkyriile-fecioarele-inaripate-si-elfii-coexistam-noi-pe-pamant-cu-o-rasa-secreta-de-care-nu-stim-nimic\/","og_locale":"ro_RO","og_type":"article","og_title":"Valkyriile (fecioarele \u00eenaripate \u015fi elfii)... Coexist\u0103m noi pe P\u0103m\u00e2nt cu o ras\u0103 secret\u0103 de care nu \u015ftim nimic?","og_description":"Valkyriile, fecioare \u00eenaripate care aduceau sufletele eroilor \u00een Valhalla, se asem\u0103nau cu \u201e\u00eengerii&#8221; celor mor\u0163i din teologia semit\u0103, put\u00e2nd fi \u015fi ele amintiri colective ale unor fiin\u0163e din Spa\u0163iu. C\u00e2nd acestea c\u0103l\u0103reau prin cer, din coama cailor c\u0103deau \u201epic\u0103turi roditoare ... Cititi mai multe","og_url":"https:\/\/www.lovendal.ro\/wp52\/valkyriile-fecioarele-inaripate-si-elfii-coexistam-noi-pe-pamant-cu-o-rasa-secreta-de-care-nu-stim-nimic\/","og_site_name":"Secretele lui Lovendal","article_publisher":"https:\/\/www.facebook.com\/secreteleluilovendal","article_published_time":"2013-01-14T21:57:12+00:00","og_image":[{"width":311,"height":243,"url":"https:\/\/www.lovendal.ro\/wp52\/wp-content\/uploads\/2013\/01\/valkyrie.jpg","type":"image\/jpeg"}],"author":"admin","twitter_card":"summary_large_image","twitter_misc":{"Scris de":"admin","Timp estimat pentru citire":"2 minute"},"schema":{"@context":"https:\/\/schema.org","@graph":[{"@type":"Article","@id":"https:\/\/www.lovendal.ro\/wp52\/valkyriile-fecioarele-inaripate-si-elfii-coexistam-noi-pe-pamant-cu-o-rasa-secreta-de-care-nu-stim-nimic\/#article","isPartOf":{"@id":"https:\/\/www.lovendal.ro\/wp52\/valkyriile-fecioarele-inaripate-si-elfii-coexistam-noi-pe-pamant-cu-o-rasa-secreta-de-care-nu-stim-nimic\/"},"author":{"name":"admin","@id":"https:\/\/www.lovendal.ro\/wp52\/#\/schema\/person\/088691de5dfc346bb0c023e1e52ef5d9"},"headline":"Valkyriile (fecioarele \u00eenaripate \u015fi elfii)&#8230; Coexist\u0103m noi pe P\u0103m\u00e2nt cu o ras\u0103 secret\u0103 de care nu \u015ftim nimic?","datePublished":"2013-01-14T21:57:12+00:00","mainEntityOfPage":{"@id":"https:\/\/www.lovendal.ro\/wp52\/valkyriile-fecioarele-inaripate-si-elfii-coexistam-noi-pe-pamant-cu-o-rasa-secreta-de-care-nu-stim-nimic\/"},"wordCount":325,"commentCount":9,"publisher":{"@id":"https:\/\/www.lovendal.ro\/wp52\/#organization"},"image":{"@id":"https:\/\/www.lovendal.ro\/wp52\/valkyriile-fecioarele-inaripate-si-elfii-coexistam-noi-pe-pamant-cu-o-rasa-secreta-de-care-nu-stim-nimic\/#primaryimage"},"thumbnailUrl":"https:\/\/www.lovendal.ro\/wp52\/wp-content\/uploads\/2013\/01\/valkyrie.jpg","keywords":["elf","Evul Mediu","fecioar\u0103","mitologie","Paranormal-Spiritualitate","pitic","silf","Valkyrie","zeu"],"articleSection":["Paranormal-Spiritualitate"],"inLanguage":"ro-RO","potentialAction":[{"@type":"CommentAction","name":"Comment","target":["https:\/\/www.lovendal.ro\/wp52\/valkyriile-fecioarele-inaripate-si-elfii-coexistam-noi-pe-pamant-cu-o-rasa-secreta-de-care-nu-stim-nimic\/#respond"]}]},{"@type":"WebPage","@id":"https:\/\/www.lovendal.ro\/wp52\/valkyriile-fecioarele-inaripate-si-elfii-coexistam-noi-pe-pamant-cu-o-rasa-secreta-de-care-nu-stim-nimic\/","url":"https:\/\/www.lovendal.ro\/wp52\/valkyriile-fecioarele-inaripate-si-elfii-coexistam-noi-pe-pamant-cu-o-rasa-secreta-de-care-nu-stim-nimic\/","name":"Valkyriile (fecioarele \u00eenaripate \u015fi elfii)... Coexist\u0103m noi pe P\u0103m\u00e2nt cu o ras\u0103 secret\u0103 de care nu \u015ftim nimic? - Secretele lui Lovendal","isPartOf":{"@id":"https:\/\/www.lovendal.ro\/wp52\/#website"},"primaryImageOfPage":{"@id":"https:\/\/www.lovendal.ro\/wp52\/valkyriile-fecioarele-inaripate-si-elfii-coexistam-noi-pe-pamant-cu-o-rasa-secreta-de-care-nu-stim-nimic\/#primaryimage"},"image":{"@id":"https:\/\/www.lovendal.ro\/wp52\/valkyriile-fecioarele-inaripate-si-elfii-coexistam-noi-pe-pamant-cu-o-rasa-secreta-de-care-nu-stim-nimic\/#primaryimage"},"thumbnailUrl":"https:\/\/www.lovendal.ro\/wp52\/wp-content\/uploads\/2013\/01\/valkyrie.jpg","datePublished":"2013-01-14T21:57:12+00:00","breadcrumb":{"@id":"https:\/\/www.lovendal.ro\/wp52\/valkyriile-fecioarele-inaripate-si-elfii-coexistam-noi-pe-pamant-cu-o-rasa-secreta-de-care-nu-stim-nimic\/#breadcrumb"},"inLanguage":"ro-RO","potentialAction":[{"@type":"ReadAction","target":["https:\/\/www.lovendal.ro\/wp52\/valkyriile-fecioarele-inaripate-si-elfii-coexistam-noi-pe-pamant-cu-o-rasa-secreta-de-care-nu-stim-nimic\/"]}]},{"@type":"ImageObject","inLanguage":"ro-RO","@id":"https:\/\/www.lovendal.ro\/wp52\/valkyriile-fecioarele-inaripate-si-elfii-coexistam-noi-pe-pamant-cu-o-rasa-secreta-de-care-nu-stim-nimic\/#primaryimage","url":"https:\/\/www.lovendal.ro\/wp52\/wp-content\/uploads\/2013\/01\/valkyrie.jpg","contentUrl":"https:\/\/www.lovendal.ro\/wp52\/wp-content\/uploads\/2013\/01\/valkyrie.jpg","width":"311","height":"243"},{"@type":"BreadcrumbList","@id":"https:\/\/www.lovendal.ro\/wp52\/valkyriile-fecioarele-inaripate-si-elfii-coexistam-noi-pe-pamant-cu-o-rasa-secreta-de-care-nu-stim-nimic\/#breadcrumb","itemListElement":[{"@type":"ListItem","position":1,"name":"Home","item":"https:\/\/www.lovendal.ro\/wp52\/"},{"@type":"ListItem","position":2,"name":"Valkyriile (fecioarele \u00eenaripate \u015fi elfii)&#8230; Coexist\u0103m noi pe P\u0103m\u00e2nt cu o ras\u0103 secret\u0103 de care nu \u015ftim nimic?"}]},{"@type":"WebSite","@id":"https:\/\/www.lovendal.ro\/wp52\/#website","url":"https:\/\/www.lovendal.ro\/wp52\/","name":"Secretele lui Lovendal","description":"Site de secrete, stiinta si metafizica - din 2008 -","publisher":{"@id":"https:\/\/www.lovendal.ro\/wp52\/#organization"},"potentialAction":[{"@type":"SearchAction","target":{"@type":"EntryPoint","urlTemplate":"https:\/\/www.lovendal.ro\/wp52\/?s={search_term_string}"},"query-input":{"@type":"PropertyValueSpecification","valueRequired":true,"valueName":"search_term_string"}}],"inLanguage":"ro-RO"},{"@type":"Organization","@id":"https:\/\/www.lovendal.ro\/wp52\/#organization","name":"Secretele lui Lovendal","url":"https:\/\/www.lovendal.ro\/wp52\/","logo":{"@type":"ImageObject","inLanguage":"ro-RO","@id":"https:\/\/www.lovendal.ro\/wp52\/#\/schema\/logo\/image\/","url":"https:\/\/www.lovendal.ro\/wp52\/wp-content\/uploads\/2024\/06\/cropped-SLL-iun-2024-1.jpg","contentUrl":"https:\/\/www.lovendal.ro\/wp52\/wp-content\/uploads\/2024\/06\/cropped-SLL-iun-2024-1.jpg","width":771,"height":240,"caption":"Secretele lui Lovendal"},"image":{"@id":"https:\/\/www.lovendal.ro\/wp52\/#\/schema\/logo\/image\/"},"sameAs":["https:\/\/www.facebook.com\/secreteleluilovendal"]},{"@type":"Person","@id":"https:\/\/www.lovendal.ro\/wp52\/#\/schema\/person\/088691de5dfc346bb0c023e1e52ef5d9","name":"admin","image":{"@type":"ImageObject","inLanguage":"ro-RO","@id":"https:\/\/secure.gravatar.com\/avatar\/ecb9cd41f5f63c9c9b989999a59f6e2639a865ec361e9db054db0679a8f341c2?s=96&d=mm&r=g","url":"https:\/\/secure.gravatar.com\/avatar\/ecb9cd41f5f63c9c9b989999a59f6e2639a865ec361e9db054db0679a8f341c2?s=96&d=mm&r=g","contentUrl":"https:\/\/secure.gravatar.com\/avatar\/ecb9cd41f5f63c9c9b989999a59f6e2639a865ec361e9db054db0679a8f341c2?s=96&d=mm&r=g","caption":"admin"},"sameAs":["https:\/\/www.lovendal.ro\/wp52"]}]}},"_links":{"self":[{"href":"https:\/\/www.lovendal.ro\/wp52\/wp-json\/wp\/v2\/posts\/26448","targetHints":{"allow":["GET"]}}],"collection":[{"href":"https:\/\/www.lovendal.ro\/wp52\/wp-json\/wp\/v2\/posts"}],"about":[{"href":"https:\/\/www.lovendal.ro\/wp52\/wp-json\/wp\/v2\/types\/post"}],"author":[{"embeddable":true,"href":"https:\/\/www.lovendal.ro\/wp52\/wp-json\/wp\/v2\/users\/1"}],"replies":[{"embeddable":true,"href":"https:\/\/www.lovendal.ro\/wp52\/wp-json\/wp\/v2\/comments?post=26448"}],"version-history":[{"count":0,"href":"https:\/\/www.lovendal.ro\/wp52\/wp-json\/wp\/v2\/posts\/26448\/revisions"}],"wp:featuredmedia":[{"embeddable":true,"href":"https:\/\/www.lovendal.ro\/wp52\/wp-json\/wp\/v2\/media\/26449"}],"wp:attachment":[{"href":"https:\/\/www.lovendal.ro\/wp52\/wp-json\/wp\/v2\/media?parent=26448"}],"wp:term":[{"taxonomy":"category","embeddable":true,"href":"https:\/\/www.lovendal.ro\/wp52\/wp-json\/wp\/v2\/categories?post=26448"},{"taxonomy":"post_tag","embeddable":true,"href":"https:\/\/www.lovendal.ro\/wp52\/wp-json\/wp\/v2\/tags?post=26448"}],"curies":[{"name":"wp","href":"https:\/\/api.w.org\/{rel}","templated":true}]}}