{"id":2613,"date":"2009-01-15T10:10:45","date_gmt":"2009-01-15T06:10:45","guid":{"rendered":"http:\/\/www.lovendal.net\/wp52\/?p=2613"},"modified":"2009-01-16T10:00:32","modified_gmt":"2009-01-16T06:00:32","slug":"rascoala-de-la-1907-scenariul-pregatit-de-imperiul-austro-ungar","status":"publish","type":"post","link":"https:\/\/www.lovendal.ro\/wp52\/rascoala-de-la-1907-scenariul-pregatit-de-imperiul-austro-ungar\/","title":{"rendered":"&#8222;R\u0103scoala de la 1907&#8221;, scenariul preg\u0103tit de Imperiul Austro-Ungar"},"content":{"rendered":"<p><img loading=\"lazy\" decoding=\"async\" class=\"alignleft size-full wp-image-2614\" title=\"rascoala\" src=\"https:\/\/www.lovendal.ro\/wp52\/wp-content\/uploads\/2009\/01\/rascoala.jpg\" alt=\"rascoala\" width=\"370\" height=\"305\" srcset=\"https:\/\/www.lovendal.ro\/wp52\/wp-content\/uploads\/2009\/01\/rascoala.jpg 370w, https:\/\/www.lovendal.ro\/wp52\/wp-content\/uploads\/2009\/01\/rascoala-300x247.jpg 300w\" sizes=\"auto, (max-width: 370px) 100vw, 370px\" \/>Cine nu a auzit de r\u0103scoal\u0103 \u0163\u0103ranilor din 1907? Timp de mai bine de 45 de ani, regimul comunist a considerat evenimentele ca pe un exemplu elocvent al caracterului capitalismului rom\u00e2nesc, dur \u015fi nemilos, care a ajuns p\u00e2n\u0103 \u00eentr-acolo, \u00eenc\u00e2t a ordonat s\u0103 se trag\u0103 asupra \u0163\u0103ranilor nemul\u0163umi\u0163i de condi\u0163iile de munc\u0103 \u015fi tr\u0103i. Nu \u00eent\u00e2mpl\u0103tor, istoricul oficial al stalinismului rom\u00e2nesc, Mihai Roller, a str\u00e2ns \u015fi publicat \u00een 1948, cu o repeziciune demn\u0103 de o cauz\u0103 mai bun\u0103, documentele r\u0103scoalei din 1907. Tot ceea ce sus\u0163inea propaganda comunist\u0103 se afla acolo: execu\u0163ii, interven\u0163ia armatei, cifra de 11.000 de mor\u0163i preluat\u0103 din articolele lui Constantin Mille \u015fi, \u00een final, groz\u0103via ascunderii dosarelor de c\u0103tre \u00eensu\u015fi regele Carol I.<\/p>\n<p>Ast\u0103zi, la peste 100 de ani de la evenimente, documentele ne spun o poveste diferit\u0103 de aceea cu care marea majoritate ne-am obi\u015fnuit deja. Un adev\u0103r ascuns prea mult timp \u00een spatele discursului oficial.<\/p>\n<p><em><strong>Un plan secret al Imperiului Austro-Ungar<\/strong><\/em><\/p>\n<p>Dac\u0103 Imperiul Austro-Ungar a avut, dup\u0103 1866 (\u00eenfr\u00e2ngerea \u00een fa\u0163a trupelor prusace ale lui Bismarck), un an de care s\u0103 fie cu adev\u0103rat m\u00e2ndru \u015fi \u00een care s\u0103 \u00ee\u015fi retr\u0103iasc\u0103 gloria, acela a fost, f\u0103r\u0103 \u00eendoial\u0103, anul 1908. Se \u00eemplineau 60 de ani de domnie a marelui \u00eemp\u0103rat Franz Joseph, iar \u00eentregul aparat militar \u015fi diplomatic al imperiului trudise din greu s\u0103 \u00eei ofere un adev\u0103rat moment de neuitat. Contele Alois Aerenthal, ministru al Afacerilor Externe al Dublei Monarhii, era unul dintre partizanii doctrinei habsburgice &#8222;A.E.I.O.U.&#8221; (Austria est imperare orbi universo &#8211; Austria trebuie s\u0103 conduc\u0103 \u00eentreaga lume) \u015fi decisese c\u0103 anul 1908 va deveni cel \u00een care trebuia demonstrata valabilitatea axiomei.<\/p>\n<figure id=\"attachment_2615\" aria-describedby=\"caption-attachment-2615\" style=\"width: 105px\" class=\"wp-caption alignleft\"><img loading=\"lazy\" decoding=\"async\" class=\"size-full wp-image-2615\" title=\"Alois Aerenthal\" src=\"https:\/\/www.lovendal.ro\/wp52\/wp-content\/uploads\/2009\/01\/aehrenthal.jpg\" alt=\"Alois Aerenthal, ministrul de externe al Imperiului Austro-Ungar\" width=\"115\" height=\"149\" \/><figcaption id=\"caption-attachment-2615\" class=\"wp-caption-text\">Alois Aerenthal<\/figcaption><\/figure>\n<p>Planul fusese g\u00e2ndit \u00eenc\u0103 \u00een urm\u0103 cu c\u00e2\u0163iva ani. \u00cen primul r\u00e2nd, Alois Aerenthal preg\u0103tise anexarea oficial\u0103 a Bosniei \u015fi Her\u0163egovinei, provincii pe care imperiul le administra din 1878, ca urmare a prevederilor tratatului de la Berlin. Le administra doar, c\u0103ci suveranul nominal r\u0103m\u00e2nea sultanul de la Constantinopol. Spre a-l \u00eempiedica pe acesta s\u0103 intervin\u0103 \u00een ap\u0103rarea drepturilor sale, Aerenthal a preg\u0103tit o r\u0103scoal\u0103 \u00een insula Creta \u015fi proclamarea independen\u0163ei Bulgariei, alt\u0103 component\u0103 nominal\u0103 a Imperiului otoman. Toate cele trei evenimente au avut loc aproape simultan, pun\u00e2ndu-l pe sultan \u00een imposibilitate de a reac\u0163iona. Bulgaria a ob\u0163inut astfel independen\u0163a, Austro-Ungaria &#8211; Bosnia-Her\u0163egovina, iar singurii care au pl\u0103tit oalele sparte au fost cretanii, a c\u0103ror r\u0103scoal\u0103 a fost zdrobit\u0103, dar care, \u00eentr-un final fericit, au reu\u015fit s\u0103 se uneasc\u0103 cu Grecia (1908).<\/p>\n<p>A doua parte a planului conceput de Aerenthal presupunea distrugerea celor doi inamici tradi\u0163ionali ai dublei monarhii, respectiv Serbia \u015fi Rusia. Dup\u0103 cum era \u015fi firesc, Serbia a respins \u00eencorporarea Bosniei-Her\u0163egovinei, populat\u0103 \u00een special de s\u00e2rbi, la Austro-Ungaria, cer\u00e2nd compensa\u0163ii \u015fi protest\u00e2nd vehement. Acesta era exact pretextul dorit de Aerenthal. Armata imperial\u0103 a \u00eenconjurat Serbia \u015fi a amenin\u0163at cu r\u0103zboiul. Belgradul a solicitat imediat ajutorul Rusiei, urm\u00e2nd exemplul at\u00e2tor alte ac\u0163iuni din lungul istoriei. Dar \u00een 1908 Rusia era o \u0163ar\u0103 devastat\u0103. \u00cen anii 1904-1905, flota \u015fi armata sa fuseser\u0103 distruse de japonezi, urm\u00e2nd apoi doi ani de revolte interne, finalizate printr-o revolu\u0163ie ce aruncase de-a dreptul tara \u00een haos. Totu\u015fi, \u0163arul Nicolae II (1894-1917) a \u00eencercat s\u0103 intervin\u0103, dar s-a v\u0103zut confruntat cu un dur ultimatum venit din partea Berlinului \u015fi a Vienei, prin care acestea \u00eel amenin\u0163au cu un atac imediat \u00een cazul sprijinirii \u015eerbiei. Cauza s\u00e2rba trebuia abandonat\u0103&#8230;<\/p>\n<p>Astfel anul 1908 aducea \u015fi umilirea interna\u0163ional\u0103 a Rusiei, \u00eenfr\u00e2ngerea Serbiei \u015fi gloria Austro-Ungariei. Adic\u0103, exact aceea\u015fi conjunctur\u0103 care va conduce la izbucnirea primului r\u0103zboi mondial \u00een iulie 1914. R\u0103d\u0103cinile se reg\u0103seau \u00een anul 1908.<\/p>\n<p><em><strong>Rom\u00e2nia, piedic\u0103 \u00een gloria Imperiului Austro-Ungar<\/strong><\/em><\/p>\n<figure id=\"attachment_2617\" aria-describedby=\"caption-attachment-2617\" style=\"width: 390px\" class=\"wp-caption alignleft\"><img loading=\"lazy\" decoding=\"async\" class=\"size-full wp-image-2617\" title=\"austro-ungaria\" src=\"https:\/\/www.lovendal.ro\/wp52\/wp-content\/uploads\/2009\/01\/austro-ungaria.jpg\" alt=\"Imperiul Austro-Ungar\" width=\"400\" height=\"233\" srcset=\"https:\/\/www.lovendal.ro\/wp52\/wp-content\/uploads\/2009\/01\/austro-ungaria.jpg 400w, https:\/\/www.lovendal.ro\/wp52\/wp-content\/uploads\/2009\/01\/austro-ungaria-300x174.jpg 300w\" sizes=\"auto, (max-width: 400px) 100vw, 400px\" \/><figcaption id=\"caption-attachment-2617\" class=\"wp-caption-text\">Imperiul Austro-Ungar<\/figcaption><\/figure>\n<p>O singur\u0103 ne\u00eemplinire umbrea gloria imperiului: Rom\u00e2nia. \u015ei ea, ca \u015fi Serbia, avea teritorii na\u0163ionale \u015fi popula\u0163ii asuprite de dubla monarhie; \u015fi ea visa la revan\u015fa; \u015fi ea ar fi trebuit umilit\u0103 \u015fi zdrobit\u0103 \u00een anul de gra\u0163ie 1908. Dac\u0103 planul lui Aerenthal ar fi reu\u015fit, atunci poate nu ar mai fi existat nici momentul 1916 \u015fi nici Marea Unire din 1918. Dar, din fericire pentru noi, \u00eencercarea a e\u015fuat.<\/p>\n<p>Interesul Puterilor Centrale fa\u0163\u0103 de Rom\u00e2nia nu era de dat\u0103 recent\u0103. Iar \u00een preajma anului 1907, el se intensificase brusc. Istoricul Karl Scheerer a observat, la r\u00e2ndul s\u0103u, noul tip de aten\u0163ie acordat Rom\u00e2niei \u00een acest interval cronologic. O r\u0103scoal\u0103 care ar fi pus puterea de la Bucure\u015fti \u00een imposibilitatea de a mai guverna, urmat\u0103 de interven\u0163ia, solicitat\u0103 sau impus\u0103 de la Viena, a trupelor austro-ungare pentru ocuparea \u015fi &#8222;salvarea&#8221; situa\u0163iei \u00een zon\u0103. \u015ei astfel se distrugea orice posibilitate a Rom\u00e2niei de a ac\u0163iona pentru eliberarea rom\u00e2nilor transilv\u0103neni.<\/p>\n<p><em><strong>Re\u0163eaua de spionaj a lui Eidinger<\/strong><\/em><\/p>\n<p>Centrul de unde se preg\u0103tea lovitura era ora\u015ful Cern\u0103u\u0163i. Aici, generalul Fischer, \u015feful jandarmeriei austriece, \u00eenfiin\u0163ase un birou de plasare de for\u0163a de munc\u0103 \u015fi bani (bine\u00een\u0163eles \u015fi spioni!) \u00een Rom\u00e2nia, birou condus de un anume N. Eidinger.<\/p>\n<p>Acesta avea o sumar\u0103 preg\u0103tire militar\u0103, iar tactica s\u0103 de infiltrare a spionilor \u00een \u0163ara vecina se folosea de marile linii de cale ferat\u0103 \u015fi de \u015fosele. \u00cen anul 1905, el a deschis un birou comercial \u00een sediul hotelului Ath\u00e9n\u00e9e Palace din Bucure\u015fti \u015fi a \u00eenceput plasarea de muncitori agricoli pe tot teritoriul Rom\u00e2niei. \u00cen plus, oferea importante c\u00e2\u015ftiguri arenda\u015filor, prelu\u00e2ndu-le produsele agricole \u015fi livr\u00e2ndu-le apoi armatei austro-ungare. Unele dintre cele mai profitabile rela\u0163ii de amici\u0163ie, dar \u015fi comerciale le-a avut cu de-acum cunoscut\u0103 familie Fischer, marii arenda\u015fi din regiunea Moldovei.<\/p>\n<p>Alte \u0163inte ale spionajului austro-ungar \u015fi care vor juca un rol important \u00een evenimentele anului 1907 sunt reprezentate de tagma ziari\u015ftilor, \u00een special de Constantin Mille \u015fi ziarul Adev\u0103rul. Spionul imperial G\u00fcnther raporta \u00een acest sens la Viena:<em> &#8222;Afacerea ziarului Adev\u0103rul merge pe drumul cel bun, s-a operat asupra lui Mille cu mari sume&#8221;.<\/em> \u00cen aceea\u015fi manier\u0103 se va &#8222;lucra&#8221; \u015fi cu alte gazete, precum Universul, Epoca, ale c\u0103ror<em> &#8222;articole erau scrise&#8221;<\/em> &#8211; m\u0103rturisea acela\u015fi G\u00fcnther &#8211; <em>&#8222;pe biroul meu&#8221;<\/em>. Nu \u00eent\u00e2mpl\u0103tor, ele vor fi \u015fi cele care vor lansa cifrele de 10-11.000 de mor\u0163i \u00een tragicele evenimente. Cu alte cuvinte, p\u00e2n\u0103 \u00een 1907, Austro-Ungaria \u00ee\u015fi crease o vast\u0103 re\u0163ea de spionaj \u015fi influen\u0163\u0103, merg\u00e2nd de la periferie \u015fi p\u00e2n\u0103 \u00een centru, implic\u00e2nd oameni politici, arenda\u015fi, chiar \u015fi mii de simpli lucr\u0103tori, plasa\u0163i de Eidinger \u00een puncte considerate strategice. Re\u0163eaua p\u0103rea bine pus\u0103 la punct \u015fi gata de ac\u0163iune.<\/p>\n<p>Dac\u0103 foametea ar fi condus la r\u0103scoal\u0103, anul 1904 ar fi fost momentul cel mai propice \u00een acest sens. \u00cen schimb, \u00een 1907 se anun\u0163au chiar recolte bune \u015fi anul venea, lucru extrem de important, dup\u0103 al\u0163i doi cu rezultate frumoase. Cum de a izbucnit totu\u015fi revolta?<\/p>\n<p><em><strong>Fl\u0103m\u00e2nzi, satul de unde Imperiul Austro-Ungar a aprins fitilul<\/strong><\/em><\/p>\n<p>Un mare arenda\u015f, Mochi Fischer, prieten cu Eidinger, a refuzat s\u0103 semneze \u00eenvoielile agricole cu \u0163\u0103ranii s\u0103i pentru anul 1907. A am\u00e2nat \u015fi refuzat orice ofert\u0103, p\u00e2n\u0103 c\u00e2nd, la \u00eenceputul lunii martie, \u0163\u0103ranii dintr-un sat cu nume parc\u0103 predestinat, Fl\u0103m\u00e2nzi, tem\u00e2ndu-se c\u0103 vor r\u0103m\u00e2ne f\u0103r\u0103 lucru \u015fi hrana, au cerut cu violen\u0163\u0103 semnarea contractelor. Speriat, Mochi s-a refugiat la Cern\u0103u\u0163i, la prietenul s\u0103u, f\u0103r\u0103 \u00eens\u0103 s\u0103 semneze nimic \u015fi l\u0103s\u00e2ndu-i pe oameni de-a dreptul dispera\u0163i. Pericolul lipsei de p\u0103m\u00e2nt, deci de munc\u0103, era din ce \u00een ce mai puternic.<\/p>\n<p>Imediat, pe miile de hectare arendate de Fischer, apar personaje ciudate, care dau de b\u0103ut la toat\u0103 lumea \u015fi \u00eendeamn\u0103 la violen\u0163\u0103. Atac\u0103 prim\u0103riile, posturile de jandarmi; sunt \u00eenarma\u0163i \u015fi au o evident\u0103 preg\u0103tire militar\u0103. Toate rapoartele de la Boto\u015fani, din jude\u0163ul Neam\u0163, arat\u0103 acela\u015fi lucru: indivizi din afara satelor, cu uniforme ciudate \u015fi rute de deplasare pe linia Boto\u015fani-Cern\u0103u\u0163i sunt la r\u0103d\u0103cina tuturor atacurilor. Carol I a \u00een\u0163eles rapid ce se \u00eent\u00e2mpla \u015fi, pe data de 7 martie 1907, a ordonat ca frontiera de la Suceava la Mih\u0103ileni s\u0103 fie ocupat\u0103 militar, pentru a \u00eempiedica infiltr\u0103rile agen\u0163ilor austro-ungari. Dar era destul de t\u00e2rziu.<\/p>\n<p><em><strong>Campania mass-media din umbr\u0103<\/strong><\/em><\/p>\n<p><img loading=\"lazy\" decoding=\"async\" class=\"alignleft size-full wp-image-2618\" title=\"1907\" src=\"https:\/\/www.lovendal.ro\/wp52\/wp-content\/uploads\/2009\/01\/1907.jpg\" alt=\"1907\" width=\"236\" height=\"156\" \/>La \u00eenceputul lunii martie, r\u0103zvr\u0103tirile din nordul Moldovei erau \u0163inute sub control \u015fi lini\u015ftea \u00eencepea s\u0103 revin\u0103, c\u00e2nd ziarul <em><strong>Adev\u0103rul <\/strong><\/em>a \u00eenceput o ampl\u0103 campanie \u00eempotriva a ceea ce ziari\u015ftii de aici numeau &#8222;marile masacre&#8221;. Titlurile vuiau: <em>&#8222;Refuz de a ie\u015fi la munca c\u00e2mpului&#8221;, &#8222;Ridicarea recoltelor cu for\u0163a&#8221;, &#8222;Se trage \u00een \u0163\u0103rani<\/em>&#8222;.<\/p>\n<p>Prefectul de Foc\u015fani, Aguletti, comunic\u0103 lapidar capitalei:<em> &#8222;Ziarele r\u0103sp\u00e2ndesc enorm spiritul de r\u0103scoal\u0103, public\u00e2nd \u015ftiri de zvon, fanteziste, exagerate. Bine\u00een\u0163eles, \u00een fruntea tuturor se aflau Adev\u0103rul \u015fi Universul. Din acest moment apare \u00eentr-adev\u0103r \u015fi r\u0103scoal\u0103 real\u0103, c\u0103ci ziarele relateaz\u0103 &#8211; fals &#8211; \u015ftirea conform c\u0103reia acolo unde oamenii au avut curajul de a se revolt\u0103, s-au \u015fi semnat contractele at\u00e2t de dorite de \u0163\u0103rani \u015fi comunitatea rural\u0103. \u015ei ce nu face omul pentru un ban \u00een plus? Chiar \u015fi o&#8230; r\u0103scoal\u0103&#8221;.<\/em><\/p>\n<p><strong><em>R\u0103sp\u00e2ndirea r\u0103scoalei<\/em><\/strong><\/p>\n<p>\u00cen luna martie, r\u0103scoala se extinde, pe acela\u015fi tipar \u015fi cu ajutorul acelora\u015fi agitatori. Sunt cuprinse jude\u0163ele Ia\u015fi, Suceava, Vaslui, Falciu, Tecuci, Neam\u0163, Bac\u0103u, Tutova, Putna etc. Guvernul conservator se arat\u0103 incapabil de a controla situa\u0163ia. Primul ministru, &#8222;Nababul&#8221; Gheorghe Cantacuzino, a dat un ordin, cel pu\u0163in ciudat, solicit\u00e2nd reprimarea r\u0103scoalei &#8222;cu cea mai mare fermitate \u015fi bl\u00e2nde\u0163e&#8221;. Al\u0163i frunta\u015fi conservatori, precum Mihail Pherekyde, sunt de ani buni pe lista de plat\u0103 a Austro-Ungariei \u015fi deci refuza s\u0103 ia vreo m\u0103sur\u0103 imediat\u0103.<\/p>\n<p>Dou\u0103 personaje au realizat \u00eens\u0103 gravitatea situa\u0163iei: Take Ionescu \u015fi Carol I. Primul, sesiz\u00e2nd ciud\u0103\u0163enia momentului \u00een care marii proprietari nu \u00ee\u015fi ap\u0103r\u0103 deloc p\u0103m\u00e2nturile, fuge la rege, solicit\u00e2ndu-i interven\u0163ia imediat\u0103. Astfel, cei doi au provocat retragerea conservatorilor de la putere \u015fi venirea liberalilor, sprijini\u0163i de Take Ionescu, pentru a pune cap\u0103t r\u0103scoalei (12 martie 1907). Pasiunea pentru \u015fosele a spionilor crea\u0163i la \u015fcoala lui Eidinger a \u00eenceput de-acum s\u0103 dea roade. Urm\u00e2nd liniile de cale ferat\u0103 \u015fi \u015foselele, r\u0103scoala s-a extins dup\u0103 12 martie \u015fi \u00een Muntenia. Radu Rosetti \u00ee\u015fi amintea: <em>&#8222;oameni c\u0103l\u0103ri mergeau \u00een capul bandelor, \u00eendrept\u00e2ndu-se spre Bucure\u015fti, devast\u00e2nd, prad\u00e2nd, d\u00e2nd foc, omor\u00e2nd&#8221;.<\/em><\/p>\n<p>Interesant este ca \u00een multe locuri, dup\u0103 cum arata rapoartele, <em>&#8222;\u0163\u0103ranii s-au \u00eenarmat \u015fi au ap\u0103rat satul de r\u0103scula\u0163i&#8221;.<\/em> Dar \u00een alte zone, jaful \u015fi crima au \u00eentunecat judecata, \u0163\u0103ranii al\u0103tur\u00e2ndu-se agen\u0163ilor imperiali.<\/p>\n<p><em><strong>Presa de la Viena, extrem de interesat\u0103 de r\u0103scoala din Rom\u00e2nia<\/strong><\/em><\/p>\n<p>De \u00eendat\u0103 ce \u00een ziarele din Rom\u00e2nia au ap\u0103rut primele \u015ftiri, mult exagerate, despre r\u0103scoal\u0103, presa vieneza n-a g\u0103sit un alt subiect mai interesant de dezb\u0103tut dec\u00e2t evenimentele din \u0163ara noastr\u0103. Carol I se mir\u0103 chiar \u00eentr-o discu\u0163ie avut\u0103 cu Alexandru Marghiloman de<em> &#8222;depe\u015file fabricate la Cern\u0103u\u0163i cu privire la masacrele antisemite, la prigonirile evreilor&#8230; mai cu seam\u0103 Neue Freie Presse (din Viena) s-a distins prin r\u0103sp\u00e2ndirea acestor depe\u015fi &#8230; acest ziar a publicat toate \u015ftirile posibile&#8221;.<\/em> Imediat, presa interna\u0163ional\u0103 a \u00eenceputa s\u0103 anun\u0163e iminenta pr\u0103bu\u015fire a Rom\u00e2niei.<\/p>\n<p>\u00cenc\u0103 \u00eenaintea izbucnirii evenimentelor, la 1 martie 1907, Aerenthal \u015ftia c\u0103 va fi aici o r\u0103scoal\u0103 \u015fi cerea Lega\u0163iei din Bucure\u015fti o interven\u0163ie dur\u0103. La 26 martie, dup\u0103 ce &#8222;intui\u0163ia&#8221; remarcabil\u0103 a lui Aerenthal se \u00eemplinise, el anun\u0163\u0103 <em>&#8222;c\u0103 nu poate privi cu indiferen\u0163\u0103 r\u0103scoalele care b\u00e2ntuie Rom\u00e2nia [&#8230;] Trebuie s\u0103 ne ocup\u0103m de marile tulbur\u0103ri din \u0163ara dvs., \u00eentruc\u00e2t avem o grani\u0163\u0103 comun\u0103 foarte \u00eentins\u0103&#8221;. <\/em>Corpul 12 armat\u0103 austriac de la Bra\u015fov a fost mobilizat, aceea\u015fi situa\u0163ie \u00eenregistr\u00e2ndu-se \u015fi \u00een cazul celui de la Cern\u0103u\u0163i, pentru o interven\u0163ie dincolo de Carpa\u0163i. Se p\u0103rea c\u0103 \u00een aplauzele Europei \u00eengrijorate de masacrele din Rom\u00e2nia, Aerenthal putea ocupa \u0163ara.<\/p>\n<p><em><strong>\u00cemp\u0103ratul Franz Joseph al Austriei sprijin\u0103 Rom\u00e2nia<\/strong><\/em><\/p>\n<p>Deja planul austro-ungar devenise pentru mul\u0163i vizibil. Carol I i-a \u00eenl\u0103turat pe conservatori de la putere \u015fi, un nucleu dur, \u00een frunte cu I.I.C. Br\u0103tianu, ca ministru de Interne, \u015fi Alexandru Averescu, la R\u0103zboi, a primit de la suveran autoriza\u0163ia de a pune ordine rapid \u00een \u0163ar\u0103. La 18 martie 1907 se declar\u0103 starea de asediu pe \u00eentreg teritoriul Rom\u00e2niei, urm\u00e2nd apoi mobilizarea general\u0103, la care au r\u0103spuns peste 140.000 de oameni, p\u00e2n\u0103 la data de 29 martie. De data aceasta, curgea \u00eentr-adev\u0103r s\u00e2ngele de care vorbeau ziarele: s-a tras cu tunul \u015fi s-au operat aproape 10.000 de arest\u0103ri.<\/p>\n<figure id=\"attachment_2619\" aria-describedby=\"caption-attachment-2619\" style=\"width: 128px\" class=\"wp-caption alignleft\"><img loading=\"lazy\" decoding=\"async\" class=\"size-full wp-image-2619\" title=\"franz-joseph\" src=\"https:\/\/www.lovendal.ro\/wp52\/wp-content\/uploads\/2009\/01\/franz-joseph.jpg\" alt=\"Imparatul Franz Joseph\" width=\"138\" height=\"146\" \/><figcaption id=\"caption-attachment-2619\" class=\"wp-caption-text\">Imparatul Franz Joseph<\/figcaption><\/figure>\n<p>Cur\u00e2nd, situa\u0163ia a \u00eenceput s\u0103 se normalizeze \u015fi a ap\u0103rut clar c\u0103 noul guvern poate \u0163ine \u00een m\u00e2na situa\u0163ia. Lovitura final\u0103 data planului lui Aerenthal a venit \u00eens\u0103 chiar de la Viena, din inima imperiului. Franz Joseph, \u00eemp\u0103ratul Austro-Ungariei (1830-1916) nu cuno\u015ftea uneltirile sfetnicului s\u0103u \u015fi \u00een momentul \u00een care a aflat c\u0103 se preg\u0103tea o interven\u0163ie militar\u0103 \u00een Rom\u00e2nia, a protestat vehement. C\u0103ci Carol I era prietenul s\u0103u, f\u0103ceau parte din aceea\u015fi lume \u015fi erau de aceea\u015fi v\u00e2rst\u0103. \u00cen plus, regina Elisabeta se \u00een\u0163elesese foarte bine cu so\u0163ia \u00eemp\u0103ratului, Elisabeta a Austriei. Astfel ca Aerenthal nu numai c\u0103 nu a primit regeasca sus\u0163inere, ci Carol a fost cel c\u0103ruia Franz Joseph i s-a adresat, \u00eentr-o cald\u0103 scrisoare, felicit\u00e2ndu-l pentru reprimarea r\u0103scoalei. Ziarele vieneze au \u00een\u0163eles imediat ca suveranul se exprim\u0103 \u00een acest fel \u00eempotriva interven\u0163iei militare, p\u0103r\u0103sindu-l total pe Aerenthal \u015fi sus\u0163in\u0103torii acestuia.<\/p>\n<p>Carol I a \u00een\u0163eles rapid cine a fost \u00een spatele r\u0103scoalei \u015fi a \u015fi numit-o de c\u00e2teva ori deschis: agen\u0163ia din Cern\u0103u\u0163i. Ca atare, pe c\u00e2nd Br\u0103tianu \u015fi Averescu se foloseau de arme pentru a \u00een\u0103bu\u015fi spiritul r\u0103scoalei, regele rom\u00e2n s-a adresat celor care puteau ac\u0163iona direct la sursa r\u0103ut\u0103\u0163ilor: Franz Joseph \u015fi Wilhelm II. \u00cemp\u0103ratul austro-ungar \u015fi-a f\u0103cut datoria. La fel \u015fi Germania lui Wilhelm, care a anun\u0163at imediat c\u0103 nu considera necesar\u0103 o interven\u0163ie \u00een Rom\u00e2nia.<\/p>\n<p>O enigm\u0103 care a tulburat genera\u0163ii<\/p>\n<p>R\u0103scoala a luat sf\u00e2r\u015fit ca prin farmec, l\u0103s\u00e2nd \u00een urma doar oameni n\u0103uci\u0163i de cele \u00eent\u00e2mplate. O enigm\u0103 a persistat \u00eens\u0103: de ce Carol I a solicitat lui Br\u0103tianu ca toate actele r\u0103scoalei \u015fi ale represiunii s\u0103 nu r\u0103m\u00e2n\u0103 \u00een arhive? Explica\u0163ia oficial\u0103 a fost ca regele nu dorea o judecare a fo\u015ftilor mini\u015ftri liberali, atunci c\u00e2nd conservatorii vor reveni la putere. Motivul nu st\u0103 \u00eens\u0103 \u00een picioare, c\u0103ci regele interzisese deja dou\u0103 procese similare &#8211; al liderilor conservatori din 1871-1876 \u015fi cel al lui I.C. Br\u0103tianu \u00een 1888, c\u00e2nd Alexandru Candiano-Popescu \u00ee\u015fi aminte\u015fte c\u0103 regele le-a declarat conservatorilor c\u0103 dac\u0103 persist\u0103 \u00een inten\u0163ia de a-l judeca pe Br\u0103tianu, el va merge zilnic cu tr\u0103sura la \u00eenchisoarea lui Br\u0103tianu \u015fi \u00eei va \u00eencredin\u0163a guvernul,<em> &#8222;am\u00e2ndoi conduc\u00e2nd \u0163ara de la pu\u015fc\u0103rie&#8221;.<\/em><\/p>\n<p>Se \u015ftia clar c\u0103 regele nu va accepta niciodat\u0103 ca un guvern al lui s\u0103 fie judecat \u015fi c\u0103 va alunga de la putere pe cei care \u00eei vor solicita un asemenea lucru. \u00censu\u015fi I.I.C. Br\u0103tianu, care avea tot interesul ca aceste documente s\u0103 fie ascunse, a protestat \u00een fa\u0163a regelui pentru preluarea lor. R\u0103spunsul adev\u0103rat trebuie c\u0103utat \u00eens\u0103 \u00een originea evenimentelor. Astfel, cunosc\u00e2ndu-se ca perfida Austrie a fost \u00een spatele r\u0103scoalei, r\u0103m\u00e2nerea Rom\u00e2niei \u00een alian\u0163\u0103 cu ea s\u0103u al\u0103turi de Puterile Centrale devenea de neconceput. Iar alian\u0163a cu acestea, respectiv cu Germania natal\u0103, reprezenta visul etern al lui Carol. Vis care \u00eel va duce \u00eens\u0103 \u00een morm\u00e2nt, c\u00e2nd se va pr\u0103bu\u015fi \u00een septembrie 1914, \u00een momentul \u00een care Rom\u00e2nia a refuzat s\u0103 intre \u00een r\u0103zboi de partea Germaniei. Pentru a ap\u0103ra acest vis, a ascuns regele rom\u00e2n celebrele dosare care ar\u0103tau clar c\u0103 Austro-Ungaria &#8211; aliat\u0103 noastr\u0103, dar \u015fi a Germaniei &#8211; \u00eencercase desfiin\u0163area \u0163\u0103rii. Iar Carol I n-a putut s\u0103 accepte prezentarea unui asemenea adev\u0103r.<\/p>\n","protected":false},"excerpt":{"rendered":"<p>Cine nu a auzit de r\u0103scoal\u0103 \u0163\u0103ranilor din 1907? Timp de mai bine de 45 de ani, regimul comunist a considerat evenimentele ca pe un exemplu elocvent al caracterului capitalismului rom\u00e2nesc, dur \u015fi nemilos, care a ajuns p\u00e2n\u0103 \u00eentr-acolo, \u00eenc\u00e2t &#8230; <\/p>\n<p class=\"read-more-container\"><a title=\"&#8222;R\u0103scoala de la 1907&#8221;, scenariul preg\u0103tit de Imperiul Austro-Ungar\" class=\"read-more button\" href=\"https:\/\/www.lovendal.ro\/wp52\/rascoala-de-la-1907-scenariul-pregatit-de-imperiul-austro-ungar\/#more-2613\" aria-label=\"Cite\u0219te mai multe despre &#8222;R\u0103scoala de la 1907&#8221;, scenariul preg\u0103tit de Imperiul Austro-Ungar\">Cititi mai multe<\/a><\/p>\n","protected":false},"author":1,"featured_media":2614,"comment_status":"open","ping_status":"closed","sticky":false,"template":"","format":"standard","meta":{"footnotes":""},"categories":[9],"tags":[911,408,912,907,909,9795,908,910,397],"class_list":["post-2613","post","type-post","status-publish","format-standard","has-post-thumbnail","hentry","category-istorie","tag-bulgaria","tag-carol-i","tag-cernauti","tag-franz-joseph","tag-imperiul-austro-ungar","tag-istorie","tag-rascoala-de-la-1907","tag-serbia","tag-spioni","resize-featured-image"],"yoast_head":"<!-- This site is optimized with the Yoast SEO Premium plugin v23.3 (Yoast SEO v27.4) - https:\/\/yoast.com\/product\/yoast-seo-premium-wordpress\/ -->\n<title>&quot;R\u0103scoala de la 1907&quot;, scenariul preg\u0103tit de Imperiul Austro-Ungar - Secretele lui Lovendal<\/title>\n<meta name=\"robots\" content=\"index, follow, max-snippet:-1, max-image-preview:large, max-video-preview:-1\" \/>\n<link rel=\"canonical\" href=\"https:\/\/www.lovendal.ro\/wp52\/rascoala-de-la-1907-scenariul-pregatit-de-imperiul-austro-ungar\/\" \/>\n<meta property=\"og:locale\" content=\"ro_RO\" \/>\n<meta property=\"og:type\" content=\"article\" \/>\n<meta property=\"og:title\" content=\"&quot;R\u0103scoala de la 1907&quot;, scenariul preg\u0103tit de Imperiul Austro-Ungar\" \/>\n<meta property=\"og:description\" content=\"Cine nu a auzit de r\u0103scoal\u0103 \u0163\u0103ranilor din 1907? Timp de mai bine de 45 de ani, regimul comunist a considerat evenimentele ca pe un exemplu elocvent al caracterului capitalismului rom\u00e2nesc, dur \u015fi nemilos, care a ajuns p\u00e2n\u0103 \u00eentr-acolo, \u00eenc\u00e2t ... Cititi mai multe\" \/>\n<meta property=\"og:url\" content=\"https:\/\/www.lovendal.ro\/wp52\/rascoala-de-la-1907-scenariul-pregatit-de-imperiul-austro-ungar\/\" \/>\n<meta property=\"og:site_name\" content=\"Secretele lui Lovendal\" \/>\n<meta property=\"article:publisher\" content=\"https:\/\/www.facebook.com\/secreteleluilovendal\" \/>\n<meta property=\"article:published_time\" content=\"2009-01-15T06:10:45+00:00\" \/>\n<meta property=\"article:modified_time\" content=\"2009-01-16T06:00:32+00:00\" \/>\n<meta property=\"og:image\" content=\"https:\/\/www.lovendal.ro\/wp52\/wp-content\/uploads\/2009\/01\/rascoala.jpg\" \/>\n\t<meta property=\"og:image:width\" content=\"370\" \/>\n\t<meta property=\"og:image:height\" content=\"305\" \/>\n\t<meta property=\"og:image:type\" content=\"image\/jpeg\" \/>\n<meta name=\"author\" content=\"admin\" \/>\n<meta name=\"twitter:card\" content=\"summary_large_image\" \/>\n<meta name=\"twitter:label1\" content=\"Scris de\" \/>\n\t<meta name=\"twitter:data1\" content=\"admin\" \/>\n\t<meta name=\"twitter:label2\" content=\"Timp estimat pentru citire\" \/>\n\t<meta name=\"twitter:data2\" content=\"14 minute\" \/>\n<script type=\"application\/ld+json\" class=\"yoast-schema-graph\">{\"@context\":\"https:\\\/\\\/schema.org\",\"@graph\":[{\"@type\":\"Article\",\"@id\":\"https:\\\/\\\/www.lovendal.ro\\\/wp52\\\/rascoala-de-la-1907-scenariul-pregatit-de-imperiul-austro-ungar\\\/#article\",\"isPartOf\":{\"@id\":\"https:\\\/\\\/www.lovendal.ro\\\/wp52\\\/rascoala-de-la-1907-scenariul-pregatit-de-imperiul-austro-ungar\\\/\"},\"author\":{\"name\":\"admin\",\"@id\":\"https:\\\/\\\/www.lovendal.ro\\\/wp52\\\/#\\\/schema\\\/person\\\/088691de5dfc346bb0c023e1e52ef5d9\"},\"headline\":\"&#8222;R\u0103scoala de la 1907&#8221;, scenariul preg\u0103tit de Imperiul Austro-Ungar\",\"datePublished\":\"2009-01-15T06:10:45+00:00\",\"dateModified\":\"2009-01-16T06:00:32+00:00\",\"mainEntityOfPage\":{\"@id\":\"https:\\\/\\\/www.lovendal.ro\\\/wp52\\\/rascoala-de-la-1907-scenariul-pregatit-de-imperiul-austro-ungar\\\/\"},\"wordCount\":2901,\"commentCount\":21,\"publisher\":{\"@id\":\"https:\\\/\\\/www.lovendal.ro\\\/wp52\\\/#organization\"},\"image\":{\"@id\":\"https:\\\/\\\/www.lovendal.ro\\\/wp52\\\/rascoala-de-la-1907-scenariul-pregatit-de-imperiul-austro-ungar\\\/#primaryimage\"},\"thumbnailUrl\":\"https:\\\/\\\/www.lovendal.ro\\\/wp52\\\/wp-content\\\/uploads\\\/2009\\\/01\\\/rascoala.jpg\",\"keywords\":[\"Bulgaria\",\"Carol I\",\"Cern\u0103u\u0163i\",\"Franz Joseph\",\"Imperiul Austro-Ungar\",\"Istorie si Civilizatii\",\"r\u0103scoala de la 1907\",\"Serbia\",\"spioni\"],\"articleSection\":[\"Istorie si Civilizatii\"],\"inLanguage\":\"ro-RO\",\"potentialAction\":[{\"@type\":\"CommentAction\",\"name\":\"Comment\",\"target\":[\"https:\\\/\\\/www.lovendal.ro\\\/wp52\\\/rascoala-de-la-1907-scenariul-pregatit-de-imperiul-austro-ungar\\\/#respond\"]}]},{\"@type\":\"WebPage\",\"@id\":\"https:\\\/\\\/www.lovendal.ro\\\/wp52\\\/rascoala-de-la-1907-scenariul-pregatit-de-imperiul-austro-ungar\\\/\",\"url\":\"https:\\\/\\\/www.lovendal.ro\\\/wp52\\\/rascoala-de-la-1907-scenariul-pregatit-de-imperiul-austro-ungar\\\/\",\"name\":\"\\\"R\u0103scoala de la 1907\\\", scenariul preg\u0103tit de Imperiul Austro-Ungar - Secretele lui Lovendal\",\"isPartOf\":{\"@id\":\"https:\\\/\\\/www.lovendal.ro\\\/wp52\\\/#website\"},\"primaryImageOfPage\":{\"@id\":\"https:\\\/\\\/www.lovendal.ro\\\/wp52\\\/rascoala-de-la-1907-scenariul-pregatit-de-imperiul-austro-ungar\\\/#primaryimage\"},\"image\":{\"@id\":\"https:\\\/\\\/www.lovendal.ro\\\/wp52\\\/rascoala-de-la-1907-scenariul-pregatit-de-imperiul-austro-ungar\\\/#primaryimage\"},\"thumbnailUrl\":\"https:\\\/\\\/www.lovendal.ro\\\/wp52\\\/wp-content\\\/uploads\\\/2009\\\/01\\\/rascoala.jpg\",\"datePublished\":\"2009-01-15T06:10:45+00:00\",\"dateModified\":\"2009-01-16T06:00:32+00:00\",\"breadcrumb\":{\"@id\":\"https:\\\/\\\/www.lovendal.ro\\\/wp52\\\/rascoala-de-la-1907-scenariul-pregatit-de-imperiul-austro-ungar\\\/#breadcrumb\"},\"inLanguage\":\"ro-RO\",\"potentialAction\":[{\"@type\":\"ReadAction\",\"target\":[\"https:\\\/\\\/www.lovendal.ro\\\/wp52\\\/rascoala-de-la-1907-scenariul-pregatit-de-imperiul-austro-ungar\\\/\"]}]},{\"@type\":\"ImageObject\",\"inLanguage\":\"ro-RO\",\"@id\":\"https:\\\/\\\/www.lovendal.ro\\\/wp52\\\/rascoala-de-la-1907-scenariul-pregatit-de-imperiul-austro-ungar\\\/#primaryimage\",\"url\":\"https:\\\/\\\/www.lovendal.ro\\\/wp52\\\/wp-content\\\/uploads\\\/2009\\\/01\\\/rascoala.jpg\",\"contentUrl\":\"https:\\\/\\\/www.lovendal.ro\\\/wp52\\\/wp-content\\\/uploads\\\/2009\\\/01\\\/rascoala.jpg\",\"width\":\"370\",\"height\":\"305\"},{\"@type\":\"BreadcrumbList\",\"@id\":\"https:\\\/\\\/www.lovendal.ro\\\/wp52\\\/rascoala-de-la-1907-scenariul-pregatit-de-imperiul-austro-ungar\\\/#breadcrumb\",\"itemListElement\":[{\"@type\":\"ListItem\",\"position\":1,\"name\":\"Home\",\"item\":\"https:\\\/\\\/www.lovendal.ro\\\/wp52\\\/\"},{\"@type\":\"ListItem\",\"position\":2,\"name\":\"&#8222;R\u0103scoala de la 1907&#8221;, scenariul preg\u0103tit de Imperiul Austro-Ungar\"}]},{\"@type\":\"WebSite\",\"@id\":\"https:\\\/\\\/www.lovendal.ro\\\/wp52\\\/#website\",\"url\":\"https:\\\/\\\/www.lovendal.ro\\\/wp52\\\/\",\"name\":\"Secretele lui Lovendal\",\"description\":\"Site de secrete, stiinta si metafizica - din 2008 -\",\"publisher\":{\"@id\":\"https:\\\/\\\/www.lovendal.ro\\\/wp52\\\/#organization\"},\"potentialAction\":[{\"@type\":\"SearchAction\",\"target\":{\"@type\":\"EntryPoint\",\"urlTemplate\":\"https:\\\/\\\/www.lovendal.ro\\\/wp52\\\/?s={search_term_string}\"},\"query-input\":{\"@type\":\"PropertyValueSpecification\",\"valueRequired\":true,\"valueName\":\"search_term_string\"}}],\"inLanguage\":\"ro-RO\"},{\"@type\":\"Organization\",\"@id\":\"https:\\\/\\\/www.lovendal.ro\\\/wp52\\\/#organization\",\"name\":\"Secretele lui Lovendal\",\"url\":\"https:\\\/\\\/www.lovendal.ro\\\/wp52\\\/\",\"logo\":{\"@type\":\"ImageObject\",\"inLanguage\":\"ro-RO\",\"@id\":\"https:\\\/\\\/www.lovendal.ro\\\/wp52\\\/#\\\/schema\\\/logo\\\/image\\\/\",\"url\":\"https:\\\/\\\/www.lovendal.ro\\\/wp52\\\/wp-content\\\/uploads\\\/2024\\\/06\\\/cropped-SLL-iun-2024-1.jpg\",\"contentUrl\":\"https:\\\/\\\/www.lovendal.ro\\\/wp52\\\/wp-content\\\/uploads\\\/2024\\\/06\\\/cropped-SLL-iun-2024-1.jpg\",\"width\":771,\"height\":240,\"caption\":\"Secretele lui Lovendal\"},\"image\":{\"@id\":\"https:\\\/\\\/www.lovendal.ro\\\/wp52\\\/#\\\/schema\\\/logo\\\/image\\\/\"},\"sameAs\":[\"https:\\\/\\\/www.facebook.com\\\/secreteleluilovendal\"]},{\"@type\":\"Person\",\"@id\":\"https:\\\/\\\/www.lovendal.ro\\\/wp52\\\/#\\\/schema\\\/person\\\/088691de5dfc346bb0c023e1e52ef5d9\",\"name\":\"admin\",\"image\":{\"@type\":\"ImageObject\",\"inLanguage\":\"ro-RO\",\"@id\":\"https:\\\/\\\/secure.gravatar.com\\\/avatar\\\/ecb9cd41f5f63c9c9b989999a59f6e2639a865ec361e9db054db0679a8f341c2?s=96&d=mm&r=g\",\"url\":\"https:\\\/\\\/secure.gravatar.com\\\/avatar\\\/ecb9cd41f5f63c9c9b989999a59f6e2639a865ec361e9db054db0679a8f341c2?s=96&d=mm&r=g\",\"contentUrl\":\"https:\\\/\\\/secure.gravatar.com\\\/avatar\\\/ecb9cd41f5f63c9c9b989999a59f6e2639a865ec361e9db054db0679a8f341c2?s=96&d=mm&r=g\",\"caption\":\"admin\"},\"sameAs\":[\"https:\\\/\\\/www.lovendal.ro\\\/wp52\"]}]}<\/script>\n<!-- \/ Yoast SEO Premium plugin. -->","yoast_head_json":{"title":"\"R\u0103scoala de la 1907\", scenariul preg\u0103tit de Imperiul Austro-Ungar - Secretele lui Lovendal","robots":{"index":"index","follow":"follow","max-snippet":"max-snippet:-1","max-image-preview":"max-image-preview:large","max-video-preview":"max-video-preview:-1"},"canonical":"https:\/\/www.lovendal.ro\/wp52\/rascoala-de-la-1907-scenariul-pregatit-de-imperiul-austro-ungar\/","og_locale":"ro_RO","og_type":"article","og_title":"\"R\u0103scoala de la 1907\", scenariul preg\u0103tit de Imperiul Austro-Ungar","og_description":"Cine nu a auzit de r\u0103scoal\u0103 \u0163\u0103ranilor din 1907? Timp de mai bine de 45 de ani, regimul comunist a considerat evenimentele ca pe un exemplu elocvent al caracterului capitalismului rom\u00e2nesc, dur \u015fi nemilos, care a ajuns p\u00e2n\u0103 \u00eentr-acolo, \u00eenc\u00e2t ... Cititi mai multe","og_url":"https:\/\/www.lovendal.ro\/wp52\/rascoala-de-la-1907-scenariul-pregatit-de-imperiul-austro-ungar\/","og_site_name":"Secretele lui Lovendal","article_publisher":"https:\/\/www.facebook.com\/secreteleluilovendal","article_published_time":"2009-01-15T06:10:45+00:00","article_modified_time":"2009-01-16T06:00:32+00:00","og_image":[{"width":370,"height":305,"url":"https:\/\/www.lovendal.ro\/wp52\/wp-content\/uploads\/2009\/01\/rascoala.jpg","type":"image\/jpeg"}],"author":"admin","twitter_card":"summary_large_image","twitter_misc":{"Scris de":"admin","Timp estimat pentru citire":"14 minute"},"schema":{"@context":"https:\/\/schema.org","@graph":[{"@type":"Article","@id":"https:\/\/www.lovendal.ro\/wp52\/rascoala-de-la-1907-scenariul-pregatit-de-imperiul-austro-ungar\/#article","isPartOf":{"@id":"https:\/\/www.lovendal.ro\/wp52\/rascoala-de-la-1907-scenariul-pregatit-de-imperiul-austro-ungar\/"},"author":{"name":"admin","@id":"https:\/\/www.lovendal.ro\/wp52\/#\/schema\/person\/088691de5dfc346bb0c023e1e52ef5d9"},"headline":"&#8222;R\u0103scoala de la 1907&#8221;, scenariul preg\u0103tit de Imperiul Austro-Ungar","datePublished":"2009-01-15T06:10:45+00:00","dateModified":"2009-01-16T06:00:32+00:00","mainEntityOfPage":{"@id":"https:\/\/www.lovendal.ro\/wp52\/rascoala-de-la-1907-scenariul-pregatit-de-imperiul-austro-ungar\/"},"wordCount":2901,"commentCount":21,"publisher":{"@id":"https:\/\/www.lovendal.ro\/wp52\/#organization"},"image":{"@id":"https:\/\/www.lovendal.ro\/wp52\/rascoala-de-la-1907-scenariul-pregatit-de-imperiul-austro-ungar\/#primaryimage"},"thumbnailUrl":"https:\/\/www.lovendal.ro\/wp52\/wp-content\/uploads\/2009\/01\/rascoala.jpg","keywords":["Bulgaria","Carol I","Cern\u0103u\u0163i","Franz Joseph","Imperiul Austro-Ungar","Istorie si Civilizatii","r\u0103scoala de la 1907","Serbia","spioni"],"articleSection":["Istorie si Civilizatii"],"inLanguage":"ro-RO","potentialAction":[{"@type":"CommentAction","name":"Comment","target":["https:\/\/www.lovendal.ro\/wp52\/rascoala-de-la-1907-scenariul-pregatit-de-imperiul-austro-ungar\/#respond"]}]},{"@type":"WebPage","@id":"https:\/\/www.lovendal.ro\/wp52\/rascoala-de-la-1907-scenariul-pregatit-de-imperiul-austro-ungar\/","url":"https:\/\/www.lovendal.ro\/wp52\/rascoala-de-la-1907-scenariul-pregatit-de-imperiul-austro-ungar\/","name":"\"R\u0103scoala de la 1907\", scenariul preg\u0103tit de Imperiul Austro-Ungar - Secretele lui Lovendal","isPartOf":{"@id":"https:\/\/www.lovendal.ro\/wp52\/#website"},"primaryImageOfPage":{"@id":"https:\/\/www.lovendal.ro\/wp52\/rascoala-de-la-1907-scenariul-pregatit-de-imperiul-austro-ungar\/#primaryimage"},"image":{"@id":"https:\/\/www.lovendal.ro\/wp52\/rascoala-de-la-1907-scenariul-pregatit-de-imperiul-austro-ungar\/#primaryimage"},"thumbnailUrl":"https:\/\/www.lovendal.ro\/wp52\/wp-content\/uploads\/2009\/01\/rascoala.jpg","datePublished":"2009-01-15T06:10:45+00:00","dateModified":"2009-01-16T06:00:32+00:00","breadcrumb":{"@id":"https:\/\/www.lovendal.ro\/wp52\/rascoala-de-la-1907-scenariul-pregatit-de-imperiul-austro-ungar\/#breadcrumb"},"inLanguage":"ro-RO","potentialAction":[{"@type":"ReadAction","target":["https:\/\/www.lovendal.ro\/wp52\/rascoala-de-la-1907-scenariul-pregatit-de-imperiul-austro-ungar\/"]}]},{"@type":"ImageObject","inLanguage":"ro-RO","@id":"https:\/\/www.lovendal.ro\/wp52\/rascoala-de-la-1907-scenariul-pregatit-de-imperiul-austro-ungar\/#primaryimage","url":"https:\/\/www.lovendal.ro\/wp52\/wp-content\/uploads\/2009\/01\/rascoala.jpg","contentUrl":"https:\/\/www.lovendal.ro\/wp52\/wp-content\/uploads\/2009\/01\/rascoala.jpg","width":"370","height":"305"},{"@type":"BreadcrumbList","@id":"https:\/\/www.lovendal.ro\/wp52\/rascoala-de-la-1907-scenariul-pregatit-de-imperiul-austro-ungar\/#breadcrumb","itemListElement":[{"@type":"ListItem","position":1,"name":"Home","item":"https:\/\/www.lovendal.ro\/wp52\/"},{"@type":"ListItem","position":2,"name":"&#8222;R\u0103scoala de la 1907&#8221;, scenariul preg\u0103tit de Imperiul Austro-Ungar"}]},{"@type":"WebSite","@id":"https:\/\/www.lovendal.ro\/wp52\/#website","url":"https:\/\/www.lovendal.ro\/wp52\/","name":"Secretele lui Lovendal","description":"Site de secrete, stiinta si metafizica - din 2008 -","publisher":{"@id":"https:\/\/www.lovendal.ro\/wp52\/#organization"},"potentialAction":[{"@type":"SearchAction","target":{"@type":"EntryPoint","urlTemplate":"https:\/\/www.lovendal.ro\/wp52\/?s={search_term_string}"},"query-input":{"@type":"PropertyValueSpecification","valueRequired":true,"valueName":"search_term_string"}}],"inLanguage":"ro-RO"},{"@type":"Organization","@id":"https:\/\/www.lovendal.ro\/wp52\/#organization","name":"Secretele lui Lovendal","url":"https:\/\/www.lovendal.ro\/wp52\/","logo":{"@type":"ImageObject","inLanguage":"ro-RO","@id":"https:\/\/www.lovendal.ro\/wp52\/#\/schema\/logo\/image\/","url":"https:\/\/www.lovendal.ro\/wp52\/wp-content\/uploads\/2024\/06\/cropped-SLL-iun-2024-1.jpg","contentUrl":"https:\/\/www.lovendal.ro\/wp52\/wp-content\/uploads\/2024\/06\/cropped-SLL-iun-2024-1.jpg","width":771,"height":240,"caption":"Secretele lui Lovendal"},"image":{"@id":"https:\/\/www.lovendal.ro\/wp52\/#\/schema\/logo\/image\/"},"sameAs":["https:\/\/www.facebook.com\/secreteleluilovendal"]},{"@type":"Person","@id":"https:\/\/www.lovendal.ro\/wp52\/#\/schema\/person\/088691de5dfc346bb0c023e1e52ef5d9","name":"admin","image":{"@type":"ImageObject","inLanguage":"ro-RO","@id":"https:\/\/secure.gravatar.com\/avatar\/ecb9cd41f5f63c9c9b989999a59f6e2639a865ec361e9db054db0679a8f341c2?s=96&d=mm&r=g","url":"https:\/\/secure.gravatar.com\/avatar\/ecb9cd41f5f63c9c9b989999a59f6e2639a865ec361e9db054db0679a8f341c2?s=96&d=mm&r=g","contentUrl":"https:\/\/secure.gravatar.com\/avatar\/ecb9cd41f5f63c9c9b989999a59f6e2639a865ec361e9db054db0679a8f341c2?s=96&d=mm&r=g","caption":"admin"},"sameAs":["https:\/\/www.lovendal.ro\/wp52"]}]}},"_links":{"self":[{"href":"https:\/\/www.lovendal.ro\/wp52\/wp-json\/wp\/v2\/posts\/2613","targetHints":{"allow":["GET"]}}],"collection":[{"href":"https:\/\/www.lovendal.ro\/wp52\/wp-json\/wp\/v2\/posts"}],"about":[{"href":"https:\/\/www.lovendal.ro\/wp52\/wp-json\/wp\/v2\/types\/post"}],"author":[{"embeddable":true,"href":"https:\/\/www.lovendal.ro\/wp52\/wp-json\/wp\/v2\/users\/1"}],"replies":[{"embeddable":true,"href":"https:\/\/www.lovendal.ro\/wp52\/wp-json\/wp\/v2\/comments?post=2613"}],"version-history":[{"count":0,"href":"https:\/\/www.lovendal.ro\/wp52\/wp-json\/wp\/v2\/posts\/2613\/revisions"}],"wp:featuredmedia":[{"embeddable":true,"href":"https:\/\/www.lovendal.ro\/wp52\/wp-json\/wp\/v2\/media\/2614"}],"wp:attachment":[{"href":"https:\/\/www.lovendal.ro\/wp52\/wp-json\/wp\/v2\/media?parent=2613"}],"wp:term":[{"taxonomy":"category","embeddable":true,"href":"https:\/\/www.lovendal.ro\/wp52\/wp-json\/wp\/v2\/categories?post=2613"},{"taxonomy":"post_tag","embeddable":true,"href":"https:\/\/www.lovendal.ro\/wp52\/wp-json\/wp\/v2\/tags?post=2613"}],"curies":[{"name":"wp","href":"https:\/\/api.w.org\/{rel}","templated":true}]}}