{"id":2609,"date":"2009-01-14T22:01:08","date_gmt":"2009-01-14T18:01:08","guid":{"rendered":"http:\/\/www.lovendal.net\/wp52\/?p=2609"},"modified":"2017-04-22T18:03:19","modified_gmt":"2017-04-22T15:03:19","slug":"dezvaluirile-unui-extraterestru-aflat-pe-o-planeta-la-16000-ani-lumina-de-pamant","status":"publish","type":"post","link":"https:\/\/www.lovendal.ro\/wp52\/dezvaluirile-unui-extraterestru-aflat-pe-o-planeta-la-16000-ani-lumina-de-pamant\/","title":{"rendered":"Dezv\u0103luirile unui extraterestru aflat pe o planet\u0103 la 16.000 ani-lumin\u0103 de P\u0103m\u00e2nt"},"content":{"rendered":"<p><img loading=\"lazy\" decoding=\"async\" class=\"alignleft size-full wp-image-2610\" title=\"extraterestri20\" src=\"https:\/\/www.lovendal.ro\/wp52\/wp-content\/uploads\/2009\/01\/extraterestri20.jpg\" alt=\"extraterestri20\" width=\"287\" height=\"184\" srcset=\"https:\/\/www.lovendal.ro\/wp52\/wp-content\/uploads\/2009\/01\/extraterestri20.jpg 356w, https:\/\/www.lovendal.ro\/wp52\/wp-content\/uploads\/2009\/01\/extraterestri20-300x192.jpg 300w\" sizes=\"auto, (max-width: 287px) 100vw, 287px\" \/>Numeroase ziare pariziene \u015fi din alte ora\u015fe ale Fran\u0163ei au difuzat \u00een zilele de 19 \u015fi 20 februarie 1967 o \u015ftire de senza\u0163ie transmis\u0103 din capitala Mexicului.<\/p>\n<p>Conform relat\u0103rilor publicate, biologul mexican A.A. Amath ar fi primit un text foarte ciudat, semnat de un personaj care se numea Kan Lau Tsu Ka. Din con\u0163inut rezulta c\u0103 acesta ar fi sosit de pe un corp ceresc apar\u0163in\u00e2nd unui alt sistem solar, aflat la 16000 ani-lumin\u0103 fa\u0163\u0103 de Terra.<\/p>\n<p>Locuitori ai planetei respective ar veni pe globul nostru &#8211; pe care l-au numit &#8222;Illiush&#8221; (cel foarte \u00eenverzit)- \u00eenc\u0103 de acum 700.000 de ani! Dar ace\u015ftia cuno\u015fteau faptul c\u0103 fiin\u0163e evoluate de pe o alt\u0103 planet\u0103 &#8211; care s-ar afla la o distan\u0163\u0103 de numai 1000 ani-lumin\u0103 fa\u0163\u0103 de P\u0103m\u00e2nt &#8211; ar fi vizitat \u015fi ei mereu Terra, cu foarte mult timp \u00eenainte \u015fi anume de acum vreo 20 de milioane de ani; &#8222;vecinii&#8221; mai apropia\u0163i \u015fi-ar fi \u00eentrerupt \u00eens\u0103 vizitele pe la \u00eenceputul neoliticului.<\/p>\n","protected":false},"excerpt":{"rendered":"<p>Numeroase ziare pariziene \u015fi din alte ora\u015fe ale Fran\u0163ei au difuzat \u00een zilele de 19 \u015fi 20 februarie 1967 o \u015ftire de senza\u0163ie transmis\u0103 din capitala Mexicului. Conform relat\u0103rilor publicate, biologul mexican A.A. Amath ar fi primit un text foarte &#8230; <\/p>\n<p class=\"read-more-container\"><a title=\"Dezv\u0103luirile unui extraterestru aflat pe o planet\u0103 la 16.000 ani-lumin\u0103 de P\u0103m\u00e2nt\" class=\"read-more button\" href=\"https:\/\/www.lovendal.ro\/wp52\/dezvaluirile-unui-extraterestru-aflat-pe-o-planeta-la-16000-ani-lumina-de-pamant\/#more-2609\" aria-label=\"Cite\u0219te mai multe despre Dezv\u0103luirile unui extraterestru aflat pe o planet\u0103 la 16.000 ani-lumin\u0103 de P\u0103m\u00e2nt\">Cititi mai multe<\/a><\/p>\n","protected":false},"author":1,"featured_media":2610,"comment_status":"open","ping_status":"closed","sticky":false,"template":"","format":"standard","meta":{"footnotes":""},"categories":[14],"tags":[51,9796],"class_list":["post-2609","post","type-post","status-publish","format-standard","has-post-thumbnail","hentry","category-paranormal-spiritualitate","tag-extraterestri","tag-paranormal-spiritualitate","resize-featured-image"],"yoast_head":"<!-- This site is optimized with the Yoast SEO Premium plugin v23.3 (Yoast SEO v27.4) - https:\/\/yoast.com\/product\/yoast-seo-premium-wordpress\/ -->\n<title>Dezv\u0103luirile unui extraterestru aflat pe o planet\u0103 la 16.000 ani-lumin\u0103 de P\u0103m\u00e2nt - Secretele lui Lovendal<\/title>\n<meta name=\"robots\" content=\"index, follow, max-snippet:-1, max-image-preview:large, max-video-preview:-1\" \/>\n<link rel=\"canonical\" href=\"https:\/\/www.lovendal.ro\/wp52\/dezvaluirile-unui-extraterestru-aflat-pe-o-planeta-la-16000-ani-lumina-de-pamant\/\" \/>\n<meta property=\"og:locale\" content=\"ro_RO\" \/>\n<meta property=\"og:type\" content=\"article\" \/>\n<meta property=\"og:title\" content=\"Dezv\u0103luirile unui extraterestru aflat pe o planet\u0103 la 16.000 ani-lumin\u0103 de P\u0103m\u00e2nt\" \/>\n<meta property=\"og:description\" content=\"Numeroase ziare pariziene \u015fi din alte ora\u015fe ale Fran\u0163ei au difuzat \u00een zilele de 19 \u015fi 20 februarie 1967 o \u015ftire de senza\u0163ie transmis\u0103 din capitala Mexicului. Conform relat\u0103rilor publicate, biologul mexican A.A. Amath ar fi primit un text foarte ... Cititi mai multe\" \/>\n<meta property=\"og:url\" content=\"https:\/\/www.lovendal.ro\/wp52\/dezvaluirile-unui-extraterestru-aflat-pe-o-planeta-la-16000-ani-lumina-de-pamant\/\" \/>\n<meta property=\"og:site_name\" content=\"Secretele lui Lovendal\" \/>\n<meta property=\"article:publisher\" content=\"https:\/\/www.facebook.com\/secreteleluilovendal\" \/>\n<meta property=\"article:published_time\" content=\"2009-01-14T18:01:08+00:00\" \/>\n<meta property=\"article:modified_time\" content=\"2017-04-22T15:03:19+00:00\" \/>\n<meta property=\"og:image\" content=\"https:\/\/www.lovendal.ro\/wp52\/wp-content\/uploads\/2009\/01\/extraterestri20.jpg\" \/>\n\t<meta property=\"og:image:width\" content=\"356\" \/>\n\t<meta property=\"og:image:height\" content=\"229\" \/>\n\t<meta property=\"og:image:type\" content=\"image\/jpeg\" \/>\n<meta name=\"author\" content=\"admin\" \/>\n<meta name=\"twitter:card\" content=\"summary_large_image\" \/>\n<meta name=\"twitter:label1\" content=\"Scris de\" \/>\n\t<meta name=\"twitter:data1\" content=\"admin\" \/>\n\t<meta name=\"twitter:label2\" content=\"Timp estimat pentru citire\" \/>\n\t<meta name=\"twitter:data2\" content=\"1 minut\" \/>\n<script type=\"application\/ld+json\" class=\"yoast-schema-graph\">{\"@context\":\"https:\\\/\\\/schema.org\",\"@graph\":[{\"@type\":\"Article\",\"@id\":\"https:\\\/\\\/www.lovendal.ro\\\/wp52\\\/dezvaluirile-unui-extraterestru-aflat-pe-o-planeta-la-16000-ani-lumina-de-pamant\\\/#article\",\"isPartOf\":{\"@id\":\"https:\\\/\\\/www.lovendal.ro\\\/wp52\\\/dezvaluirile-unui-extraterestru-aflat-pe-o-planeta-la-16000-ani-lumina-de-pamant\\\/\"},\"author\":{\"name\":\"admin\",\"@id\":\"https:\\\/\\\/www.lovendal.ro\\\/wp52\\\/#\\\/schema\\\/person\\\/088691de5dfc346bb0c023e1e52ef5d9\"},\"headline\":\"Dezv\u0103luirile unui extraterestru aflat pe o planet\u0103 la 16.000 ani-lumin\u0103 de P\u0103m\u00e2nt\",\"datePublished\":\"2009-01-14T18:01:08+00:00\",\"dateModified\":\"2017-04-22T15:03:19+00:00\",\"mainEntityOfPage\":{\"@id\":\"https:\\\/\\\/www.lovendal.ro\\\/wp52\\\/dezvaluirile-unui-extraterestru-aflat-pe-o-planeta-la-16000-ani-lumina-de-pamant\\\/\"},\"wordCount\":184,\"commentCount\":6,\"publisher\":{\"@id\":\"https:\\\/\\\/www.lovendal.ro\\\/wp52\\\/#organization\"},\"image\":{\"@id\":\"https:\\\/\\\/www.lovendal.ro\\\/wp52\\\/dezvaluirile-unui-extraterestru-aflat-pe-o-planeta-la-16000-ani-lumina-de-pamant\\\/#primaryimage\"},\"thumbnailUrl\":\"https:\\\/\\\/www.lovendal.ro\\\/wp52\\\/wp-content\\\/uploads\\\/2009\\\/01\\\/extraterestri20.jpg\",\"keywords\":[\"extratere\u015ftri\",\"Paranormal-Spiritualitate\"],\"articleSection\":[\"Paranormal-Spiritualitate\"],\"inLanguage\":\"ro-RO\",\"potentialAction\":[{\"@type\":\"CommentAction\",\"name\":\"Comment\",\"target\":[\"https:\\\/\\\/www.lovendal.ro\\\/wp52\\\/dezvaluirile-unui-extraterestru-aflat-pe-o-planeta-la-16000-ani-lumina-de-pamant\\\/#respond\"]}]},{\"@type\":\"WebPage\",\"@id\":\"https:\\\/\\\/www.lovendal.ro\\\/wp52\\\/dezvaluirile-unui-extraterestru-aflat-pe-o-planeta-la-16000-ani-lumina-de-pamant\\\/\",\"url\":\"https:\\\/\\\/www.lovendal.ro\\\/wp52\\\/dezvaluirile-unui-extraterestru-aflat-pe-o-planeta-la-16000-ani-lumina-de-pamant\\\/\",\"name\":\"Dezv\u0103luirile unui extraterestru aflat pe o planet\u0103 la 16.000 ani-lumin\u0103 de P\u0103m\u00e2nt - Secretele lui Lovendal\",\"isPartOf\":{\"@id\":\"https:\\\/\\\/www.lovendal.ro\\\/wp52\\\/#website\"},\"primaryImageOfPage\":{\"@id\":\"https:\\\/\\\/www.lovendal.ro\\\/wp52\\\/dezvaluirile-unui-extraterestru-aflat-pe-o-planeta-la-16000-ani-lumina-de-pamant\\\/#primaryimage\"},\"image\":{\"@id\":\"https:\\\/\\\/www.lovendal.ro\\\/wp52\\\/dezvaluirile-unui-extraterestru-aflat-pe-o-planeta-la-16000-ani-lumina-de-pamant\\\/#primaryimage\"},\"thumbnailUrl\":\"https:\\\/\\\/www.lovendal.ro\\\/wp52\\\/wp-content\\\/uploads\\\/2009\\\/01\\\/extraterestri20.jpg\",\"datePublished\":\"2009-01-14T18:01:08+00:00\",\"dateModified\":\"2017-04-22T15:03:19+00:00\",\"breadcrumb\":{\"@id\":\"https:\\\/\\\/www.lovendal.ro\\\/wp52\\\/dezvaluirile-unui-extraterestru-aflat-pe-o-planeta-la-16000-ani-lumina-de-pamant\\\/#breadcrumb\"},\"inLanguage\":\"ro-RO\",\"potentialAction\":[{\"@type\":\"ReadAction\",\"target\":[\"https:\\\/\\\/www.lovendal.ro\\\/wp52\\\/dezvaluirile-unui-extraterestru-aflat-pe-o-planeta-la-16000-ani-lumina-de-pamant\\\/\"]}]},{\"@type\":\"ImageObject\",\"inLanguage\":\"ro-RO\",\"@id\":\"https:\\\/\\\/www.lovendal.ro\\\/wp52\\\/dezvaluirile-unui-extraterestru-aflat-pe-o-planeta-la-16000-ani-lumina-de-pamant\\\/#primaryimage\",\"url\":\"https:\\\/\\\/www.lovendal.ro\\\/wp52\\\/wp-content\\\/uploads\\\/2009\\\/01\\\/extraterestri20.jpg\",\"contentUrl\":\"https:\\\/\\\/www.lovendal.ro\\\/wp52\\\/wp-content\\\/uploads\\\/2009\\\/01\\\/extraterestri20.jpg\",\"width\":\"356\",\"height\":\"229\"},{\"@type\":\"BreadcrumbList\",\"@id\":\"https:\\\/\\\/www.lovendal.ro\\\/wp52\\\/dezvaluirile-unui-extraterestru-aflat-pe-o-planeta-la-16000-ani-lumina-de-pamant\\\/#breadcrumb\",\"itemListElement\":[{\"@type\":\"ListItem\",\"position\":1,\"name\":\"Home\",\"item\":\"https:\\\/\\\/www.lovendal.ro\\\/wp52\\\/\"},{\"@type\":\"ListItem\",\"position\":2,\"name\":\"Dezv\u0103luirile unui extraterestru aflat pe o planet\u0103 la 16.000 ani-lumin\u0103 de P\u0103m\u00e2nt\"}]},{\"@type\":\"WebSite\",\"@id\":\"https:\\\/\\\/www.lovendal.ro\\\/wp52\\\/#website\",\"url\":\"https:\\\/\\\/www.lovendal.ro\\\/wp52\\\/\",\"name\":\"Secretele lui Lovendal\",\"description\":\"Site de secrete, stiinta si metafizica - din 2008 -\",\"publisher\":{\"@id\":\"https:\\\/\\\/www.lovendal.ro\\\/wp52\\\/#organization\"},\"potentialAction\":[{\"@type\":\"SearchAction\",\"target\":{\"@type\":\"EntryPoint\",\"urlTemplate\":\"https:\\\/\\\/www.lovendal.ro\\\/wp52\\\/?s={search_term_string}\"},\"query-input\":{\"@type\":\"PropertyValueSpecification\",\"valueRequired\":true,\"valueName\":\"search_term_string\"}}],\"inLanguage\":\"ro-RO\"},{\"@type\":\"Organization\",\"@id\":\"https:\\\/\\\/www.lovendal.ro\\\/wp52\\\/#organization\",\"name\":\"Secretele lui Lovendal\",\"url\":\"https:\\\/\\\/www.lovendal.ro\\\/wp52\\\/\",\"logo\":{\"@type\":\"ImageObject\",\"inLanguage\":\"ro-RO\",\"@id\":\"https:\\\/\\\/www.lovendal.ro\\\/wp52\\\/#\\\/schema\\\/logo\\\/image\\\/\",\"url\":\"https:\\\/\\\/www.lovendal.ro\\\/wp52\\\/wp-content\\\/uploads\\\/2024\\\/06\\\/cropped-SLL-iun-2024-1.jpg\",\"contentUrl\":\"https:\\\/\\\/www.lovendal.ro\\\/wp52\\\/wp-content\\\/uploads\\\/2024\\\/06\\\/cropped-SLL-iun-2024-1.jpg\",\"width\":771,\"height\":240,\"caption\":\"Secretele lui Lovendal\"},\"image\":{\"@id\":\"https:\\\/\\\/www.lovendal.ro\\\/wp52\\\/#\\\/schema\\\/logo\\\/image\\\/\"},\"sameAs\":[\"https:\\\/\\\/www.facebook.com\\\/secreteleluilovendal\"]},{\"@type\":\"Person\",\"@id\":\"https:\\\/\\\/www.lovendal.ro\\\/wp52\\\/#\\\/schema\\\/person\\\/088691de5dfc346bb0c023e1e52ef5d9\",\"name\":\"admin\",\"image\":{\"@type\":\"ImageObject\",\"inLanguage\":\"ro-RO\",\"@id\":\"https:\\\/\\\/secure.gravatar.com\\\/avatar\\\/ecb9cd41f5f63c9c9b989999a59f6e2639a865ec361e9db054db0679a8f341c2?s=96&d=mm&r=g\",\"url\":\"https:\\\/\\\/secure.gravatar.com\\\/avatar\\\/ecb9cd41f5f63c9c9b989999a59f6e2639a865ec361e9db054db0679a8f341c2?s=96&d=mm&r=g\",\"contentUrl\":\"https:\\\/\\\/secure.gravatar.com\\\/avatar\\\/ecb9cd41f5f63c9c9b989999a59f6e2639a865ec361e9db054db0679a8f341c2?s=96&d=mm&r=g\",\"caption\":\"admin\"},\"sameAs\":[\"https:\\\/\\\/www.lovendal.ro\\\/wp52\"]}]}<\/script>\n<!-- \/ Yoast SEO Premium plugin. -->","yoast_head_json":{"title":"Dezv\u0103luirile unui extraterestru aflat pe o planet\u0103 la 16.000 ani-lumin\u0103 de P\u0103m\u00e2nt - Secretele lui Lovendal","robots":{"index":"index","follow":"follow","max-snippet":"max-snippet:-1","max-image-preview":"max-image-preview:large","max-video-preview":"max-video-preview:-1"},"canonical":"https:\/\/www.lovendal.ro\/wp52\/dezvaluirile-unui-extraterestru-aflat-pe-o-planeta-la-16000-ani-lumina-de-pamant\/","og_locale":"ro_RO","og_type":"article","og_title":"Dezv\u0103luirile unui extraterestru aflat pe o planet\u0103 la 16.000 ani-lumin\u0103 de P\u0103m\u00e2nt","og_description":"Numeroase ziare pariziene \u015fi din alte ora\u015fe ale Fran\u0163ei au difuzat \u00een zilele de 19 \u015fi 20 februarie 1967 o \u015ftire de senza\u0163ie transmis\u0103 din capitala Mexicului. Conform relat\u0103rilor publicate, biologul mexican A.A. Amath ar fi primit un text foarte ... Cititi mai multe","og_url":"https:\/\/www.lovendal.ro\/wp52\/dezvaluirile-unui-extraterestru-aflat-pe-o-planeta-la-16000-ani-lumina-de-pamant\/","og_site_name":"Secretele lui Lovendal","article_publisher":"https:\/\/www.facebook.com\/secreteleluilovendal","article_published_time":"2009-01-14T18:01:08+00:00","article_modified_time":"2017-04-22T15:03:19+00:00","og_image":[{"width":356,"height":229,"url":"https:\/\/www.lovendal.ro\/wp52\/wp-content\/uploads\/2009\/01\/extraterestri20.jpg","type":"image\/jpeg"}],"author":"admin","twitter_card":"summary_large_image","twitter_misc":{"Scris de":"admin","Timp estimat pentru citire":"1 minut"},"schema":{"@context":"https:\/\/schema.org","@graph":[{"@type":"Article","@id":"https:\/\/www.lovendal.ro\/wp52\/dezvaluirile-unui-extraterestru-aflat-pe-o-planeta-la-16000-ani-lumina-de-pamant\/#article","isPartOf":{"@id":"https:\/\/www.lovendal.ro\/wp52\/dezvaluirile-unui-extraterestru-aflat-pe-o-planeta-la-16000-ani-lumina-de-pamant\/"},"author":{"name":"admin","@id":"https:\/\/www.lovendal.ro\/wp52\/#\/schema\/person\/088691de5dfc346bb0c023e1e52ef5d9"},"headline":"Dezv\u0103luirile unui extraterestru aflat pe o planet\u0103 la 16.000 ani-lumin\u0103 de P\u0103m\u00e2nt","datePublished":"2009-01-14T18:01:08+00:00","dateModified":"2017-04-22T15:03:19+00:00","mainEntityOfPage":{"@id":"https:\/\/www.lovendal.ro\/wp52\/dezvaluirile-unui-extraterestru-aflat-pe-o-planeta-la-16000-ani-lumina-de-pamant\/"},"wordCount":184,"commentCount":6,"publisher":{"@id":"https:\/\/www.lovendal.ro\/wp52\/#organization"},"image":{"@id":"https:\/\/www.lovendal.ro\/wp52\/dezvaluirile-unui-extraterestru-aflat-pe-o-planeta-la-16000-ani-lumina-de-pamant\/#primaryimage"},"thumbnailUrl":"https:\/\/www.lovendal.ro\/wp52\/wp-content\/uploads\/2009\/01\/extraterestri20.jpg","keywords":["extratere\u015ftri","Paranormal-Spiritualitate"],"articleSection":["Paranormal-Spiritualitate"],"inLanguage":"ro-RO","potentialAction":[{"@type":"CommentAction","name":"Comment","target":["https:\/\/www.lovendal.ro\/wp52\/dezvaluirile-unui-extraterestru-aflat-pe-o-planeta-la-16000-ani-lumina-de-pamant\/#respond"]}]},{"@type":"WebPage","@id":"https:\/\/www.lovendal.ro\/wp52\/dezvaluirile-unui-extraterestru-aflat-pe-o-planeta-la-16000-ani-lumina-de-pamant\/","url":"https:\/\/www.lovendal.ro\/wp52\/dezvaluirile-unui-extraterestru-aflat-pe-o-planeta-la-16000-ani-lumina-de-pamant\/","name":"Dezv\u0103luirile unui extraterestru aflat pe o planet\u0103 la 16.000 ani-lumin\u0103 de P\u0103m\u00e2nt - Secretele lui Lovendal","isPartOf":{"@id":"https:\/\/www.lovendal.ro\/wp52\/#website"},"primaryImageOfPage":{"@id":"https:\/\/www.lovendal.ro\/wp52\/dezvaluirile-unui-extraterestru-aflat-pe-o-planeta-la-16000-ani-lumina-de-pamant\/#primaryimage"},"image":{"@id":"https:\/\/www.lovendal.ro\/wp52\/dezvaluirile-unui-extraterestru-aflat-pe-o-planeta-la-16000-ani-lumina-de-pamant\/#primaryimage"},"thumbnailUrl":"https:\/\/www.lovendal.ro\/wp52\/wp-content\/uploads\/2009\/01\/extraterestri20.jpg","datePublished":"2009-01-14T18:01:08+00:00","dateModified":"2017-04-22T15:03:19+00:00","breadcrumb":{"@id":"https:\/\/www.lovendal.ro\/wp52\/dezvaluirile-unui-extraterestru-aflat-pe-o-planeta-la-16000-ani-lumina-de-pamant\/#breadcrumb"},"inLanguage":"ro-RO","potentialAction":[{"@type":"ReadAction","target":["https:\/\/www.lovendal.ro\/wp52\/dezvaluirile-unui-extraterestru-aflat-pe-o-planeta-la-16000-ani-lumina-de-pamant\/"]}]},{"@type":"ImageObject","inLanguage":"ro-RO","@id":"https:\/\/www.lovendal.ro\/wp52\/dezvaluirile-unui-extraterestru-aflat-pe-o-planeta-la-16000-ani-lumina-de-pamant\/#primaryimage","url":"https:\/\/www.lovendal.ro\/wp52\/wp-content\/uploads\/2009\/01\/extraterestri20.jpg","contentUrl":"https:\/\/www.lovendal.ro\/wp52\/wp-content\/uploads\/2009\/01\/extraterestri20.jpg","width":"356","height":"229"},{"@type":"BreadcrumbList","@id":"https:\/\/www.lovendal.ro\/wp52\/dezvaluirile-unui-extraterestru-aflat-pe-o-planeta-la-16000-ani-lumina-de-pamant\/#breadcrumb","itemListElement":[{"@type":"ListItem","position":1,"name":"Home","item":"https:\/\/www.lovendal.ro\/wp52\/"},{"@type":"ListItem","position":2,"name":"Dezv\u0103luirile unui extraterestru aflat pe o planet\u0103 la 16.000 ani-lumin\u0103 de P\u0103m\u00e2nt"}]},{"@type":"WebSite","@id":"https:\/\/www.lovendal.ro\/wp52\/#website","url":"https:\/\/www.lovendal.ro\/wp52\/","name":"Secretele lui Lovendal","description":"Site de secrete, stiinta si metafizica - din 2008 -","publisher":{"@id":"https:\/\/www.lovendal.ro\/wp52\/#organization"},"potentialAction":[{"@type":"SearchAction","target":{"@type":"EntryPoint","urlTemplate":"https:\/\/www.lovendal.ro\/wp52\/?s={search_term_string}"},"query-input":{"@type":"PropertyValueSpecification","valueRequired":true,"valueName":"search_term_string"}}],"inLanguage":"ro-RO"},{"@type":"Organization","@id":"https:\/\/www.lovendal.ro\/wp52\/#organization","name":"Secretele lui Lovendal","url":"https:\/\/www.lovendal.ro\/wp52\/","logo":{"@type":"ImageObject","inLanguage":"ro-RO","@id":"https:\/\/www.lovendal.ro\/wp52\/#\/schema\/logo\/image\/","url":"https:\/\/www.lovendal.ro\/wp52\/wp-content\/uploads\/2024\/06\/cropped-SLL-iun-2024-1.jpg","contentUrl":"https:\/\/www.lovendal.ro\/wp52\/wp-content\/uploads\/2024\/06\/cropped-SLL-iun-2024-1.jpg","width":771,"height":240,"caption":"Secretele lui Lovendal"},"image":{"@id":"https:\/\/www.lovendal.ro\/wp52\/#\/schema\/logo\/image\/"},"sameAs":["https:\/\/www.facebook.com\/secreteleluilovendal"]},{"@type":"Person","@id":"https:\/\/www.lovendal.ro\/wp52\/#\/schema\/person\/088691de5dfc346bb0c023e1e52ef5d9","name":"admin","image":{"@type":"ImageObject","inLanguage":"ro-RO","@id":"https:\/\/secure.gravatar.com\/avatar\/ecb9cd41f5f63c9c9b989999a59f6e2639a865ec361e9db054db0679a8f341c2?s=96&d=mm&r=g","url":"https:\/\/secure.gravatar.com\/avatar\/ecb9cd41f5f63c9c9b989999a59f6e2639a865ec361e9db054db0679a8f341c2?s=96&d=mm&r=g","contentUrl":"https:\/\/secure.gravatar.com\/avatar\/ecb9cd41f5f63c9c9b989999a59f6e2639a865ec361e9db054db0679a8f341c2?s=96&d=mm&r=g","caption":"admin"},"sameAs":["https:\/\/www.lovendal.ro\/wp52"]}]}},"_links":{"self":[{"href":"https:\/\/www.lovendal.ro\/wp52\/wp-json\/wp\/v2\/posts\/2609","targetHints":{"allow":["GET"]}}],"collection":[{"href":"https:\/\/www.lovendal.ro\/wp52\/wp-json\/wp\/v2\/posts"}],"about":[{"href":"https:\/\/www.lovendal.ro\/wp52\/wp-json\/wp\/v2\/types\/post"}],"author":[{"embeddable":true,"href":"https:\/\/www.lovendal.ro\/wp52\/wp-json\/wp\/v2\/users\/1"}],"replies":[{"embeddable":true,"href":"https:\/\/www.lovendal.ro\/wp52\/wp-json\/wp\/v2\/comments?post=2609"}],"version-history":[{"count":0,"href":"https:\/\/www.lovendal.ro\/wp52\/wp-json\/wp\/v2\/posts\/2609\/revisions"}],"wp:featuredmedia":[{"embeddable":true,"href":"https:\/\/www.lovendal.ro\/wp52\/wp-json\/wp\/v2\/media\/2610"}],"wp:attachment":[{"href":"https:\/\/www.lovendal.ro\/wp52\/wp-json\/wp\/v2\/media?parent=2609"}],"wp:term":[{"taxonomy":"category","embeddable":true,"href":"https:\/\/www.lovendal.ro\/wp52\/wp-json\/wp\/v2\/categories?post=2609"},{"taxonomy":"post_tag","embeddable":true,"href":"https:\/\/www.lovendal.ro\/wp52\/wp-json\/wp\/v2\/tags?post=2609"}],"curies":[{"name":"wp","href":"https:\/\/api.w.org\/{rel}","templated":true}]}}