{"id":25962,"date":"2017-05-07T15:00:19","date_gmt":"2017-05-07T12:00:19","guid":{"rendered":"http:\/\/www.lovendal.net\/wp52\/?p=25962"},"modified":"2017-05-07T15:20:19","modified_gmt":"2017-05-07T12:20:19","slug":"a-participat-la-siluiri-de-femei-la-crime-si-l-chema-papa-benedict-al-ix-lea","status":"publish","type":"post","link":"https:\/\/www.lovendal.ro\/wp52\/a-participat-la-siluiri-de-femei-la-crime-si-l-chema-papa-benedict-al-ix-lea\/","title":{"rendered":"A participat la siluiri de femei, la crime \u015fi-l blestema pe Dumnezeu la fiecare mas\u0103. \u015ei-l chema&#8230;papa Benedict al IX-lea!"},"content":{"rendered":"<p><a href=\"https:\/\/www.lovendal.ro\/wp52\/wp-content\/uploads\/2012\/12\/papa-Benedict-al-IX-lea.jpg\"><img loading=\"lazy\" decoding=\"async\" class=\"alignleft size-full wp-image-25963\" title=\"papa Benedict al IX-lea\" src=\"https:\/\/www.lovendal.ro\/wp52\/wp-content\/uploads\/2012\/12\/papa-Benedict-al-IX-lea.jpg\" alt=\"\" width=\"289\" height=\"285\" \/><\/a>Biserica Catolic\u0103 a avut mai mul\u0163i papi care, \u00een mod categoric, nu fac cinste cre\u015ftinismului. \u00cen acest articol ve\u0163i citi despre un pap\u0103 ce nu ar putea fi considerat \u00een nici \u00eentr-un caz &#8222;Vicarul lui Iisus Hristos&#8221;. E vorba de papa Benedict al IX-lea, singurul pap\u0103 care \u015fi-a v\u00e2ndut scaunul pentru o sum\u0103 de bani \u015fi singurul care a fost pap\u0103 \u00een 3 ocazii: \u00eentre 1032 \u015fi 1044, timp de o lun\u0103 \u00een 1045 \u015fi \u00eentre 1047 \u015fi 1048.<\/p>\n<p>Benedict al IX-lea a ajuns pap\u0103 la doar 20 de ani (!), cu ajutorul banilor tat\u0103lui s\u0103u, Alberic al III-lea, conte de Tusculum, un om foarte puternic \u015fi influent \u00een acea perioad\u0103, care a cump\u0103rat voturile electorilor papali. De fapt, familia con\u0163ilor de Tusculum d\u0103duse p\u00e2n\u0103 atunci numai pu\u0163in de 5 papi, papalitatea devenind un fel de afacere de familie.<\/p>\n<p>T\u00e2n\u0103rul Benedict, obsedat dup\u0103 bani \u015fi putere, a scos la v\u00e2nzare o mul\u0163ime de posturi de\u0163inute de papalitate. Mai mult dec\u00e2t at\u00e2t, acest pap\u0103 a participat la mai multe orgii, \u015fi se spune c\u0103, la fiecare mas\u0103, \u00eel blestema pe Dumnezeu \u015fi toasta pentru Diavol! \u00cen plus, Desiderius de Monte Cassino, un contemporan al lui Benedict, care a devenit mai t\u00e2rziu pap\u0103 sub numele de Victor al III-lea, scria c\u0103 Benedict al IX-lea comisese o<em> &#8222;mul\u0163ime de crime, vio*luri \u015fi acte mi\u015fele\u015fti&#8221;<\/em>. &#8222;Reprezentantul lui Iisus Hristos&#8221; pe P\u0103m\u00e2nt (cum mai erau cunoscu\u0163i papii), devenise un fel de &#8222;reprezentant al Satanei&#8221;.<\/p>\n<p>Ac\u0163iunile sale i-au revoltat pe mul\u0163i, dar lui Benedict pu\u0163in \u00eei p\u0103sa de critici. El cump\u0103rase o bun\u0103 parte din aristocra\u0163ia roman\u0103, a\u015fa c\u0103, av\u00e2nd spatele asigurat, putea face ce dorea. Totu\u015fi, el avu parte de o serie de r\u0103scoale \u015fi confrunt\u0103ri armate&#8230;oamenii pur \u015fi simplu nu mai putea accepta un &#8222;diavol&#8221; pe Scaunul Sf.Petru. Prin 1044, Benedict al IX-lea s-a mai s\u0103turat s\u0103 mai fie pap\u0103, a\u015fa c\u0103-\u015fi v\u00e2ndu scaunul na\u015fului s\u0103u, pentru o anumit\u0103 sum\u0103 de bani.<\/p>\n<p>\u00cen ultimii ani ai vie\u0163ii sale, Benedict, d\u00e2ndu-\u015fi seama de gre\u015felile f\u0103cute \u00een timpul vie\u0163ii, s-a c\u0103lug\u0103rit la M\u0103n\u0103stirea Santa Maria di Grottaferrata, cer\u00e2nd iertarea lui Dumnezeu. El a murit acolo \u00een 1065. Nu \u015ftiu dac\u0103 Dumnezeu l-a mai putut ierta&#8230;<\/p>\n","protected":false},"excerpt":{"rendered":"<p>Biserica Catolic\u0103 a avut mai mul\u0163i papi care, \u00een mod categoric, nu fac cinste cre\u015ftinismului. \u00cen acest articol ve\u0163i citi despre un pap\u0103 ce nu ar putea fi considerat \u00een nici \u00eentr-un caz &#8222;Vicarul lui Iisus Hristos&#8221;. E vorba de &#8230; <\/p>\n<p class=\"read-more-container\"><a title=\"A participat la siluiri de femei, la crime \u015fi-l blestema pe Dumnezeu la fiecare mas\u0103. \u015ei-l chema&#8230;papa Benedict al IX-lea!\" class=\"read-more button\" href=\"https:\/\/www.lovendal.ro\/wp52\/a-participat-la-siluiri-de-femei-la-crime-si-l-chema-papa-benedict-al-ix-lea\/#more-25962\" aria-label=\"Cite\u0219te mai multe despre A participat la siluiri de femei, la crime \u015fi-l blestema pe Dumnezeu la fiecare mas\u0103. \u015ei-l chema&#8230;papa Benedict al IX-lea!\">Cititi mai multe<\/a><\/p>\n","protected":false},"author":1,"featured_media":25963,"comment_status":"open","ping_status":"closed","sticky":false,"template":"","format":"standard","meta":{"footnotes":""},"categories":[9],"tags":[1433,5824,1415,892,211,697,323,210,1532,4125,97,5782,5825],"class_list":["post-25962","post","type-post","status-publish","format-standard","has-post-thumbnail","hentry","category-istorie","tag-bani","tag-benedict-al-ix-lea","tag-biserica-catolica","tag-calugar","tag-crestinism","tag-diavol","tag-dumnezeu","tag-iisus-hristos","tag-istorie-si-civilizatii","tag-orgie","tag-papa","tag-silvestru-al-ii-lea","tag-victor-al-iii-lea","resize-featured-image"],"yoast_head":"<!-- This site is optimized with the Yoast SEO Premium plugin v23.3 (Yoast SEO v27.4) - https:\/\/yoast.com\/product\/yoast-seo-premium-wordpress\/ -->\n<title>A participat la siluiri de femei, la crime \u015fi-l blestema pe Dumnezeu la fiecare mas\u0103. \u015ei-l chema...papa Benedict al IX-lea! - Secretele lui Lovendal<\/title>\n<meta name=\"robots\" content=\"index, follow, max-snippet:-1, max-image-preview:large, max-video-preview:-1\" \/>\n<link rel=\"canonical\" href=\"https:\/\/www.lovendal.ro\/wp52\/a-participat-la-siluiri-de-femei-la-crime-si-l-chema-papa-benedict-al-ix-lea\/\" \/>\n<meta property=\"og:locale\" content=\"ro_RO\" \/>\n<meta property=\"og:type\" content=\"article\" \/>\n<meta property=\"og:title\" content=\"A participat la siluiri de femei, la crime \u015fi-l blestema pe Dumnezeu la fiecare mas\u0103. \u015ei-l chema...papa Benedict al IX-lea!\" \/>\n<meta property=\"og:description\" content=\"Biserica Catolic\u0103 a avut mai mul\u0163i papi care, \u00een mod categoric, nu fac cinste cre\u015ftinismului. \u00cen acest articol ve\u0163i citi despre un pap\u0103 ce nu ar putea fi considerat \u00een nici \u00eentr-un caz &#8222;Vicarul lui Iisus Hristos&#8221;. E vorba de ... Cititi mai multe\" \/>\n<meta property=\"og:url\" content=\"https:\/\/www.lovendal.ro\/wp52\/a-participat-la-siluiri-de-femei-la-crime-si-l-chema-papa-benedict-al-ix-lea\/\" \/>\n<meta property=\"og:site_name\" content=\"Secretele lui Lovendal\" \/>\n<meta property=\"article:publisher\" content=\"https:\/\/www.facebook.com\/secreteleluilovendal\" \/>\n<meta property=\"article:published_time\" content=\"2017-05-07T12:00:19+00:00\" \/>\n<meta property=\"article:modified_time\" content=\"2017-05-07T12:20:19+00:00\" \/>\n<meta property=\"og:image\" content=\"https:\/\/www.lovendal.ro\/wp52\/wp-content\/uploads\/2012\/12\/papa-Benedict-al-IX-lea.jpg\" \/>\n\t<meta property=\"og:image:width\" content=\"289\" \/>\n\t<meta property=\"og:image:height\" content=\"285\" \/>\n\t<meta property=\"og:image:type\" content=\"image\/jpeg\" \/>\n<meta name=\"author\" content=\"admin\" \/>\n<meta name=\"twitter:card\" content=\"summary_large_image\" \/>\n<meta name=\"twitter:label1\" content=\"Scris de\" \/>\n\t<meta name=\"twitter:data1\" content=\"admin\" \/>\n\t<meta name=\"twitter:label2\" content=\"Timp estimat pentru citire\" \/>\n\t<meta name=\"twitter:data2\" content=\"2 minute\" \/>\n<script type=\"application\/ld+json\" class=\"yoast-schema-graph\">{\"@context\":\"https:\\\/\\\/schema.org\",\"@graph\":[{\"@type\":\"Article\",\"@id\":\"https:\\\/\\\/www.lovendal.ro\\\/wp52\\\/a-participat-la-siluiri-de-femei-la-crime-si-l-chema-papa-benedict-al-ix-lea\\\/#article\",\"isPartOf\":{\"@id\":\"https:\\\/\\\/www.lovendal.ro\\\/wp52\\\/a-participat-la-siluiri-de-femei-la-crime-si-l-chema-papa-benedict-al-ix-lea\\\/\"},\"author\":{\"name\":\"admin\",\"@id\":\"https:\\\/\\\/www.lovendal.ro\\\/wp52\\\/#\\\/schema\\\/person\\\/088691de5dfc346bb0c023e1e52ef5d9\"},\"headline\":\"A participat la siluiri de femei, la crime \u015fi-l blestema pe Dumnezeu la fiecare mas\u0103. \u015ei-l chema&#8230;papa Benedict al IX-lea!\",\"datePublished\":\"2017-05-07T12:00:19+00:00\",\"dateModified\":\"2017-05-07T12:20:19+00:00\",\"mainEntityOfPage\":{\"@id\":\"https:\\\/\\\/www.lovendal.ro\\\/wp52\\\/a-participat-la-siluiri-de-femei-la-crime-si-l-chema-papa-benedict-al-ix-lea\\\/\"},\"wordCount\":426,\"commentCount\":17,\"publisher\":{\"@id\":\"https:\\\/\\\/www.lovendal.ro\\\/wp52\\\/#organization\"},\"image\":{\"@id\":\"https:\\\/\\\/www.lovendal.ro\\\/wp52\\\/a-participat-la-siluiri-de-femei-la-crime-si-l-chema-papa-benedict-al-ix-lea\\\/#primaryimage\"},\"thumbnailUrl\":\"https:\\\/\\\/www.lovendal.ro\\\/wp52\\\/wp-content\\\/uploads\\\/2012\\\/12\\\/papa-Benedict-al-IX-lea.jpg\",\"keywords\":[\"bani\",\"Benedict al IX-lea\",\"Biserica Catolic\u0103\",\"c\u0103lug\u0103r\",\"cre\u015ftinism\",\"diavol\",\"Dumnezeu\",\"Iisus Hristos\",\"Istorie si Civilizatii\",\"orgie\",\"papa\",\"Silvestru al II-lea\",\"Victor al III-lea\"],\"articleSection\":[\"Istorie si Civilizatii\"],\"inLanguage\":\"ro-RO\",\"potentialAction\":[{\"@type\":\"CommentAction\",\"name\":\"Comment\",\"target\":[\"https:\\\/\\\/www.lovendal.ro\\\/wp52\\\/a-participat-la-siluiri-de-femei-la-crime-si-l-chema-papa-benedict-al-ix-lea\\\/#respond\"]}]},{\"@type\":\"WebPage\",\"@id\":\"https:\\\/\\\/www.lovendal.ro\\\/wp52\\\/a-participat-la-siluiri-de-femei-la-crime-si-l-chema-papa-benedict-al-ix-lea\\\/\",\"url\":\"https:\\\/\\\/www.lovendal.ro\\\/wp52\\\/a-participat-la-siluiri-de-femei-la-crime-si-l-chema-papa-benedict-al-ix-lea\\\/\",\"name\":\"A participat la siluiri de femei, la crime \u015fi-l blestema pe Dumnezeu la fiecare mas\u0103. \u015ei-l chema...papa Benedict al IX-lea! - Secretele lui Lovendal\",\"isPartOf\":{\"@id\":\"https:\\\/\\\/www.lovendal.ro\\\/wp52\\\/#website\"},\"primaryImageOfPage\":{\"@id\":\"https:\\\/\\\/www.lovendal.ro\\\/wp52\\\/a-participat-la-siluiri-de-femei-la-crime-si-l-chema-papa-benedict-al-ix-lea\\\/#primaryimage\"},\"image\":{\"@id\":\"https:\\\/\\\/www.lovendal.ro\\\/wp52\\\/a-participat-la-siluiri-de-femei-la-crime-si-l-chema-papa-benedict-al-ix-lea\\\/#primaryimage\"},\"thumbnailUrl\":\"https:\\\/\\\/www.lovendal.ro\\\/wp52\\\/wp-content\\\/uploads\\\/2012\\\/12\\\/papa-Benedict-al-IX-lea.jpg\",\"datePublished\":\"2017-05-07T12:00:19+00:00\",\"dateModified\":\"2017-05-07T12:20:19+00:00\",\"breadcrumb\":{\"@id\":\"https:\\\/\\\/www.lovendal.ro\\\/wp52\\\/a-participat-la-siluiri-de-femei-la-crime-si-l-chema-papa-benedict-al-ix-lea\\\/#breadcrumb\"},\"inLanguage\":\"ro-RO\",\"potentialAction\":[{\"@type\":\"ReadAction\",\"target\":[\"https:\\\/\\\/www.lovendal.ro\\\/wp52\\\/a-participat-la-siluiri-de-femei-la-crime-si-l-chema-papa-benedict-al-ix-lea\\\/\"]}]},{\"@type\":\"ImageObject\",\"inLanguage\":\"ro-RO\",\"@id\":\"https:\\\/\\\/www.lovendal.ro\\\/wp52\\\/a-participat-la-siluiri-de-femei-la-crime-si-l-chema-papa-benedict-al-ix-lea\\\/#primaryimage\",\"url\":\"https:\\\/\\\/www.lovendal.ro\\\/wp52\\\/wp-content\\\/uploads\\\/2012\\\/12\\\/papa-Benedict-al-IX-lea.jpg\",\"contentUrl\":\"https:\\\/\\\/www.lovendal.ro\\\/wp52\\\/wp-content\\\/uploads\\\/2012\\\/12\\\/papa-Benedict-al-IX-lea.jpg\",\"width\":\"289\",\"height\":\"285\"},{\"@type\":\"BreadcrumbList\",\"@id\":\"https:\\\/\\\/www.lovendal.ro\\\/wp52\\\/a-participat-la-siluiri-de-femei-la-crime-si-l-chema-papa-benedict-al-ix-lea\\\/#breadcrumb\",\"itemListElement\":[{\"@type\":\"ListItem\",\"position\":1,\"name\":\"Home\",\"item\":\"https:\\\/\\\/www.lovendal.ro\\\/wp52\\\/\"},{\"@type\":\"ListItem\",\"position\":2,\"name\":\"A participat la siluiri de femei, la crime \u015fi-l blestema pe Dumnezeu la fiecare mas\u0103. \u015ei-l chema&#8230;papa Benedict al IX-lea!\"}]},{\"@type\":\"WebSite\",\"@id\":\"https:\\\/\\\/www.lovendal.ro\\\/wp52\\\/#website\",\"url\":\"https:\\\/\\\/www.lovendal.ro\\\/wp52\\\/\",\"name\":\"Secretele lui Lovendal\",\"description\":\"Site de secrete, stiinta si metafizica - din 2008 -\",\"publisher\":{\"@id\":\"https:\\\/\\\/www.lovendal.ro\\\/wp52\\\/#organization\"},\"potentialAction\":[{\"@type\":\"SearchAction\",\"target\":{\"@type\":\"EntryPoint\",\"urlTemplate\":\"https:\\\/\\\/www.lovendal.ro\\\/wp52\\\/?s={search_term_string}\"},\"query-input\":{\"@type\":\"PropertyValueSpecification\",\"valueRequired\":true,\"valueName\":\"search_term_string\"}}],\"inLanguage\":\"ro-RO\"},{\"@type\":\"Organization\",\"@id\":\"https:\\\/\\\/www.lovendal.ro\\\/wp52\\\/#organization\",\"name\":\"Secretele lui Lovendal\",\"url\":\"https:\\\/\\\/www.lovendal.ro\\\/wp52\\\/\",\"logo\":{\"@type\":\"ImageObject\",\"inLanguage\":\"ro-RO\",\"@id\":\"https:\\\/\\\/www.lovendal.ro\\\/wp52\\\/#\\\/schema\\\/logo\\\/image\\\/\",\"url\":\"https:\\\/\\\/www.lovendal.ro\\\/wp52\\\/wp-content\\\/uploads\\\/2024\\\/06\\\/cropped-SLL-iun-2024-1.jpg\",\"contentUrl\":\"https:\\\/\\\/www.lovendal.ro\\\/wp52\\\/wp-content\\\/uploads\\\/2024\\\/06\\\/cropped-SLL-iun-2024-1.jpg\",\"width\":771,\"height\":240,\"caption\":\"Secretele lui Lovendal\"},\"image\":{\"@id\":\"https:\\\/\\\/www.lovendal.ro\\\/wp52\\\/#\\\/schema\\\/logo\\\/image\\\/\"},\"sameAs\":[\"https:\\\/\\\/www.facebook.com\\\/secreteleluilovendal\"]},{\"@type\":\"Person\",\"@id\":\"https:\\\/\\\/www.lovendal.ro\\\/wp52\\\/#\\\/schema\\\/person\\\/088691de5dfc346bb0c023e1e52ef5d9\",\"name\":\"admin\",\"image\":{\"@type\":\"ImageObject\",\"inLanguage\":\"ro-RO\",\"@id\":\"https:\\\/\\\/secure.gravatar.com\\\/avatar\\\/ecb9cd41f5f63c9c9b989999a59f6e2639a865ec361e9db054db0679a8f341c2?s=96&d=mm&r=g\",\"url\":\"https:\\\/\\\/secure.gravatar.com\\\/avatar\\\/ecb9cd41f5f63c9c9b989999a59f6e2639a865ec361e9db054db0679a8f341c2?s=96&d=mm&r=g\",\"contentUrl\":\"https:\\\/\\\/secure.gravatar.com\\\/avatar\\\/ecb9cd41f5f63c9c9b989999a59f6e2639a865ec361e9db054db0679a8f341c2?s=96&d=mm&r=g\",\"caption\":\"admin\"},\"sameAs\":[\"https:\\\/\\\/www.lovendal.ro\\\/wp52\"]}]}<\/script>\n<!-- \/ Yoast SEO Premium plugin. -->","yoast_head_json":{"title":"A participat la siluiri de femei, la crime \u015fi-l blestema pe Dumnezeu la fiecare mas\u0103. \u015ei-l chema...papa Benedict al IX-lea! - Secretele lui Lovendal","robots":{"index":"index","follow":"follow","max-snippet":"max-snippet:-1","max-image-preview":"max-image-preview:large","max-video-preview":"max-video-preview:-1"},"canonical":"https:\/\/www.lovendal.ro\/wp52\/a-participat-la-siluiri-de-femei-la-crime-si-l-chema-papa-benedict-al-ix-lea\/","og_locale":"ro_RO","og_type":"article","og_title":"A participat la siluiri de femei, la crime \u015fi-l blestema pe Dumnezeu la fiecare mas\u0103. \u015ei-l chema...papa Benedict al IX-lea!","og_description":"Biserica Catolic\u0103 a avut mai mul\u0163i papi care, \u00een mod categoric, nu fac cinste cre\u015ftinismului. \u00cen acest articol ve\u0163i citi despre un pap\u0103 ce nu ar putea fi considerat \u00een nici \u00eentr-un caz &#8222;Vicarul lui Iisus Hristos&#8221;. E vorba de ... Cititi mai multe","og_url":"https:\/\/www.lovendal.ro\/wp52\/a-participat-la-siluiri-de-femei-la-crime-si-l-chema-papa-benedict-al-ix-lea\/","og_site_name":"Secretele lui Lovendal","article_publisher":"https:\/\/www.facebook.com\/secreteleluilovendal","article_published_time":"2017-05-07T12:00:19+00:00","article_modified_time":"2017-05-07T12:20:19+00:00","og_image":[{"width":289,"height":285,"url":"https:\/\/www.lovendal.ro\/wp52\/wp-content\/uploads\/2012\/12\/papa-Benedict-al-IX-lea.jpg","type":"image\/jpeg"}],"author":"admin","twitter_card":"summary_large_image","twitter_misc":{"Scris de":"admin","Timp estimat pentru citire":"2 minute"},"schema":{"@context":"https:\/\/schema.org","@graph":[{"@type":"Article","@id":"https:\/\/www.lovendal.ro\/wp52\/a-participat-la-siluiri-de-femei-la-crime-si-l-chema-papa-benedict-al-ix-lea\/#article","isPartOf":{"@id":"https:\/\/www.lovendal.ro\/wp52\/a-participat-la-siluiri-de-femei-la-crime-si-l-chema-papa-benedict-al-ix-lea\/"},"author":{"name":"admin","@id":"https:\/\/www.lovendal.ro\/wp52\/#\/schema\/person\/088691de5dfc346bb0c023e1e52ef5d9"},"headline":"A participat la siluiri de femei, la crime \u015fi-l blestema pe Dumnezeu la fiecare mas\u0103. \u015ei-l chema&#8230;papa Benedict al IX-lea!","datePublished":"2017-05-07T12:00:19+00:00","dateModified":"2017-05-07T12:20:19+00:00","mainEntityOfPage":{"@id":"https:\/\/www.lovendal.ro\/wp52\/a-participat-la-siluiri-de-femei-la-crime-si-l-chema-papa-benedict-al-ix-lea\/"},"wordCount":426,"commentCount":17,"publisher":{"@id":"https:\/\/www.lovendal.ro\/wp52\/#organization"},"image":{"@id":"https:\/\/www.lovendal.ro\/wp52\/a-participat-la-siluiri-de-femei-la-crime-si-l-chema-papa-benedict-al-ix-lea\/#primaryimage"},"thumbnailUrl":"https:\/\/www.lovendal.ro\/wp52\/wp-content\/uploads\/2012\/12\/papa-Benedict-al-IX-lea.jpg","keywords":["bani","Benedict al IX-lea","Biserica Catolic\u0103","c\u0103lug\u0103r","cre\u015ftinism","diavol","Dumnezeu","Iisus Hristos","Istorie si Civilizatii","orgie","papa","Silvestru al II-lea","Victor al III-lea"],"articleSection":["Istorie si Civilizatii"],"inLanguage":"ro-RO","potentialAction":[{"@type":"CommentAction","name":"Comment","target":["https:\/\/www.lovendal.ro\/wp52\/a-participat-la-siluiri-de-femei-la-crime-si-l-chema-papa-benedict-al-ix-lea\/#respond"]}]},{"@type":"WebPage","@id":"https:\/\/www.lovendal.ro\/wp52\/a-participat-la-siluiri-de-femei-la-crime-si-l-chema-papa-benedict-al-ix-lea\/","url":"https:\/\/www.lovendal.ro\/wp52\/a-participat-la-siluiri-de-femei-la-crime-si-l-chema-papa-benedict-al-ix-lea\/","name":"A participat la siluiri de femei, la crime \u015fi-l blestema pe Dumnezeu la fiecare mas\u0103. \u015ei-l chema...papa Benedict al IX-lea! - Secretele lui Lovendal","isPartOf":{"@id":"https:\/\/www.lovendal.ro\/wp52\/#website"},"primaryImageOfPage":{"@id":"https:\/\/www.lovendal.ro\/wp52\/a-participat-la-siluiri-de-femei-la-crime-si-l-chema-papa-benedict-al-ix-lea\/#primaryimage"},"image":{"@id":"https:\/\/www.lovendal.ro\/wp52\/a-participat-la-siluiri-de-femei-la-crime-si-l-chema-papa-benedict-al-ix-lea\/#primaryimage"},"thumbnailUrl":"https:\/\/www.lovendal.ro\/wp52\/wp-content\/uploads\/2012\/12\/papa-Benedict-al-IX-lea.jpg","datePublished":"2017-05-07T12:00:19+00:00","dateModified":"2017-05-07T12:20:19+00:00","breadcrumb":{"@id":"https:\/\/www.lovendal.ro\/wp52\/a-participat-la-siluiri-de-femei-la-crime-si-l-chema-papa-benedict-al-ix-lea\/#breadcrumb"},"inLanguage":"ro-RO","potentialAction":[{"@type":"ReadAction","target":["https:\/\/www.lovendal.ro\/wp52\/a-participat-la-siluiri-de-femei-la-crime-si-l-chema-papa-benedict-al-ix-lea\/"]}]},{"@type":"ImageObject","inLanguage":"ro-RO","@id":"https:\/\/www.lovendal.ro\/wp52\/a-participat-la-siluiri-de-femei-la-crime-si-l-chema-papa-benedict-al-ix-lea\/#primaryimage","url":"https:\/\/www.lovendal.ro\/wp52\/wp-content\/uploads\/2012\/12\/papa-Benedict-al-IX-lea.jpg","contentUrl":"https:\/\/www.lovendal.ro\/wp52\/wp-content\/uploads\/2012\/12\/papa-Benedict-al-IX-lea.jpg","width":"289","height":"285"},{"@type":"BreadcrumbList","@id":"https:\/\/www.lovendal.ro\/wp52\/a-participat-la-siluiri-de-femei-la-crime-si-l-chema-papa-benedict-al-ix-lea\/#breadcrumb","itemListElement":[{"@type":"ListItem","position":1,"name":"Home","item":"https:\/\/www.lovendal.ro\/wp52\/"},{"@type":"ListItem","position":2,"name":"A participat la siluiri de femei, la crime \u015fi-l blestema pe Dumnezeu la fiecare mas\u0103. \u015ei-l chema&#8230;papa Benedict al IX-lea!"}]},{"@type":"WebSite","@id":"https:\/\/www.lovendal.ro\/wp52\/#website","url":"https:\/\/www.lovendal.ro\/wp52\/","name":"Secretele lui Lovendal","description":"Site de secrete, stiinta si metafizica - din 2008 -","publisher":{"@id":"https:\/\/www.lovendal.ro\/wp52\/#organization"},"potentialAction":[{"@type":"SearchAction","target":{"@type":"EntryPoint","urlTemplate":"https:\/\/www.lovendal.ro\/wp52\/?s={search_term_string}"},"query-input":{"@type":"PropertyValueSpecification","valueRequired":true,"valueName":"search_term_string"}}],"inLanguage":"ro-RO"},{"@type":"Organization","@id":"https:\/\/www.lovendal.ro\/wp52\/#organization","name":"Secretele lui Lovendal","url":"https:\/\/www.lovendal.ro\/wp52\/","logo":{"@type":"ImageObject","inLanguage":"ro-RO","@id":"https:\/\/www.lovendal.ro\/wp52\/#\/schema\/logo\/image\/","url":"https:\/\/www.lovendal.ro\/wp52\/wp-content\/uploads\/2024\/06\/cropped-SLL-iun-2024-1.jpg","contentUrl":"https:\/\/www.lovendal.ro\/wp52\/wp-content\/uploads\/2024\/06\/cropped-SLL-iun-2024-1.jpg","width":771,"height":240,"caption":"Secretele lui Lovendal"},"image":{"@id":"https:\/\/www.lovendal.ro\/wp52\/#\/schema\/logo\/image\/"},"sameAs":["https:\/\/www.facebook.com\/secreteleluilovendal"]},{"@type":"Person","@id":"https:\/\/www.lovendal.ro\/wp52\/#\/schema\/person\/088691de5dfc346bb0c023e1e52ef5d9","name":"admin","image":{"@type":"ImageObject","inLanguage":"ro-RO","@id":"https:\/\/secure.gravatar.com\/avatar\/ecb9cd41f5f63c9c9b989999a59f6e2639a865ec361e9db054db0679a8f341c2?s=96&d=mm&r=g","url":"https:\/\/secure.gravatar.com\/avatar\/ecb9cd41f5f63c9c9b989999a59f6e2639a865ec361e9db054db0679a8f341c2?s=96&d=mm&r=g","contentUrl":"https:\/\/secure.gravatar.com\/avatar\/ecb9cd41f5f63c9c9b989999a59f6e2639a865ec361e9db054db0679a8f341c2?s=96&d=mm&r=g","caption":"admin"},"sameAs":["https:\/\/www.lovendal.ro\/wp52"]}]}},"_links":{"self":[{"href":"https:\/\/www.lovendal.ro\/wp52\/wp-json\/wp\/v2\/posts\/25962","targetHints":{"allow":["GET"]}}],"collection":[{"href":"https:\/\/www.lovendal.ro\/wp52\/wp-json\/wp\/v2\/posts"}],"about":[{"href":"https:\/\/www.lovendal.ro\/wp52\/wp-json\/wp\/v2\/types\/post"}],"author":[{"embeddable":true,"href":"https:\/\/www.lovendal.ro\/wp52\/wp-json\/wp\/v2\/users\/1"}],"replies":[{"embeddable":true,"href":"https:\/\/www.lovendal.ro\/wp52\/wp-json\/wp\/v2\/comments?post=25962"}],"version-history":[{"count":0,"href":"https:\/\/www.lovendal.ro\/wp52\/wp-json\/wp\/v2\/posts\/25962\/revisions"}],"wp:featuredmedia":[{"embeddable":true,"href":"https:\/\/www.lovendal.ro\/wp52\/wp-json\/wp\/v2\/media\/25963"}],"wp:attachment":[{"href":"https:\/\/www.lovendal.ro\/wp52\/wp-json\/wp\/v2\/media?parent=25962"}],"wp:term":[{"taxonomy":"category","embeddable":true,"href":"https:\/\/www.lovendal.ro\/wp52\/wp-json\/wp\/v2\/categories?post=25962"},{"taxonomy":"post_tag","embeddable":true,"href":"https:\/\/www.lovendal.ro\/wp52\/wp-json\/wp\/v2\/tags?post=25962"}],"curies":[{"name":"wp","href":"https:\/\/api.w.org\/{rel}","templated":true}]}}