{"id":25755,"date":"2012-11-16T08:49:06","date_gmt":"2012-11-16T06:49:06","guid":{"rendered":"http:\/\/www.lovendal.net\/wp52\/?p=25755"},"modified":"2024-12-29T12:47:21","modified_gmt":"2024-12-29T10:47:21","slug":"el-mercurio-un-calator-in-timp-a-ajuns-din-secolul-23-pe-timpul-lui-stalin-ramanand-captiv-intr-un-gulag-rusesc","status":"publish","type":"post","link":"https:\/\/www.lovendal.ro\/wp52\/el-mercurio-un-calator-in-timp-a-ajuns-din-secolul-23-pe-timpul-lui-stalin-ramanand-captiv-intr-un-gulag-rusesc\/","title":{"rendered":"Ziarul de limb\u0103 spaniol\u0103 &#8222;El Mercurio&#8221; din 12 martie 1995: &#8222;Un c\u0103l\u0103tor \u00een timp a ajuns din secolul 23 pe timpul lui Stalin, r\u0103m\u00e2n\u00e2nd captiv \u00eentr-un gulag rusesc&#8221;"},"content":{"rendered":"<p><a href=\"https:\/\/www.lovendal.ro\/wp52\/wp-content\/uploads\/2012\/11\/calator-in-timp-5.jpg\"><img loading=\"lazy\" decoding=\"async\" class=\"alignleft size-full wp-image-25756\" src=\"https:\/\/www.lovendal.ro\/wp52\/wp-content\/uploads\/2012\/11\/calator-in-timp-5.jpg\" alt=\"\" width=\"309\" height=\"218\" srcset=\"https:\/\/www.lovendal.ro\/wp52\/wp-content\/uploads\/2012\/11\/calator-in-timp-5.jpg 309w, https:\/\/www.lovendal.ro\/wp52\/wp-content\/uploads\/2012\/11\/calator-in-timp-5-300x211.jpg 300w\" sizes=\"auto, (max-width: 309px) 100vw, 309px\" \/><\/a>V\u0103 dau citire din ziarul de limb\u0103 spaniol\u0103 <em><strong>&#8222;El Mercurio&#8221;<\/strong> <\/em>din 12 martie 1995. La finalul articolului am pus \u015fi o captur\u0103 a ziarului respectiv, \u015fi asta pentru c\u0103 de multe ori sunt acuzat f\u0103r\u0103 motiv c\u0103 a\u015f inventa articole \ud83d\ude42<\/p>\n<p>Titlul articolului din cotidianul respectiv este urm\u0103torul:<em> &#8222;Un jurnalist rus pretinde c\u0103 ar fi \u00eent\u00e2lnit un c\u0103l\u0103tor al timpului&#8221;<\/em>. Iat\u0103 ce scrie \u00een articol:<\/p>\n<p>Un c\u0103l\u0103tor venind din viitor, din secolul al XXIII-lea, a ajuns \u00een URSS \u00een perioada lui Stalin, petrec\u00e2nd cinci ani de captivitate \u00eentr-un gulag \u015fi \u015fase ani \u00een era comunist\u0103, f\u0103r\u0103 s\u0103 fie capabil s\u0103 se re\u00eentoarc\u0103 \u00een timpul s\u0103u. \u015etirea, publicat\u0103 azi de ziarul preziden\u0163ial rusesc <em>\u201cRossiskie Viesti\u201d<\/em>, apar\u0163ine jurnalistului Vladimir Cernobrov, care jur\u0103 c\u0103 s-ar fi \u00eent\u00e2lnit cu acest c\u0103l\u0103tor \u00een timp, misterios \u015fi dezorientat. Conform ziarului rusesc, Eugene Iosovich a venit din secolul XXIII, dar a sosit \u00een Rusia comunist\u0103, fiind arestat pentru spionaj. Aparent, cei din secolul al XXIII-lea au uitat de acest c\u0103l\u0103tor \u00een timp, g\u00e2ndindu-se poate c\u0103 o perioad\u0103 petrecut\u0103 \u00een Uniunea Sovietic\u0103 ar fi suficient\u0103 ca pedeaps\u0103 pentru cineva care a apucat pe c\u0103i gre\u015fite. Cernobrov a mai spus c\u0103 acest c\u0103l\u0103tor \u00een timp ar fi prevestit c\u0103derea URSS-ului \u015fi ajungerea lui Boris El\u0163\u00een la putere.<\/p>\n<p>P.S. \u0102sta e scurtul articol. Despre c\u0103l\u0103tori \u00een timp, am prezentat \u015fi eu destule cazuri pe acest site:<br \/>\n&#8211; cazul unui pacient care a alunecat \u00een timp instantaneu, de la var\u0103 la iarn\u0103 (<a href=\"https:\/\/www.lovendal.ro\/wp52\/bizarul-fenomen-al-alunecarii-in-timp-de-la-o-vara-caniculara-in-california-intr-o-iarna-rece-in-new-york-instantaneu\/\" target=\"_blank\" rel=\"noopener\"><strong>https:\/\/www.lovendal.ro\/wp52\/bizarul-fenomen-al-alunecarii-in-timp-de-la-o-vara-caniculara-in-california-intr-o-iarna-rece-in-new-york-instantaneu\/<\/strong><\/a>);<br \/>\n-brazilianul Jorge care a c\u0103l\u0103torit \u00een timp 5 zile, dup\u0103 ce a \u00eent\u00e2lnit o &#8222;furtun\u0103 a timpului&#8221; (<a href=\"https:\/\/www.lovendal.ro\/wp52\/furtunile-timpului-incredibilul-caz-de-calatorie-in-timp-si-spatiu-a-brazilianului-jorge\/\" target=\"_blank\" rel=\"noopener\"><strong>https:\/\/www.lovendal.ro\/wp52\/furtunile-timpului-incredibilul-caz-de-calatorie-in-timp-si-spatiu-a-brazilianului-jorge\/<\/strong><\/a>);<br \/>\n&#8211; Montsalveri, omul din 1618 care a c\u0103l\u0103torit \u00een timp p\u00e2n\u0103 \u00een anul 2000 (<a href=\"https:\/\/www.lovendal.ro\/wp52\/incredibila-poveste-al-lui-montsalveri-omul-din-1618-care-a-vazut-lumea-din-anul-2000\/\" target=\"_blank\" rel=\"noopener\"><strong>https:\/\/www.lovendal.ro\/wp52\/incredibila-poveste-al-lui-montsalveri-omul-din-1618-care-a-vazut-lumea-din-anul-2000\/<\/strong><\/a>);<br \/>\n&#8211; b\u0103iatul care a ajuns din secolul al XIX-lea \u00een 2013 \u00eentr-o singur\u0103 zi (<a href=\"https:\/\/www.lovendal.ro\/wp52\/un-baiat-a-facut-o-calatorie-in-timp-din-secolul-xix-pana-in-2013-in-aceeasi-zi\/\" target=\"_blank\" rel=\"noopener\"><strong>https:\/\/www.lovendal.ro\/wp52\/un-baiat-a-facut-o-calatorie-in-timp-din-secolul-xix-pana-in-2013-in-aceeasi-zi\/<\/strong><\/a>).<\/p>\n<p>Voi crede\u0163i ce spune ziaristul rus? <strong>\u00ce<\/strong>ntr-un articol din 2011 (<a href=\"https:\/\/www.lovendal.ro\/wp52\/calatoria-in-timp-e-posibila-dar-un-calator-in-timp-nu-se-va-putea-intoarce-niciodata-in-lumea-si-timpul-din-care-a-plecat\/\" target=\"_blank\" rel=\"noopener\"><strong>https:\/\/www.lovendal.ro\/wp52\/calatoria-in-timp-e-posibila-dar-un-calator-in-timp-nu-se-va-putea-intoarce-niciodata-in-lumea-si-timpul-din-care-a-plecat\/<\/strong><\/a>) ar\u0103tam c\u0103, de\u015fi c\u0103l\u0103toria \u00een timp e posibil\u0103, totu\u015fi cel care o face nu se va mai putea \u00eentoarce \u00een locul \u015fi timpul din care a plecat. Exact ca \u00een cazul articolului de fa\u0163\u0103&#8230;<\/p>\n<p><a href=\"https:\/\/www.lovendal.ro\/wp52\/wp-content\/uploads\/2012\/11\/El-Mercurio.jpg\"><img loading=\"lazy\" decoding=\"async\" class=\"aligncenter size-full wp-image-25757\" title=\"El Mercurio\" src=\"https:\/\/www.lovendal.ro\/wp52\/wp-content\/uploads\/2012\/11\/El-Mercurio.jpg\" alt=\"\" width=\"540\" height=\"288\" srcset=\"https:\/\/www.lovendal.ro\/wp52\/wp-content\/uploads\/2012\/11\/El-Mercurio.jpg 400w, https:\/\/www.lovendal.ro\/wp52\/wp-content\/uploads\/2012\/11\/El-Mercurio-300x160.jpg 300w\" sizes=\"auto, (max-width: 540px) 100vw, 540px\" \/><\/a><\/p>\n","protected":false},"excerpt":{"rendered":"<p>V\u0103 dau citire din ziarul de limb\u0103 spaniol\u0103 &#8222;El Mercurio&#8221; din 12 martie 1995. La finalul articolului am pus \u015fi o captur\u0103 a ziarului respectiv, \u015fi asta pentru c\u0103 de multe ori sunt acuzat f\u0103r\u0103 motiv c\u0103 a\u015f inventa articole &#8230; <\/p>\n<p class=\"read-more-container\"><a title=\"Ziarul de limb\u0103 spaniol\u0103 &#8222;El Mercurio&#8221; din 12 martie 1995: &#8222;Un c\u0103l\u0103tor \u00een timp a ajuns din secolul 23 pe timpul lui Stalin, r\u0103m\u00e2n\u00e2nd captiv \u00eentr-un gulag rusesc&#8221;\" class=\"read-more button\" href=\"https:\/\/www.lovendal.ro\/wp52\/el-mercurio-un-calator-in-timp-a-ajuns-din-secolul-23-pe-timpul-lui-stalin-ramanand-captiv-intr-un-gulag-rusesc\/#more-25755\" aria-label=\"Cite\u0219te mai multe despre Ziarul de limb\u0103 spaniol\u0103 &#8222;El Mercurio&#8221; din 12 martie 1995: &#8222;Un c\u0103l\u0103tor \u00een timp a ajuns din secolul 23 pe timpul lui Stalin, r\u0103m\u00e2n\u00e2nd captiv \u00eentr-un gulag rusesc&#8221;\">Cititi mai multe<\/a><\/p>\n","protected":false},"author":1,"featured_media":25756,"comment_status":"open","ping_status":"closed","sticky":false,"template":"","format":"standard","meta":{"footnotes":""},"categories":[14],"tags":[2206,928,5787,5786,9796,1802,296,298],"class_list":["post-25755","post","type-post","status-publish","format-standard","has-post-thumbnail","hentry","category-paranormal-spiritualitate","tag-boris-eltin","tag-calatoria-in-timp","tag-gulag","tag-limba-spaniola","tag-paranormal-spiritualitate","tag-spion","tag-stalin","tag-urss","resize-featured-image"],"yoast_head":"<!-- This site is optimized with the Yoast SEO Premium plugin v23.3 (Yoast SEO v27.4) - https:\/\/yoast.com\/product\/yoast-seo-premium-wordpress\/ -->\n<title>Ziarul de limb\u0103 spaniol\u0103 &quot;El Mercurio&quot; din 12 martie 1995: &quot;Un c\u0103l\u0103tor \u00een timp a ajuns din secolul 23 pe timpul lui Stalin, r\u0103m\u00e2n\u00e2nd captiv \u00eentr-un gulag rusesc&quot; - Secretele lui Lovendal<\/title>\n<meta name=\"robots\" content=\"index, follow, max-snippet:-1, max-image-preview:large, max-video-preview:-1\" \/>\n<link rel=\"canonical\" href=\"https:\/\/www.lovendal.ro\/wp52\/el-mercurio-un-calator-in-timp-a-ajuns-din-secolul-23-pe-timpul-lui-stalin-ramanand-captiv-intr-un-gulag-rusesc\/\" \/>\n<meta property=\"og:locale\" content=\"ro_RO\" \/>\n<meta property=\"og:type\" content=\"article\" \/>\n<meta property=\"og:title\" content=\"Ziarul de limb\u0103 spaniol\u0103 &quot;El Mercurio&quot; din 12 martie 1995: &quot;Un c\u0103l\u0103tor \u00een timp a ajuns din secolul 23 pe timpul lui Stalin, r\u0103m\u00e2n\u00e2nd captiv \u00eentr-un gulag rusesc&quot;\" \/>\n<meta property=\"og:description\" content=\"V\u0103 dau citire din ziarul de limb\u0103 spaniol\u0103 &#8222;El Mercurio&#8221; din 12 martie 1995. La finalul articolului am pus \u015fi o captur\u0103 a ziarului respectiv, \u015fi asta pentru c\u0103 de multe ori sunt acuzat f\u0103r\u0103 motiv c\u0103 a\u015f inventa articole ... Cititi mai multe\" \/>\n<meta property=\"og:url\" content=\"https:\/\/www.lovendal.ro\/wp52\/el-mercurio-un-calator-in-timp-a-ajuns-din-secolul-23-pe-timpul-lui-stalin-ramanand-captiv-intr-un-gulag-rusesc\/\" \/>\n<meta property=\"og:site_name\" content=\"Secretele lui Lovendal\" \/>\n<meta property=\"article:publisher\" content=\"https:\/\/www.facebook.com\/secreteleluilovendal\" \/>\n<meta property=\"article:published_time\" content=\"2012-11-16T06:49:06+00:00\" \/>\n<meta property=\"article:modified_time\" content=\"2024-12-29T10:47:21+00:00\" \/>\n<meta property=\"og:image\" content=\"https:\/\/www.lovendal.ro\/wp52\/wp-content\/uploads\/2012\/11\/calator-in-timp-5.jpg\" \/>\n\t<meta property=\"og:image:width\" content=\"309\" \/>\n\t<meta property=\"og:image:height\" content=\"218\" \/>\n\t<meta property=\"og:image:type\" content=\"image\/jpeg\" \/>\n<meta name=\"author\" content=\"admin\" \/>\n<meta name=\"twitter:card\" content=\"summary_large_image\" \/>\n<meta name=\"twitter:label1\" content=\"Scris de\" \/>\n\t<meta name=\"twitter:data1\" content=\"admin\" \/>\n\t<meta name=\"twitter:label2\" content=\"Timp estimat pentru citire\" \/>\n\t<meta name=\"twitter:data2\" content=\"3 minute\" \/>\n<script type=\"application\/ld+json\" class=\"yoast-schema-graph\">{\"@context\":\"https:\\\/\\\/schema.org\",\"@graph\":[{\"@type\":\"Article\",\"@id\":\"https:\\\/\\\/www.lovendal.ro\\\/wp52\\\/el-mercurio-un-calator-in-timp-a-ajuns-din-secolul-23-pe-timpul-lui-stalin-ramanand-captiv-intr-un-gulag-rusesc\\\/#article\",\"isPartOf\":{\"@id\":\"https:\\\/\\\/www.lovendal.ro\\\/wp52\\\/el-mercurio-un-calator-in-timp-a-ajuns-din-secolul-23-pe-timpul-lui-stalin-ramanand-captiv-intr-un-gulag-rusesc\\\/\"},\"author\":{\"name\":\"admin\",\"@id\":\"https:\\\/\\\/www.lovendal.ro\\\/wp52\\\/#\\\/schema\\\/person\\\/088691de5dfc346bb0c023e1e52ef5d9\"},\"headline\":\"Ziarul de limb\u0103 spaniol\u0103 &#8222;El Mercurio&#8221; din 12 martie 1995: &#8222;Un c\u0103l\u0103tor \u00een timp a ajuns din secolul 23 pe timpul lui Stalin, r\u0103m\u00e2n\u00e2nd captiv \u00eentr-un gulag rusesc&#8221;\",\"datePublished\":\"2012-11-16T06:49:06+00:00\",\"dateModified\":\"2024-12-29T10:47:21+00:00\",\"mainEntityOfPage\":{\"@id\":\"https:\\\/\\\/www.lovendal.ro\\\/wp52\\\/el-mercurio-un-calator-in-timp-a-ajuns-din-secolul-23-pe-timpul-lui-stalin-ramanand-captiv-intr-un-gulag-rusesc\\\/\"},\"wordCount\":425,\"commentCount\":6,\"publisher\":{\"@id\":\"https:\\\/\\\/www.lovendal.ro\\\/wp52\\\/#organization\"},\"image\":{\"@id\":\"https:\\\/\\\/www.lovendal.ro\\\/wp52\\\/el-mercurio-un-calator-in-timp-a-ajuns-din-secolul-23-pe-timpul-lui-stalin-ramanand-captiv-intr-un-gulag-rusesc\\\/#primaryimage\"},\"thumbnailUrl\":\"https:\\\/\\\/www.lovendal.ro\\\/wp52\\\/wp-content\\\/uploads\\\/2012\\\/11\\\/calator-in-timp-5.jpg\",\"keywords\":[\"Boris El\u0163\u00een\",\"c\u0103l\u0103toria \u00een timp\",\"gulag\",\"limba spaniol\u0103\",\"Paranormal-Spiritualitate\",\"spion\",\"Stalin\",\"URSS\"],\"articleSection\":[\"Paranormal-Spiritualitate\"],\"inLanguage\":\"ro-RO\",\"potentialAction\":[{\"@type\":\"CommentAction\",\"name\":\"Comment\",\"target\":[\"https:\\\/\\\/www.lovendal.ro\\\/wp52\\\/el-mercurio-un-calator-in-timp-a-ajuns-din-secolul-23-pe-timpul-lui-stalin-ramanand-captiv-intr-un-gulag-rusesc\\\/#respond\"]}]},{\"@type\":\"WebPage\",\"@id\":\"https:\\\/\\\/www.lovendal.ro\\\/wp52\\\/el-mercurio-un-calator-in-timp-a-ajuns-din-secolul-23-pe-timpul-lui-stalin-ramanand-captiv-intr-un-gulag-rusesc\\\/\",\"url\":\"https:\\\/\\\/www.lovendal.ro\\\/wp52\\\/el-mercurio-un-calator-in-timp-a-ajuns-din-secolul-23-pe-timpul-lui-stalin-ramanand-captiv-intr-un-gulag-rusesc\\\/\",\"name\":\"Ziarul de limb\u0103 spaniol\u0103 \\\"El Mercurio\\\" din 12 martie 1995: \\\"Un c\u0103l\u0103tor \u00een timp a ajuns din secolul 23 pe timpul lui Stalin, r\u0103m\u00e2n\u00e2nd captiv \u00eentr-un gulag rusesc\\\" - Secretele lui Lovendal\",\"isPartOf\":{\"@id\":\"https:\\\/\\\/www.lovendal.ro\\\/wp52\\\/#website\"},\"primaryImageOfPage\":{\"@id\":\"https:\\\/\\\/www.lovendal.ro\\\/wp52\\\/el-mercurio-un-calator-in-timp-a-ajuns-din-secolul-23-pe-timpul-lui-stalin-ramanand-captiv-intr-un-gulag-rusesc\\\/#primaryimage\"},\"image\":{\"@id\":\"https:\\\/\\\/www.lovendal.ro\\\/wp52\\\/el-mercurio-un-calator-in-timp-a-ajuns-din-secolul-23-pe-timpul-lui-stalin-ramanand-captiv-intr-un-gulag-rusesc\\\/#primaryimage\"},\"thumbnailUrl\":\"https:\\\/\\\/www.lovendal.ro\\\/wp52\\\/wp-content\\\/uploads\\\/2012\\\/11\\\/calator-in-timp-5.jpg\",\"datePublished\":\"2012-11-16T06:49:06+00:00\",\"dateModified\":\"2024-12-29T10:47:21+00:00\",\"breadcrumb\":{\"@id\":\"https:\\\/\\\/www.lovendal.ro\\\/wp52\\\/el-mercurio-un-calator-in-timp-a-ajuns-din-secolul-23-pe-timpul-lui-stalin-ramanand-captiv-intr-un-gulag-rusesc\\\/#breadcrumb\"},\"inLanguage\":\"ro-RO\",\"potentialAction\":[{\"@type\":\"ReadAction\",\"target\":[\"https:\\\/\\\/www.lovendal.ro\\\/wp52\\\/el-mercurio-un-calator-in-timp-a-ajuns-din-secolul-23-pe-timpul-lui-stalin-ramanand-captiv-intr-un-gulag-rusesc\\\/\"]}]},{\"@type\":\"ImageObject\",\"inLanguage\":\"ro-RO\",\"@id\":\"https:\\\/\\\/www.lovendal.ro\\\/wp52\\\/el-mercurio-un-calator-in-timp-a-ajuns-din-secolul-23-pe-timpul-lui-stalin-ramanand-captiv-intr-un-gulag-rusesc\\\/#primaryimage\",\"url\":\"https:\\\/\\\/www.lovendal.ro\\\/wp52\\\/wp-content\\\/uploads\\\/2012\\\/11\\\/calator-in-timp-5.jpg\",\"contentUrl\":\"https:\\\/\\\/www.lovendal.ro\\\/wp52\\\/wp-content\\\/uploads\\\/2012\\\/11\\\/calator-in-timp-5.jpg\",\"width\":\"309\",\"height\":\"218\"},{\"@type\":\"BreadcrumbList\",\"@id\":\"https:\\\/\\\/www.lovendal.ro\\\/wp52\\\/el-mercurio-un-calator-in-timp-a-ajuns-din-secolul-23-pe-timpul-lui-stalin-ramanand-captiv-intr-un-gulag-rusesc\\\/#breadcrumb\",\"itemListElement\":[{\"@type\":\"ListItem\",\"position\":1,\"name\":\"Home\",\"item\":\"https:\\\/\\\/www.lovendal.ro\\\/wp52\\\/\"},{\"@type\":\"ListItem\",\"position\":2,\"name\":\"Ziarul de limb\u0103 spaniol\u0103 &#8222;El Mercurio&#8221; din 12 martie 1995: &#8222;Un c\u0103l\u0103tor \u00een timp a ajuns din secolul 23 pe timpul lui Stalin, r\u0103m\u00e2n\u00e2nd captiv \u00eentr-un gulag rusesc&#8221;\"}]},{\"@type\":\"WebSite\",\"@id\":\"https:\\\/\\\/www.lovendal.ro\\\/wp52\\\/#website\",\"url\":\"https:\\\/\\\/www.lovendal.ro\\\/wp52\\\/\",\"name\":\"Secretele lui Lovendal\",\"description\":\"Site de secrete, stiinta si metafizica - din 2008 -\",\"publisher\":{\"@id\":\"https:\\\/\\\/www.lovendal.ro\\\/wp52\\\/#organization\"},\"potentialAction\":[{\"@type\":\"SearchAction\",\"target\":{\"@type\":\"EntryPoint\",\"urlTemplate\":\"https:\\\/\\\/www.lovendal.ro\\\/wp52\\\/?s={search_term_string}\"},\"query-input\":{\"@type\":\"PropertyValueSpecification\",\"valueRequired\":true,\"valueName\":\"search_term_string\"}}],\"inLanguage\":\"ro-RO\"},{\"@type\":\"Organization\",\"@id\":\"https:\\\/\\\/www.lovendal.ro\\\/wp52\\\/#organization\",\"name\":\"Secretele lui Lovendal\",\"url\":\"https:\\\/\\\/www.lovendal.ro\\\/wp52\\\/\",\"logo\":{\"@type\":\"ImageObject\",\"inLanguage\":\"ro-RO\",\"@id\":\"https:\\\/\\\/www.lovendal.ro\\\/wp52\\\/#\\\/schema\\\/logo\\\/image\\\/\",\"url\":\"https:\\\/\\\/www.lovendal.ro\\\/wp52\\\/wp-content\\\/uploads\\\/2024\\\/06\\\/cropped-SLL-iun-2024-1.jpg\",\"contentUrl\":\"https:\\\/\\\/www.lovendal.ro\\\/wp52\\\/wp-content\\\/uploads\\\/2024\\\/06\\\/cropped-SLL-iun-2024-1.jpg\",\"width\":771,\"height\":240,\"caption\":\"Secretele lui Lovendal\"},\"image\":{\"@id\":\"https:\\\/\\\/www.lovendal.ro\\\/wp52\\\/#\\\/schema\\\/logo\\\/image\\\/\"},\"sameAs\":[\"https:\\\/\\\/www.facebook.com\\\/secreteleluilovendal\"]},{\"@type\":\"Person\",\"@id\":\"https:\\\/\\\/www.lovendal.ro\\\/wp52\\\/#\\\/schema\\\/person\\\/088691de5dfc346bb0c023e1e52ef5d9\",\"name\":\"admin\",\"image\":{\"@type\":\"ImageObject\",\"inLanguage\":\"ro-RO\",\"@id\":\"https:\\\/\\\/secure.gravatar.com\\\/avatar\\\/ecb9cd41f5f63c9c9b989999a59f6e2639a865ec361e9db054db0679a8f341c2?s=96&d=mm&r=g\",\"url\":\"https:\\\/\\\/secure.gravatar.com\\\/avatar\\\/ecb9cd41f5f63c9c9b989999a59f6e2639a865ec361e9db054db0679a8f341c2?s=96&d=mm&r=g\",\"contentUrl\":\"https:\\\/\\\/secure.gravatar.com\\\/avatar\\\/ecb9cd41f5f63c9c9b989999a59f6e2639a865ec361e9db054db0679a8f341c2?s=96&d=mm&r=g\",\"caption\":\"admin\"},\"sameAs\":[\"https:\\\/\\\/www.lovendal.ro\\\/wp52\"]}]}<\/script>\n<!-- \/ Yoast SEO Premium plugin. -->","yoast_head_json":{"title":"Ziarul de limb\u0103 spaniol\u0103 \"El Mercurio\" din 12 martie 1995: \"Un c\u0103l\u0103tor \u00een timp a ajuns din secolul 23 pe timpul lui Stalin, r\u0103m\u00e2n\u00e2nd captiv \u00eentr-un gulag rusesc\" - Secretele lui Lovendal","robots":{"index":"index","follow":"follow","max-snippet":"max-snippet:-1","max-image-preview":"max-image-preview:large","max-video-preview":"max-video-preview:-1"},"canonical":"https:\/\/www.lovendal.ro\/wp52\/el-mercurio-un-calator-in-timp-a-ajuns-din-secolul-23-pe-timpul-lui-stalin-ramanand-captiv-intr-un-gulag-rusesc\/","og_locale":"ro_RO","og_type":"article","og_title":"Ziarul de limb\u0103 spaniol\u0103 \"El Mercurio\" din 12 martie 1995: \"Un c\u0103l\u0103tor \u00een timp a ajuns din secolul 23 pe timpul lui Stalin, r\u0103m\u00e2n\u00e2nd captiv \u00eentr-un gulag rusesc\"","og_description":"V\u0103 dau citire din ziarul de limb\u0103 spaniol\u0103 &#8222;El Mercurio&#8221; din 12 martie 1995. La finalul articolului am pus \u015fi o captur\u0103 a ziarului respectiv, \u015fi asta pentru c\u0103 de multe ori sunt acuzat f\u0103r\u0103 motiv c\u0103 a\u015f inventa articole ... Cititi mai multe","og_url":"https:\/\/www.lovendal.ro\/wp52\/el-mercurio-un-calator-in-timp-a-ajuns-din-secolul-23-pe-timpul-lui-stalin-ramanand-captiv-intr-un-gulag-rusesc\/","og_site_name":"Secretele lui Lovendal","article_publisher":"https:\/\/www.facebook.com\/secreteleluilovendal","article_published_time":"2012-11-16T06:49:06+00:00","article_modified_time":"2024-12-29T10:47:21+00:00","og_image":[{"width":309,"height":218,"url":"https:\/\/www.lovendal.ro\/wp52\/wp-content\/uploads\/2012\/11\/calator-in-timp-5.jpg","type":"image\/jpeg"}],"author":"admin","twitter_card":"summary_large_image","twitter_misc":{"Scris de":"admin","Timp estimat pentru citire":"3 minute"},"schema":{"@context":"https:\/\/schema.org","@graph":[{"@type":"Article","@id":"https:\/\/www.lovendal.ro\/wp52\/el-mercurio-un-calator-in-timp-a-ajuns-din-secolul-23-pe-timpul-lui-stalin-ramanand-captiv-intr-un-gulag-rusesc\/#article","isPartOf":{"@id":"https:\/\/www.lovendal.ro\/wp52\/el-mercurio-un-calator-in-timp-a-ajuns-din-secolul-23-pe-timpul-lui-stalin-ramanand-captiv-intr-un-gulag-rusesc\/"},"author":{"name":"admin","@id":"https:\/\/www.lovendal.ro\/wp52\/#\/schema\/person\/088691de5dfc346bb0c023e1e52ef5d9"},"headline":"Ziarul de limb\u0103 spaniol\u0103 &#8222;El Mercurio&#8221; din 12 martie 1995: &#8222;Un c\u0103l\u0103tor \u00een timp a ajuns din secolul 23 pe timpul lui Stalin, r\u0103m\u00e2n\u00e2nd captiv \u00eentr-un gulag rusesc&#8221;","datePublished":"2012-11-16T06:49:06+00:00","dateModified":"2024-12-29T10:47:21+00:00","mainEntityOfPage":{"@id":"https:\/\/www.lovendal.ro\/wp52\/el-mercurio-un-calator-in-timp-a-ajuns-din-secolul-23-pe-timpul-lui-stalin-ramanand-captiv-intr-un-gulag-rusesc\/"},"wordCount":425,"commentCount":6,"publisher":{"@id":"https:\/\/www.lovendal.ro\/wp52\/#organization"},"image":{"@id":"https:\/\/www.lovendal.ro\/wp52\/el-mercurio-un-calator-in-timp-a-ajuns-din-secolul-23-pe-timpul-lui-stalin-ramanand-captiv-intr-un-gulag-rusesc\/#primaryimage"},"thumbnailUrl":"https:\/\/www.lovendal.ro\/wp52\/wp-content\/uploads\/2012\/11\/calator-in-timp-5.jpg","keywords":["Boris El\u0163\u00een","c\u0103l\u0103toria \u00een timp","gulag","limba spaniol\u0103","Paranormal-Spiritualitate","spion","Stalin","URSS"],"articleSection":["Paranormal-Spiritualitate"],"inLanguage":"ro-RO","potentialAction":[{"@type":"CommentAction","name":"Comment","target":["https:\/\/www.lovendal.ro\/wp52\/el-mercurio-un-calator-in-timp-a-ajuns-din-secolul-23-pe-timpul-lui-stalin-ramanand-captiv-intr-un-gulag-rusesc\/#respond"]}]},{"@type":"WebPage","@id":"https:\/\/www.lovendal.ro\/wp52\/el-mercurio-un-calator-in-timp-a-ajuns-din-secolul-23-pe-timpul-lui-stalin-ramanand-captiv-intr-un-gulag-rusesc\/","url":"https:\/\/www.lovendal.ro\/wp52\/el-mercurio-un-calator-in-timp-a-ajuns-din-secolul-23-pe-timpul-lui-stalin-ramanand-captiv-intr-un-gulag-rusesc\/","name":"Ziarul de limb\u0103 spaniol\u0103 \"El Mercurio\" din 12 martie 1995: \"Un c\u0103l\u0103tor \u00een timp a ajuns din secolul 23 pe timpul lui Stalin, r\u0103m\u00e2n\u00e2nd captiv \u00eentr-un gulag rusesc\" - Secretele lui Lovendal","isPartOf":{"@id":"https:\/\/www.lovendal.ro\/wp52\/#website"},"primaryImageOfPage":{"@id":"https:\/\/www.lovendal.ro\/wp52\/el-mercurio-un-calator-in-timp-a-ajuns-din-secolul-23-pe-timpul-lui-stalin-ramanand-captiv-intr-un-gulag-rusesc\/#primaryimage"},"image":{"@id":"https:\/\/www.lovendal.ro\/wp52\/el-mercurio-un-calator-in-timp-a-ajuns-din-secolul-23-pe-timpul-lui-stalin-ramanand-captiv-intr-un-gulag-rusesc\/#primaryimage"},"thumbnailUrl":"https:\/\/www.lovendal.ro\/wp52\/wp-content\/uploads\/2012\/11\/calator-in-timp-5.jpg","datePublished":"2012-11-16T06:49:06+00:00","dateModified":"2024-12-29T10:47:21+00:00","breadcrumb":{"@id":"https:\/\/www.lovendal.ro\/wp52\/el-mercurio-un-calator-in-timp-a-ajuns-din-secolul-23-pe-timpul-lui-stalin-ramanand-captiv-intr-un-gulag-rusesc\/#breadcrumb"},"inLanguage":"ro-RO","potentialAction":[{"@type":"ReadAction","target":["https:\/\/www.lovendal.ro\/wp52\/el-mercurio-un-calator-in-timp-a-ajuns-din-secolul-23-pe-timpul-lui-stalin-ramanand-captiv-intr-un-gulag-rusesc\/"]}]},{"@type":"ImageObject","inLanguage":"ro-RO","@id":"https:\/\/www.lovendal.ro\/wp52\/el-mercurio-un-calator-in-timp-a-ajuns-din-secolul-23-pe-timpul-lui-stalin-ramanand-captiv-intr-un-gulag-rusesc\/#primaryimage","url":"https:\/\/www.lovendal.ro\/wp52\/wp-content\/uploads\/2012\/11\/calator-in-timp-5.jpg","contentUrl":"https:\/\/www.lovendal.ro\/wp52\/wp-content\/uploads\/2012\/11\/calator-in-timp-5.jpg","width":"309","height":"218"},{"@type":"BreadcrumbList","@id":"https:\/\/www.lovendal.ro\/wp52\/el-mercurio-un-calator-in-timp-a-ajuns-din-secolul-23-pe-timpul-lui-stalin-ramanand-captiv-intr-un-gulag-rusesc\/#breadcrumb","itemListElement":[{"@type":"ListItem","position":1,"name":"Home","item":"https:\/\/www.lovendal.ro\/wp52\/"},{"@type":"ListItem","position":2,"name":"Ziarul de limb\u0103 spaniol\u0103 &#8222;El Mercurio&#8221; din 12 martie 1995: &#8222;Un c\u0103l\u0103tor \u00een timp a ajuns din secolul 23 pe timpul lui Stalin, r\u0103m\u00e2n\u00e2nd captiv \u00eentr-un gulag rusesc&#8221;"}]},{"@type":"WebSite","@id":"https:\/\/www.lovendal.ro\/wp52\/#website","url":"https:\/\/www.lovendal.ro\/wp52\/","name":"Secretele lui Lovendal","description":"Site de secrete, stiinta si metafizica - din 2008 -","publisher":{"@id":"https:\/\/www.lovendal.ro\/wp52\/#organization"},"potentialAction":[{"@type":"SearchAction","target":{"@type":"EntryPoint","urlTemplate":"https:\/\/www.lovendal.ro\/wp52\/?s={search_term_string}"},"query-input":{"@type":"PropertyValueSpecification","valueRequired":true,"valueName":"search_term_string"}}],"inLanguage":"ro-RO"},{"@type":"Organization","@id":"https:\/\/www.lovendal.ro\/wp52\/#organization","name":"Secretele lui Lovendal","url":"https:\/\/www.lovendal.ro\/wp52\/","logo":{"@type":"ImageObject","inLanguage":"ro-RO","@id":"https:\/\/www.lovendal.ro\/wp52\/#\/schema\/logo\/image\/","url":"https:\/\/www.lovendal.ro\/wp52\/wp-content\/uploads\/2024\/06\/cropped-SLL-iun-2024-1.jpg","contentUrl":"https:\/\/www.lovendal.ro\/wp52\/wp-content\/uploads\/2024\/06\/cropped-SLL-iun-2024-1.jpg","width":771,"height":240,"caption":"Secretele lui Lovendal"},"image":{"@id":"https:\/\/www.lovendal.ro\/wp52\/#\/schema\/logo\/image\/"},"sameAs":["https:\/\/www.facebook.com\/secreteleluilovendal"]},{"@type":"Person","@id":"https:\/\/www.lovendal.ro\/wp52\/#\/schema\/person\/088691de5dfc346bb0c023e1e52ef5d9","name":"admin","image":{"@type":"ImageObject","inLanguage":"ro-RO","@id":"https:\/\/secure.gravatar.com\/avatar\/ecb9cd41f5f63c9c9b989999a59f6e2639a865ec361e9db054db0679a8f341c2?s=96&d=mm&r=g","url":"https:\/\/secure.gravatar.com\/avatar\/ecb9cd41f5f63c9c9b989999a59f6e2639a865ec361e9db054db0679a8f341c2?s=96&d=mm&r=g","contentUrl":"https:\/\/secure.gravatar.com\/avatar\/ecb9cd41f5f63c9c9b989999a59f6e2639a865ec361e9db054db0679a8f341c2?s=96&d=mm&r=g","caption":"admin"},"sameAs":["https:\/\/www.lovendal.ro\/wp52"]}]}},"_links":{"self":[{"href":"https:\/\/www.lovendal.ro\/wp52\/wp-json\/wp\/v2\/posts\/25755","targetHints":{"allow":["GET"]}}],"collection":[{"href":"https:\/\/www.lovendal.ro\/wp52\/wp-json\/wp\/v2\/posts"}],"about":[{"href":"https:\/\/www.lovendal.ro\/wp52\/wp-json\/wp\/v2\/types\/post"}],"author":[{"embeddable":true,"href":"https:\/\/www.lovendal.ro\/wp52\/wp-json\/wp\/v2\/users\/1"}],"replies":[{"embeddable":true,"href":"https:\/\/www.lovendal.ro\/wp52\/wp-json\/wp\/v2\/comments?post=25755"}],"version-history":[{"count":3,"href":"https:\/\/www.lovendal.ro\/wp52\/wp-json\/wp\/v2\/posts\/25755\/revisions"}],"predecessor-version":[{"id":96199,"href":"https:\/\/www.lovendal.ro\/wp52\/wp-json\/wp\/v2\/posts\/25755\/revisions\/96199"}],"wp:featuredmedia":[{"embeddable":true,"href":"https:\/\/www.lovendal.ro\/wp52\/wp-json\/wp\/v2\/media\/25756"}],"wp:attachment":[{"href":"https:\/\/www.lovendal.ro\/wp52\/wp-json\/wp\/v2\/media?parent=25755"}],"wp:term":[{"taxonomy":"category","embeddable":true,"href":"https:\/\/www.lovendal.ro\/wp52\/wp-json\/wp\/v2\/categories?post=25755"},{"taxonomy":"post_tag","embeddable":true,"href":"https:\/\/www.lovendal.ro\/wp52\/wp-json\/wp\/v2\/tags?post=25755"}],"curies":[{"name":"wp","href":"https:\/\/api.w.org\/{rel}","templated":true}]}}