{"id":2543,"date":"2009-01-12T10:02:14","date_gmt":"2009-01-12T06:02:14","guid":{"rendered":"http:\/\/www.lovendal.net\/wp52\/?p=2543"},"modified":"2009-01-13T10:06:57","modified_gmt":"2009-01-13T06:06:57","slug":"alfonso-al-ix-lea-cel-balos-un-rege-ce-facea-adeseori-spume-la-gura","status":"publish","type":"post","link":"https:\/\/www.lovendal.ro\/wp52\/alfonso-al-ix-lea-cel-balos-un-rege-ce-facea-adeseori-spume-la-gura\/","title":{"rendered":"Alfonso al IX-lea cel B\u0103los, un rege ce f\u0103cea adeseori spume la gur\u0103"},"content":{"rendered":"<p><img loading=\"lazy\" decoding=\"async\" class=\"alignleft size-full wp-image-2544\" title=\"alfonso-ix-lea\" src=\"https:\/\/www.lovendal.ro\/wp52\/wp-content\/uploads\/2009\/01\/alfonso-ix-lea.jpeg\" alt=\"alfonso-ix-lea\" width=\"345\" height=\"291\" srcset=\"https:\/\/www.lovendal.ro\/wp52\/wp-content\/uploads\/2009\/01\/alfonso-ix-lea.jpeg 345w, https:\/\/www.lovendal.ro\/wp52\/wp-content\/uploads\/2009\/01\/alfonso-ix-lea-300x253.jpg 300w\" sizes=\"auto, (max-width: 345px) 100vw, 345px\" \/>Rege al Leonului dup\u0103 moartea tat\u0103lui s\u0103u Ferdinand I, \u00een 1188, Alfonso IX a r\u0103mas \u00een istorie nu datorit\u0103 rolului important jucat \u00een epopeea Reconquistei, ci a necazurilor avute cu Papalitatea pe motiv de c\u0103snicii nereu\u015fite. Pentru c\u0103 Alfonso nu a avut nici o inhibi\u0163ie s\u0103 se \u00eensoare cu veri\u015foara lui, Teresa de Portugalia, care i-a d\u0103ruit trei copii. Papa, m\u00e2niat de acest incest, a declarat mariajul nul; lui Alfonso nici nu i-a p\u0103sat. A renun\u0163at la so\u0163ia lui doar c\u00e2nd s-a plictisit de ea, spre a lua \u00een c\u0103s\u0103torie o alt\u0103 veri\u015foar\u0103, Berenguela de Castilia. Era prea mult chiar \u015fi pentru r\u0103bd\u0103torul \u015fi prea cucernicul Suveran Pontif, care l-a excomunicat pe hormonalul Alfonso. M\u0103sura nu l-a speriat, ci l-a enervat pe rege, a c\u0103rui reac\u0163ie a fost s\u0103 fac\u0103 o criz\u0103 de nervi. De altfel, cronicarii vorbesc despre desele lui accese de furie, \u00een urma c\u0103rora \u201ef\u0103cea spume la gur\u0103 de furie\u201d, motiv pentru care a fost numit de contemporani Baboso \u2013 \u201eB\u0103losul\u201d. \u015ei a\u015fa i-a r\u0103mas numele!<\/p>\n","protected":false},"excerpt":{"rendered":"<p>Rege al Leonului dup\u0103 moartea tat\u0103lui s\u0103u Ferdinand I, \u00een 1188, Alfonso IX a r\u0103mas \u00een istorie nu datorit\u0103 rolului important jucat \u00een epopeea Reconquistei, ci a necazurilor avute cu Papalitatea pe motiv de c\u0103snicii nereu\u015fite. Pentru c\u0103 Alfonso nu &#8230; <\/p>\n<p class=\"read-more-container\"><a title=\"Alfonso al IX-lea cel B\u0103los, un rege ce f\u0103cea adeseori spume la gur\u0103\" class=\"read-more button\" href=\"https:\/\/www.lovendal.ro\/wp52\/alfonso-al-ix-lea-cel-balos-un-rege-ce-facea-adeseori-spume-la-gura\/#more-2543\" aria-label=\"Cite\u0219te mai multe despre Alfonso al IX-lea cel B\u0103los, un rege ce f\u0103cea adeseori spume la gur\u0103\">Cititi mai multe<\/a><\/p>\n","protected":false},"author":1,"featured_media":2544,"comment_status":"open","ping_status":"closed","sticky":false,"template":"","format":"standard","meta":{"footnotes":""},"categories":[9],"tags":[882,9795,883,97,453],"class_list":["post-2543","post","type-post","status-publish","format-standard","has-post-thumbnail","hentry","category-istorie","tag-alfonso-al-ix-lea","tag-istorie","tag-leon","tag-papa","tag-rege","resize-featured-image"],"yoast_head":"<!-- This site is optimized with the Yoast SEO Premium plugin v23.3 (Yoast SEO v27.4) - https:\/\/yoast.com\/product\/yoast-seo-premium-wordpress\/ -->\n<title>Alfonso al IX-lea cel B\u0103los, un rege ce f\u0103cea adeseori spume la gur\u0103 - Secretele lui Lovendal<\/title>\n<meta name=\"robots\" content=\"index, follow, max-snippet:-1, max-image-preview:large, max-video-preview:-1\" \/>\n<link rel=\"canonical\" href=\"https:\/\/www.lovendal.ro\/wp52\/alfonso-al-ix-lea-cel-balos-un-rege-ce-facea-adeseori-spume-la-gura\/\" \/>\n<meta property=\"og:locale\" content=\"ro_RO\" \/>\n<meta property=\"og:type\" content=\"article\" \/>\n<meta property=\"og:title\" content=\"Alfonso al IX-lea cel B\u0103los, un rege ce f\u0103cea adeseori spume la gur\u0103\" \/>\n<meta property=\"og:description\" content=\"Rege al Leonului dup\u0103 moartea tat\u0103lui s\u0103u Ferdinand I, \u00een 1188, Alfonso IX a r\u0103mas \u00een istorie nu datorit\u0103 rolului important jucat \u00een epopeea Reconquistei, ci a necazurilor avute cu Papalitatea pe motiv de c\u0103snicii nereu\u015fite. Pentru c\u0103 Alfonso nu ... Cititi mai multe\" \/>\n<meta property=\"og:url\" content=\"https:\/\/www.lovendal.ro\/wp52\/alfonso-al-ix-lea-cel-balos-un-rege-ce-facea-adeseori-spume-la-gura\/\" \/>\n<meta property=\"og:site_name\" content=\"Secretele lui Lovendal\" \/>\n<meta property=\"article:publisher\" content=\"https:\/\/www.facebook.com\/secreteleluilovendal\" \/>\n<meta property=\"article:published_time\" content=\"2009-01-12T06:02:14+00:00\" \/>\n<meta property=\"article:modified_time\" content=\"2009-01-13T06:06:57+00:00\" \/>\n<meta property=\"og:image\" content=\"https:\/\/www.lovendal.ro\/wp52\/wp-content\/uploads\/2009\/01\/alfonso-ix-lea.jpeg\" \/>\n\t<meta property=\"og:image:width\" content=\"345\" \/>\n\t<meta property=\"og:image:height\" content=\"291\" \/>\n\t<meta property=\"og:image:type\" content=\"image\/jpeg\" \/>\n<meta name=\"author\" content=\"admin\" \/>\n<meta name=\"twitter:card\" content=\"summary_large_image\" \/>\n<meta name=\"twitter:label1\" content=\"Scris de\" \/>\n\t<meta name=\"twitter:data1\" content=\"admin\" \/>\n\t<meta name=\"twitter:label2\" content=\"Timp estimat pentru citire\" \/>\n\t<meta name=\"twitter:data2\" content=\"1 minut\" \/>\n<script type=\"application\/ld+json\" class=\"yoast-schema-graph\">{\"@context\":\"https:\\\/\\\/schema.org\",\"@graph\":[{\"@type\":\"Article\",\"@id\":\"https:\\\/\\\/www.lovendal.ro\\\/wp52\\\/alfonso-al-ix-lea-cel-balos-un-rege-ce-facea-adeseori-spume-la-gura\\\/#article\",\"isPartOf\":{\"@id\":\"https:\\\/\\\/www.lovendal.ro\\\/wp52\\\/alfonso-al-ix-lea-cel-balos-un-rege-ce-facea-adeseori-spume-la-gura\\\/\"},\"author\":{\"name\":\"admin\",\"@id\":\"https:\\\/\\\/www.lovendal.ro\\\/wp52\\\/#\\\/schema\\\/person\\\/088691de5dfc346bb0c023e1e52ef5d9\"},\"headline\":\"Alfonso al IX-lea cel B\u0103los, un rege ce f\u0103cea adeseori spume la gur\u0103\",\"datePublished\":\"2009-01-12T06:02:14+00:00\",\"dateModified\":\"2009-01-13T06:06:57+00:00\",\"mainEntityOfPage\":{\"@id\":\"https:\\\/\\\/www.lovendal.ro\\\/wp52\\\/alfonso-al-ix-lea-cel-balos-un-rege-ce-facea-adeseori-spume-la-gura\\\/\"},\"wordCount\":208,\"commentCount\":2,\"publisher\":{\"@id\":\"https:\\\/\\\/www.lovendal.ro\\\/wp52\\\/#organization\"},\"image\":{\"@id\":\"https:\\\/\\\/www.lovendal.ro\\\/wp52\\\/alfonso-al-ix-lea-cel-balos-un-rege-ce-facea-adeseori-spume-la-gura\\\/#primaryimage\"},\"thumbnailUrl\":\"https:\\\/\\\/www.lovendal.ro\\\/wp52\\\/wp-content\\\/uploads\\\/2009\\\/01\\\/alfonso-ix-lea.jpeg\",\"keywords\":[\"Alfonso al IX-lea\",\"Istorie si Civilizatii\",\"Leon\",\"papa\",\"rege\"],\"articleSection\":[\"Istorie si Civilizatii\"],\"inLanguage\":\"ro-RO\",\"potentialAction\":[{\"@type\":\"CommentAction\",\"name\":\"Comment\",\"target\":[\"https:\\\/\\\/www.lovendal.ro\\\/wp52\\\/alfonso-al-ix-lea-cel-balos-un-rege-ce-facea-adeseori-spume-la-gura\\\/#respond\"]}]},{\"@type\":\"WebPage\",\"@id\":\"https:\\\/\\\/www.lovendal.ro\\\/wp52\\\/alfonso-al-ix-lea-cel-balos-un-rege-ce-facea-adeseori-spume-la-gura\\\/\",\"url\":\"https:\\\/\\\/www.lovendal.ro\\\/wp52\\\/alfonso-al-ix-lea-cel-balos-un-rege-ce-facea-adeseori-spume-la-gura\\\/\",\"name\":\"Alfonso al IX-lea cel B\u0103los, un rege ce f\u0103cea adeseori spume la gur\u0103 - Secretele lui Lovendal\",\"isPartOf\":{\"@id\":\"https:\\\/\\\/www.lovendal.ro\\\/wp52\\\/#website\"},\"primaryImageOfPage\":{\"@id\":\"https:\\\/\\\/www.lovendal.ro\\\/wp52\\\/alfonso-al-ix-lea-cel-balos-un-rege-ce-facea-adeseori-spume-la-gura\\\/#primaryimage\"},\"image\":{\"@id\":\"https:\\\/\\\/www.lovendal.ro\\\/wp52\\\/alfonso-al-ix-lea-cel-balos-un-rege-ce-facea-adeseori-spume-la-gura\\\/#primaryimage\"},\"thumbnailUrl\":\"https:\\\/\\\/www.lovendal.ro\\\/wp52\\\/wp-content\\\/uploads\\\/2009\\\/01\\\/alfonso-ix-lea.jpeg\",\"datePublished\":\"2009-01-12T06:02:14+00:00\",\"dateModified\":\"2009-01-13T06:06:57+00:00\",\"breadcrumb\":{\"@id\":\"https:\\\/\\\/www.lovendal.ro\\\/wp52\\\/alfonso-al-ix-lea-cel-balos-un-rege-ce-facea-adeseori-spume-la-gura\\\/#breadcrumb\"},\"inLanguage\":\"ro-RO\",\"potentialAction\":[{\"@type\":\"ReadAction\",\"target\":[\"https:\\\/\\\/www.lovendal.ro\\\/wp52\\\/alfonso-al-ix-lea-cel-balos-un-rege-ce-facea-adeseori-spume-la-gura\\\/\"]}]},{\"@type\":\"ImageObject\",\"inLanguage\":\"ro-RO\",\"@id\":\"https:\\\/\\\/www.lovendal.ro\\\/wp52\\\/alfonso-al-ix-lea-cel-balos-un-rege-ce-facea-adeseori-spume-la-gura\\\/#primaryimage\",\"url\":\"https:\\\/\\\/www.lovendal.ro\\\/wp52\\\/wp-content\\\/uploads\\\/2009\\\/01\\\/alfonso-ix-lea.jpeg\",\"contentUrl\":\"https:\\\/\\\/www.lovendal.ro\\\/wp52\\\/wp-content\\\/uploads\\\/2009\\\/01\\\/alfonso-ix-lea.jpeg\",\"width\":\"345\",\"height\":\"291\"},{\"@type\":\"BreadcrumbList\",\"@id\":\"https:\\\/\\\/www.lovendal.ro\\\/wp52\\\/alfonso-al-ix-lea-cel-balos-un-rege-ce-facea-adeseori-spume-la-gura\\\/#breadcrumb\",\"itemListElement\":[{\"@type\":\"ListItem\",\"position\":1,\"name\":\"Home\",\"item\":\"https:\\\/\\\/www.lovendal.ro\\\/wp52\\\/\"},{\"@type\":\"ListItem\",\"position\":2,\"name\":\"Alfonso al IX-lea cel B\u0103los, un rege ce f\u0103cea adeseori spume la gur\u0103\"}]},{\"@type\":\"WebSite\",\"@id\":\"https:\\\/\\\/www.lovendal.ro\\\/wp52\\\/#website\",\"url\":\"https:\\\/\\\/www.lovendal.ro\\\/wp52\\\/\",\"name\":\"Secretele lui Lovendal\",\"description\":\"Site de secrete, stiinta si metafizica - din 2008 -\",\"publisher\":{\"@id\":\"https:\\\/\\\/www.lovendal.ro\\\/wp52\\\/#organization\"},\"potentialAction\":[{\"@type\":\"SearchAction\",\"target\":{\"@type\":\"EntryPoint\",\"urlTemplate\":\"https:\\\/\\\/www.lovendal.ro\\\/wp52\\\/?s={search_term_string}\"},\"query-input\":{\"@type\":\"PropertyValueSpecification\",\"valueRequired\":true,\"valueName\":\"search_term_string\"}}],\"inLanguage\":\"ro-RO\"},{\"@type\":\"Organization\",\"@id\":\"https:\\\/\\\/www.lovendal.ro\\\/wp52\\\/#organization\",\"name\":\"Secretele lui Lovendal\",\"url\":\"https:\\\/\\\/www.lovendal.ro\\\/wp52\\\/\",\"logo\":{\"@type\":\"ImageObject\",\"inLanguage\":\"ro-RO\",\"@id\":\"https:\\\/\\\/www.lovendal.ro\\\/wp52\\\/#\\\/schema\\\/logo\\\/image\\\/\",\"url\":\"https:\\\/\\\/www.lovendal.ro\\\/wp52\\\/wp-content\\\/uploads\\\/2024\\\/06\\\/cropped-SLL-iun-2024-1.jpg\",\"contentUrl\":\"https:\\\/\\\/www.lovendal.ro\\\/wp52\\\/wp-content\\\/uploads\\\/2024\\\/06\\\/cropped-SLL-iun-2024-1.jpg\",\"width\":771,\"height\":240,\"caption\":\"Secretele lui Lovendal\"},\"image\":{\"@id\":\"https:\\\/\\\/www.lovendal.ro\\\/wp52\\\/#\\\/schema\\\/logo\\\/image\\\/\"},\"sameAs\":[\"https:\\\/\\\/www.facebook.com\\\/secreteleluilovendal\"]},{\"@type\":\"Person\",\"@id\":\"https:\\\/\\\/www.lovendal.ro\\\/wp52\\\/#\\\/schema\\\/person\\\/088691de5dfc346bb0c023e1e52ef5d9\",\"name\":\"admin\",\"image\":{\"@type\":\"ImageObject\",\"inLanguage\":\"ro-RO\",\"@id\":\"https:\\\/\\\/secure.gravatar.com\\\/avatar\\\/ecb9cd41f5f63c9c9b989999a59f6e2639a865ec361e9db054db0679a8f341c2?s=96&d=mm&r=g\",\"url\":\"https:\\\/\\\/secure.gravatar.com\\\/avatar\\\/ecb9cd41f5f63c9c9b989999a59f6e2639a865ec361e9db054db0679a8f341c2?s=96&d=mm&r=g\",\"contentUrl\":\"https:\\\/\\\/secure.gravatar.com\\\/avatar\\\/ecb9cd41f5f63c9c9b989999a59f6e2639a865ec361e9db054db0679a8f341c2?s=96&d=mm&r=g\",\"caption\":\"admin\"},\"sameAs\":[\"https:\\\/\\\/www.lovendal.ro\\\/wp52\"]}]}<\/script>\n<!-- \/ Yoast SEO Premium plugin. -->","yoast_head_json":{"title":"Alfonso al IX-lea cel B\u0103los, un rege ce f\u0103cea adeseori spume la gur\u0103 - Secretele lui Lovendal","robots":{"index":"index","follow":"follow","max-snippet":"max-snippet:-1","max-image-preview":"max-image-preview:large","max-video-preview":"max-video-preview:-1"},"canonical":"https:\/\/www.lovendal.ro\/wp52\/alfonso-al-ix-lea-cel-balos-un-rege-ce-facea-adeseori-spume-la-gura\/","og_locale":"ro_RO","og_type":"article","og_title":"Alfonso al IX-lea cel B\u0103los, un rege ce f\u0103cea adeseori spume la gur\u0103","og_description":"Rege al Leonului dup\u0103 moartea tat\u0103lui s\u0103u Ferdinand I, \u00een 1188, Alfonso IX a r\u0103mas \u00een istorie nu datorit\u0103 rolului important jucat \u00een epopeea Reconquistei, ci a necazurilor avute cu Papalitatea pe motiv de c\u0103snicii nereu\u015fite. Pentru c\u0103 Alfonso nu ... Cititi mai multe","og_url":"https:\/\/www.lovendal.ro\/wp52\/alfonso-al-ix-lea-cel-balos-un-rege-ce-facea-adeseori-spume-la-gura\/","og_site_name":"Secretele lui Lovendal","article_publisher":"https:\/\/www.facebook.com\/secreteleluilovendal","article_published_time":"2009-01-12T06:02:14+00:00","article_modified_time":"2009-01-13T06:06:57+00:00","og_image":[{"width":345,"height":291,"url":"https:\/\/www.lovendal.ro\/wp52\/wp-content\/uploads\/2009\/01\/alfonso-ix-lea.jpeg","type":"image\/jpeg"}],"author":"admin","twitter_card":"summary_large_image","twitter_misc":{"Scris de":"admin","Timp estimat pentru citire":"1 minut"},"schema":{"@context":"https:\/\/schema.org","@graph":[{"@type":"Article","@id":"https:\/\/www.lovendal.ro\/wp52\/alfonso-al-ix-lea-cel-balos-un-rege-ce-facea-adeseori-spume-la-gura\/#article","isPartOf":{"@id":"https:\/\/www.lovendal.ro\/wp52\/alfonso-al-ix-lea-cel-balos-un-rege-ce-facea-adeseori-spume-la-gura\/"},"author":{"name":"admin","@id":"https:\/\/www.lovendal.ro\/wp52\/#\/schema\/person\/088691de5dfc346bb0c023e1e52ef5d9"},"headline":"Alfonso al IX-lea cel B\u0103los, un rege ce f\u0103cea adeseori spume la gur\u0103","datePublished":"2009-01-12T06:02:14+00:00","dateModified":"2009-01-13T06:06:57+00:00","mainEntityOfPage":{"@id":"https:\/\/www.lovendal.ro\/wp52\/alfonso-al-ix-lea-cel-balos-un-rege-ce-facea-adeseori-spume-la-gura\/"},"wordCount":208,"commentCount":2,"publisher":{"@id":"https:\/\/www.lovendal.ro\/wp52\/#organization"},"image":{"@id":"https:\/\/www.lovendal.ro\/wp52\/alfonso-al-ix-lea-cel-balos-un-rege-ce-facea-adeseori-spume-la-gura\/#primaryimage"},"thumbnailUrl":"https:\/\/www.lovendal.ro\/wp52\/wp-content\/uploads\/2009\/01\/alfonso-ix-lea.jpeg","keywords":["Alfonso al IX-lea","Istorie si Civilizatii","Leon","papa","rege"],"articleSection":["Istorie si Civilizatii"],"inLanguage":"ro-RO","potentialAction":[{"@type":"CommentAction","name":"Comment","target":["https:\/\/www.lovendal.ro\/wp52\/alfonso-al-ix-lea-cel-balos-un-rege-ce-facea-adeseori-spume-la-gura\/#respond"]}]},{"@type":"WebPage","@id":"https:\/\/www.lovendal.ro\/wp52\/alfonso-al-ix-lea-cel-balos-un-rege-ce-facea-adeseori-spume-la-gura\/","url":"https:\/\/www.lovendal.ro\/wp52\/alfonso-al-ix-lea-cel-balos-un-rege-ce-facea-adeseori-spume-la-gura\/","name":"Alfonso al IX-lea cel B\u0103los, un rege ce f\u0103cea adeseori spume la gur\u0103 - Secretele lui Lovendal","isPartOf":{"@id":"https:\/\/www.lovendal.ro\/wp52\/#website"},"primaryImageOfPage":{"@id":"https:\/\/www.lovendal.ro\/wp52\/alfonso-al-ix-lea-cel-balos-un-rege-ce-facea-adeseori-spume-la-gura\/#primaryimage"},"image":{"@id":"https:\/\/www.lovendal.ro\/wp52\/alfonso-al-ix-lea-cel-balos-un-rege-ce-facea-adeseori-spume-la-gura\/#primaryimage"},"thumbnailUrl":"https:\/\/www.lovendal.ro\/wp52\/wp-content\/uploads\/2009\/01\/alfonso-ix-lea.jpeg","datePublished":"2009-01-12T06:02:14+00:00","dateModified":"2009-01-13T06:06:57+00:00","breadcrumb":{"@id":"https:\/\/www.lovendal.ro\/wp52\/alfonso-al-ix-lea-cel-balos-un-rege-ce-facea-adeseori-spume-la-gura\/#breadcrumb"},"inLanguage":"ro-RO","potentialAction":[{"@type":"ReadAction","target":["https:\/\/www.lovendal.ro\/wp52\/alfonso-al-ix-lea-cel-balos-un-rege-ce-facea-adeseori-spume-la-gura\/"]}]},{"@type":"ImageObject","inLanguage":"ro-RO","@id":"https:\/\/www.lovendal.ro\/wp52\/alfonso-al-ix-lea-cel-balos-un-rege-ce-facea-adeseori-spume-la-gura\/#primaryimage","url":"https:\/\/www.lovendal.ro\/wp52\/wp-content\/uploads\/2009\/01\/alfonso-ix-lea.jpeg","contentUrl":"https:\/\/www.lovendal.ro\/wp52\/wp-content\/uploads\/2009\/01\/alfonso-ix-lea.jpeg","width":"345","height":"291"},{"@type":"BreadcrumbList","@id":"https:\/\/www.lovendal.ro\/wp52\/alfonso-al-ix-lea-cel-balos-un-rege-ce-facea-adeseori-spume-la-gura\/#breadcrumb","itemListElement":[{"@type":"ListItem","position":1,"name":"Home","item":"https:\/\/www.lovendal.ro\/wp52\/"},{"@type":"ListItem","position":2,"name":"Alfonso al IX-lea cel B\u0103los, un rege ce f\u0103cea adeseori spume la gur\u0103"}]},{"@type":"WebSite","@id":"https:\/\/www.lovendal.ro\/wp52\/#website","url":"https:\/\/www.lovendal.ro\/wp52\/","name":"Secretele lui Lovendal","description":"Site de secrete, stiinta si metafizica - din 2008 -","publisher":{"@id":"https:\/\/www.lovendal.ro\/wp52\/#organization"},"potentialAction":[{"@type":"SearchAction","target":{"@type":"EntryPoint","urlTemplate":"https:\/\/www.lovendal.ro\/wp52\/?s={search_term_string}"},"query-input":{"@type":"PropertyValueSpecification","valueRequired":true,"valueName":"search_term_string"}}],"inLanguage":"ro-RO"},{"@type":"Organization","@id":"https:\/\/www.lovendal.ro\/wp52\/#organization","name":"Secretele lui Lovendal","url":"https:\/\/www.lovendal.ro\/wp52\/","logo":{"@type":"ImageObject","inLanguage":"ro-RO","@id":"https:\/\/www.lovendal.ro\/wp52\/#\/schema\/logo\/image\/","url":"https:\/\/www.lovendal.ro\/wp52\/wp-content\/uploads\/2024\/06\/cropped-SLL-iun-2024-1.jpg","contentUrl":"https:\/\/www.lovendal.ro\/wp52\/wp-content\/uploads\/2024\/06\/cropped-SLL-iun-2024-1.jpg","width":771,"height":240,"caption":"Secretele lui Lovendal"},"image":{"@id":"https:\/\/www.lovendal.ro\/wp52\/#\/schema\/logo\/image\/"},"sameAs":["https:\/\/www.facebook.com\/secreteleluilovendal"]},{"@type":"Person","@id":"https:\/\/www.lovendal.ro\/wp52\/#\/schema\/person\/088691de5dfc346bb0c023e1e52ef5d9","name":"admin","image":{"@type":"ImageObject","inLanguage":"ro-RO","@id":"https:\/\/secure.gravatar.com\/avatar\/ecb9cd41f5f63c9c9b989999a59f6e2639a865ec361e9db054db0679a8f341c2?s=96&d=mm&r=g","url":"https:\/\/secure.gravatar.com\/avatar\/ecb9cd41f5f63c9c9b989999a59f6e2639a865ec361e9db054db0679a8f341c2?s=96&d=mm&r=g","contentUrl":"https:\/\/secure.gravatar.com\/avatar\/ecb9cd41f5f63c9c9b989999a59f6e2639a865ec361e9db054db0679a8f341c2?s=96&d=mm&r=g","caption":"admin"},"sameAs":["https:\/\/www.lovendal.ro\/wp52"]}]}},"_links":{"self":[{"href":"https:\/\/www.lovendal.ro\/wp52\/wp-json\/wp\/v2\/posts\/2543","targetHints":{"allow":["GET"]}}],"collection":[{"href":"https:\/\/www.lovendal.ro\/wp52\/wp-json\/wp\/v2\/posts"}],"about":[{"href":"https:\/\/www.lovendal.ro\/wp52\/wp-json\/wp\/v2\/types\/post"}],"author":[{"embeddable":true,"href":"https:\/\/www.lovendal.ro\/wp52\/wp-json\/wp\/v2\/users\/1"}],"replies":[{"embeddable":true,"href":"https:\/\/www.lovendal.ro\/wp52\/wp-json\/wp\/v2\/comments?post=2543"}],"version-history":[{"count":0,"href":"https:\/\/www.lovendal.ro\/wp52\/wp-json\/wp\/v2\/posts\/2543\/revisions"}],"wp:featuredmedia":[{"embeddable":true,"href":"https:\/\/www.lovendal.ro\/wp52\/wp-json\/wp\/v2\/media\/2544"}],"wp:attachment":[{"href":"https:\/\/www.lovendal.ro\/wp52\/wp-json\/wp\/v2\/media?parent=2543"}],"wp:term":[{"taxonomy":"category","embeddable":true,"href":"https:\/\/www.lovendal.ro\/wp52\/wp-json\/wp\/v2\/categories?post=2543"},{"taxonomy":"post_tag","embeddable":true,"href":"https:\/\/www.lovendal.ro\/wp52\/wp-json\/wp\/v2\/tags?post=2543"}],"curies":[{"name":"wp","href":"https:\/\/api.w.org\/{rel}","templated":true}]}}