{"id":25380,"date":"2012-10-16T00:06:31","date_gmt":"2012-10-15T21:06:31","guid":{"rendered":"http:\/\/www.lovendal.net\/wp52\/?p=25380"},"modified":"2012-10-16T21:05:46","modified_gmt":"2012-10-16T18:05:46","slug":"din-scrisoarea-unei-fete-noaptea-am-vazut-o-forma-nedefinita-si-neagra-care-se-prelingea-pe-tavanul-camerei-mele","status":"publish","type":"post","link":"https:\/\/www.lovendal.ro\/wp52\/din-scrisoarea-unei-fete-noaptea-am-vazut-o-forma-nedefinita-si-neagra-care-se-prelingea-pe-tavanul-camerei-mele\/","title":{"rendered":"Din scrisoarea unei fete: &#8222;Noaptea am v\u0103zut o form\u0103 nedefinit\u0103 \u015fi neagr\u0103, care se prelingea pe tavanul camerei mele&#8221;"},"content":{"rendered":"<p><a href=\"https:\/\/www.lovendal.ro\/wp52\/wp-content\/uploads\/2012\/10\/noaptea-3.jpg\"><img loading=\"lazy\" decoding=\"async\" class=\"alignleft size-full wp-image-25381\" title=\"noaptea 3\" src=\"https:\/\/www.lovendal.ro\/wp52\/wp-content\/uploads\/2012\/10\/noaptea-3.jpg\" alt=\"\" width=\"304\" height=\"215\" srcset=\"https:\/\/www.lovendal.ro\/wp52\/wp-content\/uploads\/2012\/10\/noaptea-3.jpg 304w, https:\/\/www.lovendal.ro\/wp52\/wp-content\/uploads\/2012\/10\/noaptea-3-300x212.jpg 300w\" sizes=\"auto, (max-width: 304px) 100vw, 304px\" \/><\/a>Iat\u0103 \u00eenc\u0103 una din nenum\u0103ratele pove\u015fti primite prin email. La rug\u0103mintea persoanei, n-am s\u0103 dau detaliile personale.<\/p>\n<p>M\u0103 numesc (&#8230;) \u015fi vreau s\u0103 v\u0103 povestesc ce mi s-a \u00eent\u00e2mplat acum c\u00e2\u0163iva ani. Locuiam \u00een (&#8230;), \u00een apropierea unui cimitir b\u00e2ntuit, numit (&#8230;) \u00centreaga zon\u0103 era foarte ciudat\u0103. Oamenii spuneau c\u0103 cimitirul avea o aur\u0103 malefic\u0103 \u00een jurul s\u0103u. \u00cen el, au fost observate mai multe fantome, iar \u00een biserica catolic\u0103 situat\u0103 \u00een josul str\u0103zii se efectuau o mul\u0163ime de exorcisme.<\/p>\n<p>De obicei, noaptea ap\u0103reau flash-uri de lumin\u0103, \u00een jurul casei \u00een care locuiam. Dar acestea nu durau dec\u00e2t pu\u0163in. \u00centr-o noapte, c\u00e2nd s\u0103 m\u0103 culc, am v\u0103zut iar\u0103\u015fi flashurile de lumin\u0103 pe fereastr\u0103. M-am g\u00e2ndit c\u0103 o s\u0103 \u00eenceteze \u00een cur\u00e2nd, dar ele tot continuau&#8230; La un moment dat, m-am g\u00e2ndit c\u0103 unul din vecini se joac\u0103 cu o lantern\u0103, a\u015fa c\u0103 m-am hot\u0103r\u00e2t s\u0103 trag storurile.<\/p>\n<p>M-am a\u015fezat \u00een pat, cu g\u00e2ndul s\u0103 adorm. \u00cen momentul c\u00e2nd eram pe punctul s\u0103 a\u0163ipesc, am auzit o voce ciudat\u0103 care spunea cuvinte pe care nu le \u00een\u0163elegeam. Nu cred era un limbaj p\u0103m\u00e2ntesc&#8230;Inima \u00eencepu s\u0103-mi bat\u0103 puternic, iar ochii \u00eencepur\u0103 s\u0103 mi se deschid\u0103 larg&#8230;.c\u00e2nd v\u0103zui deodat\u0103 ceva \u00eensp\u0103im\u00e2nt\u0103tor: o form\u0103 nedefinit\u0103 \u015fi neagr\u0103, dar totu\u015fi asem\u0103n\u0103toare unei pic\u0103turi gigantice, se prelingea pe tavanul camerei mele \u015fi apoi cobora u\u015for pe pere\u0163i&#8230; Eram mai mult dec\u00e2t \u00eenfrico\u015fat\u0103! Mi-am pus p\u0103tura deasupra capului meu, mi-am pus degetele \u00een urechi \u015fi n-am putut s\u0103 dorm restul acelei nop\u0163i. A fost cea mai groaznic\u0103 noapte din via\u0163a mea.<\/p>\n<p>De-atunci, n-am mai v\u0103zut a\u015fa ceva pe pere\u0163i. Peste ani de zile, dup\u0103 ce m-am m\u0103ritat cu so\u0163ul meu, nu i-am povestit niciodat\u0103 aceast\u0103 \u00eent\u00e2mplare, de fric\u0103 s\u0103 nu m\u0103 cread\u0103 c\u0103 sunt nebun\u0103.<\/p>\n<p>P.S. Voi ce crede\u0163i?<\/p>\n","protected":false},"excerpt":{"rendered":"<p>Iat\u0103 \u00eenc\u0103 una din nenum\u0103ratele pove\u015fti primite prin email. La rug\u0103mintea persoanei, n-am s\u0103 dau detaliile personale. M\u0103 numesc (&#8230;) \u015fi vreau s\u0103 v\u0103 povestesc ce mi s-a \u00eent\u00e2mplat acum c\u00e2\u0163iva ani. Locuiam \u00een (&#8230;), \u00een apropierea unui cimitir b\u00e2ntuit, &#8230; <\/p>\n<p class=\"read-more-container\"><a title=\"Din scrisoarea unei fete: &#8222;Noaptea am v\u0103zut o form\u0103 nedefinit\u0103 \u015fi neagr\u0103, care se prelingea pe tavanul camerei mele&#8221;\" class=\"read-more button\" href=\"https:\/\/www.lovendal.ro\/wp52\/din-scrisoarea-unei-fete-noaptea-am-vazut-o-forma-nedefinita-si-neagra-care-se-prelingea-pe-tavanul-camerei-mele\/#more-25380\" aria-label=\"Cite\u0219te mai multe despre Din scrisoarea unei fete: &#8222;Noaptea am v\u0103zut o form\u0103 nedefinit\u0103 \u015fi neagr\u0103, care se prelingea pe tavanul camerei mele&#8221;\">Cititi mai multe<\/a><\/p>\n","protected":false},"author":1,"featured_media":25381,"comment_status":"open","ping_status":"closed","sticky":false,"template":"","format":"standard","meta":{"footnotes":""},"categories":[14],"tags":[253,4519,1898,698,121,4431,5538,2869,952,9796,5698],"class_list":["post-25380","post","type-post","status-publish","format-standard","has-post-thumbnail","hentry","category-paranormal-spiritualitate","tag-biserica","tag-camera","tag-cimitir","tag-exorcism","tag-fantome","tag-intuneric","tag-lanterna","tag-limbaj","tag-lumina","tag-paranormal-spiritualitate","tag-pereti","resize-featured-image"],"yoast_head":"<!-- This site is optimized with the Yoast SEO Premium plugin v23.3 (Yoast SEO v27.4) - https:\/\/yoast.com\/product\/yoast-seo-premium-wordpress\/ -->\n<title>Din scrisoarea unei fete: &quot;Noaptea am v\u0103zut o form\u0103 nedefinit\u0103 \u015fi neagr\u0103, care se prelingea pe tavanul camerei mele&quot; - Secretele lui Lovendal<\/title>\n<meta name=\"robots\" content=\"index, follow, max-snippet:-1, max-image-preview:large, max-video-preview:-1\" \/>\n<link rel=\"canonical\" href=\"https:\/\/www.lovendal.ro\/wp52\/din-scrisoarea-unei-fete-noaptea-am-vazut-o-forma-nedefinita-si-neagra-care-se-prelingea-pe-tavanul-camerei-mele\/\" \/>\n<meta property=\"og:locale\" content=\"ro_RO\" \/>\n<meta property=\"og:type\" content=\"article\" \/>\n<meta property=\"og:title\" content=\"Din scrisoarea unei fete: &quot;Noaptea am v\u0103zut o form\u0103 nedefinit\u0103 \u015fi neagr\u0103, care se prelingea pe tavanul camerei mele&quot;\" \/>\n<meta property=\"og:description\" content=\"Iat\u0103 \u00eenc\u0103 una din nenum\u0103ratele pove\u015fti primite prin email. La rug\u0103mintea persoanei, n-am s\u0103 dau detaliile personale. M\u0103 numesc (&#8230;) \u015fi vreau s\u0103 v\u0103 povestesc ce mi s-a \u00eent\u00e2mplat acum c\u00e2\u0163iva ani. Locuiam \u00een (&#8230;), \u00een apropierea unui cimitir b\u00e2ntuit, ... Cititi mai multe\" \/>\n<meta property=\"og:url\" content=\"https:\/\/www.lovendal.ro\/wp52\/din-scrisoarea-unei-fete-noaptea-am-vazut-o-forma-nedefinita-si-neagra-care-se-prelingea-pe-tavanul-camerei-mele\/\" \/>\n<meta property=\"og:site_name\" content=\"Secretele lui Lovendal\" \/>\n<meta property=\"article:publisher\" content=\"https:\/\/www.facebook.com\/secreteleluilovendal\" \/>\n<meta property=\"article:published_time\" content=\"2012-10-15T21:06:31+00:00\" \/>\n<meta property=\"article:modified_time\" content=\"2012-10-16T18:05:46+00:00\" \/>\n<meta property=\"og:image\" content=\"https:\/\/www.lovendal.ro\/wp52\/wp-content\/uploads\/2012\/10\/noaptea-3.jpg\" \/>\n\t<meta property=\"og:image:width\" content=\"304\" \/>\n\t<meta property=\"og:image:height\" content=\"215\" \/>\n\t<meta property=\"og:image:type\" content=\"image\/jpeg\" \/>\n<meta name=\"author\" content=\"admin\" \/>\n<meta name=\"twitter:card\" content=\"summary_large_image\" \/>\n<meta name=\"twitter:label1\" content=\"Scris de\" \/>\n\t<meta name=\"twitter:data1\" content=\"admin\" \/>\n\t<meta name=\"twitter:label2\" content=\"Timp estimat pentru citire\" \/>\n\t<meta name=\"twitter:data2\" content=\"2 minute\" \/>\n<script type=\"application\/ld+json\" class=\"yoast-schema-graph\">{\"@context\":\"https:\\\/\\\/schema.org\",\"@graph\":[{\"@type\":\"Article\",\"@id\":\"https:\\\/\\\/www.lovendal.ro\\\/wp52\\\/din-scrisoarea-unei-fete-noaptea-am-vazut-o-forma-nedefinita-si-neagra-care-se-prelingea-pe-tavanul-camerei-mele\\\/#article\",\"isPartOf\":{\"@id\":\"https:\\\/\\\/www.lovendal.ro\\\/wp52\\\/din-scrisoarea-unei-fete-noaptea-am-vazut-o-forma-nedefinita-si-neagra-care-se-prelingea-pe-tavanul-camerei-mele\\\/\"},\"author\":{\"name\":\"admin\",\"@id\":\"https:\\\/\\\/www.lovendal.ro\\\/wp52\\\/#\\\/schema\\\/person\\\/088691de5dfc346bb0c023e1e52ef5d9\"},\"headline\":\"Din scrisoarea unei fete: &#8222;Noaptea am v\u0103zut o form\u0103 nedefinit\u0103 \u015fi neagr\u0103, care se prelingea pe tavanul camerei mele&#8221;\",\"datePublished\":\"2012-10-15T21:06:31+00:00\",\"dateModified\":\"2012-10-16T18:05:46+00:00\",\"mainEntityOfPage\":{\"@id\":\"https:\\\/\\\/www.lovendal.ro\\\/wp52\\\/din-scrisoarea-unei-fete-noaptea-am-vazut-o-forma-nedefinita-si-neagra-care-se-prelingea-pe-tavanul-camerei-mele\\\/\"},\"wordCount\":364,\"commentCount\":17,\"publisher\":{\"@id\":\"https:\\\/\\\/www.lovendal.ro\\\/wp52\\\/#organization\"},\"image\":{\"@id\":\"https:\\\/\\\/www.lovendal.ro\\\/wp52\\\/din-scrisoarea-unei-fete-noaptea-am-vazut-o-forma-nedefinita-si-neagra-care-se-prelingea-pe-tavanul-camerei-mele\\\/#primaryimage\"},\"thumbnailUrl\":\"https:\\\/\\\/www.lovendal.ro\\\/wp52\\\/wp-content\\\/uploads\\\/2012\\\/10\\\/noaptea-3.jpg\",\"keywords\":[\"biseric\u0103\",\"camer\u0103\",\"cimitir\",\"exorcism\",\"fantome\",\"\u00eentuneric\",\"lantern\u0103\",\"limbaj\",\"lumin\u0103\",\"Paranormal-Spiritualitate\",\"pere\u0163i\"],\"articleSection\":[\"Paranormal-Spiritualitate\"],\"inLanguage\":\"ro-RO\",\"potentialAction\":[{\"@type\":\"CommentAction\",\"name\":\"Comment\",\"target\":[\"https:\\\/\\\/www.lovendal.ro\\\/wp52\\\/din-scrisoarea-unei-fete-noaptea-am-vazut-o-forma-nedefinita-si-neagra-care-se-prelingea-pe-tavanul-camerei-mele\\\/#respond\"]}]},{\"@type\":\"WebPage\",\"@id\":\"https:\\\/\\\/www.lovendal.ro\\\/wp52\\\/din-scrisoarea-unei-fete-noaptea-am-vazut-o-forma-nedefinita-si-neagra-care-se-prelingea-pe-tavanul-camerei-mele\\\/\",\"url\":\"https:\\\/\\\/www.lovendal.ro\\\/wp52\\\/din-scrisoarea-unei-fete-noaptea-am-vazut-o-forma-nedefinita-si-neagra-care-se-prelingea-pe-tavanul-camerei-mele\\\/\",\"name\":\"Din scrisoarea unei fete: \\\"Noaptea am v\u0103zut o form\u0103 nedefinit\u0103 \u015fi neagr\u0103, care se prelingea pe tavanul camerei mele\\\" - Secretele lui Lovendal\",\"isPartOf\":{\"@id\":\"https:\\\/\\\/www.lovendal.ro\\\/wp52\\\/#website\"},\"primaryImageOfPage\":{\"@id\":\"https:\\\/\\\/www.lovendal.ro\\\/wp52\\\/din-scrisoarea-unei-fete-noaptea-am-vazut-o-forma-nedefinita-si-neagra-care-se-prelingea-pe-tavanul-camerei-mele\\\/#primaryimage\"},\"image\":{\"@id\":\"https:\\\/\\\/www.lovendal.ro\\\/wp52\\\/din-scrisoarea-unei-fete-noaptea-am-vazut-o-forma-nedefinita-si-neagra-care-se-prelingea-pe-tavanul-camerei-mele\\\/#primaryimage\"},\"thumbnailUrl\":\"https:\\\/\\\/www.lovendal.ro\\\/wp52\\\/wp-content\\\/uploads\\\/2012\\\/10\\\/noaptea-3.jpg\",\"datePublished\":\"2012-10-15T21:06:31+00:00\",\"dateModified\":\"2012-10-16T18:05:46+00:00\",\"breadcrumb\":{\"@id\":\"https:\\\/\\\/www.lovendal.ro\\\/wp52\\\/din-scrisoarea-unei-fete-noaptea-am-vazut-o-forma-nedefinita-si-neagra-care-se-prelingea-pe-tavanul-camerei-mele\\\/#breadcrumb\"},\"inLanguage\":\"ro-RO\",\"potentialAction\":[{\"@type\":\"ReadAction\",\"target\":[\"https:\\\/\\\/www.lovendal.ro\\\/wp52\\\/din-scrisoarea-unei-fete-noaptea-am-vazut-o-forma-nedefinita-si-neagra-care-se-prelingea-pe-tavanul-camerei-mele\\\/\"]}]},{\"@type\":\"ImageObject\",\"inLanguage\":\"ro-RO\",\"@id\":\"https:\\\/\\\/www.lovendal.ro\\\/wp52\\\/din-scrisoarea-unei-fete-noaptea-am-vazut-o-forma-nedefinita-si-neagra-care-se-prelingea-pe-tavanul-camerei-mele\\\/#primaryimage\",\"url\":\"https:\\\/\\\/www.lovendal.ro\\\/wp52\\\/wp-content\\\/uploads\\\/2012\\\/10\\\/noaptea-3.jpg\",\"contentUrl\":\"https:\\\/\\\/www.lovendal.ro\\\/wp52\\\/wp-content\\\/uploads\\\/2012\\\/10\\\/noaptea-3.jpg\",\"width\":\"304\",\"height\":\"215\"},{\"@type\":\"BreadcrumbList\",\"@id\":\"https:\\\/\\\/www.lovendal.ro\\\/wp52\\\/din-scrisoarea-unei-fete-noaptea-am-vazut-o-forma-nedefinita-si-neagra-care-se-prelingea-pe-tavanul-camerei-mele\\\/#breadcrumb\",\"itemListElement\":[{\"@type\":\"ListItem\",\"position\":1,\"name\":\"Home\",\"item\":\"https:\\\/\\\/www.lovendal.ro\\\/wp52\\\/\"},{\"@type\":\"ListItem\",\"position\":2,\"name\":\"Din scrisoarea unei fete: &#8222;Noaptea am v\u0103zut o form\u0103 nedefinit\u0103 \u015fi neagr\u0103, care se prelingea pe tavanul camerei mele&#8221;\"}]},{\"@type\":\"WebSite\",\"@id\":\"https:\\\/\\\/www.lovendal.ro\\\/wp52\\\/#website\",\"url\":\"https:\\\/\\\/www.lovendal.ro\\\/wp52\\\/\",\"name\":\"Secretele lui Lovendal\",\"description\":\"Site de secrete, stiinta si metafizica - din 2008 -\",\"publisher\":{\"@id\":\"https:\\\/\\\/www.lovendal.ro\\\/wp52\\\/#organization\"},\"potentialAction\":[{\"@type\":\"SearchAction\",\"target\":{\"@type\":\"EntryPoint\",\"urlTemplate\":\"https:\\\/\\\/www.lovendal.ro\\\/wp52\\\/?s={search_term_string}\"},\"query-input\":{\"@type\":\"PropertyValueSpecification\",\"valueRequired\":true,\"valueName\":\"search_term_string\"}}],\"inLanguage\":\"ro-RO\"},{\"@type\":\"Organization\",\"@id\":\"https:\\\/\\\/www.lovendal.ro\\\/wp52\\\/#organization\",\"name\":\"Secretele lui Lovendal\",\"url\":\"https:\\\/\\\/www.lovendal.ro\\\/wp52\\\/\",\"logo\":{\"@type\":\"ImageObject\",\"inLanguage\":\"ro-RO\",\"@id\":\"https:\\\/\\\/www.lovendal.ro\\\/wp52\\\/#\\\/schema\\\/logo\\\/image\\\/\",\"url\":\"https:\\\/\\\/www.lovendal.ro\\\/wp52\\\/wp-content\\\/uploads\\\/2024\\\/06\\\/cropped-SLL-iun-2024-1.jpg\",\"contentUrl\":\"https:\\\/\\\/www.lovendal.ro\\\/wp52\\\/wp-content\\\/uploads\\\/2024\\\/06\\\/cropped-SLL-iun-2024-1.jpg\",\"width\":771,\"height\":240,\"caption\":\"Secretele lui Lovendal\"},\"image\":{\"@id\":\"https:\\\/\\\/www.lovendal.ro\\\/wp52\\\/#\\\/schema\\\/logo\\\/image\\\/\"},\"sameAs\":[\"https:\\\/\\\/www.facebook.com\\\/secreteleluilovendal\"]},{\"@type\":\"Person\",\"@id\":\"https:\\\/\\\/www.lovendal.ro\\\/wp52\\\/#\\\/schema\\\/person\\\/088691de5dfc346bb0c023e1e52ef5d9\",\"name\":\"admin\",\"image\":{\"@type\":\"ImageObject\",\"inLanguage\":\"ro-RO\",\"@id\":\"https:\\\/\\\/secure.gravatar.com\\\/avatar\\\/ecb9cd41f5f63c9c9b989999a59f6e2639a865ec361e9db054db0679a8f341c2?s=96&d=mm&r=g\",\"url\":\"https:\\\/\\\/secure.gravatar.com\\\/avatar\\\/ecb9cd41f5f63c9c9b989999a59f6e2639a865ec361e9db054db0679a8f341c2?s=96&d=mm&r=g\",\"contentUrl\":\"https:\\\/\\\/secure.gravatar.com\\\/avatar\\\/ecb9cd41f5f63c9c9b989999a59f6e2639a865ec361e9db054db0679a8f341c2?s=96&d=mm&r=g\",\"caption\":\"admin\"},\"sameAs\":[\"https:\\\/\\\/www.lovendal.ro\\\/wp52\"]}]}<\/script>\n<!-- \/ Yoast SEO Premium plugin. -->","yoast_head_json":{"title":"Din scrisoarea unei fete: \"Noaptea am v\u0103zut o form\u0103 nedefinit\u0103 \u015fi neagr\u0103, care se prelingea pe tavanul camerei mele\" - Secretele lui Lovendal","robots":{"index":"index","follow":"follow","max-snippet":"max-snippet:-1","max-image-preview":"max-image-preview:large","max-video-preview":"max-video-preview:-1"},"canonical":"https:\/\/www.lovendal.ro\/wp52\/din-scrisoarea-unei-fete-noaptea-am-vazut-o-forma-nedefinita-si-neagra-care-se-prelingea-pe-tavanul-camerei-mele\/","og_locale":"ro_RO","og_type":"article","og_title":"Din scrisoarea unei fete: \"Noaptea am v\u0103zut o form\u0103 nedefinit\u0103 \u015fi neagr\u0103, care se prelingea pe tavanul camerei mele\"","og_description":"Iat\u0103 \u00eenc\u0103 una din nenum\u0103ratele pove\u015fti primite prin email. La rug\u0103mintea persoanei, n-am s\u0103 dau detaliile personale. M\u0103 numesc (&#8230;) \u015fi vreau s\u0103 v\u0103 povestesc ce mi s-a \u00eent\u00e2mplat acum c\u00e2\u0163iva ani. Locuiam \u00een (&#8230;), \u00een apropierea unui cimitir b\u00e2ntuit, ... Cititi mai multe","og_url":"https:\/\/www.lovendal.ro\/wp52\/din-scrisoarea-unei-fete-noaptea-am-vazut-o-forma-nedefinita-si-neagra-care-se-prelingea-pe-tavanul-camerei-mele\/","og_site_name":"Secretele lui Lovendal","article_publisher":"https:\/\/www.facebook.com\/secreteleluilovendal","article_published_time":"2012-10-15T21:06:31+00:00","article_modified_time":"2012-10-16T18:05:46+00:00","og_image":[{"width":304,"height":215,"url":"https:\/\/www.lovendal.ro\/wp52\/wp-content\/uploads\/2012\/10\/noaptea-3.jpg","type":"image\/jpeg"}],"author":"admin","twitter_card":"summary_large_image","twitter_misc":{"Scris de":"admin","Timp estimat pentru citire":"2 minute"},"schema":{"@context":"https:\/\/schema.org","@graph":[{"@type":"Article","@id":"https:\/\/www.lovendal.ro\/wp52\/din-scrisoarea-unei-fete-noaptea-am-vazut-o-forma-nedefinita-si-neagra-care-se-prelingea-pe-tavanul-camerei-mele\/#article","isPartOf":{"@id":"https:\/\/www.lovendal.ro\/wp52\/din-scrisoarea-unei-fete-noaptea-am-vazut-o-forma-nedefinita-si-neagra-care-se-prelingea-pe-tavanul-camerei-mele\/"},"author":{"name":"admin","@id":"https:\/\/www.lovendal.ro\/wp52\/#\/schema\/person\/088691de5dfc346bb0c023e1e52ef5d9"},"headline":"Din scrisoarea unei fete: &#8222;Noaptea am v\u0103zut o form\u0103 nedefinit\u0103 \u015fi neagr\u0103, care se prelingea pe tavanul camerei mele&#8221;","datePublished":"2012-10-15T21:06:31+00:00","dateModified":"2012-10-16T18:05:46+00:00","mainEntityOfPage":{"@id":"https:\/\/www.lovendal.ro\/wp52\/din-scrisoarea-unei-fete-noaptea-am-vazut-o-forma-nedefinita-si-neagra-care-se-prelingea-pe-tavanul-camerei-mele\/"},"wordCount":364,"commentCount":17,"publisher":{"@id":"https:\/\/www.lovendal.ro\/wp52\/#organization"},"image":{"@id":"https:\/\/www.lovendal.ro\/wp52\/din-scrisoarea-unei-fete-noaptea-am-vazut-o-forma-nedefinita-si-neagra-care-se-prelingea-pe-tavanul-camerei-mele\/#primaryimage"},"thumbnailUrl":"https:\/\/www.lovendal.ro\/wp52\/wp-content\/uploads\/2012\/10\/noaptea-3.jpg","keywords":["biseric\u0103","camer\u0103","cimitir","exorcism","fantome","\u00eentuneric","lantern\u0103","limbaj","lumin\u0103","Paranormal-Spiritualitate","pere\u0163i"],"articleSection":["Paranormal-Spiritualitate"],"inLanguage":"ro-RO","potentialAction":[{"@type":"CommentAction","name":"Comment","target":["https:\/\/www.lovendal.ro\/wp52\/din-scrisoarea-unei-fete-noaptea-am-vazut-o-forma-nedefinita-si-neagra-care-se-prelingea-pe-tavanul-camerei-mele\/#respond"]}]},{"@type":"WebPage","@id":"https:\/\/www.lovendal.ro\/wp52\/din-scrisoarea-unei-fete-noaptea-am-vazut-o-forma-nedefinita-si-neagra-care-se-prelingea-pe-tavanul-camerei-mele\/","url":"https:\/\/www.lovendal.ro\/wp52\/din-scrisoarea-unei-fete-noaptea-am-vazut-o-forma-nedefinita-si-neagra-care-se-prelingea-pe-tavanul-camerei-mele\/","name":"Din scrisoarea unei fete: \"Noaptea am v\u0103zut o form\u0103 nedefinit\u0103 \u015fi neagr\u0103, care se prelingea pe tavanul camerei mele\" - Secretele lui Lovendal","isPartOf":{"@id":"https:\/\/www.lovendal.ro\/wp52\/#website"},"primaryImageOfPage":{"@id":"https:\/\/www.lovendal.ro\/wp52\/din-scrisoarea-unei-fete-noaptea-am-vazut-o-forma-nedefinita-si-neagra-care-se-prelingea-pe-tavanul-camerei-mele\/#primaryimage"},"image":{"@id":"https:\/\/www.lovendal.ro\/wp52\/din-scrisoarea-unei-fete-noaptea-am-vazut-o-forma-nedefinita-si-neagra-care-se-prelingea-pe-tavanul-camerei-mele\/#primaryimage"},"thumbnailUrl":"https:\/\/www.lovendal.ro\/wp52\/wp-content\/uploads\/2012\/10\/noaptea-3.jpg","datePublished":"2012-10-15T21:06:31+00:00","dateModified":"2012-10-16T18:05:46+00:00","breadcrumb":{"@id":"https:\/\/www.lovendal.ro\/wp52\/din-scrisoarea-unei-fete-noaptea-am-vazut-o-forma-nedefinita-si-neagra-care-se-prelingea-pe-tavanul-camerei-mele\/#breadcrumb"},"inLanguage":"ro-RO","potentialAction":[{"@type":"ReadAction","target":["https:\/\/www.lovendal.ro\/wp52\/din-scrisoarea-unei-fete-noaptea-am-vazut-o-forma-nedefinita-si-neagra-care-se-prelingea-pe-tavanul-camerei-mele\/"]}]},{"@type":"ImageObject","inLanguage":"ro-RO","@id":"https:\/\/www.lovendal.ro\/wp52\/din-scrisoarea-unei-fete-noaptea-am-vazut-o-forma-nedefinita-si-neagra-care-se-prelingea-pe-tavanul-camerei-mele\/#primaryimage","url":"https:\/\/www.lovendal.ro\/wp52\/wp-content\/uploads\/2012\/10\/noaptea-3.jpg","contentUrl":"https:\/\/www.lovendal.ro\/wp52\/wp-content\/uploads\/2012\/10\/noaptea-3.jpg","width":"304","height":"215"},{"@type":"BreadcrumbList","@id":"https:\/\/www.lovendal.ro\/wp52\/din-scrisoarea-unei-fete-noaptea-am-vazut-o-forma-nedefinita-si-neagra-care-se-prelingea-pe-tavanul-camerei-mele\/#breadcrumb","itemListElement":[{"@type":"ListItem","position":1,"name":"Home","item":"https:\/\/www.lovendal.ro\/wp52\/"},{"@type":"ListItem","position":2,"name":"Din scrisoarea unei fete: &#8222;Noaptea am v\u0103zut o form\u0103 nedefinit\u0103 \u015fi neagr\u0103, care se prelingea pe tavanul camerei mele&#8221;"}]},{"@type":"WebSite","@id":"https:\/\/www.lovendal.ro\/wp52\/#website","url":"https:\/\/www.lovendal.ro\/wp52\/","name":"Secretele lui Lovendal","description":"Site de secrete, stiinta si metafizica - din 2008 -","publisher":{"@id":"https:\/\/www.lovendal.ro\/wp52\/#organization"},"potentialAction":[{"@type":"SearchAction","target":{"@type":"EntryPoint","urlTemplate":"https:\/\/www.lovendal.ro\/wp52\/?s={search_term_string}"},"query-input":{"@type":"PropertyValueSpecification","valueRequired":true,"valueName":"search_term_string"}}],"inLanguage":"ro-RO"},{"@type":"Organization","@id":"https:\/\/www.lovendal.ro\/wp52\/#organization","name":"Secretele lui Lovendal","url":"https:\/\/www.lovendal.ro\/wp52\/","logo":{"@type":"ImageObject","inLanguage":"ro-RO","@id":"https:\/\/www.lovendal.ro\/wp52\/#\/schema\/logo\/image\/","url":"https:\/\/www.lovendal.ro\/wp52\/wp-content\/uploads\/2024\/06\/cropped-SLL-iun-2024-1.jpg","contentUrl":"https:\/\/www.lovendal.ro\/wp52\/wp-content\/uploads\/2024\/06\/cropped-SLL-iun-2024-1.jpg","width":771,"height":240,"caption":"Secretele lui Lovendal"},"image":{"@id":"https:\/\/www.lovendal.ro\/wp52\/#\/schema\/logo\/image\/"},"sameAs":["https:\/\/www.facebook.com\/secreteleluilovendal"]},{"@type":"Person","@id":"https:\/\/www.lovendal.ro\/wp52\/#\/schema\/person\/088691de5dfc346bb0c023e1e52ef5d9","name":"admin","image":{"@type":"ImageObject","inLanguage":"ro-RO","@id":"https:\/\/secure.gravatar.com\/avatar\/ecb9cd41f5f63c9c9b989999a59f6e2639a865ec361e9db054db0679a8f341c2?s=96&d=mm&r=g","url":"https:\/\/secure.gravatar.com\/avatar\/ecb9cd41f5f63c9c9b989999a59f6e2639a865ec361e9db054db0679a8f341c2?s=96&d=mm&r=g","contentUrl":"https:\/\/secure.gravatar.com\/avatar\/ecb9cd41f5f63c9c9b989999a59f6e2639a865ec361e9db054db0679a8f341c2?s=96&d=mm&r=g","caption":"admin"},"sameAs":["https:\/\/www.lovendal.ro\/wp52"]}]}},"_links":{"self":[{"href":"https:\/\/www.lovendal.ro\/wp52\/wp-json\/wp\/v2\/posts\/25380","targetHints":{"allow":["GET"]}}],"collection":[{"href":"https:\/\/www.lovendal.ro\/wp52\/wp-json\/wp\/v2\/posts"}],"about":[{"href":"https:\/\/www.lovendal.ro\/wp52\/wp-json\/wp\/v2\/types\/post"}],"author":[{"embeddable":true,"href":"https:\/\/www.lovendal.ro\/wp52\/wp-json\/wp\/v2\/users\/1"}],"replies":[{"embeddable":true,"href":"https:\/\/www.lovendal.ro\/wp52\/wp-json\/wp\/v2\/comments?post=25380"}],"version-history":[{"count":0,"href":"https:\/\/www.lovendal.ro\/wp52\/wp-json\/wp\/v2\/posts\/25380\/revisions"}],"wp:featuredmedia":[{"embeddable":true,"href":"https:\/\/www.lovendal.ro\/wp52\/wp-json\/wp\/v2\/media\/25381"}],"wp:attachment":[{"href":"https:\/\/www.lovendal.ro\/wp52\/wp-json\/wp\/v2\/media?parent=25380"}],"wp:term":[{"taxonomy":"category","embeddable":true,"href":"https:\/\/www.lovendal.ro\/wp52\/wp-json\/wp\/v2\/categories?post=25380"},{"taxonomy":"post_tag","embeddable":true,"href":"https:\/\/www.lovendal.ro\/wp52\/wp-json\/wp\/v2\/tags?post=25380"}],"curies":[{"name":"wp","href":"https:\/\/api.w.org\/{rel}","templated":true}]}}