{"id":2524,"date":"2009-01-11T23:55:58","date_gmt":"2009-01-11T19:55:58","guid":{"rendered":"http:\/\/www.lovendal.net\/wp52\/?p=2524"},"modified":"2009-01-12T21:40:47","modified_gmt":"2009-01-12T17:40:47","slug":"boala-focului-sau-cum-era-considerata-o-boala-drept-posesie-diabolica","status":"publish","type":"post","link":"https:\/\/www.lovendal.ro\/wp52\/boala-focului-sau-cum-era-considerata-o-boala-drept-posesie-diabolica\/","title":{"rendered":"Boala focului, sau cum era considerat\u0103 o boal\u0103 drept posesiune diabolic\u0103"},"content":{"rendered":"<p><img loading=\"lazy\" decoding=\"async\" class=\"alignleft size-full wp-image-2525\" title=\"boala-sf-antoniu\" src=\"https:\/\/www.lovendal.ro\/wp52\/wp-content\/uploads\/2009\/01\/boala-sf-antoniu.jpg\" alt=\"boala-sf-antoniu\" width=\"305\" height=\"307\" srcset=\"https:\/\/www.lovendal.ro\/wp52\/wp-content\/uploads\/2009\/01\/boala-sf-antoniu.jpg 425w, https:\/\/www.lovendal.ro\/wp52\/wp-content\/uploads\/2009\/01\/boala-sf-antoniu-150x150.jpg 150w, https:\/\/www.lovendal.ro\/wp52\/wp-content\/uploads\/2009\/01\/boala-sf-antoniu-297x300.jpg 297w\" sizes=\"auto, (max-width: 305px) 100vw, 305px\" \/>\u00cen\u00a0 Evul\u00a0 Mediu,\u00a0 uneori,\u00a0 era ingerat\u0103 p\u00e2ine de\u00a0 secar\u0103 infestat\u0103 de un parazit, claviceps purpurea, o ciuperc\u0103 ce a fost numit\u0103 mai t\u00e2rziu ergotin\u0103. Aceasta este, \u00een realitate, o otrav\u0103 puternic\u0103. Culoarea secarei sau a gr\u00e2ului are o nuan\u0163\u0103 violacee, amintind de pintenul coco\u015fului. Consecin\u0163ele asupra s\u0103n\u0103t\u0103\u0163ii sunt dramatice: necroze, vene \u015fi artere astupate, cangrene. Membrele se \u00eennegreau \u015fi se desprindeau de trup. \u0162\u0103ranii care ingerau accidental aceast\u0103 substan\u0163\u0103 toxic\u0103 \u00eencepeau s\u0103 delireze \u015fi se zv\u00e2rcoleau de durere. Ace\u015ftia erau acuza\u0163i c\u0103 sunt poseda\u0163i de diavol sau sunt lepro\u015fi, cu toate implica\u0163iile teribile pe care le genera acest lucru din cauza supersti\u0163iilor de atunci. C\u0103lug\u0103rii amputau membrele \u015fi le puneau la dispozi\u0163ie handicapa\u0163ilor c\u00e2rje.<\/p>\n<p>Aceast\u0103 boal\u0103 era numit\u0103 boala focului sau focul Sf\u00e2ntului Antoniu. Sf\u00e2ntul suferise toat\u0103 via\u0163a lui de probleme de aceea\u015fi natur\u0103: convulsii, arsuri, halucina\u0163ii, insomnii care generau lupte cu diavolul, din care el ie\u015fea \u00eenving\u0103tor. Se trata cu carne de porc, cu vin, cu pomezi pe baz\u0103 de untur\u0103 de porc \u015fi cu plante. Dar abia la sf\u00e2r\u015fitul secolului al XVIII-lea, abatele Tessier a demonstrat clar, hr\u0103nind animale cu ea, c\u0103 secara infestat\u0103 era responsabil\u0103 de epidemiile de focul Sf\u00e2ntului Antoniu. Ultima epidemie a avut loc \u00een 1926, \u00een Rusia, din cauza foametei, care-i obligase pe oameni s\u0103 m\u0103n\u00e2nce alimente contaminate.<\/p>\n","protected":false},"excerpt":{"rendered":"<p>\u00cen\u00a0 Evul\u00a0 Mediu,\u00a0 uneori,\u00a0 era ingerat\u0103 p\u00e2ine de\u00a0 secar\u0103 infestat\u0103 de un parazit, claviceps purpurea, o ciuperc\u0103 ce a fost numit\u0103 mai t\u00e2rziu ergotin\u0103. Aceasta este, \u00een realitate, o otrav\u0103 puternic\u0103. Culoarea secarei sau a gr\u00e2ului are o nuan\u0163\u0103 violacee, &#8230; <\/p>\n<p class=\"read-more-container\"><a title=\"Boala focului, sau cum era considerat\u0103 o boal\u0103 drept posesiune diabolic\u0103\" class=\"read-more button\" href=\"https:\/\/www.lovendal.ro\/wp52\/boala-focului-sau-cum-era-considerata-o-boala-drept-posesie-diabolica\/#more-2524\" aria-label=\"Cite\u0219te mai multe despre Boala focului, sau cum era considerat\u0103 o boal\u0103 drept posesiune diabolic\u0103\">Cititi mai multe<\/a><\/p>\n","protected":false},"author":1,"featured_media":2525,"comment_status":"open","ping_status":"closed","sticky":false,"template":"","format":"standard","meta":{"footnotes":""},"categories":[6],"tags":[145,9794,699,886],"class_list":["post-2524","post","type-post","status-publish","format-standard","has-post-thumbnail","hentry","category-medicina","tag-boli","tag-medicina","tag-posesiune","tag-sf-antoniu","resize-featured-image"],"yoast_head":"<!-- This site is optimized with the Yoast SEO Premium plugin v23.3 (Yoast SEO v27.4) - https:\/\/yoast.com\/product\/yoast-seo-premium-wordpress\/ -->\n<title>Boala focului, sau cum era considerat\u0103 o boal\u0103 drept posesiune diabolic\u0103 - Secretele lui Lovendal<\/title>\n<meta name=\"robots\" content=\"index, follow, max-snippet:-1, max-image-preview:large, max-video-preview:-1\" \/>\n<link rel=\"canonical\" href=\"https:\/\/www.lovendal.ro\/wp52\/boala-focului-sau-cum-era-considerata-o-boala-drept-posesie-diabolica\/\" \/>\n<meta property=\"og:locale\" content=\"ro_RO\" \/>\n<meta property=\"og:type\" content=\"article\" \/>\n<meta property=\"og:title\" content=\"Boala focului, sau cum era considerat\u0103 o boal\u0103 drept posesiune diabolic\u0103\" \/>\n<meta property=\"og:description\" content=\"\u00cen\u00a0 Evul\u00a0 Mediu,\u00a0 uneori,\u00a0 era ingerat\u0103 p\u00e2ine de\u00a0 secar\u0103 infestat\u0103 de un parazit, claviceps purpurea, o ciuperc\u0103 ce a fost numit\u0103 mai t\u00e2rziu ergotin\u0103. Aceasta este, \u00een realitate, o otrav\u0103 puternic\u0103. Culoarea secarei sau a gr\u00e2ului are o nuan\u0163\u0103 violacee, ... Cititi mai multe\" \/>\n<meta property=\"og:url\" content=\"https:\/\/www.lovendal.ro\/wp52\/boala-focului-sau-cum-era-considerata-o-boala-drept-posesie-diabolica\/\" \/>\n<meta property=\"og:site_name\" content=\"Secretele lui Lovendal\" \/>\n<meta property=\"article:publisher\" content=\"https:\/\/www.facebook.com\/secreteleluilovendal\" \/>\n<meta property=\"article:published_time\" content=\"2009-01-11T19:55:58+00:00\" \/>\n<meta property=\"article:modified_time\" content=\"2009-01-12T17:40:47+00:00\" \/>\n<meta property=\"og:image\" content=\"https:\/\/www.lovendal.ro\/wp52\/wp-content\/uploads\/2009\/01\/boala-sf-antoniu.jpg\" \/>\n\t<meta property=\"og:image:width\" content=\"425\" \/>\n\t<meta property=\"og:image:height\" content=\"429\" \/>\n\t<meta property=\"og:image:type\" content=\"image\/jpeg\" \/>\n<meta name=\"author\" content=\"admin\" \/>\n<meta name=\"twitter:card\" content=\"summary_large_image\" \/>\n<meta name=\"twitter:label1\" content=\"Scris de\" \/>\n\t<meta name=\"twitter:data1\" content=\"admin\" \/>\n\t<meta name=\"twitter:label2\" content=\"Timp estimat pentru citire\" \/>\n\t<meta name=\"twitter:data2\" content=\"1 minut\" \/>\n<script type=\"application\/ld+json\" class=\"yoast-schema-graph\">{\"@context\":\"https:\\\/\\\/schema.org\",\"@graph\":[{\"@type\":\"Article\",\"@id\":\"https:\\\/\\\/www.lovendal.ro\\\/wp52\\\/boala-focului-sau-cum-era-considerata-o-boala-drept-posesie-diabolica\\\/#article\",\"isPartOf\":{\"@id\":\"https:\\\/\\\/www.lovendal.ro\\\/wp52\\\/boala-focului-sau-cum-era-considerata-o-boala-drept-posesie-diabolica\\\/\"},\"author\":{\"name\":\"admin\",\"@id\":\"https:\\\/\\\/www.lovendal.ro\\\/wp52\\\/#\\\/schema\\\/person\\\/088691de5dfc346bb0c023e1e52ef5d9\"},\"headline\":\"Boala focului, sau cum era considerat\u0103 o boal\u0103 drept posesiune diabolic\u0103\",\"datePublished\":\"2009-01-11T19:55:58+00:00\",\"dateModified\":\"2009-01-12T17:40:47+00:00\",\"mainEntityOfPage\":{\"@id\":\"https:\\\/\\\/www.lovendal.ro\\\/wp52\\\/boala-focului-sau-cum-era-considerata-o-boala-drept-posesie-diabolica\\\/\"},\"wordCount\":257,\"commentCount\":0,\"publisher\":{\"@id\":\"https:\\\/\\\/www.lovendal.ro\\\/wp52\\\/#organization\"},\"image\":{\"@id\":\"https:\\\/\\\/www.lovendal.ro\\\/wp52\\\/boala-focului-sau-cum-era-considerata-o-boala-drept-posesie-diabolica\\\/#primaryimage\"},\"thumbnailUrl\":\"https:\\\/\\\/www.lovendal.ro\\\/wp52\\\/wp-content\\\/uploads\\\/2009\\\/01\\\/boala-sf-antoniu.jpg\",\"keywords\":[\"boli\",\"Medicina\",\"posesiune\",\"Sf. Antoniu\"],\"articleSection\":[\"Medicina\"],\"inLanguage\":\"ro-RO\",\"potentialAction\":[{\"@type\":\"CommentAction\",\"name\":\"Comment\",\"target\":[\"https:\\\/\\\/www.lovendal.ro\\\/wp52\\\/boala-focului-sau-cum-era-considerata-o-boala-drept-posesie-diabolica\\\/#respond\"]}]},{\"@type\":\"WebPage\",\"@id\":\"https:\\\/\\\/www.lovendal.ro\\\/wp52\\\/boala-focului-sau-cum-era-considerata-o-boala-drept-posesie-diabolica\\\/\",\"url\":\"https:\\\/\\\/www.lovendal.ro\\\/wp52\\\/boala-focului-sau-cum-era-considerata-o-boala-drept-posesie-diabolica\\\/\",\"name\":\"Boala focului, sau cum era considerat\u0103 o boal\u0103 drept posesiune diabolic\u0103 - Secretele lui Lovendal\",\"isPartOf\":{\"@id\":\"https:\\\/\\\/www.lovendal.ro\\\/wp52\\\/#website\"},\"primaryImageOfPage\":{\"@id\":\"https:\\\/\\\/www.lovendal.ro\\\/wp52\\\/boala-focului-sau-cum-era-considerata-o-boala-drept-posesie-diabolica\\\/#primaryimage\"},\"image\":{\"@id\":\"https:\\\/\\\/www.lovendal.ro\\\/wp52\\\/boala-focului-sau-cum-era-considerata-o-boala-drept-posesie-diabolica\\\/#primaryimage\"},\"thumbnailUrl\":\"https:\\\/\\\/www.lovendal.ro\\\/wp52\\\/wp-content\\\/uploads\\\/2009\\\/01\\\/boala-sf-antoniu.jpg\",\"datePublished\":\"2009-01-11T19:55:58+00:00\",\"dateModified\":\"2009-01-12T17:40:47+00:00\",\"breadcrumb\":{\"@id\":\"https:\\\/\\\/www.lovendal.ro\\\/wp52\\\/boala-focului-sau-cum-era-considerata-o-boala-drept-posesie-diabolica\\\/#breadcrumb\"},\"inLanguage\":\"ro-RO\",\"potentialAction\":[{\"@type\":\"ReadAction\",\"target\":[\"https:\\\/\\\/www.lovendal.ro\\\/wp52\\\/boala-focului-sau-cum-era-considerata-o-boala-drept-posesie-diabolica\\\/\"]}]},{\"@type\":\"ImageObject\",\"inLanguage\":\"ro-RO\",\"@id\":\"https:\\\/\\\/www.lovendal.ro\\\/wp52\\\/boala-focului-sau-cum-era-considerata-o-boala-drept-posesie-diabolica\\\/#primaryimage\",\"url\":\"https:\\\/\\\/www.lovendal.ro\\\/wp52\\\/wp-content\\\/uploads\\\/2009\\\/01\\\/boala-sf-antoniu.jpg\",\"contentUrl\":\"https:\\\/\\\/www.lovendal.ro\\\/wp52\\\/wp-content\\\/uploads\\\/2009\\\/01\\\/boala-sf-antoniu.jpg\",\"width\":\"425\",\"height\":\"429\"},{\"@type\":\"BreadcrumbList\",\"@id\":\"https:\\\/\\\/www.lovendal.ro\\\/wp52\\\/boala-focului-sau-cum-era-considerata-o-boala-drept-posesie-diabolica\\\/#breadcrumb\",\"itemListElement\":[{\"@type\":\"ListItem\",\"position\":1,\"name\":\"Home\",\"item\":\"https:\\\/\\\/www.lovendal.ro\\\/wp52\\\/\"},{\"@type\":\"ListItem\",\"position\":2,\"name\":\"Boala focului, sau cum era considerat\u0103 o boal\u0103 drept posesiune diabolic\u0103\"}]},{\"@type\":\"WebSite\",\"@id\":\"https:\\\/\\\/www.lovendal.ro\\\/wp52\\\/#website\",\"url\":\"https:\\\/\\\/www.lovendal.ro\\\/wp52\\\/\",\"name\":\"Secretele lui Lovendal\",\"description\":\"Site de secrete, stiinta si metafizica - din 2008 -\",\"publisher\":{\"@id\":\"https:\\\/\\\/www.lovendal.ro\\\/wp52\\\/#organization\"},\"potentialAction\":[{\"@type\":\"SearchAction\",\"target\":{\"@type\":\"EntryPoint\",\"urlTemplate\":\"https:\\\/\\\/www.lovendal.ro\\\/wp52\\\/?s={search_term_string}\"},\"query-input\":{\"@type\":\"PropertyValueSpecification\",\"valueRequired\":true,\"valueName\":\"search_term_string\"}}],\"inLanguage\":\"ro-RO\"},{\"@type\":\"Organization\",\"@id\":\"https:\\\/\\\/www.lovendal.ro\\\/wp52\\\/#organization\",\"name\":\"Secretele lui Lovendal\",\"url\":\"https:\\\/\\\/www.lovendal.ro\\\/wp52\\\/\",\"logo\":{\"@type\":\"ImageObject\",\"inLanguage\":\"ro-RO\",\"@id\":\"https:\\\/\\\/www.lovendal.ro\\\/wp52\\\/#\\\/schema\\\/logo\\\/image\\\/\",\"url\":\"https:\\\/\\\/www.lovendal.ro\\\/wp52\\\/wp-content\\\/uploads\\\/2024\\\/06\\\/cropped-SLL-iun-2024-1.jpg\",\"contentUrl\":\"https:\\\/\\\/www.lovendal.ro\\\/wp52\\\/wp-content\\\/uploads\\\/2024\\\/06\\\/cropped-SLL-iun-2024-1.jpg\",\"width\":771,\"height\":240,\"caption\":\"Secretele lui Lovendal\"},\"image\":{\"@id\":\"https:\\\/\\\/www.lovendal.ro\\\/wp52\\\/#\\\/schema\\\/logo\\\/image\\\/\"},\"sameAs\":[\"https:\\\/\\\/www.facebook.com\\\/secreteleluilovendal\"]},{\"@type\":\"Person\",\"@id\":\"https:\\\/\\\/www.lovendal.ro\\\/wp52\\\/#\\\/schema\\\/person\\\/088691de5dfc346bb0c023e1e52ef5d9\",\"name\":\"admin\",\"image\":{\"@type\":\"ImageObject\",\"inLanguage\":\"ro-RO\",\"@id\":\"https:\\\/\\\/secure.gravatar.com\\\/avatar\\\/ecb9cd41f5f63c9c9b989999a59f6e2639a865ec361e9db054db0679a8f341c2?s=96&d=mm&r=g\",\"url\":\"https:\\\/\\\/secure.gravatar.com\\\/avatar\\\/ecb9cd41f5f63c9c9b989999a59f6e2639a865ec361e9db054db0679a8f341c2?s=96&d=mm&r=g\",\"contentUrl\":\"https:\\\/\\\/secure.gravatar.com\\\/avatar\\\/ecb9cd41f5f63c9c9b989999a59f6e2639a865ec361e9db054db0679a8f341c2?s=96&d=mm&r=g\",\"caption\":\"admin\"},\"sameAs\":[\"https:\\\/\\\/www.lovendal.ro\\\/wp52\"]}]}<\/script>\n<!-- \/ Yoast SEO Premium plugin. -->","yoast_head_json":{"title":"Boala focului, sau cum era considerat\u0103 o boal\u0103 drept posesiune diabolic\u0103 - Secretele lui Lovendal","robots":{"index":"index","follow":"follow","max-snippet":"max-snippet:-1","max-image-preview":"max-image-preview:large","max-video-preview":"max-video-preview:-1"},"canonical":"https:\/\/www.lovendal.ro\/wp52\/boala-focului-sau-cum-era-considerata-o-boala-drept-posesie-diabolica\/","og_locale":"ro_RO","og_type":"article","og_title":"Boala focului, sau cum era considerat\u0103 o boal\u0103 drept posesiune diabolic\u0103","og_description":"\u00cen\u00a0 Evul\u00a0 Mediu,\u00a0 uneori,\u00a0 era ingerat\u0103 p\u00e2ine de\u00a0 secar\u0103 infestat\u0103 de un parazit, claviceps purpurea, o ciuperc\u0103 ce a fost numit\u0103 mai t\u00e2rziu ergotin\u0103. Aceasta este, \u00een realitate, o otrav\u0103 puternic\u0103. Culoarea secarei sau a gr\u00e2ului are o nuan\u0163\u0103 violacee, ... Cititi mai multe","og_url":"https:\/\/www.lovendal.ro\/wp52\/boala-focului-sau-cum-era-considerata-o-boala-drept-posesie-diabolica\/","og_site_name":"Secretele lui Lovendal","article_publisher":"https:\/\/www.facebook.com\/secreteleluilovendal","article_published_time":"2009-01-11T19:55:58+00:00","article_modified_time":"2009-01-12T17:40:47+00:00","og_image":[{"width":425,"height":429,"url":"https:\/\/www.lovendal.ro\/wp52\/wp-content\/uploads\/2009\/01\/boala-sf-antoniu.jpg","type":"image\/jpeg"}],"author":"admin","twitter_card":"summary_large_image","twitter_misc":{"Scris de":"admin","Timp estimat pentru citire":"1 minut"},"schema":{"@context":"https:\/\/schema.org","@graph":[{"@type":"Article","@id":"https:\/\/www.lovendal.ro\/wp52\/boala-focului-sau-cum-era-considerata-o-boala-drept-posesie-diabolica\/#article","isPartOf":{"@id":"https:\/\/www.lovendal.ro\/wp52\/boala-focului-sau-cum-era-considerata-o-boala-drept-posesie-diabolica\/"},"author":{"name":"admin","@id":"https:\/\/www.lovendal.ro\/wp52\/#\/schema\/person\/088691de5dfc346bb0c023e1e52ef5d9"},"headline":"Boala focului, sau cum era considerat\u0103 o boal\u0103 drept posesiune diabolic\u0103","datePublished":"2009-01-11T19:55:58+00:00","dateModified":"2009-01-12T17:40:47+00:00","mainEntityOfPage":{"@id":"https:\/\/www.lovendal.ro\/wp52\/boala-focului-sau-cum-era-considerata-o-boala-drept-posesie-diabolica\/"},"wordCount":257,"commentCount":0,"publisher":{"@id":"https:\/\/www.lovendal.ro\/wp52\/#organization"},"image":{"@id":"https:\/\/www.lovendal.ro\/wp52\/boala-focului-sau-cum-era-considerata-o-boala-drept-posesie-diabolica\/#primaryimage"},"thumbnailUrl":"https:\/\/www.lovendal.ro\/wp52\/wp-content\/uploads\/2009\/01\/boala-sf-antoniu.jpg","keywords":["boli","Medicina","posesiune","Sf. Antoniu"],"articleSection":["Medicina"],"inLanguage":"ro-RO","potentialAction":[{"@type":"CommentAction","name":"Comment","target":["https:\/\/www.lovendal.ro\/wp52\/boala-focului-sau-cum-era-considerata-o-boala-drept-posesie-diabolica\/#respond"]}]},{"@type":"WebPage","@id":"https:\/\/www.lovendal.ro\/wp52\/boala-focului-sau-cum-era-considerata-o-boala-drept-posesie-diabolica\/","url":"https:\/\/www.lovendal.ro\/wp52\/boala-focului-sau-cum-era-considerata-o-boala-drept-posesie-diabolica\/","name":"Boala focului, sau cum era considerat\u0103 o boal\u0103 drept posesiune diabolic\u0103 - Secretele lui Lovendal","isPartOf":{"@id":"https:\/\/www.lovendal.ro\/wp52\/#website"},"primaryImageOfPage":{"@id":"https:\/\/www.lovendal.ro\/wp52\/boala-focului-sau-cum-era-considerata-o-boala-drept-posesie-diabolica\/#primaryimage"},"image":{"@id":"https:\/\/www.lovendal.ro\/wp52\/boala-focului-sau-cum-era-considerata-o-boala-drept-posesie-diabolica\/#primaryimage"},"thumbnailUrl":"https:\/\/www.lovendal.ro\/wp52\/wp-content\/uploads\/2009\/01\/boala-sf-antoniu.jpg","datePublished":"2009-01-11T19:55:58+00:00","dateModified":"2009-01-12T17:40:47+00:00","breadcrumb":{"@id":"https:\/\/www.lovendal.ro\/wp52\/boala-focului-sau-cum-era-considerata-o-boala-drept-posesie-diabolica\/#breadcrumb"},"inLanguage":"ro-RO","potentialAction":[{"@type":"ReadAction","target":["https:\/\/www.lovendal.ro\/wp52\/boala-focului-sau-cum-era-considerata-o-boala-drept-posesie-diabolica\/"]}]},{"@type":"ImageObject","inLanguage":"ro-RO","@id":"https:\/\/www.lovendal.ro\/wp52\/boala-focului-sau-cum-era-considerata-o-boala-drept-posesie-diabolica\/#primaryimage","url":"https:\/\/www.lovendal.ro\/wp52\/wp-content\/uploads\/2009\/01\/boala-sf-antoniu.jpg","contentUrl":"https:\/\/www.lovendal.ro\/wp52\/wp-content\/uploads\/2009\/01\/boala-sf-antoniu.jpg","width":"425","height":"429"},{"@type":"BreadcrumbList","@id":"https:\/\/www.lovendal.ro\/wp52\/boala-focului-sau-cum-era-considerata-o-boala-drept-posesie-diabolica\/#breadcrumb","itemListElement":[{"@type":"ListItem","position":1,"name":"Home","item":"https:\/\/www.lovendal.ro\/wp52\/"},{"@type":"ListItem","position":2,"name":"Boala focului, sau cum era considerat\u0103 o boal\u0103 drept posesiune diabolic\u0103"}]},{"@type":"WebSite","@id":"https:\/\/www.lovendal.ro\/wp52\/#website","url":"https:\/\/www.lovendal.ro\/wp52\/","name":"Secretele lui Lovendal","description":"Site de secrete, stiinta si metafizica - din 2008 -","publisher":{"@id":"https:\/\/www.lovendal.ro\/wp52\/#organization"},"potentialAction":[{"@type":"SearchAction","target":{"@type":"EntryPoint","urlTemplate":"https:\/\/www.lovendal.ro\/wp52\/?s={search_term_string}"},"query-input":{"@type":"PropertyValueSpecification","valueRequired":true,"valueName":"search_term_string"}}],"inLanguage":"ro-RO"},{"@type":"Organization","@id":"https:\/\/www.lovendal.ro\/wp52\/#organization","name":"Secretele lui Lovendal","url":"https:\/\/www.lovendal.ro\/wp52\/","logo":{"@type":"ImageObject","inLanguage":"ro-RO","@id":"https:\/\/www.lovendal.ro\/wp52\/#\/schema\/logo\/image\/","url":"https:\/\/www.lovendal.ro\/wp52\/wp-content\/uploads\/2024\/06\/cropped-SLL-iun-2024-1.jpg","contentUrl":"https:\/\/www.lovendal.ro\/wp52\/wp-content\/uploads\/2024\/06\/cropped-SLL-iun-2024-1.jpg","width":771,"height":240,"caption":"Secretele lui Lovendal"},"image":{"@id":"https:\/\/www.lovendal.ro\/wp52\/#\/schema\/logo\/image\/"},"sameAs":["https:\/\/www.facebook.com\/secreteleluilovendal"]},{"@type":"Person","@id":"https:\/\/www.lovendal.ro\/wp52\/#\/schema\/person\/088691de5dfc346bb0c023e1e52ef5d9","name":"admin","image":{"@type":"ImageObject","inLanguage":"ro-RO","@id":"https:\/\/secure.gravatar.com\/avatar\/ecb9cd41f5f63c9c9b989999a59f6e2639a865ec361e9db054db0679a8f341c2?s=96&d=mm&r=g","url":"https:\/\/secure.gravatar.com\/avatar\/ecb9cd41f5f63c9c9b989999a59f6e2639a865ec361e9db054db0679a8f341c2?s=96&d=mm&r=g","contentUrl":"https:\/\/secure.gravatar.com\/avatar\/ecb9cd41f5f63c9c9b989999a59f6e2639a865ec361e9db054db0679a8f341c2?s=96&d=mm&r=g","caption":"admin"},"sameAs":["https:\/\/www.lovendal.ro\/wp52"]}]}},"_links":{"self":[{"href":"https:\/\/www.lovendal.ro\/wp52\/wp-json\/wp\/v2\/posts\/2524","targetHints":{"allow":["GET"]}}],"collection":[{"href":"https:\/\/www.lovendal.ro\/wp52\/wp-json\/wp\/v2\/posts"}],"about":[{"href":"https:\/\/www.lovendal.ro\/wp52\/wp-json\/wp\/v2\/types\/post"}],"author":[{"embeddable":true,"href":"https:\/\/www.lovendal.ro\/wp52\/wp-json\/wp\/v2\/users\/1"}],"replies":[{"embeddable":true,"href":"https:\/\/www.lovendal.ro\/wp52\/wp-json\/wp\/v2\/comments?post=2524"}],"version-history":[{"count":0,"href":"https:\/\/www.lovendal.ro\/wp52\/wp-json\/wp\/v2\/posts\/2524\/revisions"}],"wp:featuredmedia":[{"embeddable":true,"href":"https:\/\/www.lovendal.ro\/wp52\/wp-json\/wp\/v2\/media\/2525"}],"wp:attachment":[{"href":"https:\/\/www.lovendal.ro\/wp52\/wp-json\/wp\/v2\/media?parent=2524"}],"wp:term":[{"taxonomy":"category","embeddable":true,"href":"https:\/\/www.lovendal.ro\/wp52\/wp-json\/wp\/v2\/categories?post=2524"},{"taxonomy":"post_tag","embeddable":true,"href":"https:\/\/www.lovendal.ro\/wp52\/wp-json\/wp\/v2\/tags?post=2524"}],"curies":[{"name":"wp","href":"https:\/\/api.w.org\/{rel}","templated":true}]}}