{"id":25230,"date":"2012-10-04T09:08:18","date_gmt":"2012-10-04T06:08:18","guid":{"rendered":"http:\/\/www.lovendal.net\/wp52\/?p=25230"},"modified":"2012-10-05T08:06:00","modified_gmt":"2012-10-05T05:06:00","slug":"doua-capete-gigantice-de-om-sculptate-ce-reprezinta-ele-de-cine-au-fost-ridicate","status":"publish","type":"post","link":"https:\/\/www.lovendal.ro\/wp52\/doua-capete-gigantice-de-om-sculptate-ce-reprezinta-ele-de-cine-au-fost-ridicate\/","title":{"rendered":"Dou\u0103 capete gigantice de om sculptate&#8230; Ce reprezint\u0103 ele? De cine au fost ridicate?"},"content":{"rendered":"<figure id=\"attachment_25232\" aria-describedby=\"caption-attachment-25232\" style=\"width: 292px\" class=\"wp-caption alignleft\"><a class=\"highslide\" onclick=\"return vz.expand(this)\" href=\"https:\/\/www.lovendal.ro\/wp52\/wp-content\/uploads\/2012\/10\/2-giganti-6.jpg\"><img loading=\"lazy\" decoding=\"async\" class=\"size-full wp-image-25232\" title=\"2 giganti 6\" src=\"https:\/\/www.lovendal.ro\/wp52\/wp-content\/uploads\/2012\/10\/2-giganti-6.jpg\" alt=\"\" width=\"302\" height=\"209\" srcset=\"https:\/\/www.lovendal.ro\/wp52\/wp-content\/uploads\/2012\/10\/2-giganti-6.jpg 738w, https:\/\/www.lovendal.ro\/wp52\/wp-content\/uploads\/2012\/10\/2-giganti-6-300x208.jpg 300w\" sizes=\"auto, (max-width: 302px) 100vw, 302px\" \/><\/a><strong><\/strong><figcaption id=\"caption-attachment-25232\" class=\"wp-caption-text\">Click pe imagine pentru MARIRE<\/figcaption><\/figure>\n<p><strong>UPDATE: \u00cei felicit pe c\u00e2\u015ftig\u0103tori: Catalin \u015fi dv (Diana). Ei au indicat foarte bine: cei doi gigan\u0163i pe care \u00eei vede\u0163i se g\u0103sesc \u00een Republica Nagorno-Karabah, \u00een zona Caucazului, nu departe de Muntele Ararat. Monumentul se nume\u015fte &#8222;Noi suntem mun\u0163ii no\u015ftri&#8221;, fiind realizat pe timpul sovieticilor (1967). Mai multe deta\u0163ii g\u0103si\u0163i pe <a href=\"http:\/\/en.wikipedia.org\/wiki\/We_Are_Our_Mountains\" target=\"_blank\">Wikipedia<\/a>.<\/strong><\/p>\n<p>Dragii mei&#8230; Cred c\u0103 sunte\u0163i obi\u015fnui\u0163i cu misterioasele statui de pe Insula Pa\u015ftelui, unde pute\u0163i \u00eent\u00e2lni ni\u015fte capete gigantice de om. Cine le-au sculptat? Ce reprezentau ele? Cum au fost ele realizate? \u00centreb\u0103ri la care oamenii de \u015ftiin\u0163\u0103 n-au prea reu\u015fit s\u0103 dea r\u0103spunsuri satisf\u0103c\u0103toare, de\u015fi au \u00eencercat. Privi\u0163i imaginea din st\u00e2nga articolului (click pe ea pentru m\u0103rire)&#8230; acolo ve\u0163i observa dou\u0103 capete gigantice sculptate, unul mai \u00eenalt, iar cel\u0103lalt mai mic, sub o form\u0103 piramidal\u0103. Trebuie s\u0103 recunoa\u015fte\u0163i c\u0103 ambele statui arat\u0103 bizar. A\u015fadar, v\u0103 provoc la un alt concurs, dar de data aceasta va fi mult mai greu! De ce spun asta?<\/p>\n<p>La concursul precedent (<a href=\"https:\/\/www.lovendal.ro\/wp52\/ma-frapeaza-un-tanar-misterios-si-frumusel-dintr-o-fotografie-ajutati-ma-sa-aflu-cine-este\/\" target=\"_blank\"><strong>https:\/\/www.lovendal.ro\/wp52\/ma-frapeaza-un-tanar-misterios-si-frumusel-dintr-o-fotografie-ajutati-ma-sa-aflu-cine-este\/<\/strong><\/a>) am f\u0103cut gre\u015feala s\u0103 pun o poz\u0103 u\u015foar\u0103, care putea fi recunoscut\u0103 foarte u\u015for de Google, prin programul s\u0103u de recunoa\u015ftere a imaginilor. A\u015fadar, din p\u0103cate, cred c\u0103 unii dintre voi &#8222;a\u0163i tri\u015fat&#8221; folosindu-v\u0103 de acest instrument Google de c\u0103utare. De data asta, am luat o poz\u0103, pe care am modificat-o suficient \u00eenc\u00e2t Google s\u0103 n-o mai poat\u0103 recunoa\u015fte. Deci, v\u0103 provoc&#8230;s\u0103 recunoa\u015fte\u0163i cele dou\u0103 capete gigantice pe care le vede\u0163i \u00een poza de mai sus. Unde se afl\u0103 ele \u015fi de cine au fost construite. Bine\u00een\u0163eles, ar fi de apreciat dac\u0103 a\u0163i cunoa\u015fte \u015fi cum se numesc ele. A\u015fadar, <strong>doresc s\u0103-mi spune\u0163i \u0163ara (regiunea sau localitatea), perioada c\u00e2nd au fost ele construite, de c\u0103tre cine \u015fi pe cine \u00eei reprezint\u0103.<\/strong><\/p>\n<p>Eu am s\u0103 v\u0103 ajut pu\u0163in&#8230;d\u00e2ndu-v\u0103 c\u00e2teva indicii importante \u00eentr-unul din r\u0103spunsurile de mai jos (care e corect):<br \/>\n1) Se afl\u0103 pe Lun\u0103, \u00een craterul Copernic, fiind \u00een\u0103l\u0163ate de extratere\u015ftri;<br \/>\n2) Se afl\u0103 \u00een zona Mexicului, fiind opera olmecilor;<br \/>\n3) Se afl\u0103 \u00een apropierea r\u00e2ului Nil, fiind ridicate de vechii egipteni.<br \/>\n4) Se afl\u0103 la grani\u0163a dintre Afghanistan \u015fi India, fiind construite de musulmani sau hindu\u015fi.<br \/>\n5)\u00a0 Se afl\u0103 pe insula Pa\u015ftelui, fiind ridicate de c\u0103tre b\u0103\u015ftina\u015fi.<br \/>\n6) Se afl\u0103 \u00een Marea Britanie, \u00een apropierea complexului de la Stonehenge.<br \/>\n7) Se afl\u0103 nu departe de Muntele Ararat, fiind construite pe vremea sovieticilor;<br \/>\n8 ) Au fost construite de comuni\u015ftii chinezi, afl\u00e2ndu-se \u00een apropiere de Shanghai.<br \/>\n9) Se afl\u0103 pe o insul\u0103 din apropierea Australiei, fiind vechi de mii de ani.<\/p>\n<p>A\u015fadar, unul din cele 9 r\u0103spunsuri e corect. \u015ei el v\u0103 ofer\u0103 o serie de indicii pre\u0163ioase. Dar eu nu doresc doar s\u0103-mi r\u0103spunde\u0163i cu: 1) sau 4) sau 5), ci s\u0103 folosi\u0163i indiciul important oferit \u015fi s\u0103 \u00eencerca\u0163i s\u0103-mi spune\u0163i: loca\u0163ia exact\u0103 a sculpturilor din piatr\u0103 (\u0163ara, regiunea sau localitatea), c\u00e2nd au fost ele construite (\u00een antichitate, \u00een evul mediu sau \u00een perioada contemporan\u0103), de c\u0103tre cine \u015fi ce reprezint\u0103 aceste dou\u0103 capete. Cine va r\u0103spunde corect la aceste \u00eentreb\u0103ri, va fi declarat c\u00e2\u015ftig\u0103tor. Dac\u0103 nu cunoa\u015fte\u0163i r\u0103spunsul, va trebui s\u0103 pierde\u0163i mult timp pe Google, poate o zi, c\u0103ut\u00e2nd indicii \u00eentr-unul din cele 9 r\u0103spunsuri. Eu m\u0103 bucur de asta&#8230;c\u0103ci poate a\u015fa v\u0103 mai \u00eembog\u0103\u0163i\u0163i cuno\u015ftin\u0163ele generale despre aceast\u0103 lume, a\u015fa cum o fac \u015fi eu \u00een fiecare zi.<\/p>\n<p>V\u0103 las, la fel, 24 de ore la dispozi\u0163ie. Mult succes!<\/p>\n","protected":false},"excerpt":{"rendered":"<p>UPDATE: \u00cei felicit pe c\u00e2\u015ftig\u0103tori: Catalin \u015fi dv (Diana). Ei au indicat foarte bine: cei doi gigan\u0163i pe care \u00eei vede\u0163i se g\u0103sesc \u00een Republica Nagorno-Karabah, \u00een zona Caucazului, nu departe de Muntele Ararat. Monumentul se nume\u015fte &#8222;Noi suntem mun\u0163ii &#8230; <\/p>\n<p class=\"read-more-container\"><a title=\"Dou\u0103 capete gigantice de om sculptate&#8230; Ce reprezint\u0103 ele? De cine au fost ridicate?\" class=\"read-more button\" href=\"https:\/\/www.lovendal.ro\/wp52\/doua-capete-gigantice-de-om-sculptate-ce-reprezinta-ele-de-cine-au-fost-ridicate\/#more-25230\" aria-label=\"Cite\u0219te mai multe despre Dou\u0103 capete gigantice de om sculptate&#8230; Ce reprezint\u0103 ele? De cine au fost ridicate?\">Cititi mai multe<\/a><\/p>\n","protected":false},"author":1,"featured_media":25231,"comment_status":"open","ping_status":"closed","sticky":false,"template":"","format":"standard","meta":{"footnotes":""},"categories":[1],"tags":[421,520,139,446,1865,3459,1167,4789,960,619,522,149,392,206,3558,5660,1529,739,1996],"class_list":["post-25230","post","type-post","status-publish","format-standard","has-post-thumbnail","hentry","category-uncategorized","tag-afghanistan","tag-ararat","tag-australia","tag-china","tag-concurs","tag-crater","tag-egipteni","tag-giganti","tag-google","tag-india","tag-insula-pastelui","tag-luna","tag-marea-britanie","tag-mexic","tag-nil","tag-olmeci","tag-sculptura","tag-statuie","tag-stonehenge","resize-featured-image"],"yoast_head":"<!-- This site is optimized with the Yoast SEO Premium plugin v23.3 (Yoast SEO v27.4) - https:\/\/yoast.com\/product\/yoast-seo-premium-wordpress\/ -->\n<title>Dou\u0103 capete gigantice de om sculptate... Ce reprezint\u0103 ele? De cine au fost ridicate? - Secretele lui Lovendal<\/title>\n<meta name=\"robots\" content=\"index, follow, max-snippet:-1, max-image-preview:large, max-video-preview:-1\" \/>\n<link rel=\"canonical\" href=\"https:\/\/www.lovendal.ro\/wp52\/doua-capete-gigantice-de-om-sculptate-ce-reprezinta-ele-de-cine-au-fost-ridicate\/\" \/>\n<meta property=\"og:locale\" content=\"ro_RO\" \/>\n<meta property=\"og:type\" content=\"article\" \/>\n<meta property=\"og:title\" content=\"Dou\u0103 capete gigantice de om sculptate... Ce reprezint\u0103 ele? De cine au fost ridicate?\" \/>\n<meta property=\"og:description\" content=\"UPDATE: \u00cei felicit pe c\u00e2\u015ftig\u0103tori: Catalin \u015fi dv (Diana). Ei au indicat foarte bine: cei doi gigan\u0163i pe care \u00eei vede\u0163i se g\u0103sesc \u00een Republica Nagorno-Karabah, \u00een zona Caucazului, nu departe de Muntele Ararat. Monumentul se nume\u015fte &#8222;Noi suntem mun\u0163ii ... Cititi mai multe\" \/>\n<meta property=\"og:url\" content=\"https:\/\/www.lovendal.ro\/wp52\/doua-capete-gigantice-de-om-sculptate-ce-reprezinta-ele-de-cine-au-fost-ridicate\/\" \/>\n<meta property=\"og:site_name\" content=\"Secretele lui Lovendal\" \/>\n<meta property=\"article:publisher\" content=\"https:\/\/www.facebook.com\/secreteleluilovendal\" \/>\n<meta property=\"article:published_time\" content=\"2012-10-04T06:08:18+00:00\" \/>\n<meta property=\"article:modified_time\" content=\"2012-10-05T05:06:00+00:00\" \/>\n<meta property=\"og:image\" content=\"https:\/\/www.lovendal.ro\/wp52\/wp-content\/uploads\/2012\/10\/2-giganti-5.jpg\" \/>\n\t<meta property=\"og:image:width\" content=\"1342\" \/>\n\t<meta property=\"og:image:height\" content=\"575\" \/>\n\t<meta property=\"og:image:type\" content=\"image\/jpeg\" \/>\n<meta name=\"author\" content=\"admin\" \/>\n<meta name=\"twitter:card\" content=\"summary_large_image\" \/>\n<meta name=\"twitter:label1\" content=\"Scris de\" \/>\n\t<meta name=\"twitter:data1\" content=\"admin\" \/>\n\t<meta name=\"twitter:label2\" content=\"Timp estimat pentru citire\" \/>\n\t<meta name=\"twitter:data2\" content=\"3 minute\" \/>\n<script type=\"application\/ld+json\" class=\"yoast-schema-graph\">{\"@context\":\"https:\\\/\\\/schema.org\",\"@graph\":[{\"@type\":\"Article\",\"@id\":\"https:\\\/\\\/www.lovendal.ro\\\/wp52\\\/doua-capete-gigantice-de-om-sculptate-ce-reprezinta-ele-de-cine-au-fost-ridicate\\\/#article\",\"isPartOf\":{\"@id\":\"https:\\\/\\\/www.lovendal.ro\\\/wp52\\\/doua-capete-gigantice-de-om-sculptate-ce-reprezinta-ele-de-cine-au-fost-ridicate\\\/\"},\"author\":{\"name\":\"admin\",\"@id\":\"https:\\\/\\\/www.lovendal.ro\\\/wp52\\\/#\\\/schema\\\/person\\\/088691de5dfc346bb0c023e1e52ef5d9\"},\"headline\":\"Dou\u0103 capete gigantice de om sculptate&#8230; Ce reprezint\u0103 ele? De cine au fost ridicate?\",\"datePublished\":\"2012-10-04T06:08:18+00:00\",\"dateModified\":\"2012-10-05T05:06:00+00:00\",\"mainEntityOfPage\":{\"@id\":\"https:\\\/\\\/www.lovendal.ro\\\/wp52\\\/doua-capete-gigantice-de-om-sculptate-ce-reprezinta-ele-de-cine-au-fost-ridicate\\\/\"},\"wordCount\":677,\"commentCount\":24,\"publisher\":{\"@id\":\"https:\\\/\\\/www.lovendal.ro\\\/wp52\\\/#organization\"},\"image\":{\"@id\":\"https:\\\/\\\/www.lovendal.ro\\\/wp52\\\/doua-capete-gigantice-de-om-sculptate-ce-reprezinta-ele-de-cine-au-fost-ridicate\\\/#primaryimage\"},\"thumbnailUrl\":\"https:\\\/\\\/www.lovendal.ro\\\/wp52\\\/wp-content\\\/uploads\\\/2012\\\/10\\\/2-giganti-5.jpg\",\"keywords\":[\"Afghanistan\",\"Ararat\",\"Australia\",\"China\",\"concurs\",\"crater\",\"egipteni\",\"gigan\u0163i\",\"Google\",\"India\",\"Insula Pa\u015ftelui\",\"Lun\u0103\",\"Marea Britanie\",\"Mexic\",\"Nil\",\"olmeci\",\"sculptur\u0103\",\"statuie\",\"Stonehenge\"],\"articleSection\":[\"Uncategorized\"],\"inLanguage\":\"ro-RO\",\"potentialAction\":[{\"@type\":\"CommentAction\",\"name\":\"Comment\",\"target\":[\"https:\\\/\\\/www.lovendal.ro\\\/wp52\\\/doua-capete-gigantice-de-om-sculptate-ce-reprezinta-ele-de-cine-au-fost-ridicate\\\/#respond\"]}]},{\"@type\":\"WebPage\",\"@id\":\"https:\\\/\\\/www.lovendal.ro\\\/wp52\\\/doua-capete-gigantice-de-om-sculptate-ce-reprezinta-ele-de-cine-au-fost-ridicate\\\/\",\"url\":\"https:\\\/\\\/www.lovendal.ro\\\/wp52\\\/doua-capete-gigantice-de-om-sculptate-ce-reprezinta-ele-de-cine-au-fost-ridicate\\\/\",\"name\":\"Dou\u0103 capete gigantice de om sculptate... Ce reprezint\u0103 ele? De cine au fost ridicate? - Secretele lui Lovendal\",\"isPartOf\":{\"@id\":\"https:\\\/\\\/www.lovendal.ro\\\/wp52\\\/#website\"},\"primaryImageOfPage\":{\"@id\":\"https:\\\/\\\/www.lovendal.ro\\\/wp52\\\/doua-capete-gigantice-de-om-sculptate-ce-reprezinta-ele-de-cine-au-fost-ridicate\\\/#primaryimage\"},\"image\":{\"@id\":\"https:\\\/\\\/www.lovendal.ro\\\/wp52\\\/doua-capete-gigantice-de-om-sculptate-ce-reprezinta-ele-de-cine-au-fost-ridicate\\\/#primaryimage\"},\"thumbnailUrl\":\"https:\\\/\\\/www.lovendal.ro\\\/wp52\\\/wp-content\\\/uploads\\\/2012\\\/10\\\/2-giganti-5.jpg\",\"datePublished\":\"2012-10-04T06:08:18+00:00\",\"dateModified\":\"2012-10-05T05:06:00+00:00\",\"breadcrumb\":{\"@id\":\"https:\\\/\\\/www.lovendal.ro\\\/wp52\\\/doua-capete-gigantice-de-om-sculptate-ce-reprezinta-ele-de-cine-au-fost-ridicate\\\/#breadcrumb\"},\"inLanguage\":\"ro-RO\",\"potentialAction\":[{\"@type\":\"ReadAction\",\"target\":[\"https:\\\/\\\/www.lovendal.ro\\\/wp52\\\/doua-capete-gigantice-de-om-sculptate-ce-reprezinta-ele-de-cine-au-fost-ridicate\\\/\"]}]},{\"@type\":\"ImageObject\",\"inLanguage\":\"ro-RO\",\"@id\":\"https:\\\/\\\/www.lovendal.ro\\\/wp52\\\/doua-capete-gigantice-de-om-sculptate-ce-reprezinta-ele-de-cine-au-fost-ridicate\\\/#primaryimage\",\"url\":\"https:\\\/\\\/www.lovendal.ro\\\/wp52\\\/wp-content\\\/uploads\\\/2012\\\/10\\\/2-giganti-5.jpg\",\"contentUrl\":\"https:\\\/\\\/www.lovendal.ro\\\/wp52\\\/wp-content\\\/uploads\\\/2012\\\/10\\\/2-giganti-5.jpg\",\"width\":\"1342\",\"height\":\"575\"},{\"@type\":\"BreadcrumbList\",\"@id\":\"https:\\\/\\\/www.lovendal.ro\\\/wp52\\\/doua-capete-gigantice-de-om-sculptate-ce-reprezinta-ele-de-cine-au-fost-ridicate\\\/#breadcrumb\",\"itemListElement\":[{\"@type\":\"ListItem\",\"position\":1,\"name\":\"Home\",\"item\":\"https:\\\/\\\/www.lovendal.ro\\\/wp52\\\/\"},{\"@type\":\"ListItem\",\"position\":2,\"name\":\"Dou\u0103 capete gigantice de om sculptate&#8230; Ce reprezint\u0103 ele? De cine au fost ridicate?\"}]},{\"@type\":\"WebSite\",\"@id\":\"https:\\\/\\\/www.lovendal.ro\\\/wp52\\\/#website\",\"url\":\"https:\\\/\\\/www.lovendal.ro\\\/wp52\\\/\",\"name\":\"Secretele lui Lovendal\",\"description\":\"Site de secrete, stiinta si metafizica - din 2008 -\",\"publisher\":{\"@id\":\"https:\\\/\\\/www.lovendal.ro\\\/wp52\\\/#organization\"},\"potentialAction\":[{\"@type\":\"SearchAction\",\"target\":{\"@type\":\"EntryPoint\",\"urlTemplate\":\"https:\\\/\\\/www.lovendal.ro\\\/wp52\\\/?s={search_term_string}\"},\"query-input\":{\"@type\":\"PropertyValueSpecification\",\"valueRequired\":true,\"valueName\":\"search_term_string\"}}],\"inLanguage\":\"ro-RO\"},{\"@type\":\"Organization\",\"@id\":\"https:\\\/\\\/www.lovendal.ro\\\/wp52\\\/#organization\",\"name\":\"Secretele lui Lovendal\",\"url\":\"https:\\\/\\\/www.lovendal.ro\\\/wp52\\\/\",\"logo\":{\"@type\":\"ImageObject\",\"inLanguage\":\"ro-RO\",\"@id\":\"https:\\\/\\\/www.lovendal.ro\\\/wp52\\\/#\\\/schema\\\/logo\\\/image\\\/\",\"url\":\"https:\\\/\\\/www.lovendal.ro\\\/wp52\\\/wp-content\\\/uploads\\\/2024\\\/06\\\/cropped-SLL-iun-2024-1.jpg\",\"contentUrl\":\"https:\\\/\\\/www.lovendal.ro\\\/wp52\\\/wp-content\\\/uploads\\\/2024\\\/06\\\/cropped-SLL-iun-2024-1.jpg\",\"width\":771,\"height\":240,\"caption\":\"Secretele lui Lovendal\"},\"image\":{\"@id\":\"https:\\\/\\\/www.lovendal.ro\\\/wp52\\\/#\\\/schema\\\/logo\\\/image\\\/\"},\"sameAs\":[\"https:\\\/\\\/www.facebook.com\\\/secreteleluilovendal\"]},{\"@type\":\"Person\",\"@id\":\"https:\\\/\\\/www.lovendal.ro\\\/wp52\\\/#\\\/schema\\\/person\\\/088691de5dfc346bb0c023e1e52ef5d9\",\"name\":\"admin\",\"image\":{\"@type\":\"ImageObject\",\"inLanguage\":\"ro-RO\",\"@id\":\"https:\\\/\\\/secure.gravatar.com\\\/avatar\\\/ecb9cd41f5f63c9c9b989999a59f6e2639a865ec361e9db054db0679a8f341c2?s=96&d=mm&r=g\",\"url\":\"https:\\\/\\\/secure.gravatar.com\\\/avatar\\\/ecb9cd41f5f63c9c9b989999a59f6e2639a865ec361e9db054db0679a8f341c2?s=96&d=mm&r=g\",\"contentUrl\":\"https:\\\/\\\/secure.gravatar.com\\\/avatar\\\/ecb9cd41f5f63c9c9b989999a59f6e2639a865ec361e9db054db0679a8f341c2?s=96&d=mm&r=g\",\"caption\":\"admin\"},\"sameAs\":[\"https:\\\/\\\/www.lovendal.ro\\\/wp52\"]}]}<\/script>\n<!-- \/ Yoast SEO Premium plugin. -->","yoast_head_json":{"title":"Dou\u0103 capete gigantice de om sculptate... Ce reprezint\u0103 ele? De cine au fost ridicate? - Secretele lui Lovendal","robots":{"index":"index","follow":"follow","max-snippet":"max-snippet:-1","max-image-preview":"max-image-preview:large","max-video-preview":"max-video-preview:-1"},"canonical":"https:\/\/www.lovendal.ro\/wp52\/doua-capete-gigantice-de-om-sculptate-ce-reprezinta-ele-de-cine-au-fost-ridicate\/","og_locale":"ro_RO","og_type":"article","og_title":"Dou\u0103 capete gigantice de om sculptate... Ce reprezint\u0103 ele? De cine au fost ridicate?","og_description":"UPDATE: \u00cei felicit pe c\u00e2\u015ftig\u0103tori: Catalin \u015fi dv (Diana). Ei au indicat foarte bine: cei doi gigan\u0163i pe care \u00eei vede\u0163i se g\u0103sesc \u00een Republica Nagorno-Karabah, \u00een zona Caucazului, nu departe de Muntele Ararat. Monumentul se nume\u015fte &#8222;Noi suntem mun\u0163ii ... Cititi mai multe","og_url":"https:\/\/www.lovendal.ro\/wp52\/doua-capete-gigantice-de-om-sculptate-ce-reprezinta-ele-de-cine-au-fost-ridicate\/","og_site_name":"Secretele lui Lovendal","article_publisher":"https:\/\/www.facebook.com\/secreteleluilovendal","article_published_time":"2012-10-04T06:08:18+00:00","article_modified_time":"2012-10-05T05:06:00+00:00","og_image":[{"width":1342,"height":575,"url":"https:\/\/www.lovendal.ro\/wp52\/wp-content\/uploads\/2012\/10\/2-giganti-5.jpg","type":"image\/jpeg"}],"author":"admin","twitter_card":"summary_large_image","twitter_misc":{"Scris de":"admin","Timp estimat pentru citire":"3 minute"},"schema":{"@context":"https:\/\/schema.org","@graph":[{"@type":"Article","@id":"https:\/\/www.lovendal.ro\/wp52\/doua-capete-gigantice-de-om-sculptate-ce-reprezinta-ele-de-cine-au-fost-ridicate\/#article","isPartOf":{"@id":"https:\/\/www.lovendal.ro\/wp52\/doua-capete-gigantice-de-om-sculptate-ce-reprezinta-ele-de-cine-au-fost-ridicate\/"},"author":{"name":"admin","@id":"https:\/\/www.lovendal.ro\/wp52\/#\/schema\/person\/088691de5dfc346bb0c023e1e52ef5d9"},"headline":"Dou\u0103 capete gigantice de om sculptate&#8230; Ce reprezint\u0103 ele? De cine au fost ridicate?","datePublished":"2012-10-04T06:08:18+00:00","dateModified":"2012-10-05T05:06:00+00:00","mainEntityOfPage":{"@id":"https:\/\/www.lovendal.ro\/wp52\/doua-capete-gigantice-de-om-sculptate-ce-reprezinta-ele-de-cine-au-fost-ridicate\/"},"wordCount":677,"commentCount":24,"publisher":{"@id":"https:\/\/www.lovendal.ro\/wp52\/#organization"},"image":{"@id":"https:\/\/www.lovendal.ro\/wp52\/doua-capete-gigantice-de-om-sculptate-ce-reprezinta-ele-de-cine-au-fost-ridicate\/#primaryimage"},"thumbnailUrl":"https:\/\/www.lovendal.ro\/wp52\/wp-content\/uploads\/2012\/10\/2-giganti-5.jpg","keywords":["Afghanistan","Ararat","Australia","China","concurs","crater","egipteni","gigan\u0163i","Google","India","Insula Pa\u015ftelui","Lun\u0103","Marea Britanie","Mexic","Nil","olmeci","sculptur\u0103","statuie","Stonehenge"],"articleSection":["Uncategorized"],"inLanguage":"ro-RO","potentialAction":[{"@type":"CommentAction","name":"Comment","target":["https:\/\/www.lovendal.ro\/wp52\/doua-capete-gigantice-de-om-sculptate-ce-reprezinta-ele-de-cine-au-fost-ridicate\/#respond"]}]},{"@type":"WebPage","@id":"https:\/\/www.lovendal.ro\/wp52\/doua-capete-gigantice-de-om-sculptate-ce-reprezinta-ele-de-cine-au-fost-ridicate\/","url":"https:\/\/www.lovendal.ro\/wp52\/doua-capete-gigantice-de-om-sculptate-ce-reprezinta-ele-de-cine-au-fost-ridicate\/","name":"Dou\u0103 capete gigantice de om sculptate... Ce reprezint\u0103 ele? De cine au fost ridicate? - Secretele lui Lovendal","isPartOf":{"@id":"https:\/\/www.lovendal.ro\/wp52\/#website"},"primaryImageOfPage":{"@id":"https:\/\/www.lovendal.ro\/wp52\/doua-capete-gigantice-de-om-sculptate-ce-reprezinta-ele-de-cine-au-fost-ridicate\/#primaryimage"},"image":{"@id":"https:\/\/www.lovendal.ro\/wp52\/doua-capete-gigantice-de-om-sculptate-ce-reprezinta-ele-de-cine-au-fost-ridicate\/#primaryimage"},"thumbnailUrl":"https:\/\/www.lovendal.ro\/wp52\/wp-content\/uploads\/2012\/10\/2-giganti-5.jpg","datePublished":"2012-10-04T06:08:18+00:00","dateModified":"2012-10-05T05:06:00+00:00","breadcrumb":{"@id":"https:\/\/www.lovendal.ro\/wp52\/doua-capete-gigantice-de-om-sculptate-ce-reprezinta-ele-de-cine-au-fost-ridicate\/#breadcrumb"},"inLanguage":"ro-RO","potentialAction":[{"@type":"ReadAction","target":["https:\/\/www.lovendal.ro\/wp52\/doua-capete-gigantice-de-om-sculptate-ce-reprezinta-ele-de-cine-au-fost-ridicate\/"]}]},{"@type":"ImageObject","inLanguage":"ro-RO","@id":"https:\/\/www.lovendal.ro\/wp52\/doua-capete-gigantice-de-om-sculptate-ce-reprezinta-ele-de-cine-au-fost-ridicate\/#primaryimage","url":"https:\/\/www.lovendal.ro\/wp52\/wp-content\/uploads\/2012\/10\/2-giganti-5.jpg","contentUrl":"https:\/\/www.lovendal.ro\/wp52\/wp-content\/uploads\/2012\/10\/2-giganti-5.jpg","width":"1342","height":"575"},{"@type":"BreadcrumbList","@id":"https:\/\/www.lovendal.ro\/wp52\/doua-capete-gigantice-de-om-sculptate-ce-reprezinta-ele-de-cine-au-fost-ridicate\/#breadcrumb","itemListElement":[{"@type":"ListItem","position":1,"name":"Home","item":"https:\/\/www.lovendal.ro\/wp52\/"},{"@type":"ListItem","position":2,"name":"Dou\u0103 capete gigantice de om sculptate&#8230; Ce reprezint\u0103 ele? De cine au fost ridicate?"}]},{"@type":"WebSite","@id":"https:\/\/www.lovendal.ro\/wp52\/#website","url":"https:\/\/www.lovendal.ro\/wp52\/","name":"Secretele lui Lovendal","description":"Site de secrete, stiinta si metafizica - din 2008 -","publisher":{"@id":"https:\/\/www.lovendal.ro\/wp52\/#organization"},"potentialAction":[{"@type":"SearchAction","target":{"@type":"EntryPoint","urlTemplate":"https:\/\/www.lovendal.ro\/wp52\/?s={search_term_string}"},"query-input":{"@type":"PropertyValueSpecification","valueRequired":true,"valueName":"search_term_string"}}],"inLanguage":"ro-RO"},{"@type":"Organization","@id":"https:\/\/www.lovendal.ro\/wp52\/#organization","name":"Secretele lui Lovendal","url":"https:\/\/www.lovendal.ro\/wp52\/","logo":{"@type":"ImageObject","inLanguage":"ro-RO","@id":"https:\/\/www.lovendal.ro\/wp52\/#\/schema\/logo\/image\/","url":"https:\/\/www.lovendal.ro\/wp52\/wp-content\/uploads\/2024\/06\/cropped-SLL-iun-2024-1.jpg","contentUrl":"https:\/\/www.lovendal.ro\/wp52\/wp-content\/uploads\/2024\/06\/cropped-SLL-iun-2024-1.jpg","width":771,"height":240,"caption":"Secretele lui Lovendal"},"image":{"@id":"https:\/\/www.lovendal.ro\/wp52\/#\/schema\/logo\/image\/"},"sameAs":["https:\/\/www.facebook.com\/secreteleluilovendal"]},{"@type":"Person","@id":"https:\/\/www.lovendal.ro\/wp52\/#\/schema\/person\/088691de5dfc346bb0c023e1e52ef5d9","name":"admin","image":{"@type":"ImageObject","inLanguage":"ro-RO","@id":"https:\/\/secure.gravatar.com\/avatar\/ecb9cd41f5f63c9c9b989999a59f6e2639a865ec361e9db054db0679a8f341c2?s=96&d=mm&r=g","url":"https:\/\/secure.gravatar.com\/avatar\/ecb9cd41f5f63c9c9b989999a59f6e2639a865ec361e9db054db0679a8f341c2?s=96&d=mm&r=g","contentUrl":"https:\/\/secure.gravatar.com\/avatar\/ecb9cd41f5f63c9c9b989999a59f6e2639a865ec361e9db054db0679a8f341c2?s=96&d=mm&r=g","caption":"admin"},"sameAs":["https:\/\/www.lovendal.ro\/wp52"]}]}},"_links":{"self":[{"href":"https:\/\/www.lovendal.ro\/wp52\/wp-json\/wp\/v2\/posts\/25230","targetHints":{"allow":["GET"]}}],"collection":[{"href":"https:\/\/www.lovendal.ro\/wp52\/wp-json\/wp\/v2\/posts"}],"about":[{"href":"https:\/\/www.lovendal.ro\/wp52\/wp-json\/wp\/v2\/types\/post"}],"author":[{"embeddable":true,"href":"https:\/\/www.lovendal.ro\/wp52\/wp-json\/wp\/v2\/users\/1"}],"replies":[{"embeddable":true,"href":"https:\/\/www.lovendal.ro\/wp52\/wp-json\/wp\/v2\/comments?post=25230"}],"version-history":[{"count":0,"href":"https:\/\/www.lovendal.ro\/wp52\/wp-json\/wp\/v2\/posts\/25230\/revisions"}],"wp:featuredmedia":[{"embeddable":true,"href":"https:\/\/www.lovendal.ro\/wp52\/wp-json\/wp\/v2\/media\/25231"}],"wp:attachment":[{"href":"https:\/\/www.lovendal.ro\/wp52\/wp-json\/wp\/v2\/media?parent=25230"}],"wp:term":[{"taxonomy":"category","embeddable":true,"href":"https:\/\/www.lovendal.ro\/wp52\/wp-json\/wp\/v2\/categories?post=25230"},{"taxonomy":"post_tag","embeddable":true,"href":"https:\/\/www.lovendal.ro\/wp52\/wp-json\/wp\/v2\/tags?post=25230"}],"curies":[{"name":"wp","href":"https:\/\/api.w.org\/{rel}","templated":true}]}}