{"id":2514,"date":"2009-01-11T10:49:07","date_gmt":"2009-01-11T06:49:07","guid":{"rendered":"http:\/\/www.lovendal.net\/wp52\/?p=2514"},"modified":"2009-01-12T09:41:24","modified_gmt":"2009-01-12T05:41:24","slug":"soldati-romani-fantoma-de-acum-1700-ani-vazuti-in-prezent","status":"publish","type":"post","link":"https:\/\/www.lovendal.ro\/wp52\/soldati-romani-fantoma-de-acum-1700-ani-vazuti-in-prezent\/","title":{"rendered":"Solda\u0163i romani fantom\u0103 de acum 1700 ani, v\u0103zu\u0163i \u00een prezent"},"content":{"rendered":"<p><img loading=\"lazy\" decoding=\"async\" class=\"alignleft size-full wp-image-2515\" title=\"soldati-romani\" src=\"https:\/\/www.lovendal.ro\/wp52\/wp-content\/uploads\/2009\/01\/soldati-romani.jpg\" alt=\"soldati-romani\" width=\"395\" height=\"236\" srcset=\"https:\/\/www.lovendal.ro\/wp52\/wp-content\/uploads\/2009\/01\/soldati-romani.jpg 500w, https:\/\/www.lovendal.ro\/wp52\/wp-content\/uploads\/2009\/01\/soldati-romani-300x179.jpg 300w\" sizes=\"auto, (max-width: 395px) 100vw, 395px\" \/>Iat\u0103 o relatare foarte stranie, petrecut\u0103 \u00een Algeria. Persoanele aflate \u00eentr-un autobuz &#8222;plin ochi&#8221; au cobor\u00e2t ca s\u0103 se \u00eent\u00e2lneasc\u0103 cu ghidul, pentru a vizita ruinele ora\u015fului algerian Blida, din secolul al III-lea&#8230; \u00cen acel moment, \u015fi-a f\u0103cut apari\u0163ia o ceat\u0103 de oameni \u00eembr\u0103ca\u0163i foarte mar\u0163ial. Ace\u015ftia purtau uniformele legiunilor romane, fiind condu\u015fi de un ofi\u0163er ce c\u0103l\u0103rea un cal. Dup\u0103 16 solda\u0163i obosi\u0163i ce abia se mai t\u00e2rau, urma un car ce asigura aprovizionarea trupei. La acest car era \u00eenh\u0103mat un m\u0103g\u0103ru\u015f.<\/p>\n<p>Heide Kr\u00f6ger, o persoan\u0103 austriac\u0103 martor\u0103 acestei \u00eent\u00e2mpl\u0103ri at\u00e2t de ciudate, peste ani, f\u0103cea urm\u0103toarea m\u0103rturisire:<span style=\"font-style: italic;\"> &#8222;Solda\u0163ii p\u0103reau a fi vl\u0103gui\u0163i din cale-afar\u0103&#8230; erau neb\u0103rbieri\u0163i, iar buzele lor erau pline de b\u0103\u015fici. Ei alergau pe l\u00e2ng\u0103 autobuzul nostru, ignor\u00e2ndu-ne. Se comportau de parc\u0103 noi nici nu exist\u0103m pentru ei. Pe coiful ofi\u0163erului str\u0103luceau, \u00een toat\u0103 splendoarea lor, egretele ro\u015fii \u015fi negre. El \u00ee\u015fi conduse trup\u0103 \u00een interiorul cet\u0103\u0163ii, pentru ca, apoi, ei s\u0103 dispar\u0103 cu totul din fa\u0163a ochilor no\u015ftri&#8221;.<\/span><\/p>\n<p>\u00cen aceast\u0103 \u00eent\u00e2mplare uluitoare, oare avem de-a face cu halucina\u0163iile a 40 de oameni, care au sesizat ceva ce nu exist\u0103 \u00een realitatea noastr\u0103 material\u0103? Nimeni, cu siguran\u0163\u0103, nu va lua \u00een considerare o asemenea ipotez\u0103. Nimeni nu va putea contesta c\u0103 participan\u0163ii la excursie &#8211; europeni, americani \u015fi japonezi &#8211; nu au fost martorii unei asemenea \u00eent\u00e2mpl\u0103ri ce pare, \u00eentr-adev\u0103r, neverosimil\u0103. Nici nu se pune problema vreunei &#8222;\u015fmecherii&#8221;, ea ar fi fost dat\u0103 \u00een vileag, f\u0103r\u0103 doar \u015fi poate. 25 de persoane participante la aceast\u0103 excursie au fotografiat ni\u015fte scene incredibile.<\/p>\n<p>Dar, dup\u0103 developarea filmelor, pe copiile fotografice, \u00een afar\u0103 de ruine, nu se mai vedea nimic altceva. Cum ar fi putut s\u0103 prezinte materialul filmului ceva ce nu apar\u0163ine realit\u0103\u0163ii noastre \u015fi care a ap\u0103rut, exclusiv, doar \u00een con\u015ftiin\u0163a participan\u0163ilor la excursie, r\u0103m\u00e2n\u00e2nd \u00een amintirile lor? Dr. Howard Moser, ocup\u00e2ndu-se \u00eendeaproape de aceast\u0103 stranie \u00eent\u00e2mplare, pe care a \u015fi comentat-o \u00een diverse reviste de specialitate de pe continentul nostru, este ferm convins c\u0103, \u00een cazul solda\u0163ilor-fantome, observa\u0163i de at\u00e2ta lume, este vorba despre ni\u015fte &#8222;fiin\u0163e vii care respir\u0103&#8221;, numai c\u0103 ei apar\u0163in unei epoci care, conform numerot\u0103rii noastre, a fost acum circa 1.700 de ani.<\/p>\n<p>Ca \u015fi \u00een cazul multor altor apari\u0163ii din trecut, se poate spune: ele sunt apropiate din punct de vedere spa\u0163ial, dar foarte \u00eendep\u0103rtate temporal. Aceste fenomene, av\u00e2nd \u00een vedere legile fizicii tradi\u0163ionale, au un caracter contradictoriu, nu \u00een sensul propriu al cuv\u00e2ntului, ci \u00een sensul, exclusiv, fenomenologic, corespunz\u00e2nd gradului de receptare a acestora.<\/p>\n","protected":false},"excerpt":{"rendered":"<p>Iat\u0103 o relatare foarte stranie, petrecut\u0103 \u00een Algeria. Persoanele aflate \u00eentr-un autobuz &#8222;plin ochi&#8221; au cobor\u00e2t ca s\u0103 se \u00eent\u00e2lneasc\u0103 cu ghidul, pentru a vizita ruinele ora\u015fului algerian Blida, din secolul al III-lea&#8230; \u00cen acel moment, \u015fi-a f\u0103cut apari\u0163ia o &#8230; <\/p>\n<p class=\"read-more-container\"><a title=\"Solda\u0163i romani fantom\u0103 de acum 1700 ani, v\u0103zu\u0163i \u00een prezent\" class=\"read-more button\" href=\"https:\/\/www.lovendal.ro\/wp52\/soldati-romani-fantoma-de-acum-1700-ani-vazuti-in-prezent\/#more-2514\" aria-label=\"Cite\u0219te mai multe despre Solda\u0163i romani fantom\u0103 de acum 1700 ani, v\u0103zu\u0163i \u00een prezent\">Cititi mai multe<\/a><\/p>\n","protected":false},"author":1,"featured_media":2515,"comment_status":"open","ping_status":"closed","sticky":false,"template":"","format":"standard","meta":{"footnotes":""},"categories":[14],"tags":[874,121,9796,858,513],"class_list":["post-2514","post","type-post","status-publish","format-standard","has-post-thumbnail","hentry","category-paranormal-spiritualitate","tag-algeria","tag-fantome","tag-paranormal-spiritualitate","tag-romani","tag-soldati","resize-featured-image"],"yoast_head":"<!-- This site is optimized with the Yoast SEO Premium plugin v23.3 (Yoast SEO v27.4) - https:\/\/yoast.com\/product\/yoast-seo-premium-wordpress\/ -->\n<title>Solda\u0163i romani fantom\u0103 de acum 1700 ani, v\u0103zu\u0163i \u00een prezent - Secretele lui Lovendal<\/title>\n<meta name=\"robots\" content=\"index, follow, max-snippet:-1, max-image-preview:large, max-video-preview:-1\" \/>\n<link rel=\"canonical\" href=\"https:\/\/www.lovendal.ro\/wp52\/soldati-romani-fantoma-de-acum-1700-ani-vazuti-in-prezent\/\" \/>\n<meta property=\"og:locale\" content=\"ro_RO\" \/>\n<meta property=\"og:type\" content=\"article\" \/>\n<meta property=\"og:title\" content=\"Solda\u0163i romani fantom\u0103 de acum 1700 ani, v\u0103zu\u0163i \u00een prezent\" \/>\n<meta property=\"og:description\" content=\"Iat\u0103 o relatare foarte stranie, petrecut\u0103 \u00een Algeria. Persoanele aflate \u00eentr-un autobuz &#8222;plin ochi&#8221; au cobor\u00e2t ca s\u0103 se \u00eent\u00e2lneasc\u0103 cu ghidul, pentru a vizita ruinele ora\u015fului algerian Blida, din secolul al III-lea&#8230; \u00cen acel moment, \u015fi-a f\u0103cut apari\u0163ia o ... Cititi mai multe\" \/>\n<meta property=\"og:url\" content=\"https:\/\/www.lovendal.ro\/wp52\/soldati-romani-fantoma-de-acum-1700-ani-vazuti-in-prezent\/\" \/>\n<meta property=\"og:site_name\" content=\"Secretele lui Lovendal\" \/>\n<meta property=\"article:publisher\" content=\"https:\/\/www.facebook.com\/secreteleluilovendal\" \/>\n<meta property=\"article:published_time\" content=\"2009-01-11T06:49:07+00:00\" \/>\n<meta property=\"article:modified_time\" content=\"2009-01-12T05:41:24+00:00\" \/>\n<meta property=\"og:image\" content=\"https:\/\/www.lovendal.ro\/wp52\/wp-content\/uploads\/2009\/01\/soldati-romani.jpg\" \/>\n\t<meta property=\"og:image:width\" content=\"500\" \/>\n\t<meta property=\"og:image:height\" content=\"299\" \/>\n\t<meta property=\"og:image:type\" content=\"image\/jpeg\" \/>\n<meta name=\"author\" content=\"admin\" \/>\n<meta name=\"twitter:card\" content=\"summary_large_image\" \/>\n<meta name=\"twitter:label1\" content=\"Scris de\" \/>\n\t<meta name=\"twitter:data1\" content=\"admin\" \/>\n\t<meta name=\"twitter:label2\" content=\"Timp estimat pentru citire\" \/>\n\t<meta name=\"twitter:data2\" content=\"2 minute\" \/>\n<script type=\"application\/ld+json\" class=\"yoast-schema-graph\">{\"@context\":\"https:\\\/\\\/schema.org\",\"@graph\":[{\"@type\":\"Article\",\"@id\":\"https:\\\/\\\/www.lovendal.ro\\\/wp52\\\/soldati-romani-fantoma-de-acum-1700-ani-vazuti-in-prezent\\\/#article\",\"isPartOf\":{\"@id\":\"https:\\\/\\\/www.lovendal.ro\\\/wp52\\\/soldati-romani-fantoma-de-acum-1700-ani-vazuti-in-prezent\\\/\"},\"author\":{\"name\":\"admin\",\"@id\":\"https:\\\/\\\/www.lovendal.ro\\\/wp52\\\/#\\\/schema\\\/person\\\/088691de5dfc346bb0c023e1e52ef5d9\"},\"headline\":\"Solda\u0163i romani fantom\u0103 de acum 1700 ani, v\u0103zu\u0163i \u00een prezent\",\"datePublished\":\"2009-01-11T06:49:07+00:00\",\"dateModified\":\"2009-01-12T05:41:24+00:00\",\"mainEntityOfPage\":{\"@id\":\"https:\\\/\\\/www.lovendal.ro\\\/wp52\\\/soldati-romani-fantoma-de-acum-1700-ani-vazuti-in-prezent\\\/\"},\"wordCount\":496,\"commentCount\":2,\"publisher\":{\"@id\":\"https:\\\/\\\/www.lovendal.ro\\\/wp52\\\/#organization\"},\"image\":{\"@id\":\"https:\\\/\\\/www.lovendal.ro\\\/wp52\\\/soldati-romani-fantoma-de-acum-1700-ani-vazuti-in-prezent\\\/#primaryimage\"},\"thumbnailUrl\":\"https:\\\/\\\/www.lovendal.ro\\\/wp52\\\/wp-content\\\/uploads\\\/2009\\\/01\\\/soldati-romani.jpg\",\"keywords\":[\"Algeria\",\"fantome\",\"Paranormal-Spiritualitate\",\"romani\",\"solda\u0163i\"],\"articleSection\":[\"Paranormal-Spiritualitate\"],\"inLanguage\":\"ro-RO\",\"potentialAction\":[{\"@type\":\"CommentAction\",\"name\":\"Comment\",\"target\":[\"https:\\\/\\\/www.lovendal.ro\\\/wp52\\\/soldati-romani-fantoma-de-acum-1700-ani-vazuti-in-prezent\\\/#respond\"]}]},{\"@type\":\"WebPage\",\"@id\":\"https:\\\/\\\/www.lovendal.ro\\\/wp52\\\/soldati-romani-fantoma-de-acum-1700-ani-vazuti-in-prezent\\\/\",\"url\":\"https:\\\/\\\/www.lovendal.ro\\\/wp52\\\/soldati-romani-fantoma-de-acum-1700-ani-vazuti-in-prezent\\\/\",\"name\":\"Solda\u0163i romani fantom\u0103 de acum 1700 ani, v\u0103zu\u0163i \u00een prezent - Secretele lui Lovendal\",\"isPartOf\":{\"@id\":\"https:\\\/\\\/www.lovendal.ro\\\/wp52\\\/#website\"},\"primaryImageOfPage\":{\"@id\":\"https:\\\/\\\/www.lovendal.ro\\\/wp52\\\/soldati-romani-fantoma-de-acum-1700-ani-vazuti-in-prezent\\\/#primaryimage\"},\"image\":{\"@id\":\"https:\\\/\\\/www.lovendal.ro\\\/wp52\\\/soldati-romani-fantoma-de-acum-1700-ani-vazuti-in-prezent\\\/#primaryimage\"},\"thumbnailUrl\":\"https:\\\/\\\/www.lovendal.ro\\\/wp52\\\/wp-content\\\/uploads\\\/2009\\\/01\\\/soldati-romani.jpg\",\"datePublished\":\"2009-01-11T06:49:07+00:00\",\"dateModified\":\"2009-01-12T05:41:24+00:00\",\"breadcrumb\":{\"@id\":\"https:\\\/\\\/www.lovendal.ro\\\/wp52\\\/soldati-romani-fantoma-de-acum-1700-ani-vazuti-in-prezent\\\/#breadcrumb\"},\"inLanguage\":\"ro-RO\",\"potentialAction\":[{\"@type\":\"ReadAction\",\"target\":[\"https:\\\/\\\/www.lovendal.ro\\\/wp52\\\/soldati-romani-fantoma-de-acum-1700-ani-vazuti-in-prezent\\\/\"]}]},{\"@type\":\"ImageObject\",\"inLanguage\":\"ro-RO\",\"@id\":\"https:\\\/\\\/www.lovendal.ro\\\/wp52\\\/soldati-romani-fantoma-de-acum-1700-ani-vazuti-in-prezent\\\/#primaryimage\",\"url\":\"https:\\\/\\\/www.lovendal.ro\\\/wp52\\\/wp-content\\\/uploads\\\/2009\\\/01\\\/soldati-romani.jpg\",\"contentUrl\":\"https:\\\/\\\/www.lovendal.ro\\\/wp52\\\/wp-content\\\/uploads\\\/2009\\\/01\\\/soldati-romani.jpg\",\"width\":\"500\",\"height\":\"299\"},{\"@type\":\"BreadcrumbList\",\"@id\":\"https:\\\/\\\/www.lovendal.ro\\\/wp52\\\/soldati-romani-fantoma-de-acum-1700-ani-vazuti-in-prezent\\\/#breadcrumb\",\"itemListElement\":[{\"@type\":\"ListItem\",\"position\":1,\"name\":\"Home\",\"item\":\"https:\\\/\\\/www.lovendal.ro\\\/wp52\\\/\"},{\"@type\":\"ListItem\",\"position\":2,\"name\":\"Solda\u0163i romani fantom\u0103 de acum 1700 ani, v\u0103zu\u0163i \u00een prezent\"}]},{\"@type\":\"WebSite\",\"@id\":\"https:\\\/\\\/www.lovendal.ro\\\/wp52\\\/#website\",\"url\":\"https:\\\/\\\/www.lovendal.ro\\\/wp52\\\/\",\"name\":\"Secretele lui Lovendal\",\"description\":\"Site de secrete, stiinta si metafizica - din 2008 -\",\"publisher\":{\"@id\":\"https:\\\/\\\/www.lovendal.ro\\\/wp52\\\/#organization\"},\"potentialAction\":[{\"@type\":\"SearchAction\",\"target\":{\"@type\":\"EntryPoint\",\"urlTemplate\":\"https:\\\/\\\/www.lovendal.ro\\\/wp52\\\/?s={search_term_string}\"},\"query-input\":{\"@type\":\"PropertyValueSpecification\",\"valueRequired\":true,\"valueName\":\"search_term_string\"}}],\"inLanguage\":\"ro-RO\"},{\"@type\":\"Organization\",\"@id\":\"https:\\\/\\\/www.lovendal.ro\\\/wp52\\\/#organization\",\"name\":\"Secretele lui Lovendal\",\"url\":\"https:\\\/\\\/www.lovendal.ro\\\/wp52\\\/\",\"logo\":{\"@type\":\"ImageObject\",\"inLanguage\":\"ro-RO\",\"@id\":\"https:\\\/\\\/www.lovendal.ro\\\/wp52\\\/#\\\/schema\\\/logo\\\/image\\\/\",\"url\":\"https:\\\/\\\/www.lovendal.ro\\\/wp52\\\/wp-content\\\/uploads\\\/2024\\\/06\\\/cropped-SLL-iun-2024-1.jpg\",\"contentUrl\":\"https:\\\/\\\/www.lovendal.ro\\\/wp52\\\/wp-content\\\/uploads\\\/2024\\\/06\\\/cropped-SLL-iun-2024-1.jpg\",\"width\":771,\"height\":240,\"caption\":\"Secretele lui Lovendal\"},\"image\":{\"@id\":\"https:\\\/\\\/www.lovendal.ro\\\/wp52\\\/#\\\/schema\\\/logo\\\/image\\\/\"},\"sameAs\":[\"https:\\\/\\\/www.facebook.com\\\/secreteleluilovendal\"]},{\"@type\":\"Person\",\"@id\":\"https:\\\/\\\/www.lovendal.ro\\\/wp52\\\/#\\\/schema\\\/person\\\/088691de5dfc346bb0c023e1e52ef5d9\",\"name\":\"admin\",\"image\":{\"@type\":\"ImageObject\",\"inLanguage\":\"ro-RO\",\"@id\":\"https:\\\/\\\/secure.gravatar.com\\\/avatar\\\/ecb9cd41f5f63c9c9b989999a59f6e2639a865ec361e9db054db0679a8f341c2?s=96&d=mm&r=g\",\"url\":\"https:\\\/\\\/secure.gravatar.com\\\/avatar\\\/ecb9cd41f5f63c9c9b989999a59f6e2639a865ec361e9db054db0679a8f341c2?s=96&d=mm&r=g\",\"contentUrl\":\"https:\\\/\\\/secure.gravatar.com\\\/avatar\\\/ecb9cd41f5f63c9c9b989999a59f6e2639a865ec361e9db054db0679a8f341c2?s=96&d=mm&r=g\",\"caption\":\"admin\"},\"sameAs\":[\"https:\\\/\\\/www.lovendal.ro\\\/wp52\"]}]}<\/script>\n<!-- \/ Yoast SEO Premium plugin. -->","yoast_head_json":{"title":"Solda\u0163i romani fantom\u0103 de acum 1700 ani, v\u0103zu\u0163i \u00een prezent - Secretele lui Lovendal","robots":{"index":"index","follow":"follow","max-snippet":"max-snippet:-1","max-image-preview":"max-image-preview:large","max-video-preview":"max-video-preview:-1"},"canonical":"https:\/\/www.lovendal.ro\/wp52\/soldati-romani-fantoma-de-acum-1700-ani-vazuti-in-prezent\/","og_locale":"ro_RO","og_type":"article","og_title":"Solda\u0163i romani fantom\u0103 de acum 1700 ani, v\u0103zu\u0163i \u00een prezent","og_description":"Iat\u0103 o relatare foarte stranie, petrecut\u0103 \u00een Algeria. Persoanele aflate \u00eentr-un autobuz &#8222;plin ochi&#8221; au cobor\u00e2t ca s\u0103 se \u00eent\u00e2lneasc\u0103 cu ghidul, pentru a vizita ruinele ora\u015fului algerian Blida, din secolul al III-lea&#8230; \u00cen acel moment, \u015fi-a f\u0103cut apari\u0163ia o ... Cititi mai multe","og_url":"https:\/\/www.lovendal.ro\/wp52\/soldati-romani-fantoma-de-acum-1700-ani-vazuti-in-prezent\/","og_site_name":"Secretele lui Lovendal","article_publisher":"https:\/\/www.facebook.com\/secreteleluilovendal","article_published_time":"2009-01-11T06:49:07+00:00","article_modified_time":"2009-01-12T05:41:24+00:00","og_image":[{"width":500,"height":299,"url":"https:\/\/www.lovendal.ro\/wp52\/wp-content\/uploads\/2009\/01\/soldati-romani.jpg","type":"image\/jpeg"}],"author":"admin","twitter_card":"summary_large_image","twitter_misc":{"Scris de":"admin","Timp estimat pentru citire":"2 minute"},"schema":{"@context":"https:\/\/schema.org","@graph":[{"@type":"Article","@id":"https:\/\/www.lovendal.ro\/wp52\/soldati-romani-fantoma-de-acum-1700-ani-vazuti-in-prezent\/#article","isPartOf":{"@id":"https:\/\/www.lovendal.ro\/wp52\/soldati-romani-fantoma-de-acum-1700-ani-vazuti-in-prezent\/"},"author":{"name":"admin","@id":"https:\/\/www.lovendal.ro\/wp52\/#\/schema\/person\/088691de5dfc346bb0c023e1e52ef5d9"},"headline":"Solda\u0163i romani fantom\u0103 de acum 1700 ani, v\u0103zu\u0163i \u00een prezent","datePublished":"2009-01-11T06:49:07+00:00","dateModified":"2009-01-12T05:41:24+00:00","mainEntityOfPage":{"@id":"https:\/\/www.lovendal.ro\/wp52\/soldati-romani-fantoma-de-acum-1700-ani-vazuti-in-prezent\/"},"wordCount":496,"commentCount":2,"publisher":{"@id":"https:\/\/www.lovendal.ro\/wp52\/#organization"},"image":{"@id":"https:\/\/www.lovendal.ro\/wp52\/soldati-romani-fantoma-de-acum-1700-ani-vazuti-in-prezent\/#primaryimage"},"thumbnailUrl":"https:\/\/www.lovendal.ro\/wp52\/wp-content\/uploads\/2009\/01\/soldati-romani.jpg","keywords":["Algeria","fantome","Paranormal-Spiritualitate","romani","solda\u0163i"],"articleSection":["Paranormal-Spiritualitate"],"inLanguage":"ro-RO","potentialAction":[{"@type":"CommentAction","name":"Comment","target":["https:\/\/www.lovendal.ro\/wp52\/soldati-romani-fantoma-de-acum-1700-ani-vazuti-in-prezent\/#respond"]}]},{"@type":"WebPage","@id":"https:\/\/www.lovendal.ro\/wp52\/soldati-romani-fantoma-de-acum-1700-ani-vazuti-in-prezent\/","url":"https:\/\/www.lovendal.ro\/wp52\/soldati-romani-fantoma-de-acum-1700-ani-vazuti-in-prezent\/","name":"Solda\u0163i romani fantom\u0103 de acum 1700 ani, v\u0103zu\u0163i \u00een prezent - Secretele lui Lovendal","isPartOf":{"@id":"https:\/\/www.lovendal.ro\/wp52\/#website"},"primaryImageOfPage":{"@id":"https:\/\/www.lovendal.ro\/wp52\/soldati-romani-fantoma-de-acum-1700-ani-vazuti-in-prezent\/#primaryimage"},"image":{"@id":"https:\/\/www.lovendal.ro\/wp52\/soldati-romani-fantoma-de-acum-1700-ani-vazuti-in-prezent\/#primaryimage"},"thumbnailUrl":"https:\/\/www.lovendal.ro\/wp52\/wp-content\/uploads\/2009\/01\/soldati-romani.jpg","datePublished":"2009-01-11T06:49:07+00:00","dateModified":"2009-01-12T05:41:24+00:00","breadcrumb":{"@id":"https:\/\/www.lovendal.ro\/wp52\/soldati-romani-fantoma-de-acum-1700-ani-vazuti-in-prezent\/#breadcrumb"},"inLanguage":"ro-RO","potentialAction":[{"@type":"ReadAction","target":["https:\/\/www.lovendal.ro\/wp52\/soldati-romani-fantoma-de-acum-1700-ani-vazuti-in-prezent\/"]}]},{"@type":"ImageObject","inLanguage":"ro-RO","@id":"https:\/\/www.lovendal.ro\/wp52\/soldati-romani-fantoma-de-acum-1700-ani-vazuti-in-prezent\/#primaryimage","url":"https:\/\/www.lovendal.ro\/wp52\/wp-content\/uploads\/2009\/01\/soldati-romani.jpg","contentUrl":"https:\/\/www.lovendal.ro\/wp52\/wp-content\/uploads\/2009\/01\/soldati-romani.jpg","width":"500","height":"299"},{"@type":"BreadcrumbList","@id":"https:\/\/www.lovendal.ro\/wp52\/soldati-romani-fantoma-de-acum-1700-ani-vazuti-in-prezent\/#breadcrumb","itemListElement":[{"@type":"ListItem","position":1,"name":"Home","item":"https:\/\/www.lovendal.ro\/wp52\/"},{"@type":"ListItem","position":2,"name":"Solda\u0163i romani fantom\u0103 de acum 1700 ani, v\u0103zu\u0163i \u00een prezent"}]},{"@type":"WebSite","@id":"https:\/\/www.lovendal.ro\/wp52\/#website","url":"https:\/\/www.lovendal.ro\/wp52\/","name":"Secretele lui Lovendal","description":"Site de secrete, stiinta si metafizica - din 2008 -","publisher":{"@id":"https:\/\/www.lovendal.ro\/wp52\/#organization"},"potentialAction":[{"@type":"SearchAction","target":{"@type":"EntryPoint","urlTemplate":"https:\/\/www.lovendal.ro\/wp52\/?s={search_term_string}"},"query-input":{"@type":"PropertyValueSpecification","valueRequired":true,"valueName":"search_term_string"}}],"inLanguage":"ro-RO"},{"@type":"Organization","@id":"https:\/\/www.lovendal.ro\/wp52\/#organization","name":"Secretele lui Lovendal","url":"https:\/\/www.lovendal.ro\/wp52\/","logo":{"@type":"ImageObject","inLanguage":"ro-RO","@id":"https:\/\/www.lovendal.ro\/wp52\/#\/schema\/logo\/image\/","url":"https:\/\/www.lovendal.ro\/wp52\/wp-content\/uploads\/2024\/06\/cropped-SLL-iun-2024-1.jpg","contentUrl":"https:\/\/www.lovendal.ro\/wp52\/wp-content\/uploads\/2024\/06\/cropped-SLL-iun-2024-1.jpg","width":771,"height":240,"caption":"Secretele lui Lovendal"},"image":{"@id":"https:\/\/www.lovendal.ro\/wp52\/#\/schema\/logo\/image\/"},"sameAs":["https:\/\/www.facebook.com\/secreteleluilovendal"]},{"@type":"Person","@id":"https:\/\/www.lovendal.ro\/wp52\/#\/schema\/person\/088691de5dfc346bb0c023e1e52ef5d9","name":"admin","image":{"@type":"ImageObject","inLanguage":"ro-RO","@id":"https:\/\/secure.gravatar.com\/avatar\/ecb9cd41f5f63c9c9b989999a59f6e2639a865ec361e9db054db0679a8f341c2?s=96&d=mm&r=g","url":"https:\/\/secure.gravatar.com\/avatar\/ecb9cd41f5f63c9c9b989999a59f6e2639a865ec361e9db054db0679a8f341c2?s=96&d=mm&r=g","contentUrl":"https:\/\/secure.gravatar.com\/avatar\/ecb9cd41f5f63c9c9b989999a59f6e2639a865ec361e9db054db0679a8f341c2?s=96&d=mm&r=g","caption":"admin"},"sameAs":["https:\/\/www.lovendal.ro\/wp52"]}]}},"_links":{"self":[{"href":"https:\/\/www.lovendal.ro\/wp52\/wp-json\/wp\/v2\/posts\/2514","targetHints":{"allow":["GET"]}}],"collection":[{"href":"https:\/\/www.lovendal.ro\/wp52\/wp-json\/wp\/v2\/posts"}],"about":[{"href":"https:\/\/www.lovendal.ro\/wp52\/wp-json\/wp\/v2\/types\/post"}],"author":[{"embeddable":true,"href":"https:\/\/www.lovendal.ro\/wp52\/wp-json\/wp\/v2\/users\/1"}],"replies":[{"embeddable":true,"href":"https:\/\/www.lovendal.ro\/wp52\/wp-json\/wp\/v2\/comments?post=2514"}],"version-history":[{"count":0,"href":"https:\/\/www.lovendal.ro\/wp52\/wp-json\/wp\/v2\/posts\/2514\/revisions"}],"wp:featuredmedia":[{"embeddable":true,"href":"https:\/\/www.lovendal.ro\/wp52\/wp-json\/wp\/v2\/media\/2515"}],"wp:attachment":[{"href":"https:\/\/www.lovendal.ro\/wp52\/wp-json\/wp\/v2\/media?parent=2514"}],"wp:term":[{"taxonomy":"category","embeddable":true,"href":"https:\/\/www.lovendal.ro\/wp52\/wp-json\/wp\/v2\/categories?post=2514"},{"taxonomy":"post_tag","embeddable":true,"href":"https:\/\/www.lovendal.ro\/wp52\/wp-json\/wp\/v2\/tags?post=2514"}],"curies":[{"name":"wp","href":"https:\/\/api.w.org\/{rel}","templated":true}]}}