{"id":25030,"date":"2012-09-18T23:20:32","date_gmt":"2012-09-18T20:20:32","guid":{"rendered":"http:\/\/www.lovendal.net\/wp52\/?p=25030"},"modified":"2012-09-18T23:22:03","modified_gmt":"2012-09-18T20:22:03","slug":"olof-palme-fostul-premier-suedez-asasinat-in-1986-a-avut-stranse-legaturi-cu-kgb","status":"publish","type":"post","link":"https:\/\/www.lovendal.ro\/wp52\/olof-palme-fostul-premier-suedez-asasinat-in-1986-a-avut-stranse-legaturi-cu-kgb\/","title":{"rendered":"Olof Palme, fostul premier suedez, asasinat \u00een 1986, a avut str\u00e2nse leg\u0103turi cu KGB?"},"content":{"rendered":"<p><a href=\"https:\/\/www.lovendal.ro\/wp52\/wp-content\/uploads\/2012\/09\/Olof-Palme.jpg\"><img loading=\"lazy\" decoding=\"async\" class=\"alignleft size-full wp-image-25031\" title=\"Olof Palme\" src=\"https:\/\/www.lovendal.ro\/wp52\/wp-content\/uploads\/2012\/09\/Olof-Palme.jpg\" alt=\"\" width=\"308\" height=\"205\" srcset=\"https:\/\/www.lovendal.ro\/wp52\/wp-content\/uploads\/2012\/09\/Olof-Palme.jpg 308w, https:\/\/www.lovendal.ro\/wp52\/wp-content\/uploads\/2012\/09\/Olof-Palme-300x199.jpg 300w\" sizes=\"auto, (max-width: 308px) 100vw, 308px\" \/><\/a>F\u0103r\u0103 \u00eendoial\u0103 c\u0103 Sven Olof Joachim Palme (1927 -1986), prim-ministrul Suediei, a fost una din cele mai controversate personalit\u0103\u0163i politice ale scenei interna\u0163ionale a vremii sale: critic al r\u0103zboiului SUA din Vietnam, dar \u015fi al interven\u0163iei trupelor Tratatului de la Var\u015fovia, din 1968, \u00een Cehoslovacia, opozant fa\u0163\u0103 de regimul lui Franco din Spania, a acceptat \u00eens\u0103 s\u0103 se \u00eent\u00e2lneasc\u0103 cu Fidel Castro. Nu trebuie trecute cu vederea apelurile sale adresate Occidentului pentru reducerea cheltuielilor de \u00eenarmare, ca \u015fi sprijinul acordat \u201ecauzelor progresiste&#8221; din Lumea a Treia.<\/p>\n<p>La dispari\u0163ia sa de pe scena politic\u0103, survenit\u0103 \u00een urma unui asasinat din 1986, lui Palme i s-a imputat c\u0103 ar fi dus o politic\u0103 prosovietic\u0103, uneori chiar \u00een contradic\u0163ie cu interesele \u0163\u0103rii sale. De fapt, scopul uneia din vizitele primului-ministru la Moscova a avut drept scop de a discuta unele probleme nevralgice ale rela\u0163iei cu fosta URSS, \u00eentre care incursiunile submarinelor sovietice \u00een apele teritoriale ale Suediei.<\/p>\n<p>Aceste incursiuni demonstrau interesul URSS pentru activit\u0103\u0163ile informative care priveau Suedia, datorit\u0103 pozi\u0163iei sale geopolitice, concretizat \u015fi \u00een atitudinea fa\u0163\u0103 de Palme \u015fi \u00een unele propuneri ale rezidenturii KGB din cadrul Ambasadei URSS din Suedia.<\/p>\n<p>Urmare la acestea, KGB ini\u0163iaz\u0103 un plan pentru recrutarea lui Palme ca agent de influen\u0163are. Pentru a-i capta interesul \u015fi a-l atrage, \u00een 1972, este desemnat ca \u015fef al agen\u0163iei &#8222;Novosti&#8221; de la Stockholm ziaristul N.V. Neyla, agent KGB de origine lituanian\u0103 (din aceea\u015fi zon\u0103 din care era \u015fi mama lui Palme) \u015fi bun vorbitor de limb\u0103 suedez\u0103.<\/p>\n<p>Simpatic \u015fi inteligent, dar mai ales bine preg\u0103tit de KGB, Neyl reu\u015fe\u015fte s\u0103 stabileasc\u0103 rela\u0163ii de prietenie cu unul dintre consilierii primului ministru iar, ulterior, s\u0103 devin\u0103 amicul lui O. Palme. Am\u0103nuntele viz\u00e2nd originea lituanian\u0103 comun\u0103 \u015fi cele referitoare la prezentarea politicii URSS. \u00eentr-o manier\u0103 care s\u0103 duc\u0103 la c\u00e2\u015ftigarea simpatiei sale au avut un rol determinant \u00een acest sens. Ca urmare, \u00een 1976, Palme p\u0103rea s\u0103 acorde preferin\u0163\u0103 politicii sovietice \u00een defavoarea celei americane, mai ales \u00een problema r\u0103cii \u015fi dezarm\u0103rii. \u00abComisia Palme\u00bb, instituit\u0103 \u00een 1980, \u00een scopul examin\u0103rii chestiunii dezarm\u0103rii, a primit o \u00eenalt\u0103 apreciere din partea Moscovei datorat\u0103 criticii \u00eendreptate \u00eempotriva pozi\u0163iei americane.<\/p>\n<p>\u00cen lipsa unor m\u0103rturii documentare, r\u0103m\u00e2ne nel\u0103murit faptul dac\u0103 Palme a acceptat, \u00een mod con\u015ftient, s\u0103 joace rolul unui &#8222;agent de influen\u0163are&#8221; sau asemenea atitudini se datorau convingerilor sale politice. A\u015fa cum nel\u0103murite au r\u0103mas \u00eemprejur\u0103rile \u015fi interesele politice care au stat \u00een spatele asasinatului a c\u0103rui victim\u0103 a c\u0103zut Palme, la 28 februarie 1986.<\/p>\n<p>La Moscova, o strad\u0103 a primit numele prim-ministrului Suediei. Dar, despre asasinarea lui Olof Palme, una dintre cele mai mari tragedii ale secolului al XX-lea, al\u0103turi de uciderea pre\u015fedintelui american Kennedy \u015fi a c\u00e2nt\u0103re\u0163ului John Lennon, poate voi vorbi \u00eentr-un articol separat.<\/p>\n","protected":false},"excerpt":{"rendered":"<p>F\u0103r\u0103 \u00eendoial\u0103 c\u0103 Sven Olof Joachim Palme (1927 -1986), prim-ministrul Suediei, a fost una din cele mai controversate personalit\u0103\u0163i politice ale scenei interna\u0163ionale a vremii sale: critic al r\u0103zboiului SUA din Vietnam, dar \u015fi al interven\u0163iei trupelor Tratatului de la &#8230; <\/p>\n<p class=\"read-more-container\"><a title=\"Olof Palme, fostul premier suedez, asasinat \u00een 1986, a avut str\u00e2nse leg\u0103turi cu KGB?\" class=\"read-more button\" href=\"https:\/\/www.lovendal.ro\/wp52\/olof-palme-fostul-premier-suedez-asasinat-in-1986-a-avut-stranse-legaturi-cu-kgb\/#more-25030\" aria-label=\"Cite\u0219te mai multe despre Olof Palme, fostul premier suedez, asasinat \u00een 1986, a avut str\u00e2nse leg\u0103turi cu KGB?\">Cititi mai multe<\/a><\/p>\n","protected":false},"author":1,"featured_media":25031,"comment_status":"open","ping_status":"closed","sticky":false,"template":"","format":"standard","meta":{"footnotes":""},"categories":[9],"tags":[2720,191,4648,1532,246,78,251,1244,190,531,1752,318,1802,23,1123,5598,298],"class_list":["post-25030","post","type-post","status-publish","format-standard","has-post-thumbnail","hentry","category-istorie","tag-ambasada","tag-asasinat","tag-cehoslovacia","tag-istorie-si-civilizatii","tag-john-lennon","tag-kennedy","tag-kgb","tag-olof-palme","tag-presedinte","tag-prim-ministru","tag-razboiul-din-vietnam","tag-spania","tag-spion","tag-sua","tag-suedia","tag-tratatul-de-la-varsovia","tag-urss","resize-featured-image"],"yoast_head":"<!-- This site is optimized with the Yoast SEO Premium plugin v23.3 (Yoast SEO v27.4) - https:\/\/yoast.com\/product\/yoast-seo-premium-wordpress\/ -->\n<title>Olof Palme, fostul premier suedez, asasinat \u00een 1986, a avut str\u00e2nse leg\u0103turi cu KGB?  - Secretele lui Lovendal<\/title>\n<meta name=\"robots\" content=\"index, follow, max-snippet:-1, max-image-preview:large, max-video-preview:-1\" \/>\n<link rel=\"canonical\" href=\"https:\/\/www.lovendal.ro\/wp52\/olof-palme-fostul-premier-suedez-asasinat-in-1986-a-avut-stranse-legaturi-cu-kgb\/\" \/>\n<meta property=\"og:locale\" content=\"ro_RO\" \/>\n<meta property=\"og:type\" content=\"article\" \/>\n<meta property=\"og:title\" content=\"Olof Palme, fostul premier suedez, asasinat \u00een 1986, a avut str\u00e2nse leg\u0103turi cu KGB?\" \/>\n<meta property=\"og:description\" content=\"F\u0103r\u0103 \u00eendoial\u0103 c\u0103 Sven Olof Joachim Palme (1927 -1986), prim-ministrul Suediei, a fost una din cele mai controversate personalit\u0103\u0163i politice ale scenei interna\u0163ionale a vremii sale: critic al r\u0103zboiului SUA din Vietnam, dar \u015fi al interven\u0163iei trupelor Tratatului de la ... Cititi mai multe\" \/>\n<meta property=\"og:url\" content=\"https:\/\/www.lovendal.ro\/wp52\/olof-palme-fostul-premier-suedez-asasinat-in-1986-a-avut-stranse-legaturi-cu-kgb\/\" \/>\n<meta property=\"og:site_name\" content=\"Secretele lui Lovendal\" \/>\n<meta property=\"article:publisher\" content=\"https:\/\/www.facebook.com\/secreteleluilovendal\" \/>\n<meta property=\"article:published_time\" content=\"2012-09-18T20:20:32+00:00\" \/>\n<meta property=\"article:modified_time\" content=\"2012-09-18T20:22:03+00:00\" \/>\n<meta property=\"og:image\" content=\"https:\/\/www.lovendal.ro\/wp52\/wp-content\/uploads\/2012\/09\/Olof-Palme.jpg\" \/>\n\t<meta property=\"og:image:width\" content=\"308\" \/>\n\t<meta property=\"og:image:height\" content=\"205\" \/>\n\t<meta property=\"og:image:type\" content=\"image\/jpeg\" \/>\n<meta name=\"author\" content=\"admin\" \/>\n<meta name=\"twitter:card\" content=\"summary_large_image\" \/>\n<meta name=\"twitter:label1\" content=\"Scris de\" \/>\n\t<meta name=\"twitter:data1\" content=\"admin\" \/>\n\t<meta name=\"twitter:label2\" content=\"Timp estimat pentru citire\" \/>\n\t<meta name=\"twitter:data2\" content=\"2 minute\" \/>\n<script type=\"application\/ld+json\" class=\"yoast-schema-graph\">{\"@context\":\"https:\\\/\\\/schema.org\",\"@graph\":[{\"@type\":\"Article\",\"@id\":\"https:\\\/\\\/www.lovendal.ro\\\/wp52\\\/olof-palme-fostul-premier-suedez-asasinat-in-1986-a-avut-stranse-legaturi-cu-kgb\\\/#article\",\"isPartOf\":{\"@id\":\"https:\\\/\\\/www.lovendal.ro\\\/wp52\\\/olof-palme-fostul-premier-suedez-asasinat-in-1986-a-avut-stranse-legaturi-cu-kgb\\\/\"},\"author\":{\"name\":\"admin\",\"@id\":\"https:\\\/\\\/www.lovendal.ro\\\/wp52\\\/#\\\/schema\\\/person\\\/088691de5dfc346bb0c023e1e52ef5d9\"},\"headline\":\"Olof Palme, fostul premier suedez, asasinat \u00een 1986, a avut str\u00e2nse leg\u0103turi cu KGB?\",\"datePublished\":\"2012-09-18T20:20:32+00:00\",\"dateModified\":\"2012-09-18T20:22:03+00:00\",\"mainEntityOfPage\":{\"@id\":\"https:\\\/\\\/www.lovendal.ro\\\/wp52\\\/olof-palme-fostul-premier-suedez-asasinat-in-1986-a-avut-stranse-legaturi-cu-kgb\\\/\"},\"wordCount\":504,\"commentCount\":0,\"publisher\":{\"@id\":\"https:\\\/\\\/www.lovendal.ro\\\/wp52\\\/#organization\"},\"image\":{\"@id\":\"https:\\\/\\\/www.lovendal.ro\\\/wp52\\\/olof-palme-fostul-premier-suedez-asasinat-in-1986-a-avut-stranse-legaturi-cu-kgb\\\/#primaryimage\"},\"thumbnailUrl\":\"https:\\\/\\\/www.lovendal.ro\\\/wp52\\\/wp-content\\\/uploads\\\/2012\\\/09\\\/Olof-Palme.jpg\",\"keywords\":[\"ambasad\u0103\",\"asasinat\",\"Cehoslovacia\",\"Istorie si Civilizatii\",\"John Lennon\",\"Kennedy\",\"KGB\",\"Olof Palme\",\"pre\u015fedinte\",\"prim-ministru\",\"r\u0103zboiul din Vietnam\",\"Spania\",\"spion\",\"SUA\",\"Suedia\",\"tratatul de la Var\u015fovia\",\"URSS\"],\"articleSection\":[\"Istorie si Civilizatii\"],\"inLanguage\":\"ro-RO\",\"potentialAction\":[{\"@type\":\"CommentAction\",\"name\":\"Comment\",\"target\":[\"https:\\\/\\\/www.lovendal.ro\\\/wp52\\\/olof-palme-fostul-premier-suedez-asasinat-in-1986-a-avut-stranse-legaturi-cu-kgb\\\/#respond\"]}]},{\"@type\":\"WebPage\",\"@id\":\"https:\\\/\\\/www.lovendal.ro\\\/wp52\\\/olof-palme-fostul-premier-suedez-asasinat-in-1986-a-avut-stranse-legaturi-cu-kgb\\\/\",\"url\":\"https:\\\/\\\/www.lovendal.ro\\\/wp52\\\/olof-palme-fostul-premier-suedez-asasinat-in-1986-a-avut-stranse-legaturi-cu-kgb\\\/\",\"name\":\"Olof Palme, fostul premier suedez, asasinat \u00een 1986, a avut str\u00e2nse leg\u0103turi cu KGB? - Secretele lui Lovendal\",\"isPartOf\":{\"@id\":\"https:\\\/\\\/www.lovendal.ro\\\/wp52\\\/#website\"},\"primaryImageOfPage\":{\"@id\":\"https:\\\/\\\/www.lovendal.ro\\\/wp52\\\/olof-palme-fostul-premier-suedez-asasinat-in-1986-a-avut-stranse-legaturi-cu-kgb\\\/#primaryimage\"},\"image\":{\"@id\":\"https:\\\/\\\/www.lovendal.ro\\\/wp52\\\/olof-palme-fostul-premier-suedez-asasinat-in-1986-a-avut-stranse-legaturi-cu-kgb\\\/#primaryimage\"},\"thumbnailUrl\":\"https:\\\/\\\/www.lovendal.ro\\\/wp52\\\/wp-content\\\/uploads\\\/2012\\\/09\\\/Olof-Palme.jpg\",\"datePublished\":\"2012-09-18T20:20:32+00:00\",\"dateModified\":\"2012-09-18T20:22:03+00:00\",\"breadcrumb\":{\"@id\":\"https:\\\/\\\/www.lovendal.ro\\\/wp52\\\/olof-palme-fostul-premier-suedez-asasinat-in-1986-a-avut-stranse-legaturi-cu-kgb\\\/#breadcrumb\"},\"inLanguage\":\"ro-RO\",\"potentialAction\":[{\"@type\":\"ReadAction\",\"target\":[\"https:\\\/\\\/www.lovendal.ro\\\/wp52\\\/olof-palme-fostul-premier-suedez-asasinat-in-1986-a-avut-stranse-legaturi-cu-kgb\\\/\"]}]},{\"@type\":\"ImageObject\",\"inLanguage\":\"ro-RO\",\"@id\":\"https:\\\/\\\/www.lovendal.ro\\\/wp52\\\/olof-palme-fostul-premier-suedez-asasinat-in-1986-a-avut-stranse-legaturi-cu-kgb\\\/#primaryimage\",\"url\":\"https:\\\/\\\/www.lovendal.ro\\\/wp52\\\/wp-content\\\/uploads\\\/2012\\\/09\\\/Olof-Palme.jpg\",\"contentUrl\":\"https:\\\/\\\/www.lovendal.ro\\\/wp52\\\/wp-content\\\/uploads\\\/2012\\\/09\\\/Olof-Palme.jpg\",\"width\":\"308\",\"height\":\"205\"},{\"@type\":\"BreadcrumbList\",\"@id\":\"https:\\\/\\\/www.lovendal.ro\\\/wp52\\\/olof-palme-fostul-premier-suedez-asasinat-in-1986-a-avut-stranse-legaturi-cu-kgb\\\/#breadcrumb\",\"itemListElement\":[{\"@type\":\"ListItem\",\"position\":1,\"name\":\"Home\",\"item\":\"https:\\\/\\\/www.lovendal.ro\\\/wp52\\\/\"},{\"@type\":\"ListItem\",\"position\":2,\"name\":\"Olof Palme, fostul premier suedez, asasinat \u00een 1986, a avut str\u00e2nse leg\u0103turi cu KGB?\"}]},{\"@type\":\"WebSite\",\"@id\":\"https:\\\/\\\/www.lovendal.ro\\\/wp52\\\/#website\",\"url\":\"https:\\\/\\\/www.lovendal.ro\\\/wp52\\\/\",\"name\":\"Secretele lui Lovendal\",\"description\":\"Site de secrete, stiinta si metafizica - din 2008 -\",\"publisher\":{\"@id\":\"https:\\\/\\\/www.lovendal.ro\\\/wp52\\\/#organization\"},\"potentialAction\":[{\"@type\":\"SearchAction\",\"target\":{\"@type\":\"EntryPoint\",\"urlTemplate\":\"https:\\\/\\\/www.lovendal.ro\\\/wp52\\\/?s={search_term_string}\"},\"query-input\":{\"@type\":\"PropertyValueSpecification\",\"valueRequired\":true,\"valueName\":\"search_term_string\"}}],\"inLanguage\":\"ro-RO\"},{\"@type\":\"Organization\",\"@id\":\"https:\\\/\\\/www.lovendal.ro\\\/wp52\\\/#organization\",\"name\":\"Secretele lui Lovendal\",\"url\":\"https:\\\/\\\/www.lovendal.ro\\\/wp52\\\/\",\"logo\":{\"@type\":\"ImageObject\",\"inLanguage\":\"ro-RO\",\"@id\":\"https:\\\/\\\/www.lovendal.ro\\\/wp52\\\/#\\\/schema\\\/logo\\\/image\\\/\",\"url\":\"https:\\\/\\\/www.lovendal.ro\\\/wp52\\\/wp-content\\\/uploads\\\/2024\\\/06\\\/cropped-SLL-iun-2024-1.jpg\",\"contentUrl\":\"https:\\\/\\\/www.lovendal.ro\\\/wp52\\\/wp-content\\\/uploads\\\/2024\\\/06\\\/cropped-SLL-iun-2024-1.jpg\",\"width\":771,\"height\":240,\"caption\":\"Secretele lui Lovendal\"},\"image\":{\"@id\":\"https:\\\/\\\/www.lovendal.ro\\\/wp52\\\/#\\\/schema\\\/logo\\\/image\\\/\"},\"sameAs\":[\"https:\\\/\\\/www.facebook.com\\\/secreteleluilovendal\"]},{\"@type\":\"Person\",\"@id\":\"https:\\\/\\\/www.lovendal.ro\\\/wp52\\\/#\\\/schema\\\/person\\\/088691de5dfc346bb0c023e1e52ef5d9\",\"name\":\"admin\",\"image\":{\"@type\":\"ImageObject\",\"inLanguage\":\"ro-RO\",\"@id\":\"https:\\\/\\\/secure.gravatar.com\\\/avatar\\\/ecb9cd41f5f63c9c9b989999a59f6e2639a865ec361e9db054db0679a8f341c2?s=96&d=mm&r=g\",\"url\":\"https:\\\/\\\/secure.gravatar.com\\\/avatar\\\/ecb9cd41f5f63c9c9b989999a59f6e2639a865ec361e9db054db0679a8f341c2?s=96&d=mm&r=g\",\"contentUrl\":\"https:\\\/\\\/secure.gravatar.com\\\/avatar\\\/ecb9cd41f5f63c9c9b989999a59f6e2639a865ec361e9db054db0679a8f341c2?s=96&d=mm&r=g\",\"caption\":\"admin\"},\"sameAs\":[\"https:\\\/\\\/www.lovendal.ro\\\/wp52\"]}]}<\/script>\n<!-- \/ Yoast SEO Premium plugin. -->","yoast_head_json":{"title":"Olof Palme, fostul premier suedez, asasinat \u00een 1986, a avut str\u00e2nse leg\u0103turi cu KGB?  - Secretele lui Lovendal","robots":{"index":"index","follow":"follow","max-snippet":"max-snippet:-1","max-image-preview":"max-image-preview:large","max-video-preview":"max-video-preview:-1"},"canonical":"https:\/\/www.lovendal.ro\/wp52\/olof-palme-fostul-premier-suedez-asasinat-in-1986-a-avut-stranse-legaturi-cu-kgb\/","og_locale":"ro_RO","og_type":"article","og_title":"Olof Palme, fostul premier suedez, asasinat \u00een 1986, a avut str\u00e2nse leg\u0103turi cu KGB?","og_description":"F\u0103r\u0103 \u00eendoial\u0103 c\u0103 Sven Olof Joachim Palme (1927 -1986), prim-ministrul Suediei, a fost una din cele mai controversate personalit\u0103\u0163i politice ale scenei interna\u0163ionale a vremii sale: critic al r\u0103zboiului SUA din Vietnam, dar \u015fi al interven\u0163iei trupelor Tratatului de la ... Cititi mai multe","og_url":"https:\/\/www.lovendal.ro\/wp52\/olof-palme-fostul-premier-suedez-asasinat-in-1986-a-avut-stranse-legaturi-cu-kgb\/","og_site_name":"Secretele lui Lovendal","article_publisher":"https:\/\/www.facebook.com\/secreteleluilovendal","article_published_time":"2012-09-18T20:20:32+00:00","article_modified_time":"2012-09-18T20:22:03+00:00","og_image":[{"width":308,"height":205,"url":"https:\/\/www.lovendal.ro\/wp52\/wp-content\/uploads\/2012\/09\/Olof-Palme.jpg","type":"image\/jpeg"}],"author":"admin","twitter_card":"summary_large_image","twitter_misc":{"Scris de":"admin","Timp estimat pentru citire":"2 minute"},"schema":{"@context":"https:\/\/schema.org","@graph":[{"@type":"Article","@id":"https:\/\/www.lovendal.ro\/wp52\/olof-palme-fostul-premier-suedez-asasinat-in-1986-a-avut-stranse-legaturi-cu-kgb\/#article","isPartOf":{"@id":"https:\/\/www.lovendal.ro\/wp52\/olof-palme-fostul-premier-suedez-asasinat-in-1986-a-avut-stranse-legaturi-cu-kgb\/"},"author":{"name":"admin","@id":"https:\/\/www.lovendal.ro\/wp52\/#\/schema\/person\/088691de5dfc346bb0c023e1e52ef5d9"},"headline":"Olof Palme, fostul premier suedez, asasinat \u00een 1986, a avut str\u00e2nse leg\u0103turi cu KGB?","datePublished":"2012-09-18T20:20:32+00:00","dateModified":"2012-09-18T20:22:03+00:00","mainEntityOfPage":{"@id":"https:\/\/www.lovendal.ro\/wp52\/olof-palme-fostul-premier-suedez-asasinat-in-1986-a-avut-stranse-legaturi-cu-kgb\/"},"wordCount":504,"commentCount":0,"publisher":{"@id":"https:\/\/www.lovendal.ro\/wp52\/#organization"},"image":{"@id":"https:\/\/www.lovendal.ro\/wp52\/olof-palme-fostul-premier-suedez-asasinat-in-1986-a-avut-stranse-legaturi-cu-kgb\/#primaryimage"},"thumbnailUrl":"https:\/\/www.lovendal.ro\/wp52\/wp-content\/uploads\/2012\/09\/Olof-Palme.jpg","keywords":["ambasad\u0103","asasinat","Cehoslovacia","Istorie si Civilizatii","John Lennon","Kennedy","KGB","Olof Palme","pre\u015fedinte","prim-ministru","r\u0103zboiul din Vietnam","Spania","spion","SUA","Suedia","tratatul de la Var\u015fovia","URSS"],"articleSection":["Istorie si Civilizatii"],"inLanguage":"ro-RO","potentialAction":[{"@type":"CommentAction","name":"Comment","target":["https:\/\/www.lovendal.ro\/wp52\/olof-palme-fostul-premier-suedez-asasinat-in-1986-a-avut-stranse-legaturi-cu-kgb\/#respond"]}]},{"@type":"WebPage","@id":"https:\/\/www.lovendal.ro\/wp52\/olof-palme-fostul-premier-suedez-asasinat-in-1986-a-avut-stranse-legaturi-cu-kgb\/","url":"https:\/\/www.lovendal.ro\/wp52\/olof-palme-fostul-premier-suedez-asasinat-in-1986-a-avut-stranse-legaturi-cu-kgb\/","name":"Olof Palme, fostul premier suedez, asasinat \u00een 1986, a avut str\u00e2nse leg\u0103turi cu KGB? - Secretele lui Lovendal","isPartOf":{"@id":"https:\/\/www.lovendal.ro\/wp52\/#website"},"primaryImageOfPage":{"@id":"https:\/\/www.lovendal.ro\/wp52\/olof-palme-fostul-premier-suedez-asasinat-in-1986-a-avut-stranse-legaturi-cu-kgb\/#primaryimage"},"image":{"@id":"https:\/\/www.lovendal.ro\/wp52\/olof-palme-fostul-premier-suedez-asasinat-in-1986-a-avut-stranse-legaturi-cu-kgb\/#primaryimage"},"thumbnailUrl":"https:\/\/www.lovendal.ro\/wp52\/wp-content\/uploads\/2012\/09\/Olof-Palme.jpg","datePublished":"2012-09-18T20:20:32+00:00","dateModified":"2012-09-18T20:22:03+00:00","breadcrumb":{"@id":"https:\/\/www.lovendal.ro\/wp52\/olof-palme-fostul-premier-suedez-asasinat-in-1986-a-avut-stranse-legaturi-cu-kgb\/#breadcrumb"},"inLanguage":"ro-RO","potentialAction":[{"@type":"ReadAction","target":["https:\/\/www.lovendal.ro\/wp52\/olof-palme-fostul-premier-suedez-asasinat-in-1986-a-avut-stranse-legaturi-cu-kgb\/"]}]},{"@type":"ImageObject","inLanguage":"ro-RO","@id":"https:\/\/www.lovendal.ro\/wp52\/olof-palme-fostul-premier-suedez-asasinat-in-1986-a-avut-stranse-legaturi-cu-kgb\/#primaryimage","url":"https:\/\/www.lovendal.ro\/wp52\/wp-content\/uploads\/2012\/09\/Olof-Palme.jpg","contentUrl":"https:\/\/www.lovendal.ro\/wp52\/wp-content\/uploads\/2012\/09\/Olof-Palme.jpg","width":"308","height":"205"},{"@type":"BreadcrumbList","@id":"https:\/\/www.lovendal.ro\/wp52\/olof-palme-fostul-premier-suedez-asasinat-in-1986-a-avut-stranse-legaturi-cu-kgb\/#breadcrumb","itemListElement":[{"@type":"ListItem","position":1,"name":"Home","item":"https:\/\/www.lovendal.ro\/wp52\/"},{"@type":"ListItem","position":2,"name":"Olof Palme, fostul premier suedez, asasinat \u00een 1986, a avut str\u00e2nse leg\u0103turi cu KGB?"}]},{"@type":"WebSite","@id":"https:\/\/www.lovendal.ro\/wp52\/#website","url":"https:\/\/www.lovendal.ro\/wp52\/","name":"Secretele lui Lovendal","description":"Site de secrete, stiinta si metafizica - din 2008 -","publisher":{"@id":"https:\/\/www.lovendal.ro\/wp52\/#organization"},"potentialAction":[{"@type":"SearchAction","target":{"@type":"EntryPoint","urlTemplate":"https:\/\/www.lovendal.ro\/wp52\/?s={search_term_string}"},"query-input":{"@type":"PropertyValueSpecification","valueRequired":true,"valueName":"search_term_string"}}],"inLanguage":"ro-RO"},{"@type":"Organization","@id":"https:\/\/www.lovendal.ro\/wp52\/#organization","name":"Secretele lui Lovendal","url":"https:\/\/www.lovendal.ro\/wp52\/","logo":{"@type":"ImageObject","inLanguage":"ro-RO","@id":"https:\/\/www.lovendal.ro\/wp52\/#\/schema\/logo\/image\/","url":"https:\/\/www.lovendal.ro\/wp52\/wp-content\/uploads\/2024\/06\/cropped-SLL-iun-2024-1.jpg","contentUrl":"https:\/\/www.lovendal.ro\/wp52\/wp-content\/uploads\/2024\/06\/cropped-SLL-iun-2024-1.jpg","width":771,"height":240,"caption":"Secretele lui Lovendal"},"image":{"@id":"https:\/\/www.lovendal.ro\/wp52\/#\/schema\/logo\/image\/"},"sameAs":["https:\/\/www.facebook.com\/secreteleluilovendal"]},{"@type":"Person","@id":"https:\/\/www.lovendal.ro\/wp52\/#\/schema\/person\/088691de5dfc346bb0c023e1e52ef5d9","name":"admin","image":{"@type":"ImageObject","inLanguage":"ro-RO","@id":"https:\/\/secure.gravatar.com\/avatar\/ecb9cd41f5f63c9c9b989999a59f6e2639a865ec361e9db054db0679a8f341c2?s=96&d=mm&r=g","url":"https:\/\/secure.gravatar.com\/avatar\/ecb9cd41f5f63c9c9b989999a59f6e2639a865ec361e9db054db0679a8f341c2?s=96&d=mm&r=g","contentUrl":"https:\/\/secure.gravatar.com\/avatar\/ecb9cd41f5f63c9c9b989999a59f6e2639a865ec361e9db054db0679a8f341c2?s=96&d=mm&r=g","caption":"admin"},"sameAs":["https:\/\/www.lovendal.ro\/wp52"]}]}},"_links":{"self":[{"href":"https:\/\/www.lovendal.ro\/wp52\/wp-json\/wp\/v2\/posts\/25030","targetHints":{"allow":["GET"]}}],"collection":[{"href":"https:\/\/www.lovendal.ro\/wp52\/wp-json\/wp\/v2\/posts"}],"about":[{"href":"https:\/\/www.lovendal.ro\/wp52\/wp-json\/wp\/v2\/types\/post"}],"author":[{"embeddable":true,"href":"https:\/\/www.lovendal.ro\/wp52\/wp-json\/wp\/v2\/users\/1"}],"replies":[{"embeddable":true,"href":"https:\/\/www.lovendal.ro\/wp52\/wp-json\/wp\/v2\/comments?post=25030"}],"version-history":[{"count":0,"href":"https:\/\/www.lovendal.ro\/wp52\/wp-json\/wp\/v2\/posts\/25030\/revisions"}],"wp:featuredmedia":[{"embeddable":true,"href":"https:\/\/www.lovendal.ro\/wp52\/wp-json\/wp\/v2\/media\/25031"}],"wp:attachment":[{"href":"https:\/\/www.lovendal.ro\/wp52\/wp-json\/wp\/v2\/media?parent=25030"}],"wp:term":[{"taxonomy":"category","embeddable":true,"href":"https:\/\/www.lovendal.ro\/wp52\/wp-json\/wp\/v2\/categories?post=25030"},{"taxonomy":"post_tag","embeddable":true,"href":"https:\/\/www.lovendal.ro\/wp52\/wp-json\/wp\/v2\/tags?post=25030"}],"curies":[{"name":"wp","href":"https:\/\/api.w.org\/{rel}","templated":true}]}}