{"id":24866,"date":"2012-09-05T18:01:46","date_gmt":"2012-09-05T15:01:46","guid":{"rendered":"http:\/\/www.lovendal.net\/wp52\/?p=24866"},"modified":"2012-09-05T18:01:46","modified_gmt":"2012-09-05T15:01:46","slug":"ar-putea-ateii-sau-cei-ce-nu-cred-in-crestinism-sa-explice-aceasta-minune-din-anul-174-d-hr","status":"publish","type":"post","link":"https:\/\/www.lovendal.ro\/wp52\/ar-putea-ateii-sau-cei-ce-nu-cred-in-crestinism-sa-explice-aceasta-minune-din-anul-174-d-hr\/","title":{"rendered":"Ar putea ateii sau cei ce nu cred \u00een cre\u015ftinism s\u0103 explice aceast\u0103 minune din anul 174 d.Hr.?"},"content":{"rendered":"<p><a href=\"https:\/\/www.lovendal.ro\/wp52\/wp-content\/uploads\/2012\/09\/batalie-romana.jpg\"><img loading=\"lazy\" decoding=\"async\" class=\"alignleft size-full wp-image-24868\" title=\"batalie romana\" src=\"https:\/\/www.lovendal.ro\/wp52\/wp-content\/uploads\/2012\/09\/batalie-romana.jpg\" alt=\"\" width=\"318\" height=\"207\" srcset=\"https:\/\/www.lovendal.ro\/wp52\/wp-content\/uploads\/2012\/09\/batalie-romana.jpg 318w, https:\/\/www.lovendal.ro\/wp52\/wp-content\/uploads\/2012\/09\/batalie-romana-300x195.jpg 300w\" sizes=\"auto, (max-width: 318px) 100vw, 318px\" \/><\/a>Orice s-ar spune, cre\u015ftinii au fost ajuta\u0163i de for\u0163e divine \u00een istoria lor.<\/p>\n<p>\u00cen anul 174 d.Hr., \u00een timpul unei mari b\u0103t\u0103lii \u00eempotriva quadrilor, Marc Aureliu s-a temut pentru \u00eentreaga sa armat\u0103. Atunci, o legiune de cre\u015ftini s-a rugat lui Dumnezeu care le-a dat imediat ascultare, lovindu-l pe du\u015fman cu tr\u0103snete \u015fi pe romani \u00eenvior\u00e2ndu-i cu o ploaie u\u015foar\u0103. Marc Aureliu a fost at\u00e2t de uimit de acest lucru, \u00eenc\u00e2t nu numai c\u0103 i-a onorat pe cre\u015ftini printr-un decret imperial, dar chiar a dat acelei legiuni numele \u00abLegiunea Tr\u0103snetului\u00bb&#8230; Numeroase lovituri de tr\u0103snet au c\u0103zut asupra r\u00e2ndurilor du\u015fmanului, iar apa \u015fi focul venite deodat\u0103 din cer i-au nimicit pe barbari.<\/p>\n<p>Vreau s\u0103-i rog pe atei sau pe cei care nu cred \u00een cre\u015ftinism s\u0103 ne explice cum s-a produs aceast\u0103 minune. \u015etiin\u0163ific, pentru c\u0103 ei nu cred \u00een minuni.<\/p>\n","protected":false},"excerpt":{"rendered":"<p>Orice s-ar spune, cre\u015ftinii au fost ajuta\u0163i de for\u0163e divine \u00een istoria lor. \u00cen anul 174 d.Hr., \u00een timpul unei mari b\u0103t\u0103lii \u00eempotriva quadrilor, Marc Aureliu s-a temut pentru \u00eentreaga sa armat\u0103. Atunci, o legiune de cre\u015ftini s-a rugat lui &#8230; <\/p>\n<p class=\"read-more-container\"><a title=\"Ar putea ateii sau cei ce nu cred \u00een cre\u015ftinism s\u0103 explice aceast\u0103 minune din anul 174 d.Hr.?\" class=\"read-more button\" href=\"https:\/\/www.lovendal.ro\/wp52\/ar-putea-ateii-sau-cei-ce-nu-cred-in-crestinism-sa-explice-aceasta-minune-din-anul-174-d-hr\/#more-24866\" aria-label=\"Cite\u0219te mai multe despre Ar putea ateii sau cei ce nu cred \u00een cre\u015ftinism s\u0103 explice aceast\u0103 minune din anul 174 d.Hr.?\">Cititi mai multe<\/a><\/p>\n","protected":false},"author":1,"featured_media":24868,"comment_status":"open","ping_status":"closed","sticky":false,"template":"","format":"standard","meta":{"footnotes":""},"categories":[14],"tags":[5236,5570,5085,211,323,295,116,5571,3684,9796,858,5569],"class_list":["post-24866","post","type-post","status-publish","format-standard","has-post-thumbnail","hentry","category-paranormal-spiritualitate","tag-atei","tag-barbari","tag-crestini","tag-crestinism","tag-dumnezeu","tag-imparat","tag-imperiul-roman","tag-marc-aureliu","tag-minune","tag-paranormal-spiritualitate","tag-romani","tag-trasnet","resize-featured-image"],"yoast_head":"<!-- This site is optimized with the Yoast SEO Premium plugin v23.3 (Yoast SEO v27.4) - https:\/\/yoast.com\/product\/yoast-seo-premium-wordpress\/ -->\n<title>Ar putea ateii sau cei ce nu cred \u00een cre\u015ftinism s\u0103 explice aceast\u0103 minune din anul 174 d.Hr.? - Secretele lui Lovendal<\/title>\n<meta name=\"robots\" content=\"index, follow, max-snippet:-1, max-image-preview:large, max-video-preview:-1\" \/>\n<link rel=\"canonical\" href=\"https:\/\/www.lovendal.ro\/wp52\/ar-putea-ateii-sau-cei-ce-nu-cred-in-crestinism-sa-explice-aceasta-minune-din-anul-174-d-hr\/\" \/>\n<meta property=\"og:locale\" content=\"ro_RO\" \/>\n<meta property=\"og:type\" content=\"article\" \/>\n<meta property=\"og:title\" content=\"Ar putea ateii sau cei ce nu cred \u00een cre\u015ftinism s\u0103 explice aceast\u0103 minune din anul 174 d.Hr.?\" \/>\n<meta property=\"og:description\" content=\"Orice s-ar spune, cre\u015ftinii au fost ajuta\u0163i de for\u0163e divine \u00een istoria lor. \u00cen anul 174 d.Hr., \u00een timpul unei mari b\u0103t\u0103lii \u00eempotriva quadrilor, Marc Aureliu s-a temut pentru \u00eentreaga sa armat\u0103. Atunci, o legiune de cre\u015ftini s-a rugat lui ... Cititi mai multe\" \/>\n<meta property=\"og:url\" content=\"https:\/\/www.lovendal.ro\/wp52\/ar-putea-ateii-sau-cei-ce-nu-cred-in-crestinism-sa-explice-aceasta-minune-din-anul-174-d-hr\/\" \/>\n<meta property=\"og:site_name\" content=\"Secretele lui Lovendal\" \/>\n<meta property=\"article:publisher\" content=\"https:\/\/www.facebook.com\/secreteleluilovendal\" \/>\n<meta property=\"article:published_time\" content=\"2012-09-05T15:01:46+00:00\" \/>\n<meta property=\"og:image\" content=\"https:\/\/www.lovendal.ro\/wp52\/wp-content\/uploads\/2012\/09\/batalie-romana.jpg\" \/>\n\t<meta property=\"og:image:width\" content=\"318\" \/>\n\t<meta property=\"og:image:height\" content=\"207\" \/>\n\t<meta property=\"og:image:type\" content=\"image\/jpeg\" \/>\n<meta name=\"author\" content=\"admin\" \/>\n<meta name=\"twitter:card\" content=\"summary_large_image\" \/>\n<meta name=\"twitter:label1\" content=\"Scris de\" \/>\n\t<meta name=\"twitter:data1\" content=\"admin\" \/>\n\t<meta name=\"twitter:label2\" content=\"Timp estimat pentru citire\" \/>\n\t<meta name=\"twitter:data2\" content=\"1 minut\" \/>\n<script type=\"application\/ld+json\" class=\"yoast-schema-graph\">{\"@context\":\"https:\\\/\\\/schema.org\",\"@graph\":[{\"@type\":\"Article\",\"@id\":\"https:\\\/\\\/www.lovendal.ro\\\/wp52\\\/ar-putea-ateii-sau-cei-ce-nu-cred-in-crestinism-sa-explice-aceasta-minune-din-anul-174-d-hr\\\/#article\",\"isPartOf\":{\"@id\":\"https:\\\/\\\/www.lovendal.ro\\\/wp52\\\/ar-putea-ateii-sau-cei-ce-nu-cred-in-crestinism-sa-explice-aceasta-minune-din-anul-174-d-hr\\\/\"},\"author\":{\"name\":\"admin\",\"@id\":\"https:\\\/\\\/www.lovendal.ro\\\/wp52\\\/#\\\/schema\\\/person\\\/088691de5dfc346bb0c023e1e52ef5d9\"},\"headline\":\"Ar putea ateii sau cei ce nu cred \u00een cre\u015ftinism s\u0103 explice aceast\u0103 minune din anul 174 d.Hr.?\",\"datePublished\":\"2012-09-05T15:01:46+00:00\",\"mainEntityOfPage\":{\"@id\":\"https:\\\/\\\/www.lovendal.ro\\\/wp52\\\/ar-putea-ateii-sau-cei-ce-nu-cred-in-crestinism-sa-explice-aceasta-minune-din-anul-174-d-hr\\\/\"},\"wordCount\":179,\"commentCount\":126,\"publisher\":{\"@id\":\"https:\\\/\\\/www.lovendal.ro\\\/wp52\\\/#organization\"},\"image\":{\"@id\":\"https:\\\/\\\/www.lovendal.ro\\\/wp52\\\/ar-putea-ateii-sau-cei-ce-nu-cred-in-crestinism-sa-explice-aceasta-minune-din-anul-174-d-hr\\\/#primaryimage\"},\"thumbnailUrl\":\"https:\\\/\\\/www.lovendal.ro\\\/wp52\\\/wp-content\\\/uploads\\\/2012\\\/09\\\/batalie-romana.jpg\",\"keywords\":[\"atei\",\"barbari\",\"cre\u015ftini\",\"cre\u015ftinism\",\"Dumnezeu\",\"\u00eemp\u0103rat\",\"Imperiul Roman\",\"Marc Aureliu\",\"minune\",\"Paranormal-Spiritualitate\",\"romani\",\"tr\u0103snet\"],\"articleSection\":[\"Paranormal-Spiritualitate\"],\"inLanguage\":\"ro-RO\",\"potentialAction\":[{\"@type\":\"CommentAction\",\"name\":\"Comment\",\"target\":[\"https:\\\/\\\/www.lovendal.ro\\\/wp52\\\/ar-putea-ateii-sau-cei-ce-nu-cred-in-crestinism-sa-explice-aceasta-minune-din-anul-174-d-hr\\\/#respond\"]}]},{\"@type\":\"WebPage\",\"@id\":\"https:\\\/\\\/www.lovendal.ro\\\/wp52\\\/ar-putea-ateii-sau-cei-ce-nu-cred-in-crestinism-sa-explice-aceasta-minune-din-anul-174-d-hr\\\/\",\"url\":\"https:\\\/\\\/www.lovendal.ro\\\/wp52\\\/ar-putea-ateii-sau-cei-ce-nu-cred-in-crestinism-sa-explice-aceasta-minune-din-anul-174-d-hr\\\/\",\"name\":\"Ar putea ateii sau cei ce nu cred \u00een cre\u015ftinism s\u0103 explice aceast\u0103 minune din anul 174 d.Hr.? - Secretele lui Lovendal\",\"isPartOf\":{\"@id\":\"https:\\\/\\\/www.lovendal.ro\\\/wp52\\\/#website\"},\"primaryImageOfPage\":{\"@id\":\"https:\\\/\\\/www.lovendal.ro\\\/wp52\\\/ar-putea-ateii-sau-cei-ce-nu-cred-in-crestinism-sa-explice-aceasta-minune-din-anul-174-d-hr\\\/#primaryimage\"},\"image\":{\"@id\":\"https:\\\/\\\/www.lovendal.ro\\\/wp52\\\/ar-putea-ateii-sau-cei-ce-nu-cred-in-crestinism-sa-explice-aceasta-minune-din-anul-174-d-hr\\\/#primaryimage\"},\"thumbnailUrl\":\"https:\\\/\\\/www.lovendal.ro\\\/wp52\\\/wp-content\\\/uploads\\\/2012\\\/09\\\/batalie-romana.jpg\",\"datePublished\":\"2012-09-05T15:01:46+00:00\",\"breadcrumb\":{\"@id\":\"https:\\\/\\\/www.lovendal.ro\\\/wp52\\\/ar-putea-ateii-sau-cei-ce-nu-cred-in-crestinism-sa-explice-aceasta-minune-din-anul-174-d-hr\\\/#breadcrumb\"},\"inLanguage\":\"ro-RO\",\"potentialAction\":[{\"@type\":\"ReadAction\",\"target\":[\"https:\\\/\\\/www.lovendal.ro\\\/wp52\\\/ar-putea-ateii-sau-cei-ce-nu-cred-in-crestinism-sa-explice-aceasta-minune-din-anul-174-d-hr\\\/\"]}]},{\"@type\":\"ImageObject\",\"inLanguage\":\"ro-RO\",\"@id\":\"https:\\\/\\\/www.lovendal.ro\\\/wp52\\\/ar-putea-ateii-sau-cei-ce-nu-cred-in-crestinism-sa-explice-aceasta-minune-din-anul-174-d-hr\\\/#primaryimage\",\"url\":\"https:\\\/\\\/www.lovendal.ro\\\/wp52\\\/wp-content\\\/uploads\\\/2012\\\/09\\\/batalie-romana.jpg\",\"contentUrl\":\"https:\\\/\\\/www.lovendal.ro\\\/wp52\\\/wp-content\\\/uploads\\\/2012\\\/09\\\/batalie-romana.jpg\",\"width\":\"318\",\"height\":\"207\"},{\"@type\":\"BreadcrumbList\",\"@id\":\"https:\\\/\\\/www.lovendal.ro\\\/wp52\\\/ar-putea-ateii-sau-cei-ce-nu-cred-in-crestinism-sa-explice-aceasta-minune-din-anul-174-d-hr\\\/#breadcrumb\",\"itemListElement\":[{\"@type\":\"ListItem\",\"position\":1,\"name\":\"Home\",\"item\":\"https:\\\/\\\/www.lovendal.ro\\\/wp52\\\/\"},{\"@type\":\"ListItem\",\"position\":2,\"name\":\"Ar putea ateii sau cei ce nu cred \u00een cre\u015ftinism s\u0103 explice aceast\u0103 minune din anul 174 d.Hr.?\"}]},{\"@type\":\"WebSite\",\"@id\":\"https:\\\/\\\/www.lovendal.ro\\\/wp52\\\/#website\",\"url\":\"https:\\\/\\\/www.lovendal.ro\\\/wp52\\\/\",\"name\":\"Secretele lui Lovendal\",\"description\":\"Site de secrete, stiinta si metafizica - din 2008 -\",\"publisher\":{\"@id\":\"https:\\\/\\\/www.lovendal.ro\\\/wp52\\\/#organization\"},\"potentialAction\":[{\"@type\":\"SearchAction\",\"target\":{\"@type\":\"EntryPoint\",\"urlTemplate\":\"https:\\\/\\\/www.lovendal.ro\\\/wp52\\\/?s={search_term_string}\"},\"query-input\":{\"@type\":\"PropertyValueSpecification\",\"valueRequired\":true,\"valueName\":\"search_term_string\"}}],\"inLanguage\":\"ro-RO\"},{\"@type\":\"Organization\",\"@id\":\"https:\\\/\\\/www.lovendal.ro\\\/wp52\\\/#organization\",\"name\":\"Secretele lui Lovendal\",\"url\":\"https:\\\/\\\/www.lovendal.ro\\\/wp52\\\/\",\"logo\":{\"@type\":\"ImageObject\",\"inLanguage\":\"ro-RO\",\"@id\":\"https:\\\/\\\/www.lovendal.ro\\\/wp52\\\/#\\\/schema\\\/logo\\\/image\\\/\",\"url\":\"https:\\\/\\\/www.lovendal.ro\\\/wp52\\\/wp-content\\\/uploads\\\/2024\\\/06\\\/cropped-SLL-iun-2024-1.jpg\",\"contentUrl\":\"https:\\\/\\\/www.lovendal.ro\\\/wp52\\\/wp-content\\\/uploads\\\/2024\\\/06\\\/cropped-SLL-iun-2024-1.jpg\",\"width\":771,\"height\":240,\"caption\":\"Secretele lui Lovendal\"},\"image\":{\"@id\":\"https:\\\/\\\/www.lovendal.ro\\\/wp52\\\/#\\\/schema\\\/logo\\\/image\\\/\"},\"sameAs\":[\"https:\\\/\\\/www.facebook.com\\\/secreteleluilovendal\"]},{\"@type\":\"Person\",\"@id\":\"https:\\\/\\\/www.lovendal.ro\\\/wp52\\\/#\\\/schema\\\/person\\\/088691de5dfc346bb0c023e1e52ef5d9\",\"name\":\"admin\",\"image\":{\"@type\":\"ImageObject\",\"inLanguage\":\"ro-RO\",\"@id\":\"https:\\\/\\\/secure.gravatar.com\\\/avatar\\\/ecb9cd41f5f63c9c9b989999a59f6e2639a865ec361e9db054db0679a8f341c2?s=96&d=mm&r=g\",\"url\":\"https:\\\/\\\/secure.gravatar.com\\\/avatar\\\/ecb9cd41f5f63c9c9b989999a59f6e2639a865ec361e9db054db0679a8f341c2?s=96&d=mm&r=g\",\"contentUrl\":\"https:\\\/\\\/secure.gravatar.com\\\/avatar\\\/ecb9cd41f5f63c9c9b989999a59f6e2639a865ec361e9db054db0679a8f341c2?s=96&d=mm&r=g\",\"caption\":\"admin\"},\"sameAs\":[\"https:\\\/\\\/www.lovendal.ro\\\/wp52\"]}]}<\/script>\n<!-- \/ Yoast SEO Premium plugin. -->","yoast_head_json":{"title":"Ar putea ateii sau cei ce nu cred \u00een cre\u015ftinism s\u0103 explice aceast\u0103 minune din anul 174 d.Hr.? - Secretele lui Lovendal","robots":{"index":"index","follow":"follow","max-snippet":"max-snippet:-1","max-image-preview":"max-image-preview:large","max-video-preview":"max-video-preview:-1"},"canonical":"https:\/\/www.lovendal.ro\/wp52\/ar-putea-ateii-sau-cei-ce-nu-cred-in-crestinism-sa-explice-aceasta-minune-din-anul-174-d-hr\/","og_locale":"ro_RO","og_type":"article","og_title":"Ar putea ateii sau cei ce nu cred \u00een cre\u015ftinism s\u0103 explice aceast\u0103 minune din anul 174 d.Hr.?","og_description":"Orice s-ar spune, cre\u015ftinii au fost ajuta\u0163i de for\u0163e divine \u00een istoria lor. \u00cen anul 174 d.Hr., \u00een timpul unei mari b\u0103t\u0103lii \u00eempotriva quadrilor, Marc Aureliu s-a temut pentru \u00eentreaga sa armat\u0103. Atunci, o legiune de cre\u015ftini s-a rugat lui ... Cititi mai multe","og_url":"https:\/\/www.lovendal.ro\/wp52\/ar-putea-ateii-sau-cei-ce-nu-cred-in-crestinism-sa-explice-aceasta-minune-din-anul-174-d-hr\/","og_site_name":"Secretele lui Lovendal","article_publisher":"https:\/\/www.facebook.com\/secreteleluilovendal","article_published_time":"2012-09-05T15:01:46+00:00","og_image":[{"width":318,"height":207,"url":"https:\/\/www.lovendal.ro\/wp52\/wp-content\/uploads\/2012\/09\/batalie-romana.jpg","type":"image\/jpeg"}],"author":"admin","twitter_card":"summary_large_image","twitter_misc":{"Scris de":"admin","Timp estimat pentru citire":"1 minut"},"schema":{"@context":"https:\/\/schema.org","@graph":[{"@type":"Article","@id":"https:\/\/www.lovendal.ro\/wp52\/ar-putea-ateii-sau-cei-ce-nu-cred-in-crestinism-sa-explice-aceasta-minune-din-anul-174-d-hr\/#article","isPartOf":{"@id":"https:\/\/www.lovendal.ro\/wp52\/ar-putea-ateii-sau-cei-ce-nu-cred-in-crestinism-sa-explice-aceasta-minune-din-anul-174-d-hr\/"},"author":{"name":"admin","@id":"https:\/\/www.lovendal.ro\/wp52\/#\/schema\/person\/088691de5dfc346bb0c023e1e52ef5d9"},"headline":"Ar putea ateii sau cei ce nu cred \u00een cre\u015ftinism s\u0103 explice aceast\u0103 minune din anul 174 d.Hr.?","datePublished":"2012-09-05T15:01:46+00:00","mainEntityOfPage":{"@id":"https:\/\/www.lovendal.ro\/wp52\/ar-putea-ateii-sau-cei-ce-nu-cred-in-crestinism-sa-explice-aceasta-minune-din-anul-174-d-hr\/"},"wordCount":179,"commentCount":126,"publisher":{"@id":"https:\/\/www.lovendal.ro\/wp52\/#organization"},"image":{"@id":"https:\/\/www.lovendal.ro\/wp52\/ar-putea-ateii-sau-cei-ce-nu-cred-in-crestinism-sa-explice-aceasta-minune-din-anul-174-d-hr\/#primaryimage"},"thumbnailUrl":"https:\/\/www.lovendal.ro\/wp52\/wp-content\/uploads\/2012\/09\/batalie-romana.jpg","keywords":["atei","barbari","cre\u015ftini","cre\u015ftinism","Dumnezeu","\u00eemp\u0103rat","Imperiul Roman","Marc Aureliu","minune","Paranormal-Spiritualitate","romani","tr\u0103snet"],"articleSection":["Paranormal-Spiritualitate"],"inLanguage":"ro-RO","potentialAction":[{"@type":"CommentAction","name":"Comment","target":["https:\/\/www.lovendal.ro\/wp52\/ar-putea-ateii-sau-cei-ce-nu-cred-in-crestinism-sa-explice-aceasta-minune-din-anul-174-d-hr\/#respond"]}]},{"@type":"WebPage","@id":"https:\/\/www.lovendal.ro\/wp52\/ar-putea-ateii-sau-cei-ce-nu-cred-in-crestinism-sa-explice-aceasta-minune-din-anul-174-d-hr\/","url":"https:\/\/www.lovendal.ro\/wp52\/ar-putea-ateii-sau-cei-ce-nu-cred-in-crestinism-sa-explice-aceasta-minune-din-anul-174-d-hr\/","name":"Ar putea ateii sau cei ce nu cred \u00een cre\u015ftinism s\u0103 explice aceast\u0103 minune din anul 174 d.Hr.? - Secretele lui Lovendal","isPartOf":{"@id":"https:\/\/www.lovendal.ro\/wp52\/#website"},"primaryImageOfPage":{"@id":"https:\/\/www.lovendal.ro\/wp52\/ar-putea-ateii-sau-cei-ce-nu-cred-in-crestinism-sa-explice-aceasta-minune-din-anul-174-d-hr\/#primaryimage"},"image":{"@id":"https:\/\/www.lovendal.ro\/wp52\/ar-putea-ateii-sau-cei-ce-nu-cred-in-crestinism-sa-explice-aceasta-minune-din-anul-174-d-hr\/#primaryimage"},"thumbnailUrl":"https:\/\/www.lovendal.ro\/wp52\/wp-content\/uploads\/2012\/09\/batalie-romana.jpg","datePublished":"2012-09-05T15:01:46+00:00","breadcrumb":{"@id":"https:\/\/www.lovendal.ro\/wp52\/ar-putea-ateii-sau-cei-ce-nu-cred-in-crestinism-sa-explice-aceasta-minune-din-anul-174-d-hr\/#breadcrumb"},"inLanguage":"ro-RO","potentialAction":[{"@type":"ReadAction","target":["https:\/\/www.lovendal.ro\/wp52\/ar-putea-ateii-sau-cei-ce-nu-cred-in-crestinism-sa-explice-aceasta-minune-din-anul-174-d-hr\/"]}]},{"@type":"ImageObject","inLanguage":"ro-RO","@id":"https:\/\/www.lovendal.ro\/wp52\/ar-putea-ateii-sau-cei-ce-nu-cred-in-crestinism-sa-explice-aceasta-minune-din-anul-174-d-hr\/#primaryimage","url":"https:\/\/www.lovendal.ro\/wp52\/wp-content\/uploads\/2012\/09\/batalie-romana.jpg","contentUrl":"https:\/\/www.lovendal.ro\/wp52\/wp-content\/uploads\/2012\/09\/batalie-romana.jpg","width":"318","height":"207"},{"@type":"BreadcrumbList","@id":"https:\/\/www.lovendal.ro\/wp52\/ar-putea-ateii-sau-cei-ce-nu-cred-in-crestinism-sa-explice-aceasta-minune-din-anul-174-d-hr\/#breadcrumb","itemListElement":[{"@type":"ListItem","position":1,"name":"Home","item":"https:\/\/www.lovendal.ro\/wp52\/"},{"@type":"ListItem","position":2,"name":"Ar putea ateii sau cei ce nu cred \u00een cre\u015ftinism s\u0103 explice aceast\u0103 minune din anul 174 d.Hr.?"}]},{"@type":"WebSite","@id":"https:\/\/www.lovendal.ro\/wp52\/#website","url":"https:\/\/www.lovendal.ro\/wp52\/","name":"Secretele lui Lovendal","description":"Site de secrete, stiinta si metafizica - din 2008 -","publisher":{"@id":"https:\/\/www.lovendal.ro\/wp52\/#organization"},"potentialAction":[{"@type":"SearchAction","target":{"@type":"EntryPoint","urlTemplate":"https:\/\/www.lovendal.ro\/wp52\/?s={search_term_string}"},"query-input":{"@type":"PropertyValueSpecification","valueRequired":true,"valueName":"search_term_string"}}],"inLanguage":"ro-RO"},{"@type":"Organization","@id":"https:\/\/www.lovendal.ro\/wp52\/#organization","name":"Secretele lui Lovendal","url":"https:\/\/www.lovendal.ro\/wp52\/","logo":{"@type":"ImageObject","inLanguage":"ro-RO","@id":"https:\/\/www.lovendal.ro\/wp52\/#\/schema\/logo\/image\/","url":"https:\/\/www.lovendal.ro\/wp52\/wp-content\/uploads\/2024\/06\/cropped-SLL-iun-2024-1.jpg","contentUrl":"https:\/\/www.lovendal.ro\/wp52\/wp-content\/uploads\/2024\/06\/cropped-SLL-iun-2024-1.jpg","width":771,"height":240,"caption":"Secretele lui Lovendal"},"image":{"@id":"https:\/\/www.lovendal.ro\/wp52\/#\/schema\/logo\/image\/"},"sameAs":["https:\/\/www.facebook.com\/secreteleluilovendal"]},{"@type":"Person","@id":"https:\/\/www.lovendal.ro\/wp52\/#\/schema\/person\/088691de5dfc346bb0c023e1e52ef5d9","name":"admin","image":{"@type":"ImageObject","inLanguage":"ro-RO","@id":"https:\/\/secure.gravatar.com\/avatar\/ecb9cd41f5f63c9c9b989999a59f6e2639a865ec361e9db054db0679a8f341c2?s=96&d=mm&r=g","url":"https:\/\/secure.gravatar.com\/avatar\/ecb9cd41f5f63c9c9b989999a59f6e2639a865ec361e9db054db0679a8f341c2?s=96&d=mm&r=g","contentUrl":"https:\/\/secure.gravatar.com\/avatar\/ecb9cd41f5f63c9c9b989999a59f6e2639a865ec361e9db054db0679a8f341c2?s=96&d=mm&r=g","caption":"admin"},"sameAs":["https:\/\/www.lovendal.ro\/wp52"]}]}},"_links":{"self":[{"href":"https:\/\/www.lovendal.ro\/wp52\/wp-json\/wp\/v2\/posts\/24866","targetHints":{"allow":["GET"]}}],"collection":[{"href":"https:\/\/www.lovendal.ro\/wp52\/wp-json\/wp\/v2\/posts"}],"about":[{"href":"https:\/\/www.lovendal.ro\/wp52\/wp-json\/wp\/v2\/types\/post"}],"author":[{"embeddable":true,"href":"https:\/\/www.lovendal.ro\/wp52\/wp-json\/wp\/v2\/users\/1"}],"replies":[{"embeddable":true,"href":"https:\/\/www.lovendal.ro\/wp52\/wp-json\/wp\/v2\/comments?post=24866"}],"version-history":[{"count":0,"href":"https:\/\/www.lovendal.ro\/wp52\/wp-json\/wp\/v2\/posts\/24866\/revisions"}],"wp:featuredmedia":[{"embeddable":true,"href":"https:\/\/www.lovendal.ro\/wp52\/wp-json\/wp\/v2\/media\/24868"}],"wp:attachment":[{"href":"https:\/\/www.lovendal.ro\/wp52\/wp-json\/wp\/v2\/media?parent=24866"}],"wp:term":[{"taxonomy":"category","embeddable":true,"href":"https:\/\/www.lovendal.ro\/wp52\/wp-json\/wp\/v2\/categories?post=24866"},{"taxonomy":"post_tag","embeddable":true,"href":"https:\/\/www.lovendal.ro\/wp52\/wp-json\/wp\/v2\/tags?post=24866"}],"curies":[{"name":"wp","href":"https:\/\/api.w.org\/{rel}","templated":true}]}}