{"id":24816,"date":"2012-09-01T22:07:18","date_gmt":"2012-09-01T19:07:18","guid":{"rendered":"http:\/\/www.lovendal.net\/wp52\/?p=24816"},"modified":"2012-09-01T22:07:18","modified_gmt":"2012-09-01T19:07:18","slug":"la-5-dimineata-o-fata-misterioasa-se-afla-catarata-intr-un-copac-de-20-de-metri-inaltime-in-mijlocul-padurii-fantoma-zana-sau-inger-pazitor","status":"publish","type":"post","link":"https:\/\/www.lovendal.ro\/wp52\/la-5-dimineata-o-fata-misterioasa-se-afla-catarata-intr-un-copac-de-20-de-metri-inaltime-in-mijlocul-padurii-fantoma-zana-sau-inger-pazitor\/","title":{"rendered":"La 5 diminea\u0163a, o fat\u0103 misterioas\u0103 se afla c\u0103\u0163\u0103rat\u0103 \u00eentr-un copac de 20 de metri \u00een\u0103l\u0163ime, \u00een mijlocul p\u0103durii. Fantom\u0103, z\u00e2n\u0103 sau \u00eenger p\u0103zitor?"},"content":{"rendered":"<p><a href=\"https:\/\/www.lovendal.ro\/wp52\/wp-content\/uploads\/2012\/09\/fata-din-copac.jpg\"><img loading=\"lazy\" decoding=\"async\" class=\"alignleft size-full wp-image-24817\" title=\"fata din copac\" src=\"https:\/\/www.lovendal.ro\/wp52\/wp-content\/uploads\/2012\/09\/fata-din-copac.jpg\" alt=\"\" width=\"299\" height=\"261\" \/><\/a>Iat\u0103 unul din email-urile primite de mine zilnic:<\/p>\n<p>\u00cen noiembrie 1996, m\u0103 aflam cu p\u0103rin\u0163ii \u00een cabana noastr\u0103, situat\u0103 \u00een mijlocul p\u0103durii. Toat\u0103 zona este \u00eenconjurat\u0103 de copaci gro\u015fi \u015fi \u00eenal\u0163i. Eu \u00eentotdeauna am avut parte de experien\u0163e paranormale, ca de exemplu abilitatea de a prezice viitorul. Dar, de data aceasta e vorba de altceva.<\/p>\n<p>Era deja diminea\u0163\u0103, \u00een jurul orei 5:30, c\u00e2nd m-am sculat din pat, cu inten\u0163ia de a m\u0103 duce la fereastr\u0103, pentru a mai respira din aerul curat de p\u0103dure. Dormitorul meu are fereastra c\u0103tre spatele cabanei. C\u00e2nd m-am uitat pe geam am v\u0103zut o fat\u0103 micu\u0163\u0103 care se afl\u0103 pe o creang\u0103 \u00een v\u00e2rful unui copac extrem de \u00eenalt, de peste 20 de metri. Era aproape imposibil pentru orice om ca s\u0103 se ca\u0163ere acolo&#8230; \u015ei totu\u015fi fata se afla acolo! V\u0103z\u00e2nd-o, nu m-a speriat&#8230;ci mi-a creat chiar o senza\u0163ie de lini\u015fte. Dup\u0103 ceva timp \u00een care am tot privit, m-am re\u00eentors \u00een pat&#8230; Am stat a\u015fa, cam 10 minute, dup\u0103 care m-am uitat \u00eenapoi pe fereastr\u0103, s\u0103 v\u0103d dac\u0103 fata se mai afla \u00een copac. Nu, nu mai era! Ea disp\u0103ruse.<\/p>\n<p>De atunci, m\u0103 tot \u00eentreb cine era acea fat\u0103 \u015fi ce reprezenta ea \u00een via\u0163a mea? Era ea \u00eengerul meu p\u0103zitor, o fantom\u0103, o z\u00e2n\u0103 sau, aproape imposibil, o fat\u0103 \u00een carne \u015fi oase!?<\/p>\n<p>P.S. Mi s-a p\u0103rut o povestioar\u0103 foarte interesant\u0103 \u015fi de aceea mi-am permis s-o prezint \u015fi pe site.<\/p>\n","protected":false},"excerpt":{"rendered":"<p>Iat\u0103 unul din email-urile primite de mine zilnic: \u00cen noiembrie 1996, m\u0103 aflam cu p\u0103rin\u0163ii \u00een cabana noastr\u0103, situat\u0103 \u00een mijlocul p\u0103durii. Toat\u0103 zona este \u00eenconjurat\u0103 de copaci gro\u015fi \u015fi \u00eenal\u0163i. Eu \u00eentotdeauna am avut parte de experien\u0163e paranormale, ca &#8230; <\/p>\n<p class=\"read-more-container\"><a title=\"La 5 diminea\u0163a, o fat\u0103 misterioas\u0103 se afla c\u0103\u0163\u0103rat\u0103 \u00eentr-un copac de 20 de metri \u00een\u0103l\u0163ime, \u00een mijlocul p\u0103durii. Fantom\u0103, z\u00e2n\u0103 sau \u00eenger p\u0103zitor?\" class=\"read-more button\" href=\"https:\/\/www.lovendal.ro\/wp52\/la-5-dimineata-o-fata-misterioasa-se-afla-catarata-intr-un-copac-de-20-de-metri-inaltime-in-mijlocul-padurii-fantoma-zana-sau-inger-pazitor\/#more-24816\" aria-label=\"Cite\u0219te mai multe despre La 5 diminea\u0163a, o fat\u0103 misterioas\u0103 se afla c\u0103\u0163\u0103rat\u0103 \u00eentr-un copac de 20 de metri \u00een\u0103l\u0163ime, \u00een mijlocul p\u0103durii. Fantom\u0103, z\u00e2n\u0103 sau \u00eenger p\u0103zitor?\">Cititi mai multe<\/a><\/p>\n","protected":false},"author":1,"featured_media":24817,"comment_status":"open","ping_status":"closed","sticky":false,"template":"","format":"standard","meta":{"footnotes":""},"categories":[5040],"tags":[9818,3920,2286,761,2858,1828,2398,2163],"class_list":["post-24816","post","type-post","status-publish","format-standard","has-post-thumbnail","hentry","category-bizar","tag-bizar","tag-cabana","tag-copaci","tag-fantoma","tag-fata","tag-inger","tag-padure","tag-zana","resize-featured-image"],"yoast_head":"<!-- This site is optimized with the Yoast SEO Premium plugin v23.3 (Yoast SEO v27.4) - https:\/\/yoast.com\/product\/yoast-seo-premium-wordpress\/ -->\n<title>La 5 diminea\u0163a, o fat\u0103 misterioas\u0103 se afla c\u0103\u0163\u0103rat\u0103 \u00eentr-un copac de 20 de metri \u00een\u0103l\u0163ime, \u00een mijlocul p\u0103durii. Fantom\u0103, z\u00e2n\u0103 sau \u00eenger p\u0103zitor? - Secretele lui Lovendal<\/title>\n<meta name=\"robots\" content=\"index, follow, max-snippet:-1, max-image-preview:large, max-video-preview:-1\" \/>\n<link rel=\"canonical\" href=\"https:\/\/www.lovendal.ro\/wp52\/la-5-dimineata-o-fata-misterioasa-se-afla-catarata-intr-un-copac-de-20-de-metri-inaltime-in-mijlocul-padurii-fantoma-zana-sau-inger-pazitor\/\" \/>\n<meta property=\"og:locale\" content=\"ro_RO\" \/>\n<meta property=\"og:type\" content=\"article\" \/>\n<meta property=\"og:title\" content=\"La 5 diminea\u0163a, o fat\u0103 misterioas\u0103 se afla c\u0103\u0163\u0103rat\u0103 \u00eentr-un copac de 20 de metri \u00een\u0103l\u0163ime, \u00een mijlocul p\u0103durii. Fantom\u0103, z\u00e2n\u0103 sau \u00eenger p\u0103zitor?\" \/>\n<meta property=\"og:description\" content=\"Iat\u0103 unul din email-urile primite de mine zilnic: \u00cen noiembrie 1996, m\u0103 aflam cu p\u0103rin\u0163ii \u00een cabana noastr\u0103, situat\u0103 \u00een mijlocul p\u0103durii. Toat\u0103 zona este \u00eenconjurat\u0103 de copaci gro\u015fi \u015fi \u00eenal\u0163i. Eu \u00eentotdeauna am avut parte de experien\u0163e paranormale, ca ... Cititi mai multe\" \/>\n<meta property=\"og:url\" content=\"https:\/\/www.lovendal.ro\/wp52\/la-5-dimineata-o-fata-misterioasa-se-afla-catarata-intr-un-copac-de-20-de-metri-inaltime-in-mijlocul-padurii-fantoma-zana-sau-inger-pazitor\/\" \/>\n<meta property=\"og:site_name\" content=\"Secretele lui Lovendal\" \/>\n<meta property=\"article:publisher\" content=\"https:\/\/www.facebook.com\/secreteleluilovendal\" \/>\n<meta property=\"article:published_time\" content=\"2012-09-01T19:07:18+00:00\" \/>\n<meta property=\"og:image\" content=\"https:\/\/www.lovendal.ro\/wp52\/wp-content\/uploads\/2012\/09\/fata-din-copac.jpg\" \/>\n\t<meta property=\"og:image:width\" content=\"299\" \/>\n\t<meta property=\"og:image:height\" content=\"261\" \/>\n\t<meta property=\"og:image:type\" content=\"image\/jpeg\" \/>\n<meta name=\"author\" content=\"admin\" \/>\n<meta name=\"twitter:card\" content=\"summary_large_image\" \/>\n<meta name=\"twitter:label1\" content=\"Scris de\" \/>\n\t<meta name=\"twitter:data1\" content=\"admin\" \/>\n\t<meta name=\"twitter:label2\" content=\"Timp estimat pentru citire\" \/>\n\t<meta name=\"twitter:data2\" content=\"1 minut\" \/>\n<script type=\"application\/ld+json\" class=\"yoast-schema-graph\">{\"@context\":\"https:\\\/\\\/schema.org\",\"@graph\":[{\"@type\":\"Article\",\"@id\":\"https:\\\/\\\/www.lovendal.ro\\\/wp52\\\/la-5-dimineata-o-fata-misterioasa-se-afla-catarata-intr-un-copac-de-20-de-metri-inaltime-in-mijlocul-padurii-fantoma-zana-sau-inger-pazitor\\\/#article\",\"isPartOf\":{\"@id\":\"https:\\\/\\\/www.lovendal.ro\\\/wp52\\\/la-5-dimineata-o-fata-misterioasa-se-afla-catarata-intr-un-copac-de-20-de-metri-inaltime-in-mijlocul-padurii-fantoma-zana-sau-inger-pazitor\\\/\"},\"author\":{\"name\":\"admin\",\"@id\":\"https:\\\/\\\/www.lovendal.ro\\\/wp52\\\/#\\\/schema\\\/person\\\/088691de5dfc346bb0c023e1e52ef5d9\"},\"headline\":\"La 5 diminea\u0163a, o fat\u0103 misterioas\u0103 se afla c\u0103\u0163\u0103rat\u0103 \u00eentr-un copac de 20 de metri \u00een\u0103l\u0163ime, \u00een mijlocul p\u0103durii. Fantom\u0103, z\u00e2n\u0103 sau \u00eenger p\u0103zitor?\",\"datePublished\":\"2012-09-01T19:07:18+00:00\",\"mainEntityOfPage\":{\"@id\":\"https:\\\/\\\/www.lovendal.ro\\\/wp52\\\/la-5-dimineata-o-fata-misterioasa-se-afla-catarata-intr-un-copac-de-20-de-metri-inaltime-in-mijlocul-padurii-fantoma-zana-sau-inger-pazitor\\\/\"},\"wordCount\":293,\"commentCount\":8,\"publisher\":{\"@id\":\"https:\\\/\\\/www.lovendal.ro\\\/wp52\\\/#organization\"},\"image\":{\"@id\":\"https:\\\/\\\/www.lovendal.ro\\\/wp52\\\/la-5-dimineata-o-fata-misterioasa-se-afla-catarata-intr-un-copac-de-20-de-metri-inaltime-in-mijlocul-padurii-fantoma-zana-sau-inger-pazitor\\\/#primaryimage\"},\"thumbnailUrl\":\"https:\\\/\\\/www.lovendal.ro\\\/wp52\\\/wp-content\\\/uploads\\\/2012\\\/09\\\/fata-din-copac.jpg\",\"keywords\":[\"Bizar\",\"caban\u0103\",\"copaci\",\"fantom\u0103\",\"fat\u0103\",\"\u00eenger\",\"p\u0103dure\",\"z\u00e2n\u0103\"],\"articleSection\":[\"Bizar\"],\"inLanguage\":\"ro-RO\",\"potentialAction\":[{\"@type\":\"CommentAction\",\"name\":\"Comment\",\"target\":[\"https:\\\/\\\/www.lovendal.ro\\\/wp52\\\/la-5-dimineata-o-fata-misterioasa-se-afla-catarata-intr-un-copac-de-20-de-metri-inaltime-in-mijlocul-padurii-fantoma-zana-sau-inger-pazitor\\\/#respond\"]}]},{\"@type\":\"WebPage\",\"@id\":\"https:\\\/\\\/www.lovendal.ro\\\/wp52\\\/la-5-dimineata-o-fata-misterioasa-se-afla-catarata-intr-un-copac-de-20-de-metri-inaltime-in-mijlocul-padurii-fantoma-zana-sau-inger-pazitor\\\/\",\"url\":\"https:\\\/\\\/www.lovendal.ro\\\/wp52\\\/la-5-dimineata-o-fata-misterioasa-se-afla-catarata-intr-un-copac-de-20-de-metri-inaltime-in-mijlocul-padurii-fantoma-zana-sau-inger-pazitor\\\/\",\"name\":\"La 5 diminea\u0163a, o fat\u0103 misterioas\u0103 se afla c\u0103\u0163\u0103rat\u0103 \u00eentr-un copac de 20 de metri \u00een\u0103l\u0163ime, \u00een mijlocul p\u0103durii. Fantom\u0103, z\u00e2n\u0103 sau \u00eenger p\u0103zitor? - Secretele lui Lovendal\",\"isPartOf\":{\"@id\":\"https:\\\/\\\/www.lovendal.ro\\\/wp52\\\/#website\"},\"primaryImageOfPage\":{\"@id\":\"https:\\\/\\\/www.lovendal.ro\\\/wp52\\\/la-5-dimineata-o-fata-misterioasa-se-afla-catarata-intr-un-copac-de-20-de-metri-inaltime-in-mijlocul-padurii-fantoma-zana-sau-inger-pazitor\\\/#primaryimage\"},\"image\":{\"@id\":\"https:\\\/\\\/www.lovendal.ro\\\/wp52\\\/la-5-dimineata-o-fata-misterioasa-se-afla-catarata-intr-un-copac-de-20-de-metri-inaltime-in-mijlocul-padurii-fantoma-zana-sau-inger-pazitor\\\/#primaryimage\"},\"thumbnailUrl\":\"https:\\\/\\\/www.lovendal.ro\\\/wp52\\\/wp-content\\\/uploads\\\/2012\\\/09\\\/fata-din-copac.jpg\",\"datePublished\":\"2012-09-01T19:07:18+00:00\",\"breadcrumb\":{\"@id\":\"https:\\\/\\\/www.lovendal.ro\\\/wp52\\\/la-5-dimineata-o-fata-misterioasa-se-afla-catarata-intr-un-copac-de-20-de-metri-inaltime-in-mijlocul-padurii-fantoma-zana-sau-inger-pazitor\\\/#breadcrumb\"},\"inLanguage\":\"ro-RO\",\"potentialAction\":[{\"@type\":\"ReadAction\",\"target\":[\"https:\\\/\\\/www.lovendal.ro\\\/wp52\\\/la-5-dimineata-o-fata-misterioasa-se-afla-catarata-intr-un-copac-de-20-de-metri-inaltime-in-mijlocul-padurii-fantoma-zana-sau-inger-pazitor\\\/\"]}]},{\"@type\":\"ImageObject\",\"inLanguage\":\"ro-RO\",\"@id\":\"https:\\\/\\\/www.lovendal.ro\\\/wp52\\\/la-5-dimineata-o-fata-misterioasa-se-afla-catarata-intr-un-copac-de-20-de-metri-inaltime-in-mijlocul-padurii-fantoma-zana-sau-inger-pazitor\\\/#primaryimage\",\"url\":\"https:\\\/\\\/www.lovendal.ro\\\/wp52\\\/wp-content\\\/uploads\\\/2012\\\/09\\\/fata-din-copac.jpg\",\"contentUrl\":\"https:\\\/\\\/www.lovendal.ro\\\/wp52\\\/wp-content\\\/uploads\\\/2012\\\/09\\\/fata-din-copac.jpg\",\"width\":\"299\",\"height\":\"261\"},{\"@type\":\"BreadcrumbList\",\"@id\":\"https:\\\/\\\/www.lovendal.ro\\\/wp52\\\/la-5-dimineata-o-fata-misterioasa-se-afla-catarata-intr-un-copac-de-20-de-metri-inaltime-in-mijlocul-padurii-fantoma-zana-sau-inger-pazitor\\\/#breadcrumb\",\"itemListElement\":[{\"@type\":\"ListItem\",\"position\":1,\"name\":\"Home\",\"item\":\"https:\\\/\\\/www.lovendal.ro\\\/wp52\\\/\"},{\"@type\":\"ListItem\",\"position\":2,\"name\":\"La 5 diminea\u0163a, o fat\u0103 misterioas\u0103 se afla c\u0103\u0163\u0103rat\u0103 \u00eentr-un copac de 20 de metri \u00een\u0103l\u0163ime, \u00een mijlocul p\u0103durii. Fantom\u0103, z\u00e2n\u0103 sau \u00eenger p\u0103zitor?\"}]},{\"@type\":\"WebSite\",\"@id\":\"https:\\\/\\\/www.lovendal.ro\\\/wp52\\\/#website\",\"url\":\"https:\\\/\\\/www.lovendal.ro\\\/wp52\\\/\",\"name\":\"Secretele lui Lovendal\",\"description\":\"Site de secrete, stiinta si metafizica - din 2008 -\",\"publisher\":{\"@id\":\"https:\\\/\\\/www.lovendal.ro\\\/wp52\\\/#organization\"},\"potentialAction\":[{\"@type\":\"SearchAction\",\"target\":{\"@type\":\"EntryPoint\",\"urlTemplate\":\"https:\\\/\\\/www.lovendal.ro\\\/wp52\\\/?s={search_term_string}\"},\"query-input\":{\"@type\":\"PropertyValueSpecification\",\"valueRequired\":true,\"valueName\":\"search_term_string\"}}],\"inLanguage\":\"ro-RO\"},{\"@type\":\"Organization\",\"@id\":\"https:\\\/\\\/www.lovendal.ro\\\/wp52\\\/#organization\",\"name\":\"Secretele lui Lovendal\",\"url\":\"https:\\\/\\\/www.lovendal.ro\\\/wp52\\\/\",\"logo\":{\"@type\":\"ImageObject\",\"inLanguage\":\"ro-RO\",\"@id\":\"https:\\\/\\\/www.lovendal.ro\\\/wp52\\\/#\\\/schema\\\/logo\\\/image\\\/\",\"url\":\"https:\\\/\\\/www.lovendal.ro\\\/wp52\\\/wp-content\\\/uploads\\\/2024\\\/06\\\/cropped-SLL-iun-2024-1.jpg\",\"contentUrl\":\"https:\\\/\\\/www.lovendal.ro\\\/wp52\\\/wp-content\\\/uploads\\\/2024\\\/06\\\/cropped-SLL-iun-2024-1.jpg\",\"width\":771,\"height\":240,\"caption\":\"Secretele lui Lovendal\"},\"image\":{\"@id\":\"https:\\\/\\\/www.lovendal.ro\\\/wp52\\\/#\\\/schema\\\/logo\\\/image\\\/\"},\"sameAs\":[\"https:\\\/\\\/www.facebook.com\\\/secreteleluilovendal\"]},{\"@type\":\"Person\",\"@id\":\"https:\\\/\\\/www.lovendal.ro\\\/wp52\\\/#\\\/schema\\\/person\\\/088691de5dfc346bb0c023e1e52ef5d9\",\"name\":\"admin\",\"image\":{\"@type\":\"ImageObject\",\"inLanguage\":\"ro-RO\",\"@id\":\"https:\\\/\\\/secure.gravatar.com\\\/avatar\\\/ecb9cd41f5f63c9c9b989999a59f6e2639a865ec361e9db054db0679a8f341c2?s=96&d=mm&r=g\",\"url\":\"https:\\\/\\\/secure.gravatar.com\\\/avatar\\\/ecb9cd41f5f63c9c9b989999a59f6e2639a865ec361e9db054db0679a8f341c2?s=96&d=mm&r=g\",\"contentUrl\":\"https:\\\/\\\/secure.gravatar.com\\\/avatar\\\/ecb9cd41f5f63c9c9b989999a59f6e2639a865ec361e9db054db0679a8f341c2?s=96&d=mm&r=g\",\"caption\":\"admin\"},\"sameAs\":[\"https:\\\/\\\/www.lovendal.ro\\\/wp52\"]}]}<\/script>\n<!-- \/ Yoast SEO Premium plugin. -->","yoast_head_json":{"title":"La 5 diminea\u0163a, o fat\u0103 misterioas\u0103 se afla c\u0103\u0163\u0103rat\u0103 \u00eentr-un copac de 20 de metri \u00een\u0103l\u0163ime, \u00een mijlocul p\u0103durii. Fantom\u0103, z\u00e2n\u0103 sau \u00eenger p\u0103zitor? - Secretele lui Lovendal","robots":{"index":"index","follow":"follow","max-snippet":"max-snippet:-1","max-image-preview":"max-image-preview:large","max-video-preview":"max-video-preview:-1"},"canonical":"https:\/\/www.lovendal.ro\/wp52\/la-5-dimineata-o-fata-misterioasa-se-afla-catarata-intr-un-copac-de-20-de-metri-inaltime-in-mijlocul-padurii-fantoma-zana-sau-inger-pazitor\/","og_locale":"ro_RO","og_type":"article","og_title":"La 5 diminea\u0163a, o fat\u0103 misterioas\u0103 se afla c\u0103\u0163\u0103rat\u0103 \u00eentr-un copac de 20 de metri \u00een\u0103l\u0163ime, \u00een mijlocul p\u0103durii. Fantom\u0103, z\u00e2n\u0103 sau \u00eenger p\u0103zitor?","og_description":"Iat\u0103 unul din email-urile primite de mine zilnic: \u00cen noiembrie 1996, m\u0103 aflam cu p\u0103rin\u0163ii \u00een cabana noastr\u0103, situat\u0103 \u00een mijlocul p\u0103durii. Toat\u0103 zona este \u00eenconjurat\u0103 de copaci gro\u015fi \u015fi \u00eenal\u0163i. Eu \u00eentotdeauna am avut parte de experien\u0163e paranormale, ca ... Cititi mai multe","og_url":"https:\/\/www.lovendal.ro\/wp52\/la-5-dimineata-o-fata-misterioasa-se-afla-catarata-intr-un-copac-de-20-de-metri-inaltime-in-mijlocul-padurii-fantoma-zana-sau-inger-pazitor\/","og_site_name":"Secretele lui Lovendal","article_publisher":"https:\/\/www.facebook.com\/secreteleluilovendal","article_published_time":"2012-09-01T19:07:18+00:00","og_image":[{"width":299,"height":261,"url":"https:\/\/www.lovendal.ro\/wp52\/wp-content\/uploads\/2012\/09\/fata-din-copac.jpg","type":"image\/jpeg"}],"author":"admin","twitter_card":"summary_large_image","twitter_misc":{"Scris de":"admin","Timp estimat pentru citire":"1 minut"},"schema":{"@context":"https:\/\/schema.org","@graph":[{"@type":"Article","@id":"https:\/\/www.lovendal.ro\/wp52\/la-5-dimineata-o-fata-misterioasa-se-afla-catarata-intr-un-copac-de-20-de-metri-inaltime-in-mijlocul-padurii-fantoma-zana-sau-inger-pazitor\/#article","isPartOf":{"@id":"https:\/\/www.lovendal.ro\/wp52\/la-5-dimineata-o-fata-misterioasa-se-afla-catarata-intr-un-copac-de-20-de-metri-inaltime-in-mijlocul-padurii-fantoma-zana-sau-inger-pazitor\/"},"author":{"name":"admin","@id":"https:\/\/www.lovendal.ro\/wp52\/#\/schema\/person\/088691de5dfc346bb0c023e1e52ef5d9"},"headline":"La 5 diminea\u0163a, o fat\u0103 misterioas\u0103 se afla c\u0103\u0163\u0103rat\u0103 \u00eentr-un copac de 20 de metri \u00een\u0103l\u0163ime, \u00een mijlocul p\u0103durii. Fantom\u0103, z\u00e2n\u0103 sau \u00eenger p\u0103zitor?","datePublished":"2012-09-01T19:07:18+00:00","mainEntityOfPage":{"@id":"https:\/\/www.lovendal.ro\/wp52\/la-5-dimineata-o-fata-misterioasa-se-afla-catarata-intr-un-copac-de-20-de-metri-inaltime-in-mijlocul-padurii-fantoma-zana-sau-inger-pazitor\/"},"wordCount":293,"commentCount":8,"publisher":{"@id":"https:\/\/www.lovendal.ro\/wp52\/#organization"},"image":{"@id":"https:\/\/www.lovendal.ro\/wp52\/la-5-dimineata-o-fata-misterioasa-se-afla-catarata-intr-un-copac-de-20-de-metri-inaltime-in-mijlocul-padurii-fantoma-zana-sau-inger-pazitor\/#primaryimage"},"thumbnailUrl":"https:\/\/www.lovendal.ro\/wp52\/wp-content\/uploads\/2012\/09\/fata-din-copac.jpg","keywords":["Bizar","caban\u0103","copaci","fantom\u0103","fat\u0103","\u00eenger","p\u0103dure","z\u00e2n\u0103"],"articleSection":["Bizar"],"inLanguage":"ro-RO","potentialAction":[{"@type":"CommentAction","name":"Comment","target":["https:\/\/www.lovendal.ro\/wp52\/la-5-dimineata-o-fata-misterioasa-se-afla-catarata-intr-un-copac-de-20-de-metri-inaltime-in-mijlocul-padurii-fantoma-zana-sau-inger-pazitor\/#respond"]}]},{"@type":"WebPage","@id":"https:\/\/www.lovendal.ro\/wp52\/la-5-dimineata-o-fata-misterioasa-se-afla-catarata-intr-un-copac-de-20-de-metri-inaltime-in-mijlocul-padurii-fantoma-zana-sau-inger-pazitor\/","url":"https:\/\/www.lovendal.ro\/wp52\/la-5-dimineata-o-fata-misterioasa-se-afla-catarata-intr-un-copac-de-20-de-metri-inaltime-in-mijlocul-padurii-fantoma-zana-sau-inger-pazitor\/","name":"La 5 diminea\u0163a, o fat\u0103 misterioas\u0103 se afla c\u0103\u0163\u0103rat\u0103 \u00eentr-un copac de 20 de metri \u00een\u0103l\u0163ime, \u00een mijlocul p\u0103durii. Fantom\u0103, z\u00e2n\u0103 sau \u00eenger p\u0103zitor? - Secretele lui Lovendal","isPartOf":{"@id":"https:\/\/www.lovendal.ro\/wp52\/#website"},"primaryImageOfPage":{"@id":"https:\/\/www.lovendal.ro\/wp52\/la-5-dimineata-o-fata-misterioasa-se-afla-catarata-intr-un-copac-de-20-de-metri-inaltime-in-mijlocul-padurii-fantoma-zana-sau-inger-pazitor\/#primaryimage"},"image":{"@id":"https:\/\/www.lovendal.ro\/wp52\/la-5-dimineata-o-fata-misterioasa-se-afla-catarata-intr-un-copac-de-20-de-metri-inaltime-in-mijlocul-padurii-fantoma-zana-sau-inger-pazitor\/#primaryimage"},"thumbnailUrl":"https:\/\/www.lovendal.ro\/wp52\/wp-content\/uploads\/2012\/09\/fata-din-copac.jpg","datePublished":"2012-09-01T19:07:18+00:00","breadcrumb":{"@id":"https:\/\/www.lovendal.ro\/wp52\/la-5-dimineata-o-fata-misterioasa-se-afla-catarata-intr-un-copac-de-20-de-metri-inaltime-in-mijlocul-padurii-fantoma-zana-sau-inger-pazitor\/#breadcrumb"},"inLanguage":"ro-RO","potentialAction":[{"@type":"ReadAction","target":["https:\/\/www.lovendal.ro\/wp52\/la-5-dimineata-o-fata-misterioasa-se-afla-catarata-intr-un-copac-de-20-de-metri-inaltime-in-mijlocul-padurii-fantoma-zana-sau-inger-pazitor\/"]}]},{"@type":"ImageObject","inLanguage":"ro-RO","@id":"https:\/\/www.lovendal.ro\/wp52\/la-5-dimineata-o-fata-misterioasa-se-afla-catarata-intr-un-copac-de-20-de-metri-inaltime-in-mijlocul-padurii-fantoma-zana-sau-inger-pazitor\/#primaryimage","url":"https:\/\/www.lovendal.ro\/wp52\/wp-content\/uploads\/2012\/09\/fata-din-copac.jpg","contentUrl":"https:\/\/www.lovendal.ro\/wp52\/wp-content\/uploads\/2012\/09\/fata-din-copac.jpg","width":"299","height":"261"},{"@type":"BreadcrumbList","@id":"https:\/\/www.lovendal.ro\/wp52\/la-5-dimineata-o-fata-misterioasa-se-afla-catarata-intr-un-copac-de-20-de-metri-inaltime-in-mijlocul-padurii-fantoma-zana-sau-inger-pazitor\/#breadcrumb","itemListElement":[{"@type":"ListItem","position":1,"name":"Home","item":"https:\/\/www.lovendal.ro\/wp52\/"},{"@type":"ListItem","position":2,"name":"La 5 diminea\u0163a, o fat\u0103 misterioas\u0103 se afla c\u0103\u0163\u0103rat\u0103 \u00eentr-un copac de 20 de metri \u00een\u0103l\u0163ime, \u00een mijlocul p\u0103durii. Fantom\u0103, z\u00e2n\u0103 sau \u00eenger p\u0103zitor?"}]},{"@type":"WebSite","@id":"https:\/\/www.lovendal.ro\/wp52\/#website","url":"https:\/\/www.lovendal.ro\/wp52\/","name":"Secretele lui Lovendal","description":"Site de secrete, stiinta si metafizica - din 2008 -","publisher":{"@id":"https:\/\/www.lovendal.ro\/wp52\/#organization"},"potentialAction":[{"@type":"SearchAction","target":{"@type":"EntryPoint","urlTemplate":"https:\/\/www.lovendal.ro\/wp52\/?s={search_term_string}"},"query-input":{"@type":"PropertyValueSpecification","valueRequired":true,"valueName":"search_term_string"}}],"inLanguage":"ro-RO"},{"@type":"Organization","@id":"https:\/\/www.lovendal.ro\/wp52\/#organization","name":"Secretele lui Lovendal","url":"https:\/\/www.lovendal.ro\/wp52\/","logo":{"@type":"ImageObject","inLanguage":"ro-RO","@id":"https:\/\/www.lovendal.ro\/wp52\/#\/schema\/logo\/image\/","url":"https:\/\/www.lovendal.ro\/wp52\/wp-content\/uploads\/2024\/06\/cropped-SLL-iun-2024-1.jpg","contentUrl":"https:\/\/www.lovendal.ro\/wp52\/wp-content\/uploads\/2024\/06\/cropped-SLL-iun-2024-1.jpg","width":771,"height":240,"caption":"Secretele lui Lovendal"},"image":{"@id":"https:\/\/www.lovendal.ro\/wp52\/#\/schema\/logo\/image\/"},"sameAs":["https:\/\/www.facebook.com\/secreteleluilovendal"]},{"@type":"Person","@id":"https:\/\/www.lovendal.ro\/wp52\/#\/schema\/person\/088691de5dfc346bb0c023e1e52ef5d9","name":"admin","image":{"@type":"ImageObject","inLanguage":"ro-RO","@id":"https:\/\/secure.gravatar.com\/avatar\/ecb9cd41f5f63c9c9b989999a59f6e2639a865ec361e9db054db0679a8f341c2?s=96&d=mm&r=g","url":"https:\/\/secure.gravatar.com\/avatar\/ecb9cd41f5f63c9c9b989999a59f6e2639a865ec361e9db054db0679a8f341c2?s=96&d=mm&r=g","contentUrl":"https:\/\/secure.gravatar.com\/avatar\/ecb9cd41f5f63c9c9b989999a59f6e2639a865ec361e9db054db0679a8f341c2?s=96&d=mm&r=g","caption":"admin"},"sameAs":["https:\/\/www.lovendal.ro\/wp52"]}]}},"_links":{"self":[{"href":"https:\/\/www.lovendal.ro\/wp52\/wp-json\/wp\/v2\/posts\/24816","targetHints":{"allow":["GET"]}}],"collection":[{"href":"https:\/\/www.lovendal.ro\/wp52\/wp-json\/wp\/v2\/posts"}],"about":[{"href":"https:\/\/www.lovendal.ro\/wp52\/wp-json\/wp\/v2\/types\/post"}],"author":[{"embeddable":true,"href":"https:\/\/www.lovendal.ro\/wp52\/wp-json\/wp\/v2\/users\/1"}],"replies":[{"embeddable":true,"href":"https:\/\/www.lovendal.ro\/wp52\/wp-json\/wp\/v2\/comments?post=24816"}],"version-history":[{"count":0,"href":"https:\/\/www.lovendal.ro\/wp52\/wp-json\/wp\/v2\/posts\/24816\/revisions"}],"wp:featuredmedia":[{"embeddable":true,"href":"https:\/\/www.lovendal.ro\/wp52\/wp-json\/wp\/v2\/media\/24817"}],"wp:attachment":[{"href":"https:\/\/www.lovendal.ro\/wp52\/wp-json\/wp\/v2\/media?parent=24816"}],"wp:term":[{"taxonomy":"category","embeddable":true,"href":"https:\/\/www.lovendal.ro\/wp52\/wp-json\/wp\/v2\/categories?post=24816"},{"taxonomy":"post_tag","embeddable":true,"href":"https:\/\/www.lovendal.ro\/wp52\/wp-json\/wp\/v2\/tags?post=24816"}],"curies":[{"name":"wp","href":"https:\/\/api.w.org\/{rel}","templated":true}]}}