{"id":24684,"date":"2012-08-20T14:29:31","date_gmt":"2012-08-20T11:29:31","guid":{"rendered":"http:\/\/www.lovendal.net\/wp52\/?p=24684"},"modified":"2016-01-31T14:09:25","modified_gmt":"2016-01-31T12:09:25","slug":"cum-a-pierdut-nasa-inregistrarile-originale-ale-asa-zisei-aselenizari-apollo-11-cat-de-perfizi-pot-fi-cei-de-la-nasa","status":"publish","type":"post","link":"https:\/\/www.lovendal.ro\/wp52\/cum-a-pierdut-nasa-inregistrarile-originale-ale-asa-zisei-aselenizari-apollo-11-cat-de-perfizi-pot-fi-cei-de-la-nasa\/","title":{"rendered":"Cum a pierdut NASA \u00eenregistr\u0103rile originale ale a\u015fa-zisei aseleniz\u0103ri Apollo 11 &#8230; C\u00e2t de perfizi pot fi cei de la NASA!"},"content":{"rendered":"<p><a href=\"https:\/\/www.lovendal.ro\/wp52\/wp-content\/uploads\/2012\/08\/Luna-aselenizare-film-12.jpg\"><img loading=\"lazy\" decoding=\"async\" class=\"alignleft size-full wp-image-24685\" title=\"Luna aselenizare film 12\" src=\"https:\/\/www.lovendal.ro\/wp52\/wp-content\/uploads\/2012\/08\/Luna-aselenizare-film-12.jpg\" alt=\"\" width=\"308\" height=\"284\" srcset=\"https:\/\/www.lovendal.ro\/wp52\/wp-content\/uploads\/2012\/08\/Luna-aselenizare-film-12.jpg 308w, https:\/\/www.lovendal.ro\/wp52\/wp-content\/uploads\/2012\/08\/Luna-aselenizare-film-12-300x276.jpg 300w\" sizes=\"auto, (max-width: 308px) 100vw, 308px\" \/><\/a>Acum o s\u0103pt\u0103m\u00e2n\u0103 explicam \u00eentr-un articol de ce sovieticii n-au reac\u0163ionat deloc la farsa aseleniz\u0103rii omului pe Lun\u0103, pus\u0103 la cale de NASA (<a href=\"https:\/\/www.lovendal.ro\/wp52\/o-enigma-istorica-daca-stiau-ca-aselenizarea-omului-e-o-farsa-a-americanilor-atunci-de-ce-sovieticii-n-au-reactionat-deloc\/\" target=\"_blank\"><strong>https:\/\/www.lovendal.ro\/wp52\/o-enigma-istorica-daca-stiau-ca-aselenizarea-omului-e-o-farsa-a-americanilor-atunci-de-ce-sovieticii-n-au-reactionat-deloc\/<\/strong><\/a>). Ast\u0103zi v\u0103 voi spune \u00eenc\u0103 un argument care demonstreaz\u0103 (pentru a c\u00e2ta oar\u0103?) c\u0103 omul n-a fost deloc pe Lun\u0103.<\/p>\n<p>Pe 16 iulie 1969, transmisiunea TV \u00een direct a a\u015fa-zisei aseleniz\u0103ri americane f\u0103cea \u00eenconjurul lumii. 600 de milioane de oameni urm\u0103reau acest eveniment istoric, adic\u0103 20% din umanitatea de atunci. \u00cens\u0103, aceast\u0103 transmisiune video era slab\u0103 calitativ, ca urmare a limit\u0103rilor tehnologice ale timpului. \u00cen 1969, doar o singur\u0103 lungime de und\u0103 era disponibil\u0103 pentru transmiterea semnalului video, a\u015fa c\u0103 transmisiunea TV a misiunii Apollo 11 era realizat\u0103 \u00een format SSTV, la 10 frame-uri pe secund\u0103 \u015fi o rezolu\u0163ie de 320 de linii.<\/p>\n<p>Dar, formatul SSTV era incompatibil cu standardele de televiziune NTSC, PAL \u015fi SECAM, astfel \u00eenc\u00e2t cei de la NASA au g\u0103sit solu\u0163ia: semnalul de pe Lun\u0103 era trimis unui monitor video de \u00eenalt\u0103 rezolu\u0163ie, iar o camer\u0103 de televiziune filma de pe ecran \u015fi transmitea \u00een \u00eentreaga lume. Dar, limit\u0103rile monitorului \u015fi a camerei de televiziune f\u0103cea ca \u00eenregistr\u0103rile originale SSTV s\u0103-\u015fi piard\u0103 mult din claritate.<\/p>\n<p>V\u0103 g\u00e2ndi\u0163i c\u0103 NASA a p\u0103strat aceste \u00eenregistr\u0103ri originale SSTV \u00eentr-un mediu controlat, cu o temperatur\u0103 constant\u0103&#8230; Ei bine, v\u0103 \u00een\u015fela\u0163i! \u00cen 2006, NASA a recunoscut c\u0103 a pierdut 700 de cutii cu benzi magnetice, inclusiv \u00eenregistr\u0103rile SSTV originale de pe Lun\u0103! Acestea ar fi putut fi tranformate \u00een videoclipuri de \u00eenalt\u0103 calitate, privind aselenizarea lui Apollo 11. De \u00eenalt\u0103 calitate? Ar fi fost prea periculos pentru NASA&#8230;pentru c\u0103 \u00een mod sigur s-ar fi descoperit gre\u015feli \u00een montarea filmului aseleniz\u0103rii. Iar NASA nu \u015fi-ar fi permis a\u015fa ceva. A\u015fa c\u0103 au anun\u0163at c\u0103 ele au fost pierdute!<\/p>\n","protected":false},"excerpt":{"rendered":"<p>Acum o s\u0103pt\u0103m\u00e2n\u0103 explicam \u00eentr-un articol de ce sovieticii n-au reac\u0163ionat deloc la farsa aseleniz\u0103rii omului pe Lun\u0103, pus\u0103 la cale de NASA (https:\/\/www.lovendal.ro\/wp52\/o-enigma-istorica-daca-stiau-ca-aselenizarea-omului-e-o-farsa-a-americanilor-atunci-de-ce-sovieticii-n-au-reactionat-deloc\/). Ast\u0103zi v\u0103 voi spune \u00eenc\u0103 un argument care demonstreaz\u0103 (pentru a c\u00e2ta oar\u0103?) c\u0103 omul n-a &#8230; <\/p>\n<p class=\"read-more-container\"><a title=\"Cum a pierdut NASA \u00eenregistr\u0103rile originale ale a\u015fa-zisei aseleniz\u0103ri Apollo 11 &#8230; C\u00e2t de perfizi pot fi cei de la NASA!\" class=\"read-more button\" href=\"https:\/\/www.lovendal.ro\/wp52\/cum-a-pierdut-nasa-inregistrarile-originale-ale-asa-zisei-aselenizari-apollo-11-cat-de-perfizi-pot-fi-cei-de-la-nasa\/#more-24684\" aria-label=\"Cite\u0219te mai multe despre Cum a pierdut NASA \u00eenregistr\u0103rile originale ale a\u015fa-zisei aseleniz\u0103ri Apollo 11 &#8230; C\u00e2t de perfizi pot fi cei de la NASA!\">Cititi mai multe<\/a><\/p>\n","protected":false},"author":1,"featured_media":24685,"comment_status":"open","ping_status":"closed","sticky":false,"template":"","format":"standard","meta":{"footnotes":""},"categories":[475],"tags":[2990,2075,358,149,150,5522,23,396,2042],"class_list":["post-24684","post","type-post","status-publish","format-standard","has-post-thumbnail","hentry","category-conspiratii-mistere","tag-apollo","tag-aselenizare","tag-conspiratii-si-mistere","tag-luna","tag-nasa","tag-sovietici","tag-sua","tag-televiziune","tag-videoclip","resize-featured-image"],"yoast_head":"<!-- This site is optimized with the Yoast SEO Premium plugin v23.3 (Yoast SEO v27.4) - https:\/\/yoast.com\/product\/yoast-seo-premium-wordpress\/ -->\n<title>Cum a pierdut NASA \u00eenregistr\u0103rile originale ale a\u015fa-zisei aseleniz\u0103ri Apollo 11 ... C\u00e2t de perfizi pot fi cei de la NASA! - Secretele lui Lovendal<\/title>\n<meta name=\"robots\" content=\"index, follow, max-snippet:-1, max-image-preview:large, max-video-preview:-1\" \/>\n<link rel=\"canonical\" href=\"https:\/\/www.lovendal.ro\/wp52\/cum-a-pierdut-nasa-inregistrarile-originale-ale-asa-zisei-aselenizari-apollo-11-cat-de-perfizi-pot-fi-cei-de-la-nasa\/\" \/>\n<meta property=\"og:locale\" content=\"ro_RO\" \/>\n<meta property=\"og:type\" content=\"article\" \/>\n<meta property=\"og:title\" content=\"Cum a pierdut NASA \u00eenregistr\u0103rile originale ale a\u015fa-zisei aseleniz\u0103ri Apollo 11 ... C\u00e2t de perfizi pot fi cei de la NASA!\" \/>\n<meta property=\"og:description\" content=\"Acum o s\u0103pt\u0103m\u00e2n\u0103 explicam \u00eentr-un articol de ce sovieticii n-au reac\u0163ionat deloc la farsa aseleniz\u0103rii omului pe Lun\u0103, pus\u0103 la cale de NASA (https:\/\/www.lovendal.ro\/wp52\/o-enigma-istorica-daca-stiau-ca-aselenizarea-omului-e-o-farsa-a-americanilor-atunci-de-ce-sovieticii-n-au-reactionat-deloc\/). Ast\u0103zi v\u0103 voi spune \u00eenc\u0103 un argument care demonstreaz\u0103 (pentru a c\u00e2ta oar\u0103?) c\u0103 omul n-a ... Cititi mai multe\" \/>\n<meta property=\"og:url\" content=\"https:\/\/www.lovendal.ro\/wp52\/cum-a-pierdut-nasa-inregistrarile-originale-ale-asa-zisei-aselenizari-apollo-11-cat-de-perfizi-pot-fi-cei-de-la-nasa\/\" \/>\n<meta property=\"og:site_name\" content=\"Secretele lui Lovendal\" \/>\n<meta property=\"article:publisher\" content=\"https:\/\/www.facebook.com\/secreteleluilovendal\" \/>\n<meta property=\"article:published_time\" content=\"2012-08-20T11:29:31+00:00\" \/>\n<meta property=\"article:modified_time\" content=\"2016-01-31T12:09:25+00:00\" \/>\n<meta property=\"og:image\" content=\"https:\/\/www.lovendal.ro\/wp52\/wp-content\/uploads\/2012\/08\/Luna-aselenizare-film-12.jpg\" \/>\n\t<meta property=\"og:image:width\" content=\"308\" \/>\n\t<meta property=\"og:image:height\" content=\"284\" \/>\n\t<meta property=\"og:image:type\" content=\"image\/jpeg\" \/>\n<meta name=\"author\" content=\"admin\" \/>\n<meta name=\"twitter:card\" content=\"summary_large_image\" \/>\n<meta name=\"twitter:label1\" content=\"Scris de\" \/>\n\t<meta name=\"twitter:data1\" content=\"admin\" \/>\n\t<meta name=\"twitter:label2\" content=\"Timp estimat pentru citire\" \/>\n\t<meta name=\"twitter:data2\" content=\"2 minute\" \/>\n<script type=\"application\/ld+json\" class=\"yoast-schema-graph\">{\"@context\":\"https:\\\/\\\/schema.org\",\"@graph\":[{\"@type\":\"Article\",\"@id\":\"https:\\\/\\\/www.lovendal.ro\\\/wp52\\\/cum-a-pierdut-nasa-inregistrarile-originale-ale-asa-zisei-aselenizari-apollo-11-cat-de-perfizi-pot-fi-cei-de-la-nasa\\\/#article\",\"isPartOf\":{\"@id\":\"https:\\\/\\\/www.lovendal.ro\\\/wp52\\\/cum-a-pierdut-nasa-inregistrarile-originale-ale-asa-zisei-aselenizari-apollo-11-cat-de-perfizi-pot-fi-cei-de-la-nasa\\\/\"},\"author\":{\"name\":\"admin\",\"@id\":\"https:\\\/\\\/www.lovendal.ro\\\/wp52\\\/#\\\/schema\\\/person\\\/088691de5dfc346bb0c023e1e52ef5d9\"},\"headline\":\"Cum a pierdut NASA \u00eenregistr\u0103rile originale ale a\u015fa-zisei aseleniz\u0103ri Apollo 11 &#8230; C\u00e2t de perfizi pot fi cei de la NASA!\",\"datePublished\":\"2012-08-20T11:29:31+00:00\",\"dateModified\":\"2016-01-31T12:09:25+00:00\",\"mainEntityOfPage\":{\"@id\":\"https:\\\/\\\/www.lovendal.ro\\\/wp52\\\/cum-a-pierdut-nasa-inregistrarile-originale-ale-asa-zisei-aselenizari-apollo-11-cat-de-perfizi-pot-fi-cei-de-la-nasa\\\/\"},\"wordCount\":343,\"commentCount\":21,\"publisher\":{\"@id\":\"https:\\\/\\\/www.lovendal.ro\\\/wp52\\\/#organization\"},\"image\":{\"@id\":\"https:\\\/\\\/www.lovendal.ro\\\/wp52\\\/cum-a-pierdut-nasa-inregistrarile-originale-ale-asa-zisei-aselenizari-apollo-11-cat-de-perfizi-pot-fi-cei-de-la-nasa\\\/#primaryimage\"},\"thumbnailUrl\":\"https:\\\/\\\/www.lovendal.ro\\\/wp52\\\/wp-content\\\/uploads\\\/2012\\\/08\\\/Luna-aselenizare-film-12.jpg\",\"keywords\":[\"Apollo\",\"aselenizare\",\"Conspiratii si Mistere\",\"Lun\u0103\",\"NASA\",\"sovietici\",\"SUA\",\"televiziune\",\"videoclip\"],\"articleSection\":[\"Conspiratii si Mistere\"],\"inLanguage\":\"ro-RO\",\"potentialAction\":[{\"@type\":\"CommentAction\",\"name\":\"Comment\",\"target\":[\"https:\\\/\\\/www.lovendal.ro\\\/wp52\\\/cum-a-pierdut-nasa-inregistrarile-originale-ale-asa-zisei-aselenizari-apollo-11-cat-de-perfizi-pot-fi-cei-de-la-nasa\\\/#respond\"]}]},{\"@type\":\"WebPage\",\"@id\":\"https:\\\/\\\/www.lovendal.ro\\\/wp52\\\/cum-a-pierdut-nasa-inregistrarile-originale-ale-asa-zisei-aselenizari-apollo-11-cat-de-perfizi-pot-fi-cei-de-la-nasa\\\/\",\"url\":\"https:\\\/\\\/www.lovendal.ro\\\/wp52\\\/cum-a-pierdut-nasa-inregistrarile-originale-ale-asa-zisei-aselenizari-apollo-11-cat-de-perfizi-pot-fi-cei-de-la-nasa\\\/\",\"name\":\"Cum a pierdut NASA \u00eenregistr\u0103rile originale ale a\u015fa-zisei aseleniz\u0103ri Apollo 11 ... C\u00e2t de perfizi pot fi cei de la NASA! - Secretele lui Lovendal\",\"isPartOf\":{\"@id\":\"https:\\\/\\\/www.lovendal.ro\\\/wp52\\\/#website\"},\"primaryImageOfPage\":{\"@id\":\"https:\\\/\\\/www.lovendal.ro\\\/wp52\\\/cum-a-pierdut-nasa-inregistrarile-originale-ale-asa-zisei-aselenizari-apollo-11-cat-de-perfizi-pot-fi-cei-de-la-nasa\\\/#primaryimage\"},\"image\":{\"@id\":\"https:\\\/\\\/www.lovendal.ro\\\/wp52\\\/cum-a-pierdut-nasa-inregistrarile-originale-ale-asa-zisei-aselenizari-apollo-11-cat-de-perfizi-pot-fi-cei-de-la-nasa\\\/#primaryimage\"},\"thumbnailUrl\":\"https:\\\/\\\/www.lovendal.ro\\\/wp52\\\/wp-content\\\/uploads\\\/2012\\\/08\\\/Luna-aselenizare-film-12.jpg\",\"datePublished\":\"2012-08-20T11:29:31+00:00\",\"dateModified\":\"2016-01-31T12:09:25+00:00\",\"breadcrumb\":{\"@id\":\"https:\\\/\\\/www.lovendal.ro\\\/wp52\\\/cum-a-pierdut-nasa-inregistrarile-originale-ale-asa-zisei-aselenizari-apollo-11-cat-de-perfizi-pot-fi-cei-de-la-nasa\\\/#breadcrumb\"},\"inLanguage\":\"ro-RO\",\"potentialAction\":[{\"@type\":\"ReadAction\",\"target\":[\"https:\\\/\\\/www.lovendal.ro\\\/wp52\\\/cum-a-pierdut-nasa-inregistrarile-originale-ale-asa-zisei-aselenizari-apollo-11-cat-de-perfizi-pot-fi-cei-de-la-nasa\\\/\"]}]},{\"@type\":\"ImageObject\",\"inLanguage\":\"ro-RO\",\"@id\":\"https:\\\/\\\/www.lovendal.ro\\\/wp52\\\/cum-a-pierdut-nasa-inregistrarile-originale-ale-asa-zisei-aselenizari-apollo-11-cat-de-perfizi-pot-fi-cei-de-la-nasa\\\/#primaryimage\",\"url\":\"https:\\\/\\\/www.lovendal.ro\\\/wp52\\\/wp-content\\\/uploads\\\/2012\\\/08\\\/Luna-aselenizare-film-12.jpg\",\"contentUrl\":\"https:\\\/\\\/www.lovendal.ro\\\/wp52\\\/wp-content\\\/uploads\\\/2012\\\/08\\\/Luna-aselenizare-film-12.jpg\",\"width\":\"308\",\"height\":\"284\"},{\"@type\":\"BreadcrumbList\",\"@id\":\"https:\\\/\\\/www.lovendal.ro\\\/wp52\\\/cum-a-pierdut-nasa-inregistrarile-originale-ale-asa-zisei-aselenizari-apollo-11-cat-de-perfizi-pot-fi-cei-de-la-nasa\\\/#breadcrumb\",\"itemListElement\":[{\"@type\":\"ListItem\",\"position\":1,\"name\":\"Home\",\"item\":\"https:\\\/\\\/www.lovendal.ro\\\/wp52\\\/\"},{\"@type\":\"ListItem\",\"position\":2,\"name\":\"Cum a pierdut NASA \u00eenregistr\u0103rile originale ale a\u015fa-zisei aseleniz\u0103ri Apollo 11 &#8230; C\u00e2t de perfizi pot fi cei de la NASA!\"}]},{\"@type\":\"WebSite\",\"@id\":\"https:\\\/\\\/www.lovendal.ro\\\/wp52\\\/#website\",\"url\":\"https:\\\/\\\/www.lovendal.ro\\\/wp52\\\/\",\"name\":\"Secretele lui Lovendal\",\"description\":\"Site de secrete, stiinta si metafizica - din 2008 -\",\"publisher\":{\"@id\":\"https:\\\/\\\/www.lovendal.ro\\\/wp52\\\/#organization\"},\"potentialAction\":[{\"@type\":\"SearchAction\",\"target\":{\"@type\":\"EntryPoint\",\"urlTemplate\":\"https:\\\/\\\/www.lovendal.ro\\\/wp52\\\/?s={search_term_string}\"},\"query-input\":{\"@type\":\"PropertyValueSpecification\",\"valueRequired\":true,\"valueName\":\"search_term_string\"}}],\"inLanguage\":\"ro-RO\"},{\"@type\":\"Organization\",\"@id\":\"https:\\\/\\\/www.lovendal.ro\\\/wp52\\\/#organization\",\"name\":\"Secretele lui Lovendal\",\"url\":\"https:\\\/\\\/www.lovendal.ro\\\/wp52\\\/\",\"logo\":{\"@type\":\"ImageObject\",\"inLanguage\":\"ro-RO\",\"@id\":\"https:\\\/\\\/www.lovendal.ro\\\/wp52\\\/#\\\/schema\\\/logo\\\/image\\\/\",\"url\":\"https:\\\/\\\/www.lovendal.ro\\\/wp52\\\/wp-content\\\/uploads\\\/2024\\\/06\\\/cropped-SLL-iun-2024-1.jpg\",\"contentUrl\":\"https:\\\/\\\/www.lovendal.ro\\\/wp52\\\/wp-content\\\/uploads\\\/2024\\\/06\\\/cropped-SLL-iun-2024-1.jpg\",\"width\":771,\"height\":240,\"caption\":\"Secretele lui Lovendal\"},\"image\":{\"@id\":\"https:\\\/\\\/www.lovendal.ro\\\/wp52\\\/#\\\/schema\\\/logo\\\/image\\\/\"},\"sameAs\":[\"https:\\\/\\\/www.facebook.com\\\/secreteleluilovendal\"]},{\"@type\":\"Person\",\"@id\":\"https:\\\/\\\/www.lovendal.ro\\\/wp52\\\/#\\\/schema\\\/person\\\/088691de5dfc346bb0c023e1e52ef5d9\",\"name\":\"admin\",\"image\":{\"@type\":\"ImageObject\",\"inLanguage\":\"ro-RO\",\"@id\":\"https:\\\/\\\/secure.gravatar.com\\\/avatar\\\/ecb9cd41f5f63c9c9b989999a59f6e2639a865ec361e9db054db0679a8f341c2?s=96&d=mm&r=g\",\"url\":\"https:\\\/\\\/secure.gravatar.com\\\/avatar\\\/ecb9cd41f5f63c9c9b989999a59f6e2639a865ec361e9db054db0679a8f341c2?s=96&d=mm&r=g\",\"contentUrl\":\"https:\\\/\\\/secure.gravatar.com\\\/avatar\\\/ecb9cd41f5f63c9c9b989999a59f6e2639a865ec361e9db054db0679a8f341c2?s=96&d=mm&r=g\",\"caption\":\"admin\"},\"sameAs\":[\"https:\\\/\\\/www.lovendal.ro\\\/wp52\"]}]}<\/script>\n<!-- \/ Yoast SEO Premium plugin. -->","yoast_head_json":{"title":"Cum a pierdut NASA \u00eenregistr\u0103rile originale ale a\u015fa-zisei aseleniz\u0103ri Apollo 11 ... C\u00e2t de perfizi pot fi cei de la NASA! - Secretele lui Lovendal","robots":{"index":"index","follow":"follow","max-snippet":"max-snippet:-1","max-image-preview":"max-image-preview:large","max-video-preview":"max-video-preview:-1"},"canonical":"https:\/\/www.lovendal.ro\/wp52\/cum-a-pierdut-nasa-inregistrarile-originale-ale-asa-zisei-aselenizari-apollo-11-cat-de-perfizi-pot-fi-cei-de-la-nasa\/","og_locale":"ro_RO","og_type":"article","og_title":"Cum a pierdut NASA \u00eenregistr\u0103rile originale ale a\u015fa-zisei aseleniz\u0103ri Apollo 11 ... C\u00e2t de perfizi pot fi cei de la NASA!","og_description":"Acum o s\u0103pt\u0103m\u00e2n\u0103 explicam \u00eentr-un articol de ce sovieticii n-au reac\u0163ionat deloc la farsa aseleniz\u0103rii omului pe Lun\u0103, pus\u0103 la cale de NASA (https:\/\/www.lovendal.ro\/wp52\/o-enigma-istorica-daca-stiau-ca-aselenizarea-omului-e-o-farsa-a-americanilor-atunci-de-ce-sovieticii-n-au-reactionat-deloc\/). Ast\u0103zi v\u0103 voi spune \u00eenc\u0103 un argument care demonstreaz\u0103 (pentru a c\u00e2ta oar\u0103?) c\u0103 omul n-a ... Cititi mai multe","og_url":"https:\/\/www.lovendal.ro\/wp52\/cum-a-pierdut-nasa-inregistrarile-originale-ale-asa-zisei-aselenizari-apollo-11-cat-de-perfizi-pot-fi-cei-de-la-nasa\/","og_site_name":"Secretele lui Lovendal","article_publisher":"https:\/\/www.facebook.com\/secreteleluilovendal","article_published_time":"2012-08-20T11:29:31+00:00","article_modified_time":"2016-01-31T12:09:25+00:00","og_image":[{"width":308,"height":284,"url":"https:\/\/www.lovendal.ro\/wp52\/wp-content\/uploads\/2012\/08\/Luna-aselenizare-film-12.jpg","type":"image\/jpeg"}],"author":"admin","twitter_card":"summary_large_image","twitter_misc":{"Scris de":"admin","Timp estimat pentru citire":"2 minute"},"schema":{"@context":"https:\/\/schema.org","@graph":[{"@type":"Article","@id":"https:\/\/www.lovendal.ro\/wp52\/cum-a-pierdut-nasa-inregistrarile-originale-ale-asa-zisei-aselenizari-apollo-11-cat-de-perfizi-pot-fi-cei-de-la-nasa\/#article","isPartOf":{"@id":"https:\/\/www.lovendal.ro\/wp52\/cum-a-pierdut-nasa-inregistrarile-originale-ale-asa-zisei-aselenizari-apollo-11-cat-de-perfizi-pot-fi-cei-de-la-nasa\/"},"author":{"name":"admin","@id":"https:\/\/www.lovendal.ro\/wp52\/#\/schema\/person\/088691de5dfc346bb0c023e1e52ef5d9"},"headline":"Cum a pierdut NASA \u00eenregistr\u0103rile originale ale a\u015fa-zisei aseleniz\u0103ri Apollo 11 &#8230; C\u00e2t de perfizi pot fi cei de la NASA!","datePublished":"2012-08-20T11:29:31+00:00","dateModified":"2016-01-31T12:09:25+00:00","mainEntityOfPage":{"@id":"https:\/\/www.lovendal.ro\/wp52\/cum-a-pierdut-nasa-inregistrarile-originale-ale-asa-zisei-aselenizari-apollo-11-cat-de-perfizi-pot-fi-cei-de-la-nasa\/"},"wordCount":343,"commentCount":21,"publisher":{"@id":"https:\/\/www.lovendal.ro\/wp52\/#organization"},"image":{"@id":"https:\/\/www.lovendal.ro\/wp52\/cum-a-pierdut-nasa-inregistrarile-originale-ale-asa-zisei-aselenizari-apollo-11-cat-de-perfizi-pot-fi-cei-de-la-nasa\/#primaryimage"},"thumbnailUrl":"https:\/\/www.lovendal.ro\/wp52\/wp-content\/uploads\/2012\/08\/Luna-aselenizare-film-12.jpg","keywords":["Apollo","aselenizare","Conspiratii si Mistere","Lun\u0103","NASA","sovietici","SUA","televiziune","videoclip"],"articleSection":["Conspiratii si Mistere"],"inLanguage":"ro-RO","potentialAction":[{"@type":"CommentAction","name":"Comment","target":["https:\/\/www.lovendal.ro\/wp52\/cum-a-pierdut-nasa-inregistrarile-originale-ale-asa-zisei-aselenizari-apollo-11-cat-de-perfizi-pot-fi-cei-de-la-nasa\/#respond"]}]},{"@type":"WebPage","@id":"https:\/\/www.lovendal.ro\/wp52\/cum-a-pierdut-nasa-inregistrarile-originale-ale-asa-zisei-aselenizari-apollo-11-cat-de-perfizi-pot-fi-cei-de-la-nasa\/","url":"https:\/\/www.lovendal.ro\/wp52\/cum-a-pierdut-nasa-inregistrarile-originale-ale-asa-zisei-aselenizari-apollo-11-cat-de-perfizi-pot-fi-cei-de-la-nasa\/","name":"Cum a pierdut NASA \u00eenregistr\u0103rile originale ale a\u015fa-zisei aseleniz\u0103ri Apollo 11 ... C\u00e2t de perfizi pot fi cei de la NASA! - Secretele lui Lovendal","isPartOf":{"@id":"https:\/\/www.lovendal.ro\/wp52\/#website"},"primaryImageOfPage":{"@id":"https:\/\/www.lovendal.ro\/wp52\/cum-a-pierdut-nasa-inregistrarile-originale-ale-asa-zisei-aselenizari-apollo-11-cat-de-perfizi-pot-fi-cei-de-la-nasa\/#primaryimage"},"image":{"@id":"https:\/\/www.lovendal.ro\/wp52\/cum-a-pierdut-nasa-inregistrarile-originale-ale-asa-zisei-aselenizari-apollo-11-cat-de-perfizi-pot-fi-cei-de-la-nasa\/#primaryimage"},"thumbnailUrl":"https:\/\/www.lovendal.ro\/wp52\/wp-content\/uploads\/2012\/08\/Luna-aselenizare-film-12.jpg","datePublished":"2012-08-20T11:29:31+00:00","dateModified":"2016-01-31T12:09:25+00:00","breadcrumb":{"@id":"https:\/\/www.lovendal.ro\/wp52\/cum-a-pierdut-nasa-inregistrarile-originale-ale-asa-zisei-aselenizari-apollo-11-cat-de-perfizi-pot-fi-cei-de-la-nasa\/#breadcrumb"},"inLanguage":"ro-RO","potentialAction":[{"@type":"ReadAction","target":["https:\/\/www.lovendal.ro\/wp52\/cum-a-pierdut-nasa-inregistrarile-originale-ale-asa-zisei-aselenizari-apollo-11-cat-de-perfizi-pot-fi-cei-de-la-nasa\/"]}]},{"@type":"ImageObject","inLanguage":"ro-RO","@id":"https:\/\/www.lovendal.ro\/wp52\/cum-a-pierdut-nasa-inregistrarile-originale-ale-asa-zisei-aselenizari-apollo-11-cat-de-perfizi-pot-fi-cei-de-la-nasa\/#primaryimage","url":"https:\/\/www.lovendal.ro\/wp52\/wp-content\/uploads\/2012\/08\/Luna-aselenizare-film-12.jpg","contentUrl":"https:\/\/www.lovendal.ro\/wp52\/wp-content\/uploads\/2012\/08\/Luna-aselenizare-film-12.jpg","width":"308","height":"284"},{"@type":"BreadcrumbList","@id":"https:\/\/www.lovendal.ro\/wp52\/cum-a-pierdut-nasa-inregistrarile-originale-ale-asa-zisei-aselenizari-apollo-11-cat-de-perfizi-pot-fi-cei-de-la-nasa\/#breadcrumb","itemListElement":[{"@type":"ListItem","position":1,"name":"Home","item":"https:\/\/www.lovendal.ro\/wp52\/"},{"@type":"ListItem","position":2,"name":"Cum a pierdut NASA \u00eenregistr\u0103rile originale ale a\u015fa-zisei aseleniz\u0103ri Apollo 11 &#8230; C\u00e2t de perfizi pot fi cei de la NASA!"}]},{"@type":"WebSite","@id":"https:\/\/www.lovendal.ro\/wp52\/#website","url":"https:\/\/www.lovendal.ro\/wp52\/","name":"Secretele lui Lovendal","description":"Site de secrete, stiinta si metafizica - din 2008 -","publisher":{"@id":"https:\/\/www.lovendal.ro\/wp52\/#organization"},"potentialAction":[{"@type":"SearchAction","target":{"@type":"EntryPoint","urlTemplate":"https:\/\/www.lovendal.ro\/wp52\/?s={search_term_string}"},"query-input":{"@type":"PropertyValueSpecification","valueRequired":true,"valueName":"search_term_string"}}],"inLanguage":"ro-RO"},{"@type":"Organization","@id":"https:\/\/www.lovendal.ro\/wp52\/#organization","name":"Secretele lui Lovendal","url":"https:\/\/www.lovendal.ro\/wp52\/","logo":{"@type":"ImageObject","inLanguage":"ro-RO","@id":"https:\/\/www.lovendal.ro\/wp52\/#\/schema\/logo\/image\/","url":"https:\/\/www.lovendal.ro\/wp52\/wp-content\/uploads\/2024\/06\/cropped-SLL-iun-2024-1.jpg","contentUrl":"https:\/\/www.lovendal.ro\/wp52\/wp-content\/uploads\/2024\/06\/cropped-SLL-iun-2024-1.jpg","width":771,"height":240,"caption":"Secretele lui Lovendal"},"image":{"@id":"https:\/\/www.lovendal.ro\/wp52\/#\/schema\/logo\/image\/"},"sameAs":["https:\/\/www.facebook.com\/secreteleluilovendal"]},{"@type":"Person","@id":"https:\/\/www.lovendal.ro\/wp52\/#\/schema\/person\/088691de5dfc346bb0c023e1e52ef5d9","name":"admin","image":{"@type":"ImageObject","inLanguage":"ro-RO","@id":"https:\/\/secure.gravatar.com\/avatar\/ecb9cd41f5f63c9c9b989999a59f6e2639a865ec361e9db054db0679a8f341c2?s=96&d=mm&r=g","url":"https:\/\/secure.gravatar.com\/avatar\/ecb9cd41f5f63c9c9b989999a59f6e2639a865ec361e9db054db0679a8f341c2?s=96&d=mm&r=g","contentUrl":"https:\/\/secure.gravatar.com\/avatar\/ecb9cd41f5f63c9c9b989999a59f6e2639a865ec361e9db054db0679a8f341c2?s=96&d=mm&r=g","caption":"admin"},"sameAs":["https:\/\/www.lovendal.ro\/wp52"]}]}},"_links":{"self":[{"href":"https:\/\/www.lovendal.ro\/wp52\/wp-json\/wp\/v2\/posts\/24684","targetHints":{"allow":["GET"]}}],"collection":[{"href":"https:\/\/www.lovendal.ro\/wp52\/wp-json\/wp\/v2\/posts"}],"about":[{"href":"https:\/\/www.lovendal.ro\/wp52\/wp-json\/wp\/v2\/types\/post"}],"author":[{"embeddable":true,"href":"https:\/\/www.lovendal.ro\/wp52\/wp-json\/wp\/v2\/users\/1"}],"replies":[{"embeddable":true,"href":"https:\/\/www.lovendal.ro\/wp52\/wp-json\/wp\/v2\/comments?post=24684"}],"version-history":[{"count":0,"href":"https:\/\/www.lovendal.ro\/wp52\/wp-json\/wp\/v2\/posts\/24684\/revisions"}],"wp:featuredmedia":[{"embeddable":true,"href":"https:\/\/www.lovendal.ro\/wp52\/wp-json\/wp\/v2\/media\/24685"}],"wp:attachment":[{"href":"https:\/\/www.lovendal.ro\/wp52\/wp-json\/wp\/v2\/media?parent=24684"}],"wp:term":[{"taxonomy":"category","embeddable":true,"href":"https:\/\/www.lovendal.ro\/wp52\/wp-json\/wp\/v2\/categories?post=24684"},{"taxonomy":"post_tag","embeddable":true,"href":"https:\/\/www.lovendal.ro\/wp52\/wp-json\/wp\/v2\/tags?post=24684"}],"curies":[{"name":"wp","href":"https:\/\/api.w.org\/{rel}","templated":true}]}}