{"id":24620,"date":"2012-08-16T10:02:39","date_gmt":"2012-08-16T07:02:39","guid":{"rendered":"http:\/\/www.lovendal.net\/wp52\/?p=24620"},"modified":"2012-08-16T10:05:26","modified_gmt":"2012-08-16T07:05:26","slug":"cazul-de-la-certesti-galati-cum-un-paznic-s-a-intalnit-cu-un-extraterestru-avorton-ce-avea-doar-doua-degete","status":"publish","type":"post","link":"https:\/\/www.lovendal.ro\/wp52\/cazul-de-la-certesti-galati-cum-un-paznic-s-a-intalnit-cu-un-extraterestru-avorton-ce-avea-doar-doua-degete\/","title":{"rendered":"Cazul de la Certe\u015fti (Gala\u0163i): cum un paznic s-a \u00eent\u00e2lnit cu un extraterestru \u201cavorton\u201d, ce avea doar dou\u0103 degete"},"content":{"rendered":"<p><a href=\"https:\/\/www.lovendal.ro\/wp52\/wp-content\/uploads\/2012\/08\/extraterestri1920.jpg\"><img loading=\"lazy\" decoding=\"async\" class=\"alignleft size-full wp-image-24621\" title=\"extraterestri1920\" src=\"https:\/\/www.lovendal.ro\/wp52\/wp-content\/uploads\/2012\/08\/extraterestri1920.jpg\" alt=\"\" width=\"305\" height=\"229\" srcset=\"https:\/\/www.lovendal.ro\/wp52\/wp-content\/uploads\/2012\/08\/extraterestri1920.jpg 305w, https:\/\/www.lovendal.ro\/wp52\/wp-content\/uploads\/2012\/08\/extraterestri1920-300x225.jpg 300w\" sizes=\"auto, (max-width: 305px) 100vw, 305px\" \/><\/a>Cel mai mediatizat caz din Rom\u00e2nia, de \u00eent\u00e2lnire de gradul III cu ni\u015fte extratere\u015ftri r\u0103m\u00e2ne cazul de la Certe\u015fti (Gala\u0163i) din 1996, \u00eentre un poli\u0163ist, un paznic \u015fi \u201eo fiin\u0163\u0103 ciudat\u0103 ce sem\u0103na fizic cu un nou-n\u0103scut dar mai deformat \u015fi mai \u00eenalt.&#8221;<\/p>\n<p>Conform \u201eEvenimentului zilei&#8221;, \u00een noaptea de 8-9 iulie 1996, ora 24, plt. Marian Mancu \u015fi paznicul Marcel Rusu, afla\u0163i \u00een misiune de patrulare, au auzit \u201eun zgomot asem\u0103n\u0103tor unui aspirator in func\u0163iune&#8221;. Au v\u0103zut imediat, la c\u00e2\u0163iva metri, \u201eun obiect de m\u0103rimea unui automobil cu luminile aprinse&#8221;. L\u00e2ng\u0103 el, pe asfalt, plutonierul a v\u0103zut extraterestrul descris mai \u00eenainte. Strigat \u00een ajutor, paznicul a r\u0103spuns cu voce sugrumat\u0103: <em>\u201eDa d-le plutonier, aici se afl\u0103 Satana!&#8221; <\/em>Aproape instantaneu, ciudata fiin\u0163\u0103 \u201ea disp\u0103rut \u00een interiorul obiectului luminos, f\u0103r\u0103 a folosi vreo intrare special\u0103&#8221; (paznicul a v\u0103zut \u201efiin\u0163a&#8221; plutind \u015fi d\u00e2nd ocol obiectului), apoi OZN-ul a decolat.<\/p>\n<p>Paznicul a v\u0103zut lucruri stupefiante: \u201etrei \u00ablighioane\u00bb sau \u00abfaraoni\u00bb au \u00eenceput s\u0103 zboare \u00een zig-zag, \u00een jurul \u00abar\u0103t\u0103rii\u00bb&#8221; (OZN-ul) iar la plecare \u201eau disp\u0103rut prin zid&#8221; \u00een OZN.<\/p>\n<p><em>\u201eAdev\u0103rul&#8221;<\/em> din 16.07.1996, p.10 adaug\u0103 noi informa\u0163ii interesante. De\u015fi avertizat de superiori c\u0103 \u201eva avea necazuri&#8221; dac\u0103 continu\u0103 s\u0103 povesteasc\u0103 ce a v\u0103zut, plt. Mancu avea s\u0103 completeze descrierea \u201efiin\u0163elor&#8221;: <em>\u201eSunt tehnician veterinar de meserie \u015fi pot s\u0103 v\u0103 spun c\u0103 ar\u0103ta ca un avorton. Avea bra\u0163ele sub\u0163iri, cu dou\u0103 degete&#8221;.<\/em> Poate este pentru prima oar\u0103 \u00een istorie c\u00e2nd E.T. este semnalat a avea doar 2 degete! \u201eFiin\u0163ele&#8221;, se arat\u0103, aveau cca. 80 cm \u00een\u0103l\u0163ime, capul alungit spre spate, urechile cl\u0103p\u0103uge, \u00eembr\u0103c\u0103minte lucitoare. Comunicau \u00eentre ele \u201ebolborosind&#8221;.<\/p>\n<p>Autenticitatea acestei \u201e\u00eent\u00e2lniri de gradul III&#8221; a fost confirmat\u0103 \u015fi de al\u0163i martori dar \u015fi de dispari\u0163ia Imaginii TV \u00een localitate, la acea or\u0103.<\/p>\n","protected":false},"excerpt":{"rendered":"<p>Cel mai mediatizat caz din Rom\u00e2nia, de \u00eent\u00e2lnire de gradul III cu ni\u015fte extratere\u015ftri r\u0103m\u00e2ne cazul de la Certe\u015fti (Gala\u0163i) din 1996, \u00eentre un poli\u0163ist, un paznic \u015fi \u201eo fiin\u0163\u0103 ciudat\u0103 ce sem\u0103na fizic cu un nou-n\u0103scut dar mai deformat &#8230; <\/p>\n<p class=\"read-more-container\"><a title=\"Cazul de la Certe\u015fti (Gala\u0163i): cum un paznic s-a \u00eent\u00e2lnit cu un extraterestru \u201cavorton\u201d, ce avea doar dou\u0103 degete\" class=\"read-more button\" href=\"https:\/\/www.lovendal.ro\/wp52\/cazul-de-la-certesti-galati-cum-un-paznic-s-a-intalnit-cu-un-extraterestru-avorton-ce-avea-doar-doua-degete\/#more-24620\" aria-label=\"Cite\u0219te mai multe despre Cazul de la Certe\u015fti (Gala\u0163i): cum un paznic s-a \u00eent\u00e2lnit cu un extraterestru \u201cavorton\u201d, ce avea doar dou\u0103 degete\">Cititi mai multe<\/a><\/p>\n","protected":false},"author":1,"featured_media":24621,"comment_status":"open","ping_status":"closed","sticky":false,"template":"","format":"standard","meta":{"footnotes":""},"categories":[14],"tags":[5527,2202,51,5528,50,9796,5529,74,184],"class_list":["post-24620","post","type-post","status-publish","format-standard","has-post-thumbnail","hentry","category-paranormal-spiritualitate","tag-avorton","tag-degete","tag-extraterestri","tag-galati","tag-ozn","tag-paranormal-spiritualitate","tag-paznic","tag-romania","tag-ureche","resize-featured-image"],"yoast_head":"<!-- This site is optimized with the Yoast SEO Premium plugin v23.3 (Yoast SEO v27.4) - https:\/\/yoast.com\/product\/yoast-seo-premium-wordpress\/ -->\n<title>Cazul de la Certe\u015fti (Gala\u0163i): cum un paznic s-a \u00eent\u00e2lnit cu un extraterestru \u201cavorton\u201d, ce avea doar dou\u0103 degete - Secretele lui Lovendal<\/title>\n<meta name=\"robots\" content=\"index, follow, max-snippet:-1, max-image-preview:large, max-video-preview:-1\" \/>\n<link rel=\"canonical\" href=\"https:\/\/www.lovendal.ro\/wp52\/cazul-de-la-certesti-galati-cum-un-paznic-s-a-intalnit-cu-un-extraterestru-avorton-ce-avea-doar-doua-degete\/\" \/>\n<meta property=\"og:locale\" content=\"ro_RO\" \/>\n<meta property=\"og:type\" content=\"article\" \/>\n<meta property=\"og:title\" content=\"Cazul de la Certe\u015fti (Gala\u0163i): cum un paznic s-a \u00eent\u00e2lnit cu un extraterestru \u201cavorton\u201d, ce avea doar dou\u0103 degete\" \/>\n<meta property=\"og:description\" content=\"Cel mai mediatizat caz din Rom\u00e2nia, de \u00eent\u00e2lnire de gradul III cu ni\u015fte extratere\u015ftri r\u0103m\u00e2ne cazul de la Certe\u015fti (Gala\u0163i) din 1996, \u00eentre un poli\u0163ist, un paznic \u015fi \u201eo fiin\u0163\u0103 ciudat\u0103 ce sem\u0103na fizic cu un nou-n\u0103scut dar mai deformat ... Cititi mai multe\" \/>\n<meta property=\"og:url\" content=\"https:\/\/www.lovendal.ro\/wp52\/cazul-de-la-certesti-galati-cum-un-paznic-s-a-intalnit-cu-un-extraterestru-avorton-ce-avea-doar-doua-degete\/\" \/>\n<meta property=\"og:site_name\" content=\"Secretele lui Lovendal\" \/>\n<meta property=\"article:publisher\" content=\"https:\/\/www.facebook.com\/secreteleluilovendal\" \/>\n<meta property=\"article:published_time\" content=\"2012-08-16T07:02:39+00:00\" \/>\n<meta property=\"article:modified_time\" content=\"2012-08-16T07:05:26+00:00\" \/>\n<meta property=\"og:image\" content=\"https:\/\/www.lovendal.ro\/wp52\/wp-content\/uploads\/2012\/08\/extraterestri1920.jpg\" \/>\n\t<meta property=\"og:image:width\" content=\"305\" \/>\n\t<meta property=\"og:image:height\" content=\"229\" \/>\n\t<meta property=\"og:image:type\" content=\"image\/jpeg\" \/>\n<meta name=\"author\" content=\"admin\" \/>\n<meta name=\"twitter:card\" content=\"summary_large_image\" \/>\n<meta name=\"twitter:label1\" content=\"Scris de\" \/>\n\t<meta name=\"twitter:data1\" content=\"admin\" \/>\n\t<meta name=\"twitter:label2\" content=\"Timp estimat pentru citire\" \/>\n\t<meta name=\"twitter:data2\" content=\"2 minute\" \/>\n<script type=\"application\/ld+json\" class=\"yoast-schema-graph\">{\"@context\":\"https:\\\/\\\/schema.org\",\"@graph\":[{\"@type\":\"Article\",\"@id\":\"https:\\\/\\\/www.lovendal.ro\\\/wp52\\\/cazul-de-la-certesti-galati-cum-un-paznic-s-a-intalnit-cu-un-extraterestru-avorton-ce-avea-doar-doua-degete\\\/#article\",\"isPartOf\":{\"@id\":\"https:\\\/\\\/www.lovendal.ro\\\/wp52\\\/cazul-de-la-certesti-galati-cum-un-paznic-s-a-intalnit-cu-un-extraterestru-avorton-ce-avea-doar-doua-degete\\\/\"},\"author\":{\"name\":\"admin\",\"@id\":\"https:\\\/\\\/www.lovendal.ro\\\/wp52\\\/#\\\/schema\\\/person\\\/088691de5dfc346bb0c023e1e52ef5d9\"},\"headline\":\"Cazul de la Certe\u015fti (Gala\u0163i): cum un paznic s-a \u00eent\u00e2lnit cu un extraterestru \u201cavorton\u201d, ce avea doar dou\u0103 degete\",\"datePublished\":\"2012-08-16T07:02:39+00:00\",\"dateModified\":\"2012-08-16T07:05:26+00:00\",\"mainEntityOfPage\":{\"@id\":\"https:\\\/\\\/www.lovendal.ro\\\/wp52\\\/cazul-de-la-certesti-galati-cum-un-paznic-s-a-intalnit-cu-un-extraterestru-avorton-ce-avea-doar-doua-degete\\\/\"},\"wordCount\":351,\"commentCount\":3,\"publisher\":{\"@id\":\"https:\\\/\\\/www.lovendal.ro\\\/wp52\\\/#organization\"},\"image\":{\"@id\":\"https:\\\/\\\/www.lovendal.ro\\\/wp52\\\/cazul-de-la-certesti-galati-cum-un-paznic-s-a-intalnit-cu-un-extraterestru-avorton-ce-avea-doar-doua-degete\\\/#primaryimage\"},\"thumbnailUrl\":\"https:\\\/\\\/www.lovendal.ro\\\/wp52\\\/wp-content\\\/uploads\\\/2012\\\/08\\\/extraterestri1920.jpg\",\"keywords\":[\"avorton\",\"degete\",\"extratere\u015ftri\",\"Gala\u0163i\",\"OZN\",\"Paranormal-Spiritualitate\",\"paznic\",\"Rom\u00e2nia\",\"ureche\"],\"articleSection\":[\"Paranormal-Spiritualitate\"],\"inLanguage\":\"ro-RO\",\"potentialAction\":[{\"@type\":\"CommentAction\",\"name\":\"Comment\",\"target\":[\"https:\\\/\\\/www.lovendal.ro\\\/wp52\\\/cazul-de-la-certesti-galati-cum-un-paznic-s-a-intalnit-cu-un-extraterestru-avorton-ce-avea-doar-doua-degete\\\/#respond\"]}]},{\"@type\":\"WebPage\",\"@id\":\"https:\\\/\\\/www.lovendal.ro\\\/wp52\\\/cazul-de-la-certesti-galati-cum-un-paznic-s-a-intalnit-cu-un-extraterestru-avorton-ce-avea-doar-doua-degete\\\/\",\"url\":\"https:\\\/\\\/www.lovendal.ro\\\/wp52\\\/cazul-de-la-certesti-galati-cum-un-paznic-s-a-intalnit-cu-un-extraterestru-avorton-ce-avea-doar-doua-degete\\\/\",\"name\":\"Cazul de la Certe\u015fti (Gala\u0163i): cum un paznic s-a \u00eent\u00e2lnit cu un extraterestru \u201cavorton\u201d, ce avea doar dou\u0103 degete - Secretele lui Lovendal\",\"isPartOf\":{\"@id\":\"https:\\\/\\\/www.lovendal.ro\\\/wp52\\\/#website\"},\"primaryImageOfPage\":{\"@id\":\"https:\\\/\\\/www.lovendal.ro\\\/wp52\\\/cazul-de-la-certesti-galati-cum-un-paznic-s-a-intalnit-cu-un-extraterestru-avorton-ce-avea-doar-doua-degete\\\/#primaryimage\"},\"image\":{\"@id\":\"https:\\\/\\\/www.lovendal.ro\\\/wp52\\\/cazul-de-la-certesti-galati-cum-un-paznic-s-a-intalnit-cu-un-extraterestru-avorton-ce-avea-doar-doua-degete\\\/#primaryimage\"},\"thumbnailUrl\":\"https:\\\/\\\/www.lovendal.ro\\\/wp52\\\/wp-content\\\/uploads\\\/2012\\\/08\\\/extraterestri1920.jpg\",\"datePublished\":\"2012-08-16T07:02:39+00:00\",\"dateModified\":\"2012-08-16T07:05:26+00:00\",\"breadcrumb\":{\"@id\":\"https:\\\/\\\/www.lovendal.ro\\\/wp52\\\/cazul-de-la-certesti-galati-cum-un-paznic-s-a-intalnit-cu-un-extraterestru-avorton-ce-avea-doar-doua-degete\\\/#breadcrumb\"},\"inLanguage\":\"ro-RO\",\"potentialAction\":[{\"@type\":\"ReadAction\",\"target\":[\"https:\\\/\\\/www.lovendal.ro\\\/wp52\\\/cazul-de-la-certesti-galati-cum-un-paznic-s-a-intalnit-cu-un-extraterestru-avorton-ce-avea-doar-doua-degete\\\/\"]}]},{\"@type\":\"ImageObject\",\"inLanguage\":\"ro-RO\",\"@id\":\"https:\\\/\\\/www.lovendal.ro\\\/wp52\\\/cazul-de-la-certesti-galati-cum-un-paznic-s-a-intalnit-cu-un-extraterestru-avorton-ce-avea-doar-doua-degete\\\/#primaryimage\",\"url\":\"https:\\\/\\\/www.lovendal.ro\\\/wp52\\\/wp-content\\\/uploads\\\/2012\\\/08\\\/extraterestri1920.jpg\",\"contentUrl\":\"https:\\\/\\\/www.lovendal.ro\\\/wp52\\\/wp-content\\\/uploads\\\/2012\\\/08\\\/extraterestri1920.jpg\",\"width\":\"305\",\"height\":\"229\"},{\"@type\":\"BreadcrumbList\",\"@id\":\"https:\\\/\\\/www.lovendal.ro\\\/wp52\\\/cazul-de-la-certesti-galati-cum-un-paznic-s-a-intalnit-cu-un-extraterestru-avorton-ce-avea-doar-doua-degete\\\/#breadcrumb\",\"itemListElement\":[{\"@type\":\"ListItem\",\"position\":1,\"name\":\"Home\",\"item\":\"https:\\\/\\\/www.lovendal.ro\\\/wp52\\\/\"},{\"@type\":\"ListItem\",\"position\":2,\"name\":\"Cazul de la Certe\u015fti (Gala\u0163i): cum un paznic s-a \u00eent\u00e2lnit cu un extraterestru \u201cavorton\u201d, ce avea doar dou\u0103 degete\"}]},{\"@type\":\"WebSite\",\"@id\":\"https:\\\/\\\/www.lovendal.ro\\\/wp52\\\/#website\",\"url\":\"https:\\\/\\\/www.lovendal.ro\\\/wp52\\\/\",\"name\":\"Secretele lui Lovendal\",\"description\":\"Site de secrete, stiinta si metafizica - din 2008 -\",\"publisher\":{\"@id\":\"https:\\\/\\\/www.lovendal.ro\\\/wp52\\\/#organization\"},\"potentialAction\":[{\"@type\":\"SearchAction\",\"target\":{\"@type\":\"EntryPoint\",\"urlTemplate\":\"https:\\\/\\\/www.lovendal.ro\\\/wp52\\\/?s={search_term_string}\"},\"query-input\":{\"@type\":\"PropertyValueSpecification\",\"valueRequired\":true,\"valueName\":\"search_term_string\"}}],\"inLanguage\":\"ro-RO\"},{\"@type\":\"Organization\",\"@id\":\"https:\\\/\\\/www.lovendal.ro\\\/wp52\\\/#organization\",\"name\":\"Secretele lui Lovendal\",\"url\":\"https:\\\/\\\/www.lovendal.ro\\\/wp52\\\/\",\"logo\":{\"@type\":\"ImageObject\",\"inLanguage\":\"ro-RO\",\"@id\":\"https:\\\/\\\/www.lovendal.ro\\\/wp52\\\/#\\\/schema\\\/logo\\\/image\\\/\",\"url\":\"https:\\\/\\\/www.lovendal.ro\\\/wp52\\\/wp-content\\\/uploads\\\/2024\\\/06\\\/cropped-SLL-iun-2024-1.jpg\",\"contentUrl\":\"https:\\\/\\\/www.lovendal.ro\\\/wp52\\\/wp-content\\\/uploads\\\/2024\\\/06\\\/cropped-SLL-iun-2024-1.jpg\",\"width\":771,\"height\":240,\"caption\":\"Secretele lui Lovendal\"},\"image\":{\"@id\":\"https:\\\/\\\/www.lovendal.ro\\\/wp52\\\/#\\\/schema\\\/logo\\\/image\\\/\"},\"sameAs\":[\"https:\\\/\\\/www.facebook.com\\\/secreteleluilovendal\"]},{\"@type\":\"Person\",\"@id\":\"https:\\\/\\\/www.lovendal.ro\\\/wp52\\\/#\\\/schema\\\/person\\\/088691de5dfc346bb0c023e1e52ef5d9\",\"name\":\"admin\",\"image\":{\"@type\":\"ImageObject\",\"inLanguage\":\"ro-RO\",\"@id\":\"https:\\\/\\\/secure.gravatar.com\\\/avatar\\\/ecb9cd41f5f63c9c9b989999a59f6e2639a865ec361e9db054db0679a8f341c2?s=96&d=mm&r=g\",\"url\":\"https:\\\/\\\/secure.gravatar.com\\\/avatar\\\/ecb9cd41f5f63c9c9b989999a59f6e2639a865ec361e9db054db0679a8f341c2?s=96&d=mm&r=g\",\"contentUrl\":\"https:\\\/\\\/secure.gravatar.com\\\/avatar\\\/ecb9cd41f5f63c9c9b989999a59f6e2639a865ec361e9db054db0679a8f341c2?s=96&d=mm&r=g\",\"caption\":\"admin\"},\"sameAs\":[\"https:\\\/\\\/www.lovendal.ro\\\/wp52\"]}]}<\/script>\n<!-- \/ Yoast SEO Premium plugin. -->","yoast_head_json":{"title":"Cazul de la Certe\u015fti (Gala\u0163i): cum un paznic s-a \u00eent\u00e2lnit cu un extraterestru \u201cavorton\u201d, ce avea doar dou\u0103 degete - Secretele lui Lovendal","robots":{"index":"index","follow":"follow","max-snippet":"max-snippet:-1","max-image-preview":"max-image-preview:large","max-video-preview":"max-video-preview:-1"},"canonical":"https:\/\/www.lovendal.ro\/wp52\/cazul-de-la-certesti-galati-cum-un-paznic-s-a-intalnit-cu-un-extraterestru-avorton-ce-avea-doar-doua-degete\/","og_locale":"ro_RO","og_type":"article","og_title":"Cazul de la Certe\u015fti (Gala\u0163i): cum un paznic s-a \u00eent\u00e2lnit cu un extraterestru \u201cavorton\u201d, ce avea doar dou\u0103 degete","og_description":"Cel mai mediatizat caz din Rom\u00e2nia, de \u00eent\u00e2lnire de gradul III cu ni\u015fte extratere\u015ftri r\u0103m\u00e2ne cazul de la Certe\u015fti (Gala\u0163i) din 1996, \u00eentre un poli\u0163ist, un paznic \u015fi \u201eo fiin\u0163\u0103 ciudat\u0103 ce sem\u0103na fizic cu un nou-n\u0103scut dar mai deformat ... Cititi mai multe","og_url":"https:\/\/www.lovendal.ro\/wp52\/cazul-de-la-certesti-galati-cum-un-paznic-s-a-intalnit-cu-un-extraterestru-avorton-ce-avea-doar-doua-degete\/","og_site_name":"Secretele lui Lovendal","article_publisher":"https:\/\/www.facebook.com\/secreteleluilovendal","article_published_time":"2012-08-16T07:02:39+00:00","article_modified_time":"2012-08-16T07:05:26+00:00","og_image":[{"width":305,"height":229,"url":"https:\/\/www.lovendal.ro\/wp52\/wp-content\/uploads\/2012\/08\/extraterestri1920.jpg","type":"image\/jpeg"}],"author":"admin","twitter_card":"summary_large_image","twitter_misc":{"Scris de":"admin","Timp estimat pentru citire":"2 minute"},"schema":{"@context":"https:\/\/schema.org","@graph":[{"@type":"Article","@id":"https:\/\/www.lovendal.ro\/wp52\/cazul-de-la-certesti-galati-cum-un-paznic-s-a-intalnit-cu-un-extraterestru-avorton-ce-avea-doar-doua-degete\/#article","isPartOf":{"@id":"https:\/\/www.lovendal.ro\/wp52\/cazul-de-la-certesti-galati-cum-un-paznic-s-a-intalnit-cu-un-extraterestru-avorton-ce-avea-doar-doua-degete\/"},"author":{"name":"admin","@id":"https:\/\/www.lovendal.ro\/wp52\/#\/schema\/person\/088691de5dfc346bb0c023e1e52ef5d9"},"headline":"Cazul de la Certe\u015fti (Gala\u0163i): cum un paznic s-a \u00eent\u00e2lnit cu un extraterestru \u201cavorton\u201d, ce avea doar dou\u0103 degete","datePublished":"2012-08-16T07:02:39+00:00","dateModified":"2012-08-16T07:05:26+00:00","mainEntityOfPage":{"@id":"https:\/\/www.lovendal.ro\/wp52\/cazul-de-la-certesti-galati-cum-un-paznic-s-a-intalnit-cu-un-extraterestru-avorton-ce-avea-doar-doua-degete\/"},"wordCount":351,"commentCount":3,"publisher":{"@id":"https:\/\/www.lovendal.ro\/wp52\/#organization"},"image":{"@id":"https:\/\/www.lovendal.ro\/wp52\/cazul-de-la-certesti-galati-cum-un-paznic-s-a-intalnit-cu-un-extraterestru-avorton-ce-avea-doar-doua-degete\/#primaryimage"},"thumbnailUrl":"https:\/\/www.lovendal.ro\/wp52\/wp-content\/uploads\/2012\/08\/extraterestri1920.jpg","keywords":["avorton","degete","extratere\u015ftri","Gala\u0163i","OZN","Paranormal-Spiritualitate","paznic","Rom\u00e2nia","ureche"],"articleSection":["Paranormal-Spiritualitate"],"inLanguage":"ro-RO","potentialAction":[{"@type":"CommentAction","name":"Comment","target":["https:\/\/www.lovendal.ro\/wp52\/cazul-de-la-certesti-galati-cum-un-paznic-s-a-intalnit-cu-un-extraterestru-avorton-ce-avea-doar-doua-degete\/#respond"]}]},{"@type":"WebPage","@id":"https:\/\/www.lovendal.ro\/wp52\/cazul-de-la-certesti-galati-cum-un-paznic-s-a-intalnit-cu-un-extraterestru-avorton-ce-avea-doar-doua-degete\/","url":"https:\/\/www.lovendal.ro\/wp52\/cazul-de-la-certesti-galati-cum-un-paznic-s-a-intalnit-cu-un-extraterestru-avorton-ce-avea-doar-doua-degete\/","name":"Cazul de la Certe\u015fti (Gala\u0163i): cum un paznic s-a \u00eent\u00e2lnit cu un extraterestru \u201cavorton\u201d, ce avea doar dou\u0103 degete - Secretele lui Lovendal","isPartOf":{"@id":"https:\/\/www.lovendal.ro\/wp52\/#website"},"primaryImageOfPage":{"@id":"https:\/\/www.lovendal.ro\/wp52\/cazul-de-la-certesti-galati-cum-un-paznic-s-a-intalnit-cu-un-extraterestru-avorton-ce-avea-doar-doua-degete\/#primaryimage"},"image":{"@id":"https:\/\/www.lovendal.ro\/wp52\/cazul-de-la-certesti-galati-cum-un-paznic-s-a-intalnit-cu-un-extraterestru-avorton-ce-avea-doar-doua-degete\/#primaryimage"},"thumbnailUrl":"https:\/\/www.lovendal.ro\/wp52\/wp-content\/uploads\/2012\/08\/extraterestri1920.jpg","datePublished":"2012-08-16T07:02:39+00:00","dateModified":"2012-08-16T07:05:26+00:00","breadcrumb":{"@id":"https:\/\/www.lovendal.ro\/wp52\/cazul-de-la-certesti-galati-cum-un-paznic-s-a-intalnit-cu-un-extraterestru-avorton-ce-avea-doar-doua-degete\/#breadcrumb"},"inLanguage":"ro-RO","potentialAction":[{"@type":"ReadAction","target":["https:\/\/www.lovendal.ro\/wp52\/cazul-de-la-certesti-galati-cum-un-paznic-s-a-intalnit-cu-un-extraterestru-avorton-ce-avea-doar-doua-degete\/"]}]},{"@type":"ImageObject","inLanguage":"ro-RO","@id":"https:\/\/www.lovendal.ro\/wp52\/cazul-de-la-certesti-galati-cum-un-paznic-s-a-intalnit-cu-un-extraterestru-avorton-ce-avea-doar-doua-degete\/#primaryimage","url":"https:\/\/www.lovendal.ro\/wp52\/wp-content\/uploads\/2012\/08\/extraterestri1920.jpg","contentUrl":"https:\/\/www.lovendal.ro\/wp52\/wp-content\/uploads\/2012\/08\/extraterestri1920.jpg","width":"305","height":"229"},{"@type":"BreadcrumbList","@id":"https:\/\/www.lovendal.ro\/wp52\/cazul-de-la-certesti-galati-cum-un-paznic-s-a-intalnit-cu-un-extraterestru-avorton-ce-avea-doar-doua-degete\/#breadcrumb","itemListElement":[{"@type":"ListItem","position":1,"name":"Home","item":"https:\/\/www.lovendal.ro\/wp52\/"},{"@type":"ListItem","position":2,"name":"Cazul de la Certe\u015fti (Gala\u0163i): cum un paznic s-a \u00eent\u00e2lnit cu un extraterestru \u201cavorton\u201d, ce avea doar dou\u0103 degete"}]},{"@type":"WebSite","@id":"https:\/\/www.lovendal.ro\/wp52\/#website","url":"https:\/\/www.lovendal.ro\/wp52\/","name":"Secretele lui Lovendal","description":"Site de secrete, stiinta si metafizica - din 2008 -","publisher":{"@id":"https:\/\/www.lovendal.ro\/wp52\/#organization"},"potentialAction":[{"@type":"SearchAction","target":{"@type":"EntryPoint","urlTemplate":"https:\/\/www.lovendal.ro\/wp52\/?s={search_term_string}"},"query-input":{"@type":"PropertyValueSpecification","valueRequired":true,"valueName":"search_term_string"}}],"inLanguage":"ro-RO"},{"@type":"Organization","@id":"https:\/\/www.lovendal.ro\/wp52\/#organization","name":"Secretele lui Lovendal","url":"https:\/\/www.lovendal.ro\/wp52\/","logo":{"@type":"ImageObject","inLanguage":"ro-RO","@id":"https:\/\/www.lovendal.ro\/wp52\/#\/schema\/logo\/image\/","url":"https:\/\/www.lovendal.ro\/wp52\/wp-content\/uploads\/2024\/06\/cropped-SLL-iun-2024-1.jpg","contentUrl":"https:\/\/www.lovendal.ro\/wp52\/wp-content\/uploads\/2024\/06\/cropped-SLL-iun-2024-1.jpg","width":771,"height":240,"caption":"Secretele lui Lovendal"},"image":{"@id":"https:\/\/www.lovendal.ro\/wp52\/#\/schema\/logo\/image\/"},"sameAs":["https:\/\/www.facebook.com\/secreteleluilovendal"]},{"@type":"Person","@id":"https:\/\/www.lovendal.ro\/wp52\/#\/schema\/person\/088691de5dfc346bb0c023e1e52ef5d9","name":"admin","image":{"@type":"ImageObject","inLanguage":"ro-RO","@id":"https:\/\/secure.gravatar.com\/avatar\/ecb9cd41f5f63c9c9b989999a59f6e2639a865ec361e9db054db0679a8f341c2?s=96&d=mm&r=g","url":"https:\/\/secure.gravatar.com\/avatar\/ecb9cd41f5f63c9c9b989999a59f6e2639a865ec361e9db054db0679a8f341c2?s=96&d=mm&r=g","contentUrl":"https:\/\/secure.gravatar.com\/avatar\/ecb9cd41f5f63c9c9b989999a59f6e2639a865ec361e9db054db0679a8f341c2?s=96&d=mm&r=g","caption":"admin"},"sameAs":["https:\/\/www.lovendal.ro\/wp52"]}]}},"_links":{"self":[{"href":"https:\/\/www.lovendal.ro\/wp52\/wp-json\/wp\/v2\/posts\/24620","targetHints":{"allow":["GET"]}}],"collection":[{"href":"https:\/\/www.lovendal.ro\/wp52\/wp-json\/wp\/v2\/posts"}],"about":[{"href":"https:\/\/www.lovendal.ro\/wp52\/wp-json\/wp\/v2\/types\/post"}],"author":[{"embeddable":true,"href":"https:\/\/www.lovendal.ro\/wp52\/wp-json\/wp\/v2\/users\/1"}],"replies":[{"embeddable":true,"href":"https:\/\/www.lovendal.ro\/wp52\/wp-json\/wp\/v2\/comments?post=24620"}],"version-history":[{"count":0,"href":"https:\/\/www.lovendal.ro\/wp52\/wp-json\/wp\/v2\/posts\/24620\/revisions"}],"wp:featuredmedia":[{"embeddable":true,"href":"https:\/\/www.lovendal.ro\/wp52\/wp-json\/wp\/v2\/media\/24621"}],"wp:attachment":[{"href":"https:\/\/www.lovendal.ro\/wp52\/wp-json\/wp\/v2\/media?parent=24620"}],"wp:term":[{"taxonomy":"category","embeddable":true,"href":"https:\/\/www.lovendal.ro\/wp52\/wp-json\/wp\/v2\/categories?post=24620"},{"taxonomy":"post_tag","embeddable":true,"href":"https:\/\/www.lovendal.ro\/wp52\/wp-json\/wp\/v2\/tags?post=24620"}],"curies":[{"name":"wp","href":"https:\/\/api.w.org\/{rel}","templated":true}]}}