{"id":24408,"date":"2012-07-30T13:47:53","date_gmt":"2012-07-30T10:47:53","guid":{"rendered":"http:\/\/www.lovendal.net\/wp52\/?p=24408"},"modified":"2012-07-30T13:55:08","modified_gmt":"2012-07-30T10:55:08","slug":"pasarile-la-fel-de-inteligente-ca-un-copil-de-7-ani-tot-mai-credeti-ca-evolutionismul-e-teoria-corecta","status":"publish","type":"post","link":"https:\/\/www.lovendal.ro\/wp52\/pasarile-la-fel-de-inteligente-ca-un-copil-de-7-ani-tot-mai-credeti-ca-evolutionismul-e-teoria-corecta\/","title":{"rendered":"P\u0103s\u0103rile, la fel de inteligente ca un copil de 7 ani\u2026 Tot mai crede\u0163i c\u0103 evolu\u0163ionismul e teoria corect\u0103?"},"content":{"rendered":"<p><a href=\"https:\/\/www.lovendal.ro\/wp52\/wp-content\/uploads\/2012\/07\/pasare140.jpg\"><img loading=\"lazy\" decoding=\"async\" class=\"alignleft size-full wp-image-24409\" title=\"pasare140\" src=\"https:\/\/www.lovendal.ro\/wp52\/wp-content\/uploads\/2012\/07\/pasare140.jpg\" alt=\"\" width=\"306\" height=\"204\" srcset=\"https:\/\/www.lovendal.ro\/wp52\/wp-content\/uploads\/2012\/07\/pasare140.jpg 306w, https:\/\/www.lovendal.ro\/wp52\/wp-content\/uploads\/2012\/07\/pasare140-300x200.jpg 300w\" sizes=\"auto, (max-width: 306px) 100vw, 306px\" \/><\/a>Atunci c\u00e2nd vorbeam acum c\u00e2teva luni despre inteligen\u0163a uimitoare a papagalului Alex (<a href=\"https:\/\/www.lovendal.ro\/wp52\/inteligenta-incredibila-a-papagalului-alex-o-sfidare-la-adresa-teoriei-evolutioniste-tot-creationismul-are-dreptate\/\" target=\"_blank\"><strong>https:\/\/www.lovendal.ro\/wp52\/inteligenta-incredibila-a-papagalului-alex-o-sfidare-la-adresa-teoriei-evolutioniste-tot-creationismul-are-dreptate\/<\/strong><\/a>), la &#8222;Comentarii&#8221;, s-a g\u0103sit un &#8222;inteligent&#8221;, pe numele Persona care \u00eemi spune, cu aerul unui specialist \u00een domeniu care \u015ftie ce vorbe\u015fte \u015fi a studiat subiectul sute de ani c\u0103 <em>&#8222;S-a demonstrat prin diverse teste faptul ca cimpanzeii sunt mai destepti decat copiii mici, declaratia ta ca &#8222;acum vor spune ca ne tragem din pasari&#8221; arata tuturor cat de ignorant esti in fata stiintei. Documenteaza-te inainte sa arunci cu astfel de aberatii&#8230;&#8221; <\/em>Am \u00een\u0163eles c\u0103 Persona este un om cu o inteligen\u0163\u0103 sclipitoare (sau a\u015fa vrea s\u0103 se cread\u0103), \u00eens\u0103 din p\u0103cate, \u00een ceea ce a scris exist\u0103 multe inconsisten\u0163e:<\/p>\n<p>(1) Nu a precizat sursa studiilor care arat\u0103 c\u0103 cimpanzeii sunt mai de\u015ftep\u0163i dec\u00e2t copiii mici.<\/p>\n<p>(2) Care e v\u00e2rsta acelor copii mici? 2 ani? 3 ani? 5 ani? 7 ani? F\u0103r\u0103 a spune o v\u00e2rst\u0103 specific\u0103, e o imens\u0103 prostie, pentru c\u0103 se \u015ftie c\u0103 exist\u0103 diferen\u0163e enorme de inteligen\u0163\u0103 \u00eentre un copil de 2 ani \u015fi altul de 5 ani, de exemplu.<\/p>\n<p>(3) Dac\u0103 am presupune c\u0103 cimpanzeii ar fi mai inteligen\u0163i dec\u00e2t ni\u015fte &#8222;copii mici&#8221; de 7 ani (s\u0103 zicem), atunci c\u00e2t de de\u015ftep\u0163i sunt ei? C\u00e2t un adolescent de 12 ani? De 14 ani? \u015etiu s\u0103 fac\u0103 exerci\u0163ii de matematic\u0103, de fizic\u0103, de chimie, s\u0103 citeasc\u0103? Pentru c\u0103 \u00een felul \u00een care a formulat-o Persona, ai crede c\u0103 acei cimpanzei ar fi ni\u015fte mici &#8222;einsteini&#8221;.<\/p>\n<p>(4) E adev\u0103rat c\u0103 cimpanzeii sunt totu\u015fi animale inteligente (nu neg asta), dar totu\u015fi exist\u0103 specii la fel de inteligen\u0163i ca ei (cum sunt corbii sau papagalii), ceea ce d\u0103 peste cap total teoria evolu\u0163iei. Dac\u0103 teoria evolu\u0163ionist\u0103 ar fi adev\u0103rat\u0103, acele p\u0103s\u0103ri n-ar trebui deloc s\u0103 fie inteligente. De exemplu, s\u0103 cit\u0103m ultimul experiment efectuat de cercet\u0103torii de la Universitatea din Cambridge, pentru a compara inteligen\u0163a unor p\u0103s\u0103ri \u015fi a unor copii. Articolul \u00eentreg \u00eel pute\u0163i citi pe <a href=\"http:\/\/zeenews.india.com\/news\/eco-news\/birds-smarter-than-seven-year-old-kids-study_789876.html\" target=\"_blank\"><strong>Zeenews.com<\/strong><\/a> \u015fi se intituleaz\u0103 clar<em> &#8222;P\u0103s\u0103rile sunt mai inteligente dec\u00e2t copiii de 7 ani&#8221;.<\/em> De data aceasta, s-au folosit ca pas\u0103re de experiment gai\u0163a, ce a reu\u015fit s\u0103 efectueze &#8222;teste&#8221; de inteligen\u0163\u0103 pe care doar un copil de 7 ani e \u00een stare s\u0103 le realizeze.<\/p>\n<p>\u00cen concluzie, este clar c\u0103 teoria evolu\u0163ionist\u0103 nu poate explica, pe lan\u0163ul evolu\u0163iei, aceast\u0103 inteligen\u0163\u0103 uimitoare a p\u0103s\u0103rilor, indiferent c\u00e2t s-ar str\u0103dui. Ar trebui poate revizuit\u0103 din temelii \u00eentreaga teorie.<\/p>\n","protected":false},"excerpt":{"rendered":"<p>Atunci c\u00e2nd vorbeam acum c\u00e2teva luni despre inteligen\u0163a uimitoare a papagalului Alex (https:\/\/www.lovendal.ro\/wp52\/inteligenta-incredibila-a-papagalului-alex-o-sfidare-la-adresa-teoriei-evolutioniste-tot-creationismul-are-dreptate\/), la &#8222;Comentarii&#8221;, s-a g\u0103sit un &#8222;inteligent&#8221;, pe numele Persona care \u00eemi spune, cu aerul unui specialist \u00een domeniu care \u015ftie ce vorbe\u015fte \u015fi a studiat subiectul sute &#8230; <\/p>\n<p class=\"read-more-container\"><a title=\"P\u0103s\u0103rile, la fel de inteligente ca un copil de 7 ani\u2026 Tot mai crede\u0163i c\u0103 evolu\u0163ionismul e teoria corect\u0103?\" class=\"read-more button\" href=\"https:\/\/www.lovendal.ro\/wp52\/pasarile-la-fel-de-inteligente-ca-un-copil-de-7-ani-tot-mai-credeti-ca-evolutionismul-e-teoria-corecta\/#more-24408\" aria-label=\"Cite\u0219te mai multe despre P\u0103s\u0103rile, la fel de inteligente ca un copil de 7 ani\u2026 Tot mai crede\u0163i c\u0103 evolu\u0163ionismul e teoria corect\u0103?\">Cititi mai multe<\/a><\/p>\n","protected":false},"author":1,"featured_media":24409,"comment_status":"open","ping_status":"closed","sticky":false,"template":"","format":"standard","meta":{"footnotes":""},"categories":[5072],"tags":[1072,1355,256,129,239,653,9819],"class_list":["post-24408","post","type-post","status-publish","format-standard","has-post-thumbnail","hentry","category-polemici","tag-cimpanzeu","tag-copil","tag-evolutionism","tag-inteligenta","tag-papagal","tag-pasari","tag-polemici","resize-featured-image"],"yoast_head":"<!-- This site is optimized with the Yoast SEO Premium plugin v23.3 (Yoast SEO v27.4) - https:\/\/yoast.com\/product\/yoast-seo-premium-wordpress\/ -->\n<title>P\u0103s\u0103rile, la fel de inteligente ca un copil de 7 ani\u2026 Tot mai crede\u0163i c\u0103 evolu\u0163ionismul e teoria corect\u0103? - Secretele lui Lovendal<\/title>\n<meta name=\"robots\" content=\"index, follow, max-snippet:-1, max-image-preview:large, max-video-preview:-1\" \/>\n<link rel=\"canonical\" href=\"https:\/\/www.lovendal.ro\/wp52\/pasarile-la-fel-de-inteligente-ca-un-copil-de-7-ani-tot-mai-credeti-ca-evolutionismul-e-teoria-corecta\/\" \/>\n<meta property=\"og:locale\" content=\"ro_RO\" \/>\n<meta property=\"og:type\" content=\"article\" \/>\n<meta property=\"og:title\" content=\"P\u0103s\u0103rile, la fel de inteligente ca un copil de 7 ani\u2026 Tot mai crede\u0163i c\u0103 evolu\u0163ionismul e teoria corect\u0103?\" \/>\n<meta property=\"og:description\" content=\"Atunci c\u00e2nd vorbeam acum c\u00e2teva luni despre inteligen\u0163a uimitoare a papagalului Alex (https:\/\/www.lovendal.ro\/wp52\/inteligenta-incredibila-a-papagalului-alex-o-sfidare-la-adresa-teoriei-evolutioniste-tot-creationismul-are-dreptate\/), la &#8222;Comentarii&#8221;, s-a g\u0103sit un &#8222;inteligent&#8221;, pe numele Persona care \u00eemi spune, cu aerul unui specialist \u00een domeniu care \u015ftie ce vorbe\u015fte \u015fi a studiat subiectul sute ... Cititi mai multe\" \/>\n<meta property=\"og:url\" content=\"https:\/\/www.lovendal.ro\/wp52\/pasarile-la-fel-de-inteligente-ca-un-copil-de-7-ani-tot-mai-credeti-ca-evolutionismul-e-teoria-corecta\/\" \/>\n<meta property=\"og:site_name\" content=\"Secretele lui Lovendal\" \/>\n<meta property=\"article:publisher\" content=\"https:\/\/www.facebook.com\/secreteleluilovendal\" \/>\n<meta property=\"article:published_time\" content=\"2012-07-30T10:47:53+00:00\" \/>\n<meta property=\"article:modified_time\" content=\"2012-07-30T10:55:08+00:00\" \/>\n<meta property=\"og:image\" content=\"https:\/\/www.lovendal.ro\/wp52\/wp-content\/uploads\/2012\/07\/pasare140.jpg\" \/>\n\t<meta property=\"og:image:width\" content=\"306\" \/>\n\t<meta property=\"og:image:height\" content=\"204\" \/>\n\t<meta property=\"og:image:type\" content=\"image\/jpeg\" \/>\n<meta name=\"author\" content=\"admin\" \/>\n<meta name=\"twitter:card\" content=\"summary_large_image\" \/>\n<meta name=\"twitter:label1\" content=\"Scris de\" \/>\n\t<meta name=\"twitter:data1\" content=\"admin\" \/>\n\t<meta name=\"twitter:label2\" content=\"Timp estimat pentru citire\" \/>\n\t<meta name=\"twitter:data2\" content=\"2 minute\" \/>\n<script type=\"application\/ld+json\" class=\"yoast-schema-graph\">{\"@context\":\"https:\\\/\\\/schema.org\",\"@graph\":[{\"@type\":\"Article\",\"@id\":\"https:\\\/\\\/www.lovendal.ro\\\/wp52\\\/pasarile-la-fel-de-inteligente-ca-un-copil-de-7-ani-tot-mai-credeti-ca-evolutionismul-e-teoria-corecta\\\/#article\",\"isPartOf\":{\"@id\":\"https:\\\/\\\/www.lovendal.ro\\\/wp52\\\/pasarile-la-fel-de-inteligente-ca-un-copil-de-7-ani-tot-mai-credeti-ca-evolutionismul-e-teoria-corecta\\\/\"},\"author\":{\"name\":\"admin\",\"@id\":\"https:\\\/\\\/www.lovendal.ro\\\/wp52\\\/#\\\/schema\\\/person\\\/088691de5dfc346bb0c023e1e52ef5d9\"},\"headline\":\"P\u0103s\u0103rile, la fel de inteligente ca un copil de 7 ani\u2026 Tot mai crede\u0163i c\u0103 evolu\u0163ionismul e teoria corect\u0103?\",\"datePublished\":\"2012-07-30T10:47:53+00:00\",\"dateModified\":\"2012-07-30T10:55:08+00:00\",\"mainEntityOfPage\":{\"@id\":\"https:\\\/\\\/www.lovendal.ro\\\/wp52\\\/pasarile-la-fel-de-inteligente-ca-un-copil-de-7-ani-tot-mai-credeti-ca-evolutionismul-e-teoria-corecta\\\/\"},\"wordCount\":463,\"commentCount\":12,\"publisher\":{\"@id\":\"https:\\\/\\\/www.lovendal.ro\\\/wp52\\\/#organization\"},\"image\":{\"@id\":\"https:\\\/\\\/www.lovendal.ro\\\/wp52\\\/pasarile-la-fel-de-inteligente-ca-un-copil-de-7-ani-tot-mai-credeti-ca-evolutionismul-e-teoria-corecta\\\/#primaryimage\"},\"thumbnailUrl\":\"https:\\\/\\\/www.lovendal.ro\\\/wp52\\\/wp-content\\\/uploads\\\/2012\\\/07\\\/pasare140.jpg\",\"keywords\":[\"cimpanzeu\",\"copil\",\"evolu\u0163ionism\",\"inteligen\u0163\u0103\",\"papagal\",\"p\u0103s\u0103ri\",\"Polemici\"],\"articleSection\":[\"Polemici\"],\"inLanguage\":\"ro-RO\",\"potentialAction\":[{\"@type\":\"CommentAction\",\"name\":\"Comment\",\"target\":[\"https:\\\/\\\/www.lovendal.ro\\\/wp52\\\/pasarile-la-fel-de-inteligente-ca-un-copil-de-7-ani-tot-mai-credeti-ca-evolutionismul-e-teoria-corecta\\\/#respond\"]}]},{\"@type\":\"WebPage\",\"@id\":\"https:\\\/\\\/www.lovendal.ro\\\/wp52\\\/pasarile-la-fel-de-inteligente-ca-un-copil-de-7-ani-tot-mai-credeti-ca-evolutionismul-e-teoria-corecta\\\/\",\"url\":\"https:\\\/\\\/www.lovendal.ro\\\/wp52\\\/pasarile-la-fel-de-inteligente-ca-un-copil-de-7-ani-tot-mai-credeti-ca-evolutionismul-e-teoria-corecta\\\/\",\"name\":\"P\u0103s\u0103rile, la fel de inteligente ca un copil de 7 ani\u2026 Tot mai crede\u0163i c\u0103 evolu\u0163ionismul e teoria corect\u0103? - Secretele lui Lovendal\",\"isPartOf\":{\"@id\":\"https:\\\/\\\/www.lovendal.ro\\\/wp52\\\/#website\"},\"primaryImageOfPage\":{\"@id\":\"https:\\\/\\\/www.lovendal.ro\\\/wp52\\\/pasarile-la-fel-de-inteligente-ca-un-copil-de-7-ani-tot-mai-credeti-ca-evolutionismul-e-teoria-corecta\\\/#primaryimage\"},\"image\":{\"@id\":\"https:\\\/\\\/www.lovendal.ro\\\/wp52\\\/pasarile-la-fel-de-inteligente-ca-un-copil-de-7-ani-tot-mai-credeti-ca-evolutionismul-e-teoria-corecta\\\/#primaryimage\"},\"thumbnailUrl\":\"https:\\\/\\\/www.lovendal.ro\\\/wp52\\\/wp-content\\\/uploads\\\/2012\\\/07\\\/pasare140.jpg\",\"datePublished\":\"2012-07-30T10:47:53+00:00\",\"dateModified\":\"2012-07-30T10:55:08+00:00\",\"breadcrumb\":{\"@id\":\"https:\\\/\\\/www.lovendal.ro\\\/wp52\\\/pasarile-la-fel-de-inteligente-ca-un-copil-de-7-ani-tot-mai-credeti-ca-evolutionismul-e-teoria-corecta\\\/#breadcrumb\"},\"inLanguage\":\"ro-RO\",\"potentialAction\":[{\"@type\":\"ReadAction\",\"target\":[\"https:\\\/\\\/www.lovendal.ro\\\/wp52\\\/pasarile-la-fel-de-inteligente-ca-un-copil-de-7-ani-tot-mai-credeti-ca-evolutionismul-e-teoria-corecta\\\/\"]}]},{\"@type\":\"ImageObject\",\"inLanguage\":\"ro-RO\",\"@id\":\"https:\\\/\\\/www.lovendal.ro\\\/wp52\\\/pasarile-la-fel-de-inteligente-ca-un-copil-de-7-ani-tot-mai-credeti-ca-evolutionismul-e-teoria-corecta\\\/#primaryimage\",\"url\":\"https:\\\/\\\/www.lovendal.ro\\\/wp52\\\/wp-content\\\/uploads\\\/2012\\\/07\\\/pasare140.jpg\",\"contentUrl\":\"https:\\\/\\\/www.lovendal.ro\\\/wp52\\\/wp-content\\\/uploads\\\/2012\\\/07\\\/pasare140.jpg\",\"width\":\"306\",\"height\":\"204\"},{\"@type\":\"BreadcrumbList\",\"@id\":\"https:\\\/\\\/www.lovendal.ro\\\/wp52\\\/pasarile-la-fel-de-inteligente-ca-un-copil-de-7-ani-tot-mai-credeti-ca-evolutionismul-e-teoria-corecta\\\/#breadcrumb\",\"itemListElement\":[{\"@type\":\"ListItem\",\"position\":1,\"name\":\"Home\",\"item\":\"https:\\\/\\\/www.lovendal.ro\\\/wp52\\\/\"},{\"@type\":\"ListItem\",\"position\":2,\"name\":\"P\u0103s\u0103rile, la fel de inteligente ca un copil de 7 ani\u2026 Tot mai crede\u0163i c\u0103 evolu\u0163ionismul e teoria corect\u0103?\"}]},{\"@type\":\"WebSite\",\"@id\":\"https:\\\/\\\/www.lovendal.ro\\\/wp52\\\/#website\",\"url\":\"https:\\\/\\\/www.lovendal.ro\\\/wp52\\\/\",\"name\":\"Secretele lui Lovendal\",\"description\":\"Site de secrete, stiinta si metafizica - din 2008 -\",\"publisher\":{\"@id\":\"https:\\\/\\\/www.lovendal.ro\\\/wp52\\\/#organization\"},\"potentialAction\":[{\"@type\":\"SearchAction\",\"target\":{\"@type\":\"EntryPoint\",\"urlTemplate\":\"https:\\\/\\\/www.lovendal.ro\\\/wp52\\\/?s={search_term_string}\"},\"query-input\":{\"@type\":\"PropertyValueSpecification\",\"valueRequired\":true,\"valueName\":\"search_term_string\"}}],\"inLanguage\":\"ro-RO\"},{\"@type\":\"Organization\",\"@id\":\"https:\\\/\\\/www.lovendal.ro\\\/wp52\\\/#organization\",\"name\":\"Secretele lui Lovendal\",\"url\":\"https:\\\/\\\/www.lovendal.ro\\\/wp52\\\/\",\"logo\":{\"@type\":\"ImageObject\",\"inLanguage\":\"ro-RO\",\"@id\":\"https:\\\/\\\/www.lovendal.ro\\\/wp52\\\/#\\\/schema\\\/logo\\\/image\\\/\",\"url\":\"https:\\\/\\\/www.lovendal.ro\\\/wp52\\\/wp-content\\\/uploads\\\/2024\\\/06\\\/cropped-SLL-iun-2024-1.jpg\",\"contentUrl\":\"https:\\\/\\\/www.lovendal.ro\\\/wp52\\\/wp-content\\\/uploads\\\/2024\\\/06\\\/cropped-SLL-iun-2024-1.jpg\",\"width\":771,\"height\":240,\"caption\":\"Secretele lui Lovendal\"},\"image\":{\"@id\":\"https:\\\/\\\/www.lovendal.ro\\\/wp52\\\/#\\\/schema\\\/logo\\\/image\\\/\"},\"sameAs\":[\"https:\\\/\\\/www.facebook.com\\\/secreteleluilovendal\"]},{\"@type\":\"Person\",\"@id\":\"https:\\\/\\\/www.lovendal.ro\\\/wp52\\\/#\\\/schema\\\/person\\\/088691de5dfc346bb0c023e1e52ef5d9\",\"name\":\"admin\",\"image\":{\"@type\":\"ImageObject\",\"inLanguage\":\"ro-RO\",\"@id\":\"https:\\\/\\\/secure.gravatar.com\\\/avatar\\\/ecb9cd41f5f63c9c9b989999a59f6e2639a865ec361e9db054db0679a8f341c2?s=96&d=mm&r=g\",\"url\":\"https:\\\/\\\/secure.gravatar.com\\\/avatar\\\/ecb9cd41f5f63c9c9b989999a59f6e2639a865ec361e9db054db0679a8f341c2?s=96&d=mm&r=g\",\"contentUrl\":\"https:\\\/\\\/secure.gravatar.com\\\/avatar\\\/ecb9cd41f5f63c9c9b989999a59f6e2639a865ec361e9db054db0679a8f341c2?s=96&d=mm&r=g\",\"caption\":\"admin\"},\"sameAs\":[\"https:\\\/\\\/www.lovendal.ro\\\/wp52\"]}]}<\/script>\n<!-- \/ Yoast SEO Premium plugin. -->","yoast_head_json":{"title":"P\u0103s\u0103rile, la fel de inteligente ca un copil de 7 ani\u2026 Tot mai crede\u0163i c\u0103 evolu\u0163ionismul e teoria corect\u0103? - Secretele lui Lovendal","robots":{"index":"index","follow":"follow","max-snippet":"max-snippet:-1","max-image-preview":"max-image-preview:large","max-video-preview":"max-video-preview:-1"},"canonical":"https:\/\/www.lovendal.ro\/wp52\/pasarile-la-fel-de-inteligente-ca-un-copil-de-7-ani-tot-mai-credeti-ca-evolutionismul-e-teoria-corecta\/","og_locale":"ro_RO","og_type":"article","og_title":"P\u0103s\u0103rile, la fel de inteligente ca un copil de 7 ani\u2026 Tot mai crede\u0163i c\u0103 evolu\u0163ionismul e teoria corect\u0103?","og_description":"Atunci c\u00e2nd vorbeam acum c\u00e2teva luni despre inteligen\u0163a uimitoare a papagalului Alex (https:\/\/www.lovendal.ro\/wp52\/inteligenta-incredibila-a-papagalului-alex-o-sfidare-la-adresa-teoriei-evolutioniste-tot-creationismul-are-dreptate\/), la &#8222;Comentarii&#8221;, s-a g\u0103sit un &#8222;inteligent&#8221;, pe numele Persona care \u00eemi spune, cu aerul unui specialist \u00een domeniu care \u015ftie ce vorbe\u015fte \u015fi a studiat subiectul sute ... Cititi mai multe","og_url":"https:\/\/www.lovendal.ro\/wp52\/pasarile-la-fel-de-inteligente-ca-un-copil-de-7-ani-tot-mai-credeti-ca-evolutionismul-e-teoria-corecta\/","og_site_name":"Secretele lui Lovendal","article_publisher":"https:\/\/www.facebook.com\/secreteleluilovendal","article_published_time":"2012-07-30T10:47:53+00:00","article_modified_time":"2012-07-30T10:55:08+00:00","og_image":[{"width":306,"height":204,"url":"https:\/\/www.lovendal.ro\/wp52\/wp-content\/uploads\/2012\/07\/pasare140.jpg","type":"image\/jpeg"}],"author":"admin","twitter_card":"summary_large_image","twitter_misc":{"Scris de":"admin","Timp estimat pentru citire":"2 minute"},"schema":{"@context":"https:\/\/schema.org","@graph":[{"@type":"Article","@id":"https:\/\/www.lovendal.ro\/wp52\/pasarile-la-fel-de-inteligente-ca-un-copil-de-7-ani-tot-mai-credeti-ca-evolutionismul-e-teoria-corecta\/#article","isPartOf":{"@id":"https:\/\/www.lovendal.ro\/wp52\/pasarile-la-fel-de-inteligente-ca-un-copil-de-7-ani-tot-mai-credeti-ca-evolutionismul-e-teoria-corecta\/"},"author":{"name":"admin","@id":"https:\/\/www.lovendal.ro\/wp52\/#\/schema\/person\/088691de5dfc346bb0c023e1e52ef5d9"},"headline":"P\u0103s\u0103rile, la fel de inteligente ca un copil de 7 ani\u2026 Tot mai crede\u0163i c\u0103 evolu\u0163ionismul e teoria corect\u0103?","datePublished":"2012-07-30T10:47:53+00:00","dateModified":"2012-07-30T10:55:08+00:00","mainEntityOfPage":{"@id":"https:\/\/www.lovendal.ro\/wp52\/pasarile-la-fel-de-inteligente-ca-un-copil-de-7-ani-tot-mai-credeti-ca-evolutionismul-e-teoria-corecta\/"},"wordCount":463,"commentCount":12,"publisher":{"@id":"https:\/\/www.lovendal.ro\/wp52\/#organization"},"image":{"@id":"https:\/\/www.lovendal.ro\/wp52\/pasarile-la-fel-de-inteligente-ca-un-copil-de-7-ani-tot-mai-credeti-ca-evolutionismul-e-teoria-corecta\/#primaryimage"},"thumbnailUrl":"https:\/\/www.lovendal.ro\/wp52\/wp-content\/uploads\/2012\/07\/pasare140.jpg","keywords":["cimpanzeu","copil","evolu\u0163ionism","inteligen\u0163\u0103","papagal","p\u0103s\u0103ri","Polemici"],"articleSection":["Polemici"],"inLanguage":"ro-RO","potentialAction":[{"@type":"CommentAction","name":"Comment","target":["https:\/\/www.lovendal.ro\/wp52\/pasarile-la-fel-de-inteligente-ca-un-copil-de-7-ani-tot-mai-credeti-ca-evolutionismul-e-teoria-corecta\/#respond"]}]},{"@type":"WebPage","@id":"https:\/\/www.lovendal.ro\/wp52\/pasarile-la-fel-de-inteligente-ca-un-copil-de-7-ani-tot-mai-credeti-ca-evolutionismul-e-teoria-corecta\/","url":"https:\/\/www.lovendal.ro\/wp52\/pasarile-la-fel-de-inteligente-ca-un-copil-de-7-ani-tot-mai-credeti-ca-evolutionismul-e-teoria-corecta\/","name":"P\u0103s\u0103rile, la fel de inteligente ca un copil de 7 ani\u2026 Tot mai crede\u0163i c\u0103 evolu\u0163ionismul e teoria corect\u0103? - Secretele lui Lovendal","isPartOf":{"@id":"https:\/\/www.lovendal.ro\/wp52\/#website"},"primaryImageOfPage":{"@id":"https:\/\/www.lovendal.ro\/wp52\/pasarile-la-fel-de-inteligente-ca-un-copil-de-7-ani-tot-mai-credeti-ca-evolutionismul-e-teoria-corecta\/#primaryimage"},"image":{"@id":"https:\/\/www.lovendal.ro\/wp52\/pasarile-la-fel-de-inteligente-ca-un-copil-de-7-ani-tot-mai-credeti-ca-evolutionismul-e-teoria-corecta\/#primaryimage"},"thumbnailUrl":"https:\/\/www.lovendal.ro\/wp52\/wp-content\/uploads\/2012\/07\/pasare140.jpg","datePublished":"2012-07-30T10:47:53+00:00","dateModified":"2012-07-30T10:55:08+00:00","breadcrumb":{"@id":"https:\/\/www.lovendal.ro\/wp52\/pasarile-la-fel-de-inteligente-ca-un-copil-de-7-ani-tot-mai-credeti-ca-evolutionismul-e-teoria-corecta\/#breadcrumb"},"inLanguage":"ro-RO","potentialAction":[{"@type":"ReadAction","target":["https:\/\/www.lovendal.ro\/wp52\/pasarile-la-fel-de-inteligente-ca-un-copil-de-7-ani-tot-mai-credeti-ca-evolutionismul-e-teoria-corecta\/"]}]},{"@type":"ImageObject","inLanguage":"ro-RO","@id":"https:\/\/www.lovendal.ro\/wp52\/pasarile-la-fel-de-inteligente-ca-un-copil-de-7-ani-tot-mai-credeti-ca-evolutionismul-e-teoria-corecta\/#primaryimage","url":"https:\/\/www.lovendal.ro\/wp52\/wp-content\/uploads\/2012\/07\/pasare140.jpg","contentUrl":"https:\/\/www.lovendal.ro\/wp52\/wp-content\/uploads\/2012\/07\/pasare140.jpg","width":"306","height":"204"},{"@type":"BreadcrumbList","@id":"https:\/\/www.lovendal.ro\/wp52\/pasarile-la-fel-de-inteligente-ca-un-copil-de-7-ani-tot-mai-credeti-ca-evolutionismul-e-teoria-corecta\/#breadcrumb","itemListElement":[{"@type":"ListItem","position":1,"name":"Home","item":"https:\/\/www.lovendal.ro\/wp52\/"},{"@type":"ListItem","position":2,"name":"P\u0103s\u0103rile, la fel de inteligente ca un copil de 7 ani\u2026 Tot mai crede\u0163i c\u0103 evolu\u0163ionismul e teoria corect\u0103?"}]},{"@type":"WebSite","@id":"https:\/\/www.lovendal.ro\/wp52\/#website","url":"https:\/\/www.lovendal.ro\/wp52\/","name":"Secretele lui Lovendal","description":"Site de secrete, stiinta si metafizica - din 2008 -","publisher":{"@id":"https:\/\/www.lovendal.ro\/wp52\/#organization"},"potentialAction":[{"@type":"SearchAction","target":{"@type":"EntryPoint","urlTemplate":"https:\/\/www.lovendal.ro\/wp52\/?s={search_term_string}"},"query-input":{"@type":"PropertyValueSpecification","valueRequired":true,"valueName":"search_term_string"}}],"inLanguage":"ro-RO"},{"@type":"Organization","@id":"https:\/\/www.lovendal.ro\/wp52\/#organization","name":"Secretele lui Lovendal","url":"https:\/\/www.lovendal.ro\/wp52\/","logo":{"@type":"ImageObject","inLanguage":"ro-RO","@id":"https:\/\/www.lovendal.ro\/wp52\/#\/schema\/logo\/image\/","url":"https:\/\/www.lovendal.ro\/wp52\/wp-content\/uploads\/2024\/06\/cropped-SLL-iun-2024-1.jpg","contentUrl":"https:\/\/www.lovendal.ro\/wp52\/wp-content\/uploads\/2024\/06\/cropped-SLL-iun-2024-1.jpg","width":771,"height":240,"caption":"Secretele lui Lovendal"},"image":{"@id":"https:\/\/www.lovendal.ro\/wp52\/#\/schema\/logo\/image\/"},"sameAs":["https:\/\/www.facebook.com\/secreteleluilovendal"]},{"@type":"Person","@id":"https:\/\/www.lovendal.ro\/wp52\/#\/schema\/person\/088691de5dfc346bb0c023e1e52ef5d9","name":"admin","image":{"@type":"ImageObject","inLanguage":"ro-RO","@id":"https:\/\/secure.gravatar.com\/avatar\/ecb9cd41f5f63c9c9b989999a59f6e2639a865ec361e9db054db0679a8f341c2?s=96&d=mm&r=g","url":"https:\/\/secure.gravatar.com\/avatar\/ecb9cd41f5f63c9c9b989999a59f6e2639a865ec361e9db054db0679a8f341c2?s=96&d=mm&r=g","contentUrl":"https:\/\/secure.gravatar.com\/avatar\/ecb9cd41f5f63c9c9b989999a59f6e2639a865ec361e9db054db0679a8f341c2?s=96&d=mm&r=g","caption":"admin"},"sameAs":["https:\/\/www.lovendal.ro\/wp52"]}]}},"_links":{"self":[{"href":"https:\/\/www.lovendal.ro\/wp52\/wp-json\/wp\/v2\/posts\/24408","targetHints":{"allow":["GET"]}}],"collection":[{"href":"https:\/\/www.lovendal.ro\/wp52\/wp-json\/wp\/v2\/posts"}],"about":[{"href":"https:\/\/www.lovendal.ro\/wp52\/wp-json\/wp\/v2\/types\/post"}],"author":[{"embeddable":true,"href":"https:\/\/www.lovendal.ro\/wp52\/wp-json\/wp\/v2\/users\/1"}],"replies":[{"embeddable":true,"href":"https:\/\/www.lovendal.ro\/wp52\/wp-json\/wp\/v2\/comments?post=24408"}],"version-history":[{"count":0,"href":"https:\/\/www.lovendal.ro\/wp52\/wp-json\/wp\/v2\/posts\/24408\/revisions"}],"wp:featuredmedia":[{"embeddable":true,"href":"https:\/\/www.lovendal.ro\/wp52\/wp-json\/wp\/v2\/media\/24409"}],"wp:attachment":[{"href":"https:\/\/www.lovendal.ro\/wp52\/wp-json\/wp\/v2\/media?parent=24408"}],"wp:term":[{"taxonomy":"category","embeddable":true,"href":"https:\/\/www.lovendal.ro\/wp52\/wp-json\/wp\/v2\/categories?post=24408"},{"taxonomy":"post_tag","embeddable":true,"href":"https:\/\/www.lovendal.ro\/wp52\/wp-json\/wp\/v2\/tags?post=24408"}],"curies":[{"name":"wp","href":"https:\/\/api.w.org\/{rel}","templated":true}]}}