{"id":24287,"date":"2012-07-22T13:28:52","date_gmt":"2012-07-22T10:28:52","guid":{"rendered":"http:\/\/www.lovendal.net\/wp52\/?p=24287"},"modified":"2012-07-22T13:29:54","modified_gmt":"2012-07-22T10:29:54","slug":"o-fetita-de-1-an-si-8-luni-vede-fantoma-strabunicului-sau-copilasii-pot-vedea-fantome","status":"publish","type":"post","link":"https:\/\/www.lovendal.ro\/wp52\/o-fetita-de-1-an-si-8-luni-vede-fantoma-strabunicului-sau-copilasii-pot-vedea-fantome\/","title":{"rendered":"O feti\u0163\u0103 de 1 an \u015fi 8 luni vede fantoma str\u0103bunicului s\u0103u&#8230; Copila\u015fii pot vedea fantome?"},"content":{"rendered":"<p><a href=\"https:\/\/www.lovendal.ro\/wp52\/wp-content\/uploads\/2012\/07\/fetita.jpg\"><img loading=\"lazy\" decoding=\"async\" class=\"alignleft size-full wp-image-24288\" title=\"fetita\" src=\"https:\/\/www.lovendal.ro\/wp52\/wp-content\/uploads\/2012\/07\/fetita.jpg\" alt=\"\" width=\"310\" height=\"232\" srcset=\"https:\/\/www.lovendal.ro\/wp52\/wp-content\/uploads\/2012\/07\/fetita.jpg 310w, https:\/\/www.lovendal.ro\/wp52\/wp-content\/uploads\/2012\/07\/fetita-300x224.jpg 300w\" sizes=\"auto, (max-width: 310px) 100vw, 310px\" \/><\/a>\u00cen toamna anului 2003, am r\u0103mas \u00eens\u0103rcinat\u0103 cu cel de-al doilea copil. Fiica mea, atunci \u00een v\u00e2rst\u0103 de 1 an \u0219i 8 luni, abia \u00eencepuse s\u0103 vorbeasc\u0103 cu adev\u0103rat. \u00cen timp ce se plimba \u00een jurul casei, ea tot repeta urm\u0103toarele cuvinte:<em> &#8222;Bun\u0103 Bobby&#8230;Bun\u0103 Bobby&#8221;<\/em>, ceea ce era foarte ciudat, din moment ce nimeni din familia noastr\u0103 nu are acest nume.<\/p>\n<p>So\u0163ul meu lucra p\u00e2n\u0103 seara t\u00e2rziu, a\u015fa c\u0103, dup\u0103 ce venea acas\u0103 \u015fi m\u00e2ncam, \u015fi apoi o culcam pe fiica noastr\u0103, mai petreceam \u00eempreun\u0103 \u00een pat p\u00e2n\u0103 t\u00e2rziu, uit\u00e2ndu-ne la un film. \u00centr-o sear\u0103, \u00een timp ce priveam un film, am auzit un zgomot foarte puternic. Tr\u0103ind \u00eentr-un cartier r\u0103u famat, ne-am g\u00e2ndit s\u0103 nu fi intrat cineva \u00een casa noastr\u0103. A\u015fa c\u0103 prima noastr\u0103 grij\u0103 a fost s\u0103 ne ducem \u00een camera copilului nostru. Camera ei era decorat\u0103 cu diverse portrete de \u00eengeri \u015fi heruvimi. \u00centr-o parte a camerei, se g\u0103sea un tablou al unui \u00eenger \u0163in\u00e2nd m\u00e2na unui copil. Acest tablou era foarte bine fixat \u00een perete cu dou\u0103 cuie&#8230; Dar acel tablou se leg\u0103na acum perete. Deodat\u0103, se desprinse singur, zbur\u0103 prin camer\u0103 \u015fi ateriz\u0103 pe jos. Nu s-a spart. A fost cel mai \u00eensp\u0103im\u00e2nt\u0103tor lucru pe care l-am v\u0103zut vreodat\u0103.<\/p>\n<p>C\u00e2teva luni dup\u0103 acest eveniment, m-am dus \u015fi am vizitat-o pe bunica mea, de pe tat\u0103. Bunicul meu a murit c\u00e2nd tat\u0103l meu avea 18 ani. A\u015fadar, nu am avut cum s\u0103-l cunosc vreodat\u0103. I-am povestit bunicii mele \u00eent\u00e2mplarea de mai sus. Ea s-a uitat la mine \u015fi mi-a spus: <em>&#8222;Numele bunicului t\u0103u a fost Robert.&#8221;<\/em> I-am r\u0103spuns: <em>&#8222;\u015etiu, bunico&#8221;<\/em>. Dar ea mi-a replicat:<em> &#8222;Dar noi to\u0163i \u00eei spuneam Bobby&#8230;&#8221;<\/em><\/p>\n<p>P.S. Povestea aceasta este una veritabil\u0103, fiind narat\u0103 de o femeie serioas\u0103 \u015fi respectabil\u0103. Fata de 1 an \u015fi 8 luni a v\u0103zut cumva fantoma str\u0103bunicului s\u0103u? De ce nu&#8230;pentru c\u0103 se \u015ftie c\u0103 mul\u0163i copii observ\u0103 u\u015for fantomele&#8230;<em><br \/>\n<\/em><\/p>\n","protected":false},"excerpt":{"rendered":"<p>\u00cen toamna anului 2003, am r\u0103mas \u00eens\u0103rcinat\u0103 cu cel de-al doilea copil. Fiica mea, atunci \u00een v\u00e2rst\u0103 de 1 an \u0219i 8 luni, abia \u00eencepuse s\u0103 vorbeasc\u0103 cu adev\u0103rat. \u00cen timp ce se plimba \u00een jurul casei, ea tot repeta &#8230; <\/p>\n<p class=\"read-more-container\"><a title=\"O feti\u0163\u0103 de 1 an \u015fi 8 luni vede fantoma str\u0103bunicului s\u0103u&#8230; Copila\u015fii pot vedea fantome?\" class=\"read-more button\" href=\"https:\/\/www.lovendal.ro\/wp52\/o-fetita-de-1-an-si-8-luni-vede-fantoma-strabunicului-sau-copilasii-pot-vedea-fantome\/#more-24287\" aria-label=\"Cite\u0219te mai multe despre O feti\u0163\u0103 de 1 an \u015fi 8 luni vede fantoma str\u0103bunicului s\u0103u&#8230; Copila\u015fii pot vedea fantome?\">Cititi mai multe<\/a><\/p>\n","protected":false},"author":1,"featured_media":24288,"comment_status":"open","ping_status":"closed","sticky":false,"template":"","format":"standard","meta":{"footnotes":""},"categories":[14],"tags":[1355,5447,761,1828,9796,5446,360],"class_list":["post-24287","post","type-post","status-publish","format-standard","has-post-thumbnail","hentry","category-paranormal-spiritualitate","tag-copil","tag-cui","tag-fantoma","tag-inger","tag-paranormal-spiritualitate","tag-strabunic","tag-tablou","resize-featured-image"],"yoast_head":"<!-- This site is optimized with the Yoast SEO Premium plugin v23.3 (Yoast SEO v27.4) - https:\/\/yoast.com\/product\/yoast-seo-premium-wordpress\/ -->\n<title>O feti\u0163\u0103 de 1 an \u015fi 8 luni vede fantoma str\u0103bunicului s\u0103u... Copila\u015fii pot vedea fantome? - Secretele lui Lovendal<\/title>\n<meta name=\"robots\" content=\"index, follow, max-snippet:-1, max-image-preview:large, max-video-preview:-1\" \/>\n<link rel=\"canonical\" href=\"https:\/\/www.lovendal.ro\/wp52\/o-fetita-de-1-an-si-8-luni-vede-fantoma-strabunicului-sau-copilasii-pot-vedea-fantome\/\" \/>\n<meta property=\"og:locale\" content=\"ro_RO\" \/>\n<meta property=\"og:type\" content=\"article\" \/>\n<meta property=\"og:title\" content=\"O feti\u0163\u0103 de 1 an \u015fi 8 luni vede fantoma str\u0103bunicului s\u0103u... Copila\u015fii pot vedea fantome?\" \/>\n<meta property=\"og:description\" content=\"\u00cen toamna anului 2003, am r\u0103mas \u00eens\u0103rcinat\u0103 cu cel de-al doilea copil. Fiica mea, atunci \u00een v\u00e2rst\u0103 de 1 an \u0219i 8 luni, abia \u00eencepuse s\u0103 vorbeasc\u0103 cu adev\u0103rat. \u00cen timp ce se plimba \u00een jurul casei, ea tot repeta ... Cititi mai multe\" \/>\n<meta property=\"og:url\" content=\"https:\/\/www.lovendal.ro\/wp52\/o-fetita-de-1-an-si-8-luni-vede-fantoma-strabunicului-sau-copilasii-pot-vedea-fantome\/\" \/>\n<meta property=\"og:site_name\" content=\"Secretele lui Lovendal\" \/>\n<meta property=\"article:publisher\" content=\"https:\/\/www.facebook.com\/secreteleluilovendal\" \/>\n<meta property=\"article:published_time\" content=\"2012-07-22T10:28:52+00:00\" \/>\n<meta property=\"article:modified_time\" content=\"2012-07-22T10:29:54+00:00\" \/>\n<meta property=\"og:image\" content=\"https:\/\/www.lovendal.ro\/wp52\/wp-content\/uploads\/2012\/07\/fetita.jpg\" \/>\n\t<meta property=\"og:image:width\" content=\"310\" \/>\n\t<meta property=\"og:image:height\" content=\"232\" \/>\n\t<meta property=\"og:image:type\" content=\"image\/jpeg\" \/>\n<meta name=\"author\" content=\"admin\" \/>\n<meta name=\"twitter:card\" content=\"summary_large_image\" \/>\n<meta name=\"twitter:label1\" content=\"Scris de\" \/>\n\t<meta name=\"twitter:data1\" content=\"admin\" \/>\n\t<meta name=\"twitter:label2\" content=\"Timp estimat pentru citire\" \/>\n\t<meta name=\"twitter:data2\" content=\"2 minute\" \/>\n<script type=\"application\/ld+json\" class=\"yoast-schema-graph\">{\"@context\":\"https:\\\/\\\/schema.org\",\"@graph\":[{\"@type\":\"Article\",\"@id\":\"https:\\\/\\\/www.lovendal.ro\\\/wp52\\\/o-fetita-de-1-an-si-8-luni-vede-fantoma-strabunicului-sau-copilasii-pot-vedea-fantome\\\/#article\",\"isPartOf\":{\"@id\":\"https:\\\/\\\/www.lovendal.ro\\\/wp52\\\/o-fetita-de-1-an-si-8-luni-vede-fantoma-strabunicului-sau-copilasii-pot-vedea-fantome\\\/\"},\"author\":{\"name\":\"admin\",\"@id\":\"https:\\\/\\\/www.lovendal.ro\\\/wp52\\\/#\\\/schema\\\/person\\\/088691de5dfc346bb0c023e1e52ef5d9\"},\"headline\":\"O feti\u0163\u0103 de 1 an \u015fi 8 luni vede fantoma str\u0103bunicului s\u0103u&#8230; Copila\u015fii pot vedea fantome?\",\"datePublished\":\"2012-07-22T10:28:52+00:00\",\"dateModified\":\"2012-07-22T10:29:54+00:00\",\"mainEntityOfPage\":{\"@id\":\"https:\\\/\\\/www.lovendal.ro\\\/wp52\\\/o-fetita-de-1-an-si-8-luni-vede-fantoma-strabunicului-sau-copilasii-pot-vedea-fantome\\\/\"},\"wordCount\":367,\"commentCount\":28,\"publisher\":{\"@id\":\"https:\\\/\\\/www.lovendal.ro\\\/wp52\\\/#organization\"},\"image\":{\"@id\":\"https:\\\/\\\/www.lovendal.ro\\\/wp52\\\/o-fetita-de-1-an-si-8-luni-vede-fantoma-strabunicului-sau-copilasii-pot-vedea-fantome\\\/#primaryimage\"},\"thumbnailUrl\":\"https:\\\/\\\/www.lovendal.ro\\\/wp52\\\/wp-content\\\/uploads\\\/2012\\\/07\\\/fetita.jpg\",\"keywords\":[\"copil\",\"cui\",\"fantom\u0103\",\"\u00eenger\",\"Paranormal-Spiritualitate\",\"str\u0103bunic\",\"tablou\"],\"articleSection\":[\"Paranormal-Spiritualitate\"],\"inLanguage\":\"ro-RO\",\"potentialAction\":[{\"@type\":\"CommentAction\",\"name\":\"Comment\",\"target\":[\"https:\\\/\\\/www.lovendal.ro\\\/wp52\\\/o-fetita-de-1-an-si-8-luni-vede-fantoma-strabunicului-sau-copilasii-pot-vedea-fantome\\\/#respond\"]}]},{\"@type\":\"WebPage\",\"@id\":\"https:\\\/\\\/www.lovendal.ro\\\/wp52\\\/o-fetita-de-1-an-si-8-luni-vede-fantoma-strabunicului-sau-copilasii-pot-vedea-fantome\\\/\",\"url\":\"https:\\\/\\\/www.lovendal.ro\\\/wp52\\\/o-fetita-de-1-an-si-8-luni-vede-fantoma-strabunicului-sau-copilasii-pot-vedea-fantome\\\/\",\"name\":\"O feti\u0163\u0103 de 1 an \u015fi 8 luni vede fantoma str\u0103bunicului s\u0103u... Copila\u015fii pot vedea fantome? - Secretele lui Lovendal\",\"isPartOf\":{\"@id\":\"https:\\\/\\\/www.lovendal.ro\\\/wp52\\\/#website\"},\"primaryImageOfPage\":{\"@id\":\"https:\\\/\\\/www.lovendal.ro\\\/wp52\\\/o-fetita-de-1-an-si-8-luni-vede-fantoma-strabunicului-sau-copilasii-pot-vedea-fantome\\\/#primaryimage\"},\"image\":{\"@id\":\"https:\\\/\\\/www.lovendal.ro\\\/wp52\\\/o-fetita-de-1-an-si-8-luni-vede-fantoma-strabunicului-sau-copilasii-pot-vedea-fantome\\\/#primaryimage\"},\"thumbnailUrl\":\"https:\\\/\\\/www.lovendal.ro\\\/wp52\\\/wp-content\\\/uploads\\\/2012\\\/07\\\/fetita.jpg\",\"datePublished\":\"2012-07-22T10:28:52+00:00\",\"dateModified\":\"2012-07-22T10:29:54+00:00\",\"breadcrumb\":{\"@id\":\"https:\\\/\\\/www.lovendal.ro\\\/wp52\\\/o-fetita-de-1-an-si-8-luni-vede-fantoma-strabunicului-sau-copilasii-pot-vedea-fantome\\\/#breadcrumb\"},\"inLanguage\":\"ro-RO\",\"potentialAction\":[{\"@type\":\"ReadAction\",\"target\":[\"https:\\\/\\\/www.lovendal.ro\\\/wp52\\\/o-fetita-de-1-an-si-8-luni-vede-fantoma-strabunicului-sau-copilasii-pot-vedea-fantome\\\/\"]}]},{\"@type\":\"ImageObject\",\"inLanguage\":\"ro-RO\",\"@id\":\"https:\\\/\\\/www.lovendal.ro\\\/wp52\\\/o-fetita-de-1-an-si-8-luni-vede-fantoma-strabunicului-sau-copilasii-pot-vedea-fantome\\\/#primaryimage\",\"url\":\"https:\\\/\\\/www.lovendal.ro\\\/wp52\\\/wp-content\\\/uploads\\\/2012\\\/07\\\/fetita.jpg\",\"contentUrl\":\"https:\\\/\\\/www.lovendal.ro\\\/wp52\\\/wp-content\\\/uploads\\\/2012\\\/07\\\/fetita.jpg\",\"width\":\"310\",\"height\":\"232\"},{\"@type\":\"BreadcrumbList\",\"@id\":\"https:\\\/\\\/www.lovendal.ro\\\/wp52\\\/o-fetita-de-1-an-si-8-luni-vede-fantoma-strabunicului-sau-copilasii-pot-vedea-fantome\\\/#breadcrumb\",\"itemListElement\":[{\"@type\":\"ListItem\",\"position\":1,\"name\":\"Home\",\"item\":\"https:\\\/\\\/www.lovendal.ro\\\/wp52\\\/\"},{\"@type\":\"ListItem\",\"position\":2,\"name\":\"O feti\u0163\u0103 de 1 an \u015fi 8 luni vede fantoma str\u0103bunicului s\u0103u&#8230; Copila\u015fii pot vedea fantome?\"}]},{\"@type\":\"WebSite\",\"@id\":\"https:\\\/\\\/www.lovendal.ro\\\/wp52\\\/#website\",\"url\":\"https:\\\/\\\/www.lovendal.ro\\\/wp52\\\/\",\"name\":\"Secretele lui Lovendal\",\"description\":\"Site de secrete, stiinta si metafizica - din 2008 -\",\"publisher\":{\"@id\":\"https:\\\/\\\/www.lovendal.ro\\\/wp52\\\/#organization\"},\"potentialAction\":[{\"@type\":\"SearchAction\",\"target\":{\"@type\":\"EntryPoint\",\"urlTemplate\":\"https:\\\/\\\/www.lovendal.ro\\\/wp52\\\/?s={search_term_string}\"},\"query-input\":{\"@type\":\"PropertyValueSpecification\",\"valueRequired\":true,\"valueName\":\"search_term_string\"}}],\"inLanguage\":\"ro-RO\"},{\"@type\":\"Organization\",\"@id\":\"https:\\\/\\\/www.lovendal.ro\\\/wp52\\\/#organization\",\"name\":\"Secretele lui Lovendal\",\"url\":\"https:\\\/\\\/www.lovendal.ro\\\/wp52\\\/\",\"logo\":{\"@type\":\"ImageObject\",\"inLanguage\":\"ro-RO\",\"@id\":\"https:\\\/\\\/www.lovendal.ro\\\/wp52\\\/#\\\/schema\\\/logo\\\/image\\\/\",\"url\":\"https:\\\/\\\/www.lovendal.ro\\\/wp52\\\/wp-content\\\/uploads\\\/2024\\\/06\\\/cropped-SLL-iun-2024-1.jpg\",\"contentUrl\":\"https:\\\/\\\/www.lovendal.ro\\\/wp52\\\/wp-content\\\/uploads\\\/2024\\\/06\\\/cropped-SLL-iun-2024-1.jpg\",\"width\":771,\"height\":240,\"caption\":\"Secretele lui Lovendal\"},\"image\":{\"@id\":\"https:\\\/\\\/www.lovendal.ro\\\/wp52\\\/#\\\/schema\\\/logo\\\/image\\\/\"},\"sameAs\":[\"https:\\\/\\\/www.facebook.com\\\/secreteleluilovendal\"]},{\"@type\":\"Person\",\"@id\":\"https:\\\/\\\/www.lovendal.ro\\\/wp52\\\/#\\\/schema\\\/person\\\/088691de5dfc346bb0c023e1e52ef5d9\",\"name\":\"admin\",\"image\":{\"@type\":\"ImageObject\",\"inLanguage\":\"ro-RO\",\"@id\":\"https:\\\/\\\/secure.gravatar.com\\\/avatar\\\/ecb9cd41f5f63c9c9b989999a59f6e2639a865ec361e9db054db0679a8f341c2?s=96&d=mm&r=g\",\"url\":\"https:\\\/\\\/secure.gravatar.com\\\/avatar\\\/ecb9cd41f5f63c9c9b989999a59f6e2639a865ec361e9db054db0679a8f341c2?s=96&d=mm&r=g\",\"contentUrl\":\"https:\\\/\\\/secure.gravatar.com\\\/avatar\\\/ecb9cd41f5f63c9c9b989999a59f6e2639a865ec361e9db054db0679a8f341c2?s=96&d=mm&r=g\",\"caption\":\"admin\"},\"sameAs\":[\"https:\\\/\\\/www.lovendal.ro\\\/wp52\"]}]}<\/script>\n<!-- \/ Yoast SEO Premium plugin. -->","yoast_head_json":{"title":"O feti\u0163\u0103 de 1 an \u015fi 8 luni vede fantoma str\u0103bunicului s\u0103u... Copila\u015fii pot vedea fantome? - Secretele lui Lovendal","robots":{"index":"index","follow":"follow","max-snippet":"max-snippet:-1","max-image-preview":"max-image-preview:large","max-video-preview":"max-video-preview:-1"},"canonical":"https:\/\/www.lovendal.ro\/wp52\/o-fetita-de-1-an-si-8-luni-vede-fantoma-strabunicului-sau-copilasii-pot-vedea-fantome\/","og_locale":"ro_RO","og_type":"article","og_title":"O feti\u0163\u0103 de 1 an \u015fi 8 luni vede fantoma str\u0103bunicului s\u0103u... Copila\u015fii pot vedea fantome?","og_description":"\u00cen toamna anului 2003, am r\u0103mas \u00eens\u0103rcinat\u0103 cu cel de-al doilea copil. Fiica mea, atunci \u00een v\u00e2rst\u0103 de 1 an \u0219i 8 luni, abia \u00eencepuse s\u0103 vorbeasc\u0103 cu adev\u0103rat. \u00cen timp ce se plimba \u00een jurul casei, ea tot repeta ... Cititi mai multe","og_url":"https:\/\/www.lovendal.ro\/wp52\/o-fetita-de-1-an-si-8-luni-vede-fantoma-strabunicului-sau-copilasii-pot-vedea-fantome\/","og_site_name":"Secretele lui Lovendal","article_publisher":"https:\/\/www.facebook.com\/secreteleluilovendal","article_published_time":"2012-07-22T10:28:52+00:00","article_modified_time":"2012-07-22T10:29:54+00:00","og_image":[{"width":310,"height":232,"url":"https:\/\/www.lovendal.ro\/wp52\/wp-content\/uploads\/2012\/07\/fetita.jpg","type":"image\/jpeg"}],"author":"admin","twitter_card":"summary_large_image","twitter_misc":{"Scris de":"admin","Timp estimat pentru citire":"2 minute"},"schema":{"@context":"https:\/\/schema.org","@graph":[{"@type":"Article","@id":"https:\/\/www.lovendal.ro\/wp52\/o-fetita-de-1-an-si-8-luni-vede-fantoma-strabunicului-sau-copilasii-pot-vedea-fantome\/#article","isPartOf":{"@id":"https:\/\/www.lovendal.ro\/wp52\/o-fetita-de-1-an-si-8-luni-vede-fantoma-strabunicului-sau-copilasii-pot-vedea-fantome\/"},"author":{"name":"admin","@id":"https:\/\/www.lovendal.ro\/wp52\/#\/schema\/person\/088691de5dfc346bb0c023e1e52ef5d9"},"headline":"O feti\u0163\u0103 de 1 an \u015fi 8 luni vede fantoma str\u0103bunicului s\u0103u&#8230; Copila\u015fii pot vedea fantome?","datePublished":"2012-07-22T10:28:52+00:00","dateModified":"2012-07-22T10:29:54+00:00","mainEntityOfPage":{"@id":"https:\/\/www.lovendal.ro\/wp52\/o-fetita-de-1-an-si-8-luni-vede-fantoma-strabunicului-sau-copilasii-pot-vedea-fantome\/"},"wordCount":367,"commentCount":28,"publisher":{"@id":"https:\/\/www.lovendal.ro\/wp52\/#organization"},"image":{"@id":"https:\/\/www.lovendal.ro\/wp52\/o-fetita-de-1-an-si-8-luni-vede-fantoma-strabunicului-sau-copilasii-pot-vedea-fantome\/#primaryimage"},"thumbnailUrl":"https:\/\/www.lovendal.ro\/wp52\/wp-content\/uploads\/2012\/07\/fetita.jpg","keywords":["copil","cui","fantom\u0103","\u00eenger","Paranormal-Spiritualitate","str\u0103bunic","tablou"],"articleSection":["Paranormal-Spiritualitate"],"inLanguage":"ro-RO","potentialAction":[{"@type":"CommentAction","name":"Comment","target":["https:\/\/www.lovendal.ro\/wp52\/o-fetita-de-1-an-si-8-luni-vede-fantoma-strabunicului-sau-copilasii-pot-vedea-fantome\/#respond"]}]},{"@type":"WebPage","@id":"https:\/\/www.lovendal.ro\/wp52\/o-fetita-de-1-an-si-8-luni-vede-fantoma-strabunicului-sau-copilasii-pot-vedea-fantome\/","url":"https:\/\/www.lovendal.ro\/wp52\/o-fetita-de-1-an-si-8-luni-vede-fantoma-strabunicului-sau-copilasii-pot-vedea-fantome\/","name":"O feti\u0163\u0103 de 1 an \u015fi 8 luni vede fantoma str\u0103bunicului s\u0103u... Copila\u015fii pot vedea fantome? - Secretele lui Lovendal","isPartOf":{"@id":"https:\/\/www.lovendal.ro\/wp52\/#website"},"primaryImageOfPage":{"@id":"https:\/\/www.lovendal.ro\/wp52\/o-fetita-de-1-an-si-8-luni-vede-fantoma-strabunicului-sau-copilasii-pot-vedea-fantome\/#primaryimage"},"image":{"@id":"https:\/\/www.lovendal.ro\/wp52\/o-fetita-de-1-an-si-8-luni-vede-fantoma-strabunicului-sau-copilasii-pot-vedea-fantome\/#primaryimage"},"thumbnailUrl":"https:\/\/www.lovendal.ro\/wp52\/wp-content\/uploads\/2012\/07\/fetita.jpg","datePublished":"2012-07-22T10:28:52+00:00","dateModified":"2012-07-22T10:29:54+00:00","breadcrumb":{"@id":"https:\/\/www.lovendal.ro\/wp52\/o-fetita-de-1-an-si-8-luni-vede-fantoma-strabunicului-sau-copilasii-pot-vedea-fantome\/#breadcrumb"},"inLanguage":"ro-RO","potentialAction":[{"@type":"ReadAction","target":["https:\/\/www.lovendal.ro\/wp52\/o-fetita-de-1-an-si-8-luni-vede-fantoma-strabunicului-sau-copilasii-pot-vedea-fantome\/"]}]},{"@type":"ImageObject","inLanguage":"ro-RO","@id":"https:\/\/www.lovendal.ro\/wp52\/o-fetita-de-1-an-si-8-luni-vede-fantoma-strabunicului-sau-copilasii-pot-vedea-fantome\/#primaryimage","url":"https:\/\/www.lovendal.ro\/wp52\/wp-content\/uploads\/2012\/07\/fetita.jpg","contentUrl":"https:\/\/www.lovendal.ro\/wp52\/wp-content\/uploads\/2012\/07\/fetita.jpg","width":"310","height":"232"},{"@type":"BreadcrumbList","@id":"https:\/\/www.lovendal.ro\/wp52\/o-fetita-de-1-an-si-8-luni-vede-fantoma-strabunicului-sau-copilasii-pot-vedea-fantome\/#breadcrumb","itemListElement":[{"@type":"ListItem","position":1,"name":"Home","item":"https:\/\/www.lovendal.ro\/wp52\/"},{"@type":"ListItem","position":2,"name":"O feti\u0163\u0103 de 1 an \u015fi 8 luni vede fantoma str\u0103bunicului s\u0103u&#8230; Copila\u015fii pot vedea fantome?"}]},{"@type":"WebSite","@id":"https:\/\/www.lovendal.ro\/wp52\/#website","url":"https:\/\/www.lovendal.ro\/wp52\/","name":"Secretele lui Lovendal","description":"Site de secrete, stiinta si metafizica - din 2008 -","publisher":{"@id":"https:\/\/www.lovendal.ro\/wp52\/#organization"},"potentialAction":[{"@type":"SearchAction","target":{"@type":"EntryPoint","urlTemplate":"https:\/\/www.lovendal.ro\/wp52\/?s={search_term_string}"},"query-input":{"@type":"PropertyValueSpecification","valueRequired":true,"valueName":"search_term_string"}}],"inLanguage":"ro-RO"},{"@type":"Organization","@id":"https:\/\/www.lovendal.ro\/wp52\/#organization","name":"Secretele lui Lovendal","url":"https:\/\/www.lovendal.ro\/wp52\/","logo":{"@type":"ImageObject","inLanguage":"ro-RO","@id":"https:\/\/www.lovendal.ro\/wp52\/#\/schema\/logo\/image\/","url":"https:\/\/www.lovendal.ro\/wp52\/wp-content\/uploads\/2024\/06\/cropped-SLL-iun-2024-1.jpg","contentUrl":"https:\/\/www.lovendal.ro\/wp52\/wp-content\/uploads\/2024\/06\/cropped-SLL-iun-2024-1.jpg","width":771,"height":240,"caption":"Secretele lui Lovendal"},"image":{"@id":"https:\/\/www.lovendal.ro\/wp52\/#\/schema\/logo\/image\/"},"sameAs":["https:\/\/www.facebook.com\/secreteleluilovendal"]},{"@type":"Person","@id":"https:\/\/www.lovendal.ro\/wp52\/#\/schema\/person\/088691de5dfc346bb0c023e1e52ef5d9","name":"admin","image":{"@type":"ImageObject","inLanguage":"ro-RO","@id":"https:\/\/secure.gravatar.com\/avatar\/ecb9cd41f5f63c9c9b989999a59f6e2639a865ec361e9db054db0679a8f341c2?s=96&d=mm&r=g","url":"https:\/\/secure.gravatar.com\/avatar\/ecb9cd41f5f63c9c9b989999a59f6e2639a865ec361e9db054db0679a8f341c2?s=96&d=mm&r=g","contentUrl":"https:\/\/secure.gravatar.com\/avatar\/ecb9cd41f5f63c9c9b989999a59f6e2639a865ec361e9db054db0679a8f341c2?s=96&d=mm&r=g","caption":"admin"},"sameAs":["https:\/\/www.lovendal.ro\/wp52"]}]}},"_links":{"self":[{"href":"https:\/\/www.lovendal.ro\/wp52\/wp-json\/wp\/v2\/posts\/24287","targetHints":{"allow":["GET"]}}],"collection":[{"href":"https:\/\/www.lovendal.ro\/wp52\/wp-json\/wp\/v2\/posts"}],"about":[{"href":"https:\/\/www.lovendal.ro\/wp52\/wp-json\/wp\/v2\/types\/post"}],"author":[{"embeddable":true,"href":"https:\/\/www.lovendal.ro\/wp52\/wp-json\/wp\/v2\/users\/1"}],"replies":[{"embeddable":true,"href":"https:\/\/www.lovendal.ro\/wp52\/wp-json\/wp\/v2\/comments?post=24287"}],"version-history":[{"count":0,"href":"https:\/\/www.lovendal.ro\/wp52\/wp-json\/wp\/v2\/posts\/24287\/revisions"}],"wp:featuredmedia":[{"embeddable":true,"href":"https:\/\/www.lovendal.ro\/wp52\/wp-json\/wp\/v2\/media\/24288"}],"wp:attachment":[{"href":"https:\/\/www.lovendal.ro\/wp52\/wp-json\/wp\/v2\/media?parent=24287"}],"wp:term":[{"taxonomy":"category","embeddable":true,"href":"https:\/\/www.lovendal.ro\/wp52\/wp-json\/wp\/v2\/categories?post=24287"},{"taxonomy":"post_tag","embeddable":true,"href":"https:\/\/www.lovendal.ro\/wp52\/wp-json\/wp\/v2\/tags?post=24287"}],"curies":[{"name":"wp","href":"https:\/\/api.w.org\/{rel}","templated":true}]}}