{"id":24145,"date":"2012-07-09T12:46:16","date_gmt":"2012-07-09T09:46:16","guid":{"rendered":"http:\/\/www.lovendal.net\/wp52\/?p=24145"},"modified":"2024-08-27T13:41:23","modified_gmt":"2024-08-27T10:41:23","slug":"intr-o-profetie-a-indienilor-americani-pe-pamant-vor-cadea-meteoriti-ce-vor-aprinde-planeta","status":"publish","type":"post","link":"https:\/\/www.lovendal.ro\/wp52\/intr-o-profetie-a-indienilor-americani-pe-pamant-vor-cadea-meteoriti-ce-vor-aprinde-planeta\/","title":{"rendered":"\u00centr-o profe\u021bie a indienilor americani, pe P\u0103m\u00e2nt vor c\u0103dea meteori\u021bi ce vor aprinde planeta, iar omenirea va fi cuprins\u0103 de mari epidemii"},"content":{"rendered":"<figure id=\"attachment_92907\" aria-describedby=\"caption-attachment-92907\" style=\"width: 322px\" class=\"wp-caption alignleft\"><a href=\"https:\/\/www.lovendal.ro\/wp52\/wp-content\/uploads\/2012\/07\/meteoriti-11.jpg\"><img loading=\"lazy\" decoding=\"async\" class=\" wp-image-92907\" src=\"https:\/\/www.lovendal.ro\/wp52\/wp-content\/uploads\/2012\/07\/meteoriti-11.jpg\" alt=\"\" width=\"332\" height=\"214\" srcset=\"https:\/\/www.lovendal.ro\/wp52\/wp-content\/uploads\/2012\/07\/meteoriti-11.jpg 541w, https:\/\/www.lovendal.ro\/wp52\/wp-content\/uploads\/2012\/07\/meteoriti-11-300x194.jpg 300w\" sizes=\"auto, (max-width: 332px) 100vw, 332px\" \/><\/a><figcaption id=\"caption-attachment-92907\" class=\"wp-caption-text\"><strong>Imagine:<\/strong> <a href=\"https:\/\/pixabay.com\/illustrations\/meteorite-space-earth-planet-6059746\/\" target=\"_blank\" rel=\"noopener\"><strong>pixabay.com<\/strong><\/a> (Commons Creative &#8211; free)<\/figcaption><\/figure>\n<p>Iat\u0103 \u00een continuare o profe\u021bie interesant\u0103 (despre vremurile care vor urma) a unor indieni americani din tribul Lakota:<\/p>\n<p>\u201d\u00cen aceste vremuri care vin, noi trebuie s\u0103 \u00eenv\u0103\u0163\u0103m pentru a ajuta femeile s\u0103-\u0219i recapete puterea. \u00cen cazul \u00een care femeile nu-\u0219i revendic\u0103 puterea, lumea va fi pierdut\u0103. Pentru c\u0103 b\u0103rba\u021bii nu se mai comport\u0103 ca adev\u0103rat b\u0103rba\u021bi. Ei nu mai sunt nobili \u0219i m\u00e2ndri, iar cuvintele Creatorului nu mai sunt aproape de inimile lor. B\u0103rba\u021bii au devenit bolnavi de egoism \u0219i de l\u0103comie \u0219i sunt pierdu\u021bi \u00een confuzie. Ei nu mai sunt lideri, astfel \u00eenc\u00e2t copiii lor nu mai \u00eenva\u0163\u0103 \u0219i umbl\u0103 f\u0103r\u0103 nicio \u0163int\u0103 prin via\u0163\u0103. B\u0103rba\u021bii sunt ca ni\u0219te fiin\u021be f\u0103r\u0103 spirit, asemenea unor cor\u0103bii r\u0103t\u0103cite, care nu fac altceva dec\u00e2t s\u0103 pluteasc\u0103 pe mare, \u00een voia v\u00e2ntului (&#8230;) A\u0219adar, ajuta\u021bi femeile s\u0103-\u0219i recapete puterea, pentru ca acestea s\u0103 poat\u0103 vindeca b\u0103rba\u021bii. Doar \u00eempreun\u0103, P\u0103m\u00e2ntul poate fi vindecat.<\/p>\n<p>Acum, vom vorbi despre o alt\u0103 profe\u0163ie. \u00cen urm\u0103torul deceniu, \u201doamenii stelelor\u201d, pe care voi le numi\u021bi meteori\u0163i, vor veni pe acest P\u0103m\u00e2nt, ca r\u0103spuns la chemarea Mamei-Natur\u0103 \u00een ajutor. Precum vede\u021bi, toate sunt \u00een leg\u0103tur\u0103. Mama-Natur\u0103 va \u021bipa pentru via\u021b\u0103, iar meteori\u021bii \u00eei vor auzi strig\u0103tele \u015fi vor r\u0103spunde la chemarea ei. Ace\u0219tia vor lovi P\u0103m\u00e2ntul din cer, cu o asemenea for\u0163\u0103, \u00eenc\u00e2t multe lucruri se vor \u00eent\u00e2mpla. P\u0103m\u00e2ntul se va mi\u0219ca ca urmare a impactului, iar acest lucru va provoca un foc sacru (&#8230;) \u0218i apoi, vor veni multe ploi \u0219i v\u00e2nturi. Iar acolo unde va exista var\u0103, va fi toamn\u0103, iar unde va fi toamn\u0103, va fi iarn\u0103. \u015ei acolo unde este iarn\u0103, va exista prim\u0103var\u0103. Animalele \u015fi plantele vor deveni confuze. Animalele vor crede c\u0103 este prim\u0103var\u0103 \u00een timpul iernii, cire\u015fele vor vrea s\u0103 \u00eenfloreasc\u0103, dar vor muri \u00een ger. Iar \u00een timpul verii, v\u00e2nturile vor veni de la nord, iar toate fructele vor fi scuturate. (&#8230;)\u201d<\/p>\n<p><em><strong>Comentariu Lovendal: <\/strong>Se pare c\u0103 indienii profe\u021besc inversarea polilor P\u0103m\u00e2ntului, lucru care va duce \u0219i la schimbarea anotimpurilor.<\/em><\/p>\n<p>\u201dVor fi mari epidemii, pe care nu le ve\u021bi \u00een\u021belege. Multe din aceste epidemii se vor na\u0219te din experimentele oamenilor vo\u0219tri de \u0219tiin\u021b\u0103, care vor gre\u0219i. Iar aceste boli se vor r\u0103sp\u00e2ndi prin ape, prin s\u00e2nge \u015fi prin intermediul alimentelor, deoarece a\u0163i \u00eentrerupt lan\u0163ul natural prin care Mama dvs. Natur\u0103 se cur\u0103\u021b\u0103 (&#8230;)<\/p>\n<p>Ve\u021bi trece prin mari schimb\u0103ri. Va veni un timp \u00een care v\u0103lul dintre lumea fizic\u0103 \u0219i cea spiritual\u0103 se va sub\u021bia.\u201d<\/p>\n<p><em><strong>Comentariu Lovendal: <\/strong>Conform acestei profe\u021bii, oare oamenii vor trece \u00eentr-o alt\u0103 dimensiune?<\/em><\/p>\n","protected":false},"excerpt":{"rendered":"<p>Iat\u0103 \u00een continuare o profe\u021bie interesant\u0103 (despre vremurile care vor urma) a unor indieni americani din tribul Lakota: \u201d\u00cen aceste vremuri care vin, noi trebuie s\u0103 \u00eenv\u0103\u0163\u0103m pentru a ajuta femeile s\u0103-\u0219i recapete puterea. \u00cen cazul \u00een care femeile nu-\u0219i &#8230; <\/p>\n<p class=\"read-more-container\"><a title=\"\u00centr-o profe\u021bie a indienilor americani, pe P\u0103m\u00e2nt vor c\u0103dea meteori\u021bi ce vor aprinde planeta, iar omenirea va fi cuprins\u0103 de mari epidemii\" class=\"read-more button\" href=\"https:\/\/www.lovendal.ro\/wp52\/intr-o-profetie-a-indienilor-americani-pe-pamant-vor-cadea-meteoriti-ce-vor-aprinde-planeta\/#more-24145\" aria-label=\"Cite\u0219te mai multe despre \u00centr-o profe\u021bie a indienilor americani, pe P\u0103m\u00e2nt vor c\u0103dea meteori\u021bi ce vor aprinde planeta, iar omenirea va fi cuprins\u0103 de mari epidemii\">Cititi mai multe<\/a><\/p>\n","protected":false},"author":1,"featured_media":92907,"comment_status":"open","ping_status":"closed","sticky":false,"template":"","format":"standard","meta":{"footnotes":""},"categories":[14],"tags":[601,1614,170,2171,1121,243,1459,161,105,9796,1307,2775,1964,4330],"class_list":["post-24145","post","type-post","status-publish","format-standard","has-post-thumbnail","hentry","category-paranormal-spiritualitate","tag-apa","tag-barbat","tag-boala","tag-epidemie","tag-femeie","tag-indieni","tag-inversarea-polilor","tag-meteorit","tag-pamant","tag-paranormal-spiritualitate","tag-ploaie","tag-profetie","tag-sange","tag-vant","resize-featured-image"],"yoast_head":"<!-- This site is optimized with the Yoast SEO Premium plugin v23.3 (Yoast SEO v27.4) - https:\/\/yoast.com\/product\/yoast-seo-premium-wordpress\/ -->\n<title>\u00centr-o profe\u021bie a indienilor americani, pe P\u0103m\u00e2nt vor c\u0103dea meteori\u021bi ce vor aprinde planeta, iar omenirea va fi cuprins\u0103 de mari epidemii - Secretele lui Lovendal<\/title>\n<meta name=\"robots\" content=\"index, follow, max-snippet:-1, max-image-preview:large, max-video-preview:-1\" \/>\n<link rel=\"canonical\" href=\"https:\/\/www.lovendal.ro\/wp52\/intr-o-profetie-a-indienilor-americani-pe-pamant-vor-cadea-meteoriti-ce-vor-aprinde-planeta\/\" \/>\n<meta property=\"og:locale\" content=\"ro_RO\" \/>\n<meta property=\"og:type\" content=\"article\" \/>\n<meta property=\"og:title\" content=\"\u00centr-o profe\u021bie a indienilor americani, pe P\u0103m\u00e2nt vor c\u0103dea meteori\u021bi ce vor aprinde planeta, iar omenirea va fi cuprins\u0103 de mari epidemii\" \/>\n<meta property=\"og:description\" content=\"Iat\u0103 \u00een continuare o profe\u021bie interesant\u0103 (despre vremurile care vor urma) a unor indieni americani din tribul Lakota: \u201d\u00cen aceste vremuri care vin, noi trebuie s\u0103 \u00eenv\u0103\u0163\u0103m pentru a ajuta femeile s\u0103-\u0219i recapete puterea. \u00cen cazul \u00een care femeile nu-\u0219i ... Cititi mai multe\" \/>\n<meta property=\"og:url\" content=\"https:\/\/www.lovendal.ro\/wp52\/intr-o-profetie-a-indienilor-americani-pe-pamant-vor-cadea-meteoriti-ce-vor-aprinde-planeta\/\" \/>\n<meta property=\"og:site_name\" content=\"Secretele lui Lovendal\" \/>\n<meta property=\"article:publisher\" content=\"https:\/\/www.facebook.com\/secreteleluilovendal\" \/>\n<meta property=\"article:published_time\" content=\"2012-07-09T09:46:16+00:00\" \/>\n<meta property=\"article:modified_time\" content=\"2024-08-27T10:41:23+00:00\" \/>\n<meta property=\"og:image\" content=\"https:\/\/www.lovendal.ro\/wp52\/wp-content\/uploads\/2012\/07\/meteoriti-11.jpg\" \/>\n\t<meta property=\"og:image:width\" content=\"541\" \/>\n\t<meta property=\"og:image:height\" content=\"349\" \/>\n\t<meta property=\"og:image:type\" content=\"image\/jpeg\" \/>\n<meta name=\"author\" content=\"admin\" \/>\n<meta name=\"twitter:card\" content=\"summary_large_image\" \/>\n<meta name=\"twitter:label1\" content=\"Scris de\" \/>\n\t<meta name=\"twitter:data1\" content=\"admin\" \/>\n\t<meta name=\"twitter:label2\" content=\"Timp estimat pentru citire\" \/>\n\t<meta name=\"twitter:data2\" content=\"3 minute\" \/>\n<script type=\"application\/ld+json\" class=\"yoast-schema-graph\">{\"@context\":\"https:\\\/\\\/schema.org\",\"@graph\":[{\"@type\":\"Article\",\"@id\":\"https:\\\/\\\/www.lovendal.ro\\\/wp52\\\/intr-o-profetie-a-indienilor-americani-pe-pamant-vor-cadea-meteoriti-ce-vor-aprinde-planeta\\\/#article\",\"isPartOf\":{\"@id\":\"https:\\\/\\\/www.lovendal.ro\\\/wp52\\\/intr-o-profetie-a-indienilor-americani-pe-pamant-vor-cadea-meteoriti-ce-vor-aprinde-planeta\\\/\"},\"author\":{\"name\":\"admin\",\"@id\":\"https:\\\/\\\/www.lovendal.ro\\\/wp52\\\/#\\\/schema\\\/person\\\/088691de5dfc346bb0c023e1e52ef5d9\"},\"headline\":\"\u00centr-o profe\u021bie a indienilor americani, pe P\u0103m\u00e2nt vor c\u0103dea meteori\u021bi ce vor aprinde planeta, iar omenirea va fi cuprins\u0103 de mari epidemii\",\"datePublished\":\"2012-07-09T09:46:16+00:00\",\"dateModified\":\"2024-08-27T10:41:23+00:00\",\"mainEntityOfPage\":{\"@id\":\"https:\\\/\\\/www.lovendal.ro\\\/wp52\\\/intr-o-profetie-a-indienilor-americani-pe-pamant-vor-cadea-meteoriti-ce-vor-aprinde-planeta\\\/\"},\"wordCount\":529,\"commentCount\":18,\"publisher\":{\"@id\":\"https:\\\/\\\/www.lovendal.ro\\\/wp52\\\/#organization\"},\"image\":{\"@id\":\"https:\\\/\\\/www.lovendal.ro\\\/wp52\\\/intr-o-profetie-a-indienilor-americani-pe-pamant-vor-cadea-meteoriti-ce-vor-aprinde-planeta\\\/#primaryimage\"},\"thumbnailUrl\":\"https:\\\/\\\/www.lovendal.ro\\\/wp52\\\/wp-content\\\/uploads\\\/2012\\\/07\\\/meteoriti-11.jpg\",\"keywords\":[\"ap\u0103\",\"b\u0103rbat\",\"boal\u0103\",\"epidemie\",\"femeie\",\"indieni\",\"inversarea polilor\",\"meteorit\",\"P\u0103m\u00e2nt\",\"Paranormal-Spiritualitate\",\"ploaie\",\"profe\u0163ie\",\"s\u00e2nge\",\"v\u00e2nt\"],\"articleSection\":[\"Paranormal-Spiritualitate\"],\"inLanguage\":\"ro-RO\",\"potentialAction\":[{\"@type\":\"CommentAction\",\"name\":\"Comment\",\"target\":[\"https:\\\/\\\/www.lovendal.ro\\\/wp52\\\/intr-o-profetie-a-indienilor-americani-pe-pamant-vor-cadea-meteoriti-ce-vor-aprinde-planeta\\\/#respond\"]}]},{\"@type\":\"WebPage\",\"@id\":\"https:\\\/\\\/www.lovendal.ro\\\/wp52\\\/intr-o-profetie-a-indienilor-americani-pe-pamant-vor-cadea-meteoriti-ce-vor-aprinde-planeta\\\/\",\"url\":\"https:\\\/\\\/www.lovendal.ro\\\/wp52\\\/intr-o-profetie-a-indienilor-americani-pe-pamant-vor-cadea-meteoriti-ce-vor-aprinde-planeta\\\/\",\"name\":\"\u00centr-o profe\u021bie a indienilor americani, pe P\u0103m\u00e2nt vor c\u0103dea meteori\u021bi ce vor aprinde planeta, iar omenirea va fi cuprins\u0103 de mari epidemii - Secretele lui Lovendal\",\"isPartOf\":{\"@id\":\"https:\\\/\\\/www.lovendal.ro\\\/wp52\\\/#website\"},\"primaryImageOfPage\":{\"@id\":\"https:\\\/\\\/www.lovendal.ro\\\/wp52\\\/intr-o-profetie-a-indienilor-americani-pe-pamant-vor-cadea-meteoriti-ce-vor-aprinde-planeta\\\/#primaryimage\"},\"image\":{\"@id\":\"https:\\\/\\\/www.lovendal.ro\\\/wp52\\\/intr-o-profetie-a-indienilor-americani-pe-pamant-vor-cadea-meteoriti-ce-vor-aprinde-planeta\\\/#primaryimage\"},\"thumbnailUrl\":\"https:\\\/\\\/www.lovendal.ro\\\/wp52\\\/wp-content\\\/uploads\\\/2012\\\/07\\\/meteoriti-11.jpg\",\"datePublished\":\"2012-07-09T09:46:16+00:00\",\"dateModified\":\"2024-08-27T10:41:23+00:00\",\"breadcrumb\":{\"@id\":\"https:\\\/\\\/www.lovendal.ro\\\/wp52\\\/intr-o-profetie-a-indienilor-americani-pe-pamant-vor-cadea-meteoriti-ce-vor-aprinde-planeta\\\/#breadcrumb\"},\"inLanguage\":\"ro-RO\",\"potentialAction\":[{\"@type\":\"ReadAction\",\"target\":[\"https:\\\/\\\/www.lovendal.ro\\\/wp52\\\/intr-o-profetie-a-indienilor-americani-pe-pamant-vor-cadea-meteoriti-ce-vor-aprinde-planeta\\\/\"]}]},{\"@type\":\"ImageObject\",\"inLanguage\":\"ro-RO\",\"@id\":\"https:\\\/\\\/www.lovendal.ro\\\/wp52\\\/intr-o-profetie-a-indienilor-americani-pe-pamant-vor-cadea-meteoriti-ce-vor-aprinde-planeta\\\/#primaryimage\",\"url\":\"https:\\\/\\\/www.lovendal.ro\\\/wp52\\\/wp-content\\\/uploads\\\/2012\\\/07\\\/meteoriti-11.jpg\",\"contentUrl\":\"https:\\\/\\\/www.lovendal.ro\\\/wp52\\\/wp-content\\\/uploads\\\/2012\\\/07\\\/meteoriti-11.jpg\",\"width\":541,\"height\":349,\"caption\":\"Imagine: pixabay.com (Commons Creative - free)\"},{\"@type\":\"BreadcrumbList\",\"@id\":\"https:\\\/\\\/www.lovendal.ro\\\/wp52\\\/intr-o-profetie-a-indienilor-americani-pe-pamant-vor-cadea-meteoriti-ce-vor-aprinde-planeta\\\/#breadcrumb\",\"itemListElement\":[{\"@type\":\"ListItem\",\"position\":1,\"name\":\"Home\",\"item\":\"https:\\\/\\\/www.lovendal.ro\\\/wp52\\\/\"},{\"@type\":\"ListItem\",\"position\":2,\"name\":\"\u00centr-o profe\u021bie a indienilor americani, pe P\u0103m\u00e2nt vor c\u0103dea meteori\u021bi ce vor aprinde planeta, iar omenirea va fi cuprins\u0103 de mari epidemii\"}]},{\"@type\":\"WebSite\",\"@id\":\"https:\\\/\\\/www.lovendal.ro\\\/wp52\\\/#website\",\"url\":\"https:\\\/\\\/www.lovendal.ro\\\/wp52\\\/\",\"name\":\"Secretele lui Lovendal\",\"description\":\"Site de secrete, stiinta si metafizica - din 2008 -\",\"publisher\":{\"@id\":\"https:\\\/\\\/www.lovendal.ro\\\/wp52\\\/#organization\"},\"potentialAction\":[{\"@type\":\"SearchAction\",\"target\":{\"@type\":\"EntryPoint\",\"urlTemplate\":\"https:\\\/\\\/www.lovendal.ro\\\/wp52\\\/?s={search_term_string}\"},\"query-input\":{\"@type\":\"PropertyValueSpecification\",\"valueRequired\":true,\"valueName\":\"search_term_string\"}}],\"inLanguage\":\"ro-RO\"},{\"@type\":\"Organization\",\"@id\":\"https:\\\/\\\/www.lovendal.ro\\\/wp52\\\/#organization\",\"name\":\"Secretele lui Lovendal\",\"url\":\"https:\\\/\\\/www.lovendal.ro\\\/wp52\\\/\",\"logo\":{\"@type\":\"ImageObject\",\"inLanguage\":\"ro-RO\",\"@id\":\"https:\\\/\\\/www.lovendal.ro\\\/wp52\\\/#\\\/schema\\\/logo\\\/image\\\/\",\"url\":\"https:\\\/\\\/www.lovendal.ro\\\/wp52\\\/wp-content\\\/uploads\\\/2024\\\/06\\\/cropped-SLL-iun-2024-1.jpg\",\"contentUrl\":\"https:\\\/\\\/www.lovendal.ro\\\/wp52\\\/wp-content\\\/uploads\\\/2024\\\/06\\\/cropped-SLL-iun-2024-1.jpg\",\"width\":771,\"height\":240,\"caption\":\"Secretele lui Lovendal\"},\"image\":{\"@id\":\"https:\\\/\\\/www.lovendal.ro\\\/wp52\\\/#\\\/schema\\\/logo\\\/image\\\/\"},\"sameAs\":[\"https:\\\/\\\/www.facebook.com\\\/secreteleluilovendal\"]},{\"@type\":\"Person\",\"@id\":\"https:\\\/\\\/www.lovendal.ro\\\/wp52\\\/#\\\/schema\\\/person\\\/088691de5dfc346bb0c023e1e52ef5d9\",\"name\":\"admin\",\"image\":{\"@type\":\"ImageObject\",\"inLanguage\":\"ro-RO\",\"@id\":\"https:\\\/\\\/secure.gravatar.com\\\/avatar\\\/ecb9cd41f5f63c9c9b989999a59f6e2639a865ec361e9db054db0679a8f341c2?s=96&d=mm&r=g\",\"url\":\"https:\\\/\\\/secure.gravatar.com\\\/avatar\\\/ecb9cd41f5f63c9c9b989999a59f6e2639a865ec361e9db054db0679a8f341c2?s=96&d=mm&r=g\",\"contentUrl\":\"https:\\\/\\\/secure.gravatar.com\\\/avatar\\\/ecb9cd41f5f63c9c9b989999a59f6e2639a865ec361e9db054db0679a8f341c2?s=96&d=mm&r=g\",\"caption\":\"admin\"},\"sameAs\":[\"https:\\\/\\\/www.lovendal.ro\\\/wp52\"]}]}<\/script>\n<!-- \/ Yoast SEO Premium plugin. -->","yoast_head_json":{"title":"\u00centr-o profe\u021bie a indienilor americani, pe P\u0103m\u00e2nt vor c\u0103dea meteori\u021bi ce vor aprinde planeta, iar omenirea va fi cuprins\u0103 de mari epidemii - Secretele lui Lovendal","robots":{"index":"index","follow":"follow","max-snippet":"max-snippet:-1","max-image-preview":"max-image-preview:large","max-video-preview":"max-video-preview:-1"},"canonical":"https:\/\/www.lovendal.ro\/wp52\/intr-o-profetie-a-indienilor-americani-pe-pamant-vor-cadea-meteoriti-ce-vor-aprinde-planeta\/","og_locale":"ro_RO","og_type":"article","og_title":"\u00centr-o profe\u021bie a indienilor americani, pe P\u0103m\u00e2nt vor c\u0103dea meteori\u021bi ce vor aprinde planeta, iar omenirea va fi cuprins\u0103 de mari epidemii","og_description":"Iat\u0103 \u00een continuare o profe\u021bie interesant\u0103 (despre vremurile care vor urma) a unor indieni americani din tribul Lakota: \u201d\u00cen aceste vremuri care vin, noi trebuie s\u0103 \u00eenv\u0103\u0163\u0103m pentru a ajuta femeile s\u0103-\u0219i recapete puterea. \u00cen cazul \u00een care femeile nu-\u0219i ... Cititi mai multe","og_url":"https:\/\/www.lovendal.ro\/wp52\/intr-o-profetie-a-indienilor-americani-pe-pamant-vor-cadea-meteoriti-ce-vor-aprinde-planeta\/","og_site_name":"Secretele lui Lovendal","article_publisher":"https:\/\/www.facebook.com\/secreteleluilovendal","article_published_time":"2012-07-09T09:46:16+00:00","article_modified_time":"2024-08-27T10:41:23+00:00","og_image":[{"width":541,"height":349,"url":"https:\/\/www.lovendal.ro\/wp52\/wp-content\/uploads\/2012\/07\/meteoriti-11.jpg","type":"image\/jpeg"}],"author":"admin","twitter_card":"summary_large_image","twitter_misc":{"Scris de":"admin","Timp estimat pentru citire":"3 minute"},"schema":{"@context":"https:\/\/schema.org","@graph":[{"@type":"Article","@id":"https:\/\/www.lovendal.ro\/wp52\/intr-o-profetie-a-indienilor-americani-pe-pamant-vor-cadea-meteoriti-ce-vor-aprinde-planeta\/#article","isPartOf":{"@id":"https:\/\/www.lovendal.ro\/wp52\/intr-o-profetie-a-indienilor-americani-pe-pamant-vor-cadea-meteoriti-ce-vor-aprinde-planeta\/"},"author":{"name":"admin","@id":"https:\/\/www.lovendal.ro\/wp52\/#\/schema\/person\/088691de5dfc346bb0c023e1e52ef5d9"},"headline":"\u00centr-o profe\u021bie a indienilor americani, pe P\u0103m\u00e2nt vor c\u0103dea meteori\u021bi ce vor aprinde planeta, iar omenirea va fi cuprins\u0103 de mari epidemii","datePublished":"2012-07-09T09:46:16+00:00","dateModified":"2024-08-27T10:41:23+00:00","mainEntityOfPage":{"@id":"https:\/\/www.lovendal.ro\/wp52\/intr-o-profetie-a-indienilor-americani-pe-pamant-vor-cadea-meteoriti-ce-vor-aprinde-planeta\/"},"wordCount":529,"commentCount":18,"publisher":{"@id":"https:\/\/www.lovendal.ro\/wp52\/#organization"},"image":{"@id":"https:\/\/www.lovendal.ro\/wp52\/intr-o-profetie-a-indienilor-americani-pe-pamant-vor-cadea-meteoriti-ce-vor-aprinde-planeta\/#primaryimage"},"thumbnailUrl":"https:\/\/www.lovendal.ro\/wp52\/wp-content\/uploads\/2012\/07\/meteoriti-11.jpg","keywords":["ap\u0103","b\u0103rbat","boal\u0103","epidemie","femeie","indieni","inversarea polilor","meteorit","P\u0103m\u00e2nt","Paranormal-Spiritualitate","ploaie","profe\u0163ie","s\u00e2nge","v\u00e2nt"],"articleSection":["Paranormal-Spiritualitate"],"inLanguage":"ro-RO","potentialAction":[{"@type":"CommentAction","name":"Comment","target":["https:\/\/www.lovendal.ro\/wp52\/intr-o-profetie-a-indienilor-americani-pe-pamant-vor-cadea-meteoriti-ce-vor-aprinde-planeta\/#respond"]}]},{"@type":"WebPage","@id":"https:\/\/www.lovendal.ro\/wp52\/intr-o-profetie-a-indienilor-americani-pe-pamant-vor-cadea-meteoriti-ce-vor-aprinde-planeta\/","url":"https:\/\/www.lovendal.ro\/wp52\/intr-o-profetie-a-indienilor-americani-pe-pamant-vor-cadea-meteoriti-ce-vor-aprinde-planeta\/","name":"\u00centr-o profe\u021bie a indienilor americani, pe P\u0103m\u00e2nt vor c\u0103dea meteori\u021bi ce vor aprinde planeta, iar omenirea va fi cuprins\u0103 de mari epidemii - Secretele lui Lovendal","isPartOf":{"@id":"https:\/\/www.lovendal.ro\/wp52\/#website"},"primaryImageOfPage":{"@id":"https:\/\/www.lovendal.ro\/wp52\/intr-o-profetie-a-indienilor-americani-pe-pamant-vor-cadea-meteoriti-ce-vor-aprinde-planeta\/#primaryimage"},"image":{"@id":"https:\/\/www.lovendal.ro\/wp52\/intr-o-profetie-a-indienilor-americani-pe-pamant-vor-cadea-meteoriti-ce-vor-aprinde-planeta\/#primaryimage"},"thumbnailUrl":"https:\/\/www.lovendal.ro\/wp52\/wp-content\/uploads\/2012\/07\/meteoriti-11.jpg","datePublished":"2012-07-09T09:46:16+00:00","dateModified":"2024-08-27T10:41:23+00:00","breadcrumb":{"@id":"https:\/\/www.lovendal.ro\/wp52\/intr-o-profetie-a-indienilor-americani-pe-pamant-vor-cadea-meteoriti-ce-vor-aprinde-planeta\/#breadcrumb"},"inLanguage":"ro-RO","potentialAction":[{"@type":"ReadAction","target":["https:\/\/www.lovendal.ro\/wp52\/intr-o-profetie-a-indienilor-americani-pe-pamant-vor-cadea-meteoriti-ce-vor-aprinde-planeta\/"]}]},{"@type":"ImageObject","inLanguage":"ro-RO","@id":"https:\/\/www.lovendal.ro\/wp52\/intr-o-profetie-a-indienilor-americani-pe-pamant-vor-cadea-meteoriti-ce-vor-aprinde-planeta\/#primaryimage","url":"https:\/\/www.lovendal.ro\/wp52\/wp-content\/uploads\/2012\/07\/meteoriti-11.jpg","contentUrl":"https:\/\/www.lovendal.ro\/wp52\/wp-content\/uploads\/2012\/07\/meteoriti-11.jpg","width":541,"height":349,"caption":"Imagine: pixabay.com (Commons Creative - free)"},{"@type":"BreadcrumbList","@id":"https:\/\/www.lovendal.ro\/wp52\/intr-o-profetie-a-indienilor-americani-pe-pamant-vor-cadea-meteoriti-ce-vor-aprinde-planeta\/#breadcrumb","itemListElement":[{"@type":"ListItem","position":1,"name":"Home","item":"https:\/\/www.lovendal.ro\/wp52\/"},{"@type":"ListItem","position":2,"name":"\u00centr-o profe\u021bie a indienilor americani, pe P\u0103m\u00e2nt vor c\u0103dea meteori\u021bi ce vor aprinde planeta, iar omenirea va fi cuprins\u0103 de mari epidemii"}]},{"@type":"WebSite","@id":"https:\/\/www.lovendal.ro\/wp52\/#website","url":"https:\/\/www.lovendal.ro\/wp52\/","name":"Secretele lui Lovendal","description":"Site de secrete, stiinta si metafizica - din 2008 -","publisher":{"@id":"https:\/\/www.lovendal.ro\/wp52\/#organization"},"potentialAction":[{"@type":"SearchAction","target":{"@type":"EntryPoint","urlTemplate":"https:\/\/www.lovendal.ro\/wp52\/?s={search_term_string}"},"query-input":{"@type":"PropertyValueSpecification","valueRequired":true,"valueName":"search_term_string"}}],"inLanguage":"ro-RO"},{"@type":"Organization","@id":"https:\/\/www.lovendal.ro\/wp52\/#organization","name":"Secretele lui Lovendal","url":"https:\/\/www.lovendal.ro\/wp52\/","logo":{"@type":"ImageObject","inLanguage":"ro-RO","@id":"https:\/\/www.lovendal.ro\/wp52\/#\/schema\/logo\/image\/","url":"https:\/\/www.lovendal.ro\/wp52\/wp-content\/uploads\/2024\/06\/cropped-SLL-iun-2024-1.jpg","contentUrl":"https:\/\/www.lovendal.ro\/wp52\/wp-content\/uploads\/2024\/06\/cropped-SLL-iun-2024-1.jpg","width":771,"height":240,"caption":"Secretele lui Lovendal"},"image":{"@id":"https:\/\/www.lovendal.ro\/wp52\/#\/schema\/logo\/image\/"},"sameAs":["https:\/\/www.facebook.com\/secreteleluilovendal"]},{"@type":"Person","@id":"https:\/\/www.lovendal.ro\/wp52\/#\/schema\/person\/088691de5dfc346bb0c023e1e52ef5d9","name":"admin","image":{"@type":"ImageObject","inLanguage":"ro-RO","@id":"https:\/\/secure.gravatar.com\/avatar\/ecb9cd41f5f63c9c9b989999a59f6e2639a865ec361e9db054db0679a8f341c2?s=96&d=mm&r=g","url":"https:\/\/secure.gravatar.com\/avatar\/ecb9cd41f5f63c9c9b989999a59f6e2639a865ec361e9db054db0679a8f341c2?s=96&d=mm&r=g","contentUrl":"https:\/\/secure.gravatar.com\/avatar\/ecb9cd41f5f63c9c9b989999a59f6e2639a865ec361e9db054db0679a8f341c2?s=96&d=mm&r=g","caption":"admin"},"sameAs":["https:\/\/www.lovendal.ro\/wp52"]}]}},"_links":{"self":[{"href":"https:\/\/www.lovendal.ro\/wp52\/wp-json\/wp\/v2\/posts\/24145","targetHints":{"allow":["GET"]}}],"collection":[{"href":"https:\/\/www.lovendal.ro\/wp52\/wp-json\/wp\/v2\/posts"}],"about":[{"href":"https:\/\/www.lovendal.ro\/wp52\/wp-json\/wp\/v2\/types\/post"}],"author":[{"embeddable":true,"href":"https:\/\/www.lovendal.ro\/wp52\/wp-json\/wp\/v2\/users\/1"}],"replies":[{"embeddable":true,"href":"https:\/\/www.lovendal.ro\/wp52\/wp-json\/wp\/v2\/comments?post=24145"}],"version-history":[{"count":2,"href":"https:\/\/www.lovendal.ro\/wp52\/wp-json\/wp\/v2\/posts\/24145\/revisions"}],"predecessor-version":[{"id":92909,"href":"https:\/\/www.lovendal.ro\/wp52\/wp-json\/wp\/v2\/posts\/24145\/revisions\/92909"}],"wp:featuredmedia":[{"embeddable":true,"href":"https:\/\/www.lovendal.ro\/wp52\/wp-json\/wp\/v2\/media\/92907"}],"wp:attachment":[{"href":"https:\/\/www.lovendal.ro\/wp52\/wp-json\/wp\/v2\/media?parent=24145"}],"wp:term":[{"taxonomy":"category","embeddable":true,"href":"https:\/\/www.lovendal.ro\/wp52\/wp-json\/wp\/v2\/categories?post=24145"},{"taxonomy":"post_tag","embeddable":true,"href":"https:\/\/www.lovendal.ro\/wp52\/wp-json\/wp\/v2\/tags?post=24145"}],"curies":[{"name":"wp","href":"https:\/\/api.w.org\/{rel}","templated":true}]}}