{"id":24109,"date":"2012-07-06T08:39:00","date_gmt":"2012-07-06T05:39:00","guid":{"rendered":"http:\/\/www.lovendal.net\/wp52\/?p=24109"},"modified":"2012-07-08T11:57:59","modified_gmt":"2012-07-08T08:57:59","slug":"misteriosii-nori-noctilucenti-au-fost-observati-pentru-prima-oara-de-astronautii-de-pe-statia-spatiala-internationala","status":"publish","type":"post","link":"https:\/\/www.lovendal.ro\/wp52\/misteriosii-nori-noctilucenti-au-fost-observati-pentru-prima-oara-de-astronautii-de-pe-statia-spatiala-internationala\/","title":{"rendered":"Misterio\u015fii nori noctilucen\u0163i au fost observa\u0163i pentru prima oar\u0103 de astronau\u0163ii de pe Sta\u0163ia Spa\u0163ial\u0103 Interna\u0163ional\u0103"},"content":{"rendered":"<p><a href=\"https:\/\/www.lovendal.ro\/wp52\/wp-content\/uploads\/2012\/07\/nori-noctiluminescenti.jpg\"><img loading=\"lazy\" decoding=\"async\" class=\"alignleft size-full wp-image-24110\" title=\"Nori noctilucenti\" src=\"https:\/\/www.lovendal.ro\/wp52\/wp-content\/uploads\/2012\/07\/nori-noctiluminescenti.jpg\" alt=\"\" width=\"309\" height=\"179\" srcset=\"https:\/\/www.lovendal.ro\/wp52\/wp-content\/uploads\/2012\/07\/nori-noctiluminescenti.jpg 309w, https:\/\/www.lovendal.ro\/wp52\/wp-content\/uploads\/2012\/07\/nori-noctiluminescenti-300x173.jpg 300w\" sizes=\"auto, (max-width: 309px) 100vw, 309px\" \/><\/a>Norii noctilucen\u0163i sau norii nop\u0163ii, sunt ni\u015fte forma\u0163iuni atmosferice absolut minunate; ele au fost observate recent \u015fi de c\u0103tre cercet\u0103torii de la bordul Sta\u0163iei Spa\u0163iale Interna\u0163ionale (International Space Station &#8211; ISS). Ei se mai numesc \u015fi &#8222;nori mezosferici&#8221;, \u00eentruc\u00e2t i-au uimit pe oamenii de \u015ftiin\u0163\u0103 cu schimb\u0103rile lor recente. Norii sunt considera\u0163i a fi rari, dar \u00een prezent ei devin din ce \u00een ce mai str\u0103lucitori, mai frecven\u0163i, vizibili din ce \u00een ce mai mult la altitudini mai joase, ap\u0103r\u00e2nd chiar \u015fi \u00een timpul zilei (nu doar \u00eenainte \u015fi dup\u0103 apusul Soarelui).<\/p>\n<p>Astronau\u0163ii de pe ISS au fost capabili s\u0103 surprind\u0103 ace\u015fti nori pe 5 iunie 2012, \u015fi, conform NASA, este prima dat\u0103 c\u00e2nd acest fenomen a fost surprins de pe orbita P\u0103m\u00e2ntului.<\/p>\n<p>Oricum, exist\u0103 o controvers\u0103 despre cauza apari\u0163iei acestor nori. Dac\u0103 unii au vorbit despre praful de la meteori\u0163i, al\u0163ii au luat \u00een discu\u0163ie \u00eenc\u0103lzirea global\u0103, dar \u015fi gazele de e\u015fapament ale rachetelor \u015fi sateli\u0163ilor artificiali. Totu\u015fi, ultimele cercet\u0103ri sugereaz\u0103 faptul c\u0103 schimb\u0103rile din compozi\u0163ia gazelor atmosferice sau a temperaturii, au f\u0103cut ca ace\u015fti nori s\u0103 devin\u0103 din ce \u00een ce mai str\u0103lucitori \u00een ultima perioad\u0103.<\/p>\n<p>Norii noctilucen\u0163i sunt, de obicei, observa\u0163i \u00een timpul verii \u015fi apar la apusul Soarelui. Ei sunt sub\u0163iri \u015fi apar la \u00eenalte altitudini (\u00eentre 76 \u015fi 85 de kilometri deasupra P\u0103m\u00e2ntului) \u015fi reflect\u0103 lumina Soarelui mult timp dup\u0103 ce acest astru a p\u0103r\u0103sit linia orizontului.<\/p>\n","protected":false},"excerpt":{"rendered":"<p>Norii noctilucen\u0163i sau norii nop\u0163ii, sunt ni\u015fte forma\u0163iuni atmosferice absolut minunate; ele au fost observate recent \u015fi de c\u0103tre cercet\u0103torii de la bordul Sta\u0163iei Spa\u0163iale Interna\u0163ionale (International Space Station &#8211; ISS). Ei se mai numesc \u015fi &#8222;nori mezosferici&#8221;, \u00eentruc\u00e2t i-au &#8230; <\/p>\n<p class=\"read-more-container\"><a title=\"Misterio\u015fii nori noctilucen\u0163i au fost observa\u0163i pentru prima oar\u0103 de astronau\u0163ii de pe Sta\u0163ia Spa\u0163ial\u0103 Interna\u0163ional\u0103\" class=\"read-more button\" href=\"https:\/\/www.lovendal.ro\/wp52\/misteriosii-nori-noctilucenti-au-fost-observati-pentru-prima-oara-de-astronautii-de-pe-statia-spatiala-internationala\/#more-24109\" aria-label=\"Cite\u0219te mai multe despre Misterio\u015fii nori noctilucen\u0163i au fost observa\u0163i pentru prima oar\u0103 de astronau\u0163ii de pe Sta\u0163ia Spa\u0163ial\u0103 Interna\u0163ional\u0103\">Cititi mai multe<\/a><\/p>\n","protected":false},"author":1,"featured_media":24110,"comment_status":"open","ping_status":"closed","sticky":false,"template":"","format":"standard","meta":{"footnotes":""},"categories":[106],"tags":[2978,3058,1960,161,1978,5410,105,5133,9803,5281],"class_list":["post-24109","post","type-post","status-publish","format-standard","has-post-thumbnail","hentry","category-stiinta","tag-apus-de-soare","tag-astronaut","tag-incalzire-globala","tag-meteorit","tag-nori","tag-nori-noctilucenti","tag-pamant","tag-statia-spatiala-internationala","tag-stiinta","tag-vara","resize-featured-image"],"yoast_head":"<!-- This site is optimized with the Yoast SEO Premium plugin v23.3 (Yoast SEO v27.4) - https:\/\/yoast.com\/product\/yoast-seo-premium-wordpress\/ -->\n<title>Misterio\u015fii nori noctilucen\u0163i au fost observa\u0163i pentru prima oar\u0103 de astronau\u0163ii de pe Sta\u0163ia Spa\u0163ial\u0103 Interna\u0163ional\u0103 - Secretele lui Lovendal<\/title>\n<meta name=\"robots\" content=\"index, follow, max-snippet:-1, max-image-preview:large, max-video-preview:-1\" \/>\n<link rel=\"canonical\" href=\"https:\/\/www.lovendal.ro\/wp52\/misteriosii-nori-noctilucenti-au-fost-observati-pentru-prima-oara-de-astronautii-de-pe-statia-spatiala-internationala\/\" \/>\n<meta property=\"og:locale\" content=\"ro_RO\" \/>\n<meta property=\"og:type\" content=\"article\" \/>\n<meta property=\"og:title\" content=\"Misterio\u015fii nori noctilucen\u0163i au fost observa\u0163i pentru prima oar\u0103 de astronau\u0163ii de pe Sta\u0163ia Spa\u0163ial\u0103 Interna\u0163ional\u0103\" \/>\n<meta property=\"og:description\" content=\"Norii noctilucen\u0163i sau norii nop\u0163ii, sunt ni\u015fte forma\u0163iuni atmosferice absolut minunate; ele au fost observate recent \u015fi de c\u0103tre cercet\u0103torii de la bordul Sta\u0163iei Spa\u0163iale Interna\u0163ionale (International Space Station &#8211; ISS). Ei se mai numesc \u015fi &#8222;nori mezosferici&#8221;, \u00eentruc\u00e2t i-au ... Cititi mai multe\" \/>\n<meta property=\"og:url\" content=\"https:\/\/www.lovendal.ro\/wp52\/misteriosii-nori-noctilucenti-au-fost-observati-pentru-prima-oara-de-astronautii-de-pe-statia-spatiala-internationala\/\" \/>\n<meta property=\"og:site_name\" content=\"Secretele lui Lovendal\" \/>\n<meta property=\"article:publisher\" content=\"https:\/\/www.facebook.com\/secreteleluilovendal\" \/>\n<meta property=\"article:published_time\" content=\"2012-07-06T05:39:00+00:00\" \/>\n<meta property=\"article:modified_time\" content=\"2012-07-08T08:57:59+00:00\" \/>\n<meta property=\"og:image\" content=\"https:\/\/www.lovendal.ro\/wp52\/wp-content\/uploads\/2012\/07\/nori-noctiluminescenti.jpg\" \/>\n\t<meta property=\"og:image:width\" content=\"309\" \/>\n\t<meta property=\"og:image:height\" content=\"179\" \/>\n\t<meta property=\"og:image:type\" content=\"image\/jpeg\" \/>\n<meta name=\"author\" content=\"admin\" \/>\n<meta name=\"twitter:card\" content=\"summary_large_image\" \/>\n<meta name=\"twitter:label1\" content=\"Scris de\" \/>\n\t<meta name=\"twitter:data1\" content=\"admin\" \/>\n\t<meta name=\"twitter:label2\" content=\"Timp estimat pentru citire\" \/>\n\t<meta name=\"twitter:data2\" content=\"1 minut\" \/>\n<script type=\"application\/ld+json\" class=\"yoast-schema-graph\">{\"@context\":\"https:\\\/\\\/schema.org\",\"@graph\":[{\"@type\":\"Article\",\"@id\":\"https:\\\/\\\/www.lovendal.ro\\\/wp52\\\/misteriosii-nori-noctilucenti-au-fost-observati-pentru-prima-oara-de-astronautii-de-pe-statia-spatiala-internationala\\\/#article\",\"isPartOf\":{\"@id\":\"https:\\\/\\\/www.lovendal.ro\\\/wp52\\\/misteriosii-nori-noctilucenti-au-fost-observati-pentru-prima-oara-de-astronautii-de-pe-statia-spatiala-internationala\\\/\"},\"author\":{\"name\":\"admin\",\"@id\":\"https:\\\/\\\/www.lovendal.ro\\\/wp52\\\/#\\\/schema\\\/person\\\/088691de5dfc346bb0c023e1e52ef5d9\"},\"headline\":\"Misterio\u015fii nori noctilucen\u0163i au fost observa\u0163i pentru prima oar\u0103 de astronau\u0163ii de pe Sta\u0163ia Spa\u0163ial\u0103 Interna\u0163ional\u0103\",\"datePublished\":\"2012-07-06T05:39:00+00:00\",\"dateModified\":\"2012-07-08T08:57:59+00:00\",\"mainEntityOfPage\":{\"@id\":\"https:\\\/\\\/www.lovendal.ro\\\/wp52\\\/misteriosii-nori-noctilucenti-au-fost-observati-pentru-prima-oara-de-astronautii-de-pe-statia-spatiala-internationala\\\/\"},\"wordCount\":293,\"commentCount\":1,\"publisher\":{\"@id\":\"https:\\\/\\\/www.lovendal.ro\\\/wp52\\\/#organization\"},\"image\":{\"@id\":\"https:\\\/\\\/www.lovendal.ro\\\/wp52\\\/misteriosii-nori-noctilucenti-au-fost-observati-pentru-prima-oara-de-astronautii-de-pe-statia-spatiala-internationala\\\/#primaryimage\"},\"thumbnailUrl\":\"https:\\\/\\\/www.lovendal.ro\\\/wp52\\\/wp-content\\\/uploads\\\/2012\\\/07\\\/nori-noctiluminescenti.jpg\",\"keywords\":[\"apus de Soare\",\"astronaut\",\"\u00eenc\u0103lzire global\u0103\",\"meteorit\",\"nori\",\"nori noctilucen\u0163i\",\"P\u0103m\u00e2nt\",\"Sta\u0163ia Spa\u0163ial\u0103 Interna\u0163ional\u0103\",\"Stiinta\",\"var\u0103\"],\"articleSection\":[\"Stiinta\"],\"inLanguage\":\"ro-RO\",\"potentialAction\":[{\"@type\":\"CommentAction\",\"name\":\"Comment\",\"target\":[\"https:\\\/\\\/www.lovendal.ro\\\/wp52\\\/misteriosii-nori-noctilucenti-au-fost-observati-pentru-prima-oara-de-astronautii-de-pe-statia-spatiala-internationala\\\/#respond\"]}]},{\"@type\":\"WebPage\",\"@id\":\"https:\\\/\\\/www.lovendal.ro\\\/wp52\\\/misteriosii-nori-noctilucenti-au-fost-observati-pentru-prima-oara-de-astronautii-de-pe-statia-spatiala-internationala\\\/\",\"url\":\"https:\\\/\\\/www.lovendal.ro\\\/wp52\\\/misteriosii-nori-noctilucenti-au-fost-observati-pentru-prima-oara-de-astronautii-de-pe-statia-spatiala-internationala\\\/\",\"name\":\"Misterio\u015fii nori noctilucen\u0163i au fost observa\u0163i pentru prima oar\u0103 de astronau\u0163ii de pe Sta\u0163ia Spa\u0163ial\u0103 Interna\u0163ional\u0103 - Secretele lui Lovendal\",\"isPartOf\":{\"@id\":\"https:\\\/\\\/www.lovendal.ro\\\/wp52\\\/#website\"},\"primaryImageOfPage\":{\"@id\":\"https:\\\/\\\/www.lovendal.ro\\\/wp52\\\/misteriosii-nori-noctilucenti-au-fost-observati-pentru-prima-oara-de-astronautii-de-pe-statia-spatiala-internationala\\\/#primaryimage\"},\"image\":{\"@id\":\"https:\\\/\\\/www.lovendal.ro\\\/wp52\\\/misteriosii-nori-noctilucenti-au-fost-observati-pentru-prima-oara-de-astronautii-de-pe-statia-spatiala-internationala\\\/#primaryimage\"},\"thumbnailUrl\":\"https:\\\/\\\/www.lovendal.ro\\\/wp52\\\/wp-content\\\/uploads\\\/2012\\\/07\\\/nori-noctiluminescenti.jpg\",\"datePublished\":\"2012-07-06T05:39:00+00:00\",\"dateModified\":\"2012-07-08T08:57:59+00:00\",\"breadcrumb\":{\"@id\":\"https:\\\/\\\/www.lovendal.ro\\\/wp52\\\/misteriosii-nori-noctilucenti-au-fost-observati-pentru-prima-oara-de-astronautii-de-pe-statia-spatiala-internationala\\\/#breadcrumb\"},\"inLanguage\":\"ro-RO\",\"potentialAction\":[{\"@type\":\"ReadAction\",\"target\":[\"https:\\\/\\\/www.lovendal.ro\\\/wp52\\\/misteriosii-nori-noctilucenti-au-fost-observati-pentru-prima-oara-de-astronautii-de-pe-statia-spatiala-internationala\\\/\"]}]},{\"@type\":\"ImageObject\",\"inLanguage\":\"ro-RO\",\"@id\":\"https:\\\/\\\/www.lovendal.ro\\\/wp52\\\/misteriosii-nori-noctilucenti-au-fost-observati-pentru-prima-oara-de-astronautii-de-pe-statia-spatiala-internationala\\\/#primaryimage\",\"url\":\"https:\\\/\\\/www.lovendal.ro\\\/wp52\\\/wp-content\\\/uploads\\\/2012\\\/07\\\/nori-noctiluminescenti.jpg\",\"contentUrl\":\"https:\\\/\\\/www.lovendal.ro\\\/wp52\\\/wp-content\\\/uploads\\\/2012\\\/07\\\/nori-noctiluminescenti.jpg\",\"width\":\"309\",\"height\":\"179\"},{\"@type\":\"BreadcrumbList\",\"@id\":\"https:\\\/\\\/www.lovendal.ro\\\/wp52\\\/misteriosii-nori-noctilucenti-au-fost-observati-pentru-prima-oara-de-astronautii-de-pe-statia-spatiala-internationala\\\/#breadcrumb\",\"itemListElement\":[{\"@type\":\"ListItem\",\"position\":1,\"name\":\"Home\",\"item\":\"https:\\\/\\\/www.lovendal.ro\\\/wp52\\\/\"},{\"@type\":\"ListItem\",\"position\":2,\"name\":\"Misterio\u015fii nori noctilucen\u0163i au fost observa\u0163i pentru prima oar\u0103 de astronau\u0163ii de pe Sta\u0163ia Spa\u0163ial\u0103 Interna\u0163ional\u0103\"}]},{\"@type\":\"WebSite\",\"@id\":\"https:\\\/\\\/www.lovendal.ro\\\/wp52\\\/#website\",\"url\":\"https:\\\/\\\/www.lovendal.ro\\\/wp52\\\/\",\"name\":\"Secretele lui Lovendal\",\"description\":\"Site de secrete, stiinta si metafizica - din 2008 -\",\"publisher\":{\"@id\":\"https:\\\/\\\/www.lovendal.ro\\\/wp52\\\/#organization\"},\"potentialAction\":[{\"@type\":\"SearchAction\",\"target\":{\"@type\":\"EntryPoint\",\"urlTemplate\":\"https:\\\/\\\/www.lovendal.ro\\\/wp52\\\/?s={search_term_string}\"},\"query-input\":{\"@type\":\"PropertyValueSpecification\",\"valueRequired\":true,\"valueName\":\"search_term_string\"}}],\"inLanguage\":\"ro-RO\"},{\"@type\":\"Organization\",\"@id\":\"https:\\\/\\\/www.lovendal.ro\\\/wp52\\\/#organization\",\"name\":\"Secretele lui Lovendal\",\"url\":\"https:\\\/\\\/www.lovendal.ro\\\/wp52\\\/\",\"logo\":{\"@type\":\"ImageObject\",\"inLanguage\":\"ro-RO\",\"@id\":\"https:\\\/\\\/www.lovendal.ro\\\/wp52\\\/#\\\/schema\\\/logo\\\/image\\\/\",\"url\":\"https:\\\/\\\/www.lovendal.ro\\\/wp52\\\/wp-content\\\/uploads\\\/2024\\\/06\\\/cropped-SLL-iun-2024-1.jpg\",\"contentUrl\":\"https:\\\/\\\/www.lovendal.ro\\\/wp52\\\/wp-content\\\/uploads\\\/2024\\\/06\\\/cropped-SLL-iun-2024-1.jpg\",\"width\":771,\"height\":240,\"caption\":\"Secretele lui Lovendal\"},\"image\":{\"@id\":\"https:\\\/\\\/www.lovendal.ro\\\/wp52\\\/#\\\/schema\\\/logo\\\/image\\\/\"},\"sameAs\":[\"https:\\\/\\\/www.facebook.com\\\/secreteleluilovendal\"]},{\"@type\":\"Person\",\"@id\":\"https:\\\/\\\/www.lovendal.ro\\\/wp52\\\/#\\\/schema\\\/person\\\/088691de5dfc346bb0c023e1e52ef5d9\",\"name\":\"admin\",\"image\":{\"@type\":\"ImageObject\",\"inLanguage\":\"ro-RO\",\"@id\":\"https:\\\/\\\/secure.gravatar.com\\\/avatar\\\/ecb9cd41f5f63c9c9b989999a59f6e2639a865ec361e9db054db0679a8f341c2?s=96&d=mm&r=g\",\"url\":\"https:\\\/\\\/secure.gravatar.com\\\/avatar\\\/ecb9cd41f5f63c9c9b989999a59f6e2639a865ec361e9db054db0679a8f341c2?s=96&d=mm&r=g\",\"contentUrl\":\"https:\\\/\\\/secure.gravatar.com\\\/avatar\\\/ecb9cd41f5f63c9c9b989999a59f6e2639a865ec361e9db054db0679a8f341c2?s=96&d=mm&r=g\",\"caption\":\"admin\"},\"sameAs\":[\"https:\\\/\\\/www.lovendal.ro\\\/wp52\"]}]}<\/script>\n<!-- \/ Yoast SEO Premium plugin. -->","yoast_head_json":{"title":"Misterio\u015fii nori noctilucen\u0163i au fost observa\u0163i pentru prima oar\u0103 de astronau\u0163ii de pe Sta\u0163ia Spa\u0163ial\u0103 Interna\u0163ional\u0103 - Secretele lui Lovendal","robots":{"index":"index","follow":"follow","max-snippet":"max-snippet:-1","max-image-preview":"max-image-preview:large","max-video-preview":"max-video-preview:-1"},"canonical":"https:\/\/www.lovendal.ro\/wp52\/misteriosii-nori-noctilucenti-au-fost-observati-pentru-prima-oara-de-astronautii-de-pe-statia-spatiala-internationala\/","og_locale":"ro_RO","og_type":"article","og_title":"Misterio\u015fii nori noctilucen\u0163i au fost observa\u0163i pentru prima oar\u0103 de astronau\u0163ii de pe Sta\u0163ia Spa\u0163ial\u0103 Interna\u0163ional\u0103","og_description":"Norii noctilucen\u0163i sau norii nop\u0163ii, sunt ni\u015fte forma\u0163iuni atmosferice absolut minunate; ele au fost observate recent \u015fi de c\u0103tre cercet\u0103torii de la bordul Sta\u0163iei Spa\u0163iale Interna\u0163ionale (International Space Station &#8211; ISS). Ei se mai numesc \u015fi &#8222;nori mezosferici&#8221;, \u00eentruc\u00e2t i-au ... Cititi mai multe","og_url":"https:\/\/www.lovendal.ro\/wp52\/misteriosii-nori-noctilucenti-au-fost-observati-pentru-prima-oara-de-astronautii-de-pe-statia-spatiala-internationala\/","og_site_name":"Secretele lui Lovendal","article_publisher":"https:\/\/www.facebook.com\/secreteleluilovendal","article_published_time":"2012-07-06T05:39:00+00:00","article_modified_time":"2012-07-08T08:57:59+00:00","og_image":[{"width":309,"height":179,"url":"https:\/\/www.lovendal.ro\/wp52\/wp-content\/uploads\/2012\/07\/nori-noctiluminescenti.jpg","type":"image\/jpeg"}],"author":"admin","twitter_card":"summary_large_image","twitter_misc":{"Scris de":"admin","Timp estimat pentru citire":"1 minut"},"schema":{"@context":"https:\/\/schema.org","@graph":[{"@type":"Article","@id":"https:\/\/www.lovendal.ro\/wp52\/misteriosii-nori-noctilucenti-au-fost-observati-pentru-prima-oara-de-astronautii-de-pe-statia-spatiala-internationala\/#article","isPartOf":{"@id":"https:\/\/www.lovendal.ro\/wp52\/misteriosii-nori-noctilucenti-au-fost-observati-pentru-prima-oara-de-astronautii-de-pe-statia-spatiala-internationala\/"},"author":{"name":"admin","@id":"https:\/\/www.lovendal.ro\/wp52\/#\/schema\/person\/088691de5dfc346bb0c023e1e52ef5d9"},"headline":"Misterio\u015fii nori noctilucen\u0163i au fost observa\u0163i pentru prima oar\u0103 de astronau\u0163ii de pe Sta\u0163ia Spa\u0163ial\u0103 Interna\u0163ional\u0103","datePublished":"2012-07-06T05:39:00+00:00","dateModified":"2012-07-08T08:57:59+00:00","mainEntityOfPage":{"@id":"https:\/\/www.lovendal.ro\/wp52\/misteriosii-nori-noctilucenti-au-fost-observati-pentru-prima-oara-de-astronautii-de-pe-statia-spatiala-internationala\/"},"wordCount":293,"commentCount":1,"publisher":{"@id":"https:\/\/www.lovendal.ro\/wp52\/#organization"},"image":{"@id":"https:\/\/www.lovendal.ro\/wp52\/misteriosii-nori-noctilucenti-au-fost-observati-pentru-prima-oara-de-astronautii-de-pe-statia-spatiala-internationala\/#primaryimage"},"thumbnailUrl":"https:\/\/www.lovendal.ro\/wp52\/wp-content\/uploads\/2012\/07\/nori-noctiluminescenti.jpg","keywords":["apus de Soare","astronaut","\u00eenc\u0103lzire global\u0103","meteorit","nori","nori noctilucen\u0163i","P\u0103m\u00e2nt","Sta\u0163ia Spa\u0163ial\u0103 Interna\u0163ional\u0103","Stiinta","var\u0103"],"articleSection":["Stiinta"],"inLanguage":"ro-RO","potentialAction":[{"@type":"CommentAction","name":"Comment","target":["https:\/\/www.lovendal.ro\/wp52\/misteriosii-nori-noctilucenti-au-fost-observati-pentru-prima-oara-de-astronautii-de-pe-statia-spatiala-internationala\/#respond"]}]},{"@type":"WebPage","@id":"https:\/\/www.lovendal.ro\/wp52\/misteriosii-nori-noctilucenti-au-fost-observati-pentru-prima-oara-de-astronautii-de-pe-statia-spatiala-internationala\/","url":"https:\/\/www.lovendal.ro\/wp52\/misteriosii-nori-noctilucenti-au-fost-observati-pentru-prima-oara-de-astronautii-de-pe-statia-spatiala-internationala\/","name":"Misterio\u015fii nori noctilucen\u0163i au fost observa\u0163i pentru prima oar\u0103 de astronau\u0163ii de pe Sta\u0163ia Spa\u0163ial\u0103 Interna\u0163ional\u0103 - Secretele lui Lovendal","isPartOf":{"@id":"https:\/\/www.lovendal.ro\/wp52\/#website"},"primaryImageOfPage":{"@id":"https:\/\/www.lovendal.ro\/wp52\/misteriosii-nori-noctilucenti-au-fost-observati-pentru-prima-oara-de-astronautii-de-pe-statia-spatiala-internationala\/#primaryimage"},"image":{"@id":"https:\/\/www.lovendal.ro\/wp52\/misteriosii-nori-noctilucenti-au-fost-observati-pentru-prima-oara-de-astronautii-de-pe-statia-spatiala-internationala\/#primaryimage"},"thumbnailUrl":"https:\/\/www.lovendal.ro\/wp52\/wp-content\/uploads\/2012\/07\/nori-noctiluminescenti.jpg","datePublished":"2012-07-06T05:39:00+00:00","dateModified":"2012-07-08T08:57:59+00:00","breadcrumb":{"@id":"https:\/\/www.lovendal.ro\/wp52\/misteriosii-nori-noctilucenti-au-fost-observati-pentru-prima-oara-de-astronautii-de-pe-statia-spatiala-internationala\/#breadcrumb"},"inLanguage":"ro-RO","potentialAction":[{"@type":"ReadAction","target":["https:\/\/www.lovendal.ro\/wp52\/misteriosii-nori-noctilucenti-au-fost-observati-pentru-prima-oara-de-astronautii-de-pe-statia-spatiala-internationala\/"]}]},{"@type":"ImageObject","inLanguage":"ro-RO","@id":"https:\/\/www.lovendal.ro\/wp52\/misteriosii-nori-noctilucenti-au-fost-observati-pentru-prima-oara-de-astronautii-de-pe-statia-spatiala-internationala\/#primaryimage","url":"https:\/\/www.lovendal.ro\/wp52\/wp-content\/uploads\/2012\/07\/nori-noctiluminescenti.jpg","contentUrl":"https:\/\/www.lovendal.ro\/wp52\/wp-content\/uploads\/2012\/07\/nori-noctiluminescenti.jpg","width":"309","height":"179"},{"@type":"BreadcrumbList","@id":"https:\/\/www.lovendal.ro\/wp52\/misteriosii-nori-noctilucenti-au-fost-observati-pentru-prima-oara-de-astronautii-de-pe-statia-spatiala-internationala\/#breadcrumb","itemListElement":[{"@type":"ListItem","position":1,"name":"Home","item":"https:\/\/www.lovendal.ro\/wp52\/"},{"@type":"ListItem","position":2,"name":"Misterio\u015fii nori noctilucen\u0163i au fost observa\u0163i pentru prima oar\u0103 de astronau\u0163ii de pe Sta\u0163ia Spa\u0163ial\u0103 Interna\u0163ional\u0103"}]},{"@type":"WebSite","@id":"https:\/\/www.lovendal.ro\/wp52\/#website","url":"https:\/\/www.lovendal.ro\/wp52\/","name":"Secretele lui Lovendal","description":"Site de secrete, stiinta si metafizica - din 2008 -","publisher":{"@id":"https:\/\/www.lovendal.ro\/wp52\/#organization"},"potentialAction":[{"@type":"SearchAction","target":{"@type":"EntryPoint","urlTemplate":"https:\/\/www.lovendal.ro\/wp52\/?s={search_term_string}"},"query-input":{"@type":"PropertyValueSpecification","valueRequired":true,"valueName":"search_term_string"}}],"inLanguage":"ro-RO"},{"@type":"Organization","@id":"https:\/\/www.lovendal.ro\/wp52\/#organization","name":"Secretele lui Lovendal","url":"https:\/\/www.lovendal.ro\/wp52\/","logo":{"@type":"ImageObject","inLanguage":"ro-RO","@id":"https:\/\/www.lovendal.ro\/wp52\/#\/schema\/logo\/image\/","url":"https:\/\/www.lovendal.ro\/wp52\/wp-content\/uploads\/2024\/06\/cropped-SLL-iun-2024-1.jpg","contentUrl":"https:\/\/www.lovendal.ro\/wp52\/wp-content\/uploads\/2024\/06\/cropped-SLL-iun-2024-1.jpg","width":771,"height":240,"caption":"Secretele lui Lovendal"},"image":{"@id":"https:\/\/www.lovendal.ro\/wp52\/#\/schema\/logo\/image\/"},"sameAs":["https:\/\/www.facebook.com\/secreteleluilovendal"]},{"@type":"Person","@id":"https:\/\/www.lovendal.ro\/wp52\/#\/schema\/person\/088691de5dfc346bb0c023e1e52ef5d9","name":"admin","image":{"@type":"ImageObject","inLanguage":"ro-RO","@id":"https:\/\/secure.gravatar.com\/avatar\/ecb9cd41f5f63c9c9b989999a59f6e2639a865ec361e9db054db0679a8f341c2?s=96&d=mm&r=g","url":"https:\/\/secure.gravatar.com\/avatar\/ecb9cd41f5f63c9c9b989999a59f6e2639a865ec361e9db054db0679a8f341c2?s=96&d=mm&r=g","contentUrl":"https:\/\/secure.gravatar.com\/avatar\/ecb9cd41f5f63c9c9b989999a59f6e2639a865ec361e9db054db0679a8f341c2?s=96&d=mm&r=g","caption":"admin"},"sameAs":["https:\/\/www.lovendal.ro\/wp52"]}]}},"_links":{"self":[{"href":"https:\/\/www.lovendal.ro\/wp52\/wp-json\/wp\/v2\/posts\/24109","targetHints":{"allow":["GET"]}}],"collection":[{"href":"https:\/\/www.lovendal.ro\/wp52\/wp-json\/wp\/v2\/posts"}],"about":[{"href":"https:\/\/www.lovendal.ro\/wp52\/wp-json\/wp\/v2\/types\/post"}],"author":[{"embeddable":true,"href":"https:\/\/www.lovendal.ro\/wp52\/wp-json\/wp\/v2\/users\/1"}],"replies":[{"embeddable":true,"href":"https:\/\/www.lovendal.ro\/wp52\/wp-json\/wp\/v2\/comments?post=24109"}],"version-history":[{"count":0,"href":"https:\/\/www.lovendal.ro\/wp52\/wp-json\/wp\/v2\/posts\/24109\/revisions"}],"wp:featuredmedia":[{"embeddable":true,"href":"https:\/\/www.lovendal.ro\/wp52\/wp-json\/wp\/v2\/media\/24110"}],"wp:attachment":[{"href":"https:\/\/www.lovendal.ro\/wp52\/wp-json\/wp\/v2\/media?parent=24109"}],"wp:term":[{"taxonomy":"category","embeddable":true,"href":"https:\/\/www.lovendal.ro\/wp52\/wp-json\/wp\/v2\/categories?post=24109"},{"taxonomy":"post_tag","embeddable":true,"href":"https:\/\/www.lovendal.ro\/wp52\/wp-json\/wp\/v2\/tags?post=24109"}],"curies":[{"name":"wp","href":"https:\/\/api.w.org\/{rel}","templated":true}]}}