{"id":24008,"date":"2012-06-30T09:43:57","date_gmt":"2012-06-30T06:43:57","guid":{"rendered":"http:\/\/www.lovendal.net\/wp52\/?p=24008"},"modified":"2012-06-22T08:11:03","modified_gmt":"2012-06-22T05:11:03","slug":"v-ati-inchipuit-vreodata-cum-arata-primul-aparat-foto-digital-fara-film-o-incredibila-istorie-kodak","status":"publish","type":"post","link":"https:\/\/www.lovendal.ro\/wp52\/v-ati-inchipuit-vreodata-cum-arata-primul-aparat-foto-digital-fara-film-o-incredibila-istorie-kodak\/","title":{"rendered":"V-a\u0163i \u00eenchipuit vreodat\u0103 cum ar\u0103ta primul aparat foto digital (f\u0103r\u0103 film)? O incredibil\u0103 istorie Kodak"},"content":{"rendered":"<p><a href=\"https:\/\/www.lovendal.ro\/wp52\/wp-content\/uploads\/2012\/06\/Camera-digitala-Kodak.jpg\"><img loading=\"lazy\" decoding=\"async\" class=\"alignleft size-full wp-image-24009\" title=\"Camera digitala Kodak\" src=\"https:\/\/www.lovendal.ro\/wp52\/wp-content\/uploads\/2012\/06\/Camera-digitala-Kodak.jpg\" alt=\"\" width=\"316\" height=\"211\" srcset=\"https:\/\/www.lovendal.ro\/wp52\/wp-content\/uploads\/2012\/06\/Camera-digitala-Kodak.jpg 316w, https:\/\/www.lovendal.ro\/wp52\/wp-content\/uploads\/2012\/06\/Camera-digitala-Kodak-300x200.jpg 300w\" sizes=\"auto, (max-width: 316px) 100vw, 316px\" \/><\/a>Pe site-ul <a href=\"http:\/\/pluggedin.kodak.com\/pluggedin\/post\/?id=687843\" target=\"_blank\"><strong>Kodak.com<\/strong><\/a>, am dat peste o frumoas\u0103 poveste despre inventarea fotografiei digitale, eveniment care a avut loc \u00een anul 1975, \u015fi \u00een care a fost implicat inginerul Steve Stason. Citez din acest minunat articol:<\/p>\n<p>&#8222;\u00cen decembrie 1975, dup\u0103 un an de lucru la o nou\u0103 tehnologie la care am muncit \u00eentr-un laborator din Elmgrove Plant (Rochester), eram gata s-o \u00eencerc\u0103m. &#8222;Chestia&#8221; era creat\u0103 dintr-o colec\u0163ie ciudat\u0103 de circuite digitale, despre care \u00eencercam s\u0103 ne convingem cu disperare c\u0103 ar fi o camer\u0103 portabil\u0103. Era format\u0103 dintr-o lentil\u0103 pe care am luat-o dintr-o camer\u0103 av\u00e2nd formatul Super 8 (&#8230;) pe cealalt\u0103 parte, aparatul con\u0163inea un casetofon digital portabil. Apoi, am ad\u0103ugat baterii de nichel\/cadmiu, o multitudine de zone imagistice CCD, un convertor a\/d luat dintr-un voltmetru digital, c\u00e2teva circuite digitale \u015fi analogice (&#8230;) toate alc\u0103tuind ceea ce ar\u0103ta a fi o camer\u0103 electronic\u0103 portabil\u0103.<\/p>\n<p><a href=\"https:\/\/www.lovendal.ro\/wp52\/wp-content\/uploads\/2012\/06\/Camera-digitala-Kodak-2.jpg\"><img loading=\"lazy\" decoding=\"async\" class=\"alignleft size-full wp-image-24010\" title=\"Camera digitala Kodak 2\" src=\"https:\/\/www.lovendal.ro\/wp52\/wp-content\/uploads\/2012\/06\/Camera-digitala-Kodak-2.jpg\" alt=\"\" width=\"284\" height=\"187\" srcset=\"https:\/\/www.lovendal.ro\/wp52\/wp-content\/uploads\/2012\/06\/Camera-digitala-Kodak-2.jpg 390w, https:\/\/www.lovendal.ro\/wp52\/wp-content\/uploads\/2012\/06\/Camera-digitala-Kodak-2-300x197.jpg 300w\" sizes=\"auto, (max-width: 284px) 100vw, 284px\" \/><\/a>Era o camer\u0103 pentru care nu foloseam niciun film pentru a capta imaginile, toate pozele fiind salvate pe o caset\u0103. Erau nevoie de 23 de secunde pentru ca imaginile s\u0103 fie \u00eenregistrate pe caset\u0103. Aceast\u0103 caset\u0103 putea fi derulat\u0103 \u00eenainte \u015fi \u00eenapoi, iar imaginile puteau fi vizualizate direct pe televizor (&#8230;) Acest lucru am demonstrat \u00eentr-o audien\u0163\u0103 intern\u0103 la Kodak \u00een 1976 (&#8230;) Am numit inven\u0163ia &#8222;fotografia f\u0103r\u0103 film&#8221;.<\/p>\n<p>Dup\u0103 ce am prezentat c\u00e2teva fotografii pe televizor, au \u00eenceput s\u0103 apar\u0103 \u015fi \u00eentreb\u0103rile din partea audien\u0163ei: De ce ar dori cineva s\u0103 vad\u0103 pozele la televizor? Cum s-ar putea \u00eenregistra aceste imagini? Cum ar ar\u0103ta un album electronic? C\u00e2nd ar putea fi aceast\u0103 inven\u0163ie disponibil\u0103 publicului larg? (&#8230;) Aceast\u0103 inven\u0163ie a primit un patent din partea organismelor guvernamentale americane \u00een anul 1978.<\/p>\n<p>\u015ei c\u00e2nd te g\u00e2nde\u015fti c\u0103 \u00een lumea de ast\u0103zi, aproape c\u0103 nici nu mai exist\u0103 aparate foto cu film, totul fiind \u00eenlocuit de era digital\u0103&#8230;<\/p>\n","protected":false},"excerpt":{"rendered":"<p>Pe site-ul Kodak.com, am dat peste o frumoas\u0103 poveste despre inventarea fotografiei digitale, eveniment care a avut loc \u00een anul 1975, \u015fi \u00een care a fost implicat inginerul Steve Stason. Citez din acest minunat articol: &#8222;\u00cen decembrie 1975, dup\u0103 un &#8230; <\/p>\n<p class=\"read-more-container\"><a title=\"V-a\u0163i \u00eenchipuit vreodat\u0103 cum ar\u0103ta primul aparat foto digital (f\u0103r\u0103 film)? O incredibil\u0103 istorie Kodak\" class=\"read-more button\" href=\"https:\/\/www.lovendal.ro\/wp52\/v-ati-inchipuit-vreodata-cum-arata-primul-aparat-foto-digital-fara-film-o-incredibila-istorie-kodak\/#more-24008\" aria-label=\"Cite\u0219te mai multe despre V-a\u0163i \u00eenchipuit vreodat\u0103 cum ar\u0103ta primul aparat foto digital (f\u0103r\u0103 film)? O incredibil\u0103 istorie Kodak\">Cititi mai multe<\/a><\/p>\n","protected":false},"author":1,"featured_media":24009,"comment_status":"open","ping_status":"closed","sticky":false,"template":"","format":"standard","meta":{"footnotes":""},"categories":[106],"tags":[3135,2623,5390,15,5391,321,3519,9803,1871],"class_list":["post-24008","post","type-post","status-publish","format-standard","has-post-thumbnail","hentry","category-stiinta","tag-aparat-de-fotografiat","tag-baterie","tag-caseta","tag-fotografie","tag-fotografie-digitala","tag-kodak","tag-lentila","tag-stiinta","tag-televizor","resize-featured-image"],"yoast_head":"<!-- This site is optimized with the Yoast SEO Premium plugin v23.3 (Yoast SEO v27.4) - https:\/\/yoast.com\/product\/yoast-seo-premium-wordpress\/ -->\n<title>V-a\u0163i \u00eenchipuit vreodat\u0103 cum ar\u0103ta primul aparat foto digital (f\u0103r\u0103 film)? O incredibil\u0103 istorie Kodak - Secretele lui Lovendal<\/title>\n<meta name=\"robots\" content=\"index, follow, max-snippet:-1, max-image-preview:large, max-video-preview:-1\" \/>\n<link rel=\"canonical\" href=\"https:\/\/www.lovendal.ro\/wp52\/v-ati-inchipuit-vreodata-cum-arata-primul-aparat-foto-digital-fara-film-o-incredibila-istorie-kodak\/\" \/>\n<meta property=\"og:locale\" content=\"ro_RO\" \/>\n<meta property=\"og:type\" content=\"article\" \/>\n<meta property=\"og:title\" content=\"V-a\u0163i \u00eenchipuit vreodat\u0103 cum ar\u0103ta primul aparat foto digital (f\u0103r\u0103 film)? O incredibil\u0103 istorie Kodak\" \/>\n<meta property=\"og:description\" content=\"Pe site-ul Kodak.com, am dat peste o frumoas\u0103 poveste despre inventarea fotografiei digitale, eveniment care a avut loc \u00een anul 1975, \u015fi \u00een care a fost implicat inginerul Steve Stason. Citez din acest minunat articol: &#8222;\u00cen decembrie 1975, dup\u0103 un ... Cititi mai multe\" \/>\n<meta property=\"og:url\" content=\"https:\/\/www.lovendal.ro\/wp52\/v-ati-inchipuit-vreodata-cum-arata-primul-aparat-foto-digital-fara-film-o-incredibila-istorie-kodak\/\" \/>\n<meta property=\"og:site_name\" content=\"Secretele lui Lovendal\" \/>\n<meta property=\"article:publisher\" content=\"https:\/\/www.facebook.com\/secreteleluilovendal\" \/>\n<meta property=\"article:published_time\" content=\"2012-06-30T06:43:57+00:00\" \/>\n<meta property=\"og:image\" content=\"https:\/\/www.lovendal.ro\/wp52\/wp-content\/uploads\/2012\/06\/Camera-digitala-Kodak.jpg\" \/>\n\t<meta property=\"og:image:width\" content=\"316\" \/>\n\t<meta property=\"og:image:height\" content=\"211\" \/>\n\t<meta property=\"og:image:type\" content=\"image\/jpeg\" \/>\n<meta name=\"author\" content=\"admin\" \/>\n<meta name=\"twitter:card\" content=\"summary_large_image\" \/>\n<meta name=\"twitter:label1\" content=\"Scris de\" \/>\n\t<meta name=\"twitter:data1\" content=\"admin\" \/>\n\t<meta name=\"twitter:label2\" content=\"Timp estimat pentru citire\" \/>\n\t<meta name=\"twitter:data2\" content=\"2 minute\" \/>\n<script type=\"application\/ld+json\" class=\"yoast-schema-graph\">{\"@context\":\"https:\\\/\\\/schema.org\",\"@graph\":[{\"@type\":\"Article\",\"@id\":\"https:\\\/\\\/www.lovendal.ro\\\/wp52\\\/v-ati-inchipuit-vreodata-cum-arata-primul-aparat-foto-digital-fara-film-o-incredibila-istorie-kodak\\\/#article\",\"isPartOf\":{\"@id\":\"https:\\\/\\\/www.lovendal.ro\\\/wp52\\\/v-ati-inchipuit-vreodata-cum-arata-primul-aparat-foto-digital-fara-film-o-incredibila-istorie-kodak\\\/\"},\"author\":{\"name\":\"admin\",\"@id\":\"https:\\\/\\\/www.lovendal.ro\\\/wp52\\\/#\\\/schema\\\/person\\\/088691de5dfc346bb0c023e1e52ef5d9\"},\"headline\":\"V-a\u0163i \u00eenchipuit vreodat\u0103 cum ar\u0103ta primul aparat foto digital (f\u0103r\u0103 film)? O incredibil\u0103 istorie Kodak\",\"datePublished\":\"2012-06-30T06:43:57+00:00\",\"mainEntityOfPage\":{\"@id\":\"https:\\\/\\\/www.lovendal.ro\\\/wp52\\\/v-ati-inchipuit-vreodata-cum-arata-primul-aparat-foto-digital-fara-film-o-incredibila-istorie-kodak\\\/\"},\"wordCount\":332,\"commentCount\":2,\"publisher\":{\"@id\":\"https:\\\/\\\/www.lovendal.ro\\\/wp52\\\/#organization\"},\"image\":{\"@id\":\"https:\\\/\\\/www.lovendal.ro\\\/wp52\\\/v-ati-inchipuit-vreodata-cum-arata-primul-aparat-foto-digital-fara-film-o-incredibila-istorie-kodak\\\/#primaryimage\"},\"thumbnailUrl\":\"https:\\\/\\\/www.lovendal.ro\\\/wp52\\\/wp-content\\\/uploads\\\/2012\\\/06\\\/Camera-digitala-Kodak.jpg\",\"keywords\":[\"aparat de fotografiat\",\"baterie\",\"caset\u0103\",\"fotografie\",\"fotografie digital\u0103\",\"Kodak\",\"lentil\u0103\",\"Stiinta\",\"televizor\"],\"articleSection\":[\"Stiinta\"],\"inLanguage\":\"ro-RO\",\"potentialAction\":[{\"@type\":\"CommentAction\",\"name\":\"Comment\",\"target\":[\"https:\\\/\\\/www.lovendal.ro\\\/wp52\\\/v-ati-inchipuit-vreodata-cum-arata-primul-aparat-foto-digital-fara-film-o-incredibila-istorie-kodak\\\/#respond\"]}]},{\"@type\":\"WebPage\",\"@id\":\"https:\\\/\\\/www.lovendal.ro\\\/wp52\\\/v-ati-inchipuit-vreodata-cum-arata-primul-aparat-foto-digital-fara-film-o-incredibila-istorie-kodak\\\/\",\"url\":\"https:\\\/\\\/www.lovendal.ro\\\/wp52\\\/v-ati-inchipuit-vreodata-cum-arata-primul-aparat-foto-digital-fara-film-o-incredibila-istorie-kodak\\\/\",\"name\":\"V-a\u0163i \u00eenchipuit vreodat\u0103 cum ar\u0103ta primul aparat foto digital (f\u0103r\u0103 film)? O incredibil\u0103 istorie Kodak - Secretele lui Lovendal\",\"isPartOf\":{\"@id\":\"https:\\\/\\\/www.lovendal.ro\\\/wp52\\\/#website\"},\"primaryImageOfPage\":{\"@id\":\"https:\\\/\\\/www.lovendal.ro\\\/wp52\\\/v-ati-inchipuit-vreodata-cum-arata-primul-aparat-foto-digital-fara-film-o-incredibila-istorie-kodak\\\/#primaryimage\"},\"image\":{\"@id\":\"https:\\\/\\\/www.lovendal.ro\\\/wp52\\\/v-ati-inchipuit-vreodata-cum-arata-primul-aparat-foto-digital-fara-film-o-incredibila-istorie-kodak\\\/#primaryimage\"},\"thumbnailUrl\":\"https:\\\/\\\/www.lovendal.ro\\\/wp52\\\/wp-content\\\/uploads\\\/2012\\\/06\\\/Camera-digitala-Kodak.jpg\",\"datePublished\":\"2012-06-30T06:43:57+00:00\",\"breadcrumb\":{\"@id\":\"https:\\\/\\\/www.lovendal.ro\\\/wp52\\\/v-ati-inchipuit-vreodata-cum-arata-primul-aparat-foto-digital-fara-film-o-incredibila-istorie-kodak\\\/#breadcrumb\"},\"inLanguage\":\"ro-RO\",\"potentialAction\":[{\"@type\":\"ReadAction\",\"target\":[\"https:\\\/\\\/www.lovendal.ro\\\/wp52\\\/v-ati-inchipuit-vreodata-cum-arata-primul-aparat-foto-digital-fara-film-o-incredibila-istorie-kodak\\\/\"]}]},{\"@type\":\"ImageObject\",\"inLanguage\":\"ro-RO\",\"@id\":\"https:\\\/\\\/www.lovendal.ro\\\/wp52\\\/v-ati-inchipuit-vreodata-cum-arata-primul-aparat-foto-digital-fara-film-o-incredibila-istorie-kodak\\\/#primaryimage\",\"url\":\"https:\\\/\\\/www.lovendal.ro\\\/wp52\\\/wp-content\\\/uploads\\\/2012\\\/06\\\/Camera-digitala-Kodak.jpg\",\"contentUrl\":\"https:\\\/\\\/www.lovendal.ro\\\/wp52\\\/wp-content\\\/uploads\\\/2012\\\/06\\\/Camera-digitala-Kodak.jpg\",\"width\":\"316\",\"height\":\"211\"},{\"@type\":\"BreadcrumbList\",\"@id\":\"https:\\\/\\\/www.lovendal.ro\\\/wp52\\\/v-ati-inchipuit-vreodata-cum-arata-primul-aparat-foto-digital-fara-film-o-incredibila-istorie-kodak\\\/#breadcrumb\",\"itemListElement\":[{\"@type\":\"ListItem\",\"position\":1,\"name\":\"Home\",\"item\":\"https:\\\/\\\/www.lovendal.ro\\\/wp52\\\/\"},{\"@type\":\"ListItem\",\"position\":2,\"name\":\"V-a\u0163i \u00eenchipuit vreodat\u0103 cum ar\u0103ta primul aparat foto digital (f\u0103r\u0103 film)? O incredibil\u0103 istorie Kodak\"}]},{\"@type\":\"WebSite\",\"@id\":\"https:\\\/\\\/www.lovendal.ro\\\/wp52\\\/#website\",\"url\":\"https:\\\/\\\/www.lovendal.ro\\\/wp52\\\/\",\"name\":\"Secretele lui Lovendal\",\"description\":\"Site de secrete, stiinta si metafizica - din 2008 -\",\"publisher\":{\"@id\":\"https:\\\/\\\/www.lovendal.ro\\\/wp52\\\/#organization\"},\"potentialAction\":[{\"@type\":\"SearchAction\",\"target\":{\"@type\":\"EntryPoint\",\"urlTemplate\":\"https:\\\/\\\/www.lovendal.ro\\\/wp52\\\/?s={search_term_string}\"},\"query-input\":{\"@type\":\"PropertyValueSpecification\",\"valueRequired\":true,\"valueName\":\"search_term_string\"}}],\"inLanguage\":\"ro-RO\"},{\"@type\":\"Organization\",\"@id\":\"https:\\\/\\\/www.lovendal.ro\\\/wp52\\\/#organization\",\"name\":\"Secretele lui Lovendal\",\"url\":\"https:\\\/\\\/www.lovendal.ro\\\/wp52\\\/\",\"logo\":{\"@type\":\"ImageObject\",\"inLanguage\":\"ro-RO\",\"@id\":\"https:\\\/\\\/www.lovendal.ro\\\/wp52\\\/#\\\/schema\\\/logo\\\/image\\\/\",\"url\":\"https:\\\/\\\/www.lovendal.ro\\\/wp52\\\/wp-content\\\/uploads\\\/2024\\\/06\\\/cropped-SLL-iun-2024-1.jpg\",\"contentUrl\":\"https:\\\/\\\/www.lovendal.ro\\\/wp52\\\/wp-content\\\/uploads\\\/2024\\\/06\\\/cropped-SLL-iun-2024-1.jpg\",\"width\":771,\"height\":240,\"caption\":\"Secretele lui Lovendal\"},\"image\":{\"@id\":\"https:\\\/\\\/www.lovendal.ro\\\/wp52\\\/#\\\/schema\\\/logo\\\/image\\\/\"},\"sameAs\":[\"https:\\\/\\\/www.facebook.com\\\/secreteleluilovendal\"]},{\"@type\":\"Person\",\"@id\":\"https:\\\/\\\/www.lovendal.ro\\\/wp52\\\/#\\\/schema\\\/person\\\/088691de5dfc346bb0c023e1e52ef5d9\",\"name\":\"admin\",\"image\":{\"@type\":\"ImageObject\",\"inLanguage\":\"ro-RO\",\"@id\":\"https:\\\/\\\/secure.gravatar.com\\\/avatar\\\/ecb9cd41f5f63c9c9b989999a59f6e2639a865ec361e9db054db0679a8f341c2?s=96&d=mm&r=g\",\"url\":\"https:\\\/\\\/secure.gravatar.com\\\/avatar\\\/ecb9cd41f5f63c9c9b989999a59f6e2639a865ec361e9db054db0679a8f341c2?s=96&d=mm&r=g\",\"contentUrl\":\"https:\\\/\\\/secure.gravatar.com\\\/avatar\\\/ecb9cd41f5f63c9c9b989999a59f6e2639a865ec361e9db054db0679a8f341c2?s=96&d=mm&r=g\",\"caption\":\"admin\"},\"sameAs\":[\"https:\\\/\\\/www.lovendal.ro\\\/wp52\"]}]}<\/script>\n<!-- \/ Yoast SEO Premium plugin. -->","yoast_head_json":{"title":"V-a\u0163i \u00eenchipuit vreodat\u0103 cum ar\u0103ta primul aparat foto digital (f\u0103r\u0103 film)? O incredibil\u0103 istorie Kodak - Secretele lui Lovendal","robots":{"index":"index","follow":"follow","max-snippet":"max-snippet:-1","max-image-preview":"max-image-preview:large","max-video-preview":"max-video-preview:-1"},"canonical":"https:\/\/www.lovendal.ro\/wp52\/v-ati-inchipuit-vreodata-cum-arata-primul-aparat-foto-digital-fara-film-o-incredibila-istorie-kodak\/","og_locale":"ro_RO","og_type":"article","og_title":"V-a\u0163i \u00eenchipuit vreodat\u0103 cum ar\u0103ta primul aparat foto digital (f\u0103r\u0103 film)? O incredibil\u0103 istorie Kodak","og_description":"Pe site-ul Kodak.com, am dat peste o frumoas\u0103 poveste despre inventarea fotografiei digitale, eveniment care a avut loc \u00een anul 1975, \u015fi \u00een care a fost implicat inginerul Steve Stason. Citez din acest minunat articol: &#8222;\u00cen decembrie 1975, dup\u0103 un ... Cititi mai multe","og_url":"https:\/\/www.lovendal.ro\/wp52\/v-ati-inchipuit-vreodata-cum-arata-primul-aparat-foto-digital-fara-film-o-incredibila-istorie-kodak\/","og_site_name":"Secretele lui Lovendal","article_publisher":"https:\/\/www.facebook.com\/secreteleluilovendal","article_published_time":"2012-06-30T06:43:57+00:00","og_image":[{"width":316,"height":211,"url":"https:\/\/www.lovendal.ro\/wp52\/wp-content\/uploads\/2012\/06\/Camera-digitala-Kodak.jpg","type":"image\/jpeg"}],"author":"admin","twitter_card":"summary_large_image","twitter_misc":{"Scris de":"admin","Timp estimat pentru citire":"2 minute"},"schema":{"@context":"https:\/\/schema.org","@graph":[{"@type":"Article","@id":"https:\/\/www.lovendal.ro\/wp52\/v-ati-inchipuit-vreodata-cum-arata-primul-aparat-foto-digital-fara-film-o-incredibila-istorie-kodak\/#article","isPartOf":{"@id":"https:\/\/www.lovendal.ro\/wp52\/v-ati-inchipuit-vreodata-cum-arata-primul-aparat-foto-digital-fara-film-o-incredibila-istorie-kodak\/"},"author":{"name":"admin","@id":"https:\/\/www.lovendal.ro\/wp52\/#\/schema\/person\/088691de5dfc346bb0c023e1e52ef5d9"},"headline":"V-a\u0163i \u00eenchipuit vreodat\u0103 cum ar\u0103ta primul aparat foto digital (f\u0103r\u0103 film)? O incredibil\u0103 istorie Kodak","datePublished":"2012-06-30T06:43:57+00:00","mainEntityOfPage":{"@id":"https:\/\/www.lovendal.ro\/wp52\/v-ati-inchipuit-vreodata-cum-arata-primul-aparat-foto-digital-fara-film-o-incredibila-istorie-kodak\/"},"wordCount":332,"commentCount":2,"publisher":{"@id":"https:\/\/www.lovendal.ro\/wp52\/#organization"},"image":{"@id":"https:\/\/www.lovendal.ro\/wp52\/v-ati-inchipuit-vreodata-cum-arata-primul-aparat-foto-digital-fara-film-o-incredibila-istorie-kodak\/#primaryimage"},"thumbnailUrl":"https:\/\/www.lovendal.ro\/wp52\/wp-content\/uploads\/2012\/06\/Camera-digitala-Kodak.jpg","keywords":["aparat de fotografiat","baterie","caset\u0103","fotografie","fotografie digital\u0103","Kodak","lentil\u0103","Stiinta","televizor"],"articleSection":["Stiinta"],"inLanguage":"ro-RO","potentialAction":[{"@type":"CommentAction","name":"Comment","target":["https:\/\/www.lovendal.ro\/wp52\/v-ati-inchipuit-vreodata-cum-arata-primul-aparat-foto-digital-fara-film-o-incredibila-istorie-kodak\/#respond"]}]},{"@type":"WebPage","@id":"https:\/\/www.lovendal.ro\/wp52\/v-ati-inchipuit-vreodata-cum-arata-primul-aparat-foto-digital-fara-film-o-incredibila-istorie-kodak\/","url":"https:\/\/www.lovendal.ro\/wp52\/v-ati-inchipuit-vreodata-cum-arata-primul-aparat-foto-digital-fara-film-o-incredibila-istorie-kodak\/","name":"V-a\u0163i \u00eenchipuit vreodat\u0103 cum ar\u0103ta primul aparat foto digital (f\u0103r\u0103 film)? O incredibil\u0103 istorie Kodak - Secretele lui Lovendal","isPartOf":{"@id":"https:\/\/www.lovendal.ro\/wp52\/#website"},"primaryImageOfPage":{"@id":"https:\/\/www.lovendal.ro\/wp52\/v-ati-inchipuit-vreodata-cum-arata-primul-aparat-foto-digital-fara-film-o-incredibila-istorie-kodak\/#primaryimage"},"image":{"@id":"https:\/\/www.lovendal.ro\/wp52\/v-ati-inchipuit-vreodata-cum-arata-primul-aparat-foto-digital-fara-film-o-incredibila-istorie-kodak\/#primaryimage"},"thumbnailUrl":"https:\/\/www.lovendal.ro\/wp52\/wp-content\/uploads\/2012\/06\/Camera-digitala-Kodak.jpg","datePublished":"2012-06-30T06:43:57+00:00","breadcrumb":{"@id":"https:\/\/www.lovendal.ro\/wp52\/v-ati-inchipuit-vreodata-cum-arata-primul-aparat-foto-digital-fara-film-o-incredibila-istorie-kodak\/#breadcrumb"},"inLanguage":"ro-RO","potentialAction":[{"@type":"ReadAction","target":["https:\/\/www.lovendal.ro\/wp52\/v-ati-inchipuit-vreodata-cum-arata-primul-aparat-foto-digital-fara-film-o-incredibila-istorie-kodak\/"]}]},{"@type":"ImageObject","inLanguage":"ro-RO","@id":"https:\/\/www.lovendal.ro\/wp52\/v-ati-inchipuit-vreodata-cum-arata-primul-aparat-foto-digital-fara-film-o-incredibila-istorie-kodak\/#primaryimage","url":"https:\/\/www.lovendal.ro\/wp52\/wp-content\/uploads\/2012\/06\/Camera-digitala-Kodak.jpg","contentUrl":"https:\/\/www.lovendal.ro\/wp52\/wp-content\/uploads\/2012\/06\/Camera-digitala-Kodak.jpg","width":"316","height":"211"},{"@type":"BreadcrumbList","@id":"https:\/\/www.lovendal.ro\/wp52\/v-ati-inchipuit-vreodata-cum-arata-primul-aparat-foto-digital-fara-film-o-incredibila-istorie-kodak\/#breadcrumb","itemListElement":[{"@type":"ListItem","position":1,"name":"Home","item":"https:\/\/www.lovendal.ro\/wp52\/"},{"@type":"ListItem","position":2,"name":"V-a\u0163i \u00eenchipuit vreodat\u0103 cum ar\u0103ta primul aparat foto digital (f\u0103r\u0103 film)? O incredibil\u0103 istorie Kodak"}]},{"@type":"WebSite","@id":"https:\/\/www.lovendal.ro\/wp52\/#website","url":"https:\/\/www.lovendal.ro\/wp52\/","name":"Secretele lui Lovendal","description":"Site de secrete, stiinta si metafizica - din 2008 -","publisher":{"@id":"https:\/\/www.lovendal.ro\/wp52\/#organization"},"potentialAction":[{"@type":"SearchAction","target":{"@type":"EntryPoint","urlTemplate":"https:\/\/www.lovendal.ro\/wp52\/?s={search_term_string}"},"query-input":{"@type":"PropertyValueSpecification","valueRequired":true,"valueName":"search_term_string"}}],"inLanguage":"ro-RO"},{"@type":"Organization","@id":"https:\/\/www.lovendal.ro\/wp52\/#organization","name":"Secretele lui Lovendal","url":"https:\/\/www.lovendal.ro\/wp52\/","logo":{"@type":"ImageObject","inLanguage":"ro-RO","@id":"https:\/\/www.lovendal.ro\/wp52\/#\/schema\/logo\/image\/","url":"https:\/\/www.lovendal.ro\/wp52\/wp-content\/uploads\/2024\/06\/cropped-SLL-iun-2024-1.jpg","contentUrl":"https:\/\/www.lovendal.ro\/wp52\/wp-content\/uploads\/2024\/06\/cropped-SLL-iun-2024-1.jpg","width":771,"height":240,"caption":"Secretele lui Lovendal"},"image":{"@id":"https:\/\/www.lovendal.ro\/wp52\/#\/schema\/logo\/image\/"},"sameAs":["https:\/\/www.facebook.com\/secreteleluilovendal"]},{"@type":"Person","@id":"https:\/\/www.lovendal.ro\/wp52\/#\/schema\/person\/088691de5dfc346bb0c023e1e52ef5d9","name":"admin","image":{"@type":"ImageObject","inLanguage":"ro-RO","@id":"https:\/\/secure.gravatar.com\/avatar\/ecb9cd41f5f63c9c9b989999a59f6e2639a865ec361e9db054db0679a8f341c2?s=96&d=mm&r=g","url":"https:\/\/secure.gravatar.com\/avatar\/ecb9cd41f5f63c9c9b989999a59f6e2639a865ec361e9db054db0679a8f341c2?s=96&d=mm&r=g","contentUrl":"https:\/\/secure.gravatar.com\/avatar\/ecb9cd41f5f63c9c9b989999a59f6e2639a865ec361e9db054db0679a8f341c2?s=96&d=mm&r=g","caption":"admin"},"sameAs":["https:\/\/www.lovendal.ro\/wp52"]}]}},"_links":{"self":[{"href":"https:\/\/www.lovendal.ro\/wp52\/wp-json\/wp\/v2\/posts\/24008","targetHints":{"allow":["GET"]}}],"collection":[{"href":"https:\/\/www.lovendal.ro\/wp52\/wp-json\/wp\/v2\/posts"}],"about":[{"href":"https:\/\/www.lovendal.ro\/wp52\/wp-json\/wp\/v2\/types\/post"}],"author":[{"embeddable":true,"href":"https:\/\/www.lovendal.ro\/wp52\/wp-json\/wp\/v2\/users\/1"}],"replies":[{"embeddable":true,"href":"https:\/\/www.lovendal.ro\/wp52\/wp-json\/wp\/v2\/comments?post=24008"}],"version-history":[{"count":0,"href":"https:\/\/www.lovendal.ro\/wp52\/wp-json\/wp\/v2\/posts\/24008\/revisions"}],"wp:featuredmedia":[{"embeddable":true,"href":"https:\/\/www.lovendal.ro\/wp52\/wp-json\/wp\/v2\/media\/24009"}],"wp:attachment":[{"href":"https:\/\/www.lovendal.ro\/wp52\/wp-json\/wp\/v2\/media?parent=24008"}],"wp:term":[{"taxonomy":"category","embeddable":true,"href":"https:\/\/www.lovendal.ro\/wp52\/wp-json\/wp\/v2\/categories?post=24008"},{"taxonomy":"post_tag","embeddable":true,"href":"https:\/\/www.lovendal.ro\/wp52\/wp-json\/wp\/v2\/tags?post=24008"}],"curies":[{"name":"wp","href":"https:\/\/api.w.org\/{rel}","templated":true}]}}