{"id":23978,"date":"2012-06-21T00:04:21","date_gmt":"2012-06-20T21:04:21","guid":{"rendered":"http:\/\/www.lovendal.net\/wp52\/?p=23978"},"modified":"2012-06-20T23:32:57","modified_gmt":"2012-06-20T20:32:57","slug":"lebada-pe-lacul-de-aur-n-am-vazut-vreodata-o-poza-mai-frumoasa-ca-asta","status":"publish","type":"post","link":"https:\/\/www.lovendal.ro\/wp52\/lebada-pe-lacul-de-aur-n-am-vazut-vreodata-o-poza-mai-frumoasa-ca-asta\/","title":{"rendered":"Leb\u0103da pe lacul de aur! N-am v\u0103zut vreodat\u0103 o poz\u0103 mai frumoas\u0103 ca asta&#8230;"},"content":{"rendered":"<figure id=\"attachment_23979\" aria-describedby=\"caption-attachment-23979\" style=\"width: 291px\" class=\"wp-caption alignleft\"><a class=\"highslide\" onclick=\"return vz.expand(this)\" href=\"https:\/\/www.lovendal.ro\/wp52\/wp-content\/uploads\/2012\/06\/lebada-pe-lacul-de-aur.jpg\"><img loading=\"lazy\" decoding=\"async\" class=\"size-full wp-image-23979\" title=\"lebada pe lacul de aur\" src=\"https:\/\/www.lovendal.ro\/wp52\/wp-content\/uploads\/2012\/06\/lebada-pe-lacul-de-aur.jpg\" alt=\"\" width=\"301\" height=\"217\" srcset=\"https:\/\/www.lovendal.ro\/wp52\/wp-content\/uploads\/2012\/06\/lebada-pe-lacul-de-aur.jpg 627w, https:\/\/www.lovendal.ro\/wp52\/wp-content\/uploads\/2012\/06\/lebada-pe-lacul-de-aur-300x217.jpg 300w\" sizes=\"auto, (max-width: 301px) 100vw, 301px\" \/><\/a><figcaption id=\"caption-attachment-23979\" class=\"wp-caption-text\">Click pe IMAGINE pentru marire<\/figcaption><\/figure>\n<p>Mie \u00eemi place mult s\u0103 fac poze&#8230;am \u00een propria colec\u0163ie mii de fotografii realizate \u00een diverse locuri \u015fi diverse timpuri din via\u0163\u0103. \u015ei nu&#8230;nu iubesc s\u0103 fotografiez chipuri de oameni (c\u0103ci oamenii mi se par artificiali), ci peisaje, cl\u0103diri sau fiin\u0163e necuv\u00e2nt\u0103toare. Am v\u0103zut \u015fi multe fotografii, dar imaginea din st\u00e2nga articolului pur \u015fi simplu m-a fermecat!<\/p>\n<p>Este leb\u0103da aflat\u0103 pe lacul de aur&#8230; Pas\u0103rea pare c\u0103 plute\u015fte nestingherit\u0103 pe un lac ce-\u0163i d\u0103 impresia c\u0103 str\u0103luce\u015fte a aur. Desigur, e doar o iluzie, fotografia fiind realizat\u0103 cel mai probabil la apusul Soarelui. \u00ce\u0163i las\u0103 r\u0103suflarea&#8230;<\/p>\n<p>\u015ei acum c\u00e2teva informa\u0163ii despre fotograful amator: dup\u0103 contul de pe <a href=\"http:\/\/www.flickr.com\/people\/bail56\/\" target=\"_blank\"><strong>Flickr<\/strong><\/a>, acesta se nume\u015fte Chris, e de origine britanic\u0103\/australian\u0103, dar \u00een prezent locuie\u015fte \u00een SUA, \u00een Dakota de Sud. Aceast\u0103 poz\u0103 magnific\u0103 a fost realizat\u0103 pe 19 noiembrie 2006 cu ajutorul lui Canon EOS 20D, un aparat foto superb, cu ajutorul c\u0103ruia imaginile ies cu adev\u0103rat impresionante.<\/p>\n<p>Savura\u0163i!<\/p>\n","protected":false},"excerpt":{"rendered":"<p>Mie \u00eemi place mult s\u0103 fac poze&#8230;am \u00een propria colec\u0163ie mii de fotografii realizate \u00een diverse locuri \u015fi diverse timpuri din via\u0163\u0103. \u015ei nu&#8230;nu iubesc s\u0103 fotografiez chipuri de oameni (c\u0103ci oamenii mi se par artificiali), ci peisaje, cl\u0103diri sau &#8230; <\/p>\n<p class=\"read-more-container\"><a title=\"Leb\u0103da pe lacul de aur! N-am v\u0103zut vreodat\u0103 o poz\u0103 mai frumoas\u0103 ca asta&#8230;\" class=\"read-more button\" href=\"https:\/\/www.lovendal.ro\/wp52\/lebada-pe-lacul-de-aur-n-am-vazut-vreodata-o-poza-mai-frumoasa-ca-asta\/#more-23978\" aria-label=\"Cite\u0219te mai multe despre Leb\u0103da pe lacul de aur! N-am v\u0103zut vreodat\u0103 o poz\u0103 mai frumoas\u0103 ca asta&#8230;\">Cititi mai multe<\/a><\/p>\n","protected":false},"author":1,"featured_media":23979,"comment_status":"open","ping_status":"closed","sticky":false,"template":"","format":"standard","meta":{"footnotes":""},"categories":[2761],"tags":[3135,685,5383,975,5382,9812,23],"class_list":["post-23978","post","type-post","status-publish","format-standard","has-post-thumbnail","hentry","category-poze-controversate","tag-aparat-de-fotografiat","tag-aur","tag-canon","tag-lac","tag-lebada","tag-poze-controversate","tag-sua","resize-featured-image"],"yoast_head":"<!-- This site is optimized with the Yoast SEO Premium plugin v23.3 (Yoast SEO v27.4) - https:\/\/yoast.com\/product\/yoast-seo-premium-wordpress\/ -->\n<title>Leb\u0103da pe lacul de aur! N-am v\u0103zut vreodat\u0103 o poz\u0103 mai frumoas\u0103 ca asta... - Secretele lui Lovendal<\/title>\n<meta name=\"robots\" content=\"index, follow, max-snippet:-1, max-image-preview:large, max-video-preview:-1\" \/>\n<link rel=\"canonical\" href=\"https:\/\/www.lovendal.ro\/wp52\/lebada-pe-lacul-de-aur-n-am-vazut-vreodata-o-poza-mai-frumoasa-ca-asta\/\" \/>\n<meta property=\"og:locale\" content=\"ro_RO\" \/>\n<meta property=\"og:type\" content=\"article\" \/>\n<meta property=\"og:title\" content=\"Leb\u0103da pe lacul de aur! N-am v\u0103zut vreodat\u0103 o poz\u0103 mai frumoas\u0103 ca asta...\" \/>\n<meta property=\"og:description\" content=\"Mie \u00eemi place mult s\u0103 fac poze&#8230;am \u00een propria colec\u0163ie mii de fotografii realizate \u00een diverse locuri \u015fi diverse timpuri din via\u0163\u0103. \u015ei nu&#8230;nu iubesc s\u0103 fotografiez chipuri de oameni (c\u0103ci oamenii mi se par artificiali), ci peisaje, cl\u0103diri sau ... Cititi mai multe\" \/>\n<meta property=\"og:url\" content=\"https:\/\/www.lovendal.ro\/wp52\/lebada-pe-lacul-de-aur-n-am-vazut-vreodata-o-poza-mai-frumoasa-ca-asta\/\" \/>\n<meta property=\"og:site_name\" content=\"Secretele lui Lovendal\" \/>\n<meta property=\"article:publisher\" content=\"https:\/\/www.facebook.com\/secreteleluilovendal\" \/>\n<meta property=\"article:published_time\" content=\"2012-06-20T21:04:21+00:00\" \/>\n<meta property=\"og:image\" content=\"https:\/\/www.lovendal.ro\/wp52\/wp-content\/uploads\/2012\/06\/lebada-pe-lacul-de-aur.jpg\" \/>\n\t<meta property=\"og:image:width\" content=\"627\" \/>\n\t<meta property=\"og:image:height\" content=\"455\" \/>\n\t<meta property=\"og:image:type\" content=\"image\/jpeg\" \/>\n<meta name=\"author\" content=\"admin\" \/>\n<meta name=\"twitter:card\" content=\"summary_large_image\" \/>\n<meta name=\"twitter:label1\" content=\"Scris de\" \/>\n\t<meta name=\"twitter:data1\" content=\"admin\" \/>\n\t<meta name=\"twitter:label2\" content=\"Timp estimat pentru citire\" \/>\n\t<meta name=\"twitter:data2\" content=\"1 minut\" \/>\n<script type=\"application\/ld+json\" class=\"yoast-schema-graph\">{\"@context\":\"https:\\\/\\\/schema.org\",\"@graph\":[{\"@type\":\"Article\",\"@id\":\"https:\\\/\\\/www.lovendal.ro\\\/wp52\\\/lebada-pe-lacul-de-aur-n-am-vazut-vreodata-o-poza-mai-frumoasa-ca-asta\\\/#article\",\"isPartOf\":{\"@id\":\"https:\\\/\\\/www.lovendal.ro\\\/wp52\\\/lebada-pe-lacul-de-aur-n-am-vazut-vreodata-o-poza-mai-frumoasa-ca-asta\\\/\"},\"author\":{\"name\":\"admin\",\"@id\":\"https:\\\/\\\/www.lovendal.ro\\\/wp52\\\/#\\\/schema\\\/person\\\/088691de5dfc346bb0c023e1e52ef5d9\"},\"headline\":\"Leb\u0103da pe lacul de aur! N-am v\u0103zut vreodat\u0103 o poz\u0103 mai frumoas\u0103 ca asta&#8230;\",\"datePublished\":\"2012-06-20T21:04:21+00:00\",\"mainEntityOfPage\":{\"@id\":\"https:\\\/\\\/www.lovendal.ro\\\/wp52\\\/lebada-pe-lacul-de-aur-n-am-vazut-vreodata-o-poza-mai-frumoasa-ca-asta\\\/\"},\"wordCount\":207,\"commentCount\":9,\"publisher\":{\"@id\":\"https:\\\/\\\/www.lovendal.ro\\\/wp52\\\/#organization\"},\"image\":{\"@id\":\"https:\\\/\\\/www.lovendal.ro\\\/wp52\\\/lebada-pe-lacul-de-aur-n-am-vazut-vreodata-o-poza-mai-frumoasa-ca-asta\\\/#primaryimage\"},\"thumbnailUrl\":\"https:\\\/\\\/www.lovendal.ro\\\/wp52\\\/wp-content\\\/uploads\\\/2012\\\/06\\\/lebada-pe-lacul-de-aur.jpg\",\"keywords\":[\"aparat de fotografiat\",\"aur\",\"Canon\",\"lac\",\"leb\u0103d\u0103\",\"Poze controversate\",\"SUA\"],\"articleSection\":[\"Poze controversate\"],\"inLanguage\":\"ro-RO\",\"potentialAction\":[{\"@type\":\"CommentAction\",\"name\":\"Comment\",\"target\":[\"https:\\\/\\\/www.lovendal.ro\\\/wp52\\\/lebada-pe-lacul-de-aur-n-am-vazut-vreodata-o-poza-mai-frumoasa-ca-asta\\\/#respond\"]}]},{\"@type\":\"WebPage\",\"@id\":\"https:\\\/\\\/www.lovendal.ro\\\/wp52\\\/lebada-pe-lacul-de-aur-n-am-vazut-vreodata-o-poza-mai-frumoasa-ca-asta\\\/\",\"url\":\"https:\\\/\\\/www.lovendal.ro\\\/wp52\\\/lebada-pe-lacul-de-aur-n-am-vazut-vreodata-o-poza-mai-frumoasa-ca-asta\\\/\",\"name\":\"Leb\u0103da pe lacul de aur! N-am v\u0103zut vreodat\u0103 o poz\u0103 mai frumoas\u0103 ca asta... - Secretele lui Lovendal\",\"isPartOf\":{\"@id\":\"https:\\\/\\\/www.lovendal.ro\\\/wp52\\\/#website\"},\"primaryImageOfPage\":{\"@id\":\"https:\\\/\\\/www.lovendal.ro\\\/wp52\\\/lebada-pe-lacul-de-aur-n-am-vazut-vreodata-o-poza-mai-frumoasa-ca-asta\\\/#primaryimage\"},\"image\":{\"@id\":\"https:\\\/\\\/www.lovendal.ro\\\/wp52\\\/lebada-pe-lacul-de-aur-n-am-vazut-vreodata-o-poza-mai-frumoasa-ca-asta\\\/#primaryimage\"},\"thumbnailUrl\":\"https:\\\/\\\/www.lovendal.ro\\\/wp52\\\/wp-content\\\/uploads\\\/2012\\\/06\\\/lebada-pe-lacul-de-aur.jpg\",\"datePublished\":\"2012-06-20T21:04:21+00:00\",\"breadcrumb\":{\"@id\":\"https:\\\/\\\/www.lovendal.ro\\\/wp52\\\/lebada-pe-lacul-de-aur-n-am-vazut-vreodata-o-poza-mai-frumoasa-ca-asta\\\/#breadcrumb\"},\"inLanguage\":\"ro-RO\",\"potentialAction\":[{\"@type\":\"ReadAction\",\"target\":[\"https:\\\/\\\/www.lovendal.ro\\\/wp52\\\/lebada-pe-lacul-de-aur-n-am-vazut-vreodata-o-poza-mai-frumoasa-ca-asta\\\/\"]}]},{\"@type\":\"ImageObject\",\"inLanguage\":\"ro-RO\",\"@id\":\"https:\\\/\\\/www.lovendal.ro\\\/wp52\\\/lebada-pe-lacul-de-aur-n-am-vazut-vreodata-o-poza-mai-frumoasa-ca-asta\\\/#primaryimage\",\"url\":\"https:\\\/\\\/www.lovendal.ro\\\/wp52\\\/wp-content\\\/uploads\\\/2012\\\/06\\\/lebada-pe-lacul-de-aur.jpg\",\"contentUrl\":\"https:\\\/\\\/www.lovendal.ro\\\/wp52\\\/wp-content\\\/uploads\\\/2012\\\/06\\\/lebada-pe-lacul-de-aur.jpg\",\"width\":\"627\",\"height\":\"455\",\"caption\":\"Click pe IMAGINE pentru marire\"},{\"@type\":\"BreadcrumbList\",\"@id\":\"https:\\\/\\\/www.lovendal.ro\\\/wp52\\\/lebada-pe-lacul-de-aur-n-am-vazut-vreodata-o-poza-mai-frumoasa-ca-asta\\\/#breadcrumb\",\"itemListElement\":[{\"@type\":\"ListItem\",\"position\":1,\"name\":\"Home\",\"item\":\"https:\\\/\\\/www.lovendal.ro\\\/wp52\\\/\"},{\"@type\":\"ListItem\",\"position\":2,\"name\":\"Leb\u0103da pe lacul de aur! N-am v\u0103zut vreodat\u0103 o poz\u0103 mai frumoas\u0103 ca asta&#8230;\"}]},{\"@type\":\"WebSite\",\"@id\":\"https:\\\/\\\/www.lovendal.ro\\\/wp52\\\/#website\",\"url\":\"https:\\\/\\\/www.lovendal.ro\\\/wp52\\\/\",\"name\":\"Secretele lui Lovendal\",\"description\":\"Site de secrete, stiinta si metafizica - din 2008 -\",\"publisher\":{\"@id\":\"https:\\\/\\\/www.lovendal.ro\\\/wp52\\\/#organization\"},\"potentialAction\":[{\"@type\":\"SearchAction\",\"target\":{\"@type\":\"EntryPoint\",\"urlTemplate\":\"https:\\\/\\\/www.lovendal.ro\\\/wp52\\\/?s={search_term_string}\"},\"query-input\":{\"@type\":\"PropertyValueSpecification\",\"valueRequired\":true,\"valueName\":\"search_term_string\"}}],\"inLanguage\":\"ro-RO\"},{\"@type\":\"Organization\",\"@id\":\"https:\\\/\\\/www.lovendal.ro\\\/wp52\\\/#organization\",\"name\":\"Secretele lui Lovendal\",\"url\":\"https:\\\/\\\/www.lovendal.ro\\\/wp52\\\/\",\"logo\":{\"@type\":\"ImageObject\",\"inLanguage\":\"ro-RO\",\"@id\":\"https:\\\/\\\/www.lovendal.ro\\\/wp52\\\/#\\\/schema\\\/logo\\\/image\\\/\",\"url\":\"https:\\\/\\\/www.lovendal.ro\\\/wp52\\\/wp-content\\\/uploads\\\/2024\\\/06\\\/cropped-SLL-iun-2024-1.jpg\",\"contentUrl\":\"https:\\\/\\\/www.lovendal.ro\\\/wp52\\\/wp-content\\\/uploads\\\/2024\\\/06\\\/cropped-SLL-iun-2024-1.jpg\",\"width\":771,\"height\":240,\"caption\":\"Secretele lui Lovendal\"},\"image\":{\"@id\":\"https:\\\/\\\/www.lovendal.ro\\\/wp52\\\/#\\\/schema\\\/logo\\\/image\\\/\"},\"sameAs\":[\"https:\\\/\\\/www.facebook.com\\\/secreteleluilovendal\"]},{\"@type\":\"Person\",\"@id\":\"https:\\\/\\\/www.lovendal.ro\\\/wp52\\\/#\\\/schema\\\/person\\\/088691de5dfc346bb0c023e1e52ef5d9\",\"name\":\"admin\",\"image\":{\"@type\":\"ImageObject\",\"inLanguage\":\"ro-RO\",\"@id\":\"https:\\\/\\\/secure.gravatar.com\\\/avatar\\\/ecb9cd41f5f63c9c9b989999a59f6e2639a865ec361e9db054db0679a8f341c2?s=96&d=mm&r=g\",\"url\":\"https:\\\/\\\/secure.gravatar.com\\\/avatar\\\/ecb9cd41f5f63c9c9b989999a59f6e2639a865ec361e9db054db0679a8f341c2?s=96&d=mm&r=g\",\"contentUrl\":\"https:\\\/\\\/secure.gravatar.com\\\/avatar\\\/ecb9cd41f5f63c9c9b989999a59f6e2639a865ec361e9db054db0679a8f341c2?s=96&d=mm&r=g\",\"caption\":\"admin\"},\"sameAs\":[\"https:\\\/\\\/www.lovendal.ro\\\/wp52\"]}]}<\/script>\n<!-- \/ Yoast SEO Premium plugin. -->","yoast_head_json":{"title":"Leb\u0103da pe lacul de aur! N-am v\u0103zut vreodat\u0103 o poz\u0103 mai frumoas\u0103 ca asta... - Secretele lui Lovendal","robots":{"index":"index","follow":"follow","max-snippet":"max-snippet:-1","max-image-preview":"max-image-preview:large","max-video-preview":"max-video-preview:-1"},"canonical":"https:\/\/www.lovendal.ro\/wp52\/lebada-pe-lacul-de-aur-n-am-vazut-vreodata-o-poza-mai-frumoasa-ca-asta\/","og_locale":"ro_RO","og_type":"article","og_title":"Leb\u0103da pe lacul de aur! N-am v\u0103zut vreodat\u0103 o poz\u0103 mai frumoas\u0103 ca asta...","og_description":"Mie \u00eemi place mult s\u0103 fac poze&#8230;am \u00een propria colec\u0163ie mii de fotografii realizate \u00een diverse locuri \u015fi diverse timpuri din via\u0163\u0103. \u015ei nu&#8230;nu iubesc s\u0103 fotografiez chipuri de oameni (c\u0103ci oamenii mi se par artificiali), ci peisaje, cl\u0103diri sau ... Cititi mai multe","og_url":"https:\/\/www.lovendal.ro\/wp52\/lebada-pe-lacul-de-aur-n-am-vazut-vreodata-o-poza-mai-frumoasa-ca-asta\/","og_site_name":"Secretele lui Lovendal","article_publisher":"https:\/\/www.facebook.com\/secreteleluilovendal","article_published_time":"2012-06-20T21:04:21+00:00","og_image":[{"width":627,"height":455,"url":"https:\/\/www.lovendal.ro\/wp52\/wp-content\/uploads\/2012\/06\/lebada-pe-lacul-de-aur.jpg","type":"image\/jpeg"}],"author":"admin","twitter_card":"summary_large_image","twitter_misc":{"Scris de":"admin","Timp estimat pentru citire":"1 minut"},"schema":{"@context":"https:\/\/schema.org","@graph":[{"@type":"Article","@id":"https:\/\/www.lovendal.ro\/wp52\/lebada-pe-lacul-de-aur-n-am-vazut-vreodata-o-poza-mai-frumoasa-ca-asta\/#article","isPartOf":{"@id":"https:\/\/www.lovendal.ro\/wp52\/lebada-pe-lacul-de-aur-n-am-vazut-vreodata-o-poza-mai-frumoasa-ca-asta\/"},"author":{"name":"admin","@id":"https:\/\/www.lovendal.ro\/wp52\/#\/schema\/person\/088691de5dfc346bb0c023e1e52ef5d9"},"headline":"Leb\u0103da pe lacul de aur! N-am v\u0103zut vreodat\u0103 o poz\u0103 mai frumoas\u0103 ca asta&#8230;","datePublished":"2012-06-20T21:04:21+00:00","mainEntityOfPage":{"@id":"https:\/\/www.lovendal.ro\/wp52\/lebada-pe-lacul-de-aur-n-am-vazut-vreodata-o-poza-mai-frumoasa-ca-asta\/"},"wordCount":207,"commentCount":9,"publisher":{"@id":"https:\/\/www.lovendal.ro\/wp52\/#organization"},"image":{"@id":"https:\/\/www.lovendal.ro\/wp52\/lebada-pe-lacul-de-aur-n-am-vazut-vreodata-o-poza-mai-frumoasa-ca-asta\/#primaryimage"},"thumbnailUrl":"https:\/\/www.lovendal.ro\/wp52\/wp-content\/uploads\/2012\/06\/lebada-pe-lacul-de-aur.jpg","keywords":["aparat de fotografiat","aur","Canon","lac","leb\u0103d\u0103","Poze controversate","SUA"],"articleSection":["Poze controversate"],"inLanguage":"ro-RO","potentialAction":[{"@type":"CommentAction","name":"Comment","target":["https:\/\/www.lovendal.ro\/wp52\/lebada-pe-lacul-de-aur-n-am-vazut-vreodata-o-poza-mai-frumoasa-ca-asta\/#respond"]}]},{"@type":"WebPage","@id":"https:\/\/www.lovendal.ro\/wp52\/lebada-pe-lacul-de-aur-n-am-vazut-vreodata-o-poza-mai-frumoasa-ca-asta\/","url":"https:\/\/www.lovendal.ro\/wp52\/lebada-pe-lacul-de-aur-n-am-vazut-vreodata-o-poza-mai-frumoasa-ca-asta\/","name":"Leb\u0103da pe lacul de aur! N-am v\u0103zut vreodat\u0103 o poz\u0103 mai frumoas\u0103 ca asta... - Secretele lui Lovendal","isPartOf":{"@id":"https:\/\/www.lovendal.ro\/wp52\/#website"},"primaryImageOfPage":{"@id":"https:\/\/www.lovendal.ro\/wp52\/lebada-pe-lacul-de-aur-n-am-vazut-vreodata-o-poza-mai-frumoasa-ca-asta\/#primaryimage"},"image":{"@id":"https:\/\/www.lovendal.ro\/wp52\/lebada-pe-lacul-de-aur-n-am-vazut-vreodata-o-poza-mai-frumoasa-ca-asta\/#primaryimage"},"thumbnailUrl":"https:\/\/www.lovendal.ro\/wp52\/wp-content\/uploads\/2012\/06\/lebada-pe-lacul-de-aur.jpg","datePublished":"2012-06-20T21:04:21+00:00","breadcrumb":{"@id":"https:\/\/www.lovendal.ro\/wp52\/lebada-pe-lacul-de-aur-n-am-vazut-vreodata-o-poza-mai-frumoasa-ca-asta\/#breadcrumb"},"inLanguage":"ro-RO","potentialAction":[{"@type":"ReadAction","target":["https:\/\/www.lovendal.ro\/wp52\/lebada-pe-lacul-de-aur-n-am-vazut-vreodata-o-poza-mai-frumoasa-ca-asta\/"]}]},{"@type":"ImageObject","inLanguage":"ro-RO","@id":"https:\/\/www.lovendal.ro\/wp52\/lebada-pe-lacul-de-aur-n-am-vazut-vreodata-o-poza-mai-frumoasa-ca-asta\/#primaryimage","url":"https:\/\/www.lovendal.ro\/wp52\/wp-content\/uploads\/2012\/06\/lebada-pe-lacul-de-aur.jpg","contentUrl":"https:\/\/www.lovendal.ro\/wp52\/wp-content\/uploads\/2012\/06\/lebada-pe-lacul-de-aur.jpg","width":"627","height":"455","caption":"Click pe IMAGINE pentru marire"},{"@type":"BreadcrumbList","@id":"https:\/\/www.lovendal.ro\/wp52\/lebada-pe-lacul-de-aur-n-am-vazut-vreodata-o-poza-mai-frumoasa-ca-asta\/#breadcrumb","itemListElement":[{"@type":"ListItem","position":1,"name":"Home","item":"https:\/\/www.lovendal.ro\/wp52\/"},{"@type":"ListItem","position":2,"name":"Leb\u0103da pe lacul de aur! N-am v\u0103zut vreodat\u0103 o poz\u0103 mai frumoas\u0103 ca asta&#8230;"}]},{"@type":"WebSite","@id":"https:\/\/www.lovendal.ro\/wp52\/#website","url":"https:\/\/www.lovendal.ro\/wp52\/","name":"Secretele lui Lovendal","description":"Site de secrete, stiinta si metafizica - din 2008 -","publisher":{"@id":"https:\/\/www.lovendal.ro\/wp52\/#organization"},"potentialAction":[{"@type":"SearchAction","target":{"@type":"EntryPoint","urlTemplate":"https:\/\/www.lovendal.ro\/wp52\/?s={search_term_string}"},"query-input":{"@type":"PropertyValueSpecification","valueRequired":true,"valueName":"search_term_string"}}],"inLanguage":"ro-RO"},{"@type":"Organization","@id":"https:\/\/www.lovendal.ro\/wp52\/#organization","name":"Secretele lui Lovendal","url":"https:\/\/www.lovendal.ro\/wp52\/","logo":{"@type":"ImageObject","inLanguage":"ro-RO","@id":"https:\/\/www.lovendal.ro\/wp52\/#\/schema\/logo\/image\/","url":"https:\/\/www.lovendal.ro\/wp52\/wp-content\/uploads\/2024\/06\/cropped-SLL-iun-2024-1.jpg","contentUrl":"https:\/\/www.lovendal.ro\/wp52\/wp-content\/uploads\/2024\/06\/cropped-SLL-iun-2024-1.jpg","width":771,"height":240,"caption":"Secretele lui Lovendal"},"image":{"@id":"https:\/\/www.lovendal.ro\/wp52\/#\/schema\/logo\/image\/"},"sameAs":["https:\/\/www.facebook.com\/secreteleluilovendal"]},{"@type":"Person","@id":"https:\/\/www.lovendal.ro\/wp52\/#\/schema\/person\/088691de5dfc346bb0c023e1e52ef5d9","name":"admin","image":{"@type":"ImageObject","inLanguage":"ro-RO","@id":"https:\/\/secure.gravatar.com\/avatar\/ecb9cd41f5f63c9c9b989999a59f6e2639a865ec361e9db054db0679a8f341c2?s=96&d=mm&r=g","url":"https:\/\/secure.gravatar.com\/avatar\/ecb9cd41f5f63c9c9b989999a59f6e2639a865ec361e9db054db0679a8f341c2?s=96&d=mm&r=g","contentUrl":"https:\/\/secure.gravatar.com\/avatar\/ecb9cd41f5f63c9c9b989999a59f6e2639a865ec361e9db054db0679a8f341c2?s=96&d=mm&r=g","caption":"admin"},"sameAs":["https:\/\/www.lovendal.ro\/wp52"]}]}},"_links":{"self":[{"href":"https:\/\/www.lovendal.ro\/wp52\/wp-json\/wp\/v2\/posts\/23978","targetHints":{"allow":["GET"]}}],"collection":[{"href":"https:\/\/www.lovendal.ro\/wp52\/wp-json\/wp\/v2\/posts"}],"about":[{"href":"https:\/\/www.lovendal.ro\/wp52\/wp-json\/wp\/v2\/types\/post"}],"author":[{"embeddable":true,"href":"https:\/\/www.lovendal.ro\/wp52\/wp-json\/wp\/v2\/users\/1"}],"replies":[{"embeddable":true,"href":"https:\/\/www.lovendal.ro\/wp52\/wp-json\/wp\/v2\/comments?post=23978"}],"version-history":[{"count":0,"href":"https:\/\/www.lovendal.ro\/wp52\/wp-json\/wp\/v2\/posts\/23978\/revisions"}],"wp:featuredmedia":[{"embeddable":true,"href":"https:\/\/www.lovendal.ro\/wp52\/wp-json\/wp\/v2\/media\/23979"}],"wp:attachment":[{"href":"https:\/\/www.lovendal.ro\/wp52\/wp-json\/wp\/v2\/media?parent=23978"}],"wp:term":[{"taxonomy":"category","embeddable":true,"href":"https:\/\/www.lovendal.ro\/wp52\/wp-json\/wp\/v2\/categories?post=23978"},{"taxonomy":"post_tag","embeddable":true,"href":"https:\/\/www.lovendal.ro\/wp52\/wp-json\/wp\/v2\/tags?post=23978"}],"curies":[{"name":"wp","href":"https:\/\/api.w.org\/{rel}","templated":true}]}}