{"id":23863,"date":"2012-06-13T07:18:03","date_gmt":"2012-06-13T05:18:03","guid":{"rendered":"http:\/\/www.lovendal.net\/wp52\/?p=23863"},"modified":"2012-06-13T07:18:03","modified_gmt":"2012-06-13T05:18:03","slug":"daca-cele-3-dimensiuni-nu-s-ar-fi-extins-mai-repede-astazi-am-fi-putut-trai-intr-o-lume-cu-9-dimensiuni","status":"publish","type":"post","link":"https:\/\/www.lovendal.ro\/wp52\/daca-cele-3-dimensiuni-nu-s-ar-fi-extins-mai-repede-astazi-am-fi-putut-trai-intr-o-lume-cu-9-dimensiuni\/","title":{"rendered":"Dac\u0103 cele 3 dimensiuni nu s-ar fi extins mai repede, ast\u0103zi am fi putut tr\u0103i \u00eentr-o lume cu 9 dimensiuni"},"content":{"rendered":"<p><a href=\"https:\/\/www.lovendal.ro\/wp52\/wp-content\/uploads\/2012\/06\/9-dimensiuni.jpg\"><img loading=\"lazy\" decoding=\"async\" class=\"alignleft size-full wp-image-23864\" title=\"9 dimensiuni\" src=\"https:\/\/www.lovendal.ro\/wp52\/wp-content\/uploads\/2012\/06\/9-dimensiuni.jpg\" alt=\"\" width=\"301\" height=\"242\" srcset=\"https:\/\/www.lovendal.ro\/wp52\/wp-content\/uploads\/2012\/06\/9-dimensiuni.jpg 301w, https:\/\/www.lovendal.ro\/wp52\/wp-content\/uploads\/2012\/06\/9-dimensiuni-300x241.jpg 300w\" sizes=\"auto, (max-width: 301px) 100vw, 301px\" \/><\/a>Noi \u015ftim c\u0103 tr\u0103im \u00eentr-o lume tridimensional\u0103, dar Universul s-a n\u0103scut cu mai multe dimensiuni. Deci, unde sunt acele dimensiuni ascunse? \u00centrebarea e un mare mister pentru fizicieni, dar, un supercomputer care a simulat  Big Bang-ului a rezolvat \u00een cele din urm\u0103 misterul a ceea ce este cunoscut sub  numele de teoria corzilor.<\/p>\n<p>Potrivit cosmologiei Big Bangului, Universul \u00ee\u015fi are originea \u00eentr-o explozie dintr-un punct extrem de mic. Aceast\u0103 teorie este puternic sus\u0163inut\u0103 de observarea microundelor cosmice din fundal, precum \u015fi de abunden\u0163a relativ\u0103 a elementelor. Cu  toate acestea, o situa\u0163ie \u00een care \u00eentreg Universul este un mic punct  dep\u0103\u015fe\u015fte raza de ac\u0163iune a teoriei generale a relativit\u0103\u0163ii a lui  Einstein, motiv pentru care nu a fost posibil s\u0103 se clarifice originea actual\u0103 a Universului.<\/p>\n<p>\u00cen  teoria corzilor, toate  particulele elementare sunt reprezentate ca diferite moduri de oscilatie ale unor corzi extrem de mici. Totu\u015fi, calculule efective sunt greu de rezolvat, \u00eentruc\u00e2t interac\u0163iunea dintre corzi este extrem de puternic\u0103. Teoria corzilor prezice un spa\u0163iu cu 9 dimensiuni, fa\u0163\u0103 de cele 3 dimensiuni \u00een lumea \u00een care tr\u0103im.<\/p>\n<p>Un  grup de 3 cercet\u0103tori japonezi, Jun Nishimura (profesor asociat la KEK), Asato  Tsuchiya (profesor asociat la Universitatea din Shizuoka) \u015fi Sang-Woo  Kim (cercet\u0103tor de proiect de la Universitatea din Osaka), a reu\u015fit totu\u015fi s\u0103 simuleze na\u015fterea Universului, folosind un supercomputer (Hitachi SR16000) pentru calcule bazate pe teoria corzilor. Simularea  a ar\u0103tat c\u0103 Universul a avut 9 dimensiuni la \u00eenceput, dar  numai 3 dintre acestea s-au expansionat la un moment dat.<\/p>\n<p>Dac\u0103 cineva s-ar \u00eentoarce \u00een timp, la \u00eenceputurile Universului, ar observa \u00eentr-adev\u0103r un Univers format din 9 dimensiuni, dar, dintre acestea, doar 3 \u00eencep s\u0103 se extind\u0103 rapid. Acest rezultat demonstreaz\u0103, pentru prima dat\u0103, faptul c\u0103 spa\u0163iul tridimensional \u00een care tr\u0103im \u00ee\u015fi are originea \u00een spatiul 9-dimensional, care-l prezice teoria corzilor.<\/p>\n","protected":false},"excerpt":{"rendered":"<p>Noi \u015ftim c\u0103 tr\u0103im \u00eentr-o lume tridimensional\u0103, dar Universul s-a n\u0103scut cu mai multe dimensiuni. Deci, unde sunt acele dimensiuni ascunse? \u00centrebarea e un mare mister pentru fizicieni, dar, un supercomputer care a simulat Big Bang-ului a rezolvat \u00een cele &#8230; <\/p>\n<p class=\"read-more-container\"><a title=\"Dac\u0103 cele 3 dimensiuni nu s-ar fi extins mai repede, ast\u0103zi am fi putut tr\u0103i \u00eentr-o lume cu 9 dimensiuni\" class=\"read-more button\" href=\"https:\/\/www.lovendal.ro\/wp52\/daca-cele-3-dimensiuni-nu-s-ar-fi-extins-mai-repede-astazi-am-fi-putut-trai-intr-o-lume-cu-9-dimensiuni\/#more-23863\" aria-label=\"Cite\u0219te mai multe despre Dac\u0103 cele 3 dimensiuni nu s-ar fi extins mai repede, ast\u0103zi am fi putut tr\u0103i \u00eentr-o lume cu 9 dimensiuni\">Cititi mai multe<\/a><\/p>\n","protected":false},"author":1,"featured_media":23864,"comment_status":"open","ping_status":"closed","sticky":false,"template":"","format":"standard","meta":{"footnotes":""},"categories":[106],"tags":[2027,902,4527,610,348,128,2501,9803,5359,1104,5360,1087],"class_list":["post-23863","post","type-post","status-publish","format-standard","has-post-thumbnail","hentry","category-stiinta","tag-big-bang","tag-calculator","tag-dimensiune","tag-einstein","tag-fizica","tag-japonia","tag-spatiu","tag-stiinta","tag-teoria-corzilor","tag-teoria-relativitatii","tag-tridimensional","tag-univers","resize-featured-image"],"yoast_head":"<!-- This site is optimized with the Yoast SEO Premium plugin v23.3 (Yoast SEO v27.4) - https:\/\/yoast.com\/product\/yoast-seo-premium-wordpress\/ -->\n<title>Dac\u0103 cele 3 dimensiuni nu s-ar fi extins mai repede, ast\u0103zi am fi putut tr\u0103i \u00eentr-o lume cu 9 dimensiuni - Secretele lui Lovendal<\/title>\n<meta name=\"robots\" content=\"index, follow, max-snippet:-1, max-image-preview:large, max-video-preview:-1\" \/>\n<link rel=\"canonical\" href=\"https:\/\/www.lovendal.ro\/wp52\/daca-cele-3-dimensiuni-nu-s-ar-fi-extins-mai-repede-astazi-am-fi-putut-trai-intr-o-lume-cu-9-dimensiuni\/\" \/>\n<meta property=\"og:locale\" content=\"ro_RO\" \/>\n<meta property=\"og:type\" content=\"article\" \/>\n<meta property=\"og:title\" content=\"Dac\u0103 cele 3 dimensiuni nu s-ar fi extins mai repede, ast\u0103zi am fi putut tr\u0103i \u00eentr-o lume cu 9 dimensiuni\" \/>\n<meta property=\"og:description\" content=\"Noi \u015ftim c\u0103 tr\u0103im \u00eentr-o lume tridimensional\u0103, dar Universul s-a n\u0103scut cu mai multe dimensiuni. Deci, unde sunt acele dimensiuni ascunse? \u00centrebarea e un mare mister pentru fizicieni, dar, un supercomputer care a simulat Big Bang-ului a rezolvat \u00een cele ... Cititi mai multe\" \/>\n<meta property=\"og:url\" content=\"https:\/\/www.lovendal.ro\/wp52\/daca-cele-3-dimensiuni-nu-s-ar-fi-extins-mai-repede-astazi-am-fi-putut-trai-intr-o-lume-cu-9-dimensiuni\/\" \/>\n<meta property=\"og:site_name\" content=\"Secretele lui Lovendal\" \/>\n<meta property=\"article:publisher\" content=\"https:\/\/www.facebook.com\/secreteleluilovendal\" \/>\n<meta property=\"article:published_time\" content=\"2012-06-13T05:18:03+00:00\" \/>\n<meta property=\"og:image\" content=\"https:\/\/www.lovendal.ro\/wp52\/wp-content\/uploads\/2012\/06\/9-dimensiuni.jpg\" \/>\n\t<meta property=\"og:image:width\" content=\"301\" \/>\n\t<meta property=\"og:image:height\" content=\"242\" \/>\n\t<meta property=\"og:image:type\" content=\"image\/jpeg\" \/>\n<meta name=\"author\" content=\"admin\" \/>\n<meta name=\"twitter:card\" content=\"summary_large_image\" \/>\n<meta name=\"twitter:label1\" content=\"Scris de\" \/>\n\t<meta name=\"twitter:data1\" content=\"admin\" \/>\n\t<meta name=\"twitter:label2\" content=\"Timp estimat pentru citire\" \/>\n\t<meta name=\"twitter:data2\" content=\"2 minute\" \/>\n<script type=\"application\/ld+json\" class=\"yoast-schema-graph\">{\"@context\":\"https:\\\/\\\/schema.org\",\"@graph\":[{\"@type\":\"Article\",\"@id\":\"https:\\\/\\\/www.lovendal.ro\\\/wp52\\\/daca-cele-3-dimensiuni-nu-s-ar-fi-extins-mai-repede-astazi-am-fi-putut-trai-intr-o-lume-cu-9-dimensiuni\\\/#article\",\"isPartOf\":{\"@id\":\"https:\\\/\\\/www.lovendal.ro\\\/wp52\\\/daca-cele-3-dimensiuni-nu-s-ar-fi-extins-mai-repede-astazi-am-fi-putut-trai-intr-o-lume-cu-9-dimensiuni\\\/\"},\"author\":{\"name\":\"admin\",\"@id\":\"https:\\\/\\\/www.lovendal.ro\\\/wp52\\\/#\\\/schema\\\/person\\\/088691de5dfc346bb0c023e1e52ef5d9\"},\"headline\":\"Dac\u0103 cele 3 dimensiuni nu s-ar fi extins mai repede, ast\u0103zi am fi putut tr\u0103i \u00eentr-o lume cu 9 dimensiuni\",\"datePublished\":\"2012-06-13T05:18:03+00:00\",\"mainEntityOfPage\":{\"@id\":\"https:\\\/\\\/www.lovendal.ro\\\/wp52\\\/daca-cele-3-dimensiuni-nu-s-ar-fi-extins-mai-repede-astazi-am-fi-putut-trai-intr-o-lume-cu-9-dimensiuni\\\/\"},\"wordCount\":335,\"commentCount\":13,\"publisher\":{\"@id\":\"https:\\\/\\\/www.lovendal.ro\\\/wp52\\\/#organization\"},\"image\":{\"@id\":\"https:\\\/\\\/www.lovendal.ro\\\/wp52\\\/daca-cele-3-dimensiuni-nu-s-ar-fi-extins-mai-repede-astazi-am-fi-putut-trai-intr-o-lume-cu-9-dimensiuni\\\/#primaryimage\"},\"thumbnailUrl\":\"https:\\\/\\\/www.lovendal.ro\\\/wp52\\\/wp-content\\\/uploads\\\/2012\\\/06\\\/9-dimensiuni.jpg\",\"keywords\":[\"Big Bang\",\"calculator\",\"dimensiune\",\"Einstein\",\"fizic\u0103\",\"Japonia\",\"spa\u0163iu\",\"Stiinta\",\"teoria corzilor\",\"teoria relativit\u0103\u0163ii\",\"tridimensional\",\"Univers\"],\"articleSection\":[\"Stiinta\"],\"inLanguage\":\"ro-RO\",\"potentialAction\":[{\"@type\":\"CommentAction\",\"name\":\"Comment\",\"target\":[\"https:\\\/\\\/www.lovendal.ro\\\/wp52\\\/daca-cele-3-dimensiuni-nu-s-ar-fi-extins-mai-repede-astazi-am-fi-putut-trai-intr-o-lume-cu-9-dimensiuni\\\/#respond\"]}]},{\"@type\":\"WebPage\",\"@id\":\"https:\\\/\\\/www.lovendal.ro\\\/wp52\\\/daca-cele-3-dimensiuni-nu-s-ar-fi-extins-mai-repede-astazi-am-fi-putut-trai-intr-o-lume-cu-9-dimensiuni\\\/\",\"url\":\"https:\\\/\\\/www.lovendal.ro\\\/wp52\\\/daca-cele-3-dimensiuni-nu-s-ar-fi-extins-mai-repede-astazi-am-fi-putut-trai-intr-o-lume-cu-9-dimensiuni\\\/\",\"name\":\"Dac\u0103 cele 3 dimensiuni nu s-ar fi extins mai repede, ast\u0103zi am fi putut tr\u0103i \u00eentr-o lume cu 9 dimensiuni - Secretele lui Lovendal\",\"isPartOf\":{\"@id\":\"https:\\\/\\\/www.lovendal.ro\\\/wp52\\\/#website\"},\"primaryImageOfPage\":{\"@id\":\"https:\\\/\\\/www.lovendal.ro\\\/wp52\\\/daca-cele-3-dimensiuni-nu-s-ar-fi-extins-mai-repede-astazi-am-fi-putut-trai-intr-o-lume-cu-9-dimensiuni\\\/#primaryimage\"},\"image\":{\"@id\":\"https:\\\/\\\/www.lovendal.ro\\\/wp52\\\/daca-cele-3-dimensiuni-nu-s-ar-fi-extins-mai-repede-astazi-am-fi-putut-trai-intr-o-lume-cu-9-dimensiuni\\\/#primaryimage\"},\"thumbnailUrl\":\"https:\\\/\\\/www.lovendal.ro\\\/wp52\\\/wp-content\\\/uploads\\\/2012\\\/06\\\/9-dimensiuni.jpg\",\"datePublished\":\"2012-06-13T05:18:03+00:00\",\"breadcrumb\":{\"@id\":\"https:\\\/\\\/www.lovendal.ro\\\/wp52\\\/daca-cele-3-dimensiuni-nu-s-ar-fi-extins-mai-repede-astazi-am-fi-putut-trai-intr-o-lume-cu-9-dimensiuni\\\/#breadcrumb\"},\"inLanguage\":\"ro-RO\",\"potentialAction\":[{\"@type\":\"ReadAction\",\"target\":[\"https:\\\/\\\/www.lovendal.ro\\\/wp52\\\/daca-cele-3-dimensiuni-nu-s-ar-fi-extins-mai-repede-astazi-am-fi-putut-trai-intr-o-lume-cu-9-dimensiuni\\\/\"]}]},{\"@type\":\"ImageObject\",\"inLanguage\":\"ro-RO\",\"@id\":\"https:\\\/\\\/www.lovendal.ro\\\/wp52\\\/daca-cele-3-dimensiuni-nu-s-ar-fi-extins-mai-repede-astazi-am-fi-putut-trai-intr-o-lume-cu-9-dimensiuni\\\/#primaryimage\",\"url\":\"https:\\\/\\\/www.lovendal.ro\\\/wp52\\\/wp-content\\\/uploads\\\/2012\\\/06\\\/9-dimensiuni.jpg\",\"contentUrl\":\"https:\\\/\\\/www.lovendal.ro\\\/wp52\\\/wp-content\\\/uploads\\\/2012\\\/06\\\/9-dimensiuni.jpg\",\"width\":\"301\",\"height\":\"242\"},{\"@type\":\"BreadcrumbList\",\"@id\":\"https:\\\/\\\/www.lovendal.ro\\\/wp52\\\/daca-cele-3-dimensiuni-nu-s-ar-fi-extins-mai-repede-astazi-am-fi-putut-trai-intr-o-lume-cu-9-dimensiuni\\\/#breadcrumb\",\"itemListElement\":[{\"@type\":\"ListItem\",\"position\":1,\"name\":\"Home\",\"item\":\"https:\\\/\\\/www.lovendal.ro\\\/wp52\\\/\"},{\"@type\":\"ListItem\",\"position\":2,\"name\":\"Dac\u0103 cele 3 dimensiuni nu s-ar fi extins mai repede, ast\u0103zi am fi putut tr\u0103i \u00eentr-o lume cu 9 dimensiuni\"}]},{\"@type\":\"WebSite\",\"@id\":\"https:\\\/\\\/www.lovendal.ro\\\/wp52\\\/#website\",\"url\":\"https:\\\/\\\/www.lovendal.ro\\\/wp52\\\/\",\"name\":\"Secretele lui Lovendal\",\"description\":\"Site de secrete, stiinta si metafizica - din 2008 -\",\"publisher\":{\"@id\":\"https:\\\/\\\/www.lovendal.ro\\\/wp52\\\/#organization\"},\"potentialAction\":[{\"@type\":\"SearchAction\",\"target\":{\"@type\":\"EntryPoint\",\"urlTemplate\":\"https:\\\/\\\/www.lovendal.ro\\\/wp52\\\/?s={search_term_string}\"},\"query-input\":{\"@type\":\"PropertyValueSpecification\",\"valueRequired\":true,\"valueName\":\"search_term_string\"}}],\"inLanguage\":\"ro-RO\"},{\"@type\":\"Organization\",\"@id\":\"https:\\\/\\\/www.lovendal.ro\\\/wp52\\\/#organization\",\"name\":\"Secretele lui Lovendal\",\"url\":\"https:\\\/\\\/www.lovendal.ro\\\/wp52\\\/\",\"logo\":{\"@type\":\"ImageObject\",\"inLanguage\":\"ro-RO\",\"@id\":\"https:\\\/\\\/www.lovendal.ro\\\/wp52\\\/#\\\/schema\\\/logo\\\/image\\\/\",\"url\":\"https:\\\/\\\/www.lovendal.ro\\\/wp52\\\/wp-content\\\/uploads\\\/2024\\\/06\\\/cropped-SLL-iun-2024-1.jpg\",\"contentUrl\":\"https:\\\/\\\/www.lovendal.ro\\\/wp52\\\/wp-content\\\/uploads\\\/2024\\\/06\\\/cropped-SLL-iun-2024-1.jpg\",\"width\":771,\"height\":240,\"caption\":\"Secretele lui Lovendal\"},\"image\":{\"@id\":\"https:\\\/\\\/www.lovendal.ro\\\/wp52\\\/#\\\/schema\\\/logo\\\/image\\\/\"},\"sameAs\":[\"https:\\\/\\\/www.facebook.com\\\/secreteleluilovendal\"]},{\"@type\":\"Person\",\"@id\":\"https:\\\/\\\/www.lovendal.ro\\\/wp52\\\/#\\\/schema\\\/person\\\/088691de5dfc346bb0c023e1e52ef5d9\",\"name\":\"admin\",\"image\":{\"@type\":\"ImageObject\",\"inLanguage\":\"ro-RO\",\"@id\":\"https:\\\/\\\/secure.gravatar.com\\\/avatar\\\/ecb9cd41f5f63c9c9b989999a59f6e2639a865ec361e9db054db0679a8f341c2?s=96&d=mm&r=g\",\"url\":\"https:\\\/\\\/secure.gravatar.com\\\/avatar\\\/ecb9cd41f5f63c9c9b989999a59f6e2639a865ec361e9db054db0679a8f341c2?s=96&d=mm&r=g\",\"contentUrl\":\"https:\\\/\\\/secure.gravatar.com\\\/avatar\\\/ecb9cd41f5f63c9c9b989999a59f6e2639a865ec361e9db054db0679a8f341c2?s=96&d=mm&r=g\",\"caption\":\"admin\"},\"sameAs\":[\"https:\\\/\\\/www.lovendal.ro\\\/wp52\"]}]}<\/script>\n<!-- \/ Yoast SEO Premium plugin. -->","yoast_head_json":{"title":"Dac\u0103 cele 3 dimensiuni nu s-ar fi extins mai repede, ast\u0103zi am fi putut tr\u0103i \u00eentr-o lume cu 9 dimensiuni - Secretele lui Lovendal","robots":{"index":"index","follow":"follow","max-snippet":"max-snippet:-1","max-image-preview":"max-image-preview:large","max-video-preview":"max-video-preview:-1"},"canonical":"https:\/\/www.lovendal.ro\/wp52\/daca-cele-3-dimensiuni-nu-s-ar-fi-extins-mai-repede-astazi-am-fi-putut-trai-intr-o-lume-cu-9-dimensiuni\/","og_locale":"ro_RO","og_type":"article","og_title":"Dac\u0103 cele 3 dimensiuni nu s-ar fi extins mai repede, ast\u0103zi am fi putut tr\u0103i \u00eentr-o lume cu 9 dimensiuni","og_description":"Noi \u015ftim c\u0103 tr\u0103im \u00eentr-o lume tridimensional\u0103, dar Universul s-a n\u0103scut cu mai multe dimensiuni. Deci, unde sunt acele dimensiuni ascunse? \u00centrebarea e un mare mister pentru fizicieni, dar, un supercomputer care a simulat Big Bang-ului a rezolvat \u00een cele ... Cititi mai multe","og_url":"https:\/\/www.lovendal.ro\/wp52\/daca-cele-3-dimensiuni-nu-s-ar-fi-extins-mai-repede-astazi-am-fi-putut-trai-intr-o-lume-cu-9-dimensiuni\/","og_site_name":"Secretele lui Lovendal","article_publisher":"https:\/\/www.facebook.com\/secreteleluilovendal","article_published_time":"2012-06-13T05:18:03+00:00","og_image":[{"width":301,"height":242,"url":"https:\/\/www.lovendal.ro\/wp52\/wp-content\/uploads\/2012\/06\/9-dimensiuni.jpg","type":"image\/jpeg"}],"author":"admin","twitter_card":"summary_large_image","twitter_misc":{"Scris de":"admin","Timp estimat pentru citire":"2 minute"},"schema":{"@context":"https:\/\/schema.org","@graph":[{"@type":"Article","@id":"https:\/\/www.lovendal.ro\/wp52\/daca-cele-3-dimensiuni-nu-s-ar-fi-extins-mai-repede-astazi-am-fi-putut-trai-intr-o-lume-cu-9-dimensiuni\/#article","isPartOf":{"@id":"https:\/\/www.lovendal.ro\/wp52\/daca-cele-3-dimensiuni-nu-s-ar-fi-extins-mai-repede-astazi-am-fi-putut-trai-intr-o-lume-cu-9-dimensiuni\/"},"author":{"name":"admin","@id":"https:\/\/www.lovendal.ro\/wp52\/#\/schema\/person\/088691de5dfc346bb0c023e1e52ef5d9"},"headline":"Dac\u0103 cele 3 dimensiuni nu s-ar fi extins mai repede, ast\u0103zi am fi putut tr\u0103i \u00eentr-o lume cu 9 dimensiuni","datePublished":"2012-06-13T05:18:03+00:00","mainEntityOfPage":{"@id":"https:\/\/www.lovendal.ro\/wp52\/daca-cele-3-dimensiuni-nu-s-ar-fi-extins-mai-repede-astazi-am-fi-putut-trai-intr-o-lume-cu-9-dimensiuni\/"},"wordCount":335,"commentCount":13,"publisher":{"@id":"https:\/\/www.lovendal.ro\/wp52\/#organization"},"image":{"@id":"https:\/\/www.lovendal.ro\/wp52\/daca-cele-3-dimensiuni-nu-s-ar-fi-extins-mai-repede-astazi-am-fi-putut-trai-intr-o-lume-cu-9-dimensiuni\/#primaryimage"},"thumbnailUrl":"https:\/\/www.lovendal.ro\/wp52\/wp-content\/uploads\/2012\/06\/9-dimensiuni.jpg","keywords":["Big Bang","calculator","dimensiune","Einstein","fizic\u0103","Japonia","spa\u0163iu","Stiinta","teoria corzilor","teoria relativit\u0103\u0163ii","tridimensional","Univers"],"articleSection":["Stiinta"],"inLanguage":"ro-RO","potentialAction":[{"@type":"CommentAction","name":"Comment","target":["https:\/\/www.lovendal.ro\/wp52\/daca-cele-3-dimensiuni-nu-s-ar-fi-extins-mai-repede-astazi-am-fi-putut-trai-intr-o-lume-cu-9-dimensiuni\/#respond"]}]},{"@type":"WebPage","@id":"https:\/\/www.lovendal.ro\/wp52\/daca-cele-3-dimensiuni-nu-s-ar-fi-extins-mai-repede-astazi-am-fi-putut-trai-intr-o-lume-cu-9-dimensiuni\/","url":"https:\/\/www.lovendal.ro\/wp52\/daca-cele-3-dimensiuni-nu-s-ar-fi-extins-mai-repede-astazi-am-fi-putut-trai-intr-o-lume-cu-9-dimensiuni\/","name":"Dac\u0103 cele 3 dimensiuni nu s-ar fi extins mai repede, ast\u0103zi am fi putut tr\u0103i \u00eentr-o lume cu 9 dimensiuni - Secretele lui Lovendal","isPartOf":{"@id":"https:\/\/www.lovendal.ro\/wp52\/#website"},"primaryImageOfPage":{"@id":"https:\/\/www.lovendal.ro\/wp52\/daca-cele-3-dimensiuni-nu-s-ar-fi-extins-mai-repede-astazi-am-fi-putut-trai-intr-o-lume-cu-9-dimensiuni\/#primaryimage"},"image":{"@id":"https:\/\/www.lovendal.ro\/wp52\/daca-cele-3-dimensiuni-nu-s-ar-fi-extins-mai-repede-astazi-am-fi-putut-trai-intr-o-lume-cu-9-dimensiuni\/#primaryimage"},"thumbnailUrl":"https:\/\/www.lovendal.ro\/wp52\/wp-content\/uploads\/2012\/06\/9-dimensiuni.jpg","datePublished":"2012-06-13T05:18:03+00:00","breadcrumb":{"@id":"https:\/\/www.lovendal.ro\/wp52\/daca-cele-3-dimensiuni-nu-s-ar-fi-extins-mai-repede-astazi-am-fi-putut-trai-intr-o-lume-cu-9-dimensiuni\/#breadcrumb"},"inLanguage":"ro-RO","potentialAction":[{"@type":"ReadAction","target":["https:\/\/www.lovendal.ro\/wp52\/daca-cele-3-dimensiuni-nu-s-ar-fi-extins-mai-repede-astazi-am-fi-putut-trai-intr-o-lume-cu-9-dimensiuni\/"]}]},{"@type":"ImageObject","inLanguage":"ro-RO","@id":"https:\/\/www.lovendal.ro\/wp52\/daca-cele-3-dimensiuni-nu-s-ar-fi-extins-mai-repede-astazi-am-fi-putut-trai-intr-o-lume-cu-9-dimensiuni\/#primaryimage","url":"https:\/\/www.lovendal.ro\/wp52\/wp-content\/uploads\/2012\/06\/9-dimensiuni.jpg","contentUrl":"https:\/\/www.lovendal.ro\/wp52\/wp-content\/uploads\/2012\/06\/9-dimensiuni.jpg","width":"301","height":"242"},{"@type":"BreadcrumbList","@id":"https:\/\/www.lovendal.ro\/wp52\/daca-cele-3-dimensiuni-nu-s-ar-fi-extins-mai-repede-astazi-am-fi-putut-trai-intr-o-lume-cu-9-dimensiuni\/#breadcrumb","itemListElement":[{"@type":"ListItem","position":1,"name":"Home","item":"https:\/\/www.lovendal.ro\/wp52\/"},{"@type":"ListItem","position":2,"name":"Dac\u0103 cele 3 dimensiuni nu s-ar fi extins mai repede, ast\u0103zi am fi putut tr\u0103i \u00eentr-o lume cu 9 dimensiuni"}]},{"@type":"WebSite","@id":"https:\/\/www.lovendal.ro\/wp52\/#website","url":"https:\/\/www.lovendal.ro\/wp52\/","name":"Secretele lui Lovendal","description":"Site de secrete, stiinta si metafizica - din 2008 -","publisher":{"@id":"https:\/\/www.lovendal.ro\/wp52\/#organization"},"potentialAction":[{"@type":"SearchAction","target":{"@type":"EntryPoint","urlTemplate":"https:\/\/www.lovendal.ro\/wp52\/?s={search_term_string}"},"query-input":{"@type":"PropertyValueSpecification","valueRequired":true,"valueName":"search_term_string"}}],"inLanguage":"ro-RO"},{"@type":"Organization","@id":"https:\/\/www.lovendal.ro\/wp52\/#organization","name":"Secretele lui Lovendal","url":"https:\/\/www.lovendal.ro\/wp52\/","logo":{"@type":"ImageObject","inLanguage":"ro-RO","@id":"https:\/\/www.lovendal.ro\/wp52\/#\/schema\/logo\/image\/","url":"https:\/\/www.lovendal.ro\/wp52\/wp-content\/uploads\/2024\/06\/cropped-SLL-iun-2024-1.jpg","contentUrl":"https:\/\/www.lovendal.ro\/wp52\/wp-content\/uploads\/2024\/06\/cropped-SLL-iun-2024-1.jpg","width":771,"height":240,"caption":"Secretele lui Lovendal"},"image":{"@id":"https:\/\/www.lovendal.ro\/wp52\/#\/schema\/logo\/image\/"},"sameAs":["https:\/\/www.facebook.com\/secreteleluilovendal"]},{"@type":"Person","@id":"https:\/\/www.lovendal.ro\/wp52\/#\/schema\/person\/088691de5dfc346bb0c023e1e52ef5d9","name":"admin","image":{"@type":"ImageObject","inLanguage":"ro-RO","@id":"https:\/\/secure.gravatar.com\/avatar\/ecb9cd41f5f63c9c9b989999a59f6e2639a865ec361e9db054db0679a8f341c2?s=96&d=mm&r=g","url":"https:\/\/secure.gravatar.com\/avatar\/ecb9cd41f5f63c9c9b989999a59f6e2639a865ec361e9db054db0679a8f341c2?s=96&d=mm&r=g","contentUrl":"https:\/\/secure.gravatar.com\/avatar\/ecb9cd41f5f63c9c9b989999a59f6e2639a865ec361e9db054db0679a8f341c2?s=96&d=mm&r=g","caption":"admin"},"sameAs":["https:\/\/www.lovendal.ro\/wp52"]}]}},"_links":{"self":[{"href":"https:\/\/www.lovendal.ro\/wp52\/wp-json\/wp\/v2\/posts\/23863","targetHints":{"allow":["GET"]}}],"collection":[{"href":"https:\/\/www.lovendal.ro\/wp52\/wp-json\/wp\/v2\/posts"}],"about":[{"href":"https:\/\/www.lovendal.ro\/wp52\/wp-json\/wp\/v2\/types\/post"}],"author":[{"embeddable":true,"href":"https:\/\/www.lovendal.ro\/wp52\/wp-json\/wp\/v2\/users\/1"}],"replies":[{"embeddable":true,"href":"https:\/\/www.lovendal.ro\/wp52\/wp-json\/wp\/v2\/comments?post=23863"}],"version-history":[{"count":0,"href":"https:\/\/www.lovendal.ro\/wp52\/wp-json\/wp\/v2\/posts\/23863\/revisions"}],"wp:featuredmedia":[{"embeddable":true,"href":"https:\/\/www.lovendal.ro\/wp52\/wp-json\/wp\/v2\/media\/23864"}],"wp:attachment":[{"href":"https:\/\/www.lovendal.ro\/wp52\/wp-json\/wp\/v2\/media?parent=23863"}],"wp:term":[{"taxonomy":"category","embeddable":true,"href":"https:\/\/www.lovendal.ro\/wp52\/wp-json\/wp\/v2\/categories?post=23863"},{"taxonomy":"post_tag","embeddable":true,"href":"https:\/\/www.lovendal.ro\/wp52\/wp-json\/wp\/v2\/tags?post=23863"}],"curies":[{"name":"wp","href":"https:\/\/api.w.org\/{rel}","templated":true}]}}