{"id":23793,"date":"2012-06-07T21:33:39","date_gmt":"2012-06-07T19:33:39","guid":{"rendered":"http:\/\/www.lovendal.net\/wp52\/?p=23793"},"modified":"2012-06-07T21:34:23","modified_gmt":"2012-06-07T19:34:23","slug":"edgar-mitchell-astronautul-care-a-fost-pe-luna-crede-ca-extraterestrii-exista-si-ca-guvernul-ne-ascunde-acest-lucru","status":"publish","type":"post","link":"https:\/\/www.lovendal.ro\/wp52\/edgar-mitchell-astronautul-care-a-fost-pe-luna-crede-ca-extraterestrii-exista-si-ca-guvernul-ne-ascunde-acest-lucru\/","title":{"rendered":"Edgar Mitchell, astronautul care a fost pe Lun\u0103, crede c\u0103 extratere\u015ftrii exist\u0103 \u015fi c\u0103 guvernul ne ascunde acest lucru"},"content":{"rendered":"<p><a href=\"https:\/\/www.lovendal.ro\/wp52\/wp-content\/uploads\/2012\/06\/extraterestri208.jpg\"><img loading=\"lazy\" decoding=\"async\" class=\"alignleft size-full wp-image-23796\" title=\"extraterestri208\" src=\"https:\/\/www.lovendal.ro\/wp52\/wp-content\/uploads\/2012\/06\/extraterestri208.jpg\" alt=\"\" width=\"304\" height=\"228\" srcset=\"https:\/\/www.lovendal.ro\/wp52\/wp-content\/uploads\/2012\/06\/extraterestri208.jpg 304w, https:\/\/www.lovendal.ro\/wp52\/wp-content\/uploads\/2012\/06\/extraterestri208-300x225.jpg 300w\" sizes=\"auto, (max-width: 304px) 100vw, 304px\" \/><\/a>\u00centr-un interviu recent acordat unui post american de televiziune, celebrul astronaut Edgar Mitchell, cel care ar fi fost pe Lun\u0103, dezv\u0103luie faptul c\u0103, dup\u0103 p\u0103rerea sa, extratere\u015ftrii exist\u0103. Iar aceast\u0103 afirma\u0163ie ar avea ca punct de plecare incidentul de la Roswell din 1947. \u00cen incidentul OZN de la Roswell se presupune c\u0103 s-au recuperat resturi  extraterestre, inclusiv cadavre extraterestre, de la un OZN care s-a  pr\u0103bu\u0219it \u00een apropierea de Roswell, sediul comitatului Chaves, statul New  Mexico, SUA, \u00een iunie sau iulie 1947. Armata SUA sus\u021bine c\u0103 ceea ce s-a  \u00eent\u00e2mplat a fost doar recuperarea resturilor unui balon experimental de  supraveghere la mare altitudine care apar\u021binea unui program clasificat  numit Mogul; cu toate acestea, mul\u021bi sus\u021bin\u0103tori ai OZN-urilor spun c\u0103,  de fapt, o nav\u0103 extraterestr\u0103 s-a pr\u0103bu\u0219it \u0219i c\u00e2teva cadavre au fost  recuperate \u0219i c\u0103 apoi militarii au \u00eenceput o opera\u021biune de mu\u0219amalizare.  Incidentul s-a transformat \u00eentr-un fenomen foarte cunoscut \u00een cultura  popular\u0103, ceea ce face ca numele Roswell s\u0103 fie sinonim cu OZN-urile.<\/p>\n<p>S\u0103 vedem \u00eempreun\u0103 acest interviu, pe care l-am tradus \u015fi adaptat, \u00een exclusivitate \u00een limba rom\u00e2n\u0103:<\/p>\n<p><strong>Reporter:<\/strong> Fostul astronaut din misiunea Apollo 14, dr.Edgar Mitchell, a fost la o emisiune radiofonic\u0103 la care el a spus c\u0103 de 6 decenii guvernul ascunde c\u0103 extratere\u015ftrii exist\u0103. \u00cel avem la telefon: dr.Mitchell, bun\u0103 diminea\u0163a.<\/p>\n<p><strong>Dr.Mitchell:<\/strong> Bun\u0103 diminea\u0163a.<\/p>\n<p><strong>Reporter:<\/strong> Dr.Mitchell, a\u0163i fost pe Lun\u0103, ave\u0163i o carier\u0103 fantastic\u0103. De c\u00e2t timp \u015fti\u0163i c\u0103 noi am realizat contactul cu extratere\u015ftrii?<\/p>\n<p><strong>Dr.Mitchell:<\/strong> Ei bine, zvonurile au \u00eenceput odat\u0103 cu Roswell \u00een urm\u0103 cu 60 de ani (&#8230;) Eu nu i-am v\u0103zut niciodat\u0103, dar ni\u015fte martori credibili din perioada aceea i-au v\u0103zut. Am fost contactat \u015fi mi s-a spus aceste pove\u015fti.<\/p>\n<p><strong>Reporter:<\/strong> Edgar, cine erau oamenii care v-au spus c\u0103 exist\u0103 extratere\u015ftri \u015fi de unde \u015ftiu ei asta?<\/p>\n<p><strong>Dr.Mitchell:<\/strong> N-am s\u0103 dau nume. Unii oameni erau localnici, implica\u0163i \u00een pr\u0103bu\u015firea de la Roswell&#8230;fermieri din zon\u0103.<\/p>\n<p><strong>Reporter:<\/strong> Deci, oameni care au v\u0103zut ceva.<\/p>\n<p><strong>Dr.Mitchell:<\/strong> Oameni care au v\u0103zut ceva. Rapoarte secrete ale armatei \u015fi serviciilor secrete (&#8230;)<\/p>\n<p><strong>Reporter:<\/strong> Dr.Mitchell, acest lucru \u00eel discutam \u015fi noi azi mai devreme. Ce fel de documente secrete trebuie s\u0103 semna\u0163i pentru a vi se oferi asemenea informa\u0163ii privilegiate?<\/p>\n<p><strong>Dr.Mitchell:<\/strong> Nu e vorba de documente, ci de amenin\u0163\u0103ri, amenin\u0163\u0103ri reale. \u015ei nu se poate vorbi despre asta.<\/p>\n<p><strong>Reporter:<\/strong> Guvernul v-a amenin\u0163at?<\/p>\n<p><strong>Dr.Mitchell:<\/strong> Da&#8230;<\/p>\n<p><strong>Reporter:<\/strong> A\u0163i spus c\u0103 aceste creaturi sunt mici, au ochi mari \u015fi urechi mari?<\/p>\n<p><strong>Dr.Mitchell:<\/strong> Nu \u015ftiu, c\u0103 nu i-am v\u0103zut.<\/p>\n<p><strong>Reporter:<\/strong> Dar asta v-au spus sursele dvs?<\/p>\n<p><strong>Dr.Mitchell:<\/strong> Acestea sunt cuno\u015ftin\u0163ele.<\/p>\n<p><strong>Reporter:<\/strong> Dar cine v-au spus toate acestea? A\u0163i vorbit cu oamenii ace\u015ftia pentru ca pove\u015ftile lor s\u0103 ias\u0103 la iveal\u0103, chiar dac\u0103 ei nu vor asta?<\/p>\n<p><strong>Dr.Mitchell:<\/strong> S-a confirmat c\u0103 incidentul Roswell a avut loc \u015fi c\u0103 guvernul \u015ftia c\u0103 era vorba de o nav\u0103 spa\u0163ial\u0103 extraterestr\u0103.<\/p>\n<p><strong>Reporter:<\/strong> Acum 10 ani a\u0163i avut o conferin\u0163\u0103 de pres\u0103 \u00een care a\u0163i vorbit despre toate acestea.<\/p>\n<p><strong>Dr.Mitchell:<\/strong> Da.<strong> <\/strong>Am fost la Pentagon \u015fi am vorbit cu un ofi\u0163er de informa\u0163ii care mi-a spus:<em> &#8222;Nu \u015ftiu nimic acum, dar voi afla&#8221;<\/em>. Apoi, m-a sunat el \u015fi mi-a spus: <em>&#8222;Ai dreptate, dar nu pot s\u0103-\u0163i ofer dovezi.&#8221;<\/em><\/p>\n<p><strong>Reporter:<\/strong> Cum \u00eel cheam\u0103 pe tipul \u0103la?<\/p>\n<p><strong>Dr.Mitchell:<\/strong> Nu v\u0103 pot spune asta.<\/p>\n<p><strong>Reporter:<\/strong> Edgar, mul\u0163i oameni ne ascult\u0103 \u015fi se g\u00e2ndesc:<em> &#8222;Ei bine&#8230;&#8221;<\/em><\/p>\n<p><strong>Dr.Mitchell:<\/strong> Ce s\u0103 cread\u0103? Dac\u0103 vor povestea, o voi spune&#8230;<\/p>\n<p><strong>Reporter:<\/strong> Nu, noi \u00een\u0163elegem, dar unii oameni o s\u0103 zic\u0103&#8230;Dr.Mitchell, crede\u0163i c\u0103 unii oameni o s\u0103 vin\u0103 \u00een fa\u0163\u0103 \u015fi-o s\u0103 spun\u0103:<em> &#8222;Iar\u0103\u015fi discut\u0103m despre subiectul \u0103sta?&#8221;<\/em><\/p>\n<p><strong>Dr.Mitchell:<\/strong> Eu cred c\u0103 e vorba de investigatori buni \u015fi serio\u015fi care lucreaz\u0103 \u00een acest domeniu de peste 50 de ani.<\/p>\n<p><strong>Reporter:<\/strong> V\u0103 da\u0163i seama c\u0103 asta ar fi povestea secolului dac\u0103 ar fi adev\u0103rat\u0103?<\/p>\n<p><strong>Dr.Mitchell:<\/strong> Ei bine, noi nu suntem singuri \u00een Univers \u015fi asta e o poveste foarte important\u0103.<\/p>\n<p><strong>Reporter:<\/strong> E ceva mai bine dec\u00e2t povestea cu apa pe Marte.<\/p>\n<p><strong>Dr.Mitchell:<\/strong> Desigur.<\/p>\n<p><strong>Reporter:<\/strong> Da, desigur, ap\u0103 pe Marte. Aceste creaturi mici sunt mai frumoase \u015fi mai de\u015ftepte ca noi. E o \u015ftire important\u0103. Dr.Mitchell, v\u0103 mul\u0163umim c\u0103 a\u0163i stat cu noi la telefon, \u00eencerc\u00e2nd s\u0103 l\u0103muri\u0163i lucrurile.<\/p>\n<p><strong>Dr.Mitchell:<\/strong> \u00cenc\u0103 ceva. Lucrul acesta n-are nimic de-a face cu NASA.<\/p>\n<p><strong>Reporter:<\/strong> Bine, mul\u0163umim domnule.<\/p>\n<p><object classid=\"clsid:d27cdb6e-ae6d-11cf-96b8-444553540000\" width=\"420\" height=\"315\" codebase=\"http:\/\/download.macromedia.com\/pub\/shockwave\/cabs\/flash\/swflash.cab#version=6,0,40,0\"><param name=\"allowFullScreen\" value=\"true\" \/><param name=\"allowscriptaccess\" value=\"always\" \/><param name=\"src\" value=\"http:\/\/www.youtube.com\/v\/EeDS6mjfGwY?version=3&amp;hl=ro_RO\" \/><param name=\"allowfullscreen\" value=\"true\" \/><embed type=\"application\/x-shockwave-flash\" width=\"420\" height=\"315\" src=\"http:\/\/www.youtube.com\/v\/EeDS6mjfGwY?version=3&amp;hl=ro_RO\" allowscriptaccess=\"always\" allowfullscreen=\"true\"><\/embed><\/object><\/p>\n","protected":false},"excerpt":{"rendered":"<p>\u00centr-un interviu recent acordat unui post american de televiziune, celebrul astronaut Edgar Mitchell, cel care ar fi fost pe Lun\u0103, dezv\u0103luie faptul c\u0103, dup\u0103 p\u0103rerea sa, extratere\u015ftrii exist\u0103. Iar aceast\u0103 afirma\u0163ie ar avea ca punct de plecare incidentul de la &#8230; <\/p>\n<p class=\"read-more-container\"><a title=\"Edgar Mitchell, astronautul care a fost pe Lun\u0103, crede c\u0103 extratere\u015ftrii exist\u0103 \u015fi c\u0103 guvernul ne ascunde acest lucru\" class=\"read-more button\" href=\"https:\/\/www.lovendal.ro\/wp52\/edgar-mitchell-astronautul-care-a-fost-pe-luna-crede-ca-extraterestrii-exista-si-ca-guvernul-ne-ascunde-acest-lucru\/#more-23793\" aria-label=\"Cite\u0219te mai multe despre Edgar Mitchell, astronautul care a fost pe Lun\u0103, crede c\u0103 extratere\u015ftrii exist\u0103 \u015fi c\u0103 guvernul ne ascunde acest lucru\">Cititi mai multe<\/a><\/p>\n","protected":false},"author":1,"featured_media":23796,"comment_status":"open","ping_status":"closed","sticky":false,"template":"","format":"standard","meta":{"footnotes":""},"categories":[14],"tags":[601,2990,2075,3449,51,149,156,150,1324,50,9796,72,682,4223],"class_list":["post-23793","post","type-post","status-publish","format-standard","has-post-thumbnail","hentry","category-paranormal-spiritualitate","tag-apa","tag-apollo","tag-aselenizare","tag-edgar-mitchell","tag-extraterestri","tag-luna","tag-marte","tag-nasa","tag-nava-spatiala","tag-ozn","tag-paranormal-spiritualitate","tag-pentagon","tag-roswell","tag-youtube","resize-featured-image"],"yoast_head":"<!-- This site is optimized with the Yoast SEO Premium plugin v23.3 (Yoast SEO v27.4) - https:\/\/yoast.com\/product\/yoast-seo-premium-wordpress\/ -->\n<title>Edgar Mitchell, astronautul care a fost pe Lun\u0103, crede c\u0103 extratere\u015ftrii exist\u0103 \u015fi c\u0103 guvernul ne ascunde acest lucru - Secretele lui Lovendal<\/title>\n<meta name=\"robots\" content=\"index, follow, max-snippet:-1, max-image-preview:large, max-video-preview:-1\" \/>\n<link rel=\"canonical\" href=\"https:\/\/www.lovendal.ro\/wp52\/edgar-mitchell-astronautul-care-a-fost-pe-luna-crede-ca-extraterestrii-exista-si-ca-guvernul-ne-ascunde-acest-lucru\/\" \/>\n<meta property=\"og:locale\" content=\"ro_RO\" \/>\n<meta property=\"og:type\" content=\"article\" \/>\n<meta property=\"og:title\" content=\"Edgar Mitchell, astronautul care a fost pe Lun\u0103, crede c\u0103 extratere\u015ftrii exist\u0103 \u015fi c\u0103 guvernul ne ascunde acest lucru\" \/>\n<meta property=\"og:description\" content=\"\u00centr-un interviu recent acordat unui post american de televiziune, celebrul astronaut Edgar Mitchell, cel care ar fi fost pe Lun\u0103, dezv\u0103luie faptul c\u0103, dup\u0103 p\u0103rerea sa, extratere\u015ftrii exist\u0103. Iar aceast\u0103 afirma\u0163ie ar avea ca punct de plecare incidentul de la ... Cititi mai multe\" \/>\n<meta property=\"og:url\" content=\"https:\/\/www.lovendal.ro\/wp52\/edgar-mitchell-astronautul-care-a-fost-pe-luna-crede-ca-extraterestrii-exista-si-ca-guvernul-ne-ascunde-acest-lucru\/\" \/>\n<meta property=\"og:site_name\" content=\"Secretele lui Lovendal\" \/>\n<meta property=\"article:publisher\" content=\"https:\/\/www.facebook.com\/secreteleluilovendal\" \/>\n<meta property=\"article:published_time\" content=\"2012-06-07T19:33:39+00:00\" \/>\n<meta property=\"article:modified_time\" content=\"2012-06-07T19:34:23+00:00\" \/>\n<meta property=\"og:image\" content=\"https:\/\/www.lovendal.ro\/wp52\/wp-content\/uploads\/2012\/06\/extraterestri208.jpg\" \/>\n\t<meta property=\"og:image:width\" content=\"304\" \/>\n\t<meta property=\"og:image:height\" content=\"228\" \/>\n\t<meta property=\"og:image:type\" content=\"image\/jpeg\" \/>\n<meta name=\"author\" content=\"admin\" \/>\n<meta name=\"twitter:card\" content=\"summary_large_image\" \/>\n<meta name=\"twitter:label1\" content=\"Scris de\" \/>\n\t<meta name=\"twitter:data1\" content=\"admin\" \/>\n\t<meta name=\"twitter:label2\" content=\"Timp estimat pentru citire\" \/>\n\t<meta name=\"twitter:data2\" content=\"4 minute\" \/>\n<script type=\"application\/ld+json\" class=\"yoast-schema-graph\">{\"@context\":\"https:\\\/\\\/schema.org\",\"@graph\":[{\"@type\":\"Article\",\"@id\":\"https:\\\/\\\/www.lovendal.ro\\\/wp52\\\/edgar-mitchell-astronautul-care-a-fost-pe-luna-crede-ca-extraterestrii-exista-si-ca-guvernul-ne-ascunde-acest-lucru\\\/#article\",\"isPartOf\":{\"@id\":\"https:\\\/\\\/www.lovendal.ro\\\/wp52\\\/edgar-mitchell-astronautul-care-a-fost-pe-luna-crede-ca-extraterestrii-exista-si-ca-guvernul-ne-ascunde-acest-lucru\\\/\"},\"author\":{\"name\":\"admin\",\"@id\":\"https:\\\/\\\/www.lovendal.ro\\\/wp52\\\/#\\\/schema\\\/person\\\/088691de5dfc346bb0c023e1e52ef5d9\"},\"headline\":\"Edgar Mitchell, astronautul care a fost pe Lun\u0103, crede c\u0103 extratere\u015ftrii exist\u0103 \u015fi c\u0103 guvernul ne ascunde acest lucru\",\"datePublished\":\"2012-06-07T19:33:39+00:00\",\"dateModified\":\"2012-06-07T19:34:23+00:00\",\"mainEntityOfPage\":{\"@id\":\"https:\\\/\\\/www.lovendal.ro\\\/wp52\\\/edgar-mitchell-astronautul-care-a-fost-pe-luna-crede-ca-extraterestrii-exista-si-ca-guvernul-ne-ascunde-acest-lucru\\\/\"},\"wordCount\":801,\"commentCount\":14,\"publisher\":{\"@id\":\"https:\\\/\\\/www.lovendal.ro\\\/wp52\\\/#organization\"},\"image\":{\"@id\":\"https:\\\/\\\/www.lovendal.ro\\\/wp52\\\/edgar-mitchell-astronautul-care-a-fost-pe-luna-crede-ca-extraterestrii-exista-si-ca-guvernul-ne-ascunde-acest-lucru\\\/#primaryimage\"},\"thumbnailUrl\":\"https:\\\/\\\/www.lovendal.ro\\\/wp52\\\/wp-content\\\/uploads\\\/2012\\\/06\\\/extraterestri208.jpg\",\"keywords\":[\"ap\u0103\",\"Apollo\",\"aselenizare\",\"Edgar Mitchell\",\"extratere\u015ftri\",\"Lun\u0103\",\"Marte\",\"NASA\",\"nav\u0103 spa\u0163ial\u0103\",\"OZN\",\"Paranormal-Spiritualitate\",\"Pentagon\",\"Roswell\",\"YouTube\"],\"articleSection\":[\"Paranormal-Spiritualitate\"],\"inLanguage\":\"ro-RO\",\"potentialAction\":[{\"@type\":\"CommentAction\",\"name\":\"Comment\",\"target\":[\"https:\\\/\\\/www.lovendal.ro\\\/wp52\\\/edgar-mitchell-astronautul-care-a-fost-pe-luna-crede-ca-extraterestrii-exista-si-ca-guvernul-ne-ascunde-acest-lucru\\\/#respond\"]}]},{\"@type\":\"WebPage\",\"@id\":\"https:\\\/\\\/www.lovendal.ro\\\/wp52\\\/edgar-mitchell-astronautul-care-a-fost-pe-luna-crede-ca-extraterestrii-exista-si-ca-guvernul-ne-ascunde-acest-lucru\\\/\",\"url\":\"https:\\\/\\\/www.lovendal.ro\\\/wp52\\\/edgar-mitchell-astronautul-care-a-fost-pe-luna-crede-ca-extraterestrii-exista-si-ca-guvernul-ne-ascunde-acest-lucru\\\/\",\"name\":\"Edgar Mitchell, astronautul care a fost pe Lun\u0103, crede c\u0103 extratere\u015ftrii exist\u0103 \u015fi c\u0103 guvernul ne ascunde acest lucru - Secretele lui Lovendal\",\"isPartOf\":{\"@id\":\"https:\\\/\\\/www.lovendal.ro\\\/wp52\\\/#website\"},\"primaryImageOfPage\":{\"@id\":\"https:\\\/\\\/www.lovendal.ro\\\/wp52\\\/edgar-mitchell-astronautul-care-a-fost-pe-luna-crede-ca-extraterestrii-exista-si-ca-guvernul-ne-ascunde-acest-lucru\\\/#primaryimage\"},\"image\":{\"@id\":\"https:\\\/\\\/www.lovendal.ro\\\/wp52\\\/edgar-mitchell-astronautul-care-a-fost-pe-luna-crede-ca-extraterestrii-exista-si-ca-guvernul-ne-ascunde-acest-lucru\\\/#primaryimage\"},\"thumbnailUrl\":\"https:\\\/\\\/www.lovendal.ro\\\/wp52\\\/wp-content\\\/uploads\\\/2012\\\/06\\\/extraterestri208.jpg\",\"datePublished\":\"2012-06-07T19:33:39+00:00\",\"dateModified\":\"2012-06-07T19:34:23+00:00\",\"breadcrumb\":{\"@id\":\"https:\\\/\\\/www.lovendal.ro\\\/wp52\\\/edgar-mitchell-astronautul-care-a-fost-pe-luna-crede-ca-extraterestrii-exista-si-ca-guvernul-ne-ascunde-acest-lucru\\\/#breadcrumb\"},\"inLanguage\":\"ro-RO\",\"potentialAction\":[{\"@type\":\"ReadAction\",\"target\":[\"https:\\\/\\\/www.lovendal.ro\\\/wp52\\\/edgar-mitchell-astronautul-care-a-fost-pe-luna-crede-ca-extraterestrii-exista-si-ca-guvernul-ne-ascunde-acest-lucru\\\/\"]}]},{\"@type\":\"ImageObject\",\"inLanguage\":\"ro-RO\",\"@id\":\"https:\\\/\\\/www.lovendal.ro\\\/wp52\\\/edgar-mitchell-astronautul-care-a-fost-pe-luna-crede-ca-extraterestrii-exista-si-ca-guvernul-ne-ascunde-acest-lucru\\\/#primaryimage\",\"url\":\"https:\\\/\\\/www.lovendal.ro\\\/wp52\\\/wp-content\\\/uploads\\\/2012\\\/06\\\/extraterestri208.jpg\",\"contentUrl\":\"https:\\\/\\\/www.lovendal.ro\\\/wp52\\\/wp-content\\\/uploads\\\/2012\\\/06\\\/extraterestri208.jpg\",\"width\":\"304\",\"height\":\"228\"},{\"@type\":\"BreadcrumbList\",\"@id\":\"https:\\\/\\\/www.lovendal.ro\\\/wp52\\\/edgar-mitchell-astronautul-care-a-fost-pe-luna-crede-ca-extraterestrii-exista-si-ca-guvernul-ne-ascunde-acest-lucru\\\/#breadcrumb\",\"itemListElement\":[{\"@type\":\"ListItem\",\"position\":1,\"name\":\"Home\",\"item\":\"https:\\\/\\\/www.lovendal.ro\\\/wp52\\\/\"},{\"@type\":\"ListItem\",\"position\":2,\"name\":\"Edgar Mitchell, astronautul care a fost pe Lun\u0103, crede c\u0103 extratere\u015ftrii exist\u0103 \u015fi c\u0103 guvernul ne ascunde acest lucru\"}]},{\"@type\":\"WebSite\",\"@id\":\"https:\\\/\\\/www.lovendal.ro\\\/wp52\\\/#website\",\"url\":\"https:\\\/\\\/www.lovendal.ro\\\/wp52\\\/\",\"name\":\"Secretele lui Lovendal\",\"description\":\"Site de secrete, stiinta si metafizica - din 2008 -\",\"publisher\":{\"@id\":\"https:\\\/\\\/www.lovendal.ro\\\/wp52\\\/#organization\"},\"potentialAction\":[{\"@type\":\"SearchAction\",\"target\":{\"@type\":\"EntryPoint\",\"urlTemplate\":\"https:\\\/\\\/www.lovendal.ro\\\/wp52\\\/?s={search_term_string}\"},\"query-input\":{\"@type\":\"PropertyValueSpecification\",\"valueRequired\":true,\"valueName\":\"search_term_string\"}}],\"inLanguage\":\"ro-RO\"},{\"@type\":\"Organization\",\"@id\":\"https:\\\/\\\/www.lovendal.ro\\\/wp52\\\/#organization\",\"name\":\"Secretele lui Lovendal\",\"url\":\"https:\\\/\\\/www.lovendal.ro\\\/wp52\\\/\",\"logo\":{\"@type\":\"ImageObject\",\"inLanguage\":\"ro-RO\",\"@id\":\"https:\\\/\\\/www.lovendal.ro\\\/wp52\\\/#\\\/schema\\\/logo\\\/image\\\/\",\"url\":\"https:\\\/\\\/www.lovendal.ro\\\/wp52\\\/wp-content\\\/uploads\\\/2024\\\/06\\\/cropped-SLL-iun-2024-1.jpg\",\"contentUrl\":\"https:\\\/\\\/www.lovendal.ro\\\/wp52\\\/wp-content\\\/uploads\\\/2024\\\/06\\\/cropped-SLL-iun-2024-1.jpg\",\"width\":771,\"height\":240,\"caption\":\"Secretele lui Lovendal\"},\"image\":{\"@id\":\"https:\\\/\\\/www.lovendal.ro\\\/wp52\\\/#\\\/schema\\\/logo\\\/image\\\/\"},\"sameAs\":[\"https:\\\/\\\/www.facebook.com\\\/secreteleluilovendal\"]},{\"@type\":\"Person\",\"@id\":\"https:\\\/\\\/www.lovendal.ro\\\/wp52\\\/#\\\/schema\\\/person\\\/088691de5dfc346bb0c023e1e52ef5d9\",\"name\":\"admin\",\"image\":{\"@type\":\"ImageObject\",\"inLanguage\":\"ro-RO\",\"@id\":\"https:\\\/\\\/secure.gravatar.com\\\/avatar\\\/ecb9cd41f5f63c9c9b989999a59f6e2639a865ec361e9db054db0679a8f341c2?s=96&d=mm&r=g\",\"url\":\"https:\\\/\\\/secure.gravatar.com\\\/avatar\\\/ecb9cd41f5f63c9c9b989999a59f6e2639a865ec361e9db054db0679a8f341c2?s=96&d=mm&r=g\",\"contentUrl\":\"https:\\\/\\\/secure.gravatar.com\\\/avatar\\\/ecb9cd41f5f63c9c9b989999a59f6e2639a865ec361e9db054db0679a8f341c2?s=96&d=mm&r=g\",\"caption\":\"admin\"},\"sameAs\":[\"https:\\\/\\\/www.lovendal.ro\\\/wp52\"]}]}<\/script>\n<!-- \/ Yoast SEO Premium plugin. -->","yoast_head_json":{"title":"Edgar Mitchell, astronautul care a fost pe Lun\u0103, crede c\u0103 extratere\u015ftrii exist\u0103 \u015fi c\u0103 guvernul ne ascunde acest lucru - Secretele lui Lovendal","robots":{"index":"index","follow":"follow","max-snippet":"max-snippet:-1","max-image-preview":"max-image-preview:large","max-video-preview":"max-video-preview:-1"},"canonical":"https:\/\/www.lovendal.ro\/wp52\/edgar-mitchell-astronautul-care-a-fost-pe-luna-crede-ca-extraterestrii-exista-si-ca-guvernul-ne-ascunde-acest-lucru\/","og_locale":"ro_RO","og_type":"article","og_title":"Edgar Mitchell, astronautul care a fost pe Lun\u0103, crede c\u0103 extratere\u015ftrii exist\u0103 \u015fi c\u0103 guvernul ne ascunde acest lucru","og_description":"\u00centr-un interviu recent acordat unui post american de televiziune, celebrul astronaut Edgar Mitchell, cel care ar fi fost pe Lun\u0103, dezv\u0103luie faptul c\u0103, dup\u0103 p\u0103rerea sa, extratere\u015ftrii exist\u0103. Iar aceast\u0103 afirma\u0163ie ar avea ca punct de plecare incidentul de la ... Cititi mai multe","og_url":"https:\/\/www.lovendal.ro\/wp52\/edgar-mitchell-astronautul-care-a-fost-pe-luna-crede-ca-extraterestrii-exista-si-ca-guvernul-ne-ascunde-acest-lucru\/","og_site_name":"Secretele lui Lovendal","article_publisher":"https:\/\/www.facebook.com\/secreteleluilovendal","article_published_time":"2012-06-07T19:33:39+00:00","article_modified_time":"2012-06-07T19:34:23+00:00","og_image":[{"width":304,"height":228,"url":"https:\/\/www.lovendal.ro\/wp52\/wp-content\/uploads\/2012\/06\/extraterestri208.jpg","type":"image\/jpeg"}],"author":"admin","twitter_card":"summary_large_image","twitter_misc":{"Scris de":"admin","Timp estimat pentru citire":"4 minute"},"schema":{"@context":"https:\/\/schema.org","@graph":[{"@type":"Article","@id":"https:\/\/www.lovendal.ro\/wp52\/edgar-mitchell-astronautul-care-a-fost-pe-luna-crede-ca-extraterestrii-exista-si-ca-guvernul-ne-ascunde-acest-lucru\/#article","isPartOf":{"@id":"https:\/\/www.lovendal.ro\/wp52\/edgar-mitchell-astronautul-care-a-fost-pe-luna-crede-ca-extraterestrii-exista-si-ca-guvernul-ne-ascunde-acest-lucru\/"},"author":{"name":"admin","@id":"https:\/\/www.lovendal.ro\/wp52\/#\/schema\/person\/088691de5dfc346bb0c023e1e52ef5d9"},"headline":"Edgar Mitchell, astronautul care a fost pe Lun\u0103, crede c\u0103 extratere\u015ftrii exist\u0103 \u015fi c\u0103 guvernul ne ascunde acest lucru","datePublished":"2012-06-07T19:33:39+00:00","dateModified":"2012-06-07T19:34:23+00:00","mainEntityOfPage":{"@id":"https:\/\/www.lovendal.ro\/wp52\/edgar-mitchell-astronautul-care-a-fost-pe-luna-crede-ca-extraterestrii-exista-si-ca-guvernul-ne-ascunde-acest-lucru\/"},"wordCount":801,"commentCount":14,"publisher":{"@id":"https:\/\/www.lovendal.ro\/wp52\/#organization"},"image":{"@id":"https:\/\/www.lovendal.ro\/wp52\/edgar-mitchell-astronautul-care-a-fost-pe-luna-crede-ca-extraterestrii-exista-si-ca-guvernul-ne-ascunde-acest-lucru\/#primaryimage"},"thumbnailUrl":"https:\/\/www.lovendal.ro\/wp52\/wp-content\/uploads\/2012\/06\/extraterestri208.jpg","keywords":["ap\u0103","Apollo","aselenizare","Edgar Mitchell","extratere\u015ftri","Lun\u0103","Marte","NASA","nav\u0103 spa\u0163ial\u0103","OZN","Paranormal-Spiritualitate","Pentagon","Roswell","YouTube"],"articleSection":["Paranormal-Spiritualitate"],"inLanguage":"ro-RO","potentialAction":[{"@type":"CommentAction","name":"Comment","target":["https:\/\/www.lovendal.ro\/wp52\/edgar-mitchell-astronautul-care-a-fost-pe-luna-crede-ca-extraterestrii-exista-si-ca-guvernul-ne-ascunde-acest-lucru\/#respond"]}]},{"@type":"WebPage","@id":"https:\/\/www.lovendal.ro\/wp52\/edgar-mitchell-astronautul-care-a-fost-pe-luna-crede-ca-extraterestrii-exista-si-ca-guvernul-ne-ascunde-acest-lucru\/","url":"https:\/\/www.lovendal.ro\/wp52\/edgar-mitchell-astronautul-care-a-fost-pe-luna-crede-ca-extraterestrii-exista-si-ca-guvernul-ne-ascunde-acest-lucru\/","name":"Edgar Mitchell, astronautul care a fost pe Lun\u0103, crede c\u0103 extratere\u015ftrii exist\u0103 \u015fi c\u0103 guvernul ne ascunde acest lucru - Secretele lui Lovendal","isPartOf":{"@id":"https:\/\/www.lovendal.ro\/wp52\/#website"},"primaryImageOfPage":{"@id":"https:\/\/www.lovendal.ro\/wp52\/edgar-mitchell-astronautul-care-a-fost-pe-luna-crede-ca-extraterestrii-exista-si-ca-guvernul-ne-ascunde-acest-lucru\/#primaryimage"},"image":{"@id":"https:\/\/www.lovendal.ro\/wp52\/edgar-mitchell-astronautul-care-a-fost-pe-luna-crede-ca-extraterestrii-exista-si-ca-guvernul-ne-ascunde-acest-lucru\/#primaryimage"},"thumbnailUrl":"https:\/\/www.lovendal.ro\/wp52\/wp-content\/uploads\/2012\/06\/extraterestri208.jpg","datePublished":"2012-06-07T19:33:39+00:00","dateModified":"2012-06-07T19:34:23+00:00","breadcrumb":{"@id":"https:\/\/www.lovendal.ro\/wp52\/edgar-mitchell-astronautul-care-a-fost-pe-luna-crede-ca-extraterestrii-exista-si-ca-guvernul-ne-ascunde-acest-lucru\/#breadcrumb"},"inLanguage":"ro-RO","potentialAction":[{"@type":"ReadAction","target":["https:\/\/www.lovendal.ro\/wp52\/edgar-mitchell-astronautul-care-a-fost-pe-luna-crede-ca-extraterestrii-exista-si-ca-guvernul-ne-ascunde-acest-lucru\/"]}]},{"@type":"ImageObject","inLanguage":"ro-RO","@id":"https:\/\/www.lovendal.ro\/wp52\/edgar-mitchell-astronautul-care-a-fost-pe-luna-crede-ca-extraterestrii-exista-si-ca-guvernul-ne-ascunde-acest-lucru\/#primaryimage","url":"https:\/\/www.lovendal.ro\/wp52\/wp-content\/uploads\/2012\/06\/extraterestri208.jpg","contentUrl":"https:\/\/www.lovendal.ro\/wp52\/wp-content\/uploads\/2012\/06\/extraterestri208.jpg","width":"304","height":"228"},{"@type":"BreadcrumbList","@id":"https:\/\/www.lovendal.ro\/wp52\/edgar-mitchell-astronautul-care-a-fost-pe-luna-crede-ca-extraterestrii-exista-si-ca-guvernul-ne-ascunde-acest-lucru\/#breadcrumb","itemListElement":[{"@type":"ListItem","position":1,"name":"Home","item":"https:\/\/www.lovendal.ro\/wp52\/"},{"@type":"ListItem","position":2,"name":"Edgar Mitchell, astronautul care a fost pe Lun\u0103, crede c\u0103 extratere\u015ftrii exist\u0103 \u015fi c\u0103 guvernul ne ascunde acest lucru"}]},{"@type":"WebSite","@id":"https:\/\/www.lovendal.ro\/wp52\/#website","url":"https:\/\/www.lovendal.ro\/wp52\/","name":"Secretele lui Lovendal","description":"Site de secrete, stiinta si metafizica - din 2008 -","publisher":{"@id":"https:\/\/www.lovendal.ro\/wp52\/#organization"},"potentialAction":[{"@type":"SearchAction","target":{"@type":"EntryPoint","urlTemplate":"https:\/\/www.lovendal.ro\/wp52\/?s={search_term_string}"},"query-input":{"@type":"PropertyValueSpecification","valueRequired":true,"valueName":"search_term_string"}}],"inLanguage":"ro-RO"},{"@type":"Organization","@id":"https:\/\/www.lovendal.ro\/wp52\/#organization","name":"Secretele lui Lovendal","url":"https:\/\/www.lovendal.ro\/wp52\/","logo":{"@type":"ImageObject","inLanguage":"ro-RO","@id":"https:\/\/www.lovendal.ro\/wp52\/#\/schema\/logo\/image\/","url":"https:\/\/www.lovendal.ro\/wp52\/wp-content\/uploads\/2024\/06\/cropped-SLL-iun-2024-1.jpg","contentUrl":"https:\/\/www.lovendal.ro\/wp52\/wp-content\/uploads\/2024\/06\/cropped-SLL-iun-2024-1.jpg","width":771,"height":240,"caption":"Secretele lui Lovendal"},"image":{"@id":"https:\/\/www.lovendal.ro\/wp52\/#\/schema\/logo\/image\/"},"sameAs":["https:\/\/www.facebook.com\/secreteleluilovendal"]},{"@type":"Person","@id":"https:\/\/www.lovendal.ro\/wp52\/#\/schema\/person\/088691de5dfc346bb0c023e1e52ef5d9","name":"admin","image":{"@type":"ImageObject","inLanguage":"ro-RO","@id":"https:\/\/secure.gravatar.com\/avatar\/ecb9cd41f5f63c9c9b989999a59f6e2639a865ec361e9db054db0679a8f341c2?s=96&d=mm&r=g","url":"https:\/\/secure.gravatar.com\/avatar\/ecb9cd41f5f63c9c9b989999a59f6e2639a865ec361e9db054db0679a8f341c2?s=96&d=mm&r=g","contentUrl":"https:\/\/secure.gravatar.com\/avatar\/ecb9cd41f5f63c9c9b989999a59f6e2639a865ec361e9db054db0679a8f341c2?s=96&d=mm&r=g","caption":"admin"},"sameAs":["https:\/\/www.lovendal.ro\/wp52"]}]}},"_links":{"self":[{"href":"https:\/\/www.lovendal.ro\/wp52\/wp-json\/wp\/v2\/posts\/23793","targetHints":{"allow":["GET"]}}],"collection":[{"href":"https:\/\/www.lovendal.ro\/wp52\/wp-json\/wp\/v2\/posts"}],"about":[{"href":"https:\/\/www.lovendal.ro\/wp52\/wp-json\/wp\/v2\/types\/post"}],"author":[{"embeddable":true,"href":"https:\/\/www.lovendal.ro\/wp52\/wp-json\/wp\/v2\/users\/1"}],"replies":[{"embeddable":true,"href":"https:\/\/www.lovendal.ro\/wp52\/wp-json\/wp\/v2\/comments?post=23793"}],"version-history":[{"count":0,"href":"https:\/\/www.lovendal.ro\/wp52\/wp-json\/wp\/v2\/posts\/23793\/revisions"}],"wp:featuredmedia":[{"embeddable":true,"href":"https:\/\/www.lovendal.ro\/wp52\/wp-json\/wp\/v2\/media\/23796"}],"wp:attachment":[{"href":"https:\/\/www.lovendal.ro\/wp52\/wp-json\/wp\/v2\/media?parent=23793"}],"wp:term":[{"taxonomy":"category","embeddable":true,"href":"https:\/\/www.lovendal.ro\/wp52\/wp-json\/wp\/v2\/categories?post=23793"},{"taxonomy":"post_tag","embeddable":true,"href":"https:\/\/www.lovendal.ro\/wp52\/wp-json\/wp\/v2\/tags?post=23793"}],"curies":[{"name":"wp","href":"https:\/\/api.w.org\/{rel}","templated":true}]}}