{"id":23721,"date":"2012-05-31T21:54:17","date_gmt":"2012-05-31T19:54:17","guid":{"rendered":"http:\/\/www.lovendal.net\/wp52\/?p=23721"},"modified":"2012-05-31T21:54:17","modified_gmt":"2012-05-31T19:54:17","slug":"legatura-secreta-dintre-hitler-si-biserica-catolica-nazistii-erau-mari-admiratori-ai-iezuitilor","status":"publish","type":"post","link":"https:\/\/www.lovendal.ro\/wp52\/legatura-secreta-dintre-hitler-si-biserica-catolica-nazistii-erau-mari-admiratori-ai-iezuitilor\/","title":{"rendered":"Leg\u0103tura secret\u0103 dintre Hitler \u015fi Biserica Catolic\u0103: nazi\u015ftii erau mari admiratori ai iezui\u0163ilor"},"content":{"rendered":"<p><a href=\"https:\/\/www.lovendal.ro\/wp52\/wp-content\/uploads\/2012\/05\/Hitler-papa.jpg\"><img loading=\"lazy\" decoding=\"async\" class=\"alignleft size-full wp-image-23722\" title=\"Hitler papa\" src=\"https:\/\/www.lovendal.ro\/wp52\/wp-content\/uploads\/2012\/05\/Hitler-papa.jpg\" alt=\"\" width=\"300\" height=\"236\" \/><\/a>Se pare c\u0103 a existat o leg\u0103tur\u0103 trainic\u0103 \u00eentre Hitler \u015fi Biserica Catolic\u0103 (mai precis, cu o parte a ei, Ordinul Iezui\u0163ilor). \u00cen copil\u0103rie, Adolf Hitler a fost educat la o m\u0103n\u0103stire benedictin\u0103, unde a v\u0103zut celebra zvastic\u0103 pentru prima dat\u0103. A c\u00e2ntat \u00een cor \u015fi povestea c\u0103 a visat ca \u00eentr-o zi s\u0103 conduc\u0103 sfintele ordine.<\/p>\n<p><em>\u201eSunt, am fost \u015fi voi fi catolic&#8221; &#8211;<\/em> iat\u0103 cuvintele pe care i le-ar fi spus unuia dintre generalii lui&#8230;.iar Biserica Catolic\u0103 nu l-a excomunicat niciodat\u0103 pe dictatorul german. Cert este c\u0103 Biserica Catolic\u0103 a \u00eenchis ochii la oprimarea nazist\u0103. \u00cen\u0163elegerea dintre catolici \u015fi nazi\u015fti implica \u015fi mai multe privilegii pentru preo\u0163i \u015fi chiar permisiunea de a se implica \u00een sistemul public de educa\u0163ie, beneficiind de un ajutor substan\u0163ial de 400 de milioane de dolari. Mi\u015fcarea a dus \u015fi la eliminarea ac\u0163iunilor judiciare \u00eempotriva catolicilor, c\u0103ci \u00een 1940 Hitler \u015ftersese sau anulase 7.000 de cauze legale \u00eempotriva preo\u0163ilor catolici. Una peste alta, Biserica Catolic\u0103 a ie\u015fit bine din acest proces.<\/p>\n<p>Iat\u0103 ce prevedea un acord cu Biserica Catolic\u0103 dat\u00e2nd din 1933: <em>Reichul German garanteaz\u0103 libertatea profesiei \u015fi a exercit\u0103rii publice a religiei catolice. Religia catolic\u0103 va fi materie de studiu permanent \u00een ciclul primar, \u00een \u015fcolile voca\u0163ionale, \u00een ciclul secundar, precum \u015fi \u00een ciclul superior \u015fi va fi predat\u0103 \u00een conformitate cu principiile Bisericii Catolice.<\/em><\/p>\n<p>Pentru catolici, era perfect, a\u015fa c\u0103 de ce s\u0103 le fac\u0103 zile fripte nazi\u015ftilor? Prestigiul acestora a crescut \u015fi se pare c\u0103 au beneficiat chiar de sprijin romano-catolic. Dar nazi\u015ftii aveau nevoie \u015fi s\u0103 se asigure c\u00e2 viitorii lor alia\u0163i, precum Italia, nu se vor sup\u0103ra. Potrivit multor autori, chiar \u015fi dup\u0103 sf\u00e2r\u015fitul r\u0103zboiului nazi\u015ftii au fost ajuta\u0163i s\u0103 scape de c\u0103tre fra\u0163ii lor din Biserica Catolic\u0103 &#8211; s\u0103 scape prin m\u0103n\u0103stiri \u015fi s\u0103 se refugieze \u00een \u0163\u0103ri profund catolice din America de Sud -, mai ales gra\u0163ie sprijinului primit de la anumi\u0163i iezui\u0163i.<\/p>\n<p>Frans von Papen a fost cancelarul Germaniei \u00eentre iunie 1932 \u015fi 1933 \u015fi apoi prim-vicecancelar al celui de-al Treilea Reich c\u00e2nd a venit la putere Adolf Hitler. A fost numit mentorul acestuia, a\u015fa c\u0103, teoretic, ar fi trebuit s\u0103 \u015ftie ce credea Hitler. \u00cen cartea lui, intitulat\u0103 &#8222;Dialogurile mele cu Hitler&#8221;, Papen ne poart\u0103 \u00een g\u00e2ndurile acestuia: <em>\u201eHitler a pus \u00een practic\u0103 \u00eenaltele idealuri ale papalit\u0103\u0163ii.&#8221;<\/em> Nu se poate spune exact la ce anume se refer\u0103 Papen, dar este evident c\u0103 Adolf Hitler lucra direct pentru pap\u0103. Se pare c\u0103 Franz von Papen a fost o personalitate foarte influent\u0103 \u00een politica Germaniei naziste \u015fi a fost \u015fi iezuit.<\/p>\n<p>Papen a sus\u0163inut mai multe elemente, sprijinind astfel integrarea \u201eidealurilor&#8221; catolice \u015fi inclusiv amestecul dintre tineretul catolic \u015fi tinerii adep\u0163i ai lui Hitler, ceea ce a dus la semnarea Acordului dintre Vatican \u015fi M\u00fcnchen. \u00cent\u00e2mplarea a f\u0103cut ca, la momentul respectiv, cardinalul secretar de stat care a semnat documentul ca reprezentant al Vaticanului s\u0103 fie arhiepiscopul Eugenio Pacelli, care mai t\u00e2rziu avea s\u0103 devin\u0103 papa Pius al XII-lea. Dup\u0103 ce s-a instalat ca pap\u0103 \u00een 1939, chiar c\u00e2nd trupele Iui Hitler invadau Polonia, papa Pius \u00eei scria lui Hitler:<\/p>\n<p><em>&#8222;Ilustrului Herr Adolf Hitler, Fiihrer \u015fi cancelar al Reichului german! La \u00eenceputul pontificatului nostru, dorim s\u0103 v\u0103 asigur\u0103m c\u0103 vom r\u0103m\u00e2ne devota\u0163i bun\u0103st\u0103rii spirituale a poporului german, \u00eencredin\u0163at\u0103 \u00een m\u00e2inile voastre, care sunte\u0163i Conduc\u0103torul nostru. Pe parcursul mai multor ani pe care i-am petrecut \u00een Germania, am f\u0103cut tot ce ne-a stat \u00een putin\u0163\u0103 pentru a stabilii rela\u0163ii armonioase \u00eentre Biseric\u0103 \u015fi stat. Acum, c\u00e2nd atribu\u0163iunile noastre sunt mai mari, gra\u0163ie rangului nostru bisericesc, c\u00e2t de arz\u0103tor s\u0103 ne rug\u0103m ca s\u0103 atingem \u0163elul acela? Fie ca prosperitatea poporului german \u015fi progresul lui \u00een toate domeniile s\u0103 dea roade, cu ajutorul lui Dumnezeu!&#8221;<\/em><\/p>\n<p>Iat\u0103 ce credea Hitler \u00eensu\u015fi despre ordinul iezui\u0163ilor: <em>&#8222;Am \u00eenv\u0103\u0163at multe de la Ordinul Iezui\u0163ilor. P\u00e2n\u0103 acum, nici c-a existat vreodat\u0103 ceva mai grandios pe p\u0103m\u00e2nt dec\u00e2t organizarea ierarhic\u0103 a Bisericii Catolice. Am transpus multe elemente din ea \u00een propriul meu partid.&#8221;<\/em><\/p>\n<p>Organiza\u0163ia SS a fost constituit\u0103 de Himmler potrivit principiilor Ordinului Iezuit. Regulile acestuia \u015fi Exerci\u0163iile spirituale recomandate de Igna\u0163iu de Loyola au fost modelul pe care Himmler a \u00eencercat s\u0103-l urmeze cu exactitate. Titlul acestuia, conduc\u0103tor suprem al SS, era echivalentul titlului de \u201egeneral&#8221; la iezui\u0163i \u015fi \u00eentreaga structur\u0103 era o imita\u0163ie fidel\u0103 a ordinii ierarhice din s\u00e2nul Bisericii Catolice.<\/p>\n","protected":false},"excerpt":{"rendered":"<p>Se pare c\u0103 a existat o leg\u0103tur\u0103 trainic\u0103 \u00eentre Hitler \u015fi Biserica Catolic\u0103 (mai precis, cu o parte a ei, Ordinul Iezui\u0163ilor). \u00cen copil\u0103rie, Adolf Hitler a fost educat la o m\u0103n\u0103stire benedictin\u0103, unde a v\u0103zut celebra zvastic\u0103 pentru prima &#8230; <\/p>\n<p class=\"read-more-container\"><a title=\"Leg\u0103tura secret\u0103 dintre Hitler \u015fi Biserica Catolic\u0103: nazi\u015ftii erau mari admiratori ai iezui\u0163ilor\" class=\"read-more button\" href=\"https:\/\/www.lovendal.ro\/wp52\/legatura-secreta-dintre-hitler-si-biserica-catolica-nazistii-erau-mari-admiratori-ai-iezuitilor\/#more-23721\" aria-label=\"Cite\u0219te mai multe despre Leg\u0103tura secret\u0103 dintre Hitler \u015fi Biserica Catolic\u0103: nazi\u015ftii erau mari admiratori ai iezui\u0163ilor\">Cititi mai multe<\/a><\/p>\n","protected":false},"author":1,"featured_media":23722,"comment_status":"open","ping_status":"closed","sticky":false,"template":"","format":"standard","meta":{"footnotes":""},"categories":[14],"tags":[1415,3399,1050,203,85,2094,461,9796,583,1821],"class_list":["post-23721","post","type-post","status-publish","format-standard","has-post-thumbnail","hentry","category-paranormal-spiritualitate","tag-biserica-catolica","tag-cancelar","tag-cel-de-al-2-lea-razboi-mondial","tag-germania","tag-hitler","tag-iezuiti","tag-nazism","tag-paranormal-spiritualitate","tag-polonia","tag-reich","resize-featured-image"],"yoast_head":"<!-- This site is optimized with the Yoast SEO Premium plugin v23.3 (Yoast SEO v27.4) - https:\/\/yoast.com\/product\/yoast-seo-premium-wordpress\/ -->\n<title>Leg\u0103tura secret\u0103 dintre Hitler \u015fi Biserica Catolic\u0103: nazi\u015ftii erau mari admiratori ai iezui\u0163ilor - Secretele lui Lovendal<\/title>\n<meta name=\"robots\" content=\"index, follow, max-snippet:-1, max-image-preview:large, max-video-preview:-1\" \/>\n<link rel=\"canonical\" href=\"https:\/\/www.lovendal.ro\/wp52\/legatura-secreta-dintre-hitler-si-biserica-catolica-nazistii-erau-mari-admiratori-ai-iezuitilor\/\" \/>\n<meta property=\"og:locale\" content=\"ro_RO\" \/>\n<meta property=\"og:type\" content=\"article\" \/>\n<meta property=\"og:title\" content=\"Leg\u0103tura secret\u0103 dintre Hitler \u015fi Biserica Catolic\u0103: nazi\u015ftii erau mari admiratori ai iezui\u0163ilor\" \/>\n<meta property=\"og:description\" content=\"Se pare c\u0103 a existat o leg\u0103tur\u0103 trainic\u0103 \u00eentre Hitler \u015fi Biserica Catolic\u0103 (mai precis, cu o parte a ei, Ordinul Iezui\u0163ilor). \u00cen copil\u0103rie, Adolf Hitler a fost educat la o m\u0103n\u0103stire benedictin\u0103, unde a v\u0103zut celebra zvastic\u0103 pentru prima ... Cititi mai multe\" \/>\n<meta property=\"og:url\" content=\"https:\/\/www.lovendal.ro\/wp52\/legatura-secreta-dintre-hitler-si-biserica-catolica-nazistii-erau-mari-admiratori-ai-iezuitilor\/\" \/>\n<meta property=\"og:site_name\" content=\"Secretele lui Lovendal\" \/>\n<meta property=\"article:publisher\" content=\"https:\/\/www.facebook.com\/secreteleluilovendal\" \/>\n<meta property=\"article:published_time\" content=\"2012-05-31T19:54:17+00:00\" \/>\n<meta property=\"og:image\" content=\"https:\/\/www.lovendal.ro\/wp52\/wp-content\/uploads\/2012\/05\/Hitler-papa.jpg\" \/>\n\t<meta property=\"og:image:width\" content=\"300\" \/>\n\t<meta property=\"og:image:height\" content=\"236\" \/>\n\t<meta property=\"og:image:type\" content=\"image\/jpeg\" \/>\n<meta name=\"author\" content=\"admin\" \/>\n<meta name=\"twitter:card\" content=\"summary_large_image\" \/>\n<meta name=\"twitter:label1\" content=\"Scris de\" \/>\n\t<meta name=\"twitter:data1\" content=\"admin\" \/>\n\t<meta name=\"twitter:label2\" content=\"Timp estimat pentru citire\" \/>\n\t<meta name=\"twitter:data2\" content=\"4 minute\" \/>\n<script type=\"application\/ld+json\" class=\"yoast-schema-graph\">{\"@context\":\"https:\\\/\\\/schema.org\",\"@graph\":[{\"@type\":\"Article\",\"@id\":\"https:\\\/\\\/www.lovendal.ro\\\/wp52\\\/legatura-secreta-dintre-hitler-si-biserica-catolica-nazistii-erau-mari-admiratori-ai-iezuitilor\\\/#article\",\"isPartOf\":{\"@id\":\"https:\\\/\\\/www.lovendal.ro\\\/wp52\\\/legatura-secreta-dintre-hitler-si-biserica-catolica-nazistii-erau-mari-admiratori-ai-iezuitilor\\\/\"},\"author\":{\"name\":\"admin\",\"@id\":\"https:\\\/\\\/www.lovendal.ro\\\/wp52\\\/#\\\/schema\\\/person\\\/088691de5dfc346bb0c023e1e52ef5d9\"},\"headline\":\"Leg\u0103tura secret\u0103 dintre Hitler \u015fi Biserica Catolic\u0103: nazi\u015ftii erau mari admiratori ai iezui\u0163ilor\",\"datePublished\":\"2012-05-31T19:54:17+00:00\",\"mainEntityOfPage\":{\"@id\":\"https:\\\/\\\/www.lovendal.ro\\\/wp52\\\/legatura-secreta-dintre-hitler-si-biserica-catolica-nazistii-erau-mari-admiratori-ai-iezuitilor\\\/\"},\"wordCount\":810,\"commentCount\":6,\"publisher\":{\"@id\":\"https:\\\/\\\/www.lovendal.ro\\\/wp52\\\/#organization\"},\"image\":{\"@id\":\"https:\\\/\\\/www.lovendal.ro\\\/wp52\\\/legatura-secreta-dintre-hitler-si-biserica-catolica-nazistii-erau-mari-admiratori-ai-iezuitilor\\\/#primaryimage\"},\"thumbnailUrl\":\"https:\\\/\\\/www.lovendal.ro\\\/wp52\\\/wp-content\\\/uploads\\\/2012\\\/05\\\/Hitler-papa.jpg\",\"keywords\":[\"Biserica Catolic\u0103\",\"cancelar\",\"cel de-al 2-lea r\u0103zboi mondial\",\"Germania\",\"Hitler\",\"Iezui\u0163i\",\"nazism\",\"Paranormal-Spiritualitate\",\"Polonia\",\"Reich\"],\"articleSection\":[\"Paranormal-Spiritualitate\"],\"inLanguage\":\"ro-RO\",\"potentialAction\":[{\"@type\":\"CommentAction\",\"name\":\"Comment\",\"target\":[\"https:\\\/\\\/www.lovendal.ro\\\/wp52\\\/legatura-secreta-dintre-hitler-si-biserica-catolica-nazistii-erau-mari-admiratori-ai-iezuitilor\\\/#respond\"]}]},{\"@type\":\"WebPage\",\"@id\":\"https:\\\/\\\/www.lovendal.ro\\\/wp52\\\/legatura-secreta-dintre-hitler-si-biserica-catolica-nazistii-erau-mari-admiratori-ai-iezuitilor\\\/\",\"url\":\"https:\\\/\\\/www.lovendal.ro\\\/wp52\\\/legatura-secreta-dintre-hitler-si-biserica-catolica-nazistii-erau-mari-admiratori-ai-iezuitilor\\\/\",\"name\":\"Leg\u0103tura secret\u0103 dintre Hitler \u015fi Biserica Catolic\u0103: nazi\u015ftii erau mari admiratori ai iezui\u0163ilor - Secretele lui Lovendal\",\"isPartOf\":{\"@id\":\"https:\\\/\\\/www.lovendal.ro\\\/wp52\\\/#website\"},\"primaryImageOfPage\":{\"@id\":\"https:\\\/\\\/www.lovendal.ro\\\/wp52\\\/legatura-secreta-dintre-hitler-si-biserica-catolica-nazistii-erau-mari-admiratori-ai-iezuitilor\\\/#primaryimage\"},\"image\":{\"@id\":\"https:\\\/\\\/www.lovendal.ro\\\/wp52\\\/legatura-secreta-dintre-hitler-si-biserica-catolica-nazistii-erau-mari-admiratori-ai-iezuitilor\\\/#primaryimage\"},\"thumbnailUrl\":\"https:\\\/\\\/www.lovendal.ro\\\/wp52\\\/wp-content\\\/uploads\\\/2012\\\/05\\\/Hitler-papa.jpg\",\"datePublished\":\"2012-05-31T19:54:17+00:00\",\"breadcrumb\":{\"@id\":\"https:\\\/\\\/www.lovendal.ro\\\/wp52\\\/legatura-secreta-dintre-hitler-si-biserica-catolica-nazistii-erau-mari-admiratori-ai-iezuitilor\\\/#breadcrumb\"},\"inLanguage\":\"ro-RO\",\"potentialAction\":[{\"@type\":\"ReadAction\",\"target\":[\"https:\\\/\\\/www.lovendal.ro\\\/wp52\\\/legatura-secreta-dintre-hitler-si-biserica-catolica-nazistii-erau-mari-admiratori-ai-iezuitilor\\\/\"]}]},{\"@type\":\"ImageObject\",\"inLanguage\":\"ro-RO\",\"@id\":\"https:\\\/\\\/www.lovendal.ro\\\/wp52\\\/legatura-secreta-dintre-hitler-si-biserica-catolica-nazistii-erau-mari-admiratori-ai-iezuitilor\\\/#primaryimage\",\"url\":\"https:\\\/\\\/www.lovendal.ro\\\/wp52\\\/wp-content\\\/uploads\\\/2012\\\/05\\\/Hitler-papa.jpg\",\"contentUrl\":\"https:\\\/\\\/www.lovendal.ro\\\/wp52\\\/wp-content\\\/uploads\\\/2012\\\/05\\\/Hitler-papa.jpg\",\"width\":\"300\",\"height\":\"236\"},{\"@type\":\"BreadcrumbList\",\"@id\":\"https:\\\/\\\/www.lovendal.ro\\\/wp52\\\/legatura-secreta-dintre-hitler-si-biserica-catolica-nazistii-erau-mari-admiratori-ai-iezuitilor\\\/#breadcrumb\",\"itemListElement\":[{\"@type\":\"ListItem\",\"position\":1,\"name\":\"Home\",\"item\":\"https:\\\/\\\/www.lovendal.ro\\\/wp52\\\/\"},{\"@type\":\"ListItem\",\"position\":2,\"name\":\"Leg\u0103tura secret\u0103 dintre Hitler \u015fi Biserica Catolic\u0103: nazi\u015ftii erau mari admiratori ai iezui\u0163ilor\"}]},{\"@type\":\"WebSite\",\"@id\":\"https:\\\/\\\/www.lovendal.ro\\\/wp52\\\/#website\",\"url\":\"https:\\\/\\\/www.lovendal.ro\\\/wp52\\\/\",\"name\":\"Secretele lui Lovendal\",\"description\":\"Site de secrete, stiinta si metafizica - din 2008 -\",\"publisher\":{\"@id\":\"https:\\\/\\\/www.lovendal.ro\\\/wp52\\\/#organization\"},\"potentialAction\":[{\"@type\":\"SearchAction\",\"target\":{\"@type\":\"EntryPoint\",\"urlTemplate\":\"https:\\\/\\\/www.lovendal.ro\\\/wp52\\\/?s={search_term_string}\"},\"query-input\":{\"@type\":\"PropertyValueSpecification\",\"valueRequired\":true,\"valueName\":\"search_term_string\"}}],\"inLanguage\":\"ro-RO\"},{\"@type\":\"Organization\",\"@id\":\"https:\\\/\\\/www.lovendal.ro\\\/wp52\\\/#organization\",\"name\":\"Secretele lui Lovendal\",\"url\":\"https:\\\/\\\/www.lovendal.ro\\\/wp52\\\/\",\"logo\":{\"@type\":\"ImageObject\",\"inLanguage\":\"ro-RO\",\"@id\":\"https:\\\/\\\/www.lovendal.ro\\\/wp52\\\/#\\\/schema\\\/logo\\\/image\\\/\",\"url\":\"https:\\\/\\\/www.lovendal.ro\\\/wp52\\\/wp-content\\\/uploads\\\/2024\\\/06\\\/cropped-SLL-iun-2024-1.jpg\",\"contentUrl\":\"https:\\\/\\\/www.lovendal.ro\\\/wp52\\\/wp-content\\\/uploads\\\/2024\\\/06\\\/cropped-SLL-iun-2024-1.jpg\",\"width\":771,\"height\":240,\"caption\":\"Secretele lui Lovendal\"},\"image\":{\"@id\":\"https:\\\/\\\/www.lovendal.ro\\\/wp52\\\/#\\\/schema\\\/logo\\\/image\\\/\"},\"sameAs\":[\"https:\\\/\\\/www.facebook.com\\\/secreteleluilovendal\"]},{\"@type\":\"Person\",\"@id\":\"https:\\\/\\\/www.lovendal.ro\\\/wp52\\\/#\\\/schema\\\/person\\\/088691de5dfc346bb0c023e1e52ef5d9\",\"name\":\"admin\",\"image\":{\"@type\":\"ImageObject\",\"inLanguage\":\"ro-RO\",\"@id\":\"https:\\\/\\\/secure.gravatar.com\\\/avatar\\\/ecb9cd41f5f63c9c9b989999a59f6e2639a865ec361e9db054db0679a8f341c2?s=96&d=mm&r=g\",\"url\":\"https:\\\/\\\/secure.gravatar.com\\\/avatar\\\/ecb9cd41f5f63c9c9b989999a59f6e2639a865ec361e9db054db0679a8f341c2?s=96&d=mm&r=g\",\"contentUrl\":\"https:\\\/\\\/secure.gravatar.com\\\/avatar\\\/ecb9cd41f5f63c9c9b989999a59f6e2639a865ec361e9db054db0679a8f341c2?s=96&d=mm&r=g\",\"caption\":\"admin\"},\"sameAs\":[\"https:\\\/\\\/www.lovendal.ro\\\/wp52\"]}]}<\/script>\n<!-- \/ Yoast SEO Premium plugin. -->","yoast_head_json":{"title":"Leg\u0103tura secret\u0103 dintre Hitler \u015fi Biserica Catolic\u0103: nazi\u015ftii erau mari admiratori ai iezui\u0163ilor - Secretele lui Lovendal","robots":{"index":"index","follow":"follow","max-snippet":"max-snippet:-1","max-image-preview":"max-image-preview:large","max-video-preview":"max-video-preview:-1"},"canonical":"https:\/\/www.lovendal.ro\/wp52\/legatura-secreta-dintre-hitler-si-biserica-catolica-nazistii-erau-mari-admiratori-ai-iezuitilor\/","og_locale":"ro_RO","og_type":"article","og_title":"Leg\u0103tura secret\u0103 dintre Hitler \u015fi Biserica Catolic\u0103: nazi\u015ftii erau mari admiratori ai iezui\u0163ilor","og_description":"Se pare c\u0103 a existat o leg\u0103tur\u0103 trainic\u0103 \u00eentre Hitler \u015fi Biserica Catolic\u0103 (mai precis, cu o parte a ei, Ordinul Iezui\u0163ilor). \u00cen copil\u0103rie, Adolf Hitler a fost educat la o m\u0103n\u0103stire benedictin\u0103, unde a v\u0103zut celebra zvastic\u0103 pentru prima ... Cititi mai multe","og_url":"https:\/\/www.lovendal.ro\/wp52\/legatura-secreta-dintre-hitler-si-biserica-catolica-nazistii-erau-mari-admiratori-ai-iezuitilor\/","og_site_name":"Secretele lui Lovendal","article_publisher":"https:\/\/www.facebook.com\/secreteleluilovendal","article_published_time":"2012-05-31T19:54:17+00:00","og_image":[{"width":300,"height":236,"url":"https:\/\/www.lovendal.ro\/wp52\/wp-content\/uploads\/2012\/05\/Hitler-papa.jpg","type":"image\/jpeg"}],"author":"admin","twitter_card":"summary_large_image","twitter_misc":{"Scris de":"admin","Timp estimat pentru citire":"4 minute"},"schema":{"@context":"https:\/\/schema.org","@graph":[{"@type":"Article","@id":"https:\/\/www.lovendal.ro\/wp52\/legatura-secreta-dintre-hitler-si-biserica-catolica-nazistii-erau-mari-admiratori-ai-iezuitilor\/#article","isPartOf":{"@id":"https:\/\/www.lovendal.ro\/wp52\/legatura-secreta-dintre-hitler-si-biserica-catolica-nazistii-erau-mari-admiratori-ai-iezuitilor\/"},"author":{"name":"admin","@id":"https:\/\/www.lovendal.ro\/wp52\/#\/schema\/person\/088691de5dfc346bb0c023e1e52ef5d9"},"headline":"Leg\u0103tura secret\u0103 dintre Hitler \u015fi Biserica Catolic\u0103: nazi\u015ftii erau mari admiratori ai iezui\u0163ilor","datePublished":"2012-05-31T19:54:17+00:00","mainEntityOfPage":{"@id":"https:\/\/www.lovendal.ro\/wp52\/legatura-secreta-dintre-hitler-si-biserica-catolica-nazistii-erau-mari-admiratori-ai-iezuitilor\/"},"wordCount":810,"commentCount":6,"publisher":{"@id":"https:\/\/www.lovendal.ro\/wp52\/#organization"},"image":{"@id":"https:\/\/www.lovendal.ro\/wp52\/legatura-secreta-dintre-hitler-si-biserica-catolica-nazistii-erau-mari-admiratori-ai-iezuitilor\/#primaryimage"},"thumbnailUrl":"https:\/\/www.lovendal.ro\/wp52\/wp-content\/uploads\/2012\/05\/Hitler-papa.jpg","keywords":["Biserica Catolic\u0103","cancelar","cel de-al 2-lea r\u0103zboi mondial","Germania","Hitler","Iezui\u0163i","nazism","Paranormal-Spiritualitate","Polonia","Reich"],"articleSection":["Paranormal-Spiritualitate"],"inLanguage":"ro-RO","potentialAction":[{"@type":"CommentAction","name":"Comment","target":["https:\/\/www.lovendal.ro\/wp52\/legatura-secreta-dintre-hitler-si-biserica-catolica-nazistii-erau-mari-admiratori-ai-iezuitilor\/#respond"]}]},{"@type":"WebPage","@id":"https:\/\/www.lovendal.ro\/wp52\/legatura-secreta-dintre-hitler-si-biserica-catolica-nazistii-erau-mari-admiratori-ai-iezuitilor\/","url":"https:\/\/www.lovendal.ro\/wp52\/legatura-secreta-dintre-hitler-si-biserica-catolica-nazistii-erau-mari-admiratori-ai-iezuitilor\/","name":"Leg\u0103tura secret\u0103 dintre Hitler \u015fi Biserica Catolic\u0103: nazi\u015ftii erau mari admiratori ai iezui\u0163ilor - Secretele lui Lovendal","isPartOf":{"@id":"https:\/\/www.lovendal.ro\/wp52\/#website"},"primaryImageOfPage":{"@id":"https:\/\/www.lovendal.ro\/wp52\/legatura-secreta-dintre-hitler-si-biserica-catolica-nazistii-erau-mari-admiratori-ai-iezuitilor\/#primaryimage"},"image":{"@id":"https:\/\/www.lovendal.ro\/wp52\/legatura-secreta-dintre-hitler-si-biserica-catolica-nazistii-erau-mari-admiratori-ai-iezuitilor\/#primaryimage"},"thumbnailUrl":"https:\/\/www.lovendal.ro\/wp52\/wp-content\/uploads\/2012\/05\/Hitler-papa.jpg","datePublished":"2012-05-31T19:54:17+00:00","breadcrumb":{"@id":"https:\/\/www.lovendal.ro\/wp52\/legatura-secreta-dintre-hitler-si-biserica-catolica-nazistii-erau-mari-admiratori-ai-iezuitilor\/#breadcrumb"},"inLanguage":"ro-RO","potentialAction":[{"@type":"ReadAction","target":["https:\/\/www.lovendal.ro\/wp52\/legatura-secreta-dintre-hitler-si-biserica-catolica-nazistii-erau-mari-admiratori-ai-iezuitilor\/"]}]},{"@type":"ImageObject","inLanguage":"ro-RO","@id":"https:\/\/www.lovendal.ro\/wp52\/legatura-secreta-dintre-hitler-si-biserica-catolica-nazistii-erau-mari-admiratori-ai-iezuitilor\/#primaryimage","url":"https:\/\/www.lovendal.ro\/wp52\/wp-content\/uploads\/2012\/05\/Hitler-papa.jpg","contentUrl":"https:\/\/www.lovendal.ro\/wp52\/wp-content\/uploads\/2012\/05\/Hitler-papa.jpg","width":"300","height":"236"},{"@type":"BreadcrumbList","@id":"https:\/\/www.lovendal.ro\/wp52\/legatura-secreta-dintre-hitler-si-biserica-catolica-nazistii-erau-mari-admiratori-ai-iezuitilor\/#breadcrumb","itemListElement":[{"@type":"ListItem","position":1,"name":"Home","item":"https:\/\/www.lovendal.ro\/wp52\/"},{"@type":"ListItem","position":2,"name":"Leg\u0103tura secret\u0103 dintre Hitler \u015fi Biserica Catolic\u0103: nazi\u015ftii erau mari admiratori ai iezui\u0163ilor"}]},{"@type":"WebSite","@id":"https:\/\/www.lovendal.ro\/wp52\/#website","url":"https:\/\/www.lovendal.ro\/wp52\/","name":"Secretele lui Lovendal","description":"Site de secrete, stiinta si metafizica - din 2008 -","publisher":{"@id":"https:\/\/www.lovendal.ro\/wp52\/#organization"},"potentialAction":[{"@type":"SearchAction","target":{"@type":"EntryPoint","urlTemplate":"https:\/\/www.lovendal.ro\/wp52\/?s={search_term_string}"},"query-input":{"@type":"PropertyValueSpecification","valueRequired":true,"valueName":"search_term_string"}}],"inLanguage":"ro-RO"},{"@type":"Organization","@id":"https:\/\/www.lovendal.ro\/wp52\/#organization","name":"Secretele lui Lovendal","url":"https:\/\/www.lovendal.ro\/wp52\/","logo":{"@type":"ImageObject","inLanguage":"ro-RO","@id":"https:\/\/www.lovendal.ro\/wp52\/#\/schema\/logo\/image\/","url":"https:\/\/www.lovendal.ro\/wp52\/wp-content\/uploads\/2024\/06\/cropped-SLL-iun-2024-1.jpg","contentUrl":"https:\/\/www.lovendal.ro\/wp52\/wp-content\/uploads\/2024\/06\/cropped-SLL-iun-2024-1.jpg","width":771,"height":240,"caption":"Secretele lui Lovendal"},"image":{"@id":"https:\/\/www.lovendal.ro\/wp52\/#\/schema\/logo\/image\/"},"sameAs":["https:\/\/www.facebook.com\/secreteleluilovendal"]},{"@type":"Person","@id":"https:\/\/www.lovendal.ro\/wp52\/#\/schema\/person\/088691de5dfc346bb0c023e1e52ef5d9","name":"admin","image":{"@type":"ImageObject","inLanguage":"ro-RO","@id":"https:\/\/secure.gravatar.com\/avatar\/ecb9cd41f5f63c9c9b989999a59f6e2639a865ec361e9db054db0679a8f341c2?s=96&d=mm&r=g","url":"https:\/\/secure.gravatar.com\/avatar\/ecb9cd41f5f63c9c9b989999a59f6e2639a865ec361e9db054db0679a8f341c2?s=96&d=mm&r=g","contentUrl":"https:\/\/secure.gravatar.com\/avatar\/ecb9cd41f5f63c9c9b989999a59f6e2639a865ec361e9db054db0679a8f341c2?s=96&d=mm&r=g","caption":"admin"},"sameAs":["https:\/\/www.lovendal.ro\/wp52"]}]}},"_links":{"self":[{"href":"https:\/\/www.lovendal.ro\/wp52\/wp-json\/wp\/v2\/posts\/23721","targetHints":{"allow":["GET"]}}],"collection":[{"href":"https:\/\/www.lovendal.ro\/wp52\/wp-json\/wp\/v2\/posts"}],"about":[{"href":"https:\/\/www.lovendal.ro\/wp52\/wp-json\/wp\/v2\/types\/post"}],"author":[{"embeddable":true,"href":"https:\/\/www.lovendal.ro\/wp52\/wp-json\/wp\/v2\/users\/1"}],"replies":[{"embeddable":true,"href":"https:\/\/www.lovendal.ro\/wp52\/wp-json\/wp\/v2\/comments?post=23721"}],"version-history":[{"count":0,"href":"https:\/\/www.lovendal.ro\/wp52\/wp-json\/wp\/v2\/posts\/23721\/revisions"}],"wp:featuredmedia":[{"embeddable":true,"href":"https:\/\/www.lovendal.ro\/wp52\/wp-json\/wp\/v2\/media\/23722"}],"wp:attachment":[{"href":"https:\/\/www.lovendal.ro\/wp52\/wp-json\/wp\/v2\/media?parent=23721"}],"wp:term":[{"taxonomy":"category","embeddable":true,"href":"https:\/\/www.lovendal.ro\/wp52\/wp-json\/wp\/v2\/categories?post=23721"},{"taxonomy":"post_tag","embeddable":true,"href":"https:\/\/www.lovendal.ro\/wp52\/wp-json\/wp\/v2\/tags?post=23721"}],"curies":[{"name":"wp","href":"https:\/\/api.w.org\/{rel}","templated":true}]}}