{"id":23488,"date":"2012-05-14T18:08:50","date_gmt":"2012-05-14T16:08:50","guid":{"rendered":"http:\/\/www.lovendal.net\/wp52\/?p=23488"},"modified":"2012-05-14T18:08:50","modified_gmt":"2012-05-14T16:08:50","slug":"un-studiu-stiintific-crede-ca-cei-care-vad-aurele-oamenilor-sufera-de-sinestezie-absolut-ridicol","status":"publish","type":"post","link":"https:\/\/www.lovendal.ro\/wp52\/un-studiu-stiintific-crede-ca-cei-care-vad-aurele-oamenilor-sufera-de-sinestezie-absolut-ridicol\/","title":{"rendered":"Un studiu \u015ftiin\u0163ific crede c\u0103 cei care v\u0103d aurele oamenilor sufer\u0103 de sinestezie&#8230; Absolut ridicol!"},"content":{"rendered":"<p><a href=\"https:\/\/www.lovendal.ro\/wp52\/wp-content\/uploads\/2012\/05\/aura70.jpg\"><img loading=\"lazy\" decoding=\"async\" class=\"alignleft size-full wp-image-23492\" title=\"aura70\" src=\"https:\/\/www.lovendal.ro\/wp52\/wp-content\/uploads\/2012\/05\/aura70.jpg\" alt=\"\" width=\"284\" height=\"253\" \/><\/a>Cercet\u0103torii spanioli au descoperit c\u0103 multe dintre persoanele care pretind c\u0103 v\u0103d aurele oamenilor prezint\u0103, de fapt, un fenomen neuropsihic cunoscut sub  numele de &#8222;sinestezie&#8221;, scrie site-ul <a href=\"http:\/\/nanopatentsandinnovations.blogspot.com\/2012\/05\/scientific-evidence-proves-why-healers.html?utm_source=feedburner&amp;utm_medium=feed&amp;utm_campaign=Feed%3A+NanoPatentsAndInnovations+%28Nano+Patents+and+Innovations%29&amp;utm_content=Google+Reader\" target=\"_blank\"><strong>Nano Patents and Innovations<\/strong><\/a>. Acest lucru ar putea constutui o explica\u0163ie \u015ftiin\u0163ific\u0103 pentru pretinsa lor &#8222;virtute&#8221;. \u00cen  sinestezie, regiunile creierului responsabile pentru procesarea fiec\u0103rui tip de stimul senzorial sunt intens interconectate. \u00cen acest fel, sinestezicii pot vedea sau gusta un sunet, pot sim\u0163i un gust, sau pot asocia oameni cu o anumit\u0103 culoare.<\/p>\n<p>Studiul  a fost realizat de 3 oameni de \u015ftiin\u0163\u0103 de la Universitatea din Granada (Spania), Departamentul de  Psihologie Experimental\u0103, \u015fi a fost publicat \u00een prestigioasa revist\u0103 <em>&#8222;Consciousness and Cognition&#8221;.<\/em> Aceasta  este prima dat\u0103 c\u00e2nd se \u00eencearc\u0103 o explica\u0163ie \u015ftiin\u0163ific\u0103 a fenomenului  ezoteric al aurei, un presupus c\u00e2mp de energie de radia\u0163ie luminoas\u0103,  care \u00eenconjoar\u0103 o persoan\u0103 asemenea unui halo, fiind imperceptibil pentru  cele mai multe fiin\u0163e umane.<\/p>\n<p>\u00cen  termeni neurologici, sinestezia se datoreaz\u0103 liniilor care se intersecteaz\u0103 \u00een creierul unor persoane (sinestezicii), cu alte cuvinte, sinestezicii prezint\u0103 mai  multe conexiuni sinaptice dec\u00e2t cele &#8222;normale&#8221; ale oamenilor. <em>&#8222;Aceste  conexiuni suplimentare \u00eei determin\u0103 s\u0103 stabileasc\u0103 \u00een mod automat  asociatii \u00eentre zone ale creierului care nu sunt \u00een mod normal  interconectate&#8221;<\/em>, explic\u0103 profesorul Gomez Milano, unul din autorii acestui studiu. Mul\u0163i dintre cei care pretind \u00een a vedea aura oamenilor ar putea avea aceast\u0103 stare.<\/p>\n<p>Cercet\u0103torii de la Universitatea  din Granada au remarcat c\u0103 nu to\u0163i cei care v\u0103d aura sunt sinestezici, dar exist\u0103 o prevalen\u0163\u0103 mai mare a acestui fenomen \u00een r\u00e2ndul lor. Acela\u015fi lucru se \u00eent\u00e2mpl\u0103, printre pictori \u015fi arti\u015fti, de exemplu.<\/p>\n<p>P.S. Sunt \u015fi eu curios dac\u0103 ace\u015fti mari cercet\u0103tori \u015ftiin\u0163ifici au luat \u00een considerare urm\u0103torul fapt: exist\u0103 vindec\u0103tori care pot vedea aurele oamenilor \u015fi care pot spune, de exemplu, c\u0103 la nivelul pieptului unui pacient exist\u0103 o problem\u0103 (aura are o culoare \u00eenchis\u0103 \u00een acea zon\u0103). Pacientul confirm\u0103 c\u0103 pe computerul-tomograf exist\u0103 \u00eentr-adev\u0103r o problem\u0103 de s\u0103n\u0103tate la nivelul pieptului. Cum mai explic\u0103 cercet\u0103torii acest fapt!? Tot prin sinestezie? Din ce \u00een ce mai ridicole studiile acestea&#8230;Nu recent, un alt studiu celebru spunea c\u0103 dinozaurii au disp\u0103rut datorit\u0103 propriilor p\u00e2r\u0163uri? <a href=\"http:\/\/forum.lovendal.net\/index.php\/topic,2789.0.html\" target=\"_blank\"><strong>http:\/\/forum.lovendal.net\/index.php\/topic,2789.0.html<\/strong><\/a>. Incredibil&#8230;<\/p>\n","protected":false},"excerpt":{"rendered":"<p>Cercet\u0103torii spanioli au descoperit c\u0103 multe dintre persoanele care pretind c\u0103 v\u0103d aurele oamenilor prezint\u0103, de fapt, un fenomen neuropsihic cunoscut sub numele de &#8222;sinestezie&#8221;, scrie site-ul Nano Patents and Innovations. Acest lucru ar putea constutui o explica\u0163ie \u015ftiin\u0163ific\u0103 pentru &#8230; <\/p>\n<p class=\"read-more-container\"><a title=\"Un studiu \u015ftiin\u0163ific crede c\u0103 cei care v\u0103d aurele oamenilor sufer\u0103 de sinestezie&#8230; Absolut ridicol!\" class=\"read-more button\" href=\"https:\/\/www.lovendal.ro\/wp52\/un-studiu-stiintific-crede-ca-cei-care-vad-aurele-oamenilor-sufera-de-sinestezie-absolut-ridicol\/#more-23488\" aria-label=\"Cite\u0219te mai multe despre Un studiu \u015ftiin\u0163ific crede c\u0103 cei care v\u0103d aurele oamenilor sufer\u0103 de sinestezie&#8230; Absolut ridicol!\">Cititi mai multe<\/a><\/p>\n","protected":false},"author":1,"featured_media":23492,"comment_status":"open","ping_status":"closed","sticky":false,"template":"","format":"standard","meta":{"footnotes":""},"categories":[106],"tags":[3311,230,310,2360,4981,981,5269,318,9803],"class_list":["post-23488","post","type-post","status-publish","format-standard","has-post-thumbnail","hentry","category-stiinta","tag-aura","tag-creier","tag-dinozauri","tag-part","tag-piept","tag-psihologie","tag-sinestezie","tag-spania","tag-stiinta","resize-featured-image"],"yoast_head":"<!-- This site is optimized with the Yoast SEO Premium plugin v23.3 (Yoast SEO v27.4) - https:\/\/yoast.com\/product\/yoast-seo-premium-wordpress\/ -->\n<title>Un studiu \u015ftiin\u0163ific crede c\u0103 cei care v\u0103d aurele oamenilor sufer\u0103 de sinestezie... Absolut ridicol! - Secretele lui Lovendal<\/title>\n<meta name=\"robots\" content=\"index, follow, max-snippet:-1, max-image-preview:large, max-video-preview:-1\" \/>\n<link rel=\"canonical\" href=\"https:\/\/www.lovendal.ro\/wp52\/un-studiu-stiintific-crede-ca-cei-care-vad-aurele-oamenilor-sufera-de-sinestezie-absolut-ridicol\/\" \/>\n<meta property=\"og:locale\" content=\"ro_RO\" \/>\n<meta property=\"og:type\" content=\"article\" \/>\n<meta property=\"og:title\" content=\"Un studiu \u015ftiin\u0163ific crede c\u0103 cei care v\u0103d aurele oamenilor sufer\u0103 de sinestezie... Absolut ridicol!\" \/>\n<meta property=\"og:description\" content=\"Cercet\u0103torii spanioli au descoperit c\u0103 multe dintre persoanele care pretind c\u0103 v\u0103d aurele oamenilor prezint\u0103, de fapt, un fenomen neuropsihic cunoscut sub numele de &#8222;sinestezie&#8221;, scrie site-ul Nano Patents and Innovations. Acest lucru ar putea constutui o explica\u0163ie \u015ftiin\u0163ific\u0103 pentru ... Cititi mai multe\" \/>\n<meta property=\"og:url\" content=\"https:\/\/www.lovendal.ro\/wp52\/un-studiu-stiintific-crede-ca-cei-care-vad-aurele-oamenilor-sufera-de-sinestezie-absolut-ridicol\/\" \/>\n<meta property=\"og:site_name\" content=\"Secretele lui Lovendal\" \/>\n<meta property=\"article:publisher\" content=\"https:\/\/www.facebook.com\/secreteleluilovendal\" \/>\n<meta property=\"article:published_time\" content=\"2012-05-14T16:08:50+00:00\" \/>\n<meta property=\"og:image\" content=\"https:\/\/www.lovendal.ro\/wp52\/wp-content\/uploads\/2012\/05\/aura70.jpg\" \/>\n\t<meta property=\"og:image:width\" content=\"284\" \/>\n\t<meta property=\"og:image:height\" content=\"253\" \/>\n\t<meta property=\"og:image:type\" content=\"image\/jpeg\" \/>\n<meta name=\"author\" content=\"admin\" \/>\n<meta name=\"twitter:card\" content=\"summary_large_image\" \/>\n<meta name=\"twitter:label1\" content=\"Scris de\" \/>\n\t<meta name=\"twitter:data1\" content=\"admin\" \/>\n\t<meta name=\"twitter:label2\" content=\"Timp estimat pentru citire\" \/>\n\t<meta name=\"twitter:data2\" content=\"2 minute\" \/>\n<script type=\"application\/ld+json\" class=\"yoast-schema-graph\">{\"@context\":\"https:\\\/\\\/schema.org\",\"@graph\":[{\"@type\":\"Article\",\"@id\":\"https:\\\/\\\/www.lovendal.ro\\\/wp52\\\/un-studiu-stiintific-crede-ca-cei-care-vad-aurele-oamenilor-sufera-de-sinestezie-absolut-ridicol\\\/#article\",\"isPartOf\":{\"@id\":\"https:\\\/\\\/www.lovendal.ro\\\/wp52\\\/un-studiu-stiintific-crede-ca-cei-care-vad-aurele-oamenilor-sufera-de-sinestezie-absolut-ridicol\\\/\"},\"author\":{\"name\":\"admin\",\"@id\":\"https:\\\/\\\/www.lovendal.ro\\\/wp52\\\/#\\\/schema\\\/person\\\/088691de5dfc346bb0c023e1e52ef5d9\"},\"headline\":\"Un studiu \u015ftiin\u0163ific crede c\u0103 cei care v\u0103d aurele oamenilor sufer\u0103 de sinestezie&#8230; Absolut ridicol!\",\"datePublished\":\"2012-05-14T16:08:50+00:00\",\"mainEntityOfPage\":{\"@id\":\"https:\\\/\\\/www.lovendal.ro\\\/wp52\\\/un-studiu-stiintific-crede-ca-cei-care-vad-aurele-oamenilor-sufera-de-sinestezie-absolut-ridicol\\\/\"},\"wordCount\":411,\"commentCount\":16,\"publisher\":{\"@id\":\"https:\\\/\\\/www.lovendal.ro\\\/wp52\\\/#organization\"},\"image\":{\"@id\":\"https:\\\/\\\/www.lovendal.ro\\\/wp52\\\/un-studiu-stiintific-crede-ca-cei-care-vad-aurele-oamenilor-sufera-de-sinestezie-absolut-ridicol\\\/#primaryimage\"},\"thumbnailUrl\":\"https:\\\/\\\/www.lovendal.ro\\\/wp52\\\/wp-content\\\/uploads\\\/2012\\\/05\\\/aura70.jpg\",\"keywords\":[\"Aura\",\"creier\",\"dinozauri\",\"p\u00e2r\u0163\",\"piept\",\"psihologie\",\"sinestezie\",\"Spania\",\"Stiinta\"],\"articleSection\":[\"Stiinta\"],\"inLanguage\":\"ro-RO\",\"potentialAction\":[{\"@type\":\"CommentAction\",\"name\":\"Comment\",\"target\":[\"https:\\\/\\\/www.lovendal.ro\\\/wp52\\\/un-studiu-stiintific-crede-ca-cei-care-vad-aurele-oamenilor-sufera-de-sinestezie-absolut-ridicol\\\/#respond\"]}]},{\"@type\":\"WebPage\",\"@id\":\"https:\\\/\\\/www.lovendal.ro\\\/wp52\\\/un-studiu-stiintific-crede-ca-cei-care-vad-aurele-oamenilor-sufera-de-sinestezie-absolut-ridicol\\\/\",\"url\":\"https:\\\/\\\/www.lovendal.ro\\\/wp52\\\/un-studiu-stiintific-crede-ca-cei-care-vad-aurele-oamenilor-sufera-de-sinestezie-absolut-ridicol\\\/\",\"name\":\"Un studiu \u015ftiin\u0163ific crede c\u0103 cei care v\u0103d aurele oamenilor sufer\u0103 de sinestezie... Absolut ridicol! - Secretele lui Lovendal\",\"isPartOf\":{\"@id\":\"https:\\\/\\\/www.lovendal.ro\\\/wp52\\\/#website\"},\"primaryImageOfPage\":{\"@id\":\"https:\\\/\\\/www.lovendal.ro\\\/wp52\\\/un-studiu-stiintific-crede-ca-cei-care-vad-aurele-oamenilor-sufera-de-sinestezie-absolut-ridicol\\\/#primaryimage\"},\"image\":{\"@id\":\"https:\\\/\\\/www.lovendal.ro\\\/wp52\\\/un-studiu-stiintific-crede-ca-cei-care-vad-aurele-oamenilor-sufera-de-sinestezie-absolut-ridicol\\\/#primaryimage\"},\"thumbnailUrl\":\"https:\\\/\\\/www.lovendal.ro\\\/wp52\\\/wp-content\\\/uploads\\\/2012\\\/05\\\/aura70.jpg\",\"datePublished\":\"2012-05-14T16:08:50+00:00\",\"breadcrumb\":{\"@id\":\"https:\\\/\\\/www.lovendal.ro\\\/wp52\\\/un-studiu-stiintific-crede-ca-cei-care-vad-aurele-oamenilor-sufera-de-sinestezie-absolut-ridicol\\\/#breadcrumb\"},\"inLanguage\":\"ro-RO\",\"potentialAction\":[{\"@type\":\"ReadAction\",\"target\":[\"https:\\\/\\\/www.lovendal.ro\\\/wp52\\\/un-studiu-stiintific-crede-ca-cei-care-vad-aurele-oamenilor-sufera-de-sinestezie-absolut-ridicol\\\/\"]}]},{\"@type\":\"ImageObject\",\"inLanguage\":\"ro-RO\",\"@id\":\"https:\\\/\\\/www.lovendal.ro\\\/wp52\\\/un-studiu-stiintific-crede-ca-cei-care-vad-aurele-oamenilor-sufera-de-sinestezie-absolut-ridicol\\\/#primaryimage\",\"url\":\"https:\\\/\\\/www.lovendal.ro\\\/wp52\\\/wp-content\\\/uploads\\\/2012\\\/05\\\/aura70.jpg\",\"contentUrl\":\"https:\\\/\\\/www.lovendal.ro\\\/wp52\\\/wp-content\\\/uploads\\\/2012\\\/05\\\/aura70.jpg\",\"width\":\"284\",\"height\":\"253\"},{\"@type\":\"BreadcrumbList\",\"@id\":\"https:\\\/\\\/www.lovendal.ro\\\/wp52\\\/un-studiu-stiintific-crede-ca-cei-care-vad-aurele-oamenilor-sufera-de-sinestezie-absolut-ridicol\\\/#breadcrumb\",\"itemListElement\":[{\"@type\":\"ListItem\",\"position\":1,\"name\":\"Home\",\"item\":\"https:\\\/\\\/www.lovendal.ro\\\/wp52\\\/\"},{\"@type\":\"ListItem\",\"position\":2,\"name\":\"Un studiu \u015ftiin\u0163ific crede c\u0103 cei care v\u0103d aurele oamenilor sufer\u0103 de sinestezie&#8230; Absolut ridicol!\"}]},{\"@type\":\"WebSite\",\"@id\":\"https:\\\/\\\/www.lovendal.ro\\\/wp52\\\/#website\",\"url\":\"https:\\\/\\\/www.lovendal.ro\\\/wp52\\\/\",\"name\":\"Secretele lui Lovendal\",\"description\":\"Site de secrete, stiinta si metafizica - din 2008 -\",\"publisher\":{\"@id\":\"https:\\\/\\\/www.lovendal.ro\\\/wp52\\\/#organization\"},\"potentialAction\":[{\"@type\":\"SearchAction\",\"target\":{\"@type\":\"EntryPoint\",\"urlTemplate\":\"https:\\\/\\\/www.lovendal.ro\\\/wp52\\\/?s={search_term_string}\"},\"query-input\":{\"@type\":\"PropertyValueSpecification\",\"valueRequired\":true,\"valueName\":\"search_term_string\"}}],\"inLanguage\":\"ro-RO\"},{\"@type\":\"Organization\",\"@id\":\"https:\\\/\\\/www.lovendal.ro\\\/wp52\\\/#organization\",\"name\":\"Secretele lui Lovendal\",\"url\":\"https:\\\/\\\/www.lovendal.ro\\\/wp52\\\/\",\"logo\":{\"@type\":\"ImageObject\",\"inLanguage\":\"ro-RO\",\"@id\":\"https:\\\/\\\/www.lovendal.ro\\\/wp52\\\/#\\\/schema\\\/logo\\\/image\\\/\",\"url\":\"https:\\\/\\\/www.lovendal.ro\\\/wp52\\\/wp-content\\\/uploads\\\/2024\\\/06\\\/cropped-SLL-iun-2024-1.jpg\",\"contentUrl\":\"https:\\\/\\\/www.lovendal.ro\\\/wp52\\\/wp-content\\\/uploads\\\/2024\\\/06\\\/cropped-SLL-iun-2024-1.jpg\",\"width\":771,\"height\":240,\"caption\":\"Secretele lui Lovendal\"},\"image\":{\"@id\":\"https:\\\/\\\/www.lovendal.ro\\\/wp52\\\/#\\\/schema\\\/logo\\\/image\\\/\"},\"sameAs\":[\"https:\\\/\\\/www.facebook.com\\\/secreteleluilovendal\"]},{\"@type\":\"Person\",\"@id\":\"https:\\\/\\\/www.lovendal.ro\\\/wp52\\\/#\\\/schema\\\/person\\\/088691de5dfc346bb0c023e1e52ef5d9\",\"name\":\"admin\",\"image\":{\"@type\":\"ImageObject\",\"inLanguage\":\"ro-RO\",\"@id\":\"https:\\\/\\\/secure.gravatar.com\\\/avatar\\\/ecb9cd41f5f63c9c9b989999a59f6e2639a865ec361e9db054db0679a8f341c2?s=96&d=mm&r=g\",\"url\":\"https:\\\/\\\/secure.gravatar.com\\\/avatar\\\/ecb9cd41f5f63c9c9b989999a59f6e2639a865ec361e9db054db0679a8f341c2?s=96&d=mm&r=g\",\"contentUrl\":\"https:\\\/\\\/secure.gravatar.com\\\/avatar\\\/ecb9cd41f5f63c9c9b989999a59f6e2639a865ec361e9db054db0679a8f341c2?s=96&d=mm&r=g\",\"caption\":\"admin\"},\"sameAs\":[\"https:\\\/\\\/www.lovendal.ro\\\/wp52\"]}]}<\/script>\n<!-- \/ Yoast SEO Premium plugin. -->","yoast_head_json":{"title":"Un studiu \u015ftiin\u0163ific crede c\u0103 cei care v\u0103d aurele oamenilor sufer\u0103 de sinestezie... Absolut ridicol! - Secretele lui Lovendal","robots":{"index":"index","follow":"follow","max-snippet":"max-snippet:-1","max-image-preview":"max-image-preview:large","max-video-preview":"max-video-preview:-1"},"canonical":"https:\/\/www.lovendal.ro\/wp52\/un-studiu-stiintific-crede-ca-cei-care-vad-aurele-oamenilor-sufera-de-sinestezie-absolut-ridicol\/","og_locale":"ro_RO","og_type":"article","og_title":"Un studiu \u015ftiin\u0163ific crede c\u0103 cei care v\u0103d aurele oamenilor sufer\u0103 de sinestezie... Absolut ridicol!","og_description":"Cercet\u0103torii spanioli au descoperit c\u0103 multe dintre persoanele care pretind c\u0103 v\u0103d aurele oamenilor prezint\u0103, de fapt, un fenomen neuropsihic cunoscut sub numele de &#8222;sinestezie&#8221;, scrie site-ul Nano Patents and Innovations. Acest lucru ar putea constutui o explica\u0163ie \u015ftiin\u0163ific\u0103 pentru ... Cititi mai multe","og_url":"https:\/\/www.lovendal.ro\/wp52\/un-studiu-stiintific-crede-ca-cei-care-vad-aurele-oamenilor-sufera-de-sinestezie-absolut-ridicol\/","og_site_name":"Secretele lui Lovendal","article_publisher":"https:\/\/www.facebook.com\/secreteleluilovendal","article_published_time":"2012-05-14T16:08:50+00:00","og_image":[{"width":284,"height":253,"url":"https:\/\/www.lovendal.ro\/wp52\/wp-content\/uploads\/2012\/05\/aura70.jpg","type":"image\/jpeg"}],"author":"admin","twitter_card":"summary_large_image","twitter_misc":{"Scris de":"admin","Timp estimat pentru citire":"2 minute"},"schema":{"@context":"https:\/\/schema.org","@graph":[{"@type":"Article","@id":"https:\/\/www.lovendal.ro\/wp52\/un-studiu-stiintific-crede-ca-cei-care-vad-aurele-oamenilor-sufera-de-sinestezie-absolut-ridicol\/#article","isPartOf":{"@id":"https:\/\/www.lovendal.ro\/wp52\/un-studiu-stiintific-crede-ca-cei-care-vad-aurele-oamenilor-sufera-de-sinestezie-absolut-ridicol\/"},"author":{"name":"admin","@id":"https:\/\/www.lovendal.ro\/wp52\/#\/schema\/person\/088691de5dfc346bb0c023e1e52ef5d9"},"headline":"Un studiu \u015ftiin\u0163ific crede c\u0103 cei care v\u0103d aurele oamenilor sufer\u0103 de sinestezie&#8230; Absolut ridicol!","datePublished":"2012-05-14T16:08:50+00:00","mainEntityOfPage":{"@id":"https:\/\/www.lovendal.ro\/wp52\/un-studiu-stiintific-crede-ca-cei-care-vad-aurele-oamenilor-sufera-de-sinestezie-absolut-ridicol\/"},"wordCount":411,"commentCount":16,"publisher":{"@id":"https:\/\/www.lovendal.ro\/wp52\/#organization"},"image":{"@id":"https:\/\/www.lovendal.ro\/wp52\/un-studiu-stiintific-crede-ca-cei-care-vad-aurele-oamenilor-sufera-de-sinestezie-absolut-ridicol\/#primaryimage"},"thumbnailUrl":"https:\/\/www.lovendal.ro\/wp52\/wp-content\/uploads\/2012\/05\/aura70.jpg","keywords":["Aura","creier","dinozauri","p\u00e2r\u0163","piept","psihologie","sinestezie","Spania","Stiinta"],"articleSection":["Stiinta"],"inLanguage":"ro-RO","potentialAction":[{"@type":"CommentAction","name":"Comment","target":["https:\/\/www.lovendal.ro\/wp52\/un-studiu-stiintific-crede-ca-cei-care-vad-aurele-oamenilor-sufera-de-sinestezie-absolut-ridicol\/#respond"]}]},{"@type":"WebPage","@id":"https:\/\/www.lovendal.ro\/wp52\/un-studiu-stiintific-crede-ca-cei-care-vad-aurele-oamenilor-sufera-de-sinestezie-absolut-ridicol\/","url":"https:\/\/www.lovendal.ro\/wp52\/un-studiu-stiintific-crede-ca-cei-care-vad-aurele-oamenilor-sufera-de-sinestezie-absolut-ridicol\/","name":"Un studiu \u015ftiin\u0163ific crede c\u0103 cei care v\u0103d aurele oamenilor sufer\u0103 de sinestezie... Absolut ridicol! - Secretele lui Lovendal","isPartOf":{"@id":"https:\/\/www.lovendal.ro\/wp52\/#website"},"primaryImageOfPage":{"@id":"https:\/\/www.lovendal.ro\/wp52\/un-studiu-stiintific-crede-ca-cei-care-vad-aurele-oamenilor-sufera-de-sinestezie-absolut-ridicol\/#primaryimage"},"image":{"@id":"https:\/\/www.lovendal.ro\/wp52\/un-studiu-stiintific-crede-ca-cei-care-vad-aurele-oamenilor-sufera-de-sinestezie-absolut-ridicol\/#primaryimage"},"thumbnailUrl":"https:\/\/www.lovendal.ro\/wp52\/wp-content\/uploads\/2012\/05\/aura70.jpg","datePublished":"2012-05-14T16:08:50+00:00","breadcrumb":{"@id":"https:\/\/www.lovendal.ro\/wp52\/un-studiu-stiintific-crede-ca-cei-care-vad-aurele-oamenilor-sufera-de-sinestezie-absolut-ridicol\/#breadcrumb"},"inLanguage":"ro-RO","potentialAction":[{"@type":"ReadAction","target":["https:\/\/www.lovendal.ro\/wp52\/un-studiu-stiintific-crede-ca-cei-care-vad-aurele-oamenilor-sufera-de-sinestezie-absolut-ridicol\/"]}]},{"@type":"ImageObject","inLanguage":"ro-RO","@id":"https:\/\/www.lovendal.ro\/wp52\/un-studiu-stiintific-crede-ca-cei-care-vad-aurele-oamenilor-sufera-de-sinestezie-absolut-ridicol\/#primaryimage","url":"https:\/\/www.lovendal.ro\/wp52\/wp-content\/uploads\/2012\/05\/aura70.jpg","contentUrl":"https:\/\/www.lovendal.ro\/wp52\/wp-content\/uploads\/2012\/05\/aura70.jpg","width":"284","height":"253"},{"@type":"BreadcrumbList","@id":"https:\/\/www.lovendal.ro\/wp52\/un-studiu-stiintific-crede-ca-cei-care-vad-aurele-oamenilor-sufera-de-sinestezie-absolut-ridicol\/#breadcrumb","itemListElement":[{"@type":"ListItem","position":1,"name":"Home","item":"https:\/\/www.lovendal.ro\/wp52\/"},{"@type":"ListItem","position":2,"name":"Un studiu \u015ftiin\u0163ific crede c\u0103 cei care v\u0103d aurele oamenilor sufer\u0103 de sinestezie&#8230; Absolut ridicol!"}]},{"@type":"WebSite","@id":"https:\/\/www.lovendal.ro\/wp52\/#website","url":"https:\/\/www.lovendal.ro\/wp52\/","name":"Secretele lui Lovendal","description":"Site de secrete, stiinta si metafizica - din 2008 -","publisher":{"@id":"https:\/\/www.lovendal.ro\/wp52\/#organization"},"potentialAction":[{"@type":"SearchAction","target":{"@type":"EntryPoint","urlTemplate":"https:\/\/www.lovendal.ro\/wp52\/?s={search_term_string}"},"query-input":{"@type":"PropertyValueSpecification","valueRequired":true,"valueName":"search_term_string"}}],"inLanguage":"ro-RO"},{"@type":"Organization","@id":"https:\/\/www.lovendal.ro\/wp52\/#organization","name":"Secretele lui Lovendal","url":"https:\/\/www.lovendal.ro\/wp52\/","logo":{"@type":"ImageObject","inLanguage":"ro-RO","@id":"https:\/\/www.lovendal.ro\/wp52\/#\/schema\/logo\/image\/","url":"https:\/\/www.lovendal.ro\/wp52\/wp-content\/uploads\/2024\/06\/cropped-SLL-iun-2024-1.jpg","contentUrl":"https:\/\/www.lovendal.ro\/wp52\/wp-content\/uploads\/2024\/06\/cropped-SLL-iun-2024-1.jpg","width":771,"height":240,"caption":"Secretele lui Lovendal"},"image":{"@id":"https:\/\/www.lovendal.ro\/wp52\/#\/schema\/logo\/image\/"},"sameAs":["https:\/\/www.facebook.com\/secreteleluilovendal"]},{"@type":"Person","@id":"https:\/\/www.lovendal.ro\/wp52\/#\/schema\/person\/088691de5dfc346bb0c023e1e52ef5d9","name":"admin","image":{"@type":"ImageObject","inLanguage":"ro-RO","@id":"https:\/\/secure.gravatar.com\/avatar\/ecb9cd41f5f63c9c9b989999a59f6e2639a865ec361e9db054db0679a8f341c2?s=96&d=mm&r=g","url":"https:\/\/secure.gravatar.com\/avatar\/ecb9cd41f5f63c9c9b989999a59f6e2639a865ec361e9db054db0679a8f341c2?s=96&d=mm&r=g","contentUrl":"https:\/\/secure.gravatar.com\/avatar\/ecb9cd41f5f63c9c9b989999a59f6e2639a865ec361e9db054db0679a8f341c2?s=96&d=mm&r=g","caption":"admin"},"sameAs":["https:\/\/www.lovendal.ro\/wp52"]}]}},"_links":{"self":[{"href":"https:\/\/www.lovendal.ro\/wp52\/wp-json\/wp\/v2\/posts\/23488","targetHints":{"allow":["GET"]}}],"collection":[{"href":"https:\/\/www.lovendal.ro\/wp52\/wp-json\/wp\/v2\/posts"}],"about":[{"href":"https:\/\/www.lovendal.ro\/wp52\/wp-json\/wp\/v2\/types\/post"}],"author":[{"embeddable":true,"href":"https:\/\/www.lovendal.ro\/wp52\/wp-json\/wp\/v2\/users\/1"}],"replies":[{"embeddable":true,"href":"https:\/\/www.lovendal.ro\/wp52\/wp-json\/wp\/v2\/comments?post=23488"}],"version-history":[{"count":0,"href":"https:\/\/www.lovendal.ro\/wp52\/wp-json\/wp\/v2\/posts\/23488\/revisions"}],"wp:featuredmedia":[{"embeddable":true,"href":"https:\/\/www.lovendal.ro\/wp52\/wp-json\/wp\/v2\/media\/23492"}],"wp:attachment":[{"href":"https:\/\/www.lovendal.ro\/wp52\/wp-json\/wp\/v2\/media?parent=23488"}],"wp:term":[{"taxonomy":"category","embeddable":true,"href":"https:\/\/www.lovendal.ro\/wp52\/wp-json\/wp\/v2\/categories?post=23488"},{"taxonomy":"post_tag","embeddable":true,"href":"https:\/\/www.lovendal.ro\/wp52\/wp-json\/wp\/v2\/tags?post=23488"}],"curies":[{"name":"wp","href":"https:\/\/api.w.org\/{rel}","templated":true}]}}