{"id":23213,"date":"2012-04-22T10:55:29","date_gmt":"2012-04-22T08:55:29","guid":{"rendered":"http:\/\/www.lovendal.net\/wp52\/?p=23213"},"modified":"2012-04-22T10:55:29","modified_gmt":"2012-04-22T08:55:29","slug":"un-ozn-misterios-se-indreapta-spre-aurora-australa-fiind-filmat-de-sus-de-pe-statia-spatiala-internationala","status":"publish","type":"post","link":"https:\/\/www.lovendal.ro\/wp52\/un-ozn-misterios-se-indreapta-spre-aurora-australa-fiind-filmat-de-sus-de-pe-statia-spatiala-internationala\/","title":{"rendered":"Un OZN misterios se \u00eendreapt\u0103 spre aurora austral\u0103, fiind filmat de sus, de pe Sta\u0163ia Spa\u0163ial\u0103 Interna\u0163ional\u0103"},"content":{"rendered":"<p><a href=\"https:\/\/www.lovendal.ro\/wp52\/wp-content\/uploads\/2012\/04\/OZN-pe-statia-spatiala-internationala.jpg\"><img loading=\"lazy\" decoding=\"async\" class=\"alignleft size-full wp-image-23214\" title=\"OZN pe statia spatiala internationala\" src=\"https:\/\/www.lovendal.ro\/wp52\/wp-content\/uploads\/2012\/04\/OZN-pe-statia-spatiala-internationala.jpg\" alt=\"\" width=\"305\" height=\"172\" srcset=\"https:\/\/www.lovendal.ro\/wp52\/wp-content\/uploads\/2012\/04\/OZN-pe-statia-spatiala-internationala.jpg 305w, https:\/\/www.lovendal.ro\/wp52\/wp-content\/uploads\/2012\/04\/OZN-pe-statia-spatiala-internationala-300x169.jpg 300w\" sizes=\"auto, (max-width: 305px) 100vw, 305px\" \/><\/a>Iat\u0103 \u00een continuare un videoclip uimitor care arat\u0103 un OZN \u00eendrept\u00e2ndu-se spre aurora austral\u0103; videoclipul a fost \u00eenregistrat de echipa celei de-a 30-a expedi\u0163ii la bordul Sta\u0163iei Spa\u0163iale Interna\u0163ionale (International Space Station). Aceast\u0103 secven\u0163\u0103 a fost filmat\u0103 pe 10 martie 2012, de la 14:14:58 GMT p\u00e2n\u0103 pe 15:06:09 GMT, la trecerea din sudul Noii Zeelande c\u0103tre sud-vestul Australiei (Oceanul Indian).<\/p>\n<p>Videoclipul se concentreaz\u0103 pe mi\u015fcarea dinamic\u0103 a aurorei australe peste Oceanul Indian. Sta\u0163ia spa\u0163ial\u0103 zboar\u0103 mult deasupra aurorei, a\u015fa c\u0103 aceasta poate fi v\u0103zut\u0103 dedesubt.<\/p>\n<p>Uita\u0163i-v\u0103 pe videoclip \u00eencep\u00e2nd cu 0:57, unde, poate fi observat (cu s\u0103geata) un obiect zbur\u0103tor neidentificat. La finalul videoclipului, \u00eencep\u00e2nd cu 1:25, imaginea dinamic\u0103 a fost mult m\u0103rit\u0103, a\u015fa c\u0103 se poate vedea mai clar acest OZN misterios. Ceea ce e interesant \u015fi d\u0103 de b\u0103nuieli e faptul c\u0103 obiectul nu era atras de orbita P\u0103m\u00e2ntului (deci, nu e nici satelit, nici resturile unui satelit), schimb\u00e2ndu-\u015fi cursul \u00een timp ce intr\u0103 \u00een atmosfera P\u0103m\u00e2ntului. Oare ce-o fi?<\/p>\n<p><object classid=\"clsid:d27cdb6e-ae6d-11cf-96b8-444553540000\" width=\"500\" height=\"283\" codebase=\"http:\/\/download.macromedia.com\/pub\/shockwave\/cabs\/flash\/swflash.cab#version=6,0,40,0\"><param name=\"allowFullScreen\" value=\"true\" \/><param name=\"allowscriptaccess\" value=\"always\" \/><param name=\"src\" value=\"http:\/\/www.youtube.com\/v\/nXGn0iO4RtE?version=3&amp;hl=ro_RO\" \/><param name=\"allowfullscreen\" value=\"true\" \/><embed type=\"application\/x-shockwave-flash\" width=\"500\" height=\"283\" src=\"http:\/\/www.youtube.com\/v\/nXGn0iO4RtE?version=3&amp;hl=ro_RO\" allowscriptaccess=\"always\" allowfullscreen=\"true\"><\/embed><\/object><\/p>\n","protected":false},"excerpt":{"rendered":"<p>Iat\u0103 \u00een continuare un videoclip uimitor care arat\u0103 un OZN \u00eendrept\u00e2ndu-se spre aurora austral\u0103; videoclipul a fost \u00eenregistrat de echipa celei de-a 30-a expedi\u0163ii la bordul Sta\u0163iei Spa\u0163iale Interna\u0163ionale (International Space Station). Aceast\u0103 secven\u0163\u0103 a fost filmat\u0103 pe 10 martie &#8230; <\/p>\n<p class=\"read-more-container\"><a title=\"Un OZN misterios se \u00eendreapt\u0103 spre aurora austral\u0103, fiind filmat de sus, de pe Sta\u0163ia Spa\u0163ial\u0103 Interna\u0163ional\u0103\" class=\"read-more button\" href=\"https:\/\/www.lovendal.ro\/wp52\/un-ozn-misterios-se-indreapta-spre-aurora-australa-fiind-filmat-de-sus-de-pe-statia-spatiala-internationala\/#more-23213\" aria-label=\"Cite\u0219te mai multe despre Un OZN misterios se \u00eendreapt\u0103 spre aurora austral\u0103, fiind filmat de sus, de pe Sta\u0163ia Spa\u0163ial\u0103 Interna\u0163ional\u0103\">Cititi mai multe<\/a><\/p>\n","protected":false},"author":1,"featured_media":23214,"comment_status":"open","ping_status":"closed","sticky":false,"template":"","format":"standard","meta":{"footnotes":""},"categories":[14],"tags":[5221,2802,139,13,2135,50,105,9796,600,5133,2042],"class_list":["post-23213","post","type-post","status-publish","format-standard","has-post-thumbnail","hentry","category-paranormal-spiritualitate","tag-aurora-australa","tag-aurora-polara","tag-australia","tag-noua-zeelanda","tag-oceanul-indian","tag-ozn","tag-pamant","tag-paranormal-spiritualitate","tag-satelit","tag-statia-spatiala-internationala","tag-videoclip","resize-featured-image"],"yoast_head":"<!-- This site is optimized with the Yoast SEO Premium plugin v23.3 (Yoast SEO v27.4) - https:\/\/yoast.com\/product\/yoast-seo-premium-wordpress\/ -->\n<title>Un OZN misterios se \u00eendreapt\u0103 spre aurora austral\u0103, fiind filmat de sus, de pe Sta\u0163ia Spa\u0163ial\u0103 Interna\u0163ional\u0103 - Secretele lui Lovendal<\/title>\n<meta name=\"robots\" content=\"index, follow, max-snippet:-1, max-image-preview:large, max-video-preview:-1\" \/>\n<link rel=\"canonical\" href=\"https:\/\/www.lovendal.ro\/wp52\/un-ozn-misterios-se-indreapta-spre-aurora-australa-fiind-filmat-de-sus-de-pe-statia-spatiala-internationala\/\" \/>\n<meta property=\"og:locale\" content=\"ro_RO\" \/>\n<meta property=\"og:type\" content=\"article\" \/>\n<meta property=\"og:title\" content=\"Un OZN misterios se \u00eendreapt\u0103 spre aurora austral\u0103, fiind filmat de sus, de pe Sta\u0163ia Spa\u0163ial\u0103 Interna\u0163ional\u0103\" \/>\n<meta property=\"og:description\" content=\"Iat\u0103 \u00een continuare un videoclip uimitor care arat\u0103 un OZN \u00eendrept\u00e2ndu-se spre aurora austral\u0103; videoclipul a fost \u00eenregistrat de echipa celei de-a 30-a expedi\u0163ii la bordul Sta\u0163iei Spa\u0163iale Interna\u0163ionale (International Space Station). Aceast\u0103 secven\u0163\u0103 a fost filmat\u0103 pe 10 martie ... Cititi mai multe\" \/>\n<meta property=\"og:url\" content=\"https:\/\/www.lovendal.ro\/wp52\/un-ozn-misterios-se-indreapta-spre-aurora-australa-fiind-filmat-de-sus-de-pe-statia-spatiala-internationala\/\" \/>\n<meta property=\"og:site_name\" content=\"Secretele lui Lovendal\" \/>\n<meta property=\"article:publisher\" content=\"https:\/\/www.facebook.com\/secreteleluilovendal\" \/>\n<meta property=\"article:published_time\" content=\"2012-04-22T08:55:29+00:00\" \/>\n<meta property=\"og:image\" content=\"https:\/\/www.lovendal.ro\/wp52\/wp-content\/uploads\/2012\/04\/OZN-pe-statia-spatiala-internationala.jpg\" \/>\n\t<meta property=\"og:image:width\" content=\"305\" \/>\n\t<meta property=\"og:image:height\" content=\"172\" \/>\n\t<meta property=\"og:image:type\" content=\"image\/jpeg\" \/>\n<meta name=\"author\" content=\"admin\" \/>\n<meta name=\"twitter:card\" content=\"summary_large_image\" \/>\n<meta name=\"twitter:label1\" content=\"Scris de\" \/>\n\t<meta name=\"twitter:data1\" content=\"admin\" \/>\n\t<meta name=\"twitter:label2\" content=\"Timp estimat pentru citire\" \/>\n\t<meta name=\"twitter:data2\" content=\"1 minut\" \/>\n<script type=\"application\/ld+json\" class=\"yoast-schema-graph\">{\"@context\":\"https:\\\/\\\/schema.org\",\"@graph\":[{\"@type\":\"Article\",\"@id\":\"https:\\\/\\\/www.lovendal.ro\\\/wp52\\\/un-ozn-misterios-se-indreapta-spre-aurora-australa-fiind-filmat-de-sus-de-pe-statia-spatiala-internationala\\\/#article\",\"isPartOf\":{\"@id\":\"https:\\\/\\\/www.lovendal.ro\\\/wp52\\\/un-ozn-misterios-se-indreapta-spre-aurora-australa-fiind-filmat-de-sus-de-pe-statia-spatiala-internationala\\\/\"},\"author\":{\"name\":\"admin\",\"@id\":\"https:\\\/\\\/www.lovendal.ro\\\/wp52\\\/#\\\/schema\\\/person\\\/088691de5dfc346bb0c023e1e52ef5d9\"},\"headline\":\"Un OZN misterios se \u00eendreapt\u0103 spre aurora austral\u0103, fiind filmat de sus, de pe Sta\u0163ia Spa\u0163ial\u0103 Interna\u0163ional\u0103\",\"datePublished\":\"2012-04-22T08:55:29+00:00\",\"mainEntityOfPage\":{\"@id\":\"https:\\\/\\\/www.lovendal.ro\\\/wp52\\\/un-ozn-misterios-se-indreapta-spre-aurora-australa-fiind-filmat-de-sus-de-pe-statia-spatiala-internationala\\\/\"},\"wordCount\":202,\"commentCount\":14,\"publisher\":{\"@id\":\"https:\\\/\\\/www.lovendal.ro\\\/wp52\\\/#organization\"},\"image\":{\"@id\":\"https:\\\/\\\/www.lovendal.ro\\\/wp52\\\/un-ozn-misterios-se-indreapta-spre-aurora-australa-fiind-filmat-de-sus-de-pe-statia-spatiala-internationala\\\/#primaryimage\"},\"thumbnailUrl\":\"https:\\\/\\\/www.lovendal.ro\\\/wp52\\\/wp-content\\\/uploads\\\/2012\\\/04\\\/OZN-pe-statia-spatiala-internationala.jpg\",\"keywords\":[\"aurora austral\u0103\",\"aurora polar\u0103\",\"Australia\",\"Noua Zeeland\u0103\",\"Oceanul Indian\",\"OZN\",\"P\u0103m\u00e2nt\",\"Paranormal-Spiritualitate\",\"satelit\",\"Sta\u0163ia Spa\u0163ial\u0103 Interna\u0163ional\u0103\",\"videoclip\"],\"articleSection\":[\"Paranormal-Spiritualitate\"],\"inLanguage\":\"ro-RO\",\"potentialAction\":[{\"@type\":\"CommentAction\",\"name\":\"Comment\",\"target\":[\"https:\\\/\\\/www.lovendal.ro\\\/wp52\\\/un-ozn-misterios-se-indreapta-spre-aurora-australa-fiind-filmat-de-sus-de-pe-statia-spatiala-internationala\\\/#respond\"]}]},{\"@type\":\"WebPage\",\"@id\":\"https:\\\/\\\/www.lovendal.ro\\\/wp52\\\/un-ozn-misterios-se-indreapta-spre-aurora-australa-fiind-filmat-de-sus-de-pe-statia-spatiala-internationala\\\/\",\"url\":\"https:\\\/\\\/www.lovendal.ro\\\/wp52\\\/un-ozn-misterios-se-indreapta-spre-aurora-australa-fiind-filmat-de-sus-de-pe-statia-spatiala-internationala\\\/\",\"name\":\"Un OZN misterios se \u00eendreapt\u0103 spre aurora austral\u0103, fiind filmat de sus, de pe Sta\u0163ia Spa\u0163ial\u0103 Interna\u0163ional\u0103 - Secretele lui Lovendal\",\"isPartOf\":{\"@id\":\"https:\\\/\\\/www.lovendal.ro\\\/wp52\\\/#website\"},\"primaryImageOfPage\":{\"@id\":\"https:\\\/\\\/www.lovendal.ro\\\/wp52\\\/un-ozn-misterios-se-indreapta-spre-aurora-australa-fiind-filmat-de-sus-de-pe-statia-spatiala-internationala\\\/#primaryimage\"},\"image\":{\"@id\":\"https:\\\/\\\/www.lovendal.ro\\\/wp52\\\/un-ozn-misterios-se-indreapta-spre-aurora-australa-fiind-filmat-de-sus-de-pe-statia-spatiala-internationala\\\/#primaryimage\"},\"thumbnailUrl\":\"https:\\\/\\\/www.lovendal.ro\\\/wp52\\\/wp-content\\\/uploads\\\/2012\\\/04\\\/OZN-pe-statia-spatiala-internationala.jpg\",\"datePublished\":\"2012-04-22T08:55:29+00:00\",\"breadcrumb\":{\"@id\":\"https:\\\/\\\/www.lovendal.ro\\\/wp52\\\/un-ozn-misterios-se-indreapta-spre-aurora-australa-fiind-filmat-de-sus-de-pe-statia-spatiala-internationala\\\/#breadcrumb\"},\"inLanguage\":\"ro-RO\",\"potentialAction\":[{\"@type\":\"ReadAction\",\"target\":[\"https:\\\/\\\/www.lovendal.ro\\\/wp52\\\/un-ozn-misterios-se-indreapta-spre-aurora-australa-fiind-filmat-de-sus-de-pe-statia-spatiala-internationala\\\/\"]}]},{\"@type\":\"ImageObject\",\"inLanguage\":\"ro-RO\",\"@id\":\"https:\\\/\\\/www.lovendal.ro\\\/wp52\\\/un-ozn-misterios-se-indreapta-spre-aurora-australa-fiind-filmat-de-sus-de-pe-statia-spatiala-internationala\\\/#primaryimage\",\"url\":\"https:\\\/\\\/www.lovendal.ro\\\/wp52\\\/wp-content\\\/uploads\\\/2012\\\/04\\\/OZN-pe-statia-spatiala-internationala.jpg\",\"contentUrl\":\"https:\\\/\\\/www.lovendal.ro\\\/wp52\\\/wp-content\\\/uploads\\\/2012\\\/04\\\/OZN-pe-statia-spatiala-internationala.jpg\",\"width\":\"305\",\"height\":\"172\"},{\"@type\":\"BreadcrumbList\",\"@id\":\"https:\\\/\\\/www.lovendal.ro\\\/wp52\\\/un-ozn-misterios-se-indreapta-spre-aurora-australa-fiind-filmat-de-sus-de-pe-statia-spatiala-internationala\\\/#breadcrumb\",\"itemListElement\":[{\"@type\":\"ListItem\",\"position\":1,\"name\":\"Home\",\"item\":\"https:\\\/\\\/www.lovendal.ro\\\/wp52\\\/\"},{\"@type\":\"ListItem\",\"position\":2,\"name\":\"Un OZN misterios se \u00eendreapt\u0103 spre aurora austral\u0103, fiind filmat de sus, de pe Sta\u0163ia Spa\u0163ial\u0103 Interna\u0163ional\u0103\"}]},{\"@type\":\"WebSite\",\"@id\":\"https:\\\/\\\/www.lovendal.ro\\\/wp52\\\/#website\",\"url\":\"https:\\\/\\\/www.lovendal.ro\\\/wp52\\\/\",\"name\":\"Secretele lui Lovendal\",\"description\":\"Site de secrete, stiinta si metafizica - din 2008 -\",\"publisher\":{\"@id\":\"https:\\\/\\\/www.lovendal.ro\\\/wp52\\\/#organization\"},\"potentialAction\":[{\"@type\":\"SearchAction\",\"target\":{\"@type\":\"EntryPoint\",\"urlTemplate\":\"https:\\\/\\\/www.lovendal.ro\\\/wp52\\\/?s={search_term_string}\"},\"query-input\":{\"@type\":\"PropertyValueSpecification\",\"valueRequired\":true,\"valueName\":\"search_term_string\"}}],\"inLanguage\":\"ro-RO\"},{\"@type\":\"Organization\",\"@id\":\"https:\\\/\\\/www.lovendal.ro\\\/wp52\\\/#organization\",\"name\":\"Secretele lui Lovendal\",\"url\":\"https:\\\/\\\/www.lovendal.ro\\\/wp52\\\/\",\"logo\":{\"@type\":\"ImageObject\",\"inLanguage\":\"ro-RO\",\"@id\":\"https:\\\/\\\/www.lovendal.ro\\\/wp52\\\/#\\\/schema\\\/logo\\\/image\\\/\",\"url\":\"https:\\\/\\\/www.lovendal.ro\\\/wp52\\\/wp-content\\\/uploads\\\/2024\\\/06\\\/cropped-SLL-iun-2024-1.jpg\",\"contentUrl\":\"https:\\\/\\\/www.lovendal.ro\\\/wp52\\\/wp-content\\\/uploads\\\/2024\\\/06\\\/cropped-SLL-iun-2024-1.jpg\",\"width\":771,\"height\":240,\"caption\":\"Secretele lui Lovendal\"},\"image\":{\"@id\":\"https:\\\/\\\/www.lovendal.ro\\\/wp52\\\/#\\\/schema\\\/logo\\\/image\\\/\"},\"sameAs\":[\"https:\\\/\\\/www.facebook.com\\\/secreteleluilovendal\"]},{\"@type\":\"Person\",\"@id\":\"https:\\\/\\\/www.lovendal.ro\\\/wp52\\\/#\\\/schema\\\/person\\\/088691de5dfc346bb0c023e1e52ef5d9\",\"name\":\"admin\",\"image\":{\"@type\":\"ImageObject\",\"inLanguage\":\"ro-RO\",\"@id\":\"https:\\\/\\\/secure.gravatar.com\\\/avatar\\\/ecb9cd41f5f63c9c9b989999a59f6e2639a865ec361e9db054db0679a8f341c2?s=96&d=mm&r=g\",\"url\":\"https:\\\/\\\/secure.gravatar.com\\\/avatar\\\/ecb9cd41f5f63c9c9b989999a59f6e2639a865ec361e9db054db0679a8f341c2?s=96&d=mm&r=g\",\"contentUrl\":\"https:\\\/\\\/secure.gravatar.com\\\/avatar\\\/ecb9cd41f5f63c9c9b989999a59f6e2639a865ec361e9db054db0679a8f341c2?s=96&d=mm&r=g\",\"caption\":\"admin\"},\"sameAs\":[\"https:\\\/\\\/www.lovendal.ro\\\/wp52\"]}]}<\/script>\n<!-- \/ Yoast SEO Premium plugin. -->","yoast_head_json":{"title":"Un OZN misterios se \u00eendreapt\u0103 spre aurora austral\u0103, fiind filmat de sus, de pe Sta\u0163ia Spa\u0163ial\u0103 Interna\u0163ional\u0103 - Secretele lui Lovendal","robots":{"index":"index","follow":"follow","max-snippet":"max-snippet:-1","max-image-preview":"max-image-preview:large","max-video-preview":"max-video-preview:-1"},"canonical":"https:\/\/www.lovendal.ro\/wp52\/un-ozn-misterios-se-indreapta-spre-aurora-australa-fiind-filmat-de-sus-de-pe-statia-spatiala-internationala\/","og_locale":"ro_RO","og_type":"article","og_title":"Un OZN misterios se \u00eendreapt\u0103 spre aurora austral\u0103, fiind filmat de sus, de pe Sta\u0163ia Spa\u0163ial\u0103 Interna\u0163ional\u0103","og_description":"Iat\u0103 \u00een continuare un videoclip uimitor care arat\u0103 un OZN \u00eendrept\u00e2ndu-se spre aurora austral\u0103; videoclipul a fost \u00eenregistrat de echipa celei de-a 30-a expedi\u0163ii la bordul Sta\u0163iei Spa\u0163iale Interna\u0163ionale (International Space Station). Aceast\u0103 secven\u0163\u0103 a fost filmat\u0103 pe 10 martie ... Cititi mai multe","og_url":"https:\/\/www.lovendal.ro\/wp52\/un-ozn-misterios-se-indreapta-spre-aurora-australa-fiind-filmat-de-sus-de-pe-statia-spatiala-internationala\/","og_site_name":"Secretele lui Lovendal","article_publisher":"https:\/\/www.facebook.com\/secreteleluilovendal","article_published_time":"2012-04-22T08:55:29+00:00","og_image":[{"width":305,"height":172,"url":"https:\/\/www.lovendal.ro\/wp52\/wp-content\/uploads\/2012\/04\/OZN-pe-statia-spatiala-internationala.jpg","type":"image\/jpeg"}],"author":"admin","twitter_card":"summary_large_image","twitter_misc":{"Scris de":"admin","Timp estimat pentru citire":"1 minut"},"schema":{"@context":"https:\/\/schema.org","@graph":[{"@type":"Article","@id":"https:\/\/www.lovendal.ro\/wp52\/un-ozn-misterios-se-indreapta-spre-aurora-australa-fiind-filmat-de-sus-de-pe-statia-spatiala-internationala\/#article","isPartOf":{"@id":"https:\/\/www.lovendal.ro\/wp52\/un-ozn-misterios-se-indreapta-spre-aurora-australa-fiind-filmat-de-sus-de-pe-statia-spatiala-internationala\/"},"author":{"name":"admin","@id":"https:\/\/www.lovendal.ro\/wp52\/#\/schema\/person\/088691de5dfc346bb0c023e1e52ef5d9"},"headline":"Un OZN misterios se \u00eendreapt\u0103 spre aurora austral\u0103, fiind filmat de sus, de pe Sta\u0163ia Spa\u0163ial\u0103 Interna\u0163ional\u0103","datePublished":"2012-04-22T08:55:29+00:00","mainEntityOfPage":{"@id":"https:\/\/www.lovendal.ro\/wp52\/un-ozn-misterios-se-indreapta-spre-aurora-australa-fiind-filmat-de-sus-de-pe-statia-spatiala-internationala\/"},"wordCount":202,"commentCount":14,"publisher":{"@id":"https:\/\/www.lovendal.ro\/wp52\/#organization"},"image":{"@id":"https:\/\/www.lovendal.ro\/wp52\/un-ozn-misterios-se-indreapta-spre-aurora-australa-fiind-filmat-de-sus-de-pe-statia-spatiala-internationala\/#primaryimage"},"thumbnailUrl":"https:\/\/www.lovendal.ro\/wp52\/wp-content\/uploads\/2012\/04\/OZN-pe-statia-spatiala-internationala.jpg","keywords":["aurora austral\u0103","aurora polar\u0103","Australia","Noua Zeeland\u0103","Oceanul Indian","OZN","P\u0103m\u00e2nt","Paranormal-Spiritualitate","satelit","Sta\u0163ia Spa\u0163ial\u0103 Interna\u0163ional\u0103","videoclip"],"articleSection":["Paranormal-Spiritualitate"],"inLanguage":"ro-RO","potentialAction":[{"@type":"CommentAction","name":"Comment","target":["https:\/\/www.lovendal.ro\/wp52\/un-ozn-misterios-se-indreapta-spre-aurora-australa-fiind-filmat-de-sus-de-pe-statia-spatiala-internationala\/#respond"]}]},{"@type":"WebPage","@id":"https:\/\/www.lovendal.ro\/wp52\/un-ozn-misterios-se-indreapta-spre-aurora-australa-fiind-filmat-de-sus-de-pe-statia-spatiala-internationala\/","url":"https:\/\/www.lovendal.ro\/wp52\/un-ozn-misterios-se-indreapta-spre-aurora-australa-fiind-filmat-de-sus-de-pe-statia-spatiala-internationala\/","name":"Un OZN misterios se \u00eendreapt\u0103 spre aurora austral\u0103, fiind filmat de sus, de pe Sta\u0163ia Spa\u0163ial\u0103 Interna\u0163ional\u0103 - Secretele lui Lovendal","isPartOf":{"@id":"https:\/\/www.lovendal.ro\/wp52\/#website"},"primaryImageOfPage":{"@id":"https:\/\/www.lovendal.ro\/wp52\/un-ozn-misterios-se-indreapta-spre-aurora-australa-fiind-filmat-de-sus-de-pe-statia-spatiala-internationala\/#primaryimage"},"image":{"@id":"https:\/\/www.lovendal.ro\/wp52\/un-ozn-misterios-se-indreapta-spre-aurora-australa-fiind-filmat-de-sus-de-pe-statia-spatiala-internationala\/#primaryimage"},"thumbnailUrl":"https:\/\/www.lovendal.ro\/wp52\/wp-content\/uploads\/2012\/04\/OZN-pe-statia-spatiala-internationala.jpg","datePublished":"2012-04-22T08:55:29+00:00","breadcrumb":{"@id":"https:\/\/www.lovendal.ro\/wp52\/un-ozn-misterios-se-indreapta-spre-aurora-australa-fiind-filmat-de-sus-de-pe-statia-spatiala-internationala\/#breadcrumb"},"inLanguage":"ro-RO","potentialAction":[{"@type":"ReadAction","target":["https:\/\/www.lovendal.ro\/wp52\/un-ozn-misterios-se-indreapta-spre-aurora-australa-fiind-filmat-de-sus-de-pe-statia-spatiala-internationala\/"]}]},{"@type":"ImageObject","inLanguage":"ro-RO","@id":"https:\/\/www.lovendal.ro\/wp52\/un-ozn-misterios-se-indreapta-spre-aurora-australa-fiind-filmat-de-sus-de-pe-statia-spatiala-internationala\/#primaryimage","url":"https:\/\/www.lovendal.ro\/wp52\/wp-content\/uploads\/2012\/04\/OZN-pe-statia-spatiala-internationala.jpg","contentUrl":"https:\/\/www.lovendal.ro\/wp52\/wp-content\/uploads\/2012\/04\/OZN-pe-statia-spatiala-internationala.jpg","width":"305","height":"172"},{"@type":"BreadcrumbList","@id":"https:\/\/www.lovendal.ro\/wp52\/un-ozn-misterios-se-indreapta-spre-aurora-australa-fiind-filmat-de-sus-de-pe-statia-spatiala-internationala\/#breadcrumb","itemListElement":[{"@type":"ListItem","position":1,"name":"Home","item":"https:\/\/www.lovendal.ro\/wp52\/"},{"@type":"ListItem","position":2,"name":"Un OZN misterios se \u00eendreapt\u0103 spre aurora austral\u0103, fiind filmat de sus, de pe Sta\u0163ia Spa\u0163ial\u0103 Interna\u0163ional\u0103"}]},{"@type":"WebSite","@id":"https:\/\/www.lovendal.ro\/wp52\/#website","url":"https:\/\/www.lovendal.ro\/wp52\/","name":"Secretele lui Lovendal","description":"Site de secrete, stiinta si metafizica - din 2008 -","publisher":{"@id":"https:\/\/www.lovendal.ro\/wp52\/#organization"},"potentialAction":[{"@type":"SearchAction","target":{"@type":"EntryPoint","urlTemplate":"https:\/\/www.lovendal.ro\/wp52\/?s={search_term_string}"},"query-input":{"@type":"PropertyValueSpecification","valueRequired":true,"valueName":"search_term_string"}}],"inLanguage":"ro-RO"},{"@type":"Organization","@id":"https:\/\/www.lovendal.ro\/wp52\/#organization","name":"Secretele lui Lovendal","url":"https:\/\/www.lovendal.ro\/wp52\/","logo":{"@type":"ImageObject","inLanguage":"ro-RO","@id":"https:\/\/www.lovendal.ro\/wp52\/#\/schema\/logo\/image\/","url":"https:\/\/www.lovendal.ro\/wp52\/wp-content\/uploads\/2024\/06\/cropped-SLL-iun-2024-1.jpg","contentUrl":"https:\/\/www.lovendal.ro\/wp52\/wp-content\/uploads\/2024\/06\/cropped-SLL-iun-2024-1.jpg","width":771,"height":240,"caption":"Secretele lui Lovendal"},"image":{"@id":"https:\/\/www.lovendal.ro\/wp52\/#\/schema\/logo\/image\/"},"sameAs":["https:\/\/www.facebook.com\/secreteleluilovendal"]},{"@type":"Person","@id":"https:\/\/www.lovendal.ro\/wp52\/#\/schema\/person\/088691de5dfc346bb0c023e1e52ef5d9","name":"admin","image":{"@type":"ImageObject","inLanguage":"ro-RO","@id":"https:\/\/secure.gravatar.com\/avatar\/ecb9cd41f5f63c9c9b989999a59f6e2639a865ec361e9db054db0679a8f341c2?s=96&d=mm&r=g","url":"https:\/\/secure.gravatar.com\/avatar\/ecb9cd41f5f63c9c9b989999a59f6e2639a865ec361e9db054db0679a8f341c2?s=96&d=mm&r=g","contentUrl":"https:\/\/secure.gravatar.com\/avatar\/ecb9cd41f5f63c9c9b989999a59f6e2639a865ec361e9db054db0679a8f341c2?s=96&d=mm&r=g","caption":"admin"},"sameAs":["https:\/\/www.lovendal.ro\/wp52"]}]}},"_links":{"self":[{"href":"https:\/\/www.lovendal.ro\/wp52\/wp-json\/wp\/v2\/posts\/23213","targetHints":{"allow":["GET"]}}],"collection":[{"href":"https:\/\/www.lovendal.ro\/wp52\/wp-json\/wp\/v2\/posts"}],"about":[{"href":"https:\/\/www.lovendal.ro\/wp52\/wp-json\/wp\/v2\/types\/post"}],"author":[{"embeddable":true,"href":"https:\/\/www.lovendal.ro\/wp52\/wp-json\/wp\/v2\/users\/1"}],"replies":[{"embeddable":true,"href":"https:\/\/www.lovendal.ro\/wp52\/wp-json\/wp\/v2\/comments?post=23213"}],"version-history":[{"count":0,"href":"https:\/\/www.lovendal.ro\/wp52\/wp-json\/wp\/v2\/posts\/23213\/revisions"}],"wp:featuredmedia":[{"embeddable":true,"href":"https:\/\/www.lovendal.ro\/wp52\/wp-json\/wp\/v2\/media\/23214"}],"wp:attachment":[{"href":"https:\/\/www.lovendal.ro\/wp52\/wp-json\/wp\/v2\/media?parent=23213"}],"wp:term":[{"taxonomy":"category","embeddable":true,"href":"https:\/\/www.lovendal.ro\/wp52\/wp-json\/wp\/v2\/categories?post=23213"},{"taxonomy":"post_tag","embeddable":true,"href":"https:\/\/www.lovendal.ro\/wp52\/wp-json\/wp\/v2\/tags?post=23213"}],"curies":[{"name":"wp","href":"https:\/\/api.w.org\/{rel}","templated":true}]}}