{"id":23072,"date":"2012-04-12T21:30:52","date_gmt":"2012-04-12T19:30:52","guid":{"rendered":"http:\/\/www.lovendal.net\/wp52\/?p=23072"},"modified":"2015-03-11T08:41:14","modified_gmt":"2015-03-11T06:41:14","slug":"un-cardinal-catolic-nu-crede-in-povestea-lui-adam-si-eva-ar-trebui-dat-afara","status":"publish","type":"post","link":"https:\/\/www.lovendal.ro\/wp52\/un-cardinal-catolic-nu-crede-in-povestea-lui-adam-si-eva-ar-trebui-dat-afara\/","title":{"rendered":"Un cardinal catolic nu crede \u00een povestea lui Adam \u015fi Eva\u2026 Ar trebui dat afar\u0103!"},"content":{"rendered":"<p><img loading=\"lazy\" decoding=\"async\" class=\"alignleft size-medium wp-image-37952\" src=\"https:\/\/www.lovendal.ro\/wp52\/wp-content\/uploads\/2012\/04\/adam-si-eva-98-300x276.jpg\" alt=\"adam si eva 98\" width=\"300\" height=\"276\" srcset=\"https:\/\/www.lovendal.ro\/wp52\/wp-content\/uploads\/2012\/04\/adam-si-eva-98-300x276.jpg 300w, https:\/\/www.lovendal.ro\/wp52\/wp-content\/uploads\/2012\/04\/adam-si-eva-98.jpg 335w\" sizes=\"auto, (max-width: 300px) 100vw, 300px\" \/>Prezint o \u015ftire \u015focant\u0103 ap\u0103rut\u0103 pe <a href=\"http:\/\/au.news.yahoo.com\/thewest\/a\/-\/newshome\/13381016\/pell-says-adam-and-eve-didnt-exist\/\" target=\"_blank\"><strong>Yahoo News<\/strong><\/a>:<\/p>\n<p>\u00cen comentarii care ar putea s\u0103-i \u015focheze pe mul\u0163i catolici, cardinalul Bisericii Catolice George Pell a descris povestea biblic\u0103 a lui Adam \u015fi Eva ca fiind un mit. El a f\u0103cut aceast\u0103 afirma\u0163ie \u00een cadrul unei emisiuni TV, la care a participat \u015fi celebrul biolog \u015fi ateist, Richard Dawkins. Cardinalul Pell crede c\u0103 existen\u0163a lui Adam \u015fi Eva nu e o chestiune \u015ftiin\u0163ific\u0103, ci mitologic\u0103: <em>&#8222;E o mitologie foarte sofisticat\u0103 \u00een a \u00eencerca a explica r\u0103ul \u015fi suferin\u0163a \u00een lume&#8221;<\/em>, a spus oficialul catolic.<em> &#8222;E o poveste spus\u0103 \u00een scopuri religioase&#8221;.<\/em> Conform Genezei, Dumnezeu i-a creat pe Adam \u015fi Eva, ca fiind primul b\u0103rbat \u015fi prima femeie, iar to\u0163i oamenii descind din ei.<\/p>\n<p>P.S. Dac\u0103 un cardinal catolic pune la \u00eendoial\u0103 existen\u0163a lui Adam \u015fi Eva, atunci pune la \u00eendoial\u0103 to\u0163i descenden\u0163ii lor \u015fi deci \u00eentregul Vechi Testament, dar \u015fi p\u0103r\u0163i importante din Noul Testament. De fapt, pune la \u00eendoial\u0103 totul. Eu cred c\u0103 acest cardinal este un &#8222;lup&#8221; \u00eembr\u0103cat \u00een blan\u0103 de oaie, ce ar trebui dat afar\u0103 imediat din Biserica Catolic\u0103.<\/p>\n<p>Sau poate c\u0103 acest a\u015fa-zis cardinal &#8222;cre\u015ftin&#8221; dac\u0103 nu crede \u00een Biblie, ar trebui s\u0103 cread\u0103 \u00een anumite puncte de vedere \u015ftiin\u0163ifice care sus\u0163in povestea biblic\u0103. Citez din urm\u0103toarele surse:<br \/>\n* Thomas Maugh: <em>&#8222;Noi dovezi indic\u0103 o Ev\u0103 preistoric\u0103&#8221;<\/em>, publicat \u00een <em>&#8222;Los Angeles Times&#8221;<\/em>;<br \/>\n* Michael Brown:<em> &#8222;C\u0103utarea lui Eva&#8221;<\/em>, 1990, Harper&amp;Row;<br \/>\n* John Tierney, Linda Wright:<em> &#8222;\u00cen c\u0103utarea lui Adam \u015fi Eva&#8221;<\/em>, articol publicat \u00een revista <em>&#8222;Newsweek&#8221; <\/em>din 11 ianuarie 1988.<\/p>\n<p>ADN-ul mitocondrial e diferit de ADN-ul nucleului prin aceea c\u0103 are doar 37 de gene, comparativ cu un estimativ de 100.000 (&#8230;) \u00een nucleul celulei (&#8230;) \u00cen 1989, oamenii de \u015ftiin\u0163\u0103 au ajuns la concluzia c\u0103, prin compara\u0163ia ADN-ului mitocondrial al diferitelor rase de oameni, au ajuns la concluzia c\u0103 acesta a provenit de la o singur\u0103 femeie, ce a tr\u0103it \u00een urm\u0103 cu 100.000-200.000 de ani. Aceast\u0103 \u015ftire a fost prezentat\u0103 pe larg \u00een pres\u0103. C\u00e2\u0163iva ani mai t\u00e2rziu, oamenii de \u015ftiin\u0163\u0103 au m\u0103surat rata muta\u0163iilor mitocondriale \u015fi au descoperit c\u0103 ea este de 20 de ori mai rapid\u0103 dec\u00e2t s-a raportat ini\u0163ial. Aceasta \u00eenseamn\u0103 c\u0103 aceast\u0103 femeie nu a tr\u0103it \u00een urm\u0103 cu 100.000-200.000 de ani \u00een lume, ci cu 5.000-10.000 de ani \u00een urm\u0103. Aceast\u0103 dat\u0103 se apropie foarte mult de povestea biblic\u0103 a lui Adam \u015fi Eva. Din p\u0103cate, aceast\u0103 informa\u0163ie nu a fost prezentat\u0103 pe larg \u00een lume.<\/p>\n","protected":false},"excerpt":{"rendered":"<p>Prezint o \u015ftire \u015focant\u0103 ap\u0103rut\u0103 pe Yahoo News: \u00cen comentarii care ar putea s\u0103-i \u015focheze pe mul\u0163i catolici, cardinalul Bisericii Catolice George Pell a descris povestea biblic\u0103 a lui Adam \u015fi Eva ca fiind un mit. El a f\u0103cut aceast\u0103 &#8230; <\/p>\n<p class=\"read-more-container\"><a title=\"Un cardinal catolic nu crede \u00een povestea lui Adam \u015fi Eva\u2026 Ar trebui dat afar\u0103!\" class=\"read-more button\" href=\"https:\/\/www.lovendal.ro\/wp52\/un-cardinal-catolic-nu-crede-in-povestea-lui-adam-si-eva-ar-trebui-dat-afara\/#more-23072\" aria-label=\"Cite\u0219te mai multe despre Un cardinal catolic nu crede \u00een povestea lui Adam \u015fi Eva\u2026 Ar trebui dat afar\u0103!\">Cititi mai multe<\/a><\/p>\n","protected":false},"author":1,"featured_media":37952,"comment_status":"open","ping_status":"closed","sticky":false,"template":"","format":"standard","meta":{"footnotes":""},"categories":[14],"tags":[1699,415,139,60,1415,2005,211,4651,1700,1121,9796,2628],"class_list":["post-23072","post","type-post","status-publish","format-standard","has-post-thumbnail","hentry","category-paranormal-spiritualitate","tag-adam","tag-adn","tag-australia","tag-biblie","tag-biserica-catolica","tag-cardinal","tag-crestinism","tag-dawkins","tag-eva","tag-femeie","tag-paranormal-spiritualitate","tag-vechiul-testament","resize-featured-image"],"yoast_head":"<!-- This site is optimized with the Yoast SEO Premium plugin v23.3 (Yoast SEO v27.4) - https:\/\/yoast.com\/product\/yoast-seo-premium-wordpress\/ -->\n<title>Un cardinal catolic nu crede \u00een povestea lui Adam \u015fi Eva\u2026 Ar trebui dat afar\u0103! - Secretele lui Lovendal<\/title>\n<meta name=\"robots\" content=\"index, follow, max-snippet:-1, max-image-preview:large, max-video-preview:-1\" \/>\n<link rel=\"canonical\" href=\"https:\/\/www.lovendal.ro\/wp52\/un-cardinal-catolic-nu-crede-in-povestea-lui-adam-si-eva-ar-trebui-dat-afara\/\" \/>\n<meta property=\"og:locale\" content=\"ro_RO\" \/>\n<meta property=\"og:type\" content=\"article\" \/>\n<meta property=\"og:title\" content=\"Un cardinal catolic nu crede \u00een povestea lui Adam \u015fi Eva\u2026 Ar trebui dat afar\u0103!\" \/>\n<meta property=\"og:description\" content=\"Prezint o \u015ftire \u015focant\u0103 ap\u0103rut\u0103 pe Yahoo News: \u00cen comentarii care ar putea s\u0103-i \u015focheze pe mul\u0163i catolici, cardinalul Bisericii Catolice George Pell a descris povestea biblic\u0103 a lui Adam \u015fi Eva ca fiind un mit. El a f\u0103cut aceast\u0103 ... Cititi mai multe\" \/>\n<meta property=\"og:url\" content=\"https:\/\/www.lovendal.ro\/wp52\/un-cardinal-catolic-nu-crede-in-povestea-lui-adam-si-eva-ar-trebui-dat-afara\/\" \/>\n<meta property=\"og:site_name\" content=\"Secretele lui Lovendal\" \/>\n<meta property=\"article:publisher\" content=\"https:\/\/www.facebook.com\/secreteleluilovendal\" \/>\n<meta property=\"article:published_time\" content=\"2012-04-12T19:30:52+00:00\" \/>\n<meta property=\"article:modified_time\" content=\"2015-03-11T06:41:14+00:00\" \/>\n<meta property=\"og:image\" content=\"https:\/\/www.lovendal.ro\/wp52\/wp-content\/uploads\/2012\/04\/adam-si-eva-98.jpg\" \/>\n\t<meta property=\"og:image:width\" content=\"335\" \/>\n\t<meta property=\"og:image:height\" content=\"309\" \/>\n\t<meta property=\"og:image:type\" content=\"image\/jpeg\" \/>\n<meta name=\"author\" content=\"admin\" \/>\n<meta name=\"twitter:card\" content=\"summary_large_image\" \/>\n<meta name=\"twitter:label1\" content=\"Scris de\" \/>\n\t<meta name=\"twitter:data1\" content=\"admin\" \/>\n\t<meta name=\"twitter:label2\" content=\"Timp estimat pentru citire\" \/>\n\t<meta name=\"twitter:data2\" content=\"2 minute\" \/>\n<script type=\"application\/ld+json\" class=\"yoast-schema-graph\">{\"@context\":\"https:\\\/\\\/schema.org\",\"@graph\":[{\"@type\":\"Article\",\"@id\":\"https:\\\/\\\/www.lovendal.ro\\\/wp52\\\/un-cardinal-catolic-nu-crede-in-povestea-lui-adam-si-eva-ar-trebui-dat-afara\\\/#article\",\"isPartOf\":{\"@id\":\"https:\\\/\\\/www.lovendal.ro\\\/wp52\\\/un-cardinal-catolic-nu-crede-in-povestea-lui-adam-si-eva-ar-trebui-dat-afara\\\/\"},\"author\":{\"name\":\"admin\",\"@id\":\"https:\\\/\\\/www.lovendal.ro\\\/wp52\\\/#\\\/schema\\\/person\\\/088691de5dfc346bb0c023e1e52ef5d9\"},\"headline\":\"Un cardinal catolic nu crede \u00een povestea lui Adam \u015fi Eva\u2026 Ar trebui dat afar\u0103!\",\"datePublished\":\"2012-04-12T19:30:52+00:00\",\"dateModified\":\"2015-03-11T06:41:14+00:00\",\"mainEntityOfPage\":{\"@id\":\"https:\\\/\\\/www.lovendal.ro\\\/wp52\\\/un-cardinal-catolic-nu-crede-in-povestea-lui-adam-si-eva-ar-trebui-dat-afara\\\/\"},\"wordCount\":447,\"commentCount\":21,\"publisher\":{\"@id\":\"https:\\\/\\\/www.lovendal.ro\\\/wp52\\\/#organization\"},\"image\":{\"@id\":\"https:\\\/\\\/www.lovendal.ro\\\/wp52\\\/un-cardinal-catolic-nu-crede-in-povestea-lui-adam-si-eva-ar-trebui-dat-afara\\\/#primaryimage\"},\"thumbnailUrl\":\"https:\\\/\\\/www.lovendal.ro\\\/wp52\\\/wp-content\\\/uploads\\\/2012\\\/04\\\/adam-si-eva-98.jpg\",\"keywords\":[\"Adam\",\"ADN\",\"Australia\",\"Biblie\",\"Biserica Catolic\u0103\",\"cardinal\",\"cre\u015ftinism\",\"Dawkins\",\"Eva\",\"femeie\",\"Paranormal-Spiritualitate\",\"Vechiul Testament\"],\"articleSection\":[\"Paranormal-Spiritualitate\"],\"inLanguage\":\"ro-RO\",\"potentialAction\":[{\"@type\":\"CommentAction\",\"name\":\"Comment\",\"target\":[\"https:\\\/\\\/www.lovendal.ro\\\/wp52\\\/un-cardinal-catolic-nu-crede-in-povestea-lui-adam-si-eva-ar-trebui-dat-afara\\\/#respond\"]}]},{\"@type\":\"WebPage\",\"@id\":\"https:\\\/\\\/www.lovendal.ro\\\/wp52\\\/un-cardinal-catolic-nu-crede-in-povestea-lui-adam-si-eva-ar-trebui-dat-afara\\\/\",\"url\":\"https:\\\/\\\/www.lovendal.ro\\\/wp52\\\/un-cardinal-catolic-nu-crede-in-povestea-lui-adam-si-eva-ar-trebui-dat-afara\\\/\",\"name\":\"Un cardinal catolic nu crede \u00een povestea lui Adam \u015fi Eva\u2026 Ar trebui dat afar\u0103! - Secretele lui Lovendal\",\"isPartOf\":{\"@id\":\"https:\\\/\\\/www.lovendal.ro\\\/wp52\\\/#website\"},\"primaryImageOfPage\":{\"@id\":\"https:\\\/\\\/www.lovendal.ro\\\/wp52\\\/un-cardinal-catolic-nu-crede-in-povestea-lui-adam-si-eva-ar-trebui-dat-afara\\\/#primaryimage\"},\"image\":{\"@id\":\"https:\\\/\\\/www.lovendal.ro\\\/wp52\\\/un-cardinal-catolic-nu-crede-in-povestea-lui-adam-si-eva-ar-trebui-dat-afara\\\/#primaryimage\"},\"thumbnailUrl\":\"https:\\\/\\\/www.lovendal.ro\\\/wp52\\\/wp-content\\\/uploads\\\/2012\\\/04\\\/adam-si-eva-98.jpg\",\"datePublished\":\"2012-04-12T19:30:52+00:00\",\"dateModified\":\"2015-03-11T06:41:14+00:00\",\"breadcrumb\":{\"@id\":\"https:\\\/\\\/www.lovendal.ro\\\/wp52\\\/un-cardinal-catolic-nu-crede-in-povestea-lui-adam-si-eva-ar-trebui-dat-afara\\\/#breadcrumb\"},\"inLanguage\":\"ro-RO\",\"potentialAction\":[{\"@type\":\"ReadAction\",\"target\":[\"https:\\\/\\\/www.lovendal.ro\\\/wp52\\\/un-cardinal-catolic-nu-crede-in-povestea-lui-adam-si-eva-ar-trebui-dat-afara\\\/\"]}]},{\"@type\":\"ImageObject\",\"inLanguage\":\"ro-RO\",\"@id\":\"https:\\\/\\\/www.lovendal.ro\\\/wp52\\\/un-cardinal-catolic-nu-crede-in-povestea-lui-adam-si-eva-ar-trebui-dat-afara\\\/#primaryimage\",\"url\":\"https:\\\/\\\/www.lovendal.ro\\\/wp52\\\/wp-content\\\/uploads\\\/2012\\\/04\\\/adam-si-eva-98.jpg\",\"contentUrl\":\"https:\\\/\\\/www.lovendal.ro\\\/wp52\\\/wp-content\\\/uploads\\\/2012\\\/04\\\/adam-si-eva-98.jpg\",\"width\":335,\"height\":309},{\"@type\":\"BreadcrumbList\",\"@id\":\"https:\\\/\\\/www.lovendal.ro\\\/wp52\\\/un-cardinal-catolic-nu-crede-in-povestea-lui-adam-si-eva-ar-trebui-dat-afara\\\/#breadcrumb\",\"itemListElement\":[{\"@type\":\"ListItem\",\"position\":1,\"name\":\"Home\",\"item\":\"https:\\\/\\\/www.lovendal.ro\\\/wp52\\\/\"},{\"@type\":\"ListItem\",\"position\":2,\"name\":\"Un cardinal catolic nu crede \u00een povestea lui Adam \u015fi Eva\u2026 Ar trebui dat afar\u0103!\"}]},{\"@type\":\"WebSite\",\"@id\":\"https:\\\/\\\/www.lovendal.ro\\\/wp52\\\/#website\",\"url\":\"https:\\\/\\\/www.lovendal.ro\\\/wp52\\\/\",\"name\":\"Secretele lui Lovendal\",\"description\":\"Site de secrete, stiinta si metafizica - din 2008 -\",\"publisher\":{\"@id\":\"https:\\\/\\\/www.lovendal.ro\\\/wp52\\\/#organization\"},\"potentialAction\":[{\"@type\":\"SearchAction\",\"target\":{\"@type\":\"EntryPoint\",\"urlTemplate\":\"https:\\\/\\\/www.lovendal.ro\\\/wp52\\\/?s={search_term_string}\"},\"query-input\":{\"@type\":\"PropertyValueSpecification\",\"valueRequired\":true,\"valueName\":\"search_term_string\"}}],\"inLanguage\":\"ro-RO\"},{\"@type\":\"Organization\",\"@id\":\"https:\\\/\\\/www.lovendal.ro\\\/wp52\\\/#organization\",\"name\":\"Secretele lui Lovendal\",\"url\":\"https:\\\/\\\/www.lovendal.ro\\\/wp52\\\/\",\"logo\":{\"@type\":\"ImageObject\",\"inLanguage\":\"ro-RO\",\"@id\":\"https:\\\/\\\/www.lovendal.ro\\\/wp52\\\/#\\\/schema\\\/logo\\\/image\\\/\",\"url\":\"https:\\\/\\\/www.lovendal.ro\\\/wp52\\\/wp-content\\\/uploads\\\/2024\\\/06\\\/cropped-SLL-iun-2024-1.jpg\",\"contentUrl\":\"https:\\\/\\\/www.lovendal.ro\\\/wp52\\\/wp-content\\\/uploads\\\/2024\\\/06\\\/cropped-SLL-iun-2024-1.jpg\",\"width\":771,\"height\":240,\"caption\":\"Secretele lui Lovendal\"},\"image\":{\"@id\":\"https:\\\/\\\/www.lovendal.ro\\\/wp52\\\/#\\\/schema\\\/logo\\\/image\\\/\"},\"sameAs\":[\"https:\\\/\\\/www.facebook.com\\\/secreteleluilovendal\"]},{\"@type\":\"Person\",\"@id\":\"https:\\\/\\\/www.lovendal.ro\\\/wp52\\\/#\\\/schema\\\/person\\\/088691de5dfc346bb0c023e1e52ef5d9\",\"name\":\"admin\",\"image\":{\"@type\":\"ImageObject\",\"inLanguage\":\"ro-RO\",\"@id\":\"https:\\\/\\\/secure.gravatar.com\\\/avatar\\\/ecb9cd41f5f63c9c9b989999a59f6e2639a865ec361e9db054db0679a8f341c2?s=96&d=mm&r=g\",\"url\":\"https:\\\/\\\/secure.gravatar.com\\\/avatar\\\/ecb9cd41f5f63c9c9b989999a59f6e2639a865ec361e9db054db0679a8f341c2?s=96&d=mm&r=g\",\"contentUrl\":\"https:\\\/\\\/secure.gravatar.com\\\/avatar\\\/ecb9cd41f5f63c9c9b989999a59f6e2639a865ec361e9db054db0679a8f341c2?s=96&d=mm&r=g\",\"caption\":\"admin\"},\"sameAs\":[\"https:\\\/\\\/www.lovendal.ro\\\/wp52\"]}]}<\/script>\n<!-- \/ Yoast SEO Premium plugin. -->","yoast_head_json":{"title":"Un cardinal catolic nu crede \u00een povestea lui Adam \u015fi Eva\u2026 Ar trebui dat afar\u0103! - Secretele lui Lovendal","robots":{"index":"index","follow":"follow","max-snippet":"max-snippet:-1","max-image-preview":"max-image-preview:large","max-video-preview":"max-video-preview:-1"},"canonical":"https:\/\/www.lovendal.ro\/wp52\/un-cardinal-catolic-nu-crede-in-povestea-lui-adam-si-eva-ar-trebui-dat-afara\/","og_locale":"ro_RO","og_type":"article","og_title":"Un cardinal catolic nu crede \u00een povestea lui Adam \u015fi Eva\u2026 Ar trebui dat afar\u0103!","og_description":"Prezint o \u015ftire \u015focant\u0103 ap\u0103rut\u0103 pe Yahoo News: \u00cen comentarii care ar putea s\u0103-i \u015focheze pe mul\u0163i catolici, cardinalul Bisericii Catolice George Pell a descris povestea biblic\u0103 a lui Adam \u015fi Eva ca fiind un mit. El a f\u0103cut aceast\u0103 ... Cititi mai multe","og_url":"https:\/\/www.lovendal.ro\/wp52\/un-cardinal-catolic-nu-crede-in-povestea-lui-adam-si-eva-ar-trebui-dat-afara\/","og_site_name":"Secretele lui Lovendal","article_publisher":"https:\/\/www.facebook.com\/secreteleluilovendal","article_published_time":"2012-04-12T19:30:52+00:00","article_modified_time":"2015-03-11T06:41:14+00:00","og_image":[{"width":335,"height":309,"url":"https:\/\/www.lovendal.ro\/wp52\/wp-content\/uploads\/2012\/04\/adam-si-eva-98.jpg","type":"image\/jpeg"}],"author":"admin","twitter_card":"summary_large_image","twitter_misc":{"Scris de":"admin","Timp estimat pentru citire":"2 minute"},"schema":{"@context":"https:\/\/schema.org","@graph":[{"@type":"Article","@id":"https:\/\/www.lovendal.ro\/wp52\/un-cardinal-catolic-nu-crede-in-povestea-lui-adam-si-eva-ar-trebui-dat-afara\/#article","isPartOf":{"@id":"https:\/\/www.lovendal.ro\/wp52\/un-cardinal-catolic-nu-crede-in-povestea-lui-adam-si-eva-ar-trebui-dat-afara\/"},"author":{"name":"admin","@id":"https:\/\/www.lovendal.ro\/wp52\/#\/schema\/person\/088691de5dfc346bb0c023e1e52ef5d9"},"headline":"Un cardinal catolic nu crede \u00een povestea lui Adam \u015fi Eva\u2026 Ar trebui dat afar\u0103!","datePublished":"2012-04-12T19:30:52+00:00","dateModified":"2015-03-11T06:41:14+00:00","mainEntityOfPage":{"@id":"https:\/\/www.lovendal.ro\/wp52\/un-cardinal-catolic-nu-crede-in-povestea-lui-adam-si-eva-ar-trebui-dat-afara\/"},"wordCount":447,"commentCount":21,"publisher":{"@id":"https:\/\/www.lovendal.ro\/wp52\/#organization"},"image":{"@id":"https:\/\/www.lovendal.ro\/wp52\/un-cardinal-catolic-nu-crede-in-povestea-lui-adam-si-eva-ar-trebui-dat-afara\/#primaryimage"},"thumbnailUrl":"https:\/\/www.lovendal.ro\/wp52\/wp-content\/uploads\/2012\/04\/adam-si-eva-98.jpg","keywords":["Adam","ADN","Australia","Biblie","Biserica Catolic\u0103","cardinal","cre\u015ftinism","Dawkins","Eva","femeie","Paranormal-Spiritualitate","Vechiul Testament"],"articleSection":["Paranormal-Spiritualitate"],"inLanguage":"ro-RO","potentialAction":[{"@type":"CommentAction","name":"Comment","target":["https:\/\/www.lovendal.ro\/wp52\/un-cardinal-catolic-nu-crede-in-povestea-lui-adam-si-eva-ar-trebui-dat-afara\/#respond"]}]},{"@type":"WebPage","@id":"https:\/\/www.lovendal.ro\/wp52\/un-cardinal-catolic-nu-crede-in-povestea-lui-adam-si-eva-ar-trebui-dat-afara\/","url":"https:\/\/www.lovendal.ro\/wp52\/un-cardinal-catolic-nu-crede-in-povestea-lui-adam-si-eva-ar-trebui-dat-afara\/","name":"Un cardinal catolic nu crede \u00een povestea lui Adam \u015fi Eva\u2026 Ar trebui dat afar\u0103! - Secretele lui Lovendal","isPartOf":{"@id":"https:\/\/www.lovendal.ro\/wp52\/#website"},"primaryImageOfPage":{"@id":"https:\/\/www.lovendal.ro\/wp52\/un-cardinal-catolic-nu-crede-in-povestea-lui-adam-si-eva-ar-trebui-dat-afara\/#primaryimage"},"image":{"@id":"https:\/\/www.lovendal.ro\/wp52\/un-cardinal-catolic-nu-crede-in-povestea-lui-adam-si-eva-ar-trebui-dat-afara\/#primaryimage"},"thumbnailUrl":"https:\/\/www.lovendal.ro\/wp52\/wp-content\/uploads\/2012\/04\/adam-si-eva-98.jpg","datePublished":"2012-04-12T19:30:52+00:00","dateModified":"2015-03-11T06:41:14+00:00","breadcrumb":{"@id":"https:\/\/www.lovendal.ro\/wp52\/un-cardinal-catolic-nu-crede-in-povestea-lui-adam-si-eva-ar-trebui-dat-afara\/#breadcrumb"},"inLanguage":"ro-RO","potentialAction":[{"@type":"ReadAction","target":["https:\/\/www.lovendal.ro\/wp52\/un-cardinal-catolic-nu-crede-in-povestea-lui-adam-si-eva-ar-trebui-dat-afara\/"]}]},{"@type":"ImageObject","inLanguage":"ro-RO","@id":"https:\/\/www.lovendal.ro\/wp52\/un-cardinal-catolic-nu-crede-in-povestea-lui-adam-si-eva-ar-trebui-dat-afara\/#primaryimage","url":"https:\/\/www.lovendal.ro\/wp52\/wp-content\/uploads\/2012\/04\/adam-si-eva-98.jpg","contentUrl":"https:\/\/www.lovendal.ro\/wp52\/wp-content\/uploads\/2012\/04\/adam-si-eva-98.jpg","width":335,"height":309},{"@type":"BreadcrumbList","@id":"https:\/\/www.lovendal.ro\/wp52\/un-cardinal-catolic-nu-crede-in-povestea-lui-adam-si-eva-ar-trebui-dat-afara\/#breadcrumb","itemListElement":[{"@type":"ListItem","position":1,"name":"Home","item":"https:\/\/www.lovendal.ro\/wp52\/"},{"@type":"ListItem","position":2,"name":"Un cardinal catolic nu crede \u00een povestea lui Adam \u015fi Eva\u2026 Ar trebui dat afar\u0103!"}]},{"@type":"WebSite","@id":"https:\/\/www.lovendal.ro\/wp52\/#website","url":"https:\/\/www.lovendal.ro\/wp52\/","name":"Secretele lui Lovendal","description":"Site de secrete, stiinta si metafizica - din 2008 -","publisher":{"@id":"https:\/\/www.lovendal.ro\/wp52\/#organization"},"potentialAction":[{"@type":"SearchAction","target":{"@type":"EntryPoint","urlTemplate":"https:\/\/www.lovendal.ro\/wp52\/?s={search_term_string}"},"query-input":{"@type":"PropertyValueSpecification","valueRequired":true,"valueName":"search_term_string"}}],"inLanguage":"ro-RO"},{"@type":"Organization","@id":"https:\/\/www.lovendal.ro\/wp52\/#organization","name":"Secretele lui Lovendal","url":"https:\/\/www.lovendal.ro\/wp52\/","logo":{"@type":"ImageObject","inLanguage":"ro-RO","@id":"https:\/\/www.lovendal.ro\/wp52\/#\/schema\/logo\/image\/","url":"https:\/\/www.lovendal.ro\/wp52\/wp-content\/uploads\/2024\/06\/cropped-SLL-iun-2024-1.jpg","contentUrl":"https:\/\/www.lovendal.ro\/wp52\/wp-content\/uploads\/2024\/06\/cropped-SLL-iun-2024-1.jpg","width":771,"height":240,"caption":"Secretele lui Lovendal"},"image":{"@id":"https:\/\/www.lovendal.ro\/wp52\/#\/schema\/logo\/image\/"},"sameAs":["https:\/\/www.facebook.com\/secreteleluilovendal"]},{"@type":"Person","@id":"https:\/\/www.lovendal.ro\/wp52\/#\/schema\/person\/088691de5dfc346bb0c023e1e52ef5d9","name":"admin","image":{"@type":"ImageObject","inLanguage":"ro-RO","@id":"https:\/\/secure.gravatar.com\/avatar\/ecb9cd41f5f63c9c9b989999a59f6e2639a865ec361e9db054db0679a8f341c2?s=96&d=mm&r=g","url":"https:\/\/secure.gravatar.com\/avatar\/ecb9cd41f5f63c9c9b989999a59f6e2639a865ec361e9db054db0679a8f341c2?s=96&d=mm&r=g","contentUrl":"https:\/\/secure.gravatar.com\/avatar\/ecb9cd41f5f63c9c9b989999a59f6e2639a865ec361e9db054db0679a8f341c2?s=96&d=mm&r=g","caption":"admin"},"sameAs":["https:\/\/www.lovendal.ro\/wp52"]}]}},"_links":{"self":[{"href":"https:\/\/www.lovendal.ro\/wp52\/wp-json\/wp\/v2\/posts\/23072","targetHints":{"allow":["GET"]}}],"collection":[{"href":"https:\/\/www.lovendal.ro\/wp52\/wp-json\/wp\/v2\/posts"}],"about":[{"href":"https:\/\/www.lovendal.ro\/wp52\/wp-json\/wp\/v2\/types\/post"}],"author":[{"embeddable":true,"href":"https:\/\/www.lovendal.ro\/wp52\/wp-json\/wp\/v2\/users\/1"}],"replies":[{"embeddable":true,"href":"https:\/\/www.lovendal.ro\/wp52\/wp-json\/wp\/v2\/comments?post=23072"}],"version-history":[{"count":0,"href":"https:\/\/www.lovendal.ro\/wp52\/wp-json\/wp\/v2\/posts\/23072\/revisions"}],"wp:featuredmedia":[{"embeddable":true,"href":"https:\/\/www.lovendal.ro\/wp52\/wp-json\/wp\/v2\/media\/37952"}],"wp:attachment":[{"href":"https:\/\/www.lovendal.ro\/wp52\/wp-json\/wp\/v2\/media?parent=23072"}],"wp:term":[{"taxonomy":"category","embeddable":true,"href":"https:\/\/www.lovendal.ro\/wp52\/wp-json\/wp\/v2\/categories?post=23072"},{"taxonomy":"post_tag","embeddable":true,"href":"https:\/\/www.lovendal.ro\/wp52\/wp-json\/wp\/v2\/tags?post=23072"}],"curies":[{"name":"wp","href":"https:\/\/api.w.org\/{rel}","templated":true}]}}