{"id":23067,"date":"2012-04-12T19:45:59","date_gmt":"2012-04-12T17:45:59","guid":{"rendered":"http:\/\/www.lovendal.net\/wp52\/?p=23067"},"modified":"2012-04-12T19:45:59","modified_gmt":"2012-04-12T17:45:59","slug":"razboiul-din-cer-din-apocalipsa-lui-ioan-a-dus-la-izgonirea-spiritelor-intunericului-ce-au-contribuit-la-aparitia-materialismului-si-ateismului-in-lume","status":"publish","type":"post","link":"https:\/\/www.lovendal.ro\/wp52\/razboiul-din-cer-din-apocalipsa-lui-ioan-a-dus-la-izgonirea-spiritelor-intunericului-ce-au-contribuit-la-aparitia-materialismului-si-ateismului-in-lume\/","title":{"rendered":"&#8222;R\u0103zboiul din cer&#8221; din &#8222;Apocalipsa lui Ioan&#8221; a dus la izgonirea spiritelor \u00eentunericului, ce au contribuit la apari\u0163ia materialismului \u015fi ateismului \u00een lume"},"content":{"rendered":"<p><a href=\"https:\/\/www.lovendal.ro\/wp52\/wp-content\/uploads\/2012\/04\/razboiul-din-ceruri.jpg\"><img loading=\"lazy\" decoding=\"async\" class=\"alignleft size-full wp-image-23068\" title=\"razboiul din ceruri\" src=\"https:\/\/www.lovendal.ro\/wp52\/wp-content\/uploads\/2012\/04\/razboiul-din-ceruri.jpg\" alt=\"\" width=\"301\" height=\"226\" srcset=\"https:\/\/www.lovendal.ro\/wp52\/wp-content\/uploads\/2012\/04\/razboiul-din-ceruri.jpg 301w, https:\/\/www.lovendal.ro\/wp52\/wp-content\/uploads\/2012\/04\/razboiul-din-ceruri-300x225.jpg 300w\" sizes=\"auto, (max-width: 301px) 100vw, 301px\" \/><\/a>Poate c\u0103 unii s-au mirat de &#8222;r\u0103zboiul din cer&#8221; prezentat \u00een Apocalipsa dup\u0103 Ioan (12:7-9):<\/p>\n<p><em>\ufeff\ufeff7. \t\u015ei s-a f\u0103cut r\u0103zboi \u00een cer: Mihail \u015fi \u00eengerii lui au pornit r\u0103zboi cu balaurul. \u015ei se r\u0103zboia \u015fi balaurul \u015fi \u00eengerii lui.<br \/>\n8. \t\u015ei n-a izbutit el, nici nu s-a mai g\u0103sit pentru ei loc \u00een cer.<br \/>\n9. \t\u015ei a fost aruncat balaurul cel mare, \u015farpele de demult, care se cheam\u0103 diavol \u015fi satana, cel ce \u00een\u015feal\u0103 pe toat\u0103 lumea, aruncat a fost pe p\u0103m\u00e2nt \u015fi \u00eengerii lui au fost arunca\u0163i cu el. <\/em><\/p>\n<p>Potrivit ocultistului Rudolf Steiner, acest r\u0103zboi din ceruri ar fi avut loc \u00eentre 1841 \u015fi 1879. A doua jum\u0103tate a secolului al XIX-lea a fost o perioad\u0103 foarte important\u0103. Acest lucru nu poate fi remarcat doar urm\u0103rind evenimentele din lumea fizic\u0103, ci \u015fi analiz\u00e2nd aceste evenimente ce se desf\u0103\u015furau \u00een lumea spiritual\u0103. Anul 1841 a fost cu adev\u0103rat anul esen\u0163ial \u00een ceea ce prive\u015fte debutul epocii materialismului, deoarece, \u00een acel moment, a \u00eenceput \u00een ceruri o b\u0103t\u0103lie anume &#8211; o b\u0103t\u0103lie declan\u015fat\u0103 de c\u0103tre ni\u015fte spirite numite &#8222;Spirite ale \u00eentunericului&#8221;. \u00cen lumile spirituale, spiritele sus numite au purtat aceast\u0103 b\u0103t\u0103lie p\u00e2n\u0103 \u00een toamna anului 1879. Aceste spirite ale \u00eentunericului au fost \u00eenfr\u00e2nte \u00een b\u0103t\u0103lia pe care au purtat-o \u00eempotriva spiritelor luminii. \u00cen anul 1879, Balaurul a fost \u00eenvins de c\u0103tre arhanghelul Mihail, spiritele \u00eentunericului fiind izgonite din lumea spiritual\u0103 \u00een lumea oamenilor. Scopul acestor spirite ale \u00eentunericului este acela de a ob\u0163ine cu ajutorul oamenilor ceea ce nu au fost capabili s\u0103 ob\u0163in\u0103 cu ajutorul spiritelor, \u00een lumea de dincolo. Scopul lor este acela de a distruge orice \u00eencercare de evolu\u0163ie a omenirii.<\/p>\n<p>Publicarea Manifestului Comunist (1848), a<em> &#8222;Originii speciilor&#8221; <\/em>(a lui Darwin, \u00een 1859), na\u015fterea lui Lenin (1870), a lui Stalin (1879) etc. &#8211; reprezint\u0103 doar c\u00e2teva dintre c\u0103r\u0163ile \u015fi numele care se impun \u00een leg\u0103tur\u0103 cu activitatea spiritelor \u00eentunericului, care lucreaz\u0103 prin oameni, pentru a interfera sau chiar pentru a anula adev\u0103ratul scop \u015fi \u0163el al evolu\u0163iei umane. Datarea exact\u0103 f\u0103cut\u0103 de Rudolf Steiner, prin indicarea perioadei dintre 1841 \u015fi 1879 (ca intervalul \u00een care s-a desf\u0103\u015furat r\u0103zboiul din ceruri), este un exemplu al transpunerii domeniului metaistoriei \u00een cel al istoriei p\u0103m\u00e2nte\u015fti. Indica\u0163ia lui Steiner ne arat\u0103 c\u0103 &#8222;Apocalipsa lui Ioan&#8221; din Biblie, con\u0163ine (exprimat prin imagini magnifice, de talie mitologic\u0103) un registru exact al istoriei umane, \u00eencep\u00e2nd cu primul secol dup\u0103 Hristos \u015fi merg\u00e2nd p\u00e2n\u0103 \u00een viitorul \u00eendep\u0103rtat.<\/p>\n","protected":false},"excerpt":{"rendered":"<p>Poate c\u0103 unii s-au mirat de &#8222;r\u0103zboiul din cer&#8221; prezentat \u00een Apocalipsa dup\u0103 Ioan (12:7-9): \ufeff\ufeff7. \u015ei s-a f\u0103cut r\u0103zboi \u00een cer: Mihail \u015fi \u00eengerii lui au pornit r\u0103zboi cu balaurul. \u015ei se r\u0103zboia \u015fi balaurul \u015fi \u00eengerii lui. 8. &#8230; <\/p>\n<p class=\"read-more-container\"><a title=\"&#8222;R\u0103zboiul din cer&#8221; din &#8222;Apocalipsa lui Ioan&#8221; a dus la izgonirea spiritelor \u00eentunericului, ce au contribuit la apari\u0163ia materialismului \u015fi ateismului \u00een lume\" class=\"read-more button\" href=\"https:\/\/www.lovendal.ro\/wp52\/razboiul-din-cer-din-apocalipsa-lui-ioan-a-dus-la-izgonirea-spiritelor-intunericului-ce-au-contribuit-la-aparitia-materialismului-si-ateismului-in-lume\/#more-23067\" aria-label=\"Cite\u0219te mai multe despre &#8222;R\u0103zboiul din cer&#8221; din &#8222;Apocalipsa lui Ioan&#8221; a dus la izgonirea spiritelor \u00eentunericului, ce au contribuit la apari\u0163ia materialismului \u015fi ateismului \u00een lume\">Cititi mai multe<\/a><\/p>\n","protected":false},"author":1,"featured_media":23068,"comment_status":"open","ping_status":"closed","sticky":false,"template":"","format":"standard","meta":{"footnotes":""},"categories":[14],"tags":[2161,3026,3420,2509,60,252,734,4285,5183,9796,5184,5182,296],"class_list":["post-23067","post","type-post","status-publish","format-standard","has-post-thumbnail","hentry","category-paranormal-spiritualitate","tag-apocalipsa-lui-ioan","tag-arhanghel","tag-arhanghelul-mihail","tag-ateism","tag-biblie","tag-darwin","tag-lenin","tag-manifestul-comunist","tag-materialism","tag-paranormal-spiritualitate","tag-razboiul-din-cer","tag-rudolf-steiner","tag-stalin","resize-featured-image"],"yoast_head":"<!-- This site is optimized with the Yoast SEO Premium plugin v23.3 (Yoast SEO v27.4) - https:\/\/yoast.com\/product\/yoast-seo-premium-wordpress\/ -->\n<title>&quot;R\u0103zboiul din cer&quot; din &quot;Apocalipsa lui Ioan&quot; a dus la izgonirea spiritelor \u00eentunericului, ce au contribuit la apari\u0163ia materialismului \u015fi ateismului \u00een lume - Secretele lui Lovendal<\/title>\n<meta name=\"robots\" content=\"index, follow, max-snippet:-1, max-image-preview:large, max-video-preview:-1\" \/>\n<link rel=\"canonical\" href=\"https:\/\/www.lovendal.ro\/wp52\/razboiul-din-cer-din-apocalipsa-lui-ioan-a-dus-la-izgonirea-spiritelor-intunericului-ce-au-contribuit-la-aparitia-materialismului-si-ateismului-in-lume\/\" \/>\n<meta property=\"og:locale\" content=\"ro_RO\" \/>\n<meta property=\"og:type\" content=\"article\" \/>\n<meta property=\"og:title\" content=\"&quot;R\u0103zboiul din cer&quot; din &quot;Apocalipsa lui Ioan&quot; a dus la izgonirea spiritelor \u00eentunericului, ce au contribuit la apari\u0163ia materialismului \u015fi ateismului \u00een lume\" \/>\n<meta property=\"og:description\" content=\"Poate c\u0103 unii s-au mirat de &#8222;r\u0103zboiul din cer&#8221; prezentat \u00een Apocalipsa dup\u0103 Ioan (12:7-9): \ufeff\ufeff7. \u015ei s-a f\u0103cut r\u0103zboi \u00een cer: Mihail \u015fi \u00eengerii lui au pornit r\u0103zboi cu balaurul. \u015ei se r\u0103zboia \u015fi balaurul \u015fi \u00eengerii lui. 8. ... Cititi mai multe\" \/>\n<meta property=\"og:url\" content=\"https:\/\/www.lovendal.ro\/wp52\/razboiul-din-cer-din-apocalipsa-lui-ioan-a-dus-la-izgonirea-spiritelor-intunericului-ce-au-contribuit-la-aparitia-materialismului-si-ateismului-in-lume\/\" \/>\n<meta property=\"og:site_name\" content=\"Secretele lui Lovendal\" \/>\n<meta property=\"article:publisher\" content=\"https:\/\/www.facebook.com\/secreteleluilovendal\" \/>\n<meta property=\"article:published_time\" content=\"2012-04-12T17:45:59+00:00\" \/>\n<meta property=\"og:image\" content=\"https:\/\/www.lovendal.ro\/wp52\/wp-content\/uploads\/2012\/04\/razboiul-din-ceruri.jpg\" \/>\n\t<meta property=\"og:image:width\" content=\"301\" \/>\n\t<meta property=\"og:image:height\" content=\"226\" \/>\n\t<meta property=\"og:image:type\" content=\"image\/jpeg\" \/>\n<meta name=\"author\" content=\"admin\" \/>\n<meta name=\"twitter:card\" content=\"summary_large_image\" \/>\n<meta name=\"twitter:label1\" content=\"Scris de\" \/>\n\t<meta name=\"twitter:data1\" content=\"admin\" \/>\n\t<meta name=\"twitter:label2\" content=\"Timp estimat pentru citire\" \/>\n\t<meta name=\"twitter:data2\" content=\"2 minute\" \/>\n<script type=\"application\/ld+json\" class=\"yoast-schema-graph\">{\"@context\":\"https:\\\/\\\/schema.org\",\"@graph\":[{\"@type\":\"Article\",\"@id\":\"https:\\\/\\\/www.lovendal.ro\\\/wp52\\\/razboiul-din-cer-din-apocalipsa-lui-ioan-a-dus-la-izgonirea-spiritelor-intunericului-ce-au-contribuit-la-aparitia-materialismului-si-ateismului-in-lume\\\/#article\",\"isPartOf\":{\"@id\":\"https:\\\/\\\/www.lovendal.ro\\\/wp52\\\/razboiul-din-cer-din-apocalipsa-lui-ioan-a-dus-la-izgonirea-spiritelor-intunericului-ce-au-contribuit-la-aparitia-materialismului-si-ateismului-in-lume\\\/\"},\"author\":{\"name\":\"admin\",\"@id\":\"https:\\\/\\\/www.lovendal.ro\\\/wp52\\\/#\\\/schema\\\/person\\\/088691de5dfc346bb0c023e1e52ef5d9\"},\"headline\":\"&#8222;R\u0103zboiul din cer&#8221; din &#8222;Apocalipsa lui Ioan&#8221; a dus la izgonirea spiritelor \u00eentunericului, ce au contribuit la apari\u0163ia materialismului \u015fi ateismului \u00een lume\",\"datePublished\":\"2012-04-12T17:45:59+00:00\",\"mainEntityOfPage\":{\"@id\":\"https:\\\/\\\/www.lovendal.ro\\\/wp52\\\/razboiul-din-cer-din-apocalipsa-lui-ioan-a-dus-la-izgonirea-spiritelor-intunericului-ce-au-contribuit-la-aparitia-materialismului-si-ateismului-in-lume\\\/\"},\"wordCount\":466,\"commentCount\":62,\"publisher\":{\"@id\":\"https:\\\/\\\/www.lovendal.ro\\\/wp52\\\/#organization\"},\"image\":{\"@id\":\"https:\\\/\\\/www.lovendal.ro\\\/wp52\\\/razboiul-din-cer-din-apocalipsa-lui-ioan-a-dus-la-izgonirea-spiritelor-intunericului-ce-au-contribuit-la-aparitia-materialismului-si-ateismului-in-lume\\\/#primaryimage\"},\"thumbnailUrl\":\"https:\\\/\\\/www.lovendal.ro\\\/wp52\\\/wp-content\\\/uploads\\\/2012\\\/04\\\/razboiul-din-ceruri.jpg\",\"keywords\":[\"Apocalipsa lui Ioan\",\"arhanghel\",\"arhanghelul Mihail\",\"ateism\",\"Biblie\",\"Darwin\",\"Lenin\",\"Manifestul comunist\",\"materialism\",\"Paranormal-Spiritualitate\",\"r\u0103zboiul din cer\",\"Rudolf Steiner\",\"Stalin\"],\"articleSection\":[\"Paranormal-Spiritualitate\"],\"inLanguage\":\"ro-RO\",\"potentialAction\":[{\"@type\":\"CommentAction\",\"name\":\"Comment\",\"target\":[\"https:\\\/\\\/www.lovendal.ro\\\/wp52\\\/razboiul-din-cer-din-apocalipsa-lui-ioan-a-dus-la-izgonirea-spiritelor-intunericului-ce-au-contribuit-la-aparitia-materialismului-si-ateismului-in-lume\\\/#respond\"]}]},{\"@type\":\"WebPage\",\"@id\":\"https:\\\/\\\/www.lovendal.ro\\\/wp52\\\/razboiul-din-cer-din-apocalipsa-lui-ioan-a-dus-la-izgonirea-spiritelor-intunericului-ce-au-contribuit-la-aparitia-materialismului-si-ateismului-in-lume\\\/\",\"url\":\"https:\\\/\\\/www.lovendal.ro\\\/wp52\\\/razboiul-din-cer-din-apocalipsa-lui-ioan-a-dus-la-izgonirea-spiritelor-intunericului-ce-au-contribuit-la-aparitia-materialismului-si-ateismului-in-lume\\\/\",\"name\":\"\\\"R\u0103zboiul din cer\\\" din \\\"Apocalipsa lui Ioan\\\" a dus la izgonirea spiritelor \u00eentunericului, ce au contribuit la apari\u0163ia materialismului \u015fi ateismului \u00een lume - Secretele lui Lovendal\",\"isPartOf\":{\"@id\":\"https:\\\/\\\/www.lovendal.ro\\\/wp52\\\/#website\"},\"primaryImageOfPage\":{\"@id\":\"https:\\\/\\\/www.lovendal.ro\\\/wp52\\\/razboiul-din-cer-din-apocalipsa-lui-ioan-a-dus-la-izgonirea-spiritelor-intunericului-ce-au-contribuit-la-aparitia-materialismului-si-ateismului-in-lume\\\/#primaryimage\"},\"image\":{\"@id\":\"https:\\\/\\\/www.lovendal.ro\\\/wp52\\\/razboiul-din-cer-din-apocalipsa-lui-ioan-a-dus-la-izgonirea-spiritelor-intunericului-ce-au-contribuit-la-aparitia-materialismului-si-ateismului-in-lume\\\/#primaryimage\"},\"thumbnailUrl\":\"https:\\\/\\\/www.lovendal.ro\\\/wp52\\\/wp-content\\\/uploads\\\/2012\\\/04\\\/razboiul-din-ceruri.jpg\",\"datePublished\":\"2012-04-12T17:45:59+00:00\",\"breadcrumb\":{\"@id\":\"https:\\\/\\\/www.lovendal.ro\\\/wp52\\\/razboiul-din-cer-din-apocalipsa-lui-ioan-a-dus-la-izgonirea-spiritelor-intunericului-ce-au-contribuit-la-aparitia-materialismului-si-ateismului-in-lume\\\/#breadcrumb\"},\"inLanguage\":\"ro-RO\",\"potentialAction\":[{\"@type\":\"ReadAction\",\"target\":[\"https:\\\/\\\/www.lovendal.ro\\\/wp52\\\/razboiul-din-cer-din-apocalipsa-lui-ioan-a-dus-la-izgonirea-spiritelor-intunericului-ce-au-contribuit-la-aparitia-materialismului-si-ateismului-in-lume\\\/\"]}]},{\"@type\":\"ImageObject\",\"inLanguage\":\"ro-RO\",\"@id\":\"https:\\\/\\\/www.lovendal.ro\\\/wp52\\\/razboiul-din-cer-din-apocalipsa-lui-ioan-a-dus-la-izgonirea-spiritelor-intunericului-ce-au-contribuit-la-aparitia-materialismului-si-ateismului-in-lume\\\/#primaryimage\",\"url\":\"https:\\\/\\\/www.lovendal.ro\\\/wp52\\\/wp-content\\\/uploads\\\/2012\\\/04\\\/razboiul-din-ceruri.jpg\",\"contentUrl\":\"https:\\\/\\\/www.lovendal.ro\\\/wp52\\\/wp-content\\\/uploads\\\/2012\\\/04\\\/razboiul-din-ceruri.jpg\",\"width\":\"301\",\"height\":\"226\"},{\"@type\":\"BreadcrumbList\",\"@id\":\"https:\\\/\\\/www.lovendal.ro\\\/wp52\\\/razboiul-din-cer-din-apocalipsa-lui-ioan-a-dus-la-izgonirea-spiritelor-intunericului-ce-au-contribuit-la-aparitia-materialismului-si-ateismului-in-lume\\\/#breadcrumb\",\"itemListElement\":[{\"@type\":\"ListItem\",\"position\":1,\"name\":\"Home\",\"item\":\"https:\\\/\\\/www.lovendal.ro\\\/wp52\\\/\"},{\"@type\":\"ListItem\",\"position\":2,\"name\":\"&#8222;R\u0103zboiul din cer&#8221; din &#8222;Apocalipsa lui Ioan&#8221; a dus la izgonirea spiritelor \u00eentunericului, ce au contribuit la apari\u0163ia materialismului \u015fi ateismului \u00een lume\"}]},{\"@type\":\"WebSite\",\"@id\":\"https:\\\/\\\/www.lovendal.ro\\\/wp52\\\/#website\",\"url\":\"https:\\\/\\\/www.lovendal.ro\\\/wp52\\\/\",\"name\":\"Secretele lui Lovendal\",\"description\":\"Site de secrete, stiinta si metafizica - din 2008 -\",\"publisher\":{\"@id\":\"https:\\\/\\\/www.lovendal.ro\\\/wp52\\\/#organization\"},\"potentialAction\":[{\"@type\":\"SearchAction\",\"target\":{\"@type\":\"EntryPoint\",\"urlTemplate\":\"https:\\\/\\\/www.lovendal.ro\\\/wp52\\\/?s={search_term_string}\"},\"query-input\":{\"@type\":\"PropertyValueSpecification\",\"valueRequired\":true,\"valueName\":\"search_term_string\"}}],\"inLanguage\":\"ro-RO\"},{\"@type\":\"Organization\",\"@id\":\"https:\\\/\\\/www.lovendal.ro\\\/wp52\\\/#organization\",\"name\":\"Secretele lui Lovendal\",\"url\":\"https:\\\/\\\/www.lovendal.ro\\\/wp52\\\/\",\"logo\":{\"@type\":\"ImageObject\",\"inLanguage\":\"ro-RO\",\"@id\":\"https:\\\/\\\/www.lovendal.ro\\\/wp52\\\/#\\\/schema\\\/logo\\\/image\\\/\",\"url\":\"https:\\\/\\\/www.lovendal.ro\\\/wp52\\\/wp-content\\\/uploads\\\/2024\\\/06\\\/cropped-SLL-iun-2024-1.jpg\",\"contentUrl\":\"https:\\\/\\\/www.lovendal.ro\\\/wp52\\\/wp-content\\\/uploads\\\/2024\\\/06\\\/cropped-SLL-iun-2024-1.jpg\",\"width\":771,\"height\":240,\"caption\":\"Secretele lui Lovendal\"},\"image\":{\"@id\":\"https:\\\/\\\/www.lovendal.ro\\\/wp52\\\/#\\\/schema\\\/logo\\\/image\\\/\"},\"sameAs\":[\"https:\\\/\\\/www.facebook.com\\\/secreteleluilovendal\"]},{\"@type\":\"Person\",\"@id\":\"https:\\\/\\\/www.lovendal.ro\\\/wp52\\\/#\\\/schema\\\/person\\\/088691de5dfc346bb0c023e1e52ef5d9\",\"name\":\"admin\",\"image\":{\"@type\":\"ImageObject\",\"inLanguage\":\"ro-RO\",\"@id\":\"https:\\\/\\\/secure.gravatar.com\\\/avatar\\\/ecb9cd41f5f63c9c9b989999a59f6e2639a865ec361e9db054db0679a8f341c2?s=96&d=mm&r=g\",\"url\":\"https:\\\/\\\/secure.gravatar.com\\\/avatar\\\/ecb9cd41f5f63c9c9b989999a59f6e2639a865ec361e9db054db0679a8f341c2?s=96&d=mm&r=g\",\"contentUrl\":\"https:\\\/\\\/secure.gravatar.com\\\/avatar\\\/ecb9cd41f5f63c9c9b989999a59f6e2639a865ec361e9db054db0679a8f341c2?s=96&d=mm&r=g\",\"caption\":\"admin\"},\"sameAs\":[\"https:\\\/\\\/www.lovendal.ro\\\/wp52\"]}]}<\/script>\n<!-- \/ Yoast SEO Premium plugin. -->","yoast_head_json":{"title":"\"R\u0103zboiul din cer\" din \"Apocalipsa lui Ioan\" a dus la izgonirea spiritelor \u00eentunericului, ce au contribuit la apari\u0163ia materialismului \u015fi ateismului \u00een lume - Secretele lui Lovendal","robots":{"index":"index","follow":"follow","max-snippet":"max-snippet:-1","max-image-preview":"max-image-preview:large","max-video-preview":"max-video-preview:-1"},"canonical":"https:\/\/www.lovendal.ro\/wp52\/razboiul-din-cer-din-apocalipsa-lui-ioan-a-dus-la-izgonirea-spiritelor-intunericului-ce-au-contribuit-la-aparitia-materialismului-si-ateismului-in-lume\/","og_locale":"ro_RO","og_type":"article","og_title":"\"R\u0103zboiul din cer\" din \"Apocalipsa lui Ioan\" a dus la izgonirea spiritelor \u00eentunericului, ce au contribuit la apari\u0163ia materialismului \u015fi ateismului \u00een lume","og_description":"Poate c\u0103 unii s-au mirat de &#8222;r\u0103zboiul din cer&#8221; prezentat \u00een Apocalipsa dup\u0103 Ioan (12:7-9): \ufeff\ufeff7. \u015ei s-a f\u0103cut r\u0103zboi \u00een cer: Mihail \u015fi \u00eengerii lui au pornit r\u0103zboi cu balaurul. \u015ei se r\u0103zboia \u015fi balaurul \u015fi \u00eengerii lui. 8. ... Cititi mai multe","og_url":"https:\/\/www.lovendal.ro\/wp52\/razboiul-din-cer-din-apocalipsa-lui-ioan-a-dus-la-izgonirea-spiritelor-intunericului-ce-au-contribuit-la-aparitia-materialismului-si-ateismului-in-lume\/","og_site_name":"Secretele lui Lovendal","article_publisher":"https:\/\/www.facebook.com\/secreteleluilovendal","article_published_time":"2012-04-12T17:45:59+00:00","og_image":[{"width":301,"height":226,"url":"https:\/\/www.lovendal.ro\/wp52\/wp-content\/uploads\/2012\/04\/razboiul-din-ceruri.jpg","type":"image\/jpeg"}],"author":"admin","twitter_card":"summary_large_image","twitter_misc":{"Scris de":"admin","Timp estimat pentru citire":"2 minute"},"schema":{"@context":"https:\/\/schema.org","@graph":[{"@type":"Article","@id":"https:\/\/www.lovendal.ro\/wp52\/razboiul-din-cer-din-apocalipsa-lui-ioan-a-dus-la-izgonirea-spiritelor-intunericului-ce-au-contribuit-la-aparitia-materialismului-si-ateismului-in-lume\/#article","isPartOf":{"@id":"https:\/\/www.lovendal.ro\/wp52\/razboiul-din-cer-din-apocalipsa-lui-ioan-a-dus-la-izgonirea-spiritelor-intunericului-ce-au-contribuit-la-aparitia-materialismului-si-ateismului-in-lume\/"},"author":{"name":"admin","@id":"https:\/\/www.lovendal.ro\/wp52\/#\/schema\/person\/088691de5dfc346bb0c023e1e52ef5d9"},"headline":"&#8222;R\u0103zboiul din cer&#8221; din &#8222;Apocalipsa lui Ioan&#8221; a dus la izgonirea spiritelor \u00eentunericului, ce au contribuit la apari\u0163ia materialismului \u015fi ateismului \u00een lume","datePublished":"2012-04-12T17:45:59+00:00","mainEntityOfPage":{"@id":"https:\/\/www.lovendal.ro\/wp52\/razboiul-din-cer-din-apocalipsa-lui-ioan-a-dus-la-izgonirea-spiritelor-intunericului-ce-au-contribuit-la-aparitia-materialismului-si-ateismului-in-lume\/"},"wordCount":466,"commentCount":62,"publisher":{"@id":"https:\/\/www.lovendal.ro\/wp52\/#organization"},"image":{"@id":"https:\/\/www.lovendal.ro\/wp52\/razboiul-din-cer-din-apocalipsa-lui-ioan-a-dus-la-izgonirea-spiritelor-intunericului-ce-au-contribuit-la-aparitia-materialismului-si-ateismului-in-lume\/#primaryimage"},"thumbnailUrl":"https:\/\/www.lovendal.ro\/wp52\/wp-content\/uploads\/2012\/04\/razboiul-din-ceruri.jpg","keywords":["Apocalipsa lui Ioan","arhanghel","arhanghelul Mihail","ateism","Biblie","Darwin","Lenin","Manifestul comunist","materialism","Paranormal-Spiritualitate","r\u0103zboiul din cer","Rudolf Steiner","Stalin"],"articleSection":["Paranormal-Spiritualitate"],"inLanguage":"ro-RO","potentialAction":[{"@type":"CommentAction","name":"Comment","target":["https:\/\/www.lovendal.ro\/wp52\/razboiul-din-cer-din-apocalipsa-lui-ioan-a-dus-la-izgonirea-spiritelor-intunericului-ce-au-contribuit-la-aparitia-materialismului-si-ateismului-in-lume\/#respond"]}]},{"@type":"WebPage","@id":"https:\/\/www.lovendal.ro\/wp52\/razboiul-din-cer-din-apocalipsa-lui-ioan-a-dus-la-izgonirea-spiritelor-intunericului-ce-au-contribuit-la-aparitia-materialismului-si-ateismului-in-lume\/","url":"https:\/\/www.lovendal.ro\/wp52\/razboiul-din-cer-din-apocalipsa-lui-ioan-a-dus-la-izgonirea-spiritelor-intunericului-ce-au-contribuit-la-aparitia-materialismului-si-ateismului-in-lume\/","name":"\"R\u0103zboiul din cer\" din \"Apocalipsa lui Ioan\" a dus la izgonirea spiritelor \u00eentunericului, ce au contribuit la apari\u0163ia materialismului \u015fi ateismului \u00een lume - Secretele lui Lovendal","isPartOf":{"@id":"https:\/\/www.lovendal.ro\/wp52\/#website"},"primaryImageOfPage":{"@id":"https:\/\/www.lovendal.ro\/wp52\/razboiul-din-cer-din-apocalipsa-lui-ioan-a-dus-la-izgonirea-spiritelor-intunericului-ce-au-contribuit-la-aparitia-materialismului-si-ateismului-in-lume\/#primaryimage"},"image":{"@id":"https:\/\/www.lovendal.ro\/wp52\/razboiul-din-cer-din-apocalipsa-lui-ioan-a-dus-la-izgonirea-spiritelor-intunericului-ce-au-contribuit-la-aparitia-materialismului-si-ateismului-in-lume\/#primaryimage"},"thumbnailUrl":"https:\/\/www.lovendal.ro\/wp52\/wp-content\/uploads\/2012\/04\/razboiul-din-ceruri.jpg","datePublished":"2012-04-12T17:45:59+00:00","breadcrumb":{"@id":"https:\/\/www.lovendal.ro\/wp52\/razboiul-din-cer-din-apocalipsa-lui-ioan-a-dus-la-izgonirea-spiritelor-intunericului-ce-au-contribuit-la-aparitia-materialismului-si-ateismului-in-lume\/#breadcrumb"},"inLanguage":"ro-RO","potentialAction":[{"@type":"ReadAction","target":["https:\/\/www.lovendal.ro\/wp52\/razboiul-din-cer-din-apocalipsa-lui-ioan-a-dus-la-izgonirea-spiritelor-intunericului-ce-au-contribuit-la-aparitia-materialismului-si-ateismului-in-lume\/"]}]},{"@type":"ImageObject","inLanguage":"ro-RO","@id":"https:\/\/www.lovendal.ro\/wp52\/razboiul-din-cer-din-apocalipsa-lui-ioan-a-dus-la-izgonirea-spiritelor-intunericului-ce-au-contribuit-la-aparitia-materialismului-si-ateismului-in-lume\/#primaryimage","url":"https:\/\/www.lovendal.ro\/wp52\/wp-content\/uploads\/2012\/04\/razboiul-din-ceruri.jpg","contentUrl":"https:\/\/www.lovendal.ro\/wp52\/wp-content\/uploads\/2012\/04\/razboiul-din-ceruri.jpg","width":"301","height":"226"},{"@type":"BreadcrumbList","@id":"https:\/\/www.lovendal.ro\/wp52\/razboiul-din-cer-din-apocalipsa-lui-ioan-a-dus-la-izgonirea-spiritelor-intunericului-ce-au-contribuit-la-aparitia-materialismului-si-ateismului-in-lume\/#breadcrumb","itemListElement":[{"@type":"ListItem","position":1,"name":"Home","item":"https:\/\/www.lovendal.ro\/wp52\/"},{"@type":"ListItem","position":2,"name":"&#8222;R\u0103zboiul din cer&#8221; din &#8222;Apocalipsa lui Ioan&#8221; a dus la izgonirea spiritelor \u00eentunericului, ce au contribuit la apari\u0163ia materialismului \u015fi ateismului \u00een lume"}]},{"@type":"WebSite","@id":"https:\/\/www.lovendal.ro\/wp52\/#website","url":"https:\/\/www.lovendal.ro\/wp52\/","name":"Secretele lui Lovendal","description":"Site de secrete, stiinta si metafizica - din 2008 -","publisher":{"@id":"https:\/\/www.lovendal.ro\/wp52\/#organization"},"potentialAction":[{"@type":"SearchAction","target":{"@type":"EntryPoint","urlTemplate":"https:\/\/www.lovendal.ro\/wp52\/?s={search_term_string}"},"query-input":{"@type":"PropertyValueSpecification","valueRequired":true,"valueName":"search_term_string"}}],"inLanguage":"ro-RO"},{"@type":"Organization","@id":"https:\/\/www.lovendal.ro\/wp52\/#organization","name":"Secretele lui Lovendal","url":"https:\/\/www.lovendal.ro\/wp52\/","logo":{"@type":"ImageObject","inLanguage":"ro-RO","@id":"https:\/\/www.lovendal.ro\/wp52\/#\/schema\/logo\/image\/","url":"https:\/\/www.lovendal.ro\/wp52\/wp-content\/uploads\/2024\/06\/cropped-SLL-iun-2024-1.jpg","contentUrl":"https:\/\/www.lovendal.ro\/wp52\/wp-content\/uploads\/2024\/06\/cropped-SLL-iun-2024-1.jpg","width":771,"height":240,"caption":"Secretele lui Lovendal"},"image":{"@id":"https:\/\/www.lovendal.ro\/wp52\/#\/schema\/logo\/image\/"},"sameAs":["https:\/\/www.facebook.com\/secreteleluilovendal"]},{"@type":"Person","@id":"https:\/\/www.lovendal.ro\/wp52\/#\/schema\/person\/088691de5dfc346bb0c023e1e52ef5d9","name":"admin","image":{"@type":"ImageObject","inLanguage":"ro-RO","@id":"https:\/\/secure.gravatar.com\/avatar\/ecb9cd41f5f63c9c9b989999a59f6e2639a865ec361e9db054db0679a8f341c2?s=96&d=mm&r=g","url":"https:\/\/secure.gravatar.com\/avatar\/ecb9cd41f5f63c9c9b989999a59f6e2639a865ec361e9db054db0679a8f341c2?s=96&d=mm&r=g","contentUrl":"https:\/\/secure.gravatar.com\/avatar\/ecb9cd41f5f63c9c9b989999a59f6e2639a865ec361e9db054db0679a8f341c2?s=96&d=mm&r=g","caption":"admin"},"sameAs":["https:\/\/www.lovendal.ro\/wp52"]}]}},"_links":{"self":[{"href":"https:\/\/www.lovendal.ro\/wp52\/wp-json\/wp\/v2\/posts\/23067","targetHints":{"allow":["GET"]}}],"collection":[{"href":"https:\/\/www.lovendal.ro\/wp52\/wp-json\/wp\/v2\/posts"}],"about":[{"href":"https:\/\/www.lovendal.ro\/wp52\/wp-json\/wp\/v2\/types\/post"}],"author":[{"embeddable":true,"href":"https:\/\/www.lovendal.ro\/wp52\/wp-json\/wp\/v2\/users\/1"}],"replies":[{"embeddable":true,"href":"https:\/\/www.lovendal.ro\/wp52\/wp-json\/wp\/v2\/comments?post=23067"}],"version-history":[{"count":0,"href":"https:\/\/www.lovendal.ro\/wp52\/wp-json\/wp\/v2\/posts\/23067\/revisions"}],"wp:featuredmedia":[{"embeddable":true,"href":"https:\/\/www.lovendal.ro\/wp52\/wp-json\/wp\/v2\/media\/23068"}],"wp:attachment":[{"href":"https:\/\/www.lovendal.ro\/wp52\/wp-json\/wp\/v2\/media?parent=23067"}],"wp:term":[{"taxonomy":"category","embeddable":true,"href":"https:\/\/www.lovendal.ro\/wp52\/wp-json\/wp\/v2\/categories?post=23067"},{"taxonomy":"post_tag","embeddable":true,"href":"https:\/\/www.lovendal.ro\/wp52\/wp-json\/wp\/v2\/tags?post=23067"}],"curies":[{"name":"wp","href":"https:\/\/api.w.org\/{rel}","templated":true}]}}