{"id":22986,"date":"2012-04-07T07:31:44","date_gmt":"2012-04-07T05:31:44","guid":{"rendered":"http:\/\/www.lovendal.net\/wp52\/?p=22986"},"modified":"2012-04-07T07:31:44","modified_gmt":"2012-04-07T05:31:44","slug":"un-obiect-necunoscut-bizar-de-culoare-verde-portocalie-si-alba-a-aparut-pe-cerul-noii-zeelande-o-fi-meteorit","status":"publish","type":"post","link":"https:\/\/www.lovendal.ro\/wp52\/un-obiect-necunoscut-bizar-de-culoare-verde-portocalie-si-alba-a-aparut-pe-cerul-noii-zeelande-o-fi-meteorit\/","title":{"rendered":"Un obiect necunoscut bizar, de culoare verde, portocalie \u015fi alb\u0103, a ap\u0103rut pe cerul Noii Zeelande. O fi meteorit?"},"content":{"rendered":"<p><a href=\"https:\/\/www.lovendal.ro\/wp52\/wp-content\/uploads\/2012\/04\/obiect-necunoscut-in-Noua-Zeelanda.jpg\"><img loading=\"lazy\" decoding=\"async\" class=\"alignleft size-full wp-image-22987\" title=\"obiect necunoscut in Noua Zeelanda\" src=\"https:\/\/www.lovendal.ro\/wp52\/wp-content\/uploads\/2012\/04\/obiect-necunoscut-in-Noua-Zeelanda.jpg\" alt=\"\" width=\"305\" height=\"168\" srcset=\"https:\/\/www.lovendal.ro\/wp52\/wp-content\/uploads\/2012\/04\/obiect-necunoscut-in-Noua-Zeelanda.jpg 305w, https:\/\/www.lovendal.ro\/wp52\/wp-content\/uploads\/2012\/04\/obiect-necunoscut-in-Noua-Zeelanda-300x165.jpg 300w\" sizes=\"auto, (max-width: 305px) 100vw, 305px\" \/><\/a>Un obiect ciudat a fost observat zilele trecute pe cerul Noii Zeelande. \u00cenc\u0103 r\u0103m\u00e2ne neclar dac\u0103 acel obiect a fost o comet\u0103, un meteorit, un asteroid, resturi de la o nav\u0103 spa\u0163ial\u0103 sau altceva. Conform martorilor, obiectul a fost foarte bizar, av\u00e2nd o lumin\u0103 spectaculoas\u0103. Iat\u0103 c\u00e2teva descrieri ale martorilor:<br \/>\n* obiectul sem\u0103na cu o minge verde, portocalie \u015fi alb\u0103 care zbura cu viteze incredibile, l\u0103s\u00e2nd \u00een urm\u0103 urme ce au durat cel pu\u0163in 10 minute;<br \/>\n* s-a auzit un zgomot puternic dup\u0103 ce a disp\u0103rut din raza vizual\u0103. Un localnic declara:<em> &#8222;Nu sunt sigur dac\u0103 a lovit p\u0103m\u00e2ntul sau doar s-a auzit un bum sonic, dar a fost foarte palpitant&#8221;.<\/em><br \/>\n* obiectul era extrem de str\u0103lucitor, de parc\u0103 ie\u015fea fl\u0103c\u0103ri din el, dar \u015fi fluorescent \u015fi foarte intens.<br \/>\n* era foarte aproape de p\u0103m\u00e2nt \u015fi se mi\u015fca la viteze incredibil de mari:<em> &#8222;A\u015fa ceva n-am mai v\u0103zut \u00een via\u0163a mea&#8221;.<\/em><\/p>\n<p>Obiectul a fost observat pe 2 aprilie 2012 \u00een mai multe ora\u015fe din Noua Zeeland\u0103.<\/p>\n<p><object classid=\"clsid:d27cdb6e-ae6d-11cf-96b8-444553540000\" width=\"477\" height=\"270\" codebase=\"http:\/\/download.macromedia.com\/pub\/shockwave\/cabs\/flash\/swflash.cab#version=6,0,40,0\"><param name=\"allowFullScreen\" value=\"true\" \/><param name=\"allowscriptaccess\" value=\"always\" \/><param name=\"src\" value=\"http:\/\/www.youtube.com\/v\/2dXJBNSRAyE?version=3&amp;hl=ro_RO\" \/><param name=\"allowfullscreen\" value=\"true\" \/><embed type=\"application\/x-shockwave-flash\" width=\"477\" height=\"270\" src=\"http:\/\/www.youtube.com\/v\/2dXJBNSRAyE?version=3&amp;hl=ro_RO\" allowscriptaccess=\"always\" allowfullscreen=\"true\"><\/embed><\/object><\/p>\n","protected":false},"excerpt":{"rendered":"<p>Un obiect ciudat a fost observat zilele trecute pe cerul Noii Zeelande. \u00cenc\u0103 r\u0103m\u00e2ne neclar dac\u0103 acel obiect a fost o comet\u0103, un meteorit, un asteroid, resturi de la o nav\u0103 spa\u0163ial\u0103 sau altceva. Conform martorilor, obiectul a fost foarte &#8230; <\/p>\n<p class=\"read-more-container\"><a title=\"Un obiect necunoscut bizar, de culoare verde, portocalie \u015fi alb\u0103, a ap\u0103rut pe cerul Noii Zeelande. O fi meteorit?\" class=\"read-more button\" href=\"https:\/\/www.lovendal.ro\/wp52\/un-obiect-necunoscut-bizar-de-culoare-verde-portocalie-si-alba-a-aparut-pe-cerul-noii-zeelande-o-fi-meteorit\/#more-22986\" aria-label=\"Cite\u0219te mai multe despre Un obiect necunoscut bizar, de culoare verde, portocalie \u015fi alb\u0103, a ap\u0103rut pe cerul Noii Zeelande. O fi meteorit?\">Cititi mai multe<\/a><\/p>\n","protected":false},"author":1,"featured_media":22987,"comment_status":"open","ping_status":"closed","sticky":false,"template":"","format":"standard","meta":{"footnotes":""},"categories":[5040],"tags":[9818,2924,952,161,13,2544],"class_list":["post-22986","post","type-post","status-publish","format-standard","has-post-thumbnail","hentry","category-bizar","tag-bizar","tag-culoare","tag-lumina","tag-meteorit","tag-noua-zeelanda","tag-zgomot","resize-featured-image"],"yoast_head":"<!-- This site is optimized with the Yoast SEO Premium plugin v23.3 (Yoast SEO v27.4) - https:\/\/yoast.com\/product\/yoast-seo-premium-wordpress\/ -->\n<title>Un obiect necunoscut bizar, de culoare verde, portocalie \u015fi alb\u0103, a ap\u0103rut pe cerul Noii Zeelande. O fi meteorit? - Secretele lui Lovendal<\/title>\n<meta name=\"robots\" content=\"index, follow, max-snippet:-1, max-image-preview:large, max-video-preview:-1\" \/>\n<link rel=\"canonical\" href=\"https:\/\/www.lovendal.ro\/wp52\/un-obiect-necunoscut-bizar-de-culoare-verde-portocalie-si-alba-a-aparut-pe-cerul-noii-zeelande-o-fi-meteorit\/\" \/>\n<meta property=\"og:locale\" content=\"ro_RO\" \/>\n<meta property=\"og:type\" content=\"article\" \/>\n<meta property=\"og:title\" content=\"Un obiect necunoscut bizar, de culoare verde, portocalie \u015fi alb\u0103, a ap\u0103rut pe cerul Noii Zeelande. O fi meteorit?\" \/>\n<meta property=\"og:description\" content=\"Un obiect ciudat a fost observat zilele trecute pe cerul Noii Zeelande. \u00cenc\u0103 r\u0103m\u00e2ne neclar dac\u0103 acel obiect a fost o comet\u0103, un meteorit, un asteroid, resturi de la o nav\u0103 spa\u0163ial\u0103 sau altceva. Conform martorilor, obiectul a fost foarte ... Cititi mai multe\" \/>\n<meta property=\"og:url\" content=\"https:\/\/www.lovendal.ro\/wp52\/un-obiect-necunoscut-bizar-de-culoare-verde-portocalie-si-alba-a-aparut-pe-cerul-noii-zeelande-o-fi-meteorit\/\" \/>\n<meta property=\"og:site_name\" content=\"Secretele lui Lovendal\" \/>\n<meta property=\"article:publisher\" content=\"https:\/\/www.facebook.com\/secreteleluilovendal\" \/>\n<meta property=\"article:published_time\" content=\"2012-04-07T05:31:44+00:00\" \/>\n<meta property=\"og:image\" content=\"https:\/\/www.lovendal.ro\/wp52\/wp-content\/uploads\/2012\/04\/obiect-necunoscut-in-Noua-Zeelanda.jpg\" \/>\n\t<meta property=\"og:image:width\" content=\"305\" \/>\n\t<meta property=\"og:image:height\" content=\"168\" \/>\n\t<meta property=\"og:image:type\" content=\"image\/jpeg\" \/>\n<meta name=\"author\" content=\"admin\" \/>\n<meta name=\"twitter:card\" content=\"summary_large_image\" \/>\n<meta name=\"twitter:label1\" content=\"Scris de\" \/>\n\t<meta name=\"twitter:data1\" content=\"admin\" \/>\n\t<meta name=\"twitter:label2\" content=\"Timp estimat pentru citire\" \/>\n\t<meta name=\"twitter:data2\" content=\"1 minut\" \/>\n<script type=\"application\/ld+json\" class=\"yoast-schema-graph\">{\"@context\":\"https:\\\/\\\/schema.org\",\"@graph\":[{\"@type\":\"Article\",\"@id\":\"https:\\\/\\\/www.lovendal.ro\\\/wp52\\\/un-obiect-necunoscut-bizar-de-culoare-verde-portocalie-si-alba-a-aparut-pe-cerul-noii-zeelande-o-fi-meteorit\\\/#article\",\"isPartOf\":{\"@id\":\"https:\\\/\\\/www.lovendal.ro\\\/wp52\\\/un-obiect-necunoscut-bizar-de-culoare-verde-portocalie-si-alba-a-aparut-pe-cerul-noii-zeelande-o-fi-meteorit\\\/\"},\"author\":{\"name\":\"admin\",\"@id\":\"https:\\\/\\\/www.lovendal.ro\\\/wp52\\\/#\\\/schema\\\/person\\\/088691de5dfc346bb0c023e1e52ef5d9\"},\"headline\":\"Un obiect necunoscut bizar, de culoare verde, portocalie \u015fi alb\u0103, a ap\u0103rut pe cerul Noii Zeelande. O fi meteorit?\",\"datePublished\":\"2012-04-07T05:31:44+00:00\",\"mainEntityOfPage\":{\"@id\":\"https:\\\/\\\/www.lovendal.ro\\\/wp52\\\/un-obiect-necunoscut-bizar-de-culoare-verde-portocalie-si-alba-a-aparut-pe-cerul-noii-zeelande-o-fi-meteorit\\\/\"},\"wordCount\":202,\"commentCount\":2,\"publisher\":{\"@id\":\"https:\\\/\\\/www.lovendal.ro\\\/wp52\\\/#organization\"},\"image\":{\"@id\":\"https:\\\/\\\/www.lovendal.ro\\\/wp52\\\/un-obiect-necunoscut-bizar-de-culoare-verde-portocalie-si-alba-a-aparut-pe-cerul-noii-zeelande-o-fi-meteorit\\\/#primaryimage\"},\"thumbnailUrl\":\"https:\\\/\\\/www.lovendal.ro\\\/wp52\\\/wp-content\\\/uploads\\\/2012\\\/04\\\/obiect-necunoscut-in-Noua-Zeelanda.jpg\",\"keywords\":[\"Bizar\",\"culoare\",\"lumin\u0103\",\"meteorit\",\"Noua Zeeland\u0103\",\"zgomot\"],\"articleSection\":[\"Bizar\"],\"inLanguage\":\"ro-RO\",\"potentialAction\":[{\"@type\":\"CommentAction\",\"name\":\"Comment\",\"target\":[\"https:\\\/\\\/www.lovendal.ro\\\/wp52\\\/un-obiect-necunoscut-bizar-de-culoare-verde-portocalie-si-alba-a-aparut-pe-cerul-noii-zeelande-o-fi-meteorit\\\/#respond\"]}]},{\"@type\":\"WebPage\",\"@id\":\"https:\\\/\\\/www.lovendal.ro\\\/wp52\\\/un-obiect-necunoscut-bizar-de-culoare-verde-portocalie-si-alba-a-aparut-pe-cerul-noii-zeelande-o-fi-meteorit\\\/\",\"url\":\"https:\\\/\\\/www.lovendal.ro\\\/wp52\\\/un-obiect-necunoscut-bizar-de-culoare-verde-portocalie-si-alba-a-aparut-pe-cerul-noii-zeelande-o-fi-meteorit\\\/\",\"name\":\"Un obiect necunoscut bizar, de culoare verde, portocalie \u015fi alb\u0103, a ap\u0103rut pe cerul Noii Zeelande. O fi meteorit? - Secretele lui Lovendal\",\"isPartOf\":{\"@id\":\"https:\\\/\\\/www.lovendal.ro\\\/wp52\\\/#website\"},\"primaryImageOfPage\":{\"@id\":\"https:\\\/\\\/www.lovendal.ro\\\/wp52\\\/un-obiect-necunoscut-bizar-de-culoare-verde-portocalie-si-alba-a-aparut-pe-cerul-noii-zeelande-o-fi-meteorit\\\/#primaryimage\"},\"image\":{\"@id\":\"https:\\\/\\\/www.lovendal.ro\\\/wp52\\\/un-obiect-necunoscut-bizar-de-culoare-verde-portocalie-si-alba-a-aparut-pe-cerul-noii-zeelande-o-fi-meteorit\\\/#primaryimage\"},\"thumbnailUrl\":\"https:\\\/\\\/www.lovendal.ro\\\/wp52\\\/wp-content\\\/uploads\\\/2012\\\/04\\\/obiect-necunoscut-in-Noua-Zeelanda.jpg\",\"datePublished\":\"2012-04-07T05:31:44+00:00\",\"breadcrumb\":{\"@id\":\"https:\\\/\\\/www.lovendal.ro\\\/wp52\\\/un-obiect-necunoscut-bizar-de-culoare-verde-portocalie-si-alba-a-aparut-pe-cerul-noii-zeelande-o-fi-meteorit\\\/#breadcrumb\"},\"inLanguage\":\"ro-RO\",\"potentialAction\":[{\"@type\":\"ReadAction\",\"target\":[\"https:\\\/\\\/www.lovendal.ro\\\/wp52\\\/un-obiect-necunoscut-bizar-de-culoare-verde-portocalie-si-alba-a-aparut-pe-cerul-noii-zeelande-o-fi-meteorit\\\/\"]}]},{\"@type\":\"ImageObject\",\"inLanguage\":\"ro-RO\",\"@id\":\"https:\\\/\\\/www.lovendal.ro\\\/wp52\\\/un-obiect-necunoscut-bizar-de-culoare-verde-portocalie-si-alba-a-aparut-pe-cerul-noii-zeelande-o-fi-meteorit\\\/#primaryimage\",\"url\":\"https:\\\/\\\/www.lovendal.ro\\\/wp52\\\/wp-content\\\/uploads\\\/2012\\\/04\\\/obiect-necunoscut-in-Noua-Zeelanda.jpg\",\"contentUrl\":\"https:\\\/\\\/www.lovendal.ro\\\/wp52\\\/wp-content\\\/uploads\\\/2012\\\/04\\\/obiect-necunoscut-in-Noua-Zeelanda.jpg\",\"width\":\"305\",\"height\":\"168\"},{\"@type\":\"BreadcrumbList\",\"@id\":\"https:\\\/\\\/www.lovendal.ro\\\/wp52\\\/un-obiect-necunoscut-bizar-de-culoare-verde-portocalie-si-alba-a-aparut-pe-cerul-noii-zeelande-o-fi-meteorit\\\/#breadcrumb\",\"itemListElement\":[{\"@type\":\"ListItem\",\"position\":1,\"name\":\"Home\",\"item\":\"https:\\\/\\\/www.lovendal.ro\\\/wp52\\\/\"},{\"@type\":\"ListItem\",\"position\":2,\"name\":\"Un obiect necunoscut bizar, de culoare verde, portocalie \u015fi alb\u0103, a ap\u0103rut pe cerul Noii Zeelande. O fi meteorit?\"}]},{\"@type\":\"WebSite\",\"@id\":\"https:\\\/\\\/www.lovendal.ro\\\/wp52\\\/#website\",\"url\":\"https:\\\/\\\/www.lovendal.ro\\\/wp52\\\/\",\"name\":\"Secretele lui Lovendal\",\"description\":\"Site de secrete, stiinta si metafizica - din 2008 -\",\"publisher\":{\"@id\":\"https:\\\/\\\/www.lovendal.ro\\\/wp52\\\/#organization\"},\"potentialAction\":[{\"@type\":\"SearchAction\",\"target\":{\"@type\":\"EntryPoint\",\"urlTemplate\":\"https:\\\/\\\/www.lovendal.ro\\\/wp52\\\/?s={search_term_string}\"},\"query-input\":{\"@type\":\"PropertyValueSpecification\",\"valueRequired\":true,\"valueName\":\"search_term_string\"}}],\"inLanguage\":\"ro-RO\"},{\"@type\":\"Organization\",\"@id\":\"https:\\\/\\\/www.lovendal.ro\\\/wp52\\\/#organization\",\"name\":\"Secretele lui Lovendal\",\"url\":\"https:\\\/\\\/www.lovendal.ro\\\/wp52\\\/\",\"logo\":{\"@type\":\"ImageObject\",\"inLanguage\":\"ro-RO\",\"@id\":\"https:\\\/\\\/www.lovendal.ro\\\/wp52\\\/#\\\/schema\\\/logo\\\/image\\\/\",\"url\":\"https:\\\/\\\/www.lovendal.ro\\\/wp52\\\/wp-content\\\/uploads\\\/2024\\\/06\\\/cropped-SLL-iun-2024-1.jpg\",\"contentUrl\":\"https:\\\/\\\/www.lovendal.ro\\\/wp52\\\/wp-content\\\/uploads\\\/2024\\\/06\\\/cropped-SLL-iun-2024-1.jpg\",\"width\":771,\"height\":240,\"caption\":\"Secretele lui Lovendal\"},\"image\":{\"@id\":\"https:\\\/\\\/www.lovendal.ro\\\/wp52\\\/#\\\/schema\\\/logo\\\/image\\\/\"},\"sameAs\":[\"https:\\\/\\\/www.facebook.com\\\/secreteleluilovendal\"]},{\"@type\":\"Person\",\"@id\":\"https:\\\/\\\/www.lovendal.ro\\\/wp52\\\/#\\\/schema\\\/person\\\/088691de5dfc346bb0c023e1e52ef5d9\",\"name\":\"admin\",\"image\":{\"@type\":\"ImageObject\",\"inLanguage\":\"ro-RO\",\"@id\":\"https:\\\/\\\/secure.gravatar.com\\\/avatar\\\/ecb9cd41f5f63c9c9b989999a59f6e2639a865ec361e9db054db0679a8f341c2?s=96&d=mm&r=g\",\"url\":\"https:\\\/\\\/secure.gravatar.com\\\/avatar\\\/ecb9cd41f5f63c9c9b989999a59f6e2639a865ec361e9db054db0679a8f341c2?s=96&d=mm&r=g\",\"contentUrl\":\"https:\\\/\\\/secure.gravatar.com\\\/avatar\\\/ecb9cd41f5f63c9c9b989999a59f6e2639a865ec361e9db054db0679a8f341c2?s=96&d=mm&r=g\",\"caption\":\"admin\"},\"sameAs\":[\"https:\\\/\\\/www.lovendal.ro\\\/wp52\"]}]}<\/script>\n<!-- \/ Yoast SEO Premium plugin. -->","yoast_head_json":{"title":"Un obiect necunoscut bizar, de culoare verde, portocalie \u015fi alb\u0103, a ap\u0103rut pe cerul Noii Zeelande. O fi meteorit? - Secretele lui Lovendal","robots":{"index":"index","follow":"follow","max-snippet":"max-snippet:-1","max-image-preview":"max-image-preview:large","max-video-preview":"max-video-preview:-1"},"canonical":"https:\/\/www.lovendal.ro\/wp52\/un-obiect-necunoscut-bizar-de-culoare-verde-portocalie-si-alba-a-aparut-pe-cerul-noii-zeelande-o-fi-meteorit\/","og_locale":"ro_RO","og_type":"article","og_title":"Un obiect necunoscut bizar, de culoare verde, portocalie \u015fi alb\u0103, a ap\u0103rut pe cerul Noii Zeelande. O fi meteorit?","og_description":"Un obiect ciudat a fost observat zilele trecute pe cerul Noii Zeelande. \u00cenc\u0103 r\u0103m\u00e2ne neclar dac\u0103 acel obiect a fost o comet\u0103, un meteorit, un asteroid, resturi de la o nav\u0103 spa\u0163ial\u0103 sau altceva. Conform martorilor, obiectul a fost foarte ... Cititi mai multe","og_url":"https:\/\/www.lovendal.ro\/wp52\/un-obiect-necunoscut-bizar-de-culoare-verde-portocalie-si-alba-a-aparut-pe-cerul-noii-zeelande-o-fi-meteorit\/","og_site_name":"Secretele lui Lovendal","article_publisher":"https:\/\/www.facebook.com\/secreteleluilovendal","article_published_time":"2012-04-07T05:31:44+00:00","og_image":[{"width":305,"height":168,"url":"https:\/\/www.lovendal.ro\/wp52\/wp-content\/uploads\/2012\/04\/obiect-necunoscut-in-Noua-Zeelanda.jpg","type":"image\/jpeg"}],"author":"admin","twitter_card":"summary_large_image","twitter_misc":{"Scris de":"admin","Timp estimat pentru citire":"1 minut"},"schema":{"@context":"https:\/\/schema.org","@graph":[{"@type":"Article","@id":"https:\/\/www.lovendal.ro\/wp52\/un-obiect-necunoscut-bizar-de-culoare-verde-portocalie-si-alba-a-aparut-pe-cerul-noii-zeelande-o-fi-meteorit\/#article","isPartOf":{"@id":"https:\/\/www.lovendal.ro\/wp52\/un-obiect-necunoscut-bizar-de-culoare-verde-portocalie-si-alba-a-aparut-pe-cerul-noii-zeelande-o-fi-meteorit\/"},"author":{"name":"admin","@id":"https:\/\/www.lovendal.ro\/wp52\/#\/schema\/person\/088691de5dfc346bb0c023e1e52ef5d9"},"headline":"Un obiect necunoscut bizar, de culoare verde, portocalie \u015fi alb\u0103, a ap\u0103rut pe cerul Noii Zeelande. O fi meteorit?","datePublished":"2012-04-07T05:31:44+00:00","mainEntityOfPage":{"@id":"https:\/\/www.lovendal.ro\/wp52\/un-obiect-necunoscut-bizar-de-culoare-verde-portocalie-si-alba-a-aparut-pe-cerul-noii-zeelande-o-fi-meteorit\/"},"wordCount":202,"commentCount":2,"publisher":{"@id":"https:\/\/www.lovendal.ro\/wp52\/#organization"},"image":{"@id":"https:\/\/www.lovendal.ro\/wp52\/un-obiect-necunoscut-bizar-de-culoare-verde-portocalie-si-alba-a-aparut-pe-cerul-noii-zeelande-o-fi-meteorit\/#primaryimage"},"thumbnailUrl":"https:\/\/www.lovendal.ro\/wp52\/wp-content\/uploads\/2012\/04\/obiect-necunoscut-in-Noua-Zeelanda.jpg","keywords":["Bizar","culoare","lumin\u0103","meteorit","Noua Zeeland\u0103","zgomot"],"articleSection":["Bizar"],"inLanguage":"ro-RO","potentialAction":[{"@type":"CommentAction","name":"Comment","target":["https:\/\/www.lovendal.ro\/wp52\/un-obiect-necunoscut-bizar-de-culoare-verde-portocalie-si-alba-a-aparut-pe-cerul-noii-zeelande-o-fi-meteorit\/#respond"]}]},{"@type":"WebPage","@id":"https:\/\/www.lovendal.ro\/wp52\/un-obiect-necunoscut-bizar-de-culoare-verde-portocalie-si-alba-a-aparut-pe-cerul-noii-zeelande-o-fi-meteorit\/","url":"https:\/\/www.lovendal.ro\/wp52\/un-obiect-necunoscut-bizar-de-culoare-verde-portocalie-si-alba-a-aparut-pe-cerul-noii-zeelande-o-fi-meteorit\/","name":"Un obiect necunoscut bizar, de culoare verde, portocalie \u015fi alb\u0103, a ap\u0103rut pe cerul Noii Zeelande. O fi meteorit? - Secretele lui Lovendal","isPartOf":{"@id":"https:\/\/www.lovendal.ro\/wp52\/#website"},"primaryImageOfPage":{"@id":"https:\/\/www.lovendal.ro\/wp52\/un-obiect-necunoscut-bizar-de-culoare-verde-portocalie-si-alba-a-aparut-pe-cerul-noii-zeelande-o-fi-meteorit\/#primaryimage"},"image":{"@id":"https:\/\/www.lovendal.ro\/wp52\/un-obiect-necunoscut-bizar-de-culoare-verde-portocalie-si-alba-a-aparut-pe-cerul-noii-zeelande-o-fi-meteorit\/#primaryimage"},"thumbnailUrl":"https:\/\/www.lovendal.ro\/wp52\/wp-content\/uploads\/2012\/04\/obiect-necunoscut-in-Noua-Zeelanda.jpg","datePublished":"2012-04-07T05:31:44+00:00","breadcrumb":{"@id":"https:\/\/www.lovendal.ro\/wp52\/un-obiect-necunoscut-bizar-de-culoare-verde-portocalie-si-alba-a-aparut-pe-cerul-noii-zeelande-o-fi-meteorit\/#breadcrumb"},"inLanguage":"ro-RO","potentialAction":[{"@type":"ReadAction","target":["https:\/\/www.lovendal.ro\/wp52\/un-obiect-necunoscut-bizar-de-culoare-verde-portocalie-si-alba-a-aparut-pe-cerul-noii-zeelande-o-fi-meteorit\/"]}]},{"@type":"ImageObject","inLanguage":"ro-RO","@id":"https:\/\/www.lovendal.ro\/wp52\/un-obiect-necunoscut-bizar-de-culoare-verde-portocalie-si-alba-a-aparut-pe-cerul-noii-zeelande-o-fi-meteorit\/#primaryimage","url":"https:\/\/www.lovendal.ro\/wp52\/wp-content\/uploads\/2012\/04\/obiect-necunoscut-in-Noua-Zeelanda.jpg","contentUrl":"https:\/\/www.lovendal.ro\/wp52\/wp-content\/uploads\/2012\/04\/obiect-necunoscut-in-Noua-Zeelanda.jpg","width":"305","height":"168"},{"@type":"BreadcrumbList","@id":"https:\/\/www.lovendal.ro\/wp52\/un-obiect-necunoscut-bizar-de-culoare-verde-portocalie-si-alba-a-aparut-pe-cerul-noii-zeelande-o-fi-meteorit\/#breadcrumb","itemListElement":[{"@type":"ListItem","position":1,"name":"Home","item":"https:\/\/www.lovendal.ro\/wp52\/"},{"@type":"ListItem","position":2,"name":"Un obiect necunoscut bizar, de culoare verde, portocalie \u015fi alb\u0103, a ap\u0103rut pe cerul Noii Zeelande. O fi meteorit?"}]},{"@type":"WebSite","@id":"https:\/\/www.lovendal.ro\/wp52\/#website","url":"https:\/\/www.lovendal.ro\/wp52\/","name":"Secretele lui Lovendal","description":"Site de secrete, stiinta si metafizica - din 2008 -","publisher":{"@id":"https:\/\/www.lovendal.ro\/wp52\/#organization"},"potentialAction":[{"@type":"SearchAction","target":{"@type":"EntryPoint","urlTemplate":"https:\/\/www.lovendal.ro\/wp52\/?s={search_term_string}"},"query-input":{"@type":"PropertyValueSpecification","valueRequired":true,"valueName":"search_term_string"}}],"inLanguage":"ro-RO"},{"@type":"Organization","@id":"https:\/\/www.lovendal.ro\/wp52\/#organization","name":"Secretele lui Lovendal","url":"https:\/\/www.lovendal.ro\/wp52\/","logo":{"@type":"ImageObject","inLanguage":"ro-RO","@id":"https:\/\/www.lovendal.ro\/wp52\/#\/schema\/logo\/image\/","url":"https:\/\/www.lovendal.ro\/wp52\/wp-content\/uploads\/2024\/06\/cropped-SLL-iun-2024-1.jpg","contentUrl":"https:\/\/www.lovendal.ro\/wp52\/wp-content\/uploads\/2024\/06\/cropped-SLL-iun-2024-1.jpg","width":771,"height":240,"caption":"Secretele lui Lovendal"},"image":{"@id":"https:\/\/www.lovendal.ro\/wp52\/#\/schema\/logo\/image\/"},"sameAs":["https:\/\/www.facebook.com\/secreteleluilovendal"]},{"@type":"Person","@id":"https:\/\/www.lovendal.ro\/wp52\/#\/schema\/person\/088691de5dfc346bb0c023e1e52ef5d9","name":"admin","image":{"@type":"ImageObject","inLanguage":"ro-RO","@id":"https:\/\/secure.gravatar.com\/avatar\/ecb9cd41f5f63c9c9b989999a59f6e2639a865ec361e9db054db0679a8f341c2?s=96&d=mm&r=g","url":"https:\/\/secure.gravatar.com\/avatar\/ecb9cd41f5f63c9c9b989999a59f6e2639a865ec361e9db054db0679a8f341c2?s=96&d=mm&r=g","contentUrl":"https:\/\/secure.gravatar.com\/avatar\/ecb9cd41f5f63c9c9b989999a59f6e2639a865ec361e9db054db0679a8f341c2?s=96&d=mm&r=g","caption":"admin"},"sameAs":["https:\/\/www.lovendal.ro\/wp52"]}]}},"_links":{"self":[{"href":"https:\/\/www.lovendal.ro\/wp52\/wp-json\/wp\/v2\/posts\/22986","targetHints":{"allow":["GET"]}}],"collection":[{"href":"https:\/\/www.lovendal.ro\/wp52\/wp-json\/wp\/v2\/posts"}],"about":[{"href":"https:\/\/www.lovendal.ro\/wp52\/wp-json\/wp\/v2\/types\/post"}],"author":[{"embeddable":true,"href":"https:\/\/www.lovendal.ro\/wp52\/wp-json\/wp\/v2\/users\/1"}],"replies":[{"embeddable":true,"href":"https:\/\/www.lovendal.ro\/wp52\/wp-json\/wp\/v2\/comments?post=22986"}],"version-history":[{"count":0,"href":"https:\/\/www.lovendal.ro\/wp52\/wp-json\/wp\/v2\/posts\/22986\/revisions"}],"wp:featuredmedia":[{"embeddable":true,"href":"https:\/\/www.lovendal.ro\/wp52\/wp-json\/wp\/v2\/media\/22987"}],"wp:attachment":[{"href":"https:\/\/www.lovendal.ro\/wp52\/wp-json\/wp\/v2\/media?parent=22986"}],"wp:term":[{"taxonomy":"category","embeddable":true,"href":"https:\/\/www.lovendal.ro\/wp52\/wp-json\/wp\/v2\/categories?post=22986"},{"taxonomy":"post_tag","embeddable":true,"href":"https:\/\/www.lovendal.ro\/wp52\/wp-json\/wp\/v2\/tags?post=22986"}],"curies":[{"name":"wp","href":"https:\/\/api.w.org\/{rel}","templated":true}]}}