{"id":22899,"date":"2012-04-01T21:41:18","date_gmt":"2012-04-01T19:41:18","guid":{"rendered":"http:\/\/www.lovendal.net\/wp52\/?p=22899"},"modified":"2012-04-01T22:30:33","modified_gmt":"2012-04-01T20:30:33","slug":"o-noua-piatra-de-mormant-din-secolul-al-18-lea-arata-ca-suntem-urmasii-dacilor-si-tracilor-nu-al-romanilor","status":"publish","type":"post","link":"https:\/\/www.lovendal.ro\/wp52\/o-noua-piatra-de-mormant-din-secolul-al-18-lea-arata-ca-suntem-urmasii-dacilor-si-tracilor-nu-al-romanilor\/","title":{"rendered":"O nou\u0103 piatr\u0103 de morm\u00e2nt din secolul al 18-lea arat\u0103 c\u0103 suntem urma\u015fii dacilor \u015fi tracilor, \u015fi nu al romanilor"},"content":{"rendered":"<p><a href=\"https:\/\/www.lovendal.ro\/wp52\/wp-content\/uploads\/2012\/04\/daci29.jpg\"><img loading=\"lazy\" decoding=\"async\" class=\"alignleft size-full wp-image-22901\" title=\"daci29\" src=\"https:\/\/www.lovendal.ro\/wp52\/wp-content\/uploads\/2012\/04\/daci29.jpg\" alt=\"\" width=\"299\" height=\"201\" \/><\/a>Trei pietre de morm\u00e2nt, de marmor\u0103, cu inscrip\u0163ii \u00een limba greceasc\u0103, se afl\u0103 \u00een interiorul bisericei Golia din Ia\u015fi, din care una cuprinde epitaful Domni\u0163ei Sultana Racovi\u0163\u0103, cu data 1753. Sultana Racovi\u0163\u0103 era so\u0163ia domnitorului Mihail Racovi\u0163\u0103. Aceast\u0103 piatr\u0103 de morm\u00e2nt e destul de interesant\u0103:<\/p>\n<p>Nici p\u0103m\u00e2ntean\u0103, nici din Dacia nu sunt, amice<br \/>\nByza mea, Byza, produc\u0103toare de b\u0103rba\u0163i glorio\u015fi, \u00eemi este patria,<br \/>\nM&#8217;a n\u0103scut Ghiorghios so\u0163iei sale \u015fi mama Eufrosina,<br \/>\nNumele meu este Sultana cea cu via\u0163a scurt\u0103<br \/>\n\u015ei eram so\u0163ia lui Mihail Racovi\u0163\u0103,<br \/>\nA Domnitorului \u00een\u0163elept al Dacilor \u015fi Misienilor.<br \/>\nVai! vai! n&#8217;am murit \u00een patria mea<br \/>\nCi soarta m&#8217;a r\u0103pit pe p\u0103m\u00e2ntul Misienilor<br \/>\n\u00cen anul al treilea \u015fi o mie de la Hristos<br \/>\nPlus cincizeci, \u015fi \u015fepte ori o sut\u0103 (=1753)<br \/>\n\u00cen ziua de s\u00e2mb\u0103t\u0103 a lui Ianuarie,<br \/>\nCam pe la \u00eenceput, adec\u0103 a dou\u0103 zi.<\/p>\n<p>\u00centr-un articol asem\u0103n\u0103tor (<a href=\"https:\/\/www.lovendal.ro\/wp52\/piosul-egemon-al-intregei-dacie-domnul-grigorie-ghica-de-ce-ne-numim-romania-si-nu-dacia\/\" target=\"_blank\"><strong>https:\/\/www.lovendal.ro\/wp52\/piosul-egemon-al-intregei-dacie-domnul-grigorie-ghica-de-ce-ne-numim-romania-si-nu-dacia\/<\/strong><\/a>), \u00eentr-o alt\u0103 piatr\u0103 de morm\u00e2nt din secolul al XVIII-lea, \u0163\u0103rile rom\u00e2ne (Moldova \u015fi \u0162ara Rom\u00e2neasc\u0103) erau cunoscute ca &#8222;Dacia&#8221;. \u015ei \u00een piatra aceasta de morm\u00e2nt, de la \u00eenceputul articolului, se p\u0103streaz\u0103 aceea\u015fi denumire &#8222;Dacia&#8221;, dar \u015fi numele locuitorilor acestor teritorii: daci \u015fi misieni. Din &#8222;R\u0103scoala As\u01cene\u0219tilor&#8221; (1185), relatarea lui Niketas Choniates afl\u0103 cine sunt misienii:<em> &#8222;care mai \u00eenainte se numeau <em><strong>misieni<\/strong><\/em>, iar acum se cheam\u0103 <em><strong>vlahi<\/strong><\/em>.&#8221; <\/em>Vlahii sunt urma\u015fii tracilor, a\u015fadar misienii sunt urma\u015fi ai tracilor. A\u015fadar, \u0163ara noastr\u0103 se putea numi &#8222;Valahia&#8221; sau &#8222;Dacia&#8221;, fiind urma\u015fi ai tracilor \u015fi dacilor. \u015ei totu\u015fi, \u00een secolul al XIX-lea, s-a ales s\u0103 ne numit &#8222;Rom\u00e2nia&#8221;, pentru a ar\u0103ta mo\u015ftenirea roman\u0103&#8230;<\/p>\n","protected":false},"excerpt":{"rendered":"<p>Trei pietre de morm\u00e2nt, de marmor\u0103, cu inscrip\u0163ii \u00een limba greceasc\u0103, se afl\u0103 \u00een interiorul bisericei Golia din Ia\u015fi, din care una cuprinde epitaful Domni\u0163ei Sultana Racovi\u0163\u0103, cu data 1753. Sultana Racovi\u0163\u0103 era so\u0163ia domnitorului Mihail Racovi\u0163\u0103. Aceast\u0103 piatr\u0103 de &#8230; <\/p>\n<p class=\"read-more-container\"><a title=\"O nou\u0103 piatr\u0103 de morm\u00e2nt din secolul al 18-lea arat\u0103 c\u0103 suntem urma\u015fii dacilor \u015fi tracilor, \u015fi nu al romanilor\" class=\"read-more button\" href=\"https:\/\/www.lovendal.ro\/wp52\/o-noua-piatra-de-mormant-din-secolul-al-18-lea-arata-ca-suntem-urmasii-dacilor-si-tracilor-nu-al-romanilor\/#more-22899\" aria-label=\"Cite\u0219te mai multe despre O nou\u0103 piatr\u0103 de morm\u00e2nt din secolul al 18-lea arat\u0103 c\u0103 suntem urma\u015fii dacilor \u015fi tracilor, \u015fi nu al romanilor\">Cititi mai multe<\/a><\/p>\n","protected":false},"author":1,"featured_media":22901,"comment_status":"open","ping_status":"closed","sticky":false,"template":"","format":"standard","meta":{"footnotes":""},"categories":[9],"tags":[253,5146,1110,1157,1428,329,1532,5145,5144,377,315,3551,74,228,2689,4773],"class_list":["post-22899","post","type-post","status-publish","format-standard","has-post-thumbnail","hentry","category-istorie","tag-biserica","tag-biserica-golia","tag-daci","tag-dacia","tag-domnitor","tag-iasi","tag-istorie-si-civilizatii","tag-mihail-racovita","tag-misieni","tag-moldova","tag-mormant","tag-racovita","tag-romania","tag-tara-romaneasca","tag-traci","tag-vlahi","resize-featured-image"],"yoast_head":"<!-- This site is optimized with the Yoast SEO Premium plugin v23.3 (Yoast SEO v27.4) - https:\/\/yoast.com\/product\/yoast-seo-premium-wordpress\/ -->\n<title>O nou\u0103 piatr\u0103 de morm\u00e2nt din secolul al 18-lea arat\u0103 c\u0103 suntem urma\u015fii dacilor \u015fi tracilor, \u015fi nu al romanilor - Secretele lui Lovendal<\/title>\n<meta name=\"robots\" content=\"index, follow, max-snippet:-1, max-image-preview:large, max-video-preview:-1\" \/>\n<link rel=\"canonical\" href=\"https:\/\/www.lovendal.ro\/wp52\/o-noua-piatra-de-mormant-din-secolul-al-18-lea-arata-ca-suntem-urmasii-dacilor-si-tracilor-nu-al-romanilor\/\" \/>\n<meta property=\"og:locale\" content=\"ro_RO\" \/>\n<meta property=\"og:type\" content=\"article\" \/>\n<meta property=\"og:title\" content=\"O nou\u0103 piatr\u0103 de morm\u00e2nt din secolul al 18-lea arat\u0103 c\u0103 suntem urma\u015fii dacilor \u015fi tracilor, \u015fi nu al romanilor\" \/>\n<meta property=\"og:description\" content=\"Trei pietre de morm\u00e2nt, de marmor\u0103, cu inscrip\u0163ii \u00een limba greceasc\u0103, se afl\u0103 \u00een interiorul bisericei Golia din Ia\u015fi, din care una cuprinde epitaful Domni\u0163ei Sultana Racovi\u0163\u0103, cu data 1753. Sultana Racovi\u0163\u0103 era so\u0163ia domnitorului Mihail Racovi\u0163\u0103. Aceast\u0103 piatr\u0103 de ... Cititi mai multe\" \/>\n<meta property=\"og:url\" content=\"https:\/\/www.lovendal.ro\/wp52\/o-noua-piatra-de-mormant-din-secolul-al-18-lea-arata-ca-suntem-urmasii-dacilor-si-tracilor-nu-al-romanilor\/\" \/>\n<meta property=\"og:site_name\" content=\"Secretele lui Lovendal\" \/>\n<meta property=\"article:publisher\" content=\"https:\/\/www.facebook.com\/secreteleluilovendal\" \/>\n<meta property=\"article:published_time\" content=\"2012-04-01T19:41:18+00:00\" \/>\n<meta property=\"article:modified_time\" content=\"2012-04-01T20:30:33+00:00\" \/>\n<meta property=\"og:image\" content=\"https:\/\/www.lovendal.ro\/wp52\/wp-content\/uploads\/2012\/04\/daci29.jpg\" \/>\n\t<meta property=\"og:image:width\" content=\"299\" \/>\n\t<meta property=\"og:image:height\" content=\"201\" \/>\n\t<meta property=\"og:image:type\" content=\"image\/jpeg\" \/>\n<meta name=\"author\" content=\"admin\" \/>\n<meta name=\"twitter:card\" content=\"summary_large_image\" \/>\n<meta name=\"twitter:label1\" content=\"Scris de\" \/>\n\t<meta name=\"twitter:data1\" content=\"admin\" \/>\n\t<meta name=\"twitter:label2\" content=\"Timp estimat pentru citire\" \/>\n\t<meta name=\"twitter:data2\" content=\"1 minut\" \/>\n<script type=\"application\/ld+json\" class=\"yoast-schema-graph\">{\"@context\":\"https:\\\/\\\/schema.org\",\"@graph\":[{\"@type\":\"Article\",\"@id\":\"https:\\\/\\\/www.lovendal.ro\\\/wp52\\\/o-noua-piatra-de-mormant-din-secolul-al-18-lea-arata-ca-suntem-urmasii-dacilor-si-tracilor-nu-al-romanilor\\\/#article\",\"isPartOf\":{\"@id\":\"https:\\\/\\\/www.lovendal.ro\\\/wp52\\\/o-noua-piatra-de-mormant-din-secolul-al-18-lea-arata-ca-suntem-urmasii-dacilor-si-tracilor-nu-al-romanilor\\\/\"},\"author\":{\"name\":\"admin\",\"@id\":\"https:\\\/\\\/www.lovendal.ro\\\/wp52\\\/#\\\/schema\\\/person\\\/088691de5dfc346bb0c023e1e52ef5d9\"},\"headline\":\"O nou\u0103 piatr\u0103 de morm\u00e2nt din secolul al 18-lea arat\u0103 c\u0103 suntem urma\u015fii dacilor \u015fi tracilor, \u015fi nu al romanilor\",\"datePublished\":\"2012-04-01T19:41:18+00:00\",\"dateModified\":\"2012-04-01T20:30:33+00:00\",\"mainEntityOfPage\":{\"@id\":\"https:\\\/\\\/www.lovendal.ro\\\/wp52\\\/o-noua-piatra-de-mormant-din-secolul-al-18-lea-arata-ca-suntem-urmasii-dacilor-si-tracilor-nu-al-romanilor\\\/\"},\"wordCount\":320,\"commentCount\":43,\"publisher\":{\"@id\":\"https:\\\/\\\/www.lovendal.ro\\\/wp52\\\/#organization\"},\"image\":{\"@id\":\"https:\\\/\\\/www.lovendal.ro\\\/wp52\\\/o-noua-piatra-de-mormant-din-secolul-al-18-lea-arata-ca-suntem-urmasii-dacilor-si-tracilor-nu-al-romanilor\\\/#primaryimage\"},\"thumbnailUrl\":\"https:\\\/\\\/www.lovendal.ro\\\/wp52\\\/wp-content\\\/uploads\\\/2012\\\/04\\\/daci29.jpg\",\"keywords\":[\"biseric\u0103\",\"Biserica Golia\",\"daci\",\"Dacia\",\"domnitor\",\"Ia\u015fi\",\"Istorie si Civilizatii\",\"Mihail Racovi\u0163\u0103\",\"misieni\",\"Moldova\",\"morm\u00e2nt\",\"Racovi\u0163\u0103\",\"Rom\u00e2nia\",\"\u0162ara Rom\u00e2neasc\u0103\",\"traci\",\"vlahi\"],\"articleSection\":[\"Istorie si Civilizatii\"],\"inLanguage\":\"ro-RO\",\"potentialAction\":[{\"@type\":\"CommentAction\",\"name\":\"Comment\",\"target\":[\"https:\\\/\\\/www.lovendal.ro\\\/wp52\\\/o-noua-piatra-de-mormant-din-secolul-al-18-lea-arata-ca-suntem-urmasii-dacilor-si-tracilor-nu-al-romanilor\\\/#respond\"]}]},{\"@type\":\"WebPage\",\"@id\":\"https:\\\/\\\/www.lovendal.ro\\\/wp52\\\/o-noua-piatra-de-mormant-din-secolul-al-18-lea-arata-ca-suntem-urmasii-dacilor-si-tracilor-nu-al-romanilor\\\/\",\"url\":\"https:\\\/\\\/www.lovendal.ro\\\/wp52\\\/o-noua-piatra-de-mormant-din-secolul-al-18-lea-arata-ca-suntem-urmasii-dacilor-si-tracilor-nu-al-romanilor\\\/\",\"name\":\"O nou\u0103 piatr\u0103 de morm\u00e2nt din secolul al 18-lea arat\u0103 c\u0103 suntem urma\u015fii dacilor \u015fi tracilor, \u015fi nu al romanilor - Secretele lui Lovendal\",\"isPartOf\":{\"@id\":\"https:\\\/\\\/www.lovendal.ro\\\/wp52\\\/#website\"},\"primaryImageOfPage\":{\"@id\":\"https:\\\/\\\/www.lovendal.ro\\\/wp52\\\/o-noua-piatra-de-mormant-din-secolul-al-18-lea-arata-ca-suntem-urmasii-dacilor-si-tracilor-nu-al-romanilor\\\/#primaryimage\"},\"image\":{\"@id\":\"https:\\\/\\\/www.lovendal.ro\\\/wp52\\\/o-noua-piatra-de-mormant-din-secolul-al-18-lea-arata-ca-suntem-urmasii-dacilor-si-tracilor-nu-al-romanilor\\\/#primaryimage\"},\"thumbnailUrl\":\"https:\\\/\\\/www.lovendal.ro\\\/wp52\\\/wp-content\\\/uploads\\\/2012\\\/04\\\/daci29.jpg\",\"datePublished\":\"2012-04-01T19:41:18+00:00\",\"dateModified\":\"2012-04-01T20:30:33+00:00\",\"breadcrumb\":{\"@id\":\"https:\\\/\\\/www.lovendal.ro\\\/wp52\\\/o-noua-piatra-de-mormant-din-secolul-al-18-lea-arata-ca-suntem-urmasii-dacilor-si-tracilor-nu-al-romanilor\\\/#breadcrumb\"},\"inLanguage\":\"ro-RO\",\"potentialAction\":[{\"@type\":\"ReadAction\",\"target\":[\"https:\\\/\\\/www.lovendal.ro\\\/wp52\\\/o-noua-piatra-de-mormant-din-secolul-al-18-lea-arata-ca-suntem-urmasii-dacilor-si-tracilor-nu-al-romanilor\\\/\"]}]},{\"@type\":\"ImageObject\",\"inLanguage\":\"ro-RO\",\"@id\":\"https:\\\/\\\/www.lovendal.ro\\\/wp52\\\/o-noua-piatra-de-mormant-din-secolul-al-18-lea-arata-ca-suntem-urmasii-dacilor-si-tracilor-nu-al-romanilor\\\/#primaryimage\",\"url\":\"https:\\\/\\\/www.lovendal.ro\\\/wp52\\\/wp-content\\\/uploads\\\/2012\\\/04\\\/daci29.jpg\",\"contentUrl\":\"https:\\\/\\\/www.lovendal.ro\\\/wp52\\\/wp-content\\\/uploads\\\/2012\\\/04\\\/daci29.jpg\",\"width\":\"299\",\"height\":\"201\"},{\"@type\":\"BreadcrumbList\",\"@id\":\"https:\\\/\\\/www.lovendal.ro\\\/wp52\\\/o-noua-piatra-de-mormant-din-secolul-al-18-lea-arata-ca-suntem-urmasii-dacilor-si-tracilor-nu-al-romanilor\\\/#breadcrumb\",\"itemListElement\":[{\"@type\":\"ListItem\",\"position\":1,\"name\":\"Home\",\"item\":\"https:\\\/\\\/www.lovendal.ro\\\/wp52\\\/\"},{\"@type\":\"ListItem\",\"position\":2,\"name\":\"O nou\u0103 piatr\u0103 de morm\u00e2nt din secolul al 18-lea arat\u0103 c\u0103 suntem urma\u015fii dacilor \u015fi tracilor, \u015fi nu al romanilor\"}]},{\"@type\":\"WebSite\",\"@id\":\"https:\\\/\\\/www.lovendal.ro\\\/wp52\\\/#website\",\"url\":\"https:\\\/\\\/www.lovendal.ro\\\/wp52\\\/\",\"name\":\"Secretele lui Lovendal\",\"description\":\"Site de secrete, stiinta si metafizica - din 2008 -\",\"publisher\":{\"@id\":\"https:\\\/\\\/www.lovendal.ro\\\/wp52\\\/#organization\"},\"potentialAction\":[{\"@type\":\"SearchAction\",\"target\":{\"@type\":\"EntryPoint\",\"urlTemplate\":\"https:\\\/\\\/www.lovendal.ro\\\/wp52\\\/?s={search_term_string}\"},\"query-input\":{\"@type\":\"PropertyValueSpecification\",\"valueRequired\":true,\"valueName\":\"search_term_string\"}}],\"inLanguage\":\"ro-RO\"},{\"@type\":\"Organization\",\"@id\":\"https:\\\/\\\/www.lovendal.ro\\\/wp52\\\/#organization\",\"name\":\"Secretele lui Lovendal\",\"url\":\"https:\\\/\\\/www.lovendal.ro\\\/wp52\\\/\",\"logo\":{\"@type\":\"ImageObject\",\"inLanguage\":\"ro-RO\",\"@id\":\"https:\\\/\\\/www.lovendal.ro\\\/wp52\\\/#\\\/schema\\\/logo\\\/image\\\/\",\"url\":\"https:\\\/\\\/www.lovendal.ro\\\/wp52\\\/wp-content\\\/uploads\\\/2024\\\/06\\\/cropped-SLL-iun-2024-1.jpg\",\"contentUrl\":\"https:\\\/\\\/www.lovendal.ro\\\/wp52\\\/wp-content\\\/uploads\\\/2024\\\/06\\\/cropped-SLL-iun-2024-1.jpg\",\"width\":771,\"height\":240,\"caption\":\"Secretele lui Lovendal\"},\"image\":{\"@id\":\"https:\\\/\\\/www.lovendal.ro\\\/wp52\\\/#\\\/schema\\\/logo\\\/image\\\/\"},\"sameAs\":[\"https:\\\/\\\/www.facebook.com\\\/secreteleluilovendal\"]},{\"@type\":\"Person\",\"@id\":\"https:\\\/\\\/www.lovendal.ro\\\/wp52\\\/#\\\/schema\\\/person\\\/088691de5dfc346bb0c023e1e52ef5d9\",\"name\":\"admin\",\"image\":{\"@type\":\"ImageObject\",\"inLanguage\":\"ro-RO\",\"@id\":\"https:\\\/\\\/secure.gravatar.com\\\/avatar\\\/ecb9cd41f5f63c9c9b989999a59f6e2639a865ec361e9db054db0679a8f341c2?s=96&d=mm&r=g\",\"url\":\"https:\\\/\\\/secure.gravatar.com\\\/avatar\\\/ecb9cd41f5f63c9c9b989999a59f6e2639a865ec361e9db054db0679a8f341c2?s=96&d=mm&r=g\",\"contentUrl\":\"https:\\\/\\\/secure.gravatar.com\\\/avatar\\\/ecb9cd41f5f63c9c9b989999a59f6e2639a865ec361e9db054db0679a8f341c2?s=96&d=mm&r=g\",\"caption\":\"admin\"},\"sameAs\":[\"https:\\\/\\\/www.lovendal.ro\\\/wp52\"]}]}<\/script>\n<!-- \/ Yoast SEO Premium plugin. -->","yoast_head_json":{"title":"O nou\u0103 piatr\u0103 de morm\u00e2nt din secolul al 18-lea arat\u0103 c\u0103 suntem urma\u015fii dacilor \u015fi tracilor, \u015fi nu al romanilor - Secretele lui Lovendal","robots":{"index":"index","follow":"follow","max-snippet":"max-snippet:-1","max-image-preview":"max-image-preview:large","max-video-preview":"max-video-preview:-1"},"canonical":"https:\/\/www.lovendal.ro\/wp52\/o-noua-piatra-de-mormant-din-secolul-al-18-lea-arata-ca-suntem-urmasii-dacilor-si-tracilor-nu-al-romanilor\/","og_locale":"ro_RO","og_type":"article","og_title":"O nou\u0103 piatr\u0103 de morm\u00e2nt din secolul al 18-lea arat\u0103 c\u0103 suntem urma\u015fii dacilor \u015fi tracilor, \u015fi nu al romanilor","og_description":"Trei pietre de morm\u00e2nt, de marmor\u0103, cu inscrip\u0163ii \u00een limba greceasc\u0103, se afl\u0103 \u00een interiorul bisericei Golia din Ia\u015fi, din care una cuprinde epitaful Domni\u0163ei Sultana Racovi\u0163\u0103, cu data 1753. Sultana Racovi\u0163\u0103 era so\u0163ia domnitorului Mihail Racovi\u0163\u0103. Aceast\u0103 piatr\u0103 de ... Cititi mai multe","og_url":"https:\/\/www.lovendal.ro\/wp52\/o-noua-piatra-de-mormant-din-secolul-al-18-lea-arata-ca-suntem-urmasii-dacilor-si-tracilor-nu-al-romanilor\/","og_site_name":"Secretele lui Lovendal","article_publisher":"https:\/\/www.facebook.com\/secreteleluilovendal","article_published_time":"2012-04-01T19:41:18+00:00","article_modified_time":"2012-04-01T20:30:33+00:00","og_image":[{"width":299,"height":201,"url":"https:\/\/www.lovendal.ro\/wp52\/wp-content\/uploads\/2012\/04\/daci29.jpg","type":"image\/jpeg"}],"author":"admin","twitter_card":"summary_large_image","twitter_misc":{"Scris de":"admin","Timp estimat pentru citire":"1 minut"},"schema":{"@context":"https:\/\/schema.org","@graph":[{"@type":"Article","@id":"https:\/\/www.lovendal.ro\/wp52\/o-noua-piatra-de-mormant-din-secolul-al-18-lea-arata-ca-suntem-urmasii-dacilor-si-tracilor-nu-al-romanilor\/#article","isPartOf":{"@id":"https:\/\/www.lovendal.ro\/wp52\/o-noua-piatra-de-mormant-din-secolul-al-18-lea-arata-ca-suntem-urmasii-dacilor-si-tracilor-nu-al-romanilor\/"},"author":{"name":"admin","@id":"https:\/\/www.lovendal.ro\/wp52\/#\/schema\/person\/088691de5dfc346bb0c023e1e52ef5d9"},"headline":"O nou\u0103 piatr\u0103 de morm\u00e2nt din secolul al 18-lea arat\u0103 c\u0103 suntem urma\u015fii dacilor \u015fi tracilor, \u015fi nu al romanilor","datePublished":"2012-04-01T19:41:18+00:00","dateModified":"2012-04-01T20:30:33+00:00","mainEntityOfPage":{"@id":"https:\/\/www.lovendal.ro\/wp52\/o-noua-piatra-de-mormant-din-secolul-al-18-lea-arata-ca-suntem-urmasii-dacilor-si-tracilor-nu-al-romanilor\/"},"wordCount":320,"commentCount":43,"publisher":{"@id":"https:\/\/www.lovendal.ro\/wp52\/#organization"},"image":{"@id":"https:\/\/www.lovendal.ro\/wp52\/o-noua-piatra-de-mormant-din-secolul-al-18-lea-arata-ca-suntem-urmasii-dacilor-si-tracilor-nu-al-romanilor\/#primaryimage"},"thumbnailUrl":"https:\/\/www.lovendal.ro\/wp52\/wp-content\/uploads\/2012\/04\/daci29.jpg","keywords":["biseric\u0103","Biserica Golia","daci","Dacia","domnitor","Ia\u015fi","Istorie si Civilizatii","Mihail Racovi\u0163\u0103","misieni","Moldova","morm\u00e2nt","Racovi\u0163\u0103","Rom\u00e2nia","\u0162ara Rom\u00e2neasc\u0103","traci","vlahi"],"articleSection":["Istorie si Civilizatii"],"inLanguage":"ro-RO","potentialAction":[{"@type":"CommentAction","name":"Comment","target":["https:\/\/www.lovendal.ro\/wp52\/o-noua-piatra-de-mormant-din-secolul-al-18-lea-arata-ca-suntem-urmasii-dacilor-si-tracilor-nu-al-romanilor\/#respond"]}]},{"@type":"WebPage","@id":"https:\/\/www.lovendal.ro\/wp52\/o-noua-piatra-de-mormant-din-secolul-al-18-lea-arata-ca-suntem-urmasii-dacilor-si-tracilor-nu-al-romanilor\/","url":"https:\/\/www.lovendal.ro\/wp52\/o-noua-piatra-de-mormant-din-secolul-al-18-lea-arata-ca-suntem-urmasii-dacilor-si-tracilor-nu-al-romanilor\/","name":"O nou\u0103 piatr\u0103 de morm\u00e2nt din secolul al 18-lea arat\u0103 c\u0103 suntem urma\u015fii dacilor \u015fi tracilor, \u015fi nu al romanilor - Secretele lui Lovendal","isPartOf":{"@id":"https:\/\/www.lovendal.ro\/wp52\/#website"},"primaryImageOfPage":{"@id":"https:\/\/www.lovendal.ro\/wp52\/o-noua-piatra-de-mormant-din-secolul-al-18-lea-arata-ca-suntem-urmasii-dacilor-si-tracilor-nu-al-romanilor\/#primaryimage"},"image":{"@id":"https:\/\/www.lovendal.ro\/wp52\/o-noua-piatra-de-mormant-din-secolul-al-18-lea-arata-ca-suntem-urmasii-dacilor-si-tracilor-nu-al-romanilor\/#primaryimage"},"thumbnailUrl":"https:\/\/www.lovendal.ro\/wp52\/wp-content\/uploads\/2012\/04\/daci29.jpg","datePublished":"2012-04-01T19:41:18+00:00","dateModified":"2012-04-01T20:30:33+00:00","breadcrumb":{"@id":"https:\/\/www.lovendal.ro\/wp52\/o-noua-piatra-de-mormant-din-secolul-al-18-lea-arata-ca-suntem-urmasii-dacilor-si-tracilor-nu-al-romanilor\/#breadcrumb"},"inLanguage":"ro-RO","potentialAction":[{"@type":"ReadAction","target":["https:\/\/www.lovendal.ro\/wp52\/o-noua-piatra-de-mormant-din-secolul-al-18-lea-arata-ca-suntem-urmasii-dacilor-si-tracilor-nu-al-romanilor\/"]}]},{"@type":"ImageObject","inLanguage":"ro-RO","@id":"https:\/\/www.lovendal.ro\/wp52\/o-noua-piatra-de-mormant-din-secolul-al-18-lea-arata-ca-suntem-urmasii-dacilor-si-tracilor-nu-al-romanilor\/#primaryimage","url":"https:\/\/www.lovendal.ro\/wp52\/wp-content\/uploads\/2012\/04\/daci29.jpg","contentUrl":"https:\/\/www.lovendal.ro\/wp52\/wp-content\/uploads\/2012\/04\/daci29.jpg","width":"299","height":"201"},{"@type":"BreadcrumbList","@id":"https:\/\/www.lovendal.ro\/wp52\/o-noua-piatra-de-mormant-din-secolul-al-18-lea-arata-ca-suntem-urmasii-dacilor-si-tracilor-nu-al-romanilor\/#breadcrumb","itemListElement":[{"@type":"ListItem","position":1,"name":"Home","item":"https:\/\/www.lovendal.ro\/wp52\/"},{"@type":"ListItem","position":2,"name":"O nou\u0103 piatr\u0103 de morm\u00e2nt din secolul al 18-lea arat\u0103 c\u0103 suntem urma\u015fii dacilor \u015fi tracilor, \u015fi nu al romanilor"}]},{"@type":"WebSite","@id":"https:\/\/www.lovendal.ro\/wp52\/#website","url":"https:\/\/www.lovendal.ro\/wp52\/","name":"Secretele lui Lovendal","description":"Site de secrete, stiinta si metafizica - din 2008 -","publisher":{"@id":"https:\/\/www.lovendal.ro\/wp52\/#organization"},"potentialAction":[{"@type":"SearchAction","target":{"@type":"EntryPoint","urlTemplate":"https:\/\/www.lovendal.ro\/wp52\/?s={search_term_string}"},"query-input":{"@type":"PropertyValueSpecification","valueRequired":true,"valueName":"search_term_string"}}],"inLanguage":"ro-RO"},{"@type":"Organization","@id":"https:\/\/www.lovendal.ro\/wp52\/#organization","name":"Secretele lui Lovendal","url":"https:\/\/www.lovendal.ro\/wp52\/","logo":{"@type":"ImageObject","inLanguage":"ro-RO","@id":"https:\/\/www.lovendal.ro\/wp52\/#\/schema\/logo\/image\/","url":"https:\/\/www.lovendal.ro\/wp52\/wp-content\/uploads\/2024\/06\/cropped-SLL-iun-2024-1.jpg","contentUrl":"https:\/\/www.lovendal.ro\/wp52\/wp-content\/uploads\/2024\/06\/cropped-SLL-iun-2024-1.jpg","width":771,"height":240,"caption":"Secretele lui Lovendal"},"image":{"@id":"https:\/\/www.lovendal.ro\/wp52\/#\/schema\/logo\/image\/"},"sameAs":["https:\/\/www.facebook.com\/secreteleluilovendal"]},{"@type":"Person","@id":"https:\/\/www.lovendal.ro\/wp52\/#\/schema\/person\/088691de5dfc346bb0c023e1e52ef5d9","name":"admin","image":{"@type":"ImageObject","inLanguage":"ro-RO","@id":"https:\/\/secure.gravatar.com\/avatar\/ecb9cd41f5f63c9c9b989999a59f6e2639a865ec361e9db054db0679a8f341c2?s=96&d=mm&r=g","url":"https:\/\/secure.gravatar.com\/avatar\/ecb9cd41f5f63c9c9b989999a59f6e2639a865ec361e9db054db0679a8f341c2?s=96&d=mm&r=g","contentUrl":"https:\/\/secure.gravatar.com\/avatar\/ecb9cd41f5f63c9c9b989999a59f6e2639a865ec361e9db054db0679a8f341c2?s=96&d=mm&r=g","caption":"admin"},"sameAs":["https:\/\/www.lovendal.ro\/wp52"]}]}},"_links":{"self":[{"href":"https:\/\/www.lovendal.ro\/wp52\/wp-json\/wp\/v2\/posts\/22899","targetHints":{"allow":["GET"]}}],"collection":[{"href":"https:\/\/www.lovendal.ro\/wp52\/wp-json\/wp\/v2\/posts"}],"about":[{"href":"https:\/\/www.lovendal.ro\/wp52\/wp-json\/wp\/v2\/types\/post"}],"author":[{"embeddable":true,"href":"https:\/\/www.lovendal.ro\/wp52\/wp-json\/wp\/v2\/users\/1"}],"replies":[{"embeddable":true,"href":"https:\/\/www.lovendal.ro\/wp52\/wp-json\/wp\/v2\/comments?post=22899"}],"version-history":[{"count":0,"href":"https:\/\/www.lovendal.ro\/wp52\/wp-json\/wp\/v2\/posts\/22899\/revisions"}],"wp:featuredmedia":[{"embeddable":true,"href":"https:\/\/www.lovendal.ro\/wp52\/wp-json\/wp\/v2\/media\/22901"}],"wp:attachment":[{"href":"https:\/\/www.lovendal.ro\/wp52\/wp-json\/wp\/v2\/media?parent=22899"}],"wp:term":[{"taxonomy":"category","embeddable":true,"href":"https:\/\/www.lovendal.ro\/wp52\/wp-json\/wp\/v2\/categories?post=22899"},{"taxonomy":"post_tag","embeddable":true,"href":"https:\/\/www.lovendal.ro\/wp52\/wp-json\/wp\/v2\/tags?post=22899"}],"curies":[{"name":"wp","href":"https:\/\/api.w.org\/{rel}","templated":true}]}}