{"id":22741,"date":"2012-03-21T14:25:41","date_gmt":"2012-03-21T12:25:41","guid":{"rendered":"http:\/\/www.lovendal.net\/wp52\/?p=22741"},"modified":"2012-03-21T14:25:41","modified_gmt":"2012-03-21T12:25:41","slug":"cutremur-puternic-in-mexic-pe-20-martie-2012-am-avut-dreptate-cu-ciclul-de-188-de-zile-al-cutremurelor-puternice","status":"publish","type":"post","link":"https:\/\/www.lovendal.ro\/wp52\/cutremur-puternic-in-mexic-pe-20-martie-2012-am-avut-dreptate-cu-ciclul-de-188-de-zile-al-cutremurelor-puternice\/","title":{"rendered":"Cutremur puternic \u00een Mexic pe 20 martie 2012&#8230;Am avut dreptate cu ciclul de 188 de zile al cutremurelor puternice?"},"content":{"rendered":"<p><a href=\"https:\/\/www.lovendal.ro\/wp52\/wp-content\/uploads\/2012\/03\/cutremur-772.jpg\"><img loading=\"lazy\" decoding=\"async\" class=\"alignleft size-full wp-image-22743\" title=\"cutremur 772\" src=\"https:\/\/www.lovendal.ro\/wp52\/wp-content\/uploads\/2012\/03\/cutremur-772.jpg\" alt=\"\" width=\"297\" height=\"204\" srcset=\"https:\/\/www.lovendal.ro\/wp52\/wp-content\/uploads\/2012\/03\/cutremur-772.jpg 309w, https:\/\/www.lovendal.ro\/wp52\/wp-content\/uploads\/2012\/03\/cutremur-772-300x205.jpg 300w\" sizes=\"auto, (max-width: 297px) 100vw, 297px\" \/><\/a>Scriam pe 3 martie \u00een articolul intitulat <em>&#8222;De ce \u00een ultimii 2 ani, marile cutremure au loc la 188 de zile&#8221;<\/em> (<a href=\"https:\/\/www.lovendal.ro\/wp52\/de-ce-in-ultimii-2-ani-marile-cutremure-au-loc-la-188-de-zile-se-va-intampla-un-cutremur-devastator-pe-22-martie-2012\/\" target=\"_blank\"><strong>https:\/\/www.lovendal.ro\/wp52\/de-ce-in-ultimii-2-ani-marile-cutremure-au-loc-la-188-de-zile-se-va-intampla-un-cutremur-devastator-pe-22-martie-2012\/)<\/strong><\/a> c\u0103 e ciudat faptul c\u0103 \u00eencep\u00e2nd cu anul 2010 cele mai importante cutremure ale zilei au loc odat\u0103 la 188 de zile: cutremurul din Chile (27 februarie 2010), cutremurul din Noua Zeeland\u0103 (3 septembrie 2010), cutremurul din Japonia (11 martie 2011), cutremurul din insulele Fiji (15 septembrie 2011). \u00cen articolul respectiv scriam c\u0103 \u00een jurul datei de 22 martie 2012 ar trebui s\u0103 se \u00eent\u00e2mple \u00een lume un cutremur semnificativ. Iat\u0103 c\u0103 acesta a avut loc pe 20 martie 2012 (deci, mai devreme cu 2 zile, dec\u00e2t ceea ce am anticipat) \u00een Mexic. Citim de pe <a href=\"http:\/\/www.realitatea.net\/miracolul-din-mexic-seism-de-7-4-fara-morti-si-cu-pagube-minime-cum-a-fost-posibil_925117.html\" target=\"_blank\"><strong>realitatea.net<\/strong><\/a>:<\/p>\n<p><em>Un cutremur puternic cu magnitudine 7,4 a lovit mar\u0163i, 20 martie 2012, Mexicul. Mai multe cl\u0103diri din zona epicentrului s-au pr\u0103bu\u015fit sau au fost avariate. Pagubele sunt \u00eens\u0103 minime, iar autorit\u0103\u0163ile au anun\u0163at c\u0103, deocamdat\u0103, nu exist\u0103 pierderi de vie\u0163i omene\u015fti. Cutremurul din Mexic a provocat panic\u0103 \u00een mai multe ora\u015fe, inclusiv \u00een capitala Mexico City, unde oamenii au ie\u015fit \u00een grab\u0103 din cl\u0103dirile de birouri, serios zguduite.<\/em><\/p>\n<p><em>Seismul a avut loc la ora 12.02 (20.02, ora Rom\u00e2niei), la ad\u00e2ncimea de zece kilometri, \u00een regiunea mexican\u0103 Guerrero. Epicentrul seismului a fost localizat la 52 de kilometri de ora\u015ful Ometepec, la 76 de kilometri de ora\u015ful Tlapa \u015fi la 193 de kilometri de Acapulco.<\/em><\/p>\n<p><em>C\u00e2teva zeci de cl\u0103diri s-au pr\u0103bu\u015fit \u015fi sute de imobile au fost avariate. Autorit\u0103\u0163ile au anun\u0163at totu\u015fi c\u0103 nu exist\u0103 pierderi de vie\u0163i omene\u015fti. Nou\u0103 persoane au fost r\u0103nite \u00een Oaxaca \u015fi dou\u0103 \u00een Mexico City.<\/em><\/p>\n<p><em> <\/em><\/p>\n<p><em>Lipsa cl\u0103dirilor \u00eenalte \u00een zona rural\u0103, muntoas\u0103, afectat\u0103 de cutremur este unul dintre motivele pentru care nu au existat pierderi de vie\u0163i omene\u015fti, spun autorit\u0103\u0163ile, citate de AP. Un alt motiv este experien\u0163a mexicanilor cu seismele. Zona afectat\u0103 de cutremurul de mar\u0163i a mai fost lovit\u0103 \u00een trecut de cutremure puternice. Nu mai pu\u0163in de 15 seisme cu magnitudine de 7 sau mai puternice au lovit regiunea din 1973 \u015fi p\u00e2n\u0103 acum. Astfel, cl\u0103dirile nesigure s-au pr\u0103bu\u015fit, pe r\u00e2nd, cu fiecare cutremur. Doar cele rezistente au r\u0103mas \u00een picioare.<\/em><\/p>\n<p>Chiar cu un ciclu mai mic, de 186 de zile, totu\u015fi e foarte bizar cum s-a p\u0103strat \u00een mare aceast\u0103 perioad\u0103 de 188 de zile, \u00een care au loc cutremure puternice \u00een lume. Oare o fi adev\u0103rat\u0103 teoria conform c\u0103reia aceste cutremure \u015fi schimb\u0103ri ale scoar\u0163ei P\u0103m\u00e2ntului sunt cauzate de  prezen\u0163a unui obiect ceresc masiv care se mi\u015fc\u0103 \u00een interiorul sistemului  solar \u00een constela\u0163iile Leul \u015fi Orion? Efectele asupra planetei sunt  direct corelate cu orientarea relativ\u0103 a P\u0103m\u00e2ntului la acest obiect  masiv, care schimb\u0103 axa P\u0103m\u00e2ntului la 377 de zile \u015fi astfel au loc  cutremure pe P\u0103m\u00e2nt o dat\u0103 la 188-189 de zile.<\/p>\n<p>Pentru confirmarea definitiv\u0103 a acestei teorii, urmeaz\u0103 s\u0103 a\u015ftept\u0103m s\u0103 vedem ce se va \u00eent\u00e2mpla peste 188 de zile&#8230;<\/p>\n","protected":false},"excerpt":{"rendered":"<p>Scriam pe 3 martie \u00een articolul intitulat &#8222;De ce \u00een ultimii 2 ani, marile cutremure au loc la 188 de zile&#8221; (https:\/\/www.lovendal.ro\/wp52\/de-ce-in-ultimii-2-ani-marile-cutremure-au-loc-la-188-de-zile-se-va-intampla-un-cutremur-devastator-pe-22-martie-2012\/) c\u0103 e ciudat faptul c\u0103 \u00eencep\u00e2nd cu anul 2010 cele mai importante cutremure ale zilei au loc odat\u0103 &#8230; <\/p>\n<p class=\"read-more-container\"><a title=\"Cutremur puternic \u00een Mexic pe 20 martie 2012&#8230;Am avut dreptate cu ciclul de 188 de zile al cutremurelor puternice?\" class=\"read-more button\" href=\"https:\/\/www.lovendal.ro\/wp52\/cutremur-puternic-in-mexic-pe-20-martie-2012-am-avut-dreptate-cu-ciclul-de-188-de-zile-al-cutremurelor-puternice\/#more-22741\" aria-label=\"Cite\u0219te mai multe despre Cutremur puternic \u00een Mexic pe 20 martie 2012&#8230;Am avut dreptate cu ciclul de 188 de zile al cutremurelor puternice?\">Cititi mai multe<\/a><\/p>\n","protected":false},"author":1,"featured_media":22743,"comment_status":"open","ping_status":"closed","sticky":false,"template":"","format":"standard","meta":{"footnotes":""},"categories":[106],"tags":[2547,1331,4653,128,206,13,105,9803],"class_list":["post-22741","post","type-post","status-publish","format-standard","has-post-thumbnail","hentry","category-stiinta","tag-chile","tag-cutremur","tag-insulele-fiji","tag-japonia","tag-mexic","tag-noua-zeelanda","tag-pamant","tag-stiinta","resize-featured-image"],"yoast_head":"<!-- This site is optimized with the Yoast SEO Premium plugin v23.3 (Yoast SEO v27.4) - https:\/\/yoast.com\/product\/yoast-seo-premium-wordpress\/ -->\n<title>Cutremur puternic \u00een Mexic pe 20 martie 2012...Am avut dreptate cu ciclul de 188 de zile al cutremurelor puternice? - Secretele lui Lovendal<\/title>\n<meta name=\"robots\" content=\"index, follow, max-snippet:-1, max-image-preview:large, max-video-preview:-1\" \/>\n<link rel=\"canonical\" href=\"https:\/\/www.lovendal.ro\/wp52\/cutremur-puternic-in-mexic-pe-20-martie-2012-am-avut-dreptate-cu-ciclul-de-188-de-zile-al-cutremurelor-puternice\/\" \/>\n<meta property=\"og:locale\" content=\"ro_RO\" \/>\n<meta property=\"og:type\" content=\"article\" \/>\n<meta property=\"og:title\" content=\"Cutremur puternic \u00een Mexic pe 20 martie 2012...Am avut dreptate cu ciclul de 188 de zile al cutremurelor puternice?\" \/>\n<meta property=\"og:description\" content=\"Scriam pe 3 martie \u00een articolul intitulat &#8222;De ce \u00een ultimii 2 ani, marile cutremure au loc la 188 de zile&#8221; (https:\/\/www.lovendal.ro\/wp52\/de-ce-in-ultimii-2-ani-marile-cutremure-au-loc-la-188-de-zile-se-va-intampla-un-cutremur-devastator-pe-22-martie-2012\/) c\u0103 e ciudat faptul c\u0103 \u00eencep\u00e2nd cu anul 2010 cele mai importante cutremure ale zilei au loc odat\u0103 ... Cititi mai multe\" \/>\n<meta property=\"og:url\" content=\"https:\/\/www.lovendal.ro\/wp52\/cutremur-puternic-in-mexic-pe-20-martie-2012-am-avut-dreptate-cu-ciclul-de-188-de-zile-al-cutremurelor-puternice\/\" \/>\n<meta property=\"og:site_name\" content=\"Secretele lui Lovendal\" \/>\n<meta property=\"article:publisher\" content=\"https:\/\/www.facebook.com\/secreteleluilovendal\" \/>\n<meta property=\"article:published_time\" content=\"2012-03-21T12:25:41+00:00\" \/>\n<meta property=\"og:image\" content=\"https:\/\/www.lovendal.ro\/wp52\/wp-content\/uploads\/2012\/03\/cutremur-772.jpg\" \/>\n\t<meta property=\"og:image:width\" content=\"309\" \/>\n\t<meta property=\"og:image:height\" content=\"212\" \/>\n\t<meta property=\"og:image:type\" content=\"image\/jpeg\" \/>\n<meta name=\"author\" content=\"admin\" \/>\n<meta name=\"twitter:card\" content=\"summary_large_image\" \/>\n<meta name=\"twitter:label1\" content=\"Scris de\" \/>\n\t<meta name=\"twitter:data1\" content=\"admin\" \/>\n\t<meta name=\"twitter:label2\" content=\"Timp estimat pentru citire\" \/>\n\t<meta name=\"twitter:data2\" content=\"3 minute\" \/>\n<script type=\"application\/ld+json\" class=\"yoast-schema-graph\">{\"@context\":\"https:\\\/\\\/schema.org\",\"@graph\":[{\"@type\":\"Article\",\"@id\":\"https:\\\/\\\/www.lovendal.ro\\\/wp52\\\/cutremur-puternic-in-mexic-pe-20-martie-2012-am-avut-dreptate-cu-ciclul-de-188-de-zile-al-cutremurelor-puternice\\\/#article\",\"isPartOf\":{\"@id\":\"https:\\\/\\\/www.lovendal.ro\\\/wp52\\\/cutremur-puternic-in-mexic-pe-20-martie-2012-am-avut-dreptate-cu-ciclul-de-188-de-zile-al-cutremurelor-puternice\\\/\"},\"author\":{\"name\":\"admin\",\"@id\":\"https:\\\/\\\/www.lovendal.ro\\\/wp52\\\/#\\\/schema\\\/person\\\/088691de5dfc346bb0c023e1e52ef5d9\"},\"headline\":\"Cutremur puternic \u00een Mexic pe 20 martie 2012&#8230;Am avut dreptate cu ciclul de 188 de zile al cutremurelor puternice?\",\"datePublished\":\"2012-03-21T12:25:41+00:00\",\"mainEntityOfPage\":{\"@id\":\"https:\\\/\\\/www.lovendal.ro\\\/wp52\\\/cutremur-puternic-in-mexic-pe-20-martie-2012-am-avut-dreptate-cu-ciclul-de-188-de-zile-al-cutremurelor-puternice\\\/\"},\"wordCount\":533,\"commentCount\":22,\"publisher\":{\"@id\":\"https:\\\/\\\/www.lovendal.ro\\\/wp52\\\/#organization\"},\"image\":{\"@id\":\"https:\\\/\\\/www.lovendal.ro\\\/wp52\\\/cutremur-puternic-in-mexic-pe-20-martie-2012-am-avut-dreptate-cu-ciclul-de-188-de-zile-al-cutremurelor-puternice\\\/#primaryimage\"},\"thumbnailUrl\":\"https:\\\/\\\/www.lovendal.ro\\\/wp52\\\/wp-content\\\/uploads\\\/2012\\\/03\\\/cutremur-772.jpg\",\"keywords\":[\"Chile\",\"cutremur\",\"insulele Fiji\",\"Japonia\",\"Mexic\",\"Noua Zeeland\u0103\",\"P\u0103m\u00e2nt\",\"Stiinta\"],\"articleSection\":[\"Stiinta\"],\"inLanguage\":\"ro-RO\",\"potentialAction\":[{\"@type\":\"CommentAction\",\"name\":\"Comment\",\"target\":[\"https:\\\/\\\/www.lovendal.ro\\\/wp52\\\/cutremur-puternic-in-mexic-pe-20-martie-2012-am-avut-dreptate-cu-ciclul-de-188-de-zile-al-cutremurelor-puternice\\\/#respond\"]}]},{\"@type\":\"WebPage\",\"@id\":\"https:\\\/\\\/www.lovendal.ro\\\/wp52\\\/cutremur-puternic-in-mexic-pe-20-martie-2012-am-avut-dreptate-cu-ciclul-de-188-de-zile-al-cutremurelor-puternice\\\/\",\"url\":\"https:\\\/\\\/www.lovendal.ro\\\/wp52\\\/cutremur-puternic-in-mexic-pe-20-martie-2012-am-avut-dreptate-cu-ciclul-de-188-de-zile-al-cutremurelor-puternice\\\/\",\"name\":\"Cutremur puternic \u00een Mexic pe 20 martie 2012...Am avut dreptate cu ciclul de 188 de zile al cutremurelor puternice? - Secretele lui Lovendal\",\"isPartOf\":{\"@id\":\"https:\\\/\\\/www.lovendal.ro\\\/wp52\\\/#website\"},\"primaryImageOfPage\":{\"@id\":\"https:\\\/\\\/www.lovendal.ro\\\/wp52\\\/cutremur-puternic-in-mexic-pe-20-martie-2012-am-avut-dreptate-cu-ciclul-de-188-de-zile-al-cutremurelor-puternice\\\/#primaryimage\"},\"image\":{\"@id\":\"https:\\\/\\\/www.lovendal.ro\\\/wp52\\\/cutremur-puternic-in-mexic-pe-20-martie-2012-am-avut-dreptate-cu-ciclul-de-188-de-zile-al-cutremurelor-puternice\\\/#primaryimage\"},\"thumbnailUrl\":\"https:\\\/\\\/www.lovendal.ro\\\/wp52\\\/wp-content\\\/uploads\\\/2012\\\/03\\\/cutremur-772.jpg\",\"datePublished\":\"2012-03-21T12:25:41+00:00\",\"breadcrumb\":{\"@id\":\"https:\\\/\\\/www.lovendal.ro\\\/wp52\\\/cutremur-puternic-in-mexic-pe-20-martie-2012-am-avut-dreptate-cu-ciclul-de-188-de-zile-al-cutremurelor-puternice\\\/#breadcrumb\"},\"inLanguage\":\"ro-RO\",\"potentialAction\":[{\"@type\":\"ReadAction\",\"target\":[\"https:\\\/\\\/www.lovendal.ro\\\/wp52\\\/cutremur-puternic-in-mexic-pe-20-martie-2012-am-avut-dreptate-cu-ciclul-de-188-de-zile-al-cutremurelor-puternice\\\/\"]}]},{\"@type\":\"ImageObject\",\"inLanguage\":\"ro-RO\",\"@id\":\"https:\\\/\\\/www.lovendal.ro\\\/wp52\\\/cutremur-puternic-in-mexic-pe-20-martie-2012-am-avut-dreptate-cu-ciclul-de-188-de-zile-al-cutremurelor-puternice\\\/#primaryimage\",\"url\":\"https:\\\/\\\/www.lovendal.ro\\\/wp52\\\/wp-content\\\/uploads\\\/2012\\\/03\\\/cutremur-772.jpg\",\"contentUrl\":\"https:\\\/\\\/www.lovendal.ro\\\/wp52\\\/wp-content\\\/uploads\\\/2012\\\/03\\\/cutremur-772.jpg\",\"width\":\"309\",\"height\":\"212\"},{\"@type\":\"BreadcrumbList\",\"@id\":\"https:\\\/\\\/www.lovendal.ro\\\/wp52\\\/cutremur-puternic-in-mexic-pe-20-martie-2012-am-avut-dreptate-cu-ciclul-de-188-de-zile-al-cutremurelor-puternice\\\/#breadcrumb\",\"itemListElement\":[{\"@type\":\"ListItem\",\"position\":1,\"name\":\"Home\",\"item\":\"https:\\\/\\\/www.lovendal.ro\\\/wp52\\\/\"},{\"@type\":\"ListItem\",\"position\":2,\"name\":\"Cutremur puternic \u00een Mexic pe 20 martie 2012&#8230;Am avut dreptate cu ciclul de 188 de zile al cutremurelor puternice?\"}]},{\"@type\":\"WebSite\",\"@id\":\"https:\\\/\\\/www.lovendal.ro\\\/wp52\\\/#website\",\"url\":\"https:\\\/\\\/www.lovendal.ro\\\/wp52\\\/\",\"name\":\"Secretele lui Lovendal\",\"description\":\"Site de secrete, stiinta si metafizica - din 2008 -\",\"publisher\":{\"@id\":\"https:\\\/\\\/www.lovendal.ro\\\/wp52\\\/#organization\"},\"potentialAction\":[{\"@type\":\"SearchAction\",\"target\":{\"@type\":\"EntryPoint\",\"urlTemplate\":\"https:\\\/\\\/www.lovendal.ro\\\/wp52\\\/?s={search_term_string}\"},\"query-input\":{\"@type\":\"PropertyValueSpecification\",\"valueRequired\":true,\"valueName\":\"search_term_string\"}}],\"inLanguage\":\"ro-RO\"},{\"@type\":\"Organization\",\"@id\":\"https:\\\/\\\/www.lovendal.ro\\\/wp52\\\/#organization\",\"name\":\"Secretele lui Lovendal\",\"url\":\"https:\\\/\\\/www.lovendal.ro\\\/wp52\\\/\",\"logo\":{\"@type\":\"ImageObject\",\"inLanguage\":\"ro-RO\",\"@id\":\"https:\\\/\\\/www.lovendal.ro\\\/wp52\\\/#\\\/schema\\\/logo\\\/image\\\/\",\"url\":\"https:\\\/\\\/www.lovendal.ro\\\/wp52\\\/wp-content\\\/uploads\\\/2024\\\/06\\\/cropped-SLL-iun-2024-1.jpg\",\"contentUrl\":\"https:\\\/\\\/www.lovendal.ro\\\/wp52\\\/wp-content\\\/uploads\\\/2024\\\/06\\\/cropped-SLL-iun-2024-1.jpg\",\"width\":771,\"height\":240,\"caption\":\"Secretele lui Lovendal\"},\"image\":{\"@id\":\"https:\\\/\\\/www.lovendal.ro\\\/wp52\\\/#\\\/schema\\\/logo\\\/image\\\/\"},\"sameAs\":[\"https:\\\/\\\/www.facebook.com\\\/secreteleluilovendal\"]},{\"@type\":\"Person\",\"@id\":\"https:\\\/\\\/www.lovendal.ro\\\/wp52\\\/#\\\/schema\\\/person\\\/088691de5dfc346bb0c023e1e52ef5d9\",\"name\":\"admin\",\"image\":{\"@type\":\"ImageObject\",\"inLanguage\":\"ro-RO\",\"@id\":\"https:\\\/\\\/secure.gravatar.com\\\/avatar\\\/ecb9cd41f5f63c9c9b989999a59f6e2639a865ec361e9db054db0679a8f341c2?s=96&d=mm&r=g\",\"url\":\"https:\\\/\\\/secure.gravatar.com\\\/avatar\\\/ecb9cd41f5f63c9c9b989999a59f6e2639a865ec361e9db054db0679a8f341c2?s=96&d=mm&r=g\",\"contentUrl\":\"https:\\\/\\\/secure.gravatar.com\\\/avatar\\\/ecb9cd41f5f63c9c9b989999a59f6e2639a865ec361e9db054db0679a8f341c2?s=96&d=mm&r=g\",\"caption\":\"admin\"},\"sameAs\":[\"https:\\\/\\\/www.lovendal.ro\\\/wp52\"]}]}<\/script>\n<!-- \/ Yoast SEO Premium plugin. -->","yoast_head_json":{"title":"Cutremur puternic \u00een Mexic pe 20 martie 2012...Am avut dreptate cu ciclul de 188 de zile al cutremurelor puternice? - Secretele lui Lovendal","robots":{"index":"index","follow":"follow","max-snippet":"max-snippet:-1","max-image-preview":"max-image-preview:large","max-video-preview":"max-video-preview:-1"},"canonical":"https:\/\/www.lovendal.ro\/wp52\/cutremur-puternic-in-mexic-pe-20-martie-2012-am-avut-dreptate-cu-ciclul-de-188-de-zile-al-cutremurelor-puternice\/","og_locale":"ro_RO","og_type":"article","og_title":"Cutremur puternic \u00een Mexic pe 20 martie 2012...Am avut dreptate cu ciclul de 188 de zile al cutremurelor puternice?","og_description":"Scriam pe 3 martie \u00een articolul intitulat &#8222;De ce \u00een ultimii 2 ani, marile cutremure au loc la 188 de zile&#8221; (https:\/\/www.lovendal.ro\/wp52\/de-ce-in-ultimii-2-ani-marile-cutremure-au-loc-la-188-de-zile-se-va-intampla-un-cutremur-devastator-pe-22-martie-2012\/) c\u0103 e ciudat faptul c\u0103 \u00eencep\u00e2nd cu anul 2010 cele mai importante cutremure ale zilei au loc odat\u0103 ... Cititi mai multe","og_url":"https:\/\/www.lovendal.ro\/wp52\/cutremur-puternic-in-mexic-pe-20-martie-2012-am-avut-dreptate-cu-ciclul-de-188-de-zile-al-cutremurelor-puternice\/","og_site_name":"Secretele lui Lovendal","article_publisher":"https:\/\/www.facebook.com\/secreteleluilovendal","article_published_time":"2012-03-21T12:25:41+00:00","og_image":[{"width":309,"height":212,"url":"https:\/\/www.lovendal.ro\/wp52\/wp-content\/uploads\/2012\/03\/cutremur-772.jpg","type":"image\/jpeg"}],"author":"admin","twitter_card":"summary_large_image","twitter_misc":{"Scris de":"admin","Timp estimat pentru citire":"3 minute"},"schema":{"@context":"https:\/\/schema.org","@graph":[{"@type":"Article","@id":"https:\/\/www.lovendal.ro\/wp52\/cutremur-puternic-in-mexic-pe-20-martie-2012-am-avut-dreptate-cu-ciclul-de-188-de-zile-al-cutremurelor-puternice\/#article","isPartOf":{"@id":"https:\/\/www.lovendal.ro\/wp52\/cutremur-puternic-in-mexic-pe-20-martie-2012-am-avut-dreptate-cu-ciclul-de-188-de-zile-al-cutremurelor-puternice\/"},"author":{"name":"admin","@id":"https:\/\/www.lovendal.ro\/wp52\/#\/schema\/person\/088691de5dfc346bb0c023e1e52ef5d9"},"headline":"Cutremur puternic \u00een Mexic pe 20 martie 2012&#8230;Am avut dreptate cu ciclul de 188 de zile al cutremurelor puternice?","datePublished":"2012-03-21T12:25:41+00:00","mainEntityOfPage":{"@id":"https:\/\/www.lovendal.ro\/wp52\/cutremur-puternic-in-mexic-pe-20-martie-2012-am-avut-dreptate-cu-ciclul-de-188-de-zile-al-cutremurelor-puternice\/"},"wordCount":533,"commentCount":22,"publisher":{"@id":"https:\/\/www.lovendal.ro\/wp52\/#organization"},"image":{"@id":"https:\/\/www.lovendal.ro\/wp52\/cutremur-puternic-in-mexic-pe-20-martie-2012-am-avut-dreptate-cu-ciclul-de-188-de-zile-al-cutremurelor-puternice\/#primaryimage"},"thumbnailUrl":"https:\/\/www.lovendal.ro\/wp52\/wp-content\/uploads\/2012\/03\/cutremur-772.jpg","keywords":["Chile","cutremur","insulele Fiji","Japonia","Mexic","Noua Zeeland\u0103","P\u0103m\u00e2nt","Stiinta"],"articleSection":["Stiinta"],"inLanguage":"ro-RO","potentialAction":[{"@type":"CommentAction","name":"Comment","target":["https:\/\/www.lovendal.ro\/wp52\/cutremur-puternic-in-mexic-pe-20-martie-2012-am-avut-dreptate-cu-ciclul-de-188-de-zile-al-cutremurelor-puternice\/#respond"]}]},{"@type":"WebPage","@id":"https:\/\/www.lovendal.ro\/wp52\/cutremur-puternic-in-mexic-pe-20-martie-2012-am-avut-dreptate-cu-ciclul-de-188-de-zile-al-cutremurelor-puternice\/","url":"https:\/\/www.lovendal.ro\/wp52\/cutremur-puternic-in-mexic-pe-20-martie-2012-am-avut-dreptate-cu-ciclul-de-188-de-zile-al-cutremurelor-puternice\/","name":"Cutremur puternic \u00een Mexic pe 20 martie 2012...Am avut dreptate cu ciclul de 188 de zile al cutremurelor puternice? - Secretele lui Lovendal","isPartOf":{"@id":"https:\/\/www.lovendal.ro\/wp52\/#website"},"primaryImageOfPage":{"@id":"https:\/\/www.lovendal.ro\/wp52\/cutremur-puternic-in-mexic-pe-20-martie-2012-am-avut-dreptate-cu-ciclul-de-188-de-zile-al-cutremurelor-puternice\/#primaryimage"},"image":{"@id":"https:\/\/www.lovendal.ro\/wp52\/cutremur-puternic-in-mexic-pe-20-martie-2012-am-avut-dreptate-cu-ciclul-de-188-de-zile-al-cutremurelor-puternice\/#primaryimage"},"thumbnailUrl":"https:\/\/www.lovendal.ro\/wp52\/wp-content\/uploads\/2012\/03\/cutremur-772.jpg","datePublished":"2012-03-21T12:25:41+00:00","breadcrumb":{"@id":"https:\/\/www.lovendal.ro\/wp52\/cutremur-puternic-in-mexic-pe-20-martie-2012-am-avut-dreptate-cu-ciclul-de-188-de-zile-al-cutremurelor-puternice\/#breadcrumb"},"inLanguage":"ro-RO","potentialAction":[{"@type":"ReadAction","target":["https:\/\/www.lovendal.ro\/wp52\/cutremur-puternic-in-mexic-pe-20-martie-2012-am-avut-dreptate-cu-ciclul-de-188-de-zile-al-cutremurelor-puternice\/"]}]},{"@type":"ImageObject","inLanguage":"ro-RO","@id":"https:\/\/www.lovendal.ro\/wp52\/cutremur-puternic-in-mexic-pe-20-martie-2012-am-avut-dreptate-cu-ciclul-de-188-de-zile-al-cutremurelor-puternice\/#primaryimage","url":"https:\/\/www.lovendal.ro\/wp52\/wp-content\/uploads\/2012\/03\/cutremur-772.jpg","contentUrl":"https:\/\/www.lovendal.ro\/wp52\/wp-content\/uploads\/2012\/03\/cutremur-772.jpg","width":"309","height":"212"},{"@type":"BreadcrumbList","@id":"https:\/\/www.lovendal.ro\/wp52\/cutremur-puternic-in-mexic-pe-20-martie-2012-am-avut-dreptate-cu-ciclul-de-188-de-zile-al-cutremurelor-puternice\/#breadcrumb","itemListElement":[{"@type":"ListItem","position":1,"name":"Home","item":"https:\/\/www.lovendal.ro\/wp52\/"},{"@type":"ListItem","position":2,"name":"Cutremur puternic \u00een Mexic pe 20 martie 2012&#8230;Am avut dreptate cu ciclul de 188 de zile al cutremurelor puternice?"}]},{"@type":"WebSite","@id":"https:\/\/www.lovendal.ro\/wp52\/#website","url":"https:\/\/www.lovendal.ro\/wp52\/","name":"Secretele lui Lovendal","description":"Site de secrete, stiinta si metafizica - din 2008 -","publisher":{"@id":"https:\/\/www.lovendal.ro\/wp52\/#organization"},"potentialAction":[{"@type":"SearchAction","target":{"@type":"EntryPoint","urlTemplate":"https:\/\/www.lovendal.ro\/wp52\/?s={search_term_string}"},"query-input":{"@type":"PropertyValueSpecification","valueRequired":true,"valueName":"search_term_string"}}],"inLanguage":"ro-RO"},{"@type":"Organization","@id":"https:\/\/www.lovendal.ro\/wp52\/#organization","name":"Secretele lui Lovendal","url":"https:\/\/www.lovendal.ro\/wp52\/","logo":{"@type":"ImageObject","inLanguage":"ro-RO","@id":"https:\/\/www.lovendal.ro\/wp52\/#\/schema\/logo\/image\/","url":"https:\/\/www.lovendal.ro\/wp52\/wp-content\/uploads\/2024\/06\/cropped-SLL-iun-2024-1.jpg","contentUrl":"https:\/\/www.lovendal.ro\/wp52\/wp-content\/uploads\/2024\/06\/cropped-SLL-iun-2024-1.jpg","width":771,"height":240,"caption":"Secretele lui Lovendal"},"image":{"@id":"https:\/\/www.lovendal.ro\/wp52\/#\/schema\/logo\/image\/"},"sameAs":["https:\/\/www.facebook.com\/secreteleluilovendal"]},{"@type":"Person","@id":"https:\/\/www.lovendal.ro\/wp52\/#\/schema\/person\/088691de5dfc346bb0c023e1e52ef5d9","name":"admin","image":{"@type":"ImageObject","inLanguage":"ro-RO","@id":"https:\/\/secure.gravatar.com\/avatar\/ecb9cd41f5f63c9c9b989999a59f6e2639a865ec361e9db054db0679a8f341c2?s=96&d=mm&r=g","url":"https:\/\/secure.gravatar.com\/avatar\/ecb9cd41f5f63c9c9b989999a59f6e2639a865ec361e9db054db0679a8f341c2?s=96&d=mm&r=g","contentUrl":"https:\/\/secure.gravatar.com\/avatar\/ecb9cd41f5f63c9c9b989999a59f6e2639a865ec361e9db054db0679a8f341c2?s=96&d=mm&r=g","caption":"admin"},"sameAs":["https:\/\/www.lovendal.ro\/wp52"]}]}},"_links":{"self":[{"href":"https:\/\/www.lovendal.ro\/wp52\/wp-json\/wp\/v2\/posts\/22741","targetHints":{"allow":["GET"]}}],"collection":[{"href":"https:\/\/www.lovendal.ro\/wp52\/wp-json\/wp\/v2\/posts"}],"about":[{"href":"https:\/\/www.lovendal.ro\/wp52\/wp-json\/wp\/v2\/types\/post"}],"author":[{"embeddable":true,"href":"https:\/\/www.lovendal.ro\/wp52\/wp-json\/wp\/v2\/users\/1"}],"replies":[{"embeddable":true,"href":"https:\/\/www.lovendal.ro\/wp52\/wp-json\/wp\/v2\/comments?post=22741"}],"version-history":[{"count":0,"href":"https:\/\/www.lovendal.ro\/wp52\/wp-json\/wp\/v2\/posts\/22741\/revisions"}],"wp:featuredmedia":[{"embeddable":true,"href":"https:\/\/www.lovendal.ro\/wp52\/wp-json\/wp\/v2\/media\/22743"}],"wp:attachment":[{"href":"https:\/\/www.lovendal.ro\/wp52\/wp-json\/wp\/v2\/media?parent=22741"}],"wp:term":[{"taxonomy":"category","embeddable":true,"href":"https:\/\/www.lovendal.ro\/wp52\/wp-json\/wp\/v2\/categories?post=22741"},{"taxonomy":"post_tag","embeddable":true,"href":"https:\/\/www.lovendal.ro\/wp52\/wp-json\/wp\/v2\/tags?post=22741"}],"curies":[{"name":"wp","href":"https:\/\/api.w.org\/{rel}","templated":true}]}}