{"id":22736,"date":"2012-03-21T13:57:09","date_gmt":"2012-03-21T11:57:09","guid":{"rendered":"http:\/\/www.lovendal.net\/wp52\/?p=22736"},"modified":"2012-03-21T13:57:09","modified_gmt":"2012-03-21T11:57:09","slug":"un-sarpe-lung-de-14-centimetri-a-fost-prins-in-plasa-si-devorat-de-vaduva-bruna-un-paianjen-mic-dar-veninos","status":"publish","type":"post","link":"https:\/\/www.lovendal.ro\/wp52\/un-sarpe-lung-de-14-centimetri-a-fost-prins-in-plasa-si-devorat-de-vaduva-bruna-un-paianjen-mic-dar-veninos\/","title":{"rendered":"Un \u015farpe lung de 14 centimetri a fost prins \u00een plas\u0103 \u015fi devorat de v\u0103duva brun\u0103, un p\u0103ianjen mic, dar veninos"},"content":{"rendered":"<p><a href=\"https:\/\/www.lovendal.ro\/wp52\/wp-content\/uploads\/2012\/03\/sarpe-devorat-de-vaduva-bruna-1.jpg\"><img loading=\"lazy\" decoding=\"async\" class=\"alignleft size-full wp-image-22737\" title=\"sarpe devorat de vaduva bruna 1\" src=\"https:\/\/www.lovendal.ro\/wp52\/wp-content\/uploads\/2012\/03\/sarpe-devorat-de-vaduva-bruna-1.jpg\" alt=\"\" width=\"305\" height=\"263\" srcset=\"https:\/\/www.lovendal.ro\/wp52\/wp-content\/uploads\/2012\/03\/sarpe-devorat-de-vaduva-bruna-1.jpg 305w, https:\/\/www.lovendal.ro\/wp52\/wp-content\/uploads\/2012\/03\/sarpe-devorat-de-vaduva-bruna-1-300x258.jpg 300w\" sizes=\"auto, (max-width: 305px) 100vw, 305px\" \/><\/a>De\u015fi \u015ftirea e mai veche (de vreo 8 ani), ea e mai pu\u0163in cunoscut\u0103. \u00cen plus, e foarte interesant\u0103, a\u015fa c\u0103 v-o prezint \u015fi eu:<\/p>\n<p>O func\u0163ionar\u0103 de rela\u0163ii publice din Africa de Sud a tr\u0103it \u015focul vie\u0163ii sale, atunci c\u00e2nd a g\u0103sit un \u015farpe de cas\u0103 lung de 14 centrimetri prins \u00een plasa unui p\u0103ianjen veninos. Tania Robertson, func\u0163ionar\u0103 la o companie de electricitate, venise la lucru, c\u00e2nd privirea i-a fost atras\u0103 de o priveli\u015fte deloc pl\u0103cut\u0103 sub biroul ei. \u015earpele, care evident era mort, datorit\u0103 veninului p\u0103ianjenului, era prins \u00een plas\u0103.<\/p>\n<p>Leon Letz, de la Departamentul de arahnologie din cadrul Muzeului Na\u0163ional, a identificat p\u0103ianjenul ca fiind v\u0103duva brun\u0103, o specie de p\u0103ianjen nu la fel de periculoas\u0103 ca v\u0103duva neagr\u0103. Totu\u015fi, se pare c\u0103 este un eveniment extrem de rar ca un \u015farpe s\u0103 fie prins \u00een p\u00e2nza unui p\u0103ianjen destul de mic. Un semn pe stomacul \u015farpelui arat\u0103 c\u0103 p\u0103ianjenul \u00eencepuse deja s\u0103-\u015fi devoreze imensa prada.<\/p>\n<p><em>Sursa: news24.com<\/em><\/p>\n<p><em><a href=\"https:\/\/www.lovendal.ro\/wp52\/wp-content\/uploads\/2012\/03\/sarpe-devorat-de-vaduva-bruna-2.jpg\"><img loading=\"lazy\" decoding=\"async\" class=\"aligncenter size-full wp-image-22739\" title=\"sarpe devorat de vaduva bruna 2\" src=\"https:\/\/www.lovendal.ro\/wp52\/wp-content\/uploads\/2012\/03\/sarpe-devorat-de-vaduva-bruna-2.jpg\" alt=\"\" width=\"498\" height=\"462\" srcset=\"https:\/\/www.lovendal.ro\/wp52\/wp-content\/uploads\/2012\/03\/sarpe-devorat-de-vaduva-bruna-2.jpg 498w, https:\/\/www.lovendal.ro\/wp52\/wp-content\/uploads\/2012\/03\/sarpe-devorat-de-vaduva-bruna-2-300x278.jpg 300w\" sizes=\"auto, (max-width: 498px) 100vw, 498px\" \/><\/a><br \/>\n<\/em><\/p>\n","protected":false},"excerpt":{"rendered":"<p>De\u015fi \u015ftirea e mai veche (de vreo 8 ani), ea e mai pu\u0163in cunoscut\u0103. \u00cen plus, e foarte interesant\u0103, a\u015fa c\u0103 v-o prezint \u015fi eu: O func\u0163ionar\u0103 de rela\u0163ii publice din Africa de Sud a tr\u0103it \u015focul vie\u0163ii sale, atunci &#8230; <\/p>\n<p class=\"read-more-container\"><a title=\"Un \u015farpe lung de 14 centimetri a fost prins \u00een plas\u0103 \u015fi devorat de v\u0103duva brun\u0103, un p\u0103ianjen mic, dar veninos\" class=\"read-more button\" href=\"https:\/\/www.lovendal.ro\/wp52\/un-sarpe-lung-de-14-centimetri-a-fost-prins-in-plasa-si-devorat-de-vaduva-bruna-un-paianjen-mic-dar-veninos\/#more-22736\" aria-label=\"Cite\u0219te mai multe despre Un \u015farpe lung de 14 centimetri a fost prins \u00een plas\u0103 \u015fi devorat de v\u0103duva brun\u0103, un p\u0103ianjen mic, dar veninos\">Cititi mai multe<\/a><\/p>\n","protected":false},"author":1,"featured_media":22737,"comment_status":"open","ping_status":"closed","sticky":false,"template":"","format":"standard","meta":{"footnotes":""},"categories":[54],"tags":[1939,9800,1639,1252,5101,5100],"class_list":["post-22736","post","type-post","status-publish","format-standard","has-post-thumbnail","hentry","category-natura-animale","tag-africa-de-sud","tag-natura-animale","tag-paianjen","tag-sarpe","tag-vaduva-bruna","tag-vaduva-neagra","resize-featured-image"],"yoast_head":"<!-- This site is optimized with the Yoast SEO Premium plugin v23.3 (Yoast SEO v27.4) - https:\/\/yoast.com\/product\/yoast-seo-premium-wordpress\/ -->\n<title>Un \u015farpe lung de 14 centimetri a fost prins \u00een plas\u0103 \u015fi devorat de v\u0103duva brun\u0103, un p\u0103ianjen mic, dar veninos - Secretele lui Lovendal<\/title>\n<meta name=\"robots\" content=\"index, follow, max-snippet:-1, max-image-preview:large, max-video-preview:-1\" \/>\n<link rel=\"canonical\" href=\"https:\/\/www.lovendal.ro\/wp52\/un-sarpe-lung-de-14-centimetri-a-fost-prins-in-plasa-si-devorat-de-vaduva-bruna-un-paianjen-mic-dar-veninos\/\" \/>\n<meta property=\"og:locale\" content=\"ro_RO\" \/>\n<meta property=\"og:type\" content=\"article\" \/>\n<meta property=\"og:title\" content=\"Un \u015farpe lung de 14 centimetri a fost prins \u00een plas\u0103 \u015fi devorat de v\u0103duva brun\u0103, un p\u0103ianjen mic, dar veninos\" \/>\n<meta property=\"og:description\" content=\"De\u015fi \u015ftirea e mai veche (de vreo 8 ani), ea e mai pu\u0163in cunoscut\u0103. \u00cen plus, e foarte interesant\u0103, a\u015fa c\u0103 v-o prezint \u015fi eu: O func\u0163ionar\u0103 de rela\u0163ii publice din Africa de Sud a tr\u0103it \u015focul vie\u0163ii sale, atunci ... Cititi mai multe\" \/>\n<meta property=\"og:url\" content=\"https:\/\/www.lovendal.ro\/wp52\/un-sarpe-lung-de-14-centimetri-a-fost-prins-in-plasa-si-devorat-de-vaduva-bruna-un-paianjen-mic-dar-veninos\/\" \/>\n<meta property=\"og:site_name\" content=\"Secretele lui Lovendal\" \/>\n<meta property=\"article:publisher\" content=\"https:\/\/www.facebook.com\/secreteleluilovendal\" \/>\n<meta property=\"article:published_time\" content=\"2012-03-21T11:57:09+00:00\" \/>\n<meta property=\"og:image\" content=\"https:\/\/www.lovendal.ro\/wp52\/wp-content\/uploads\/2012\/03\/sarpe-devorat-de-vaduva-bruna-1.jpg\" \/>\n\t<meta property=\"og:image:width\" content=\"305\" \/>\n\t<meta property=\"og:image:height\" content=\"263\" \/>\n\t<meta property=\"og:image:type\" content=\"image\/jpeg\" \/>\n<meta name=\"author\" content=\"admin\" \/>\n<meta name=\"twitter:card\" content=\"summary_large_image\" \/>\n<meta name=\"twitter:label1\" content=\"Scris de\" \/>\n\t<meta name=\"twitter:data1\" content=\"admin\" \/>\n\t<meta name=\"twitter:label2\" content=\"Timp estimat pentru citire\" \/>\n\t<meta name=\"twitter:data2\" content=\"1 minut\" \/>\n<script type=\"application\/ld+json\" class=\"yoast-schema-graph\">{\"@context\":\"https:\\\/\\\/schema.org\",\"@graph\":[{\"@type\":\"Article\",\"@id\":\"https:\\\/\\\/www.lovendal.ro\\\/wp52\\\/un-sarpe-lung-de-14-centimetri-a-fost-prins-in-plasa-si-devorat-de-vaduva-bruna-un-paianjen-mic-dar-veninos\\\/#article\",\"isPartOf\":{\"@id\":\"https:\\\/\\\/www.lovendal.ro\\\/wp52\\\/un-sarpe-lung-de-14-centimetri-a-fost-prins-in-plasa-si-devorat-de-vaduva-bruna-un-paianjen-mic-dar-veninos\\\/\"},\"author\":{\"name\":\"admin\",\"@id\":\"https:\\\/\\\/www.lovendal.ro\\\/wp52\\\/#\\\/schema\\\/person\\\/088691de5dfc346bb0c023e1e52ef5d9\"},\"headline\":\"Un \u015farpe lung de 14 centimetri a fost prins \u00een plas\u0103 \u015fi devorat de v\u0103duva brun\u0103, un p\u0103ianjen mic, dar veninos\",\"datePublished\":\"2012-03-21T11:57:09+00:00\",\"mainEntityOfPage\":{\"@id\":\"https:\\\/\\\/www.lovendal.ro\\\/wp52\\\/un-sarpe-lung-de-14-centimetri-a-fost-prins-in-plasa-si-devorat-de-vaduva-bruna-un-paianjen-mic-dar-veninos\\\/\"},\"wordCount\":209,\"commentCount\":3,\"publisher\":{\"@id\":\"https:\\\/\\\/www.lovendal.ro\\\/wp52\\\/#organization\"},\"image\":{\"@id\":\"https:\\\/\\\/www.lovendal.ro\\\/wp52\\\/un-sarpe-lung-de-14-centimetri-a-fost-prins-in-plasa-si-devorat-de-vaduva-bruna-un-paianjen-mic-dar-veninos\\\/#primaryimage\"},\"thumbnailUrl\":\"https:\\\/\\\/www.lovendal.ro\\\/wp52\\\/wp-content\\\/uploads\\\/2012\\\/03\\\/sarpe-devorat-de-vaduva-bruna-1.jpg\",\"keywords\":[\"Africa de Sud\",\"Natura-Animale\",\"p\u0103ianjen\",\"\u015farpe\",\"v\u0103duva bruna\",\"v\u0103duva neagr\u0103\"],\"articleSection\":[\"Natura-Animale\"],\"inLanguage\":\"ro-RO\",\"potentialAction\":[{\"@type\":\"CommentAction\",\"name\":\"Comment\",\"target\":[\"https:\\\/\\\/www.lovendal.ro\\\/wp52\\\/un-sarpe-lung-de-14-centimetri-a-fost-prins-in-plasa-si-devorat-de-vaduva-bruna-un-paianjen-mic-dar-veninos\\\/#respond\"]}]},{\"@type\":\"WebPage\",\"@id\":\"https:\\\/\\\/www.lovendal.ro\\\/wp52\\\/un-sarpe-lung-de-14-centimetri-a-fost-prins-in-plasa-si-devorat-de-vaduva-bruna-un-paianjen-mic-dar-veninos\\\/\",\"url\":\"https:\\\/\\\/www.lovendal.ro\\\/wp52\\\/un-sarpe-lung-de-14-centimetri-a-fost-prins-in-plasa-si-devorat-de-vaduva-bruna-un-paianjen-mic-dar-veninos\\\/\",\"name\":\"Un \u015farpe lung de 14 centimetri a fost prins \u00een plas\u0103 \u015fi devorat de v\u0103duva brun\u0103, un p\u0103ianjen mic, dar veninos - Secretele lui Lovendal\",\"isPartOf\":{\"@id\":\"https:\\\/\\\/www.lovendal.ro\\\/wp52\\\/#website\"},\"primaryImageOfPage\":{\"@id\":\"https:\\\/\\\/www.lovendal.ro\\\/wp52\\\/un-sarpe-lung-de-14-centimetri-a-fost-prins-in-plasa-si-devorat-de-vaduva-bruna-un-paianjen-mic-dar-veninos\\\/#primaryimage\"},\"image\":{\"@id\":\"https:\\\/\\\/www.lovendal.ro\\\/wp52\\\/un-sarpe-lung-de-14-centimetri-a-fost-prins-in-plasa-si-devorat-de-vaduva-bruna-un-paianjen-mic-dar-veninos\\\/#primaryimage\"},\"thumbnailUrl\":\"https:\\\/\\\/www.lovendal.ro\\\/wp52\\\/wp-content\\\/uploads\\\/2012\\\/03\\\/sarpe-devorat-de-vaduva-bruna-1.jpg\",\"datePublished\":\"2012-03-21T11:57:09+00:00\",\"breadcrumb\":{\"@id\":\"https:\\\/\\\/www.lovendal.ro\\\/wp52\\\/un-sarpe-lung-de-14-centimetri-a-fost-prins-in-plasa-si-devorat-de-vaduva-bruna-un-paianjen-mic-dar-veninos\\\/#breadcrumb\"},\"inLanguage\":\"ro-RO\",\"potentialAction\":[{\"@type\":\"ReadAction\",\"target\":[\"https:\\\/\\\/www.lovendal.ro\\\/wp52\\\/un-sarpe-lung-de-14-centimetri-a-fost-prins-in-plasa-si-devorat-de-vaduva-bruna-un-paianjen-mic-dar-veninos\\\/\"]}]},{\"@type\":\"ImageObject\",\"inLanguage\":\"ro-RO\",\"@id\":\"https:\\\/\\\/www.lovendal.ro\\\/wp52\\\/un-sarpe-lung-de-14-centimetri-a-fost-prins-in-plasa-si-devorat-de-vaduva-bruna-un-paianjen-mic-dar-veninos\\\/#primaryimage\",\"url\":\"https:\\\/\\\/www.lovendal.ro\\\/wp52\\\/wp-content\\\/uploads\\\/2012\\\/03\\\/sarpe-devorat-de-vaduva-bruna-1.jpg\",\"contentUrl\":\"https:\\\/\\\/www.lovendal.ro\\\/wp52\\\/wp-content\\\/uploads\\\/2012\\\/03\\\/sarpe-devorat-de-vaduva-bruna-1.jpg\",\"width\":\"305\",\"height\":\"263\"},{\"@type\":\"BreadcrumbList\",\"@id\":\"https:\\\/\\\/www.lovendal.ro\\\/wp52\\\/un-sarpe-lung-de-14-centimetri-a-fost-prins-in-plasa-si-devorat-de-vaduva-bruna-un-paianjen-mic-dar-veninos\\\/#breadcrumb\",\"itemListElement\":[{\"@type\":\"ListItem\",\"position\":1,\"name\":\"Home\",\"item\":\"https:\\\/\\\/www.lovendal.ro\\\/wp52\\\/\"},{\"@type\":\"ListItem\",\"position\":2,\"name\":\"Un \u015farpe lung de 14 centimetri a fost prins \u00een plas\u0103 \u015fi devorat de v\u0103duva brun\u0103, un p\u0103ianjen mic, dar veninos\"}]},{\"@type\":\"WebSite\",\"@id\":\"https:\\\/\\\/www.lovendal.ro\\\/wp52\\\/#website\",\"url\":\"https:\\\/\\\/www.lovendal.ro\\\/wp52\\\/\",\"name\":\"Secretele lui Lovendal\",\"description\":\"Site de secrete, stiinta si metafizica - din 2008 -\",\"publisher\":{\"@id\":\"https:\\\/\\\/www.lovendal.ro\\\/wp52\\\/#organization\"},\"potentialAction\":[{\"@type\":\"SearchAction\",\"target\":{\"@type\":\"EntryPoint\",\"urlTemplate\":\"https:\\\/\\\/www.lovendal.ro\\\/wp52\\\/?s={search_term_string}\"},\"query-input\":{\"@type\":\"PropertyValueSpecification\",\"valueRequired\":true,\"valueName\":\"search_term_string\"}}],\"inLanguage\":\"ro-RO\"},{\"@type\":\"Organization\",\"@id\":\"https:\\\/\\\/www.lovendal.ro\\\/wp52\\\/#organization\",\"name\":\"Secretele lui Lovendal\",\"url\":\"https:\\\/\\\/www.lovendal.ro\\\/wp52\\\/\",\"logo\":{\"@type\":\"ImageObject\",\"inLanguage\":\"ro-RO\",\"@id\":\"https:\\\/\\\/www.lovendal.ro\\\/wp52\\\/#\\\/schema\\\/logo\\\/image\\\/\",\"url\":\"https:\\\/\\\/www.lovendal.ro\\\/wp52\\\/wp-content\\\/uploads\\\/2024\\\/06\\\/cropped-SLL-iun-2024-1.jpg\",\"contentUrl\":\"https:\\\/\\\/www.lovendal.ro\\\/wp52\\\/wp-content\\\/uploads\\\/2024\\\/06\\\/cropped-SLL-iun-2024-1.jpg\",\"width\":771,\"height\":240,\"caption\":\"Secretele lui Lovendal\"},\"image\":{\"@id\":\"https:\\\/\\\/www.lovendal.ro\\\/wp52\\\/#\\\/schema\\\/logo\\\/image\\\/\"},\"sameAs\":[\"https:\\\/\\\/www.facebook.com\\\/secreteleluilovendal\"]},{\"@type\":\"Person\",\"@id\":\"https:\\\/\\\/www.lovendal.ro\\\/wp52\\\/#\\\/schema\\\/person\\\/088691de5dfc346bb0c023e1e52ef5d9\",\"name\":\"admin\",\"image\":{\"@type\":\"ImageObject\",\"inLanguage\":\"ro-RO\",\"@id\":\"https:\\\/\\\/secure.gravatar.com\\\/avatar\\\/ecb9cd41f5f63c9c9b989999a59f6e2639a865ec361e9db054db0679a8f341c2?s=96&d=mm&r=g\",\"url\":\"https:\\\/\\\/secure.gravatar.com\\\/avatar\\\/ecb9cd41f5f63c9c9b989999a59f6e2639a865ec361e9db054db0679a8f341c2?s=96&d=mm&r=g\",\"contentUrl\":\"https:\\\/\\\/secure.gravatar.com\\\/avatar\\\/ecb9cd41f5f63c9c9b989999a59f6e2639a865ec361e9db054db0679a8f341c2?s=96&d=mm&r=g\",\"caption\":\"admin\"},\"sameAs\":[\"https:\\\/\\\/www.lovendal.ro\\\/wp52\"]}]}<\/script>\n<!-- \/ Yoast SEO Premium plugin. -->","yoast_head_json":{"title":"Un \u015farpe lung de 14 centimetri a fost prins \u00een plas\u0103 \u015fi devorat de v\u0103duva brun\u0103, un p\u0103ianjen mic, dar veninos - Secretele lui Lovendal","robots":{"index":"index","follow":"follow","max-snippet":"max-snippet:-1","max-image-preview":"max-image-preview:large","max-video-preview":"max-video-preview:-1"},"canonical":"https:\/\/www.lovendal.ro\/wp52\/un-sarpe-lung-de-14-centimetri-a-fost-prins-in-plasa-si-devorat-de-vaduva-bruna-un-paianjen-mic-dar-veninos\/","og_locale":"ro_RO","og_type":"article","og_title":"Un \u015farpe lung de 14 centimetri a fost prins \u00een plas\u0103 \u015fi devorat de v\u0103duva brun\u0103, un p\u0103ianjen mic, dar veninos","og_description":"De\u015fi \u015ftirea e mai veche (de vreo 8 ani), ea e mai pu\u0163in cunoscut\u0103. \u00cen plus, e foarte interesant\u0103, a\u015fa c\u0103 v-o prezint \u015fi eu: O func\u0163ionar\u0103 de rela\u0163ii publice din Africa de Sud a tr\u0103it \u015focul vie\u0163ii sale, atunci ... Cititi mai multe","og_url":"https:\/\/www.lovendal.ro\/wp52\/un-sarpe-lung-de-14-centimetri-a-fost-prins-in-plasa-si-devorat-de-vaduva-bruna-un-paianjen-mic-dar-veninos\/","og_site_name":"Secretele lui Lovendal","article_publisher":"https:\/\/www.facebook.com\/secreteleluilovendal","article_published_time":"2012-03-21T11:57:09+00:00","og_image":[{"width":305,"height":263,"url":"https:\/\/www.lovendal.ro\/wp52\/wp-content\/uploads\/2012\/03\/sarpe-devorat-de-vaduva-bruna-1.jpg","type":"image\/jpeg"}],"author":"admin","twitter_card":"summary_large_image","twitter_misc":{"Scris de":"admin","Timp estimat pentru citire":"1 minut"},"schema":{"@context":"https:\/\/schema.org","@graph":[{"@type":"Article","@id":"https:\/\/www.lovendal.ro\/wp52\/un-sarpe-lung-de-14-centimetri-a-fost-prins-in-plasa-si-devorat-de-vaduva-bruna-un-paianjen-mic-dar-veninos\/#article","isPartOf":{"@id":"https:\/\/www.lovendal.ro\/wp52\/un-sarpe-lung-de-14-centimetri-a-fost-prins-in-plasa-si-devorat-de-vaduva-bruna-un-paianjen-mic-dar-veninos\/"},"author":{"name":"admin","@id":"https:\/\/www.lovendal.ro\/wp52\/#\/schema\/person\/088691de5dfc346bb0c023e1e52ef5d9"},"headline":"Un \u015farpe lung de 14 centimetri a fost prins \u00een plas\u0103 \u015fi devorat de v\u0103duva brun\u0103, un p\u0103ianjen mic, dar veninos","datePublished":"2012-03-21T11:57:09+00:00","mainEntityOfPage":{"@id":"https:\/\/www.lovendal.ro\/wp52\/un-sarpe-lung-de-14-centimetri-a-fost-prins-in-plasa-si-devorat-de-vaduva-bruna-un-paianjen-mic-dar-veninos\/"},"wordCount":209,"commentCount":3,"publisher":{"@id":"https:\/\/www.lovendal.ro\/wp52\/#organization"},"image":{"@id":"https:\/\/www.lovendal.ro\/wp52\/un-sarpe-lung-de-14-centimetri-a-fost-prins-in-plasa-si-devorat-de-vaduva-bruna-un-paianjen-mic-dar-veninos\/#primaryimage"},"thumbnailUrl":"https:\/\/www.lovendal.ro\/wp52\/wp-content\/uploads\/2012\/03\/sarpe-devorat-de-vaduva-bruna-1.jpg","keywords":["Africa de Sud","Natura-Animale","p\u0103ianjen","\u015farpe","v\u0103duva bruna","v\u0103duva neagr\u0103"],"articleSection":["Natura-Animale"],"inLanguage":"ro-RO","potentialAction":[{"@type":"CommentAction","name":"Comment","target":["https:\/\/www.lovendal.ro\/wp52\/un-sarpe-lung-de-14-centimetri-a-fost-prins-in-plasa-si-devorat-de-vaduva-bruna-un-paianjen-mic-dar-veninos\/#respond"]}]},{"@type":"WebPage","@id":"https:\/\/www.lovendal.ro\/wp52\/un-sarpe-lung-de-14-centimetri-a-fost-prins-in-plasa-si-devorat-de-vaduva-bruna-un-paianjen-mic-dar-veninos\/","url":"https:\/\/www.lovendal.ro\/wp52\/un-sarpe-lung-de-14-centimetri-a-fost-prins-in-plasa-si-devorat-de-vaduva-bruna-un-paianjen-mic-dar-veninos\/","name":"Un \u015farpe lung de 14 centimetri a fost prins \u00een plas\u0103 \u015fi devorat de v\u0103duva brun\u0103, un p\u0103ianjen mic, dar veninos - Secretele lui Lovendal","isPartOf":{"@id":"https:\/\/www.lovendal.ro\/wp52\/#website"},"primaryImageOfPage":{"@id":"https:\/\/www.lovendal.ro\/wp52\/un-sarpe-lung-de-14-centimetri-a-fost-prins-in-plasa-si-devorat-de-vaduva-bruna-un-paianjen-mic-dar-veninos\/#primaryimage"},"image":{"@id":"https:\/\/www.lovendal.ro\/wp52\/un-sarpe-lung-de-14-centimetri-a-fost-prins-in-plasa-si-devorat-de-vaduva-bruna-un-paianjen-mic-dar-veninos\/#primaryimage"},"thumbnailUrl":"https:\/\/www.lovendal.ro\/wp52\/wp-content\/uploads\/2012\/03\/sarpe-devorat-de-vaduva-bruna-1.jpg","datePublished":"2012-03-21T11:57:09+00:00","breadcrumb":{"@id":"https:\/\/www.lovendal.ro\/wp52\/un-sarpe-lung-de-14-centimetri-a-fost-prins-in-plasa-si-devorat-de-vaduva-bruna-un-paianjen-mic-dar-veninos\/#breadcrumb"},"inLanguage":"ro-RO","potentialAction":[{"@type":"ReadAction","target":["https:\/\/www.lovendal.ro\/wp52\/un-sarpe-lung-de-14-centimetri-a-fost-prins-in-plasa-si-devorat-de-vaduva-bruna-un-paianjen-mic-dar-veninos\/"]}]},{"@type":"ImageObject","inLanguage":"ro-RO","@id":"https:\/\/www.lovendal.ro\/wp52\/un-sarpe-lung-de-14-centimetri-a-fost-prins-in-plasa-si-devorat-de-vaduva-bruna-un-paianjen-mic-dar-veninos\/#primaryimage","url":"https:\/\/www.lovendal.ro\/wp52\/wp-content\/uploads\/2012\/03\/sarpe-devorat-de-vaduva-bruna-1.jpg","contentUrl":"https:\/\/www.lovendal.ro\/wp52\/wp-content\/uploads\/2012\/03\/sarpe-devorat-de-vaduva-bruna-1.jpg","width":"305","height":"263"},{"@type":"BreadcrumbList","@id":"https:\/\/www.lovendal.ro\/wp52\/un-sarpe-lung-de-14-centimetri-a-fost-prins-in-plasa-si-devorat-de-vaduva-bruna-un-paianjen-mic-dar-veninos\/#breadcrumb","itemListElement":[{"@type":"ListItem","position":1,"name":"Home","item":"https:\/\/www.lovendal.ro\/wp52\/"},{"@type":"ListItem","position":2,"name":"Un \u015farpe lung de 14 centimetri a fost prins \u00een plas\u0103 \u015fi devorat de v\u0103duva brun\u0103, un p\u0103ianjen mic, dar veninos"}]},{"@type":"WebSite","@id":"https:\/\/www.lovendal.ro\/wp52\/#website","url":"https:\/\/www.lovendal.ro\/wp52\/","name":"Secretele lui Lovendal","description":"Site de secrete, stiinta si metafizica - din 2008 -","publisher":{"@id":"https:\/\/www.lovendal.ro\/wp52\/#organization"},"potentialAction":[{"@type":"SearchAction","target":{"@type":"EntryPoint","urlTemplate":"https:\/\/www.lovendal.ro\/wp52\/?s={search_term_string}"},"query-input":{"@type":"PropertyValueSpecification","valueRequired":true,"valueName":"search_term_string"}}],"inLanguage":"ro-RO"},{"@type":"Organization","@id":"https:\/\/www.lovendal.ro\/wp52\/#organization","name":"Secretele lui Lovendal","url":"https:\/\/www.lovendal.ro\/wp52\/","logo":{"@type":"ImageObject","inLanguage":"ro-RO","@id":"https:\/\/www.lovendal.ro\/wp52\/#\/schema\/logo\/image\/","url":"https:\/\/www.lovendal.ro\/wp52\/wp-content\/uploads\/2024\/06\/cropped-SLL-iun-2024-1.jpg","contentUrl":"https:\/\/www.lovendal.ro\/wp52\/wp-content\/uploads\/2024\/06\/cropped-SLL-iun-2024-1.jpg","width":771,"height":240,"caption":"Secretele lui Lovendal"},"image":{"@id":"https:\/\/www.lovendal.ro\/wp52\/#\/schema\/logo\/image\/"},"sameAs":["https:\/\/www.facebook.com\/secreteleluilovendal"]},{"@type":"Person","@id":"https:\/\/www.lovendal.ro\/wp52\/#\/schema\/person\/088691de5dfc346bb0c023e1e52ef5d9","name":"admin","image":{"@type":"ImageObject","inLanguage":"ro-RO","@id":"https:\/\/secure.gravatar.com\/avatar\/ecb9cd41f5f63c9c9b989999a59f6e2639a865ec361e9db054db0679a8f341c2?s=96&d=mm&r=g","url":"https:\/\/secure.gravatar.com\/avatar\/ecb9cd41f5f63c9c9b989999a59f6e2639a865ec361e9db054db0679a8f341c2?s=96&d=mm&r=g","contentUrl":"https:\/\/secure.gravatar.com\/avatar\/ecb9cd41f5f63c9c9b989999a59f6e2639a865ec361e9db054db0679a8f341c2?s=96&d=mm&r=g","caption":"admin"},"sameAs":["https:\/\/www.lovendal.ro\/wp52"]}]}},"_links":{"self":[{"href":"https:\/\/www.lovendal.ro\/wp52\/wp-json\/wp\/v2\/posts\/22736","targetHints":{"allow":["GET"]}}],"collection":[{"href":"https:\/\/www.lovendal.ro\/wp52\/wp-json\/wp\/v2\/posts"}],"about":[{"href":"https:\/\/www.lovendal.ro\/wp52\/wp-json\/wp\/v2\/types\/post"}],"author":[{"embeddable":true,"href":"https:\/\/www.lovendal.ro\/wp52\/wp-json\/wp\/v2\/users\/1"}],"replies":[{"embeddable":true,"href":"https:\/\/www.lovendal.ro\/wp52\/wp-json\/wp\/v2\/comments?post=22736"}],"version-history":[{"count":0,"href":"https:\/\/www.lovendal.ro\/wp52\/wp-json\/wp\/v2\/posts\/22736\/revisions"}],"wp:featuredmedia":[{"embeddable":true,"href":"https:\/\/www.lovendal.ro\/wp52\/wp-json\/wp\/v2\/media\/22737"}],"wp:attachment":[{"href":"https:\/\/www.lovendal.ro\/wp52\/wp-json\/wp\/v2\/media?parent=22736"}],"wp:term":[{"taxonomy":"category","embeddable":true,"href":"https:\/\/www.lovendal.ro\/wp52\/wp-json\/wp\/v2\/categories?post=22736"},{"taxonomy":"post_tag","embeddable":true,"href":"https:\/\/www.lovendal.ro\/wp52\/wp-json\/wp\/v2\/tags?post=22736"}],"curies":[{"name":"wp","href":"https:\/\/api.w.org\/{rel}","templated":true}]}}