{"id":22569,"date":"2012-03-08T22:33:45","date_gmt":"2012-03-08T20:33:45","guid":{"rendered":"http:\/\/www.lovendal.net\/wp52\/?p=22569"},"modified":"2012-03-08T22:35:00","modified_gmt":"2012-03-08T20:35:00","slug":"acum-unii-ateisti-vor-sa-ne-ucida-si-bebelusii","status":"publish","type":"post","link":"https:\/\/www.lovendal.ro\/wp52\/acum-unii-ateisti-vor-sa-ne-ucida-si-bebelusii\/","title":{"rendered":"Acum, unii atei\u015fti vor s\u0103 ne ucid\u0103 \u015fi bebelu\u015fii"},"content":{"rendered":"<p><a href=\"https:\/\/www.lovendal.ro\/wp52\/wp-content\/uploads\/2012\/03\/avort.jpg\"><img loading=\"lazy\" decoding=\"async\" class=\"alignleft size-full wp-image-22570\" title=\"avort\" src=\"https:\/\/www.lovendal.ro\/wp52\/wp-content\/uploads\/2012\/03\/avort.jpg\" alt=\"\" width=\"293\" height=\"213\" \/><\/a>P\u0103rin\u0163ii ar trebui s\u0103 aib\u0103 dreptul s\u0103 pun\u0103 cap\u0103t vie\u0163ii nou-n\u0103scu\u0163ilor pentru c\u0103 sunt &#8222;irelevan\u0163i din punct de vedere moral&#8221;, nefiind &#8222;persoane propriu-zise&#8221; astfel c\u0103, din punct de vedere etic, acest lucru nu ar fi diferit de un avort, se precizeaz\u0103 \u00eentr-un articol publicat \u00een <em>Journal of Medical Ethics<\/em>, revist\u0103 editat\u0103 de profesorul rom\u00e2n Julian Savulescu, director al centrului de etic\u0103 aplicat\u0103 Uheiro de la Oxford. Potrivit Daily Telegraph, autorii articolului sus\u0163in c\u0103 nou-n\u0103scu\u0163i nu au &#8222;dreptul moral la via\u0163\u0103&#8221;, iar p\u0103rin\u0163ii ar trebui s\u0103 poat\u0103 s\u0103 le pun\u0103 cap\u0103t vie\u0163ii dac\u0103 atunci c\u00e2nd se nasc se descoper\u0103 c\u0103 au dizabilit\u0103\u0163i grave, \u00eens\u0103 \u015fi \u00een celalalte cazuri, mai precis \u00een toate \u00een care este permis avortul.<\/p>\n<p>Savulescu, redactorul-\u015fef al revistei, a declarat c\u0103 academicienii au primit amenin\u0163\u0103ri cu moartea dup\u0103 publicarea articolului. Potrivit acestuia, cei care au f\u0103cut aceste amenin\u0163\u0103ri sunt &#8222;fanatici care se opun chiar valorilor unei societ\u0103\u0163i liberale&#8221;. Intitulat <em>&#8222;Avort post-na\u015ftere: De ce ar trebui nou-n\u0103scutul s\u0103 tr\u0103iasc\u0103?&#8221;<\/em>, articolul a fost scris de doi fo\u015fti asocia\u0163i ai lui Savulescu, Alberto Giublini \u015fi Francesca Minerva.<\/p>\n<p>Dintre argumente:<br \/>\n* &#8222;Statutul moral al unui bebelu\u015f este echivalent cu cel al fetusului, \u00een sensul c\u0103 ambilor le lipsesc acele propriet\u0103\u0163i care justifica acordarea unui drept la via\u0163a unui individ&#8221;.<br \/>\n* &#8222;At\u00e2t fetusul c\u00e2t \u015fi nou-n\u0103scutul sunt fiin\u0163e umane \u015fi poten\u0163iale persoane, dar niciunul nu este o &#8216;persoana&#8217; \u00een sensul de &#8216;drept moral la via\u0163\u0103'&#8221;.<br \/>\n* &#8222;Consider\u0103m c\u0103 &#8216;persoana&#8217; \u00eenseamn\u0103 un individ care este capabil s\u0103 \u00ee\u015fi atribuie propriei existente (cel pu\u0163in) c\u00e2teva valori de baz\u0103, a\u015fa \u00eenc\u00e2t, lipsa acestei existen\u0163e s\u0103 reprezinte o pierdere pentru ea&#8221;.<br \/>\n* &#8222;Nu este posibil s\u0103 faci r\u0103u unui nou-n\u0103scut prevenind c\u0103 acesta s\u0103 \u00ee\u015fi dezvolte poten\u0163ialul de a deveni o persoan\u0103 \u00eentr-un sens moral relevant&#8221;.<br \/>\n* &#8222;Ceea ce numim &#8216;avort post-na\u015ftere&#8217; ar trebui s\u0103 fie permis \u00een toate cazurile \u00een care este permis avortul, inclusiv \u00een cazul \u00een care nou-n\u0103scutul nu are dizabilit\u0103\u0163i&#8221;.<br \/>\n* &#8222;Doar 64% dintre cazurile de sindrom Down&#8221; din Europa sunt diagnosticate \u00eenainte de na\u015ftere.<br \/>\n* Odat\u0103 ce astfel de copii sunt n\u0103scu\u0163i, &#8222;p\u0103rin\u0163ii nu au nicio op\u0163iune dec\u00e2t s\u0103 p\u0103streze copilul&#8221;.<br \/>\n* &#8222;S\u0103 cre\u015fti astfel de copii ar putea fi o povar\u0103 de nesuportat pe familie \u015fi pe societate, c\u00e2nd statul se ocup\u0103 de ei&#8221;.<\/p>\n<p><em>Sursa: <a href=\"http:\/\/science.hotnews.ro\/stiri-international-11638505-uciderea-nou-nascutilor-nu-este-diferita-avort-trebui-permisa-revista-etica-medicala-asociata-oxford-editata-roman.htm\" target=\"_blank\"><strong>Hotnews<\/strong><\/a><\/em><\/p>\n<p>\u015ei ghici\u0163i ce? Dac\u0103 citim propria sa m\u0103rturie (vede\u0163i <a href=\"http:\/\/www.ise.ox.ac.uk\/__data\/assets\/pdf_file\/0003\/9363\/FINALEDITEDSavulescu_God_shortFINAL.pdf\" target=\"_blank\"><strong>AICI<\/strong><\/a>), Julian Savulescu e \u015fi ateist:<em> &#8222;Am fost odat\u0103 un credincios, un credincios devotat, dar acum nu mai sunt. Am renun\u0163at la credin\u0163\u0103 \u00een trei etape (..) Am acceptat povara ateismului (&#8230;) \u00cen final, trebuie s\u0103 ne facem singuri alegerile \u015fi s\u0103 purt\u0103m responsabilitatea lor (&#8230;) E greu s\u0103 fii un ateist greu&#8221;.<\/em><\/p>\n<p>Atunci c\u00e2nd \u00ee\u0163i lipsesc adev\u0103ratele valori morale (ca cele oferite de religiile autentice ale lumii), e u\u015for s\u0103 vii cu idei aberante de genul acesta: a omor\u00ee bebelu\u015fii, indiferent de ce forme grave de handicap sau de boli sufer\u0103 ei!<\/p>\n","protected":false},"excerpt":{"rendered":"<p>P\u0103rin\u0163ii ar trebui s\u0103 aib\u0103 dreptul s\u0103 pun\u0103 cap\u0103t vie\u0163ii nou-n\u0103scu\u0163ilor pentru c\u0103 sunt &#8222;irelevan\u0163i din punct de vedere moral&#8221;, nefiind &#8222;persoane propriu-zise&#8221; astfel c\u0103, din punct de vedere etic, acest lucru nu ar fi diferit de un avort, se &#8230; <\/p>\n<p class=\"read-more-container\"><a title=\"Acum, unii atei\u015fti vor s\u0103 ne ucid\u0103 \u015fi bebelu\u015fii\" class=\"read-more button\" href=\"https:\/\/www.lovendal.ro\/wp52\/acum-unii-ateisti-vor-sa-ne-ucida-si-bebelusii\/#more-22569\" aria-label=\"Cite\u0219te mai multe despre Acum, unii atei\u015fti vor s\u0103 ne ucid\u0103 \u015fi bebelu\u015fii\">Cititi mai multe<\/a><\/p>\n","protected":false},"author":1,"featured_media":22570,"comment_status":"open","ping_status":"closed","sticky":false,"template":"","format":"standard","meta":{"footnotes":""},"categories":[6],"tags":[2509,2103,1355,9794,2251],"class_list":["post-22569","post","type-post","status-publish","format-standard","has-post-thumbnail","hentry","category-medicina","tag-ateism","tag-avort","tag-copil","tag-medicina","tag-oxford","resize-featured-image"],"yoast_head":"<!-- This site is optimized with the Yoast SEO Premium plugin v23.3 (Yoast SEO v27.4) - https:\/\/yoast.com\/product\/yoast-seo-premium-wordpress\/ -->\n<title>Acum, unii atei\u015fti vor s\u0103 ne ucid\u0103 \u015fi bebelu\u015fii - Secretele lui Lovendal<\/title>\n<meta name=\"robots\" content=\"index, follow, max-snippet:-1, max-image-preview:large, max-video-preview:-1\" \/>\n<link rel=\"canonical\" href=\"https:\/\/www.lovendal.ro\/wp52\/acum-unii-ateisti-vor-sa-ne-ucida-si-bebelusii\/\" \/>\n<meta property=\"og:locale\" content=\"ro_RO\" \/>\n<meta property=\"og:type\" content=\"article\" \/>\n<meta property=\"og:title\" content=\"Acum, unii atei\u015fti vor s\u0103 ne ucid\u0103 \u015fi bebelu\u015fii\" \/>\n<meta property=\"og:description\" content=\"P\u0103rin\u0163ii ar trebui s\u0103 aib\u0103 dreptul s\u0103 pun\u0103 cap\u0103t vie\u0163ii nou-n\u0103scu\u0163ilor pentru c\u0103 sunt &#8222;irelevan\u0163i din punct de vedere moral&#8221;, nefiind &#8222;persoane propriu-zise&#8221; astfel c\u0103, din punct de vedere etic, acest lucru nu ar fi diferit de un avort, se ... Cititi mai multe\" \/>\n<meta property=\"og:url\" content=\"https:\/\/www.lovendal.ro\/wp52\/acum-unii-ateisti-vor-sa-ne-ucida-si-bebelusii\/\" \/>\n<meta property=\"og:site_name\" content=\"Secretele lui Lovendal\" \/>\n<meta property=\"article:publisher\" content=\"https:\/\/www.facebook.com\/secreteleluilovendal\" \/>\n<meta property=\"article:published_time\" content=\"2012-03-08T20:33:45+00:00\" \/>\n<meta property=\"article:modified_time\" content=\"2012-03-08T20:35:00+00:00\" \/>\n<meta property=\"og:image\" content=\"https:\/\/www.lovendal.ro\/wp52\/wp-content\/uploads\/2012\/03\/avort.jpg\" \/>\n\t<meta property=\"og:image:width\" content=\"293\" \/>\n\t<meta property=\"og:image:height\" content=\"213\" \/>\n\t<meta property=\"og:image:type\" content=\"image\/jpeg\" \/>\n<meta name=\"author\" content=\"admin\" \/>\n<meta name=\"twitter:card\" content=\"summary_large_image\" \/>\n<meta name=\"twitter:label1\" content=\"Scris de\" \/>\n\t<meta name=\"twitter:data1\" content=\"admin\" \/>\n\t<meta name=\"twitter:label2\" content=\"Timp estimat pentru citire\" \/>\n\t<meta name=\"twitter:data2\" content=\"3 minute\" \/>\n<script type=\"application\/ld+json\" class=\"yoast-schema-graph\">{\"@context\":\"https:\\\/\\\/schema.org\",\"@graph\":[{\"@type\":\"Article\",\"@id\":\"https:\\\/\\\/www.lovendal.ro\\\/wp52\\\/acum-unii-ateisti-vor-sa-ne-ucida-si-bebelusii\\\/#article\",\"isPartOf\":{\"@id\":\"https:\\\/\\\/www.lovendal.ro\\\/wp52\\\/acum-unii-ateisti-vor-sa-ne-ucida-si-bebelusii\\\/\"},\"author\":{\"name\":\"admin\",\"@id\":\"https:\\\/\\\/www.lovendal.ro\\\/wp52\\\/#\\\/schema\\\/person\\\/088691de5dfc346bb0c023e1e52ef5d9\"},\"headline\":\"Acum, unii atei\u015fti vor s\u0103 ne ucid\u0103 \u015fi bebelu\u015fii\",\"datePublished\":\"2012-03-08T20:33:45+00:00\",\"dateModified\":\"2012-03-08T20:35:00+00:00\",\"mainEntityOfPage\":{\"@id\":\"https:\\\/\\\/www.lovendal.ro\\\/wp52\\\/acum-unii-ateisti-vor-sa-ne-ucida-si-bebelusii\\\/\"},\"wordCount\":541,\"commentCount\":34,\"publisher\":{\"@id\":\"https:\\\/\\\/www.lovendal.ro\\\/wp52\\\/#organization\"},\"image\":{\"@id\":\"https:\\\/\\\/www.lovendal.ro\\\/wp52\\\/acum-unii-ateisti-vor-sa-ne-ucida-si-bebelusii\\\/#primaryimage\"},\"thumbnailUrl\":\"https:\\\/\\\/www.lovendal.ro\\\/wp52\\\/wp-content\\\/uploads\\\/2012\\\/03\\\/avort.jpg\",\"keywords\":[\"ateism\",\"avort\",\"copil\",\"Medicina\",\"Oxford\"],\"articleSection\":[\"Medicina\"],\"inLanguage\":\"ro-RO\",\"potentialAction\":[{\"@type\":\"CommentAction\",\"name\":\"Comment\",\"target\":[\"https:\\\/\\\/www.lovendal.ro\\\/wp52\\\/acum-unii-ateisti-vor-sa-ne-ucida-si-bebelusii\\\/#respond\"]}]},{\"@type\":\"WebPage\",\"@id\":\"https:\\\/\\\/www.lovendal.ro\\\/wp52\\\/acum-unii-ateisti-vor-sa-ne-ucida-si-bebelusii\\\/\",\"url\":\"https:\\\/\\\/www.lovendal.ro\\\/wp52\\\/acum-unii-ateisti-vor-sa-ne-ucida-si-bebelusii\\\/\",\"name\":\"Acum, unii atei\u015fti vor s\u0103 ne ucid\u0103 \u015fi bebelu\u015fii - Secretele lui Lovendal\",\"isPartOf\":{\"@id\":\"https:\\\/\\\/www.lovendal.ro\\\/wp52\\\/#website\"},\"primaryImageOfPage\":{\"@id\":\"https:\\\/\\\/www.lovendal.ro\\\/wp52\\\/acum-unii-ateisti-vor-sa-ne-ucida-si-bebelusii\\\/#primaryimage\"},\"image\":{\"@id\":\"https:\\\/\\\/www.lovendal.ro\\\/wp52\\\/acum-unii-ateisti-vor-sa-ne-ucida-si-bebelusii\\\/#primaryimage\"},\"thumbnailUrl\":\"https:\\\/\\\/www.lovendal.ro\\\/wp52\\\/wp-content\\\/uploads\\\/2012\\\/03\\\/avort.jpg\",\"datePublished\":\"2012-03-08T20:33:45+00:00\",\"dateModified\":\"2012-03-08T20:35:00+00:00\",\"breadcrumb\":{\"@id\":\"https:\\\/\\\/www.lovendal.ro\\\/wp52\\\/acum-unii-ateisti-vor-sa-ne-ucida-si-bebelusii\\\/#breadcrumb\"},\"inLanguage\":\"ro-RO\",\"potentialAction\":[{\"@type\":\"ReadAction\",\"target\":[\"https:\\\/\\\/www.lovendal.ro\\\/wp52\\\/acum-unii-ateisti-vor-sa-ne-ucida-si-bebelusii\\\/\"]}]},{\"@type\":\"ImageObject\",\"inLanguage\":\"ro-RO\",\"@id\":\"https:\\\/\\\/www.lovendal.ro\\\/wp52\\\/acum-unii-ateisti-vor-sa-ne-ucida-si-bebelusii\\\/#primaryimage\",\"url\":\"https:\\\/\\\/www.lovendal.ro\\\/wp52\\\/wp-content\\\/uploads\\\/2012\\\/03\\\/avort.jpg\",\"contentUrl\":\"https:\\\/\\\/www.lovendal.ro\\\/wp52\\\/wp-content\\\/uploads\\\/2012\\\/03\\\/avort.jpg\",\"width\":\"293\",\"height\":\"213\"},{\"@type\":\"BreadcrumbList\",\"@id\":\"https:\\\/\\\/www.lovendal.ro\\\/wp52\\\/acum-unii-ateisti-vor-sa-ne-ucida-si-bebelusii\\\/#breadcrumb\",\"itemListElement\":[{\"@type\":\"ListItem\",\"position\":1,\"name\":\"Home\",\"item\":\"https:\\\/\\\/www.lovendal.ro\\\/wp52\\\/\"},{\"@type\":\"ListItem\",\"position\":2,\"name\":\"Acum, unii atei\u015fti vor s\u0103 ne ucid\u0103 \u015fi bebelu\u015fii\"}]},{\"@type\":\"WebSite\",\"@id\":\"https:\\\/\\\/www.lovendal.ro\\\/wp52\\\/#website\",\"url\":\"https:\\\/\\\/www.lovendal.ro\\\/wp52\\\/\",\"name\":\"Secretele lui Lovendal\",\"description\":\"Site de secrete, stiinta si metafizica - din 2008 -\",\"publisher\":{\"@id\":\"https:\\\/\\\/www.lovendal.ro\\\/wp52\\\/#organization\"},\"potentialAction\":[{\"@type\":\"SearchAction\",\"target\":{\"@type\":\"EntryPoint\",\"urlTemplate\":\"https:\\\/\\\/www.lovendal.ro\\\/wp52\\\/?s={search_term_string}\"},\"query-input\":{\"@type\":\"PropertyValueSpecification\",\"valueRequired\":true,\"valueName\":\"search_term_string\"}}],\"inLanguage\":\"ro-RO\"},{\"@type\":\"Organization\",\"@id\":\"https:\\\/\\\/www.lovendal.ro\\\/wp52\\\/#organization\",\"name\":\"Secretele lui Lovendal\",\"url\":\"https:\\\/\\\/www.lovendal.ro\\\/wp52\\\/\",\"logo\":{\"@type\":\"ImageObject\",\"inLanguage\":\"ro-RO\",\"@id\":\"https:\\\/\\\/www.lovendal.ro\\\/wp52\\\/#\\\/schema\\\/logo\\\/image\\\/\",\"url\":\"https:\\\/\\\/www.lovendal.ro\\\/wp52\\\/wp-content\\\/uploads\\\/2024\\\/06\\\/cropped-SLL-iun-2024-1.jpg\",\"contentUrl\":\"https:\\\/\\\/www.lovendal.ro\\\/wp52\\\/wp-content\\\/uploads\\\/2024\\\/06\\\/cropped-SLL-iun-2024-1.jpg\",\"width\":771,\"height\":240,\"caption\":\"Secretele lui Lovendal\"},\"image\":{\"@id\":\"https:\\\/\\\/www.lovendal.ro\\\/wp52\\\/#\\\/schema\\\/logo\\\/image\\\/\"},\"sameAs\":[\"https:\\\/\\\/www.facebook.com\\\/secreteleluilovendal\"]},{\"@type\":\"Person\",\"@id\":\"https:\\\/\\\/www.lovendal.ro\\\/wp52\\\/#\\\/schema\\\/person\\\/088691de5dfc346bb0c023e1e52ef5d9\",\"name\":\"admin\",\"image\":{\"@type\":\"ImageObject\",\"inLanguage\":\"ro-RO\",\"@id\":\"https:\\\/\\\/secure.gravatar.com\\\/avatar\\\/ecb9cd41f5f63c9c9b989999a59f6e2639a865ec361e9db054db0679a8f341c2?s=96&d=mm&r=g\",\"url\":\"https:\\\/\\\/secure.gravatar.com\\\/avatar\\\/ecb9cd41f5f63c9c9b989999a59f6e2639a865ec361e9db054db0679a8f341c2?s=96&d=mm&r=g\",\"contentUrl\":\"https:\\\/\\\/secure.gravatar.com\\\/avatar\\\/ecb9cd41f5f63c9c9b989999a59f6e2639a865ec361e9db054db0679a8f341c2?s=96&d=mm&r=g\",\"caption\":\"admin\"},\"sameAs\":[\"https:\\\/\\\/www.lovendal.ro\\\/wp52\"]}]}<\/script>\n<!-- \/ Yoast SEO Premium plugin. -->","yoast_head_json":{"title":"Acum, unii atei\u015fti vor s\u0103 ne ucid\u0103 \u015fi bebelu\u015fii - Secretele lui Lovendal","robots":{"index":"index","follow":"follow","max-snippet":"max-snippet:-1","max-image-preview":"max-image-preview:large","max-video-preview":"max-video-preview:-1"},"canonical":"https:\/\/www.lovendal.ro\/wp52\/acum-unii-ateisti-vor-sa-ne-ucida-si-bebelusii\/","og_locale":"ro_RO","og_type":"article","og_title":"Acum, unii atei\u015fti vor s\u0103 ne ucid\u0103 \u015fi bebelu\u015fii","og_description":"P\u0103rin\u0163ii ar trebui s\u0103 aib\u0103 dreptul s\u0103 pun\u0103 cap\u0103t vie\u0163ii nou-n\u0103scu\u0163ilor pentru c\u0103 sunt &#8222;irelevan\u0163i din punct de vedere moral&#8221;, nefiind &#8222;persoane propriu-zise&#8221; astfel c\u0103, din punct de vedere etic, acest lucru nu ar fi diferit de un avort, se ... Cititi mai multe","og_url":"https:\/\/www.lovendal.ro\/wp52\/acum-unii-ateisti-vor-sa-ne-ucida-si-bebelusii\/","og_site_name":"Secretele lui Lovendal","article_publisher":"https:\/\/www.facebook.com\/secreteleluilovendal","article_published_time":"2012-03-08T20:33:45+00:00","article_modified_time":"2012-03-08T20:35:00+00:00","og_image":[{"width":293,"height":213,"url":"https:\/\/www.lovendal.ro\/wp52\/wp-content\/uploads\/2012\/03\/avort.jpg","type":"image\/jpeg"}],"author":"admin","twitter_card":"summary_large_image","twitter_misc":{"Scris de":"admin","Timp estimat pentru citire":"3 minute"},"schema":{"@context":"https:\/\/schema.org","@graph":[{"@type":"Article","@id":"https:\/\/www.lovendal.ro\/wp52\/acum-unii-ateisti-vor-sa-ne-ucida-si-bebelusii\/#article","isPartOf":{"@id":"https:\/\/www.lovendal.ro\/wp52\/acum-unii-ateisti-vor-sa-ne-ucida-si-bebelusii\/"},"author":{"name":"admin","@id":"https:\/\/www.lovendal.ro\/wp52\/#\/schema\/person\/088691de5dfc346bb0c023e1e52ef5d9"},"headline":"Acum, unii atei\u015fti vor s\u0103 ne ucid\u0103 \u015fi bebelu\u015fii","datePublished":"2012-03-08T20:33:45+00:00","dateModified":"2012-03-08T20:35:00+00:00","mainEntityOfPage":{"@id":"https:\/\/www.lovendal.ro\/wp52\/acum-unii-ateisti-vor-sa-ne-ucida-si-bebelusii\/"},"wordCount":541,"commentCount":34,"publisher":{"@id":"https:\/\/www.lovendal.ro\/wp52\/#organization"},"image":{"@id":"https:\/\/www.lovendal.ro\/wp52\/acum-unii-ateisti-vor-sa-ne-ucida-si-bebelusii\/#primaryimage"},"thumbnailUrl":"https:\/\/www.lovendal.ro\/wp52\/wp-content\/uploads\/2012\/03\/avort.jpg","keywords":["ateism","avort","copil","Medicina","Oxford"],"articleSection":["Medicina"],"inLanguage":"ro-RO","potentialAction":[{"@type":"CommentAction","name":"Comment","target":["https:\/\/www.lovendal.ro\/wp52\/acum-unii-ateisti-vor-sa-ne-ucida-si-bebelusii\/#respond"]}]},{"@type":"WebPage","@id":"https:\/\/www.lovendal.ro\/wp52\/acum-unii-ateisti-vor-sa-ne-ucida-si-bebelusii\/","url":"https:\/\/www.lovendal.ro\/wp52\/acum-unii-ateisti-vor-sa-ne-ucida-si-bebelusii\/","name":"Acum, unii atei\u015fti vor s\u0103 ne ucid\u0103 \u015fi bebelu\u015fii - Secretele lui Lovendal","isPartOf":{"@id":"https:\/\/www.lovendal.ro\/wp52\/#website"},"primaryImageOfPage":{"@id":"https:\/\/www.lovendal.ro\/wp52\/acum-unii-ateisti-vor-sa-ne-ucida-si-bebelusii\/#primaryimage"},"image":{"@id":"https:\/\/www.lovendal.ro\/wp52\/acum-unii-ateisti-vor-sa-ne-ucida-si-bebelusii\/#primaryimage"},"thumbnailUrl":"https:\/\/www.lovendal.ro\/wp52\/wp-content\/uploads\/2012\/03\/avort.jpg","datePublished":"2012-03-08T20:33:45+00:00","dateModified":"2012-03-08T20:35:00+00:00","breadcrumb":{"@id":"https:\/\/www.lovendal.ro\/wp52\/acum-unii-ateisti-vor-sa-ne-ucida-si-bebelusii\/#breadcrumb"},"inLanguage":"ro-RO","potentialAction":[{"@type":"ReadAction","target":["https:\/\/www.lovendal.ro\/wp52\/acum-unii-ateisti-vor-sa-ne-ucida-si-bebelusii\/"]}]},{"@type":"ImageObject","inLanguage":"ro-RO","@id":"https:\/\/www.lovendal.ro\/wp52\/acum-unii-ateisti-vor-sa-ne-ucida-si-bebelusii\/#primaryimage","url":"https:\/\/www.lovendal.ro\/wp52\/wp-content\/uploads\/2012\/03\/avort.jpg","contentUrl":"https:\/\/www.lovendal.ro\/wp52\/wp-content\/uploads\/2012\/03\/avort.jpg","width":"293","height":"213"},{"@type":"BreadcrumbList","@id":"https:\/\/www.lovendal.ro\/wp52\/acum-unii-ateisti-vor-sa-ne-ucida-si-bebelusii\/#breadcrumb","itemListElement":[{"@type":"ListItem","position":1,"name":"Home","item":"https:\/\/www.lovendal.ro\/wp52\/"},{"@type":"ListItem","position":2,"name":"Acum, unii atei\u015fti vor s\u0103 ne ucid\u0103 \u015fi bebelu\u015fii"}]},{"@type":"WebSite","@id":"https:\/\/www.lovendal.ro\/wp52\/#website","url":"https:\/\/www.lovendal.ro\/wp52\/","name":"Secretele lui Lovendal","description":"Site de secrete, stiinta si metafizica - din 2008 -","publisher":{"@id":"https:\/\/www.lovendal.ro\/wp52\/#organization"},"potentialAction":[{"@type":"SearchAction","target":{"@type":"EntryPoint","urlTemplate":"https:\/\/www.lovendal.ro\/wp52\/?s={search_term_string}"},"query-input":{"@type":"PropertyValueSpecification","valueRequired":true,"valueName":"search_term_string"}}],"inLanguage":"ro-RO"},{"@type":"Organization","@id":"https:\/\/www.lovendal.ro\/wp52\/#organization","name":"Secretele lui Lovendal","url":"https:\/\/www.lovendal.ro\/wp52\/","logo":{"@type":"ImageObject","inLanguage":"ro-RO","@id":"https:\/\/www.lovendal.ro\/wp52\/#\/schema\/logo\/image\/","url":"https:\/\/www.lovendal.ro\/wp52\/wp-content\/uploads\/2024\/06\/cropped-SLL-iun-2024-1.jpg","contentUrl":"https:\/\/www.lovendal.ro\/wp52\/wp-content\/uploads\/2024\/06\/cropped-SLL-iun-2024-1.jpg","width":771,"height":240,"caption":"Secretele lui Lovendal"},"image":{"@id":"https:\/\/www.lovendal.ro\/wp52\/#\/schema\/logo\/image\/"},"sameAs":["https:\/\/www.facebook.com\/secreteleluilovendal"]},{"@type":"Person","@id":"https:\/\/www.lovendal.ro\/wp52\/#\/schema\/person\/088691de5dfc346bb0c023e1e52ef5d9","name":"admin","image":{"@type":"ImageObject","inLanguage":"ro-RO","@id":"https:\/\/secure.gravatar.com\/avatar\/ecb9cd41f5f63c9c9b989999a59f6e2639a865ec361e9db054db0679a8f341c2?s=96&d=mm&r=g","url":"https:\/\/secure.gravatar.com\/avatar\/ecb9cd41f5f63c9c9b989999a59f6e2639a865ec361e9db054db0679a8f341c2?s=96&d=mm&r=g","contentUrl":"https:\/\/secure.gravatar.com\/avatar\/ecb9cd41f5f63c9c9b989999a59f6e2639a865ec361e9db054db0679a8f341c2?s=96&d=mm&r=g","caption":"admin"},"sameAs":["https:\/\/www.lovendal.ro\/wp52"]}]}},"_links":{"self":[{"href":"https:\/\/www.lovendal.ro\/wp52\/wp-json\/wp\/v2\/posts\/22569","targetHints":{"allow":["GET"]}}],"collection":[{"href":"https:\/\/www.lovendal.ro\/wp52\/wp-json\/wp\/v2\/posts"}],"about":[{"href":"https:\/\/www.lovendal.ro\/wp52\/wp-json\/wp\/v2\/types\/post"}],"author":[{"embeddable":true,"href":"https:\/\/www.lovendal.ro\/wp52\/wp-json\/wp\/v2\/users\/1"}],"replies":[{"embeddable":true,"href":"https:\/\/www.lovendal.ro\/wp52\/wp-json\/wp\/v2\/comments?post=22569"}],"version-history":[{"count":0,"href":"https:\/\/www.lovendal.ro\/wp52\/wp-json\/wp\/v2\/posts\/22569\/revisions"}],"wp:featuredmedia":[{"embeddable":true,"href":"https:\/\/www.lovendal.ro\/wp52\/wp-json\/wp\/v2\/media\/22570"}],"wp:attachment":[{"href":"https:\/\/www.lovendal.ro\/wp52\/wp-json\/wp\/v2\/media?parent=22569"}],"wp:term":[{"taxonomy":"category","embeddable":true,"href":"https:\/\/www.lovendal.ro\/wp52\/wp-json\/wp\/v2\/categories?post=22569"},{"taxonomy":"post_tag","embeddable":true,"href":"https:\/\/www.lovendal.ro\/wp52\/wp-json\/wp\/v2\/tags?post=22569"}],"curies":[{"name":"wp","href":"https:\/\/api.w.org\/{rel}","templated":true}]}}